{"id":394175,"date":"2026-03-06T09:09:52","date_gmt":"2026-03-06T08:09:52","guid":{"rendered":"https:\/\/www.webdo.tn\/fr\/?p=394175"},"modified":"2026-03-06T09:09:55","modified_gmt":"2026-03-06T08:09:55","slug":"kais-saied-lheure-de-verite-approche-pour-ceux-qui-menent-une-guerre-dusure-contre-letat","status":"publish","type":"post","link":"https:\/\/www.webdo.tn\/fr\/actualite\/national\/kais-saied-lheure-de-verite-approche-pour-ceux-qui-menent-une-guerre-dusure-contre-letat\/394175\/","title":{"rendered":"Ka\u00efs Sa\u00efed : \u00ab\u00a0L\u2019heure de v\u00e9rit\u00e9 approche\u00a0\u00bb pour ceux qui m\u00e8nent une \u201cguerre d\u2019usure\u201d contre l\u2019\u00c9tat"},"content":{"rendered":"\n<p><strong>Le pr\u00e9sident de la R\u00e9publique, Ka\u00efs Sa\u00efed, a re\u00e7u jeudi au Palais de Carthage le pr\u00e9sident de l\u2019Assembl\u00e9e des repr\u00e9sentants du peuple, Ibrahim Bouderbala, ainsi que le pr\u00e9sident du Conseil national des r\u00e9gions et des districts, Imed Derbali. Lors de cette rencontre, le chef de l\u2019\u00c9tat a insist\u00e9 sur les principes qui, selon lui, doivent rester au-dessus de tout d\u00e9saccord politique : la patrie, l\u2019ind\u00e9pendance et la continuit\u00e9 de l\u2019\u00c9tat.<\/strong><\/p>\n\n\n\n<h2 class=\"wp-block-heading\" id=\"h-appel-a-l-unite-autour-des-priorites-nationales\">Appel \u00e0 l\u2019unit\u00e9 autour des priorit\u00e9s nationales<\/h2>\n\n\n\n<p>Selon un communiqu\u00e9 de la pr\u00e9sidence, Ka\u00efs Sa\u00efed a affirm\u00e9 que le peuple tunisien, d\u00e9tenteur de la souverainet\u00e9, a clairement d\u00e9fini ses priorit\u00e9s et qu\u2019il revient \u00e0 toutes les institutions de l\u2019\u00c9tat de travailler \u00e0 leur concr\u00e9tisation, chacune dans le cadre des pr\u00e9rogatives pr\u00e9vues par la Constitution.<\/p>\n\n\n\n<blockquote class=\"wp-block-quote is-layout-flow wp-block-quote-is-layout-flow\">\n<blockquote class=\"wp-block-quote is-layout-flow wp-block-quote-is-layout-flow\">\n<ul class=\"wp-block-list\">\n<li class=\"has-medium-font-size\"><strong>Lire aussi : <\/strong><a href=\"https:\/\/www.webdo.tn\/fr\/actualite\/national\/caisses-sociales-kais-saied-sonne-lheure-de-la-refonte-totale\/394015\/\">Caisses sociales : Ka\u00efs Sa\u00efed sonne l\u2019heure de la refonte totale<\/a><\/li>\n<\/ul>\n<\/blockquote>\n<\/blockquote>\n\n\n\n<p>Le pr\u00e9sident de la R\u00e9publique a soulign\u00e9 que les divergences d\u2019opinion dans un cadre constitutionnel constituent un ph\u00e9nom\u00e8ne normal dans toute vie politique. Toutefois, il a estim\u00e9 que le devoir national exige de pr\u00e9server l\u2019unit\u00e9 et la coh\u00e9sion avec le peuple tunisien, qu\u2019il a salu\u00e9 pour son sens de la responsabilit\u00e9 et sa conscience civique.<\/p>\n\n\n\n<h2 class=\"wp-block-heading\" id=\"h-lutte-contre-la-corruption-et-avertissement-a-ses-opposants\">Lutte contre la corruption et avertissement \u00e0 ses opposants<\/h2>\n\n\n\n<p>Dans ce contexte, le chef de l\u2019\u00c9tat a affirm\u00e9 que les institutions issues de la m\u00eame source de souverainet\u00e9 doivent \u0153uvrer sans rel\u00e2che pour mettre fin aux causes de la souffrance des Tunisiens. Il a r\u00e9it\u00e9r\u00e9 sa volont\u00e9 d\u2019ouvrir, selon ses termes, \u00ab une nouvelle page de l\u2019histoire du pays \u00bb fond\u00e9e sur la justice, l\u2019\u00e9quit\u00e9 et l\u2019\u00e9galit\u00e9 entre les citoyens.<\/p>\n\n\n\n<blockquote class=\"wp-block-quote is-layout-flow wp-block-quote-is-layout-flow\">\n<blockquote class=\"wp-block-quote is-layout-flow wp-block-quote-is-layout-flow\">\n<ul class=\"wp-block-list\">\n<li class=\"has-medium-font-size\"><strong>Lire aussi :<\/strong> <a href=\"https:\/\/www.webdo.tn\/fr\/actualite\/national\/viande-corruption-et-entreprises-publiques-kais-saied-hausse-le-ton\/393706\/\">Viande, corruption et entreprises publiques : Ka\u00efs Sa\u00efed hausse le ton<\/a><\/li>\n<\/ul>\n<\/blockquote>\n<\/blockquote>\n\n\n\n<p>S\u2019adressant \u00e0 ceux qu\u2019il accuse de mener une \u00ab guerre d\u2019usure \u00bb contre l\u2019\u00c9tat, Ka\u00efs Sa\u00efed a averti que \u00ab l\u2019heure de v\u00e9rit\u00e9 \u00bb approche, rappelant que personne n\u2019est au-dessus de la loi et qu\u2019aucune tr\u00eave ne sera accord\u00e9e dans la lutte contre la corruption.<\/p>\n\n\n\n<h2 class=\"wp-block-heading\" id=\"h-miser-sur-la-jeunesse-et-les-capacites-nationales\">Miser sur la jeunesse et les capacit\u00e9s nationales<\/h2>\n\n\n\n<p>Le pr\u00e9sident a \u00e9galement reconnu que les Tunisiens attendent encore des avanc\u00e9es concr\u00e8tes dans plusieurs domaines, tout en affirmant que certains progr\u00e8s commencent \u00e0 appara\u00eetre sur le terrain.<\/p>\n\n\n\n<blockquote class=\"wp-block-quote is-layout-flow wp-block-quote-is-layout-flow\">\n<blockquote class=\"wp-block-quote is-layout-flow wp-block-quote-is-layout-flow\">\n<ul class=\"wp-block-list\">\n<li class=\"has-medium-font-size\"><strong>Lire aussi : <\/strong><a href=\"https:\/\/www.webdo.tn\/fr\/actualite\/national\/kais-saied-plaide-pour-une-revolution-administrative\/393244\/\">Ka\u00efs Sa\u00efed plaide pour une \u00ab\u00a0r\u00e9volution administrative\u00a0\u00bb<\/a><\/li>\n<\/ul>\n<\/blockquote>\n<\/blockquote>\n\n\n\n<p>Il a enfin appel\u00e9 les citoyens \u00e0 se rassembler autour de leur patrie et \u00e0 faire confiance aux capacit\u00e9s nationales, exprimant son optimisme quant au r\u00f4le que la jeunesse tunisienne peut jouer dans l\u2019avenir du pays et dans la r\u00e9ponse aux d\u00e9fis actuels.<\/p>\n","protected":false},"excerpt":{"rendered":"<p>Le pr\u00e9sident de la R\u00e9publique, Ka\u00efs Sa\u00efed, a re\u00e7u jeudi au Palais de Carthage le pr\u00e9sident de l\u2019Assembl\u00e9e des repr\u00e9sentants du peuple, Ibrahim Bouderbala, ainsi que le pr\u00e9sident du Conseil national des r\u00e9gions et des districts, Imed Derbali. Lors de cette rencontre, le chef de l\u2019\u00c9tat a insist\u00e9 sur les principes qui, selon lui, doivent [&hellip;]<\/p>\n","protected":false},"author":4782,"featured_media":394176,"comment_status":"closed","ping_status":"closed","sticky":false,"template":"","format":"standard","meta":{"footnotes":""},"categories":[44],"tags":[3196,2614,2608],"class_list":["post-394175","post","type-post","status-publish","format-standard","has-post-thumbnail","hentry","category-national","tag-corruption","tag-kais-saied","tag-tunisie"],"yoast_head":"<!-- This site is optimized with the Yoast SEO Premium plugin v27.5 (Yoast SEO v27.5) - https:\/\/yoast.com\/product\/yoast-seo-premium-wordpress\/ -->\n<title>Ka\u00efs Sa\u00efed : &quot;L\u2019heure de v\u00e9rit\u00e9 approche&quot; pour ceux qui m\u00e8nent une \u201cguerre d\u2019usure\u201d contre l\u2019\u00c9tat - webdo<\/title>\n<meta name=\"description\" content=\"Ka\u00efs Sa\u00efed souligne la n\u00e9cessit\u00e9 de respect des priorit\u00e9s du peuple face \u00e0 ceux qui m\u00e8nent une guerre d\u2019usure contre l\u2019\u00c9tat.\" \/>\n<link rel=\"canonical\" href=\"https:\/\/www.webdo.tn\/fr\/actualite\/national\/kais-saied-lheure-de-verite-approche-pour-ceux-qui-menent-une-guerre-dusure-contre-letat\/394175\/\" \/>\n<meta property=\"og:locale\" content=\"fr_FR\" \/>\n<meta property=\"og:type\" content=\"article\" \/>\n<meta property=\"og:title\" content=\"Ka\u00efs Sa\u00efed : &quot;L\u2019heure de v\u00e9rit\u00e9 approche&quot; pour ceux qui m\u00e8nent une \u201cguerre d\u2019usure\u201d contre l\u2019\u00c9tat\" \/>\n<meta property=\"og:description\" content=\"Ka\u00efs Sa\u00efed souligne la n\u00e9cessit\u00e9 de respect des priorit\u00e9s du peuple face \u00e0 ceux qui m\u00e8nent une guerre d\u2019usure contre l\u2019\u00c9tat.\" \/>\n<meta property=\"og:url\" content=\"https:\/\/www.webdo.tn\/fr\/actualite\/national\/kais-saied-lheure-de-verite-approche-pour-ceux-qui-menent-une-guerre-dusure-contre-letat\/394175\/\" \/>\n<meta property=\"og:site_name\" content=\"webdo\" \/>\n<meta property=\"article:publisher\" content=\"https:\/\/www.facebook.com\/webdotn\" \/>\n<meta property=\"article:published_time\" content=\"2026-03-06T08:09:52+00:00\" \/>\n<meta property=\"article:modified_time\" content=\"2026-03-06T08:09:55+00:00\" \/>\n<meta property=\"og:image\" content=\"https:\/\/www.webdo.tn\/fr\/wp-content\/uploads\/2026\/03\/Kais-Saied-05-03-2026.jpg\" \/>\n\t<meta property=\"og:image:width\" content=\"1200\" \/>\n\t<meta property=\"og:image:height\" content=\"602\" \/>\n\t<meta property=\"og:image:type\" content=\"image\/jpeg\" \/>\n<meta name=\"author\" content=\"Mohamed Fethi\" \/>\n<meta name=\"twitter:card\" content=\"summary_large_image\" \/>\n<meta name=\"twitter:creator\" content=\"@webdo_tn\" \/>\n<meta name=\"twitter:site\" content=\"@webdo_tn\" \/>\n<meta name=\"twitter:label1\" content=\"\u00c9crit par\" \/>\n\t<meta name=\"twitter:data1\" content=\"Mohamed Fethi\" \/>\n\t<meta name=\"twitter:label2\" content=\"Dur\u00e9e de lecture estim\u00e9e\" \/>\n\t<meta name=\"twitter:data2\" content=\"3 minutes\" \/>\n<script type=\"application\/ld+json\" class=\"yoast-schema-graph\">{\"@context\":\"https:\\\/\\\/schema.org\",\"@graph\":[{\"@type\":\"NewsArticle\",\"@id\":\"https:\\\/\\\/www.webdo.tn\\\/fr\\\/actualite\\\/national\\\/kais-saied-lheure-de-verite-approche-pour-ceux-qui-menent-une-guerre-dusure-contre-letat\\\/394175\\\/#article\",\"isPartOf\":{\"@id\":\"https:\\\/\\\/www.webdo.tn\\\/fr\\\/actualite\\\/national\\\/kais-saied-lheure-de-verite-approche-pour-ceux-qui-menent-une-guerre-dusure-contre-letat\\\/394175\\\/\"},\"author\":{\"name\":\"Mohamed Fethi\",\"@id\":\"https:\\\/\\\/www.webdo.tn\\\/fr\\\/#\\\/schema\\\/person\\\/16a4857e77dfc0b610c4c2cadffc9ac4\"},\"headline\":\"Ka\u00efs Sa\u00efed : \u00ab\u00a0L\u2019heure de v\u00e9rit\u00e9 approche\u00a0\u00bb pour ceux qui m\u00e8nent une \u201cguerre d\u2019usure\u201d contre l\u2019\u00c9tat\",\"datePublished\":\"2026-03-06T08:09:52+00:00\",\"dateModified\":\"2026-03-06T08:09:55+00:00\",\"mainEntityOfPage\":{\"@id\":\"https:\\\/\\\/www.webdo.tn\\\/fr\\\/actualite\\\/national\\\/kais-saied-lheure-de-verite-approche-pour-ceux-qui-menent-une-guerre-dusure-contre-letat\\\/394175\\\/\"},\"wordCount\":492,\"publisher\":{\"@id\":\"https:\\\/\\\/www.webdo.tn\\\/fr\\\/#organization\"},\"image\":{\"@id\":\"https:\\\/\\\/www.webdo.tn\\\/fr\\\/actualite\\\/national\\\/kais-saied-lheure-de-verite-approche-pour-ceux-qui-menent-une-guerre-dusure-contre-letat\\\/394175\\\/#primaryimage\"},\"thumbnailUrl\":\"https:\\\/\\\/www.webdo.tn\\\/fr\\\/wp-content\\\/uploads\\\/2026\\\/03\\\/Kais-Saied-05-03-2026.jpg\",\"keywords\":[\"corruption\",\"Kais Saied\",\"Tunisie\"],\"articleSection\":[\"National\"],\"inLanguage\":\"fr-FR\"},{\"@type\":\"WebPage\",\"@id\":\"https:\\\/\\\/www.webdo.tn\\\/fr\\\/actualite\\\/national\\\/kais-saied-lheure-de-verite-approche-pour-ceux-qui-menent-une-guerre-dusure-contre-letat\\\/394175\\\/\",\"url\":\"https:\\\/\\\/www.webdo.tn\\\/fr\\\/actualite\\\/national\\\/kais-saied-lheure-de-verite-approche-pour-ceux-qui-menent-une-guerre-dusure-contre-letat\\\/394175\\\/\",\"name\":\"Ka\u00efs Sa\u00efed : \\\"L\u2019heure de v\u00e9rit\u00e9 approche\\\" pour ceux qui m\u00e8nent une \u201cguerre d\u2019usure\u201d contre l\u2019\u00c9tat - webdo\",\"isPartOf\":{\"@id\":\"https:\\\/\\\/www.webdo.tn\\\/fr\\\/#website\"},\"primaryImageOfPage\":{\"@id\":\"https:\\\/\\\/www.webdo.tn\\\/fr\\\/actualite\\\/national\\\/kais-saied-lheure-de-verite-approche-pour-ceux-qui-menent-une-guerre-dusure-contre-letat\\\/394175\\\/#primaryimage\"},\"image\":{\"@id\":\"https:\\\/\\\/www.webdo.tn\\\/fr\\\/actualite\\\/national\\\/kais-saied-lheure-de-verite-approche-pour-ceux-qui-menent-une-guerre-dusure-contre-letat\\\/394175\\\/#primaryimage\"},\"thumbnailUrl\":\"https:\\\/\\\/www.webdo.tn\\\/fr\\\/wp-content\\\/uploads\\\/2026\\\/03\\\/Kais-Saied-05-03-2026.jpg\",\"datePublished\":\"2026-03-06T08:09:52+00:00\",\"dateModified\":\"2026-03-06T08:09:55+00:00\",\"description\":\"Ka\u00efs Sa\u00efed souligne la n\u00e9cessit\u00e9 de respect des priorit\u00e9s du peuple face \u00e0 ceux qui m\u00e8nent une guerre d\u2019usure contre l\u2019\u00c9tat.\",\"breadcrumb\":{\"@id\":\"https:\\\/\\\/www.webdo.tn\\\/fr\\\/actualite\\\/national\\\/kais-saied-lheure-de-verite-approche-pour-ceux-qui-menent-une-guerre-dusure-contre-letat\\\/394175\\\/#breadcrumb\"},\"inLanguage\":\"fr-FR\",\"potentialAction\":[{\"@type\":\"ReadAction\",\"target\":[\"https:\\\/\\\/www.webdo.tn\\\/fr\\\/actualite\\\/national\\\/kais-saied-lheure-de-verite-approche-pour-ceux-qui-menent-une-guerre-dusure-contre-letat\\\/394175\\\/\"]}]},{\"@type\":\"ImageObject\",\"inLanguage\":\"fr-FR\",\"@id\":\"https:\\\/\\\/www.webdo.tn\\\/fr\\\/actualite\\\/national\\\/kais-saied-lheure-de-verite-approche-pour-ceux-qui-menent-une-guerre-dusure-contre-letat\\\/394175\\\/#primaryimage\",\"url\":\"https:\\\/\\\/www.webdo.tn\\\/fr\\\/wp-content\\\/uploads\\\/2026\\\/03\\\/Kais-Saied-05-03-2026.jpg\",\"contentUrl\":\"https:\\\/\\\/www.webdo.tn\\\/fr\\\/wp-content\\\/uploads\\\/2026\\\/03\\\/Kais-Saied-05-03-2026.jpg\",\"width\":1200,\"height\":602,\"caption\":\"Ka\u00efs Sa\u00efed : \\\"L\u2019heure de v\u00e9rit\u00e9 approche\\\" pour ceux qui m\u00e8nent une \u201cguerre d\u2019usure\u201d contre l\u2019\u00c9tat\"},{\"@type\":\"BreadcrumbList\",\"@id\":\"https:\\\/\\\/www.webdo.tn\\\/fr\\\/actualite\\\/national\\\/kais-saied-lheure-de-verite-approche-pour-ceux-qui-menent-une-guerre-dusure-contre-letat\\\/394175\\\/#breadcrumb\",\"itemListElement\":[{\"@type\":\"ListItem\",\"position\":1,\"name\":\"Accueil\",\"item\":\"https:\\\/\\\/www.webdo.tn\\\/fr\\\/\"},{\"@type\":\"ListItem\",\"position\":2,\"name\":\"Ka\u00efs Sa\u00efed : \u00ab\u00a0L\u2019heure de v\u00e9rit\u00e9 approche\u00a0\u00bb pour ceux qui m\u00e8nent une \u201cguerre d\u2019usure\u201d contre l\u2019\u00c9tat\"}]},{\"@type\":\"WebSite\",\"@id\":\"https:\\\/\\\/www.webdo.tn\\\/fr\\\/#website\",\"url\":\"https:\\\/\\\/www.webdo.tn\\\/fr\\\/\",\"name\":\"webdo\",\"description\":\"Tunisie - News en Tunisie et \u00e0 l&#039;international sur Webdo.tn\",\"publisher\":{\"@id\":\"https:\\\/\\\/www.webdo.tn\\\/fr\\\/#organization\"},\"potentialAction\":[{\"@type\":\"SearchAction\",\"target\":{\"@type\":\"EntryPoint\",\"urlTemplate\":\"https:\\\/\\\/www.webdo.tn\\\/fr\\\/?s={search_term_string}\"},\"query-input\":{\"@type\":\"PropertyValueSpecification\",\"valueRequired\":true,\"valueName\":\"search_term_string\"}}],\"inLanguage\":\"fr-FR\"},{\"@type\":\"Organization\",\"@id\":\"https:\\\/\\\/www.webdo.tn\\\/fr\\\/#organization\",\"name\":\"Webdo\",\"alternateName\":\"Webdo.tn\",\"url\":\"https:\\\/\\\/www.webdo.tn\\\/fr\\\/\",\"logo\":{\"@type\":\"ImageObject\",\"inLanguage\":\"fr-FR\",\"@id\":\"https:\\\/\\\/www.webdo.tn\\\/fr\\\/#\\\/schema\\\/logo\\\/image\\\/\",\"url\":\"https:\\\/\\\/www.webdo.tn\\\/fr\\\/wp-content\\\/uploads\\\/2025\\\/06\\\/Webdo-Tunisie_168377.jpg\",\"contentUrl\":\"https:\\\/\\\/www.webdo.tn\\\/fr\\\/wp-content\\\/uploads\\\/2025\\\/06\\\/Webdo-Tunisie_168377.jpg\",\"width\":301,\"height\":301,\"caption\":\"Webdo\"},\"image\":{\"@id\":\"https:\\\/\\\/www.webdo.tn\\\/fr\\\/#\\\/schema\\\/logo\\\/image\\\/\"},\"sameAs\":[\"https:\\\/\\\/www.facebook.com\\\/webdotn\",\"https:\\\/\\\/x.com\\\/webdo_tn\"],\"description\":\"Webdo est un m\u00e9dia num\u00e9rique tunisien fond\u00e9 en 2010, sp\u00e9cialis\u00e9 dans l\u2019actualit\u00e9 nationale et internationale, l\u2019\u00e9conomie, la soci\u00e9t\u00e9 et les analyses politiques. Le site s\u2019adresse \u00e0 un large public francophone et couvre l\u2019information tunisienne en temps r\u00e9el.\",\"email\":\"redac@webdo.tn\",\"legalName\":\"YNJ SARL\",\"foundingDate\":\"2010-09-06\",\"numberOfEmployees\":{\"@type\":\"QuantitativeValue\",\"minValue\":\"11\",\"maxValue\":\"50\"}},{\"@type\":\"Person\",\"@id\":\"https:\\\/\\\/www.webdo.tn\\\/fr\\\/#\\\/schema\\\/person\\\/16a4857e77dfc0b610c4c2cadffc9ac4\",\"name\":\"Mohamed Fethi\",\"image\":{\"@type\":\"ImageObject\",\"inLanguage\":\"fr-FR\",\"@id\":\"https:\\\/\\\/www.webdo.tn\\\/fr\\\/wp-content\\\/uploads\\\/2026\\\/04\\\/mohamed-fethi_avatar_1-96x96.jpg\",\"url\":\"https:\\\/\\\/www.webdo.tn\\\/fr\\\/wp-content\\\/uploads\\\/2026\\\/04\\\/mohamed-fethi_avatar_1-96x96.jpg\",\"contentUrl\":\"https:\\\/\\\/www.webdo.tn\\\/fr\\\/wp-content\\\/uploads\\\/2026\\\/04\\\/mohamed-fethi_avatar_1-96x96.jpg\",\"caption\":\"Mohamed Fethi\"},\"description\":\"Signature \u00e9ditoriale de Maher Chaabane Mohamed Fethi est le pseudonyme \u00e9ditorial de Maher Chaabane, r\u00e9dacteur en chef de Webdo.tn depuis 2012. Cette signature est d\u00e9di\u00e9e au traitement intensif de l'actualit\u00e9 nationale et internationale en temps r\u00e9el. S'appuyant sur les deux d\u00e9cennies d'expertise journalistique de Maher Chaabane \u2014 d\u00e9but\u00e9e au sein du groupe Tunis Hebdo en 2000 \u2014 Mohamed Fethi assure une veille rigoureuse sur les enjeux politiques, \u00e9conomiques et sportifs. Sa mission est de garantir une information structur\u00e9e, fluide et fid\u00e8le aux standards de la r\u00e9daction. Pour consulter le parcours complet du r\u00e9dacteur en chef, visitez le profil officiel de Maher Chaabane.\",\"knowsAbout\":[\"actualit\u00e9\",\"journalisme\",\"information\",\"politique\",\"sport\",\"m\u00e9dias\",\"actualit\u00e9 internationale\"],\"knowsLanguage\":[\"Fran\u00e7ais\",\"Arabe\"],\"jobTitle\":\"Journaliste \u2013 R\u00e9daction Webdo\",\"worksFor\":\"Webdo.tn\",\"url\":\"https:\\\/\\\/www.webdo.tn\\\/fr\\\/actualite\\\/author\\\/mohamed-fethi\\\/\"}]}<\/script>\n<!-- \/ Yoast SEO Premium plugin. -->","yoast_head_json":{"title":"Ka\u00efs Sa\u00efed : \"L\u2019heure de v\u00e9rit\u00e9 approche\" pour ceux qui m\u00e8nent une \u201cguerre d\u2019usure\u201d contre l\u2019\u00c9tat - webdo","description":"Ka\u00efs Sa\u00efed souligne la n\u00e9cessit\u00e9 de respect des priorit\u00e9s du peuple face \u00e0 ceux qui m\u00e8nent une guerre d\u2019usure contre l\u2019\u00c9tat.","canonical":"https:\/\/www.webdo.tn\/fr\/actualite\/national\/kais-saied-lheure-de-verite-approche-pour-ceux-qui-menent-une-guerre-dusure-contre-letat\/394175\/","og_locale":"fr_FR","og_type":"article","og_title":"Ka\u00efs Sa\u00efed : \"L\u2019heure de v\u00e9rit\u00e9 approche\" pour ceux qui m\u00e8nent une \u201cguerre d\u2019usure\u201d contre l\u2019\u00c9tat","og_description":"Ka\u00efs Sa\u00efed souligne la n\u00e9cessit\u00e9 de respect des priorit\u00e9s du peuple face \u00e0 ceux qui m\u00e8nent une guerre d\u2019usure contre l\u2019\u00c9tat.","og_url":"https:\/\/www.webdo.tn\/fr\/actualite\/national\/kais-saied-lheure-de-verite-approche-pour-ceux-qui-menent-une-guerre-dusure-contre-letat\/394175\/","og_site_name":"webdo","article_publisher":"https:\/\/www.facebook.com\/webdotn","article_published_time":"2026-03-06T08:09:52+00:00","article_modified_time":"2026-03-06T08:09:55+00:00","og_image":[{"width":1200,"height":602,"url":"https:\/\/www.webdo.tn\/fr\/wp-content\/uploads\/2026\/03\/Kais-Saied-05-03-2026.jpg","type":"image\/jpeg"}],"author":"Mohamed Fethi","twitter_card":"summary_large_image","twitter_creator":"@webdo_tn","twitter_site":"@webdo_tn","twitter_misc":{"\u00c9crit par":"Mohamed Fethi","Dur\u00e9e de lecture estim\u00e9e":"3 minutes"},"schema":{"@context":"https:\/\/schema.org","@graph":[{"@type":"NewsArticle","@id":"https:\/\/www.webdo.tn\/fr\/actualite\/national\/kais-saied-lheure-de-verite-approche-pour-ceux-qui-menent-une-guerre-dusure-contre-letat\/394175\/#article","isPartOf":{"@id":"https:\/\/www.webdo.tn\/fr\/actualite\/national\/kais-saied-lheure-de-verite-approche-pour-ceux-qui-menent-une-guerre-dusure-contre-letat\/394175\/"},"author":{"name":"Mohamed Fethi","@id":"https:\/\/www.webdo.tn\/fr\/#\/schema\/person\/16a4857e77dfc0b610c4c2cadffc9ac4"},"headline":"Ka\u00efs Sa\u00efed : \u00ab\u00a0L\u2019heure de v\u00e9rit\u00e9 approche\u00a0\u00bb pour ceux qui m\u00e8nent une \u201cguerre d\u2019usure\u201d contre l\u2019\u00c9tat","datePublished":"2026-03-06T08:09:52+00:00","dateModified":"2026-03-06T08:09:55+00:00","mainEntityOfPage":{"@id":"https:\/\/www.webdo.tn\/fr\/actualite\/national\/kais-saied-lheure-de-verite-approche-pour-ceux-qui-menent-une-guerre-dusure-contre-letat\/394175\/"},"wordCount":492,"publisher":{"@id":"https:\/\/www.webdo.tn\/fr\/#organization"},"image":{"@id":"https:\/\/www.webdo.tn\/fr\/actualite\/national\/kais-saied-lheure-de-verite-approche-pour-ceux-qui-menent-une-guerre-dusure-contre-letat\/394175\/#primaryimage"},"thumbnailUrl":"https:\/\/www.webdo.tn\/fr\/wp-content\/uploads\/2026\/03\/Kais-Saied-05-03-2026.jpg","keywords":["corruption","Kais Saied","Tunisie"],"articleSection":["National"],"inLanguage":"fr-FR"},{"@type":"WebPage","@id":"https:\/\/www.webdo.tn\/fr\/actualite\/national\/kais-saied-lheure-de-verite-approche-pour-ceux-qui-menent-une-guerre-dusure-contre-letat\/394175\/","url":"https:\/\/www.webdo.tn\/fr\/actualite\/national\/kais-saied-lheure-de-verite-approche-pour-ceux-qui-menent-une-guerre-dusure-contre-letat\/394175\/","name":"Ka\u00efs Sa\u00efed : \"L\u2019heure de v\u00e9rit\u00e9 approche\" pour ceux qui m\u00e8nent une \u201cguerre d\u2019usure\u201d contre l\u2019\u00c9tat - webdo","isPartOf":{"@id":"https:\/\/www.webdo.tn\/fr\/#website"},"primaryImageOfPage":{"@id":"https:\/\/www.webdo.tn\/fr\/actualite\/national\/kais-saied-lheure-de-verite-approche-pour-ceux-qui-menent-une-guerre-dusure-contre-letat\/394175\/#primaryimage"},"image":{"@id":"https:\/\/www.webdo.tn\/fr\/actualite\/national\/kais-saied-lheure-de-verite-approche-pour-ceux-qui-menent-une-guerre-dusure-contre-letat\/394175\/#primaryimage"},"thumbnailUrl":"https:\/\/www.webdo.tn\/fr\/wp-content\/uploads\/2026\/03\/Kais-Saied-05-03-2026.jpg","datePublished":"2026-03-06T08:09:52+00:00","dateModified":"2026-03-06T08:09:55+00:00","description":"Ka\u00efs Sa\u00efed souligne la n\u00e9cessit\u00e9 de respect des priorit\u00e9s du peuple face \u00e0 ceux qui m\u00e8nent une guerre d\u2019usure contre l\u2019\u00c9tat.","breadcrumb":{"@id":"https:\/\/www.webdo.tn\/fr\/actualite\/national\/kais-saied-lheure-de-verite-approche-pour-ceux-qui-menent-une-guerre-dusure-contre-letat\/394175\/#breadcrumb"},"inLanguage":"fr-FR","potentialAction":[{"@type":"ReadAction","target":["https:\/\/www.webdo.tn\/fr\/actualite\/national\/kais-saied-lheure-de-verite-approche-pour-ceux-qui-menent-une-guerre-dusure-contre-letat\/394175\/"]}]},{"@type":"ImageObject","inLanguage":"fr-FR","@id":"https:\/\/www.webdo.tn\/fr\/actualite\/national\/kais-saied-lheure-de-verite-approche-pour-ceux-qui-menent-une-guerre-dusure-contre-letat\/394175\/#primaryimage","url":"https:\/\/www.webdo.tn\/fr\/wp-content\/uploads\/2026\/03\/Kais-Saied-05-03-2026.jpg","contentUrl":"https:\/\/www.webdo.tn\/fr\/wp-content\/uploads\/2026\/03\/Kais-Saied-05-03-2026.jpg","width":1200,"height":602,"caption":"Ka\u00efs Sa\u00efed : \"L\u2019heure de v\u00e9rit\u00e9 approche\" pour ceux qui m\u00e8nent une \u201cguerre d\u2019usure\u201d contre l\u2019\u00c9tat"},{"@type":"BreadcrumbList","@id":"https:\/\/www.webdo.tn\/fr\/actualite\/national\/kais-saied-lheure-de-verite-approche-pour-ceux-qui-menent-une-guerre-dusure-contre-letat\/394175\/#breadcrumb","itemListElement":[{"@type":"ListItem","position":1,"name":"Accueil","item":"https:\/\/www.webdo.tn\/fr\/"},{"@type":"ListItem","position":2,"name":"Ka\u00efs Sa\u00efed : \u00ab\u00a0L\u2019heure de v\u00e9rit\u00e9 approche\u00a0\u00bb pour ceux qui m\u00e8nent une \u201cguerre d\u2019usure\u201d contre l\u2019\u00c9tat"}]},{"@type":"WebSite","@id":"https:\/\/www.webdo.tn\/fr\/#website","url":"https:\/\/www.webdo.tn\/fr\/","name":"webdo","description":"Tunisie - News en Tunisie et \u00e0 l&#039;international sur Webdo.tn","publisher":{"@id":"https:\/\/www.webdo.tn\/fr\/#organization"},"potentialAction":[{"@type":"SearchAction","target":{"@type":"EntryPoint","urlTemplate":"https:\/\/www.webdo.tn\/fr\/?s={search_term_string}"},"query-input":{"@type":"PropertyValueSpecification","valueRequired":true,"valueName":"search_term_string"}}],"inLanguage":"fr-FR"},{"@type":"Organization","@id":"https:\/\/www.webdo.tn\/fr\/#organization","name":"Webdo","alternateName":"Webdo.tn","url":"https:\/\/www.webdo.tn\/fr\/","logo":{"@type":"ImageObject","inLanguage":"fr-FR","@id":"https:\/\/www.webdo.tn\/fr\/#\/schema\/logo\/image\/","url":"https:\/\/www.webdo.tn\/fr\/wp-content\/uploads\/2025\/06\/Webdo-Tunisie_168377.jpg","contentUrl":"https:\/\/www.webdo.tn\/fr\/wp-content\/uploads\/2025\/06\/Webdo-Tunisie_168377.jpg","width":301,"height":301,"caption":"Webdo"},"image":{"@id":"https:\/\/www.webdo.tn\/fr\/#\/schema\/logo\/image\/"},"sameAs":["https:\/\/www.facebook.com\/webdotn","https:\/\/x.com\/webdo_tn"],"description":"Webdo est un m\u00e9dia num\u00e9rique tunisien fond\u00e9 en 2010, sp\u00e9cialis\u00e9 dans l\u2019actualit\u00e9 nationale et internationale, l\u2019\u00e9conomie, la soci\u00e9t\u00e9 et les analyses politiques. Le site s\u2019adresse \u00e0 un large public francophone et couvre l\u2019information tunisienne en temps r\u00e9el.","email":"redac@webdo.tn","legalName":"YNJ SARL","foundingDate":"2010-09-06","numberOfEmployees":{"@type":"QuantitativeValue","minValue":"11","maxValue":"50"}},{"@type":"Person","@id":"https:\/\/www.webdo.tn\/fr\/#\/schema\/person\/16a4857e77dfc0b610c4c2cadffc9ac4","name":"Mohamed Fethi","image":{"@type":"ImageObject","inLanguage":"fr-FR","@id":"https:\/\/www.webdo.tn\/fr\/wp-content\/uploads\/2026\/04\/mohamed-fethi_avatar_1-96x96.jpg","url":"https:\/\/www.webdo.tn\/fr\/wp-content\/uploads\/2026\/04\/mohamed-fethi_avatar_1-96x96.jpg","contentUrl":"https:\/\/www.webdo.tn\/fr\/wp-content\/uploads\/2026\/04\/mohamed-fethi_avatar_1-96x96.jpg","caption":"Mohamed Fethi"},"description":"Signature \u00e9ditoriale de Maher Chaabane Mohamed Fethi est le pseudonyme \u00e9ditorial de Maher Chaabane, r\u00e9dacteur en chef de Webdo.tn depuis 2012. Cette signature est d\u00e9di\u00e9e au traitement intensif de l'actualit\u00e9 nationale et internationale en temps r\u00e9el. S'appuyant sur les deux d\u00e9cennies d'expertise journalistique de Maher Chaabane \u2014 d\u00e9but\u00e9e au sein du groupe Tunis Hebdo en 2000 \u2014 Mohamed Fethi assure une veille rigoureuse sur les enjeux politiques, \u00e9conomiques et sportifs. Sa mission est de garantir une information structur\u00e9e, fluide et fid\u00e8le aux standards de la r\u00e9daction. Pour consulter le parcours complet du r\u00e9dacteur en chef, visitez le profil officiel de Maher Chaabane.","knowsAbout":["actualit\u00e9","journalisme","information","politique","sport","m\u00e9dias","actualit\u00e9 internationale"],"knowsLanguage":["Fran\u00e7ais","Arabe"],"jobTitle":"Journaliste \u2013 R\u00e9daction Webdo","worksFor":"Webdo.tn","url":"https:\/\/www.webdo.tn\/fr\/actualite\/author\/mohamed-fethi\/"}]}},"_links":{"self":[{"href":"https:\/\/www.webdo.tn\/fr\/wp-json\/wp\/v2\/posts\/394175","targetHints":{"allow":["GET"]}}],"collection":[{"href":"https:\/\/www.webdo.tn\/fr\/wp-json\/wp\/v2\/posts"}],"about":[{"href":"https:\/\/www.webdo.tn\/fr\/wp-json\/wp\/v2\/types\/post"}],"author":[{"embeddable":true,"href":"https:\/\/www.webdo.tn\/fr\/wp-json\/wp\/v2\/users\/4782"}],"replies":[{"embeddable":true,"href":"https:\/\/www.webdo.tn\/fr\/wp-json\/wp\/v2\/comments?post=394175"}],"version-history":[{"count":0,"href":"https:\/\/www.webdo.tn\/fr\/wp-json\/wp\/v2\/posts\/394175\/revisions"}],"wp:featuredmedia":[{"embeddable":true,"href":"https:\/\/www.webdo.tn\/fr\/wp-json\/wp\/v2\/media\/394176"}],"wp:attachment":[{"href":"https:\/\/www.webdo.tn\/fr\/wp-json\/wp\/v2\/media?parent=394175"}],"wp:term":[{"taxonomy":"category","embeddable":true,"href":"https:\/\/www.webdo.tn\/fr\/wp-json\/wp\/v2\/categories?post=394175"},{"taxonomy":"post_tag","embeddable":true,"href":"https:\/\/www.webdo.tn\/fr\/wp-json\/wp\/v2\/tags?post=394175"}],"curies":[{"name":"wp","href":"https:\/\/api.w.org\/{rel}","templated":true}]}}