{"id":394170,"date":"2026-03-06T08:51:44","date_gmt":"2026-03-06T07:51:44","guid":{"rendered":"https:\/\/www.webdo.tn\/fr\/?p=394170"},"modified":"2026-03-06T08:51:48","modified_gmt":"2026-03-06T07:51:48","slug":"ligue-1-le-stade-tunisien-perd-par-penalite-face-a-lolympique-de-beja","status":"publish","type":"post","link":"https:\/\/www.webdo.tn\/fr\/actualite\/sport\/ligue-1-le-stade-tunisien-perd-par-penalite-face-a-lolympique-de-beja\/394170\/","title":{"rendered":"Ligue 1 : Le Stade Tunisien perd par p\u00e9nalit\u00e9 face \u00e0 l\u2019Olympique de B\u00e9ja"},"content":{"rendered":"\n<p><strong>Le bureau de la Ligue nationale du football professionnel a tranch\u00e9 en faveur de l\u2019Olympique de B\u00e9ja dans le litige l\u2019opposant au Stade Tunisien apr\u00e8s leur rencontre disput\u00e9e au Stade du Bardo dans le cadre de la 21\u1d49 journ\u00e9e de la Ligue 1 tunisienne.<\/strong><\/p>\n\n\n\n<p>La r\u00e9clamation d\u00e9pos\u00e9e par le club b\u00e9jaois a \u00e9t\u00e9 accept\u00e9e sur la forme et sur le fond. Le Stade Tunisien est ainsi d\u00e9clar\u00e9 perdant par p\u00e9nalit\u00e9, et la victoire est attribu\u00e9e \u00e0 l\u2019Olympique de B\u00e9ja sur le score de 2-0.<\/p>\n\n\n\n<h2 class=\"wp-block-heading\" id=\"h-consequences-sur-le-classement\">Cons\u00e9quences sur le classement<\/h2>\n\n\n\n<p>La rencontre s\u2019\u00e9tait initialement sold\u00e9e par un succ\u00e8s 3-2 du Stade Tunisien. Mais l\u2019Olympique de B\u00e9ja avait contest\u00e9 la participation de cinq joueurs \u00e9trangers dans les rangs du club du Bardo lors de cette confrontation.<\/p>\n\n\n\n<blockquote class=\"wp-block-quote is-layout-flow wp-block-quote-is-layout-flow\">\n<blockquote class=\"wp-block-quote is-layout-flow wp-block-quote-is-layout-flow\">\n<ul class=\"wp-block-list\">\n<li class=\"has-medium-font-size\"><strong>Lire aussi :<\/strong> <a href=\"https:\/\/www.webdo.tn\/fr\/actualite\/sport\/tunisie-ligue-1-bilan-de-la-22eme-journee-et-programme-de-la-23eme\/393969\/\">Tunisie \u2013 Ligue 1 : Bilan de la 22\u00e8me journ\u00e9e et programme de la 23\u00e8me<\/a><\/li>\n<\/ul>\n<\/blockquote>\n<\/blockquote>\n\n\n\n<p>Apr\u00e8s examen du dossier, la Ligue nationale du football professionnel a valid\u00e9 la r\u00e9clamation du club b\u00e9jaois, modifiant ainsi l\u2019issue du match et attribuant la victoire sur tapis vert \u00e0 l\u2019Olympique de B\u00e9ja.<\/p>\n\n\n\n<p>Suite \u00e0 cette d\u00e9cision, le Stade Tunisien recule \u00e0 la quatri\u00e8me place du classement avec 41 points. De son c\u00f4t\u00e9, l\u2019Olympique de B\u00e9ja porte son total \u00e0 21 points et remonte \u00e0 la 14\u1d49 place, juste derri\u00e8re la Jeunesse sportive kairouanaise \u00e0 la diff\u00e9rence de buts.<\/p>\n\n\n\n<h2 class=\"wp-block-heading\" id=\"h-reclamation-rejetee-dans-l-affaire-cs-sfaxien-club-africain\">R\u00e9clamation rejet\u00e9e dans l\u2019affaire CS Sfaxien \u2013 Club Africain<\/h2>\n\n\n\n<p>La Ligue a \u00e9galement statu\u00e9 sur la r\u00e9clamation d\u00e9pos\u00e9e par le Club sportif sfaxien contre le Club Africain apr\u00e8s leur match disput\u00e9 au Stade Ta\u00efeb\u2011Mhiri lors de la 20\u1d49 journ\u00e9e.<\/p>\n\n\n\n<p>La r\u00e9clamation a \u00e9t\u00e9 accept\u00e9e sur la forme mais rejet\u00e9e sur le fond, ce qui maintient le r\u00e9sultat enregistr\u00e9 sur le terrain, \u00e0 savoir un match nul 1-1. Le club Sfaxien contestait la participation du joueur du Club Africain Aymen Harzi, estimant qu\u2019il n\u2019avait pas purg\u00e9 une suspension li\u00e9e \u00e0 un troisi\u00e8me avertissement.<\/p>\n\n\n\n<p><strong>Classement<\/strong><\/p>\n\n\n\n<p>1- ES Tunis 50 points<br>2- Club Africain 48 points<br>3- CS Sfaxien 42 points<br>4- Stade Tunisien 41 points<br>5- US Monastirienne 37 points<br>6- ES Sahel 33 points<br>7- JS Omrane 28 points<br>8- ES Zarzis 27 points<br>9- ES M\u00e9tlaoui 27 points<br>10- AS Marsa 25 points<br>11- CA Bizertin 25 points<br>12- US Ben Guerdane 24 points<br>13- JS Kairouanaise 21 points<br>14- Olympique de B\u00e9ja 21 points<br>15- AS Gab\u00e8s 17 points<br>16- AS Soliman 13 points<\/p>\n","protected":false},"excerpt":{"rendered":"<p>Le bureau de la Ligue nationale du football professionnel a tranch\u00e9 en faveur de l\u2019Olympique de B\u00e9ja dans le litige l\u2019opposant au Stade Tunisien apr\u00e8s leur rencontre disput\u00e9e au Stade du Bardo dans le cadre de la 21\u1d49 journ\u00e9e de la Ligue 1 tunisienne. La r\u00e9clamation d\u00e9pos\u00e9e par le club b\u00e9jaois a \u00e9t\u00e9 accept\u00e9e sur [&hellip;]<\/p>\n","protected":false},"author":4782,"featured_media":393107,"comment_status":"closed","ping_status":"closed","sticky":false,"template":"","format":"standard","meta":{"footnotes":""},"categories":[2593],"tags":[13806,3738,2622,2777,13807,13808,4600,2608],"class_list":["post-394170","post","type-post","status-publish","format-standard","has-post-thumbnail","hentry","category-sport","tag-0-beja","tag-championnat-de-tunisie","tag-football","tag-ligue-1","tag-penalite","tag-reserve-2","tag-stade-tunisien","tag-tunisie"],"yoast_head":"<!-- This site is optimized with the Yoast SEO Premium plugin v27.4 (Yoast SEO v27.5) - https:\/\/yoast.com\/product\/yoast-seo-premium-wordpress\/ -->\n<title>Ligue 1 : Le Stade Tunisien perd par p\u00e9nalit\u00e9 face \u00e0 l\u2019Olympique de B\u00e9ja - webdo<\/title>\n<meta name=\"description\" content=\"D\u00e9couvrez pourquoi le Stade Tunisien a \u00e9t\u00e9 d\u00e9clar\u00e9 perdant par p\u00e9nalit\u00e9 face \u00e0 l\u2019Olympique de B\u00e9ja en Ligue 1 tunisienne.\" \/>\n<link rel=\"canonical\" href=\"https:\/\/www.webdo.tn\/fr\/actualite\/sport\/ligue-1-le-stade-tunisien-perd-par-penalite-face-a-lolympique-de-beja\/394170\/\" \/>\n<meta property=\"og:locale\" content=\"fr_FR\" \/>\n<meta property=\"og:type\" content=\"article\" \/>\n<meta property=\"og:title\" content=\"Ligue 1 : Le Stade Tunisien perd par p\u00e9nalit\u00e9 face \u00e0 l\u2019Olympique de B\u00e9ja\" \/>\n<meta property=\"og:description\" content=\"D\u00e9couvrez pourquoi le Stade Tunisien a \u00e9t\u00e9 d\u00e9clar\u00e9 perdant par p\u00e9nalit\u00e9 face \u00e0 l\u2019Olympique de B\u00e9ja en Ligue 1 tunisienne.\" \/>\n<meta property=\"og:url\" content=\"https:\/\/www.webdo.tn\/fr\/actualite\/sport\/ligue-1-le-stade-tunisien-perd-par-penalite-face-a-lolympique-de-beja\/394170\/\" \/>\n<meta property=\"og:site_name\" content=\"webdo\" \/>\n<meta property=\"article:publisher\" content=\"https:\/\/www.facebook.com\/webdotn\" \/>\n<meta property=\"article:published_time\" content=\"2026-03-06T07:51:44+00:00\" \/>\n<meta property=\"article:modified_time\" content=\"2026-03-06T07:51:48+00:00\" \/>\n<meta property=\"og:image\" content=\"https:\/\/www.webdo.tn\/fr\/wp-content\/uploads\/2026\/02\/ST.jpg\" \/>\n\t<meta property=\"og:image:width\" content=\"1200\" \/>\n\t<meta property=\"og:image:height\" content=\"601\" \/>\n\t<meta property=\"og:image:type\" content=\"image\/jpeg\" \/>\n<meta name=\"author\" content=\"Mohamed Fethi\" \/>\n<meta name=\"twitter:card\" content=\"summary_large_image\" \/>\n<meta name=\"twitter:creator\" content=\"@webdo_tn\" \/>\n<meta name=\"twitter:site\" content=\"@webdo_tn\" \/>\n<meta name=\"twitter:label1\" content=\"\u00c9crit par\" \/>\n\t<meta name=\"twitter:data1\" content=\"Mohamed Fethi\" \/>\n\t<meta name=\"twitter:label2\" content=\"Dur\u00e9e de lecture estim\u00e9e\" \/>\n\t<meta name=\"twitter:data2\" content=\"3 minutes\" \/>\n<script type=\"application\/ld+json\" class=\"yoast-schema-graph\">{\"@context\":\"https:\\\/\\\/schema.org\",\"@graph\":[{\"@type\":\"NewsArticle\",\"@id\":\"https:\\\/\\\/www.webdo.tn\\\/fr\\\/actualite\\\/sport\\\/ligue-1-le-stade-tunisien-perd-par-penalite-face-a-lolympique-de-beja\\\/394170\\\/#article\",\"isPartOf\":{\"@id\":\"https:\\\/\\\/www.webdo.tn\\\/fr\\\/actualite\\\/sport\\\/ligue-1-le-stade-tunisien-perd-par-penalite-face-a-lolympique-de-beja\\\/394170\\\/\"},\"author\":{\"name\":\"Mohamed Fethi\",\"@id\":\"https:\\\/\\\/www.webdo.tn\\\/fr\\\/#\\\/schema\\\/person\\\/16a4857e77dfc0b610c4c2cadffc9ac4\"},\"headline\":\"Ligue 1 : Le Stade Tunisien perd par p\u00e9nalit\u00e9 face \u00e0 l\u2019Olympique de B\u00e9ja\",\"datePublished\":\"2026-03-06T07:51:44+00:00\",\"dateModified\":\"2026-03-06T07:51:48+00:00\",\"mainEntityOfPage\":{\"@id\":\"https:\\\/\\\/www.webdo.tn\\\/fr\\\/actualite\\\/sport\\\/ligue-1-le-stade-tunisien-perd-par-penalite-face-a-lolympique-de-beja\\\/394170\\\/\"},\"wordCount\":430,\"publisher\":{\"@id\":\"https:\\\/\\\/www.webdo.tn\\\/fr\\\/#organization\"},\"image\":{\"@id\":\"https:\\\/\\\/www.webdo.tn\\\/fr\\\/actualite\\\/sport\\\/ligue-1-le-stade-tunisien-perd-par-penalite-face-a-lolympique-de-beja\\\/394170\\\/#primaryimage\"},\"thumbnailUrl\":\"https:\\\/\\\/www.webdo.tn\\\/fr\\\/wp-content\\\/uploads\\\/2026\\\/02\\\/ST.jpg\",\"keywords\":[\"0. B\u00e9ja\",\"championnat de tunisie\",\"football\",\"Ligue 1\",\"p\u00e9nalit\u00e9\",\"r\u00e9serve\",\"stade tunisien\",\"Tunisie\"],\"articleSection\":[\"Sport\"],\"inLanguage\":\"fr-FR\"},{\"@type\":\"WebPage\",\"@id\":\"https:\\\/\\\/www.webdo.tn\\\/fr\\\/actualite\\\/sport\\\/ligue-1-le-stade-tunisien-perd-par-penalite-face-a-lolympique-de-beja\\\/394170\\\/\",\"url\":\"https:\\\/\\\/www.webdo.tn\\\/fr\\\/actualite\\\/sport\\\/ligue-1-le-stade-tunisien-perd-par-penalite-face-a-lolympique-de-beja\\\/394170\\\/\",\"name\":\"Ligue 1 : Le Stade Tunisien perd par p\u00e9nalit\u00e9 face \u00e0 l\u2019Olympique de B\u00e9ja - webdo\",\"isPartOf\":{\"@id\":\"https:\\\/\\\/www.webdo.tn\\\/fr\\\/#website\"},\"primaryImageOfPage\":{\"@id\":\"https:\\\/\\\/www.webdo.tn\\\/fr\\\/actualite\\\/sport\\\/ligue-1-le-stade-tunisien-perd-par-penalite-face-a-lolympique-de-beja\\\/394170\\\/#primaryimage\"},\"image\":{\"@id\":\"https:\\\/\\\/www.webdo.tn\\\/fr\\\/actualite\\\/sport\\\/ligue-1-le-stade-tunisien-perd-par-penalite-face-a-lolympique-de-beja\\\/394170\\\/#primaryimage\"},\"thumbnailUrl\":\"https:\\\/\\\/www.webdo.tn\\\/fr\\\/wp-content\\\/uploads\\\/2026\\\/02\\\/ST.jpg\",\"datePublished\":\"2026-03-06T07:51:44+00:00\",\"dateModified\":\"2026-03-06T07:51:48+00:00\",\"description\":\"D\u00e9couvrez pourquoi le Stade Tunisien a \u00e9t\u00e9 d\u00e9clar\u00e9 perdant par p\u00e9nalit\u00e9 face \u00e0 l\u2019Olympique de B\u00e9ja en Ligue 1 tunisienne.\",\"breadcrumb\":{\"@id\":\"https:\\\/\\\/www.webdo.tn\\\/fr\\\/actualite\\\/sport\\\/ligue-1-le-stade-tunisien-perd-par-penalite-face-a-lolympique-de-beja\\\/394170\\\/#breadcrumb\"},\"inLanguage\":\"fr-FR\",\"potentialAction\":[{\"@type\":\"ReadAction\",\"target\":[\"https:\\\/\\\/www.webdo.tn\\\/fr\\\/actualite\\\/sport\\\/ligue-1-le-stade-tunisien-perd-par-penalite-face-a-lolympique-de-beja\\\/394170\\\/\"]}]},{\"@type\":\"ImageObject\",\"inLanguage\":\"fr-FR\",\"@id\":\"https:\\\/\\\/www.webdo.tn\\\/fr\\\/actualite\\\/sport\\\/ligue-1-le-stade-tunisien-perd-par-penalite-face-a-lolympique-de-beja\\\/394170\\\/#primaryimage\",\"url\":\"https:\\\/\\\/www.webdo.tn\\\/fr\\\/wp-content\\\/uploads\\\/2026\\\/02\\\/ST.jpg\",\"contentUrl\":\"https:\\\/\\\/www.webdo.tn\\\/fr\\\/wp-content\\\/uploads\\\/2026\\\/02\\\/ST.jpg\",\"width\":1200,\"height\":601,\"caption\":\"Ligue 1 : Le Stade Tunisien perd par p\u00e9nalit\u00e9 face \u00e0 l\u2019Olympique de B\u00e9ja\"},{\"@type\":\"BreadcrumbList\",\"@id\":\"https:\\\/\\\/www.webdo.tn\\\/fr\\\/actualite\\\/sport\\\/ligue-1-le-stade-tunisien-perd-par-penalite-face-a-lolympique-de-beja\\\/394170\\\/#breadcrumb\",\"itemListElement\":[{\"@type\":\"ListItem\",\"position\":1,\"name\":\"Accueil\",\"item\":\"https:\\\/\\\/www.webdo.tn\\\/fr\\\/\"},{\"@type\":\"ListItem\",\"position\":2,\"name\":\"Ligue 1 : Le Stade Tunisien perd par p\u00e9nalit\u00e9 face \u00e0 l\u2019Olympique de B\u00e9ja\"}]},{\"@type\":\"WebSite\",\"@id\":\"https:\\\/\\\/www.webdo.tn\\\/fr\\\/#website\",\"url\":\"https:\\\/\\\/www.webdo.tn\\\/fr\\\/\",\"name\":\"webdo\",\"description\":\"Tunisie - News en Tunisie et \u00e0 l&#039;international sur Webdo.tn\",\"publisher\":{\"@id\":\"https:\\\/\\\/www.webdo.tn\\\/fr\\\/#organization\"},\"potentialAction\":[{\"@type\":\"SearchAction\",\"target\":{\"@type\":\"EntryPoint\",\"urlTemplate\":\"https:\\\/\\\/www.webdo.tn\\\/fr\\\/?s={search_term_string}\"},\"query-input\":{\"@type\":\"PropertyValueSpecification\",\"valueRequired\":true,\"valueName\":\"search_term_string\"}}],\"inLanguage\":\"fr-FR\"},{\"@type\":\"Organization\",\"@id\":\"https:\\\/\\\/www.webdo.tn\\\/fr\\\/#organization\",\"name\":\"Webdo\",\"alternateName\":\"Webdo.tn\",\"url\":\"https:\\\/\\\/www.webdo.tn\\\/fr\\\/\",\"logo\":{\"@type\":\"ImageObject\",\"inLanguage\":\"fr-FR\",\"@id\":\"https:\\\/\\\/www.webdo.tn\\\/fr\\\/#\\\/schema\\\/logo\\\/image\\\/\",\"url\":\"https:\\\/\\\/www.webdo.tn\\\/fr\\\/wp-content\\\/uploads\\\/2025\\\/06\\\/Webdo-Tunisie_168377.jpg\",\"contentUrl\":\"https:\\\/\\\/www.webdo.tn\\\/fr\\\/wp-content\\\/uploads\\\/2025\\\/06\\\/Webdo-Tunisie_168377.jpg\",\"width\":301,\"height\":301,\"caption\":\"Webdo\"},\"image\":{\"@id\":\"https:\\\/\\\/www.webdo.tn\\\/fr\\\/#\\\/schema\\\/logo\\\/image\\\/\"},\"sameAs\":[\"https:\\\/\\\/www.facebook.com\\\/webdotn\",\"https:\\\/\\\/x.com\\\/webdo_tn\"],\"description\":\"Webdo est un m\u00e9dia num\u00e9rique tunisien fond\u00e9 en 2010, sp\u00e9cialis\u00e9 dans l\u2019actualit\u00e9 nationale et internationale, l\u2019\u00e9conomie, la soci\u00e9t\u00e9 et les analyses politiques. Le site s\u2019adresse \u00e0 un large public francophone et couvre l\u2019information tunisienne en temps r\u00e9el.\",\"email\":\"redac@webdo.tn\",\"legalName\":\"YNJ SARL\",\"foundingDate\":\"2010-09-06\",\"numberOfEmployees\":{\"@type\":\"QuantitativeValue\",\"minValue\":\"11\",\"maxValue\":\"50\"}},{\"@type\":\"Person\",\"@id\":\"https:\\\/\\\/www.webdo.tn\\\/fr\\\/#\\\/schema\\\/person\\\/16a4857e77dfc0b610c4c2cadffc9ac4\",\"name\":\"Mohamed Fethi\",\"image\":{\"@type\":\"ImageObject\",\"inLanguage\":\"fr-FR\",\"@id\":\"https:\\\/\\\/www.webdo.tn\\\/fr\\\/wp-content\\\/uploads\\\/2026\\\/04\\\/mohamed-fethi_avatar_1-96x96.jpg\",\"url\":\"https:\\\/\\\/www.webdo.tn\\\/fr\\\/wp-content\\\/uploads\\\/2026\\\/04\\\/mohamed-fethi_avatar_1-96x96.jpg\",\"contentUrl\":\"https:\\\/\\\/www.webdo.tn\\\/fr\\\/wp-content\\\/uploads\\\/2026\\\/04\\\/mohamed-fethi_avatar_1-96x96.jpg\",\"caption\":\"Mohamed Fethi\"},\"description\":\"Signature \u00e9ditoriale de Maher Chaabane Mohamed Fethi est le pseudonyme \u00e9ditorial de Maher Chaabane, r\u00e9dacteur en chef de Webdo.tn depuis 2012. Cette signature est d\u00e9di\u00e9e au traitement intensif de l'actualit\u00e9 nationale et internationale en temps r\u00e9el. S'appuyant sur les deux d\u00e9cennies d'expertise journalistique de Maher Chaabane \u2014 d\u00e9but\u00e9e au sein du groupe Tunis Hebdo en 2000 \u2014 Mohamed Fethi assure une veille rigoureuse sur les enjeux politiques, \u00e9conomiques et sportifs. Sa mission est de garantir une information structur\u00e9e, fluide et fid\u00e8le aux standards de la r\u00e9daction. Pour consulter le parcours complet du r\u00e9dacteur en chef, visitez le profil officiel de Maher Chaabane.\",\"knowsAbout\":[\"actualit\u00e9\",\"journalisme\",\"information\",\"politique\",\"sport\",\"m\u00e9dias\",\"actualit\u00e9 internationale\"],\"knowsLanguage\":[\"Fran\u00e7ais\",\"Arabe\"],\"jobTitle\":\"Journaliste \u2013 R\u00e9daction Webdo\",\"worksFor\":\"Webdo.tn\",\"url\":\"https:\\\/\\\/www.webdo.tn\\\/fr\\\/actualite\\\/author\\\/mohamed-fethi\\\/\"}]}<\/script>\n<!-- \/ Yoast SEO Premium plugin. -->","yoast_head_json":{"title":"Ligue 1 : Le Stade Tunisien perd par p\u00e9nalit\u00e9 face \u00e0 l\u2019Olympique de B\u00e9ja - webdo","description":"D\u00e9couvrez pourquoi le Stade Tunisien a \u00e9t\u00e9 d\u00e9clar\u00e9 perdant par p\u00e9nalit\u00e9 face \u00e0 l\u2019Olympique de B\u00e9ja en Ligue 1 tunisienne.","canonical":"https:\/\/www.webdo.tn\/fr\/actualite\/sport\/ligue-1-le-stade-tunisien-perd-par-penalite-face-a-lolympique-de-beja\/394170\/","og_locale":"fr_FR","og_type":"article","og_title":"Ligue 1 : Le Stade Tunisien perd par p\u00e9nalit\u00e9 face \u00e0 l\u2019Olympique de B\u00e9ja","og_description":"D\u00e9couvrez pourquoi le Stade Tunisien a \u00e9t\u00e9 d\u00e9clar\u00e9 perdant par p\u00e9nalit\u00e9 face \u00e0 l\u2019Olympique de B\u00e9ja en Ligue 1 tunisienne.","og_url":"https:\/\/www.webdo.tn\/fr\/actualite\/sport\/ligue-1-le-stade-tunisien-perd-par-penalite-face-a-lolympique-de-beja\/394170\/","og_site_name":"webdo","article_publisher":"https:\/\/www.facebook.com\/webdotn","article_published_time":"2026-03-06T07:51:44+00:00","article_modified_time":"2026-03-06T07:51:48+00:00","og_image":[{"width":1200,"height":601,"url":"https:\/\/www.webdo.tn\/fr\/wp-content\/uploads\/2026\/02\/ST.jpg","type":"image\/jpeg"}],"author":"Mohamed Fethi","twitter_card":"summary_large_image","twitter_creator":"@webdo_tn","twitter_site":"@webdo_tn","twitter_misc":{"\u00c9crit par":"Mohamed Fethi","Dur\u00e9e de lecture estim\u00e9e":"3 minutes"},"schema":{"@context":"https:\/\/schema.org","@graph":[{"@type":"NewsArticle","@id":"https:\/\/www.webdo.tn\/fr\/actualite\/sport\/ligue-1-le-stade-tunisien-perd-par-penalite-face-a-lolympique-de-beja\/394170\/#article","isPartOf":{"@id":"https:\/\/www.webdo.tn\/fr\/actualite\/sport\/ligue-1-le-stade-tunisien-perd-par-penalite-face-a-lolympique-de-beja\/394170\/"},"author":{"name":"Mohamed Fethi","@id":"https:\/\/www.webdo.tn\/fr\/#\/schema\/person\/16a4857e77dfc0b610c4c2cadffc9ac4"},"headline":"Ligue 1 : Le Stade Tunisien perd par p\u00e9nalit\u00e9 face \u00e0 l\u2019Olympique de B\u00e9ja","datePublished":"2026-03-06T07:51:44+00:00","dateModified":"2026-03-06T07:51:48+00:00","mainEntityOfPage":{"@id":"https:\/\/www.webdo.tn\/fr\/actualite\/sport\/ligue-1-le-stade-tunisien-perd-par-penalite-face-a-lolympique-de-beja\/394170\/"},"wordCount":430,"publisher":{"@id":"https:\/\/www.webdo.tn\/fr\/#organization"},"image":{"@id":"https:\/\/www.webdo.tn\/fr\/actualite\/sport\/ligue-1-le-stade-tunisien-perd-par-penalite-face-a-lolympique-de-beja\/394170\/#primaryimage"},"thumbnailUrl":"https:\/\/www.webdo.tn\/fr\/wp-content\/uploads\/2026\/02\/ST.jpg","keywords":["0. B\u00e9ja","championnat de tunisie","football","Ligue 1","p\u00e9nalit\u00e9","r\u00e9serve","stade tunisien","Tunisie"],"articleSection":["Sport"],"inLanguage":"fr-FR"},{"@type":"WebPage","@id":"https:\/\/www.webdo.tn\/fr\/actualite\/sport\/ligue-1-le-stade-tunisien-perd-par-penalite-face-a-lolympique-de-beja\/394170\/","url":"https:\/\/www.webdo.tn\/fr\/actualite\/sport\/ligue-1-le-stade-tunisien-perd-par-penalite-face-a-lolympique-de-beja\/394170\/","name":"Ligue 1 : Le Stade Tunisien perd par p\u00e9nalit\u00e9 face \u00e0 l\u2019Olympique de B\u00e9ja - webdo","isPartOf":{"@id":"https:\/\/www.webdo.tn\/fr\/#website"},"primaryImageOfPage":{"@id":"https:\/\/www.webdo.tn\/fr\/actualite\/sport\/ligue-1-le-stade-tunisien-perd-par-penalite-face-a-lolympique-de-beja\/394170\/#primaryimage"},"image":{"@id":"https:\/\/www.webdo.tn\/fr\/actualite\/sport\/ligue-1-le-stade-tunisien-perd-par-penalite-face-a-lolympique-de-beja\/394170\/#primaryimage"},"thumbnailUrl":"https:\/\/www.webdo.tn\/fr\/wp-content\/uploads\/2026\/02\/ST.jpg","datePublished":"2026-03-06T07:51:44+00:00","dateModified":"2026-03-06T07:51:48+00:00","description":"D\u00e9couvrez pourquoi le Stade Tunisien a \u00e9t\u00e9 d\u00e9clar\u00e9 perdant par p\u00e9nalit\u00e9 face \u00e0 l\u2019Olympique de B\u00e9ja en Ligue 1 tunisienne.","breadcrumb":{"@id":"https:\/\/www.webdo.tn\/fr\/actualite\/sport\/ligue-1-le-stade-tunisien-perd-par-penalite-face-a-lolympique-de-beja\/394170\/#breadcrumb"},"inLanguage":"fr-FR","potentialAction":[{"@type":"ReadAction","target":["https:\/\/www.webdo.tn\/fr\/actualite\/sport\/ligue-1-le-stade-tunisien-perd-par-penalite-face-a-lolympique-de-beja\/394170\/"]}]},{"@type":"ImageObject","inLanguage":"fr-FR","@id":"https:\/\/www.webdo.tn\/fr\/actualite\/sport\/ligue-1-le-stade-tunisien-perd-par-penalite-face-a-lolympique-de-beja\/394170\/#primaryimage","url":"https:\/\/www.webdo.tn\/fr\/wp-content\/uploads\/2026\/02\/ST.jpg","contentUrl":"https:\/\/www.webdo.tn\/fr\/wp-content\/uploads\/2026\/02\/ST.jpg","width":1200,"height":601,"caption":"Ligue 1 : Le Stade Tunisien perd par p\u00e9nalit\u00e9 face \u00e0 l\u2019Olympique de B\u00e9ja"},{"@type":"BreadcrumbList","@id":"https:\/\/www.webdo.tn\/fr\/actualite\/sport\/ligue-1-le-stade-tunisien-perd-par-penalite-face-a-lolympique-de-beja\/394170\/#breadcrumb","itemListElement":[{"@type":"ListItem","position":1,"name":"Accueil","item":"https:\/\/www.webdo.tn\/fr\/"},{"@type":"ListItem","position":2,"name":"Ligue 1 : Le Stade Tunisien perd par p\u00e9nalit\u00e9 face \u00e0 l\u2019Olympique de B\u00e9ja"}]},{"@type":"WebSite","@id":"https:\/\/www.webdo.tn\/fr\/#website","url":"https:\/\/www.webdo.tn\/fr\/","name":"webdo","description":"Tunisie - News en Tunisie et \u00e0 l&#039;international sur Webdo.tn","publisher":{"@id":"https:\/\/www.webdo.tn\/fr\/#organization"},"potentialAction":[{"@type":"SearchAction","target":{"@type":"EntryPoint","urlTemplate":"https:\/\/www.webdo.tn\/fr\/?s={search_term_string}"},"query-input":{"@type":"PropertyValueSpecification","valueRequired":true,"valueName":"search_term_string"}}],"inLanguage":"fr-FR"},{"@type":"Organization","@id":"https:\/\/www.webdo.tn\/fr\/#organization","name":"Webdo","alternateName":"Webdo.tn","url":"https:\/\/www.webdo.tn\/fr\/","logo":{"@type":"ImageObject","inLanguage":"fr-FR","@id":"https:\/\/www.webdo.tn\/fr\/#\/schema\/logo\/image\/","url":"https:\/\/www.webdo.tn\/fr\/wp-content\/uploads\/2025\/06\/Webdo-Tunisie_168377.jpg","contentUrl":"https:\/\/www.webdo.tn\/fr\/wp-content\/uploads\/2025\/06\/Webdo-Tunisie_168377.jpg","width":301,"height":301,"caption":"Webdo"},"image":{"@id":"https:\/\/www.webdo.tn\/fr\/#\/schema\/logo\/image\/"},"sameAs":["https:\/\/www.facebook.com\/webdotn","https:\/\/x.com\/webdo_tn"],"description":"Webdo est un m\u00e9dia num\u00e9rique tunisien fond\u00e9 en 2010, sp\u00e9cialis\u00e9 dans l\u2019actualit\u00e9 nationale et internationale, l\u2019\u00e9conomie, la soci\u00e9t\u00e9 et les analyses politiques. Le site s\u2019adresse \u00e0 un large public francophone et couvre l\u2019information tunisienne en temps r\u00e9el.","email":"redac@webdo.tn","legalName":"YNJ SARL","foundingDate":"2010-09-06","numberOfEmployees":{"@type":"QuantitativeValue","minValue":"11","maxValue":"50"}},{"@type":"Person","@id":"https:\/\/www.webdo.tn\/fr\/#\/schema\/person\/16a4857e77dfc0b610c4c2cadffc9ac4","name":"Mohamed Fethi","image":{"@type":"ImageObject","inLanguage":"fr-FR","@id":"https:\/\/www.webdo.tn\/fr\/wp-content\/uploads\/2026\/04\/mohamed-fethi_avatar_1-96x96.jpg","url":"https:\/\/www.webdo.tn\/fr\/wp-content\/uploads\/2026\/04\/mohamed-fethi_avatar_1-96x96.jpg","contentUrl":"https:\/\/www.webdo.tn\/fr\/wp-content\/uploads\/2026\/04\/mohamed-fethi_avatar_1-96x96.jpg","caption":"Mohamed Fethi"},"description":"Signature \u00e9ditoriale de Maher Chaabane Mohamed Fethi est le pseudonyme \u00e9ditorial de Maher Chaabane, r\u00e9dacteur en chef de Webdo.tn depuis 2012. Cette signature est d\u00e9di\u00e9e au traitement intensif de l'actualit\u00e9 nationale et internationale en temps r\u00e9el. S'appuyant sur les deux d\u00e9cennies d'expertise journalistique de Maher Chaabane \u2014 d\u00e9but\u00e9e au sein du groupe Tunis Hebdo en 2000 \u2014 Mohamed Fethi assure une veille rigoureuse sur les enjeux politiques, \u00e9conomiques et sportifs. Sa mission est de garantir une information structur\u00e9e, fluide et fid\u00e8le aux standards de la r\u00e9daction. Pour consulter le parcours complet du r\u00e9dacteur en chef, visitez le profil officiel de Maher Chaabane.","knowsAbout":["actualit\u00e9","journalisme","information","politique","sport","m\u00e9dias","actualit\u00e9 internationale"],"knowsLanguage":["Fran\u00e7ais","Arabe"],"jobTitle":"Journaliste \u2013 R\u00e9daction Webdo","worksFor":"Webdo.tn","url":"https:\/\/www.webdo.tn\/fr\/actualite\/author\/mohamed-fethi\/"}]}},"_links":{"self":[{"href":"https:\/\/www.webdo.tn\/fr\/wp-json\/wp\/v2\/posts\/394170","targetHints":{"allow":["GET"]}}],"collection":[{"href":"https:\/\/www.webdo.tn\/fr\/wp-json\/wp\/v2\/posts"}],"about":[{"href":"https:\/\/www.webdo.tn\/fr\/wp-json\/wp\/v2\/types\/post"}],"author":[{"embeddable":true,"href":"https:\/\/www.webdo.tn\/fr\/wp-json\/wp\/v2\/users\/4782"}],"replies":[{"embeddable":true,"href":"https:\/\/www.webdo.tn\/fr\/wp-json\/wp\/v2\/comments?post=394170"}],"version-history":[{"count":0,"href":"https:\/\/www.webdo.tn\/fr\/wp-json\/wp\/v2\/posts\/394170\/revisions"}],"wp:featuredmedia":[{"embeddable":true,"href":"https:\/\/www.webdo.tn\/fr\/wp-json\/wp\/v2\/media\/393107"}],"wp:attachment":[{"href":"https:\/\/www.webdo.tn\/fr\/wp-json\/wp\/v2\/media?parent=394170"}],"wp:term":[{"taxonomy":"category","embeddable":true,"href":"https:\/\/www.webdo.tn\/fr\/wp-json\/wp\/v2\/categories?post=394170"},{"taxonomy":"post_tag","embeddable":true,"href":"https:\/\/www.webdo.tn\/fr\/wp-json\/wp\/v2\/tags?post=394170"}],"curies":[{"name":"wp","href":"https:\/\/api.w.org\/{rel}","templated":true}]}}