{"id":394164,"date":"2026-03-05T20:26:22","date_gmt":"2026-03-05T19:26:22","guid":{"rendered":"https:\/\/www.webdo.tn\/fr\/?p=394164"},"modified":"2026-03-05T20:26:25","modified_gmt":"2026-03-05T19:26:25","slug":"la-justice-met-laffaire-seifeddine-makhlouf-en-delibere-au-11-mars","status":"publish","type":"post","link":"https:\/\/www.webdo.tn\/fr\/actualite\/national\/la-justice-met-laffaire-seifeddine-makhlouf-en-delibere-au-11-mars\/394164\/","title":{"rendered":"La justice met l\u2019affaire Seifeddine Makhlouf en d\u00e9lib\u00e9r\u00e9 au 11 mars"},"content":{"rendered":"\n<p><strong>La chambre correctionnelle du tribunal de premi\u00e8re instance de Tunis a d\u00e9cid\u00e9, jeudi, de reporter au 11 mars le d\u00e9lib\u00e9r\u00e9 dans l\u2019affaire impliquant l\u2019ancien d\u00e9put\u00e9 du Parlement dissous et avocat Seifeddine Makhlouf. La d\u00e9cision intervient apr\u00e8s la cl\u00f4ture de son interrogatoire et les plaidoiries de la d\u00e9fense. L\u2019affaire porte sur des accusations de complot contre la s\u00fbret\u00e9 int\u00e9rieure de l\u2019\u00c9tat.<\/strong><\/p>\n\n\n\n<h2 class=\"wp-block-heading\" id=\"h-fin-des-audiences-et-attente-du-verdict\">Fin des audiences et attente du verdict<\/h2>\n\n\n\n<p>Au terme de l\u2019audience tenue jeudi, la juridiction a annonc\u00e9 la mise en d\u00e9lib\u00e9r\u00e9 de l\u2019affaire, fixant la date du prononc\u00e9 du jugement au 11 mars.<\/p>\n\n\n\n<p>Cette d\u00e9cision intervient apr\u00e8s l\u2019ach\u00e8vement de l\u2019interrogatoire de Seifeddine Makhlouf devant la chambre correctionnelle, ainsi que l\u2019audition des plaidoiries de ses avocats.<\/p>\n\n\n\n<p>Les d\u00e9bats se sont d\u00e9roul\u00e9s dans le cadre d\u2019une proc\u00e9dure judiciaire portant sur des accusations de complot contre la s\u00fbret\u00e9 int\u00e9rieure de l\u2019\u00c9tat, un chef d\u2019inculpation relevant du droit p\u00e9nal tunisien et souvent associ\u00e9 aux affaires li\u00e9es \u00e0 la s\u00e9curit\u00e9 nationale.<\/p>\n\n\n\n<p>L\u2019affaire concerne un jugement rendu payant condamn\u00e9 par d\u00e9faut Seifeddine Makhlouf \u00e0 cinq ans de prison ferme pour des accusations de complot contre la s\u00e9curit\u00e9 int\u00e9rieure de l\u2019\u00c9tat.<\/p>\n\n\n\n<blockquote class=\"wp-block-quote is-layout-flow wp-block-quote-is-layout-flow\">\n<blockquote class=\"wp-block-quote is-layout-flow wp-block-quote-is-layout-flow\">\n<ul class=\"wp-block-list\">\n<li class=\"has-medium-font-size\"><strong>Lire aussi :<\/strong> <a href=\"https:\/\/www.webdo.tn\/fr\/actualite\/national\/tunisie-mandat-de-depot-contre-makhlouf\/392692\/\">Tunisie : Mandat de d\u00e9p\u00f4t contre Makhlouf<\/a><\/li>\n<\/ul>\n<\/blockquote>\n<\/blockquote>\n\n\n\n<p>Conform\u00e9ment \u00e0 la proc\u00e9dure, l\u2019ancien d\u00e9put\u00e9 a form\u00e9 opposition \u00e0 cette d\u00e9cision, ce qui entra\u00eene la r\u00e9ouverture du dossier et la tenue d\u2019un nouveau proc\u00e8s en sa pr\u00e9sence.<\/p>\n\n\n\n<h2 class=\"wp-block-heading\" id=\"h-une-figure-politique-controversee\">Une figure politique controvers\u00e9e<\/h2>\n\n\n\n<p>Ancien d\u00e9put\u00e9 du Parlement dissous, Seifeddine Makhlouf est \u00e9galement avocat et ancien dirigeant du parti islamo-conservateur Coalition Al Karama.<\/p>\n\n\n\n<p>Son parcours politique a \u00e9t\u00e9 marqu\u00e9 par plusieurs confrontations avec les institutions judiciaires et s\u00e9curitaires, notamment apr\u00e8s la suspension puis la dissolution du Parlement tunisien.<\/p>\n\n\n\n<blockquote class=\"wp-block-quote is-layout-flow wp-block-quote-is-layout-flow\">\n<blockquote class=\"wp-block-quote is-layout-flow wp-block-quote-is-layout-flow\">\n<ul class=\"wp-block-list\">\n<li class=\"has-medium-font-size\"><strong>Lire aussi :<\/strong> <a href=\"https:\/\/www.webdo.tn\/fr\/actualite\/national\/makhlouf-condamne-a-cinq-ans-de-prison-par-contumace\/391338\/\">Makhlouf condamn\u00e9 \u00e0 cinq ans de prison, par contumace<\/a><\/li>\n<\/ul>\n<\/blockquote>\n<\/blockquote>\n\n\n\n<p><\/p>\n\n\n\n<p><\/p>\n","protected":false},"excerpt":{"rendered":"<p>La chambre correctionnelle du tribunal de premi\u00e8re instance de Tunis a d\u00e9cid\u00e9, jeudi, de reporter au 11 mars le d\u00e9lib\u00e9r\u00e9 dans l\u2019affaire impliquant l\u2019ancien d\u00e9put\u00e9 du Parlement dissous et avocat Seifeddine Makhlouf. La d\u00e9cision intervient apr\u00e8s la cl\u00f4ture de son interrogatoire et les plaidoiries de la d\u00e9fense. L\u2019affaire porte sur des accusations de complot contre [&hellip;]<\/p>\n","protected":false},"author":4782,"featured_media":391340,"comment_status":"closed","ping_status":"closed","sticky":false,"template":"","format":"standard","meta":{"footnotes":""},"categories":[44],"tags":[2619,6166,2608],"class_list":["post-394164","post","type-post","status-publish","format-standard","has-post-thumbnail","hentry","category-national","tag-justice","tag-seifeddine-makhlouf","tag-tunisie"],"yoast_head":"<!-- This site is optimized with the Yoast SEO Premium plugin v27.5 (Yoast SEO v27.5) - https:\/\/yoast.com\/product\/yoast-seo-premium-wordpress\/ -->\n<title>La justice met l\u2019affaire Seifeddine Makhlouf en d\u00e9lib\u00e9r\u00e9 au 11 mars - webdo<\/title>\n<meta name=\"description\" content=\"L\u2019affaire Seifeddine Makhlouf est d\u00e9sormais en d\u00e9lib\u00e9r\u00e9, le jugement sera prononc\u00e9 le 11 mars par la chambre correctionnelle.\" \/>\n<link rel=\"canonical\" href=\"https:\/\/www.webdo.tn\/fr\/actualite\/national\/la-justice-met-laffaire-seifeddine-makhlouf-en-delibere-au-11-mars\/394164\/\" \/>\n<meta property=\"og:locale\" content=\"fr_FR\" \/>\n<meta property=\"og:type\" content=\"article\" \/>\n<meta property=\"og:title\" content=\"La justice met l\u2019affaire Seifeddine Makhlouf en d\u00e9lib\u00e9r\u00e9 au 11 mars\" \/>\n<meta property=\"og:description\" content=\"L\u2019affaire Seifeddine Makhlouf est d\u00e9sormais en d\u00e9lib\u00e9r\u00e9, le jugement sera prononc\u00e9 le 11 mars par la chambre correctionnelle.\" \/>\n<meta property=\"og:url\" content=\"https:\/\/www.webdo.tn\/fr\/actualite\/national\/la-justice-met-laffaire-seifeddine-makhlouf-en-delibere-au-11-mars\/394164\/\" \/>\n<meta property=\"og:site_name\" content=\"webdo\" \/>\n<meta property=\"article:publisher\" content=\"https:\/\/www.facebook.com\/webdotn\" \/>\n<meta property=\"article:published_time\" content=\"2026-03-05T19:26:22+00:00\" \/>\n<meta property=\"article:modified_time\" content=\"2026-03-05T19:26:25+00:00\" \/>\n<meta property=\"og:image\" content=\"https:\/\/www.webdo.tn\/fr\/wp-content\/uploads\/2026\/01\/Makhlouf.jpg\" \/>\n\t<meta property=\"og:image:width\" content=\"1200\" \/>\n\t<meta property=\"og:image:height\" content=\"600\" \/>\n\t<meta property=\"og:image:type\" content=\"image\/jpeg\" \/>\n<meta name=\"author\" content=\"Mohamed Fethi\" \/>\n<meta name=\"twitter:card\" content=\"summary_large_image\" \/>\n<meta name=\"twitter:creator\" content=\"@webdo_tn\" \/>\n<meta name=\"twitter:site\" content=\"@webdo_tn\" \/>\n<meta name=\"twitter:label1\" content=\"\u00c9crit par\" \/>\n\t<meta name=\"twitter:data1\" content=\"Mohamed Fethi\" \/>\n\t<meta name=\"twitter:label2\" content=\"Dur\u00e9e de lecture estim\u00e9e\" \/>\n\t<meta name=\"twitter:data2\" content=\"2 minutes\" \/>\n<script type=\"application\/ld+json\" class=\"yoast-schema-graph\">{\"@context\":\"https:\\\/\\\/schema.org\",\"@graph\":[{\"@type\":\"NewsArticle\",\"@id\":\"https:\\\/\\\/www.webdo.tn\\\/fr\\\/actualite\\\/national\\\/la-justice-met-laffaire-seifeddine-makhlouf-en-delibere-au-11-mars\\\/394164\\\/#article\",\"isPartOf\":{\"@id\":\"https:\\\/\\\/www.webdo.tn\\\/fr\\\/actualite\\\/national\\\/la-justice-met-laffaire-seifeddine-makhlouf-en-delibere-au-11-mars\\\/394164\\\/\"},\"author\":{\"name\":\"Mohamed Fethi\",\"@id\":\"https:\\\/\\\/www.webdo.tn\\\/fr\\\/#\\\/schema\\\/person\\\/16a4857e77dfc0b610c4c2cadffc9ac4\"},\"headline\":\"La justice met l\u2019affaire Seifeddine Makhlouf en d\u00e9lib\u00e9r\u00e9 au 11 mars\",\"datePublished\":\"2026-03-05T19:26:22+00:00\",\"dateModified\":\"2026-03-05T19:26:25+00:00\",\"mainEntityOfPage\":{\"@id\":\"https:\\\/\\\/www.webdo.tn\\\/fr\\\/actualite\\\/national\\\/la-justice-met-laffaire-seifeddine-makhlouf-en-delibere-au-11-mars\\\/394164\\\/\"},\"wordCount\":343,\"publisher\":{\"@id\":\"https:\\\/\\\/www.webdo.tn\\\/fr\\\/#organization\"},\"image\":{\"@id\":\"https:\\\/\\\/www.webdo.tn\\\/fr\\\/actualite\\\/national\\\/la-justice-met-laffaire-seifeddine-makhlouf-en-delibere-au-11-mars\\\/394164\\\/#primaryimage\"},\"thumbnailUrl\":\"https:\\\/\\\/www.webdo.tn\\\/fr\\\/wp-content\\\/uploads\\\/2026\\\/01\\\/Makhlouf.jpg\",\"keywords\":[\"justice\",\"Seifeddine Makhlouf\",\"Tunisie\"],\"articleSection\":[\"National\"],\"inLanguage\":\"fr-FR\"},{\"@type\":\"WebPage\",\"@id\":\"https:\\\/\\\/www.webdo.tn\\\/fr\\\/actualite\\\/national\\\/la-justice-met-laffaire-seifeddine-makhlouf-en-delibere-au-11-mars\\\/394164\\\/\",\"url\":\"https:\\\/\\\/www.webdo.tn\\\/fr\\\/actualite\\\/national\\\/la-justice-met-laffaire-seifeddine-makhlouf-en-delibere-au-11-mars\\\/394164\\\/\",\"name\":\"La justice met l\u2019affaire Seifeddine Makhlouf en d\u00e9lib\u00e9r\u00e9 au 11 mars - webdo\",\"isPartOf\":{\"@id\":\"https:\\\/\\\/www.webdo.tn\\\/fr\\\/#website\"},\"primaryImageOfPage\":{\"@id\":\"https:\\\/\\\/www.webdo.tn\\\/fr\\\/actualite\\\/national\\\/la-justice-met-laffaire-seifeddine-makhlouf-en-delibere-au-11-mars\\\/394164\\\/#primaryimage\"},\"image\":{\"@id\":\"https:\\\/\\\/www.webdo.tn\\\/fr\\\/actualite\\\/national\\\/la-justice-met-laffaire-seifeddine-makhlouf-en-delibere-au-11-mars\\\/394164\\\/#primaryimage\"},\"thumbnailUrl\":\"https:\\\/\\\/www.webdo.tn\\\/fr\\\/wp-content\\\/uploads\\\/2026\\\/01\\\/Makhlouf.jpg\",\"datePublished\":\"2026-03-05T19:26:22+00:00\",\"dateModified\":\"2026-03-05T19:26:25+00:00\",\"description\":\"L\u2019affaire Seifeddine Makhlouf est d\u00e9sormais en d\u00e9lib\u00e9r\u00e9, le jugement sera prononc\u00e9 le 11 mars par la chambre correctionnelle.\",\"breadcrumb\":{\"@id\":\"https:\\\/\\\/www.webdo.tn\\\/fr\\\/actualite\\\/national\\\/la-justice-met-laffaire-seifeddine-makhlouf-en-delibere-au-11-mars\\\/394164\\\/#breadcrumb\"},\"inLanguage\":\"fr-FR\",\"potentialAction\":[{\"@type\":\"ReadAction\",\"target\":[\"https:\\\/\\\/www.webdo.tn\\\/fr\\\/actualite\\\/national\\\/la-justice-met-laffaire-seifeddine-makhlouf-en-delibere-au-11-mars\\\/394164\\\/\"]}]},{\"@type\":\"ImageObject\",\"inLanguage\":\"fr-FR\",\"@id\":\"https:\\\/\\\/www.webdo.tn\\\/fr\\\/actualite\\\/national\\\/la-justice-met-laffaire-seifeddine-makhlouf-en-delibere-au-11-mars\\\/394164\\\/#primaryimage\",\"url\":\"https:\\\/\\\/www.webdo.tn\\\/fr\\\/wp-content\\\/uploads\\\/2026\\\/01\\\/Makhlouf.jpg\",\"contentUrl\":\"https:\\\/\\\/www.webdo.tn\\\/fr\\\/wp-content\\\/uploads\\\/2026\\\/01\\\/Makhlouf.jpg\",\"width\":1200,\"height\":600,\"caption\":\"La justice met l\u2019affaire Seifeddine Makhlouf en d\u00e9lib\u00e9r\u00e9 au 11 mars\"},{\"@type\":\"BreadcrumbList\",\"@id\":\"https:\\\/\\\/www.webdo.tn\\\/fr\\\/actualite\\\/national\\\/la-justice-met-laffaire-seifeddine-makhlouf-en-delibere-au-11-mars\\\/394164\\\/#breadcrumb\",\"itemListElement\":[{\"@type\":\"ListItem\",\"position\":1,\"name\":\"Accueil\",\"item\":\"https:\\\/\\\/www.webdo.tn\\\/fr\\\/\"},{\"@type\":\"ListItem\",\"position\":2,\"name\":\"La justice met l\u2019affaire Seifeddine Makhlouf en d\u00e9lib\u00e9r\u00e9 au 11 mars\"}]},{\"@type\":\"WebSite\",\"@id\":\"https:\\\/\\\/www.webdo.tn\\\/fr\\\/#website\",\"url\":\"https:\\\/\\\/www.webdo.tn\\\/fr\\\/\",\"name\":\"webdo\",\"description\":\"Tunisie - News en Tunisie et \u00e0 l&#039;international sur Webdo.tn\",\"publisher\":{\"@id\":\"https:\\\/\\\/www.webdo.tn\\\/fr\\\/#organization\"},\"potentialAction\":[{\"@type\":\"SearchAction\",\"target\":{\"@type\":\"EntryPoint\",\"urlTemplate\":\"https:\\\/\\\/www.webdo.tn\\\/fr\\\/?s={search_term_string}\"},\"query-input\":{\"@type\":\"PropertyValueSpecification\",\"valueRequired\":true,\"valueName\":\"search_term_string\"}}],\"inLanguage\":\"fr-FR\"},{\"@type\":\"Organization\",\"@id\":\"https:\\\/\\\/www.webdo.tn\\\/fr\\\/#organization\",\"name\":\"Webdo\",\"alternateName\":\"Webdo.tn\",\"url\":\"https:\\\/\\\/www.webdo.tn\\\/fr\\\/\",\"logo\":{\"@type\":\"ImageObject\",\"inLanguage\":\"fr-FR\",\"@id\":\"https:\\\/\\\/www.webdo.tn\\\/fr\\\/#\\\/schema\\\/logo\\\/image\\\/\",\"url\":\"https:\\\/\\\/www.webdo.tn\\\/fr\\\/wp-content\\\/uploads\\\/2025\\\/06\\\/Webdo-Tunisie_168377.jpg\",\"contentUrl\":\"https:\\\/\\\/www.webdo.tn\\\/fr\\\/wp-content\\\/uploads\\\/2025\\\/06\\\/Webdo-Tunisie_168377.jpg\",\"width\":301,\"height\":301,\"caption\":\"Webdo\"},\"image\":{\"@id\":\"https:\\\/\\\/www.webdo.tn\\\/fr\\\/#\\\/schema\\\/logo\\\/image\\\/\"},\"sameAs\":[\"https:\\\/\\\/www.facebook.com\\\/webdotn\",\"https:\\\/\\\/x.com\\\/webdo_tn\"],\"description\":\"Webdo est un m\u00e9dia num\u00e9rique tunisien fond\u00e9 en 2010, sp\u00e9cialis\u00e9 dans l\u2019actualit\u00e9 nationale et internationale, l\u2019\u00e9conomie, la soci\u00e9t\u00e9 et les analyses politiques. Le site s\u2019adresse \u00e0 un large public francophone et couvre l\u2019information tunisienne en temps r\u00e9el.\",\"email\":\"redac@webdo.tn\",\"legalName\":\"YNJ SARL\",\"foundingDate\":\"2010-09-06\",\"numberOfEmployees\":{\"@type\":\"QuantitativeValue\",\"minValue\":\"11\",\"maxValue\":\"50\"}},{\"@type\":\"Person\",\"@id\":\"https:\\\/\\\/www.webdo.tn\\\/fr\\\/#\\\/schema\\\/person\\\/16a4857e77dfc0b610c4c2cadffc9ac4\",\"name\":\"Mohamed Fethi\",\"image\":{\"@type\":\"ImageObject\",\"inLanguage\":\"fr-FR\",\"@id\":\"https:\\\/\\\/www.webdo.tn\\\/fr\\\/wp-content\\\/uploads\\\/2026\\\/04\\\/mohamed-fethi_avatar_1-96x96.jpg\",\"url\":\"https:\\\/\\\/www.webdo.tn\\\/fr\\\/wp-content\\\/uploads\\\/2026\\\/04\\\/mohamed-fethi_avatar_1-96x96.jpg\",\"contentUrl\":\"https:\\\/\\\/www.webdo.tn\\\/fr\\\/wp-content\\\/uploads\\\/2026\\\/04\\\/mohamed-fethi_avatar_1-96x96.jpg\",\"caption\":\"Mohamed Fethi\"},\"description\":\"Signature \u00e9ditoriale de Maher Chaabane Mohamed Fethi est le pseudonyme \u00e9ditorial de Maher Chaabane, r\u00e9dacteur en chef de Webdo.tn depuis 2012. Cette signature est d\u00e9di\u00e9e au traitement intensif de l'actualit\u00e9 nationale et internationale en temps r\u00e9el. S'appuyant sur les deux d\u00e9cennies d'expertise journalistique de Maher Chaabane \u2014 d\u00e9but\u00e9e au sein du groupe Tunis Hebdo en 2000 \u2014 Mohamed Fethi assure une veille rigoureuse sur les enjeux politiques, \u00e9conomiques et sportifs. Sa mission est de garantir une information structur\u00e9e, fluide et fid\u00e8le aux standards de la r\u00e9daction. Pour consulter le parcours complet du r\u00e9dacteur en chef, visitez le profil officiel de Maher Chaabane.\",\"knowsAbout\":[\"actualit\u00e9\",\"journalisme\",\"information\",\"politique\",\"sport\",\"m\u00e9dias\",\"actualit\u00e9 internationale\"],\"knowsLanguage\":[\"Fran\u00e7ais\",\"Arabe\"],\"jobTitle\":\"Journaliste \u2013 R\u00e9daction Webdo\",\"worksFor\":\"Webdo.tn\",\"url\":\"https:\\\/\\\/www.webdo.tn\\\/fr\\\/actualite\\\/author\\\/mohamed-fethi\\\/\"}]}<\/script>\n<!-- \/ Yoast SEO Premium plugin. -->","yoast_head_json":{"title":"La justice met l\u2019affaire Seifeddine Makhlouf en d\u00e9lib\u00e9r\u00e9 au 11 mars - webdo","description":"L\u2019affaire Seifeddine Makhlouf est d\u00e9sormais en d\u00e9lib\u00e9r\u00e9, le jugement sera prononc\u00e9 le 11 mars par la chambre correctionnelle.","canonical":"https:\/\/www.webdo.tn\/fr\/actualite\/national\/la-justice-met-laffaire-seifeddine-makhlouf-en-delibere-au-11-mars\/394164\/","og_locale":"fr_FR","og_type":"article","og_title":"La justice met l\u2019affaire Seifeddine Makhlouf en d\u00e9lib\u00e9r\u00e9 au 11 mars","og_description":"L\u2019affaire Seifeddine Makhlouf est d\u00e9sormais en d\u00e9lib\u00e9r\u00e9, le jugement sera prononc\u00e9 le 11 mars par la chambre correctionnelle.","og_url":"https:\/\/www.webdo.tn\/fr\/actualite\/national\/la-justice-met-laffaire-seifeddine-makhlouf-en-delibere-au-11-mars\/394164\/","og_site_name":"webdo","article_publisher":"https:\/\/www.facebook.com\/webdotn","article_published_time":"2026-03-05T19:26:22+00:00","article_modified_time":"2026-03-05T19:26:25+00:00","og_image":[{"width":1200,"height":600,"url":"https:\/\/www.webdo.tn\/fr\/wp-content\/uploads\/2026\/01\/Makhlouf.jpg","type":"image\/jpeg"}],"author":"Mohamed Fethi","twitter_card":"summary_large_image","twitter_creator":"@webdo_tn","twitter_site":"@webdo_tn","twitter_misc":{"\u00c9crit par":"Mohamed Fethi","Dur\u00e9e de lecture estim\u00e9e":"2 minutes"},"schema":{"@context":"https:\/\/schema.org","@graph":[{"@type":"NewsArticle","@id":"https:\/\/www.webdo.tn\/fr\/actualite\/national\/la-justice-met-laffaire-seifeddine-makhlouf-en-delibere-au-11-mars\/394164\/#article","isPartOf":{"@id":"https:\/\/www.webdo.tn\/fr\/actualite\/national\/la-justice-met-laffaire-seifeddine-makhlouf-en-delibere-au-11-mars\/394164\/"},"author":{"name":"Mohamed Fethi","@id":"https:\/\/www.webdo.tn\/fr\/#\/schema\/person\/16a4857e77dfc0b610c4c2cadffc9ac4"},"headline":"La justice met l\u2019affaire Seifeddine Makhlouf en d\u00e9lib\u00e9r\u00e9 au 11 mars","datePublished":"2026-03-05T19:26:22+00:00","dateModified":"2026-03-05T19:26:25+00:00","mainEntityOfPage":{"@id":"https:\/\/www.webdo.tn\/fr\/actualite\/national\/la-justice-met-laffaire-seifeddine-makhlouf-en-delibere-au-11-mars\/394164\/"},"wordCount":343,"publisher":{"@id":"https:\/\/www.webdo.tn\/fr\/#organization"},"image":{"@id":"https:\/\/www.webdo.tn\/fr\/actualite\/national\/la-justice-met-laffaire-seifeddine-makhlouf-en-delibere-au-11-mars\/394164\/#primaryimage"},"thumbnailUrl":"https:\/\/www.webdo.tn\/fr\/wp-content\/uploads\/2026\/01\/Makhlouf.jpg","keywords":["justice","Seifeddine Makhlouf","Tunisie"],"articleSection":["National"],"inLanguage":"fr-FR"},{"@type":"WebPage","@id":"https:\/\/www.webdo.tn\/fr\/actualite\/national\/la-justice-met-laffaire-seifeddine-makhlouf-en-delibere-au-11-mars\/394164\/","url":"https:\/\/www.webdo.tn\/fr\/actualite\/national\/la-justice-met-laffaire-seifeddine-makhlouf-en-delibere-au-11-mars\/394164\/","name":"La justice met l\u2019affaire Seifeddine Makhlouf en d\u00e9lib\u00e9r\u00e9 au 11 mars - webdo","isPartOf":{"@id":"https:\/\/www.webdo.tn\/fr\/#website"},"primaryImageOfPage":{"@id":"https:\/\/www.webdo.tn\/fr\/actualite\/national\/la-justice-met-laffaire-seifeddine-makhlouf-en-delibere-au-11-mars\/394164\/#primaryimage"},"image":{"@id":"https:\/\/www.webdo.tn\/fr\/actualite\/national\/la-justice-met-laffaire-seifeddine-makhlouf-en-delibere-au-11-mars\/394164\/#primaryimage"},"thumbnailUrl":"https:\/\/www.webdo.tn\/fr\/wp-content\/uploads\/2026\/01\/Makhlouf.jpg","datePublished":"2026-03-05T19:26:22+00:00","dateModified":"2026-03-05T19:26:25+00:00","description":"L\u2019affaire Seifeddine Makhlouf est d\u00e9sormais en d\u00e9lib\u00e9r\u00e9, le jugement sera prononc\u00e9 le 11 mars par la chambre correctionnelle.","breadcrumb":{"@id":"https:\/\/www.webdo.tn\/fr\/actualite\/national\/la-justice-met-laffaire-seifeddine-makhlouf-en-delibere-au-11-mars\/394164\/#breadcrumb"},"inLanguage":"fr-FR","potentialAction":[{"@type":"ReadAction","target":["https:\/\/www.webdo.tn\/fr\/actualite\/national\/la-justice-met-laffaire-seifeddine-makhlouf-en-delibere-au-11-mars\/394164\/"]}]},{"@type":"ImageObject","inLanguage":"fr-FR","@id":"https:\/\/www.webdo.tn\/fr\/actualite\/national\/la-justice-met-laffaire-seifeddine-makhlouf-en-delibere-au-11-mars\/394164\/#primaryimage","url":"https:\/\/www.webdo.tn\/fr\/wp-content\/uploads\/2026\/01\/Makhlouf.jpg","contentUrl":"https:\/\/www.webdo.tn\/fr\/wp-content\/uploads\/2026\/01\/Makhlouf.jpg","width":1200,"height":600,"caption":"La justice met l\u2019affaire Seifeddine Makhlouf en d\u00e9lib\u00e9r\u00e9 au 11 mars"},{"@type":"BreadcrumbList","@id":"https:\/\/www.webdo.tn\/fr\/actualite\/national\/la-justice-met-laffaire-seifeddine-makhlouf-en-delibere-au-11-mars\/394164\/#breadcrumb","itemListElement":[{"@type":"ListItem","position":1,"name":"Accueil","item":"https:\/\/www.webdo.tn\/fr\/"},{"@type":"ListItem","position":2,"name":"La justice met l\u2019affaire Seifeddine Makhlouf en d\u00e9lib\u00e9r\u00e9 au 11 mars"}]},{"@type":"WebSite","@id":"https:\/\/www.webdo.tn\/fr\/#website","url":"https:\/\/www.webdo.tn\/fr\/","name":"webdo","description":"Tunisie - News en Tunisie et \u00e0 l&#039;international sur Webdo.tn","publisher":{"@id":"https:\/\/www.webdo.tn\/fr\/#organization"},"potentialAction":[{"@type":"SearchAction","target":{"@type":"EntryPoint","urlTemplate":"https:\/\/www.webdo.tn\/fr\/?s={search_term_string}"},"query-input":{"@type":"PropertyValueSpecification","valueRequired":true,"valueName":"search_term_string"}}],"inLanguage":"fr-FR"},{"@type":"Organization","@id":"https:\/\/www.webdo.tn\/fr\/#organization","name":"Webdo","alternateName":"Webdo.tn","url":"https:\/\/www.webdo.tn\/fr\/","logo":{"@type":"ImageObject","inLanguage":"fr-FR","@id":"https:\/\/www.webdo.tn\/fr\/#\/schema\/logo\/image\/","url":"https:\/\/www.webdo.tn\/fr\/wp-content\/uploads\/2025\/06\/Webdo-Tunisie_168377.jpg","contentUrl":"https:\/\/www.webdo.tn\/fr\/wp-content\/uploads\/2025\/06\/Webdo-Tunisie_168377.jpg","width":301,"height":301,"caption":"Webdo"},"image":{"@id":"https:\/\/www.webdo.tn\/fr\/#\/schema\/logo\/image\/"},"sameAs":["https:\/\/www.facebook.com\/webdotn","https:\/\/x.com\/webdo_tn"],"description":"Webdo est un m\u00e9dia num\u00e9rique tunisien fond\u00e9 en 2010, sp\u00e9cialis\u00e9 dans l\u2019actualit\u00e9 nationale et internationale, l\u2019\u00e9conomie, la soci\u00e9t\u00e9 et les analyses politiques. Le site s\u2019adresse \u00e0 un large public francophone et couvre l\u2019information tunisienne en temps r\u00e9el.","email":"redac@webdo.tn","legalName":"YNJ SARL","foundingDate":"2010-09-06","numberOfEmployees":{"@type":"QuantitativeValue","minValue":"11","maxValue":"50"}},{"@type":"Person","@id":"https:\/\/www.webdo.tn\/fr\/#\/schema\/person\/16a4857e77dfc0b610c4c2cadffc9ac4","name":"Mohamed Fethi","image":{"@type":"ImageObject","inLanguage":"fr-FR","@id":"https:\/\/www.webdo.tn\/fr\/wp-content\/uploads\/2026\/04\/mohamed-fethi_avatar_1-96x96.jpg","url":"https:\/\/www.webdo.tn\/fr\/wp-content\/uploads\/2026\/04\/mohamed-fethi_avatar_1-96x96.jpg","contentUrl":"https:\/\/www.webdo.tn\/fr\/wp-content\/uploads\/2026\/04\/mohamed-fethi_avatar_1-96x96.jpg","caption":"Mohamed Fethi"},"description":"Signature \u00e9ditoriale de Maher Chaabane Mohamed Fethi est le pseudonyme \u00e9ditorial de Maher Chaabane, r\u00e9dacteur en chef de Webdo.tn depuis 2012. Cette signature est d\u00e9di\u00e9e au traitement intensif de l'actualit\u00e9 nationale et internationale en temps r\u00e9el. S'appuyant sur les deux d\u00e9cennies d'expertise journalistique de Maher Chaabane \u2014 d\u00e9but\u00e9e au sein du groupe Tunis Hebdo en 2000 \u2014 Mohamed Fethi assure une veille rigoureuse sur les enjeux politiques, \u00e9conomiques et sportifs. Sa mission est de garantir une information structur\u00e9e, fluide et fid\u00e8le aux standards de la r\u00e9daction. Pour consulter le parcours complet du r\u00e9dacteur en chef, visitez le profil officiel de Maher Chaabane.","knowsAbout":["actualit\u00e9","journalisme","information","politique","sport","m\u00e9dias","actualit\u00e9 internationale"],"knowsLanguage":["Fran\u00e7ais","Arabe"],"jobTitle":"Journaliste \u2013 R\u00e9daction Webdo","worksFor":"Webdo.tn","url":"https:\/\/www.webdo.tn\/fr\/actualite\/author\/mohamed-fethi\/"}]}},"_links":{"self":[{"href":"https:\/\/www.webdo.tn\/fr\/wp-json\/wp\/v2\/posts\/394164","targetHints":{"allow":["GET"]}}],"collection":[{"href":"https:\/\/www.webdo.tn\/fr\/wp-json\/wp\/v2\/posts"}],"about":[{"href":"https:\/\/www.webdo.tn\/fr\/wp-json\/wp\/v2\/types\/post"}],"author":[{"embeddable":true,"href":"https:\/\/www.webdo.tn\/fr\/wp-json\/wp\/v2\/users\/4782"}],"replies":[{"embeddable":true,"href":"https:\/\/www.webdo.tn\/fr\/wp-json\/wp\/v2\/comments?post=394164"}],"version-history":[{"count":0,"href":"https:\/\/www.webdo.tn\/fr\/wp-json\/wp\/v2\/posts\/394164\/revisions"}],"wp:featuredmedia":[{"embeddable":true,"href":"https:\/\/www.webdo.tn\/fr\/wp-json\/wp\/v2\/media\/391340"}],"wp:attachment":[{"href":"https:\/\/www.webdo.tn\/fr\/wp-json\/wp\/v2\/media?parent=394164"}],"wp:term":[{"taxonomy":"category","embeddable":true,"href":"https:\/\/www.webdo.tn\/fr\/wp-json\/wp\/v2\/categories?post=394164"},{"taxonomy":"post_tag","embeddable":true,"href":"https:\/\/www.webdo.tn\/fr\/wp-json\/wp\/v2\/tags?post=394164"}],"curies":[{"name":"wp","href":"https:\/\/api.w.org\/{rel}","templated":true}]}}