{"id":394149,"date":"2026-03-05T13:57:44","date_gmt":"2026-03-05T12:57:44","guid":{"rendered":"https:\/\/www.webdo.tn\/fr\/?p=394149"},"modified":"2026-03-05T13:57:46","modified_gmt":"2026-03-05T12:57:46","slug":"linflation-repart-legerement-a-la-hausse-en-tunisie","status":"publish","type":"post","link":"https:\/\/www.webdo.tn\/fr\/actualite\/national\/linflation-repart-legerement-a-la-hausse-en-tunisie\/394149\/","title":{"rendered":"L\u2019inflation repart l\u00e9g\u00e8rement \u00e0 la hausse en Tunisie"},"content":{"rendered":"\n<p><strong>L\u2019inflation repart l\u00e9g\u00e8rement \u00e0 la hausse en Tunisie. En f\u00e9vrier 2026, le taux d\u2019inflation au niveau de la consommation des m\u00e9nages a atteint 5 %, contre 4,8 % en janvier, selon les donn\u00e9es publi\u00e9es jeudi par Institut national de la statistique.<\/strong><\/p>\n\n\n\n<p>Cette progression s\u2019explique principalement par l\u2019acc\u00e9l\u00e9ration de la hausse des prix des produits alimentaires. Le rythme d\u2019augmentation de cette cat\u00e9gorie a atteint 6,7 % en f\u00e9vrier, contre 5,9 % le mois pr\u00e9c\u00e9dent. \u00c0 l\u2019inverse, la hausse des prix de l\u2019habillement et des chaussures a l\u00e9g\u00e8rement ralenti, passant de 10 % en janvier \u00e0 8,9 % en f\u00e9vrier.<\/p>\n\n\n\n<h2 class=\"wp-block-heading\" id=\"h-des-produits-alimentaires-sous-pression\">Des produits alimentaires sous pression<\/h2>\n\n\n\n<p>En glissement annuel, les prix des produits alimentaires ont augment\u00e9 de 7,6 %. Cette \u00e9volution est tir\u00e9e par plusieurs produits de base dont les prix ont fortement progress\u00e9.<\/p>\n\n\n\n<p>Les fruits affichent la hausse la plus marqu\u00e9e, avec une augmentation de 17,7 %. Les prix de la viande ovine ont \u00e9galement grimp\u00e9 de 16,3 %, tandis que ceux du poisson frais ont progress\u00e9 de 14 %. Les volailles enregistrent aussi une hausse notable de 12,8 %.<\/p>\n\n\n\n<p class=\"has-medium-font-size\"><strong>Lire aussi<\/strong> : <a href=\"https:\/\/www.webdo.tn\/fr\/actualite\/national\/inflation-en-net-reflux-lindice-des-prix-recule-a-53-en-2025\/390711\/\">Inflation en net reflux : L\u2019indice des prix recule \u00e0 5,3% en 2025<\/a><\/p>\n\n\n\n<p>\u00c0 l\u2019inverse, certaines cat\u00e9gories connaissent une baisse. Les prix des huiles alimentaires ont ainsi recul\u00e9 de 10,3 %, contribuant \u00e0 att\u00e9nuer partiellement la pression inflationniste dans l\u2019alimentation.<\/p>\n\n\n\n<h2 class=\"wp-block-heading\" id=\"h-hausse-moderee-des-produits-manufactures-et-des-services\">Hausse mod\u00e9r\u00e9e des produits manufactur\u00e9s et des services<\/h2>\n\n\n\n<p>Les prix des produits manufactur\u00e9s ont augment\u00e9 de 4,6 % sur un an en f\u00e9vrier 2026. Cette \u00e9volution est notamment li\u00e9e \u00e0 la hausse des prix des v\u00eatements et chaussures, en progression de 8,9 %, ainsi qu\u2019\u00e0 celle des produits de nettoyage, en hausse de 4,8 %.<\/p>\n\n\n\n<p>Du c\u00f4t\u00e9 des services, l\u2019augmentation est estim\u00e9e \u00e0 3,8 % en glissement annuel. Cette \u00e9volution est en grande partie li\u00e9e \u00e0 la hausse des tarifs dans l\u2019h\u00f4tellerie, les services des h\u00f4tels ayant progress\u00e9 de 11,3 %.<\/p>\n\n\n\n<h2 class=\"wp-block-heading\" id=\"h-inflation-sous-jacente-en-leger-recul\">Inflation sous-jacente en l\u00e9ger recul<\/h2>\n\n\n\n<p>Parall\u00e8lement, l\u2019inflation sous-jacente \u2014 qui exclut les produits alimentaires et l\u2019\u00e9nergie \u2014 a recul\u00e9 \u00e0 4,6 % en f\u00e9vrier, contre 4,9 % en janvier. Cette \u00e9volution sugg\u00e8re un ralentissement relatif des tensions inflationnistes dans certains secteurs.<\/p>\n\n\n\n<p><\/p>\n","protected":false},"excerpt":{"rendered":"<p>L\u2019inflation repart l\u00e9g\u00e8rement \u00e0 la hausse en Tunisie. En f\u00e9vrier 2026, le taux d\u2019inflation au niveau de la consommation des m\u00e9nages a atteint 5 %, contre 4,8 % en janvier, selon les donn\u00e9es publi\u00e9es jeudi par Institut national de la statistique. Cette progression s\u2019explique principalement par l\u2019acc\u00e9l\u00e9ration de la hausse des prix des produits alimentaires. [&hellip;]<\/p>\n","protected":false},"author":3184,"featured_media":387014,"comment_status":"closed","ping_status":"closed","sticky":false,"template":"","format":"standard","meta":{"footnotes":""},"categories":[44],"tags":[2610,2608],"class_list":["post-394149","post","type-post","status-publish","format-standard","has-post-thumbnail","hentry","category-national","tag-inflation","tag-tunisie"],"yoast_head":"<!-- This site is optimized with the Yoast SEO Premium plugin v27.5 (Yoast SEO v27.5) - https:\/\/yoast.com\/product\/yoast-seo-premium-wordpress\/ -->\n<title>L\u2019inflation repart l\u00e9g\u00e8rement \u00e0 la hausse en Tunisie - webdo<\/title>\n<meta name=\"description\" content=\"D\u00e9couvrez l&#039;\u00e9volution de l&#039;inflation en Tunisie avec un taux atteignant 5 % en f\u00e9vrier 2026, principalement \u00e0 cause des prix alimentaires.\" \/>\n<link rel=\"canonical\" href=\"https:\/\/www.webdo.tn\/fr\/actualite\/national\/linflation-repart-legerement-a-la-hausse-en-tunisie\/394149\/\" \/>\n<meta property=\"og:locale\" content=\"fr_FR\" \/>\n<meta property=\"og:type\" content=\"article\" \/>\n<meta property=\"og:title\" content=\"L\u2019inflation repart l\u00e9g\u00e8rement \u00e0 la hausse en Tunisie\" \/>\n<meta property=\"og:description\" content=\"D\u00e9couvrez l&#039;\u00e9volution de l&#039;inflation en Tunisie avec un taux atteignant 5 % en f\u00e9vrier 2026, principalement \u00e0 cause des prix alimentaires.\" \/>\n<meta property=\"og:url\" content=\"https:\/\/www.webdo.tn\/fr\/actualite\/national\/linflation-repart-legerement-a-la-hausse-en-tunisie\/394149\/\" \/>\n<meta property=\"og:site_name\" content=\"webdo\" \/>\n<meta property=\"article:publisher\" content=\"https:\/\/www.facebook.com\/webdotn\" \/>\n<meta property=\"article:published_time\" content=\"2026-03-05T12:57:44+00:00\" \/>\n<meta property=\"article:modified_time\" content=\"2026-03-05T12:57:46+00:00\" \/>\n<meta property=\"og:image\" content=\"https:\/\/www.webdo.tn\/fr\/wp-content\/uploads\/2025\/11\/inflation.jpg\" \/>\n\t<meta property=\"og:image:width\" content=\"1200\" \/>\n\t<meta property=\"og:image:height\" content=\"600\" \/>\n\t<meta property=\"og:image:type\" content=\"image\/jpeg\" \/>\n<meta name=\"author\" content=\"Wided Belhaj\" \/>\n<meta name=\"twitter:card\" content=\"summary_large_image\" \/>\n<meta name=\"twitter:creator\" content=\"@webdo_tn\" \/>\n<meta name=\"twitter:site\" content=\"@webdo_tn\" \/>\n<meta name=\"twitter:label1\" content=\"\u00c9crit par\" \/>\n\t<meta name=\"twitter:data1\" content=\"Wided Belhaj\" \/>\n\t<meta name=\"twitter:label2\" content=\"Dur\u00e9e de lecture estim\u00e9e\" \/>\n\t<meta name=\"twitter:data2\" content=\"2 minutes\" \/>\n<script type=\"application\/ld+json\" class=\"yoast-schema-graph\">{\"@context\":\"https:\\\/\\\/schema.org\",\"@graph\":[{\"@type\":\"NewsArticle\",\"@id\":\"https:\\\/\\\/www.webdo.tn\\\/fr\\\/actualite\\\/national\\\/linflation-repart-legerement-a-la-hausse-en-tunisie\\\/394149\\\/#article\",\"isPartOf\":{\"@id\":\"https:\\\/\\\/www.webdo.tn\\\/fr\\\/actualite\\\/national\\\/linflation-repart-legerement-a-la-hausse-en-tunisie\\\/394149\\\/\"},\"author\":{\"name\":\"Wided Belhaj\",\"@id\":\"https:\\\/\\\/www.webdo.tn\\\/fr\\\/#\\\/schema\\\/person\\\/b9ecde7a5574cb4fcf4b496ea5fadb15\"},\"headline\":\"L\u2019inflation repart l\u00e9g\u00e8rement \u00e0 la hausse en Tunisie\",\"datePublished\":\"2026-03-05T12:57:44+00:00\",\"dateModified\":\"2026-03-05T12:57:46+00:00\",\"mainEntityOfPage\":{\"@id\":\"https:\\\/\\\/www.webdo.tn\\\/fr\\\/actualite\\\/national\\\/linflation-repart-legerement-a-la-hausse-en-tunisie\\\/394149\\\/\"},\"wordCount\":356,\"publisher\":{\"@id\":\"https:\\\/\\\/www.webdo.tn\\\/fr\\\/#organization\"},\"image\":{\"@id\":\"https:\\\/\\\/www.webdo.tn\\\/fr\\\/actualite\\\/national\\\/linflation-repart-legerement-a-la-hausse-en-tunisie\\\/394149\\\/#primaryimage\"},\"thumbnailUrl\":\"https:\\\/\\\/www.webdo.tn\\\/fr\\\/wp-content\\\/uploads\\\/2025\\\/11\\\/inflation.jpg\",\"keywords\":[\"inflation\",\"Tunisie\"],\"articleSection\":[\"National\"],\"inLanguage\":\"fr-FR\"},{\"@type\":\"WebPage\",\"@id\":\"https:\\\/\\\/www.webdo.tn\\\/fr\\\/actualite\\\/national\\\/linflation-repart-legerement-a-la-hausse-en-tunisie\\\/394149\\\/\",\"url\":\"https:\\\/\\\/www.webdo.tn\\\/fr\\\/actualite\\\/national\\\/linflation-repart-legerement-a-la-hausse-en-tunisie\\\/394149\\\/\",\"name\":\"L\u2019inflation repart l\u00e9g\u00e8rement \u00e0 la hausse en Tunisie - webdo\",\"isPartOf\":{\"@id\":\"https:\\\/\\\/www.webdo.tn\\\/fr\\\/#website\"},\"primaryImageOfPage\":{\"@id\":\"https:\\\/\\\/www.webdo.tn\\\/fr\\\/actualite\\\/national\\\/linflation-repart-legerement-a-la-hausse-en-tunisie\\\/394149\\\/#primaryimage\"},\"image\":{\"@id\":\"https:\\\/\\\/www.webdo.tn\\\/fr\\\/actualite\\\/national\\\/linflation-repart-legerement-a-la-hausse-en-tunisie\\\/394149\\\/#primaryimage\"},\"thumbnailUrl\":\"https:\\\/\\\/www.webdo.tn\\\/fr\\\/wp-content\\\/uploads\\\/2025\\\/11\\\/inflation.jpg\",\"datePublished\":\"2026-03-05T12:57:44+00:00\",\"dateModified\":\"2026-03-05T12:57:46+00:00\",\"description\":\"D\u00e9couvrez l'\u00e9volution de l'inflation en Tunisie avec un taux atteignant 5 % en f\u00e9vrier 2026, principalement \u00e0 cause des prix alimentaires.\",\"breadcrumb\":{\"@id\":\"https:\\\/\\\/www.webdo.tn\\\/fr\\\/actualite\\\/national\\\/linflation-repart-legerement-a-la-hausse-en-tunisie\\\/394149\\\/#breadcrumb\"},\"inLanguage\":\"fr-FR\",\"potentialAction\":[{\"@type\":\"ReadAction\",\"target\":[\"https:\\\/\\\/www.webdo.tn\\\/fr\\\/actualite\\\/national\\\/linflation-repart-legerement-a-la-hausse-en-tunisie\\\/394149\\\/\"]}]},{\"@type\":\"ImageObject\",\"inLanguage\":\"fr-FR\",\"@id\":\"https:\\\/\\\/www.webdo.tn\\\/fr\\\/actualite\\\/national\\\/linflation-repart-legerement-a-la-hausse-en-tunisie\\\/394149\\\/#primaryimage\",\"url\":\"https:\\\/\\\/www.webdo.tn\\\/fr\\\/wp-content\\\/uploads\\\/2025\\\/11\\\/inflation.jpg\",\"contentUrl\":\"https:\\\/\\\/www.webdo.tn\\\/fr\\\/wp-content\\\/uploads\\\/2025\\\/11\\\/inflation.jpg\",\"width\":1200,\"height\":600,\"caption\":\"Inflation en janvier : L\u00e9ger repli \u00e0 4,8%\"},{\"@type\":\"BreadcrumbList\",\"@id\":\"https:\\\/\\\/www.webdo.tn\\\/fr\\\/actualite\\\/national\\\/linflation-repart-legerement-a-la-hausse-en-tunisie\\\/394149\\\/#breadcrumb\",\"itemListElement\":[{\"@type\":\"ListItem\",\"position\":1,\"name\":\"Accueil\",\"item\":\"https:\\\/\\\/www.webdo.tn\\\/fr\\\/\"},{\"@type\":\"ListItem\",\"position\":2,\"name\":\"L\u2019inflation repart l\u00e9g\u00e8rement \u00e0 la hausse en Tunisie\"}]},{\"@type\":\"WebSite\",\"@id\":\"https:\\\/\\\/www.webdo.tn\\\/fr\\\/#website\",\"url\":\"https:\\\/\\\/www.webdo.tn\\\/fr\\\/\",\"name\":\"webdo\",\"description\":\"Tunisie - News en Tunisie et \u00e0 l&#039;international sur Webdo.tn\",\"publisher\":{\"@id\":\"https:\\\/\\\/www.webdo.tn\\\/fr\\\/#organization\"},\"potentialAction\":[{\"@type\":\"SearchAction\",\"target\":{\"@type\":\"EntryPoint\",\"urlTemplate\":\"https:\\\/\\\/www.webdo.tn\\\/fr\\\/?s={search_term_string}\"},\"query-input\":{\"@type\":\"PropertyValueSpecification\",\"valueRequired\":true,\"valueName\":\"search_term_string\"}}],\"inLanguage\":\"fr-FR\"},{\"@type\":\"Organization\",\"@id\":\"https:\\\/\\\/www.webdo.tn\\\/fr\\\/#organization\",\"name\":\"Webdo\",\"alternateName\":\"Webdo.tn\",\"url\":\"https:\\\/\\\/www.webdo.tn\\\/fr\\\/\",\"logo\":{\"@type\":\"ImageObject\",\"inLanguage\":\"fr-FR\",\"@id\":\"https:\\\/\\\/www.webdo.tn\\\/fr\\\/#\\\/schema\\\/logo\\\/image\\\/\",\"url\":\"https:\\\/\\\/www.webdo.tn\\\/fr\\\/wp-content\\\/uploads\\\/2025\\\/06\\\/Webdo-Tunisie_168377.jpg\",\"contentUrl\":\"https:\\\/\\\/www.webdo.tn\\\/fr\\\/wp-content\\\/uploads\\\/2025\\\/06\\\/Webdo-Tunisie_168377.jpg\",\"width\":301,\"height\":301,\"caption\":\"Webdo\"},\"image\":{\"@id\":\"https:\\\/\\\/www.webdo.tn\\\/fr\\\/#\\\/schema\\\/logo\\\/image\\\/\"},\"sameAs\":[\"https:\\\/\\\/www.facebook.com\\\/webdotn\",\"https:\\\/\\\/x.com\\\/webdo_tn\"],\"description\":\"Webdo est un m\u00e9dia num\u00e9rique tunisien fond\u00e9 en 2010, sp\u00e9cialis\u00e9 dans l\u2019actualit\u00e9 nationale et internationale, l\u2019\u00e9conomie, la soci\u00e9t\u00e9 et les analyses politiques. Le site s\u2019adresse \u00e0 un large public francophone et couvre l\u2019information tunisienne en temps r\u00e9el.\",\"email\":\"redac@webdo.tn\",\"legalName\":\"YNJ SARL\",\"foundingDate\":\"2010-09-06\",\"numberOfEmployees\":{\"@type\":\"QuantitativeValue\",\"minValue\":\"11\",\"maxValue\":\"50\"}},{\"@type\":\"Person\",\"@id\":\"https:\\\/\\\/www.webdo.tn\\\/fr\\\/#\\\/schema\\\/person\\\/b9ecde7a5574cb4fcf4b496ea5fadb15\",\"name\":\"Wided Belhaj\",\"image\":{\"@type\":\"ImageObject\",\"inLanguage\":\"fr-FR\",\"@id\":\"https:\\\/\\\/www.webdo.tn\\\/fr\\\/wp-content\\\/uploads\\\/2026\\\/04\\\/wided-belhaj_avatar-96x96.jpg\",\"url\":\"https:\\\/\\\/www.webdo.tn\\\/fr\\\/wp-content\\\/uploads\\\/2026\\\/04\\\/wided-belhaj_avatar-96x96.jpg\",\"contentUrl\":\"https:\\\/\\\/www.webdo.tn\\\/fr\\\/wp-content\\\/uploads\\\/2026\\\/04\\\/wided-belhaj_avatar-96x96.jpg\",\"caption\":\"Wided Belhaj\"},\"description\":\"Wided Belhaj est le pseudonyme \u00e9ditorial utilis\u00e9 par Khalil Jelassi, journaliste, ma\u00eetre-assistant \u00e0 l\u2019Institut de presse et des sciences de l\u2019information (IPSI) et chercheur en sciences de l\u2019information et de la communication. Cette signature est d\u00e9di\u00e9e \u00e0 l\u2019analyse des m\u00e9dias, des pratiques journalistiques et des mutations de l\u2019information \u00e0 l\u2019\u00e8re digitale. \u00c0 travers ses contributions, Wided Belhaj propose une lecture analytique de l\u2019actualit\u00e9, en croisant regard critique et expertise acad\u00e9mique.\",\"knowsAbout\":[\"m\u00e9dias\",\"journalisme\",\"communication\",\"information\",\"transformation num\u00e9rique\",\"analyse des m\u00e9dias\"],\"knowsLanguage\":[\"Fran\u00e7ais\",\"Arabe\"],\"jobTitle\":\"Webdo.tn\",\"worksFor\":\"Journaliste \u2013 Analyse des m\u00e9dias\",\"url\":\"https:\\\/\\\/www.webdo.tn\\\/fr\\\/actualite\\\/author\\\/wided-belhaj\\\/\"}]}<\/script>\n<!-- \/ Yoast SEO Premium plugin. -->","yoast_head_json":{"title":"L\u2019inflation repart l\u00e9g\u00e8rement \u00e0 la hausse en Tunisie - webdo","description":"D\u00e9couvrez l'\u00e9volution de l'inflation en Tunisie avec un taux atteignant 5 % en f\u00e9vrier 2026, principalement \u00e0 cause des prix alimentaires.","canonical":"https:\/\/www.webdo.tn\/fr\/actualite\/national\/linflation-repart-legerement-a-la-hausse-en-tunisie\/394149\/","og_locale":"fr_FR","og_type":"article","og_title":"L\u2019inflation repart l\u00e9g\u00e8rement \u00e0 la hausse en Tunisie","og_description":"D\u00e9couvrez l'\u00e9volution de l'inflation en Tunisie avec un taux atteignant 5 % en f\u00e9vrier 2026, principalement \u00e0 cause des prix alimentaires.","og_url":"https:\/\/www.webdo.tn\/fr\/actualite\/national\/linflation-repart-legerement-a-la-hausse-en-tunisie\/394149\/","og_site_name":"webdo","article_publisher":"https:\/\/www.facebook.com\/webdotn","article_published_time":"2026-03-05T12:57:44+00:00","article_modified_time":"2026-03-05T12:57:46+00:00","og_image":[{"width":1200,"height":600,"url":"https:\/\/www.webdo.tn\/fr\/wp-content\/uploads\/2025\/11\/inflation.jpg","type":"image\/jpeg"}],"author":"Wided Belhaj","twitter_card":"summary_large_image","twitter_creator":"@webdo_tn","twitter_site":"@webdo_tn","twitter_misc":{"\u00c9crit par":"Wided Belhaj","Dur\u00e9e de lecture estim\u00e9e":"2 minutes"},"schema":{"@context":"https:\/\/schema.org","@graph":[{"@type":"NewsArticle","@id":"https:\/\/www.webdo.tn\/fr\/actualite\/national\/linflation-repart-legerement-a-la-hausse-en-tunisie\/394149\/#article","isPartOf":{"@id":"https:\/\/www.webdo.tn\/fr\/actualite\/national\/linflation-repart-legerement-a-la-hausse-en-tunisie\/394149\/"},"author":{"name":"Wided Belhaj","@id":"https:\/\/www.webdo.tn\/fr\/#\/schema\/person\/b9ecde7a5574cb4fcf4b496ea5fadb15"},"headline":"L\u2019inflation repart l\u00e9g\u00e8rement \u00e0 la hausse en Tunisie","datePublished":"2026-03-05T12:57:44+00:00","dateModified":"2026-03-05T12:57:46+00:00","mainEntityOfPage":{"@id":"https:\/\/www.webdo.tn\/fr\/actualite\/national\/linflation-repart-legerement-a-la-hausse-en-tunisie\/394149\/"},"wordCount":356,"publisher":{"@id":"https:\/\/www.webdo.tn\/fr\/#organization"},"image":{"@id":"https:\/\/www.webdo.tn\/fr\/actualite\/national\/linflation-repart-legerement-a-la-hausse-en-tunisie\/394149\/#primaryimage"},"thumbnailUrl":"https:\/\/www.webdo.tn\/fr\/wp-content\/uploads\/2025\/11\/inflation.jpg","keywords":["inflation","Tunisie"],"articleSection":["National"],"inLanguage":"fr-FR"},{"@type":"WebPage","@id":"https:\/\/www.webdo.tn\/fr\/actualite\/national\/linflation-repart-legerement-a-la-hausse-en-tunisie\/394149\/","url":"https:\/\/www.webdo.tn\/fr\/actualite\/national\/linflation-repart-legerement-a-la-hausse-en-tunisie\/394149\/","name":"L\u2019inflation repart l\u00e9g\u00e8rement \u00e0 la hausse en Tunisie - webdo","isPartOf":{"@id":"https:\/\/www.webdo.tn\/fr\/#website"},"primaryImageOfPage":{"@id":"https:\/\/www.webdo.tn\/fr\/actualite\/national\/linflation-repart-legerement-a-la-hausse-en-tunisie\/394149\/#primaryimage"},"image":{"@id":"https:\/\/www.webdo.tn\/fr\/actualite\/national\/linflation-repart-legerement-a-la-hausse-en-tunisie\/394149\/#primaryimage"},"thumbnailUrl":"https:\/\/www.webdo.tn\/fr\/wp-content\/uploads\/2025\/11\/inflation.jpg","datePublished":"2026-03-05T12:57:44+00:00","dateModified":"2026-03-05T12:57:46+00:00","description":"D\u00e9couvrez l'\u00e9volution de l'inflation en Tunisie avec un taux atteignant 5 % en f\u00e9vrier 2026, principalement \u00e0 cause des prix alimentaires.","breadcrumb":{"@id":"https:\/\/www.webdo.tn\/fr\/actualite\/national\/linflation-repart-legerement-a-la-hausse-en-tunisie\/394149\/#breadcrumb"},"inLanguage":"fr-FR","potentialAction":[{"@type":"ReadAction","target":["https:\/\/www.webdo.tn\/fr\/actualite\/national\/linflation-repart-legerement-a-la-hausse-en-tunisie\/394149\/"]}]},{"@type":"ImageObject","inLanguage":"fr-FR","@id":"https:\/\/www.webdo.tn\/fr\/actualite\/national\/linflation-repart-legerement-a-la-hausse-en-tunisie\/394149\/#primaryimage","url":"https:\/\/www.webdo.tn\/fr\/wp-content\/uploads\/2025\/11\/inflation.jpg","contentUrl":"https:\/\/www.webdo.tn\/fr\/wp-content\/uploads\/2025\/11\/inflation.jpg","width":1200,"height":600,"caption":"Inflation en janvier : L\u00e9ger repli \u00e0 4,8%"},{"@type":"BreadcrumbList","@id":"https:\/\/www.webdo.tn\/fr\/actualite\/national\/linflation-repart-legerement-a-la-hausse-en-tunisie\/394149\/#breadcrumb","itemListElement":[{"@type":"ListItem","position":1,"name":"Accueil","item":"https:\/\/www.webdo.tn\/fr\/"},{"@type":"ListItem","position":2,"name":"L\u2019inflation repart l\u00e9g\u00e8rement \u00e0 la hausse en Tunisie"}]},{"@type":"WebSite","@id":"https:\/\/www.webdo.tn\/fr\/#website","url":"https:\/\/www.webdo.tn\/fr\/","name":"webdo","description":"Tunisie - News en Tunisie et \u00e0 l&#039;international sur Webdo.tn","publisher":{"@id":"https:\/\/www.webdo.tn\/fr\/#organization"},"potentialAction":[{"@type":"SearchAction","target":{"@type":"EntryPoint","urlTemplate":"https:\/\/www.webdo.tn\/fr\/?s={search_term_string}"},"query-input":{"@type":"PropertyValueSpecification","valueRequired":true,"valueName":"search_term_string"}}],"inLanguage":"fr-FR"},{"@type":"Organization","@id":"https:\/\/www.webdo.tn\/fr\/#organization","name":"Webdo","alternateName":"Webdo.tn","url":"https:\/\/www.webdo.tn\/fr\/","logo":{"@type":"ImageObject","inLanguage":"fr-FR","@id":"https:\/\/www.webdo.tn\/fr\/#\/schema\/logo\/image\/","url":"https:\/\/www.webdo.tn\/fr\/wp-content\/uploads\/2025\/06\/Webdo-Tunisie_168377.jpg","contentUrl":"https:\/\/www.webdo.tn\/fr\/wp-content\/uploads\/2025\/06\/Webdo-Tunisie_168377.jpg","width":301,"height":301,"caption":"Webdo"},"image":{"@id":"https:\/\/www.webdo.tn\/fr\/#\/schema\/logo\/image\/"},"sameAs":["https:\/\/www.facebook.com\/webdotn","https:\/\/x.com\/webdo_tn"],"description":"Webdo est un m\u00e9dia num\u00e9rique tunisien fond\u00e9 en 2010, sp\u00e9cialis\u00e9 dans l\u2019actualit\u00e9 nationale et internationale, l\u2019\u00e9conomie, la soci\u00e9t\u00e9 et les analyses politiques. Le site s\u2019adresse \u00e0 un large public francophone et couvre l\u2019information tunisienne en temps r\u00e9el.","email":"redac@webdo.tn","legalName":"YNJ SARL","foundingDate":"2010-09-06","numberOfEmployees":{"@type":"QuantitativeValue","minValue":"11","maxValue":"50"}},{"@type":"Person","@id":"https:\/\/www.webdo.tn\/fr\/#\/schema\/person\/b9ecde7a5574cb4fcf4b496ea5fadb15","name":"Wided Belhaj","image":{"@type":"ImageObject","inLanguage":"fr-FR","@id":"https:\/\/www.webdo.tn\/fr\/wp-content\/uploads\/2026\/04\/wided-belhaj_avatar-96x96.jpg","url":"https:\/\/www.webdo.tn\/fr\/wp-content\/uploads\/2026\/04\/wided-belhaj_avatar-96x96.jpg","contentUrl":"https:\/\/www.webdo.tn\/fr\/wp-content\/uploads\/2026\/04\/wided-belhaj_avatar-96x96.jpg","caption":"Wided Belhaj"},"description":"Wided Belhaj est le pseudonyme \u00e9ditorial utilis\u00e9 par Khalil Jelassi, journaliste, ma\u00eetre-assistant \u00e0 l\u2019Institut de presse et des sciences de l\u2019information (IPSI) et chercheur en sciences de l\u2019information et de la communication. Cette signature est d\u00e9di\u00e9e \u00e0 l\u2019analyse des m\u00e9dias, des pratiques journalistiques et des mutations de l\u2019information \u00e0 l\u2019\u00e8re digitale. \u00c0 travers ses contributions, Wided Belhaj propose une lecture analytique de l\u2019actualit\u00e9, en croisant regard critique et expertise acad\u00e9mique.","knowsAbout":["m\u00e9dias","journalisme","communication","information","transformation num\u00e9rique","analyse des m\u00e9dias"],"knowsLanguage":["Fran\u00e7ais","Arabe"],"jobTitle":"Webdo.tn","worksFor":"Journaliste \u2013 Analyse des m\u00e9dias","url":"https:\/\/www.webdo.tn\/fr\/actualite\/author\/wided-belhaj\/"}]}},"_links":{"self":[{"href":"https:\/\/www.webdo.tn\/fr\/wp-json\/wp\/v2\/posts\/394149","targetHints":{"allow":["GET"]}}],"collection":[{"href":"https:\/\/www.webdo.tn\/fr\/wp-json\/wp\/v2\/posts"}],"about":[{"href":"https:\/\/www.webdo.tn\/fr\/wp-json\/wp\/v2\/types\/post"}],"author":[{"embeddable":true,"href":"https:\/\/www.webdo.tn\/fr\/wp-json\/wp\/v2\/users\/3184"}],"replies":[{"embeddable":true,"href":"https:\/\/www.webdo.tn\/fr\/wp-json\/wp\/v2\/comments?post=394149"}],"version-history":[{"count":0,"href":"https:\/\/www.webdo.tn\/fr\/wp-json\/wp\/v2\/posts\/394149\/revisions"}],"wp:featuredmedia":[{"embeddable":true,"href":"https:\/\/www.webdo.tn\/fr\/wp-json\/wp\/v2\/media\/387014"}],"wp:attachment":[{"href":"https:\/\/www.webdo.tn\/fr\/wp-json\/wp\/v2\/media?parent=394149"}],"wp:term":[{"taxonomy":"category","embeddable":true,"href":"https:\/\/www.webdo.tn\/fr\/wp-json\/wp\/v2\/categories?post=394149"},{"taxonomy":"post_tag","embeddable":true,"href":"https:\/\/www.webdo.tn\/fr\/wp-json\/wp\/v2\/tags?post=394149"}],"curies":[{"name":"wp","href":"https:\/\/api.w.org\/{rel}","templated":true}]}}