{"id":394133,"date":"2026-03-05T11:39:16","date_gmt":"2026-03-05T10:39:16","guid":{"rendered":"https:\/\/www.webdo.tn\/fr\/?p=394133"},"modified":"2026-03-05T11:39:19","modified_gmt":"2026-03-05T10:39:19","slug":"perturbations-meteorologiques-tous-les-gouvernorats-places-en-vigilance-jaune","status":"publish","type":"post","link":"https:\/\/www.webdo.tn\/fr\/actualite\/national\/perturbations-meteorologiques-tous-les-gouvernorats-places-en-vigilance-jaune\/394133\/","title":{"rendered":"Perturbations m\u00e9t\u00e9orologiques : Tous les gouvernorats plac\u00e9s en vigilance jaune"},"content":{"rendered":"\n<p><strong>L\u2019ensemble des gouvernorats tunisiens a \u00e9t\u00e9 plac\u00e9 en vigilance jaune ce jeudi 5 mars 2026, en raison de perturbations m\u00e9t\u00e9orologiques attendues sur tout le pays. L\u2019Institut national de la m\u00e9t\u00e9orologie (INM) met en garde contre des cellules orageuses locales pouvant provoquer des pluies et des chutes de gr\u00eale par endroits.<\/strong><\/p>\n\n\n\n<h2 class=\"wp-block-heading\" id=\"h-vigilance-jaune-et-recommandations\">Vigilance jaune et recommandations<\/h2>\n\n\n\n<p>La vigilance jaune impose une attention particuli\u00e8re pour toutes les activit\u00e9s sensibles aux risques m\u00e9t\u00e9orologiques. L\u2019INM souligne que cette alerte concerne \u00e9galement les services de s\u00e9curit\u00e9 civile et les autorit\u00e9s sanitaires, afin qu\u2019ils puissent alerter et mobiliser leurs \u00e9quipes respectives. Les citoyens sont invit\u00e9s \u00e0 suivre les recommandations pour \u00e9viter tout incident.<\/p>\n\n\n\n<blockquote class=\"wp-block-quote is-layout-flow wp-block-quote-is-layout-flow\">\n<blockquote class=\"wp-block-quote is-layout-flow wp-block-quote-is-layout-flow\">\n<ul class=\"wp-block-list\">\n<li class=\"has-medium-font-size\"><strong>Lire aussi :<\/strong> <a href=\"https:\/\/www.webdo.tn\/fr\/actualite\/national\/tunisie-meteo-pluies-orageuses-et-baisse-des-temperatures-sur-plusieurs-regions\/394115\/\">Tunisie \u2013 M\u00e9t\u00e9o : Pluies orageuses et baisse des temp\u00e9ratures sur plusieurs r\u00e9gions<\/a><\/li>\n<\/ul>\n<\/blockquote>\n<\/blockquote>\n\n\n\n<h2 class=\"wp-block-heading\" id=\"h-suivi-permanent-et-actualisation\">Suivi permanent et actualisation<\/h2>\n\n\n\n<p>La carte de vigilance est actualis\u00e9e au moins deux fois par jour, \u00e0 7h et 17h, pour signaler tout danger susceptible de toucher un ou plusieurs gouvernorats dans les prochaines 24 heures. Cette mesure permet d\u2019informer en temps r\u00e9el la population et les autorit\u00e9s sur l\u2019\u00e9volution de la situation m\u00e9t\u00e9orologique et d\u2019assurer une meilleure pr\u00e9paration face aux risques.<\/p>\n\n\n\n<p>Rappelons que l\u2019INM pr\u00e9voit un changement notable des conditions m\u00e9t\u00e9orologiques ce jeudi 5 mars avec des pluies orageuses attendues d\u2019abord \u00e0 l\u2019ouest, puis sur le reste du pays durant la nuit. Les pr\u00e9cipitations gagneront les autres r\u00e9gions du pays au cours de la nuit et pourraient \u00eatre localement intenses, avec un risque de chutes de gr\u00eale par endroits.<\/p>\n","protected":false},"excerpt":{"rendered":"<p>L\u2019ensemble des gouvernorats tunisiens a \u00e9t\u00e9 plac\u00e9 en vigilance jaune ce jeudi 5 mars 2026, en raison de perturbations m\u00e9t\u00e9orologiques attendues sur tout le pays. L\u2019Institut national de la m\u00e9t\u00e9orologie (INM) met en garde contre des cellules orageuses locales pouvant provoquer des pluies et des chutes de gr\u00eale par endroits. Vigilance jaune et recommandations La [&hellip;]<\/p>\n","protected":false},"author":4782,"featured_media":394134,"comment_status":"closed","ping_status":"closed","sticky":false,"template":"","format":"standard","meta":{"footnotes":""},"categories":[44],"tags":[2670,3163,2608,12791],"class_list":["post-394133","post","type-post","status-publish","format-standard","has-post-thumbnail","hentry","category-national","tag-meteo","tag-pluies","tag-tunisie","tag-vigilance-jaune"],"yoast_head":"<!-- This site is optimized with the Yoast SEO Premium plugin v27.5 (Yoast SEO v27.5) - https:\/\/yoast.com\/product\/yoast-seo-premium-wordpress\/ -->\n<title>Perturbations m\u00e9t\u00e9orologiques : Tous les gouvernorats plac\u00e9s en vigilance jaune - webdo<\/title>\n<meta name=\"description\" content=\"L&#039;Institut national de la m\u00e9t\u00e9orologie met en garde : gouvernorats en vigilance jaune. Suivez les recommandations pour votre s\u00e9curit\u00e9.\" \/>\n<link rel=\"canonical\" href=\"https:\/\/www.webdo.tn\/fr\/actualite\/national\/perturbations-meteorologiques-tous-les-gouvernorats-places-en-vigilance-jaune\/394133\/\" \/>\n<meta property=\"og:locale\" content=\"fr_FR\" \/>\n<meta property=\"og:type\" content=\"article\" \/>\n<meta property=\"og:title\" content=\"Perturbations m\u00e9t\u00e9orologiques : Tous les gouvernorats plac\u00e9s en vigilance jaune\" \/>\n<meta property=\"og:description\" content=\"L&#039;Institut national de la m\u00e9t\u00e9orologie met en garde : gouvernorats en vigilance jaune. Suivez les recommandations pour votre s\u00e9curit\u00e9.\" \/>\n<meta property=\"og:url\" content=\"https:\/\/www.webdo.tn\/fr\/actualite\/national\/perturbations-meteorologiques-tous-les-gouvernorats-places-en-vigilance-jaune\/394133\/\" \/>\n<meta property=\"og:site_name\" content=\"webdo\" \/>\n<meta property=\"article:publisher\" content=\"https:\/\/www.facebook.com\/webdotn\" \/>\n<meta property=\"article:published_time\" content=\"2026-03-05T10:39:16+00:00\" \/>\n<meta property=\"article:modified_time\" content=\"2026-03-05T10:39:19+00:00\" \/>\n<meta property=\"og:image\" content=\"https:\/\/www.webdo.tn\/fr\/wp-content\/uploads\/2026\/03\/meteo.jpg\" \/>\n\t<meta property=\"og:image:width\" content=\"1205\" \/>\n\t<meta property=\"og:image:height\" content=\"600\" \/>\n\t<meta property=\"og:image:type\" content=\"image\/jpeg\" \/>\n<meta name=\"author\" content=\"Mohamed Fethi\" \/>\n<meta name=\"twitter:card\" content=\"summary_large_image\" \/>\n<meta name=\"twitter:creator\" content=\"@webdo_tn\" \/>\n<meta name=\"twitter:site\" content=\"@webdo_tn\" \/>\n<meta name=\"twitter:label1\" content=\"\u00c9crit par\" \/>\n\t<meta name=\"twitter:data1\" content=\"Mohamed Fethi\" \/>\n\t<meta name=\"twitter:label2\" content=\"Dur\u00e9e de lecture estim\u00e9e\" \/>\n\t<meta name=\"twitter:data2\" content=\"2 minutes\" \/>\n<script type=\"application\/ld+json\" class=\"yoast-schema-graph\">{\"@context\":\"https:\\\/\\\/schema.org\",\"@graph\":[{\"@type\":\"NewsArticle\",\"@id\":\"https:\\\/\\\/www.webdo.tn\\\/fr\\\/actualite\\\/national\\\/perturbations-meteorologiques-tous-les-gouvernorats-places-en-vigilance-jaune\\\/394133\\\/#article\",\"isPartOf\":{\"@id\":\"https:\\\/\\\/www.webdo.tn\\\/fr\\\/actualite\\\/national\\\/perturbations-meteorologiques-tous-les-gouvernorats-places-en-vigilance-jaune\\\/394133\\\/\"},\"author\":{\"name\":\"Mohamed Fethi\",\"@id\":\"https:\\\/\\\/www.webdo.tn\\\/fr\\\/#\\\/schema\\\/person\\\/16a4857e77dfc0b610c4c2cadffc9ac4\"},\"headline\":\"Perturbations m\u00e9t\u00e9orologiques : Tous les gouvernorats plac\u00e9s en vigilance jaune\",\"datePublished\":\"2026-03-05T10:39:16+00:00\",\"dateModified\":\"2026-03-05T10:39:19+00:00\",\"mainEntityOfPage\":{\"@id\":\"https:\\\/\\\/www.webdo.tn\\\/fr\\\/actualite\\\/national\\\/perturbations-meteorologiques-tous-les-gouvernorats-places-en-vigilance-jaune\\\/394133\\\/\"},\"wordCount\":282,\"publisher\":{\"@id\":\"https:\\\/\\\/www.webdo.tn\\\/fr\\\/#organization\"},\"image\":{\"@id\":\"https:\\\/\\\/www.webdo.tn\\\/fr\\\/actualite\\\/national\\\/perturbations-meteorologiques-tous-les-gouvernorats-places-en-vigilance-jaune\\\/394133\\\/#primaryimage\"},\"thumbnailUrl\":\"https:\\\/\\\/www.webdo.tn\\\/fr\\\/wp-content\\\/uploads\\\/2026\\\/03\\\/meteo.jpg\",\"keywords\":[\"m\u00e9t\u00e9o\",\"pluies\",\"Tunisie\",\"vigilance jaune\"],\"articleSection\":[\"National\"],\"inLanguage\":\"fr-FR\"},{\"@type\":\"WebPage\",\"@id\":\"https:\\\/\\\/www.webdo.tn\\\/fr\\\/actualite\\\/national\\\/perturbations-meteorologiques-tous-les-gouvernorats-places-en-vigilance-jaune\\\/394133\\\/\",\"url\":\"https:\\\/\\\/www.webdo.tn\\\/fr\\\/actualite\\\/national\\\/perturbations-meteorologiques-tous-les-gouvernorats-places-en-vigilance-jaune\\\/394133\\\/\",\"name\":\"Perturbations m\u00e9t\u00e9orologiques : Tous les gouvernorats plac\u00e9s en vigilance jaune - webdo\",\"isPartOf\":{\"@id\":\"https:\\\/\\\/www.webdo.tn\\\/fr\\\/#website\"},\"primaryImageOfPage\":{\"@id\":\"https:\\\/\\\/www.webdo.tn\\\/fr\\\/actualite\\\/national\\\/perturbations-meteorologiques-tous-les-gouvernorats-places-en-vigilance-jaune\\\/394133\\\/#primaryimage\"},\"image\":{\"@id\":\"https:\\\/\\\/www.webdo.tn\\\/fr\\\/actualite\\\/national\\\/perturbations-meteorologiques-tous-les-gouvernorats-places-en-vigilance-jaune\\\/394133\\\/#primaryimage\"},\"thumbnailUrl\":\"https:\\\/\\\/www.webdo.tn\\\/fr\\\/wp-content\\\/uploads\\\/2026\\\/03\\\/meteo.jpg\",\"datePublished\":\"2026-03-05T10:39:16+00:00\",\"dateModified\":\"2026-03-05T10:39:19+00:00\",\"description\":\"L'Institut national de la m\u00e9t\u00e9orologie met en garde : gouvernorats en vigilance jaune. Suivez les recommandations pour votre s\u00e9curit\u00e9.\",\"breadcrumb\":{\"@id\":\"https:\\\/\\\/www.webdo.tn\\\/fr\\\/actualite\\\/national\\\/perturbations-meteorologiques-tous-les-gouvernorats-places-en-vigilance-jaune\\\/394133\\\/#breadcrumb\"},\"inLanguage\":\"fr-FR\",\"potentialAction\":[{\"@type\":\"ReadAction\",\"target\":[\"https:\\\/\\\/www.webdo.tn\\\/fr\\\/actualite\\\/national\\\/perturbations-meteorologiques-tous-les-gouvernorats-places-en-vigilance-jaune\\\/394133\\\/\"]}]},{\"@type\":\"ImageObject\",\"inLanguage\":\"fr-FR\",\"@id\":\"https:\\\/\\\/www.webdo.tn\\\/fr\\\/actualite\\\/national\\\/perturbations-meteorologiques-tous-les-gouvernorats-places-en-vigilance-jaune\\\/394133\\\/#primaryimage\",\"url\":\"https:\\\/\\\/www.webdo.tn\\\/fr\\\/wp-content\\\/uploads\\\/2026\\\/03\\\/meteo.jpg\",\"contentUrl\":\"https:\\\/\\\/www.webdo.tn\\\/fr\\\/wp-content\\\/uploads\\\/2026\\\/03\\\/meteo.jpg\",\"width\":1205,\"height\":600,\"caption\":\"Perturbations m\u00e9t\u00e9orologiques : Tous les gouvernorats plac\u00e9s en vigilance jaune\"},{\"@type\":\"BreadcrumbList\",\"@id\":\"https:\\\/\\\/www.webdo.tn\\\/fr\\\/actualite\\\/national\\\/perturbations-meteorologiques-tous-les-gouvernorats-places-en-vigilance-jaune\\\/394133\\\/#breadcrumb\",\"itemListElement\":[{\"@type\":\"ListItem\",\"position\":1,\"name\":\"Accueil\",\"item\":\"https:\\\/\\\/www.webdo.tn\\\/fr\\\/\"},{\"@type\":\"ListItem\",\"position\":2,\"name\":\"Perturbations m\u00e9t\u00e9orologiques : Tous les gouvernorats plac\u00e9s en vigilance jaune\"}]},{\"@type\":\"WebSite\",\"@id\":\"https:\\\/\\\/www.webdo.tn\\\/fr\\\/#website\",\"url\":\"https:\\\/\\\/www.webdo.tn\\\/fr\\\/\",\"name\":\"webdo\",\"description\":\"Tunisie - News en Tunisie et \u00e0 l&#039;international sur Webdo.tn\",\"publisher\":{\"@id\":\"https:\\\/\\\/www.webdo.tn\\\/fr\\\/#organization\"},\"potentialAction\":[{\"@type\":\"SearchAction\",\"target\":{\"@type\":\"EntryPoint\",\"urlTemplate\":\"https:\\\/\\\/www.webdo.tn\\\/fr\\\/?s={search_term_string}\"},\"query-input\":{\"@type\":\"PropertyValueSpecification\",\"valueRequired\":true,\"valueName\":\"search_term_string\"}}],\"inLanguage\":\"fr-FR\"},{\"@type\":\"Organization\",\"@id\":\"https:\\\/\\\/www.webdo.tn\\\/fr\\\/#organization\",\"name\":\"Webdo\",\"alternateName\":\"Webdo.tn\",\"url\":\"https:\\\/\\\/www.webdo.tn\\\/fr\\\/\",\"logo\":{\"@type\":\"ImageObject\",\"inLanguage\":\"fr-FR\",\"@id\":\"https:\\\/\\\/www.webdo.tn\\\/fr\\\/#\\\/schema\\\/logo\\\/image\\\/\",\"url\":\"https:\\\/\\\/www.webdo.tn\\\/fr\\\/wp-content\\\/uploads\\\/2025\\\/06\\\/Webdo-Tunisie_168377.jpg\",\"contentUrl\":\"https:\\\/\\\/www.webdo.tn\\\/fr\\\/wp-content\\\/uploads\\\/2025\\\/06\\\/Webdo-Tunisie_168377.jpg\",\"width\":301,\"height\":301,\"caption\":\"Webdo\"},\"image\":{\"@id\":\"https:\\\/\\\/www.webdo.tn\\\/fr\\\/#\\\/schema\\\/logo\\\/image\\\/\"},\"sameAs\":[\"https:\\\/\\\/www.facebook.com\\\/webdotn\",\"https:\\\/\\\/x.com\\\/webdo_tn\"],\"description\":\"Webdo est un m\u00e9dia num\u00e9rique tunisien fond\u00e9 en 2010, sp\u00e9cialis\u00e9 dans l\u2019actualit\u00e9 nationale et internationale, l\u2019\u00e9conomie, la soci\u00e9t\u00e9 et les analyses politiques. Le site s\u2019adresse \u00e0 un large public francophone et couvre l\u2019information tunisienne en temps r\u00e9el.\",\"email\":\"redac@webdo.tn\",\"legalName\":\"YNJ SARL\",\"foundingDate\":\"2010-09-06\",\"numberOfEmployees\":{\"@type\":\"QuantitativeValue\",\"minValue\":\"11\",\"maxValue\":\"50\"}},{\"@type\":\"Person\",\"@id\":\"https:\\\/\\\/www.webdo.tn\\\/fr\\\/#\\\/schema\\\/person\\\/16a4857e77dfc0b610c4c2cadffc9ac4\",\"name\":\"Mohamed Fethi\",\"image\":{\"@type\":\"ImageObject\",\"inLanguage\":\"fr-FR\",\"@id\":\"https:\\\/\\\/www.webdo.tn\\\/fr\\\/wp-content\\\/uploads\\\/2026\\\/04\\\/mohamed-fethi_avatar_1-96x96.jpg\",\"url\":\"https:\\\/\\\/www.webdo.tn\\\/fr\\\/wp-content\\\/uploads\\\/2026\\\/04\\\/mohamed-fethi_avatar_1-96x96.jpg\",\"contentUrl\":\"https:\\\/\\\/www.webdo.tn\\\/fr\\\/wp-content\\\/uploads\\\/2026\\\/04\\\/mohamed-fethi_avatar_1-96x96.jpg\",\"caption\":\"Mohamed Fethi\"},\"description\":\"Signature \u00e9ditoriale de Maher Chaabane Mohamed Fethi est le pseudonyme \u00e9ditorial de Maher Chaabane, r\u00e9dacteur en chef de Webdo.tn depuis 2012. Cette signature est d\u00e9di\u00e9e au traitement intensif de l'actualit\u00e9 nationale et internationale en temps r\u00e9el. S'appuyant sur les deux d\u00e9cennies d'expertise journalistique de Maher Chaabane \u2014 d\u00e9but\u00e9e au sein du groupe Tunis Hebdo en 2000 \u2014 Mohamed Fethi assure une veille rigoureuse sur les enjeux politiques, \u00e9conomiques et sportifs. Sa mission est de garantir une information structur\u00e9e, fluide et fid\u00e8le aux standards de la r\u00e9daction. Pour consulter le parcours complet du r\u00e9dacteur en chef, visitez le profil officiel de Maher Chaabane.\",\"knowsAbout\":[\"actualit\u00e9\",\"journalisme\",\"information\",\"politique\",\"sport\",\"m\u00e9dias\",\"actualit\u00e9 internationale\"],\"knowsLanguage\":[\"Fran\u00e7ais\",\"Arabe\"],\"jobTitle\":\"Journaliste \u2013 R\u00e9daction Webdo\",\"worksFor\":\"Webdo.tn\",\"url\":\"https:\\\/\\\/www.webdo.tn\\\/fr\\\/actualite\\\/author\\\/mohamed-fethi\\\/\"}]}<\/script>\n<!-- \/ Yoast SEO Premium plugin. -->","yoast_head_json":{"title":"Perturbations m\u00e9t\u00e9orologiques : Tous les gouvernorats plac\u00e9s en vigilance jaune - webdo","description":"L'Institut national de la m\u00e9t\u00e9orologie met en garde : gouvernorats en vigilance jaune. Suivez les recommandations pour votre s\u00e9curit\u00e9.","canonical":"https:\/\/www.webdo.tn\/fr\/actualite\/national\/perturbations-meteorologiques-tous-les-gouvernorats-places-en-vigilance-jaune\/394133\/","og_locale":"fr_FR","og_type":"article","og_title":"Perturbations m\u00e9t\u00e9orologiques : Tous les gouvernorats plac\u00e9s en vigilance jaune","og_description":"L'Institut national de la m\u00e9t\u00e9orologie met en garde : gouvernorats en vigilance jaune. Suivez les recommandations pour votre s\u00e9curit\u00e9.","og_url":"https:\/\/www.webdo.tn\/fr\/actualite\/national\/perturbations-meteorologiques-tous-les-gouvernorats-places-en-vigilance-jaune\/394133\/","og_site_name":"webdo","article_publisher":"https:\/\/www.facebook.com\/webdotn","article_published_time":"2026-03-05T10:39:16+00:00","article_modified_time":"2026-03-05T10:39:19+00:00","og_image":[{"width":1205,"height":600,"url":"https:\/\/www.webdo.tn\/fr\/wp-content\/uploads\/2026\/03\/meteo.jpg","type":"image\/jpeg"}],"author":"Mohamed Fethi","twitter_card":"summary_large_image","twitter_creator":"@webdo_tn","twitter_site":"@webdo_tn","twitter_misc":{"\u00c9crit par":"Mohamed Fethi","Dur\u00e9e de lecture estim\u00e9e":"2 minutes"},"schema":{"@context":"https:\/\/schema.org","@graph":[{"@type":"NewsArticle","@id":"https:\/\/www.webdo.tn\/fr\/actualite\/national\/perturbations-meteorologiques-tous-les-gouvernorats-places-en-vigilance-jaune\/394133\/#article","isPartOf":{"@id":"https:\/\/www.webdo.tn\/fr\/actualite\/national\/perturbations-meteorologiques-tous-les-gouvernorats-places-en-vigilance-jaune\/394133\/"},"author":{"name":"Mohamed Fethi","@id":"https:\/\/www.webdo.tn\/fr\/#\/schema\/person\/16a4857e77dfc0b610c4c2cadffc9ac4"},"headline":"Perturbations m\u00e9t\u00e9orologiques : Tous les gouvernorats plac\u00e9s en vigilance jaune","datePublished":"2026-03-05T10:39:16+00:00","dateModified":"2026-03-05T10:39:19+00:00","mainEntityOfPage":{"@id":"https:\/\/www.webdo.tn\/fr\/actualite\/national\/perturbations-meteorologiques-tous-les-gouvernorats-places-en-vigilance-jaune\/394133\/"},"wordCount":282,"publisher":{"@id":"https:\/\/www.webdo.tn\/fr\/#organization"},"image":{"@id":"https:\/\/www.webdo.tn\/fr\/actualite\/national\/perturbations-meteorologiques-tous-les-gouvernorats-places-en-vigilance-jaune\/394133\/#primaryimage"},"thumbnailUrl":"https:\/\/www.webdo.tn\/fr\/wp-content\/uploads\/2026\/03\/meteo.jpg","keywords":["m\u00e9t\u00e9o","pluies","Tunisie","vigilance jaune"],"articleSection":["National"],"inLanguage":"fr-FR"},{"@type":"WebPage","@id":"https:\/\/www.webdo.tn\/fr\/actualite\/national\/perturbations-meteorologiques-tous-les-gouvernorats-places-en-vigilance-jaune\/394133\/","url":"https:\/\/www.webdo.tn\/fr\/actualite\/national\/perturbations-meteorologiques-tous-les-gouvernorats-places-en-vigilance-jaune\/394133\/","name":"Perturbations m\u00e9t\u00e9orologiques : Tous les gouvernorats plac\u00e9s en vigilance jaune - webdo","isPartOf":{"@id":"https:\/\/www.webdo.tn\/fr\/#website"},"primaryImageOfPage":{"@id":"https:\/\/www.webdo.tn\/fr\/actualite\/national\/perturbations-meteorologiques-tous-les-gouvernorats-places-en-vigilance-jaune\/394133\/#primaryimage"},"image":{"@id":"https:\/\/www.webdo.tn\/fr\/actualite\/national\/perturbations-meteorologiques-tous-les-gouvernorats-places-en-vigilance-jaune\/394133\/#primaryimage"},"thumbnailUrl":"https:\/\/www.webdo.tn\/fr\/wp-content\/uploads\/2026\/03\/meteo.jpg","datePublished":"2026-03-05T10:39:16+00:00","dateModified":"2026-03-05T10:39:19+00:00","description":"L'Institut national de la m\u00e9t\u00e9orologie met en garde : gouvernorats en vigilance jaune. Suivez les recommandations pour votre s\u00e9curit\u00e9.","breadcrumb":{"@id":"https:\/\/www.webdo.tn\/fr\/actualite\/national\/perturbations-meteorologiques-tous-les-gouvernorats-places-en-vigilance-jaune\/394133\/#breadcrumb"},"inLanguage":"fr-FR","potentialAction":[{"@type":"ReadAction","target":["https:\/\/www.webdo.tn\/fr\/actualite\/national\/perturbations-meteorologiques-tous-les-gouvernorats-places-en-vigilance-jaune\/394133\/"]}]},{"@type":"ImageObject","inLanguage":"fr-FR","@id":"https:\/\/www.webdo.tn\/fr\/actualite\/national\/perturbations-meteorologiques-tous-les-gouvernorats-places-en-vigilance-jaune\/394133\/#primaryimage","url":"https:\/\/www.webdo.tn\/fr\/wp-content\/uploads\/2026\/03\/meteo.jpg","contentUrl":"https:\/\/www.webdo.tn\/fr\/wp-content\/uploads\/2026\/03\/meteo.jpg","width":1205,"height":600,"caption":"Perturbations m\u00e9t\u00e9orologiques : Tous les gouvernorats plac\u00e9s en vigilance jaune"},{"@type":"BreadcrumbList","@id":"https:\/\/www.webdo.tn\/fr\/actualite\/national\/perturbations-meteorologiques-tous-les-gouvernorats-places-en-vigilance-jaune\/394133\/#breadcrumb","itemListElement":[{"@type":"ListItem","position":1,"name":"Accueil","item":"https:\/\/www.webdo.tn\/fr\/"},{"@type":"ListItem","position":2,"name":"Perturbations m\u00e9t\u00e9orologiques : Tous les gouvernorats plac\u00e9s en vigilance jaune"}]},{"@type":"WebSite","@id":"https:\/\/www.webdo.tn\/fr\/#website","url":"https:\/\/www.webdo.tn\/fr\/","name":"webdo","description":"Tunisie - News en Tunisie et \u00e0 l&#039;international sur Webdo.tn","publisher":{"@id":"https:\/\/www.webdo.tn\/fr\/#organization"},"potentialAction":[{"@type":"SearchAction","target":{"@type":"EntryPoint","urlTemplate":"https:\/\/www.webdo.tn\/fr\/?s={search_term_string}"},"query-input":{"@type":"PropertyValueSpecification","valueRequired":true,"valueName":"search_term_string"}}],"inLanguage":"fr-FR"},{"@type":"Organization","@id":"https:\/\/www.webdo.tn\/fr\/#organization","name":"Webdo","alternateName":"Webdo.tn","url":"https:\/\/www.webdo.tn\/fr\/","logo":{"@type":"ImageObject","inLanguage":"fr-FR","@id":"https:\/\/www.webdo.tn\/fr\/#\/schema\/logo\/image\/","url":"https:\/\/www.webdo.tn\/fr\/wp-content\/uploads\/2025\/06\/Webdo-Tunisie_168377.jpg","contentUrl":"https:\/\/www.webdo.tn\/fr\/wp-content\/uploads\/2025\/06\/Webdo-Tunisie_168377.jpg","width":301,"height":301,"caption":"Webdo"},"image":{"@id":"https:\/\/www.webdo.tn\/fr\/#\/schema\/logo\/image\/"},"sameAs":["https:\/\/www.facebook.com\/webdotn","https:\/\/x.com\/webdo_tn"],"description":"Webdo est un m\u00e9dia num\u00e9rique tunisien fond\u00e9 en 2010, sp\u00e9cialis\u00e9 dans l\u2019actualit\u00e9 nationale et internationale, l\u2019\u00e9conomie, la soci\u00e9t\u00e9 et les analyses politiques. Le site s\u2019adresse \u00e0 un large public francophone et couvre l\u2019information tunisienne en temps r\u00e9el.","email":"redac@webdo.tn","legalName":"YNJ SARL","foundingDate":"2010-09-06","numberOfEmployees":{"@type":"QuantitativeValue","minValue":"11","maxValue":"50"}},{"@type":"Person","@id":"https:\/\/www.webdo.tn\/fr\/#\/schema\/person\/16a4857e77dfc0b610c4c2cadffc9ac4","name":"Mohamed Fethi","image":{"@type":"ImageObject","inLanguage":"fr-FR","@id":"https:\/\/www.webdo.tn\/fr\/wp-content\/uploads\/2026\/04\/mohamed-fethi_avatar_1-96x96.jpg","url":"https:\/\/www.webdo.tn\/fr\/wp-content\/uploads\/2026\/04\/mohamed-fethi_avatar_1-96x96.jpg","contentUrl":"https:\/\/www.webdo.tn\/fr\/wp-content\/uploads\/2026\/04\/mohamed-fethi_avatar_1-96x96.jpg","caption":"Mohamed Fethi"},"description":"Signature \u00e9ditoriale de Maher Chaabane Mohamed Fethi est le pseudonyme \u00e9ditorial de Maher Chaabane, r\u00e9dacteur en chef de Webdo.tn depuis 2012. Cette signature est d\u00e9di\u00e9e au traitement intensif de l'actualit\u00e9 nationale et internationale en temps r\u00e9el. S'appuyant sur les deux d\u00e9cennies d'expertise journalistique de Maher Chaabane \u2014 d\u00e9but\u00e9e au sein du groupe Tunis Hebdo en 2000 \u2014 Mohamed Fethi assure une veille rigoureuse sur les enjeux politiques, \u00e9conomiques et sportifs. Sa mission est de garantir une information structur\u00e9e, fluide et fid\u00e8le aux standards de la r\u00e9daction. Pour consulter le parcours complet du r\u00e9dacteur en chef, visitez le profil officiel de Maher Chaabane.","knowsAbout":["actualit\u00e9","journalisme","information","politique","sport","m\u00e9dias","actualit\u00e9 internationale"],"knowsLanguage":["Fran\u00e7ais","Arabe"],"jobTitle":"Journaliste \u2013 R\u00e9daction Webdo","worksFor":"Webdo.tn","url":"https:\/\/www.webdo.tn\/fr\/actualite\/author\/mohamed-fethi\/"}]}},"_links":{"self":[{"href":"https:\/\/www.webdo.tn\/fr\/wp-json\/wp\/v2\/posts\/394133","targetHints":{"allow":["GET"]}}],"collection":[{"href":"https:\/\/www.webdo.tn\/fr\/wp-json\/wp\/v2\/posts"}],"about":[{"href":"https:\/\/www.webdo.tn\/fr\/wp-json\/wp\/v2\/types\/post"}],"author":[{"embeddable":true,"href":"https:\/\/www.webdo.tn\/fr\/wp-json\/wp\/v2\/users\/4782"}],"replies":[{"embeddable":true,"href":"https:\/\/www.webdo.tn\/fr\/wp-json\/wp\/v2\/comments?post=394133"}],"version-history":[{"count":0,"href":"https:\/\/www.webdo.tn\/fr\/wp-json\/wp\/v2\/posts\/394133\/revisions"}],"wp:featuredmedia":[{"embeddable":true,"href":"https:\/\/www.webdo.tn\/fr\/wp-json\/wp\/v2\/media\/394134"}],"wp:attachment":[{"href":"https:\/\/www.webdo.tn\/fr\/wp-json\/wp\/v2\/media?parent=394133"}],"wp:term":[{"taxonomy":"category","embeddable":true,"href":"https:\/\/www.webdo.tn\/fr\/wp-json\/wp\/v2\/categories?post=394133"},{"taxonomy":"post_tag","embeddable":true,"href":"https:\/\/www.webdo.tn\/fr\/wp-json\/wp\/v2\/tags?post=394133"}],"curies":[{"name":"wp","href":"https:\/\/api.w.org\/{rel}","templated":true}]}}