{"id":394119,"date":"2026-03-05T10:01:54","date_gmt":"2026-03-05T09:01:54","guid":{"rendered":"https:\/\/www.webdo.tn\/fr\/?p=394119"},"modified":"2026-03-05T10:01:56","modified_gmt":"2026-03-05T09:01:56","slug":"wadie-jary-entame-une-greve-de-la-faim-sauvage","status":"publish","type":"post","link":"https:\/\/www.webdo.tn\/fr\/actualite\/sport\/wadie-jary-entame-une-greve-de-la-faim-sauvage\/394119\/","title":{"rendered":"Wadie Jary entame une gr\u00e8ve de la faim sauvage"},"content":{"rendered":"\n<p><strong>L\u2019ancien pr\u00e9sident de la F\u00e9d\u00e9ration tunisienne de football, Wadie Jary, a d\u00e9cid\u00e9 de d\u00e9marrer une gr\u00e8ve de la faim sauvage suite \u00e0 la confirmation en appel de sa condamnation \u00e0 trois ans de prison. La d\u00e9cision, rendue lundi 2 mars 2026 par une chambre d\u2019appel \u00e0 Tunis, confirme un jugement initial prononc\u00e9 le 24 juin 2025 et partiellement annul\u00e9 par la Cour de cassation le 22 d\u00e9cembre 2025.<\/strong><\/p>\n\n\n\n<h2 class=\"wp-block-heading\" id=\"h-confirmation-de-la-peine-et-affaires-en-cause\">Confirmation de la peine et affaires en cause<\/h2>\n\n\n\n<p>Le dossier de Wadie Jary porte sur plusieurs affaires li\u00e9es \u00e0 sa fonction \u00e0 la t\u00eate de la F\u00e9d\u00e9ration. Il inclut l\u2019organisation d\u2019un tournoi impliquant des \u00e9l\u00e8ves africains ainsi qu\u2019un contrat de directeur technique. Apr\u00e8s l\u2019annulation partielle du jugement par la Cour de cassation, la chambre d\u2019appel a r\u00e9examin\u00e9 l\u2019affaire et confirm\u00e9 la peine de trois ans de prison.<\/p>\n\n\n\n<p>En r\u00e9ponse \u00e0 cette confirmation, Wadie Jary a annonc\u00e9 le d\u00e9but d\u2019une gr\u00e8ve de la faim sauvage, exprimant son refus et sa contestation de la d\u00e9cision judiciaire.<\/p>\n\n\n\n<blockquote class=\"wp-block-quote is-layout-flow wp-block-quote-is-layout-flow\">\n<blockquote class=\"wp-block-quote is-layout-flow wp-block-quote-is-layout-flow\">\n<ul class=\"wp-block-list\">\n<li class=\"has-medium-font-size\"><strong>Lire aussi :<\/strong> <a href=\"https:\/\/www.webdo.tn\/fr\/actualite\/national\/affaire-wadii-jary-reprise-de-lexamen-judiciaire-audience-reportee-au-12-mars\/392290\/\">Affaire Wadie Jary\u00a0: Reprise de l\u2019examen judiciaire, audience report\u00e9e au 12 mars<\/a><\/li>\n<\/ul>\n<\/blockquote>\n<\/blockquote>\n\n\n\n<h2 class=\"wp-block-heading\" id=\"h-charges-retenues-et-antecedents-judiciaires\">Charges retenues et ant\u00e9c\u00e9dents judiciaires<\/h2>\n\n\n\n<p>Lors d\u2019une d\u00e9cision ant\u00e9rieure, la chambre criminelle de la Cour d\u2019appel avait condamn\u00e9 Wadie Jary \u00e0 trois ans de prison, r\u00e9duisant la peine initiale de quatre ans, pour des accusations de corruption financi\u00e8re. Une autre personne impliqu\u00e9e, un cadre technique, avait \u00e9t\u00e9 condamn\u00e9e \u00e0 six ans de prison.<\/p>\n\n\n\n<p>Les charges retenues contre les pr\u00e9venus incluent notamment l\u2019abus de fonction d\u2019un agent public pour obtenir un avantage indu pour lui-m\u00eame ou pour autrui ; le pr\u00e9judice \u00e0 l\u2019administration et l\u2019enfreinte des r\u00e8gles applicables aux op\u00e9rations financi\u00e8res pour en tirer profit ; la participation \u00e0 ces infractions, entra\u00eenant des dommages pour les parties concern\u00e9es.<\/p>\n\n\n\n<p>Rappelons que le Tribunal de premi\u00e8re instance de Tunis avait initialement condamn\u00e9 le 20 f\u00e9vrier 2025, Wadie Jary \u00e0 quatre ans de prison ferme, accompagn\u00e9e de l\u2019interdiction d\u2019exercer une fonction publique tandis que le second accus\u00e9 avait \u00e9cop\u00e9 de six ans, sans mandat de d\u00e9p\u00f4t.<\/p>\n\n\n\n<blockquote class=\"wp-block-quote is-layout-flow wp-block-quote-is-layout-flow\">\n<blockquote class=\"wp-block-quote is-layout-flow wp-block-quote-is-layout-flow\">\n<ul class=\"wp-block-list\">\n<li class=\"has-medium-font-size\"><strong>Lire aussi :<\/strong> <a href=\"https:\/\/www.webdo.tn\/fr\/actualite\/sport\/tunisie-la-peine-de-wadii-jary-reduite-a-trois-ans-de-prison\/378346\/\">Tunisie\u00a0: La peine de Wadie Jary r\u00e9duite \u00e0 trois ans de prison<\/a><\/li>\n<\/ul>\n<\/blockquote>\n<\/blockquote>\n\n\n\n<p>Les accusations port\u00e9es contre Wadii Jary incluent \u00e9galement des dommages \u00e0 l\u2019administration, en lien avec un contrat de recrutement conclu pour un ancien directeur technique des \u00e9quipes nationales de football.<\/p>\n\n\n\n<p>Cette condamnation faisait suite \u00e0 l\u2019enqu\u00eate concernant ledit contrat sign\u00e9 entre la F\u00e9d\u00e9ration tunisienne de football et ce cadre technique, pour sa collaboration avec l\u2019une des \u00e9quipes nationales de football.<\/p>\n\n\n\n<blockquote class=\"wp-block-quote is-layout-flow wp-block-quote-is-layout-flow\">\n<blockquote class=\"wp-block-quote is-layout-flow wp-block-quote-is-layout-flow\">\n<ul class=\"wp-block-list\">\n<li class=\"has-medium-font-size\"><strong>Lire aussi :<\/strong> <a href=\"https:\/\/www.webdo.tn\/fr\/actualite\/sport\/tunisie-wadii-jary-condamne-a-4-ans-de-prison\/219983\/\">Tunisie : Wadie Jary condamn\u00e9 \u00e0 4 ans de prison<\/a><\/li>\n<\/ul>\n<\/blockquote>\n<\/blockquote>\n","protected":false},"excerpt":{"rendered":"<p>L\u2019ancien pr\u00e9sident de la F\u00e9d\u00e9ration tunisienne de football, Wadie Jary, a d\u00e9cid\u00e9 de d\u00e9marrer une gr\u00e8ve de la faim sauvage suite \u00e0 la confirmation en appel de sa condamnation \u00e0 trois ans de prison. La d\u00e9cision, rendue lundi 2 mars 2026 par une chambre d\u2019appel \u00e0 Tunis, confirme un jugement initial prononc\u00e9 le 24 juin [&hellip;]<\/p>\n","protected":false},"author":4782,"featured_media":392291,"comment_status":"closed","ping_status":"closed","sticky":false,"template":"","format":"standard","meta":{"footnotes":""},"categories":[2593],"tags":[11005,2622,2608,11501],"class_list":["post-394119","post","type-post","status-publish","format-standard","has-post-thumbnail","hentry","category-sport","tag-wadie-jary","tag-football","tag-tunisie","tag-wadi-jary"],"yoast_head":"<!-- This site is optimized with the Yoast SEO Premium plugin v27.5 (Yoast SEO v27.5) - https:\/\/yoast.com\/product\/yoast-seo-premium-wordpress\/ -->\n<title>Wadie Jary entame une gr\u00e8ve de la faim sauvage - webdo<\/title>\n<meta name=\"description\" content=\"L&#039;ancien pr\u00e9sident de la F\u00e9d\u00e9ration tunisienne de football, Wadie Jary, commence une gr\u00e8ve de la faim sauvage suite \u00e0 sa condamnation.\" \/>\n<link rel=\"canonical\" href=\"https:\/\/www.webdo.tn\/fr\/actualite\/sport\/wadie-jary-entame-une-greve-de-la-faim-sauvage\/394119\/\" \/>\n<meta property=\"og:locale\" content=\"fr_FR\" \/>\n<meta property=\"og:type\" content=\"article\" \/>\n<meta property=\"og:title\" content=\"Wadie Jary entame une gr\u00e8ve de la faim sauvage\" \/>\n<meta property=\"og:description\" content=\"L&#039;ancien pr\u00e9sident de la F\u00e9d\u00e9ration tunisienne de football, Wadie Jary, commence une gr\u00e8ve de la faim sauvage suite \u00e0 sa condamnation.\" \/>\n<meta property=\"og:url\" content=\"https:\/\/www.webdo.tn\/fr\/actualite\/sport\/wadie-jary-entame-une-greve-de-la-faim-sauvage\/394119\/\" \/>\n<meta property=\"og:site_name\" content=\"webdo\" \/>\n<meta property=\"article:publisher\" content=\"https:\/\/www.facebook.com\/webdotn\" \/>\n<meta property=\"article:published_time\" content=\"2026-03-05T09:01:54+00:00\" \/>\n<meta property=\"article:modified_time\" content=\"2026-03-05T09:01:56+00:00\" \/>\n<meta property=\"og:image\" content=\"https:\/\/www.webdo.tn\/fr\/wp-content\/uploads\/2026\/01\/Wadie-Jary.jpg\" \/>\n\t<meta property=\"og:image:width\" content=\"1200\" \/>\n\t<meta property=\"og:image:height\" content=\"601\" \/>\n\t<meta property=\"og:image:type\" content=\"image\/jpeg\" \/>\n<meta name=\"author\" content=\"Mohamed Fethi\" \/>\n<meta name=\"twitter:card\" content=\"summary_large_image\" \/>\n<meta name=\"twitter:creator\" content=\"@webdo_tn\" \/>\n<meta name=\"twitter:site\" content=\"@webdo_tn\" \/>\n<meta name=\"twitter:label1\" content=\"\u00c9crit par\" \/>\n\t<meta name=\"twitter:data1\" content=\"Mohamed Fethi\" \/>\n\t<meta name=\"twitter:label2\" content=\"Dur\u00e9e de lecture estim\u00e9e\" \/>\n\t<meta name=\"twitter:data2\" content=\"3 minutes\" \/>\n<script type=\"application\/ld+json\" class=\"yoast-schema-graph\">{\"@context\":\"https:\\\/\\\/schema.org\",\"@graph\":[{\"@type\":\"NewsArticle\",\"@id\":\"https:\\\/\\\/www.webdo.tn\\\/fr\\\/actualite\\\/sport\\\/wadie-jary-entame-une-greve-de-la-faim-sauvage\\\/394119\\\/#article\",\"isPartOf\":{\"@id\":\"https:\\\/\\\/www.webdo.tn\\\/fr\\\/actualite\\\/sport\\\/wadie-jary-entame-une-greve-de-la-faim-sauvage\\\/394119\\\/\"},\"author\":{\"name\":\"Mohamed Fethi\",\"@id\":\"https:\\\/\\\/www.webdo.tn\\\/fr\\\/#\\\/schema\\\/person\\\/16a4857e77dfc0b610c4c2cadffc9ac4\"},\"headline\":\"Wadie Jary entame une gr\u00e8ve de la faim sauvage\",\"datePublished\":\"2026-03-05T09:01:54+00:00\",\"dateModified\":\"2026-03-05T09:01:56+00:00\",\"mainEntityOfPage\":{\"@id\":\"https:\\\/\\\/www.webdo.tn\\\/fr\\\/actualite\\\/sport\\\/wadie-jary-entame-une-greve-de-la-faim-sauvage\\\/394119\\\/\"},\"wordCount\":463,\"publisher\":{\"@id\":\"https:\\\/\\\/www.webdo.tn\\\/fr\\\/#organization\"},\"image\":{\"@id\":\"https:\\\/\\\/www.webdo.tn\\\/fr\\\/actualite\\\/sport\\\/wadie-jary-entame-une-greve-de-la-faim-sauvage\\\/394119\\\/#primaryimage\"},\"thumbnailUrl\":\"https:\\\/\\\/www.webdo.tn\\\/fr\\\/wp-content\\\/uploads\\\/2026\\\/01\\\/Wadie-Jary.jpg\",\"keywords\":[\"'wadie jary'\",\"football\",\"Tunisie\",\"Wadi\u00a0Jary\"],\"articleSection\":[\"Sport\"],\"inLanguage\":\"fr-FR\"},{\"@type\":\"WebPage\",\"@id\":\"https:\\\/\\\/www.webdo.tn\\\/fr\\\/actualite\\\/sport\\\/wadie-jary-entame-une-greve-de-la-faim-sauvage\\\/394119\\\/\",\"url\":\"https:\\\/\\\/www.webdo.tn\\\/fr\\\/actualite\\\/sport\\\/wadie-jary-entame-une-greve-de-la-faim-sauvage\\\/394119\\\/\",\"name\":\"Wadie Jary entame une gr\u00e8ve de la faim sauvage - webdo\",\"isPartOf\":{\"@id\":\"https:\\\/\\\/www.webdo.tn\\\/fr\\\/#website\"},\"primaryImageOfPage\":{\"@id\":\"https:\\\/\\\/www.webdo.tn\\\/fr\\\/actualite\\\/sport\\\/wadie-jary-entame-une-greve-de-la-faim-sauvage\\\/394119\\\/#primaryimage\"},\"image\":{\"@id\":\"https:\\\/\\\/www.webdo.tn\\\/fr\\\/actualite\\\/sport\\\/wadie-jary-entame-une-greve-de-la-faim-sauvage\\\/394119\\\/#primaryimage\"},\"thumbnailUrl\":\"https:\\\/\\\/www.webdo.tn\\\/fr\\\/wp-content\\\/uploads\\\/2026\\\/01\\\/Wadie-Jary.jpg\",\"datePublished\":\"2026-03-05T09:01:54+00:00\",\"dateModified\":\"2026-03-05T09:01:56+00:00\",\"description\":\"L'ancien pr\u00e9sident de la F\u00e9d\u00e9ration tunisienne de football, Wadie Jary, commence une gr\u00e8ve de la faim sauvage suite \u00e0 sa condamnation.\",\"breadcrumb\":{\"@id\":\"https:\\\/\\\/www.webdo.tn\\\/fr\\\/actualite\\\/sport\\\/wadie-jary-entame-une-greve-de-la-faim-sauvage\\\/394119\\\/#breadcrumb\"},\"inLanguage\":\"fr-FR\",\"potentialAction\":[{\"@type\":\"ReadAction\",\"target\":[\"https:\\\/\\\/www.webdo.tn\\\/fr\\\/actualite\\\/sport\\\/wadie-jary-entame-une-greve-de-la-faim-sauvage\\\/394119\\\/\"]}]},{\"@type\":\"ImageObject\",\"inLanguage\":\"fr-FR\",\"@id\":\"https:\\\/\\\/www.webdo.tn\\\/fr\\\/actualite\\\/sport\\\/wadie-jary-entame-une-greve-de-la-faim-sauvage\\\/394119\\\/#primaryimage\",\"url\":\"https:\\\/\\\/www.webdo.tn\\\/fr\\\/wp-content\\\/uploads\\\/2026\\\/01\\\/Wadie-Jary.jpg\",\"contentUrl\":\"https:\\\/\\\/www.webdo.tn\\\/fr\\\/wp-content\\\/uploads\\\/2026\\\/01\\\/Wadie-Jary.jpg\",\"width\":1200,\"height\":601,\"caption\":\"Wadie Jary entame une gr\u00e8ve de la faim sauvage\"},{\"@type\":\"BreadcrumbList\",\"@id\":\"https:\\\/\\\/www.webdo.tn\\\/fr\\\/actualite\\\/sport\\\/wadie-jary-entame-une-greve-de-la-faim-sauvage\\\/394119\\\/#breadcrumb\",\"itemListElement\":[{\"@type\":\"ListItem\",\"position\":1,\"name\":\"Accueil\",\"item\":\"https:\\\/\\\/www.webdo.tn\\\/fr\\\/\"},{\"@type\":\"ListItem\",\"position\":2,\"name\":\"Wadie Jary entame une gr\u00e8ve de la faim sauvage\"}]},{\"@type\":\"WebSite\",\"@id\":\"https:\\\/\\\/www.webdo.tn\\\/fr\\\/#website\",\"url\":\"https:\\\/\\\/www.webdo.tn\\\/fr\\\/\",\"name\":\"webdo\",\"description\":\"Tunisie - News en Tunisie et \u00e0 l&#039;international sur Webdo.tn\",\"publisher\":{\"@id\":\"https:\\\/\\\/www.webdo.tn\\\/fr\\\/#organization\"},\"potentialAction\":[{\"@type\":\"SearchAction\",\"target\":{\"@type\":\"EntryPoint\",\"urlTemplate\":\"https:\\\/\\\/www.webdo.tn\\\/fr\\\/?s={search_term_string}\"},\"query-input\":{\"@type\":\"PropertyValueSpecification\",\"valueRequired\":true,\"valueName\":\"search_term_string\"}}],\"inLanguage\":\"fr-FR\"},{\"@type\":\"Organization\",\"@id\":\"https:\\\/\\\/www.webdo.tn\\\/fr\\\/#organization\",\"name\":\"Webdo\",\"alternateName\":\"Webdo.tn\",\"url\":\"https:\\\/\\\/www.webdo.tn\\\/fr\\\/\",\"logo\":{\"@type\":\"ImageObject\",\"inLanguage\":\"fr-FR\",\"@id\":\"https:\\\/\\\/www.webdo.tn\\\/fr\\\/#\\\/schema\\\/logo\\\/image\\\/\",\"url\":\"https:\\\/\\\/www.webdo.tn\\\/fr\\\/wp-content\\\/uploads\\\/2025\\\/06\\\/Webdo-Tunisie_168377.jpg\",\"contentUrl\":\"https:\\\/\\\/www.webdo.tn\\\/fr\\\/wp-content\\\/uploads\\\/2025\\\/06\\\/Webdo-Tunisie_168377.jpg\",\"width\":301,\"height\":301,\"caption\":\"Webdo\"},\"image\":{\"@id\":\"https:\\\/\\\/www.webdo.tn\\\/fr\\\/#\\\/schema\\\/logo\\\/image\\\/\"},\"sameAs\":[\"https:\\\/\\\/www.facebook.com\\\/webdotn\",\"https:\\\/\\\/x.com\\\/webdo_tn\"],\"description\":\"Webdo est un m\u00e9dia num\u00e9rique tunisien fond\u00e9 en 2010, sp\u00e9cialis\u00e9 dans l\u2019actualit\u00e9 nationale et internationale, l\u2019\u00e9conomie, la soci\u00e9t\u00e9 et les analyses politiques. Le site s\u2019adresse \u00e0 un large public francophone et couvre l\u2019information tunisienne en temps r\u00e9el.\",\"email\":\"redac@webdo.tn\",\"legalName\":\"YNJ SARL\",\"foundingDate\":\"2010-09-06\",\"numberOfEmployees\":{\"@type\":\"QuantitativeValue\",\"minValue\":\"11\",\"maxValue\":\"50\"}},{\"@type\":\"Person\",\"@id\":\"https:\\\/\\\/www.webdo.tn\\\/fr\\\/#\\\/schema\\\/person\\\/16a4857e77dfc0b610c4c2cadffc9ac4\",\"name\":\"Mohamed Fethi\",\"image\":{\"@type\":\"ImageObject\",\"inLanguage\":\"fr-FR\",\"@id\":\"https:\\\/\\\/www.webdo.tn\\\/fr\\\/wp-content\\\/uploads\\\/2026\\\/04\\\/mohamed-fethi_avatar_1-96x96.jpg\",\"url\":\"https:\\\/\\\/www.webdo.tn\\\/fr\\\/wp-content\\\/uploads\\\/2026\\\/04\\\/mohamed-fethi_avatar_1-96x96.jpg\",\"contentUrl\":\"https:\\\/\\\/www.webdo.tn\\\/fr\\\/wp-content\\\/uploads\\\/2026\\\/04\\\/mohamed-fethi_avatar_1-96x96.jpg\",\"caption\":\"Mohamed Fethi\"},\"description\":\"Signature \u00e9ditoriale de Maher Chaabane Mohamed Fethi est le pseudonyme \u00e9ditorial de Maher Chaabane, r\u00e9dacteur en chef de Webdo.tn depuis 2012. Cette signature est d\u00e9di\u00e9e au traitement intensif de l'actualit\u00e9 nationale et internationale en temps r\u00e9el. S'appuyant sur les deux d\u00e9cennies d'expertise journalistique de Maher Chaabane \u2014 d\u00e9but\u00e9e au sein du groupe Tunis Hebdo en 2000 \u2014 Mohamed Fethi assure une veille rigoureuse sur les enjeux politiques, \u00e9conomiques et sportifs. Sa mission est de garantir une information structur\u00e9e, fluide et fid\u00e8le aux standards de la r\u00e9daction. Pour consulter le parcours complet du r\u00e9dacteur en chef, visitez le profil officiel de Maher Chaabane.\",\"knowsAbout\":[\"actualit\u00e9\",\"journalisme\",\"information\",\"politique\",\"sport\",\"m\u00e9dias\",\"actualit\u00e9 internationale\"],\"knowsLanguage\":[\"Fran\u00e7ais\",\"Arabe\"],\"jobTitle\":\"Journaliste \u2013 R\u00e9daction Webdo\",\"worksFor\":\"Webdo.tn\",\"url\":\"https:\\\/\\\/www.webdo.tn\\\/fr\\\/actualite\\\/author\\\/mohamed-fethi\\\/\"}]}<\/script>\n<!-- \/ Yoast SEO Premium plugin. -->","yoast_head_json":{"title":"Wadie Jary entame une gr\u00e8ve de la faim sauvage - webdo","description":"L'ancien pr\u00e9sident de la F\u00e9d\u00e9ration tunisienne de football, Wadie Jary, commence une gr\u00e8ve de la faim sauvage suite \u00e0 sa condamnation.","canonical":"https:\/\/www.webdo.tn\/fr\/actualite\/sport\/wadie-jary-entame-une-greve-de-la-faim-sauvage\/394119\/","og_locale":"fr_FR","og_type":"article","og_title":"Wadie Jary entame une gr\u00e8ve de la faim sauvage","og_description":"L'ancien pr\u00e9sident de la F\u00e9d\u00e9ration tunisienne de football, Wadie Jary, commence une gr\u00e8ve de la faim sauvage suite \u00e0 sa condamnation.","og_url":"https:\/\/www.webdo.tn\/fr\/actualite\/sport\/wadie-jary-entame-une-greve-de-la-faim-sauvage\/394119\/","og_site_name":"webdo","article_publisher":"https:\/\/www.facebook.com\/webdotn","article_published_time":"2026-03-05T09:01:54+00:00","article_modified_time":"2026-03-05T09:01:56+00:00","og_image":[{"width":1200,"height":601,"url":"https:\/\/www.webdo.tn\/fr\/wp-content\/uploads\/2026\/01\/Wadie-Jary.jpg","type":"image\/jpeg"}],"author":"Mohamed Fethi","twitter_card":"summary_large_image","twitter_creator":"@webdo_tn","twitter_site":"@webdo_tn","twitter_misc":{"\u00c9crit par":"Mohamed Fethi","Dur\u00e9e de lecture estim\u00e9e":"3 minutes"},"schema":{"@context":"https:\/\/schema.org","@graph":[{"@type":"NewsArticle","@id":"https:\/\/www.webdo.tn\/fr\/actualite\/sport\/wadie-jary-entame-une-greve-de-la-faim-sauvage\/394119\/#article","isPartOf":{"@id":"https:\/\/www.webdo.tn\/fr\/actualite\/sport\/wadie-jary-entame-une-greve-de-la-faim-sauvage\/394119\/"},"author":{"name":"Mohamed Fethi","@id":"https:\/\/www.webdo.tn\/fr\/#\/schema\/person\/16a4857e77dfc0b610c4c2cadffc9ac4"},"headline":"Wadie Jary entame une gr\u00e8ve de la faim sauvage","datePublished":"2026-03-05T09:01:54+00:00","dateModified":"2026-03-05T09:01:56+00:00","mainEntityOfPage":{"@id":"https:\/\/www.webdo.tn\/fr\/actualite\/sport\/wadie-jary-entame-une-greve-de-la-faim-sauvage\/394119\/"},"wordCount":463,"publisher":{"@id":"https:\/\/www.webdo.tn\/fr\/#organization"},"image":{"@id":"https:\/\/www.webdo.tn\/fr\/actualite\/sport\/wadie-jary-entame-une-greve-de-la-faim-sauvage\/394119\/#primaryimage"},"thumbnailUrl":"https:\/\/www.webdo.tn\/fr\/wp-content\/uploads\/2026\/01\/Wadie-Jary.jpg","keywords":["'wadie jary'","football","Tunisie","Wadi\u00a0Jary"],"articleSection":["Sport"],"inLanguage":"fr-FR"},{"@type":"WebPage","@id":"https:\/\/www.webdo.tn\/fr\/actualite\/sport\/wadie-jary-entame-une-greve-de-la-faim-sauvage\/394119\/","url":"https:\/\/www.webdo.tn\/fr\/actualite\/sport\/wadie-jary-entame-une-greve-de-la-faim-sauvage\/394119\/","name":"Wadie Jary entame une gr\u00e8ve de la faim sauvage - webdo","isPartOf":{"@id":"https:\/\/www.webdo.tn\/fr\/#website"},"primaryImageOfPage":{"@id":"https:\/\/www.webdo.tn\/fr\/actualite\/sport\/wadie-jary-entame-une-greve-de-la-faim-sauvage\/394119\/#primaryimage"},"image":{"@id":"https:\/\/www.webdo.tn\/fr\/actualite\/sport\/wadie-jary-entame-une-greve-de-la-faim-sauvage\/394119\/#primaryimage"},"thumbnailUrl":"https:\/\/www.webdo.tn\/fr\/wp-content\/uploads\/2026\/01\/Wadie-Jary.jpg","datePublished":"2026-03-05T09:01:54+00:00","dateModified":"2026-03-05T09:01:56+00:00","description":"L'ancien pr\u00e9sident de la F\u00e9d\u00e9ration tunisienne de football, Wadie Jary, commence une gr\u00e8ve de la faim sauvage suite \u00e0 sa condamnation.","breadcrumb":{"@id":"https:\/\/www.webdo.tn\/fr\/actualite\/sport\/wadie-jary-entame-une-greve-de-la-faim-sauvage\/394119\/#breadcrumb"},"inLanguage":"fr-FR","potentialAction":[{"@type":"ReadAction","target":["https:\/\/www.webdo.tn\/fr\/actualite\/sport\/wadie-jary-entame-une-greve-de-la-faim-sauvage\/394119\/"]}]},{"@type":"ImageObject","inLanguage":"fr-FR","@id":"https:\/\/www.webdo.tn\/fr\/actualite\/sport\/wadie-jary-entame-une-greve-de-la-faim-sauvage\/394119\/#primaryimage","url":"https:\/\/www.webdo.tn\/fr\/wp-content\/uploads\/2026\/01\/Wadie-Jary.jpg","contentUrl":"https:\/\/www.webdo.tn\/fr\/wp-content\/uploads\/2026\/01\/Wadie-Jary.jpg","width":1200,"height":601,"caption":"Wadie Jary entame une gr\u00e8ve de la faim sauvage"},{"@type":"BreadcrumbList","@id":"https:\/\/www.webdo.tn\/fr\/actualite\/sport\/wadie-jary-entame-une-greve-de-la-faim-sauvage\/394119\/#breadcrumb","itemListElement":[{"@type":"ListItem","position":1,"name":"Accueil","item":"https:\/\/www.webdo.tn\/fr\/"},{"@type":"ListItem","position":2,"name":"Wadie Jary entame une gr\u00e8ve de la faim sauvage"}]},{"@type":"WebSite","@id":"https:\/\/www.webdo.tn\/fr\/#website","url":"https:\/\/www.webdo.tn\/fr\/","name":"webdo","description":"Tunisie - News en Tunisie et \u00e0 l&#039;international sur Webdo.tn","publisher":{"@id":"https:\/\/www.webdo.tn\/fr\/#organization"},"potentialAction":[{"@type":"SearchAction","target":{"@type":"EntryPoint","urlTemplate":"https:\/\/www.webdo.tn\/fr\/?s={search_term_string}"},"query-input":{"@type":"PropertyValueSpecification","valueRequired":true,"valueName":"search_term_string"}}],"inLanguage":"fr-FR"},{"@type":"Organization","@id":"https:\/\/www.webdo.tn\/fr\/#organization","name":"Webdo","alternateName":"Webdo.tn","url":"https:\/\/www.webdo.tn\/fr\/","logo":{"@type":"ImageObject","inLanguage":"fr-FR","@id":"https:\/\/www.webdo.tn\/fr\/#\/schema\/logo\/image\/","url":"https:\/\/www.webdo.tn\/fr\/wp-content\/uploads\/2025\/06\/Webdo-Tunisie_168377.jpg","contentUrl":"https:\/\/www.webdo.tn\/fr\/wp-content\/uploads\/2025\/06\/Webdo-Tunisie_168377.jpg","width":301,"height":301,"caption":"Webdo"},"image":{"@id":"https:\/\/www.webdo.tn\/fr\/#\/schema\/logo\/image\/"},"sameAs":["https:\/\/www.facebook.com\/webdotn","https:\/\/x.com\/webdo_tn"],"description":"Webdo est un m\u00e9dia num\u00e9rique tunisien fond\u00e9 en 2010, sp\u00e9cialis\u00e9 dans l\u2019actualit\u00e9 nationale et internationale, l\u2019\u00e9conomie, la soci\u00e9t\u00e9 et les analyses politiques. Le site s\u2019adresse \u00e0 un large public francophone et couvre l\u2019information tunisienne en temps r\u00e9el.","email":"redac@webdo.tn","legalName":"YNJ SARL","foundingDate":"2010-09-06","numberOfEmployees":{"@type":"QuantitativeValue","minValue":"11","maxValue":"50"}},{"@type":"Person","@id":"https:\/\/www.webdo.tn\/fr\/#\/schema\/person\/16a4857e77dfc0b610c4c2cadffc9ac4","name":"Mohamed Fethi","image":{"@type":"ImageObject","inLanguage":"fr-FR","@id":"https:\/\/www.webdo.tn\/fr\/wp-content\/uploads\/2026\/04\/mohamed-fethi_avatar_1-96x96.jpg","url":"https:\/\/www.webdo.tn\/fr\/wp-content\/uploads\/2026\/04\/mohamed-fethi_avatar_1-96x96.jpg","contentUrl":"https:\/\/www.webdo.tn\/fr\/wp-content\/uploads\/2026\/04\/mohamed-fethi_avatar_1-96x96.jpg","caption":"Mohamed Fethi"},"description":"Signature \u00e9ditoriale de Maher Chaabane Mohamed Fethi est le pseudonyme \u00e9ditorial de Maher Chaabane, r\u00e9dacteur en chef de Webdo.tn depuis 2012. Cette signature est d\u00e9di\u00e9e au traitement intensif de l'actualit\u00e9 nationale et internationale en temps r\u00e9el. S'appuyant sur les deux d\u00e9cennies d'expertise journalistique de Maher Chaabane \u2014 d\u00e9but\u00e9e au sein du groupe Tunis Hebdo en 2000 \u2014 Mohamed Fethi assure une veille rigoureuse sur les enjeux politiques, \u00e9conomiques et sportifs. Sa mission est de garantir une information structur\u00e9e, fluide et fid\u00e8le aux standards de la r\u00e9daction. Pour consulter le parcours complet du r\u00e9dacteur en chef, visitez le profil officiel de Maher Chaabane.","knowsAbout":["actualit\u00e9","journalisme","information","politique","sport","m\u00e9dias","actualit\u00e9 internationale"],"knowsLanguage":["Fran\u00e7ais","Arabe"],"jobTitle":"Journaliste \u2013 R\u00e9daction Webdo","worksFor":"Webdo.tn","url":"https:\/\/www.webdo.tn\/fr\/actualite\/author\/mohamed-fethi\/"}]}},"_links":{"self":[{"href":"https:\/\/www.webdo.tn\/fr\/wp-json\/wp\/v2\/posts\/394119","targetHints":{"allow":["GET"]}}],"collection":[{"href":"https:\/\/www.webdo.tn\/fr\/wp-json\/wp\/v2\/posts"}],"about":[{"href":"https:\/\/www.webdo.tn\/fr\/wp-json\/wp\/v2\/types\/post"}],"author":[{"embeddable":true,"href":"https:\/\/www.webdo.tn\/fr\/wp-json\/wp\/v2\/users\/4782"}],"replies":[{"embeddable":true,"href":"https:\/\/www.webdo.tn\/fr\/wp-json\/wp\/v2\/comments?post=394119"}],"version-history":[{"count":0,"href":"https:\/\/www.webdo.tn\/fr\/wp-json\/wp\/v2\/posts\/394119\/revisions"}],"wp:featuredmedia":[{"embeddable":true,"href":"https:\/\/www.webdo.tn\/fr\/wp-json\/wp\/v2\/media\/392291"}],"wp:attachment":[{"href":"https:\/\/www.webdo.tn\/fr\/wp-json\/wp\/v2\/media?parent=394119"}],"wp:term":[{"taxonomy":"category","embeddable":true,"href":"https:\/\/www.webdo.tn\/fr\/wp-json\/wp\/v2\/categories?post=394119"},{"taxonomy":"post_tag","embeddable":true,"href":"https:\/\/www.webdo.tn\/fr\/wp-json\/wp\/v2\/tags?post=394119"}],"curies":[{"name":"wp","href":"https:\/\/api.w.org\/{rel}","templated":true}]}}