{"id":394115,"date":"2026-03-05T09:19:13","date_gmt":"2026-03-05T08:19:13","guid":{"rendered":"https:\/\/www.webdo.tn\/fr\/?p=394115"},"modified":"2026-03-05T09:19:16","modified_gmt":"2026-03-05T08:19:16","slug":"tunisie-meteo-pluies-orageuses-et-baisse-des-temperatures-sur-plusieurs-regions","status":"publish","type":"post","link":"https:\/\/www.webdo.tn\/fr\/actualite\/national\/tunisie-meteo-pluies-orageuses-et-baisse-des-temperatures-sur-plusieurs-regions\/394115\/","title":{"rendered":"Tunisie &#8211; M\u00e9t\u00e9o : Pluies orageuses et baisse des temp\u00e9ratures sur plusieurs r\u00e9gions"},"content":{"rendered":"\n<p><strong>La Tunisie conna\u00eetra un changement notable des conditions m\u00e9t\u00e9orologiques ce jeudi 5 mars. Apr\u00e8s une brume matinale localis\u00e9e, le temps deviendra progressivement instable avec des pluies orageuses attendues d\u2019abord \u00e0 l\u2019ouest, puis sur le reste du pays durant la nuit. Les temp\u00e9ratures amorcent \u00e9galement une baisse sensible.<\/strong><\/p>\n\n\n\n<h2 class=\"wp-block-heading\" id=\"h-instabilite-progressive-et-risques-d-orages\">Instabilit\u00e9 progressive et risques d\u2019orages<\/h2>\n\n\n\n<p>La journ\u00e9e d\u00e9butera sous une brume locale, notamment dans les zones basses, avant que le ciel ne devienne partiellement nuageux puis progressivement couvert sur les r\u00e9gions ouest. Des pluies \u00e9parses, temporairement orageuses, y sont pr\u00e9vues d\u00e8s l\u2019apr\u00e8s-midi.<\/p>\n\n\n\n<p>Au fil des heures, les pr\u00e9cipitations gagneront les autres r\u00e9gions du pays au cours de la nuit. Selon les pr\u00e9visions, ces pluies pourraient \u00eatre localement intenses, avec un risque de chutes de gr\u00eale par endroits, notamment sous cellules orageuses actives.<\/p>\n\n\n\n<h2 class=\"wp-block-heading\" id=\"h-vent-soutenu-sur-les-cotes-et-temperatures-en-baisse\">Vent soutenu sur les c\u00f4tes et temp\u00e9ratures en baisse<\/h2>\n\n\n\n<p>Le vent soufflera du secteur sud-est. Il sera fort pr\u00e8s des c\u00f4tes et sous orages, tandis qu\u2019il restera faible \u00e0 mod\u00e9r\u00e9 \u00e0 l\u2019int\u00e9rieur du pays.<\/p>\n\n\n\n<p>En mer, les conditions seront agit\u00e9es : la mer sera moutonneuse dans le golfe de Gab\u00e8s et tr\u00e8s agit\u00e9e sur le reste du littoral, appelant \u00e0 la vigilance des p\u00eacheurs et des usagers maritimes.<\/p>\n\n\n\n<p>Les temp\u00e9ratures enregistreront une diminution notable. Les maximales oscilleront entre 15 et 19 degr\u00e9s dans le nord, sur les r\u00e9gions c\u00f4ti\u00e8res et les hauteurs ouest. Ailleurs, elles varieront entre 20 et 25 degr\u00e9s.<\/p>\n\n\n\n<blockquote class=\"wp-block-quote is-layout-flow wp-block-quote-is-layout-flow\">\n<blockquote class=\"wp-block-quote is-layout-flow wp-block-quote-is-layout-flow\">\n<ul class=\"wp-block-list\">\n<li class=\"has-medium-font-size\"><strong>Lire aussi :<\/strong> <a href=\"https:\/\/www.webdo.tn\/fr\/actualite\/national\/tunisie-meteo-pluies-orageuses-attendues-sur-la-majorite-des-regions-des-demain\/394096\/\">Tunisie \u2013 M\u00e9t\u00e9o : Pluies orageuses attendues sur la majorit\u00e9 des r\u00e9gions d\u00e8s demain<\/a><\/li>\n<\/ul>\n<\/blockquote>\n<\/blockquote>\n","protected":false},"excerpt":{"rendered":"<p>La Tunisie conna\u00eetra un changement notable des conditions m\u00e9t\u00e9orologiques ce jeudi 5 mars. Apr\u00e8s une brume matinale localis\u00e9e, le temps deviendra progressivement instable avec des pluies orageuses attendues d\u2019abord \u00e0 l\u2019ouest, puis sur le reste du pays durant la nuit. Les temp\u00e9ratures amorcent \u00e9galement une baisse sensible. Instabilit\u00e9 progressive et risques d\u2019orages La journ\u00e9e d\u00e9butera [&hellip;]<\/p>\n","protected":false},"author":4782,"featured_media":383960,"comment_status":"closed","ping_status":"closed","sticky":false,"template":"","format":"standard","meta":{"footnotes":""},"categories":[44],"tags":[2670,3163,2608],"class_list":["post-394115","post","type-post","status-publish","format-standard","has-post-thumbnail","hentry","category-national","tag-meteo","tag-pluies","tag-tunisie"],"yoast_head":"<!-- This site is optimized with the Yoast SEO Premium plugin v27.5 (Yoast SEO v27.5) - https:\/\/yoast.com\/product\/yoast-seo-premium-wordpress\/ -->\n<title>Tunisie - M\u00e9t\u00e9o : Pluies orageuses et baisse des temp\u00e9ratures sur plusieurs r\u00e9gions - webdo<\/title>\n<meta name=\"description\" content=\"La Tunisie conna\u00eetra des conditions instables avec des pluies orageuses et un rafra\u00eechissement notable des temp\u00e9ratures.\" \/>\n<link rel=\"canonical\" href=\"https:\/\/www.webdo.tn\/fr\/actualite\/national\/tunisie-meteo-pluies-orageuses-et-baisse-des-temperatures-sur-plusieurs-regions\/394115\/\" \/>\n<meta property=\"og:locale\" content=\"fr_FR\" \/>\n<meta property=\"og:type\" content=\"article\" \/>\n<meta property=\"og:title\" content=\"Tunisie - M\u00e9t\u00e9o : Pluies orageuses et baisse des temp\u00e9ratures sur plusieurs r\u00e9gions\" \/>\n<meta property=\"og:description\" content=\"La Tunisie conna\u00eetra des conditions instables avec des pluies orageuses et un rafra\u00eechissement notable des temp\u00e9ratures.\" \/>\n<meta property=\"og:url\" content=\"https:\/\/www.webdo.tn\/fr\/actualite\/national\/tunisie-meteo-pluies-orageuses-et-baisse-des-temperatures-sur-plusieurs-regions\/394115\/\" \/>\n<meta property=\"og:site_name\" content=\"webdo\" \/>\n<meta property=\"article:publisher\" content=\"https:\/\/www.facebook.com\/webdotn\" \/>\n<meta property=\"article:published_time\" content=\"2026-03-05T08:19:13+00:00\" \/>\n<meta property=\"article:modified_time\" content=\"2026-03-05T08:19:16+00:00\" \/>\n<meta property=\"og:image\" content=\"https:\/\/www.webdo.tn\/fr\/wp-content\/uploads\/2025\/09\/Pluies-orageuses.jpeg\" \/>\n\t<meta property=\"og:image:width\" content=\"1200\" \/>\n\t<meta property=\"og:image:height\" content=\"680\" \/>\n\t<meta property=\"og:image:type\" content=\"image\/jpeg\" \/>\n<meta name=\"author\" content=\"Mohamed Fethi\" \/>\n<meta name=\"twitter:card\" content=\"summary_large_image\" \/>\n<meta name=\"twitter:creator\" content=\"@webdo_tn\" \/>\n<meta name=\"twitter:site\" content=\"@webdo_tn\" \/>\n<meta name=\"twitter:label1\" content=\"\u00c9crit par\" \/>\n\t<meta name=\"twitter:data1\" content=\"Mohamed Fethi\" \/>\n\t<meta name=\"twitter:label2\" content=\"Dur\u00e9e de lecture estim\u00e9e\" \/>\n\t<meta name=\"twitter:data2\" content=\"2 minutes\" \/>\n<script type=\"application\/ld+json\" class=\"yoast-schema-graph\">{\"@context\":\"https:\\\/\\\/schema.org\",\"@graph\":[{\"@type\":\"NewsArticle\",\"@id\":\"https:\\\/\\\/www.webdo.tn\\\/fr\\\/actualite\\\/national\\\/tunisie-meteo-pluies-orageuses-et-baisse-des-temperatures-sur-plusieurs-regions\\\/394115\\\/#article\",\"isPartOf\":{\"@id\":\"https:\\\/\\\/www.webdo.tn\\\/fr\\\/actualite\\\/national\\\/tunisie-meteo-pluies-orageuses-et-baisse-des-temperatures-sur-plusieurs-regions\\\/394115\\\/\"},\"author\":{\"name\":\"Mohamed Fethi\",\"@id\":\"https:\\\/\\\/www.webdo.tn\\\/fr\\\/#\\\/schema\\\/person\\\/16a4857e77dfc0b610c4c2cadffc9ac4\"},\"headline\":\"Tunisie &#8211; M\u00e9t\u00e9o : Pluies orageuses et baisse des temp\u00e9ratures sur plusieurs r\u00e9gions\",\"datePublished\":\"2026-03-05T08:19:13+00:00\",\"dateModified\":\"2026-03-05T08:19:16+00:00\",\"mainEntityOfPage\":{\"@id\":\"https:\\\/\\\/www.webdo.tn\\\/fr\\\/actualite\\\/national\\\/tunisie-meteo-pluies-orageuses-et-baisse-des-temperatures-sur-plusieurs-regions\\\/394115\\\/\"},\"wordCount\":293,\"publisher\":{\"@id\":\"https:\\\/\\\/www.webdo.tn\\\/fr\\\/#organization\"},\"image\":{\"@id\":\"https:\\\/\\\/www.webdo.tn\\\/fr\\\/actualite\\\/national\\\/tunisie-meteo-pluies-orageuses-et-baisse-des-temperatures-sur-plusieurs-regions\\\/394115\\\/#primaryimage\"},\"thumbnailUrl\":\"https:\\\/\\\/www.webdo.tn\\\/fr\\\/wp-content\\\/uploads\\\/2025\\\/09\\\/Pluies-orageuses.jpeg\",\"keywords\":[\"m\u00e9t\u00e9o\",\"pluies\",\"Tunisie\"],\"articleSection\":[\"National\"],\"inLanguage\":\"fr-FR\"},{\"@type\":\"WebPage\",\"@id\":\"https:\\\/\\\/www.webdo.tn\\\/fr\\\/actualite\\\/national\\\/tunisie-meteo-pluies-orageuses-et-baisse-des-temperatures-sur-plusieurs-regions\\\/394115\\\/\",\"url\":\"https:\\\/\\\/www.webdo.tn\\\/fr\\\/actualite\\\/national\\\/tunisie-meteo-pluies-orageuses-et-baisse-des-temperatures-sur-plusieurs-regions\\\/394115\\\/\",\"name\":\"Tunisie - M\u00e9t\u00e9o : Pluies orageuses et baisse des temp\u00e9ratures sur plusieurs r\u00e9gions - webdo\",\"isPartOf\":{\"@id\":\"https:\\\/\\\/www.webdo.tn\\\/fr\\\/#website\"},\"primaryImageOfPage\":{\"@id\":\"https:\\\/\\\/www.webdo.tn\\\/fr\\\/actualite\\\/national\\\/tunisie-meteo-pluies-orageuses-et-baisse-des-temperatures-sur-plusieurs-regions\\\/394115\\\/#primaryimage\"},\"image\":{\"@id\":\"https:\\\/\\\/www.webdo.tn\\\/fr\\\/actualite\\\/national\\\/tunisie-meteo-pluies-orageuses-et-baisse-des-temperatures-sur-plusieurs-regions\\\/394115\\\/#primaryimage\"},\"thumbnailUrl\":\"https:\\\/\\\/www.webdo.tn\\\/fr\\\/wp-content\\\/uploads\\\/2025\\\/09\\\/Pluies-orageuses.jpeg\",\"datePublished\":\"2026-03-05T08:19:13+00:00\",\"dateModified\":\"2026-03-05T08:19:16+00:00\",\"description\":\"La Tunisie conna\u00eetra des conditions instables avec des pluies orageuses et un rafra\u00eechissement notable des temp\u00e9ratures.\",\"breadcrumb\":{\"@id\":\"https:\\\/\\\/www.webdo.tn\\\/fr\\\/actualite\\\/national\\\/tunisie-meteo-pluies-orageuses-et-baisse-des-temperatures-sur-plusieurs-regions\\\/394115\\\/#breadcrumb\"},\"inLanguage\":\"fr-FR\",\"potentialAction\":[{\"@type\":\"ReadAction\",\"target\":[\"https:\\\/\\\/www.webdo.tn\\\/fr\\\/actualite\\\/national\\\/tunisie-meteo-pluies-orageuses-et-baisse-des-temperatures-sur-plusieurs-regions\\\/394115\\\/\"]}]},{\"@type\":\"ImageObject\",\"inLanguage\":\"fr-FR\",\"@id\":\"https:\\\/\\\/www.webdo.tn\\\/fr\\\/actualite\\\/national\\\/tunisie-meteo-pluies-orageuses-et-baisse-des-temperatures-sur-plusieurs-regions\\\/394115\\\/#primaryimage\",\"url\":\"https:\\\/\\\/www.webdo.tn\\\/fr\\\/wp-content\\\/uploads\\\/2025\\\/09\\\/Pluies-orageuses.jpeg\",\"contentUrl\":\"https:\\\/\\\/www.webdo.tn\\\/fr\\\/wp-content\\\/uploads\\\/2025\\\/09\\\/Pluies-orageuses.jpeg\",\"width\":1200,\"height\":680,\"caption\":\"Tunisie : Pluies orageuses et risque de gr\u00eale sur les r\u00e9gions ouest du nord et du centre\"},{\"@type\":\"BreadcrumbList\",\"@id\":\"https:\\\/\\\/www.webdo.tn\\\/fr\\\/actualite\\\/national\\\/tunisie-meteo-pluies-orageuses-et-baisse-des-temperatures-sur-plusieurs-regions\\\/394115\\\/#breadcrumb\",\"itemListElement\":[{\"@type\":\"ListItem\",\"position\":1,\"name\":\"Accueil\",\"item\":\"https:\\\/\\\/www.webdo.tn\\\/fr\\\/\"},{\"@type\":\"ListItem\",\"position\":2,\"name\":\"Tunisie &#8211; M\u00e9t\u00e9o : Pluies orageuses et baisse des temp\u00e9ratures sur plusieurs r\u00e9gions\"}]},{\"@type\":\"WebSite\",\"@id\":\"https:\\\/\\\/www.webdo.tn\\\/fr\\\/#website\",\"url\":\"https:\\\/\\\/www.webdo.tn\\\/fr\\\/\",\"name\":\"webdo\",\"description\":\"Tunisie - News en Tunisie et \u00e0 l&#039;international sur Webdo.tn\",\"publisher\":{\"@id\":\"https:\\\/\\\/www.webdo.tn\\\/fr\\\/#organization\"},\"potentialAction\":[{\"@type\":\"SearchAction\",\"target\":{\"@type\":\"EntryPoint\",\"urlTemplate\":\"https:\\\/\\\/www.webdo.tn\\\/fr\\\/?s={search_term_string}\"},\"query-input\":{\"@type\":\"PropertyValueSpecification\",\"valueRequired\":true,\"valueName\":\"search_term_string\"}}],\"inLanguage\":\"fr-FR\"},{\"@type\":\"Organization\",\"@id\":\"https:\\\/\\\/www.webdo.tn\\\/fr\\\/#organization\",\"name\":\"Webdo\",\"alternateName\":\"Webdo.tn\",\"url\":\"https:\\\/\\\/www.webdo.tn\\\/fr\\\/\",\"logo\":{\"@type\":\"ImageObject\",\"inLanguage\":\"fr-FR\",\"@id\":\"https:\\\/\\\/www.webdo.tn\\\/fr\\\/#\\\/schema\\\/logo\\\/image\\\/\",\"url\":\"https:\\\/\\\/www.webdo.tn\\\/fr\\\/wp-content\\\/uploads\\\/2025\\\/06\\\/Webdo-Tunisie_168377.jpg\",\"contentUrl\":\"https:\\\/\\\/www.webdo.tn\\\/fr\\\/wp-content\\\/uploads\\\/2025\\\/06\\\/Webdo-Tunisie_168377.jpg\",\"width\":301,\"height\":301,\"caption\":\"Webdo\"},\"image\":{\"@id\":\"https:\\\/\\\/www.webdo.tn\\\/fr\\\/#\\\/schema\\\/logo\\\/image\\\/\"},\"sameAs\":[\"https:\\\/\\\/www.facebook.com\\\/webdotn\",\"https:\\\/\\\/x.com\\\/webdo_tn\"],\"description\":\"Webdo est un m\u00e9dia num\u00e9rique tunisien fond\u00e9 en 2010, sp\u00e9cialis\u00e9 dans l\u2019actualit\u00e9 nationale et internationale, l\u2019\u00e9conomie, la soci\u00e9t\u00e9 et les analyses politiques. Le site s\u2019adresse \u00e0 un large public francophone et couvre l\u2019information tunisienne en temps r\u00e9el.\",\"email\":\"redac@webdo.tn\",\"legalName\":\"YNJ SARL\",\"foundingDate\":\"2010-09-06\",\"numberOfEmployees\":{\"@type\":\"QuantitativeValue\",\"minValue\":\"11\",\"maxValue\":\"50\"}},{\"@type\":\"Person\",\"@id\":\"https:\\\/\\\/www.webdo.tn\\\/fr\\\/#\\\/schema\\\/person\\\/16a4857e77dfc0b610c4c2cadffc9ac4\",\"name\":\"Mohamed Fethi\",\"image\":{\"@type\":\"ImageObject\",\"inLanguage\":\"fr-FR\",\"@id\":\"https:\\\/\\\/www.webdo.tn\\\/fr\\\/wp-content\\\/uploads\\\/2026\\\/04\\\/mohamed-fethi_avatar_1-96x96.jpg\",\"url\":\"https:\\\/\\\/www.webdo.tn\\\/fr\\\/wp-content\\\/uploads\\\/2026\\\/04\\\/mohamed-fethi_avatar_1-96x96.jpg\",\"contentUrl\":\"https:\\\/\\\/www.webdo.tn\\\/fr\\\/wp-content\\\/uploads\\\/2026\\\/04\\\/mohamed-fethi_avatar_1-96x96.jpg\",\"caption\":\"Mohamed Fethi\"},\"description\":\"Signature \u00e9ditoriale de Maher Chaabane Mohamed Fethi est le pseudonyme \u00e9ditorial de Maher Chaabane, r\u00e9dacteur en chef de Webdo.tn depuis 2012. Cette signature est d\u00e9di\u00e9e au traitement intensif de l'actualit\u00e9 nationale et internationale en temps r\u00e9el. S'appuyant sur les deux d\u00e9cennies d'expertise journalistique de Maher Chaabane \u2014 d\u00e9but\u00e9e au sein du groupe Tunis Hebdo en 2000 \u2014 Mohamed Fethi assure une veille rigoureuse sur les enjeux politiques, \u00e9conomiques et sportifs. Sa mission est de garantir une information structur\u00e9e, fluide et fid\u00e8le aux standards de la r\u00e9daction. Pour consulter le parcours complet du r\u00e9dacteur en chef, visitez le profil officiel de Maher Chaabane.\",\"knowsAbout\":[\"actualit\u00e9\",\"journalisme\",\"information\",\"politique\",\"sport\",\"m\u00e9dias\",\"actualit\u00e9 internationale\"],\"knowsLanguage\":[\"Fran\u00e7ais\",\"Arabe\"],\"jobTitle\":\"Journaliste \u2013 R\u00e9daction Webdo\",\"worksFor\":\"Webdo.tn\",\"url\":\"https:\\\/\\\/www.webdo.tn\\\/fr\\\/actualite\\\/author\\\/mohamed-fethi\\\/\"}]}<\/script>\n<!-- \/ Yoast SEO Premium plugin. -->","yoast_head_json":{"title":"Tunisie - M\u00e9t\u00e9o : Pluies orageuses et baisse des temp\u00e9ratures sur plusieurs r\u00e9gions - webdo","description":"La Tunisie conna\u00eetra des conditions instables avec des pluies orageuses et un rafra\u00eechissement notable des temp\u00e9ratures.","canonical":"https:\/\/www.webdo.tn\/fr\/actualite\/national\/tunisie-meteo-pluies-orageuses-et-baisse-des-temperatures-sur-plusieurs-regions\/394115\/","og_locale":"fr_FR","og_type":"article","og_title":"Tunisie - M\u00e9t\u00e9o : Pluies orageuses et baisse des temp\u00e9ratures sur plusieurs r\u00e9gions","og_description":"La Tunisie conna\u00eetra des conditions instables avec des pluies orageuses et un rafra\u00eechissement notable des temp\u00e9ratures.","og_url":"https:\/\/www.webdo.tn\/fr\/actualite\/national\/tunisie-meteo-pluies-orageuses-et-baisse-des-temperatures-sur-plusieurs-regions\/394115\/","og_site_name":"webdo","article_publisher":"https:\/\/www.facebook.com\/webdotn","article_published_time":"2026-03-05T08:19:13+00:00","article_modified_time":"2026-03-05T08:19:16+00:00","og_image":[{"width":1200,"height":680,"url":"https:\/\/www.webdo.tn\/fr\/wp-content\/uploads\/2025\/09\/Pluies-orageuses.jpeg","type":"image\/jpeg"}],"author":"Mohamed Fethi","twitter_card":"summary_large_image","twitter_creator":"@webdo_tn","twitter_site":"@webdo_tn","twitter_misc":{"\u00c9crit par":"Mohamed Fethi","Dur\u00e9e de lecture estim\u00e9e":"2 minutes"},"schema":{"@context":"https:\/\/schema.org","@graph":[{"@type":"NewsArticle","@id":"https:\/\/www.webdo.tn\/fr\/actualite\/national\/tunisie-meteo-pluies-orageuses-et-baisse-des-temperatures-sur-plusieurs-regions\/394115\/#article","isPartOf":{"@id":"https:\/\/www.webdo.tn\/fr\/actualite\/national\/tunisie-meteo-pluies-orageuses-et-baisse-des-temperatures-sur-plusieurs-regions\/394115\/"},"author":{"name":"Mohamed Fethi","@id":"https:\/\/www.webdo.tn\/fr\/#\/schema\/person\/16a4857e77dfc0b610c4c2cadffc9ac4"},"headline":"Tunisie &#8211; M\u00e9t\u00e9o : Pluies orageuses et baisse des temp\u00e9ratures sur plusieurs r\u00e9gions","datePublished":"2026-03-05T08:19:13+00:00","dateModified":"2026-03-05T08:19:16+00:00","mainEntityOfPage":{"@id":"https:\/\/www.webdo.tn\/fr\/actualite\/national\/tunisie-meteo-pluies-orageuses-et-baisse-des-temperatures-sur-plusieurs-regions\/394115\/"},"wordCount":293,"publisher":{"@id":"https:\/\/www.webdo.tn\/fr\/#organization"},"image":{"@id":"https:\/\/www.webdo.tn\/fr\/actualite\/national\/tunisie-meteo-pluies-orageuses-et-baisse-des-temperatures-sur-plusieurs-regions\/394115\/#primaryimage"},"thumbnailUrl":"https:\/\/www.webdo.tn\/fr\/wp-content\/uploads\/2025\/09\/Pluies-orageuses.jpeg","keywords":["m\u00e9t\u00e9o","pluies","Tunisie"],"articleSection":["National"],"inLanguage":"fr-FR"},{"@type":"WebPage","@id":"https:\/\/www.webdo.tn\/fr\/actualite\/national\/tunisie-meteo-pluies-orageuses-et-baisse-des-temperatures-sur-plusieurs-regions\/394115\/","url":"https:\/\/www.webdo.tn\/fr\/actualite\/national\/tunisie-meteo-pluies-orageuses-et-baisse-des-temperatures-sur-plusieurs-regions\/394115\/","name":"Tunisie - M\u00e9t\u00e9o : Pluies orageuses et baisse des temp\u00e9ratures sur plusieurs r\u00e9gions - webdo","isPartOf":{"@id":"https:\/\/www.webdo.tn\/fr\/#website"},"primaryImageOfPage":{"@id":"https:\/\/www.webdo.tn\/fr\/actualite\/national\/tunisie-meteo-pluies-orageuses-et-baisse-des-temperatures-sur-plusieurs-regions\/394115\/#primaryimage"},"image":{"@id":"https:\/\/www.webdo.tn\/fr\/actualite\/national\/tunisie-meteo-pluies-orageuses-et-baisse-des-temperatures-sur-plusieurs-regions\/394115\/#primaryimage"},"thumbnailUrl":"https:\/\/www.webdo.tn\/fr\/wp-content\/uploads\/2025\/09\/Pluies-orageuses.jpeg","datePublished":"2026-03-05T08:19:13+00:00","dateModified":"2026-03-05T08:19:16+00:00","description":"La Tunisie conna\u00eetra des conditions instables avec des pluies orageuses et un rafra\u00eechissement notable des temp\u00e9ratures.","breadcrumb":{"@id":"https:\/\/www.webdo.tn\/fr\/actualite\/national\/tunisie-meteo-pluies-orageuses-et-baisse-des-temperatures-sur-plusieurs-regions\/394115\/#breadcrumb"},"inLanguage":"fr-FR","potentialAction":[{"@type":"ReadAction","target":["https:\/\/www.webdo.tn\/fr\/actualite\/national\/tunisie-meteo-pluies-orageuses-et-baisse-des-temperatures-sur-plusieurs-regions\/394115\/"]}]},{"@type":"ImageObject","inLanguage":"fr-FR","@id":"https:\/\/www.webdo.tn\/fr\/actualite\/national\/tunisie-meteo-pluies-orageuses-et-baisse-des-temperatures-sur-plusieurs-regions\/394115\/#primaryimage","url":"https:\/\/www.webdo.tn\/fr\/wp-content\/uploads\/2025\/09\/Pluies-orageuses.jpeg","contentUrl":"https:\/\/www.webdo.tn\/fr\/wp-content\/uploads\/2025\/09\/Pluies-orageuses.jpeg","width":1200,"height":680,"caption":"Tunisie : Pluies orageuses et risque de gr\u00eale sur les r\u00e9gions ouest du nord et du centre"},{"@type":"BreadcrumbList","@id":"https:\/\/www.webdo.tn\/fr\/actualite\/national\/tunisie-meteo-pluies-orageuses-et-baisse-des-temperatures-sur-plusieurs-regions\/394115\/#breadcrumb","itemListElement":[{"@type":"ListItem","position":1,"name":"Accueil","item":"https:\/\/www.webdo.tn\/fr\/"},{"@type":"ListItem","position":2,"name":"Tunisie &#8211; M\u00e9t\u00e9o : Pluies orageuses et baisse des temp\u00e9ratures sur plusieurs r\u00e9gions"}]},{"@type":"WebSite","@id":"https:\/\/www.webdo.tn\/fr\/#website","url":"https:\/\/www.webdo.tn\/fr\/","name":"webdo","description":"Tunisie - News en Tunisie et \u00e0 l&#039;international sur Webdo.tn","publisher":{"@id":"https:\/\/www.webdo.tn\/fr\/#organization"},"potentialAction":[{"@type":"SearchAction","target":{"@type":"EntryPoint","urlTemplate":"https:\/\/www.webdo.tn\/fr\/?s={search_term_string}"},"query-input":{"@type":"PropertyValueSpecification","valueRequired":true,"valueName":"search_term_string"}}],"inLanguage":"fr-FR"},{"@type":"Organization","@id":"https:\/\/www.webdo.tn\/fr\/#organization","name":"Webdo","alternateName":"Webdo.tn","url":"https:\/\/www.webdo.tn\/fr\/","logo":{"@type":"ImageObject","inLanguage":"fr-FR","@id":"https:\/\/www.webdo.tn\/fr\/#\/schema\/logo\/image\/","url":"https:\/\/www.webdo.tn\/fr\/wp-content\/uploads\/2025\/06\/Webdo-Tunisie_168377.jpg","contentUrl":"https:\/\/www.webdo.tn\/fr\/wp-content\/uploads\/2025\/06\/Webdo-Tunisie_168377.jpg","width":301,"height":301,"caption":"Webdo"},"image":{"@id":"https:\/\/www.webdo.tn\/fr\/#\/schema\/logo\/image\/"},"sameAs":["https:\/\/www.facebook.com\/webdotn","https:\/\/x.com\/webdo_tn"],"description":"Webdo est un m\u00e9dia num\u00e9rique tunisien fond\u00e9 en 2010, sp\u00e9cialis\u00e9 dans l\u2019actualit\u00e9 nationale et internationale, l\u2019\u00e9conomie, la soci\u00e9t\u00e9 et les analyses politiques. Le site s\u2019adresse \u00e0 un large public francophone et couvre l\u2019information tunisienne en temps r\u00e9el.","email":"redac@webdo.tn","legalName":"YNJ SARL","foundingDate":"2010-09-06","numberOfEmployees":{"@type":"QuantitativeValue","minValue":"11","maxValue":"50"}},{"@type":"Person","@id":"https:\/\/www.webdo.tn\/fr\/#\/schema\/person\/16a4857e77dfc0b610c4c2cadffc9ac4","name":"Mohamed Fethi","image":{"@type":"ImageObject","inLanguage":"fr-FR","@id":"https:\/\/www.webdo.tn\/fr\/wp-content\/uploads\/2026\/04\/mohamed-fethi_avatar_1-96x96.jpg","url":"https:\/\/www.webdo.tn\/fr\/wp-content\/uploads\/2026\/04\/mohamed-fethi_avatar_1-96x96.jpg","contentUrl":"https:\/\/www.webdo.tn\/fr\/wp-content\/uploads\/2026\/04\/mohamed-fethi_avatar_1-96x96.jpg","caption":"Mohamed Fethi"},"description":"Signature \u00e9ditoriale de Maher Chaabane Mohamed Fethi est le pseudonyme \u00e9ditorial de Maher Chaabane, r\u00e9dacteur en chef de Webdo.tn depuis 2012. Cette signature est d\u00e9di\u00e9e au traitement intensif de l'actualit\u00e9 nationale et internationale en temps r\u00e9el. S'appuyant sur les deux d\u00e9cennies d'expertise journalistique de Maher Chaabane \u2014 d\u00e9but\u00e9e au sein du groupe Tunis Hebdo en 2000 \u2014 Mohamed Fethi assure une veille rigoureuse sur les enjeux politiques, \u00e9conomiques et sportifs. Sa mission est de garantir une information structur\u00e9e, fluide et fid\u00e8le aux standards de la r\u00e9daction. Pour consulter le parcours complet du r\u00e9dacteur en chef, visitez le profil officiel de Maher Chaabane.","knowsAbout":["actualit\u00e9","journalisme","information","politique","sport","m\u00e9dias","actualit\u00e9 internationale"],"knowsLanguage":["Fran\u00e7ais","Arabe"],"jobTitle":"Journaliste \u2013 R\u00e9daction Webdo","worksFor":"Webdo.tn","url":"https:\/\/www.webdo.tn\/fr\/actualite\/author\/mohamed-fethi\/"}]}},"_links":{"self":[{"href":"https:\/\/www.webdo.tn\/fr\/wp-json\/wp\/v2\/posts\/394115","targetHints":{"allow":["GET"]}}],"collection":[{"href":"https:\/\/www.webdo.tn\/fr\/wp-json\/wp\/v2\/posts"}],"about":[{"href":"https:\/\/www.webdo.tn\/fr\/wp-json\/wp\/v2\/types\/post"}],"author":[{"embeddable":true,"href":"https:\/\/www.webdo.tn\/fr\/wp-json\/wp\/v2\/users\/4782"}],"replies":[{"embeddable":true,"href":"https:\/\/www.webdo.tn\/fr\/wp-json\/wp\/v2\/comments?post=394115"}],"version-history":[{"count":0,"href":"https:\/\/www.webdo.tn\/fr\/wp-json\/wp\/v2\/posts\/394115\/revisions"}],"wp:featuredmedia":[{"embeddable":true,"href":"https:\/\/www.webdo.tn\/fr\/wp-json\/wp\/v2\/media\/383960"}],"wp:attachment":[{"href":"https:\/\/www.webdo.tn\/fr\/wp-json\/wp\/v2\/media?parent=394115"}],"wp:term":[{"taxonomy":"category","embeddable":true,"href":"https:\/\/www.webdo.tn\/fr\/wp-json\/wp\/v2\/categories?post=394115"},{"taxonomy":"post_tag","embeddable":true,"href":"https:\/\/www.webdo.tn\/fr\/wp-json\/wp\/v2\/tags?post=394115"}],"curies":[{"name":"wp","href":"https:\/\/api.w.org\/{rel}","templated":true}]}}