{"id":394109,"date":"2026-03-05T08:46:48","date_gmt":"2026-03-05T07:46:48","guid":{"rendered":"https:\/\/www.webdo.tn\/fr\/?p=394109"},"modified":"2026-03-05T10:53:47","modified_gmt":"2026-03-05T09:53:47","slug":"tunisiens-etablis-a-letranger-allegement-majeur-des-formalites-fiscales-en-tunisie","status":"publish","type":"post","link":"https:\/\/www.webdo.tn\/fr\/actualite\/national\/tunisiens-etablis-a-letranger-allegement-majeur-des-formalites-fiscales-en-tunisie\/394109\/","title":{"rendered":"Tunisiens \u00e9tablis \u00e0 l\u2019\u00e9tranger : All\u00e8gement majeur des formalit\u00e9s fiscales en Tunisie"},"content":{"rendered":"\n<p><strong>Les ressortissants tunisiens vivant hors du territoire b\u00e9n\u00e9ficient d\u00e9sormais d\u2019une proc\u00e9dure administrative all\u00e9g\u00e9e pour plusieurs d\u00e9marches en Tunisie. La Direction g\u00e9n\u00e9rale des \u00e9tudes et de la l\u00e9gislation fiscale (DGELF), relevant du minist\u00e8re des Finances, a act\u00e9 la suppression de l\u2019exigence de quittances fiscales dans plusieurs cas pr\u00e9cis. Une r\u00e9forme introduite par la loi de finances 2026 pour faciliter les transactions et investissements de la diaspora.<\/strong><\/p>\n\n\n\n<h2 class=\"wp-block-heading\" id=\"h-fin-des-justificatifs-fiscaux-pour-plusieurs-operations\">Fin des justificatifs fiscaux pour plusieurs op\u00e9rations<\/h2>\n\n\n\n<p>D\u00e9sormais, les Tunisiens non-r\u00e9sidents n\u2019ont plus \u00e0 produire la preuve du d\u00e9p\u00f4t de leur derni\u00e8re d\u00e9claration d\u2019imp\u00f4t sur le revenu ni les justificatifs des trois exercices pr\u00e9c\u00e9dents pour acc\u00e9der \u00e0 certains services administratifs.<\/p>\n\n\n\n<p>Sont notamment concern\u00e9s, les autorisations de construire ; l\u2019immatriculation de v\u00e9hicules, toutes cat\u00e9gories confondues ; l\u2019enregistrement de baux immobiliers ; les actes de cession ou de mutation de biens ; les op\u00e9rations portant sur les fonds de commerce.<\/p>\n\n\n\n<blockquote class=\"wp-block-quote is-layout-flow wp-block-quote-is-layout-flow\">\n<blockquote class=\"wp-block-quote is-layout-flow wp-block-quote-is-layout-flow\">\n<ul class=\"wp-block-list\">\n<li class=\"has-medium-font-size\"><strong>Lire aussi :<\/strong> <a href=\"https:\/\/www.webdo.tn\/fr\/actualite\/national\/le-ministere-des-finances-clarifie-la-situation-fiscale-des-tre\/222016\/\">Tunisie : Le minist\u00e8re des Finances clarifie la situation fiscale des TRE<\/a><\/li>\n<\/ul>\n<\/blockquote>\n<\/blockquote>\n\n\n\n<p>Cette mesure vise \u00e0 supprimer une contrainte souvent jug\u00e9e dissuasive par les membres de la diaspora souhaitant investir ou r\u00e9gulariser des d\u00e9marches en Tunisie.<\/p>\n\n\n\n<h2 class=\"wp-block-heading\" id=\"h-statut-de-non-resident-des-preuves-obligatoires\">Statut de non-r\u00e9sident : des preuves obligatoires<\/h2>\n\n\n\n<p>L\u2019all\u00e8gement n\u2019est toutefois accord\u00e9 qu\u2019aux personnes pouvant d\u00e9montrer leur r\u00e9sidence \u00e0 l\u2019\u00e9tranger. La note g\u00e9n\u00e9rale n\u00b03 de 2026 \u00e9num\u00e8re les documents recevables, notamment une copie du passeport accompagn\u00e9e d\u2019un titre de s\u00e9jour \u00e9tranger ; une carte d\u2019inscription consulaire ; un relev\u00e9 des mouvements frontaliers prouvant une absence du territoire d\u2019au moins 183 jours ; ou une attestation de r\u00e9sidence fiscale au titre de la derni\u00e8re ann\u00e9e.<\/p>\n\n\n\n<blockquote class=\"wp-block-quote is-layout-flow wp-block-quote-is-layout-flow\">\n<blockquote class=\"wp-block-quote is-layout-flow wp-block-quote-is-layout-flow\">\n<ul class=\"wp-block-list\">\n<li class=\"has-medium-font-size\"><strong>Lire aussi : <\/strong><a href=\"https:\/\/www.webdo.tn\/fr\/actualite\/national\/diaspora-lenigme-des-2-agricoles-en-tunisie\/380541\/\">Diaspora : L\u2019\u00e9nigme des 2% agricoles en Tunisie !<\/a><\/li>\n<\/ul>\n<\/blockquote>\n<\/blockquote>\n\n\n\n<p>Les autorit\u00e9s fiscales pr\u00e9cisent que cette simplification administrative ne dispense en aucun cas du respect des obligations fiscales. En pr\u00e9sence d\u2019indices laissant supposer des revenus ou activit\u00e9s imposables en Tunisie, l\u2019administration conserve la facult\u00e9 de proc\u00e9der \u00e0 des v\u00e9rifications ult\u00e9rieures. La charge de la preuve incombe alors aux services fiscaux.<\/p>\n\n\n\n<h2 class=\"wp-block-heading\" id=\"h-un-dispositif-cible-et-encadre\">Un dispositif cibl\u00e9 et encadr\u00e9<\/h2>\n\n\n\n<p>La r\u00e9forme concerne exclusivement les personnes physiques de nationalit\u00e9 tunisienne r\u00e9sidant \u00e0 l\u2019\u00e9tranger. Les soci\u00e9t\u00e9s et les contribuables soumis \u00e0 la d\u00e9claration d\u2019existence pr\u00e9vue \u00e0 l\u2019article 56 du Code de l\u2019imp\u00f4t sur le revenu restent exclus du champ d\u2019application.<\/p>\n\n\n\n<p>Inscrite \u00e0 l\u2019article 52 de la loi de finances 2026, cette disposition s\u2019inscrit dans une dynamique de modernisation administrative et de rapprochement institutionnel avec la communaut\u00e9 tunisienne \u00e0 l\u2019\u00e9tranger.<\/p>\n","protected":false},"excerpt":{"rendered":"<p>Les ressortissants tunisiens vivant hors du territoire b\u00e9n\u00e9ficient d\u00e9sormais d\u2019une proc\u00e9dure administrative all\u00e9g\u00e9e pour plusieurs d\u00e9marches en Tunisie. La Direction g\u00e9n\u00e9rale des \u00e9tudes et de la l\u00e9gislation fiscale (DGELF), relevant du minist\u00e8re des Finances, a act\u00e9 la suppression de l\u2019exigence de quittances fiscales dans plusieurs cas pr\u00e9cis. Une r\u00e9forme introduite par la loi de finances [&hellip;]<\/p>\n","protected":false},"author":4782,"featured_media":394110,"comment_status":"closed","ping_status":"closed","sticky":false,"template":"","format":"standard","meta":{"footnotes":""},"categories":[44],"tags":[7432,13440,2608,4210],"class_list":["post-394109","post","type-post","status-publish","format-standard","has-post-thumbnail","hentry","category-national","tag-fiscalite","tag-residents","tag-tunisie","tag-tunisiens-a-letranger"],"yoast_head":"<!-- This site is optimized with the Yoast SEO Premium plugin v27.5 (Yoast SEO v27.5) - https:\/\/yoast.com\/product\/yoast-seo-premium-wordpress\/ -->\n<title>Tunisiens \u00e9tablis \u00e0 l\u2019\u00e9tranger : All\u00e8gement majeur des formalit\u00e9s fiscales en Tunisie - webdo<\/title>\n<meta name=\"description\" content=\"D\u00e9couvrez les nouvelles facilit\u00e9s fiscales pour les Tunisiens \u00e9tablis \u00e0 l\u2019\u00e9tranger en Tunisie. Simplifiez vos d\u00e9marches maintenant.\" \/>\n<link rel=\"canonical\" href=\"https:\/\/www.webdo.tn\/fr\/actualite\/national\/tunisiens-etablis-a-letranger-allegement-majeur-des-formalites-fiscales-en-tunisie\/394109\/\" \/>\n<meta property=\"og:locale\" content=\"fr_FR\" \/>\n<meta property=\"og:type\" content=\"article\" \/>\n<meta property=\"og:title\" content=\"Tunisiens \u00e9tablis \u00e0 l\u2019\u00e9tranger : All\u00e8gement majeur des formalit\u00e9s fiscales en Tunisie\" \/>\n<meta property=\"og:description\" content=\"D\u00e9couvrez les nouvelles facilit\u00e9s fiscales pour les Tunisiens \u00e9tablis \u00e0 l\u2019\u00e9tranger en Tunisie. Simplifiez vos d\u00e9marches maintenant.\" \/>\n<meta property=\"og:url\" content=\"https:\/\/www.webdo.tn\/fr\/actualite\/national\/tunisiens-etablis-a-letranger-allegement-majeur-des-formalites-fiscales-en-tunisie\/394109\/\" \/>\n<meta property=\"og:site_name\" content=\"webdo\" \/>\n<meta property=\"article:publisher\" content=\"https:\/\/www.facebook.com\/webdotn\" \/>\n<meta property=\"article:published_time\" content=\"2026-03-05T07:46:48+00:00\" \/>\n<meta property=\"article:modified_time\" content=\"2026-03-05T09:53:47+00:00\" \/>\n<meta property=\"og:image\" content=\"https:\/\/www.webdo.tn\/fr\/wp-content\/uploads\/2026\/03\/M-Finances.jpg\" \/>\n\t<meta property=\"og:image:width\" content=\"1200\" \/>\n\t<meta property=\"og:image:height\" content=\"601\" \/>\n\t<meta property=\"og:image:type\" content=\"image\/jpeg\" \/>\n<meta name=\"author\" content=\"Mohamed Fethi\" \/>\n<meta name=\"twitter:card\" content=\"summary_large_image\" \/>\n<meta name=\"twitter:creator\" content=\"@webdo_tn\" \/>\n<meta name=\"twitter:site\" content=\"@webdo_tn\" \/>\n<meta name=\"twitter:label1\" content=\"\u00c9crit par\" \/>\n\t<meta name=\"twitter:data1\" content=\"Mohamed Fethi\" \/>\n\t<meta name=\"twitter:label2\" content=\"Dur\u00e9e de lecture estim\u00e9e\" \/>\n\t<meta name=\"twitter:data2\" content=\"3 minutes\" \/>\n<script type=\"application\/ld+json\" class=\"yoast-schema-graph\">{\"@context\":\"https:\\\/\\\/schema.org\",\"@graph\":[{\"@type\":\"NewsArticle\",\"@id\":\"https:\\\/\\\/www.webdo.tn\\\/fr\\\/actualite\\\/national\\\/tunisiens-etablis-a-letranger-allegement-majeur-des-formalites-fiscales-en-tunisie\\\/394109\\\/#article\",\"isPartOf\":{\"@id\":\"https:\\\/\\\/www.webdo.tn\\\/fr\\\/actualite\\\/national\\\/tunisiens-etablis-a-letranger-allegement-majeur-des-formalites-fiscales-en-tunisie\\\/394109\\\/\"},\"author\":{\"name\":\"Mohamed Fethi\",\"@id\":\"https:\\\/\\\/www.webdo.tn\\\/fr\\\/#\\\/schema\\\/person\\\/16a4857e77dfc0b610c4c2cadffc9ac4\"},\"headline\":\"Tunisiens \u00e9tablis \u00e0 l\u2019\u00e9tranger : All\u00e8gement majeur des formalit\u00e9s fiscales en Tunisie\",\"datePublished\":\"2026-03-05T07:46:48+00:00\",\"dateModified\":\"2026-03-05T09:53:47+00:00\",\"mainEntityOfPage\":{\"@id\":\"https:\\\/\\\/www.webdo.tn\\\/fr\\\/actualite\\\/national\\\/tunisiens-etablis-a-letranger-allegement-majeur-des-formalites-fiscales-en-tunisie\\\/394109\\\/\"},\"wordCount\":455,\"publisher\":{\"@id\":\"https:\\\/\\\/www.webdo.tn\\\/fr\\\/#organization\"},\"image\":{\"@id\":\"https:\\\/\\\/www.webdo.tn\\\/fr\\\/actualite\\\/national\\\/tunisiens-etablis-a-letranger-allegement-majeur-des-formalites-fiscales-en-tunisie\\\/394109\\\/#primaryimage\"},\"thumbnailUrl\":\"https:\\\/\\\/www.webdo.tn\\\/fr\\\/wp-content\\\/uploads\\\/2026\\\/03\\\/M-Finances.jpg\",\"keywords\":[\"fiscalit\u00e9\",\"r\u00e9sidents\",\"Tunisie\",\"tunisiens \u00e0 l'\u00e9tranger\"],\"articleSection\":[\"National\"],\"inLanguage\":\"fr-FR\"},{\"@type\":\"WebPage\",\"@id\":\"https:\\\/\\\/www.webdo.tn\\\/fr\\\/actualite\\\/national\\\/tunisiens-etablis-a-letranger-allegement-majeur-des-formalites-fiscales-en-tunisie\\\/394109\\\/\",\"url\":\"https:\\\/\\\/www.webdo.tn\\\/fr\\\/actualite\\\/national\\\/tunisiens-etablis-a-letranger-allegement-majeur-des-formalites-fiscales-en-tunisie\\\/394109\\\/\",\"name\":\"Tunisiens \u00e9tablis \u00e0 l\u2019\u00e9tranger : All\u00e8gement majeur des formalit\u00e9s fiscales en Tunisie - webdo\",\"isPartOf\":{\"@id\":\"https:\\\/\\\/www.webdo.tn\\\/fr\\\/#website\"},\"primaryImageOfPage\":{\"@id\":\"https:\\\/\\\/www.webdo.tn\\\/fr\\\/actualite\\\/national\\\/tunisiens-etablis-a-letranger-allegement-majeur-des-formalites-fiscales-en-tunisie\\\/394109\\\/#primaryimage\"},\"image\":{\"@id\":\"https:\\\/\\\/www.webdo.tn\\\/fr\\\/actualite\\\/national\\\/tunisiens-etablis-a-letranger-allegement-majeur-des-formalites-fiscales-en-tunisie\\\/394109\\\/#primaryimage\"},\"thumbnailUrl\":\"https:\\\/\\\/www.webdo.tn\\\/fr\\\/wp-content\\\/uploads\\\/2026\\\/03\\\/M-Finances.jpg\",\"datePublished\":\"2026-03-05T07:46:48+00:00\",\"dateModified\":\"2026-03-05T09:53:47+00:00\",\"description\":\"D\u00e9couvrez les nouvelles facilit\u00e9s fiscales pour les Tunisiens \u00e9tablis \u00e0 l\u2019\u00e9tranger en Tunisie. Simplifiez vos d\u00e9marches maintenant.\",\"breadcrumb\":{\"@id\":\"https:\\\/\\\/www.webdo.tn\\\/fr\\\/actualite\\\/national\\\/tunisiens-etablis-a-letranger-allegement-majeur-des-formalites-fiscales-en-tunisie\\\/394109\\\/#breadcrumb\"},\"inLanguage\":\"fr-FR\",\"potentialAction\":[{\"@type\":\"ReadAction\",\"target\":[\"https:\\\/\\\/www.webdo.tn\\\/fr\\\/actualite\\\/national\\\/tunisiens-etablis-a-letranger-allegement-majeur-des-formalites-fiscales-en-tunisie\\\/394109\\\/\"]}]},{\"@type\":\"ImageObject\",\"inLanguage\":\"fr-FR\",\"@id\":\"https:\\\/\\\/www.webdo.tn\\\/fr\\\/actualite\\\/national\\\/tunisiens-etablis-a-letranger-allegement-majeur-des-formalites-fiscales-en-tunisie\\\/394109\\\/#primaryimage\",\"url\":\"https:\\\/\\\/www.webdo.tn\\\/fr\\\/wp-content\\\/uploads\\\/2026\\\/03\\\/M-Finances.jpg\",\"contentUrl\":\"https:\\\/\\\/www.webdo.tn\\\/fr\\\/wp-content\\\/uploads\\\/2026\\\/03\\\/M-Finances.jpg\",\"width\":1200,\"height\":601,\"caption\":\"R\u00e9formes des changes et budget 2027 : L\u2019ARP acc\u00e9l\u00e8re le tempo des dossiers \u00e9conomiques\"},{\"@type\":\"BreadcrumbList\",\"@id\":\"https:\\\/\\\/www.webdo.tn\\\/fr\\\/actualite\\\/national\\\/tunisiens-etablis-a-letranger-allegement-majeur-des-formalites-fiscales-en-tunisie\\\/394109\\\/#breadcrumb\",\"itemListElement\":[{\"@type\":\"ListItem\",\"position\":1,\"name\":\"Accueil\",\"item\":\"https:\\\/\\\/www.webdo.tn\\\/fr\\\/\"},{\"@type\":\"ListItem\",\"position\":2,\"name\":\"Tunisiens \u00e9tablis \u00e0 l\u2019\u00e9tranger : All\u00e8gement majeur des formalit\u00e9s fiscales en Tunisie\"}]},{\"@type\":\"WebSite\",\"@id\":\"https:\\\/\\\/www.webdo.tn\\\/fr\\\/#website\",\"url\":\"https:\\\/\\\/www.webdo.tn\\\/fr\\\/\",\"name\":\"webdo\",\"description\":\"Tunisie - News en Tunisie et \u00e0 l&#039;international sur Webdo.tn\",\"publisher\":{\"@id\":\"https:\\\/\\\/www.webdo.tn\\\/fr\\\/#organization\"},\"potentialAction\":[{\"@type\":\"SearchAction\",\"target\":{\"@type\":\"EntryPoint\",\"urlTemplate\":\"https:\\\/\\\/www.webdo.tn\\\/fr\\\/?s={search_term_string}\"},\"query-input\":{\"@type\":\"PropertyValueSpecification\",\"valueRequired\":true,\"valueName\":\"search_term_string\"}}],\"inLanguage\":\"fr-FR\"},{\"@type\":\"Organization\",\"@id\":\"https:\\\/\\\/www.webdo.tn\\\/fr\\\/#organization\",\"name\":\"Webdo\",\"alternateName\":\"Webdo.tn\",\"url\":\"https:\\\/\\\/www.webdo.tn\\\/fr\\\/\",\"logo\":{\"@type\":\"ImageObject\",\"inLanguage\":\"fr-FR\",\"@id\":\"https:\\\/\\\/www.webdo.tn\\\/fr\\\/#\\\/schema\\\/logo\\\/image\\\/\",\"url\":\"https:\\\/\\\/www.webdo.tn\\\/fr\\\/wp-content\\\/uploads\\\/2025\\\/06\\\/Webdo-Tunisie_168377.jpg\",\"contentUrl\":\"https:\\\/\\\/www.webdo.tn\\\/fr\\\/wp-content\\\/uploads\\\/2025\\\/06\\\/Webdo-Tunisie_168377.jpg\",\"width\":301,\"height\":301,\"caption\":\"Webdo\"},\"image\":{\"@id\":\"https:\\\/\\\/www.webdo.tn\\\/fr\\\/#\\\/schema\\\/logo\\\/image\\\/\"},\"sameAs\":[\"https:\\\/\\\/www.facebook.com\\\/webdotn\",\"https:\\\/\\\/x.com\\\/webdo_tn\"],\"description\":\"Webdo est un m\u00e9dia num\u00e9rique tunisien fond\u00e9 en 2010, sp\u00e9cialis\u00e9 dans l\u2019actualit\u00e9 nationale et internationale, l\u2019\u00e9conomie, la soci\u00e9t\u00e9 et les analyses politiques. Le site s\u2019adresse \u00e0 un large public francophone et couvre l\u2019information tunisienne en temps r\u00e9el.\",\"email\":\"redac@webdo.tn\",\"legalName\":\"YNJ SARL\",\"foundingDate\":\"2010-09-06\",\"numberOfEmployees\":{\"@type\":\"QuantitativeValue\",\"minValue\":\"11\",\"maxValue\":\"50\"}},{\"@type\":\"Person\",\"@id\":\"https:\\\/\\\/www.webdo.tn\\\/fr\\\/#\\\/schema\\\/person\\\/16a4857e77dfc0b610c4c2cadffc9ac4\",\"name\":\"Mohamed Fethi\",\"image\":{\"@type\":\"ImageObject\",\"inLanguage\":\"fr-FR\",\"@id\":\"https:\\\/\\\/www.webdo.tn\\\/fr\\\/wp-content\\\/uploads\\\/2026\\\/04\\\/mohamed-fethi_avatar_1-96x96.jpg\",\"url\":\"https:\\\/\\\/www.webdo.tn\\\/fr\\\/wp-content\\\/uploads\\\/2026\\\/04\\\/mohamed-fethi_avatar_1-96x96.jpg\",\"contentUrl\":\"https:\\\/\\\/www.webdo.tn\\\/fr\\\/wp-content\\\/uploads\\\/2026\\\/04\\\/mohamed-fethi_avatar_1-96x96.jpg\",\"caption\":\"Mohamed Fethi\"},\"description\":\"Signature \u00e9ditoriale de Maher Chaabane Mohamed Fethi est le pseudonyme \u00e9ditorial de Maher Chaabane, r\u00e9dacteur en chef de Webdo.tn depuis 2012. Cette signature est d\u00e9di\u00e9e au traitement intensif de l'actualit\u00e9 nationale et internationale en temps r\u00e9el. S'appuyant sur les deux d\u00e9cennies d'expertise journalistique de Maher Chaabane \u2014 d\u00e9but\u00e9e au sein du groupe Tunis Hebdo en 2000 \u2014 Mohamed Fethi assure une veille rigoureuse sur les enjeux politiques, \u00e9conomiques et sportifs. Sa mission est de garantir une information structur\u00e9e, fluide et fid\u00e8le aux standards de la r\u00e9daction. Pour consulter le parcours complet du r\u00e9dacteur en chef, visitez le profil officiel de Maher Chaabane.\",\"knowsAbout\":[\"actualit\u00e9\",\"journalisme\",\"information\",\"politique\",\"sport\",\"m\u00e9dias\",\"actualit\u00e9 internationale\"],\"knowsLanguage\":[\"Fran\u00e7ais\",\"Arabe\"],\"jobTitle\":\"Journaliste \u2013 R\u00e9daction Webdo\",\"worksFor\":\"Webdo.tn\",\"url\":\"https:\\\/\\\/www.webdo.tn\\\/fr\\\/actualite\\\/author\\\/mohamed-fethi\\\/\"}]}<\/script>\n<!-- \/ Yoast SEO Premium plugin. -->","yoast_head_json":{"title":"Tunisiens \u00e9tablis \u00e0 l\u2019\u00e9tranger : All\u00e8gement majeur des formalit\u00e9s fiscales en Tunisie - webdo","description":"D\u00e9couvrez les nouvelles facilit\u00e9s fiscales pour les Tunisiens \u00e9tablis \u00e0 l\u2019\u00e9tranger en Tunisie. Simplifiez vos d\u00e9marches maintenant.","canonical":"https:\/\/www.webdo.tn\/fr\/actualite\/national\/tunisiens-etablis-a-letranger-allegement-majeur-des-formalites-fiscales-en-tunisie\/394109\/","og_locale":"fr_FR","og_type":"article","og_title":"Tunisiens \u00e9tablis \u00e0 l\u2019\u00e9tranger : All\u00e8gement majeur des formalit\u00e9s fiscales en Tunisie","og_description":"D\u00e9couvrez les nouvelles facilit\u00e9s fiscales pour les Tunisiens \u00e9tablis \u00e0 l\u2019\u00e9tranger en Tunisie. Simplifiez vos d\u00e9marches maintenant.","og_url":"https:\/\/www.webdo.tn\/fr\/actualite\/national\/tunisiens-etablis-a-letranger-allegement-majeur-des-formalites-fiscales-en-tunisie\/394109\/","og_site_name":"webdo","article_publisher":"https:\/\/www.facebook.com\/webdotn","article_published_time":"2026-03-05T07:46:48+00:00","article_modified_time":"2026-03-05T09:53:47+00:00","og_image":[{"width":1200,"height":601,"url":"https:\/\/www.webdo.tn\/fr\/wp-content\/uploads\/2026\/03\/M-Finances.jpg","type":"image\/jpeg"}],"author":"Mohamed Fethi","twitter_card":"summary_large_image","twitter_creator":"@webdo_tn","twitter_site":"@webdo_tn","twitter_misc":{"\u00c9crit par":"Mohamed Fethi","Dur\u00e9e de lecture estim\u00e9e":"3 minutes"},"schema":{"@context":"https:\/\/schema.org","@graph":[{"@type":"NewsArticle","@id":"https:\/\/www.webdo.tn\/fr\/actualite\/national\/tunisiens-etablis-a-letranger-allegement-majeur-des-formalites-fiscales-en-tunisie\/394109\/#article","isPartOf":{"@id":"https:\/\/www.webdo.tn\/fr\/actualite\/national\/tunisiens-etablis-a-letranger-allegement-majeur-des-formalites-fiscales-en-tunisie\/394109\/"},"author":{"name":"Mohamed Fethi","@id":"https:\/\/www.webdo.tn\/fr\/#\/schema\/person\/16a4857e77dfc0b610c4c2cadffc9ac4"},"headline":"Tunisiens \u00e9tablis \u00e0 l\u2019\u00e9tranger : All\u00e8gement majeur des formalit\u00e9s fiscales en Tunisie","datePublished":"2026-03-05T07:46:48+00:00","dateModified":"2026-03-05T09:53:47+00:00","mainEntityOfPage":{"@id":"https:\/\/www.webdo.tn\/fr\/actualite\/national\/tunisiens-etablis-a-letranger-allegement-majeur-des-formalites-fiscales-en-tunisie\/394109\/"},"wordCount":455,"publisher":{"@id":"https:\/\/www.webdo.tn\/fr\/#organization"},"image":{"@id":"https:\/\/www.webdo.tn\/fr\/actualite\/national\/tunisiens-etablis-a-letranger-allegement-majeur-des-formalites-fiscales-en-tunisie\/394109\/#primaryimage"},"thumbnailUrl":"https:\/\/www.webdo.tn\/fr\/wp-content\/uploads\/2026\/03\/M-Finances.jpg","keywords":["fiscalit\u00e9","r\u00e9sidents","Tunisie","tunisiens \u00e0 l'\u00e9tranger"],"articleSection":["National"],"inLanguage":"fr-FR"},{"@type":"WebPage","@id":"https:\/\/www.webdo.tn\/fr\/actualite\/national\/tunisiens-etablis-a-letranger-allegement-majeur-des-formalites-fiscales-en-tunisie\/394109\/","url":"https:\/\/www.webdo.tn\/fr\/actualite\/national\/tunisiens-etablis-a-letranger-allegement-majeur-des-formalites-fiscales-en-tunisie\/394109\/","name":"Tunisiens \u00e9tablis \u00e0 l\u2019\u00e9tranger : All\u00e8gement majeur des formalit\u00e9s fiscales en Tunisie - webdo","isPartOf":{"@id":"https:\/\/www.webdo.tn\/fr\/#website"},"primaryImageOfPage":{"@id":"https:\/\/www.webdo.tn\/fr\/actualite\/national\/tunisiens-etablis-a-letranger-allegement-majeur-des-formalites-fiscales-en-tunisie\/394109\/#primaryimage"},"image":{"@id":"https:\/\/www.webdo.tn\/fr\/actualite\/national\/tunisiens-etablis-a-letranger-allegement-majeur-des-formalites-fiscales-en-tunisie\/394109\/#primaryimage"},"thumbnailUrl":"https:\/\/www.webdo.tn\/fr\/wp-content\/uploads\/2026\/03\/M-Finances.jpg","datePublished":"2026-03-05T07:46:48+00:00","dateModified":"2026-03-05T09:53:47+00:00","description":"D\u00e9couvrez les nouvelles facilit\u00e9s fiscales pour les Tunisiens \u00e9tablis \u00e0 l\u2019\u00e9tranger en Tunisie. Simplifiez vos d\u00e9marches maintenant.","breadcrumb":{"@id":"https:\/\/www.webdo.tn\/fr\/actualite\/national\/tunisiens-etablis-a-letranger-allegement-majeur-des-formalites-fiscales-en-tunisie\/394109\/#breadcrumb"},"inLanguage":"fr-FR","potentialAction":[{"@type":"ReadAction","target":["https:\/\/www.webdo.tn\/fr\/actualite\/national\/tunisiens-etablis-a-letranger-allegement-majeur-des-formalites-fiscales-en-tunisie\/394109\/"]}]},{"@type":"ImageObject","inLanguage":"fr-FR","@id":"https:\/\/www.webdo.tn\/fr\/actualite\/national\/tunisiens-etablis-a-letranger-allegement-majeur-des-formalites-fiscales-en-tunisie\/394109\/#primaryimage","url":"https:\/\/www.webdo.tn\/fr\/wp-content\/uploads\/2026\/03\/M-Finances.jpg","contentUrl":"https:\/\/www.webdo.tn\/fr\/wp-content\/uploads\/2026\/03\/M-Finances.jpg","width":1200,"height":601,"caption":"R\u00e9formes des changes et budget 2027 : L\u2019ARP acc\u00e9l\u00e8re le tempo des dossiers \u00e9conomiques"},{"@type":"BreadcrumbList","@id":"https:\/\/www.webdo.tn\/fr\/actualite\/national\/tunisiens-etablis-a-letranger-allegement-majeur-des-formalites-fiscales-en-tunisie\/394109\/#breadcrumb","itemListElement":[{"@type":"ListItem","position":1,"name":"Accueil","item":"https:\/\/www.webdo.tn\/fr\/"},{"@type":"ListItem","position":2,"name":"Tunisiens \u00e9tablis \u00e0 l\u2019\u00e9tranger : All\u00e8gement majeur des formalit\u00e9s fiscales en Tunisie"}]},{"@type":"WebSite","@id":"https:\/\/www.webdo.tn\/fr\/#website","url":"https:\/\/www.webdo.tn\/fr\/","name":"webdo","description":"Tunisie - News en Tunisie et \u00e0 l&#039;international sur Webdo.tn","publisher":{"@id":"https:\/\/www.webdo.tn\/fr\/#organization"},"potentialAction":[{"@type":"SearchAction","target":{"@type":"EntryPoint","urlTemplate":"https:\/\/www.webdo.tn\/fr\/?s={search_term_string}"},"query-input":{"@type":"PropertyValueSpecification","valueRequired":true,"valueName":"search_term_string"}}],"inLanguage":"fr-FR"},{"@type":"Organization","@id":"https:\/\/www.webdo.tn\/fr\/#organization","name":"Webdo","alternateName":"Webdo.tn","url":"https:\/\/www.webdo.tn\/fr\/","logo":{"@type":"ImageObject","inLanguage":"fr-FR","@id":"https:\/\/www.webdo.tn\/fr\/#\/schema\/logo\/image\/","url":"https:\/\/www.webdo.tn\/fr\/wp-content\/uploads\/2025\/06\/Webdo-Tunisie_168377.jpg","contentUrl":"https:\/\/www.webdo.tn\/fr\/wp-content\/uploads\/2025\/06\/Webdo-Tunisie_168377.jpg","width":301,"height":301,"caption":"Webdo"},"image":{"@id":"https:\/\/www.webdo.tn\/fr\/#\/schema\/logo\/image\/"},"sameAs":["https:\/\/www.facebook.com\/webdotn","https:\/\/x.com\/webdo_tn"],"description":"Webdo est un m\u00e9dia num\u00e9rique tunisien fond\u00e9 en 2010, sp\u00e9cialis\u00e9 dans l\u2019actualit\u00e9 nationale et internationale, l\u2019\u00e9conomie, la soci\u00e9t\u00e9 et les analyses politiques. Le site s\u2019adresse \u00e0 un large public francophone et couvre l\u2019information tunisienne en temps r\u00e9el.","email":"redac@webdo.tn","legalName":"YNJ SARL","foundingDate":"2010-09-06","numberOfEmployees":{"@type":"QuantitativeValue","minValue":"11","maxValue":"50"}},{"@type":"Person","@id":"https:\/\/www.webdo.tn\/fr\/#\/schema\/person\/16a4857e77dfc0b610c4c2cadffc9ac4","name":"Mohamed Fethi","image":{"@type":"ImageObject","inLanguage":"fr-FR","@id":"https:\/\/www.webdo.tn\/fr\/wp-content\/uploads\/2026\/04\/mohamed-fethi_avatar_1-96x96.jpg","url":"https:\/\/www.webdo.tn\/fr\/wp-content\/uploads\/2026\/04\/mohamed-fethi_avatar_1-96x96.jpg","contentUrl":"https:\/\/www.webdo.tn\/fr\/wp-content\/uploads\/2026\/04\/mohamed-fethi_avatar_1-96x96.jpg","caption":"Mohamed Fethi"},"description":"Signature \u00e9ditoriale de Maher Chaabane Mohamed Fethi est le pseudonyme \u00e9ditorial de Maher Chaabane, r\u00e9dacteur en chef de Webdo.tn depuis 2012. Cette signature est d\u00e9di\u00e9e au traitement intensif de l'actualit\u00e9 nationale et internationale en temps r\u00e9el. S'appuyant sur les deux d\u00e9cennies d'expertise journalistique de Maher Chaabane \u2014 d\u00e9but\u00e9e au sein du groupe Tunis Hebdo en 2000 \u2014 Mohamed Fethi assure une veille rigoureuse sur les enjeux politiques, \u00e9conomiques et sportifs. Sa mission est de garantir une information structur\u00e9e, fluide et fid\u00e8le aux standards de la r\u00e9daction. Pour consulter le parcours complet du r\u00e9dacteur en chef, visitez le profil officiel de Maher Chaabane.","knowsAbout":["actualit\u00e9","journalisme","information","politique","sport","m\u00e9dias","actualit\u00e9 internationale"],"knowsLanguage":["Fran\u00e7ais","Arabe"],"jobTitle":"Journaliste \u2013 R\u00e9daction Webdo","worksFor":"Webdo.tn","url":"https:\/\/www.webdo.tn\/fr\/actualite\/author\/mohamed-fethi\/"}]}},"_links":{"self":[{"href":"https:\/\/www.webdo.tn\/fr\/wp-json\/wp\/v2\/posts\/394109","targetHints":{"allow":["GET"]}}],"collection":[{"href":"https:\/\/www.webdo.tn\/fr\/wp-json\/wp\/v2\/posts"}],"about":[{"href":"https:\/\/www.webdo.tn\/fr\/wp-json\/wp\/v2\/types\/post"}],"author":[{"embeddable":true,"href":"https:\/\/www.webdo.tn\/fr\/wp-json\/wp\/v2\/users\/4782"}],"replies":[{"embeddable":true,"href":"https:\/\/www.webdo.tn\/fr\/wp-json\/wp\/v2\/comments?post=394109"}],"version-history":[{"count":0,"href":"https:\/\/www.webdo.tn\/fr\/wp-json\/wp\/v2\/posts\/394109\/revisions"}],"wp:featuredmedia":[{"embeddable":true,"href":"https:\/\/www.webdo.tn\/fr\/wp-json\/wp\/v2\/media\/394110"}],"wp:attachment":[{"href":"https:\/\/www.webdo.tn\/fr\/wp-json\/wp\/v2\/media?parent=394109"}],"wp:term":[{"taxonomy":"category","embeddable":true,"href":"https:\/\/www.webdo.tn\/fr\/wp-json\/wp\/v2\/categories?post=394109"},{"taxonomy":"post_tag","embeddable":true,"href":"https:\/\/www.webdo.tn\/fr\/wp-json\/wp\/v2\/tags?post=394109"}],"curies":[{"name":"wp","href":"https:\/\/api.w.org\/{rel}","templated":true}]}}