{"id":394107,"date":"2026-03-05T08:28:05","date_gmt":"2026-03-05T07:28:05","guid":{"rendered":"https:\/\/www.webdo.tn\/fr\/?p=394107"},"modified":"2026-03-05T09:08:54","modified_gmt":"2026-03-05T08:08:54","slug":"kobbet-el-haoua-a-la-marsa-la-commission-regionale-des-catastrophes-sonne-lalerte","status":"publish","type":"post","link":"https:\/\/www.webdo.tn\/fr\/actualite\/regions\/kobbet-el-haoua-a-la-marsa-la-commission-regionale-des-catastrophes-sonne-lalerte\/394107\/","title":{"rendered":"Kobbet el Haoua \u00e0 La Marsa : La commission r\u00e9gionale des catastrophes sonne l\u2019alerte"},"content":{"rendered":"\n<p><strong>La situation de Kobbet el Haoua, \u00e0 La Marsa, a \u00e9t\u00e9 au c\u0153ur d\u2019une r\u00e9union de la commission r\u00e9gionale de pr\u00e9vention des catastrophes, tenue mercredi au gouvernorat de Tunis. Les membres ont \u00e9galement examin\u00e9 l\u2019\u00e9tat d\u2019un immeuble sinistr\u00e9 \u00e0 Ksar Sa\u00efd, touch\u00e9 par une explosion due \u00e0 une fuite de gaz, ainsi que les cl\u00f4tures d\u00e9grad\u00e9es de plusieurs \u00e9tablissements \u00e9ducatifs. Objectif affich\u00e9 : acc\u00e9l\u00e9rer les interventions pour pr\u00e9venir tout risque imminent.<\/strong><\/p>\n\n\n\n<h2 class=\"wp-block-heading\" id=\"h-un-diagnostic-d-urgence-sur-plusieurs-sites-sensibles\">Un diagnostic d\u2019urgence sur plusieurs sites sensibles<\/h2>\n\n\n\n<p>R\u00e9unie sous la pr\u00e9sidence du gouverneur de Tunis, Imed Boukhris, la commission r\u00e9gionale de pr\u00e9vention des catastrophes a proc\u00e9d\u00e9 \u00e0 une \u00e9valuation approfondie de plusieurs dossiers jug\u00e9s prioritaires.<\/p>\n\n\n\n<p>Parmi eux, l\u2019\u00e9tat de Kobbet el Haoua \u00e0 La Marsa, site expos\u00e9 \u00e0 des d\u00e9gradations structurelles et environnementales, a suscit\u00e9 une attention particuli\u00e8re. Les membres de la commission ont insist\u00e9 sur la n\u00e9cessit\u00e9 d\u2019un suivi technique rigoureux et d\u2019un plan d\u2019intervention coordonn\u00e9 afin d\u2019\u00e9carter tout danger potentiel.<\/p>\n\n\n\n<blockquote class=\"wp-block-quote is-layout-flow wp-block-quote-is-layout-flow\">\n<blockquote class=\"wp-block-quote is-layout-flow wp-block-quote-is-layout-flow\">\n<ul class=\"wp-block-list\">\n<li class=\"has-medium-font-size\"><strong>Lire aussi :<\/strong> <a href=\"https:\/\/www.webdo.tn\/fr\/actualite\/chroniques\/la-marsa-qobbet-el-hawa-clairement-en-danger\/391824\/\">La Marsa : Qobbet El Hawa clairement en danger<\/a><\/li>\n<\/ul>\n<\/blockquote>\n<\/blockquote>\n\n\n\n<p>Autre point \u00e0 l\u2019ordre du jour : l\u2019immeuble situ\u00e9 \u00e0 Ksar Sa\u00efd, r\u00e9cemment endommag\u00e9 par une explosion cons\u00e9cutive \u00e0 une fuite de gaz. Les discussions ont port\u00e9 sur les mesures de s\u00e9curisation du b\u00e2timent et sur les dispositions \u00e0 engager pour prot\u00e9ger les riverains.<\/p>\n\n\n\n<p>La commission a \u00e9galement \u00e9voqu\u00e9 l\u2019\u00e9tat pr\u00e9occupant des cl\u00f4tures de plusieurs \u00e9tablissements \u00e9ducatifs n\u00e9cessitant, selon les participants, une intervention urgente et exceptionnelle afin de garantir la s\u00e9curit\u00e9 des \u00e9l\u00e8ves et du personnel.<\/p>\n\n\n\n<h2 class=\"wp-block-heading\" id=\"h-mobilisation-des-autorites-regionales\">Mobilisation des autorit\u00e9s r\u00e9gionales<\/h2>\n\n\n\n<p>Dans son intervention, le gouverneur Imed Boukhris a soulign\u00e9 l\u2019imp\u00e9ratif d\u2019une r\u00e9action rapide des diff\u00e9rentes structures concern\u00e9es. Il a appel\u00e9 \u00e0 l\u2019\u00e9laboration d\u2019un plan d\u2019action concret, assorti d\u2019un calendrier pr\u00e9cis, pour traiter l\u2019ensemble des situations identifi\u00e9es.<\/p>\n\n\n\n<blockquote class=\"wp-block-quote is-layout-flow wp-block-quote-is-layout-flow\">\n<blockquote class=\"wp-block-quote is-layout-flow wp-block-quote-is-layout-flow\">\n<ul class=\"wp-block-list\">\n<li class=\"has-medium-font-size\"><strong>Lire aussi :<\/strong> <a href=\"https:\/\/www.webdo.tn\/fr\/actualite\/chroniques\/snapshot-la-marsa-il-faut-sauver-qobbet-el-hawa\/385728\/\">Snapshot \u2013 La Marsa : Il faut sauver Qobbet El Hawa<\/a><\/li>\n<\/ul>\n<\/blockquote>\n<\/blockquote>\n\n\n\n<p>Cette r\u00e9union intervient dans un contexte marqu\u00e9 par la multiplication des incidents li\u00e9s \u00e0 la v\u00e9tust\u00e9 de certains b\u00e2timents et aux risques environnementaux sur le littoral nord de Tunis.<\/p>\n","protected":false},"excerpt":{"rendered":"<p>La situation de Kobbet el Haoua, \u00e0 La Marsa, a \u00e9t\u00e9 au c\u0153ur d\u2019une r\u00e9union de la commission r\u00e9gionale de pr\u00e9vention des catastrophes, tenue mercredi au gouvernorat de Tunis. Les membres ont \u00e9galement examin\u00e9 l\u2019\u00e9tat d\u2019un immeuble sinistr\u00e9 \u00e0 Ksar Sa\u00efd, touch\u00e9 par une explosion due \u00e0 une fuite de gaz, ainsi que les cl\u00f4tures [&hellip;]<\/p>\n","protected":false},"author":4782,"featured_media":391825,"comment_status":"closed","ping_status":"closed","sticky":false,"template":"","format":"standard","meta":{"footnotes":""},"categories":[2595],"tags":[5181,4043,12822,2640,2608],"class_list":["post-394107","post","type-post","status-publish","format-standard","has-post-thumbnail","hentry","category-regions","tag-kobbet-el-hawa","tag-la-marsa","tag-qobbet-el-hawa","tag-tunis","tag-tunisie"],"yoast_head":"<!-- This site is optimized with the Yoast SEO Premium plugin v27.5 (Yoast SEO v27.5) - https:\/\/yoast.com\/product\/yoast-seo-premium-wordpress\/ -->\n<title>Kobbet el Haoua \u00e0 La Marsa : La commission r\u00e9gionale des catastrophes sonne l\u2019alerte - webdo<\/title>\n<meta name=\"description\" content=\"La commission r\u00e9gionale des catastrophes s&#039;est r\u00e9unie pour \u00e9valuer la situation de Kobbet el Haoua \u00e0 La Marsa et d&#039;autres enjeux critiques.\" \/>\n<link rel=\"canonical\" href=\"https:\/\/www.webdo.tn\/fr\/actualite\/regions\/kobbet-el-haoua-a-la-marsa-la-commission-regionale-des-catastrophes-sonne-lalerte\/394107\/\" \/>\n<meta property=\"og:locale\" content=\"fr_FR\" \/>\n<meta property=\"og:type\" content=\"article\" \/>\n<meta property=\"og:title\" content=\"Kobbet el Haoua \u00e0 La Marsa : La commission r\u00e9gionale des catastrophes sonne l\u2019alerte\" \/>\n<meta property=\"og:description\" content=\"La commission r\u00e9gionale des catastrophes s&#039;est r\u00e9unie pour \u00e9valuer la situation de Kobbet el Haoua \u00e0 La Marsa et d&#039;autres enjeux critiques.\" \/>\n<meta property=\"og:url\" content=\"https:\/\/www.webdo.tn\/fr\/actualite\/regions\/kobbet-el-haoua-a-la-marsa-la-commission-regionale-des-catastrophes-sonne-lalerte\/394107\/\" \/>\n<meta property=\"og:site_name\" content=\"webdo\" \/>\n<meta property=\"article:publisher\" content=\"https:\/\/www.facebook.com\/webdotn\" \/>\n<meta property=\"article:published_time\" content=\"2026-03-05T07:28:05+00:00\" \/>\n<meta property=\"article:modified_time\" content=\"2026-03-05T08:08:54+00:00\" \/>\n<meta property=\"og:image\" content=\"https:\/\/www.webdo.tn\/fr\/wp-content\/uploads\/2026\/01\/qobbet-el-hawa.jpg\" \/>\n\t<meta property=\"og:image:width\" content=\"1203\" \/>\n\t<meta property=\"og:image:height\" content=\"600\" \/>\n\t<meta property=\"og:image:type\" content=\"image\/jpeg\" \/>\n<meta name=\"author\" content=\"Mohamed Fethi\" \/>\n<meta name=\"twitter:card\" content=\"summary_large_image\" \/>\n<meta name=\"twitter:creator\" content=\"@webdo_tn\" \/>\n<meta name=\"twitter:site\" content=\"@webdo_tn\" \/>\n<meta name=\"twitter:label1\" content=\"\u00c9crit par\" \/>\n\t<meta name=\"twitter:data1\" content=\"Mohamed Fethi\" \/>\n\t<meta name=\"twitter:label2\" content=\"Dur\u00e9e de lecture estim\u00e9e\" \/>\n\t<meta name=\"twitter:data2\" content=\"2 minutes\" \/>\n<script type=\"application\/ld+json\" class=\"yoast-schema-graph\">{\"@context\":\"https:\\\/\\\/schema.org\",\"@graph\":[{\"@type\":\"NewsArticle\",\"@id\":\"https:\\\/\\\/www.webdo.tn\\\/fr\\\/actualite\\\/regions\\\/kobbet-el-haoua-a-la-marsa-la-commission-regionale-des-catastrophes-sonne-lalerte\\\/394107\\\/#article\",\"isPartOf\":{\"@id\":\"https:\\\/\\\/www.webdo.tn\\\/fr\\\/actualite\\\/regions\\\/kobbet-el-haoua-a-la-marsa-la-commission-regionale-des-catastrophes-sonne-lalerte\\\/394107\\\/\"},\"author\":{\"name\":\"Mohamed Fethi\",\"@id\":\"https:\\\/\\\/www.webdo.tn\\\/fr\\\/#\\\/schema\\\/person\\\/16a4857e77dfc0b610c4c2cadffc9ac4\"},\"headline\":\"Kobbet el Haoua \u00e0 La Marsa : La commission r\u00e9gionale des catastrophes sonne l\u2019alerte\",\"datePublished\":\"2026-03-05T07:28:05+00:00\",\"dateModified\":\"2026-03-05T08:08:54+00:00\",\"mainEntityOfPage\":{\"@id\":\"https:\\\/\\\/www.webdo.tn\\\/fr\\\/actualite\\\/regions\\\/kobbet-el-haoua-a-la-marsa-la-commission-regionale-des-catastrophes-sonne-lalerte\\\/394107\\\/\"},\"wordCount\":381,\"publisher\":{\"@id\":\"https:\\\/\\\/www.webdo.tn\\\/fr\\\/#organization\"},\"image\":{\"@id\":\"https:\\\/\\\/www.webdo.tn\\\/fr\\\/actualite\\\/regions\\\/kobbet-el-haoua-a-la-marsa-la-commission-regionale-des-catastrophes-sonne-lalerte\\\/394107\\\/#primaryimage\"},\"thumbnailUrl\":\"https:\\\/\\\/www.webdo.tn\\\/fr\\\/wp-content\\\/uploads\\\/2026\\\/01\\\/qobbet-el-hawa.jpg\",\"keywords\":[\"Kobbet el Hawa\",\"La Marsa\",\"qobbet el hawa\",\"Tunis\",\"Tunisie\"],\"articleSection\":[\"regions\"],\"inLanguage\":\"fr-FR\"},{\"@type\":\"WebPage\",\"@id\":\"https:\\\/\\\/www.webdo.tn\\\/fr\\\/actualite\\\/regions\\\/kobbet-el-haoua-a-la-marsa-la-commission-regionale-des-catastrophes-sonne-lalerte\\\/394107\\\/\",\"url\":\"https:\\\/\\\/www.webdo.tn\\\/fr\\\/actualite\\\/regions\\\/kobbet-el-haoua-a-la-marsa-la-commission-regionale-des-catastrophes-sonne-lalerte\\\/394107\\\/\",\"name\":\"Kobbet el Haoua \u00e0 La Marsa : La commission r\u00e9gionale des catastrophes sonne l\u2019alerte - webdo\",\"isPartOf\":{\"@id\":\"https:\\\/\\\/www.webdo.tn\\\/fr\\\/#website\"},\"primaryImageOfPage\":{\"@id\":\"https:\\\/\\\/www.webdo.tn\\\/fr\\\/actualite\\\/regions\\\/kobbet-el-haoua-a-la-marsa-la-commission-regionale-des-catastrophes-sonne-lalerte\\\/394107\\\/#primaryimage\"},\"image\":{\"@id\":\"https:\\\/\\\/www.webdo.tn\\\/fr\\\/actualite\\\/regions\\\/kobbet-el-haoua-a-la-marsa-la-commission-regionale-des-catastrophes-sonne-lalerte\\\/394107\\\/#primaryimage\"},\"thumbnailUrl\":\"https:\\\/\\\/www.webdo.tn\\\/fr\\\/wp-content\\\/uploads\\\/2026\\\/01\\\/qobbet-el-hawa.jpg\",\"datePublished\":\"2026-03-05T07:28:05+00:00\",\"dateModified\":\"2026-03-05T08:08:54+00:00\",\"description\":\"La commission r\u00e9gionale des catastrophes s'est r\u00e9unie pour \u00e9valuer la situation de Kobbet el Haoua \u00e0 La Marsa et d'autres enjeux critiques.\",\"breadcrumb\":{\"@id\":\"https:\\\/\\\/www.webdo.tn\\\/fr\\\/actualite\\\/regions\\\/kobbet-el-haoua-a-la-marsa-la-commission-regionale-des-catastrophes-sonne-lalerte\\\/394107\\\/#breadcrumb\"},\"inLanguage\":\"fr-FR\",\"potentialAction\":[{\"@type\":\"ReadAction\",\"target\":[\"https:\\\/\\\/www.webdo.tn\\\/fr\\\/actualite\\\/regions\\\/kobbet-el-haoua-a-la-marsa-la-commission-regionale-des-catastrophes-sonne-lalerte\\\/394107\\\/\"]}]},{\"@type\":\"ImageObject\",\"inLanguage\":\"fr-FR\",\"@id\":\"https:\\\/\\\/www.webdo.tn\\\/fr\\\/actualite\\\/regions\\\/kobbet-el-haoua-a-la-marsa-la-commission-regionale-des-catastrophes-sonne-lalerte\\\/394107\\\/#primaryimage\",\"url\":\"https:\\\/\\\/www.webdo.tn\\\/fr\\\/wp-content\\\/uploads\\\/2026\\\/01\\\/qobbet-el-hawa.jpg\",\"contentUrl\":\"https:\\\/\\\/www.webdo.tn\\\/fr\\\/wp-content\\\/uploads\\\/2026\\\/01\\\/qobbet-el-hawa.jpg\",\"width\":1203,\"height\":600,\"caption\":\"Kobbet el Haoua \u00e0 La Marsa : La commission r\u00e9gionale des catastrophes sonne l\u2019alerte\"},{\"@type\":\"BreadcrumbList\",\"@id\":\"https:\\\/\\\/www.webdo.tn\\\/fr\\\/actualite\\\/regions\\\/kobbet-el-haoua-a-la-marsa-la-commission-regionale-des-catastrophes-sonne-lalerte\\\/394107\\\/#breadcrumb\",\"itemListElement\":[{\"@type\":\"ListItem\",\"position\":1,\"name\":\"Accueil\",\"item\":\"https:\\\/\\\/www.webdo.tn\\\/fr\\\/\"},{\"@type\":\"ListItem\",\"position\":2,\"name\":\"Kobbet el Haoua \u00e0 La Marsa : La commission r\u00e9gionale des catastrophes sonne l\u2019alerte\"}]},{\"@type\":\"WebSite\",\"@id\":\"https:\\\/\\\/www.webdo.tn\\\/fr\\\/#website\",\"url\":\"https:\\\/\\\/www.webdo.tn\\\/fr\\\/\",\"name\":\"webdo\",\"description\":\"Tunisie - News en Tunisie et \u00e0 l&#039;international sur Webdo.tn\",\"publisher\":{\"@id\":\"https:\\\/\\\/www.webdo.tn\\\/fr\\\/#organization\"},\"potentialAction\":[{\"@type\":\"SearchAction\",\"target\":{\"@type\":\"EntryPoint\",\"urlTemplate\":\"https:\\\/\\\/www.webdo.tn\\\/fr\\\/?s={search_term_string}\"},\"query-input\":{\"@type\":\"PropertyValueSpecification\",\"valueRequired\":true,\"valueName\":\"search_term_string\"}}],\"inLanguage\":\"fr-FR\"},{\"@type\":\"Organization\",\"@id\":\"https:\\\/\\\/www.webdo.tn\\\/fr\\\/#organization\",\"name\":\"Webdo\",\"alternateName\":\"Webdo.tn\",\"url\":\"https:\\\/\\\/www.webdo.tn\\\/fr\\\/\",\"logo\":{\"@type\":\"ImageObject\",\"inLanguage\":\"fr-FR\",\"@id\":\"https:\\\/\\\/www.webdo.tn\\\/fr\\\/#\\\/schema\\\/logo\\\/image\\\/\",\"url\":\"https:\\\/\\\/www.webdo.tn\\\/fr\\\/wp-content\\\/uploads\\\/2025\\\/06\\\/Webdo-Tunisie_168377.jpg\",\"contentUrl\":\"https:\\\/\\\/www.webdo.tn\\\/fr\\\/wp-content\\\/uploads\\\/2025\\\/06\\\/Webdo-Tunisie_168377.jpg\",\"width\":301,\"height\":301,\"caption\":\"Webdo\"},\"image\":{\"@id\":\"https:\\\/\\\/www.webdo.tn\\\/fr\\\/#\\\/schema\\\/logo\\\/image\\\/\"},\"sameAs\":[\"https:\\\/\\\/www.facebook.com\\\/webdotn\",\"https:\\\/\\\/x.com\\\/webdo_tn\"],\"description\":\"Webdo est un m\u00e9dia num\u00e9rique tunisien fond\u00e9 en 2010, sp\u00e9cialis\u00e9 dans l\u2019actualit\u00e9 nationale et internationale, l\u2019\u00e9conomie, la soci\u00e9t\u00e9 et les analyses politiques. Le site s\u2019adresse \u00e0 un large public francophone et couvre l\u2019information tunisienne en temps r\u00e9el.\",\"email\":\"redac@webdo.tn\",\"legalName\":\"YNJ SARL\",\"foundingDate\":\"2010-09-06\",\"numberOfEmployees\":{\"@type\":\"QuantitativeValue\",\"minValue\":\"11\",\"maxValue\":\"50\"}},{\"@type\":\"Person\",\"@id\":\"https:\\\/\\\/www.webdo.tn\\\/fr\\\/#\\\/schema\\\/person\\\/16a4857e77dfc0b610c4c2cadffc9ac4\",\"name\":\"Mohamed Fethi\",\"image\":{\"@type\":\"ImageObject\",\"inLanguage\":\"fr-FR\",\"@id\":\"https:\\\/\\\/www.webdo.tn\\\/fr\\\/wp-content\\\/uploads\\\/2026\\\/04\\\/mohamed-fethi_avatar_1-96x96.jpg\",\"url\":\"https:\\\/\\\/www.webdo.tn\\\/fr\\\/wp-content\\\/uploads\\\/2026\\\/04\\\/mohamed-fethi_avatar_1-96x96.jpg\",\"contentUrl\":\"https:\\\/\\\/www.webdo.tn\\\/fr\\\/wp-content\\\/uploads\\\/2026\\\/04\\\/mohamed-fethi_avatar_1-96x96.jpg\",\"caption\":\"Mohamed Fethi\"},\"description\":\"Signature \u00e9ditoriale de Maher Chaabane Mohamed Fethi est le pseudonyme \u00e9ditorial de Maher Chaabane, r\u00e9dacteur en chef de Webdo.tn depuis 2012. Cette signature est d\u00e9di\u00e9e au traitement intensif de l'actualit\u00e9 nationale et internationale en temps r\u00e9el. S'appuyant sur les deux d\u00e9cennies d'expertise journalistique de Maher Chaabane \u2014 d\u00e9but\u00e9e au sein du groupe Tunis Hebdo en 2000 \u2014 Mohamed Fethi assure une veille rigoureuse sur les enjeux politiques, \u00e9conomiques et sportifs. Sa mission est de garantir une information structur\u00e9e, fluide et fid\u00e8le aux standards de la r\u00e9daction. Pour consulter le parcours complet du r\u00e9dacteur en chef, visitez le profil officiel de Maher Chaabane.\",\"knowsAbout\":[\"actualit\u00e9\",\"journalisme\",\"information\",\"politique\",\"sport\",\"m\u00e9dias\",\"actualit\u00e9 internationale\"],\"knowsLanguage\":[\"Fran\u00e7ais\",\"Arabe\"],\"jobTitle\":\"Journaliste \u2013 R\u00e9daction Webdo\",\"worksFor\":\"Webdo.tn\",\"url\":\"https:\\\/\\\/www.webdo.tn\\\/fr\\\/actualite\\\/author\\\/mohamed-fethi\\\/\"}]}<\/script>\n<!-- \/ Yoast SEO Premium plugin. -->","yoast_head_json":{"title":"Kobbet el Haoua \u00e0 La Marsa : La commission r\u00e9gionale des catastrophes sonne l\u2019alerte - webdo","description":"La commission r\u00e9gionale des catastrophes s'est r\u00e9unie pour \u00e9valuer la situation de Kobbet el Haoua \u00e0 La Marsa et d'autres enjeux critiques.","canonical":"https:\/\/www.webdo.tn\/fr\/actualite\/regions\/kobbet-el-haoua-a-la-marsa-la-commission-regionale-des-catastrophes-sonne-lalerte\/394107\/","og_locale":"fr_FR","og_type":"article","og_title":"Kobbet el Haoua \u00e0 La Marsa : La commission r\u00e9gionale des catastrophes sonne l\u2019alerte","og_description":"La commission r\u00e9gionale des catastrophes s'est r\u00e9unie pour \u00e9valuer la situation de Kobbet el Haoua \u00e0 La Marsa et d'autres enjeux critiques.","og_url":"https:\/\/www.webdo.tn\/fr\/actualite\/regions\/kobbet-el-haoua-a-la-marsa-la-commission-regionale-des-catastrophes-sonne-lalerte\/394107\/","og_site_name":"webdo","article_publisher":"https:\/\/www.facebook.com\/webdotn","article_published_time":"2026-03-05T07:28:05+00:00","article_modified_time":"2026-03-05T08:08:54+00:00","og_image":[{"width":1203,"height":600,"url":"https:\/\/www.webdo.tn\/fr\/wp-content\/uploads\/2026\/01\/qobbet-el-hawa.jpg","type":"image\/jpeg"}],"author":"Mohamed Fethi","twitter_card":"summary_large_image","twitter_creator":"@webdo_tn","twitter_site":"@webdo_tn","twitter_misc":{"\u00c9crit par":"Mohamed Fethi","Dur\u00e9e de lecture estim\u00e9e":"2 minutes"},"schema":{"@context":"https:\/\/schema.org","@graph":[{"@type":"NewsArticle","@id":"https:\/\/www.webdo.tn\/fr\/actualite\/regions\/kobbet-el-haoua-a-la-marsa-la-commission-regionale-des-catastrophes-sonne-lalerte\/394107\/#article","isPartOf":{"@id":"https:\/\/www.webdo.tn\/fr\/actualite\/regions\/kobbet-el-haoua-a-la-marsa-la-commission-regionale-des-catastrophes-sonne-lalerte\/394107\/"},"author":{"name":"Mohamed Fethi","@id":"https:\/\/www.webdo.tn\/fr\/#\/schema\/person\/16a4857e77dfc0b610c4c2cadffc9ac4"},"headline":"Kobbet el Haoua \u00e0 La Marsa : La commission r\u00e9gionale des catastrophes sonne l\u2019alerte","datePublished":"2026-03-05T07:28:05+00:00","dateModified":"2026-03-05T08:08:54+00:00","mainEntityOfPage":{"@id":"https:\/\/www.webdo.tn\/fr\/actualite\/regions\/kobbet-el-haoua-a-la-marsa-la-commission-regionale-des-catastrophes-sonne-lalerte\/394107\/"},"wordCount":381,"publisher":{"@id":"https:\/\/www.webdo.tn\/fr\/#organization"},"image":{"@id":"https:\/\/www.webdo.tn\/fr\/actualite\/regions\/kobbet-el-haoua-a-la-marsa-la-commission-regionale-des-catastrophes-sonne-lalerte\/394107\/#primaryimage"},"thumbnailUrl":"https:\/\/www.webdo.tn\/fr\/wp-content\/uploads\/2026\/01\/qobbet-el-hawa.jpg","keywords":["Kobbet el Hawa","La Marsa","qobbet el hawa","Tunis","Tunisie"],"articleSection":["regions"],"inLanguage":"fr-FR"},{"@type":"WebPage","@id":"https:\/\/www.webdo.tn\/fr\/actualite\/regions\/kobbet-el-haoua-a-la-marsa-la-commission-regionale-des-catastrophes-sonne-lalerte\/394107\/","url":"https:\/\/www.webdo.tn\/fr\/actualite\/regions\/kobbet-el-haoua-a-la-marsa-la-commission-regionale-des-catastrophes-sonne-lalerte\/394107\/","name":"Kobbet el Haoua \u00e0 La Marsa : La commission r\u00e9gionale des catastrophes sonne l\u2019alerte - webdo","isPartOf":{"@id":"https:\/\/www.webdo.tn\/fr\/#website"},"primaryImageOfPage":{"@id":"https:\/\/www.webdo.tn\/fr\/actualite\/regions\/kobbet-el-haoua-a-la-marsa-la-commission-regionale-des-catastrophes-sonne-lalerte\/394107\/#primaryimage"},"image":{"@id":"https:\/\/www.webdo.tn\/fr\/actualite\/regions\/kobbet-el-haoua-a-la-marsa-la-commission-regionale-des-catastrophes-sonne-lalerte\/394107\/#primaryimage"},"thumbnailUrl":"https:\/\/www.webdo.tn\/fr\/wp-content\/uploads\/2026\/01\/qobbet-el-hawa.jpg","datePublished":"2026-03-05T07:28:05+00:00","dateModified":"2026-03-05T08:08:54+00:00","description":"La commission r\u00e9gionale des catastrophes s'est r\u00e9unie pour \u00e9valuer la situation de Kobbet el Haoua \u00e0 La Marsa et d'autres enjeux critiques.","breadcrumb":{"@id":"https:\/\/www.webdo.tn\/fr\/actualite\/regions\/kobbet-el-haoua-a-la-marsa-la-commission-regionale-des-catastrophes-sonne-lalerte\/394107\/#breadcrumb"},"inLanguage":"fr-FR","potentialAction":[{"@type":"ReadAction","target":["https:\/\/www.webdo.tn\/fr\/actualite\/regions\/kobbet-el-haoua-a-la-marsa-la-commission-regionale-des-catastrophes-sonne-lalerte\/394107\/"]}]},{"@type":"ImageObject","inLanguage":"fr-FR","@id":"https:\/\/www.webdo.tn\/fr\/actualite\/regions\/kobbet-el-haoua-a-la-marsa-la-commission-regionale-des-catastrophes-sonne-lalerte\/394107\/#primaryimage","url":"https:\/\/www.webdo.tn\/fr\/wp-content\/uploads\/2026\/01\/qobbet-el-hawa.jpg","contentUrl":"https:\/\/www.webdo.tn\/fr\/wp-content\/uploads\/2026\/01\/qobbet-el-hawa.jpg","width":1203,"height":600,"caption":"Kobbet el Haoua \u00e0 La Marsa : La commission r\u00e9gionale des catastrophes sonne l\u2019alerte"},{"@type":"BreadcrumbList","@id":"https:\/\/www.webdo.tn\/fr\/actualite\/regions\/kobbet-el-haoua-a-la-marsa-la-commission-regionale-des-catastrophes-sonne-lalerte\/394107\/#breadcrumb","itemListElement":[{"@type":"ListItem","position":1,"name":"Accueil","item":"https:\/\/www.webdo.tn\/fr\/"},{"@type":"ListItem","position":2,"name":"Kobbet el Haoua \u00e0 La Marsa : La commission r\u00e9gionale des catastrophes sonne l\u2019alerte"}]},{"@type":"WebSite","@id":"https:\/\/www.webdo.tn\/fr\/#website","url":"https:\/\/www.webdo.tn\/fr\/","name":"webdo","description":"Tunisie - News en Tunisie et \u00e0 l&#039;international sur Webdo.tn","publisher":{"@id":"https:\/\/www.webdo.tn\/fr\/#organization"},"potentialAction":[{"@type":"SearchAction","target":{"@type":"EntryPoint","urlTemplate":"https:\/\/www.webdo.tn\/fr\/?s={search_term_string}"},"query-input":{"@type":"PropertyValueSpecification","valueRequired":true,"valueName":"search_term_string"}}],"inLanguage":"fr-FR"},{"@type":"Organization","@id":"https:\/\/www.webdo.tn\/fr\/#organization","name":"Webdo","alternateName":"Webdo.tn","url":"https:\/\/www.webdo.tn\/fr\/","logo":{"@type":"ImageObject","inLanguage":"fr-FR","@id":"https:\/\/www.webdo.tn\/fr\/#\/schema\/logo\/image\/","url":"https:\/\/www.webdo.tn\/fr\/wp-content\/uploads\/2025\/06\/Webdo-Tunisie_168377.jpg","contentUrl":"https:\/\/www.webdo.tn\/fr\/wp-content\/uploads\/2025\/06\/Webdo-Tunisie_168377.jpg","width":301,"height":301,"caption":"Webdo"},"image":{"@id":"https:\/\/www.webdo.tn\/fr\/#\/schema\/logo\/image\/"},"sameAs":["https:\/\/www.facebook.com\/webdotn","https:\/\/x.com\/webdo_tn"],"description":"Webdo est un m\u00e9dia num\u00e9rique tunisien fond\u00e9 en 2010, sp\u00e9cialis\u00e9 dans l\u2019actualit\u00e9 nationale et internationale, l\u2019\u00e9conomie, la soci\u00e9t\u00e9 et les analyses politiques. Le site s\u2019adresse \u00e0 un large public francophone et couvre l\u2019information tunisienne en temps r\u00e9el.","email":"redac@webdo.tn","legalName":"YNJ SARL","foundingDate":"2010-09-06","numberOfEmployees":{"@type":"QuantitativeValue","minValue":"11","maxValue":"50"}},{"@type":"Person","@id":"https:\/\/www.webdo.tn\/fr\/#\/schema\/person\/16a4857e77dfc0b610c4c2cadffc9ac4","name":"Mohamed Fethi","image":{"@type":"ImageObject","inLanguage":"fr-FR","@id":"https:\/\/www.webdo.tn\/fr\/wp-content\/uploads\/2026\/04\/mohamed-fethi_avatar_1-96x96.jpg","url":"https:\/\/www.webdo.tn\/fr\/wp-content\/uploads\/2026\/04\/mohamed-fethi_avatar_1-96x96.jpg","contentUrl":"https:\/\/www.webdo.tn\/fr\/wp-content\/uploads\/2026\/04\/mohamed-fethi_avatar_1-96x96.jpg","caption":"Mohamed Fethi"},"description":"Signature \u00e9ditoriale de Maher Chaabane Mohamed Fethi est le pseudonyme \u00e9ditorial de Maher Chaabane, r\u00e9dacteur en chef de Webdo.tn depuis 2012. Cette signature est d\u00e9di\u00e9e au traitement intensif de l'actualit\u00e9 nationale et internationale en temps r\u00e9el. S'appuyant sur les deux d\u00e9cennies d'expertise journalistique de Maher Chaabane \u2014 d\u00e9but\u00e9e au sein du groupe Tunis Hebdo en 2000 \u2014 Mohamed Fethi assure une veille rigoureuse sur les enjeux politiques, \u00e9conomiques et sportifs. Sa mission est de garantir une information structur\u00e9e, fluide et fid\u00e8le aux standards de la r\u00e9daction. Pour consulter le parcours complet du r\u00e9dacteur en chef, visitez le profil officiel de Maher Chaabane.","knowsAbout":["actualit\u00e9","journalisme","information","politique","sport","m\u00e9dias","actualit\u00e9 internationale"],"knowsLanguage":["Fran\u00e7ais","Arabe"],"jobTitle":"Journaliste \u2013 R\u00e9daction Webdo","worksFor":"Webdo.tn","url":"https:\/\/www.webdo.tn\/fr\/actualite\/author\/mohamed-fethi\/"}]}},"_links":{"self":[{"href":"https:\/\/www.webdo.tn\/fr\/wp-json\/wp\/v2\/posts\/394107","targetHints":{"allow":["GET"]}}],"collection":[{"href":"https:\/\/www.webdo.tn\/fr\/wp-json\/wp\/v2\/posts"}],"about":[{"href":"https:\/\/www.webdo.tn\/fr\/wp-json\/wp\/v2\/types\/post"}],"author":[{"embeddable":true,"href":"https:\/\/www.webdo.tn\/fr\/wp-json\/wp\/v2\/users\/4782"}],"replies":[{"embeddable":true,"href":"https:\/\/www.webdo.tn\/fr\/wp-json\/wp\/v2\/comments?post=394107"}],"version-history":[{"count":0,"href":"https:\/\/www.webdo.tn\/fr\/wp-json\/wp\/v2\/posts\/394107\/revisions"}],"wp:featuredmedia":[{"embeddable":true,"href":"https:\/\/www.webdo.tn\/fr\/wp-json\/wp\/v2\/media\/391825"}],"wp:attachment":[{"href":"https:\/\/www.webdo.tn\/fr\/wp-json\/wp\/v2\/media?parent=394107"}],"wp:term":[{"taxonomy":"category","embeddable":true,"href":"https:\/\/www.webdo.tn\/fr\/wp-json\/wp\/v2\/categories?post=394107"},{"taxonomy":"post_tag","embeddable":true,"href":"https:\/\/www.webdo.tn\/fr\/wp-json\/wp\/v2\/tags?post=394107"}],"curies":[{"name":"wp","href":"https:\/\/api.w.org\/{rel}","templated":true}]}}