{"id":394104,"date":"2026-03-04T20:10:19","date_gmt":"2026-03-04T19:10:19","guid":{"rendered":"https:\/\/www.webdo.tn\/fr\/?p=394104"},"modified":"2026-03-04T20:10:22","modified_gmt":"2026-03-04T19:10:22","slug":"detection-de-foyers-de-rouille-jaune-dans-des-champs-de-ble-au-nord","status":"publish","type":"post","link":"https:\/\/www.webdo.tn\/fr\/actualite\/national\/detection-de-foyers-de-rouille-jaune-dans-des-champs-de-ble-au-nord\/394104\/","title":{"rendered":"D\u00e9tection de foyers de rouille jaune dans des champs de bl\u00e9 au nord"},"content":{"rendered":"\n<p><strong>Le minist\u00e8re de l\u2019Agriculture, des Ressources hydrauliques et de la P\u00eache a annonc\u00e9, mercredi, la d\u00e9tection des premiers foyers de rouille jaune dans certaines exploitations de bl\u00e9 dur situ\u00e9es dans les zones de production du nord du pays. Face au caract\u00e8re hautement contagieux et \u00e9pid\u00e9mique de cette maladie, les autorit\u00e9s appellent \u00e0 une vigilance accrue et \u00e0 une intervention rapide.<\/strong><\/p>\n\n\n\n<p>Selon le communiqu\u00e9 officiel du Minist\u00e8re de l\u2019Agriculture, des Ressources hydrauliques et de la P\u00eache, les agriculteurs sont invit\u00e9s \u00e0 assurer une surveillance continue des cultures c\u00e9r\u00e9ali\u00e8res, qu\u2019il s\u2019agisse de bl\u00e9 tendre, de bl\u00e9 dur ou de triticale. Il est recommand\u00e9 d\u2019intervenir imm\u00e9diatement d\u00e8s l\u2019apparition des premiers sympt\u00f4mes, en utilisant exclusivement des fongicides homologu\u00e9s par les services comp\u00e9tents.<\/p>\n\n\n\n<h2 class=\"wp-block-heading\" id=\"h-une-maladie-fongique-redoutee\">Une maladie fongique redout\u00e9e<\/h2>\n\n\n\n<p>La rouille jaune, \u00e9galement appel\u00e9e rouille stri\u00e9e du bl\u00e9, est une maladie caus\u00e9e par un champignon microscopique (Puccinia striiformis). Elle se manifeste par l\u2019apparition de pustules jaun\u00e2tres align\u00e9es en stries sur les feuilles. Ces l\u00e9sions r\u00e9duisent la surface photosynth\u00e9tique de la plante, affaiblissent les tiges et compromettent le remplissage des grains.<\/p>\n\n\n\n<p>Cette pathologie se d\u00e9veloppe particuli\u00e8rement dans des conditions climatiques fra\u00eeches et humides, fr\u00e9quentes dans les r\u00e9gions septentrionales au cours de la fin de l\u2019hiver et du d\u00e9but du printemps. En cas de propagation rapide, les pertes de rendement peuvent \u00eatre significatives, notamment pour le bl\u00e9 dur, culture strat\u00e9gique pour la Tunisie.<\/p>\n\n\n\n<p>Lire aussi : <a href=\"https:\/\/www.webdo.tn\/fr\/actualite\/national\/tunisie-lancement-des-preparatifs-pour-semer-115-million-dhectares-de-cereales\/383833\/\" type=\"link\" id=\"https:\/\/www.webdo.tn\/fr\/actualite\/national\/tunisie-lancement-des-preparatifs-pour-semer-115-million-dhectares-de-cereales\/383833\/\">Tunisie : Lancement des pr\u00e9paratifs pour semer 1,15 million d\u2019hectares de c\u00e9r\u00e9ales<br><\/a><\/p>\n\n\n\n<h2 class=\"wp-block-heading\" id=\"h-un-risque-economique-et-alimentaire\">Un risque \u00e9conomique et alimentaire<\/h2>\n\n\n\n<p>La c\u00e9r\u00e9aliculture constitue un pilier de la s\u00e9curit\u00e9 alimentaire nationale. Toute atteinte aux rendements du bl\u00e9, en particulier dans les gouvernorats du nord r\u00e9put\u00e9s pour leur potentiel productif, peut peser sur les volumes de collecte et accro\u00eetre la d\u00e9pendance aux importations.<\/p>\n\n\n\n<p>La rapidit\u00e9 de diss\u00e9mination des spores, transport\u00e9es par le vent sur de longues distances, justifie la recommandation d\u2019un traitement pr\u00e9coce. Une intervention tardive r\u00e9duit l\u2019efficacit\u00e9 des produits phytosanitaires et augmente le risque d\u2019extension \u00e0 l\u2019ensemble de la parcelle.<\/p>\n","protected":false},"excerpt":{"rendered":"<p>Le minist\u00e8re de l\u2019Agriculture, des Ressources hydrauliques et de la P\u00eache a annonc\u00e9, mercredi, la d\u00e9tection des premiers foyers de rouille jaune dans certaines exploitations de bl\u00e9 dur situ\u00e9es dans les zones de production du nord du pays. Face au caract\u00e8re hautement contagieux et \u00e9pid\u00e9mique de cette maladie, les autorit\u00e9s appellent \u00e0 une vigilance accrue [&hellip;]<\/p>\n","protected":false},"author":3184,"featured_media":394105,"comment_status":"closed","ping_status":"closed","sticky":false,"template":"","format":"standard","meta":{"footnotes":""},"categories":[44],"tags":[3627,2608],"class_list":["post-394104","post","type-post","status-publish","format-standard","has-post-thumbnail","hentry","category-national","tag-ble","tag-tunisie"],"yoast_head":"<!-- This site is optimized with the Yoast SEO Premium plugin v27.5 (Yoast SEO v27.5) - https:\/\/yoast.com\/product\/yoast-seo-premium-wordpress\/ -->\n<title>D\u00e9tection de foyers de rouille jaune dans des champs de bl\u00e9 au nord - webdo<\/title>\n<meta name=\"description\" content=\"D\u00e9couvrez les risques pour la culture de bl\u00e9 avec la d\u00e9tection de la rouille jaune et les meilleures pratiques de pr\u00e9vention.\" \/>\n<link rel=\"canonical\" href=\"https:\/\/www.webdo.tn\/fr\/actualite\/national\/detection-de-foyers-de-rouille-jaune-dans-des-champs-de-ble-au-nord\/394104\/\" \/>\n<meta property=\"og:locale\" content=\"fr_FR\" \/>\n<meta property=\"og:type\" content=\"article\" \/>\n<meta property=\"og:title\" content=\"D\u00e9tection de foyers de rouille jaune dans des champs de bl\u00e9 au nord\" \/>\n<meta property=\"og:description\" content=\"D\u00e9couvrez les risques pour la culture de bl\u00e9 avec la d\u00e9tection de la rouille jaune et les meilleures pratiques de pr\u00e9vention.\" \/>\n<meta property=\"og:url\" content=\"https:\/\/www.webdo.tn\/fr\/actualite\/national\/detection-de-foyers-de-rouille-jaune-dans-des-champs-de-ble-au-nord\/394104\/\" \/>\n<meta property=\"og:site_name\" content=\"webdo\" \/>\n<meta property=\"article:publisher\" content=\"https:\/\/www.facebook.com\/webdotn\" \/>\n<meta property=\"article:published_time\" content=\"2026-03-04T19:10:19+00:00\" \/>\n<meta property=\"article:modified_time\" content=\"2026-03-04T19:10:22+00:00\" \/>\n<meta property=\"og:image\" content=\"https:\/\/www.webdo.tn\/fr\/wp-content\/uploads\/2026\/03\/ble.jpg\" \/>\n\t<meta property=\"og:image:width\" content=\"1200\" \/>\n\t<meta property=\"og:image:height\" content=\"601\" \/>\n\t<meta property=\"og:image:type\" content=\"image\/jpeg\" \/>\n<meta name=\"author\" content=\"Wided Belhaj\" \/>\n<meta name=\"twitter:card\" content=\"summary_large_image\" \/>\n<meta name=\"twitter:creator\" content=\"@webdo_tn\" \/>\n<meta name=\"twitter:site\" content=\"@webdo_tn\" \/>\n<meta name=\"twitter:label1\" content=\"\u00c9crit par\" \/>\n\t<meta name=\"twitter:data1\" content=\"Wided Belhaj\" \/>\n\t<meta name=\"twitter:label2\" content=\"Dur\u00e9e de lecture estim\u00e9e\" \/>\n\t<meta name=\"twitter:data2\" content=\"2 minutes\" \/>\n<script type=\"application\/ld+json\" class=\"yoast-schema-graph\">{\"@context\":\"https:\\\/\\\/schema.org\",\"@graph\":[{\"@type\":\"NewsArticle\",\"@id\":\"https:\\\/\\\/www.webdo.tn\\\/fr\\\/actualite\\\/national\\\/detection-de-foyers-de-rouille-jaune-dans-des-champs-de-ble-au-nord\\\/394104\\\/#article\",\"isPartOf\":{\"@id\":\"https:\\\/\\\/www.webdo.tn\\\/fr\\\/actualite\\\/national\\\/detection-de-foyers-de-rouille-jaune-dans-des-champs-de-ble-au-nord\\\/394104\\\/\"},\"author\":{\"name\":\"Wided Belhaj\",\"@id\":\"https:\\\/\\\/www.webdo.tn\\\/fr\\\/#\\\/schema\\\/person\\\/b9ecde7a5574cb4fcf4b496ea5fadb15\"},\"headline\":\"D\u00e9tection de foyers de rouille jaune dans des champs de bl\u00e9 au nord\",\"datePublished\":\"2026-03-04T19:10:19+00:00\",\"dateModified\":\"2026-03-04T19:10:22+00:00\",\"mainEntityOfPage\":{\"@id\":\"https:\\\/\\\/www.webdo.tn\\\/fr\\\/actualite\\\/national\\\/detection-de-foyers-de-rouille-jaune-dans-des-champs-de-ble-au-nord\\\/394104\\\/\"},\"wordCount\":391,\"publisher\":{\"@id\":\"https:\\\/\\\/www.webdo.tn\\\/fr\\\/#organization\"},\"image\":{\"@id\":\"https:\\\/\\\/www.webdo.tn\\\/fr\\\/actualite\\\/national\\\/detection-de-foyers-de-rouille-jaune-dans-des-champs-de-ble-au-nord\\\/394104\\\/#primaryimage\"},\"thumbnailUrl\":\"https:\\\/\\\/www.webdo.tn\\\/fr\\\/wp-content\\\/uploads\\\/2026\\\/03\\\/ble.jpg\",\"keywords\":[\"bl\u00e9\",\"Tunisie\"],\"articleSection\":[\"National\"],\"inLanguage\":\"fr-FR\"},{\"@type\":\"WebPage\",\"@id\":\"https:\\\/\\\/www.webdo.tn\\\/fr\\\/actualite\\\/national\\\/detection-de-foyers-de-rouille-jaune-dans-des-champs-de-ble-au-nord\\\/394104\\\/\",\"url\":\"https:\\\/\\\/www.webdo.tn\\\/fr\\\/actualite\\\/national\\\/detection-de-foyers-de-rouille-jaune-dans-des-champs-de-ble-au-nord\\\/394104\\\/\",\"name\":\"D\u00e9tection de foyers de rouille jaune dans des champs de bl\u00e9 au nord - webdo\",\"isPartOf\":{\"@id\":\"https:\\\/\\\/www.webdo.tn\\\/fr\\\/#website\"},\"primaryImageOfPage\":{\"@id\":\"https:\\\/\\\/www.webdo.tn\\\/fr\\\/actualite\\\/national\\\/detection-de-foyers-de-rouille-jaune-dans-des-champs-de-ble-au-nord\\\/394104\\\/#primaryimage\"},\"image\":{\"@id\":\"https:\\\/\\\/www.webdo.tn\\\/fr\\\/actualite\\\/national\\\/detection-de-foyers-de-rouille-jaune-dans-des-champs-de-ble-au-nord\\\/394104\\\/#primaryimage\"},\"thumbnailUrl\":\"https:\\\/\\\/www.webdo.tn\\\/fr\\\/wp-content\\\/uploads\\\/2026\\\/03\\\/ble.jpg\",\"datePublished\":\"2026-03-04T19:10:19+00:00\",\"dateModified\":\"2026-03-04T19:10:22+00:00\",\"description\":\"D\u00e9couvrez les risques pour la culture de bl\u00e9 avec la d\u00e9tection de la rouille jaune et les meilleures pratiques de pr\u00e9vention.\",\"breadcrumb\":{\"@id\":\"https:\\\/\\\/www.webdo.tn\\\/fr\\\/actualite\\\/national\\\/detection-de-foyers-de-rouille-jaune-dans-des-champs-de-ble-au-nord\\\/394104\\\/#breadcrumb\"},\"inLanguage\":\"fr-FR\",\"potentialAction\":[{\"@type\":\"ReadAction\",\"target\":[\"https:\\\/\\\/www.webdo.tn\\\/fr\\\/actualite\\\/national\\\/detection-de-foyers-de-rouille-jaune-dans-des-champs-de-ble-au-nord\\\/394104\\\/\"]}]},{\"@type\":\"ImageObject\",\"inLanguage\":\"fr-FR\",\"@id\":\"https:\\\/\\\/www.webdo.tn\\\/fr\\\/actualite\\\/national\\\/detection-de-foyers-de-rouille-jaune-dans-des-champs-de-ble-au-nord\\\/394104\\\/#primaryimage\",\"url\":\"https:\\\/\\\/www.webdo.tn\\\/fr\\\/wp-content\\\/uploads\\\/2026\\\/03\\\/ble.jpg\",\"contentUrl\":\"https:\\\/\\\/www.webdo.tn\\\/fr\\\/wp-content\\\/uploads\\\/2026\\\/03\\\/ble.jpg\",\"width\":1200,\"height\":601,\"caption\":\"Bl\u00e9\"},{\"@type\":\"BreadcrumbList\",\"@id\":\"https:\\\/\\\/www.webdo.tn\\\/fr\\\/actualite\\\/national\\\/detection-de-foyers-de-rouille-jaune-dans-des-champs-de-ble-au-nord\\\/394104\\\/#breadcrumb\",\"itemListElement\":[{\"@type\":\"ListItem\",\"position\":1,\"name\":\"Accueil\",\"item\":\"https:\\\/\\\/www.webdo.tn\\\/fr\\\/\"},{\"@type\":\"ListItem\",\"position\":2,\"name\":\"D\u00e9tection de foyers de rouille jaune dans des champs de bl\u00e9 au nord\"}]},{\"@type\":\"WebSite\",\"@id\":\"https:\\\/\\\/www.webdo.tn\\\/fr\\\/#website\",\"url\":\"https:\\\/\\\/www.webdo.tn\\\/fr\\\/\",\"name\":\"webdo\",\"description\":\"Tunisie - News en Tunisie et \u00e0 l&#039;international sur Webdo.tn\",\"publisher\":{\"@id\":\"https:\\\/\\\/www.webdo.tn\\\/fr\\\/#organization\"},\"potentialAction\":[{\"@type\":\"SearchAction\",\"target\":{\"@type\":\"EntryPoint\",\"urlTemplate\":\"https:\\\/\\\/www.webdo.tn\\\/fr\\\/?s={search_term_string}\"},\"query-input\":{\"@type\":\"PropertyValueSpecification\",\"valueRequired\":true,\"valueName\":\"search_term_string\"}}],\"inLanguage\":\"fr-FR\"},{\"@type\":\"Organization\",\"@id\":\"https:\\\/\\\/www.webdo.tn\\\/fr\\\/#organization\",\"name\":\"Webdo\",\"alternateName\":\"Webdo.tn\",\"url\":\"https:\\\/\\\/www.webdo.tn\\\/fr\\\/\",\"logo\":{\"@type\":\"ImageObject\",\"inLanguage\":\"fr-FR\",\"@id\":\"https:\\\/\\\/www.webdo.tn\\\/fr\\\/#\\\/schema\\\/logo\\\/image\\\/\",\"url\":\"https:\\\/\\\/www.webdo.tn\\\/fr\\\/wp-content\\\/uploads\\\/2025\\\/06\\\/Webdo-Tunisie_168377.jpg\",\"contentUrl\":\"https:\\\/\\\/www.webdo.tn\\\/fr\\\/wp-content\\\/uploads\\\/2025\\\/06\\\/Webdo-Tunisie_168377.jpg\",\"width\":301,\"height\":301,\"caption\":\"Webdo\"},\"image\":{\"@id\":\"https:\\\/\\\/www.webdo.tn\\\/fr\\\/#\\\/schema\\\/logo\\\/image\\\/\"},\"sameAs\":[\"https:\\\/\\\/www.facebook.com\\\/webdotn\",\"https:\\\/\\\/x.com\\\/webdo_tn\"],\"description\":\"Webdo est un m\u00e9dia num\u00e9rique tunisien fond\u00e9 en 2010, sp\u00e9cialis\u00e9 dans l\u2019actualit\u00e9 nationale et internationale, l\u2019\u00e9conomie, la soci\u00e9t\u00e9 et les analyses politiques. Le site s\u2019adresse \u00e0 un large public francophone et couvre l\u2019information tunisienne en temps r\u00e9el.\",\"email\":\"redac@webdo.tn\",\"legalName\":\"YNJ SARL\",\"foundingDate\":\"2010-09-06\",\"numberOfEmployees\":{\"@type\":\"QuantitativeValue\",\"minValue\":\"11\",\"maxValue\":\"50\"}},{\"@type\":\"Person\",\"@id\":\"https:\\\/\\\/www.webdo.tn\\\/fr\\\/#\\\/schema\\\/person\\\/b9ecde7a5574cb4fcf4b496ea5fadb15\",\"name\":\"Wided Belhaj\",\"image\":{\"@type\":\"ImageObject\",\"inLanguage\":\"fr-FR\",\"@id\":\"https:\\\/\\\/www.webdo.tn\\\/fr\\\/wp-content\\\/uploads\\\/2026\\\/04\\\/wided-belhaj_avatar-96x96.jpg\",\"url\":\"https:\\\/\\\/www.webdo.tn\\\/fr\\\/wp-content\\\/uploads\\\/2026\\\/04\\\/wided-belhaj_avatar-96x96.jpg\",\"contentUrl\":\"https:\\\/\\\/www.webdo.tn\\\/fr\\\/wp-content\\\/uploads\\\/2026\\\/04\\\/wided-belhaj_avatar-96x96.jpg\",\"caption\":\"Wided Belhaj\"},\"description\":\"Wided Belhaj est le pseudonyme \u00e9ditorial utilis\u00e9 par Khalil Jelassi, journaliste, ma\u00eetre-assistant \u00e0 l\u2019Institut de presse et des sciences de l\u2019information (IPSI) et chercheur en sciences de l\u2019information et de la communication. Cette signature est d\u00e9di\u00e9e \u00e0 l\u2019analyse des m\u00e9dias, des pratiques journalistiques et des mutations de l\u2019information \u00e0 l\u2019\u00e8re digitale. \u00c0 travers ses contributions, Wided Belhaj propose une lecture analytique de l\u2019actualit\u00e9, en croisant regard critique et expertise acad\u00e9mique.\",\"knowsAbout\":[\"m\u00e9dias\",\"journalisme\",\"communication\",\"information\",\"transformation num\u00e9rique\",\"analyse des m\u00e9dias\"],\"knowsLanguage\":[\"Fran\u00e7ais\",\"Arabe\"],\"jobTitle\":\"Webdo.tn\",\"worksFor\":\"Journaliste \u2013 Analyse des m\u00e9dias\",\"url\":\"https:\\\/\\\/www.webdo.tn\\\/fr\\\/actualite\\\/author\\\/wided-belhaj\\\/\"}]}<\/script>\n<!-- \/ Yoast SEO Premium plugin. -->","yoast_head_json":{"title":"D\u00e9tection de foyers de rouille jaune dans des champs de bl\u00e9 au nord - webdo","description":"D\u00e9couvrez les risques pour la culture de bl\u00e9 avec la d\u00e9tection de la rouille jaune et les meilleures pratiques de pr\u00e9vention.","canonical":"https:\/\/www.webdo.tn\/fr\/actualite\/national\/detection-de-foyers-de-rouille-jaune-dans-des-champs-de-ble-au-nord\/394104\/","og_locale":"fr_FR","og_type":"article","og_title":"D\u00e9tection de foyers de rouille jaune dans des champs de bl\u00e9 au nord","og_description":"D\u00e9couvrez les risques pour la culture de bl\u00e9 avec la d\u00e9tection de la rouille jaune et les meilleures pratiques de pr\u00e9vention.","og_url":"https:\/\/www.webdo.tn\/fr\/actualite\/national\/detection-de-foyers-de-rouille-jaune-dans-des-champs-de-ble-au-nord\/394104\/","og_site_name":"webdo","article_publisher":"https:\/\/www.facebook.com\/webdotn","article_published_time":"2026-03-04T19:10:19+00:00","article_modified_time":"2026-03-04T19:10:22+00:00","og_image":[{"width":1200,"height":601,"url":"https:\/\/www.webdo.tn\/fr\/wp-content\/uploads\/2026\/03\/ble.jpg","type":"image\/jpeg"}],"author":"Wided Belhaj","twitter_card":"summary_large_image","twitter_creator":"@webdo_tn","twitter_site":"@webdo_tn","twitter_misc":{"\u00c9crit par":"Wided Belhaj","Dur\u00e9e de lecture estim\u00e9e":"2 minutes"},"schema":{"@context":"https:\/\/schema.org","@graph":[{"@type":"NewsArticle","@id":"https:\/\/www.webdo.tn\/fr\/actualite\/national\/detection-de-foyers-de-rouille-jaune-dans-des-champs-de-ble-au-nord\/394104\/#article","isPartOf":{"@id":"https:\/\/www.webdo.tn\/fr\/actualite\/national\/detection-de-foyers-de-rouille-jaune-dans-des-champs-de-ble-au-nord\/394104\/"},"author":{"name":"Wided Belhaj","@id":"https:\/\/www.webdo.tn\/fr\/#\/schema\/person\/b9ecde7a5574cb4fcf4b496ea5fadb15"},"headline":"D\u00e9tection de foyers de rouille jaune dans des champs de bl\u00e9 au nord","datePublished":"2026-03-04T19:10:19+00:00","dateModified":"2026-03-04T19:10:22+00:00","mainEntityOfPage":{"@id":"https:\/\/www.webdo.tn\/fr\/actualite\/national\/detection-de-foyers-de-rouille-jaune-dans-des-champs-de-ble-au-nord\/394104\/"},"wordCount":391,"publisher":{"@id":"https:\/\/www.webdo.tn\/fr\/#organization"},"image":{"@id":"https:\/\/www.webdo.tn\/fr\/actualite\/national\/detection-de-foyers-de-rouille-jaune-dans-des-champs-de-ble-au-nord\/394104\/#primaryimage"},"thumbnailUrl":"https:\/\/www.webdo.tn\/fr\/wp-content\/uploads\/2026\/03\/ble.jpg","keywords":["bl\u00e9","Tunisie"],"articleSection":["National"],"inLanguage":"fr-FR"},{"@type":"WebPage","@id":"https:\/\/www.webdo.tn\/fr\/actualite\/national\/detection-de-foyers-de-rouille-jaune-dans-des-champs-de-ble-au-nord\/394104\/","url":"https:\/\/www.webdo.tn\/fr\/actualite\/national\/detection-de-foyers-de-rouille-jaune-dans-des-champs-de-ble-au-nord\/394104\/","name":"D\u00e9tection de foyers de rouille jaune dans des champs de bl\u00e9 au nord - webdo","isPartOf":{"@id":"https:\/\/www.webdo.tn\/fr\/#website"},"primaryImageOfPage":{"@id":"https:\/\/www.webdo.tn\/fr\/actualite\/national\/detection-de-foyers-de-rouille-jaune-dans-des-champs-de-ble-au-nord\/394104\/#primaryimage"},"image":{"@id":"https:\/\/www.webdo.tn\/fr\/actualite\/national\/detection-de-foyers-de-rouille-jaune-dans-des-champs-de-ble-au-nord\/394104\/#primaryimage"},"thumbnailUrl":"https:\/\/www.webdo.tn\/fr\/wp-content\/uploads\/2026\/03\/ble.jpg","datePublished":"2026-03-04T19:10:19+00:00","dateModified":"2026-03-04T19:10:22+00:00","description":"D\u00e9couvrez les risques pour la culture de bl\u00e9 avec la d\u00e9tection de la rouille jaune et les meilleures pratiques de pr\u00e9vention.","breadcrumb":{"@id":"https:\/\/www.webdo.tn\/fr\/actualite\/national\/detection-de-foyers-de-rouille-jaune-dans-des-champs-de-ble-au-nord\/394104\/#breadcrumb"},"inLanguage":"fr-FR","potentialAction":[{"@type":"ReadAction","target":["https:\/\/www.webdo.tn\/fr\/actualite\/national\/detection-de-foyers-de-rouille-jaune-dans-des-champs-de-ble-au-nord\/394104\/"]}]},{"@type":"ImageObject","inLanguage":"fr-FR","@id":"https:\/\/www.webdo.tn\/fr\/actualite\/national\/detection-de-foyers-de-rouille-jaune-dans-des-champs-de-ble-au-nord\/394104\/#primaryimage","url":"https:\/\/www.webdo.tn\/fr\/wp-content\/uploads\/2026\/03\/ble.jpg","contentUrl":"https:\/\/www.webdo.tn\/fr\/wp-content\/uploads\/2026\/03\/ble.jpg","width":1200,"height":601,"caption":"Bl\u00e9"},{"@type":"BreadcrumbList","@id":"https:\/\/www.webdo.tn\/fr\/actualite\/national\/detection-de-foyers-de-rouille-jaune-dans-des-champs-de-ble-au-nord\/394104\/#breadcrumb","itemListElement":[{"@type":"ListItem","position":1,"name":"Accueil","item":"https:\/\/www.webdo.tn\/fr\/"},{"@type":"ListItem","position":2,"name":"D\u00e9tection de foyers de rouille jaune dans des champs de bl\u00e9 au nord"}]},{"@type":"WebSite","@id":"https:\/\/www.webdo.tn\/fr\/#website","url":"https:\/\/www.webdo.tn\/fr\/","name":"webdo","description":"Tunisie - News en Tunisie et \u00e0 l&#039;international sur Webdo.tn","publisher":{"@id":"https:\/\/www.webdo.tn\/fr\/#organization"},"potentialAction":[{"@type":"SearchAction","target":{"@type":"EntryPoint","urlTemplate":"https:\/\/www.webdo.tn\/fr\/?s={search_term_string}"},"query-input":{"@type":"PropertyValueSpecification","valueRequired":true,"valueName":"search_term_string"}}],"inLanguage":"fr-FR"},{"@type":"Organization","@id":"https:\/\/www.webdo.tn\/fr\/#organization","name":"Webdo","alternateName":"Webdo.tn","url":"https:\/\/www.webdo.tn\/fr\/","logo":{"@type":"ImageObject","inLanguage":"fr-FR","@id":"https:\/\/www.webdo.tn\/fr\/#\/schema\/logo\/image\/","url":"https:\/\/www.webdo.tn\/fr\/wp-content\/uploads\/2025\/06\/Webdo-Tunisie_168377.jpg","contentUrl":"https:\/\/www.webdo.tn\/fr\/wp-content\/uploads\/2025\/06\/Webdo-Tunisie_168377.jpg","width":301,"height":301,"caption":"Webdo"},"image":{"@id":"https:\/\/www.webdo.tn\/fr\/#\/schema\/logo\/image\/"},"sameAs":["https:\/\/www.facebook.com\/webdotn","https:\/\/x.com\/webdo_tn"],"description":"Webdo est un m\u00e9dia num\u00e9rique tunisien fond\u00e9 en 2010, sp\u00e9cialis\u00e9 dans l\u2019actualit\u00e9 nationale et internationale, l\u2019\u00e9conomie, la soci\u00e9t\u00e9 et les analyses politiques. Le site s\u2019adresse \u00e0 un large public francophone et couvre l\u2019information tunisienne en temps r\u00e9el.","email":"redac@webdo.tn","legalName":"YNJ SARL","foundingDate":"2010-09-06","numberOfEmployees":{"@type":"QuantitativeValue","minValue":"11","maxValue":"50"}},{"@type":"Person","@id":"https:\/\/www.webdo.tn\/fr\/#\/schema\/person\/b9ecde7a5574cb4fcf4b496ea5fadb15","name":"Wided Belhaj","image":{"@type":"ImageObject","inLanguage":"fr-FR","@id":"https:\/\/www.webdo.tn\/fr\/wp-content\/uploads\/2026\/04\/wided-belhaj_avatar-96x96.jpg","url":"https:\/\/www.webdo.tn\/fr\/wp-content\/uploads\/2026\/04\/wided-belhaj_avatar-96x96.jpg","contentUrl":"https:\/\/www.webdo.tn\/fr\/wp-content\/uploads\/2026\/04\/wided-belhaj_avatar-96x96.jpg","caption":"Wided Belhaj"},"description":"Wided Belhaj est le pseudonyme \u00e9ditorial utilis\u00e9 par Khalil Jelassi, journaliste, ma\u00eetre-assistant \u00e0 l\u2019Institut de presse et des sciences de l\u2019information (IPSI) et chercheur en sciences de l\u2019information et de la communication. Cette signature est d\u00e9di\u00e9e \u00e0 l\u2019analyse des m\u00e9dias, des pratiques journalistiques et des mutations de l\u2019information \u00e0 l\u2019\u00e8re digitale. \u00c0 travers ses contributions, Wided Belhaj propose une lecture analytique de l\u2019actualit\u00e9, en croisant regard critique et expertise acad\u00e9mique.","knowsAbout":["m\u00e9dias","journalisme","communication","information","transformation num\u00e9rique","analyse des m\u00e9dias"],"knowsLanguage":["Fran\u00e7ais","Arabe"],"jobTitle":"Webdo.tn","worksFor":"Journaliste \u2013 Analyse des m\u00e9dias","url":"https:\/\/www.webdo.tn\/fr\/actualite\/author\/wided-belhaj\/"}]}},"_links":{"self":[{"href":"https:\/\/www.webdo.tn\/fr\/wp-json\/wp\/v2\/posts\/394104","targetHints":{"allow":["GET"]}}],"collection":[{"href":"https:\/\/www.webdo.tn\/fr\/wp-json\/wp\/v2\/posts"}],"about":[{"href":"https:\/\/www.webdo.tn\/fr\/wp-json\/wp\/v2\/types\/post"}],"author":[{"embeddable":true,"href":"https:\/\/www.webdo.tn\/fr\/wp-json\/wp\/v2\/users\/3184"}],"replies":[{"embeddable":true,"href":"https:\/\/www.webdo.tn\/fr\/wp-json\/wp\/v2\/comments?post=394104"}],"version-history":[{"count":0,"href":"https:\/\/www.webdo.tn\/fr\/wp-json\/wp\/v2\/posts\/394104\/revisions"}],"wp:featuredmedia":[{"embeddable":true,"href":"https:\/\/www.webdo.tn\/fr\/wp-json\/wp\/v2\/media\/394105"}],"wp:attachment":[{"href":"https:\/\/www.webdo.tn\/fr\/wp-json\/wp\/v2\/media?parent=394104"}],"wp:term":[{"taxonomy":"category","embeddable":true,"href":"https:\/\/www.webdo.tn\/fr\/wp-json\/wp\/v2\/categories?post=394104"},{"taxonomy":"post_tag","embeddable":true,"href":"https:\/\/www.webdo.tn\/fr\/wp-json\/wp\/v2\/tags?post=394104"}],"curies":[{"name":"wp","href":"https:\/\/api.w.org\/{rel}","templated":true}]}}