{"id":394099,"date":"2026-03-04T18:57:52","date_gmt":"2026-03-04T17:57:52","guid":{"rendered":"https:\/\/www.webdo.tn\/fr\/?p=394099"},"modified":"2026-03-04T18:59:29","modified_gmt":"2026-03-04T17:59:29","slug":"kasserine-quatre-responsales-a-loffice-du-commerce-arretes","status":"publish","type":"post","link":"https:\/\/www.webdo.tn\/fr\/actualite\/regions\/kasserine-quatre-responsales-a-loffice-du-commerce-arretes\/394099\/","title":{"rendered":"Kasserine : Quatre responsables \u00e0 l&rsquo;office du Commerce arr\u00eat\u00e9s"},"content":{"rendered":"\n<p><strong>Le minist\u00e8re public pr\u00e8s le tribunal de premi\u00e8re instance de Kasserine a ordonn\u00e9 la mise en garde \u00e0 vue de quatre responsables relevant du centre de stockage et de distribution r\u00e9gional affili\u00e9 \u00e0 Office tunisien du commerce, pour des soup\u00e7ons de d\u00e9tournement et de gestion ill\u00e9gale de fonds publics.<\/strong><\/p>\n\n\n\n<p>L\u2019affaire fait suite \u00e0 une plainte d\u00e9pos\u00e9e par le repr\u00e9sentant l\u00e9gal de l\u2019\u00e9tablissement, apr\u00e8s une mission de contr\u00f4le et d\u2019audit men\u00e9e le 26 f\u00e9vrier 2026 par les services centraux de l\u2019Office. Cette op\u00e9ration a permis de constater un d\u00e9ficit dans les stocks de produits de base, notamment le sucre, le caf\u00e9, le th\u00e9 et le riz. Le manque \u00e0 gagner a \u00e9t\u00e9 initialement estim\u00e9 \u00e0 environ 160 mille dinars, rapporte Mosaique FM. <\/p>\n\n\n\n<h2 class=\"wp-block-heading\" id=\"h-perception-indue-par-un-agent-public-a-son-profit\">Perception indue par un agent public \u00e0 son profit <\/h2>\n\n\n\n<p>\u00c0 l\u2019issue des investigations men\u00e9es par la brigade de recherches judiciaires de la Garde nationale \u00e0 Kasserine, trois responsables du centre ont \u00e9t\u00e9 entendus puis plac\u00e9s en garde \u00e0 vue pour des soup\u00e7ons d\u2019\u00ab association de malfaiteurs \u00bb, de \u00ab perception indue par un agent public \u00e0 son profit \u00bb et de \u00ab pr\u00e9judice caus\u00e9 \u00e0 l\u2019administration \u00bb.<\/p>\n\n\n\n<p class=\"has-medium-font-size\"><strong>Lire aussi <\/strong>: <a href=\"https:\/\/www.webdo.tn\/fr\/actualite\/national\/tunisie-le-directeur-general-ainsi-que-trois-agents-dune-societe-petroliere-publique-arretes\/387408\/\">Tunisie : Le directeur g\u00e9n\u00e9ral ainsi que trois agents d\u2019une soci\u00e9t\u00e9 p\u00e9troli\u00e8re publique arr\u00eat\u00e9s<\/a><br><\/p>\n\n\n\n<p>Un ancien directeur du centre de stockage de Kasserine, actuellement en poste dans un autre gouvernorat, a par la suite \u00e9t\u00e9 plac\u00e9 en garde \u00e0 vue, portant \u00e0 quatre le nombre total de personnes concern\u00e9es.<\/p>\n\n\n\n<h2 class=\"wp-block-heading\" id=\"h-prejudice-financier-a-plus-de-300-mille-dinars\">Pr\u00e9judice financier \u00e0 plus de 300 mille dinars<\/h2>\n\n\n\n<p>Selon les donn\u00e9es pr\u00e9liminaires issues d\u2019un second audit r\u00e9alis\u00e9 le 2 mars 2026, la direction centrale de l\u2019Office tunisien du commerce estime d\u00e9sormais le pr\u00e9judice financier \u00e0 plus de 300 mille dinars.<\/p>\n\n\n\n<p>L\u2019enqu\u00eate se poursuit afin de compl\u00e9ter les proc\u00e9dures l\u00e9gales et de d\u00e9terminer les responsabilit\u00e9s exactes dans cette affaire.<\/p>\n\n\n\n<p><\/p>\n","protected":false},"excerpt":{"rendered":"<p>Le minist\u00e8re public pr\u00e8s le tribunal de premi\u00e8re instance de Kasserine a ordonn\u00e9 la mise en garde \u00e0 vue de quatre responsables relevant du centre de stockage et de distribution r\u00e9gional affili\u00e9 \u00e0 Office tunisien du commerce, pour des soup\u00e7ons de d\u00e9tournement et de gestion ill\u00e9gale de fonds publics. L\u2019affaire fait suite \u00e0 une plainte [&hellip;]<\/p>\n","protected":false},"author":3184,"featured_media":384177,"comment_status":"closed","ping_status":"closed","sticky":false,"template":"","format":"standard","meta":{"footnotes":""},"categories":[2595],"tags":[2744,2608],"class_list":["post-394099","post","type-post","status-publish","format-standard","has-post-thumbnail","hentry","category-regions","tag-kasserine","tag-tunisie"],"yoast_head":"<!-- This site is optimized with the Yoast SEO Premium plugin v27.5 (Yoast SEO v27.5) - https:\/\/yoast.com\/product\/yoast-seo-premium-wordpress\/ -->\n<title>Kasserine : Quatre responsables \u00e0 l&#039;office du Commerce arr\u00eat\u00e9s - webdo<\/title>\n<meta name=\"description\" content=\"D\u00e9couvrez les r\u00e9percussions de l&#039;affaire du bureau de commerce \u00e0 Kasserine et les soup\u00e7ons de gestion ill\u00e9gale de fonds.\" \/>\n<link rel=\"canonical\" href=\"https:\/\/www.webdo.tn\/fr\/actualite\/regions\/kasserine-quatre-responsales-a-loffice-du-commerce-arretes\/394099\/\" \/>\n<meta property=\"og:locale\" content=\"fr_FR\" \/>\n<meta property=\"og:type\" content=\"article\" \/>\n<meta property=\"og:title\" content=\"Kasserine : Quatre responsables \u00e0 l&#039;office du Commerce arr\u00eat\u00e9s\" \/>\n<meta property=\"og:description\" content=\"D\u00e9couvrez les r\u00e9percussions de l&#039;affaire du bureau de commerce \u00e0 Kasserine et les soup\u00e7ons de gestion ill\u00e9gale de fonds.\" \/>\n<meta property=\"og:url\" content=\"https:\/\/www.webdo.tn\/fr\/actualite\/regions\/kasserine-quatre-responsales-a-loffice-du-commerce-arretes\/394099\/\" \/>\n<meta property=\"og:site_name\" content=\"webdo\" \/>\n<meta property=\"article:publisher\" content=\"https:\/\/www.facebook.com\/webdotn\" \/>\n<meta property=\"article:published_time\" content=\"2026-03-04T17:57:52+00:00\" \/>\n<meta property=\"article:modified_time\" content=\"2026-03-04T17:59:29+00:00\" \/>\n<meta property=\"og:image\" content=\"https:\/\/www.webdo.tn\/fr\/wp-content\/uploads\/2025\/09\/prison-1.jpg\" \/>\n\t<meta property=\"og:image:width\" content=\"1200\" \/>\n\t<meta property=\"og:image:height\" content=\"604\" \/>\n\t<meta property=\"og:image:type\" content=\"image\/jpeg\" \/>\n<meta name=\"author\" content=\"Wided Belhaj\" \/>\n<meta name=\"twitter:card\" content=\"summary_large_image\" \/>\n<meta name=\"twitter:creator\" content=\"@webdo_tn\" \/>\n<meta name=\"twitter:site\" content=\"@webdo_tn\" \/>\n<meta name=\"twitter:label1\" content=\"\u00c9crit par\" \/>\n\t<meta name=\"twitter:data1\" content=\"Wided Belhaj\" \/>\n\t<meta name=\"twitter:label2\" content=\"Dur\u00e9e de lecture estim\u00e9e\" \/>\n\t<meta name=\"twitter:data2\" content=\"2 minutes\" \/>\n<script type=\"application\/ld+json\" class=\"yoast-schema-graph\">{\"@context\":\"https:\\\/\\\/schema.org\",\"@graph\":[{\"@type\":\"NewsArticle\",\"@id\":\"https:\\\/\\\/www.webdo.tn\\\/fr\\\/actualite\\\/regions\\\/kasserine-quatre-responsales-a-loffice-du-commerce-arretes\\\/394099\\\/#article\",\"isPartOf\":{\"@id\":\"https:\\\/\\\/www.webdo.tn\\\/fr\\\/actualite\\\/regions\\\/kasserine-quatre-responsales-a-loffice-du-commerce-arretes\\\/394099\\\/\"},\"author\":{\"name\":\"Wided Belhaj\",\"@id\":\"https:\\\/\\\/www.webdo.tn\\\/fr\\\/#\\\/schema\\\/person\\\/b9ecde7a5574cb4fcf4b496ea5fadb15\"},\"headline\":\"Kasserine : Quatre responsables \u00e0 l&rsquo;office du Commerce arr\u00eat\u00e9s\",\"datePublished\":\"2026-03-04T17:57:52+00:00\",\"dateModified\":\"2026-03-04T17:59:29+00:00\",\"mainEntityOfPage\":{\"@id\":\"https:\\\/\\\/www.webdo.tn\\\/fr\\\/actualite\\\/regions\\\/kasserine-quatre-responsales-a-loffice-du-commerce-arretes\\\/394099\\\/\"},\"wordCount\":330,\"publisher\":{\"@id\":\"https:\\\/\\\/www.webdo.tn\\\/fr\\\/#organization\"},\"image\":{\"@id\":\"https:\\\/\\\/www.webdo.tn\\\/fr\\\/actualite\\\/regions\\\/kasserine-quatre-responsales-a-loffice-du-commerce-arretes\\\/394099\\\/#primaryimage\"},\"thumbnailUrl\":\"https:\\\/\\\/www.webdo.tn\\\/fr\\\/wp-content\\\/uploads\\\/2025\\\/09\\\/prison-1.jpg\",\"keywords\":[\"Kasserine\",\"Tunisie\"],\"articleSection\":[\"regions\"],\"inLanguage\":\"fr-FR\"},{\"@type\":\"WebPage\",\"@id\":\"https:\\\/\\\/www.webdo.tn\\\/fr\\\/actualite\\\/regions\\\/kasserine-quatre-responsales-a-loffice-du-commerce-arretes\\\/394099\\\/\",\"url\":\"https:\\\/\\\/www.webdo.tn\\\/fr\\\/actualite\\\/regions\\\/kasserine-quatre-responsales-a-loffice-du-commerce-arretes\\\/394099\\\/\",\"name\":\"Kasserine : Quatre responsables \u00e0 l'office du Commerce arr\u00eat\u00e9s - webdo\",\"isPartOf\":{\"@id\":\"https:\\\/\\\/www.webdo.tn\\\/fr\\\/#website\"},\"primaryImageOfPage\":{\"@id\":\"https:\\\/\\\/www.webdo.tn\\\/fr\\\/actualite\\\/regions\\\/kasserine-quatre-responsales-a-loffice-du-commerce-arretes\\\/394099\\\/#primaryimage\"},\"image\":{\"@id\":\"https:\\\/\\\/www.webdo.tn\\\/fr\\\/actualite\\\/regions\\\/kasserine-quatre-responsales-a-loffice-du-commerce-arretes\\\/394099\\\/#primaryimage\"},\"thumbnailUrl\":\"https:\\\/\\\/www.webdo.tn\\\/fr\\\/wp-content\\\/uploads\\\/2025\\\/09\\\/prison-1.jpg\",\"datePublished\":\"2026-03-04T17:57:52+00:00\",\"dateModified\":\"2026-03-04T17:59:29+00:00\",\"description\":\"D\u00e9couvrez les r\u00e9percussions de l'affaire du bureau de commerce \u00e0 Kasserine et les soup\u00e7ons de gestion ill\u00e9gale de fonds.\",\"breadcrumb\":{\"@id\":\"https:\\\/\\\/www.webdo.tn\\\/fr\\\/actualite\\\/regions\\\/kasserine-quatre-responsales-a-loffice-du-commerce-arretes\\\/394099\\\/#breadcrumb\"},\"inLanguage\":\"fr-FR\",\"potentialAction\":[{\"@type\":\"ReadAction\",\"target\":[\"https:\\\/\\\/www.webdo.tn\\\/fr\\\/actualite\\\/regions\\\/kasserine-quatre-responsales-a-loffice-du-commerce-arretes\\\/394099\\\/\"]}]},{\"@type\":\"ImageObject\",\"inLanguage\":\"fr-FR\",\"@id\":\"https:\\\/\\\/www.webdo.tn\\\/fr\\\/actualite\\\/regions\\\/kasserine-quatre-responsales-a-loffice-du-commerce-arretes\\\/394099\\\/#primaryimage\",\"url\":\"https:\\\/\\\/www.webdo.tn\\\/fr\\\/wp-content\\\/uploads\\\/2025\\\/09\\\/prison-1.jpg\",\"contentUrl\":\"https:\\\/\\\/www.webdo.tn\\\/fr\\\/wp-content\\\/uploads\\\/2025\\\/09\\\/prison-1.jpg\",\"width\":1200,\"height\":604,\"caption\":\"Mahdia : Neuf personnes plac\u00e9es en garde \u00e0 vue dans une affaire de fouilles arch\u00e9ologiques\"},{\"@type\":\"BreadcrumbList\",\"@id\":\"https:\\\/\\\/www.webdo.tn\\\/fr\\\/actualite\\\/regions\\\/kasserine-quatre-responsales-a-loffice-du-commerce-arretes\\\/394099\\\/#breadcrumb\",\"itemListElement\":[{\"@type\":\"ListItem\",\"position\":1,\"name\":\"Accueil\",\"item\":\"https:\\\/\\\/www.webdo.tn\\\/fr\\\/\"},{\"@type\":\"ListItem\",\"position\":2,\"name\":\"Kasserine : Quatre responsables \u00e0 l&rsquo;office du Commerce arr\u00eat\u00e9s\"}]},{\"@type\":\"WebSite\",\"@id\":\"https:\\\/\\\/www.webdo.tn\\\/fr\\\/#website\",\"url\":\"https:\\\/\\\/www.webdo.tn\\\/fr\\\/\",\"name\":\"webdo\",\"description\":\"Tunisie - News en Tunisie et \u00e0 l&#039;international sur Webdo.tn\",\"publisher\":{\"@id\":\"https:\\\/\\\/www.webdo.tn\\\/fr\\\/#organization\"},\"potentialAction\":[{\"@type\":\"SearchAction\",\"target\":{\"@type\":\"EntryPoint\",\"urlTemplate\":\"https:\\\/\\\/www.webdo.tn\\\/fr\\\/?s={search_term_string}\"},\"query-input\":{\"@type\":\"PropertyValueSpecification\",\"valueRequired\":true,\"valueName\":\"search_term_string\"}}],\"inLanguage\":\"fr-FR\"},{\"@type\":\"Organization\",\"@id\":\"https:\\\/\\\/www.webdo.tn\\\/fr\\\/#organization\",\"name\":\"Webdo\",\"alternateName\":\"Webdo.tn\",\"url\":\"https:\\\/\\\/www.webdo.tn\\\/fr\\\/\",\"logo\":{\"@type\":\"ImageObject\",\"inLanguage\":\"fr-FR\",\"@id\":\"https:\\\/\\\/www.webdo.tn\\\/fr\\\/#\\\/schema\\\/logo\\\/image\\\/\",\"url\":\"https:\\\/\\\/www.webdo.tn\\\/fr\\\/wp-content\\\/uploads\\\/2025\\\/06\\\/Webdo-Tunisie_168377.jpg\",\"contentUrl\":\"https:\\\/\\\/www.webdo.tn\\\/fr\\\/wp-content\\\/uploads\\\/2025\\\/06\\\/Webdo-Tunisie_168377.jpg\",\"width\":301,\"height\":301,\"caption\":\"Webdo\"},\"image\":{\"@id\":\"https:\\\/\\\/www.webdo.tn\\\/fr\\\/#\\\/schema\\\/logo\\\/image\\\/\"},\"sameAs\":[\"https:\\\/\\\/www.facebook.com\\\/webdotn\",\"https:\\\/\\\/x.com\\\/webdo_tn\"],\"description\":\"Webdo est un m\u00e9dia num\u00e9rique tunisien fond\u00e9 en 2010, sp\u00e9cialis\u00e9 dans l\u2019actualit\u00e9 nationale et internationale, l\u2019\u00e9conomie, la soci\u00e9t\u00e9 et les analyses politiques. Le site s\u2019adresse \u00e0 un large public francophone et couvre l\u2019information tunisienne en temps r\u00e9el.\",\"email\":\"redac@webdo.tn\",\"legalName\":\"YNJ SARL\",\"foundingDate\":\"2010-09-06\",\"numberOfEmployees\":{\"@type\":\"QuantitativeValue\",\"minValue\":\"11\",\"maxValue\":\"50\"}},{\"@type\":\"Person\",\"@id\":\"https:\\\/\\\/www.webdo.tn\\\/fr\\\/#\\\/schema\\\/person\\\/b9ecde7a5574cb4fcf4b496ea5fadb15\",\"name\":\"Wided Belhaj\",\"image\":{\"@type\":\"ImageObject\",\"inLanguage\":\"fr-FR\",\"@id\":\"https:\\\/\\\/www.webdo.tn\\\/fr\\\/wp-content\\\/uploads\\\/2026\\\/04\\\/wided-belhaj_avatar-96x96.jpg\",\"url\":\"https:\\\/\\\/www.webdo.tn\\\/fr\\\/wp-content\\\/uploads\\\/2026\\\/04\\\/wided-belhaj_avatar-96x96.jpg\",\"contentUrl\":\"https:\\\/\\\/www.webdo.tn\\\/fr\\\/wp-content\\\/uploads\\\/2026\\\/04\\\/wided-belhaj_avatar-96x96.jpg\",\"caption\":\"Wided Belhaj\"},\"description\":\"Wided Belhaj est le pseudonyme \u00e9ditorial utilis\u00e9 par Khalil Jelassi, journaliste, ma\u00eetre-assistant \u00e0 l\u2019Institut de presse et des sciences de l\u2019information (IPSI) et chercheur en sciences de l\u2019information et de la communication. Cette signature est d\u00e9di\u00e9e \u00e0 l\u2019analyse des m\u00e9dias, des pratiques journalistiques et des mutations de l\u2019information \u00e0 l\u2019\u00e8re digitale. \u00c0 travers ses contributions, Wided Belhaj propose une lecture analytique de l\u2019actualit\u00e9, en croisant regard critique et expertise acad\u00e9mique.\",\"knowsAbout\":[\"m\u00e9dias\",\"journalisme\",\"communication\",\"information\",\"transformation num\u00e9rique\",\"analyse des m\u00e9dias\"],\"knowsLanguage\":[\"Fran\u00e7ais\",\"Arabe\"],\"jobTitle\":\"Webdo.tn\",\"worksFor\":\"Journaliste \u2013 Analyse des m\u00e9dias\",\"url\":\"https:\\\/\\\/www.webdo.tn\\\/fr\\\/actualite\\\/author\\\/wided-belhaj\\\/\"}]}<\/script>\n<!-- \/ Yoast SEO Premium plugin. -->","yoast_head_json":{"title":"Kasserine : Quatre responsables \u00e0 l'office du Commerce arr\u00eat\u00e9s - webdo","description":"D\u00e9couvrez les r\u00e9percussions de l'affaire du bureau de commerce \u00e0 Kasserine et les soup\u00e7ons de gestion ill\u00e9gale de fonds.","canonical":"https:\/\/www.webdo.tn\/fr\/actualite\/regions\/kasserine-quatre-responsales-a-loffice-du-commerce-arretes\/394099\/","og_locale":"fr_FR","og_type":"article","og_title":"Kasserine : Quatre responsables \u00e0 l'office du Commerce arr\u00eat\u00e9s","og_description":"D\u00e9couvrez les r\u00e9percussions de l'affaire du bureau de commerce \u00e0 Kasserine et les soup\u00e7ons de gestion ill\u00e9gale de fonds.","og_url":"https:\/\/www.webdo.tn\/fr\/actualite\/regions\/kasserine-quatre-responsales-a-loffice-du-commerce-arretes\/394099\/","og_site_name":"webdo","article_publisher":"https:\/\/www.facebook.com\/webdotn","article_published_time":"2026-03-04T17:57:52+00:00","article_modified_time":"2026-03-04T17:59:29+00:00","og_image":[{"width":1200,"height":604,"url":"https:\/\/www.webdo.tn\/fr\/wp-content\/uploads\/2025\/09\/prison-1.jpg","type":"image\/jpeg"}],"author":"Wided Belhaj","twitter_card":"summary_large_image","twitter_creator":"@webdo_tn","twitter_site":"@webdo_tn","twitter_misc":{"\u00c9crit par":"Wided Belhaj","Dur\u00e9e de lecture estim\u00e9e":"2 minutes"},"schema":{"@context":"https:\/\/schema.org","@graph":[{"@type":"NewsArticle","@id":"https:\/\/www.webdo.tn\/fr\/actualite\/regions\/kasserine-quatre-responsales-a-loffice-du-commerce-arretes\/394099\/#article","isPartOf":{"@id":"https:\/\/www.webdo.tn\/fr\/actualite\/regions\/kasserine-quatre-responsales-a-loffice-du-commerce-arretes\/394099\/"},"author":{"name":"Wided Belhaj","@id":"https:\/\/www.webdo.tn\/fr\/#\/schema\/person\/b9ecde7a5574cb4fcf4b496ea5fadb15"},"headline":"Kasserine : Quatre responsables \u00e0 l&rsquo;office du Commerce arr\u00eat\u00e9s","datePublished":"2026-03-04T17:57:52+00:00","dateModified":"2026-03-04T17:59:29+00:00","mainEntityOfPage":{"@id":"https:\/\/www.webdo.tn\/fr\/actualite\/regions\/kasserine-quatre-responsales-a-loffice-du-commerce-arretes\/394099\/"},"wordCount":330,"publisher":{"@id":"https:\/\/www.webdo.tn\/fr\/#organization"},"image":{"@id":"https:\/\/www.webdo.tn\/fr\/actualite\/regions\/kasserine-quatre-responsales-a-loffice-du-commerce-arretes\/394099\/#primaryimage"},"thumbnailUrl":"https:\/\/www.webdo.tn\/fr\/wp-content\/uploads\/2025\/09\/prison-1.jpg","keywords":["Kasserine","Tunisie"],"articleSection":["regions"],"inLanguage":"fr-FR"},{"@type":"WebPage","@id":"https:\/\/www.webdo.tn\/fr\/actualite\/regions\/kasserine-quatre-responsales-a-loffice-du-commerce-arretes\/394099\/","url":"https:\/\/www.webdo.tn\/fr\/actualite\/regions\/kasserine-quatre-responsales-a-loffice-du-commerce-arretes\/394099\/","name":"Kasserine : Quatre responsables \u00e0 l'office du Commerce arr\u00eat\u00e9s - webdo","isPartOf":{"@id":"https:\/\/www.webdo.tn\/fr\/#website"},"primaryImageOfPage":{"@id":"https:\/\/www.webdo.tn\/fr\/actualite\/regions\/kasserine-quatre-responsales-a-loffice-du-commerce-arretes\/394099\/#primaryimage"},"image":{"@id":"https:\/\/www.webdo.tn\/fr\/actualite\/regions\/kasserine-quatre-responsales-a-loffice-du-commerce-arretes\/394099\/#primaryimage"},"thumbnailUrl":"https:\/\/www.webdo.tn\/fr\/wp-content\/uploads\/2025\/09\/prison-1.jpg","datePublished":"2026-03-04T17:57:52+00:00","dateModified":"2026-03-04T17:59:29+00:00","description":"D\u00e9couvrez les r\u00e9percussions de l'affaire du bureau de commerce \u00e0 Kasserine et les soup\u00e7ons de gestion ill\u00e9gale de fonds.","breadcrumb":{"@id":"https:\/\/www.webdo.tn\/fr\/actualite\/regions\/kasserine-quatre-responsales-a-loffice-du-commerce-arretes\/394099\/#breadcrumb"},"inLanguage":"fr-FR","potentialAction":[{"@type":"ReadAction","target":["https:\/\/www.webdo.tn\/fr\/actualite\/regions\/kasserine-quatre-responsales-a-loffice-du-commerce-arretes\/394099\/"]}]},{"@type":"ImageObject","inLanguage":"fr-FR","@id":"https:\/\/www.webdo.tn\/fr\/actualite\/regions\/kasserine-quatre-responsales-a-loffice-du-commerce-arretes\/394099\/#primaryimage","url":"https:\/\/www.webdo.tn\/fr\/wp-content\/uploads\/2025\/09\/prison-1.jpg","contentUrl":"https:\/\/www.webdo.tn\/fr\/wp-content\/uploads\/2025\/09\/prison-1.jpg","width":1200,"height":604,"caption":"Mahdia : Neuf personnes plac\u00e9es en garde \u00e0 vue dans une affaire de fouilles arch\u00e9ologiques"},{"@type":"BreadcrumbList","@id":"https:\/\/www.webdo.tn\/fr\/actualite\/regions\/kasserine-quatre-responsales-a-loffice-du-commerce-arretes\/394099\/#breadcrumb","itemListElement":[{"@type":"ListItem","position":1,"name":"Accueil","item":"https:\/\/www.webdo.tn\/fr\/"},{"@type":"ListItem","position":2,"name":"Kasserine : Quatre responsables \u00e0 l&rsquo;office du Commerce arr\u00eat\u00e9s"}]},{"@type":"WebSite","@id":"https:\/\/www.webdo.tn\/fr\/#website","url":"https:\/\/www.webdo.tn\/fr\/","name":"webdo","description":"Tunisie - News en Tunisie et \u00e0 l&#039;international sur Webdo.tn","publisher":{"@id":"https:\/\/www.webdo.tn\/fr\/#organization"},"potentialAction":[{"@type":"SearchAction","target":{"@type":"EntryPoint","urlTemplate":"https:\/\/www.webdo.tn\/fr\/?s={search_term_string}"},"query-input":{"@type":"PropertyValueSpecification","valueRequired":true,"valueName":"search_term_string"}}],"inLanguage":"fr-FR"},{"@type":"Organization","@id":"https:\/\/www.webdo.tn\/fr\/#organization","name":"Webdo","alternateName":"Webdo.tn","url":"https:\/\/www.webdo.tn\/fr\/","logo":{"@type":"ImageObject","inLanguage":"fr-FR","@id":"https:\/\/www.webdo.tn\/fr\/#\/schema\/logo\/image\/","url":"https:\/\/www.webdo.tn\/fr\/wp-content\/uploads\/2025\/06\/Webdo-Tunisie_168377.jpg","contentUrl":"https:\/\/www.webdo.tn\/fr\/wp-content\/uploads\/2025\/06\/Webdo-Tunisie_168377.jpg","width":301,"height":301,"caption":"Webdo"},"image":{"@id":"https:\/\/www.webdo.tn\/fr\/#\/schema\/logo\/image\/"},"sameAs":["https:\/\/www.facebook.com\/webdotn","https:\/\/x.com\/webdo_tn"],"description":"Webdo est un m\u00e9dia num\u00e9rique tunisien fond\u00e9 en 2010, sp\u00e9cialis\u00e9 dans l\u2019actualit\u00e9 nationale et internationale, l\u2019\u00e9conomie, la soci\u00e9t\u00e9 et les analyses politiques. Le site s\u2019adresse \u00e0 un large public francophone et couvre l\u2019information tunisienne en temps r\u00e9el.","email":"redac@webdo.tn","legalName":"YNJ SARL","foundingDate":"2010-09-06","numberOfEmployees":{"@type":"QuantitativeValue","minValue":"11","maxValue":"50"}},{"@type":"Person","@id":"https:\/\/www.webdo.tn\/fr\/#\/schema\/person\/b9ecde7a5574cb4fcf4b496ea5fadb15","name":"Wided Belhaj","image":{"@type":"ImageObject","inLanguage":"fr-FR","@id":"https:\/\/www.webdo.tn\/fr\/wp-content\/uploads\/2026\/04\/wided-belhaj_avatar-96x96.jpg","url":"https:\/\/www.webdo.tn\/fr\/wp-content\/uploads\/2026\/04\/wided-belhaj_avatar-96x96.jpg","contentUrl":"https:\/\/www.webdo.tn\/fr\/wp-content\/uploads\/2026\/04\/wided-belhaj_avatar-96x96.jpg","caption":"Wided Belhaj"},"description":"Wided Belhaj est le pseudonyme \u00e9ditorial utilis\u00e9 par Khalil Jelassi, journaliste, ma\u00eetre-assistant \u00e0 l\u2019Institut de presse et des sciences de l\u2019information (IPSI) et chercheur en sciences de l\u2019information et de la communication. Cette signature est d\u00e9di\u00e9e \u00e0 l\u2019analyse des m\u00e9dias, des pratiques journalistiques et des mutations de l\u2019information \u00e0 l\u2019\u00e8re digitale. \u00c0 travers ses contributions, Wided Belhaj propose une lecture analytique de l\u2019actualit\u00e9, en croisant regard critique et expertise acad\u00e9mique.","knowsAbout":["m\u00e9dias","journalisme","communication","information","transformation num\u00e9rique","analyse des m\u00e9dias"],"knowsLanguage":["Fran\u00e7ais","Arabe"],"jobTitle":"Webdo.tn","worksFor":"Journaliste \u2013 Analyse des m\u00e9dias","url":"https:\/\/www.webdo.tn\/fr\/actualite\/author\/wided-belhaj\/"}]}},"_links":{"self":[{"href":"https:\/\/www.webdo.tn\/fr\/wp-json\/wp\/v2\/posts\/394099","targetHints":{"allow":["GET"]}}],"collection":[{"href":"https:\/\/www.webdo.tn\/fr\/wp-json\/wp\/v2\/posts"}],"about":[{"href":"https:\/\/www.webdo.tn\/fr\/wp-json\/wp\/v2\/types\/post"}],"author":[{"embeddable":true,"href":"https:\/\/www.webdo.tn\/fr\/wp-json\/wp\/v2\/users\/3184"}],"replies":[{"embeddable":true,"href":"https:\/\/www.webdo.tn\/fr\/wp-json\/wp\/v2\/comments?post=394099"}],"version-history":[{"count":0,"href":"https:\/\/www.webdo.tn\/fr\/wp-json\/wp\/v2\/posts\/394099\/revisions"}],"wp:featuredmedia":[{"embeddable":true,"href":"https:\/\/www.webdo.tn\/fr\/wp-json\/wp\/v2\/media\/384177"}],"wp:attachment":[{"href":"https:\/\/www.webdo.tn\/fr\/wp-json\/wp\/v2\/media?parent=394099"}],"wp:term":[{"taxonomy":"category","embeddable":true,"href":"https:\/\/www.webdo.tn\/fr\/wp-json\/wp\/v2\/categories?post=394099"},{"taxonomy":"post_tag","embeddable":true,"href":"https:\/\/www.webdo.tn\/fr\/wp-json\/wp\/v2\/tags?post=394099"}],"curies":[{"name":"wp","href":"https:\/\/api.w.org\/{rel}","templated":true}]}}