{"id":394059,"date":"2026-03-04T08:52:58","date_gmt":"2026-03-04T07:52:58","guid":{"rendered":"https:\/\/www.webdo.tn\/fr\/?p=394059"},"modified":"2026-03-04T08:53:00","modified_gmt":"2026-03-04T07:53:00","slug":"nuit-des-musees-tunisiens-18-sites-culturels-ouverts-en-nocturne-le-13-mars","status":"publish","type":"post","link":"https:\/\/www.webdo.tn\/fr\/actualite\/culture\/nuit-des-musees-tunisiens-18-sites-culturels-ouverts-en-nocturne-le-13-mars\/394059\/","title":{"rendered":"Nuit des mus\u00e9es tunisiens : 18 sites culturels ouverts en nocturne le 13 mars"},"content":{"rendered":"\n<p><strong>Dix-huit mus\u00e9es publics accueilleront le public en ouverture exceptionnelle de 21h00 \u00e0 23h30, le 13 mars, \u00e0 l\u2019occasion de la sixi\u00e8me \u00e9dition de la \u00ab Nuit des mus\u00e9es tunisiens \u00bb. L\u2019\u00e9v\u00e9nement est organis\u00e9 par l\u2019Agence de mise en valeur du patrimoine et de promotion culturelle sous l\u2019\u00e9gide du Minist\u00e8re des Affaires culturelles. L\u2019initiative s\u2019inscrit dans le programme culturel du mois de Ramadan.<\/strong><\/p>\n\n\n\n<h2 class=\"wp-block-heading\" id=\"h-un-rendez-vous-culturel-nocturne-a-l-echelle-nationale\">Un rendez-vous culturel nocturne \u00e0 l\u2019\u00e9chelle nationale<\/h2>\n\n\n\n<p>La manifestation, organis\u00e9e en collaboration avec l\u2019Institut national du patrimoine, vise \u00e0 d\u00e9mocratiser l\u2019acc\u00e8s aux institutions mus\u00e9ales en proposant une programmation en soir\u00e9e dans plusieurs r\u00e9gions du pays.<\/p>\n\n\n\n<p>Le Centre de pr\u00e9sentation de l\u2019histoire et des monuments de la M\u00e9dina de Tunis participera \u00e9galement \u00e0 cette ouverture exceptionnelle, \u00e9largissant l\u2019offre culturelle au c\u0153ur de la capitale.<\/p>\n\n\n\n<h2 class=\"wp-block-heading\" id=\"h-des-musees-emblematiques-mobilises\">Des mus\u00e9es embl\u00e9matiques mobilis\u00e9s<\/h2>\n\n\n\n<p>Parmi les \u00e9tablissements concern\u00e9s figurent le Mus\u00e9e national du Bardo et le mus\u00e9e pal\u00e9ochr\u00e9tien de Carthage, ainsi que plusieurs mus\u00e9es arch\u00e9ologiques r\u00e9partis sur l\u2019ensemble du territoire : mus\u00e9e arch\u00e9ologique de Nabeul, mus\u00e9e arch\u00e9ologique de Kerkouane, mus\u00e9e arch\u00e9ologique de Sousse, mus\u00e9e arch\u00e9ologique d\u2019Enfidha, mus\u00e9e arch\u00e9ologique de Sbe\u00eftla, mus\u00e9e arch\u00e9ologique de Makthar, mus\u00e9e arch\u00e9ologique de Mahdia et mus\u00e9e arch\u00e9ologique d\u2019El Jem.<\/p>\n\n\n\n<blockquote class=\"wp-block-quote is-layout-flow wp-block-quote-is-layout-flow\">\n<blockquote class=\"wp-block-quote is-layout-flow wp-block-quote-is-layout-flow\">\n<ul class=\"wp-block-list\">\n<li class=\"has-medium-font-size\"><strong>Lire aussi :<\/strong> <a href=\"https:\/\/www.webdo.tn\/fr\/actualite\/culture\/patrimoine-un-musee-renove-ouvre-ses-portes-a-carthage\/388744\/\">Patrimoine : Un mus\u00e9e r\u00e9nov\u00e9 ouvre ses portes \u00e0 Carthage<\/a><\/li>\n<\/ul>\n<\/blockquote>\n<\/blockquote>\n\n\n\n<p>Seront \u00e9galement ouverts le mus\u00e9e du Ribat de Monastir, le mus\u00e9e Habib Bourguiba de Monastir, le mus\u00e9e de Djerba du patrimoine traditionnel, le mus\u00e9e du Sahara de Douz, le mus\u00e9e de Moknine ainsi que le Mus\u00e9e national des arts islamiques de Raqqada.<\/p>\n\n\n\n<h2 class=\"wp-block-heading\" id=\"h-un-acces-elargi-au-patrimoine-pendant-ramadan\">Un acc\u00e8s \u00e9largi au patrimoine pendant Ramadan<\/h2>\n\n\n\n<p>\u00c0 travers cette initiative, les organisateurs entendent rapprocher le public des espaces mus\u00e9aux et encourager la fr\u00e9quentation culturelle en soir\u00e9e, particuli\u00e8rement durant le mois de Ramadan, p\u00e9riode marqu\u00e9e par une dynamique nocturne accrue.<\/p>\n\n\n\n<blockquote class=\"wp-block-quote is-layout-flow wp-block-quote-is-layout-flow\">\n<blockquote class=\"wp-block-quote is-layout-flow wp-block-quote-is-layout-flow\">\n<ul class=\"wp-block-list\">\n<li class=\"has-medium-font-size\"><strong>Lire aussi : <\/strong><a href=\"https:\/\/www.webdo.tn\/fr\/actualite\/culture\/snapshot-tozeur-le-musee-de-la-medina-ouvre-bientot\/385136\/\">Snapshot \u2013 Tozeur : Le mus\u00e9e de la m\u00e9dina ouvre bient\u00f4t<\/a><\/li>\n<\/ul>\n<\/blockquote>\n<\/blockquote>\n\n\n\n<p>En misant sur la gratuit\u00e9 et l\u2019ouverture simultan\u00e9e de plusieurs sites \u00e0 travers le pays, la \u00ab Nuit des mus\u00e9es tunisiens \u00bb confirme son ambition de faire du patrimoine un espace vivant, accessible et partag\u00e9.<\/p>\n","protected":false},"excerpt":{"rendered":"<p>Dix-huit mus\u00e9es publics accueilleront le public en ouverture exceptionnelle de 21h00 \u00e0 23h30, le 13 mars, \u00e0 l\u2019occasion de la sixi\u00e8me \u00e9dition de la \u00ab Nuit des mus\u00e9es tunisiens \u00bb. L\u2019\u00e9v\u00e9nement est organis\u00e9 par l\u2019Agence de mise en valeur du patrimoine et de promotion culturelle sous l\u2019\u00e9gide du Minist\u00e8re des Affaires culturelles. L\u2019initiative s\u2019inscrit dans [&hellip;]<\/p>\n","protected":false},"author":4782,"featured_media":394060,"comment_status":"closed","ping_status":"closed","sticky":false,"template":"","format":"standard","meta":{"footnotes":""},"categories":[2594],"tags":[11620,13124,2608],"class_list":["post-394059","post","type-post","status-publish","format-standard","has-post-thumbnail","hentry","category-culture","tag-musees","tag-ramadan-2026","tag-tunisie"],"yoast_head":"<!-- This site is optimized with the Yoast SEO Premium plugin v27.5 (Yoast SEO v27.5) - https:\/\/yoast.com\/product\/yoast-seo-premium-wordpress\/ -->\n<title>Nuit des mus\u00e9es tunisiens : 18 sites culturels ouverts en nocturne le 13 mars - webdo<\/title>\n<meta name=\"description\" content=\"D\u00e9couvrez la Nuit des mus\u00e9es tunisiens : 18 sites culturels ouverts en nocturne le 13 mars. Une exp\u00e9rience unique \u00e0 ne pas manquer.\" \/>\n<link rel=\"canonical\" href=\"https:\/\/www.webdo.tn\/fr\/actualite\/culture\/nuit-des-musees-tunisiens-18-sites-culturels-ouverts-en-nocturne-le-13-mars\/394059\/\" \/>\n<meta property=\"og:locale\" content=\"fr_FR\" \/>\n<meta property=\"og:type\" content=\"article\" \/>\n<meta property=\"og:title\" content=\"Nuit des mus\u00e9es tunisiens : 18 sites culturels ouverts en nocturne le 13 mars\" \/>\n<meta property=\"og:description\" content=\"D\u00e9couvrez la Nuit des mus\u00e9es tunisiens : 18 sites culturels ouverts en nocturne le 13 mars. Une exp\u00e9rience unique \u00e0 ne pas manquer.\" \/>\n<meta property=\"og:url\" content=\"https:\/\/www.webdo.tn\/fr\/actualite\/culture\/nuit-des-musees-tunisiens-18-sites-culturels-ouverts-en-nocturne-le-13-mars\/394059\/\" \/>\n<meta property=\"og:site_name\" content=\"webdo\" \/>\n<meta property=\"article:publisher\" content=\"https:\/\/www.facebook.com\/webdotn\" \/>\n<meta property=\"article:published_time\" content=\"2026-03-04T07:52:58+00:00\" \/>\n<meta property=\"article:modified_time\" content=\"2026-03-04T07:53:00+00:00\" \/>\n<meta property=\"og:image\" content=\"https:\/\/www.webdo.tn\/fr\/wp-content\/uploads\/2026\/03\/musee-du-bardo.jpg\" \/>\n\t<meta property=\"og:image:width\" content=\"1200\" \/>\n\t<meta property=\"og:image:height\" content=\"604\" \/>\n\t<meta property=\"og:image:type\" content=\"image\/jpeg\" \/>\n<meta name=\"author\" content=\"Mohamed Fethi\" \/>\n<meta name=\"twitter:card\" content=\"summary_large_image\" \/>\n<meta name=\"twitter:creator\" content=\"@webdo_tn\" \/>\n<meta name=\"twitter:site\" content=\"@webdo_tn\" \/>\n<meta name=\"twitter:label1\" content=\"\u00c9crit par\" \/>\n\t<meta name=\"twitter:data1\" content=\"Mohamed Fethi\" \/>\n\t<meta name=\"twitter:label2\" content=\"Dur\u00e9e de lecture estim\u00e9e\" \/>\n\t<meta name=\"twitter:data2\" content=\"2 minutes\" \/>\n<script type=\"application\/ld+json\" class=\"yoast-schema-graph\">{\"@context\":\"https:\\\/\\\/schema.org\",\"@graph\":[{\"@type\":\"NewsArticle\",\"@id\":\"https:\\\/\\\/www.webdo.tn\\\/fr\\\/actualite\\\/culture\\\/nuit-des-musees-tunisiens-18-sites-culturels-ouverts-en-nocturne-le-13-mars\\\/394059\\\/#article\",\"isPartOf\":{\"@id\":\"https:\\\/\\\/www.webdo.tn\\\/fr\\\/actualite\\\/culture\\\/nuit-des-musees-tunisiens-18-sites-culturels-ouverts-en-nocturne-le-13-mars\\\/394059\\\/\"},\"author\":{\"name\":\"Mohamed Fethi\",\"@id\":\"https:\\\/\\\/www.webdo.tn\\\/fr\\\/#\\\/schema\\\/person\\\/16a4857e77dfc0b610c4c2cadffc9ac4\"},\"headline\":\"Nuit des mus\u00e9es tunisiens : 18 sites culturels ouverts en nocturne le 13 mars\",\"datePublished\":\"2026-03-04T07:52:58+00:00\",\"dateModified\":\"2026-03-04T07:53:00+00:00\",\"mainEntityOfPage\":{\"@id\":\"https:\\\/\\\/www.webdo.tn\\\/fr\\\/actualite\\\/culture\\\/nuit-des-musees-tunisiens-18-sites-culturels-ouverts-en-nocturne-le-13-mars\\\/394059\\\/\"},\"wordCount\":402,\"publisher\":{\"@id\":\"https:\\\/\\\/www.webdo.tn\\\/fr\\\/#organization\"},\"image\":{\"@id\":\"https:\\\/\\\/www.webdo.tn\\\/fr\\\/actualite\\\/culture\\\/nuit-des-musees-tunisiens-18-sites-culturels-ouverts-en-nocturne-le-13-mars\\\/394059\\\/#primaryimage\"},\"thumbnailUrl\":\"https:\\\/\\\/www.webdo.tn\\\/fr\\\/wp-content\\\/uploads\\\/2026\\\/03\\\/musee-du-bardo.jpg\",\"keywords\":[\"mus\u00e9es\",\"Ramadan 2026\",\"Tunisie\"],\"articleSection\":[\"Culture\"],\"inLanguage\":\"fr-FR\"},{\"@type\":\"WebPage\",\"@id\":\"https:\\\/\\\/www.webdo.tn\\\/fr\\\/actualite\\\/culture\\\/nuit-des-musees-tunisiens-18-sites-culturels-ouverts-en-nocturne-le-13-mars\\\/394059\\\/\",\"url\":\"https:\\\/\\\/www.webdo.tn\\\/fr\\\/actualite\\\/culture\\\/nuit-des-musees-tunisiens-18-sites-culturels-ouverts-en-nocturne-le-13-mars\\\/394059\\\/\",\"name\":\"Nuit des mus\u00e9es tunisiens : 18 sites culturels ouverts en nocturne le 13 mars - webdo\",\"isPartOf\":{\"@id\":\"https:\\\/\\\/www.webdo.tn\\\/fr\\\/#website\"},\"primaryImageOfPage\":{\"@id\":\"https:\\\/\\\/www.webdo.tn\\\/fr\\\/actualite\\\/culture\\\/nuit-des-musees-tunisiens-18-sites-culturels-ouverts-en-nocturne-le-13-mars\\\/394059\\\/#primaryimage\"},\"image\":{\"@id\":\"https:\\\/\\\/www.webdo.tn\\\/fr\\\/actualite\\\/culture\\\/nuit-des-musees-tunisiens-18-sites-culturels-ouverts-en-nocturne-le-13-mars\\\/394059\\\/#primaryimage\"},\"thumbnailUrl\":\"https:\\\/\\\/www.webdo.tn\\\/fr\\\/wp-content\\\/uploads\\\/2026\\\/03\\\/musee-du-bardo.jpg\",\"datePublished\":\"2026-03-04T07:52:58+00:00\",\"dateModified\":\"2026-03-04T07:53:00+00:00\",\"description\":\"D\u00e9couvrez la Nuit des mus\u00e9es tunisiens : 18 sites culturels ouverts en nocturne le 13 mars. Une exp\u00e9rience unique \u00e0 ne pas manquer.\",\"breadcrumb\":{\"@id\":\"https:\\\/\\\/www.webdo.tn\\\/fr\\\/actualite\\\/culture\\\/nuit-des-musees-tunisiens-18-sites-culturels-ouverts-en-nocturne-le-13-mars\\\/394059\\\/#breadcrumb\"},\"inLanguage\":\"fr-FR\",\"potentialAction\":[{\"@type\":\"ReadAction\",\"target\":[\"https:\\\/\\\/www.webdo.tn\\\/fr\\\/actualite\\\/culture\\\/nuit-des-musees-tunisiens-18-sites-culturels-ouverts-en-nocturne-le-13-mars\\\/394059\\\/\"]}]},{\"@type\":\"ImageObject\",\"inLanguage\":\"fr-FR\",\"@id\":\"https:\\\/\\\/www.webdo.tn\\\/fr\\\/actualite\\\/culture\\\/nuit-des-musees-tunisiens-18-sites-culturels-ouverts-en-nocturne-le-13-mars\\\/394059\\\/#primaryimage\",\"url\":\"https:\\\/\\\/www.webdo.tn\\\/fr\\\/wp-content\\\/uploads\\\/2026\\\/03\\\/musee-du-bardo.jpg\",\"contentUrl\":\"https:\\\/\\\/www.webdo.tn\\\/fr\\\/wp-content\\\/uploads\\\/2026\\\/03\\\/musee-du-bardo.jpg\",\"width\":1200,\"height\":604,\"caption\":\"F\u00eate des martyrs : Mus\u00e9es et sites gratuits ce jeudi en Tunisie\"},{\"@type\":\"BreadcrumbList\",\"@id\":\"https:\\\/\\\/www.webdo.tn\\\/fr\\\/actualite\\\/culture\\\/nuit-des-musees-tunisiens-18-sites-culturels-ouverts-en-nocturne-le-13-mars\\\/394059\\\/#breadcrumb\",\"itemListElement\":[{\"@type\":\"ListItem\",\"position\":1,\"name\":\"Accueil\",\"item\":\"https:\\\/\\\/www.webdo.tn\\\/fr\\\/\"},{\"@type\":\"ListItem\",\"position\":2,\"name\":\"Nuit des mus\u00e9es tunisiens : 18 sites culturels ouverts en nocturne le 13 mars\"}]},{\"@type\":\"WebSite\",\"@id\":\"https:\\\/\\\/www.webdo.tn\\\/fr\\\/#website\",\"url\":\"https:\\\/\\\/www.webdo.tn\\\/fr\\\/\",\"name\":\"webdo\",\"description\":\"Tunisie - News en Tunisie et \u00e0 l&#039;international sur Webdo.tn\",\"publisher\":{\"@id\":\"https:\\\/\\\/www.webdo.tn\\\/fr\\\/#organization\"},\"potentialAction\":[{\"@type\":\"SearchAction\",\"target\":{\"@type\":\"EntryPoint\",\"urlTemplate\":\"https:\\\/\\\/www.webdo.tn\\\/fr\\\/?s={search_term_string}\"},\"query-input\":{\"@type\":\"PropertyValueSpecification\",\"valueRequired\":true,\"valueName\":\"search_term_string\"}}],\"inLanguage\":\"fr-FR\"},{\"@type\":\"Organization\",\"@id\":\"https:\\\/\\\/www.webdo.tn\\\/fr\\\/#organization\",\"name\":\"Webdo\",\"alternateName\":\"Webdo.tn\",\"url\":\"https:\\\/\\\/www.webdo.tn\\\/fr\\\/\",\"logo\":{\"@type\":\"ImageObject\",\"inLanguage\":\"fr-FR\",\"@id\":\"https:\\\/\\\/www.webdo.tn\\\/fr\\\/#\\\/schema\\\/logo\\\/image\\\/\",\"url\":\"https:\\\/\\\/www.webdo.tn\\\/fr\\\/wp-content\\\/uploads\\\/2025\\\/06\\\/Webdo-Tunisie_168377.jpg\",\"contentUrl\":\"https:\\\/\\\/www.webdo.tn\\\/fr\\\/wp-content\\\/uploads\\\/2025\\\/06\\\/Webdo-Tunisie_168377.jpg\",\"width\":301,\"height\":301,\"caption\":\"Webdo\"},\"image\":{\"@id\":\"https:\\\/\\\/www.webdo.tn\\\/fr\\\/#\\\/schema\\\/logo\\\/image\\\/\"},\"sameAs\":[\"https:\\\/\\\/www.facebook.com\\\/webdotn\",\"https:\\\/\\\/x.com\\\/webdo_tn\"],\"description\":\"Webdo est un m\u00e9dia num\u00e9rique tunisien fond\u00e9 en 2010, sp\u00e9cialis\u00e9 dans l\u2019actualit\u00e9 nationale et internationale, l\u2019\u00e9conomie, la soci\u00e9t\u00e9 et les analyses politiques. Le site s\u2019adresse \u00e0 un large public francophone et couvre l\u2019information tunisienne en temps r\u00e9el.\",\"email\":\"redac@webdo.tn\",\"legalName\":\"YNJ SARL\",\"foundingDate\":\"2010-09-06\",\"numberOfEmployees\":{\"@type\":\"QuantitativeValue\",\"minValue\":\"11\",\"maxValue\":\"50\"}},{\"@type\":\"Person\",\"@id\":\"https:\\\/\\\/www.webdo.tn\\\/fr\\\/#\\\/schema\\\/person\\\/16a4857e77dfc0b610c4c2cadffc9ac4\",\"name\":\"Mohamed Fethi\",\"image\":{\"@type\":\"ImageObject\",\"inLanguage\":\"fr-FR\",\"@id\":\"https:\\\/\\\/www.webdo.tn\\\/fr\\\/wp-content\\\/uploads\\\/2026\\\/04\\\/mohamed-fethi_avatar_1-96x96.jpg\",\"url\":\"https:\\\/\\\/www.webdo.tn\\\/fr\\\/wp-content\\\/uploads\\\/2026\\\/04\\\/mohamed-fethi_avatar_1-96x96.jpg\",\"contentUrl\":\"https:\\\/\\\/www.webdo.tn\\\/fr\\\/wp-content\\\/uploads\\\/2026\\\/04\\\/mohamed-fethi_avatar_1-96x96.jpg\",\"caption\":\"Mohamed Fethi\"},\"description\":\"Signature \u00e9ditoriale de Maher Chaabane Mohamed Fethi est le pseudonyme \u00e9ditorial de Maher Chaabane, r\u00e9dacteur en chef de Webdo.tn depuis 2012. Cette signature est d\u00e9di\u00e9e au traitement intensif de l'actualit\u00e9 nationale et internationale en temps r\u00e9el. S'appuyant sur les deux d\u00e9cennies d'expertise journalistique de Maher Chaabane \u2014 d\u00e9but\u00e9e au sein du groupe Tunis Hebdo en 2000 \u2014 Mohamed Fethi assure une veille rigoureuse sur les enjeux politiques, \u00e9conomiques et sportifs. Sa mission est de garantir une information structur\u00e9e, fluide et fid\u00e8le aux standards de la r\u00e9daction. Pour consulter le parcours complet du r\u00e9dacteur en chef, visitez le profil officiel de Maher Chaabane.\",\"knowsAbout\":[\"actualit\u00e9\",\"journalisme\",\"information\",\"politique\",\"sport\",\"m\u00e9dias\",\"actualit\u00e9 internationale\"],\"knowsLanguage\":[\"Fran\u00e7ais\",\"Arabe\"],\"jobTitle\":\"Journaliste \u2013 R\u00e9daction Webdo\",\"worksFor\":\"Webdo.tn\",\"url\":\"https:\\\/\\\/www.webdo.tn\\\/fr\\\/actualite\\\/author\\\/mohamed-fethi\\\/\"}]}<\/script>\n<!-- \/ Yoast SEO Premium plugin. -->","yoast_head_json":{"title":"Nuit des mus\u00e9es tunisiens : 18 sites culturels ouverts en nocturne le 13 mars - webdo","description":"D\u00e9couvrez la Nuit des mus\u00e9es tunisiens : 18 sites culturels ouverts en nocturne le 13 mars. Une exp\u00e9rience unique \u00e0 ne pas manquer.","canonical":"https:\/\/www.webdo.tn\/fr\/actualite\/culture\/nuit-des-musees-tunisiens-18-sites-culturels-ouverts-en-nocturne-le-13-mars\/394059\/","og_locale":"fr_FR","og_type":"article","og_title":"Nuit des mus\u00e9es tunisiens : 18 sites culturels ouverts en nocturne le 13 mars","og_description":"D\u00e9couvrez la Nuit des mus\u00e9es tunisiens : 18 sites culturels ouverts en nocturne le 13 mars. Une exp\u00e9rience unique \u00e0 ne pas manquer.","og_url":"https:\/\/www.webdo.tn\/fr\/actualite\/culture\/nuit-des-musees-tunisiens-18-sites-culturels-ouverts-en-nocturne-le-13-mars\/394059\/","og_site_name":"webdo","article_publisher":"https:\/\/www.facebook.com\/webdotn","article_published_time":"2026-03-04T07:52:58+00:00","article_modified_time":"2026-03-04T07:53:00+00:00","og_image":[{"width":1200,"height":604,"url":"https:\/\/www.webdo.tn\/fr\/wp-content\/uploads\/2026\/03\/musee-du-bardo.jpg","type":"image\/jpeg"}],"author":"Mohamed Fethi","twitter_card":"summary_large_image","twitter_creator":"@webdo_tn","twitter_site":"@webdo_tn","twitter_misc":{"\u00c9crit par":"Mohamed Fethi","Dur\u00e9e de lecture estim\u00e9e":"2 minutes"},"schema":{"@context":"https:\/\/schema.org","@graph":[{"@type":"NewsArticle","@id":"https:\/\/www.webdo.tn\/fr\/actualite\/culture\/nuit-des-musees-tunisiens-18-sites-culturels-ouverts-en-nocturne-le-13-mars\/394059\/#article","isPartOf":{"@id":"https:\/\/www.webdo.tn\/fr\/actualite\/culture\/nuit-des-musees-tunisiens-18-sites-culturels-ouverts-en-nocturne-le-13-mars\/394059\/"},"author":{"name":"Mohamed Fethi","@id":"https:\/\/www.webdo.tn\/fr\/#\/schema\/person\/16a4857e77dfc0b610c4c2cadffc9ac4"},"headline":"Nuit des mus\u00e9es tunisiens : 18 sites culturels ouverts en nocturne le 13 mars","datePublished":"2026-03-04T07:52:58+00:00","dateModified":"2026-03-04T07:53:00+00:00","mainEntityOfPage":{"@id":"https:\/\/www.webdo.tn\/fr\/actualite\/culture\/nuit-des-musees-tunisiens-18-sites-culturels-ouverts-en-nocturne-le-13-mars\/394059\/"},"wordCount":402,"publisher":{"@id":"https:\/\/www.webdo.tn\/fr\/#organization"},"image":{"@id":"https:\/\/www.webdo.tn\/fr\/actualite\/culture\/nuit-des-musees-tunisiens-18-sites-culturels-ouverts-en-nocturne-le-13-mars\/394059\/#primaryimage"},"thumbnailUrl":"https:\/\/www.webdo.tn\/fr\/wp-content\/uploads\/2026\/03\/musee-du-bardo.jpg","keywords":["mus\u00e9es","Ramadan 2026","Tunisie"],"articleSection":["Culture"],"inLanguage":"fr-FR"},{"@type":"WebPage","@id":"https:\/\/www.webdo.tn\/fr\/actualite\/culture\/nuit-des-musees-tunisiens-18-sites-culturels-ouverts-en-nocturne-le-13-mars\/394059\/","url":"https:\/\/www.webdo.tn\/fr\/actualite\/culture\/nuit-des-musees-tunisiens-18-sites-culturels-ouverts-en-nocturne-le-13-mars\/394059\/","name":"Nuit des mus\u00e9es tunisiens : 18 sites culturels ouverts en nocturne le 13 mars - webdo","isPartOf":{"@id":"https:\/\/www.webdo.tn\/fr\/#website"},"primaryImageOfPage":{"@id":"https:\/\/www.webdo.tn\/fr\/actualite\/culture\/nuit-des-musees-tunisiens-18-sites-culturels-ouverts-en-nocturne-le-13-mars\/394059\/#primaryimage"},"image":{"@id":"https:\/\/www.webdo.tn\/fr\/actualite\/culture\/nuit-des-musees-tunisiens-18-sites-culturels-ouverts-en-nocturne-le-13-mars\/394059\/#primaryimage"},"thumbnailUrl":"https:\/\/www.webdo.tn\/fr\/wp-content\/uploads\/2026\/03\/musee-du-bardo.jpg","datePublished":"2026-03-04T07:52:58+00:00","dateModified":"2026-03-04T07:53:00+00:00","description":"D\u00e9couvrez la Nuit des mus\u00e9es tunisiens : 18 sites culturels ouverts en nocturne le 13 mars. Une exp\u00e9rience unique \u00e0 ne pas manquer.","breadcrumb":{"@id":"https:\/\/www.webdo.tn\/fr\/actualite\/culture\/nuit-des-musees-tunisiens-18-sites-culturels-ouverts-en-nocturne-le-13-mars\/394059\/#breadcrumb"},"inLanguage":"fr-FR","potentialAction":[{"@type":"ReadAction","target":["https:\/\/www.webdo.tn\/fr\/actualite\/culture\/nuit-des-musees-tunisiens-18-sites-culturels-ouverts-en-nocturne-le-13-mars\/394059\/"]}]},{"@type":"ImageObject","inLanguage":"fr-FR","@id":"https:\/\/www.webdo.tn\/fr\/actualite\/culture\/nuit-des-musees-tunisiens-18-sites-culturels-ouverts-en-nocturne-le-13-mars\/394059\/#primaryimage","url":"https:\/\/www.webdo.tn\/fr\/wp-content\/uploads\/2026\/03\/musee-du-bardo.jpg","contentUrl":"https:\/\/www.webdo.tn\/fr\/wp-content\/uploads\/2026\/03\/musee-du-bardo.jpg","width":1200,"height":604,"caption":"F\u00eate des martyrs : Mus\u00e9es et sites gratuits ce jeudi en Tunisie"},{"@type":"BreadcrumbList","@id":"https:\/\/www.webdo.tn\/fr\/actualite\/culture\/nuit-des-musees-tunisiens-18-sites-culturels-ouverts-en-nocturne-le-13-mars\/394059\/#breadcrumb","itemListElement":[{"@type":"ListItem","position":1,"name":"Accueil","item":"https:\/\/www.webdo.tn\/fr\/"},{"@type":"ListItem","position":2,"name":"Nuit des mus\u00e9es tunisiens : 18 sites culturels ouverts en nocturne le 13 mars"}]},{"@type":"WebSite","@id":"https:\/\/www.webdo.tn\/fr\/#website","url":"https:\/\/www.webdo.tn\/fr\/","name":"webdo","description":"Tunisie - News en Tunisie et \u00e0 l&#039;international sur Webdo.tn","publisher":{"@id":"https:\/\/www.webdo.tn\/fr\/#organization"},"potentialAction":[{"@type":"SearchAction","target":{"@type":"EntryPoint","urlTemplate":"https:\/\/www.webdo.tn\/fr\/?s={search_term_string}"},"query-input":{"@type":"PropertyValueSpecification","valueRequired":true,"valueName":"search_term_string"}}],"inLanguage":"fr-FR"},{"@type":"Organization","@id":"https:\/\/www.webdo.tn\/fr\/#organization","name":"Webdo","alternateName":"Webdo.tn","url":"https:\/\/www.webdo.tn\/fr\/","logo":{"@type":"ImageObject","inLanguage":"fr-FR","@id":"https:\/\/www.webdo.tn\/fr\/#\/schema\/logo\/image\/","url":"https:\/\/www.webdo.tn\/fr\/wp-content\/uploads\/2025\/06\/Webdo-Tunisie_168377.jpg","contentUrl":"https:\/\/www.webdo.tn\/fr\/wp-content\/uploads\/2025\/06\/Webdo-Tunisie_168377.jpg","width":301,"height":301,"caption":"Webdo"},"image":{"@id":"https:\/\/www.webdo.tn\/fr\/#\/schema\/logo\/image\/"},"sameAs":["https:\/\/www.facebook.com\/webdotn","https:\/\/x.com\/webdo_tn"],"description":"Webdo est un m\u00e9dia num\u00e9rique tunisien fond\u00e9 en 2010, sp\u00e9cialis\u00e9 dans l\u2019actualit\u00e9 nationale et internationale, l\u2019\u00e9conomie, la soci\u00e9t\u00e9 et les analyses politiques. Le site s\u2019adresse \u00e0 un large public francophone et couvre l\u2019information tunisienne en temps r\u00e9el.","email":"redac@webdo.tn","legalName":"YNJ SARL","foundingDate":"2010-09-06","numberOfEmployees":{"@type":"QuantitativeValue","minValue":"11","maxValue":"50"}},{"@type":"Person","@id":"https:\/\/www.webdo.tn\/fr\/#\/schema\/person\/16a4857e77dfc0b610c4c2cadffc9ac4","name":"Mohamed Fethi","image":{"@type":"ImageObject","inLanguage":"fr-FR","@id":"https:\/\/www.webdo.tn\/fr\/wp-content\/uploads\/2026\/04\/mohamed-fethi_avatar_1-96x96.jpg","url":"https:\/\/www.webdo.tn\/fr\/wp-content\/uploads\/2026\/04\/mohamed-fethi_avatar_1-96x96.jpg","contentUrl":"https:\/\/www.webdo.tn\/fr\/wp-content\/uploads\/2026\/04\/mohamed-fethi_avatar_1-96x96.jpg","caption":"Mohamed Fethi"},"description":"Signature \u00e9ditoriale de Maher Chaabane Mohamed Fethi est le pseudonyme \u00e9ditorial de Maher Chaabane, r\u00e9dacteur en chef de Webdo.tn depuis 2012. Cette signature est d\u00e9di\u00e9e au traitement intensif de l'actualit\u00e9 nationale et internationale en temps r\u00e9el. S'appuyant sur les deux d\u00e9cennies d'expertise journalistique de Maher Chaabane \u2014 d\u00e9but\u00e9e au sein du groupe Tunis Hebdo en 2000 \u2014 Mohamed Fethi assure une veille rigoureuse sur les enjeux politiques, \u00e9conomiques et sportifs. Sa mission est de garantir une information structur\u00e9e, fluide et fid\u00e8le aux standards de la r\u00e9daction. Pour consulter le parcours complet du r\u00e9dacteur en chef, visitez le profil officiel de Maher Chaabane.","knowsAbout":["actualit\u00e9","journalisme","information","politique","sport","m\u00e9dias","actualit\u00e9 internationale"],"knowsLanguage":["Fran\u00e7ais","Arabe"],"jobTitle":"Journaliste \u2013 R\u00e9daction Webdo","worksFor":"Webdo.tn","url":"https:\/\/www.webdo.tn\/fr\/actualite\/author\/mohamed-fethi\/"}]}},"_links":{"self":[{"href":"https:\/\/www.webdo.tn\/fr\/wp-json\/wp\/v2\/posts\/394059","targetHints":{"allow":["GET"]}}],"collection":[{"href":"https:\/\/www.webdo.tn\/fr\/wp-json\/wp\/v2\/posts"}],"about":[{"href":"https:\/\/www.webdo.tn\/fr\/wp-json\/wp\/v2\/types\/post"}],"author":[{"embeddable":true,"href":"https:\/\/www.webdo.tn\/fr\/wp-json\/wp\/v2\/users\/4782"}],"replies":[{"embeddable":true,"href":"https:\/\/www.webdo.tn\/fr\/wp-json\/wp\/v2\/comments?post=394059"}],"version-history":[{"count":0,"href":"https:\/\/www.webdo.tn\/fr\/wp-json\/wp\/v2\/posts\/394059\/revisions"}],"wp:featuredmedia":[{"embeddable":true,"href":"https:\/\/www.webdo.tn\/fr\/wp-json\/wp\/v2\/media\/394060"}],"wp:attachment":[{"href":"https:\/\/www.webdo.tn\/fr\/wp-json\/wp\/v2\/media?parent=394059"}],"wp:term":[{"taxonomy":"category","embeddable":true,"href":"https:\/\/www.webdo.tn\/fr\/wp-json\/wp\/v2\/categories?post=394059"},{"taxonomy":"post_tag","embeddable":true,"href":"https:\/\/www.webdo.tn\/fr\/wp-json\/wp\/v2\/tags?post=394059"}],"curies":[{"name":"wp","href":"https:\/\/api.w.org\/{rel}","templated":true}]}}