{"id":394015,"date":"2026-03-03T08:48:31","date_gmt":"2026-03-03T07:48:31","guid":{"rendered":"https:\/\/www.webdo.tn\/fr\/?p=394015"},"modified":"2026-03-03T09:11:04","modified_gmt":"2026-03-03T08:11:04","slug":"caisses-sociales-kais-saied-sonne-lheure-de-la-refonte-totale","status":"publish","type":"post","link":"https:\/\/www.webdo.tn\/fr\/actualite\/national\/caisses-sociales-kais-saied-sonne-lheure-de-la-refonte-totale\/394015\/","title":{"rendered":"Caisses sociales : Ka\u00efs Sa\u00efed sonne l\u2019heure de la refonte totale"},"content":{"rendered":"\n<p><strong>Le pr\u00e9sident de la R\u00e9publique, Ka\u00efs Sa\u00efed, a appel\u00e9 \u00e0 une refonte en profondeur des caisses sociales, lundi, lors d\u2019une r\u00e9union tenue au palais de Carthage. La cheffe du gouvernement Sarra Zaafrani Zenzri et le ministre des Affaires sociales Issam Lahmar ont pris part \u00e0 cette rencontre consacr\u00e9e \u00e0 la situation jug\u00e9e \u00ab inacceptable \u00bb du syst\u00e8me de s\u00e9curit\u00e9 sociale. Le chef de l\u2019\u00c9tat a insist\u00e9 sur l\u2019urgence d\u2019engager des r\u00e9formes structurelles pour redresser un secteur en difficult\u00e9.<\/strong><\/p>\n\n\n\n<h2 class=\"wp-block-heading\" id=\"h-une-situation-qualifiee-d-inacceptable\">Une situation qualifi\u00e9e d\u2019\u00ab inacceptable \u00bb<\/h2>\n\n\n\n<p>Selon un communiqu\u00e9 de la pr\u00e9sidence, les discussions ont port\u00e9 sur l\u2019\u00e9tat financier pr\u00e9occupant des caisses sociales et sur la n\u00e9cessit\u00e9 de revoir l\u2019ensemble des composantes du syst\u00e8me de s\u00e9curit\u00e9 sociale.<\/p>\n\n\n\n<blockquote class=\"wp-block-quote is-layout-flow wp-block-quote-is-layout-flow\">\n<blockquote class=\"wp-block-quote is-layout-flow wp-block-quote-is-layout-flow\">\n<ul class=\"wp-block-list\">\n<li class=\"has-medium-font-size\"><strong>Lire aussi :<\/strong> <a href=\"https:\/\/www.webdo.tn\/fr\/actualite\/national\/tunisie-les-dettes-des-caisses-sociales-selevent-a-3-milliards-de-dinars\/153742\/\">Tunisie : Les dettes des caisses sociales s\u2019\u00e9l\u00e8vent \u00e0 3 milliards de dinars<\/a><\/li>\n<\/ul>\n<\/blockquote>\n<\/blockquote>\n\n\n\n<p>Le pr\u00e9sident de la R\u00e9publique a plaid\u00e9 pour une approche \u00ab prospective et scientifique \u00bb afin d\u2019identifier les causes profondes de la crise. Il a point\u00e9 du doigt un \u00ab lourd h\u00e9ritage \u00bb r\u00e9sultant de choix inadapt\u00e9s, d\u2019une gestion d\u00e9faillante et de pratiques de corruption ayant contribu\u00e9 \u00e0 l\u2019\u00e9puisement des ressources et \u00e0 la d\u00e9gradation des prestations fournies aux affili\u00e9s.<\/p>\n\n\n\n<h2 class=\"wp-block-heading\" id=\"h-justice-sociale-et-nouveaux-textes\">Justice sociale et nouveaux textes<\/h2>\n\n\n\n<p>Ka\u00efs Sa\u00efed a soulign\u00e9 que toute r\u00e9forme devra r\u00e9pondre \u00e0 un double imp\u00e9ratif : garantir la justice et l\u2019\u00e9quit\u00e9, tout en pr\u00e9servant les droits des Tunisiens. Il a affirm\u00e9 que la Tunisie a besoin de textes l\u00e9gislatifs nouveaux et efficaces, loin des mesures ponctuelles ou sans impact concret.<\/p>\n\n\n\n<blockquote class=\"wp-block-quote is-layout-flow wp-block-quote-is-layout-flow\">\n<blockquote class=\"wp-block-quote is-layout-flow wp-block-quote-is-layout-flow\">\n<ul class=\"wp-block-list\">\n<li class=\"has-medium-font-size\"><strong>Lire aussi :<\/strong> <a href=\"https:\/\/www.webdo.tn\/fr\/actualite\/national\/tunisie-vers-un-nouveau-modele-de-financement-des-caisses-sociales\/222073\/\">Tunisie : Vers un nouveau mod\u00e8le de financement des caisses sociales<\/a><\/li>\n<\/ul>\n<\/blockquote>\n<\/blockquote>\n\n\n\n<p>Le chef de l\u2019\u00c9tat a \u00e9galement regrett\u00e9 une situation d\u00e9ficitaire \u00ab qui n\u2019aurait pas d\u00fb se produire \u00bb, estimant que les caisses sociales auraient pu, si elles avaient \u00e9t\u00e9 bien g\u00e9r\u00e9es, constituer un levier de financement pour le budget de l\u2019\u00c9tat.<\/p>\n\n\n\n<h2 class=\"wp-block-heading\" id=\"h-un-engagement-politique-reaffirme\">Un engagement politique r\u00e9affirm\u00e9<\/h2>\n\n\n\n<p>Au terme de la r\u00e9union, le pr\u00e9sident a r\u00e9it\u00e9r\u00e9 son engagement \u00e0 concr\u00e9tiser les attentes des citoyens et \u00e0 poursuivre les efforts pour surmonter les d\u00e9fis structurels. Il a assur\u00e9 qu\u2019il n\u2019y aurait \u00ab plus de place aux fausses illusions et aux promesses non tenues \u00bb, inscrivant ainsi la r\u00e9forme des caisses sociales parmi les priorit\u00e9s de l\u2019ex\u00e9cutif.<\/p>\n\n\n\n<p>Les caisses sociales tunisiennes font face depuis plusieurs ann\u00e9es \u00e0 des d\u00e9s\u00e9quilibres financiers persistants, aliment\u00e9s par l\u2019augmentation des d\u00e9penses, la faiblesse des recettes et des dysfonctionnements structurels.<\/p>\n\n\n\n<blockquote class=\"wp-block-quote is-layout-flow wp-block-quote-is-layout-flow\">\n<blockquote class=\"wp-block-quote is-layout-flow wp-block-quote-is-layout-flow\">\n<ul class=\"wp-block-list\">\n<li class=\"has-medium-font-size\"><strong>Lire aussi :<\/strong> <a href=\"https:\/\/www.webdo.tn\/fr\/actualite\/national\/cnam-et-caisses-sociales-letat-somme-de-reparer-un-systeme-en-crise\/391227\/\">CNAM et caisses sociales : L\u2019\u00c9tat somm\u00e9 de r\u00e9parer un syst\u00e8me en crise<\/a><\/li>\n<\/ul>\n<\/blockquote>\n<\/blockquote>\n\n\n\n<p>La question de leur r\u00e9forme revient r\u00e9guli\u00e8rement au c\u0153ur du d\u00e9bat public, dans un contexte de pressions budg\u00e9taires accrues et d\u2019exigences sociales croissantes.<\/p>\n","protected":false},"excerpt":{"rendered":"<p>Le pr\u00e9sident de la R\u00e9publique, Ka\u00efs Sa\u00efed, a appel\u00e9 \u00e0 une refonte en profondeur des caisses sociales, lundi, lors d\u2019une r\u00e9union tenue au palais de Carthage. La cheffe du gouvernement Sarra Zaafrani Zenzri et le ministre des Affaires sociales Issam Lahmar ont pris part \u00e0 cette rencontre consacr\u00e9e \u00e0 la situation jug\u00e9e \u00ab inacceptable \u00bb [&hellip;]<\/p>\n","protected":false},"author":4782,"featured_media":394016,"comment_status":"closed","ping_status":"closed","sticky":false,"template":"","format":"standard","meta":{"footnotes":""},"categories":[44],"tags":[5019,2614,2608],"class_list":["post-394015","post","type-post","status-publish","format-standard","has-post-thumbnail","hentry","category-national","tag-caisses-sociales","tag-kais-saied","tag-tunisie"],"yoast_head":"<!-- This site is optimized with the Yoast SEO Premium plugin v27.4 (Yoast SEO v27.4) - https:\/\/yoast.com\/product\/yoast-seo-premium-wordpress\/ -->\n<title>Caisses sociales : Ka\u00efs Sa\u00efed sonne l\u2019heure de la refonte totale - webdo<\/title>\n<meta name=\"description\" content=\"La r\u00e9union au palais de Carthage mobilise l&#039;attention sur la refonte des caisses sociales, essentielle pour la s\u00e9curit\u00e9 sociale.\" \/>\n<link rel=\"canonical\" href=\"https:\/\/www.webdo.tn\/fr\/actualite\/national\/caisses-sociales-kais-saied-sonne-lheure-de-la-refonte-totale\/394015\/\" \/>\n<meta property=\"og:locale\" content=\"fr_FR\" \/>\n<meta property=\"og:type\" content=\"article\" \/>\n<meta property=\"og:title\" content=\"Caisses sociales : Ka\u00efs Sa\u00efed sonne l\u2019heure de la refonte totale\" \/>\n<meta property=\"og:description\" content=\"La r\u00e9union au palais de Carthage mobilise l&#039;attention sur la refonte des caisses sociales, essentielle pour la s\u00e9curit\u00e9 sociale.\" \/>\n<meta property=\"og:url\" content=\"https:\/\/www.webdo.tn\/fr\/actualite\/national\/caisses-sociales-kais-saied-sonne-lheure-de-la-refonte-totale\/394015\/\" \/>\n<meta property=\"og:site_name\" content=\"webdo\" \/>\n<meta property=\"article:publisher\" content=\"https:\/\/www.facebook.com\/webdotn\" \/>\n<meta property=\"article:published_time\" content=\"2026-03-03T07:48:31+00:00\" \/>\n<meta property=\"article:modified_time\" content=\"2026-03-03T08:11:04+00:00\" \/>\n<meta property=\"og:image\" content=\"https:\/\/www.webdo.tn\/fr\/wp-content\/uploads\/2026\/03\/Kais-Saied-02-03-2026.jpg\" \/>\n\t<meta property=\"og:image:width\" content=\"1200\" \/>\n\t<meta property=\"og:image:height\" content=\"600\" \/>\n\t<meta property=\"og:image:type\" content=\"image\/jpeg\" \/>\n<meta name=\"author\" content=\"Mohamed Fethi\" \/>\n<meta name=\"twitter:card\" content=\"summary_large_image\" \/>\n<meta name=\"twitter:creator\" content=\"@webdo_tn\" \/>\n<meta name=\"twitter:site\" content=\"@webdo_tn\" \/>\n<meta name=\"twitter:label1\" content=\"\u00c9crit par\" \/>\n\t<meta name=\"twitter:data1\" content=\"Mohamed Fethi\" \/>\n\t<meta name=\"twitter:label2\" content=\"Dur\u00e9e de lecture estim\u00e9e\" \/>\n\t<meta name=\"twitter:data2\" content=\"3 minutes\" \/>\n<script type=\"application\/ld+json\" class=\"yoast-schema-graph\">{\"@context\":\"https:\\\/\\\/schema.org\",\"@graph\":[{\"@type\":\"NewsArticle\",\"@id\":\"https:\\\/\\\/www.webdo.tn\\\/fr\\\/actualite\\\/national\\\/caisses-sociales-kais-saied-sonne-lheure-de-la-refonte-totale\\\/394015\\\/#article\",\"isPartOf\":{\"@id\":\"https:\\\/\\\/www.webdo.tn\\\/fr\\\/actualite\\\/national\\\/caisses-sociales-kais-saied-sonne-lheure-de-la-refonte-totale\\\/394015\\\/\"},\"author\":{\"name\":\"Mohamed Fethi\",\"@id\":\"https:\\\/\\\/www.webdo.tn\\\/fr\\\/#\\\/schema\\\/person\\\/16a4857e77dfc0b610c4c2cadffc9ac4\"},\"headline\":\"Caisses sociales : Ka\u00efs Sa\u00efed sonne l\u2019heure de la refonte totale\",\"datePublished\":\"2026-03-03T07:48:31+00:00\",\"dateModified\":\"2026-03-03T08:11:04+00:00\",\"mainEntityOfPage\":{\"@id\":\"https:\\\/\\\/www.webdo.tn\\\/fr\\\/actualite\\\/national\\\/caisses-sociales-kais-saied-sonne-lheure-de-la-refonte-totale\\\/394015\\\/\"},\"wordCount\":490,\"publisher\":{\"@id\":\"https:\\\/\\\/www.webdo.tn\\\/fr\\\/#organization\"},\"image\":{\"@id\":\"https:\\\/\\\/www.webdo.tn\\\/fr\\\/actualite\\\/national\\\/caisses-sociales-kais-saied-sonne-lheure-de-la-refonte-totale\\\/394015\\\/#primaryimage\"},\"thumbnailUrl\":\"https:\\\/\\\/www.webdo.tn\\\/fr\\\/wp-content\\\/uploads\\\/2026\\\/03\\\/Kais-Saied-02-03-2026.jpg\",\"keywords\":[\"Caisses sociales\",\"Kais Saied\",\"Tunisie\"],\"articleSection\":[\"National\"],\"inLanguage\":\"fr-FR\"},{\"@type\":\"WebPage\",\"@id\":\"https:\\\/\\\/www.webdo.tn\\\/fr\\\/actualite\\\/national\\\/caisses-sociales-kais-saied-sonne-lheure-de-la-refonte-totale\\\/394015\\\/\",\"url\":\"https:\\\/\\\/www.webdo.tn\\\/fr\\\/actualite\\\/national\\\/caisses-sociales-kais-saied-sonne-lheure-de-la-refonte-totale\\\/394015\\\/\",\"name\":\"Caisses sociales : Ka\u00efs Sa\u00efed sonne l\u2019heure de la refonte totale - webdo\",\"isPartOf\":{\"@id\":\"https:\\\/\\\/www.webdo.tn\\\/fr\\\/#website\"},\"primaryImageOfPage\":{\"@id\":\"https:\\\/\\\/www.webdo.tn\\\/fr\\\/actualite\\\/national\\\/caisses-sociales-kais-saied-sonne-lheure-de-la-refonte-totale\\\/394015\\\/#primaryimage\"},\"image\":{\"@id\":\"https:\\\/\\\/www.webdo.tn\\\/fr\\\/actualite\\\/national\\\/caisses-sociales-kais-saied-sonne-lheure-de-la-refonte-totale\\\/394015\\\/#primaryimage\"},\"thumbnailUrl\":\"https:\\\/\\\/www.webdo.tn\\\/fr\\\/wp-content\\\/uploads\\\/2026\\\/03\\\/Kais-Saied-02-03-2026.jpg\",\"datePublished\":\"2026-03-03T07:48:31+00:00\",\"dateModified\":\"2026-03-03T08:11:04+00:00\",\"description\":\"La r\u00e9union au palais de Carthage mobilise l'attention sur la refonte des caisses sociales, essentielle pour la s\u00e9curit\u00e9 sociale.\",\"breadcrumb\":{\"@id\":\"https:\\\/\\\/www.webdo.tn\\\/fr\\\/actualite\\\/national\\\/caisses-sociales-kais-saied-sonne-lheure-de-la-refonte-totale\\\/394015\\\/#breadcrumb\"},\"inLanguage\":\"fr-FR\",\"potentialAction\":[{\"@type\":\"ReadAction\",\"target\":[\"https:\\\/\\\/www.webdo.tn\\\/fr\\\/actualite\\\/national\\\/caisses-sociales-kais-saied-sonne-lheure-de-la-refonte-totale\\\/394015\\\/\"]}]},{\"@type\":\"ImageObject\",\"inLanguage\":\"fr-FR\",\"@id\":\"https:\\\/\\\/www.webdo.tn\\\/fr\\\/actualite\\\/national\\\/caisses-sociales-kais-saied-sonne-lheure-de-la-refonte-totale\\\/394015\\\/#primaryimage\",\"url\":\"https:\\\/\\\/www.webdo.tn\\\/fr\\\/wp-content\\\/uploads\\\/2026\\\/03\\\/Kais-Saied-02-03-2026.jpg\",\"contentUrl\":\"https:\\\/\\\/www.webdo.tn\\\/fr\\\/wp-content\\\/uploads\\\/2026\\\/03\\\/Kais-Saied-02-03-2026.jpg\",\"width\":1200,\"height\":600,\"caption\":\"Caisses sociales : Ka\u00efs Sa\u00efed sonne l\u2019heure de la refonte totale\"},{\"@type\":\"BreadcrumbList\",\"@id\":\"https:\\\/\\\/www.webdo.tn\\\/fr\\\/actualite\\\/national\\\/caisses-sociales-kais-saied-sonne-lheure-de-la-refonte-totale\\\/394015\\\/#breadcrumb\",\"itemListElement\":[{\"@type\":\"ListItem\",\"position\":1,\"name\":\"Accueil\",\"item\":\"https:\\\/\\\/www.webdo.tn\\\/fr\\\/\"},{\"@type\":\"ListItem\",\"position\":2,\"name\":\"Caisses sociales : Ka\u00efs Sa\u00efed sonne l\u2019heure de la refonte totale\"}]},{\"@type\":\"WebSite\",\"@id\":\"https:\\\/\\\/www.webdo.tn\\\/fr\\\/#website\",\"url\":\"https:\\\/\\\/www.webdo.tn\\\/fr\\\/\",\"name\":\"webdo\",\"description\":\"Tunisie - News en Tunisie et \u00e0 l&#039;international sur Webdo.tn\",\"publisher\":{\"@id\":\"https:\\\/\\\/www.webdo.tn\\\/fr\\\/#organization\"},\"potentialAction\":[{\"@type\":\"SearchAction\",\"target\":{\"@type\":\"EntryPoint\",\"urlTemplate\":\"https:\\\/\\\/www.webdo.tn\\\/fr\\\/?s={search_term_string}\"},\"query-input\":{\"@type\":\"PropertyValueSpecification\",\"valueRequired\":true,\"valueName\":\"search_term_string\"}}],\"inLanguage\":\"fr-FR\"},{\"@type\":\"Organization\",\"@id\":\"https:\\\/\\\/www.webdo.tn\\\/fr\\\/#organization\",\"name\":\"Webdo\",\"alternateName\":\"Webdo.tn\",\"url\":\"https:\\\/\\\/www.webdo.tn\\\/fr\\\/\",\"logo\":{\"@type\":\"ImageObject\",\"inLanguage\":\"fr-FR\",\"@id\":\"https:\\\/\\\/www.webdo.tn\\\/fr\\\/#\\\/schema\\\/logo\\\/image\\\/\",\"url\":\"https:\\\/\\\/www.webdo.tn\\\/fr\\\/wp-content\\\/uploads\\\/2025\\\/06\\\/Webdo-Tunisie_168377.jpg\",\"contentUrl\":\"https:\\\/\\\/www.webdo.tn\\\/fr\\\/wp-content\\\/uploads\\\/2025\\\/06\\\/Webdo-Tunisie_168377.jpg\",\"width\":301,\"height\":301,\"caption\":\"Webdo\"},\"image\":{\"@id\":\"https:\\\/\\\/www.webdo.tn\\\/fr\\\/#\\\/schema\\\/logo\\\/image\\\/\"},\"sameAs\":[\"https:\\\/\\\/www.facebook.com\\\/webdotn\",\"https:\\\/\\\/x.com\\\/webdo_tn\"],\"description\":\"Webdo est un m\u00e9dia num\u00e9rique tunisien fond\u00e9 en 2010, sp\u00e9cialis\u00e9 dans l\u2019actualit\u00e9 nationale et internationale, l\u2019\u00e9conomie, la soci\u00e9t\u00e9 et les analyses politiques. Le site s\u2019adresse \u00e0 un large public francophone et couvre l\u2019information tunisienne en temps r\u00e9el.\",\"email\":\"redac@webdo.tn\",\"legalName\":\"YNJ SARL\",\"foundingDate\":\"2010-09-06\",\"numberOfEmployees\":{\"@type\":\"QuantitativeValue\",\"minValue\":\"11\",\"maxValue\":\"50\"}},{\"@type\":\"Person\",\"@id\":\"https:\\\/\\\/www.webdo.tn\\\/fr\\\/#\\\/schema\\\/person\\\/16a4857e77dfc0b610c4c2cadffc9ac4\",\"name\":\"Mohamed Fethi\",\"image\":{\"@type\":\"ImageObject\",\"inLanguage\":\"fr-FR\",\"@id\":\"https:\\\/\\\/www.webdo.tn\\\/fr\\\/wp-content\\\/uploads\\\/2026\\\/04\\\/mohamed-fethi_avatar_1-96x96.jpg\",\"url\":\"https:\\\/\\\/www.webdo.tn\\\/fr\\\/wp-content\\\/uploads\\\/2026\\\/04\\\/mohamed-fethi_avatar_1-96x96.jpg\",\"contentUrl\":\"https:\\\/\\\/www.webdo.tn\\\/fr\\\/wp-content\\\/uploads\\\/2026\\\/04\\\/mohamed-fethi_avatar_1-96x96.jpg\",\"caption\":\"Mohamed Fethi\"},\"description\":\"Signature \u00e9ditoriale de Maher Chaabane Mohamed Fethi est le pseudonyme \u00e9ditorial de Maher Chaabane, r\u00e9dacteur en chef de Webdo.tn depuis 2012. Cette signature est d\u00e9di\u00e9e au traitement intensif de l'actualit\u00e9 nationale et internationale en temps r\u00e9el. S'appuyant sur les deux d\u00e9cennies d'expertise journalistique de Maher Chaabane \u2014 d\u00e9but\u00e9e au sein du groupe Tunis Hebdo en 2000 \u2014 Mohamed Fethi assure une veille rigoureuse sur les enjeux politiques, \u00e9conomiques et sportifs. Sa mission est de garantir une information structur\u00e9e, fluide et fid\u00e8le aux standards de la r\u00e9daction. Pour consulter le parcours complet du r\u00e9dacteur en chef, visitez le profil officiel de Maher Chaabane.\",\"knowsAbout\":[\"actualit\u00e9\",\"journalisme\",\"information\",\"politique\",\"sport\",\"m\u00e9dias\",\"actualit\u00e9 internationale\"],\"knowsLanguage\":[\"Fran\u00e7ais\",\"Arabe\"],\"jobTitle\":\"Journaliste \u2013 R\u00e9daction Webdo\",\"worksFor\":\"Webdo.tn\",\"url\":\"https:\\\/\\\/www.webdo.tn\\\/fr\\\/actualite\\\/author\\\/mohamed-fethi\\\/\"}]}<\/script>\n<!-- \/ Yoast SEO Premium plugin. -->","yoast_head_json":{"title":"Caisses sociales : Ka\u00efs Sa\u00efed sonne l\u2019heure de la refonte totale - webdo","description":"La r\u00e9union au palais de Carthage mobilise l'attention sur la refonte des caisses sociales, essentielle pour la s\u00e9curit\u00e9 sociale.","canonical":"https:\/\/www.webdo.tn\/fr\/actualite\/national\/caisses-sociales-kais-saied-sonne-lheure-de-la-refonte-totale\/394015\/","og_locale":"fr_FR","og_type":"article","og_title":"Caisses sociales : Ka\u00efs Sa\u00efed sonne l\u2019heure de la refonte totale","og_description":"La r\u00e9union au palais de Carthage mobilise l'attention sur la refonte des caisses sociales, essentielle pour la s\u00e9curit\u00e9 sociale.","og_url":"https:\/\/www.webdo.tn\/fr\/actualite\/national\/caisses-sociales-kais-saied-sonne-lheure-de-la-refonte-totale\/394015\/","og_site_name":"webdo","article_publisher":"https:\/\/www.facebook.com\/webdotn","article_published_time":"2026-03-03T07:48:31+00:00","article_modified_time":"2026-03-03T08:11:04+00:00","og_image":[{"width":1200,"height":600,"url":"https:\/\/www.webdo.tn\/fr\/wp-content\/uploads\/2026\/03\/Kais-Saied-02-03-2026.jpg","type":"image\/jpeg"}],"author":"Mohamed Fethi","twitter_card":"summary_large_image","twitter_creator":"@webdo_tn","twitter_site":"@webdo_tn","twitter_misc":{"\u00c9crit par":"Mohamed Fethi","Dur\u00e9e de lecture estim\u00e9e":"3 minutes"},"schema":{"@context":"https:\/\/schema.org","@graph":[{"@type":"NewsArticle","@id":"https:\/\/www.webdo.tn\/fr\/actualite\/national\/caisses-sociales-kais-saied-sonne-lheure-de-la-refonte-totale\/394015\/#article","isPartOf":{"@id":"https:\/\/www.webdo.tn\/fr\/actualite\/national\/caisses-sociales-kais-saied-sonne-lheure-de-la-refonte-totale\/394015\/"},"author":{"name":"Mohamed Fethi","@id":"https:\/\/www.webdo.tn\/fr\/#\/schema\/person\/16a4857e77dfc0b610c4c2cadffc9ac4"},"headline":"Caisses sociales : Ka\u00efs Sa\u00efed sonne l\u2019heure de la refonte totale","datePublished":"2026-03-03T07:48:31+00:00","dateModified":"2026-03-03T08:11:04+00:00","mainEntityOfPage":{"@id":"https:\/\/www.webdo.tn\/fr\/actualite\/national\/caisses-sociales-kais-saied-sonne-lheure-de-la-refonte-totale\/394015\/"},"wordCount":490,"publisher":{"@id":"https:\/\/www.webdo.tn\/fr\/#organization"},"image":{"@id":"https:\/\/www.webdo.tn\/fr\/actualite\/national\/caisses-sociales-kais-saied-sonne-lheure-de-la-refonte-totale\/394015\/#primaryimage"},"thumbnailUrl":"https:\/\/www.webdo.tn\/fr\/wp-content\/uploads\/2026\/03\/Kais-Saied-02-03-2026.jpg","keywords":["Caisses sociales","Kais Saied","Tunisie"],"articleSection":["National"],"inLanguage":"fr-FR"},{"@type":"WebPage","@id":"https:\/\/www.webdo.tn\/fr\/actualite\/national\/caisses-sociales-kais-saied-sonne-lheure-de-la-refonte-totale\/394015\/","url":"https:\/\/www.webdo.tn\/fr\/actualite\/national\/caisses-sociales-kais-saied-sonne-lheure-de-la-refonte-totale\/394015\/","name":"Caisses sociales : Ka\u00efs Sa\u00efed sonne l\u2019heure de la refonte totale - webdo","isPartOf":{"@id":"https:\/\/www.webdo.tn\/fr\/#website"},"primaryImageOfPage":{"@id":"https:\/\/www.webdo.tn\/fr\/actualite\/national\/caisses-sociales-kais-saied-sonne-lheure-de-la-refonte-totale\/394015\/#primaryimage"},"image":{"@id":"https:\/\/www.webdo.tn\/fr\/actualite\/national\/caisses-sociales-kais-saied-sonne-lheure-de-la-refonte-totale\/394015\/#primaryimage"},"thumbnailUrl":"https:\/\/www.webdo.tn\/fr\/wp-content\/uploads\/2026\/03\/Kais-Saied-02-03-2026.jpg","datePublished":"2026-03-03T07:48:31+00:00","dateModified":"2026-03-03T08:11:04+00:00","description":"La r\u00e9union au palais de Carthage mobilise l'attention sur la refonte des caisses sociales, essentielle pour la s\u00e9curit\u00e9 sociale.","breadcrumb":{"@id":"https:\/\/www.webdo.tn\/fr\/actualite\/national\/caisses-sociales-kais-saied-sonne-lheure-de-la-refonte-totale\/394015\/#breadcrumb"},"inLanguage":"fr-FR","potentialAction":[{"@type":"ReadAction","target":["https:\/\/www.webdo.tn\/fr\/actualite\/national\/caisses-sociales-kais-saied-sonne-lheure-de-la-refonte-totale\/394015\/"]}]},{"@type":"ImageObject","inLanguage":"fr-FR","@id":"https:\/\/www.webdo.tn\/fr\/actualite\/national\/caisses-sociales-kais-saied-sonne-lheure-de-la-refonte-totale\/394015\/#primaryimage","url":"https:\/\/www.webdo.tn\/fr\/wp-content\/uploads\/2026\/03\/Kais-Saied-02-03-2026.jpg","contentUrl":"https:\/\/www.webdo.tn\/fr\/wp-content\/uploads\/2026\/03\/Kais-Saied-02-03-2026.jpg","width":1200,"height":600,"caption":"Caisses sociales : Ka\u00efs Sa\u00efed sonne l\u2019heure de la refonte totale"},{"@type":"BreadcrumbList","@id":"https:\/\/www.webdo.tn\/fr\/actualite\/national\/caisses-sociales-kais-saied-sonne-lheure-de-la-refonte-totale\/394015\/#breadcrumb","itemListElement":[{"@type":"ListItem","position":1,"name":"Accueil","item":"https:\/\/www.webdo.tn\/fr\/"},{"@type":"ListItem","position":2,"name":"Caisses sociales : Ka\u00efs Sa\u00efed sonne l\u2019heure de la refonte totale"}]},{"@type":"WebSite","@id":"https:\/\/www.webdo.tn\/fr\/#website","url":"https:\/\/www.webdo.tn\/fr\/","name":"webdo","description":"Tunisie - News en Tunisie et \u00e0 l&#039;international sur Webdo.tn","publisher":{"@id":"https:\/\/www.webdo.tn\/fr\/#organization"},"potentialAction":[{"@type":"SearchAction","target":{"@type":"EntryPoint","urlTemplate":"https:\/\/www.webdo.tn\/fr\/?s={search_term_string}"},"query-input":{"@type":"PropertyValueSpecification","valueRequired":true,"valueName":"search_term_string"}}],"inLanguage":"fr-FR"},{"@type":"Organization","@id":"https:\/\/www.webdo.tn\/fr\/#organization","name":"Webdo","alternateName":"Webdo.tn","url":"https:\/\/www.webdo.tn\/fr\/","logo":{"@type":"ImageObject","inLanguage":"fr-FR","@id":"https:\/\/www.webdo.tn\/fr\/#\/schema\/logo\/image\/","url":"https:\/\/www.webdo.tn\/fr\/wp-content\/uploads\/2025\/06\/Webdo-Tunisie_168377.jpg","contentUrl":"https:\/\/www.webdo.tn\/fr\/wp-content\/uploads\/2025\/06\/Webdo-Tunisie_168377.jpg","width":301,"height":301,"caption":"Webdo"},"image":{"@id":"https:\/\/www.webdo.tn\/fr\/#\/schema\/logo\/image\/"},"sameAs":["https:\/\/www.facebook.com\/webdotn","https:\/\/x.com\/webdo_tn"],"description":"Webdo est un m\u00e9dia num\u00e9rique tunisien fond\u00e9 en 2010, sp\u00e9cialis\u00e9 dans l\u2019actualit\u00e9 nationale et internationale, l\u2019\u00e9conomie, la soci\u00e9t\u00e9 et les analyses politiques. Le site s\u2019adresse \u00e0 un large public francophone et couvre l\u2019information tunisienne en temps r\u00e9el.","email":"redac@webdo.tn","legalName":"YNJ SARL","foundingDate":"2010-09-06","numberOfEmployees":{"@type":"QuantitativeValue","minValue":"11","maxValue":"50"}},{"@type":"Person","@id":"https:\/\/www.webdo.tn\/fr\/#\/schema\/person\/16a4857e77dfc0b610c4c2cadffc9ac4","name":"Mohamed Fethi","image":{"@type":"ImageObject","inLanguage":"fr-FR","@id":"https:\/\/www.webdo.tn\/fr\/wp-content\/uploads\/2026\/04\/mohamed-fethi_avatar_1-96x96.jpg","url":"https:\/\/www.webdo.tn\/fr\/wp-content\/uploads\/2026\/04\/mohamed-fethi_avatar_1-96x96.jpg","contentUrl":"https:\/\/www.webdo.tn\/fr\/wp-content\/uploads\/2026\/04\/mohamed-fethi_avatar_1-96x96.jpg","caption":"Mohamed Fethi"},"description":"Signature \u00e9ditoriale de Maher Chaabane Mohamed Fethi est le pseudonyme \u00e9ditorial de Maher Chaabane, r\u00e9dacteur en chef de Webdo.tn depuis 2012. Cette signature est d\u00e9di\u00e9e au traitement intensif de l'actualit\u00e9 nationale et internationale en temps r\u00e9el. S'appuyant sur les deux d\u00e9cennies d'expertise journalistique de Maher Chaabane \u2014 d\u00e9but\u00e9e au sein du groupe Tunis Hebdo en 2000 \u2014 Mohamed Fethi assure une veille rigoureuse sur les enjeux politiques, \u00e9conomiques et sportifs. Sa mission est de garantir une information structur\u00e9e, fluide et fid\u00e8le aux standards de la r\u00e9daction. Pour consulter le parcours complet du r\u00e9dacteur en chef, visitez le profil officiel de Maher Chaabane.","knowsAbout":["actualit\u00e9","journalisme","information","politique","sport","m\u00e9dias","actualit\u00e9 internationale"],"knowsLanguage":["Fran\u00e7ais","Arabe"],"jobTitle":"Journaliste \u2013 R\u00e9daction Webdo","worksFor":"Webdo.tn","url":"https:\/\/www.webdo.tn\/fr\/actualite\/author\/mohamed-fethi\/"}]}},"_links":{"self":[{"href":"https:\/\/www.webdo.tn\/fr\/wp-json\/wp\/v2\/posts\/394015","targetHints":{"allow":["GET"]}}],"collection":[{"href":"https:\/\/www.webdo.tn\/fr\/wp-json\/wp\/v2\/posts"}],"about":[{"href":"https:\/\/www.webdo.tn\/fr\/wp-json\/wp\/v2\/types\/post"}],"author":[{"embeddable":true,"href":"https:\/\/www.webdo.tn\/fr\/wp-json\/wp\/v2\/users\/4782"}],"replies":[{"embeddable":true,"href":"https:\/\/www.webdo.tn\/fr\/wp-json\/wp\/v2\/comments?post=394015"}],"version-history":[{"count":0,"href":"https:\/\/www.webdo.tn\/fr\/wp-json\/wp\/v2\/posts\/394015\/revisions"}],"wp:featuredmedia":[{"embeddable":true,"href":"https:\/\/www.webdo.tn\/fr\/wp-json\/wp\/v2\/media\/394016"}],"wp:attachment":[{"href":"https:\/\/www.webdo.tn\/fr\/wp-json\/wp\/v2\/media?parent=394015"}],"wp:term":[{"taxonomy":"category","embeddable":true,"href":"https:\/\/www.webdo.tn\/fr\/wp-json\/wp\/v2\/categories?post=394015"},{"taxonomy":"post_tag","embeddable":true,"href":"https:\/\/www.webdo.tn\/fr\/wp-json\/wp\/v2\/tags?post=394015"}],"curies":[{"name":"wp","href":"https:\/\/api.w.org\/{rel}","templated":true}]}}