{"id":394005,"date":"2026-03-03T07:25:44","date_gmt":"2026-03-03T06:25:44","guid":{"rendered":"https:\/\/www.webdo.tn\/fr\/?p=394005"},"modified":"2026-03-03T07:25:47","modified_gmt":"2026-03-03T06:25:47","slug":"france-virage-strategique-paris-augmente-son-arsenal-nucleaire","status":"publish","type":"post","link":"https:\/\/www.webdo.tn\/fr\/actualite\/international\/france-virage-strategique-paris-augmente-son-arsenal-nucleaire\/394005\/","title":{"rendered":"France : Virage strat\u00e9gique, Paris augmente son arsenal nucl\u00e9aire"},"content":{"rendered":"\n<p><strong>La France a annonc\u00e9 son intention d\u2019augmenter le nombre de t\u00eates nucl\u00e9aires d\u00e9ploy\u00e9es dans le cadre de sa strat\u00e9gie de dissuasion. Ce revirement, pr\u00e9sent\u00e9 comme une adaptation aux nouvelles menaces strat\u00e9giques, marque une inflexion notable dans la doctrine port\u00e9e jusqu\u2019ici par Emmanuel Macron.<\/strong><\/p>\n\n\n\n<p>Depuis plusieurs ann\u00e9es, Paris d\u00e9fendait une posture de \u00ab stricte suffisance \u00bb, principe selon lequel l\u2019arsenal nucl\u00e9aire fran\u00e7ais devait \u00eatre calibr\u00e9 au niveau minimal n\u00e9cessaire pour garantir la cr\u00e9dibilit\u00e9 de la dissuasion. La nouvelle orientation consiste \u00e0 renforcer quantitativement les capacit\u00e9s existantes, sans remettre en cause le cadre doctrinal fondamental.<\/p>\n\n\n\n<p>L\u2019ex\u00e9cutif justifie cette d\u00e9cision par la d\u00e9gradation du contexte s\u00e9curitaire international : guerre en Europe orientale, modernisation acc\u00e9l\u00e9r\u00e9e des arsenaux russes et chinois, incertitudes strat\u00e9giques li\u00e9es aux engagements am\u00e9ricains. La r\u00e9f\u00e9rence implicite reste la mont\u00e9e des tensions avec Russie et la transformation de l\u2019environnement strat\u00e9gique depuis l\u2019invasion de l\u2019Ukraine.<\/p>\n\n\n\n<h2 class=\"wp-block-heading\" id=\"h-la-dissuasion-au-coeur-de-la-souverainete\">La dissuasion au c\u0153ur de la souverainet\u00e9<\/h2>\n\n\n\n<p>La France dispose actuellement d\u2019environ 290 t\u00eates nucl\u00e9aires, r\u00e9parties entre une composante oc\u00e9anique \u2014 les sous-marins nucl\u00e9aires lanceurs d\u2019engins \u2014 et une composante a\u00e9roport\u00e9e. Cette architecture repose sur le principe d\u2019autonomie strat\u00e9gique, distinct de l\u2019arsenal am\u00e9ricain int\u00e9gr\u00e9 dans l\u2019OTAN.<\/p>\n\n\n\n<p>En annon\u00e7ant une augmentation du nombre de t\u00eates, Paris entend envoyer un signal politique fort : la dissuasion reste le socle ultime de la souverainet\u00e9 nationale. Cette d\u00e9cision s\u2019inscrit \u00e9galement dans le d\u00e9bat europ\u00e9en sur l\u2019autonomie strat\u00e9gique et la protection du continent face aux menaces ext\u00e9rieures.<\/p>\n\n\n\n<h2 class=\"wp-block-heading\" id=\"h-un-message-aux-allies-et-aux-adversaires\">Un message aux alli\u00e9s et aux adversaires<\/h2>\n\n\n\n<p>Ce repositionnement intervient alors que plusieurs \u00c9tats europ\u00e9ens s\u2019interrogent sur la solidit\u00e9 du parapluie nucl\u00e9aire am\u00e9ricain. La France cherche ainsi \u00e0 affirmer son r\u00f4le de puissance nucl\u00e9aire responsable au sein de l\u2019Union europ\u00e9enne.<\/p>\n\n\n\n<p><strong>Lire aussi:<\/strong> <a href=\"https:\/\/www.webdo.tn\/fr\/actualite\/international\/trump-deploie-des-sous-marins-nucleaires-apres-les-menaces-de-medvedev\/380862\/\">Trump d\u00e9ploie des sous-marins nucl\u00e9aires apr\u00e8s les menaces de Medvedev<\/a><\/p>\n\n\n\n<p>Toutefois, cette annonce suscite d\u00e9j\u00e0 des critiques parmi les partisans du d\u00e9sarmement nucl\u00e9aire, qui redoutent un effet d\u2019entra\u00eenement et une nouvelle phase de course aux armements. Les organisations non gouvernementales rappellent que Paris demeure signataire du Trait\u00e9 de non-prolif\u00e9ration (TNP), m\u00eame si elle n\u2019a pas adh\u00e9r\u00e9 au Trait\u00e9 sur l\u2019interdiction des armes nucl\u00e9aires.<\/p>\n\n\n\n<h2 class=\"wp-block-heading\" id=\"h-un-contexte-mondial-sous-tension\">Un contexte mondial sous tension<\/h2>\n\n\n\n<p>La d\u00e9cision fran\u00e7aise s\u2019inscrit dans une dynamique plus large de r\u00e9armement global. Les grandes puissances modernisent leurs arsenaux, d\u00e9veloppent des vecteurs hypersoniques et renforcent leurs doctrines de dissuasion \u00e9largie. Dans ce climat, la fronti\u00e8re entre posture d\u00e9fensive et d\u00e9monstration de puissance devient plus t\u00e9nue.<\/p>\n","protected":false},"excerpt":{"rendered":"<p>La France a annonc\u00e9 son intention d\u2019augmenter le nombre de t\u00eates nucl\u00e9aires d\u00e9ploy\u00e9es dans le cadre de sa strat\u00e9gie de dissuasion. Ce revirement, pr\u00e9sent\u00e9 comme une adaptation aux nouvelles menaces strat\u00e9giques, marque une inflexion notable dans la doctrine port\u00e9e jusqu\u2019ici par Emmanuel Macron. Depuis plusieurs ann\u00e9es, Paris d\u00e9fendait une posture de \u00ab stricte suffisance \u00bb, [&hellip;]<\/p>\n","protected":false},"author":3184,"featured_media":394006,"comment_status":"closed","ping_status":"closed","sticky":false,"template":"","format":"standard","meta":{"footnotes":""},"categories":[2598],"tags":[2998,7617],"class_list":["post-394005","post","type-post","status-publish","format-standard","has-post-thumbnail","hentry","category-international","tag-france","tag-nucleaire"],"yoast_head":"<!-- This site is optimized with the Yoast SEO Premium plugin v27.5 (Yoast SEO v27.5) - https:\/\/yoast.com\/product\/yoast-seo-premium-wordpress\/ -->\n<title>France : Virage strat\u00e9gique, Paris augmente son arsenal nucl\u00e9aire - webdo<\/title>\n<meta name=\"description\" content=\"D\u00e9couvrez le renforcement des capacit\u00e9s nucl\u00e9aires en France dans un contexte de menaces strat\u00e9giques croissantes.\" \/>\n<link rel=\"canonical\" href=\"https:\/\/www.webdo.tn\/fr\/actualite\/international\/france-virage-strategique-paris-augmente-son-arsenal-nucleaire\/394005\/\" \/>\n<meta property=\"og:locale\" content=\"fr_FR\" \/>\n<meta property=\"og:type\" content=\"article\" \/>\n<meta property=\"og:title\" content=\"France : Virage strat\u00e9gique, Paris augmente son arsenal nucl\u00e9aire\" \/>\n<meta property=\"og:description\" content=\"D\u00e9couvrez le renforcement des capacit\u00e9s nucl\u00e9aires en France dans un contexte de menaces strat\u00e9giques croissantes.\" \/>\n<meta property=\"og:url\" content=\"https:\/\/www.webdo.tn\/fr\/actualite\/international\/france-virage-strategique-paris-augmente-son-arsenal-nucleaire\/394005\/\" \/>\n<meta property=\"og:site_name\" content=\"webdo\" \/>\n<meta property=\"article:publisher\" content=\"https:\/\/www.facebook.com\/webdotn\" \/>\n<meta property=\"article:published_time\" content=\"2026-03-03T06:25:44+00:00\" \/>\n<meta property=\"article:modified_time\" content=\"2026-03-03T06:25:47+00:00\" \/>\n<meta property=\"og:image\" content=\"https:\/\/www.webdo.tn\/fr\/wp-content\/uploads\/2026\/03\/macron.jpg\" \/>\n\t<meta property=\"og:image:width\" content=\"1200\" \/>\n\t<meta property=\"og:image:height\" content=\"599\" \/>\n\t<meta property=\"og:image:type\" content=\"image\/jpeg\" \/>\n<meta name=\"author\" content=\"Wided Belhaj\" \/>\n<meta name=\"twitter:card\" content=\"summary_large_image\" \/>\n<meta name=\"twitter:creator\" content=\"@webdo_tn\" \/>\n<meta name=\"twitter:site\" content=\"@webdo_tn\" \/>\n<meta name=\"twitter:label1\" content=\"\u00c9crit par\" \/>\n\t<meta name=\"twitter:data1\" content=\"Wided Belhaj\" \/>\n\t<meta name=\"twitter:label2\" content=\"Dur\u00e9e de lecture estim\u00e9e\" \/>\n\t<meta name=\"twitter:data2\" content=\"3 minutes\" \/>\n<script type=\"application\/ld+json\" class=\"yoast-schema-graph\">{\"@context\":\"https:\\\/\\\/schema.org\",\"@graph\":[{\"@type\":\"NewsArticle\",\"@id\":\"https:\\\/\\\/www.webdo.tn\\\/fr\\\/actualite\\\/international\\\/france-virage-strategique-paris-augmente-son-arsenal-nucleaire\\\/394005\\\/#article\",\"isPartOf\":{\"@id\":\"https:\\\/\\\/www.webdo.tn\\\/fr\\\/actualite\\\/international\\\/france-virage-strategique-paris-augmente-son-arsenal-nucleaire\\\/394005\\\/\"},\"author\":{\"name\":\"Wided Belhaj\",\"@id\":\"https:\\\/\\\/www.webdo.tn\\\/fr\\\/#\\\/schema\\\/person\\\/b9ecde7a5574cb4fcf4b496ea5fadb15\"},\"headline\":\"France : Virage strat\u00e9gique, Paris augmente son arsenal nucl\u00e9aire\",\"datePublished\":\"2026-03-03T06:25:44+00:00\",\"dateModified\":\"2026-03-03T06:25:47+00:00\",\"mainEntityOfPage\":{\"@id\":\"https:\\\/\\\/www.webdo.tn\\\/fr\\\/actualite\\\/international\\\/france-virage-strategique-paris-augmente-son-arsenal-nucleaire\\\/394005\\\/\"},\"wordCount\":482,\"publisher\":{\"@id\":\"https:\\\/\\\/www.webdo.tn\\\/fr\\\/#organization\"},\"image\":{\"@id\":\"https:\\\/\\\/www.webdo.tn\\\/fr\\\/actualite\\\/international\\\/france-virage-strategique-paris-augmente-son-arsenal-nucleaire\\\/394005\\\/#primaryimage\"},\"thumbnailUrl\":\"https:\\\/\\\/www.webdo.tn\\\/fr\\\/wp-content\\\/uploads\\\/2026\\\/03\\\/macron.jpg\",\"keywords\":[\"france\",\"Nucl\u00e9aire\"],\"articleSection\":[\"International\"],\"inLanguage\":\"fr-FR\"},{\"@type\":\"WebPage\",\"@id\":\"https:\\\/\\\/www.webdo.tn\\\/fr\\\/actualite\\\/international\\\/france-virage-strategique-paris-augmente-son-arsenal-nucleaire\\\/394005\\\/\",\"url\":\"https:\\\/\\\/www.webdo.tn\\\/fr\\\/actualite\\\/international\\\/france-virage-strategique-paris-augmente-son-arsenal-nucleaire\\\/394005\\\/\",\"name\":\"France : Virage strat\u00e9gique, Paris augmente son arsenal nucl\u00e9aire - webdo\",\"isPartOf\":{\"@id\":\"https:\\\/\\\/www.webdo.tn\\\/fr\\\/#website\"},\"primaryImageOfPage\":{\"@id\":\"https:\\\/\\\/www.webdo.tn\\\/fr\\\/actualite\\\/international\\\/france-virage-strategique-paris-augmente-son-arsenal-nucleaire\\\/394005\\\/#primaryimage\"},\"image\":{\"@id\":\"https:\\\/\\\/www.webdo.tn\\\/fr\\\/actualite\\\/international\\\/france-virage-strategique-paris-augmente-son-arsenal-nucleaire\\\/394005\\\/#primaryimage\"},\"thumbnailUrl\":\"https:\\\/\\\/www.webdo.tn\\\/fr\\\/wp-content\\\/uploads\\\/2026\\\/03\\\/macron.jpg\",\"datePublished\":\"2026-03-03T06:25:44+00:00\",\"dateModified\":\"2026-03-03T06:25:47+00:00\",\"description\":\"D\u00e9couvrez le renforcement des capacit\u00e9s nucl\u00e9aires en France dans un contexte de menaces strat\u00e9giques croissantes.\",\"breadcrumb\":{\"@id\":\"https:\\\/\\\/www.webdo.tn\\\/fr\\\/actualite\\\/international\\\/france-virage-strategique-paris-augmente-son-arsenal-nucleaire\\\/394005\\\/#breadcrumb\"},\"inLanguage\":\"fr-FR\",\"potentialAction\":[{\"@type\":\"ReadAction\",\"target\":[\"https:\\\/\\\/www.webdo.tn\\\/fr\\\/actualite\\\/international\\\/france-virage-strategique-paris-augmente-son-arsenal-nucleaire\\\/394005\\\/\"]}]},{\"@type\":\"ImageObject\",\"inLanguage\":\"fr-FR\",\"@id\":\"https:\\\/\\\/www.webdo.tn\\\/fr\\\/actualite\\\/international\\\/france-virage-strategique-paris-augmente-son-arsenal-nucleaire\\\/394005\\\/#primaryimage\",\"url\":\"https:\\\/\\\/www.webdo.tn\\\/fr\\\/wp-content\\\/uploads\\\/2026\\\/03\\\/macron.jpg\",\"contentUrl\":\"https:\\\/\\\/www.webdo.tn\\\/fr\\\/wp-content\\\/uploads\\\/2026\\\/03\\\/macron.jpg\",\"width\":1200,\"height\":599,\"caption\":\"Macron\"},{\"@type\":\"BreadcrumbList\",\"@id\":\"https:\\\/\\\/www.webdo.tn\\\/fr\\\/actualite\\\/international\\\/france-virage-strategique-paris-augmente-son-arsenal-nucleaire\\\/394005\\\/#breadcrumb\",\"itemListElement\":[{\"@type\":\"ListItem\",\"position\":1,\"name\":\"Accueil\",\"item\":\"https:\\\/\\\/www.webdo.tn\\\/fr\\\/\"},{\"@type\":\"ListItem\",\"position\":2,\"name\":\"France : Virage strat\u00e9gique, Paris augmente son arsenal nucl\u00e9aire\"}]},{\"@type\":\"WebSite\",\"@id\":\"https:\\\/\\\/www.webdo.tn\\\/fr\\\/#website\",\"url\":\"https:\\\/\\\/www.webdo.tn\\\/fr\\\/\",\"name\":\"webdo\",\"description\":\"Tunisie - News en Tunisie et \u00e0 l&#039;international sur Webdo.tn\",\"publisher\":{\"@id\":\"https:\\\/\\\/www.webdo.tn\\\/fr\\\/#organization\"},\"potentialAction\":[{\"@type\":\"SearchAction\",\"target\":{\"@type\":\"EntryPoint\",\"urlTemplate\":\"https:\\\/\\\/www.webdo.tn\\\/fr\\\/?s={search_term_string}\"},\"query-input\":{\"@type\":\"PropertyValueSpecification\",\"valueRequired\":true,\"valueName\":\"search_term_string\"}}],\"inLanguage\":\"fr-FR\"},{\"@type\":\"Organization\",\"@id\":\"https:\\\/\\\/www.webdo.tn\\\/fr\\\/#organization\",\"name\":\"Webdo\",\"alternateName\":\"Webdo.tn\",\"url\":\"https:\\\/\\\/www.webdo.tn\\\/fr\\\/\",\"logo\":{\"@type\":\"ImageObject\",\"inLanguage\":\"fr-FR\",\"@id\":\"https:\\\/\\\/www.webdo.tn\\\/fr\\\/#\\\/schema\\\/logo\\\/image\\\/\",\"url\":\"https:\\\/\\\/www.webdo.tn\\\/fr\\\/wp-content\\\/uploads\\\/2025\\\/06\\\/Webdo-Tunisie_168377.jpg\",\"contentUrl\":\"https:\\\/\\\/www.webdo.tn\\\/fr\\\/wp-content\\\/uploads\\\/2025\\\/06\\\/Webdo-Tunisie_168377.jpg\",\"width\":301,\"height\":301,\"caption\":\"Webdo\"},\"image\":{\"@id\":\"https:\\\/\\\/www.webdo.tn\\\/fr\\\/#\\\/schema\\\/logo\\\/image\\\/\"},\"sameAs\":[\"https:\\\/\\\/www.facebook.com\\\/webdotn\",\"https:\\\/\\\/x.com\\\/webdo_tn\"],\"description\":\"Webdo est un m\u00e9dia num\u00e9rique tunisien fond\u00e9 en 2010, sp\u00e9cialis\u00e9 dans l\u2019actualit\u00e9 nationale et internationale, l\u2019\u00e9conomie, la soci\u00e9t\u00e9 et les analyses politiques. Le site s\u2019adresse \u00e0 un large public francophone et couvre l\u2019information tunisienne en temps r\u00e9el.\",\"email\":\"redac@webdo.tn\",\"legalName\":\"YNJ SARL\",\"foundingDate\":\"2010-09-06\",\"numberOfEmployees\":{\"@type\":\"QuantitativeValue\",\"minValue\":\"11\",\"maxValue\":\"50\"}},{\"@type\":\"Person\",\"@id\":\"https:\\\/\\\/www.webdo.tn\\\/fr\\\/#\\\/schema\\\/person\\\/b9ecde7a5574cb4fcf4b496ea5fadb15\",\"name\":\"Wided Belhaj\",\"image\":{\"@type\":\"ImageObject\",\"inLanguage\":\"fr-FR\",\"@id\":\"https:\\\/\\\/www.webdo.tn\\\/fr\\\/wp-content\\\/uploads\\\/2026\\\/04\\\/wided-belhaj_avatar-96x96.jpg\",\"url\":\"https:\\\/\\\/www.webdo.tn\\\/fr\\\/wp-content\\\/uploads\\\/2026\\\/04\\\/wided-belhaj_avatar-96x96.jpg\",\"contentUrl\":\"https:\\\/\\\/www.webdo.tn\\\/fr\\\/wp-content\\\/uploads\\\/2026\\\/04\\\/wided-belhaj_avatar-96x96.jpg\",\"caption\":\"Wided Belhaj\"},\"description\":\"Wided Belhaj est le pseudonyme \u00e9ditorial utilis\u00e9 par Khalil Jelassi, journaliste, ma\u00eetre-assistant \u00e0 l\u2019Institut de presse et des sciences de l\u2019information (IPSI) et chercheur en sciences de l\u2019information et de la communication. Cette signature est d\u00e9di\u00e9e \u00e0 l\u2019analyse des m\u00e9dias, des pratiques journalistiques et des mutations de l\u2019information \u00e0 l\u2019\u00e8re digitale. \u00c0 travers ses contributions, Wided Belhaj propose une lecture analytique de l\u2019actualit\u00e9, en croisant regard critique et expertise acad\u00e9mique.\",\"knowsAbout\":[\"m\u00e9dias\",\"journalisme\",\"communication\",\"information\",\"transformation num\u00e9rique\",\"analyse des m\u00e9dias\"],\"knowsLanguage\":[\"Fran\u00e7ais\",\"Arabe\"],\"jobTitle\":\"Webdo.tn\",\"worksFor\":\"Journaliste \u2013 Analyse des m\u00e9dias\",\"url\":\"https:\\\/\\\/www.webdo.tn\\\/fr\\\/actualite\\\/author\\\/wided-belhaj\\\/\"}]}<\/script>\n<!-- \/ Yoast SEO Premium plugin. -->","yoast_head_json":{"title":"France : Virage strat\u00e9gique, Paris augmente son arsenal nucl\u00e9aire - webdo","description":"D\u00e9couvrez le renforcement des capacit\u00e9s nucl\u00e9aires en France dans un contexte de menaces strat\u00e9giques croissantes.","canonical":"https:\/\/www.webdo.tn\/fr\/actualite\/international\/france-virage-strategique-paris-augmente-son-arsenal-nucleaire\/394005\/","og_locale":"fr_FR","og_type":"article","og_title":"France : Virage strat\u00e9gique, Paris augmente son arsenal nucl\u00e9aire","og_description":"D\u00e9couvrez le renforcement des capacit\u00e9s nucl\u00e9aires en France dans un contexte de menaces strat\u00e9giques croissantes.","og_url":"https:\/\/www.webdo.tn\/fr\/actualite\/international\/france-virage-strategique-paris-augmente-son-arsenal-nucleaire\/394005\/","og_site_name":"webdo","article_publisher":"https:\/\/www.facebook.com\/webdotn","article_published_time":"2026-03-03T06:25:44+00:00","article_modified_time":"2026-03-03T06:25:47+00:00","og_image":[{"width":1200,"height":599,"url":"https:\/\/www.webdo.tn\/fr\/wp-content\/uploads\/2026\/03\/macron.jpg","type":"image\/jpeg"}],"author":"Wided Belhaj","twitter_card":"summary_large_image","twitter_creator":"@webdo_tn","twitter_site":"@webdo_tn","twitter_misc":{"\u00c9crit par":"Wided Belhaj","Dur\u00e9e de lecture estim\u00e9e":"3 minutes"},"schema":{"@context":"https:\/\/schema.org","@graph":[{"@type":"NewsArticle","@id":"https:\/\/www.webdo.tn\/fr\/actualite\/international\/france-virage-strategique-paris-augmente-son-arsenal-nucleaire\/394005\/#article","isPartOf":{"@id":"https:\/\/www.webdo.tn\/fr\/actualite\/international\/france-virage-strategique-paris-augmente-son-arsenal-nucleaire\/394005\/"},"author":{"name":"Wided Belhaj","@id":"https:\/\/www.webdo.tn\/fr\/#\/schema\/person\/b9ecde7a5574cb4fcf4b496ea5fadb15"},"headline":"France : Virage strat\u00e9gique, Paris augmente son arsenal nucl\u00e9aire","datePublished":"2026-03-03T06:25:44+00:00","dateModified":"2026-03-03T06:25:47+00:00","mainEntityOfPage":{"@id":"https:\/\/www.webdo.tn\/fr\/actualite\/international\/france-virage-strategique-paris-augmente-son-arsenal-nucleaire\/394005\/"},"wordCount":482,"publisher":{"@id":"https:\/\/www.webdo.tn\/fr\/#organization"},"image":{"@id":"https:\/\/www.webdo.tn\/fr\/actualite\/international\/france-virage-strategique-paris-augmente-son-arsenal-nucleaire\/394005\/#primaryimage"},"thumbnailUrl":"https:\/\/www.webdo.tn\/fr\/wp-content\/uploads\/2026\/03\/macron.jpg","keywords":["france","Nucl\u00e9aire"],"articleSection":["International"],"inLanguage":"fr-FR"},{"@type":"WebPage","@id":"https:\/\/www.webdo.tn\/fr\/actualite\/international\/france-virage-strategique-paris-augmente-son-arsenal-nucleaire\/394005\/","url":"https:\/\/www.webdo.tn\/fr\/actualite\/international\/france-virage-strategique-paris-augmente-son-arsenal-nucleaire\/394005\/","name":"France : Virage strat\u00e9gique, Paris augmente son arsenal nucl\u00e9aire - webdo","isPartOf":{"@id":"https:\/\/www.webdo.tn\/fr\/#website"},"primaryImageOfPage":{"@id":"https:\/\/www.webdo.tn\/fr\/actualite\/international\/france-virage-strategique-paris-augmente-son-arsenal-nucleaire\/394005\/#primaryimage"},"image":{"@id":"https:\/\/www.webdo.tn\/fr\/actualite\/international\/france-virage-strategique-paris-augmente-son-arsenal-nucleaire\/394005\/#primaryimage"},"thumbnailUrl":"https:\/\/www.webdo.tn\/fr\/wp-content\/uploads\/2026\/03\/macron.jpg","datePublished":"2026-03-03T06:25:44+00:00","dateModified":"2026-03-03T06:25:47+00:00","description":"D\u00e9couvrez le renforcement des capacit\u00e9s nucl\u00e9aires en France dans un contexte de menaces strat\u00e9giques croissantes.","breadcrumb":{"@id":"https:\/\/www.webdo.tn\/fr\/actualite\/international\/france-virage-strategique-paris-augmente-son-arsenal-nucleaire\/394005\/#breadcrumb"},"inLanguage":"fr-FR","potentialAction":[{"@type":"ReadAction","target":["https:\/\/www.webdo.tn\/fr\/actualite\/international\/france-virage-strategique-paris-augmente-son-arsenal-nucleaire\/394005\/"]}]},{"@type":"ImageObject","inLanguage":"fr-FR","@id":"https:\/\/www.webdo.tn\/fr\/actualite\/international\/france-virage-strategique-paris-augmente-son-arsenal-nucleaire\/394005\/#primaryimage","url":"https:\/\/www.webdo.tn\/fr\/wp-content\/uploads\/2026\/03\/macron.jpg","contentUrl":"https:\/\/www.webdo.tn\/fr\/wp-content\/uploads\/2026\/03\/macron.jpg","width":1200,"height":599,"caption":"Macron"},{"@type":"BreadcrumbList","@id":"https:\/\/www.webdo.tn\/fr\/actualite\/international\/france-virage-strategique-paris-augmente-son-arsenal-nucleaire\/394005\/#breadcrumb","itemListElement":[{"@type":"ListItem","position":1,"name":"Accueil","item":"https:\/\/www.webdo.tn\/fr\/"},{"@type":"ListItem","position":2,"name":"France : Virage strat\u00e9gique, Paris augmente son arsenal nucl\u00e9aire"}]},{"@type":"WebSite","@id":"https:\/\/www.webdo.tn\/fr\/#website","url":"https:\/\/www.webdo.tn\/fr\/","name":"webdo","description":"Tunisie - News en Tunisie et \u00e0 l&#039;international sur Webdo.tn","publisher":{"@id":"https:\/\/www.webdo.tn\/fr\/#organization"},"potentialAction":[{"@type":"SearchAction","target":{"@type":"EntryPoint","urlTemplate":"https:\/\/www.webdo.tn\/fr\/?s={search_term_string}"},"query-input":{"@type":"PropertyValueSpecification","valueRequired":true,"valueName":"search_term_string"}}],"inLanguage":"fr-FR"},{"@type":"Organization","@id":"https:\/\/www.webdo.tn\/fr\/#organization","name":"Webdo","alternateName":"Webdo.tn","url":"https:\/\/www.webdo.tn\/fr\/","logo":{"@type":"ImageObject","inLanguage":"fr-FR","@id":"https:\/\/www.webdo.tn\/fr\/#\/schema\/logo\/image\/","url":"https:\/\/www.webdo.tn\/fr\/wp-content\/uploads\/2025\/06\/Webdo-Tunisie_168377.jpg","contentUrl":"https:\/\/www.webdo.tn\/fr\/wp-content\/uploads\/2025\/06\/Webdo-Tunisie_168377.jpg","width":301,"height":301,"caption":"Webdo"},"image":{"@id":"https:\/\/www.webdo.tn\/fr\/#\/schema\/logo\/image\/"},"sameAs":["https:\/\/www.facebook.com\/webdotn","https:\/\/x.com\/webdo_tn"],"description":"Webdo est un m\u00e9dia num\u00e9rique tunisien fond\u00e9 en 2010, sp\u00e9cialis\u00e9 dans l\u2019actualit\u00e9 nationale et internationale, l\u2019\u00e9conomie, la soci\u00e9t\u00e9 et les analyses politiques. Le site s\u2019adresse \u00e0 un large public francophone et couvre l\u2019information tunisienne en temps r\u00e9el.","email":"redac@webdo.tn","legalName":"YNJ SARL","foundingDate":"2010-09-06","numberOfEmployees":{"@type":"QuantitativeValue","minValue":"11","maxValue":"50"}},{"@type":"Person","@id":"https:\/\/www.webdo.tn\/fr\/#\/schema\/person\/b9ecde7a5574cb4fcf4b496ea5fadb15","name":"Wided Belhaj","image":{"@type":"ImageObject","inLanguage":"fr-FR","@id":"https:\/\/www.webdo.tn\/fr\/wp-content\/uploads\/2026\/04\/wided-belhaj_avatar-96x96.jpg","url":"https:\/\/www.webdo.tn\/fr\/wp-content\/uploads\/2026\/04\/wided-belhaj_avatar-96x96.jpg","contentUrl":"https:\/\/www.webdo.tn\/fr\/wp-content\/uploads\/2026\/04\/wided-belhaj_avatar-96x96.jpg","caption":"Wided Belhaj"},"description":"Wided Belhaj est le pseudonyme \u00e9ditorial utilis\u00e9 par Khalil Jelassi, journaliste, ma\u00eetre-assistant \u00e0 l\u2019Institut de presse et des sciences de l\u2019information (IPSI) et chercheur en sciences de l\u2019information et de la communication. Cette signature est d\u00e9di\u00e9e \u00e0 l\u2019analyse des m\u00e9dias, des pratiques journalistiques et des mutations de l\u2019information \u00e0 l\u2019\u00e8re digitale. \u00c0 travers ses contributions, Wided Belhaj propose une lecture analytique de l\u2019actualit\u00e9, en croisant regard critique et expertise acad\u00e9mique.","knowsAbout":["m\u00e9dias","journalisme","communication","information","transformation num\u00e9rique","analyse des m\u00e9dias"],"knowsLanguage":["Fran\u00e7ais","Arabe"],"jobTitle":"Webdo.tn","worksFor":"Journaliste \u2013 Analyse des m\u00e9dias","url":"https:\/\/www.webdo.tn\/fr\/actualite\/author\/wided-belhaj\/"}]}},"_links":{"self":[{"href":"https:\/\/www.webdo.tn\/fr\/wp-json\/wp\/v2\/posts\/394005","targetHints":{"allow":["GET"]}}],"collection":[{"href":"https:\/\/www.webdo.tn\/fr\/wp-json\/wp\/v2\/posts"}],"about":[{"href":"https:\/\/www.webdo.tn\/fr\/wp-json\/wp\/v2\/types\/post"}],"author":[{"embeddable":true,"href":"https:\/\/www.webdo.tn\/fr\/wp-json\/wp\/v2\/users\/3184"}],"replies":[{"embeddable":true,"href":"https:\/\/www.webdo.tn\/fr\/wp-json\/wp\/v2\/comments?post=394005"}],"version-history":[{"count":0,"href":"https:\/\/www.webdo.tn\/fr\/wp-json\/wp\/v2\/posts\/394005\/revisions"}],"wp:featuredmedia":[{"embeddable":true,"href":"https:\/\/www.webdo.tn\/fr\/wp-json\/wp\/v2\/media\/394006"}],"wp:attachment":[{"href":"https:\/\/www.webdo.tn\/fr\/wp-json\/wp\/v2\/media?parent=394005"}],"wp:term":[{"taxonomy":"category","embeddable":true,"href":"https:\/\/www.webdo.tn\/fr\/wp-json\/wp\/v2\/categories?post=394005"},{"taxonomy":"post_tag","embeddable":true,"href":"https:\/\/www.webdo.tn\/fr\/wp-json\/wp\/v2\/tags?post=394005"}],"curies":[{"name":"wp","href":"https:\/\/api.w.org\/{rel}","templated":true}]}}