{"id":393980,"date":"2026-03-02T12:52:52","date_gmt":"2026-03-02T11:52:52","guid":{"rendered":"https:\/\/www.webdo.tn\/fr\/?p=393980"},"modified":"2026-03-02T12:52:54","modified_gmt":"2026-03-02T11:52:54","slug":"trois-avions-de-chasse-americains-abattus-par-erreur-par-le-koweit","status":"publish","type":"post","link":"https:\/\/www.webdo.tn\/fr\/actualite\/international\/trois-avions-de-chasse-americains-abattus-par-erreur-par-le-koweit\/393980\/","title":{"rendered":"Trois avions de chasse am\u00e9ricains abattus par erreur par le Kowe\u00eft"},"content":{"rendered":"\n<p><strong>Dans un incident survenu lors d\u2019une confrontation militaire dans la r\u00e9gion, trois avions de chasse F-15E Strike Eagle am\u00e9ricains ont \u00e9t\u00e9 abattus par la d\u00e9fense a\u00e9rienne du Kowe\u00eft, a reconnu le pays. L\u2019\u00e9v\u00e9nement s\u2019est produit dans un contexte d\u2019attaques simultan\u00e9es d\u2019avions iraniens, de missiles balistiques et de drones.<\/strong><\/p>\n\n\n\n<h2 class=\"wp-block-heading\" id=\"h-les-equipages-sains-et-saufs\">Les \u00e9quipages sains et saufs<\/h2>\n\n\n\n<p>Le Commandement central am\u00e9ricain (Centcom) a confirm\u00e9 que les six membres d\u2019\u00e9quipage se sont \u00e9ject\u00e9s avec succ\u00e8s, ont \u00e9t\u00e9 r\u00e9cup\u00e9r\u00e9s et se trouvent en \u00e9tat stable. Les forces am\u00e9ricaines ont remerci\u00e9 le Kowe\u00eft pour sa coop\u00e9ration et son soutien lors de cette op\u00e9ration en cours.<\/p>\n\n\n\n<h2 class=\"wp-block-heading\" id=\"h-une-erreur-reconnue-par-le-koweit\">Une erreur reconnue par le Kowe\u00eft<\/h2>\n\n\n\n<p>Selon le communiqu\u00e9 du Centcom, les avions ont \u00e9t\u00e9 abattus par erreur par la d\u00e9fense a\u00e9rienne kowe\u00eftienne. L\u2019incident survient dans un contexte tendu, marqu\u00e9 par des affrontements avec des forces iraniennes et l\u2019utilisation de drones et de missiles balistiques, illustrant la complexit\u00e9 des op\u00e9rations militaires dans la r\u00e9gion.<\/p>\n\n\n\n<blockquote class=\"twitter-tweet\" data-media-max-width=\"560\"><p lang=\"fr\" dir=\"ltr\">\ud83c\uddf0\ud83c\uddfc\ud83c\uddfa\ud83c\uddf8\u2708\ufe0f ALERTE INFO | Un avion de chasse am\u00e9ricain F-15 s&#39;\u00e9crase au Kowe\u00eft. <a href=\"https:\/\/t.co\/tfZ1YBGXLe\">pic.twitter.com\/tfZ1YBGXLe<\/a><\/p>&mdash; Citizen M\u00e9dia \ud83d\uddde\ufe0f (@CitizenMediaFR) <a href=\"https:\/\/twitter.com\/CitizenMediaFR\/status\/2028344860344766512?ref_src=twsrc%5Etfw\">March 2, 2026<\/a><\/blockquote> <script async src=\"https:\/\/platform.twitter.com\/widgets.js\" charset=\"utf-8\"><\/script>\n\n\n\n<blockquote class=\"wp-block-quote is-layout-flow wp-block-quote-is-layout-flow\">\n<blockquote class=\"wp-block-quote is-layout-flow wp-block-quote-is-layout-flow\">\n<p>Lire aussi :<\/p>\n\n\n\n<ul class=\"wp-block-list\">\n<li class=\"has-medium-font-size\"><a href=\"https:\/\/www.webdo.tn\/fr\/actualite\/international\/liban-31-morts-et-149-blesses-dans-des-frappes-israeliennes\/393955\/\">Liban : 31 morts et 149 bless\u00e9s dans des frappes isra\u00e9liennes<\/a><\/li>\n\n\n\n<li class=\"has-medium-font-size\"><a href=\"https:\/\/www.webdo.tn\/fr\/actualite\/international\/israel-un-tir-iranien-fait-au-moins-six-morts-et-27-blesses\/393940\/\">Isra\u00ebl : Un tir iranien fait au moins six morts et 27 bless\u00e9s<\/a><\/li>\n\n\n\n<li class=\"has-medium-font-size\"><a href=\"https:\/\/www.webdo.tn\/fr\/actualite\/international\/les-principaux-responsables-iraniens-tues-dans-les-frappes-americaines-et-israeliennes\/393937\/\">Les principaux responsables iraniens tu\u00e9s dans les frappes am\u00e9ricaines et isra\u00e9liennes<\/a><\/li>\n<\/ul>\n<\/blockquote>\n<\/blockquote>\n","protected":false},"excerpt":{"rendered":"<p>Dans un incident survenu lors d\u2019une confrontation militaire dans la r\u00e9gion, trois avions de chasse F-15E Strike Eagle am\u00e9ricains ont \u00e9t\u00e9 abattus par la d\u00e9fense a\u00e9rienne du Kowe\u00eft, a reconnu le pays. L\u2019\u00e9v\u00e9nement s\u2019est produit dans un contexte d\u2019attaques simultan\u00e9es d\u2019avions iraniens, de missiles balistiques et de drones. Les \u00e9quipages sains et saufs Le Commandement [&hellip;]<\/p>\n","protected":false},"author":4782,"featured_media":393981,"comment_status":"closed","ping_status":"closed","sticky":false,"template":"","format":"standard","meta":{"footnotes":""},"categories":[2598],"tags":[13789,3035,8709,2912,3815],"class_list":["post-393980","post","type-post","status-publish","format-standard","has-post-thumbnail","hentry","category-international","tag-avion-de-chasse","tag-etats-unis","tag-incident","tag-iran","tag-koweit"],"yoast_head":"<!-- This site is optimized with the Yoast SEO Premium plugin v27.5 (Yoast SEO v27.5) - https:\/\/yoast.com\/product\/yoast-seo-premium-wordpress\/ -->\n<title>Trois avions de chasse am\u00e9ricains abattus par erreur par le Kowe\u00eft - webdo<\/title>\n<meta name=\"description\" content=\"Un \u00e9v\u00e9nement militaire majeur : trois avions de chasse am\u00e9ricains abattus par erreur par le Kowe\u00eft. Les pilotes sont sains et saufs.\" \/>\n<link rel=\"canonical\" href=\"https:\/\/www.webdo.tn\/fr\/actualite\/international\/trois-avions-de-chasse-americains-abattus-par-erreur-par-le-koweit\/393980\/\" \/>\n<meta property=\"og:locale\" content=\"fr_FR\" \/>\n<meta property=\"og:type\" content=\"article\" \/>\n<meta property=\"og:title\" content=\"Trois avions de chasse am\u00e9ricains abattus par erreur par le Kowe\u00eft\" \/>\n<meta property=\"og:description\" content=\"Un \u00e9v\u00e9nement militaire majeur : trois avions de chasse am\u00e9ricains abattus par erreur par le Kowe\u00eft. Les pilotes sont sains et saufs.\" \/>\n<meta property=\"og:url\" content=\"https:\/\/www.webdo.tn\/fr\/actualite\/international\/trois-avions-de-chasse-americains-abattus-par-erreur-par-le-koweit\/393980\/\" \/>\n<meta property=\"og:site_name\" content=\"webdo\" \/>\n<meta property=\"article:publisher\" content=\"https:\/\/www.facebook.com\/webdotn\" \/>\n<meta property=\"article:published_time\" content=\"2026-03-02T11:52:52+00:00\" \/>\n<meta property=\"article:modified_time\" content=\"2026-03-02T11:52:54+00:00\" \/>\n<meta property=\"og:image\" content=\"https:\/\/www.webdo.tn\/fr\/wp-content\/uploads\/2026\/03\/F15.jpg\" \/>\n\t<meta property=\"og:image:width\" content=\"1202\" \/>\n\t<meta property=\"og:image:height\" content=\"600\" \/>\n\t<meta property=\"og:image:type\" content=\"image\/jpeg\" \/>\n<meta name=\"author\" content=\"Mohamed Fethi\" \/>\n<meta name=\"twitter:card\" content=\"summary_large_image\" \/>\n<meta name=\"twitter:creator\" content=\"@webdo_tn\" \/>\n<meta name=\"twitter:site\" content=\"@webdo_tn\" \/>\n<meta name=\"twitter:label1\" content=\"\u00c9crit par\" \/>\n\t<meta name=\"twitter:data1\" content=\"Mohamed Fethi\" \/>\n\t<meta name=\"twitter:label2\" content=\"Dur\u00e9e de lecture estim\u00e9e\" \/>\n\t<meta name=\"twitter:data2\" content=\"1 minute\" \/>\n<script type=\"application\/ld+json\" class=\"yoast-schema-graph\">{\"@context\":\"https:\\\/\\\/schema.org\",\"@graph\":[{\"@type\":\"NewsArticle\",\"@id\":\"https:\\\/\\\/www.webdo.tn\\\/fr\\\/actualite\\\/international\\\/trois-avions-de-chasse-americains-abattus-par-erreur-par-le-koweit\\\/393980\\\/#article\",\"isPartOf\":{\"@id\":\"https:\\\/\\\/www.webdo.tn\\\/fr\\\/actualite\\\/international\\\/trois-avions-de-chasse-americains-abattus-par-erreur-par-le-koweit\\\/393980\\\/\"},\"author\":{\"name\":\"Mohamed Fethi\",\"@id\":\"https:\\\/\\\/www.webdo.tn\\\/fr\\\/#\\\/schema\\\/person\\\/16a4857e77dfc0b610c4c2cadffc9ac4\"},\"headline\":\"Trois avions de chasse am\u00e9ricains abattus par erreur par le Kowe\u00eft\",\"datePublished\":\"2026-03-02T11:52:52+00:00\",\"dateModified\":\"2026-03-02T11:52:54+00:00\",\"mainEntityOfPage\":{\"@id\":\"https:\\\/\\\/www.webdo.tn\\\/fr\\\/actualite\\\/international\\\/trois-avions-de-chasse-americains-abattus-par-erreur-par-le-koweit\\\/393980\\\/\"},\"wordCount\":261,\"publisher\":{\"@id\":\"https:\\\/\\\/www.webdo.tn\\\/fr\\\/#organization\"},\"image\":{\"@id\":\"https:\\\/\\\/www.webdo.tn\\\/fr\\\/actualite\\\/international\\\/trois-avions-de-chasse-americains-abattus-par-erreur-par-le-koweit\\\/393980\\\/#primaryimage\"},\"thumbnailUrl\":\"https:\\\/\\\/www.webdo.tn\\\/fr\\\/wp-content\\\/uploads\\\/2026\\\/03\\\/F15.jpg\",\"keywords\":[\"avion de chasse\",\"Etats-Unis\",\"incident\",\"Iran\",\"kowe\u00eft\"],\"articleSection\":[\"International\"],\"inLanguage\":\"fr-FR\"},{\"@type\":\"WebPage\",\"@id\":\"https:\\\/\\\/www.webdo.tn\\\/fr\\\/actualite\\\/international\\\/trois-avions-de-chasse-americains-abattus-par-erreur-par-le-koweit\\\/393980\\\/\",\"url\":\"https:\\\/\\\/www.webdo.tn\\\/fr\\\/actualite\\\/international\\\/trois-avions-de-chasse-americains-abattus-par-erreur-par-le-koweit\\\/393980\\\/\",\"name\":\"Trois avions de chasse am\u00e9ricains abattus par erreur par le Kowe\u00eft - webdo\",\"isPartOf\":{\"@id\":\"https:\\\/\\\/www.webdo.tn\\\/fr\\\/#website\"},\"primaryImageOfPage\":{\"@id\":\"https:\\\/\\\/www.webdo.tn\\\/fr\\\/actualite\\\/international\\\/trois-avions-de-chasse-americains-abattus-par-erreur-par-le-koweit\\\/393980\\\/#primaryimage\"},\"image\":{\"@id\":\"https:\\\/\\\/www.webdo.tn\\\/fr\\\/actualite\\\/international\\\/trois-avions-de-chasse-americains-abattus-par-erreur-par-le-koweit\\\/393980\\\/#primaryimage\"},\"thumbnailUrl\":\"https:\\\/\\\/www.webdo.tn\\\/fr\\\/wp-content\\\/uploads\\\/2026\\\/03\\\/F15.jpg\",\"datePublished\":\"2026-03-02T11:52:52+00:00\",\"dateModified\":\"2026-03-02T11:52:54+00:00\",\"description\":\"Un \u00e9v\u00e9nement militaire majeur : trois avions de chasse am\u00e9ricains abattus par erreur par le Kowe\u00eft. Les pilotes sont sains et saufs.\",\"breadcrumb\":{\"@id\":\"https:\\\/\\\/www.webdo.tn\\\/fr\\\/actualite\\\/international\\\/trois-avions-de-chasse-americains-abattus-par-erreur-par-le-koweit\\\/393980\\\/#breadcrumb\"},\"inLanguage\":\"fr-FR\",\"potentialAction\":[{\"@type\":\"ReadAction\",\"target\":[\"https:\\\/\\\/www.webdo.tn\\\/fr\\\/actualite\\\/international\\\/trois-avions-de-chasse-americains-abattus-par-erreur-par-le-koweit\\\/393980\\\/\"]}]},{\"@type\":\"ImageObject\",\"inLanguage\":\"fr-FR\",\"@id\":\"https:\\\/\\\/www.webdo.tn\\\/fr\\\/actualite\\\/international\\\/trois-avions-de-chasse-americains-abattus-par-erreur-par-le-koweit\\\/393980\\\/#primaryimage\",\"url\":\"https:\\\/\\\/www.webdo.tn\\\/fr\\\/wp-content\\\/uploads\\\/2026\\\/03\\\/F15.jpg\",\"contentUrl\":\"https:\\\/\\\/www.webdo.tn\\\/fr\\\/wp-content\\\/uploads\\\/2026\\\/03\\\/F15.jpg\",\"width\":1202,\"height\":600,\"caption\":\"\ud83c\uddf0\ud83c\uddfc\ud83c\uddfa\ud83c\uddf8\u2708\ufe0f ALERTE INFO | Un avion de chasse am\u00e9ricain F-15 s&#39;\u00e9crase au Kowe\u00eft. pic.twitter.com\\\/tfZ1YBGXLe&mdash; Citizen M\u00e9dia \ud83d\uddde\ufe0f (@CitizenMediaFR) March 2, 2026\"},{\"@type\":\"BreadcrumbList\",\"@id\":\"https:\\\/\\\/www.webdo.tn\\\/fr\\\/actualite\\\/international\\\/trois-avions-de-chasse-americains-abattus-par-erreur-par-le-koweit\\\/393980\\\/#breadcrumb\",\"itemListElement\":[{\"@type\":\"ListItem\",\"position\":1,\"name\":\"Accueil\",\"item\":\"https:\\\/\\\/www.webdo.tn\\\/fr\\\/\"},{\"@type\":\"ListItem\",\"position\":2,\"name\":\"Trois avions de chasse am\u00e9ricains abattus par erreur par le Kowe\u00eft\"}]},{\"@type\":\"WebSite\",\"@id\":\"https:\\\/\\\/www.webdo.tn\\\/fr\\\/#website\",\"url\":\"https:\\\/\\\/www.webdo.tn\\\/fr\\\/\",\"name\":\"webdo\",\"description\":\"Tunisie - News en Tunisie et \u00e0 l&#039;international sur Webdo.tn\",\"publisher\":{\"@id\":\"https:\\\/\\\/www.webdo.tn\\\/fr\\\/#organization\"},\"potentialAction\":[{\"@type\":\"SearchAction\",\"target\":{\"@type\":\"EntryPoint\",\"urlTemplate\":\"https:\\\/\\\/www.webdo.tn\\\/fr\\\/?s={search_term_string}\"},\"query-input\":{\"@type\":\"PropertyValueSpecification\",\"valueRequired\":true,\"valueName\":\"search_term_string\"}}],\"inLanguage\":\"fr-FR\"},{\"@type\":\"Organization\",\"@id\":\"https:\\\/\\\/www.webdo.tn\\\/fr\\\/#organization\",\"name\":\"Webdo\",\"alternateName\":\"Webdo.tn\",\"url\":\"https:\\\/\\\/www.webdo.tn\\\/fr\\\/\",\"logo\":{\"@type\":\"ImageObject\",\"inLanguage\":\"fr-FR\",\"@id\":\"https:\\\/\\\/www.webdo.tn\\\/fr\\\/#\\\/schema\\\/logo\\\/image\\\/\",\"url\":\"https:\\\/\\\/www.webdo.tn\\\/fr\\\/wp-content\\\/uploads\\\/2025\\\/06\\\/Webdo-Tunisie_168377.jpg\",\"contentUrl\":\"https:\\\/\\\/www.webdo.tn\\\/fr\\\/wp-content\\\/uploads\\\/2025\\\/06\\\/Webdo-Tunisie_168377.jpg\",\"width\":301,\"height\":301,\"caption\":\"Webdo\"},\"image\":{\"@id\":\"https:\\\/\\\/www.webdo.tn\\\/fr\\\/#\\\/schema\\\/logo\\\/image\\\/\"},\"sameAs\":[\"https:\\\/\\\/www.facebook.com\\\/webdotn\",\"https:\\\/\\\/x.com\\\/webdo_tn\"],\"description\":\"Webdo est un m\u00e9dia num\u00e9rique tunisien fond\u00e9 en 2010, sp\u00e9cialis\u00e9 dans l\u2019actualit\u00e9 nationale et internationale, l\u2019\u00e9conomie, la soci\u00e9t\u00e9 et les analyses politiques. Le site s\u2019adresse \u00e0 un large public francophone et couvre l\u2019information tunisienne en temps r\u00e9el.\",\"email\":\"redac@webdo.tn\",\"legalName\":\"YNJ SARL\",\"foundingDate\":\"2010-09-06\",\"numberOfEmployees\":{\"@type\":\"QuantitativeValue\",\"minValue\":\"11\",\"maxValue\":\"50\"}},{\"@type\":\"Person\",\"@id\":\"https:\\\/\\\/www.webdo.tn\\\/fr\\\/#\\\/schema\\\/person\\\/16a4857e77dfc0b610c4c2cadffc9ac4\",\"name\":\"Mohamed Fethi\",\"image\":{\"@type\":\"ImageObject\",\"inLanguage\":\"fr-FR\",\"@id\":\"https:\\\/\\\/www.webdo.tn\\\/fr\\\/wp-content\\\/uploads\\\/2026\\\/04\\\/mohamed-fethi_avatar_1-96x96.jpg\",\"url\":\"https:\\\/\\\/www.webdo.tn\\\/fr\\\/wp-content\\\/uploads\\\/2026\\\/04\\\/mohamed-fethi_avatar_1-96x96.jpg\",\"contentUrl\":\"https:\\\/\\\/www.webdo.tn\\\/fr\\\/wp-content\\\/uploads\\\/2026\\\/04\\\/mohamed-fethi_avatar_1-96x96.jpg\",\"caption\":\"Mohamed Fethi\"},\"description\":\"Signature \u00e9ditoriale de Maher Chaabane Mohamed Fethi est le pseudonyme \u00e9ditorial de Maher Chaabane, r\u00e9dacteur en chef de Webdo.tn depuis 2012. Cette signature est d\u00e9di\u00e9e au traitement intensif de l'actualit\u00e9 nationale et internationale en temps r\u00e9el. S'appuyant sur les deux d\u00e9cennies d'expertise journalistique de Maher Chaabane \u2014 d\u00e9but\u00e9e au sein du groupe Tunis Hebdo en 2000 \u2014 Mohamed Fethi assure une veille rigoureuse sur les enjeux politiques, \u00e9conomiques et sportifs. Sa mission est de garantir une information structur\u00e9e, fluide et fid\u00e8le aux standards de la r\u00e9daction. Pour consulter le parcours complet du r\u00e9dacteur en chef, visitez le profil officiel de Maher Chaabane.\",\"knowsAbout\":[\"actualit\u00e9\",\"journalisme\",\"information\",\"politique\",\"sport\",\"m\u00e9dias\",\"actualit\u00e9 internationale\"],\"knowsLanguage\":[\"Fran\u00e7ais\",\"Arabe\"],\"jobTitle\":\"Journaliste \u2013 R\u00e9daction Webdo\",\"worksFor\":\"Webdo.tn\",\"url\":\"https:\\\/\\\/www.webdo.tn\\\/fr\\\/actualite\\\/author\\\/mohamed-fethi\\\/\"}]}<\/script>\n<!-- \/ Yoast SEO Premium plugin. -->","yoast_head_json":{"title":"Trois avions de chasse am\u00e9ricains abattus par erreur par le Kowe\u00eft - webdo","description":"Un \u00e9v\u00e9nement militaire majeur : trois avions de chasse am\u00e9ricains abattus par erreur par le Kowe\u00eft. Les pilotes sont sains et saufs.","canonical":"https:\/\/www.webdo.tn\/fr\/actualite\/international\/trois-avions-de-chasse-americains-abattus-par-erreur-par-le-koweit\/393980\/","og_locale":"fr_FR","og_type":"article","og_title":"Trois avions de chasse am\u00e9ricains abattus par erreur par le Kowe\u00eft","og_description":"Un \u00e9v\u00e9nement militaire majeur : trois avions de chasse am\u00e9ricains abattus par erreur par le Kowe\u00eft. Les pilotes sont sains et saufs.","og_url":"https:\/\/www.webdo.tn\/fr\/actualite\/international\/trois-avions-de-chasse-americains-abattus-par-erreur-par-le-koweit\/393980\/","og_site_name":"webdo","article_publisher":"https:\/\/www.facebook.com\/webdotn","article_published_time":"2026-03-02T11:52:52+00:00","article_modified_time":"2026-03-02T11:52:54+00:00","og_image":[{"width":1202,"height":600,"url":"https:\/\/www.webdo.tn\/fr\/wp-content\/uploads\/2026\/03\/F15.jpg","type":"image\/jpeg"}],"author":"Mohamed Fethi","twitter_card":"summary_large_image","twitter_creator":"@webdo_tn","twitter_site":"@webdo_tn","twitter_misc":{"\u00c9crit par":"Mohamed Fethi","Dur\u00e9e de lecture estim\u00e9e":"1 minute"},"schema":{"@context":"https:\/\/schema.org","@graph":[{"@type":"NewsArticle","@id":"https:\/\/www.webdo.tn\/fr\/actualite\/international\/trois-avions-de-chasse-americains-abattus-par-erreur-par-le-koweit\/393980\/#article","isPartOf":{"@id":"https:\/\/www.webdo.tn\/fr\/actualite\/international\/trois-avions-de-chasse-americains-abattus-par-erreur-par-le-koweit\/393980\/"},"author":{"name":"Mohamed Fethi","@id":"https:\/\/www.webdo.tn\/fr\/#\/schema\/person\/16a4857e77dfc0b610c4c2cadffc9ac4"},"headline":"Trois avions de chasse am\u00e9ricains abattus par erreur par le Kowe\u00eft","datePublished":"2026-03-02T11:52:52+00:00","dateModified":"2026-03-02T11:52:54+00:00","mainEntityOfPage":{"@id":"https:\/\/www.webdo.tn\/fr\/actualite\/international\/trois-avions-de-chasse-americains-abattus-par-erreur-par-le-koweit\/393980\/"},"wordCount":261,"publisher":{"@id":"https:\/\/www.webdo.tn\/fr\/#organization"},"image":{"@id":"https:\/\/www.webdo.tn\/fr\/actualite\/international\/trois-avions-de-chasse-americains-abattus-par-erreur-par-le-koweit\/393980\/#primaryimage"},"thumbnailUrl":"https:\/\/www.webdo.tn\/fr\/wp-content\/uploads\/2026\/03\/F15.jpg","keywords":["avion de chasse","Etats-Unis","incident","Iran","kowe\u00eft"],"articleSection":["International"],"inLanguage":"fr-FR"},{"@type":"WebPage","@id":"https:\/\/www.webdo.tn\/fr\/actualite\/international\/trois-avions-de-chasse-americains-abattus-par-erreur-par-le-koweit\/393980\/","url":"https:\/\/www.webdo.tn\/fr\/actualite\/international\/trois-avions-de-chasse-americains-abattus-par-erreur-par-le-koweit\/393980\/","name":"Trois avions de chasse am\u00e9ricains abattus par erreur par le Kowe\u00eft - webdo","isPartOf":{"@id":"https:\/\/www.webdo.tn\/fr\/#website"},"primaryImageOfPage":{"@id":"https:\/\/www.webdo.tn\/fr\/actualite\/international\/trois-avions-de-chasse-americains-abattus-par-erreur-par-le-koweit\/393980\/#primaryimage"},"image":{"@id":"https:\/\/www.webdo.tn\/fr\/actualite\/international\/trois-avions-de-chasse-americains-abattus-par-erreur-par-le-koweit\/393980\/#primaryimage"},"thumbnailUrl":"https:\/\/www.webdo.tn\/fr\/wp-content\/uploads\/2026\/03\/F15.jpg","datePublished":"2026-03-02T11:52:52+00:00","dateModified":"2026-03-02T11:52:54+00:00","description":"Un \u00e9v\u00e9nement militaire majeur : trois avions de chasse am\u00e9ricains abattus par erreur par le Kowe\u00eft. Les pilotes sont sains et saufs.","breadcrumb":{"@id":"https:\/\/www.webdo.tn\/fr\/actualite\/international\/trois-avions-de-chasse-americains-abattus-par-erreur-par-le-koweit\/393980\/#breadcrumb"},"inLanguage":"fr-FR","potentialAction":[{"@type":"ReadAction","target":["https:\/\/www.webdo.tn\/fr\/actualite\/international\/trois-avions-de-chasse-americains-abattus-par-erreur-par-le-koweit\/393980\/"]}]},{"@type":"ImageObject","inLanguage":"fr-FR","@id":"https:\/\/www.webdo.tn\/fr\/actualite\/international\/trois-avions-de-chasse-americains-abattus-par-erreur-par-le-koweit\/393980\/#primaryimage","url":"https:\/\/www.webdo.tn\/fr\/wp-content\/uploads\/2026\/03\/F15.jpg","contentUrl":"https:\/\/www.webdo.tn\/fr\/wp-content\/uploads\/2026\/03\/F15.jpg","width":1202,"height":600,"caption":"\ud83c\uddf0\ud83c\uddfc\ud83c\uddfa\ud83c\uddf8\u2708\ufe0f ALERTE INFO | Un avion de chasse am\u00e9ricain F-15 s&#39;\u00e9crase au Kowe\u00eft. pic.twitter.com\/tfZ1YBGXLe&mdash; Citizen M\u00e9dia \ud83d\uddde\ufe0f (@CitizenMediaFR) March 2, 2026"},{"@type":"BreadcrumbList","@id":"https:\/\/www.webdo.tn\/fr\/actualite\/international\/trois-avions-de-chasse-americains-abattus-par-erreur-par-le-koweit\/393980\/#breadcrumb","itemListElement":[{"@type":"ListItem","position":1,"name":"Accueil","item":"https:\/\/www.webdo.tn\/fr\/"},{"@type":"ListItem","position":2,"name":"Trois avions de chasse am\u00e9ricains abattus par erreur par le Kowe\u00eft"}]},{"@type":"WebSite","@id":"https:\/\/www.webdo.tn\/fr\/#website","url":"https:\/\/www.webdo.tn\/fr\/","name":"webdo","description":"Tunisie - News en Tunisie et \u00e0 l&#039;international sur Webdo.tn","publisher":{"@id":"https:\/\/www.webdo.tn\/fr\/#organization"},"potentialAction":[{"@type":"SearchAction","target":{"@type":"EntryPoint","urlTemplate":"https:\/\/www.webdo.tn\/fr\/?s={search_term_string}"},"query-input":{"@type":"PropertyValueSpecification","valueRequired":true,"valueName":"search_term_string"}}],"inLanguage":"fr-FR"},{"@type":"Organization","@id":"https:\/\/www.webdo.tn\/fr\/#organization","name":"Webdo","alternateName":"Webdo.tn","url":"https:\/\/www.webdo.tn\/fr\/","logo":{"@type":"ImageObject","inLanguage":"fr-FR","@id":"https:\/\/www.webdo.tn\/fr\/#\/schema\/logo\/image\/","url":"https:\/\/www.webdo.tn\/fr\/wp-content\/uploads\/2025\/06\/Webdo-Tunisie_168377.jpg","contentUrl":"https:\/\/www.webdo.tn\/fr\/wp-content\/uploads\/2025\/06\/Webdo-Tunisie_168377.jpg","width":301,"height":301,"caption":"Webdo"},"image":{"@id":"https:\/\/www.webdo.tn\/fr\/#\/schema\/logo\/image\/"},"sameAs":["https:\/\/www.facebook.com\/webdotn","https:\/\/x.com\/webdo_tn"],"description":"Webdo est un m\u00e9dia num\u00e9rique tunisien fond\u00e9 en 2010, sp\u00e9cialis\u00e9 dans l\u2019actualit\u00e9 nationale et internationale, l\u2019\u00e9conomie, la soci\u00e9t\u00e9 et les analyses politiques. Le site s\u2019adresse \u00e0 un large public francophone et couvre l\u2019information tunisienne en temps r\u00e9el.","email":"redac@webdo.tn","legalName":"YNJ SARL","foundingDate":"2010-09-06","numberOfEmployees":{"@type":"QuantitativeValue","minValue":"11","maxValue":"50"}},{"@type":"Person","@id":"https:\/\/www.webdo.tn\/fr\/#\/schema\/person\/16a4857e77dfc0b610c4c2cadffc9ac4","name":"Mohamed Fethi","image":{"@type":"ImageObject","inLanguage":"fr-FR","@id":"https:\/\/www.webdo.tn\/fr\/wp-content\/uploads\/2026\/04\/mohamed-fethi_avatar_1-96x96.jpg","url":"https:\/\/www.webdo.tn\/fr\/wp-content\/uploads\/2026\/04\/mohamed-fethi_avatar_1-96x96.jpg","contentUrl":"https:\/\/www.webdo.tn\/fr\/wp-content\/uploads\/2026\/04\/mohamed-fethi_avatar_1-96x96.jpg","caption":"Mohamed Fethi"},"description":"Signature \u00e9ditoriale de Maher Chaabane Mohamed Fethi est le pseudonyme \u00e9ditorial de Maher Chaabane, r\u00e9dacteur en chef de Webdo.tn depuis 2012. Cette signature est d\u00e9di\u00e9e au traitement intensif de l'actualit\u00e9 nationale et internationale en temps r\u00e9el. S'appuyant sur les deux d\u00e9cennies d'expertise journalistique de Maher Chaabane \u2014 d\u00e9but\u00e9e au sein du groupe Tunis Hebdo en 2000 \u2014 Mohamed Fethi assure une veille rigoureuse sur les enjeux politiques, \u00e9conomiques et sportifs. Sa mission est de garantir une information structur\u00e9e, fluide et fid\u00e8le aux standards de la r\u00e9daction. Pour consulter le parcours complet du r\u00e9dacteur en chef, visitez le profil officiel de Maher Chaabane.","knowsAbout":["actualit\u00e9","journalisme","information","politique","sport","m\u00e9dias","actualit\u00e9 internationale"],"knowsLanguage":["Fran\u00e7ais","Arabe"],"jobTitle":"Journaliste \u2013 R\u00e9daction Webdo","worksFor":"Webdo.tn","url":"https:\/\/www.webdo.tn\/fr\/actualite\/author\/mohamed-fethi\/"}]}},"_links":{"self":[{"href":"https:\/\/www.webdo.tn\/fr\/wp-json\/wp\/v2\/posts\/393980","targetHints":{"allow":["GET"]}}],"collection":[{"href":"https:\/\/www.webdo.tn\/fr\/wp-json\/wp\/v2\/posts"}],"about":[{"href":"https:\/\/www.webdo.tn\/fr\/wp-json\/wp\/v2\/types\/post"}],"author":[{"embeddable":true,"href":"https:\/\/www.webdo.tn\/fr\/wp-json\/wp\/v2\/users\/4782"}],"replies":[{"embeddable":true,"href":"https:\/\/www.webdo.tn\/fr\/wp-json\/wp\/v2\/comments?post=393980"}],"version-history":[{"count":0,"href":"https:\/\/www.webdo.tn\/fr\/wp-json\/wp\/v2\/posts\/393980\/revisions"}],"wp:featuredmedia":[{"embeddable":true,"href":"https:\/\/www.webdo.tn\/fr\/wp-json\/wp\/v2\/media\/393981"}],"wp:attachment":[{"href":"https:\/\/www.webdo.tn\/fr\/wp-json\/wp\/v2\/media?parent=393980"}],"wp:term":[{"taxonomy":"category","embeddable":true,"href":"https:\/\/www.webdo.tn\/fr\/wp-json\/wp\/v2\/categories?post=393980"},{"taxonomy":"post_tag","embeddable":true,"href":"https:\/\/www.webdo.tn\/fr\/wp-json\/wp\/v2\/tags?post=393980"}],"curies":[{"name":"wp","href":"https:\/\/api.w.org\/{rel}","templated":true}]}}