{"id":393969,"date":"2026-03-02T10:48:46","date_gmt":"2026-03-02T09:48:46","guid":{"rendered":"https:\/\/www.webdo.tn\/fr\/?p=393969"},"modified":"2026-03-02T10:48:49","modified_gmt":"2026-03-02T09:48:49","slug":"tunisie-ligue-1-bilan-de-la-22eme-journee-et-programme-de-la-23eme","status":"publish","type":"post","link":"https:\/\/www.webdo.tn\/fr\/actualite\/sport\/tunisie-ligue-1-bilan-de-la-22eme-journee-et-programme-de-la-23eme\/393969\/","title":{"rendered":"Tunisie &#8211; Ligue 1 : Bilan de la 22\u00e8me journ\u00e9e et programme de la 23\u00e8me"},"content":{"rendered":"\n<p><strong>La 22e journ\u00e9e du championnat de Ligue 1 a \u00e9t\u00e9 marqu\u00e9e par des victoires nettes du trio de t\u00eate, tandis que plusieurs confrontations directes ont resserr\u00e9 les \u00e9carts au classement. A l\u2019approche de la 23e journ\u00e9e, pr\u00e9vue du 6 au 8 mars, la lutte pour le haut du tableau comme pour le maintien s\u2019annonce plus disput\u00e9e que jamais.<\/strong><\/p>\n\n\n\n<h2 class=\"wp-block-heading\" id=\"h-resultats-de-la-22-eme-journee\">R\u00e9sultats de la 22<sup>\u00e8me<\/sup> journ\u00e9e<\/h2>\n\n\n\n<ul class=\"wp-block-list\">\n<li>JS Omrane \u2013 US Ben Guerdane 2-1<\/li>\n\n\n\n<li>ES Zarzis \u2013 JS Kairouanaise 1-1<\/li>\n\n\n\n<li>AS Marsa \u2013 Stade Tunisien 0-4<\/li>\n\n\n\n<li>ES Sahel \u2013 AS Soliman 1-0<\/li>\n\n\n\n<li>CA Bizertin \u2013 US Monastirienne 0-0<\/li>\n\n\n\n<li>Olympique de B\u00e9ja \u2013 ES Tunis 0-3<\/li>\n\n\n\n<li>Club Africain \u2013 ES M\u00e9tlaoui 5-0<\/li>\n\n\n\n<li>CS Sfaxien \u2013 AS Gabes 1-0<\/li>\n<\/ul>\n\n\n\n<h2 class=\"wp-block-heading\" id=\"h-classement\">Classement<\/h2>\n\n\n\n<figure class=\"wp-block-image size-full\"><img decoding=\"async\" width=\"476\" height=\"764\" src=\"https:\/\/www.webdo.tn\/fr\/wp-content\/uploads\/2026\/03\/Capture-decran-2026-03-02-103908.png\" alt=\"\" class=\"wp-image-393970\" srcset=\"https:\/\/www.webdo.tn\/fr\/wp-content\/uploads\/2026\/03\/Capture-decran-2026-03-02-103908.png 476w, https:\/\/www.webdo.tn\/fr\/wp-content\/uploads\/2026\/03\/Capture-decran-2026-03-02-103908-187x300.png 187w\" sizes=\"(max-width: 476px) 100vw, 476px\" \/><\/figure>\n\n\n\n<h2 class=\"wp-block-heading\" id=\"h-classement-des-buteurs\">Classement des buteurs<\/h2>\n\n\n\n<p>Voici le classement des meilleurs buteurs du championnat de Ligue 1 en marge de la 22\u00e8me journ\u00e9e :<\/p>\n\n\n\n<ul class=\"wp-block-list\">\n<li>12 buts : Firas Chawat (Club Africain)<\/li>\n\n\n\n<li>8 buts : Amadou Dia Ndiaye (Stade Tunisien), Omar Ben Ali (CS Sfaxien)<\/li>\n\n\n\n<li>7 buts : Ahmed Hadhri (AS Marsa), Hichem Baccar (CS Sfaxien)<\/li>\n\n\n\n<li>6 buts : Innocent Nshuti (ES Zarzis), Ahmed Ouled Behi (ES M\u00e9tlaoui), Moomen Rahmani (ES Zarzis), Iyed Belwafi (CS Sfaxien), Kouceila Boualia (ES Tunis), Achraf Jabri (ES Tunis)<\/li>\n\n\n\n<li>5 buts : Stanley Oguh (ES Zarzis), Yan Sasse (ES Tunis), Abdoulaye Kanou (JS Kairouanaise)<\/li>\n<\/ul>\n\n\n\n<h2 class=\"wp-block-heading\" id=\"h-programme-de-la-23-eme-journee\">Programme de la 23<sup>\u00e8me<\/sup> journ\u00e9e<\/h2>\n\n\n\n<p>Les matchs de la 23\u00e8me journ\u00e9e du championnat de Ligue 1 se tiendront le vendredi 6, le samedi 7 et le dimanche 8 mars 2026, \u00e0 partir de 13 heures.<\/p>\n\n\n\n<p>Vendredi 6 mars<\/p>\n\n\n\n<ul class=\"wp-block-list\">\n<li>AS Soliman &#8211; ES Zarzis<\/li>\n\n\n\n<li>AS Gab\u00e8s &#8211; JS Omrane<\/li>\n<\/ul>\n\n\n\n<p>Samedi 7 mars<\/p>\n\n\n\n<ul class=\"wp-block-list\">\n<li>ES Tunis &#8211; AS Marsa<\/li>\n\n\n\n<li>US Monastirienne &#8211; CS Sfaxien<\/li>\n\n\n\n<li>ES M\u00e9tlaoui &#8211; Olympique de B\u00e9ja<\/li>\n<\/ul>\n\n\n\n<p>Dimanche 8 mars<\/p>\n\n\n\n<ul class=\"wp-block-list\">\n<li>Stade tunisien &#8211; ES Sahel<\/li>\n\n\n\n<li>JS Kairouanaise &#8211; CA Bizertin<\/li>\n\n\n\n<li>US Ben Guerdane &#8211; Club africain<\/li>\n<\/ul>\n\n\n\n<p><\/p>\n\n\n\n<blockquote class=\"wp-block-quote is-layout-flow wp-block-quote-is-layout-flow\">\n<blockquote class=\"wp-block-quote is-layout-flow wp-block-quote-is-layout-flow\">\n<p><strong>Lire aussi :<\/strong><\/p>\n\n\n\n<ul class=\"wp-block-list\">\n<li><a href=\"https:\/\/www.webdo.tn\/fr\/actualite\/sport\/ligue-1-22eme-j-lest-et-le-ca-en-demonstration\/393947\/\">Ligue 1 | 22\u00e8me J. : L\u2019EST et le CA en d\u00e9monstration<\/a><\/li>\n\n\n\n<li><a href=\"https:\/\/www.webdo.tn\/fr\/actualite\/sport\/ligue-1-lesperance-soffre-le-petit-derby-et-retrouve-le-leadership\/393544\/\">Ligue 1 : L\u2019Esp\u00e9rance s\u2019offre le petit derby et retrouve le leadership<\/a><\/li>\n<\/ul>\n<\/blockquote>\n<\/blockquote>\n","protected":false},"excerpt":{"rendered":"<p>La 22e journ\u00e9e du championnat de Ligue 1 a \u00e9t\u00e9 marqu\u00e9e par des victoires nettes du trio de t\u00eate, tandis que plusieurs confrontations directes ont resserr\u00e9 les \u00e9carts au classement. A l\u2019approche de la 23e journ\u00e9e, pr\u00e9vue du 6 au 8 mars, la lutte pour le haut du tableau comme pour le maintien s\u2019annonce plus [&hellip;]<\/p>\n","protected":false},"author":4782,"featured_media":393971,"comment_status":"closed","ping_status":"closed","sticky":false,"template":"","format":"standard","meta":{"footnotes":""},"categories":[2593],"tags":[3738,2622,2777,2608],"class_list":["post-393969","post","type-post","status-publish","format-standard","has-post-thumbnail","hentry","category-sport","tag-championnat-de-tunisie","tag-football","tag-ligue-1","tag-tunisie"],"yoast_head":"<!-- This site is optimized with the Yoast SEO Premium plugin v27.4 (Yoast SEO v27.5) - https:\/\/yoast.com\/product\/yoast-seo-premium-wordpress\/ -->\n<title>Tunisie - Ligue 1 : Bilan de la 22\u00e8me journ\u00e9e et programme de la 23\u00e8me - webdo<\/title>\n<meta name=\"description\" content=\"Informez-vous sur les r\u00e9sultats marquants de la 22\u00e8me journ\u00e9e de la Ligue 1 en Tunisie et le programme pour la 23\u00e8me journ\u00e9e.\" \/>\n<link rel=\"canonical\" href=\"https:\/\/www.webdo.tn\/fr\/actualite\/sport\/tunisie-ligue-1-bilan-de-la-22eme-journee-et-programme-de-la-23eme\/393969\/\" \/>\n<meta property=\"og:locale\" content=\"fr_FR\" \/>\n<meta property=\"og:type\" content=\"article\" \/>\n<meta property=\"og:title\" content=\"Tunisie - Ligue 1 : Bilan de la 22\u00e8me journ\u00e9e et programme de la 23\u00e8me\" \/>\n<meta property=\"og:description\" content=\"Informez-vous sur les r\u00e9sultats marquants de la 22\u00e8me journ\u00e9e de la Ligue 1 en Tunisie et le programme pour la 23\u00e8me journ\u00e9e.\" \/>\n<meta property=\"og:url\" content=\"https:\/\/www.webdo.tn\/fr\/actualite\/sport\/tunisie-ligue-1-bilan-de-la-22eme-journee-et-programme-de-la-23eme\/393969\/\" \/>\n<meta property=\"og:site_name\" content=\"webdo\" \/>\n<meta property=\"article:publisher\" content=\"https:\/\/www.facebook.com\/webdotn\" \/>\n<meta property=\"article:published_time\" content=\"2026-03-02T09:48:46+00:00\" \/>\n<meta property=\"article:modified_time\" content=\"2026-03-02T09:48:49+00:00\" \/>\n<meta property=\"og:image\" content=\"https:\/\/www.webdo.tn\/fr\/wp-content\/uploads\/2026\/03\/642344852_1360640456094440_1531877391610306798_n.jpg\" \/>\n\t<meta property=\"og:image:width\" content=\"1200\" \/>\n\t<meta property=\"og:image:height\" content=\"603\" \/>\n\t<meta property=\"og:image:type\" content=\"image\/jpeg\" \/>\n<meta name=\"author\" content=\"Mohamed Fethi\" \/>\n<meta name=\"twitter:card\" content=\"summary_large_image\" \/>\n<meta name=\"twitter:creator\" content=\"@webdo_tn\" \/>\n<meta name=\"twitter:site\" content=\"@webdo_tn\" \/>\n<meta name=\"twitter:label1\" content=\"\u00c9crit par\" \/>\n\t<meta name=\"twitter:data1\" content=\"Mohamed Fethi\" \/>\n\t<meta name=\"twitter:label2\" content=\"Dur\u00e9e de lecture estim\u00e9e\" \/>\n\t<meta name=\"twitter:data2\" content=\"2 minutes\" \/>\n<script type=\"application\/ld+json\" class=\"yoast-schema-graph\">{\"@context\":\"https:\\\/\\\/schema.org\",\"@graph\":[{\"@type\":\"NewsArticle\",\"@id\":\"https:\\\/\\\/www.webdo.tn\\\/fr\\\/actualite\\\/sport\\\/tunisie-ligue-1-bilan-de-la-22eme-journee-et-programme-de-la-23eme\\\/393969\\\/#article\",\"isPartOf\":{\"@id\":\"https:\\\/\\\/www.webdo.tn\\\/fr\\\/actualite\\\/sport\\\/tunisie-ligue-1-bilan-de-la-22eme-journee-et-programme-de-la-23eme\\\/393969\\\/\"},\"author\":{\"name\":\"Mohamed Fethi\",\"@id\":\"https:\\\/\\\/www.webdo.tn\\\/fr\\\/#\\\/schema\\\/person\\\/16a4857e77dfc0b610c4c2cadffc9ac4\"},\"headline\":\"Tunisie &#8211; Ligue 1 : Bilan de la 22\u00e8me journ\u00e9e et programme de la 23\u00e8me\",\"datePublished\":\"2026-03-02T09:48:46+00:00\",\"dateModified\":\"2026-03-02T09:48:49+00:00\",\"mainEntityOfPage\":{\"@id\":\"https:\\\/\\\/www.webdo.tn\\\/fr\\\/actualite\\\/sport\\\/tunisie-ligue-1-bilan-de-la-22eme-journee-et-programme-de-la-23eme\\\/393969\\\/\"},\"wordCount\":321,\"publisher\":{\"@id\":\"https:\\\/\\\/www.webdo.tn\\\/fr\\\/#organization\"},\"image\":{\"@id\":\"https:\\\/\\\/www.webdo.tn\\\/fr\\\/actualite\\\/sport\\\/tunisie-ligue-1-bilan-de-la-22eme-journee-et-programme-de-la-23eme\\\/393969\\\/#primaryimage\"},\"thumbnailUrl\":\"https:\\\/\\\/www.webdo.tn\\\/fr\\\/wp-content\\\/uploads\\\/2026\\\/03\\\/642344852_1360640456094440_1531877391610306798_n.jpg\",\"keywords\":[\"championnat de tunisie\",\"football\",\"Ligue 1\",\"Tunisie\"],\"articleSection\":[\"Sport\"],\"inLanguage\":\"fr-FR\"},{\"@type\":\"WebPage\",\"@id\":\"https:\\\/\\\/www.webdo.tn\\\/fr\\\/actualite\\\/sport\\\/tunisie-ligue-1-bilan-de-la-22eme-journee-et-programme-de-la-23eme\\\/393969\\\/\",\"url\":\"https:\\\/\\\/www.webdo.tn\\\/fr\\\/actualite\\\/sport\\\/tunisie-ligue-1-bilan-de-la-22eme-journee-et-programme-de-la-23eme\\\/393969\\\/\",\"name\":\"Tunisie - Ligue 1 : Bilan de la 22\u00e8me journ\u00e9e et programme de la 23\u00e8me - webdo\",\"isPartOf\":{\"@id\":\"https:\\\/\\\/www.webdo.tn\\\/fr\\\/#website\"},\"primaryImageOfPage\":{\"@id\":\"https:\\\/\\\/www.webdo.tn\\\/fr\\\/actualite\\\/sport\\\/tunisie-ligue-1-bilan-de-la-22eme-journee-et-programme-de-la-23eme\\\/393969\\\/#primaryimage\"},\"image\":{\"@id\":\"https:\\\/\\\/www.webdo.tn\\\/fr\\\/actualite\\\/sport\\\/tunisie-ligue-1-bilan-de-la-22eme-journee-et-programme-de-la-23eme\\\/393969\\\/#primaryimage\"},\"thumbnailUrl\":\"https:\\\/\\\/www.webdo.tn\\\/fr\\\/wp-content\\\/uploads\\\/2026\\\/03\\\/642344852_1360640456094440_1531877391610306798_n.jpg\",\"datePublished\":\"2026-03-02T09:48:46+00:00\",\"dateModified\":\"2026-03-02T09:48:49+00:00\",\"description\":\"Informez-vous sur les r\u00e9sultats marquants de la 22\u00e8me journ\u00e9e de la Ligue 1 en Tunisie et le programme pour la 23\u00e8me journ\u00e9e.\",\"breadcrumb\":{\"@id\":\"https:\\\/\\\/www.webdo.tn\\\/fr\\\/actualite\\\/sport\\\/tunisie-ligue-1-bilan-de-la-22eme-journee-et-programme-de-la-23eme\\\/393969\\\/#breadcrumb\"},\"inLanguage\":\"fr-FR\",\"potentialAction\":[{\"@type\":\"ReadAction\",\"target\":[\"https:\\\/\\\/www.webdo.tn\\\/fr\\\/actualite\\\/sport\\\/tunisie-ligue-1-bilan-de-la-22eme-journee-et-programme-de-la-23eme\\\/393969\\\/\"]}]},{\"@type\":\"ImageObject\",\"inLanguage\":\"fr-FR\",\"@id\":\"https:\\\/\\\/www.webdo.tn\\\/fr\\\/actualite\\\/sport\\\/tunisie-ligue-1-bilan-de-la-22eme-journee-et-programme-de-la-23eme\\\/393969\\\/#primaryimage\",\"url\":\"https:\\\/\\\/www.webdo.tn\\\/fr\\\/wp-content\\\/uploads\\\/2026\\\/03\\\/642344852_1360640456094440_1531877391610306798_n.jpg\",\"contentUrl\":\"https:\\\/\\\/www.webdo.tn\\\/fr\\\/wp-content\\\/uploads\\\/2026\\\/03\\\/642344852_1360640456094440_1531877391610306798_n.jpg\",\"width\":1200,\"height\":603,\"caption\":\"Tunisie - Ligue 1 : Bilan de la 22\u00e8me journ\u00e9e et programme de la 23\u00e8me\"},{\"@type\":\"BreadcrumbList\",\"@id\":\"https:\\\/\\\/www.webdo.tn\\\/fr\\\/actualite\\\/sport\\\/tunisie-ligue-1-bilan-de-la-22eme-journee-et-programme-de-la-23eme\\\/393969\\\/#breadcrumb\",\"itemListElement\":[{\"@type\":\"ListItem\",\"position\":1,\"name\":\"Accueil\",\"item\":\"https:\\\/\\\/www.webdo.tn\\\/fr\\\/\"},{\"@type\":\"ListItem\",\"position\":2,\"name\":\"Tunisie &#8211; Ligue 1 : Bilan de la 22\u00e8me journ\u00e9e et programme de la 23\u00e8me\"}]},{\"@type\":\"WebSite\",\"@id\":\"https:\\\/\\\/www.webdo.tn\\\/fr\\\/#website\",\"url\":\"https:\\\/\\\/www.webdo.tn\\\/fr\\\/\",\"name\":\"webdo\",\"description\":\"Tunisie - News en Tunisie et \u00e0 l&#039;international sur Webdo.tn\",\"publisher\":{\"@id\":\"https:\\\/\\\/www.webdo.tn\\\/fr\\\/#organization\"},\"potentialAction\":[{\"@type\":\"SearchAction\",\"target\":{\"@type\":\"EntryPoint\",\"urlTemplate\":\"https:\\\/\\\/www.webdo.tn\\\/fr\\\/?s={search_term_string}\"},\"query-input\":{\"@type\":\"PropertyValueSpecification\",\"valueRequired\":true,\"valueName\":\"search_term_string\"}}],\"inLanguage\":\"fr-FR\"},{\"@type\":\"Organization\",\"@id\":\"https:\\\/\\\/www.webdo.tn\\\/fr\\\/#organization\",\"name\":\"Webdo\",\"alternateName\":\"Webdo.tn\",\"url\":\"https:\\\/\\\/www.webdo.tn\\\/fr\\\/\",\"logo\":{\"@type\":\"ImageObject\",\"inLanguage\":\"fr-FR\",\"@id\":\"https:\\\/\\\/www.webdo.tn\\\/fr\\\/#\\\/schema\\\/logo\\\/image\\\/\",\"url\":\"https:\\\/\\\/www.webdo.tn\\\/fr\\\/wp-content\\\/uploads\\\/2025\\\/06\\\/Webdo-Tunisie_168377.jpg\",\"contentUrl\":\"https:\\\/\\\/www.webdo.tn\\\/fr\\\/wp-content\\\/uploads\\\/2025\\\/06\\\/Webdo-Tunisie_168377.jpg\",\"width\":301,\"height\":301,\"caption\":\"Webdo\"},\"image\":{\"@id\":\"https:\\\/\\\/www.webdo.tn\\\/fr\\\/#\\\/schema\\\/logo\\\/image\\\/\"},\"sameAs\":[\"https:\\\/\\\/www.facebook.com\\\/webdotn\",\"https:\\\/\\\/x.com\\\/webdo_tn\"],\"description\":\"Webdo est un m\u00e9dia num\u00e9rique tunisien fond\u00e9 en 2010, sp\u00e9cialis\u00e9 dans l\u2019actualit\u00e9 nationale et internationale, l\u2019\u00e9conomie, la soci\u00e9t\u00e9 et les analyses politiques. Le site s\u2019adresse \u00e0 un large public francophone et couvre l\u2019information tunisienne en temps r\u00e9el.\",\"email\":\"redac@webdo.tn\",\"legalName\":\"YNJ SARL\",\"foundingDate\":\"2010-09-06\",\"numberOfEmployees\":{\"@type\":\"QuantitativeValue\",\"minValue\":\"11\",\"maxValue\":\"50\"}},{\"@type\":\"Person\",\"@id\":\"https:\\\/\\\/www.webdo.tn\\\/fr\\\/#\\\/schema\\\/person\\\/16a4857e77dfc0b610c4c2cadffc9ac4\",\"name\":\"Mohamed Fethi\",\"image\":{\"@type\":\"ImageObject\",\"inLanguage\":\"fr-FR\",\"@id\":\"https:\\\/\\\/www.webdo.tn\\\/fr\\\/wp-content\\\/uploads\\\/2026\\\/04\\\/mohamed-fethi_avatar_1-96x96.jpg\",\"url\":\"https:\\\/\\\/www.webdo.tn\\\/fr\\\/wp-content\\\/uploads\\\/2026\\\/04\\\/mohamed-fethi_avatar_1-96x96.jpg\",\"contentUrl\":\"https:\\\/\\\/www.webdo.tn\\\/fr\\\/wp-content\\\/uploads\\\/2026\\\/04\\\/mohamed-fethi_avatar_1-96x96.jpg\",\"caption\":\"Mohamed Fethi\"},\"description\":\"Signature \u00e9ditoriale de Maher Chaabane Mohamed Fethi est le pseudonyme \u00e9ditorial de Maher Chaabane, r\u00e9dacteur en chef de Webdo.tn depuis 2012. Cette signature est d\u00e9di\u00e9e au traitement intensif de l'actualit\u00e9 nationale et internationale en temps r\u00e9el. S'appuyant sur les deux d\u00e9cennies d'expertise journalistique de Maher Chaabane \u2014 d\u00e9but\u00e9e au sein du groupe Tunis Hebdo en 2000 \u2014 Mohamed Fethi assure une veille rigoureuse sur les enjeux politiques, \u00e9conomiques et sportifs. Sa mission est de garantir une information structur\u00e9e, fluide et fid\u00e8le aux standards de la r\u00e9daction. Pour consulter le parcours complet du r\u00e9dacteur en chef, visitez le profil officiel de Maher Chaabane.\",\"knowsAbout\":[\"actualit\u00e9\",\"journalisme\",\"information\",\"politique\",\"sport\",\"m\u00e9dias\",\"actualit\u00e9 internationale\"],\"knowsLanguage\":[\"Fran\u00e7ais\",\"Arabe\"],\"jobTitle\":\"Journaliste \u2013 R\u00e9daction Webdo\",\"worksFor\":\"Webdo.tn\",\"url\":\"https:\\\/\\\/www.webdo.tn\\\/fr\\\/actualite\\\/author\\\/mohamed-fethi\\\/\"}]}<\/script>\n<!-- \/ Yoast SEO Premium plugin. -->","yoast_head_json":{"title":"Tunisie - Ligue 1 : Bilan de la 22\u00e8me journ\u00e9e et programme de la 23\u00e8me - webdo","description":"Informez-vous sur les r\u00e9sultats marquants de la 22\u00e8me journ\u00e9e de la Ligue 1 en Tunisie et le programme pour la 23\u00e8me journ\u00e9e.","canonical":"https:\/\/www.webdo.tn\/fr\/actualite\/sport\/tunisie-ligue-1-bilan-de-la-22eme-journee-et-programme-de-la-23eme\/393969\/","og_locale":"fr_FR","og_type":"article","og_title":"Tunisie - Ligue 1 : Bilan de la 22\u00e8me journ\u00e9e et programme de la 23\u00e8me","og_description":"Informez-vous sur les r\u00e9sultats marquants de la 22\u00e8me journ\u00e9e de la Ligue 1 en Tunisie et le programme pour la 23\u00e8me journ\u00e9e.","og_url":"https:\/\/www.webdo.tn\/fr\/actualite\/sport\/tunisie-ligue-1-bilan-de-la-22eme-journee-et-programme-de-la-23eme\/393969\/","og_site_name":"webdo","article_publisher":"https:\/\/www.facebook.com\/webdotn","article_published_time":"2026-03-02T09:48:46+00:00","article_modified_time":"2026-03-02T09:48:49+00:00","og_image":[{"width":1200,"height":603,"url":"https:\/\/www.webdo.tn\/fr\/wp-content\/uploads\/2026\/03\/642344852_1360640456094440_1531877391610306798_n.jpg","type":"image\/jpeg"}],"author":"Mohamed Fethi","twitter_card":"summary_large_image","twitter_creator":"@webdo_tn","twitter_site":"@webdo_tn","twitter_misc":{"\u00c9crit par":"Mohamed Fethi","Dur\u00e9e de lecture estim\u00e9e":"2 minutes"},"schema":{"@context":"https:\/\/schema.org","@graph":[{"@type":"NewsArticle","@id":"https:\/\/www.webdo.tn\/fr\/actualite\/sport\/tunisie-ligue-1-bilan-de-la-22eme-journee-et-programme-de-la-23eme\/393969\/#article","isPartOf":{"@id":"https:\/\/www.webdo.tn\/fr\/actualite\/sport\/tunisie-ligue-1-bilan-de-la-22eme-journee-et-programme-de-la-23eme\/393969\/"},"author":{"name":"Mohamed Fethi","@id":"https:\/\/www.webdo.tn\/fr\/#\/schema\/person\/16a4857e77dfc0b610c4c2cadffc9ac4"},"headline":"Tunisie &#8211; Ligue 1 : Bilan de la 22\u00e8me journ\u00e9e et programme de la 23\u00e8me","datePublished":"2026-03-02T09:48:46+00:00","dateModified":"2026-03-02T09:48:49+00:00","mainEntityOfPage":{"@id":"https:\/\/www.webdo.tn\/fr\/actualite\/sport\/tunisie-ligue-1-bilan-de-la-22eme-journee-et-programme-de-la-23eme\/393969\/"},"wordCount":321,"publisher":{"@id":"https:\/\/www.webdo.tn\/fr\/#organization"},"image":{"@id":"https:\/\/www.webdo.tn\/fr\/actualite\/sport\/tunisie-ligue-1-bilan-de-la-22eme-journee-et-programme-de-la-23eme\/393969\/#primaryimage"},"thumbnailUrl":"https:\/\/www.webdo.tn\/fr\/wp-content\/uploads\/2026\/03\/642344852_1360640456094440_1531877391610306798_n.jpg","keywords":["championnat de tunisie","football","Ligue 1","Tunisie"],"articleSection":["Sport"],"inLanguage":"fr-FR"},{"@type":"WebPage","@id":"https:\/\/www.webdo.tn\/fr\/actualite\/sport\/tunisie-ligue-1-bilan-de-la-22eme-journee-et-programme-de-la-23eme\/393969\/","url":"https:\/\/www.webdo.tn\/fr\/actualite\/sport\/tunisie-ligue-1-bilan-de-la-22eme-journee-et-programme-de-la-23eme\/393969\/","name":"Tunisie - Ligue 1 : Bilan de la 22\u00e8me journ\u00e9e et programme de la 23\u00e8me - webdo","isPartOf":{"@id":"https:\/\/www.webdo.tn\/fr\/#website"},"primaryImageOfPage":{"@id":"https:\/\/www.webdo.tn\/fr\/actualite\/sport\/tunisie-ligue-1-bilan-de-la-22eme-journee-et-programme-de-la-23eme\/393969\/#primaryimage"},"image":{"@id":"https:\/\/www.webdo.tn\/fr\/actualite\/sport\/tunisie-ligue-1-bilan-de-la-22eme-journee-et-programme-de-la-23eme\/393969\/#primaryimage"},"thumbnailUrl":"https:\/\/www.webdo.tn\/fr\/wp-content\/uploads\/2026\/03\/642344852_1360640456094440_1531877391610306798_n.jpg","datePublished":"2026-03-02T09:48:46+00:00","dateModified":"2026-03-02T09:48:49+00:00","description":"Informez-vous sur les r\u00e9sultats marquants de la 22\u00e8me journ\u00e9e de la Ligue 1 en Tunisie et le programme pour la 23\u00e8me journ\u00e9e.","breadcrumb":{"@id":"https:\/\/www.webdo.tn\/fr\/actualite\/sport\/tunisie-ligue-1-bilan-de-la-22eme-journee-et-programme-de-la-23eme\/393969\/#breadcrumb"},"inLanguage":"fr-FR","potentialAction":[{"@type":"ReadAction","target":["https:\/\/www.webdo.tn\/fr\/actualite\/sport\/tunisie-ligue-1-bilan-de-la-22eme-journee-et-programme-de-la-23eme\/393969\/"]}]},{"@type":"ImageObject","inLanguage":"fr-FR","@id":"https:\/\/www.webdo.tn\/fr\/actualite\/sport\/tunisie-ligue-1-bilan-de-la-22eme-journee-et-programme-de-la-23eme\/393969\/#primaryimage","url":"https:\/\/www.webdo.tn\/fr\/wp-content\/uploads\/2026\/03\/642344852_1360640456094440_1531877391610306798_n.jpg","contentUrl":"https:\/\/www.webdo.tn\/fr\/wp-content\/uploads\/2026\/03\/642344852_1360640456094440_1531877391610306798_n.jpg","width":1200,"height":603,"caption":"Tunisie - Ligue 1 : Bilan de la 22\u00e8me journ\u00e9e et programme de la 23\u00e8me"},{"@type":"BreadcrumbList","@id":"https:\/\/www.webdo.tn\/fr\/actualite\/sport\/tunisie-ligue-1-bilan-de-la-22eme-journee-et-programme-de-la-23eme\/393969\/#breadcrumb","itemListElement":[{"@type":"ListItem","position":1,"name":"Accueil","item":"https:\/\/www.webdo.tn\/fr\/"},{"@type":"ListItem","position":2,"name":"Tunisie &#8211; Ligue 1 : Bilan de la 22\u00e8me journ\u00e9e et programme de la 23\u00e8me"}]},{"@type":"WebSite","@id":"https:\/\/www.webdo.tn\/fr\/#website","url":"https:\/\/www.webdo.tn\/fr\/","name":"webdo","description":"Tunisie - News en Tunisie et \u00e0 l&#039;international sur Webdo.tn","publisher":{"@id":"https:\/\/www.webdo.tn\/fr\/#organization"},"potentialAction":[{"@type":"SearchAction","target":{"@type":"EntryPoint","urlTemplate":"https:\/\/www.webdo.tn\/fr\/?s={search_term_string}"},"query-input":{"@type":"PropertyValueSpecification","valueRequired":true,"valueName":"search_term_string"}}],"inLanguage":"fr-FR"},{"@type":"Organization","@id":"https:\/\/www.webdo.tn\/fr\/#organization","name":"Webdo","alternateName":"Webdo.tn","url":"https:\/\/www.webdo.tn\/fr\/","logo":{"@type":"ImageObject","inLanguage":"fr-FR","@id":"https:\/\/www.webdo.tn\/fr\/#\/schema\/logo\/image\/","url":"https:\/\/www.webdo.tn\/fr\/wp-content\/uploads\/2025\/06\/Webdo-Tunisie_168377.jpg","contentUrl":"https:\/\/www.webdo.tn\/fr\/wp-content\/uploads\/2025\/06\/Webdo-Tunisie_168377.jpg","width":301,"height":301,"caption":"Webdo"},"image":{"@id":"https:\/\/www.webdo.tn\/fr\/#\/schema\/logo\/image\/"},"sameAs":["https:\/\/www.facebook.com\/webdotn","https:\/\/x.com\/webdo_tn"],"description":"Webdo est un m\u00e9dia num\u00e9rique tunisien fond\u00e9 en 2010, sp\u00e9cialis\u00e9 dans l\u2019actualit\u00e9 nationale et internationale, l\u2019\u00e9conomie, la soci\u00e9t\u00e9 et les analyses politiques. Le site s\u2019adresse \u00e0 un large public francophone et couvre l\u2019information tunisienne en temps r\u00e9el.","email":"redac@webdo.tn","legalName":"YNJ SARL","foundingDate":"2010-09-06","numberOfEmployees":{"@type":"QuantitativeValue","minValue":"11","maxValue":"50"}},{"@type":"Person","@id":"https:\/\/www.webdo.tn\/fr\/#\/schema\/person\/16a4857e77dfc0b610c4c2cadffc9ac4","name":"Mohamed Fethi","image":{"@type":"ImageObject","inLanguage":"fr-FR","@id":"https:\/\/www.webdo.tn\/fr\/wp-content\/uploads\/2026\/04\/mohamed-fethi_avatar_1-96x96.jpg","url":"https:\/\/www.webdo.tn\/fr\/wp-content\/uploads\/2026\/04\/mohamed-fethi_avatar_1-96x96.jpg","contentUrl":"https:\/\/www.webdo.tn\/fr\/wp-content\/uploads\/2026\/04\/mohamed-fethi_avatar_1-96x96.jpg","caption":"Mohamed Fethi"},"description":"Signature \u00e9ditoriale de Maher Chaabane Mohamed Fethi est le pseudonyme \u00e9ditorial de Maher Chaabane, r\u00e9dacteur en chef de Webdo.tn depuis 2012. Cette signature est d\u00e9di\u00e9e au traitement intensif de l'actualit\u00e9 nationale et internationale en temps r\u00e9el. S'appuyant sur les deux d\u00e9cennies d'expertise journalistique de Maher Chaabane \u2014 d\u00e9but\u00e9e au sein du groupe Tunis Hebdo en 2000 \u2014 Mohamed Fethi assure une veille rigoureuse sur les enjeux politiques, \u00e9conomiques et sportifs. Sa mission est de garantir une information structur\u00e9e, fluide et fid\u00e8le aux standards de la r\u00e9daction. Pour consulter le parcours complet du r\u00e9dacteur en chef, visitez le profil officiel de Maher Chaabane.","knowsAbout":["actualit\u00e9","journalisme","information","politique","sport","m\u00e9dias","actualit\u00e9 internationale"],"knowsLanguage":["Fran\u00e7ais","Arabe"],"jobTitle":"Journaliste \u2013 R\u00e9daction Webdo","worksFor":"Webdo.tn","url":"https:\/\/www.webdo.tn\/fr\/actualite\/author\/mohamed-fethi\/"}]}},"_links":{"self":[{"href":"https:\/\/www.webdo.tn\/fr\/wp-json\/wp\/v2\/posts\/393969","targetHints":{"allow":["GET"]}}],"collection":[{"href":"https:\/\/www.webdo.tn\/fr\/wp-json\/wp\/v2\/posts"}],"about":[{"href":"https:\/\/www.webdo.tn\/fr\/wp-json\/wp\/v2\/types\/post"}],"author":[{"embeddable":true,"href":"https:\/\/www.webdo.tn\/fr\/wp-json\/wp\/v2\/users\/4782"}],"replies":[{"embeddable":true,"href":"https:\/\/www.webdo.tn\/fr\/wp-json\/wp\/v2\/comments?post=393969"}],"version-history":[{"count":0,"href":"https:\/\/www.webdo.tn\/fr\/wp-json\/wp\/v2\/posts\/393969\/revisions"}],"wp:featuredmedia":[{"embeddable":true,"href":"https:\/\/www.webdo.tn\/fr\/wp-json\/wp\/v2\/media\/393971"}],"wp:attachment":[{"href":"https:\/\/www.webdo.tn\/fr\/wp-json\/wp\/v2\/media?parent=393969"}],"wp:term":[{"taxonomy":"category","embeddable":true,"href":"https:\/\/www.webdo.tn\/fr\/wp-json\/wp\/v2\/categories?post=393969"},{"taxonomy":"post_tag","embeddable":true,"href":"https:\/\/www.webdo.tn\/fr\/wp-json\/wp\/v2\/tags?post=393969"}],"curies":[{"name":"wp","href":"https:\/\/api.w.org\/{rel}","templated":true}]}}