{"id":393965,"date":"2026-03-02T09:43:43","date_gmt":"2026-03-02T08:43:43","guid":{"rendered":"https:\/\/www.webdo.tn\/fr\/?p=393965"},"modified":"2026-03-02T09:43:45","modified_gmt":"2026-03-02T08:43:45","slug":"tunisie-une-proposition-de-loi-pour-durcir-les-conditions-dacces-a-la-nationalite","status":"publish","type":"post","link":"https:\/\/www.webdo.tn\/fr\/actualite\/national\/tunisie-une-proposition-de-loi-pour-durcir-les-conditions-dacces-a-la-nationalite\/393965\/","title":{"rendered":"Tunisie : Une proposition de loi pour durcir les conditions d\u2019acc\u00e8s \u00e0 la nationalit\u00e9"},"content":{"rendered":"\n<p><strong>Une nouvelle initiative l\u00e9gislative a \u00e9t\u00e9 d\u00e9pos\u00e9e \u00e0 l\u2019Assembl\u00e9e des repr\u00e9sentants du peuple visant \u00e0 r\u00e9viser plusieurs dispositions du Code de la nationalit\u00e9 tunisienne. Le texte, pr\u00e9sent\u00e9 par des d\u00e9put\u00e9s, propose de modifier les crit\u00e8res d\u2019octroi de la nationalit\u00e9, en mettant l\u2019accent sur des conditions plus strictes pour la naturalisation et des ajustements concernant la nationalit\u00e9 attribu\u00e9e d\u00e8s la naissance.<\/strong><\/p>\n\n\n\n<h2 class=\"wp-block-heading\" id=\"h-une-reforme-axee-sur-les-conditions-de-residence-legale\">Une r\u00e9forme ax\u00e9e sur les conditions de r\u00e9sidence l\u00e9gale<\/h2>\n\n\n\n<p>Le projet de loi pr\u00e9voit d\u2019abord de conditionner l\u2019octroi de la nationalit\u00e9 tunisienne par voie de naturalisation \u00e0 une entr\u00e9e l\u00e9gale sur le territoire et \u00e0 une r\u00e9sidence habituelle et continue d\u2019au moins sept ans avant le d\u00e9p\u00f4t de la demande. Cette mesure vise \u00e0 garantir que les candidats \u00e0 la naturalisation aient r\u00e9ellement des liens durables avec le pays.<\/p>\n\n\n\n<blockquote class=\"wp-block-quote is-layout-flow wp-block-quote-is-layout-flow\">\n<blockquote class=\"wp-block-quote is-layout-flow wp-block-quote-is-layout-flow\">\n<ul class=\"wp-block-list\">\n<li class=\"has-medium-font-size\"><strong>Lire aussi :<\/strong> <a href=\"https:\/\/www.webdo.tn\/fr\/actualite\/chroniques\/hatem-bourial-la-nationalite-tunisienne-pour-les-enfants-africains-nes-en-tunisie\/203335\/\">La nationalit\u00e9 tunisienne pour les enfants africains n\u00e9s en Tunisie<\/a><\/li>\n<\/ul>\n<\/blockquote>\n<\/blockquote>\n\n\n\n<h2 class=\"wp-block-heading\" id=\"h-redefinir-la-nationalite-des-la-naissance\">Red\u00e9finir la nationalit\u00e9 d\u00e8s la naissance<\/h2>\n\n\n\n<p>Parmi les autres changements propos\u00e9s :<\/p>\n\n\n\n<ul class=\"wp-block-list\">\n<li>Enfants n\u00e9s en Tunisie de parents apatrides : ils seraient consid\u00e9r\u00e9s comme tunisiens si leurs parents r\u00e9sident depuis au moins dix ans dans le pays.<\/li>\n\n\n\n<li>Enfants n\u00e9s de parents inconnus sur le sol tunisien : ils seraient \u00e9galement consid\u00e9r\u00e9s comme tunisiens, sauf si leur filiation \u00e9trang\u00e8re est \u00e9tablie ult\u00e9rieurement.<\/li>\n\n\n\n<li>Nouveau-n\u00e9s trouv\u00e9s en Tunisie : ils seraient pr\u00e9sum\u00e9s \u00eatre n\u00e9s sur le territoire jusqu\u2019\u00e0 preuve du contraire.<\/li>\n<\/ul>\n\n\n\n<p>Ces dispositions visent \u00e0 clarifier et structurer davantage l\u2019attribution de la nationalit\u00e9 pour les personnes n\u00e9es dans des situations particuli\u00e8res.<\/p>\n\n\n\n<blockquote class=\"wp-block-quote is-layout-flow wp-block-quote-is-layout-flow\">\n<blockquote class=\"wp-block-quote is-layout-flow wp-block-quote-is-layout-flow\">\n<ul class=\"wp-block-list\">\n<li class=\"has-medium-font-size\"><strong>Lire aussi :<\/strong> <a href=\"https:\/\/www.webdo.tn\/fr\/actualite\/national\/tunisie-trafic-de-nationalite-deux-mandats-de-depot-emis-un-ancien-consul-libere\/134988\/\">Trafic de nationalit\u00e9 : Deux mandats de d\u00e9p\u00f4t \u00e9mis, un ancien consul lib\u00e9r\u00e9<\/a><\/li>\n<\/ul>\n<\/blockquote>\n<\/blockquote>\n\n\n\n<h2 class=\"wp-block-heading\" id=\"h-objectifs-affiches-de-la-reforme\">Objectifs affich\u00e9s de la r\u00e9forme<\/h2>\n\n\n\n<p>Dans l\u2019expos\u00e9 des motifs, les d\u00e9put\u00e9s \u00e0 l\u2019origine du texte soulignent que la nationalit\u00e9 constitue un outil politique et juridique essentiel pour int\u00e9grer les \u00e9trangers de mani\u00e8re coh\u00e9rente avec les orientations s\u00e9curitaires, \u00e9conomiques et sociales du pays. <\/p>\n\n\n\n<p>Ils insistent sur la souverainet\u00e9 de l\u2019\u00c9tat pour d\u00e9cider de l\u2019octroi de la nationalit\u00e9 et la n\u00e9cessit\u00e9 de pr\u00e9server l\u2019int\u00e9r\u00eat sup\u00e9rieur de la nation tout en attirant des comp\u00e9tences strat\u00e9giques, notamment dans des domaines comme la science, l\u2019\u00e9conomie ou la culture.<\/p>\n\n\n\n<blockquote class=\"wp-block-quote is-layout-flow wp-block-quote-is-layout-flow\">\n<blockquote class=\"wp-block-quote is-layout-flow wp-block-quote-is-layout-flow\">\n<ul class=\"wp-block-list\">\n<li class=\"has-medium-font-size\"><strong>Lire aussi :<\/strong> <a href=\"https:\/\/www.webdo.tn\/fr\/actualite\/national\/index-de-qualite-des-nationalites-la-tunisie-classee-au-110eme-rang-mondial\/155317\/\">Index de qualit\u00e9 des nationalit\u00e9s : La Tunisie class\u00e9e au 110\u00e8me rang mondial<\/a><\/li>\n<\/ul>\n<\/blockquote>\n<\/blockquote>\n","protected":false},"excerpt":{"rendered":"<p>Une nouvelle initiative l\u00e9gislative a \u00e9t\u00e9 d\u00e9pos\u00e9e \u00e0 l\u2019Assembl\u00e9e des repr\u00e9sentants du peuple visant \u00e0 r\u00e9viser plusieurs dispositions du Code de la nationalit\u00e9 tunisienne. Le texte, pr\u00e9sent\u00e9 par des d\u00e9put\u00e9s, propose de modifier les crit\u00e8res d\u2019octroi de la nationalit\u00e9, en mettant l\u2019accent sur des conditions plus strictes pour la naturalisation et des ajustements concernant la [&hellip;]<\/p>\n","protected":false},"author":4782,"featured_media":393966,"comment_status":"closed","ping_status":"closed","sticky":false,"template":"","format":"standard","meta":{"footnotes":""},"categories":[44],"tags":[2813,8845,5238,2608],"class_list":["post-393965","post","type-post","status-publish","format-standard","has-post-thumbnail","hentry","category-national","tag-arp","tag-nationalite","tag-proposition-de-loi","tag-tunisie"],"yoast_head":"<!-- This site is optimized with the Yoast SEO Premium plugin v27.4 (Yoast SEO v27.4) - https:\/\/yoast.com\/product\/yoast-seo-premium-wordpress\/ -->\n<title>Tunisie : Une proposition de loi pour durcir les conditions d\u2019acc\u00e8s \u00e0 la nationalit\u00e9 - webdo<\/title>\n<meta name=\"description\" content=\"Informez-vous sur les nouvelles conditions d&#039;acc\u00e8s \u00e0 la nationalit\u00e9 tunisienne propos\u00e9es par la loi en discussion \u00e0 l&#039;Assembl\u00e9e.\" \/>\n<link rel=\"canonical\" href=\"https:\/\/www.webdo.tn\/fr\/actualite\/national\/tunisie-une-proposition-de-loi-pour-durcir-les-conditions-dacces-a-la-nationalite\/393965\/\" \/>\n<meta property=\"og:locale\" content=\"fr_FR\" \/>\n<meta property=\"og:type\" content=\"article\" \/>\n<meta property=\"og:title\" content=\"Tunisie : Une proposition de loi pour durcir les conditions d\u2019acc\u00e8s \u00e0 la nationalit\u00e9\" \/>\n<meta property=\"og:description\" content=\"Informez-vous sur les nouvelles conditions d&#039;acc\u00e8s \u00e0 la nationalit\u00e9 tunisienne propos\u00e9es par la loi en discussion \u00e0 l&#039;Assembl\u00e9e.\" \/>\n<meta property=\"og:url\" content=\"https:\/\/www.webdo.tn\/fr\/actualite\/national\/tunisie-une-proposition-de-loi-pour-durcir-les-conditions-dacces-a-la-nationalite\/393965\/\" \/>\n<meta property=\"og:site_name\" content=\"webdo\" \/>\n<meta property=\"article:publisher\" content=\"https:\/\/www.facebook.com\/webdotn\" \/>\n<meta property=\"article:published_time\" content=\"2026-03-02T08:43:43+00:00\" \/>\n<meta property=\"article:modified_time\" content=\"2026-03-02T08:43:45+00:00\" \/>\n<meta property=\"og:image\" content=\"https:\/\/www.webdo.tn\/fr\/wp-content\/uploads\/2026\/03\/nationalite.jpg\" \/>\n\t<meta property=\"og:image:width\" content=\"1204\" \/>\n\t<meta property=\"og:image:height\" content=\"600\" \/>\n\t<meta property=\"og:image:type\" content=\"image\/jpeg\" \/>\n<meta name=\"author\" content=\"Mohamed Fethi\" \/>\n<meta name=\"twitter:card\" content=\"summary_large_image\" \/>\n<meta name=\"twitter:creator\" content=\"@webdo_tn\" \/>\n<meta name=\"twitter:site\" content=\"@webdo_tn\" \/>\n<meta name=\"twitter:label1\" content=\"\u00c9crit par\" \/>\n\t<meta name=\"twitter:data1\" content=\"Mohamed Fethi\" \/>\n\t<meta name=\"twitter:label2\" content=\"Dur\u00e9e de lecture estim\u00e9e\" \/>\n\t<meta name=\"twitter:data2\" content=\"2 minutes\" \/>\n<script type=\"application\/ld+json\" class=\"yoast-schema-graph\">{\"@context\":\"https:\\\/\\\/schema.org\",\"@graph\":[{\"@type\":\"NewsArticle\",\"@id\":\"https:\\\/\\\/www.webdo.tn\\\/fr\\\/actualite\\\/national\\\/tunisie-une-proposition-de-loi-pour-durcir-les-conditions-dacces-a-la-nationalite\\\/393965\\\/#article\",\"isPartOf\":{\"@id\":\"https:\\\/\\\/www.webdo.tn\\\/fr\\\/actualite\\\/national\\\/tunisie-une-proposition-de-loi-pour-durcir-les-conditions-dacces-a-la-nationalite\\\/393965\\\/\"},\"author\":{\"name\":\"Mohamed Fethi\",\"@id\":\"https:\\\/\\\/www.webdo.tn\\\/fr\\\/#\\\/schema\\\/person\\\/16a4857e77dfc0b610c4c2cadffc9ac4\"},\"headline\":\"Tunisie : Une proposition de loi pour durcir les conditions d\u2019acc\u00e8s \u00e0 la nationalit\u00e9\",\"datePublished\":\"2026-03-02T08:43:43+00:00\",\"dateModified\":\"2026-03-02T08:43:45+00:00\",\"mainEntityOfPage\":{\"@id\":\"https:\\\/\\\/www.webdo.tn\\\/fr\\\/actualite\\\/national\\\/tunisie-une-proposition-de-loi-pour-durcir-les-conditions-dacces-a-la-nationalite\\\/393965\\\/\"},\"wordCount\":429,\"publisher\":{\"@id\":\"https:\\\/\\\/www.webdo.tn\\\/fr\\\/#organization\"},\"image\":{\"@id\":\"https:\\\/\\\/www.webdo.tn\\\/fr\\\/actualite\\\/national\\\/tunisie-une-proposition-de-loi-pour-durcir-les-conditions-dacces-a-la-nationalite\\\/393965\\\/#primaryimage\"},\"thumbnailUrl\":\"https:\\\/\\\/www.webdo.tn\\\/fr\\\/wp-content\\\/uploads\\\/2026\\\/03\\\/nationalite.jpg\",\"keywords\":[\"ARP\",\"nationalit\u00e9\",\"proposition de loi\",\"Tunisie\"],\"articleSection\":[\"National\"],\"inLanguage\":\"fr-FR\"},{\"@type\":\"WebPage\",\"@id\":\"https:\\\/\\\/www.webdo.tn\\\/fr\\\/actualite\\\/national\\\/tunisie-une-proposition-de-loi-pour-durcir-les-conditions-dacces-a-la-nationalite\\\/393965\\\/\",\"url\":\"https:\\\/\\\/www.webdo.tn\\\/fr\\\/actualite\\\/national\\\/tunisie-une-proposition-de-loi-pour-durcir-les-conditions-dacces-a-la-nationalite\\\/393965\\\/\",\"name\":\"Tunisie : Une proposition de loi pour durcir les conditions d\u2019acc\u00e8s \u00e0 la nationalit\u00e9 - webdo\",\"isPartOf\":{\"@id\":\"https:\\\/\\\/www.webdo.tn\\\/fr\\\/#website\"},\"primaryImageOfPage\":{\"@id\":\"https:\\\/\\\/www.webdo.tn\\\/fr\\\/actualite\\\/national\\\/tunisie-une-proposition-de-loi-pour-durcir-les-conditions-dacces-a-la-nationalite\\\/393965\\\/#primaryimage\"},\"image\":{\"@id\":\"https:\\\/\\\/www.webdo.tn\\\/fr\\\/actualite\\\/national\\\/tunisie-une-proposition-de-loi-pour-durcir-les-conditions-dacces-a-la-nationalite\\\/393965\\\/#primaryimage\"},\"thumbnailUrl\":\"https:\\\/\\\/www.webdo.tn\\\/fr\\\/wp-content\\\/uploads\\\/2026\\\/03\\\/nationalite.jpg\",\"datePublished\":\"2026-03-02T08:43:43+00:00\",\"dateModified\":\"2026-03-02T08:43:45+00:00\",\"description\":\"Informez-vous sur les nouvelles conditions d'acc\u00e8s \u00e0 la nationalit\u00e9 tunisienne propos\u00e9es par la loi en discussion \u00e0 l'Assembl\u00e9e.\",\"breadcrumb\":{\"@id\":\"https:\\\/\\\/www.webdo.tn\\\/fr\\\/actualite\\\/national\\\/tunisie-une-proposition-de-loi-pour-durcir-les-conditions-dacces-a-la-nationalite\\\/393965\\\/#breadcrumb\"},\"inLanguage\":\"fr-FR\",\"potentialAction\":[{\"@type\":\"ReadAction\",\"target\":[\"https:\\\/\\\/www.webdo.tn\\\/fr\\\/actualite\\\/national\\\/tunisie-une-proposition-de-loi-pour-durcir-les-conditions-dacces-a-la-nationalite\\\/393965\\\/\"]}]},{\"@type\":\"ImageObject\",\"inLanguage\":\"fr-FR\",\"@id\":\"https:\\\/\\\/www.webdo.tn\\\/fr\\\/actualite\\\/national\\\/tunisie-une-proposition-de-loi-pour-durcir-les-conditions-dacces-a-la-nationalite\\\/393965\\\/#primaryimage\",\"url\":\"https:\\\/\\\/www.webdo.tn\\\/fr\\\/wp-content\\\/uploads\\\/2026\\\/03\\\/nationalite.jpg\",\"contentUrl\":\"https:\\\/\\\/www.webdo.tn\\\/fr\\\/wp-content\\\/uploads\\\/2026\\\/03\\\/nationalite.jpg\",\"width\":1204,\"height\":600,\"caption\":\"Tunisie : Une proposition de loi pour durcir les conditions d\u2019acc\u00e8s \u00e0 la nationalit\u00e9\"},{\"@type\":\"BreadcrumbList\",\"@id\":\"https:\\\/\\\/www.webdo.tn\\\/fr\\\/actualite\\\/national\\\/tunisie-une-proposition-de-loi-pour-durcir-les-conditions-dacces-a-la-nationalite\\\/393965\\\/#breadcrumb\",\"itemListElement\":[{\"@type\":\"ListItem\",\"position\":1,\"name\":\"Accueil\",\"item\":\"https:\\\/\\\/www.webdo.tn\\\/fr\\\/\"},{\"@type\":\"ListItem\",\"position\":2,\"name\":\"Tunisie : Une proposition de loi pour durcir les conditions d\u2019acc\u00e8s \u00e0 la nationalit\u00e9\"}]},{\"@type\":\"WebSite\",\"@id\":\"https:\\\/\\\/www.webdo.tn\\\/fr\\\/#website\",\"url\":\"https:\\\/\\\/www.webdo.tn\\\/fr\\\/\",\"name\":\"webdo\",\"description\":\"Tunisie - News en Tunisie et \u00e0 l&#039;international sur Webdo.tn\",\"publisher\":{\"@id\":\"https:\\\/\\\/www.webdo.tn\\\/fr\\\/#organization\"},\"potentialAction\":[{\"@type\":\"SearchAction\",\"target\":{\"@type\":\"EntryPoint\",\"urlTemplate\":\"https:\\\/\\\/www.webdo.tn\\\/fr\\\/?s={search_term_string}\"},\"query-input\":{\"@type\":\"PropertyValueSpecification\",\"valueRequired\":true,\"valueName\":\"search_term_string\"}}],\"inLanguage\":\"fr-FR\"},{\"@type\":\"Organization\",\"@id\":\"https:\\\/\\\/www.webdo.tn\\\/fr\\\/#organization\",\"name\":\"Webdo\",\"alternateName\":\"Webdo.tn\",\"url\":\"https:\\\/\\\/www.webdo.tn\\\/fr\\\/\",\"logo\":{\"@type\":\"ImageObject\",\"inLanguage\":\"fr-FR\",\"@id\":\"https:\\\/\\\/www.webdo.tn\\\/fr\\\/#\\\/schema\\\/logo\\\/image\\\/\",\"url\":\"https:\\\/\\\/www.webdo.tn\\\/fr\\\/wp-content\\\/uploads\\\/2025\\\/06\\\/Webdo-Tunisie_168377.jpg\",\"contentUrl\":\"https:\\\/\\\/www.webdo.tn\\\/fr\\\/wp-content\\\/uploads\\\/2025\\\/06\\\/Webdo-Tunisie_168377.jpg\",\"width\":301,\"height\":301,\"caption\":\"Webdo\"},\"image\":{\"@id\":\"https:\\\/\\\/www.webdo.tn\\\/fr\\\/#\\\/schema\\\/logo\\\/image\\\/\"},\"sameAs\":[\"https:\\\/\\\/www.facebook.com\\\/webdotn\",\"https:\\\/\\\/x.com\\\/webdo_tn\"],\"description\":\"Webdo est un m\u00e9dia num\u00e9rique tunisien fond\u00e9 en 2010, sp\u00e9cialis\u00e9 dans l\u2019actualit\u00e9 nationale et internationale, l\u2019\u00e9conomie, la soci\u00e9t\u00e9 et les analyses politiques. Le site s\u2019adresse \u00e0 un large public francophone et couvre l\u2019information tunisienne en temps r\u00e9el.\",\"email\":\"redac@webdo.tn\",\"legalName\":\"YNJ SARL\",\"foundingDate\":\"2010-09-06\",\"numberOfEmployees\":{\"@type\":\"QuantitativeValue\",\"minValue\":\"11\",\"maxValue\":\"50\"}},{\"@type\":\"Person\",\"@id\":\"https:\\\/\\\/www.webdo.tn\\\/fr\\\/#\\\/schema\\\/person\\\/16a4857e77dfc0b610c4c2cadffc9ac4\",\"name\":\"Mohamed Fethi\",\"image\":{\"@type\":\"ImageObject\",\"inLanguage\":\"fr-FR\",\"@id\":\"https:\\\/\\\/www.webdo.tn\\\/fr\\\/wp-content\\\/uploads\\\/2026\\\/04\\\/mohamed-fethi_avatar_1-96x96.jpg\",\"url\":\"https:\\\/\\\/www.webdo.tn\\\/fr\\\/wp-content\\\/uploads\\\/2026\\\/04\\\/mohamed-fethi_avatar_1-96x96.jpg\",\"contentUrl\":\"https:\\\/\\\/www.webdo.tn\\\/fr\\\/wp-content\\\/uploads\\\/2026\\\/04\\\/mohamed-fethi_avatar_1-96x96.jpg\",\"caption\":\"Mohamed Fethi\"},\"description\":\"Signature \u00e9ditoriale de Maher Chaabane Mohamed Fethi est le pseudonyme \u00e9ditorial de Maher Chaabane, r\u00e9dacteur en chef de Webdo.tn depuis 2012. Cette signature est d\u00e9di\u00e9e au traitement intensif de l'actualit\u00e9 nationale et internationale en temps r\u00e9el. S'appuyant sur les deux d\u00e9cennies d'expertise journalistique de Maher Chaabane \u2014 d\u00e9but\u00e9e au sein du groupe Tunis Hebdo en 2000 \u2014 Mohamed Fethi assure une veille rigoureuse sur les enjeux politiques, \u00e9conomiques et sportifs. Sa mission est de garantir une information structur\u00e9e, fluide et fid\u00e8le aux standards de la r\u00e9daction. Pour consulter le parcours complet du r\u00e9dacteur en chef, visitez le profil officiel de Maher Chaabane.\",\"knowsAbout\":[\"actualit\u00e9\",\"journalisme\",\"information\",\"politique\",\"sport\",\"m\u00e9dias\",\"actualit\u00e9 internationale\"],\"knowsLanguage\":[\"Fran\u00e7ais\",\"Arabe\"],\"jobTitle\":\"Journaliste \u2013 R\u00e9daction Webdo\",\"worksFor\":\"Webdo.tn\",\"url\":\"https:\\\/\\\/www.webdo.tn\\\/fr\\\/actualite\\\/author\\\/mohamed-fethi\\\/\"}]}<\/script>\n<!-- \/ Yoast SEO Premium plugin. -->","yoast_head_json":{"title":"Tunisie : Une proposition de loi pour durcir les conditions d\u2019acc\u00e8s \u00e0 la nationalit\u00e9 - webdo","description":"Informez-vous sur les nouvelles conditions d'acc\u00e8s \u00e0 la nationalit\u00e9 tunisienne propos\u00e9es par la loi en discussion \u00e0 l'Assembl\u00e9e.","canonical":"https:\/\/www.webdo.tn\/fr\/actualite\/national\/tunisie-une-proposition-de-loi-pour-durcir-les-conditions-dacces-a-la-nationalite\/393965\/","og_locale":"fr_FR","og_type":"article","og_title":"Tunisie : Une proposition de loi pour durcir les conditions d\u2019acc\u00e8s \u00e0 la nationalit\u00e9","og_description":"Informez-vous sur les nouvelles conditions d'acc\u00e8s \u00e0 la nationalit\u00e9 tunisienne propos\u00e9es par la loi en discussion \u00e0 l'Assembl\u00e9e.","og_url":"https:\/\/www.webdo.tn\/fr\/actualite\/national\/tunisie-une-proposition-de-loi-pour-durcir-les-conditions-dacces-a-la-nationalite\/393965\/","og_site_name":"webdo","article_publisher":"https:\/\/www.facebook.com\/webdotn","article_published_time":"2026-03-02T08:43:43+00:00","article_modified_time":"2026-03-02T08:43:45+00:00","og_image":[{"width":1204,"height":600,"url":"https:\/\/www.webdo.tn\/fr\/wp-content\/uploads\/2026\/03\/nationalite.jpg","type":"image\/jpeg"}],"author":"Mohamed Fethi","twitter_card":"summary_large_image","twitter_creator":"@webdo_tn","twitter_site":"@webdo_tn","twitter_misc":{"\u00c9crit par":"Mohamed Fethi","Dur\u00e9e de lecture estim\u00e9e":"2 minutes"},"schema":{"@context":"https:\/\/schema.org","@graph":[{"@type":"NewsArticle","@id":"https:\/\/www.webdo.tn\/fr\/actualite\/national\/tunisie-une-proposition-de-loi-pour-durcir-les-conditions-dacces-a-la-nationalite\/393965\/#article","isPartOf":{"@id":"https:\/\/www.webdo.tn\/fr\/actualite\/national\/tunisie-une-proposition-de-loi-pour-durcir-les-conditions-dacces-a-la-nationalite\/393965\/"},"author":{"name":"Mohamed Fethi","@id":"https:\/\/www.webdo.tn\/fr\/#\/schema\/person\/16a4857e77dfc0b610c4c2cadffc9ac4"},"headline":"Tunisie : Une proposition de loi pour durcir les conditions d\u2019acc\u00e8s \u00e0 la nationalit\u00e9","datePublished":"2026-03-02T08:43:43+00:00","dateModified":"2026-03-02T08:43:45+00:00","mainEntityOfPage":{"@id":"https:\/\/www.webdo.tn\/fr\/actualite\/national\/tunisie-une-proposition-de-loi-pour-durcir-les-conditions-dacces-a-la-nationalite\/393965\/"},"wordCount":429,"publisher":{"@id":"https:\/\/www.webdo.tn\/fr\/#organization"},"image":{"@id":"https:\/\/www.webdo.tn\/fr\/actualite\/national\/tunisie-une-proposition-de-loi-pour-durcir-les-conditions-dacces-a-la-nationalite\/393965\/#primaryimage"},"thumbnailUrl":"https:\/\/www.webdo.tn\/fr\/wp-content\/uploads\/2026\/03\/nationalite.jpg","keywords":["ARP","nationalit\u00e9","proposition de loi","Tunisie"],"articleSection":["National"],"inLanguage":"fr-FR"},{"@type":"WebPage","@id":"https:\/\/www.webdo.tn\/fr\/actualite\/national\/tunisie-une-proposition-de-loi-pour-durcir-les-conditions-dacces-a-la-nationalite\/393965\/","url":"https:\/\/www.webdo.tn\/fr\/actualite\/national\/tunisie-une-proposition-de-loi-pour-durcir-les-conditions-dacces-a-la-nationalite\/393965\/","name":"Tunisie : Une proposition de loi pour durcir les conditions d\u2019acc\u00e8s \u00e0 la nationalit\u00e9 - webdo","isPartOf":{"@id":"https:\/\/www.webdo.tn\/fr\/#website"},"primaryImageOfPage":{"@id":"https:\/\/www.webdo.tn\/fr\/actualite\/national\/tunisie-une-proposition-de-loi-pour-durcir-les-conditions-dacces-a-la-nationalite\/393965\/#primaryimage"},"image":{"@id":"https:\/\/www.webdo.tn\/fr\/actualite\/national\/tunisie-une-proposition-de-loi-pour-durcir-les-conditions-dacces-a-la-nationalite\/393965\/#primaryimage"},"thumbnailUrl":"https:\/\/www.webdo.tn\/fr\/wp-content\/uploads\/2026\/03\/nationalite.jpg","datePublished":"2026-03-02T08:43:43+00:00","dateModified":"2026-03-02T08:43:45+00:00","description":"Informez-vous sur les nouvelles conditions d'acc\u00e8s \u00e0 la nationalit\u00e9 tunisienne propos\u00e9es par la loi en discussion \u00e0 l'Assembl\u00e9e.","breadcrumb":{"@id":"https:\/\/www.webdo.tn\/fr\/actualite\/national\/tunisie-une-proposition-de-loi-pour-durcir-les-conditions-dacces-a-la-nationalite\/393965\/#breadcrumb"},"inLanguage":"fr-FR","potentialAction":[{"@type":"ReadAction","target":["https:\/\/www.webdo.tn\/fr\/actualite\/national\/tunisie-une-proposition-de-loi-pour-durcir-les-conditions-dacces-a-la-nationalite\/393965\/"]}]},{"@type":"ImageObject","inLanguage":"fr-FR","@id":"https:\/\/www.webdo.tn\/fr\/actualite\/national\/tunisie-une-proposition-de-loi-pour-durcir-les-conditions-dacces-a-la-nationalite\/393965\/#primaryimage","url":"https:\/\/www.webdo.tn\/fr\/wp-content\/uploads\/2026\/03\/nationalite.jpg","contentUrl":"https:\/\/www.webdo.tn\/fr\/wp-content\/uploads\/2026\/03\/nationalite.jpg","width":1204,"height":600,"caption":"Tunisie : Une proposition de loi pour durcir les conditions d\u2019acc\u00e8s \u00e0 la nationalit\u00e9"},{"@type":"BreadcrumbList","@id":"https:\/\/www.webdo.tn\/fr\/actualite\/national\/tunisie-une-proposition-de-loi-pour-durcir-les-conditions-dacces-a-la-nationalite\/393965\/#breadcrumb","itemListElement":[{"@type":"ListItem","position":1,"name":"Accueil","item":"https:\/\/www.webdo.tn\/fr\/"},{"@type":"ListItem","position":2,"name":"Tunisie : Une proposition de loi pour durcir les conditions d\u2019acc\u00e8s \u00e0 la nationalit\u00e9"}]},{"@type":"WebSite","@id":"https:\/\/www.webdo.tn\/fr\/#website","url":"https:\/\/www.webdo.tn\/fr\/","name":"webdo","description":"Tunisie - News en Tunisie et \u00e0 l&#039;international sur Webdo.tn","publisher":{"@id":"https:\/\/www.webdo.tn\/fr\/#organization"},"potentialAction":[{"@type":"SearchAction","target":{"@type":"EntryPoint","urlTemplate":"https:\/\/www.webdo.tn\/fr\/?s={search_term_string}"},"query-input":{"@type":"PropertyValueSpecification","valueRequired":true,"valueName":"search_term_string"}}],"inLanguage":"fr-FR"},{"@type":"Organization","@id":"https:\/\/www.webdo.tn\/fr\/#organization","name":"Webdo","alternateName":"Webdo.tn","url":"https:\/\/www.webdo.tn\/fr\/","logo":{"@type":"ImageObject","inLanguage":"fr-FR","@id":"https:\/\/www.webdo.tn\/fr\/#\/schema\/logo\/image\/","url":"https:\/\/www.webdo.tn\/fr\/wp-content\/uploads\/2025\/06\/Webdo-Tunisie_168377.jpg","contentUrl":"https:\/\/www.webdo.tn\/fr\/wp-content\/uploads\/2025\/06\/Webdo-Tunisie_168377.jpg","width":301,"height":301,"caption":"Webdo"},"image":{"@id":"https:\/\/www.webdo.tn\/fr\/#\/schema\/logo\/image\/"},"sameAs":["https:\/\/www.facebook.com\/webdotn","https:\/\/x.com\/webdo_tn"],"description":"Webdo est un m\u00e9dia num\u00e9rique tunisien fond\u00e9 en 2010, sp\u00e9cialis\u00e9 dans l\u2019actualit\u00e9 nationale et internationale, l\u2019\u00e9conomie, la soci\u00e9t\u00e9 et les analyses politiques. Le site s\u2019adresse \u00e0 un large public francophone et couvre l\u2019information tunisienne en temps r\u00e9el.","email":"redac@webdo.tn","legalName":"YNJ SARL","foundingDate":"2010-09-06","numberOfEmployees":{"@type":"QuantitativeValue","minValue":"11","maxValue":"50"}},{"@type":"Person","@id":"https:\/\/www.webdo.tn\/fr\/#\/schema\/person\/16a4857e77dfc0b610c4c2cadffc9ac4","name":"Mohamed Fethi","image":{"@type":"ImageObject","inLanguage":"fr-FR","@id":"https:\/\/www.webdo.tn\/fr\/wp-content\/uploads\/2026\/04\/mohamed-fethi_avatar_1-96x96.jpg","url":"https:\/\/www.webdo.tn\/fr\/wp-content\/uploads\/2026\/04\/mohamed-fethi_avatar_1-96x96.jpg","contentUrl":"https:\/\/www.webdo.tn\/fr\/wp-content\/uploads\/2026\/04\/mohamed-fethi_avatar_1-96x96.jpg","caption":"Mohamed Fethi"},"description":"Signature \u00e9ditoriale de Maher Chaabane Mohamed Fethi est le pseudonyme \u00e9ditorial de Maher Chaabane, r\u00e9dacteur en chef de Webdo.tn depuis 2012. Cette signature est d\u00e9di\u00e9e au traitement intensif de l'actualit\u00e9 nationale et internationale en temps r\u00e9el. S'appuyant sur les deux d\u00e9cennies d'expertise journalistique de Maher Chaabane \u2014 d\u00e9but\u00e9e au sein du groupe Tunis Hebdo en 2000 \u2014 Mohamed Fethi assure une veille rigoureuse sur les enjeux politiques, \u00e9conomiques et sportifs. Sa mission est de garantir une information structur\u00e9e, fluide et fid\u00e8le aux standards de la r\u00e9daction. Pour consulter le parcours complet du r\u00e9dacteur en chef, visitez le profil officiel de Maher Chaabane.","knowsAbout":["actualit\u00e9","journalisme","information","politique","sport","m\u00e9dias","actualit\u00e9 internationale"],"knowsLanguage":["Fran\u00e7ais","Arabe"],"jobTitle":"Journaliste \u2013 R\u00e9daction Webdo","worksFor":"Webdo.tn","url":"https:\/\/www.webdo.tn\/fr\/actualite\/author\/mohamed-fethi\/"}]}},"_links":{"self":[{"href":"https:\/\/www.webdo.tn\/fr\/wp-json\/wp\/v2\/posts\/393965","targetHints":{"allow":["GET"]}}],"collection":[{"href":"https:\/\/www.webdo.tn\/fr\/wp-json\/wp\/v2\/posts"}],"about":[{"href":"https:\/\/www.webdo.tn\/fr\/wp-json\/wp\/v2\/types\/post"}],"author":[{"embeddable":true,"href":"https:\/\/www.webdo.tn\/fr\/wp-json\/wp\/v2\/users\/4782"}],"replies":[{"embeddable":true,"href":"https:\/\/www.webdo.tn\/fr\/wp-json\/wp\/v2\/comments?post=393965"}],"version-history":[{"count":0,"href":"https:\/\/www.webdo.tn\/fr\/wp-json\/wp\/v2\/posts\/393965\/revisions"}],"wp:featuredmedia":[{"embeddable":true,"href":"https:\/\/www.webdo.tn\/fr\/wp-json\/wp\/v2\/media\/393966"}],"wp:attachment":[{"href":"https:\/\/www.webdo.tn\/fr\/wp-json\/wp\/v2\/media?parent=393965"}],"wp:term":[{"taxonomy":"category","embeddable":true,"href":"https:\/\/www.webdo.tn\/fr\/wp-json\/wp\/v2\/categories?post=393965"},{"taxonomy":"post_tag","embeddable":true,"href":"https:\/\/www.webdo.tn\/fr\/wp-json\/wp\/v2\/tags?post=393965"}],"curies":[{"name":"wp","href":"https:\/\/api.w.org\/{rel}","templated":true}]}}