{"id":393962,"date":"2026-03-02T09:29:15","date_gmt":"2026-03-02T08:29:15","guid":{"rendered":"https:\/\/www.webdo.tn\/fr\/?p=393962"},"modified":"2026-03-02T09:29:18","modified_gmt":"2026-03-02T08:29:18","slug":"orientation-universitaire-2026-le-guide-sera-mis-en-ligne-le-23-juin-2026","status":"publish","type":"post","link":"https:\/\/www.webdo.tn\/fr\/actualite\/national\/orientation-universitaire-2026-le-guide-sera-mis-en-ligne-le-23-juin-2026\/393962\/","title":{"rendered":"Orientation universitaire 2026 : Le guide sera mis en ligne le 23 juin 2026"},"content":{"rendered":"\n<p><strong>Les minist\u00e8res de l\u2019Enseignement sup\u00e9rieur et de la Recherche scientifique ainsi que de l\u2019\u00c9ducation ont publi\u00e9, dans une circulaire conjointe, le calendrier officiel des op\u00e9rations d\u2019orientation universitaire pour les laur\u00e9ats du baccalaur\u00e9at de l\u2019ann\u00e9e 2026. Selon ce calendrier, le Guide de l\u2019Orientation Universitaire sera accessible en ligne d\u00e8s le 23 juin 2026 sur le site officiel d\u00e9di\u00e9 \u00e0 l\u2019orientation universitaire.<\/strong><\/p>\n\n\n\n<h2 class=\"wp-block-heading\" id=\"h-publication-du-guide-et-acces-a-la-plateforme\">Publication du guide et acc\u00e8s \u00e0 la plateforme<\/h2>\n\n\n\n<p>Le guide sera publi\u00e9 par le minist\u00e8re de l\u2019Enseignement Sup\u00e9rieur et de la Recherche Scientifique sur le portail officiel <a href=\"http:\/\/www.orientation.tn\">www.orientation.tn<\/a>. Cet outil num\u00e9rique permettra aux nouveaux bacheliers de suivre toutes les \u00e9tapes de leur orientation universitaire, de consulter les fili\u00e8res disponibles et d\u2019organiser leurs v\u0153ux d\u2019inscription.<\/p>\n\n\n\n<blockquote class=\"wp-block-quote is-layout-flow wp-block-quote-is-layout-flow\">\n<blockquote class=\"wp-block-quote is-layout-flow wp-block-quote-is-layout-flow\">\n<ul class=\"wp-block-list\">\n<li class=\"has-medium-font-size\"><strong>Lire aussi :<\/strong> <a href=\"https:\/\/www.webdo.tn\/fr\/actualite\/national\/tunisie-orientation-universitaire-enquete-ouverte-sur-des-soupcons-de-manipulation-des-choix\/380943\/\">Tunisie \u2013 Orientation universitaire : Enqu\u00eate ouverte sur des soup\u00e7ons de manipulation des choix<\/a><\/li>\n<\/ul>\n<\/blockquote>\n<\/blockquote>\n\n\n\n<p>Les mots de passe pour acc\u00e9der \u00e0 la plateforme seront envoy\u00e9s par SMS aux candidats, leur permettant de consulter leur fiche personnelle de v\u0153ux et de suivre le d\u00e9roulement du processus d\u2019orientation.<\/p>\n\n\n\n<h2 class=\"wp-block-heading\" id=\"h-dates-cles-de-l-orientation-2026\">Dates cl\u00e9s de l\u2019orientation 2026<\/h2>\n\n\n\n<ul class=\"wp-block-list\">\n<li>23 juin 2026 : mise en ligne du guide d\u2019orientation universitaire sur www.orientation.tn.<\/li>\n\n\n\n<li>26 juin 2026 : d\u00e9but de l\u2019acc\u00e8s \u00e0 la plateforme pour les admis de la session principale.<\/li>\n\n\n\n<li>15 juillet 2026 : ouverture de l\u2019acc\u00e8s pour les admis \u00e0 la session de contr\u00f4le.<\/li>\n\n\n\n<li>17 juillet 2026 : possibilit\u00e9 pour chaque candidat de consulter son score global et son classement.<\/li>\n<\/ul>\n\n\n\n<p>L\u2019annonce intervient alors que la phase d\u2019orientation constitue une \u00e9tape d\u00e9terminante pour les nouveaux bacheliers dans la construction de leur parcours universitaire.<\/p>\n\n\n\n<p>Le minist\u00e8re rappelle que toutes les op\u00e9rations se font selon les plus hauts standards de transparence et de s\u00e9curit\u00e9.<\/p>\n\n\n\n<blockquote class=\"wp-block-quote is-layout-flow wp-block-quote-is-layout-flow\">\n<blockquote class=\"wp-block-quote is-layout-flow wp-block-quote-is-layout-flow\">\n<ul class=\"wp-block-list\">\n<li class=\"has-medium-font-size\"><strong>Lire aussi :<\/strong> <a href=\"https:\/\/www.webdo.tn\/fr\/actualite\/national\/tunisie-orientation-universitaire-un-scandale-entache-le-processus-au-kef\/380901\/\">Tunisie \u2013 Orientation universitaire : Un scandale entache le processus au Kef<\/a><\/li>\n<\/ul>\n<\/blockquote>\n<\/blockquote>\n","protected":false},"excerpt":{"rendered":"<p>Les minist\u00e8res de l\u2019Enseignement sup\u00e9rieur et de la Recherche scientifique ainsi que de l\u2019\u00c9ducation ont publi\u00e9, dans une circulaire conjointe, le calendrier officiel des op\u00e9rations d\u2019orientation universitaire pour les laur\u00e9ats du baccalaur\u00e9at de l\u2019ann\u00e9e 2026. Selon ce calendrier, le Guide de l\u2019Orientation Universitaire sera accessible en ligne d\u00e8s le 23 juin 2026 sur le site [&hellip;]<\/p>\n","protected":false},"author":4782,"featured_media":393963,"comment_status":"closed","ping_status":"closed","sticky":false,"template":"","format":"standard","meta":{"footnotes":""},"categories":[44],"tags":[6264,8198,2608],"class_list":["post-393962","post","type-post","status-publish","format-standard","has-post-thumbnail","hentry","category-national","tag-bacheliers","tag-orientation-universitaire","tag-tunisie"],"yoast_head":"<!-- This site is optimized with the Yoast SEO Premium plugin v27.4 (Yoast SEO v27.5) - https:\/\/yoast.com\/product\/yoast-seo-premium-wordpress\/ -->\n<title>Orientation universitaire 2026 : Le guide sera mis en ligne le 23 juin 2026 - webdo<\/title>\n<meta name=\"description\" content=\"Pr\u00e9parez-vous pour l&#039;Orientation universitaire 2026 ! Le guide sera accessible en ligne d\u00e8s le 23 juin 2026 pour les nouveaux bacheliers.\" \/>\n<link rel=\"canonical\" href=\"https:\/\/www.webdo.tn\/fr\/actualite\/national\/orientation-universitaire-2026-le-guide-sera-mis-en-ligne-le-23-juin-2026\/393962\/\" \/>\n<meta property=\"og:locale\" content=\"fr_FR\" \/>\n<meta property=\"og:type\" content=\"article\" \/>\n<meta property=\"og:title\" content=\"Orientation universitaire 2026 : Le guide sera mis en ligne le 23 juin 2026\" \/>\n<meta property=\"og:description\" content=\"Pr\u00e9parez-vous pour l&#039;Orientation universitaire 2026 ! Le guide sera accessible en ligne d\u00e8s le 23 juin 2026 pour les nouveaux bacheliers.\" \/>\n<meta property=\"og:url\" content=\"https:\/\/www.webdo.tn\/fr\/actualite\/national\/orientation-universitaire-2026-le-guide-sera-mis-en-ligne-le-23-juin-2026\/393962\/\" \/>\n<meta property=\"og:site_name\" content=\"webdo\" \/>\n<meta property=\"article:publisher\" content=\"https:\/\/www.facebook.com\/webdotn\" \/>\n<meta property=\"article:published_time\" content=\"2026-03-02T08:29:15+00:00\" \/>\n<meta property=\"article:modified_time\" content=\"2026-03-02T08:29:18+00:00\" \/>\n<meta property=\"og:image\" content=\"https:\/\/www.webdo.tn\/fr\/wp-content\/uploads\/2026\/03\/orientation.jpg\" \/>\n\t<meta property=\"og:image:width\" content=\"1207\" \/>\n\t<meta property=\"og:image:height\" content=\"600\" \/>\n\t<meta property=\"og:image:type\" content=\"image\/jpeg\" \/>\n<meta name=\"author\" content=\"Mohamed Fethi\" \/>\n<meta name=\"twitter:card\" content=\"summary_large_image\" \/>\n<meta name=\"twitter:creator\" content=\"@webdo_tn\" \/>\n<meta name=\"twitter:site\" content=\"@webdo_tn\" \/>\n<meta name=\"twitter:label1\" content=\"\u00c9crit par\" \/>\n\t<meta name=\"twitter:data1\" content=\"Mohamed Fethi\" \/>\n\t<meta name=\"twitter:label2\" content=\"Dur\u00e9e de lecture estim\u00e9e\" \/>\n\t<meta name=\"twitter:data2\" content=\"2 minutes\" \/>\n<script type=\"application\/ld+json\" class=\"yoast-schema-graph\">{\"@context\":\"https:\\\/\\\/schema.org\",\"@graph\":[{\"@type\":\"NewsArticle\",\"@id\":\"https:\\\/\\\/www.webdo.tn\\\/fr\\\/actualite\\\/national\\\/orientation-universitaire-2026-le-guide-sera-mis-en-ligne-le-23-juin-2026\\\/393962\\\/#article\",\"isPartOf\":{\"@id\":\"https:\\\/\\\/www.webdo.tn\\\/fr\\\/actualite\\\/national\\\/orientation-universitaire-2026-le-guide-sera-mis-en-ligne-le-23-juin-2026\\\/393962\\\/\"},\"author\":{\"name\":\"Mohamed Fethi\",\"@id\":\"https:\\\/\\\/www.webdo.tn\\\/fr\\\/#\\\/schema\\\/person\\\/16a4857e77dfc0b610c4c2cadffc9ac4\"},\"headline\":\"Orientation universitaire 2026 : Le guide sera mis en ligne le 23 juin 2026\",\"datePublished\":\"2026-03-02T08:29:15+00:00\",\"dateModified\":\"2026-03-02T08:29:18+00:00\",\"mainEntityOfPage\":{\"@id\":\"https:\\\/\\\/www.webdo.tn\\\/fr\\\/actualite\\\/national\\\/orientation-universitaire-2026-le-guide-sera-mis-en-ligne-le-23-juin-2026\\\/393962\\\/\"},\"wordCount\":317,\"publisher\":{\"@id\":\"https:\\\/\\\/www.webdo.tn\\\/fr\\\/#organization\"},\"image\":{\"@id\":\"https:\\\/\\\/www.webdo.tn\\\/fr\\\/actualite\\\/national\\\/orientation-universitaire-2026-le-guide-sera-mis-en-ligne-le-23-juin-2026\\\/393962\\\/#primaryimage\"},\"thumbnailUrl\":\"https:\\\/\\\/www.webdo.tn\\\/fr\\\/wp-content\\\/uploads\\\/2026\\\/03\\\/orientation.jpg\",\"keywords\":[\"bacheliers\",\"orientation universitaire\",\"Tunisie\"],\"articleSection\":[\"National\"],\"inLanguage\":\"fr-FR\"},{\"@type\":\"WebPage\",\"@id\":\"https:\\\/\\\/www.webdo.tn\\\/fr\\\/actualite\\\/national\\\/orientation-universitaire-2026-le-guide-sera-mis-en-ligne-le-23-juin-2026\\\/393962\\\/\",\"url\":\"https:\\\/\\\/www.webdo.tn\\\/fr\\\/actualite\\\/national\\\/orientation-universitaire-2026-le-guide-sera-mis-en-ligne-le-23-juin-2026\\\/393962\\\/\",\"name\":\"Orientation universitaire 2026 : Le guide sera mis en ligne le 23 juin 2026 - webdo\",\"isPartOf\":{\"@id\":\"https:\\\/\\\/www.webdo.tn\\\/fr\\\/#website\"},\"primaryImageOfPage\":{\"@id\":\"https:\\\/\\\/www.webdo.tn\\\/fr\\\/actualite\\\/national\\\/orientation-universitaire-2026-le-guide-sera-mis-en-ligne-le-23-juin-2026\\\/393962\\\/#primaryimage\"},\"image\":{\"@id\":\"https:\\\/\\\/www.webdo.tn\\\/fr\\\/actualite\\\/national\\\/orientation-universitaire-2026-le-guide-sera-mis-en-ligne-le-23-juin-2026\\\/393962\\\/#primaryimage\"},\"thumbnailUrl\":\"https:\\\/\\\/www.webdo.tn\\\/fr\\\/wp-content\\\/uploads\\\/2026\\\/03\\\/orientation.jpg\",\"datePublished\":\"2026-03-02T08:29:15+00:00\",\"dateModified\":\"2026-03-02T08:29:18+00:00\",\"description\":\"Pr\u00e9parez-vous pour l'Orientation universitaire 2026 ! Le guide sera accessible en ligne d\u00e8s le 23 juin 2026 pour les nouveaux bacheliers.\",\"breadcrumb\":{\"@id\":\"https:\\\/\\\/www.webdo.tn\\\/fr\\\/actualite\\\/national\\\/orientation-universitaire-2026-le-guide-sera-mis-en-ligne-le-23-juin-2026\\\/393962\\\/#breadcrumb\"},\"inLanguage\":\"fr-FR\",\"potentialAction\":[{\"@type\":\"ReadAction\",\"target\":[\"https:\\\/\\\/www.webdo.tn\\\/fr\\\/actualite\\\/national\\\/orientation-universitaire-2026-le-guide-sera-mis-en-ligne-le-23-juin-2026\\\/393962\\\/\"]}]},{\"@type\":\"ImageObject\",\"inLanguage\":\"fr-FR\",\"@id\":\"https:\\\/\\\/www.webdo.tn\\\/fr\\\/actualite\\\/national\\\/orientation-universitaire-2026-le-guide-sera-mis-en-ligne-le-23-juin-2026\\\/393962\\\/#primaryimage\",\"url\":\"https:\\\/\\\/www.webdo.tn\\\/fr\\\/wp-content\\\/uploads\\\/2026\\\/03\\\/orientation.jpg\",\"contentUrl\":\"https:\\\/\\\/www.webdo.tn\\\/fr\\\/wp-content\\\/uploads\\\/2026\\\/03\\\/orientation.jpg\",\"width\":1207,\"height\":600,\"caption\":\"Orientation universitaire 2026 : Le guide sera mis en ligne le 23 juin 2026\"},{\"@type\":\"BreadcrumbList\",\"@id\":\"https:\\\/\\\/www.webdo.tn\\\/fr\\\/actualite\\\/national\\\/orientation-universitaire-2026-le-guide-sera-mis-en-ligne-le-23-juin-2026\\\/393962\\\/#breadcrumb\",\"itemListElement\":[{\"@type\":\"ListItem\",\"position\":1,\"name\":\"Accueil\",\"item\":\"https:\\\/\\\/www.webdo.tn\\\/fr\\\/\"},{\"@type\":\"ListItem\",\"position\":2,\"name\":\"Orientation universitaire 2026 : Le guide sera mis en ligne le 23 juin 2026\"}]},{\"@type\":\"WebSite\",\"@id\":\"https:\\\/\\\/www.webdo.tn\\\/fr\\\/#website\",\"url\":\"https:\\\/\\\/www.webdo.tn\\\/fr\\\/\",\"name\":\"webdo\",\"description\":\"Tunisie - News en Tunisie et \u00e0 l&#039;international sur Webdo.tn\",\"publisher\":{\"@id\":\"https:\\\/\\\/www.webdo.tn\\\/fr\\\/#organization\"},\"potentialAction\":[{\"@type\":\"SearchAction\",\"target\":{\"@type\":\"EntryPoint\",\"urlTemplate\":\"https:\\\/\\\/www.webdo.tn\\\/fr\\\/?s={search_term_string}\"},\"query-input\":{\"@type\":\"PropertyValueSpecification\",\"valueRequired\":true,\"valueName\":\"search_term_string\"}}],\"inLanguage\":\"fr-FR\"},{\"@type\":\"Organization\",\"@id\":\"https:\\\/\\\/www.webdo.tn\\\/fr\\\/#organization\",\"name\":\"Webdo\",\"alternateName\":\"Webdo.tn\",\"url\":\"https:\\\/\\\/www.webdo.tn\\\/fr\\\/\",\"logo\":{\"@type\":\"ImageObject\",\"inLanguage\":\"fr-FR\",\"@id\":\"https:\\\/\\\/www.webdo.tn\\\/fr\\\/#\\\/schema\\\/logo\\\/image\\\/\",\"url\":\"https:\\\/\\\/www.webdo.tn\\\/fr\\\/wp-content\\\/uploads\\\/2025\\\/06\\\/Webdo-Tunisie_168377.jpg\",\"contentUrl\":\"https:\\\/\\\/www.webdo.tn\\\/fr\\\/wp-content\\\/uploads\\\/2025\\\/06\\\/Webdo-Tunisie_168377.jpg\",\"width\":301,\"height\":301,\"caption\":\"Webdo\"},\"image\":{\"@id\":\"https:\\\/\\\/www.webdo.tn\\\/fr\\\/#\\\/schema\\\/logo\\\/image\\\/\"},\"sameAs\":[\"https:\\\/\\\/www.facebook.com\\\/webdotn\",\"https:\\\/\\\/x.com\\\/webdo_tn\"],\"description\":\"Webdo est un m\u00e9dia num\u00e9rique tunisien fond\u00e9 en 2010, sp\u00e9cialis\u00e9 dans l\u2019actualit\u00e9 nationale et internationale, l\u2019\u00e9conomie, la soci\u00e9t\u00e9 et les analyses politiques. Le site s\u2019adresse \u00e0 un large public francophone et couvre l\u2019information tunisienne en temps r\u00e9el.\",\"email\":\"redac@webdo.tn\",\"legalName\":\"YNJ SARL\",\"foundingDate\":\"2010-09-06\",\"numberOfEmployees\":{\"@type\":\"QuantitativeValue\",\"minValue\":\"11\",\"maxValue\":\"50\"}},{\"@type\":\"Person\",\"@id\":\"https:\\\/\\\/www.webdo.tn\\\/fr\\\/#\\\/schema\\\/person\\\/16a4857e77dfc0b610c4c2cadffc9ac4\",\"name\":\"Mohamed Fethi\",\"image\":{\"@type\":\"ImageObject\",\"inLanguage\":\"fr-FR\",\"@id\":\"https:\\\/\\\/www.webdo.tn\\\/fr\\\/wp-content\\\/uploads\\\/2026\\\/04\\\/mohamed-fethi_avatar_1-96x96.jpg\",\"url\":\"https:\\\/\\\/www.webdo.tn\\\/fr\\\/wp-content\\\/uploads\\\/2026\\\/04\\\/mohamed-fethi_avatar_1-96x96.jpg\",\"contentUrl\":\"https:\\\/\\\/www.webdo.tn\\\/fr\\\/wp-content\\\/uploads\\\/2026\\\/04\\\/mohamed-fethi_avatar_1-96x96.jpg\",\"caption\":\"Mohamed Fethi\"},\"description\":\"Signature \u00e9ditoriale de Maher Chaabane Mohamed Fethi est le pseudonyme \u00e9ditorial de Maher Chaabane, r\u00e9dacteur en chef de Webdo.tn depuis 2012. Cette signature est d\u00e9di\u00e9e au traitement intensif de l'actualit\u00e9 nationale et internationale en temps r\u00e9el. S'appuyant sur les deux d\u00e9cennies d'expertise journalistique de Maher Chaabane \u2014 d\u00e9but\u00e9e au sein du groupe Tunis Hebdo en 2000 \u2014 Mohamed Fethi assure une veille rigoureuse sur les enjeux politiques, \u00e9conomiques et sportifs. Sa mission est de garantir une information structur\u00e9e, fluide et fid\u00e8le aux standards de la r\u00e9daction. Pour consulter le parcours complet du r\u00e9dacteur en chef, visitez le profil officiel de Maher Chaabane.\",\"knowsAbout\":[\"actualit\u00e9\",\"journalisme\",\"information\",\"politique\",\"sport\",\"m\u00e9dias\",\"actualit\u00e9 internationale\"],\"knowsLanguage\":[\"Fran\u00e7ais\",\"Arabe\"],\"jobTitle\":\"Journaliste \u2013 R\u00e9daction Webdo\",\"worksFor\":\"Webdo.tn\",\"url\":\"https:\\\/\\\/www.webdo.tn\\\/fr\\\/actualite\\\/author\\\/mohamed-fethi\\\/\"}]}<\/script>\n<!-- \/ Yoast SEO Premium plugin. -->","yoast_head_json":{"title":"Orientation universitaire 2026 : Le guide sera mis en ligne le 23 juin 2026 - webdo","description":"Pr\u00e9parez-vous pour l'Orientation universitaire 2026 ! Le guide sera accessible en ligne d\u00e8s le 23 juin 2026 pour les nouveaux bacheliers.","canonical":"https:\/\/www.webdo.tn\/fr\/actualite\/national\/orientation-universitaire-2026-le-guide-sera-mis-en-ligne-le-23-juin-2026\/393962\/","og_locale":"fr_FR","og_type":"article","og_title":"Orientation universitaire 2026 : Le guide sera mis en ligne le 23 juin 2026","og_description":"Pr\u00e9parez-vous pour l'Orientation universitaire 2026 ! Le guide sera accessible en ligne d\u00e8s le 23 juin 2026 pour les nouveaux bacheliers.","og_url":"https:\/\/www.webdo.tn\/fr\/actualite\/national\/orientation-universitaire-2026-le-guide-sera-mis-en-ligne-le-23-juin-2026\/393962\/","og_site_name":"webdo","article_publisher":"https:\/\/www.facebook.com\/webdotn","article_published_time":"2026-03-02T08:29:15+00:00","article_modified_time":"2026-03-02T08:29:18+00:00","og_image":[{"width":1207,"height":600,"url":"https:\/\/www.webdo.tn\/fr\/wp-content\/uploads\/2026\/03\/orientation.jpg","type":"image\/jpeg"}],"author":"Mohamed Fethi","twitter_card":"summary_large_image","twitter_creator":"@webdo_tn","twitter_site":"@webdo_tn","twitter_misc":{"\u00c9crit par":"Mohamed Fethi","Dur\u00e9e de lecture estim\u00e9e":"2 minutes"},"schema":{"@context":"https:\/\/schema.org","@graph":[{"@type":"NewsArticle","@id":"https:\/\/www.webdo.tn\/fr\/actualite\/national\/orientation-universitaire-2026-le-guide-sera-mis-en-ligne-le-23-juin-2026\/393962\/#article","isPartOf":{"@id":"https:\/\/www.webdo.tn\/fr\/actualite\/national\/orientation-universitaire-2026-le-guide-sera-mis-en-ligne-le-23-juin-2026\/393962\/"},"author":{"name":"Mohamed Fethi","@id":"https:\/\/www.webdo.tn\/fr\/#\/schema\/person\/16a4857e77dfc0b610c4c2cadffc9ac4"},"headline":"Orientation universitaire 2026 : Le guide sera mis en ligne le 23 juin 2026","datePublished":"2026-03-02T08:29:15+00:00","dateModified":"2026-03-02T08:29:18+00:00","mainEntityOfPage":{"@id":"https:\/\/www.webdo.tn\/fr\/actualite\/national\/orientation-universitaire-2026-le-guide-sera-mis-en-ligne-le-23-juin-2026\/393962\/"},"wordCount":317,"publisher":{"@id":"https:\/\/www.webdo.tn\/fr\/#organization"},"image":{"@id":"https:\/\/www.webdo.tn\/fr\/actualite\/national\/orientation-universitaire-2026-le-guide-sera-mis-en-ligne-le-23-juin-2026\/393962\/#primaryimage"},"thumbnailUrl":"https:\/\/www.webdo.tn\/fr\/wp-content\/uploads\/2026\/03\/orientation.jpg","keywords":["bacheliers","orientation universitaire","Tunisie"],"articleSection":["National"],"inLanguage":"fr-FR"},{"@type":"WebPage","@id":"https:\/\/www.webdo.tn\/fr\/actualite\/national\/orientation-universitaire-2026-le-guide-sera-mis-en-ligne-le-23-juin-2026\/393962\/","url":"https:\/\/www.webdo.tn\/fr\/actualite\/national\/orientation-universitaire-2026-le-guide-sera-mis-en-ligne-le-23-juin-2026\/393962\/","name":"Orientation universitaire 2026 : Le guide sera mis en ligne le 23 juin 2026 - webdo","isPartOf":{"@id":"https:\/\/www.webdo.tn\/fr\/#website"},"primaryImageOfPage":{"@id":"https:\/\/www.webdo.tn\/fr\/actualite\/national\/orientation-universitaire-2026-le-guide-sera-mis-en-ligne-le-23-juin-2026\/393962\/#primaryimage"},"image":{"@id":"https:\/\/www.webdo.tn\/fr\/actualite\/national\/orientation-universitaire-2026-le-guide-sera-mis-en-ligne-le-23-juin-2026\/393962\/#primaryimage"},"thumbnailUrl":"https:\/\/www.webdo.tn\/fr\/wp-content\/uploads\/2026\/03\/orientation.jpg","datePublished":"2026-03-02T08:29:15+00:00","dateModified":"2026-03-02T08:29:18+00:00","description":"Pr\u00e9parez-vous pour l'Orientation universitaire 2026 ! Le guide sera accessible en ligne d\u00e8s le 23 juin 2026 pour les nouveaux bacheliers.","breadcrumb":{"@id":"https:\/\/www.webdo.tn\/fr\/actualite\/national\/orientation-universitaire-2026-le-guide-sera-mis-en-ligne-le-23-juin-2026\/393962\/#breadcrumb"},"inLanguage":"fr-FR","potentialAction":[{"@type":"ReadAction","target":["https:\/\/www.webdo.tn\/fr\/actualite\/national\/orientation-universitaire-2026-le-guide-sera-mis-en-ligne-le-23-juin-2026\/393962\/"]}]},{"@type":"ImageObject","inLanguage":"fr-FR","@id":"https:\/\/www.webdo.tn\/fr\/actualite\/national\/orientation-universitaire-2026-le-guide-sera-mis-en-ligne-le-23-juin-2026\/393962\/#primaryimage","url":"https:\/\/www.webdo.tn\/fr\/wp-content\/uploads\/2026\/03\/orientation.jpg","contentUrl":"https:\/\/www.webdo.tn\/fr\/wp-content\/uploads\/2026\/03\/orientation.jpg","width":1207,"height":600,"caption":"Orientation universitaire 2026 : Le guide sera mis en ligne le 23 juin 2026"},{"@type":"BreadcrumbList","@id":"https:\/\/www.webdo.tn\/fr\/actualite\/national\/orientation-universitaire-2026-le-guide-sera-mis-en-ligne-le-23-juin-2026\/393962\/#breadcrumb","itemListElement":[{"@type":"ListItem","position":1,"name":"Accueil","item":"https:\/\/www.webdo.tn\/fr\/"},{"@type":"ListItem","position":2,"name":"Orientation universitaire 2026 : Le guide sera mis en ligne le 23 juin 2026"}]},{"@type":"WebSite","@id":"https:\/\/www.webdo.tn\/fr\/#website","url":"https:\/\/www.webdo.tn\/fr\/","name":"webdo","description":"Tunisie - News en Tunisie et \u00e0 l&#039;international sur Webdo.tn","publisher":{"@id":"https:\/\/www.webdo.tn\/fr\/#organization"},"potentialAction":[{"@type":"SearchAction","target":{"@type":"EntryPoint","urlTemplate":"https:\/\/www.webdo.tn\/fr\/?s={search_term_string}"},"query-input":{"@type":"PropertyValueSpecification","valueRequired":true,"valueName":"search_term_string"}}],"inLanguage":"fr-FR"},{"@type":"Organization","@id":"https:\/\/www.webdo.tn\/fr\/#organization","name":"Webdo","alternateName":"Webdo.tn","url":"https:\/\/www.webdo.tn\/fr\/","logo":{"@type":"ImageObject","inLanguage":"fr-FR","@id":"https:\/\/www.webdo.tn\/fr\/#\/schema\/logo\/image\/","url":"https:\/\/www.webdo.tn\/fr\/wp-content\/uploads\/2025\/06\/Webdo-Tunisie_168377.jpg","contentUrl":"https:\/\/www.webdo.tn\/fr\/wp-content\/uploads\/2025\/06\/Webdo-Tunisie_168377.jpg","width":301,"height":301,"caption":"Webdo"},"image":{"@id":"https:\/\/www.webdo.tn\/fr\/#\/schema\/logo\/image\/"},"sameAs":["https:\/\/www.facebook.com\/webdotn","https:\/\/x.com\/webdo_tn"],"description":"Webdo est un m\u00e9dia num\u00e9rique tunisien fond\u00e9 en 2010, sp\u00e9cialis\u00e9 dans l\u2019actualit\u00e9 nationale et internationale, l\u2019\u00e9conomie, la soci\u00e9t\u00e9 et les analyses politiques. Le site s\u2019adresse \u00e0 un large public francophone et couvre l\u2019information tunisienne en temps r\u00e9el.","email":"redac@webdo.tn","legalName":"YNJ SARL","foundingDate":"2010-09-06","numberOfEmployees":{"@type":"QuantitativeValue","minValue":"11","maxValue":"50"}},{"@type":"Person","@id":"https:\/\/www.webdo.tn\/fr\/#\/schema\/person\/16a4857e77dfc0b610c4c2cadffc9ac4","name":"Mohamed Fethi","image":{"@type":"ImageObject","inLanguage":"fr-FR","@id":"https:\/\/www.webdo.tn\/fr\/wp-content\/uploads\/2026\/04\/mohamed-fethi_avatar_1-96x96.jpg","url":"https:\/\/www.webdo.tn\/fr\/wp-content\/uploads\/2026\/04\/mohamed-fethi_avatar_1-96x96.jpg","contentUrl":"https:\/\/www.webdo.tn\/fr\/wp-content\/uploads\/2026\/04\/mohamed-fethi_avatar_1-96x96.jpg","caption":"Mohamed Fethi"},"description":"Signature \u00e9ditoriale de Maher Chaabane Mohamed Fethi est le pseudonyme \u00e9ditorial de Maher Chaabane, r\u00e9dacteur en chef de Webdo.tn depuis 2012. Cette signature est d\u00e9di\u00e9e au traitement intensif de l'actualit\u00e9 nationale et internationale en temps r\u00e9el. S'appuyant sur les deux d\u00e9cennies d'expertise journalistique de Maher Chaabane \u2014 d\u00e9but\u00e9e au sein du groupe Tunis Hebdo en 2000 \u2014 Mohamed Fethi assure une veille rigoureuse sur les enjeux politiques, \u00e9conomiques et sportifs. Sa mission est de garantir une information structur\u00e9e, fluide et fid\u00e8le aux standards de la r\u00e9daction. Pour consulter le parcours complet du r\u00e9dacteur en chef, visitez le profil officiel de Maher Chaabane.","knowsAbout":["actualit\u00e9","journalisme","information","politique","sport","m\u00e9dias","actualit\u00e9 internationale"],"knowsLanguage":["Fran\u00e7ais","Arabe"],"jobTitle":"Journaliste \u2013 R\u00e9daction Webdo","worksFor":"Webdo.tn","url":"https:\/\/www.webdo.tn\/fr\/actualite\/author\/mohamed-fethi\/"}]}},"_links":{"self":[{"href":"https:\/\/www.webdo.tn\/fr\/wp-json\/wp\/v2\/posts\/393962","targetHints":{"allow":["GET"]}}],"collection":[{"href":"https:\/\/www.webdo.tn\/fr\/wp-json\/wp\/v2\/posts"}],"about":[{"href":"https:\/\/www.webdo.tn\/fr\/wp-json\/wp\/v2\/types\/post"}],"author":[{"embeddable":true,"href":"https:\/\/www.webdo.tn\/fr\/wp-json\/wp\/v2\/users\/4782"}],"replies":[{"embeddable":true,"href":"https:\/\/www.webdo.tn\/fr\/wp-json\/wp\/v2\/comments?post=393962"}],"version-history":[{"count":0,"href":"https:\/\/www.webdo.tn\/fr\/wp-json\/wp\/v2\/posts\/393962\/revisions"}],"wp:featuredmedia":[{"embeddable":true,"href":"https:\/\/www.webdo.tn\/fr\/wp-json\/wp\/v2\/media\/393963"}],"wp:attachment":[{"href":"https:\/\/www.webdo.tn\/fr\/wp-json\/wp\/v2\/media?parent=393962"}],"wp:term":[{"taxonomy":"category","embeddable":true,"href":"https:\/\/www.webdo.tn\/fr\/wp-json\/wp\/v2\/categories?post=393962"},{"taxonomy":"post_tag","embeddable":true,"href":"https:\/\/www.webdo.tn\/fr\/wp-json\/wp\/v2\/tags?post=393962"}],"curies":[{"name":"wp","href":"https:\/\/api.w.org\/{rel}","templated":true}]}}