{"id":393959,"date":"2026-03-02T09:04:52","date_gmt":"2026-03-02T08:04:52","guid":{"rendered":"https:\/\/www.webdo.tn\/fr\/?p=393959"},"modified":"2026-03-02T09:04:54","modified_gmt":"2026-03-02T08:04:54","slug":"la-communaute-tunisienne-indemne-a-dubai","status":"publish","type":"post","link":"https:\/\/www.webdo.tn\/fr\/actualite\/international\/la-communaute-tunisienne-indemne-a-dubai\/393959\/","title":{"rendered":"La communaut\u00e9 tunisienne indemne \u00e0 Duba\u00ef"},"content":{"rendered":"\n<p><strong>La repr\u00e9sentation diplomatique tunisienne aux \u00c9mirats du Nord a assur\u00e9 que les ressortissants relevant de sa circonscription ne figurent parmi aucune victime \u00e0 ce stade. Dans une communication diffus\u00e9e dans la soir\u00e9e du 1er mars 2026, elle indique qu\u2019aucun cas de blessure n\u2019a \u00e9t\u00e9 recens\u00e9 au sein de la communaut\u00e9.<\/strong><\/p>\n\n\n\n<h2 class=\"wp-block-heading\" id=\"h-une-cellule-de-veille-mobilisee-en-continu\">Une cellule de veille mobilis\u00e9e en continu<\/h2>\n\n\n\n<p>Les services consulaires affirment suivre en temps r\u00e9el l\u2019\u00e9volution de la situation r\u00e9gionale. Une permanence fonctionne sans interruption afin de r\u00e9pondre aux sollicitations des Tunisiens \u00e9tablis dans la juridiction ainsi qu\u2019aux inqui\u00e9tudes exprim\u00e9es par leurs familles.<\/p>\n\n\n\n<blockquote class=\"wp-block-quote is-layout-flow wp-block-quote-is-layout-flow\">\n<blockquote class=\"wp-block-quote is-layout-flow wp-block-quote-is-layout-flow\">\n<ul class=\"wp-block-list\">\n<li class=\"has-medium-font-size\"><strong>Lire aussi :<\/strong> <a href=\"https:\/\/www.webdo.tn\/fr\/actualite\/international\/liban-31-morts-et-149-blesses-dans-des-frappes-israeliennes\/393955\/\">Liban : 31 morts et 149 bless\u00e9s dans des frappes isra\u00e9liennes<\/a><\/li>\n<\/ul>\n<\/blockquote>\n<\/blockquote>\n\n\n\n<p>La mission diplomatique souligne qu\u2019elle reste pleinement mobilis\u00e9e et en coordination avec les autorit\u00e9s locales pour anticiper tout d\u00e9veloppement.<\/p>\n\n\n\n<h2 class=\"wp-block-heading\" id=\"h-activites-consulaires-maintenues\">Activit\u00e9s consulaires maintenues<\/h2>\n\n\n\n<p>Les prestations administratives demeurent assur\u00e9es selon les horaires adapt\u00e9s au mois de Ramadan. Aucune suspension des services n\u2019a \u00e9t\u00e9 annonc\u00e9e.<\/p>\n\n\n\n<p>La repr\u00e9sentation tunisienne appelle par ailleurs ses ressortissants \u00e0 se conformer strictement aux directives des autorit\u00e9s des \u00c9mirats arabes unis et \u00e0 \u00e9viter la circulation d\u2019informations non confirm\u00e9es.<\/p>\n\n\n\n<blockquote class=\"wp-block-quote is-layout-flow wp-block-quote-is-layout-flow\">\n<blockquote class=\"wp-block-quote is-layout-flow wp-block-quote-is-layout-flow\">\n<ul class=\"wp-block-list\">\n<li class=\"has-medium-font-size\"><strong>Lire aussi :<\/strong> <a href=\"https:\/\/www.webdo.tn\/fr\/actualite\/international\/le-golfe-en-flammes-liran-intensifie-ses-frappes-contre-le-qatar-et-dubai\/393930\/\">Le Golfe en flammes : L\u2019Iran intensifie ses frappes contre le Qatar et Duba\u00ef<\/a><\/li>\n<\/ul>\n<\/blockquote>\n<\/blockquote>\n\n\n\n<p>Concernant le trafic a\u00e9rien, il est recommand\u00e9 de consulter directement les plateformes officielles des compagnies a\u00e9riennes ainsi que celles des a\u00e9roports concern\u00e9s pour toute mise \u00e0 jour relative aux vols.<\/p>\n\n\n\n<p>Les autorit\u00e9s consulaires r\u00e9affirment enfin qu\u2019aucun incident impliquant des membres de la communaut\u00e9 tunisienne n\u2019a \u00e9t\u00e9 signal\u00e9 jusqu\u2019\u00e0 pr\u00e9sent.<\/p>\n","protected":false},"excerpt":{"rendered":"<p>La repr\u00e9sentation diplomatique tunisienne aux \u00c9mirats du Nord a assur\u00e9 que les ressortissants relevant de sa circonscription ne figurent parmi aucune victime \u00e0 ce stade. Dans une communication diffus\u00e9e dans la soir\u00e9e du 1er mars 2026, elle indique qu\u2019aucun cas de blessure n\u2019a \u00e9t\u00e9 recens\u00e9 au sein de la communaut\u00e9. Une cellule de veille mobilis\u00e9e [&hellip;]<\/p>\n","protected":false},"author":4782,"featured_media":393960,"comment_status":"closed","ping_status":"closed","sticky":false,"template":"","format":"standard","meta":{"footnotes":""},"categories":[2598],"tags":[3983,2912,2608,3317],"class_list":["post-393959","post","type-post","status-publish","format-standard","has-post-thumbnail","hentry","category-international","tag-dubai","tag-iran","tag-tunisie","tag-tunisiens"],"yoast_head":"<!-- This site is optimized with the Yoast SEO Premium plugin v27.4 (Yoast SEO v27.5) - https:\/\/yoast.com\/product\/yoast-seo-premium-wordpress\/ -->\n<title>La communaut\u00e9 tunisienne indemne \u00e0 Duba\u00ef - webdo<\/title>\n<meta name=\"description\" content=\"Aucune victime tunisienne n\u2019a \u00e9t\u00e9 recens\u00e9e \u00e0 Duba\u00ef. La communaut\u00e9 tunisienne indemne est surveill\u00e9e par la repr\u00e9sentation diplomatique.\" \/>\n<link rel=\"canonical\" href=\"https:\/\/www.webdo.tn\/fr\/actualite\/international\/la-communaute-tunisienne-indemne-a-dubai\/393959\/\" \/>\n<meta property=\"og:locale\" content=\"fr_FR\" \/>\n<meta property=\"og:type\" content=\"article\" \/>\n<meta property=\"og:title\" content=\"La communaut\u00e9 tunisienne indemne \u00e0 Duba\u00ef\" \/>\n<meta property=\"og:description\" content=\"Aucune victime tunisienne n\u2019a \u00e9t\u00e9 recens\u00e9e \u00e0 Duba\u00ef. La communaut\u00e9 tunisienne indemne est surveill\u00e9e par la repr\u00e9sentation diplomatique.\" \/>\n<meta property=\"og:url\" content=\"https:\/\/www.webdo.tn\/fr\/actualite\/international\/la-communaute-tunisienne-indemne-a-dubai\/393959\/\" \/>\n<meta property=\"og:site_name\" content=\"webdo\" \/>\n<meta property=\"article:publisher\" content=\"https:\/\/www.facebook.com\/webdotn\" \/>\n<meta property=\"article:published_time\" content=\"2026-03-02T08:04:52+00:00\" \/>\n<meta property=\"article:modified_time\" content=\"2026-03-02T08:04:54+00:00\" \/>\n<meta property=\"og:image\" content=\"https:\/\/www.webdo.tn\/fr\/wp-content\/uploads\/2026\/03\/Dubai.jpg\" \/>\n\t<meta property=\"og:image:width\" content=\"1200\" \/>\n\t<meta property=\"og:image:height\" content=\"602\" \/>\n\t<meta property=\"og:image:type\" content=\"image\/jpeg\" \/>\n<meta name=\"author\" content=\"Mohamed Fethi\" \/>\n<meta name=\"twitter:card\" content=\"summary_large_image\" \/>\n<meta name=\"twitter:creator\" content=\"@webdo_tn\" \/>\n<meta name=\"twitter:site\" content=\"@webdo_tn\" \/>\n<meta name=\"twitter:label1\" content=\"\u00c9crit par\" \/>\n\t<meta name=\"twitter:data1\" content=\"Mohamed Fethi\" \/>\n\t<meta name=\"twitter:label2\" content=\"Dur\u00e9e de lecture estim\u00e9e\" \/>\n\t<meta name=\"twitter:data2\" content=\"2 minutes\" \/>\n<script type=\"application\/ld+json\" class=\"yoast-schema-graph\">{\"@context\":\"https:\\\/\\\/schema.org\",\"@graph\":[{\"@type\":\"NewsArticle\",\"@id\":\"https:\\\/\\\/www.webdo.tn\\\/fr\\\/actualite\\\/international\\\/la-communaute-tunisienne-indemne-a-dubai\\\/393959\\\/#article\",\"isPartOf\":{\"@id\":\"https:\\\/\\\/www.webdo.tn\\\/fr\\\/actualite\\\/international\\\/la-communaute-tunisienne-indemne-a-dubai\\\/393959\\\/\"},\"author\":{\"name\":\"Mohamed Fethi\",\"@id\":\"https:\\\/\\\/www.webdo.tn\\\/fr\\\/#\\\/schema\\\/person\\\/16a4857e77dfc0b610c4c2cadffc9ac4\"},\"headline\":\"La communaut\u00e9 tunisienne indemne \u00e0 Duba\u00ef\",\"datePublished\":\"2026-03-02T08:04:52+00:00\",\"dateModified\":\"2026-03-02T08:04:54+00:00\",\"mainEntityOfPage\":{\"@id\":\"https:\\\/\\\/www.webdo.tn\\\/fr\\\/actualite\\\/international\\\/la-communaute-tunisienne-indemne-a-dubai\\\/393959\\\/\"},\"wordCount\":275,\"publisher\":{\"@id\":\"https:\\\/\\\/www.webdo.tn\\\/fr\\\/#organization\"},\"image\":{\"@id\":\"https:\\\/\\\/www.webdo.tn\\\/fr\\\/actualite\\\/international\\\/la-communaute-tunisienne-indemne-a-dubai\\\/393959\\\/#primaryimage\"},\"thumbnailUrl\":\"https:\\\/\\\/www.webdo.tn\\\/fr\\\/wp-content\\\/uploads\\\/2026\\\/03\\\/Dubai.jpg\",\"keywords\":[\"duba\u00ef\",\"Iran\",\"Tunisie\",\"Tunisiens\"],\"articleSection\":[\"International\"],\"inLanguage\":\"fr-FR\"},{\"@type\":\"WebPage\",\"@id\":\"https:\\\/\\\/www.webdo.tn\\\/fr\\\/actualite\\\/international\\\/la-communaute-tunisienne-indemne-a-dubai\\\/393959\\\/\",\"url\":\"https:\\\/\\\/www.webdo.tn\\\/fr\\\/actualite\\\/international\\\/la-communaute-tunisienne-indemne-a-dubai\\\/393959\\\/\",\"name\":\"La communaut\u00e9 tunisienne indemne \u00e0 Duba\u00ef - webdo\",\"isPartOf\":{\"@id\":\"https:\\\/\\\/www.webdo.tn\\\/fr\\\/#website\"},\"primaryImageOfPage\":{\"@id\":\"https:\\\/\\\/www.webdo.tn\\\/fr\\\/actualite\\\/international\\\/la-communaute-tunisienne-indemne-a-dubai\\\/393959\\\/#primaryimage\"},\"image\":{\"@id\":\"https:\\\/\\\/www.webdo.tn\\\/fr\\\/actualite\\\/international\\\/la-communaute-tunisienne-indemne-a-dubai\\\/393959\\\/#primaryimage\"},\"thumbnailUrl\":\"https:\\\/\\\/www.webdo.tn\\\/fr\\\/wp-content\\\/uploads\\\/2026\\\/03\\\/Dubai.jpg\",\"datePublished\":\"2026-03-02T08:04:52+00:00\",\"dateModified\":\"2026-03-02T08:04:54+00:00\",\"description\":\"Aucune victime tunisienne n\u2019a \u00e9t\u00e9 recens\u00e9e \u00e0 Duba\u00ef. La communaut\u00e9 tunisienne indemne est surveill\u00e9e par la repr\u00e9sentation diplomatique.\",\"breadcrumb\":{\"@id\":\"https:\\\/\\\/www.webdo.tn\\\/fr\\\/actualite\\\/international\\\/la-communaute-tunisienne-indemne-a-dubai\\\/393959\\\/#breadcrumb\"},\"inLanguage\":\"fr-FR\",\"potentialAction\":[{\"@type\":\"ReadAction\",\"target\":[\"https:\\\/\\\/www.webdo.tn\\\/fr\\\/actualite\\\/international\\\/la-communaute-tunisienne-indemne-a-dubai\\\/393959\\\/\"]}]},{\"@type\":\"ImageObject\",\"inLanguage\":\"fr-FR\",\"@id\":\"https:\\\/\\\/www.webdo.tn\\\/fr\\\/actualite\\\/international\\\/la-communaute-tunisienne-indemne-a-dubai\\\/393959\\\/#primaryimage\",\"url\":\"https:\\\/\\\/www.webdo.tn\\\/fr\\\/wp-content\\\/uploads\\\/2026\\\/03\\\/Dubai.jpg\",\"contentUrl\":\"https:\\\/\\\/www.webdo.tn\\\/fr\\\/wp-content\\\/uploads\\\/2026\\\/03\\\/Dubai.jpg\",\"width\":1200,\"height\":602,\"caption\":\"Tunisiens dans le Golfe : Le minist\u00e8re des Affaires \u00e9trang\u00e8res diffuse les contacts consulaires\"},{\"@type\":\"BreadcrumbList\",\"@id\":\"https:\\\/\\\/www.webdo.tn\\\/fr\\\/actualite\\\/international\\\/la-communaute-tunisienne-indemne-a-dubai\\\/393959\\\/#breadcrumb\",\"itemListElement\":[{\"@type\":\"ListItem\",\"position\":1,\"name\":\"Accueil\",\"item\":\"https:\\\/\\\/www.webdo.tn\\\/fr\\\/\"},{\"@type\":\"ListItem\",\"position\":2,\"name\":\"La communaut\u00e9 tunisienne indemne \u00e0 Duba\u00ef\"}]},{\"@type\":\"WebSite\",\"@id\":\"https:\\\/\\\/www.webdo.tn\\\/fr\\\/#website\",\"url\":\"https:\\\/\\\/www.webdo.tn\\\/fr\\\/\",\"name\":\"webdo\",\"description\":\"Tunisie - News en Tunisie et \u00e0 l&#039;international sur Webdo.tn\",\"publisher\":{\"@id\":\"https:\\\/\\\/www.webdo.tn\\\/fr\\\/#organization\"},\"potentialAction\":[{\"@type\":\"SearchAction\",\"target\":{\"@type\":\"EntryPoint\",\"urlTemplate\":\"https:\\\/\\\/www.webdo.tn\\\/fr\\\/?s={search_term_string}\"},\"query-input\":{\"@type\":\"PropertyValueSpecification\",\"valueRequired\":true,\"valueName\":\"search_term_string\"}}],\"inLanguage\":\"fr-FR\"},{\"@type\":\"Organization\",\"@id\":\"https:\\\/\\\/www.webdo.tn\\\/fr\\\/#organization\",\"name\":\"Webdo\",\"alternateName\":\"Webdo.tn\",\"url\":\"https:\\\/\\\/www.webdo.tn\\\/fr\\\/\",\"logo\":{\"@type\":\"ImageObject\",\"inLanguage\":\"fr-FR\",\"@id\":\"https:\\\/\\\/www.webdo.tn\\\/fr\\\/#\\\/schema\\\/logo\\\/image\\\/\",\"url\":\"https:\\\/\\\/www.webdo.tn\\\/fr\\\/wp-content\\\/uploads\\\/2025\\\/06\\\/Webdo-Tunisie_168377.jpg\",\"contentUrl\":\"https:\\\/\\\/www.webdo.tn\\\/fr\\\/wp-content\\\/uploads\\\/2025\\\/06\\\/Webdo-Tunisie_168377.jpg\",\"width\":301,\"height\":301,\"caption\":\"Webdo\"},\"image\":{\"@id\":\"https:\\\/\\\/www.webdo.tn\\\/fr\\\/#\\\/schema\\\/logo\\\/image\\\/\"},\"sameAs\":[\"https:\\\/\\\/www.facebook.com\\\/webdotn\",\"https:\\\/\\\/x.com\\\/webdo_tn\"],\"description\":\"Webdo est un m\u00e9dia num\u00e9rique tunisien fond\u00e9 en 2010, sp\u00e9cialis\u00e9 dans l\u2019actualit\u00e9 nationale et internationale, l\u2019\u00e9conomie, la soci\u00e9t\u00e9 et les analyses politiques. Le site s\u2019adresse \u00e0 un large public francophone et couvre l\u2019information tunisienne en temps r\u00e9el.\",\"email\":\"redac@webdo.tn\",\"legalName\":\"YNJ SARL\",\"foundingDate\":\"2010-09-06\",\"numberOfEmployees\":{\"@type\":\"QuantitativeValue\",\"minValue\":\"11\",\"maxValue\":\"50\"}},{\"@type\":\"Person\",\"@id\":\"https:\\\/\\\/www.webdo.tn\\\/fr\\\/#\\\/schema\\\/person\\\/16a4857e77dfc0b610c4c2cadffc9ac4\",\"name\":\"Mohamed Fethi\",\"image\":{\"@type\":\"ImageObject\",\"inLanguage\":\"fr-FR\",\"@id\":\"https:\\\/\\\/www.webdo.tn\\\/fr\\\/wp-content\\\/uploads\\\/2026\\\/04\\\/mohamed-fethi_avatar_1-96x96.jpg\",\"url\":\"https:\\\/\\\/www.webdo.tn\\\/fr\\\/wp-content\\\/uploads\\\/2026\\\/04\\\/mohamed-fethi_avatar_1-96x96.jpg\",\"contentUrl\":\"https:\\\/\\\/www.webdo.tn\\\/fr\\\/wp-content\\\/uploads\\\/2026\\\/04\\\/mohamed-fethi_avatar_1-96x96.jpg\",\"caption\":\"Mohamed Fethi\"},\"description\":\"Signature \u00e9ditoriale de Maher Chaabane Mohamed Fethi est le pseudonyme \u00e9ditorial de Maher Chaabane, r\u00e9dacteur en chef de Webdo.tn depuis 2012. Cette signature est d\u00e9di\u00e9e au traitement intensif de l'actualit\u00e9 nationale et internationale en temps r\u00e9el. S'appuyant sur les deux d\u00e9cennies d'expertise journalistique de Maher Chaabane \u2014 d\u00e9but\u00e9e au sein du groupe Tunis Hebdo en 2000 \u2014 Mohamed Fethi assure une veille rigoureuse sur les enjeux politiques, \u00e9conomiques et sportifs. Sa mission est de garantir une information structur\u00e9e, fluide et fid\u00e8le aux standards de la r\u00e9daction. Pour consulter le parcours complet du r\u00e9dacteur en chef, visitez le profil officiel de Maher Chaabane.\",\"knowsAbout\":[\"actualit\u00e9\",\"journalisme\",\"information\",\"politique\",\"sport\",\"m\u00e9dias\",\"actualit\u00e9 internationale\"],\"knowsLanguage\":[\"Fran\u00e7ais\",\"Arabe\"],\"jobTitle\":\"Journaliste \u2013 R\u00e9daction Webdo\",\"worksFor\":\"Webdo.tn\",\"url\":\"https:\\\/\\\/www.webdo.tn\\\/fr\\\/actualite\\\/author\\\/mohamed-fethi\\\/\"}]}<\/script>\n<!-- \/ Yoast SEO Premium plugin. -->","yoast_head_json":{"title":"La communaut\u00e9 tunisienne indemne \u00e0 Duba\u00ef - webdo","description":"Aucune victime tunisienne n\u2019a \u00e9t\u00e9 recens\u00e9e \u00e0 Duba\u00ef. La communaut\u00e9 tunisienne indemne est surveill\u00e9e par la repr\u00e9sentation diplomatique.","canonical":"https:\/\/www.webdo.tn\/fr\/actualite\/international\/la-communaute-tunisienne-indemne-a-dubai\/393959\/","og_locale":"fr_FR","og_type":"article","og_title":"La communaut\u00e9 tunisienne indemne \u00e0 Duba\u00ef","og_description":"Aucune victime tunisienne n\u2019a \u00e9t\u00e9 recens\u00e9e \u00e0 Duba\u00ef. La communaut\u00e9 tunisienne indemne est surveill\u00e9e par la repr\u00e9sentation diplomatique.","og_url":"https:\/\/www.webdo.tn\/fr\/actualite\/international\/la-communaute-tunisienne-indemne-a-dubai\/393959\/","og_site_name":"webdo","article_publisher":"https:\/\/www.facebook.com\/webdotn","article_published_time":"2026-03-02T08:04:52+00:00","article_modified_time":"2026-03-02T08:04:54+00:00","og_image":[{"width":1200,"height":602,"url":"https:\/\/www.webdo.tn\/fr\/wp-content\/uploads\/2026\/03\/Dubai.jpg","type":"image\/jpeg"}],"author":"Mohamed Fethi","twitter_card":"summary_large_image","twitter_creator":"@webdo_tn","twitter_site":"@webdo_tn","twitter_misc":{"\u00c9crit par":"Mohamed Fethi","Dur\u00e9e de lecture estim\u00e9e":"2 minutes"},"schema":{"@context":"https:\/\/schema.org","@graph":[{"@type":"NewsArticle","@id":"https:\/\/www.webdo.tn\/fr\/actualite\/international\/la-communaute-tunisienne-indemne-a-dubai\/393959\/#article","isPartOf":{"@id":"https:\/\/www.webdo.tn\/fr\/actualite\/international\/la-communaute-tunisienne-indemne-a-dubai\/393959\/"},"author":{"name":"Mohamed Fethi","@id":"https:\/\/www.webdo.tn\/fr\/#\/schema\/person\/16a4857e77dfc0b610c4c2cadffc9ac4"},"headline":"La communaut\u00e9 tunisienne indemne \u00e0 Duba\u00ef","datePublished":"2026-03-02T08:04:52+00:00","dateModified":"2026-03-02T08:04:54+00:00","mainEntityOfPage":{"@id":"https:\/\/www.webdo.tn\/fr\/actualite\/international\/la-communaute-tunisienne-indemne-a-dubai\/393959\/"},"wordCount":275,"publisher":{"@id":"https:\/\/www.webdo.tn\/fr\/#organization"},"image":{"@id":"https:\/\/www.webdo.tn\/fr\/actualite\/international\/la-communaute-tunisienne-indemne-a-dubai\/393959\/#primaryimage"},"thumbnailUrl":"https:\/\/www.webdo.tn\/fr\/wp-content\/uploads\/2026\/03\/Dubai.jpg","keywords":["duba\u00ef","Iran","Tunisie","Tunisiens"],"articleSection":["International"],"inLanguage":"fr-FR"},{"@type":"WebPage","@id":"https:\/\/www.webdo.tn\/fr\/actualite\/international\/la-communaute-tunisienne-indemne-a-dubai\/393959\/","url":"https:\/\/www.webdo.tn\/fr\/actualite\/international\/la-communaute-tunisienne-indemne-a-dubai\/393959\/","name":"La communaut\u00e9 tunisienne indemne \u00e0 Duba\u00ef - webdo","isPartOf":{"@id":"https:\/\/www.webdo.tn\/fr\/#website"},"primaryImageOfPage":{"@id":"https:\/\/www.webdo.tn\/fr\/actualite\/international\/la-communaute-tunisienne-indemne-a-dubai\/393959\/#primaryimage"},"image":{"@id":"https:\/\/www.webdo.tn\/fr\/actualite\/international\/la-communaute-tunisienne-indemne-a-dubai\/393959\/#primaryimage"},"thumbnailUrl":"https:\/\/www.webdo.tn\/fr\/wp-content\/uploads\/2026\/03\/Dubai.jpg","datePublished":"2026-03-02T08:04:52+00:00","dateModified":"2026-03-02T08:04:54+00:00","description":"Aucune victime tunisienne n\u2019a \u00e9t\u00e9 recens\u00e9e \u00e0 Duba\u00ef. La communaut\u00e9 tunisienne indemne est surveill\u00e9e par la repr\u00e9sentation diplomatique.","breadcrumb":{"@id":"https:\/\/www.webdo.tn\/fr\/actualite\/international\/la-communaute-tunisienne-indemne-a-dubai\/393959\/#breadcrumb"},"inLanguage":"fr-FR","potentialAction":[{"@type":"ReadAction","target":["https:\/\/www.webdo.tn\/fr\/actualite\/international\/la-communaute-tunisienne-indemne-a-dubai\/393959\/"]}]},{"@type":"ImageObject","inLanguage":"fr-FR","@id":"https:\/\/www.webdo.tn\/fr\/actualite\/international\/la-communaute-tunisienne-indemne-a-dubai\/393959\/#primaryimage","url":"https:\/\/www.webdo.tn\/fr\/wp-content\/uploads\/2026\/03\/Dubai.jpg","contentUrl":"https:\/\/www.webdo.tn\/fr\/wp-content\/uploads\/2026\/03\/Dubai.jpg","width":1200,"height":602,"caption":"Tunisiens dans le Golfe : Le minist\u00e8re des Affaires \u00e9trang\u00e8res diffuse les contacts consulaires"},{"@type":"BreadcrumbList","@id":"https:\/\/www.webdo.tn\/fr\/actualite\/international\/la-communaute-tunisienne-indemne-a-dubai\/393959\/#breadcrumb","itemListElement":[{"@type":"ListItem","position":1,"name":"Accueil","item":"https:\/\/www.webdo.tn\/fr\/"},{"@type":"ListItem","position":2,"name":"La communaut\u00e9 tunisienne indemne \u00e0 Duba\u00ef"}]},{"@type":"WebSite","@id":"https:\/\/www.webdo.tn\/fr\/#website","url":"https:\/\/www.webdo.tn\/fr\/","name":"webdo","description":"Tunisie - News en Tunisie et \u00e0 l&#039;international sur Webdo.tn","publisher":{"@id":"https:\/\/www.webdo.tn\/fr\/#organization"},"potentialAction":[{"@type":"SearchAction","target":{"@type":"EntryPoint","urlTemplate":"https:\/\/www.webdo.tn\/fr\/?s={search_term_string}"},"query-input":{"@type":"PropertyValueSpecification","valueRequired":true,"valueName":"search_term_string"}}],"inLanguage":"fr-FR"},{"@type":"Organization","@id":"https:\/\/www.webdo.tn\/fr\/#organization","name":"Webdo","alternateName":"Webdo.tn","url":"https:\/\/www.webdo.tn\/fr\/","logo":{"@type":"ImageObject","inLanguage":"fr-FR","@id":"https:\/\/www.webdo.tn\/fr\/#\/schema\/logo\/image\/","url":"https:\/\/www.webdo.tn\/fr\/wp-content\/uploads\/2025\/06\/Webdo-Tunisie_168377.jpg","contentUrl":"https:\/\/www.webdo.tn\/fr\/wp-content\/uploads\/2025\/06\/Webdo-Tunisie_168377.jpg","width":301,"height":301,"caption":"Webdo"},"image":{"@id":"https:\/\/www.webdo.tn\/fr\/#\/schema\/logo\/image\/"},"sameAs":["https:\/\/www.facebook.com\/webdotn","https:\/\/x.com\/webdo_tn"],"description":"Webdo est un m\u00e9dia num\u00e9rique tunisien fond\u00e9 en 2010, sp\u00e9cialis\u00e9 dans l\u2019actualit\u00e9 nationale et internationale, l\u2019\u00e9conomie, la soci\u00e9t\u00e9 et les analyses politiques. Le site s\u2019adresse \u00e0 un large public francophone et couvre l\u2019information tunisienne en temps r\u00e9el.","email":"redac@webdo.tn","legalName":"YNJ SARL","foundingDate":"2010-09-06","numberOfEmployees":{"@type":"QuantitativeValue","minValue":"11","maxValue":"50"}},{"@type":"Person","@id":"https:\/\/www.webdo.tn\/fr\/#\/schema\/person\/16a4857e77dfc0b610c4c2cadffc9ac4","name":"Mohamed Fethi","image":{"@type":"ImageObject","inLanguage":"fr-FR","@id":"https:\/\/www.webdo.tn\/fr\/wp-content\/uploads\/2026\/04\/mohamed-fethi_avatar_1-96x96.jpg","url":"https:\/\/www.webdo.tn\/fr\/wp-content\/uploads\/2026\/04\/mohamed-fethi_avatar_1-96x96.jpg","contentUrl":"https:\/\/www.webdo.tn\/fr\/wp-content\/uploads\/2026\/04\/mohamed-fethi_avatar_1-96x96.jpg","caption":"Mohamed Fethi"},"description":"Signature \u00e9ditoriale de Maher Chaabane Mohamed Fethi est le pseudonyme \u00e9ditorial de Maher Chaabane, r\u00e9dacteur en chef de Webdo.tn depuis 2012. Cette signature est d\u00e9di\u00e9e au traitement intensif de l'actualit\u00e9 nationale et internationale en temps r\u00e9el. S'appuyant sur les deux d\u00e9cennies d'expertise journalistique de Maher Chaabane \u2014 d\u00e9but\u00e9e au sein du groupe Tunis Hebdo en 2000 \u2014 Mohamed Fethi assure une veille rigoureuse sur les enjeux politiques, \u00e9conomiques et sportifs. Sa mission est de garantir une information structur\u00e9e, fluide et fid\u00e8le aux standards de la r\u00e9daction. Pour consulter le parcours complet du r\u00e9dacteur en chef, visitez le profil officiel de Maher Chaabane.","knowsAbout":["actualit\u00e9","journalisme","information","politique","sport","m\u00e9dias","actualit\u00e9 internationale"],"knowsLanguage":["Fran\u00e7ais","Arabe"],"jobTitle":"Journaliste \u2013 R\u00e9daction Webdo","worksFor":"Webdo.tn","url":"https:\/\/www.webdo.tn\/fr\/actualite\/author\/mohamed-fethi\/"}]}},"_links":{"self":[{"href":"https:\/\/www.webdo.tn\/fr\/wp-json\/wp\/v2\/posts\/393959","targetHints":{"allow":["GET"]}}],"collection":[{"href":"https:\/\/www.webdo.tn\/fr\/wp-json\/wp\/v2\/posts"}],"about":[{"href":"https:\/\/www.webdo.tn\/fr\/wp-json\/wp\/v2\/types\/post"}],"author":[{"embeddable":true,"href":"https:\/\/www.webdo.tn\/fr\/wp-json\/wp\/v2\/users\/4782"}],"replies":[{"embeddable":true,"href":"https:\/\/www.webdo.tn\/fr\/wp-json\/wp\/v2\/comments?post=393959"}],"version-history":[{"count":0,"href":"https:\/\/www.webdo.tn\/fr\/wp-json\/wp\/v2\/posts\/393959\/revisions"}],"wp:featuredmedia":[{"embeddable":true,"href":"https:\/\/www.webdo.tn\/fr\/wp-json\/wp\/v2\/media\/393960"}],"wp:attachment":[{"href":"https:\/\/www.webdo.tn\/fr\/wp-json\/wp\/v2\/media?parent=393959"}],"wp:term":[{"taxonomy":"category","embeddable":true,"href":"https:\/\/www.webdo.tn\/fr\/wp-json\/wp\/v2\/categories?post=393959"},{"taxonomy":"post_tag","embeddable":true,"href":"https:\/\/www.webdo.tn\/fr\/wp-json\/wp\/v2\/tags?post=393959"}],"curies":[{"name":"wp","href":"https:\/\/api.w.org\/{rel}","templated":true}]}}