{"id":393955,"date":"2026-03-02T08:46:08","date_gmt":"2026-03-02T07:46:08","guid":{"rendered":"https:\/\/www.webdo.tn\/fr\/?p=393955"},"modified":"2026-03-02T10:46:40","modified_gmt":"2026-03-02T09:46:40","slug":"liban-31-morts-et-149-blesses-dans-des-frappes-israeliennes","status":"publish","type":"post","link":"https:\/\/www.webdo.tn\/fr\/actualite\/international\/liban-31-morts-et-149-blesses-dans-des-frappes-israeliennes\/393955\/","title":{"rendered":"Liban : 31 morts et 149 bless\u00e9s dans des frappes isra\u00e9liennes"},"content":{"rendered":"\n<p><strong>Au moins 31 personnes ont \u00e9t\u00e9 tu\u00e9es et 149 autres bless\u00e9es dans des frappes isra\u00e9liennes men\u00e9es au Liban, selon un bilan provisoire communiqu\u00e9 ce lundi 2 mars par le minist\u00e8re libanais de la Sant\u00e9. Les bombardements ont vis\u00e9 la banlieue sud de Beyrouth ainsi que plusieurs localit\u00e9s du sud du pays, dans un contexte de fortes tensions entre Isra\u00ebl et le Hezbollah.<\/strong><\/p>\n\n\n\n<h2 class=\"wp-block-heading\" id=\"h-banlieue-sud-de-beyrouth-et-sud-du-liban-cibles\">Banlieue sud de Beyrouth et sud du Liban cibl\u00e9s<\/h2>\n\n\n\n<p>D\u2019apr\u00e8s le communiqu\u00e9 officiel, les raids ont frapp\u00e9 des zones dens\u00e9ment peupl\u00e9es, notamment la banlieue sud de la capitale, consid\u00e9r\u00e9e comme un bastion du Hezbollah. Des frappes ont \u00e9galement touch\u00e9 des secteurs du sud du Liban, th\u00e9\u00e2tre r\u00e9gulier d\u2019\u00e9changes de tirs transfrontaliers.<\/p>\n\n\n\n<blockquote class=\"wp-block-quote is-layout-flow wp-block-quote-is-layout-flow\">\n<blockquote class=\"wp-block-quote is-layout-flow wp-block-quote-is-layout-flow\">\n<ul class=\"wp-block-list\">\n<li class=\"has-medium-font-size\"><strong>Lire aussi :<\/strong> <a href=\"https:\/\/www.webdo.tn\/fr\/actualite\/international\/israel-un-tir-iranien-fait-au-moins-six-morts-et-27-blesses\/393940\/\">Isra\u00ebl : Un tir iranien fait au moins six morts et 27 bless\u00e9s<\/a><\/li>\n<\/ul>\n<\/blockquote>\n<\/blockquote>\n\n\n\n<p>Le minist\u00e8re de la Sant\u00e9 a fait \u00e9tat d\u2019un \u00ab premier bilan \u00bb de 31 morts et 149 bless\u00e9s, laissant entendre que le nombre de victimes pourrait \u00e9voluer.<\/p>\n\n\n\n<h2 class=\"wp-block-heading\" id=\"h-menaces-d-escalade-israeliennes\">Menaces d\u2019escalade isra\u00e9liennes<\/h2>\n\n\n\n<p>Ces bombardements interviennent apr\u00e8s des tirs visant le territoire isra\u00e9lien. L\u2019arm\u00e9e isra\u00e9lienne a averti qu\u2019elle pourrait intensifier ses op\u00e9rations contre le Hezbollah en riposte.<\/p>\n\n\n\n<p>Aucune  pr\u00e9cision suppl\u00e9mentaire n\u2019a \u00e9t\u00e9 donn\u00e9e, pour l\u2019heure, sur l\u2019ampleur des d\u00e9g\u00e2ts mat\u00e9riels ni sur l\u2019identit\u00e9 des victimes.<\/p>\n\n\n\n<blockquote class=\"wp-block-quote is-layout-flow wp-block-quote-is-layout-flow\">\n<blockquote class=\"wp-block-quote is-layout-flow wp-block-quote-is-layout-flow\">\n<ul class=\"wp-block-list\">\n<li class=\"has-medium-font-size\"><strong>Lire aussi :<\/strong> <a href=\"https:\/\/www.webdo.tn\/fr\/actualite\/international\/les-principaux-responsables-iraniens-tues-dans-les-frappes-americaines-et-israeliennes\/393937\/\">Les principaux responsables iraniens tu\u00e9s dans les frappes am\u00e9ricaines et isra\u00e9liennes<\/a><\/li>\n<\/ul>\n<\/blockquote>\n<\/blockquote>\n\n\n\n<p>La situation reste particuli\u00e8rement volatile le long de la fronti\u00e8re sud du Liban, o\u00f9 les affrontements indirects entre Isra\u00ebl et le Hezbollah se multiplient depuis plusieurs mois, faisant craindre une escalade militaire plus large dans la r\u00e9gion.<\/p>\n","protected":false},"excerpt":{"rendered":"<p>Au moins 31 personnes ont \u00e9t\u00e9 tu\u00e9es et 149 autres bless\u00e9es dans des frappes isra\u00e9liennes men\u00e9es au Liban, selon un bilan provisoire communiqu\u00e9 ce lundi 2 mars par le minist\u00e8re libanais de la Sant\u00e9. Les bombardements ont vis\u00e9 la banlieue sud de Beyrouth ainsi que plusieurs localit\u00e9s du sud du pays, dans un contexte de [&hellip;]<\/p>\n","protected":false},"author":4782,"featured_media":393956,"comment_status":"closed","ping_status":"closed","sticky":false,"template":"","format":"standard","meta":{"footnotes":""},"categories":[2598],"tags":[3035,2912,2636,3920],"class_list":["post-393955","post","type-post","status-publish","format-standard","has-post-thumbnail","hentry","category-international","tag-etats-unis","tag-iran","tag-israel","tag-liban"],"yoast_head":"<!-- This site is optimized with the Yoast SEO Premium plugin v27.5 (Yoast SEO v27.5) - https:\/\/yoast.com\/product\/yoast-seo-premium-wordpress\/ -->\n<title>Liban : 31 morts et 149 bless\u00e9s dans des frappes isra\u00e9liennes - webdo<\/title>\n<meta name=\"description\" content=\"Le Ministre de la Sant\u00e9 libanais annonce 31 morts et 149 bless\u00e9s dans des frappes isra\u00e9liennes. Informez-vous sur la situation.\" \/>\n<link rel=\"canonical\" href=\"https:\/\/www.webdo.tn\/fr\/actualite\/international\/liban-31-morts-et-149-blesses-dans-des-frappes-israeliennes\/393955\/\" \/>\n<meta property=\"og:locale\" content=\"fr_FR\" \/>\n<meta property=\"og:type\" content=\"article\" \/>\n<meta property=\"og:title\" content=\"Liban : 31 morts et 149 bless\u00e9s dans des frappes isra\u00e9liennes\" \/>\n<meta property=\"og:description\" content=\"Le Ministre de la Sant\u00e9 libanais annonce 31 morts et 149 bless\u00e9s dans des frappes isra\u00e9liennes. Informez-vous sur la situation.\" \/>\n<meta property=\"og:url\" content=\"https:\/\/www.webdo.tn\/fr\/actualite\/international\/liban-31-morts-et-149-blesses-dans-des-frappes-israeliennes\/393955\/\" \/>\n<meta property=\"og:site_name\" content=\"webdo\" \/>\n<meta property=\"article:publisher\" content=\"https:\/\/www.facebook.com\/webdotn\" \/>\n<meta property=\"article:published_time\" content=\"2026-03-02T07:46:08+00:00\" \/>\n<meta property=\"article:modified_time\" content=\"2026-03-02T09:46:40+00:00\" \/>\n<meta property=\"og:image\" content=\"https:\/\/www.webdo.tn\/fr\/wp-content\/uploads\/2026\/03\/Liban.jpg\" \/>\n\t<meta property=\"og:image:width\" content=\"1200\" \/>\n\t<meta property=\"og:image:height\" content=\"601\" \/>\n\t<meta property=\"og:image:type\" content=\"image\/jpeg\" \/>\n<meta name=\"author\" content=\"Mohamed Fethi\" \/>\n<meta name=\"twitter:card\" content=\"summary_large_image\" \/>\n<meta name=\"twitter:creator\" content=\"@webdo_tn\" \/>\n<meta name=\"twitter:site\" content=\"@webdo_tn\" \/>\n<meta name=\"twitter:label1\" content=\"\u00c9crit par\" \/>\n\t<meta name=\"twitter:data1\" content=\"Mohamed Fethi\" \/>\n\t<meta name=\"twitter:label2\" content=\"Dur\u00e9e de lecture estim\u00e9e\" \/>\n\t<meta name=\"twitter:data2\" content=\"2 minutes\" \/>\n<script type=\"application\/ld+json\" class=\"yoast-schema-graph\">{\"@context\":\"https:\\\/\\\/schema.org\",\"@graph\":[{\"@type\":\"NewsArticle\",\"@id\":\"https:\\\/\\\/www.webdo.tn\\\/fr\\\/actualite\\\/international\\\/liban-31-morts-et-149-blesses-dans-des-frappes-israeliennes\\\/393955\\\/#article\",\"isPartOf\":{\"@id\":\"https:\\\/\\\/www.webdo.tn\\\/fr\\\/actualite\\\/international\\\/liban-31-morts-et-149-blesses-dans-des-frappes-israeliennes\\\/393955\\\/\"},\"author\":{\"name\":\"Mohamed Fethi\",\"@id\":\"https:\\\/\\\/www.webdo.tn\\\/fr\\\/#\\\/schema\\\/person\\\/16a4857e77dfc0b610c4c2cadffc9ac4\"},\"headline\":\"Liban : 31 morts et 149 bless\u00e9s dans des frappes isra\u00e9liennes\",\"datePublished\":\"2026-03-02T07:46:08+00:00\",\"dateModified\":\"2026-03-02T09:46:40+00:00\",\"mainEntityOfPage\":{\"@id\":\"https:\\\/\\\/www.webdo.tn\\\/fr\\\/actualite\\\/international\\\/liban-31-morts-et-149-blesses-dans-des-frappes-israeliennes\\\/393955\\\/\"},\"wordCount\":300,\"publisher\":{\"@id\":\"https:\\\/\\\/www.webdo.tn\\\/fr\\\/#organization\"},\"image\":{\"@id\":\"https:\\\/\\\/www.webdo.tn\\\/fr\\\/actualite\\\/international\\\/liban-31-morts-et-149-blesses-dans-des-frappes-israeliennes\\\/393955\\\/#primaryimage\"},\"thumbnailUrl\":\"https:\\\/\\\/www.webdo.tn\\\/fr\\\/wp-content\\\/uploads\\\/2026\\\/03\\\/Liban.jpg\",\"keywords\":[\"Etats-Unis\",\"Iran\",\"isra\u00ebl\",\"liban\"],\"articleSection\":[\"International\"],\"inLanguage\":\"fr-FR\"},{\"@type\":\"WebPage\",\"@id\":\"https:\\\/\\\/www.webdo.tn\\\/fr\\\/actualite\\\/international\\\/liban-31-morts-et-149-blesses-dans-des-frappes-israeliennes\\\/393955\\\/\",\"url\":\"https:\\\/\\\/www.webdo.tn\\\/fr\\\/actualite\\\/international\\\/liban-31-morts-et-149-blesses-dans-des-frappes-israeliennes\\\/393955\\\/\",\"name\":\"Liban : 31 morts et 149 bless\u00e9s dans des frappes isra\u00e9liennes - webdo\",\"isPartOf\":{\"@id\":\"https:\\\/\\\/www.webdo.tn\\\/fr\\\/#website\"},\"primaryImageOfPage\":{\"@id\":\"https:\\\/\\\/www.webdo.tn\\\/fr\\\/actualite\\\/international\\\/liban-31-morts-et-149-blesses-dans-des-frappes-israeliennes\\\/393955\\\/#primaryimage\"},\"image\":{\"@id\":\"https:\\\/\\\/www.webdo.tn\\\/fr\\\/actualite\\\/international\\\/liban-31-morts-et-149-blesses-dans-des-frappes-israeliennes\\\/393955\\\/#primaryimage\"},\"thumbnailUrl\":\"https:\\\/\\\/www.webdo.tn\\\/fr\\\/wp-content\\\/uploads\\\/2026\\\/03\\\/Liban.jpg\",\"datePublished\":\"2026-03-02T07:46:08+00:00\",\"dateModified\":\"2026-03-02T09:46:40+00:00\",\"description\":\"Le Ministre de la Sant\u00e9 libanais annonce 31 morts et 149 bless\u00e9s dans des frappes isra\u00e9liennes. Informez-vous sur la situation.\",\"breadcrumb\":{\"@id\":\"https:\\\/\\\/www.webdo.tn\\\/fr\\\/actualite\\\/international\\\/liban-31-morts-et-149-blesses-dans-des-frappes-israeliennes\\\/393955\\\/#breadcrumb\"},\"inLanguage\":\"fr-FR\",\"potentialAction\":[{\"@type\":\"ReadAction\",\"target\":[\"https:\\\/\\\/www.webdo.tn\\\/fr\\\/actualite\\\/international\\\/liban-31-morts-et-149-blesses-dans-des-frappes-israeliennes\\\/393955\\\/\"]}]},{\"@type\":\"ImageObject\",\"inLanguage\":\"fr-FR\",\"@id\":\"https:\\\/\\\/www.webdo.tn\\\/fr\\\/actualite\\\/international\\\/liban-31-morts-et-149-blesses-dans-des-frappes-israeliennes\\\/393955\\\/#primaryimage\",\"url\":\"https:\\\/\\\/www.webdo.tn\\\/fr\\\/wp-content\\\/uploads\\\/2026\\\/03\\\/Liban.jpg\",\"contentUrl\":\"https:\\\/\\\/www.webdo.tn\\\/fr\\\/wp-content\\\/uploads\\\/2026\\\/03\\\/Liban.jpg\",\"width\":1200,\"height\":601,\"caption\":\"Liban : 31 morts et 149 bless\u00e9s dans des frappes isra\u00e9liennes\"},{\"@type\":\"BreadcrumbList\",\"@id\":\"https:\\\/\\\/www.webdo.tn\\\/fr\\\/actualite\\\/international\\\/liban-31-morts-et-149-blesses-dans-des-frappes-israeliennes\\\/393955\\\/#breadcrumb\",\"itemListElement\":[{\"@type\":\"ListItem\",\"position\":1,\"name\":\"Accueil\",\"item\":\"https:\\\/\\\/www.webdo.tn\\\/fr\\\/\"},{\"@type\":\"ListItem\",\"position\":2,\"name\":\"Liban : 31 morts et 149 bless\u00e9s dans des frappes isra\u00e9liennes\"}]},{\"@type\":\"WebSite\",\"@id\":\"https:\\\/\\\/www.webdo.tn\\\/fr\\\/#website\",\"url\":\"https:\\\/\\\/www.webdo.tn\\\/fr\\\/\",\"name\":\"webdo\",\"description\":\"Tunisie - News en Tunisie et \u00e0 l&#039;international sur Webdo.tn\",\"publisher\":{\"@id\":\"https:\\\/\\\/www.webdo.tn\\\/fr\\\/#organization\"},\"potentialAction\":[{\"@type\":\"SearchAction\",\"target\":{\"@type\":\"EntryPoint\",\"urlTemplate\":\"https:\\\/\\\/www.webdo.tn\\\/fr\\\/?s={search_term_string}\"},\"query-input\":{\"@type\":\"PropertyValueSpecification\",\"valueRequired\":true,\"valueName\":\"search_term_string\"}}],\"inLanguage\":\"fr-FR\"},{\"@type\":\"Organization\",\"@id\":\"https:\\\/\\\/www.webdo.tn\\\/fr\\\/#organization\",\"name\":\"Webdo\",\"alternateName\":\"Webdo.tn\",\"url\":\"https:\\\/\\\/www.webdo.tn\\\/fr\\\/\",\"logo\":{\"@type\":\"ImageObject\",\"inLanguage\":\"fr-FR\",\"@id\":\"https:\\\/\\\/www.webdo.tn\\\/fr\\\/#\\\/schema\\\/logo\\\/image\\\/\",\"url\":\"https:\\\/\\\/www.webdo.tn\\\/fr\\\/wp-content\\\/uploads\\\/2025\\\/06\\\/Webdo-Tunisie_168377.jpg\",\"contentUrl\":\"https:\\\/\\\/www.webdo.tn\\\/fr\\\/wp-content\\\/uploads\\\/2025\\\/06\\\/Webdo-Tunisie_168377.jpg\",\"width\":301,\"height\":301,\"caption\":\"Webdo\"},\"image\":{\"@id\":\"https:\\\/\\\/www.webdo.tn\\\/fr\\\/#\\\/schema\\\/logo\\\/image\\\/\"},\"sameAs\":[\"https:\\\/\\\/www.facebook.com\\\/webdotn\",\"https:\\\/\\\/x.com\\\/webdo_tn\"],\"description\":\"Webdo est un m\u00e9dia num\u00e9rique tunisien fond\u00e9 en 2010, sp\u00e9cialis\u00e9 dans l\u2019actualit\u00e9 nationale et internationale, l\u2019\u00e9conomie, la soci\u00e9t\u00e9 et les analyses politiques. Le site s\u2019adresse \u00e0 un large public francophone et couvre l\u2019information tunisienne en temps r\u00e9el.\",\"email\":\"redac@webdo.tn\",\"legalName\":\"YNJ SARL\",\"foundingDate\":\"2010-09-06\",\"numberOfEmployees\":{\"@type\":\"QuantitativeValue\",\"minValue\":\"11\",\"maxValue\":\"50\"}},{\"@type\":\"Person\",\"@id\":\"https:\\\/\\\/www.webdo.tn\\\/fr\\\/#\\\/schema\\\/person\\\/16a4857e77dfc0b610c4c2cadffc9ac4\",\"name\":\"Mohamed Fethi\",\"image\":{\"@type\":\"ImageObject\",\"inLanguage\":\"fr-FR\",\"@id\":\"https:\\\/\\\/www.webdo.tn\\\/fr\\\/wp-content\\\/uploads\\\/2026\\\/04\\\/mohamed-fethi_avatar_1-96x96.jpg\",\"url\":\"https:\\\/\\\/www.webdo.tn\\\/fr\\\/wp-content\\\/uploads\\\/2026\\\/04\\\/mohamed-fethi_avatar_1-96x96.jpg\",\"contentUrl\":\"https:\\\/\\\/www.webdo.tn\\\/fr\\\/wp-content\\\/uploads\\\/2026\\\/04\\\/mohamed-fethi_avatar_1-96x96.jpg\",\"caption\":\"Mohamed Fethi\"},\"description\":\"Signature \u00e9ditoriale de Maher Chaabane Mohamed Fethi est le pseudonyme \u00e9ditorial de Maher Chaabane, r\u00e9dacteur en chef de Webdo.tn depuis 2012. Cette signature est d\u00e9di\u00e9e au traitement intensif de l'actualit\u00e9 nationale et internationale en temps r\u00e9el. S'appuyant sur les deux d\u00e9cennies d'expertise journalistique de Maher Chaabane \u2014 d\u00e9but\u00e9e au sein du groupe Tunis Hebdo en 2000 \u2014 Mohamed Fethi assure une veille rigoureuse sur les enjeux politiques, \u00e9conomiques et sportifs. Sa mission est de garantir une information structur\u00e9e, fluide et fid\u00e8le aux standards de la r\u00e9daction. Pour consulter le parcours complet du r\u00e9dacteur en chef, visitez le profil officiel de Maher Chaabane.\",\"knowsAbout\":[\"actualit\u00e9\",\"journalisme\",\"information\",\"politique\",\"sport\",\"m\u00e9dias\",\"actualit\u00e9 internationale\"],\"knowsLanguage\":[\"Fran\u00e7ais\",\"Arabe\"],\"jobTitle\":\"Journaliste \u2013 R\u00e9daction Webdo\",\"worksFor\":\"Webdo.tn\",\"url\":\"https:\\\/\\\/www.webdo.tn\\\/fr\\\/actualite\\\/author\\\/mohamed-fethi\\\/\"}]}<\/script>\n<!-- \/ Yoast SEO Premium plugin. -->","yoast_head_json":{"title":"Liban : 31 morts et 149 bless\u00e9s dans des frappes isra\u00e9liennes - webdo","description":"Le Ministre de la Sant\u00e9 libanais annonce 31 morts et 149 bless\u00e9s dans des frappes isra\u00e9liennes. Informez-vous sur la situation.","canonical":"https:\/\/www.webdo.tn\/fr\/actualite\/international\/liban-31-morts-et-149-blesses-dans-des-frappes-israeliennes\/393955\/","og_locale":"fr_FR","og_type":"article","og_title":"Liban : 31 morts et 149 bless\u00e9s dans des frappes isra\u00e9liennes","og_description":"Le Ministre de la Sant\u00e9 libanais annonce 31 morts et 149 bless\u00e9s dans des frappes isra\u00e9liennes. Informez-vous sur la situation.","og_url":"https:\/\/www.webdo.tn\/fr\/actualite\/international\/liban-31-morts-et-149-blesses-dans-des-frappes-israeliennes\/393955\/","og_site_name":"webdo","article_publisher":"https:\/\/www.facebook.com\/webdotn","article_published_time":"2026-03-02T07:46:08+00:00","article_modified_time":"2026-03-02T09:46:40+00:00","og_image":[{"width":1200,"height":601,"url":"https:\/\/www.webdo.tn\/fr\/wp-content\/uploads\/2026\/03\/Liban.jpg","type":"image\/jpeg"}],"author":"Mohamed Fethi","twitter_card":"summary_large_image","twitter_creator":"@webdo_tn","twitter_site":"@webdo_tn","twitter_misc":{"\u00c9crit par":"Mohamed Fethi","Dur\u00e9e de lecture estim\u00e9e":"2 minutes"},"schema":{"@context":"https:\/\/schema.org","@graph":[{"@type":"NewsArticle","@id":"https:\/\/www.webdo.tn\/fr\/actualite\/international\/liban-31-morts-et-149-blesses-dans-des-frappes-israeliennes\/393955\/#article","isPartOf":{"@id":"https:\/\/www.webdo.tn\/fr\/actualite\/international\/liban-31-morts-et-149-blesses-dans-des-frappes-israeliennes\/393955\/"},"author":{"name":"Mohamed Fethi","@id":"https:\/\/www.webdo.tn\/fr\/#\/schema\/person\/16a4857e77dfc0b610c4c2cadffc9ac4"},"headline":"Liban : 31 morts et 149 bless\u00e9s dans des frappes isra\u00e9liennes","datePublished":"2026-03-02T07:46:08+00:00","dateModified":"2026-03-02T09:46:40+00:00","mainEntityOfPage":{"@id":"https:\/\/www.webdo.tn\/fr\/actualite\/international\/liban-31-morts-et-149-blesses-dans-des-frappes-israeliennes\/393955\/"},"wordCount":300,"publisher":{"@id":"https:\/\/www.webdo.tn\/fr\/#organization"},"image":{"@id":"https:\/\/www.webdo.tn\/fr\/actualite\/international\/liban-31-morts-et-149-blesses-dans-des-frappes-israeliennes\/393955\/#primaryimage"},"thumbnailUrl":"https:\/\/www.webdo.tn\/fr\/wp-content\/uploads\/2026\/03\/Liban.jpg","keywords":["Etats-Unis","Iran","isra\u00ebl","liban"],"articleSection":["International"],"inLanguage":"fr-FR"},{"@type":"WebPage","@id":"https:\/\/www.webdo.tn\/fr\/actualite\/international\/liban-31-morts-et-149-blesses-dans-des-frappes-israeliennes\/393955\/","url":"https:\/\/www.webdo.tn\/fr\/actualite\/international\/liban-31-morts-et-149-blesses-dans-des-frappes-israeliennes\/393955\/","name":"Liban : 31 morts et 149 bless\u00e9s dans des frappes isra\u00e9liennes - webdo","isPartOf":{"@id":"https:\/\/www.webdo.tn\/fr\/#website"},"primaryImageOfPage":{"@id":"https:\/\/www.webdo.tn\/fr\/actualite\/international\/liban-31-morts-et-149-blesses-dans-des-frappes-israeliennes\/393955\/#primaryimage"},"image":{"@id":"https:\/\/www.webdo.tn\/fr\/actualite\/international\/liban-31-morts-et-149-blesses-dans-des-frappes-israeliennes\/393955\/#primaryimage"},"thumbnailUrl":"https:\/\/www.webdo.tn\/fr\/wp-content\/uploads\/2026\/03\/Liban.jpg","datePublished":"2026-03-02T07:46:08+00:00","dateModified":"2026-03-02T09:46:40+00:00","description":"Le Ministre de la Sant\u00e9 libanais annonce 31 morts et 149 bless\u00e9s dans des frappes isra\u00e9liennes. Informez-vous sur la situation.","breadcrumb":{"@id":"https:\/\/www.webdo.tn\/fr\/actualite\/international\/liban-31-morts-et-149-blesses-dans-des-frappes-israeliennes\/393955\/#breadcrumb"},"inLanguage":"fr-FR","potentialAction":[{"@type":"ReadAction","target":["https:\/\/www.webdo.tn\/fr\/actualite\/international\/liban-31-morts-et-149-blesses-dans-des-frappes-israeliennes\/393955\/"]}]},{"@type":"ImageObject","inLanguage":"fr-FR","@id":"https:\/\/www.webdo.tn\/fr\/actualite\/international\/liban-31-morts-et-149-blesses-dans-des-frappes-israeliennes\/393955\/#primaryimage","url":"https:\/\/www.webdo.tn\/fr\/wp-content\/uploads\/2026\/03\/Liban.jpg","contentUrl":"https:\/\/www.webdo.tn\/fr\/wp-content\/uploads\/2026\/03\/Liban.jpg","width":1200,"height":601,"caption":"Liban : 31 morts et 149 bless\u00e9s dans des frappes isra\u00e9liennes"},{"@type":"BreadcrumbList","@id":"https:\/\/www.webdo.tn\/fr\/actualite\/international\/liban-31-morts-et-149-blesses-dans-des-frappes-israeliennes\/393955\/#breadcrumb","itemListElement":[{"@type":"ListItem","position":1,"name":"Accueil","item":"https:\/\/www.webdo.tn\/fr\/"},{"@type":"ListItem","position":2,"name":"Liban : 31 morts et 149 bless\u00e9s dans des frappes isra\u00e9liennes"}]},{"@type":"WebSite","@id":"https:\/\/www.webdo.tn\/fr\/#website","url":"https:\/\/www.webdo.tn\/fr\/","name":"webdo","description":"Tunisie - News en Tunisie et \u00e0 l&#039;international sur Webdo.tn","publisher":{"@id":"https:\/\/www.webdo.tn\/fr\/#organization"},"potentialAction":[{"@type":"SearchAction","target":{"@type":"EntryPoint","urlTemplate":"https:\/\/www.webdo.tn\/fr\/?s={search_term_string}"},"query-input":{"@type":"PropertyValueSpecification","valueRequired":true,"valueName":"search_term_string"}}],"inLanguage":"fr-FR"},{"@type":"Organization","@id":"https:\/\/www.webdo.tn\/fr\/#organization","name":"Webdo","alternateName":"Webdo.tn","url":"https:\/\/www.webdo.tn\/fr\/","logo":{"@type":"ImageObject","inLanguage":"fr-FR","@id":"https:\/\/www.webdo.tn\/fr\/#\/schema\/logo\/image\/","url":"https:\/\/www.webdo.tn\/fr\/wp-content\/uploads\/2025\/06\/Webdo-Tunisie_168377.jpg","contentUrl":"https:\/\/www.webdo.tn\/fr\/wp-content\/uploads\/2025\/06\/Webdo-Tunisie_168377.jpg","width":301,"height":301,"caption":"Webdo"},"image":{"@id":"https:\/\/www.webdo.tn\/fr\/#\/schema\/logo\/image\/"},"sameAs":["https:\/\/www.facebook.com\/webdotn","https:\/\/x.com\/webdo_tn"],"description":"Webdo est un m\u00e9dia num\u00e9rique tunisien fond\u00e9 en 2010, sp\u00e9cialis\u00e9 dans l\u2019actualit\u00e9 nationale et internationale, l\u2019\u00e9conomie, la soci\u00e9t\u00e9 et les analyses politiques. Le site s\u2019adresse \u00e0 un large public francophone et couvre l\u2019information tunisienne en temps r\u00e9el.","email":"redac@webdo.tn","legalName":"YNJ SARL","foundingDate":"2010-09-06","numberOfEmployees":{"@type":"QuantitativeValue","minValue":"11","maxValue":"50"}},{"@type":"Person","@id":"https:\/\/www.webdo.tn\/fr\/#\/schema\/person\/16a4857e77dfc0b610c4c2cadffc9ac4","name":"Mohamed Fethi","image":{"@type":"ImageObject","inLanguage":"fr-FR","@id":"https:\/\/www.webdo.tn\/fr\/wp-content\/uploads\/2026\/04\/mohamed-fethi_avatar_1-96x96.jpg","url":"https:\/\/www.webdo.tn\/fr\/wp-content\/uploads\/2026\/04\/mohamed-fethi_avatar_1-96x96.jpg","contentUrl":"https:\/\/www.webdo.tn\/fr\/wp-content\/uploads\/2026\/04\/mohamed-fethi_avatar_1-96x96.jpg","caption":"Mohamed Fethi"},"description":"Signature \u00e9ditoriale de Maher Chaabane Mohamed Fethi est le pseudonyme \u00e9ditorial de Maher Chaabane, r\u00e9dacteur en chef de Webdo.tn depuis 2012. Cette signature est d\u00e9di\u00e9e au traitement intensif de l'actualit\u00e9 nationale et internationale en temps r\u00e9el. S'appuyant sur les deux d\u00e9cennies d'expertise journalistique de Maher Chaabane \u2014 d\u00e9but\u00e9e au sein du groupe Tunis Hebdo en 2000 \u2014 Mohamed Fethi assure une veille rigoureuse sur les enjeux politiques, \u00e9conomiques et sportifs. Sa mission est de garantir une information structur\u00e9e, fluide et fid\u00e8le aux standards de la r\u00e9daction. Pour consulter le parcours complet du r\u00e9dacteur en chef, visitez le profil officiel de Maher Chaabane.","knowsAbout":["actualit\u00e9","journalisme","information","politique","sport","m\u00e9dias","actualit\u00e9 internationale"],"knowsLanguage":["Fran\u00e7ais","Arabe"],"jobTitle":"Journaliste \u2013 R\u00e9daction Webdo","worksFor":"Webdo.tn","url":"https:\/\/www.webdo.tn\/fr\/actualite\/author\/mohamed-fethi\/"}]}},"_links":{"self":[{"href":"https:\/\/www.webdo.tn\/fr\/wp-json\/wp\/v2\/posts\/393955","targetHints":{"allow":["GET"]}}],"collection":[{"href":"https:\/\/www.webdo.tn\/fr\/wp-json\/wp\/v2\/posts"}],"about":[{"href":"https:\/\/www.webdo.tn\/fr\/wp-json\/wp\/v2\/types\/post"}],"author":[{"embeddable":true,"href":"https:\/\/www.webdo.tn\/fr\/wp-json\/wp\/v2\/users\/4782"}],"replies":[{"embeddable":true,"href":"https:\/\/www.webdo.tn\/fr\/wp-json\/wp\/v2\/comments?post=393955"}],"version-history":[{"count":0,"href":"https:\/\/www.webdo.tn\/fr\/wp-json\/wp\/v2\/posts\/393955\/revisions"}],"wp:featuredmedia":[{"embeddable":true,"href":"https:\/\/www.webdo.tn\/fr\/wp-json\/wp\/v2\/media\/393956"}],"wp:attachment":[{"href":"https:\/\/www.webdo.tn\/fr\/wp-json\/wp\/v2\/media?parent=393955"}],"wp:term":[{"taxonomy":"category","embeddable":true,"href":"https:\/\/www.webdo.tn\/fr\/wp-json\/wp\/v2\/categories?post=393955"},{"taxonomy":"post_tag","embeddable":true,"href":"https:\/\/www.webdo.tn\/fr\/wp-json\/wp\/v2\/tags?post=393955"}],"curies":[{"name":"wp","href":"https:\/\/api.w.org\/{rel}","templated":true}]}}