{"id":393923,"date":"2026-03-01T07:27:53","date_gmt":"2026-03-01T06:27:53","guid":{"rendered":"https:\/\/www.webdo.tn\/fr\/?p=393923"},"modified":"2026-03-01T07:31:39","modified_gmt":"2026-03-01T06:31:39","slug":"ali-khamenei-est-mort-liran-confirme-le-moyen-orient-sinquiete","status":"publish","type":"post","link":"https:\/\/www.webdo.tn\/fr\/actualite\/international\/ali-khamenei-est-mort-liran-confirme-le-moyen-orient-sinquiete\/393923\/","title":{"rendered":"Ali Khamenei est mort : L\u2019Iran confirme, le Moyen-Orient s\u2019inqui\u00e8te"},"content":{"rendered":"\n<p id=\"h-\"><\/p>\n\n\n\n<p><strong>Les autorit\u00e9s iraniennes ont annonc\u00e9 dimanche 1\u1d49\u02b3 mars 2026 que le Guide supr\u00eame de la R\u00e9publique islamique d\u2019Iran, l\u2019ayatollah Ali Khamenei, est d\u00e9c\u00e9d\u00e9 \u00e0 l\u2019\u00e2ge de 86 ans. Cette annonce intervient au lendemain d\u2019une vaste offensive militaire men\u00e9e par les \u00c9tats-Unis et Isra\u00ebl contre des positions iraniennes, qui a frapp\u00e9 notamment des installations \u00e0 T\u00e9h\u00e9ran.<\/strong><\/p>\n\n\n\n<p>La t\u00e9l\u00e9vision d\u2019\u00c9tat iranienne a diffus\u00e9 l\u2019information dans la nuit, d\u00e9crivant la mort de Khamenei comme un \u00ab \u00e9v\u00e9nement tragique \u00bb et annon\u00e7ant une p\u00e9riode de deuil national de 40 jours ainsi que plusieurs jours f\u00e9ri\u00e9s. Les circonstances pr\u00e9cises de son d\u00e9c\u00e8s n\u2019ont pas \u00e9t\u00e9 d\u00e9taill\u00e9es par les m\u00e9dias officiels, mais la mort est g\u00e9n\u00e9ralement pr\u00e9sent\u00e9e comme li\u00e9e aux frappes qui ont vis\u00e9 le complexe du guide supr\u00eame.<\/p>\n\n\n\n<h2 class=\"wp-block-heading\" id=\"h-lors-de-l-operation-militaire-conjointe-avec-israel\"> Lors de l\u2019op\u00e9ration militaire conjointe avec Isra\u00ebl<\/h2>\n\n\n\n<p>Avant la confirmation officielle de T\u00e9h\u00e9ran, le pr\u00e9sident des \u00c9tats-Unis a publiquement affirm\u00e9 samedi que Khamenei avait \u00e9t\u00e9 tu\u00e9 lors de l\u2019op\u00e9ration militaire conjointe avec Isra\u00ebl, qualifiant cet \u00e9v\u00e9nement de \u00ab chance pour le peuple iranien de reprendre son pays \u00bb. Le Premier ministre isra\u00e9lien avait \u00e9galement \u00e9voqu\u00e9 des \u00ab signes \u00bb indiquant que le guide supr\u00eame ne serait plus en vie.<\/p>\n\n\n\n<p>Cette annonce survient dans un contexte de tension extr\u00eame au Moyen-Orient, avec une s\u00e9rie de frappes et de ripostes entre l\u2019Iran, Isra\u00ebl et des alli\u00e9s r\u00e9gionaux, mena\u00e7ant de transformer le conflit en une confrontation plus large.<\/p>\n\n\n\n<h2 class=\"wp-block-heading\" id=\"h-il-dirigeait-l-iran-depuis-1989\">Il dirigeait l\u2019Iran depuis 1989<\/h2>\n\n\n\n<p>L\u2019ayatollah Khamenei dirigeait l\u2019Iran depuis 1989, succ\u00e9dant au fondateur de la R\u00e9publique islamique, l\u2019ayatollah Ruhollah Khomeini. Sa longue domination a marqu\u00e9 la politique iranienne par une forte centralisation du pouvoir religieux et politique, des tensions durables avec les \u00c9tats-Unis et Isra\u00ebl, ainsi que des r\u00e9pressions internes contre les protestations populaires.<\/p>\n\n\n\n<p class=\"has-medium-font-size\"><strong>Lire aussi <\/strong>: <a href=\"https:\/\/www.webdo.tn\/fr\/actualite\/international\/israel-dit-voir-des-signes-que-khamenei-pourrait-etre-mort-liran-dement\/393920\/\">Isra\u00ebl dit voir \u00ab\u202fdes signes\u202f\u00bb que Khamenei pourrait \u00eatre mort, l\u2019Iran d\u00e9ment<\/a><br><\/p>\n\n\n\n<p>La mort de Khamenei ouvre une p\u00e9riode d\u2019incertitude politique majeure en Iran. La Constitution pr\u00e9voit que l\u2019Assembl\u00e9e des experts doit d\u00e9signer un nouveau Guide supr\u00eame, mais le processus s\u2019annonce d\u00e9licat au moment o\u00f9 le pays est d\u00e9j\u00e0 confront\u00e9 \u00e0 des pressions militaires ext\u00e9rieures et \u00e0 des frustrations sociales internes.<\/p>\n\n\n\n<p><\/p>\n","protected":false},"excerpt":{"rendered":"<p>Les autorit\u00e9s iraniennes ont annonc\u00e9 dimanche 1\u1d49\u02b3 mars 2026 que le Guide supr\u00eame de la R\u00e9publique islamique d\u2019Iran, l\u2019ayatollah Ali Khamenei, est d\u00e9c\u00e9d\u00e9 \u00e0 l\u2019\u00e2ge de 86 ans. Cette annonce intervient au lendemain d\u2019une vaste offensive militaire men\u00e9e par les \u00c9tats-Unis et Isra\u00ebl contre des positions iraniennes, qui a frapp\u00e9 notamment des installations \u00e0 T\u00e9h\u00e9ran. [&hellip;]<\/p>\n","protected":false},"author":3184,"featured_media":393881,"comment_status":"closed","ping_status":"closed","sticky":false,"template":"","format":"standard","meta":{"footnotes":""},"categories":[2598],"tags":[5512,2912],"class_list":["post-393923","post","type-post","status-publish","format-standard","has-post-thumbnail","hentry","category-international","tag-ali-khamenei","tag-iran"],"yoast_head":"<!-- This site is optimized with the Yoast SEO Premium plugin v27.5 (Yoast SEO v27.5) - https:\/\/yoast.com\/product\/yoast-seo-premium-wordpress\/ -->\n<title>Ali Khamenei est mort : L\u2019Iran confirme, le Moyen-Orient s\u2019inqui\u00e8te - webdo<\/title>\n<meta name=\"description\" content=\"L&#039;ayatollah Ali Khamenei est d\u00e9c\u00e9d\u00e9 \u00e0 l&#039;\u00e2ge de 86 ans, marquant un tournant pour l&#039;Iran apr\u00e8s une offensive militaire.\" \/>\n<link rel=\"canonical\" href=\"https:\/\/www.webdo.tn\/fr\/actualite\/international\/ali-khamenei-est-mort-liran-confirme-le-moyen-orient-sinquiete\/393923\/\" \/>\n<meta property=\"og:locale\" content=\"fr_FR\" \/>\n<meta property=\"og:type\" content=\"article\" \/>\n<meta property=\"og:title\" content=\"Ali Khamenei est mort : L\u2019Iran confirme, le Moyen-Orient s\u2019inqui\u00e8te\" \/>\n<meta property=\"og:description\" content=\"L&#039;ayatollah Ali Khamenei est d\u00e9c\u00e9d\u00e9 \u00e0 l&#039;\u00e2ge de 86 ans, marquant un tournant pour l&#039;Iran apr\u00e8s une offensive militaire.\" \/>\n<meta property=\"og:url\" content=\"https:\/\/www.webdo.tn\/fr\/actualite\/international\/ali-khamenei-est-mort-liran-confirme-le-moyen-orient-sinquiete\/393923\/\" \/>\n<meta property=\"og:site_name\" content=\"webdo\" \/>\n<meta property=\"article:publisher\" content=\"https:\/\/www.facebook.com\/webdotn\" \/>\n<meta property=\"article:published_time\" content=\"2026-03-01T06:27:53+00:00\" \/>\n<meta property=\"article:modified_time\" content=\"2026-03-01T06:31:39+00:00\" \/>\n<meta property=\"og:image\" content=\"https:\/\/www.webdo.tn\/fr\/wp-content\/uploads\/2026\/02\/Iran-attaque.jpg\" \/>\n\t<meta property=\"og:image:width\" content=\"1200\" \/>\n\t<meta property=\"og:image:height\" content=\"600\" \/>\n\t<meta property=\"og:image:type\" content=\"image\/jpeg\" \/>\n<meta name=\"author\" content=\"Wided Belhaj\" \/>\n<meta name=\"twitter:card\" content=\"summary_large_image\" \/>\n<meta name=\"twitter:creator\" content=\"@webdo_tn\" \/>\n<meta name=\"twitter:site\" content=\"@webdo_tn\" \/>\n<meta name=\"twitter:label1\" content=\"\u00c9crit par\" \/>\n\t<meta name=\"twitter:data1\" content=\"Wided Belhaj\" \/>\n\t<meta name=\"twitter:label2\" content=\"Dur\u00e9e de lecture estim\u00e9e\" \/>\n\t<meta name=\"twitter:data2\" content=\"2 minutes\" \/>\n<script type=\"application\/ld+json\" class=\"yoast-schema-graph\">{\"@context\":\"https:\\\/\\\/schema.org\",\"@graph\":[{\"@type\":\"NewsArticle\",\"@id\":\"https:\\\/\\\/www.webdo.tn\\\/fr\\\/actualite\\\/international\\\/ali-khamenei-est-mort-liran-confirme-le-moyen-orient-sinquiete\\\/393923\\\/#article\",\"isPartOf\":{\"@id\":\"https:\\\/\\\/www.webdo.tn\\\/fr\\\/actualite\\\/international\\\/ali-khamenei-est-mort-liran-confirme-le-moyen-orient-sinquiete\\\/393923\\\/\"},\"author\":{\"name\":\"Wided Belhaj\",\"@id\":\"https:\\\/\\\/www.webdo.tn\\\/fr\\\/#\\\/schema\\\/person\\\/b9ecde7a5574cb4fcf4b496ea5fadb15\"},\"headline\":\"Ali Khamenei est mort : L\u2019Iran confirme, le Moyen-Orient s\u2019inqui\u00e8te\",\"datePublished\":\"2026-03-01T06:27:53+00:00\",\"dateModified\":\"2026-03-01T06:31:39+00:00\",\"mainEntityOfPage\":{\"@id\":\"https:\\\/\\\/www.webdo.tn\\\/fr\\\/actualite\\\/international\\\/ali-khamenei-est-mort-liran-confirme-le-moyen-orient-sinquiete\\\/393923\\\/\"},\"wordCount\":419,\"publisher\":{\"@id\":\"https:\\\/\\\/www.webdo.tn\\\/fr\\\/#organization\"},\"image\":{\"@id\":\"https:\\\/\\\/www.webdo.tn\\\/fr\\\/actualite\\\/international\\\/ali-khamenei-est-mort-liran-confirme-le-moyen-orient-sinquiete\\\/393923\\\/#primaryimage\"},\"thumbnailUrl\":\"https:\\\/\\\/www.webdo.tn\\\/fr\\\/wp-content\\\/uploads\\\/2026\\\/02\\\/Iran-attaque.jpg\",\"keywords\":[\"Ali Khamenei\",\"Iran\"],\"articleSection\":[\"International\"],\"inLanguage\":\"fr-FR\"},{\"@type\":\"WebPage\",\"@id\":\"https:\\\/\\\/www.webdo.tn\\\/fr\\\/actualite\\\/international\\\/ali-khamenei-est-mort-liran-confirme-le-moyen-orient-sinquiete\\\/393923\\\/\",\"url\":\"https:\\\/\\\/www.webdo.tn\\\/fr\\\/actualite\\\/international\\\/ali-khamenei-est-mort-liran-confirme-le-moyen-orient-sinquiete\\\/393923\\\/\",\"name\":\"Ali Khamenei est mort : L\u2019Iran confirme, le Moyen-Orient s\u2019inqui\u00e8te - webdo\",\"isPartOf\":{\"@id\":\"https:\\\/\\\/www.webdo.tn\\\/fr\\\/#website\"},\"primaryImageOfPage\":{\"@id\":\"https:\\\/\\\/www.webdo.tn\\\/fr\\\/actualite\\\/international\\\/ali-khamenei-est-mort-liran-confirme-le-moyen-orient-sinquiete\\\/393923\\\/#primaryimage\"},\"image\":{\"@id\":\"https:\\\/\\\/www.webdo.tn\\\/fr\\\/actualite\\\/international\\\/ali-khamenei-est-mort-liran-confirme-le-moyen-orient-sinquiete\\\/393923\\\/#primaryimage\"},\"thumbnailUrl\":\"https:\\\/\\\/www.webdo.tn\\\/fr\\\/wp-content\\\/uploads\\\/2026\\\/02\\\/Iran-attaque.jpg\",\"datePublished\":\"2026-03-01T06:27:53+00:00\",\"dateModified\":\"2026-03-01T06:31:39+00:00\",\"description\":\"L'ayatollah Ali Khamenei est d\u00e9c\u00e9d\u00e9 \u00e0 l'\u00e2ge de 86 ans, marquant un tournant pour l'Iran apr\u00e8s une offensive militaire.\",\"breadcrumb\":{\"@id\":\"https:\\\/\\\/www.webdo.tn\\\/fr\\\/actualite\\\/international\\\/ali-khamenei-est-mort-liran-confirme-le-moyen-orient-sinquiete\\\/393923\\\/#breadcrumb\"},\"inLanguage\":\"fr-FR\",\"potentialAction\":[{\"@type\":\"ReadAction\",\"target\":[\"https:\\\/\\\/www.webdo.tn\\\/fr\\\/actualite\\\/international\\\/ali-khamenei-est-mort-liran-confirme-le-moyen-orient-sinquiete\\\/393923\\\/\"]}]},{\"@type\":\"ImageObject\",\"inLanguage\":\"fr-FR\",\"@id\":\"https:\\\/\\\/www.webdo.tn\\\/fr\\\/actualite\\\/international\\\/ali-khamenei-est-mort-liran-confirme-le-moyen-orient-sinquiete\\\/393923\\\/#primaryimage\",\"url\":\"https:\\\/\\\/www.webdo.tn\\\/fr\\\/wp-content\\\/uploads\\\/2026\\\/02\\\/Iran-attaque.jpg\",\"contentUrl\":\"https:\\\/\\\/www.webdo.tn\\\/fr\\\/wp-content\\\/uploads\\\/2026\\\/02\\\/Iran-attaque.jpg\",\"width\":1200,\"height\":600,\"caption\":\"Trump confirme une op\u00e9ration militaire am\u00e9ricaine en Iran pour \u201c\u00e9liminer des menaces imminentes\u201d\"},{\"@type\":\"BreadcrumbList\",\"@id\":\"https:\\\/\\\/www.webdo.tn\\\/fr\\\/actualite\\\/international\\\/ali-khamenei-est-mort-liran-confirme-le-moyen-orient-sinquiete\\\/393923\\\/#breadcrumb\",\"itemListElement\":[{\"@type\":\"ListItem\",\"position\":1,\"name\":\"Accueil\",\"item\":\"https:\\\/\\\/www.webdo.tn\\\/fr\\\/\"},{\"@type\":\"ListItem\",\"position\":2,\"name\":\"Ali Khamenei est mort : L\u2019Iran confirme, le Moyen-Orient s\u2019inqui\u00e8te\"}]},{\"@type\":\"WebSite\",\"@id\":\"https:\\\/\\\/www.webdo.tn\\\/fr\\\/#website\",\"url\":\"https:\\\/\\\/www.webdo.tn\\\/fr\\\/\",\"name\":\"webdo\",\"description\":\"Tunisie - News en Tunisie et \u00e0 l&#039;international sur Webdo.tn\",\"publisher\":{\"@id\":\"https:\\\/\\\/www.webdo.tn\\\/fr\\\/#organization\"},\"potentialAction\":[{\"@type\":\"SearchAction\",\"target\":{\"@type\":\"EntryPoint\",\"urlTemplate\":\"https:\\\/\\\/www.webdo.tn\\\/fr\\\/?s={search_term_string}\"},\"query-input\":{\"@type\":\"PropertyValueSpecification\",\"valueRequired\":true,\"valueName\":\"search_term_string\"}}],\"inLanguage\":\"fr-FR\"},{\"@type\":\"Organization\",\"@id\":\"https:\\\/\\\/www.webdo.tn\\\/fr\\\/#organization\",\"name\":\"Webdo\",\"alternateName\":\"Webdo.tn\",\"url\":\"https:\\\/\\\/www.webdo.tn\\\/fr\\\/\",\"logo\":{\"@type\":\"ImageObject\",\"inLanguage\":\"fr-FR\",\"@id\":\"https:\\\/\\\/www.webdo.tn\\\/fr\\\/#\\\/schema\\\/logo\\\/image\\\/\",\"url\":\"https:\\\/\\\/www.webdo.tn\\\/fr\\\/wp-content\\\/uploads\\\/2025\\\/06\\\/Webdo-Tunisie_168377.jpg\",\"contentUrl\":\"https:\\\/\\\/www.webdo.tn\\\/fr\\\/wp-content\\\/uploads\\\/2025\\\/06\\\/Webdo-Tunisie_168377.jpg\",\"width\":301,\"height\":301,\"caption\":\"Webdo\"},\"image\":{\"@id\":\"https:\\\/\\\/www.webdo.tn\\\/fr\\\/#\\\/schema\\\/logo\\\/image\\\/\"},\"sameAs\":[\"https:\\\/\\\/www.facebook.com\\\/webdotn\",\"https:\\\/\\\/x.com\\\/webdo_tn\"],\"description\":\"Webdo est un m\u00e9dia num\u00e9rique tunisien fond\u00e9 en 2010, sp\u00e9cialis\u00e9 dans l\u2019actualit\u00e9 nationale et internationale, l\u2019\u00e9conomie, la soci\u00e9t\u00e9 et les analyses politiques. Le site s\u2019adresse \u00e0 un large public francophone et couvre l\u2019information tunisienne en temps r\u00e9el.\",\"email\":\"redac@webdo.tn\",\"legalName\":\"YNJ SARL\",\"foundingDate\":\"2010-09-06\",\"numberOfEmployees\":{\"@type\":\"QuantitativeValue\",\"minValue\":\"11\",\"maxValue\":\"50\"}},{\"@type\":\"Person\",\"@id\":\"https:\\\/\\\/www.webdo.tn\\\/fr\\\/#\\\/schema\\\/person\\\/b9ecde7a5574cb4fcf4b496ea5fadb15\",\"name\":\"Wided Belhaj\",\"image\":{\"@type\":\"ImageObject\",\"inLanguage\":\"fr-FR\",\"@id\":\"https:\\\/\\\/www.webdo.tn\\\/fr\\\/wp-content\\\/uploads\\\/2026\\\/04\\\/wided-belhaj_avatar-96x96.jpg\",\"url\":\"https:\\\/\\\/www.webdo.tn\\\/fr\\\/wp-content\\\/uploads\\\/2026\\\/04\\\/wided-belhaj_avatar-96x96.jpg\",\"contentUrl\":\"https:\\\/\\\/www.webdo.tn\\\/fr\\\/wp-content\\\/uploads\\\/2026\\\/04\\\/wided-belhaj_avatar-96x96.jpg\",\"caption\":\"Wided Belhaj\"},\"description\":\"Wided Belhaj est le pseudonyme \u00e9ditorial utilis\u00e9 par Khalil Jelassi, journaliste, ma\u00eetre-assistant \u00e0 l\u2019Institut de presse et des sciences de l\u2019information (IPSI) et chercheur en sciences de l\u2019information et de la communication. Cette signature est d\u00e9di\u00e9e \u00e0 l\u2019analyse des m\u00e9dias, des pratiques journalistiques et des mutations de l\u2019information \u00e0 l\u2019\u00e8re digitale. \u00c0 travers ses contributions, Wided Belhaj propose une lecture analytique de l\u2019actualit\u00e9, en croisant regard critique et expertise acad\u00e9mique.\",\"knowsAbout\":[\"m\u00e9dias\",\"journalisme\",\"communication\",\"information\",\"transformation num\u00e9rique\",\"analyse des m\u00e9dias\"],\"knowsLanguage\":[\"Fran\u00e7ais\",\"Arabe\"],\"jobTitle\":\"Webdo.tn\",\"worksFor\":\"Journaliste \u2013 Analyse des m\u00e9dias\",\"url\":\"https:\\\/\\\/www.webdo.tn\\\/fr\\\/actualite\\\/author\\\/wided-belhaj\\\/\"}]}<\/script>\n<!-- \/ Yoast SEO Premium plugin. -->","yoast_head_json":{"title":"Ali Khamenei est mort : L\u2019Iran confirme, le Moyen-Orient s\u2019inqui\u00e8te - webdo","description":"L'ayatollah Ali Khamenei est d\u00e9c\u00e9d\u00e9 \u00e0 l'\u00e2ge de 86 ans, marquant un tournant pour l'Iran apr\u00e8s une offensive militaire.","canonical":"https:\/\/www.webdo.tn\/fr\/actualite\/international\/ali-khamenei-est-mort-liran-confirme-le-moyen-orient-sinquiete\/393923\/","og_locale":"fr_FR","og_type":"article","og_title":"Ali Khamenei est mort : L\u2019Iran confirme, le Moyen-Orient s\u2019inqui\u00e8te","og_description":"L'ayatollah Ali Khamenei est d\u00e9c\u00e9d\u00e9 \u00e0 l'\u00e2ge de 86 ans, marquant un tournant pour l'Iran apr\u00e8s une offensive militaire.","og_url":"https:\/\/www.webdo.tn\/fr\/actualite\/international\/ali-khamenei-est-mort-liran-confirme-le-moyen-orient-sinquiete\/393923\/","og_site_name":"webdo","article_publisher":"https:\/\/www.facebook.com\/webdotn","article_published_time":"2026-03-01T06:27:53+00:00","article_modified_time":"2026-03-01T06:31:39+00:00","og_image":[{"width":1200,"height":600,"url":"https:\/\/www.webdo.tn\/fr\/wp-content\/uploads\/2026\/02\/Iran-attaque.jpg","type":"image\/jpeg"}],"author":"Wided Belhaj","twitter_card":"summary_large_image","twitter_creator":"@webdo_tn","twitter_site":"@webdo_tn","twitter_misc":{"\u00c9crit par":"Wided Belhaj","Dur\u00e9e de lecture estim\u00e9e":"2 minutes"},"schema":{"@context":"https:\/\/schema.org","@graph":[{"@type":"NewsArticle","@id":"https:\/\/www.webdo.tn\/fr\/actualite\/international\/ali-khamenei-est-mort-liran-confirme-le-moyen-orient-sinquiete\/393923\/#article","isPartOf":{"@id":"https:\/\/www.webdo.tn\/fr\/actualite\/international\/ali-khamenei-est-mort-liran-confirme-le-moyen-orient-sinquiete\/393923\/"},"author":{"name":"Wided Belhaj","@id":"https:\/\/www.webdo.tn\/fr\/#\/schema\/person\/b9ecde7a5574cb4fcf4b496ea5fadb15"},"headline":"Ali Khamenei est mort : L\u2019Iran confirme, le Moyen-Orient s\u2019inqui\u00e8te","datePublished":"2026-03-01T06:27:53+00:00","dateModified":"2026-03-01T06:31:39+00:00","mainEntityOfPage":{"@id":"https:\/\/www.webdo.tn\/fr\/actualite\/international\/ali-khamenei-est-mort-liran-confirme-le-moyen-orient-sinquiete\/393923\/"},"wordCount":419,"publisher":{"@id":"https:\/\/www.webdo.tn\/fr\/#organization"},"image":{"@id":"https:\/\/www.webdo.tn\/fr\/actualite\/international\/ali-khamenei-est-mort-liran-confirme-le-moyen-orient-sinquiete\/393923\/#primaryimage"},"thumbnailUrl":"https:\/\/www.webdo.tn\/fr\/wp-content\/uploads\/2026\/02\/Iran-attaque.jpg","keywords":["Ali Khamenei","Iran"],"articleSection":["International"],"inLanguage":"fr-FR"},{"@type":"WebPage","@id":"https:\/\/www.webdo.tn\/fr\/actualite\/international\/ali-khamenei-est-mort-liran-confirme-le-moyen-orient-sinquiete\/393923\/","url":"https:\/\/www.webdo.tn\/fr\/actualite\/international\/ali-khamenei-est-mort-liran-confirme-le-moyen-orient-sinquiete\/393923\/","name":"Ali Khamenei est mort : L\u2019Iran confirme, le Moyen-Orient s\u2019inqui\u00e8te - webdo","isPartOf":{"@id":"https:\/\/www.webdo.tn\/fr\/#website"},"primaryImageOfPage":{"@id":"https:\/\/www.webdo.tn\/fr\/actualite\/international\/ali-khamenei-est-mort-liran-confirme-le-moyen-orient-sinquiete\/393923\/#primaryimage"},"image":{"@id":"https:\/\/www.webdo.tn\/fr\/actualite\/international\/ali-khamenei-est-mort-liran-confirme-le-moyen-orient-sinquiete\/393923\/#primaryimage"},"thumbnailUrl":"https:\/\/www.webdo.tn\/fr\/wp-content\/uploads\/2026\/02\/Iran-attaque.jpg","datePublished":"2026-03-01T06:27:53+00:00","dateModified":"2026-03-01T06:31:39+00:00","description":"L'ayatollah Ali Khamenei est d\u00e9c\u00e9d\u00e9 \u00e0 l'\u00e2ge de 86 ans, marquant un tournant pour l'Iran apr\u00e8s une offensive militaire.","breadcrumb":{"@id":"https:\/\/www.webdo.tn\/fr\/actualite\/international\/ali-khamenei-est-mort-liran-confirme-le-moyen-orient-sinquiete\/393923\/#breadcrumb"},"inLanguage":"fr-FR","potentialAction":[{"@type":"ReadAction","target":["https:\/\/www.webdo.tn\/fr\/actualite\/international\/ali-khamenei-est-mort-liran-confirme-le-moyen-orient-sinquiete\/393923\/"]}]},{"@type":"ImageObject","inLanguage":"fr-FR","@id":"https:\/\/www.webdo.tn\/fr\/actualite\/international\/ali-khamenei-est-mort-liran-confirme-le-moyen-orient-sinquiete\/393923\/#primaryimage","url":"https:\/\/www.webdo.tn\/fr\/wp-content\/uploads\/2026\/02\/Iran-attaque.jpg","contentUrl":"https:\/\/www.webdo.tn\/fr\/wp-content\/uploads\/2026\/02\/Iran-attaque.jpg","width":1200,"height":600,"caption":"Trump confirme une op\u00e9ration militaire am\u00e9ricaine en Iran pour \u201c\u00e9liminer des menaces imminentes\u201d"},{"@type":"BreadcrumbList","@id":"https:\/\/www.webdo.tn\/fr\/actualite\/international\/ali-khamenei-est-mort-liran-confirme-le-moyen-orient-sinquiete\/393923\/#breadcrumb","itemListElement":[{"@type":"ListItem","position":1,"name":"Accueil","item":"https:\/\/www.webdo.tn\/fr\/"},{"@type":"ListItem","position":2,"name":"Ali Khamenei est mort : L\u2019Iran confirme, le Moyen-Orient s\u2019inqui\u00e8te"}]},{"@type":"WebSite","@id":"https:\/\/www.webdo.tn\/fr\/#website","url":"https:\/\/www.webdo.tn\/fr\/","name":"webdo","description":"Tunisie - News en Tunisie et \u00e0 l&#039;international sur Webdo.tn","publisher":{"@id":"https:\/\/www.webdo.tn\/fr\/#organization"},"potentialAction":[{"@type":"SearchAction","target":{"@type":"EntryPoint","urlTemplate":"https:\/\/www.webdo.tn\/fr\/?s={search_term_string}"},"query-input":{"@type":"PropertyValueSpecification","valueRequired":true,"valueName":"search_term_string"}}],"inLanguage":"fr-FR"},{"@type":"Organization","@id":"https:\/\/www.webdo.tn\/fr\/#organization","name":"Webdo","alternateName":"Webdo.tn","url":"https:\/\/www.webdo.tn\/fr\/","logo":{"@type":"ImageObject","inLanguage":"fr-FR","@id":"https:\/\/www.webdo.tn\/fr\/#\/schema\/logo\/image\/","url":"https:\/\/www.webdo.tn\/fr\/wp-content\/uploads\/2025\/06\/Webdo-Tunisie_168377.jpg","contentUrl":"https:\/\/www.webdo.tn\/fr\/wp-content\/uploads\/2025\/06\/Webdo-Tunisie_168377.jpg","width":301,"height":301,"caption":"Webdo"},"image":{"@id":"https:\/\/www.webdo.tn\/fr\/#\/schema\/logo\/image\/"},"sameAs":["https:\/\/www.facebook.com\/webdotn","https:\/\/x.com\/webdo_tn"],"description":"Webdo est un m\u00e9dia num\u00e9rique tunisien fond\u00e9 en 2010, sp\u00e9cialis\u00e9 dans l\u2019actualit\u00e9 nationale et internationale, l\u2019\u00e9conomie, la soci\u00e9t\u00e9 et les analyses politiques. Le site s\u2019adresse \u00e0 un large public francophone et couvre l\u2019information tunisienne en temps r\u00e9el.","email":"redac@webdo.tn","legalName":"YNJ SARL","foundingDate":"2010-09-06","numberOfEmployees":{"@type":"QuantitativeValue","minValue":"11","maxValue":"50"}},{"@type":"Person","@id":"https:\/\/www.webdo.tn\/fr\/#\/schema\/person\/b9ecde7a5574cb4fcf4b496ea5fadb15","name":"Wided Belhaj","image":{"@type":"ImageObject","inLanguage":"fr-FR","@id":"https:\/\/www.webdo.tn\/fr\/wp-content\/uploads\/2026\/04\/wided-belhaj_avatar-96x96.jpg","url":"https:\/\/www.webdo.tn\/fr\/wp-content\/uploads\/2026\/04\/wided-belhaj_avatar-96x96.jpg","contentUrl":"https:\/\/www.webdo.tn\/fr\/wp-content\/uploads\/2026\/04\/wided-belhaj_avatar-96x96.jpg","caption":"Wided Belhaj"},"description":"Wided Belhaj est le pseudonyme \u00e9ditorial utilis\u00e9 par Khalil Jelassi, journaliste, ma\u00eetre-assistant \u00e0 l\u2019Institut de presse et des sciences de l\u2019information (IPSI) et chercheur en sciences de l\u2019information et de la communication. Cette signature est d\u00e9di\u00e9e \u00e0 l\u2019analyse des m\u00e9dias, des pratiques journalistiques et des mutations de l\u2019information \u00e0 l\u2019\u00e8re digitale. \u00c0 travers ses contributions, Wided Belhaj propose une lecture analytique de l\u2019actualit\u00e9, en croisant regard critique et expertise acad\u00e9mique.","knowsAbout":["m\u00e9dias","journalisme","communication","information","transformation num\u00e9rique","analyse des m\u00e9dias"],"knowsLanguage":["Fran\u00e7ais","Arabe"],"jobTitle":"Webdo.tn","worksFor":"Journaliste \u2013 Analyse des m\u00e9dias","url":"https:\/\/www.webdo.tn\/fr\/actualite\/author\/wided-belhaj\/"}]}},"_links":{"self":[{"href":"https:\/\/www.webdo.tn\/fr\/wp-json\/wp\/v2\/posts\/393923","targetHints":{"allow":["GET"]}}],"collection":[{"href":"https:\/\/www.webdo.tn\/fr\/wp-json\/wp\/v2\/posts"}],"about":[{"href":"https:\/\/www.webdo.tn\/fr\/wp-json\/wp\/v2\/types\/post"}],"author":[{"embeddable":true,"href":"https:\/\/www.webdo.tn\/fr\/wp-json\/wp\/v2\/users\/3184"}],"replies":[{"embeddable":true,"href":"https:\/\/www.webdo.tn\/fr\/wp-json\/wp\/v2\/comments?post=393923"}],"version-history":[{"count":0,"href":"https:\/\/www.webdo.tn\/fr\/wp-json\/wp\/v2\/posts\/393923\/revisions"}],"wp:featuredmedia":[{"embeddable":true,"href":"https:\/\/www.webdo.tn\/fr\/wp-json\/wp\/v2\/media\/393881"}],"wp:attachment":[{"href":"https:\/\/www.webdo.tn\/fr\/wp-json\/wp\/v2\/media?parent=393923"}],"wp:term":[{"taxonomy":"category","embeddable":true,"href":"https:\/\/www.webdo.tn\/fr\/wp-json\/wp\/v2\/categories?post=393923"},{"taxonomy":"post_tag","embeddable":true,"href":"https:\/\/www.webdo.tn\/fr\/wp-json\/wp\/v2\/tags?post=393923"}],"curies":[{"name":"wp","href":"https:\/\/api.w.org\/{rel}","templated":true}]}}