{"id":393920,"date":"2026-02-28T20:23:18","date_gmt":"2026-02-28T19:23:18","guid":{"rendered":"https:\/\/www.webdo.tn\/fr\/?p=393920"},"modified":"2026-02-28T20:23:20","modified_gmt":"2026-02-28T19:23:20","slug":"israel-dit-voir-des-signes-que-khamenei-pourrait-etre-mort-liran-dement","status":"publish","type":"post","link":"https:\/\/www.webdo.tn\/fr\/actualite\/international\/israel-dit-voir-des-signes-que-khamenei-pourrait-etre-mort-liran-dement\/393920\/","title":{"rendered":"Isra\u00ebl dit voir \u00ab\u202fdes signes\u202f\u00bb que Khamenei pourrait \u00eatre mort, l\u2019Iran d\u00e9ment"},"content":{"rendered":"\n<h3 class=\"wp-block-heading\" id=\"h-\"><\/h3>\n\n\n\n<p><strong>Le Premier ministre isra\u00e9lien Benjamin Netanyahu a d\u00e9clar\u00e9 que les frappes conjointes men\u00e9es par Isra\u00ebl et les \u00c9tats\u2011Unis contre l\u2019Iran ont montr\u00e9 \u00ab\u202fdes signes\u202f\u00bb indiquant que le guide supr\u00eame iranien <em>Ali\u202fKhamenei<\/em> pourrait ne plus \u00eatre en vie, apr\u00e8s que plusieurs m\u00e9dias isra\u00e9liens ont rapport\u00e9 que des indications s\u2019accumulaient en ce sens samedi 28\u202ff\u00e9vrier\u202f2026 dans le cadre de l\u2019op\u00e9ration militaire.<\/strong><\/p>\n\n\n\n<p>Selon ces m\u00e9dias, qui citent des sources isra\u00e9liennes anonymes, il y aurait des \u00e9l\u00e9ments d\u2019\u00e9valuation selon lesquels la frappe aurait touch\u00e9 des zones cl\u00e9s comprenant la r\u00e9sidence ou le complexe de Khamenei, ce qui laisse penser, sans confirmation d\u00e9finitive, que le leader iranien pourrait avoir \u00e9t\u00e9 tu\u00e9 ou gravement bless\u00e9.<\/p>\n\n\n\n<blockquote class=\"wp-block-quote is-layout-flow wp-block-quote-is-layout-flow\">\n<blockquote class=\"wp-block-quote is-layout-flow wp-block-quote-is-layout-flow\">\n<ul class=\"wp-block-list\">\n<li><strong>Lire aussi :<\/strong>\u00a0<a href=\"https:\/\/www.webdo.tn\/fr\/actualite\/international\/les-etats-unis-annoncent-des-frappes-en-iran-la-crise-entre-dans-une-phase-ouverte\/393879\/\">Les \u00c9tats-Unis annoncent des frappes en Iran, la crise entre dans une phase ouverte<\/a><\/li>\n<\/ul>\n<\/blockquote>\n<\/blockquote>\n\n\n\n<p>Cependant, cette information n\u2019est pas une confirmation officielle de sa mort. Du c\u00f4t\u00e9 iranien, le ministre des Affaires \u00e9trang\u00e8res <em>Abbas Araghchi<\/em> a affirm\u00e9 dans une interview que <em>Khamenei<\/em> est toujours en vie \u00ab\u202fpour autant que je sache\u202f\u00bb, ajoutant que \u00ab\u202fpresque tous les hauts responsables sont en s\u00e9curit\u00e9 et vivants\u202f\u00bb.<\/p>\n\n\n\n<h2 class=\"wp-block-heading\" id=\"h-renverser-le-regime-iranien\"> Renverser le r\u00e9gime iranien <\/h2>\n\n\n\n<p>Araghchi a \u00e9galement d\u00e9clar\u00e9 que la perspective de renverser le r\u00e9gime iranien \u00e9tait irr\u00e9aliste et a d\u00e9nonc\u00e9 les frappes comme \u00ab\u202fill\u00e9gales\u202f\u00bb.<\/p>\n\n\n\n<p>\u00c0 l\u2019heure actuelle, aucune preuve ind\u00e9pendante et v\u00e9rifi\u00e9e (comme une apparition publique r\u00e9cente de Khamenei ou une annonce officielle de sa mort) n\u2019a \u00e9t\u00e9 fournie. Les informations en circulation restent donc contradictoires et non confirm\u00e9es.<\/p>\n\n\n\n<p><\/p>\n","protected":false},"excerpt":{"rendered":"<p>Le Premier ministre isra\u00e9lien Benjamin Netanyahu a d\u00e9clar\u00e9 que les frappes conjointes men\u00e9es par Isra\u00ebl et les \u00c9tats\u2011Unis contre l\u2019Iran ont montr\u00e9 \u00ab\u202fdes signes\u202f\u00bb indiquant que le guide supr\u00eame iranien Ali\u202fKhamenei pourrait ne plus \u00eatre en vie, apr\u00e8s que plusieurs m\u00e9dias isra\u00e9liens ont rapport\u00e9 que des indications s\u2019accumulaient en ce sens samedi 28\u202ff\u00e9vrier\u202f2026 dans le [&hellip;]<\/p>\n","protected":false},"author":3184,"featured_media":392447,"comment_status":"closed","ping_status":"closed","sticky":false,"template":"","format":"standard","meta":{"footnotes":""},"categories":[2598],"tags":[2600,2912,2636],"class_list":["post-393920","post","type-post","status-publish","format-standard","has-post-thumbnail","hentry","category-international","tag-guerre","tag-iran","tag-israel"],"yoast_head":"<!-- This site is optimized with the Yoast SEO Premium plugin v27.5 (Yoast SEO v27.5) - https:\/\/yoast.com\/product\/yoast-seo-premium-wordpress\/ -->\n<title>Isra\u00ebl dit voir \u00ab\u202fdes signes\u202f\u00bb que Khamenei pourrait \u00eatre mort, l\u2019Iran d\u00e9ment - webdo<\/title>\n<meta name=\"description\" content=\"Des preuves sugg\u00e8rent que Khamenei pourrait ne plus \u00eatre en vie apr\u00e8s les frappes conjointes d&#039;Isra\u00ebl et des \u00c9tats-Unis.\" \/>\n<link rel=\"canonical\" href=\"https:\/\/www.webdo.tn\/fr\/actualite\/international\/israel-dit-voir-des-signes-que-khamenei-pourrait-etre-mort-liran-dement\/393920\/\" \/>\n<meta property=\"og:locale\" content=\"fr_FR\" \/>\n<meta property=\"og:type\" content=\"article\" \/>\n<meta property=\"og:title\" content=\"Isra\u00ebl dit voir \u00ab\u202fdes signes\u202f\u00bb que Khamenei pourrait \u00eatre mort, l\u2019Iran d\u00e9ment\" \/>\n<meta property=\"og:description\" content=\"Des preuves sugg\u00e8rent que Khamenei pourrait ne plus \u00eatre en vie apr\u00e8s les frappes conjointes d&#039;Isra\u00ebl et des \u00c9tats-Unis.\" \/>\n<meta property=\"og:url\" content=\"https:\/\/www.webdo.tn\/fr\/actualite\/international\/israel-dit-voir-des-signes-que-khamenei-pourrait-etre-mort-liran-dement\/393920\/\" \/>\n<meta property=\"og:site_name\" content=\"webdo\" \/>\n<meta property=\"article:publisher\" content=\"https:\/\/www.facebook.com\/webdotn\" \/>\n<meta property=\"article:published_time\" content=\"2026-02-28T19:23:18+00:00\" \/>\n<meta property=\"article:modified_time\" content=\"2026-02-28T19:23:20+00:00\" \/>\n<meta property=\"og:image\" content=\"https:\/\/www.webdo.tn\/fr\/wp-content\/uploads\/2026\/02\/khamenei.jpg\" \/>\n\t<meta property=\"og:image:width\" content=\"1200\" \/>\n\t<meta property=\"og:image:height\" content=\"601\" \/>\n\t<meta property=\"og:image:type\" content=\"image\/jpeg\" \/>\n<meta name=\"author\" content=\"Wided Belhaj\" \/>\n<meta name=\"twitter:card\" content=\"summary_large_image\" \/>\n<meta name=\"twitter:creator\" content=\"@webdo_tn\" \/>\n<meta name=\"twitter:site\" content=\"@webdo_tn\" \/>\n<meta name=\"twitter:label1\" content=\"\u00c9crit par\" \/>\n\t<meta name=\"twitter:data1\" content=\"Wided Belhaj\" \/>\n\t<meta name=\"twitter:label2\" content=\"Dur\u00e9e de lecture estim\u00e9e\" \/>\n\t<meta name=\"twitter:data2\" content=\"2 minutes\" \/>\n<script type=\"application\/ld+json\" class=\"yoast-schema-graph\">{\"@context\":\"https:\\\/\\\/schema.org\",\"@graph\":[{\"@type\":\"NewsArticle\",\"@id\":\"https:\\\/\\\/www.webdo.tn\\\/fr\\\/actualite\\\/international\\\/israel-dit-voir-des-signes-que-khamenei-pourrait-etre-mort-liran-dement\\\/393920\\\/#article\",\"isPartOf\":{\"@id\":\"https:\\\/\\\/www.webdo.tn\\\/fr\\\/actualite\\\/international\\\/israel-dit-voir-des-signes-que-khamenei-pourrait-etre-mort-liran-dement\\\/393920\\\/\"},\"author\":{\"name\":\"Wided Belhaj\",\"@id\":\"https:\\\/\\\/www.webdo.tn\\\/fr\\\/#\\\/schema\\\/person\\\/b9ecde7a5574cb4fcf4b496ea5fadb15\"},\"headline\":\"Isra\u00ebl dit voir \u00ab\u202fdes signes\u202f\u00bb que Khamenei pourrait \u00eatre mort, l\u2019Iran d\u00e9ment\",\"datePublished\":\"2026-02-28T19:23:18+00:00\",\"dateModified\":\"2026-02-28T19:23:20+00:00\",\"mainEntityOfPage\":{\"@id\":\"https:\\\/\\\/www.webdo.tn\\\/fr\\\/actualite\\\/international\\\/israel-dit-voir-des-signes-que-khamenei-pourrait-etre-mort-liran-dement\\\/393920\\\/\"},\"wordCount\":287,\"publisher\":{\"@id\":\"https:\\\/\\\/www.webdo.tn\\\/fr\\\/#organization\"},\"image\":{\"@id\":\"https:\\\/\\\/www.webdo.tn\\\/fr\\\/actualite\\\/international\\\/israel-dit-voir-des-signes-que-khamenei-pourrait-etre-mort-liran-dement\\\/393920\\\/#primaryimage\"},\"thumbnailUrl\":\"https:\\\/\\\/www.webdo.tn\\\/fr\\\/wp-content\\\/uploads\\\/2026\\\/02\\\/khamenei.jpg\",\"keywords\":[\"guerre\",\"Iran\",\"isra\u00ebl\"],\"articleSection\":[\"International\"],\"inLanguage\":\"fr-FR\"},{\"@type\":\"WebPage\",\"@id\":\"https:\\\/\\\/www.webdo.tn\\\/fr\\\/actualite\\\/international\\\/israel-dit-voir-des-signes-que-khamenei-pourrait-etre-mort-liran-dement\\\/393920\\\/\",\"url\":\"https:\\\/\\\/www.webdo.tn\\\/fr\\\/actualite\\\/international\\\/israel-dit-voir-des-signes-que-khamenei-pourrait-etre-mort-liran-dement\\\/393920\\\/\",\"name\":\"Isra\u00ebl dit voir \u00ab\u202fdes signes\u202f\u00bb que Khamenei pourrait \u00eatre mort, l\u2019Iran d\u00e9ment - webdo\",\"isPartOf\":{\"@id\":\"https:\\\/\\\/www.webdo.tn\\\/fr\\\/#website\"},\"primaryImageOfPage\":{\"@id\":\"https:\\\/\\\/www.webdo.tn\\\/fr\\\/actualite\\\/international\\\/israel-dit-voir-des-signes-que-khamenei-pourrait-etre-mort-liran-dement\\\/393920\\\/#primaryimage\"},\"image\":{\"@id\":\"https:\\\/\\\/www.webdo.tn\\\/fr\\\/actualite\\\/international\\\/israel-dit-voir-des-signes-que-khamenei-pourrait-etre-mort-liran-dement\\\/393920\\\/#primaryimage\"},\"thumbnailUrl\":\"https:\\\/\\\/www.webdo.tn\\\/fr\\\/wp-content\\\/uploads\\\/2026\\\/02\\\/khamenei.jpg\",\"datePublished\":\"2026-02-28T19:23:18+00:00\",\"dateModified\":\"2026-02-28T19:23:20+00:00\",\"description\":\"Des preuves sugg\u00e8rent que Khamenei pourrait ne plus \u00eatre en vie apr\u00e8s les frappes conjointes d'Isra\u00ebl et des \u00c9tats-Unis.\",\"breadcrumb\":{\"@id\":\"https:\\\/\\\/www.webdo.tn\\\/fr\\\/actualite\\\/international\\\/israel-dit-voir-des-signes-que-khamenei-pourrait-etre-mort-liran-dement\\\/393920\\\/#breadcrumb\"},\"inLanguage\":\"fr-FR\",\"potentialAction\":[{\"@type\":\"ReadAction\",\"target\":[\"https:\\\/\\\/www.webdo.tn\\\/fr\\\/actualite\\\/international\\\/israel-dit-voir-des-signes-que-khamenei-pourrait-etre-mort-liran-dement\\\/393920\\\/\"]}]},{\"@type\":\"ImageObject\",\"inLanguage\":\"fr-FR\",\"@id\":\"https:\\\/\\\/www.webdo.tn\\\/fr\\\/actualite\\\/international\\\/israel-dit-voir-des-signes-que-khamenei-pourrait-etre-mort-liran-dement\\\/393920\\\/#primaryimage\",\"url\":\"https:\\\/\\\/www.webdo.tn\\\/fr\\\/wp-content\\\/uploads\\\/2026\\\/02\\\/khamenei.jpg\",\"contentUrl\":\"https:\\\/\\\/www.webdo.tn\\\/fr\\\/wp-content\\\/uploads\\\/2026\\\/02\\\/khamenei.jpg\",\"width\":1200,\"height\":601},{\"@type\":\"BreadcrumbList\",\"@id\":\"https:\\\/\\\/www.webdo.tn\\\/fr\\\/actualite\\\/international\\\/israel-dit-voir-des-signes-que-khamenei-pourrait-etre-mort-liran-dement\\\/393920\\\/#breadcrumb\",\"itemListElement\":[{\"@type\":\"ListItem\",\"position\":1,\"name\":\"Accueil\",\"item\":\"https:\\\/\\\/www.webdo.tn\\\/fr\\\/\"},{\"@type\":\"ListItem\",\"position\":2,\"name\":\"Isra\u00ebl dit voir \u00ab\u202fdes signes\u202f\u00bb que Khamenei pourrait \u00eatre mort, l\u2019Iran d\u00e9ment\"}]},{\"@type\":\"WebSite\",\"@id\":\"https:\\\/\\\/www.webdo.tn\\\/fr\\\/#website\",\"url\":\"https:\\\/\\\/www.webdo.tn\\\/fr\\\/\",\"name\":\"webdo\",\"description\":\"Tunisie - News en Tunisie et \u00e0 l&#039;international sur Webdo.tn\",\"publisher\":{\"@id\":\"https:\\\/\\\/www.webdo.tn\\\/fr\\\/#organization\"},\"potentialAction\":[{\"@type\":\"SearchAction\",\"target\":{\"@type\":\"EntryPoint\",\"urlTemplate\":\"https:\\\/\\\/www.webdo.tn\\\/fr\\\/?s={search_term_string}\"},\"query-input\":{\"@type\":\"PropertyValueSpecification\",\"valueRequired\":true,\"valueName\":\"search_term_string\"}}],\"inLanguage\":\"fr-FR\"},{\"@type\":\"Organization\",\"@id\":\"https:\\\/\\\/www.webdo.tn\\\/fr\\\/#organization\",\"name\":\"Webdo\",\"alternateName\":\"Webdo.tn\",\"url\":\"https:\\\/\\\/www.webdo.tn\\\/fr\\\/\",\"logo\":{\"@type\":\"ImageObject\",\"inLanguage\":\"fr-FR\",\"@id\":\"https:\\\/\\\/www.webdo.tn\\\/fr\\\/#\\\/schema\\\/logo\\\/image\\\/\",\"url\":\"https:\\\/\\\/www.webdo.tn\\\/fr\\\/wp-content\\\/uploads\\\/2025\\\/06\\\/Webdo-Tunisie_168377.jpg\",\"contentUrl\":\"https:\\\/\\\/www.webdo.tn\\\/fr\\\/wp-content\\\/uploads\\\/2025\\\/06\\\/Webdo-Tunisie_168377.jpg\",\"width\":301,\"height\":301,\"caption\":\"Webdo\"},\"image\":{\"@id\":\"https:\\\/\\\/www.webdo.tn\\\/fr\\\/#\\\/schema\\\/logo\\\/image\\\/\"},\"sameAs\":[\"https:\\\/\\\/www.facebook.com\\\/webdotn\",\"https:\\\/\\\/x.com\\\/webdo_tn\"],\"description\":\"Webdo est un m\u00e9dia num\u00e9rique tunisien fond\u00e9 en 2010, sp\u00e9cialis\u00e9 dans l\u2019actualit\u00e9 nationale et internationale, l\u2019\u00e9conomie, la soci\u00e9t\u00e9 et les analyses politiques. Le site s\u2019adresse \u00e0 un large public francophone et couvre l\u2019information tunisienne en temps r\u00e9el.\",\"email\":\"redac@webdo.tn\",\"legalName\":\"YNJ SARL\",\"foundingDate\":\"2010-09-06\",\"numberOfEmployees\":{\"@type\":\"QuantitativeValue\",\"minValue\":\"11\",\"maxValue\":\"50\"}},{\"@type\":\"Person\",\"@id\":\"https:\\\/\\\/www.webdo.tn\\\/fr\\\/#\\\/schema\\\/person\\\/b9ecde7a5574cb4fcf4b496ea5fadb15\",\"name\":\"Wided Belhaj\",\"image\":{\"@type\":\"ImageObject\",\"inLanguage\":\"fr-FR\",\"@id\":\"https:\\\/\\\/www.webdo.tn\\\/fr\\\/wp-content\\\/uploads\\\/2026\\\/04\\\/wided-belhaj_avatar-96x96.jpg\",\"url\":\"https:\\\/\\\/www.webdo.tn\\\/fr\\\/wp-content\\\/uploads\\\/2026\\\/04\\\/wided-belhaj_avatar-96x96.jpg\",\"contentUrl\":\"https:\\\/\\\/www.webdo.tn\\\/fr\\\/wp-content\\\/uploads\\\/2026\\\/04\\\/wided-belhaj_avatar-96x96.jpg\",\"caption\":\"Wided Belhaj\"},\"description\":\"Wided Belhaj est le pseudonyme \u00e9ditorial utilis\u00e9 par Khalil Jelassi, journaliste, ma\u00eetre-assistant \u00e0 l\u2019Institut de presse et des sciences de l\u2019information (IPSI) et chercheur en sciences de l\u2019information et de la communication. Cette signature est d\u00e9di\u00e9e \u00e0 l\u2019analyse des m\u00e9dias, des pratiques journalistiques et des mutations de l\u2019information \u00e0 l\u2019\u00e8re digitale. \u00c0 travers ses contributions, Wided Belhaj propose une lecture analytique de l\u2019actualit\u00e9, en croisant regard critique et expertise acad\u00e9mique.\",\"knowsAbout\":[\"m\u00e9dias\",\"journalisme\",\"communication\",\"information\",\"transformation num\u00e9rique\",\"analyse des m\u00e9dias\"],\"knowsLanguage\":[\"Fran\u00e7ais\",\"Arabe\"],\"jobTitle\":\"Webdo.tn\",\"worksFor\":\"Journaliste \u2013 Analyse des m\u00e9dias\",\"url\":\"https:\\\/\\\/www.webdo.tn\\\/fr\\\/actualite\\\/author\\\/wided-belhaj\\\/\"}]}<\/script>\n<!-- \/ Yoast SEO Premium plugin. -->","yoast_head_json":{"title":"Isra\u00ebl dit voir \u00ab\u202fdes signes\u202f\u00bb que Khamenei pourrait \u00eatre mort, l\u2019Iran d\u00e9ment - webdo","description":"Des preuves sugg\u00e8rent que Khamenei pourrait ne plus \u00eatre en vie apr\u00e8s les frappes conjointes d'Isra\u00ebl et des \u00c9tats-Unis.","canonical":"https:\/\/www.webdo.tn\/fr\/actualite\/international\/israel-dit-voir-des-signes-que-khamenei-pourrait-etre-mort-liran-dement\/393920\/","og_locale":"fr_FR","og_type":"article","og_title":"Isra\u00ebl dit voir \u00ab\u202fdes signes\u202f\u00bb que Khamenei pourrait \u00eatre mort, l\u2019Iran d\u00e9ment","og_description":"Des preuves sugg\u00e8rent que Khamenei pourrait ne plus \u00eatre en vie apr\u00e8s les frappes conjointes d'Isra\u00ebl et des \u00c9tats-Unis.","og_url":"https:\/\/www.webdo.tn\/fr\/actualite\/international\/israel-dit-voir-des-signes-que-khamenei-pourrait-etre-mort-liran-dement\/393920\/","og_site_name":"webdo","article_publisher":"https:\/\/www.facebook.com\/webdotn","article_published_time":"2026-02-28T19:23:18+00:00","article_modified_time":"2026-02-28T19:23:20+00:00","og_image":[{"width":1200,"height":601,"url":"https:\/\/www.webdo.tn\/fr\/wp-content\/uploads\/2026\/02\/khamenei.jpg","type":"image\/jpeg"}],"author":"Wided Belhaj","twitter_card":"summary_large_image","twitter_creator":"@webdo_tn","twitter_site":"@webdo_tn","twitter_misc":{"\u00c9crit par":"Wided Belhaj","Dur\u00e9e de lecture estim\u00e9e":"2 minutes"},"schema":{"@context":"https:\/\/schema.org","@graph":[{"@type":"NewsArticle","@id":"https:\/\/www.webdo.tn\/fr\/actualite\/international\/israel-dit-voir-des-signes-que-khamenei-pourrait-etre-mort-liran-dement\/393920\/#article","isPartOf":{"@id":"https:\/\/www.webdo.tn\/fr\/actualite\/international\/israel-dit-voir-des-signes-que-khamenei-pourrait-etre-mort-liran-dement\/393920\/"},"author":{"name":"Wided Belhaj","@id":"https:\/\/www.webdo.tn\/fr\/#\/schema\/person\/b9ecde7a5574cb4fcf4b496ea5fadb15"},"headline":"Isra\u00ebl dit voir \u00ab\u202fdes signes\u202f\u00bb que Khamenei pourrait \u00eatre mort, l\u2019Iran d\u00e9ment","datePublished":"2026-02-28T19:23:18+00:00","dateModified":"2026-02-28T19:23:20+00:00","mainEntityOfPage":{"@id":"https:\/\/www.webdo.tn\/fr\/actualite\/international\/israel-dit-voir-des-signes-que-khamenei-pourrait-etre-mort-liran-dement\/393920\/"},"wordCount":287,"publisher":{"@id":"https:\/\/www.webdo.tn\/fr\/#organization"},"image":{"@id":"https:\/\/www.webdo.tn\/fr\/actualite\/international\/israel-dit-voir-des-signes-que-khamenei-pourrait-etre-mort-liran-dement\/393920\/#primaryimage"},"thumbnailUrl":"https:\/\/www.webdo.tn\/fr\/wp-content\/uploads\/2026\/02\/khamenei.jpg","keywords":["guerre","Iran","isra\u00ebl"],"articleSection":["International"],"inLanguage":"fr-FR"},{"@type":"WebPage","@id":"https:\/\/www.webdo.tn\/fr\/actualite\/international\/israel-dit-voir-des-signes-que-khamenei-pourrait-etre-mort-liran-dement\/393920\/","url":"https:\/\/www.webdo.tn\/fr\/actualite\/international\/israel-dit-voir-des-signes-que-khamenei-pourrait-etre-mort-liran-dement\/393920\/","name":"Isra\u00ebl dit voir \u00ab\u202fdes signes\u202f\u00bb que Khamenei pourrait \u00eatre mort, l\u2019Iran d\u00e9ment - webdo","isPartOf":{"@id":"https:\/\/www.webdo.tn\/fr\/#website"},"primaryImageOfPage":{"@id":"https:\/\/www.webdo.tn\/fr\/actualite\/international\/israel-dit-voir-des-signes-que-khamenei-pourrait-etre-mort-liran-dement\/393920\/#primaryimage"},"image":{"@id":"https:\/\/www.webdo.tn\/fr\/actualite\/international\/israel-dit-voir-des-signes-que-khamenei-pourrait-etre-mort-liran-dement\/393920\/#primaryimage"},"thumbnailUrl":"https:\/\/www.webdo.tn\/fr\/wp-content\/uploads\/2026\/02\/khamenei.jpg","datePublished":"2026-02-28T19:23:18+00:00","dateModified":"2026-02-28T19:23:20+00:00","description":"Des preuves sugg\u00e8rent que Khamenei pourrait ne plus \u00eatre en vie apr\u00e8s les frappes conjointes d'Isra\u00ebl et des \u00c9tats-Unis.","breadcrumb":{"@id":"https:\/\/www.webdo.tn\/fr\/actualite\/international\/israel-dit-voir-des-signes-que-khamenei-pourrait-etre-mort-liran-dement\/393920\/#breadcrumb"},"inLanguage":"fr-FR","potentialAction":[{"@type":"ReadAction","target":["https:\/\/www.webdo.tn\/fr\/actualite\/international\/israel-dit-voir-des-signes-que-khamenei-pourrait-etre-mort-liran-dement\/393920\/"]}]},{"@type":"ImageObject","inLanguage":"fr-FR","@id":"https:\/\/www.webdo.tn\/fr\/actualite\/international\/israel-dit-voir-des-signes-que-khamenei-pourrait-etre-mort-liran-dement\/393920\/#primaryimage","url":"https:\/\/www.webdo.tn\/fr\/wp-content\/uploads\/2026\/02\/khamenei.jpg","contentUrl":"https:\/\/www.webdo.tn\/fr\/wp-content\/uploads\/2026\/02\/khamenei.jpg","width":1200,"height":601},{"@type":"BreadcrumbList","@id":"https:\/\/www.webdo.tn\/fr\/actualite\/international\/israel-dit-voir-des-signes-que-khamenei-pourrait-etre-mort-liran-dement\/393920\/#breadcrumb","itemListElement":[{"@type":"ListItem","position":1,"name":"Accueil","item":"https:\/\/www.webdo.tn\/fr\/"},{"@type":"ListItem","position":2,"name":"Isra\u00ebl dit voir \u00ab\u202fdes signes\u202f\u00bb que Khamenei pourrait \u00eatre mort, l\u2019Iran d\u00e9ment"}]},{"@type":"WebSite","@id":"https:\/\/www.webdo.tn\/fr\/#website","url":"https:\/\/www.webdo.tn\/fr\/","name":"webdo","description":"Tunisie - News en Tunisie et \u00e0 l&#039;international sur Webdo.tn","publisher":{"@id":"https:\/\/www.webdo.tn\/fr\/#organization"},"potentialAction":[{"@type":"SearchAction","target":{"@type":"EntryPoint","urlTemplate":"https:\/\/www.webdo.tn\/fr\/?s={search_term_string}"},"query-input":{"@type":"PropertyValueSpecification","valueRequired":true,"valueName":"search_term_string"}}],"inLanguage":"fr-FR"},{"@type":"Organization","@id":"https:\/\/www.webdo.tn\/fr\/#organization","name":"Webdo","alternateName":"Webdo.tn","url":"https:\/\/www.webdo.tn\/fr\/","logo":{"@type":"ImageObject","inLanguage":"fr-FR","@id":"https:\/\/www.webdo.tn\/fr\/#\/schema\/logo\/image\/","url":"https:\/\/www.webdo.tn\/fr\/wp-content\/uploads\/2025\/06\/Webdo-Tunisie_168377.jpg","contentUrl":"https:\/\/www.webdo.tn\/fr\/wp-content\/uploads\/2025\/06\/Webdo-Tunisie_168377.jpg","width":301,"height":301,"caption":"Webdo"},"image":{"@id":"https:\/\/www.webdo.tn\/fr\/#\/schema\/logo\/image\/"},"sameAs":["https:\/\/www.facebook.com\/webdotn","https:\/\/x.com\/webdo_tn"],"description":"Webdo est un m\u00e9dia num\u00e9rique tunisien fond\u00e9 en 2010, sp\u00e9cialis\u00e9 dans l\u2019actualit\u00e9 nationale et internationale, l\u2019\u00e9conomie, la soci\u00e9t\u00e9 et les analyses politiques. Le site s\u2019adresse \u00e0 un large public francophone et couvre l\u2019information tunisienne en temps r\u00e9el.","email":"redac@webdo.tn","legalName":"YNJ SARL","foundingDate":"2010-09-06","numberOfEmployees":{"@type":"QuantitativeValue","minValue":"11","maxValue":"50"}},{"@type":"Person","@id":"https:\/\/www.webdo.tn\/fr\/#\/schema\/person\/b9ecde7a5574cb4fcf4b496ea5fadb15","name":"Wided Belhaj","image":{"@type":"ImageObject","inLanguage":"fr-FR","@id":"https:\/\/www.webdo.tn\/fr\/wp-content\/uploads\/2026\/04\/wided-belhaj_avatar-96x96.jpg","url":"https:\/\/www.webdo.tn\/fr\/wp-content\/uploads\/2026\/04\/wided-belhaj_avatar-96x96.jpg","contentUrl":"https:\/\/www.webdo.tn\/fr\/wp-content\/uploads\/2026\/04\/wided-belhaj_avatar-96x96.jpg","caption":"Wided Belhaj"},"description":"Wided Belhaj est le pseudonyme \u00e9ditorial utilis\u00e9 par Khalil Jelassi, journaliste, ma\u00eetre-assistant \u00e0 l\u2019Institut de presse et des sciences de l\u2019information (IPSI) et chercheur en sciences de l\u2019information et de la communication. Cette signature est d\u00e9di\u00e9e \u00e0 l\u2019analyse des m\u00e9dias, des pratiques journalistiques et des mutations de l\u2019information \u00e0 l\u2019\u00e8re digitale. \u00c0 travers ses contributions, Wided Belhaj propose une lecture analytique de l\u2019actualit\u00e9, en croisant regard critique et expertise acad\u00e9mique.","knowsAbout":["m\u00e9dias","journalisme","communication","information","transformation num\u00e9rique","analyse des m\u00e9dias"],"knowsLanguage":["Fran\u00e7ais","Arabe"],"jobTitle":"Webdo.tn","worksFor":"Journaliste \u2013 Analyse des m\u00e9dias","url":"https:\/\/www.webdo.tn\/fr\/actualite\/author\/wided-belhaj\/"}]}},"_links":{"self":[{"href":"https:\/\/www.webdo.tn\/fr\/wp-json\/wp\/v2\/posts\/393920","targetHints":{"allow":["GET"]}}],"collection":[{"href":"https:\/\/www.webdo.tn\/fr\/wp-json\/wp\/v2\/posts"}],"about":[{"href":"https:\/\/www.webdo.tn\/fr\/wp-json\/wp\/v2\/types\/post"}],"author":[{"embeddable":true,"href":"https:\/\/www.webdo.tn\/fr\/wp-json\/wp\/v2\/users\/3184"}],"replies":[{"embeddable":true,"href":"https:\/\/www.webdo.tn\/fr\/wp-json\/wp\/v2\/comments?post=393920"}],"version-history":[{"count":0,"href":"https:\/\/www.webdo.tn\/fr\/wp-json\/wp\/v2\/posts\/393920\/revisions"}],"wp:featuredmedia":[{"embeddable":true,"href":"https:\/\/www.webdo.tn\/fr\/wp-json\/wp\/v2\/media\/392447"}],"wp:attachment":[{"href":"https:\/\/www.webdo.tn\/fr\/wp-json\/wp\/v2\/media?parent=393920"}],"wp:term":[{"taxonomy":"category","embeddable":true,"href":"https:\/\/www.webdo.tn\/fr\/wp-json\/wp\/v2\/categories?post=393920"},{"taxonomy":"post_tag","embeddable":true,"href":"https:\/\/www.webdo.tn\/fr\/wp-json\/wp\/v2\/tags?post=393920"}],"curies":[{"name":"wp","href":"https:\/\/api.w.org\/{rel}","templated":true}]}}