{"id":393909,"date":"2026-02-28T15:26:43","date_gmt":"2026-02-28T14:26:43","guid":{"rendered":"https:\/\/www.webdo.tn\/fr\/?p=393909"},"modified":"2026-02-28T15:26:45","modified_gmt":"2026-02-28T14:26:45","slug":"moyen-orient-les-tunisiens-appeles-a-la-plus-grande-vigilance","status":"publish","type":"post","link":"https:\/\/www.webdo.tn\/fr\/actualite\/international\/moyen-orient-les-tunisiens-appeles-a-la-plus-grande-vigilance\/393909\/","title":{"rendered":"Moyen-Orient : Les Tunisiens appel\u00e9s \u00e0 la plus grande vigilance"},"content":{"rendered":"\n<p><strong>L\u2019escalade s\u00e9curitaire au Moyen-Orient commence \u00e0 produire ses premiers effets diplomatiques. Dans un communiqu\u00e9 publi\u00e9 \u00e0 Abou Dhabi, l\u2019Ambassade de la R\u00e9publique tunisienne \u00e0 Abou Dhabi a appel\u00e9 l\u2019ensemble de la communaut\u00e9 tunisienne r\u00e9sidant aux \u00c9mirats arabes unis ainsi que les visiteurs \u00e0 faire preuve de la plus grande prudence.<\/strong><\/p>\n\n\n\n<p>La repr\u00e9sentation diplomatique exhorte les ressortissants tunisiens \u00e0 respecter strictement les consignes de s\u00e9curit\u00e9 \u00e9mises par les autorit\u00e9s \u00e9miraties et \u00e0 \u00e9viter toute situation pouvant pr\u00e9senter un risque dans le contexte r\u00e9gional actuel, marqu\u00e9 par une mont\u00e9e des tensions et une instabilit\u00e9 croissante.<\/p>\n\n\n\n<h2 class=\"wp-block-heading\" id=\"h-suivre-regulierement-les-communications\"> Suivre r\u00e9guli\u00e8rement les communications <\/h2>\n\n\n\n<p>L\u2019ambassade recommande \u00e9galement de suivre r\u00e9guli\u00e8rement les communications officielles publi\u00e9es sur sa page officielle, notamment en cas d\u2019urgence ou de d\u00e9veloppement s\u00e9curitaire majeur. Cette d\u00e9marche vise \u00e0 garantir une circulation rapide de l\u2019information et une coordination efficace en cas de besoin.<\/p>\n\n\n\n<p class=\"has-medium-font-size\"><strong>Lire aussi :\u00a0<\/strong><a href=\"https:\/\/www.webdo.tn\/fr\/actualite\/international\/israel-annonce-avoir-mene-des-frappes-contre-liran-explosions-entendues-a-teheran\/393869\/\">Isra\u00ebl annonce avoir men\u00e9 des frappes contre l\u2019Iran, explosions entendues \u00e0 T\u00e9h\u00e9ran<\/a><\/p>\n\n\n\n<p>Cet appel intervient dans un climat r\u00e9gional particuli\u00e8rement sensible, o\u00f9 plusieurs capitales ont renforc\u00e9 leurs dispositifs de s\u00e9curit\u00e9. Sans \u00e9voquer de menace directe, la repr\u00e9sentation tunisienne adopte un principe de pr\u00e9caution, privil\u00e9giant l\u2019anticipation face aux incertitudes g\u00e9opolitiques.<\/p>\n\n\n\n<h2 class=\"wp-block-heading\" id=\"h-cadres-d-ingenieurs-d-enseignants-et-d-entrepreneurs\"> Cadres, d\u2019ing\u00e9nieurs, d\u2019enseignants et d\u2019entrepreneurs<\/h2>\n\n\n\n<p>La Tunisie compte une communaut\u00e9 active et structur\u00e9e aux \u00c9mirats arabes unis, compos\u00e9e de cadres, d\u2019ing\u00e9nieurs, d\u2019enseignants et d\u2019entrepreneurs. Dans ce contexte, la vigilance devient un imp\u00e9ratif, alors que les \u00e9quilibres s\u00e9curitaires dans la r\u00e9gion demeurent fragiles.<\/p>\n\n\n\n<p>Au-del\u00e0 des \u00c9mirats, cet avertissement r\u00e9sonne comme un signal plus large adress\u00e9 \u00e0 l\u2019ensemble des Tunisiens \u00e9tablis au Moyen-Orient : la prudence doit primer, dans une conjoncture o\u00f9 l\u2019\u00e9volution rapide des \u00e9v\u00e9nements impose une attention constante.<\/p>\n","protected":false},"excerpt":{"rendered":"<p>L\u2019escalade s\u00e9curitaire au Moyen-Orient commence \u00e0 produire ses premiers effets diplomatiques. Dans un communiqu\u00e9 publi\u00e9 \u00e0 Abou Dhabi, l\u2019Ambassade de la R\u00e9publique tunisienne \u00e0 Abou Dhabi a appel\u00e9 l\u2019ensemble de la communaut\u00e9 tunisienne r\u00e9sidant aux \u00c9mirats arabes unis ainsi que les visiteurs \u00e0 faire preuve de la plus grande prudence. La repr\u00e9sentation diplomatique exhorte les [&hellip;]<\/p>\n","protected":false},"author":3184,"featured_media":393910,"comment_status":"closed","ping_status":"closed","sticky":false,"template":"","format":"standard","meta":{"footnotes":""},"categories":[2598],"tags":[2600,2912,3317],"class_list":["post-393909","post","type-post","status-publish","format-standard","has-post-thumbnail","hentry","category-international","tag-guerre","tag-iran","tag-tunisiens"],"yoast_head":"<!-- This site is optimized with the Yoast SEO Premium plugin v27.5 (Yoast SEO v27.5) - https:\/\/yoast.com\/product\/yoast-seo-premium-wordpress\/ -->\n<title>Moyen-Orient : Les Tunisiens appel\u00e9s \u00e0 la plus grande vigilance - webdo<\/title>\n<meta name=\"description\" content=\"Important pour les Tunisiens: d\u00e9couvrez les consignes de s\u00e9curit\u00e9 \u00e9mises par l&#039;ambassade en cas de tensions aux \u00c9mirats.\" \/>\n<link rel=\"canonical\" href=\"https:\/\/www.webdo.tn\/fr\/actualite\/international\/moyen-orient-les-tunisiens-appeles-a-la-plus-grande-vigilance\/393909\/\" \/>\n<meta property=\"og:locale\" content=\"fr_FR\" \/>\n<meta property=\"og:type\" content=\"article\" \/>\n<meta property=\"og:title\" content=\"Moyen-Orient : Les Tunisiens appel\u00e9s \u00e0 la plus grande vigilance\" \/>\n<meta property=\"og:description\" content=\"Important pour les Tunisiens: d\u00e9couvrez les consignes de s\u00e9curit\u00e9 \u00e9mises par l&#039;ambassade en cas de tensions aux \u00c9mirats.\" \/>\n<meta property=\"og:url\" content=\"https:\/\/www.webdo.tn\/fr\/actualite\/international\/moyen-orient-les-tunisiens-appeles-a-la-plus-grande-vigilance\/393909\/\" \/>\n<meta property=\"og:site_name\" content=\"webdo\" \/>\n<meta property=\"article:publisher\" content=\"https:\/\/www.facebook.com\/webdotn\" \/>\n<meta property=\"article:published_time\" content=\"2026-02-28T14:26:43+00:00\" \/>\n<meta property=\"article:modified_time\" content=\"2026-02-28T14:26:45+00:00\" \/>\n<meta property=\"og:image\" content=\"https:\/\/www.webdo.tn\/fr\/wp-content\/uploads\/2026\/02\/Iran.jpg\" \/>\n\t<meta property=\"og:image:width\" content=\"1200\" \/>\n\t<meta property=\"og:image:height\" content=\"602\" \/>\n\t<meta property=\"og:image:type\" content=\"image\/jpeg\" \/>\n<meta name=\"author\" content=\"Wided Belhaj\" \/>\n<meta name=\"twitter:card\" content=\"summary_large_image\" \/>\n<meta name=\"twitter:creator\" content=\"@webdo_tn\" \/>\n<meta name=\"twitter:site\" content=\"@webdo_tn\" \/>\n<meta name=\"twitter:label1\" content=\"\u00c9crit par\" \/>\n\t<meta name=\"twitter:data1\" content=\"Wided Belhaj\" \/>\n\t<meta name=\"twitter:label2\" content=\"Dur\u00e9e de lecture estim\u00e9e\" \/>\n\t<meta name=\"twitter:data2\" content=\"2 minutes\" \/>\n<script type=\"application\/ld+json\" class=\"yoast-schema-graph\">{\"@context\":\"https:\\\/\\\/schema.org\",\"@graph\":[{\"@type\":\"NewsArticle\",\"@id\":\"https:\\\/\\\/www.webdo.tn\\\/fr\\\/actualite\\\/international\\\/moyen-orient-les-tunisiens-appeles-a-la-plus-grande-vigilance\\\/393909\\\/#article\",\"isPartOf\":{\"@id\":\"https:\\\/\\\/www.webdo.tn\\\/fr\\\/actualite\\\/international\\\/moyen-orient-les-tunisiens-appeles-a-la-plus-grande-vigilance\\\/393909\\\/\"},\"author\":{\"name\":\"Wided Belhaj\",\"@id\":\"https:\\\/\\\/www.webdo.tn\\\/fr\\\/#\\\/schema\\\/person\\\/b9ecde7a5574cb4fcf4b496ea5fadb15\"},\"headline\":\"Moyen-Orient : Les Tunisiens appel\u00e9s \u00e0 la plus grande vigilance\",\"datePublished\":\"2026-02-28T14:26:43+00:00\",\"dateModified\":\"2026-02-28T14:26:45+00:00\",\"mainEntityOfPage\":{\"@id\":\"https:\\\/\\\/www.webdo.tn\\\/fr\\\/actualite\\\/international\\\/moyen-orient-les-tunisiens-appeles-a-la-plus-grande-vigilance\\\/393909\\\/\"},\"wordCount\":318,\"publisher\":{\"@id\":\"https:\\\/\\\/www.webdo.tn\\\/fr\\\/#organization\"},\"image\":{\"@id\":\"https:\\\/\\\/www.webdo.tn\\\/fr\\\/actualite\\\/international\\\/moyen-orient-les-tunisiens-appeles-a-la-plus-grande-vigilance\\\/393909\\\/#primaryimage\"},\"thumbnailUrl\":\"https:\\\/\\\/www.webdo.tn\\\/fr\\\/wp-content\\\/uploads\\\/2026\\\/02\\\/Iran.jpg\",\"keywords\":[\"guerre\",\"Iran\",\"Tunisiens\"],\"articleSection\":[\"International\"],\"inLanguage\":\"fr-FR\"},{\"@type\":\"WebPage\",\"@id\":\"https:\\\/\\\/www.webdo.tn\\\/fr\\\/actualite\\\/international\\\/moyen-orient-les-tunisiens-appeles-a-la-plus-grande-vigilance\\\/393909\\\/\",\"url\":\"https:\\\/\\\/www.webdo.tn\\\/fr\\\/actualite\\\/international\\\/moyen-orient-les-tunisiens-appeles-a-la-plus-grande-vigilance\\\/393909\\\/\",\"name\":\"Moyen-Orient : Les Tunisiens appel\u00e9s \u00e0 la plus grande vigilance - webdo\",\"isPartOf\":{\"@id\":\"https:\\\/\\\/www.webdo.tn\\\/fr\\\/#website\"},\"primaryImageOfPage\":{\"@id\":\"https:\\\/\\\/www.webdo.tn\\\/fr\\\/actualite\\\/international\\\/moyen-orient-les-tunisiens-appeles-a-la-plus-grande-vigilance\\\/393909\\\/#primaryimage\"},\"image\":{\"@id\":\"https:\\\/\\\/www.webdo.tn\\\/fr\\\/actualite\\\/international\\\/moyen-orient-les-tunisiens-appeles-a-la-plus-grande-vigilance\\\/393909\\\/#primaryimage\"},\"thumbnailUrl\":\"https:\\\/\\\/www.webdo.tn\\\/fr\\\/wp-content\\\/uploads\\\/2026\\\/02\\\/Iran.jpg\",\"datePublished\":\"2026-02-28T14:26:43+00:00\",\"dateModified\":\"2026-02-28T14:26:45+00:00\",\"description\":\"Important pour les Tunisiens: d\u00e9couvrez les consignes de s\u00e9curit\u00e9 \u00e9mises par l'ambassade en cas de tensions aux \u00c9mirats.\",\"breadcrumb\":{\"@id\":\"https:\\\/\\\/www.webdo.tn\\\/fr\\\/actualite\\\/international\\\/moyen-orient-les-tunisiens-appeles-a-la-plus-grande-vigilance\\\/393909\\\/#breadcrumb\"},\"inLanguage\":\"fr-FR\",\"potentialAction\":[{\"@type\":\"ReadAction\",\"target\":[\"https:\\\/\\\/www.webdo.tn\\\/fr\\\/actualite\\\/international\\\/moyen-orient-les-tunisiens-appeles-a-la-plus-grande-vigilance\\\/393909\\\/\"]}]},{\"@type\":\"ImageObject\",\"inLanguage\":\"fr-FR\",\"@id\":\"https:\\\/\\\/www.webdo.tn\\\/fr\\\/actualite\\\/international\\\/moyen-orient-les-tunisiens-appeles-a-la-plus-grande-vigilance\\\/393909\\\/#primaryimage\",\"url\":\"https:\\\/\\\/www.webdo.tn\\\/fr\\\/wp-content\\\/uploads\\\/2026\\\/02\\\/Iran.jpg\",\"contentUrl\":\"https:\\\/\\\/www.webdo.tn\\\/fr\\\/wp-content\\\/uploads\\\/2026\\\/02\\\/Iran.jpg\",\"width\":1200,\"height\":602},{\"@type\":\"BreadcrumbList\",\"@id\":\"https:\\\/\\\/www.webdo.tn\\\/fr\\\/actualite\\\/international\\\/moyen-orient-les-tunisiens-appeles-a-la-plus-grande-vigilance\\\/393909\\\/#breadcrumb\",\"itemListElement\":[{\"@type\":\"ListItem\",\"position\":1,\"name\":\"Accueil\",\"item\":\"https:\\\/\\\/www.webdo.tn\\\/fr\\\/\"},{\"@type\":\"ListItem\",\"position\":2,\"name\":\"Moyen-Orient : Les Tunisiens appel\u00e9s \u00e0 la plus grande vigilance\"}]},{\"@type\":\"WebSite\",\"@id\":\"https:\\\/\\\/www.webdo.tn\\\/fr\\\/#website\",\"url\":\"https:\\\/\\\/www.webdo.tn\\\/fr\\\/\",\"name\":\"webdo\",\"description\":\"Tunisie - News en Tunisie et \u00e0 l&#039;international sur Webdo.tn\",\"publisher\":{\"@id\":\"https:\\\/\\\/www.webdo.tn\\\/fr\\\/#organization\"},\"potentialAction\":[{\"@type\":\"SearchAction\",\"target\":{\"@type\":\"EntryPoint\",\"urlTemplate\":\"https:\\\/\\\/www.webdo.tn\\\/fr\\\/?s={search_term_string}\"},\"query-input\":{\"@type\":\"PropertyValueSpecification\",\"valueRequired\":true,\"valueName\":\"search_term_string\"}}],\"inLanguage\":\"fr-FR\"},{\"@type\":\"Organization\",\"@id\":\"https:\\\/\\\/www.webdo.tn\\\/fr\\\/#organization\",\"name\":\"Webdo\",\"alternateName\":\"Webdo.tn\",\"url\":\"https:\\\/\\\/www.webdo.tn\\\/fr\\\/\",\"logo\":{\"@type\":\"ImageObject\",\"inLanguage\":\"fr-FR\",\"@id\":\"https:\\\/\\\/www.webdo.tn\\\/fr\\\/#\\\/schema\\\/logo\\\/image\\\/\",\"url\":\"https:\\\/\\\/www.webdo.tn\\\/fr\\\/wp-content\\\/uploads\\\/2025\\\/06\\\/Webdo-Tunisie_168377.jpg\",\"contentUrl\":\"https:\\\/\\\/www.webdo.tn\\\/fr\\\/wp-content\\\/uploads\\\/2025\\\/06\\\/Webdo-Tunisie_168377.jpg\",\"width\":301,\"height\":301,\"caption\":\"Webdo\"},\"image\":{\"@id\":\"https:\\\/\\\/www.webdo.tn\\\/fr\\\/#\\\/schema\\\/logo\\\/image\\\/\"},\"sameAs\":[\"https:\\\/\\\/www.facebook.com\\\/webdotn\",\"https:\\\/\\\/x.com\\\/webdo_tn\"],\"description\":\"Webdo est un m\u00e9dia num\u00e9rique tunisien fond\u00e9 en 2010, sp\u00e9cialis\u00e9 dans l\u2019actualit\u00e9 nationale et internationale, l\u2019\u00e9conomie, la soci\u00e9t\u00e9 et les analyses politiques. Le site s\u2019adresse \u00e0 un large public francophone et couvre l\u2019information tunisienne en temps r\u00e9el.\",\"email\":\"redac@webdo.tn\",\"legalName\":\"YNJ SARL\",\"foundingDate\":\"2010-09-06\",\"numberOfEmployees\":{\"@type\":\"QuantitativeValue\",\"minValue\":\"11\",\"maxValue\":\"50\"}},{\"@type\":\"Person\",\"@id\":\"https:\\\/\\\/www.webdo.tn\\\/fr\\\/#\\\/schema\\\/person\\\/b9ecde7a5574cb4fcf4b496ea5fadb15\",\"name\":\"Wided Belhaj\",\"image\":{\"@type\":\"ImageObject\",\"inLanguage\":\"fr-FR\",\"@id\":\"https:\\\/\\\/www.webdo.tn\\\/fr\\\/wp-content\\\/uploads\\\/2026\\\/04\\\/wided-belhaj_avatar-96x96.jpg\",\"url\":\"https:\\\/\\\/www.webdo.tn\\\/fr\\\/wp-content\\\/uploads\\\/2026\\\/04\\\/wided-belhaj_avatar-96x96.jpg\",\"contentUrl\":\"https:\\\/\\\/www.webdo.tn\\\/fr\\\/wp-content\\\/uploads\\\/2026\\\/04\\\/wided-belhaj_avatar-96x96.jpg\",\"caption\":\"Wided Belhaj\"},\"description\":\"Wided Belhaj est le pseudonyme \u00e9ditorial utilis\u00e9 par Khalil Jelassi, journaliste, ma\u00eetre-assistant \u00e0 l\u2019Institut de presse et des sciences de l\u2019information (IPSI) et chercheur en sciences de l\u2019information et de la communication. Cette signature est d\u00e9di\u00e9e \u00e0 l\u2019analyse des m\u00e9dias, des pratiques journalistiques et des mutations de l\u2019information \u00e0 l\u2019\u00e8re digitale. \u00c0 travers ses contributions, Wided Belhaj propose une lecture analytique de l\u2019actualit\u00e9, en croisant regard critique et expertise acad\u00e9mique.\",\"knowsAbout\":[\"m\u00e9dias\",\"journalisme\",\"communication\",\"information\",\"transformation num\u00e9rique\",\"analyse des m\u00e9dias\"],\"knowsLanguage\":[\"Fran\u00e7ais\",\"Arabe\"],\"jobTitle\":\"Webdo.tn\",\"worksFor\":\"Journaliste \u2013 Analyse des m\u00e9dias\",\"url\":\"https:\\\/\\\/www.webdo.tn\\\/fr\\\/actualite\\\/author\\\/wided-belhaj\\\/\"}]}<\/script>\n<!-- \/ Yoast SEO Premium plugin. -->","yoast_head_json":{"title":"Moyen-Orient : Les Tunisiens appel\u00e9s \u00e0 la plus grande vigilance - webdo","description":"Important pour les Tunisiens: d\u00e9couvrez les consignes de s\u00e9curit\u00e9 \u00e9mises par l'ambassade en cas de tensions aux \u00c9mirats.","canonical":"https:\/\/www.webdo.tn\/fr\/actualite\/international\/moyen-orient-les-tunisiens-appeles-a-la-plus-grande-vigilance\/393909\/","og_locale":"fr_FR","og_type":"article","og_title":"Moyen-Orient : Les Tunisiens appel\u00e9s \u00e0 la plus grande vigilance","og_description":"Important pour les Tunisiens: d\u00e9couvrez les consignes de s\u00e9curit\u00e9 \u00e9mises par l'ambassade en cas de tensions aux \u00c9mirats.","og_url":"https:\/\/www.webdo.tn\/fr\/actualite\/international\/moyen-orient-les-tunisiens-appeles-a-la-plus-grande-vigilance\/393909\/","og_site_name":"webdo","article_publisher":"https:\/\/www.facebook.com\/webdotn","article_published_time":"2026-02-28T14:26:43+00:00","article_modified_time":"2026-02-28T14:26:45+00:00","og_image":[{"width":1200,"height":602,"url":"https:\/\/www.webdo.tn\/fr\/wp-content\/uploads\/2026\/02\/Iran.jpg","type":"image\/jpeg"}],"author":"Wided Belhaj","twitter_card":"summary_large_image","twitter_creator":"@webdo_tn","twitter_site":"@webdo_tn","twitter_misc":{"\u00c9crit par":"Wided Belhaj","Dur\u00e9e de lecture estim\u00e9e":"2 minutes"},"schema":{"@context":"https:\/\/schema.org","@graph":[{"@type":"NewsArticle","@id":"https:\/\/www.webdo.tn\/fr\/actualite\/international\/moyen-orient-les-tunisiens-appeles-a-la-plus-grande-vigilance\/393909\/#article","isPartOf":{"@id":"https:\/\/www.webdo.tn\/fr\/actualite\/international\/moyen-orient-les-tunisiens-appeles-a-la-plus-grande-vigilance\/393909\/"},"author":{"name":"Wided Belhaj","@id":"https:\/\/www.webdo.tn\/fr\/#\/schema\/person\/b9ecde7a5574cb4fcf4b496ea5fadb15"},"headline":"Moyen-Orient : Les Tunisiens appel\u00e9s \u00e0 la plus grande vigilance","datePublished":"2026-02-28T14:26:43+00:00","dateModified":"2026-02-28T14:26:45+00:00","mainEntityOfPage":{"@id":"https:\/\/www.webdo.tn\/fr\/actualite\/international\/moyen-orient-les-tunisiens-appeles-a-la-plus-grande-vigilance\/393909\/"},"wordCount":318,"publisher":{"@id":"https:\/\/www.webdo.tn\/fr\/#organization"},"image":{"@id":"https:\/\/www.webdo.tn\/fr\/actualite\/international\/moyen-orient-les-tunisiens-appeles-a-la-plus-grande-vigilance\/393909\/#primaryimage"},"thumbnailUrl":"https:\/\/www.webdo.tn\/fr\/wp-content\/uploads\/2026\/02\/Iran.jpg","keywords":["guerre","Iran","Tunisiens"],"articleSection":["International"],"inLanguage":"fr-FR"},{"@type":"WebPage","@id":"https:\/\/www.webdo.tn\/fr\/actualite\/international\/moyen-orient-les-tunisiens-appeles-a-la-plus-grande-vigilance\/393909\/","url":"https:\/\/www.webdo.tn\/fr\/actualite\/international\/moyen-orient-les-tunisiens-appeles-a-la-plus-grande-vigilance\/393909\/","name":"Moyen-Orient : Les Tunisiens appel\u00e9s \u00e0 la plus grande vigilance - webdo","isPartOf":{"@id":"https:\/\/www.webdo.tn\/fr\/#website"},"primaryImageOfPage":{"@id":"https:\/\/www.webdo.tn\/fr\/actualite\/international\/moyen-orient-les-tunisiens-appeles-a-la-plus-grande-vigilance\/393909\/#primaryimage"},"image":{"@id":"https:\/\/www.webdo.tn\/fr\/actualite\/international\/moyen-orient-les-tunisiens-appeles-a-la-plus-grande-vigilance\/393909\/#primaryimage"},"thumbnailUrl":"https:\/\/www.webdo.tn\/fr\/wp-content\/uploads\/2026\/02\/Iran.jpg","datePublished":"2026-02-28T14:26:43+00:00","dateModified":"2026-02-28T14:26:45+00:00","description":"Important pour les Tunisiens: d\u00e9couvrez les consignes de s\u00e9curit\u00e9 \u00e9mises par l'ambassade en cas de tensions aux \u00c9mirats.","breadcrumb":{"@id":"https:\/\/www.webdo.tn\/fr\/actualite\/international\/moyen-orient-les-tunisiens-appeles-a-la-plus-grande-vigilance\/393909\/#breadcrumb"},"inLanguage":"fr-FR","potentialAction":[{"@type":"ReadAction","target":["https:\/\/www.webdo.tn\/fr\/actualite\/international\/moyen-orient-les-tunisiens-appeles-a-la-plus-grande-vigilance\/393909\/"]}]},{"@type":"ImageObject","inLanguage":"fr-FR","@id":"https:\/\/www.webdo.tn\/fr\/actualite\/international\/moyen-orient-les-tunisiens-appeles-a-la-plus-grande-vigilance\/393909\/#primaryimage","url":"https:\/\/www.webdo.tn\/fr\/wp-content\/uploads\/2026\/02\/Iran.jpg","contentUrl":"https:\/\/www.webdo.tn\/fr\/wp-content\/uploads\/2026\/02\/Iran.jpg","width":1200,"height":602},{"@type":"BreadcrumbList","@id":"https:\/\/www.webdo.tn\/fr\/actualite\/international\/moyen-orient-les-tunisiens-appeles-a-la-plus-grande-vigilance\/393909\/#breadcrumb","itemListElement":[{"@type":"ListItem","position":1,"name":"Accueil","item":"https:\/\/www.webdo.tn\/fr\/"},{"@type":"ListItem","position":2,"name":"Moyen-Orient : Les Tunisiens appel\u00e9s \u00e0 la plus grande vigilance"}]},{"@type":"WebSite","@id":"https:\/\/www.webdo.tn\/fr\/#website","url":"https:\/\/www.webdo.tn\/fr\/","name":"webdo","description":"Tunisie - News en Tunisie et \u00e0 l&#039;international sur Webdo.tn","publisher":{"@id":"https:\/\/www.webdo.tn\/fr\/#organization"},"potentialAction":[{"@type":"SearchAction","target":{"@type":"EntryPoint","urlTemplate":"https:\/\/www.webdo.tn\/fr\/?s={search_term_string}"},"query-input":{"@type":"PropertyValueSpecification","valueRequired":true,"valueName":"search_term_string"}}],"inLanguage":"fr-FR"},{"@type":"Organization","@id":"https:\/\/www.webdo.tn\/fr\/#organization","name":"Webdo","alternateName":"Webdo.tn","url":"https:\/\/www.webdo.tn\/fr\/","logo":{"@type":"ImageObject","inLanguage":"fr-FR","@id":"https:\/\/www.webdo.tn\/fr\/#\/schema\/logo\/image\/","url":"https:\/\/www.webdo.tn\/fr\/wp-content\/uploads\/2025\/06\/Webdo-Tunisie_168377.jpg","contentUrl":"https:\/\/www.webdo.tn\/fr\/wp-content\/uploads\/2025\/06\/Webdo-Tunisie_168377.jpg","width":301,"height":301,"caption":"Webdo"},"image":{"@id":"https:\/\/www.webdo.tn\/fr\/#\/schema\/logo\/image\/"},"sameAs":["https:\/\/www.facebook.com\/webdotn","https:\/\/x.com\/webdo_tn"],"description":"Webdo est un m\u00e9dia num\u00e9rique tunisien fond\u00e9 en 2010, sp\u00e9cialis\u00e9 dans l\u2019actualit\u00e9 nationale et internationale, l\u2019\u00e9conomie, la soci\u00e9t\u00e9 et les analyses politiques. Le site s\u2019adresse \u00e0 un large public francophone et couvre l\u2019information tunisienne en temps r\u00e9el.","email":"redac@webdo.tn","legalName":"YNJ SARL","foundingDate":"2010-09-06","numberOfEmployees":{"@type":"QuantitativeValue","minValue":"11","maxValue":"50"}},{"@type":"Person","@id":"https:\/\/www.webdo.tn\/fr\/#\/schema\/person\/b9ecde7a5574cb4fcf4b496ea5fadb15","name":"Wided Belhaj","image":{"@type":"ImageObject","inLanguage":"fr-FR","@id":"https:\/\/www.webdo.tn\/fr\/wp-content\/uploads\/2026\/04\/wided-belhaj_avatar-96x96.jpg","url":"https:\/\/www.webdo.tn\/fr\/wp-content\/uploads\/2026\/04\/wided-belhaj_avatar-96x96.jpg","contentUrl":"https:\/\/www.webdo.tn\/fr\/wp-content\/uploads\/2026\/04\/wided-belhaj_avatar-96x96.jpg","caption":"Wided Belhaj"},"description":"Wided Belhaj est le pseudonyme \u00e9ditorial utilis\u00e9 par Khalil Jelassi, journaliste, ma\u00eetre-assistant \u00e0 l\u2019Institut de presse et des sciences de l\u2019information (IPSI) et chercheur en sciences de l\u2019information et de la communication. Cette signature est d\u00e9di\u00e9e \u00e0 l\u2019analyse des m\u00e9dias, des pratiques journalistiques et des mutations de l\u2019information \u00e0 l\u2019\u00e8re digitale. \u00c0 travers ses contributions, Wided Belhaj propose une lecture analytique de l\u2019actualit\u00e9, en croisant regard critique et expertise acad\u00e9mique.","knowsAbout":["m\u00e9dias","journalisme","communication","information","transformation num\u00e9rique","analyse des m\u00e9dias"],"knowsLanguage":["Fran\u00e7ais","Arabe"],"jobTitle":"Webdo.tn","worksFor":"Journaliste \u2013 Analyse des m\u00e9dias","url":"https:\/\/www.webdo.tn\/fr\/actualite\/author\/wided-belhaj\/"}]}},"_links":{"self":[{"href":"https:\/\/www.webdo.tn\/fr\/wp-json\/wp\/v2\/posts\/393909","targetHints":{"allow":["GET"]}}],"collection":[{"href":"https:\/\/www.webdo.tn\/fr\/wp-json\/wp\/v2\/posts"}],"about":[{"href":"https:\/\/www.webdo.tn\/fr\/wp-json\/wp\/v2\/types\/post"}],"author":[{"embeddable":true,"href":"https:\/\/www.webdo.tn\/fr\/wp-json\/wp\/v2\/users\/3184"}],"replies":[{"embeddable":true,"href":"https:\/\/www.webdo.tn\/fr\/wp-json\/wp\/v2\/comments?post=393909"}],"version-history":[{"count":0,"href":"https:\/\/www.webdo.tn\/fr\/wp-json\/wp\/v2\/posts\/393909\/revisions"}],"wp:featuredmedia":[{"embeddable":true,"href":"https:\/\/www.webdo.tn\/fr\/wp-json\/wp\/v2\/media\/393910"}],"wp:attachment":[{"href":"https:\/\/www.webdo.tn\/fr\/wp-json\/wp\/v2\/media?parent=393909"}],"wp:term":[{"taxonomy":"category","embeddable":true,"href":"https:\/\/www.webdo.tn\/fr\/wp-json\/wp\/v2\/categories?post=393909"},{"taxonomy":"post_tag","embeddable":true,"href":"https:\/\/www.webdo.tn\/fr\/wp-json\/wp\/v2\/tags?post=393909"}],"curies":[{"name":"wp","href":"https:\/\/api.w.org\/{rel}","templated":true}]}}