{"id":393896,"date":"2026-02-28T11:28:10","date_gmt":"2026-02-28T10:28:10","guid":{"rendered":"https:\/\/www.webdo.tn\/fr\/?p=393896"},"modified":"2026-02-28T12:10:21","modified_gmt":"2026-02-28T11:10:21","slug":"escalade-regionale-des-explosions-en-israel-et-dans-plusieurs-pays-du-golfe","status":"publish","type":"post","link":"https:\/\/www.webdo.tn\/fr\/actualite\/international\/escalade-regionale-des-explosions-en-israel-et-dans-plusieurs-pays-du-golfe\/393896\/","title":{"rendered":"Escalade r\u00e9gionale : Des explosions en Isra\u00ebl et dans plusieurs pays du Golfe"},"content":{"rendered":"\n<p><strong>Dans une escalade militaire majeure au Moyen-Orient, le Corps des Gardiens de la r\u00e9volution islamique (IRGC) de l\u2019Iran a annonc\u00e9 avoir lanc\u00e9 une salve de missiles et de drones en direction de l\u2019entit\u00e9 sioniste, en r\u00e9ponse aux frappes men\u00e9es plus t\u00f4t dans la journ\u00e9e par Isra\u00ebl et les \u00c9tats-Unis contre des sites iraniens. Cette riposte s\u2019est traduite par des sir\u00e8nes d\u2019alerte et des explosions entendues non seulement en Isra\u00ebl, mais aussi dans plusieurs pays du Golfe.<\/strong><\/p>\n\n\n\n<p>Ce samedi matin, les forces isra\u00e9liennes, avec le soutien des \u00c9tats-Unis, ont d\u00e9clench\u00e9 une offensive militaire contre des cibles en Iran, qualifi\u00e9e de \u00ab pr\u00e9ventive \u00bb par leurs autorit\u00e9s, dans le cadre de ce qu\u2019ils ont d\u00e9crit comme une op\u00e9ration destin\u00e9e \u00e0 neutraliser des menaces per\u00e7ues li\u00e9es au programme nucl\u00e9aire et balistique iranien. Des explosions ont \u00e9t\u00e9 clairement rapport\u00e9es \u00e0 T\u00e9h\u00e9ran et dans plusieurs autres villes iraniennes, confirmant que des frappes ont touch\u00e9 des zones urbaines et militaires.<\/p>\n\n\n\n<p>Suite \u00e0 ces frappes, l\u2019IRGC a annonc\u00e9 une r\u00e9ponse directe en lan\u00e7ant des missiles vers Isra\u00ebl pour riposter \u00e0 l\u2019agression.<\/p>\n\n\n\n<h2 class=\"wp-block-heading\" id=\"h-explosions-dans-plusieurs-pays-du-moyen-orient\">Explosions dans plusieurs pays du Moyen-Orient<\/h2>\n\n\n\n<p>Selon des informations recueillies aupr\u00e8s de m\u00e9dias internationaux, ces frappes iraniennes ont eu des r\u00e9percussions bien au-del\u00e0 d\u2019Isra\u00ebl o\u00f9 des explosions ont \u00e9t\u00e9 entendues, notamment dans le nord du pays, et des sir\u00e8nes ont retenti, poussant les autorit\u00e9s \u00e0 avertir la population de se mettre \u00e0 l\u2019abri.<\/p>\n\n\n\n<blockquote class=\"wp-block-quote is-layout-flow wp-block-quote-is-layout-flow\">\n<blockquote class=\"wp-block-quote is-layout-flow wp-block-quote-is-layout-flow\">\n<ul class=\"wp-block-list\">\n<li class=\"has-medium-font-size\"><strong>Lire aussi :<\/strong> <a href=\"https:\/\/www.webdo.tn\/fr\/actualite\/international\/liran-annonce-une-premiere-vague-de-frappes-sur-israel\/393891\/\">L\u2019Iran annonce une premi\u00e8re vague de frappes sur Isra\u00ebl<\/a><\/li>\n<\/ul>\n<\/blockquote>\n<\/blockquote>\n\n\n\n<p>Aux \u00c9mirats arabes unis, des explosions ont \u00e9t\u00e9 signal\u00e9es dans la capitale Abu Dhabi, et l\u2019espace a\u00e9rien a \u00e9t\u00e9 ferm\u00e9 par pr\u00e9caution.<\/p>\n\n\n\n<p>Des explosions ont \u00e9t\u00e9 \u00e9galement entendues \u00e0 Ryad, en Arabie Saoudite.<\/p>\n\n\n\n<p>A Bahre\u00efn, des explosions ont \u00e9t\u00e9 entendues autour du quartier de Juffair, o\u00f9 se trouve le quartier g\u00e9n\u00e9ral de la 5\u1d49 flotte am\u00e9ricaine, avec des alertes et des mesures d\u2019urgence mises en place.<\/p>\n\n\n\n<p>Au Kowe\u00eft, des explosions ont \u00e9t\u00e9 rapport\u00e9es, accompagn\u00e9es d\u2019alertes civiles et de sir\u00e8nes dans plusieurs zones du pays.<\/p>\n\n\n\n<blockquote class=\"wp-block-quote is-layout-flow wp-block-quote-is-layout-flow\">\n<blockquote class=\"wp-block-quote is-layout-flow wp-block-quote-is-layout-flow\">\n<ul class=\"wp-block-list\">\n<li class=\"has-medium-font-size\"><strong>Lire aussi :<\/strong> <a href=\"https:\/\/www.webdo.tn\/fr\/actualite\/international\/les-etats-unis-annoncent-des-frappes-en-iran-la-crise-entre-dans-une-phase-ouverte\/393879\/\">Les \u00c9tats-Unis annoncent des frappes en Iran, la crise entre dans une phase ouverte<\/a><\/li>\n<\/ul>\n<\/blockquote>\n<\/blockquote>\n\n\n\n<p>Au Qatar, des syst\u00e8mes de d\u00e9fense ont intercept\u00e9 des missiles, et des alertes d\u2019urgence ont \u00e9t\u00e9 envoy\u00e9es aux habitants, tandis que l\u2019espace a\u00e9rien a \u00e9t\u00e9 temporairement ferm\u00e9.<\/p>\n\n\n\n<p>Ces incidents interviennent alors que plusieurs \u00c9tats du Golfe ont pris des mesures de s\u00e9curit\u00e9 exceptionnelles, fermant leurs espaces a\u00e9riens et \u00e9mettant des communications d\u2019urgence \u00e0 leurs populations.<\/p>\n\n\n\n<h2 class=\"wp-block-heading\" id=\"h-un-conflit-aux-implications-regionales\">Un conflit aux implications r\u00e9gionales<\/h2>\n\n\n\n<p>L\u2019escalade actuelle survient dans un climat de tensions prolong\u00e9es entre l\u2019Iran, Isra\u00ebl et leurs alli\u00e9s, notamment autour du programme nucl\u00e9aire de T\u00e9h\u00e9ran et de ses capacit\u00e9s balistiques. Les frappes d\u2019aujourd\u2019hui constituent une rupture dans les affrontements indirects observ\u00e9s ces derni\u00e8res ann\u00e9es et marquent une confrontation directe, avec des frappes transnationales et des r\u00e9percussions dans les pays du Golfe.<\/p>\n\n\n\n<blockquote class=\"wp-block-quote is-layout-flow wp-block-quote-is-layout-flow\">\n<blockquote class=\"wp-block-quote is-layout-flow wp-block-quote-is-layout-flow\">\n<ul class=\"wp-block-list\">\n<li class=\"has-medium-font-size\"><strong>Lire aussi : <\/strong><a href=\"https:\/\/www.webdo.tn\/fr\/actualite\/international\/israel-annonce-avoir-mene-des-frappes-contre-liran-explosions-entendues-a-teheran\/393869\/\">Isra\u00ebl annonce avoir men\u00e9 des frappes contre l\u2019Iran, explosions entendues \u00e0 T\u00e9h\u00e9ran<\/a><\/li>\n<\/ul>\n<\/blockquote>\n<\/blockquote>\n\n\n\n<p>Cette dynamique soul\u00e8ve de fortes inqui\u00e9tudes internationales, car l\u2019implication de multiples pays du Moyen-Orient et de bases militaires \u00e9trang\u00e8res pourrait transformer un conflit localis\u00e9 en une crise r\u00e9gionale plus large.<\/p>\n","protected":false},"excerpt":{"rendered":"<p>Dans une escalade militaire majeure au Moyen-Orient, le Corps des Gardiens de la r\u00e9volution islamique (IRGC) de l\u2019Iran a annonc\u00e9 avoir lanc\u00e9 une salve de missiles et de drones en direction de l\u2019entit\u00e9 sioniste, en r\u00e9ponse aux frappes men\u00e9es plus t\u00f4t dans la journ\u00e9e par Isra\u00ebl et les \u00c9tats-Unis contre des sites iraniens. Cette riposte [&hellip;]<\/p>\n","protected":false},"author":4782,"featured_media":393897,"comment_status":"closed","ping_status":"closed","sticky":false,"template":"","format":"standard","meta":{"footnotes":""},"categories":[2598],"tags":[3035,2912,2636],"class_list":["post-393896","post","type-post","status-publish","format-standard","has-post-thumbnail","hentry","category-international","tag-etats-unis","tag-iran","tag-israel"],"yoast_head":"<!-- This site is optimized with the Yoast SEO Premium plugin v27.5 (Yoast SEO v27.5) - https:\/\/yoast.com\/product\/yoast-seo-premium-wordpress\/ -->\n<title>Escalade r\u00e9gionale : Des explosions en Isra\u00ebl et dans plusieurs pays du Golfe - webdo<\/title>\n<meta name=\"description\" content=\"Analyse des explosions en Isra\u00ebl et dans plusieurs pays du Golfe dans le contexte de l&#039;escalade r\u00e9gionale et des tensions actuelles.\" \/>\n<link rel=\"canonical\" href=\"https:\/\/www.webdo.tn\/fr\/actualite\/international\/escalade-regionale-des-explosions-en-israel-et-dans-plusieurs-pays-du-golfe\/393896\/\" \/>\n<meta property=\"og:locale\" content=\"fr_FR\" \/>\n<meta property=\"og:type\" content=\"article\" \/>\n<meta property=\"og:title\" content=\"Escalade r\u00e9gionale : Des explosions en Isra\u00ebl et dans plusieurs pays du Golfe\" \/>\n<meta property=\"og:description\" content=\"Analyse des explosions en Isra\u00ebl et dans plusieurs pays du Golfe dans le contexte de l&#039;escalade r\u00e9gionale et des tensions actuelles.\" \/>\n<meta property=\"og:url\" content=\"https:\/\/www.webdo.tn\/fr\/actualite\/international\/escalade-regionale-des-explosions-en-israel-et-dans-plusieurs-pays-du-golfe\/393896\/\" \/>\n<meta property=\"og:site_name\" content=\"webdo\" \/>\n<meta property=\"article:publisher\" content=\"https:\/\/www.facebook.com\/webdotn\" \/>\n<meta property=\"article:published_time\" content=\"2026-02-28T10:28:10+00:00\" \/>\n<meta property=\"article:modified_time\" content=\"2026-02-28T11:10:21+00:00\" \/>\n<meta property=\"og:image\" content=\"https:\/\/www.webdo.tn\/fr\/wp-content\/uploads\/2026\/02\/base-us.jpg\" \/>\n\t<meta property=\"og:image:width\" content=\"1200\" \/>\n\t<meta property=\"og:image:height\" content=\"601\" \/>\n\t<meta property=\"og:image:type\" content=\"image\/jpeg\" \/>\n<meta name=\"author\" content=\"Mohamed Fethi\" \/>\n<meta name=\"twitter:card\" content=\"summary_large_image\" \/>\n<meta name=\"twitter:creator\" content=\"@webdo_tn\" \/>\n<meta name=\"twitter:site\" content=\"@webdo_tn\" \/>\n<meta name=\"twitter:label1\" content=\"\u00c9crit par\" \/>\n\t<meta name=\"twitter:data1\" content=\"Mohamed Fethi\" \/>\n\t<meta name=\"twitter:label2\" content=\"Dur\u00e9e de lecture estim\u00e9e\" \/>\n\t<meta name=\"twitter:data2\" content=\"3 minutes\" \/>\n<script type=\"application\/ld+json\" class=\"yoast-schema-graph\">{\"@context\":\"https:\\\/\\\/schema.org\",\"@graph\":[{\"@type\":\"NewsArticle\",\"@id\":\"https:\\\/\\\/www.webdo.tn\\\/fr\\\/actualite\\\/international\\\/escalade-regionale-des-explosions-en-israel-et-dans-plusieurs-pays-du-golfe\\\/393896\\\/#article\",\"isPartOf\":{\"@id\":\"https:\\\/\\\/www.webdo.tn\\\/fr\\\/actualite\\\/international\\\/escalade-regionale-des-explosions-en-israel-et-dans-plusieurs-pays-du-golfe\\\/393896\\\/\"},\"author\":{\"name\":\"Mohamed Fethi\",\"@id\":\"https:\\\/\\\/www.webdo.tn\\\/fr\\\/#\\\/schema\\\/person\\\/16a4857e77dfc0b610c4c2cadffc9ac4\"},\"headline\":\"Escalade r\u00e9gionale : Des explosions en Isra\u00ebl et dans plusieurs pays du Golfe\",\"datePublished\":\"2026-02-28T10:28:10+00:00\",\"dateModified\":\"2026-02-28T11:10:21+00:00\",\"mainEntityOfPage\":{\"@id\":\"https:\\\/\\\/www.webdo.tn\\\/fr\\\/actualite\\\/international\\\/escalade-regionale-des-explosions-en-israel-et-dans-plusieurs-pays-du-golfe\\\/393896\\\/\"},\"wordCount\":593,\"publisher\":{\"@id\":\"https:\\\/\\\/www.webdo.tn\\\/fr\\\/#organization\"},\"image\":{\"@id\":\"https:\\\/\\\/www.webdo.tn\\\/fr\\\/actualite\\\/international\\\/escalade-regionale-des-explosions-en-israel-et-dans-plusieurs-pays-du-golfe\\\/393896\\\/#primaryimage\"},\"thumbnailUrl\":\"https:\\\/\\\/www.webdo.tn\\\/fr\\\/wp-content\\\/uploads\\\/2026\\\/02\\\/base-us.jpg\",\"keywords\":[\"Etats-Unis\",\"Iran\",\"isra\u00ebl\"],\"articleSection\":[\"International\"],\"inLanguage\":\"fr-FR\"},{\"@type\":\"WebPage\",\"@id\":\"https:\\\/\\\/www.webdo.tn\\\/fr\\\/actualite\\\/international\\\/escalade-regionale-des-explosions-en-israel-et-dans-plusieurs-pays-du-golfe\\\/393896\\\/\",\"url\":\"https:\\\/\\\/www.webdo.tn\\\/fr\\\/actualite\\\/international\\\/escalade-regionale-des-explosions-en-israel-et-dans-plusieurs-pays-du-golfe\\\/393896\\\/\",\"name\":\"Escalade r\u00e9gionale : Des explosions en Isra\u00ebl et dans plusieurs pays du Golfe - webdo\",\"isPartOf\":{\"@id\":\"https:\\\/\\\/www.webdo.tn\\\/fr\\\/#website\"},\"primaryImageOfPage\":{\"@id\":\"https:\\\/\\\/www.webdo.tn\\\/fr\\\/actualite\\\/international\\\/escalade-regionale-des-explosions-en-israel-et-dans-plusieurs-pays-du-golfe\\\/393896\\\/#primaryimage\"},\"image\":{\"@id\":\"https:\\\/\\\/www.webdo.tn\\\/fr\\\/actualite\\\/international\\\/escalade-regionale-des-explosions-en-israel-et-dans-plusieurs-pays-du-golfe\\\/393896\\\/#primaryimage\"},\"thumbnailUrl\":\"https:\\\/\\\/www.webdo.tn\\\/fr\\\/wp-content\\\/uploads\\\/2026\\\/02\\\/base-us.jpg\",\"datePublished\":\"2026-02-28T10:28:10+00:00\",\"dateModified\":\"2026-02-28T11:10:21+00:00\",\"description\":\"Analyse des explosions en Isra\u00ebl et dans plusieurs pays du Golfe dans le contexte de l'escalade r\u00e9gionale et des tensions actuelles.\",\"breadcrumb\":{\"@id\":\"https:\\\/\\\/www.webdo.tn\\\/fr\\\/actualite\\\/international\\\/escalade-regionale-des-explosions-en-israel-et-dans-plusieurs-pays-du-golfe\\\/393896\\\/#breadcrumb\"},\"inLanguage\":\"fr-FR\",\"potentialAction\":[{\"@type\":\"ReadAction\",\"target\":[\"https:\\\/\\\/www.webdo.tn\\\/fr\\\/actualite\\\/international\\\/escalade-regionale-des-explosions-en-israel-et-dans-plusieurs-pays-du-golfe\\\/393896\\\/\"]}]},{\"@type\":\"ImageObject\",\"inLanguage\":\"fr-FR\",\"@id\":\"https:\\\/\\\/www.webdo.tn\\\/fr\\\/actualite\\\/international\\\/escalade-regionale-des-explosions-en-israel-et-dans-plusieurs-pays-du-golfe\\\/393896\\\/#primaryimage\",\"url\":\"https:\\\/\\\/www.webdo.tn\\\/fr\\\/wp-content\\\/uploads\\\/2026\\\/02\\\/base-us.jpg\",\"contentUrl\":\"https:\\\/\\\/www.webdo.tn\\\/fr\\\/wp-content\\\/uploads\\\/2026\\\/02\\\/base-us.jpg\",\"width\":1200,\"height\":601,\"caption\":\"Escalade r\u00e9gionale : Des explosions en Isra\u00ebl et dans plusieurs pays du Golfe\"},{\"@type\":\"BreadcrumbList\",\"@id\":\"https:\\\/\\\/www.webdo.tn\\\/fr\\\/actualite\\\/international\\\/escalade-regionale-des-explosions-en-israel-et-dans-plusieurs-pays-du-golfe\\\/393896\\\/#breadcrumb\",\"itemListElement\":[{\"@type\":\"ListItem\",\"position\":1,\"name\":\"Accueil\",\"item\":\"https:\\\/\\\/www.webdo.tn\\\/fr\\\/\"},{\"@type\":\"ListItem\",\"position\":2,\"name\":\"Escalade r\u00e9gionale : Des explosions en Isra\u00ebl et dans plusieurs pays du Golfe\"}]},{\"@type\":\"WebSite\",\"@id\":\"https:\\\/\\\/www.webdo.tn\\\/fr\\\/#website\",\"url\":\"https:\\\/\\\/www.webdo.tn\\\/fr\\\/\",\"name\":\"webdo\",\"description\":\"Tunisie - News en Tunisie et \u00e0 l&#039;international sur Webdo.tn\",\"publisher\":{\"@id\":\"https:\\\/\\\/www.webdo.tn\\\/fr\\\/#organization\"},\"potentialAction\":[{\"@type\":\"SearchAction\",\"target\":{\"@type\":\"EntryPoint\",\"urlTemplate\":\"https:\\\/\\\/www.webdo.tn\\\/fr\\\/?s={search_term_string}\"},\"query-input\":{\"@type\":\"PropertyValueSpecification\",\"valueRequired\":true,\"valueName\":\"search_term_string\"}}],\"inLanguage\":\"fr-FR\"},{\"@type\":\"Organization\",\"@id\":\"https:\\\/\\\/www.webdo.tn\\\/fr\\\/#organization\",\"name\":\"Webdo\",\"alternateName\":\"Webdo.tn\",\"url\":\"https:\\\/\\\/www.webdo.tn\\\/fr\\\/\",\"logo\":{\"@type\":\"ImageObject\",\"inLanguage\":\"fr-FR\",\"@id\":\"https:\\\/\\\/www.webdo.tn\\\/fr\\\/#\\\/schema\\\/logo\\\/image\\\/\",\"url\":\"https:\\\/\\\/www.webdo.tn\\\/fr\\\/wp-content\\\/uploads\\\/2025\\\/06\\\/Webdo-Tunisie_168377.jpg\",\"contentUrl\":\"https:\\\/\\\/www.webdo.tn\\\/fr\\\/wp-content\\\/uploads\\\/2025\\\/06\\\/Webdo-Tunisie_168377.jpg\",\"width\":301,\"height\":301,\"caption\":\"Webdo\"},\"image\":{\"@id\":\"https:\\\/\\\/www.webdo.tn\\\/fr\\\/#\\\/schema\\\/logo\\\/image\\\/\"},\"sameAs\":[\"https:\\\/\\\/www.facebook.com\\\/webdotn\",\"https:\\\/\\\/x.com\\\/webdo_tn\"],\"description\":\"Webdo est un m\u00e9dia num\u00e9rique tunisien fond\u00e9 en 2010, sp\u00e9cialis\u00e9 dans l\u2019actualit\u00e9 nationale et internationale, l\u2019\u00e9conomie, la soci\u00e9t\u00e9 et les analyses politiques. Le site s\u2019adresse \u00e0 un large public francophone et couvre l\u2019information tunisienne en temps r\u00e9el.\",\"email\":\"redac@webdo.tn\",\"legalName\":\"YNJ SARL\",\"foundingDate\":\"2010-09-06\",\"numberOfEmployees\":{\"@type\":\"QuantitativeValue\",\"minValue\":\"11\",\"maxValue\":\"50\"}},{\"@type\":\"Person\",\"@id\":\"https:\\\/\\\/www.webdo.tn\\\/fr\\\/#\\\/schema\\\/person\\\/16a4857e77dfc0b610c4c2cadffc9ac4\",\"name\":\"Mohamed Fethi\",\"image\":{\"@type\":\"ImageObject\",\"inLanguage\":\"fr-FR\",\"@id\":\"https:\\\/\\\/www.webdo.tn\\\/fr\\\/wp-content\\\/uploads\\\/2026\\\/04\\\/mohamed-fethi_avatar_1-96x96.jpg\",\"url\":\"https:\\\/\\\/www.webdo.tn\\\/fr\\\/wp-content\\\/uploads\\\/2026\\\/04\\\/mohamed-fethi_avatar_1-96x96.jpg\",\"contentUrl\":\"https:\\\/\\\/www.webdo.tn\\\/fr\\\/wp-content\\\/uploads\\\/2026\\\/04\\\/mohamed-fethi_avatar_1-96x96.jpg\",\"caption\":\"Mohamed Fethi\"},\"description\":\"Signature \u00e9ditoriale de Maher Chaabane Mohamed Fethi est le pseudonyme \u00e9ditorial de Maher Chaabane, r\u00e9dacteur en chef de Webdo.tn depuis 2012. Cette signature est d\u00e9di\u00e9e au traitement intensif de l'actualit\u00e9 nationale et internationale en temps r\u00e9el. S'appuyant sur les deux d\u00e9cennies d'expertise journalistique de Maher Chaabane \u2014 d\u00e9but\u00e9e au sein du groupe Tunis Hebdo en 2000 \u2014 Mohamed Fethi assure une veille rigoureuse sur les enjeux politiques, \u00e9conomiques et sportifs. Sa mission est de garantir une information structur\u00e9e, fluide et fid\u00e8le aux standards de la r\u00e9daction. Pour consulter le parcours complet du r\u00e9dacteur en chef, visitez le profil officiel de Maher Chaabane.\",\"knowsAbout\":[\"actualit\u00e9\",\"journalisme\",\"information\",\"politique\",\"sport\",\"m\u00e9dias\",\"actualit\u00e9 internationale\"],\"knowsLanguage\":[\"Fran\u00e7ais\",\"Arabe\"],\"jobTitle\":\"Journaliste \u2013 R\u00e9daction Webdo\",\"worksFor\":\"Webdo.tn\",\"url\":\"https:\\\/\\\/www.webdo.tn\\\/fr\\\/actualite\\\/author\\\/mohamed-fethi\\\/\"}]}<\/script>\n<!-- \/ Yoast SEO Premium plugin. -->","yoast_head_json":{"title":"Escalade r\u00e9gionale : Des explosions en Isra\u00ebl et dans plusieurs pays du Golfe - webdo","description":"Analyse des explosions en Isra\u00ebl et dans plusieurs pays du Golfe dans le contexte de l'escalade r\u00e9gionale et des tensions actuelles.","canonical":"https:\/\/www.webdo.tn\/fr\/actualite\/international\/escalade-regionale-des-explosions-en-israel-et-dans-plusieurs-pays-du-golfe\/393896\/","og_locale":"fr_FR","og_type":"article","og_title":"Escalade r\u00e9gionale : Des explosions en Isra\u00ebl et dans plusieurs pays du Golfe","og_description":"Analyse des explosions en Isra\u00ebl et dans plusieurs pays du Golfe dans le contexte de l'escalade r\u00e9gionale et des tensions actuelles.","og_url":"https:\/\/www.webdo.tn\/fr\/actualite\/international\/escalade-regionale-des-explosions-en-israel-et-dans-plusieurs-pays-du-golfe\/393896\/","og_site_name":"webdo","article_publisher":"https:\/\/www.facebook.com\/webdotn","article_published_time":"2026-02-28T10:28:10+00:00","article_modified_time":"2026-02-28T11:10:21+00:00","og_image":[{"width":1200,"height":601,"url":"https:\/\/www.webdo.tn\/fr\/wp-content\/uploads\/2026\/02\/base-us.jpg","type":"image\/jpeg"}],"author":"Mohamed Fethi","twitter_card":"summary_large_image","twitter_creator":"@webdo_tn","twitter_site":"@webdo_tn","twitter_misc":{"\u00c9crit par":"Mohamed Fethi","Dur\u00e9e de lecture estim\u00e9e":"3 minutes"},"schema":{"@context":"https:\/\/schema.org","@graph":[{"@type":"NewsArticle","@id":"https:\/\/www.webdo.tn\/fr\/actualite\/international\/escalade-regionale-des-explosions-en-israel-et-dans-plusieurs-pays-du-golfe\/393896\/#article","isPartOf":{"@id":"https:\/\/www.webdo.tn\/fr\/actualite\/international\/escalade-regionale-des-explosions-en-israel-et-dans-plusieurs-pays-du-golfe\/393896\/"},"author":{"name":"Mohamed Fethi","@id":"https:\/\/www.webdo.tn\/fr\/#\/schema\/person\/16a4857e77dfc0b610c4c2cadffc9ac4"},"headline":"Escalade r\u00e9gionale : Des explosions en Isra\u00ebl et dans plusieurs pays du Golfe","datePublished":"2026-02-28T10:28:10+00:00","dateModified":"2026-02-28T11:10:21+00:00","mainEntityOfPage":{"@id":"https:\/\/www.webdo.tn\/fr\/actualite\/international\/escalade-regionale-des-explosions-en-israel-et-dans-plusieurs-pays-du-golfe\/393896\/"},"wordCount":593,"publisher":{"@id":"https:\/\/www.webdo.tn\/fr\/#organization"},"image":{"@id":"https:\/\/www.webdo.tn\/fr\/actualite\/international\/escalade-regionale-des-explosions-en-israel-et-dans-plusieurs-pays-du-golfe\/393896\/#primaryimage"},"thumbnailUrl":"https:\/\/www.webdo.tn\/fr\/wp-content\/uploads\/2026\/02\/base-us.jpg","keywords":["Etats-Unis","Iran","isra\u00ebl"],"articleSection":["International"],"inLanguage":"fr-FR"},{"@type":"WebPage","@id":"https:\/\/www.webdo.tn\/fr\/actualite\/international\/escalade-regionale-des-explosions-en-israel-et-dans-plusieurs-pays-du-golfe\/393896\/","url":"https:\/\/www.webdo.tn\/fr\/actualite\/international\/escalade-regionale-des-explosions-en-israel-et-dans-plusieurs-pays-du-golfe\/393896\/","name":"Escalade r\u00e9gionale : Des explosions en Isra\u00ebl et dans plusieurs pays du Golfe - webdo","isPartOf":{"@id":"https:\/\/www.webdo.tn\/fr\/#website"},"primaryImageOfPage":{"@id":"https:\/\/www.webdo.tn\/fr\/actualite\/international\/escalade-regionale-des-explosions-en-israel-et-dans-plusieurs-pays-du-golfe\/393896\/#primaryimage"},"image":{"@id":"https:\/\/www.webdo.tn\/fr\/actualite\/international\/escalade-regionale-des-explosions-en-israel-et-dans-plusieurs-pays-du-golfe\/393896\/#primaryimage"},"thumbnailUrl":"https:\/\/www.webdo.tn\/fr\/wp-content\/uploads\/2026\/02\/base-us.jpg","datePublished":"2026-02-28T10:28:10+00:00","dateModified":"2026-02-28T11:10:21+00:00","description":"Analyse des explosions en Isra\u00ebl et dans plusieurs pays du Golfe dans le contexte de l'escalade r\u00e9gionale et des tensions actuelles.","breadcrumb":{"@id":"https:\/\/www.webdo.tn\/fr\/actualite\/international\/escalade-regionale-des-explosions-en-israel-et-dans-plusieurs-pays-du-golfe\/393896\/#breadcrumb"},"inLanguage":"fr-FR","potentialAction":[{"@type":"ReadAction","target":["https:\/\/www.webdo.tn\/fr\/actualite\/international\/escalade-regionale-des-explosions-en-israel-et-dans-plusieurs-pays-du-golfe\/393896\/"]}]},{"@type":"ImageObject","inLanguage":"fr-FR","@id":"https:\/\/www.webdo.tn\/fr\/actualite\/international\/escalade-regionale-des-explosions-en-israel-et-dans-plusieurs-pays-du-golfe\/393896\/#primaryimage","url":"https:\/\/www.webdo.tn\/fr\/wp-content\/uploads\/2026\/02\/base-us.jpg","contentUrl":"https:\/\/www.webdo.tn\/fr\/wp-content\/uploads\/2026\/02\/base-us.jpg","width":1200,"height":601,"caption":"Escalade r\u00e9gionale : Des explosions en Isra\u00ebl et dans plusieurs pays du Golfe"},{"@type":"BreadcrumbList","@id":"https:\/\/www.webdo.tn\/fr\/actualite\/international\/escalade-regionale-des-explosions-en-israel-et-dans-plusieurs-pays-du-golfe\/393896\/#breadcrumb","itemListElement":[{"@type":"ListItem","position":1,"name":"Accueil","item":"https:\/\/www.webdo.tn\/fr\/"},{"@type":"ListItem","position":2,"name":"Escalade r\u00e9gionale : Des explosions en Isra\u00ebl et dans plusieurs pays du Golfe"}]},{"@type":"WebSite","@id":"https:\/\/www.webdo.tn\/fr\/#website","url":"https:\/\/www.webdo.tn\/fr\/","name":"webdo","description":"Tunisie - News en Tunisie et \u00e0 l&#039;international sur Webdo.tn","publisher":{"@id":"https:\/\/www.webdo.tn\/fr\/#organization"},"potentialAction":[{"@type":"SearchAction","target":{"@type":"EntryPoint","urlTemplate":"https:\/\/www.webdo.tn\/fr\/?s={search_term_string}"},"query-input":{"@type":"PropertyValueSpecification","valueRequired":true,"valueName":"search_term_string"}}],"inLanguage":"fr-FR"},{"@type":"Organization","@id":"https:\/\/www.webdo.tn\/fr\/#organization","name":"Webdo","alternateName":"Webdo.tn","url":"https:\/\/www.webdo.tn\/fr\/","logo":{"@type":"ImageObject","inLanguage":"fr-FR","@id":"https:\/\/www.webdo.tn\/fr\/#\/schema\/logo\/image\/","url":"https:\/\/www.webdo.tn\/fr\/wp-content\/uploads\/2025\/06\/Webdo-Tunisie_168377.jpg","contentUrl":"https:\/\/www.webdo.tn\/fr\/wp-content\/uploads\/2025\/06\/Webdo-Tunisie_168377.jpg","width":301,"height":301,"caption":"Webdo"},"image":{"@id":"https:\/\/www.webdo.tn\/fr\/#\/schema\/logo\/image\/"},"sameAs":["https:\/\/www.facebook.com\/webdotn","https:\/\/x.com\/webdo_tn"],"description":"Webdo est un m\u00e9dia num\u00e9rique tunisien fond\u00e9 en 2010, sp\u00e9cialis\u00e9 dans l\u2019actualit\u00e9 nationale et internationale, l\u2019\u00e9conomie, la soci\u00e9t\u00e9 et les analyses politiques. Le site s\u2019adresse \u00e0 un large public francophone et couvre l\u2019information tunisienne en temps r\u00e9el.","email":"redac@webdo.tn","legalName":"YNJ SARL","foundingDate":"2010-09-06","numberOfEmployees":{"@type":"QuantitativeValue","minValue":"11","maxValue":"50"}},{"@type":"Person","@id":"https:\/\/www.webdo.tn\/fr\/#\/schema\/person\/16a4857e77dfc0b610c4c2cadffc9ac4","name":"Mohamed Fethi","image":{"@type":"ImageObject","inLanguage":"fr-FR","@id":"https:\/\/www.webdo.tn\/fr\/wp-content\/uploads\/2026\/04\/mohamed-fethi_avatar_1-96x96.jpg","url":"https:\/\/www.webdo.tn\/fr\/wp-content\/uploads\/2026\/04\/mohamed-fethi_avatar_1-96x96.jpg","contentUrl":"https:\/\/www.webdo.tn\/fr\/wp-content\/uploads\/2026\/04\/mohamed-fethi_avatar_1-96x96.jpg","caption":"Mohamed Fethi"},"description":"Signature \u00e9ditoriale de Maher Chaabane Mohamed Fethi est le pseudonyme \u00e9ditorial de Maher Chaabane, r\u00e9dacteur en chef de Webdo.tn depuis 2012. Cette signature est d\u00e9di\u00e9e au traitement intensif de l'actualit\u00e9 nationale et internationale en temps r\u00e9el. S'appuyant sur les deux d\u00e9cennies d'expertise journalistique de Maher Chaabane \u2014 d\u00e9but\u00e9e au sein du groupe Tunis Hebdo en 2000 \u2014 Mohamed Fethi assure une veille rigoureuse sur les enjeux politiques, \u00e9conomiques et sportifs. Sa mission est de garantir une information structur\u00e9e, fluide et fid\u00e8le aux standards de la r\u00e9daction. Pour consulter le parcours complet du r\u00e9dacteur en chef, visitez le profil officiel de Maher Chaabane.","knowsAbout":["actualit\u00e9","journalisme","information","politique","sport","m\u00e9dias","actualit\u00e9 internationale"],"knowsLanguage":["Fran\u00e7ais","Arabe"],"jobTitle":"Journaliste \u2013 R\u00e9daction Webdo","worksFor":"Webdo.tn","url":"https:\/\/www.webdo.tn\/fr\/actualite\/author\/mohamed-fethi\/"}]}},"_links":{"self":[{"href":"https:\/\/www.webdo.tn\/fr\/wp-json\/wp\/v2\/posts\/393896","targetHints":{"allow":["GET"]}}],"collection":[{"href":"https:\/\/www.webdo.tn\/fr\/wp-json\/wp\/v2\/posts"}],"about":[{"href":"https:\/\/www.webdo.tn\/fr\/wp-json\/wp\/v2\/types\/post"}],"author":[{"embeddable":true,"href":"https:\/\/www.webdo.tn\/fr\/wp-json\/wp\/v2\/users\/4782"}],"replies":[{"embeddable":true,"href":"https:\/\/www.webdo.tn\/fr\/wp-json\/wp\/v2\/comments?post=393896"}],"version-history":[{"count":0,"href":"https:\/\/www.webdo.tn\/fr\/wp-json\/wp\/v2\/posts\/393896\/revisions"}],"wp:featuredmedia":[{"embeddable":true,"href":"https:\/\/www.webdo.tn\/fr\/wp-json\/wp\/v2\/media\/393897"}],"wp:attachment":[{"href":"https:\/\/www.webdo.tn\/fr\/wp-json\/wp\/v2\/media?parent=393896"}],"wp:term":[{"taxonomy":"category","embeddable":true,"href":"https:\/\/www.webdo.tn\/fr\/wp-json\/wp\/v2\/categories?post=393896"},{"taxonomy":"post_tag","embeddable":true,"href":"https:\/\/www.webdo.tn\/fr\/wp-json\/wp\/v2\/tags?post=393896"}],"curies":[{"name":"wp","href":"https:\/\/api.w.org\/{rel}","templated":true}]}}