{"id":393886,"date":"2026-02-28T09:20:45","date_gmt":"2026-02-28T08:20:45","guid":{"rendered":"https:\/\/www.webdo.tn\/fr\/?p=393886"},"modified":"2026-02-28T09:20:46","modified_gmt":"2026-02-28T08:20:46","slug":"tunisie-le-tmm-glisse-a-699-en-fevrier-la-detente-se-confirme","status":"publish","type":"post","link":"https:\/\/www.webdo.tn\/fr\/actualite\/national\/tunisie-le-tmm-glisse-a-699-en-fevrier-la-detente-se-confirme\/393886\/","title":{"rendered":"Tunisie : Le TMM glisse \u00e0 6,99 % en f\u00e9vrier, la d\u00e9tente se confirme"},"content":{"rendered":"\n<p><strong>Le taux moyen du march\u00e9 mon\u00e9taire (TMM) poursuit son repli et s\u2019\u00e9tablit \u00e0 6,99 % en f\u00e9vrier 2026, contre 7,08 % en janvier. Les donn\u00e9es publi\u00e9es par la Banque Centrale de Tunisie (BCT) confirment ainsi la poursuite de la d\u00e9tente amorc\u00e9e depuis plusieurs mois. Ce mouvement s\u2019inscrit dans un contexte de stabilisation mon\u00e9taire et de ma\u00eetrise progressive des tensions inflationnistes.<\/strong><\/p>\n\n\n\n<h2 class=\"wp-block-heading\" id=\"h-une-decrue-graduelle-depuis-le-pic-de-2023\">Une d\u00e9crue graduelle depuis le pic de 2023<\/h2>\n\n\n\n<p>Le TMM avait culmin\u00e9 \u00e0 8,05% en mars 2023, point haut d\u2019un cycle de resserrement mon\u00e9taire. Il est ensuite redescendu \u00e0 8% entre mai et septembre 2023, avant de s\u2019\u00e9tablir \u00e0 7,99% au quatri\u00e8me trimestre de la m\u00eame ann\u00e9e.<\/p>\n\n\n\n<p>Durant l\u2019ann\u00e9e 2024, le taux a \u00e9volu\u00e9 dans une fourchette relativement stable, oscillant entre 7,96% et 7,99%. La tendance baissi\u00e8re s\u2019est ensuite r\u00e9affirm\u00e9e au d\u00e9but de 2025 : 7,5% entre avril et ao\u00fbt, puis 7,49% de septembre \u00e0 d\u00e9cembre.<\/p>\n\n\n\n<blockquote class=\"wp-block-quote is-layout-flow wp-block-quote-is-layout-flow\">\n<blockquote class=\"wp-block-quote is-layout-flow wp-block-quote-is-layout-flow\">\n<ul class=\"wp-block-list\">\n<li class=\"has-medium-font-size\"><strong>Lire aussi :<\/strong> <a href=\"https:\/\/www.webdo.tn\/fr\/actualite\/national\/tunisie-le-tmm-recule-a-708-en-janvier\/392422\/\">Tunisie : Le TMM recule \u00e0 7,08% en janvier<\/a><\/li>\n<\/ul>\n<\/blockquote>\n<\/blockquote>\n\n\n\n<p>La barre des 7% est d\u00e9sormais franchie, marquant un nouveau palier dans l\u2019assouplissement progressif des conditions mon\u00e9taires.<\/p>\n\n\n\n<h2 class=\"wp-block-heading\" id=\"h-un-taux-directeur-maintenu-inchange\">Un taux directeur maintenu inchang\u00e9<\/h2>\n\n\n\n<p>Lors de sa r\u00e9union du 11 f\u00e9vrier 2026, le Conseil d\u2019administration de la Banque Centrale de Tunisie a d\u00e9cid\u00e9 de maintenir le taux directeur \u00e0 7,00%.<\/p>\n\n\n\n<p>L\u2019institution a r\u00e9affirm\u00e9 sa priorit\u00e9 : consolider le processus de d\u00e9sinflation afin de ramener l\u2019inflation vers sa moyenne de long terme.<\/p>\n\n\n\n<blockquote class=\"wp-block-quote is-layout-flow wp-block-quote-is-layout-flow\">\n<blockquote class=\"wp-block-quote is-layout-flow wp-block-quote-is-layout-flow\">\n<ul class=\"wp-block-list\">\n<li class=\"has-medium-font-size\"><strong>Lire aussi :<\/strong> <a href=\"https:\/\/www.webdo.tn\/fr\/actualite\/national\/le-tmm-en-hausse-a-8-05-en-mars-nouveau-record\/204474\/\">Le TMM en hausse \u00e0 8,05%, en mars, nouveau record !<\/a><\/li>\n<\/ul>\n<\/blockquote>\n<\/blockquote>\n\n\n\n<p>La baisse continue du TMM refl\u00e8te ainsi l\u2019orientation prudente de la politique mon\u00e9taire, combinant stabilit\u00e9 du taux directeur et ajustement graduel des conditions de liquidit\u00e9 sur le march\u00e9 interbancaire.<\/p>\n","protected":false},"excerpt":{"rendered":"<p>Le taux moyen du march\u00e9 mon\u00e9taire (TMM) poursuit son repli et s\u2019\u00e9tablit \u00e0 6,99 % en f\u00e9vrier 2026, contre 7,08 % en janvier. Les donn\u00e9es publi\u00e9es par la Banque Centrale de Tunisie (BCT) confirment ainsi la poursuite de la d\u00e9tente amorc\u00e9e depuis plusieurs mois. Ce mouvement s\u2019inscrit dans un contexte de stabilisation mon\u00e9taire et de [&hellip;]<\/p>\n","protected":false},"author":4782,"featured_media":385722,"comment_status":"closed","ping_status":"closed","sticky":false,"template":"","format":"standard","meta":{"footnotes":""},"categories":[44],"tags":[4032,2807,2808,2809,2608],"class_list":["post-393886","post","type-post","status-publish","format-standard","has-post-thumbnail","hentry","category-national","tag-banque-centrale-de-tunisie","tag-bct","tag-taux-moyen-du-marche-monetaire","tag-tmm","tag-tunisie"],"yoast_head":"<!-- This site is optimized with the Yoast SEO Premium plugin v27.5 (Yoast SEO v27.5) - https:\/\/yoast.com\/product\/yoast-seo-premium-wordpress\/ -->\n<title>Tunisie : Le TMM glisse \u00e0 6,99 % en f\u00e9vrier, la d\u00e9tente se confirme - webdo<\/title>\n<meta name=\"description\" content=\"Le taux moyen du march\u00e9 mon\u00e9taire en Tunisie continue de baisser, atteignant 6,99 % en f\u00e9vrier. En savoir plus sur cette \u00e9volution.\" \/>\n<link rel=\"canonical\" href=\"https:\/\/www.webdo.tn\/fr\/actualite\/national\/tunisie-le-tmm-glisse-a-699-en-fevrier-la-detente-se-confirme\/393886\/\" \/>\n<meta property=\"og:locale\" content=\"fr_FR\" \/>\n<meta property=\"og:type\" content=\"article\" \/>\n<meta property=\"og:title\" content=\"Tunisie : Le TMM glisse \u00e0 6,99 % en f\u00e9vrier, la d\u00e9tente se confirme\" \/>\n<meta property=\"og:description\" content=\"Le taux moyen du march\u00e9 mon\u00e9taire en Tunisie continue de baisser, atteignant 6,99 % en f\u00e9vrier. En savoir plus sur cette \u00e9volution.\" \/>\n<meta property=\"og:url\" content=\"https:\/\/www.webdo.tn\/fr\/actualite\/national\/tunisie-le-tmm-glisse-a-699-en-fevrier-la-detente-se-confirme\/393886\/\" \/>\n<meta property=\"og:site_name\" content=\"webdo\" \/>\n<meta property=\"article:publisher\" content=\"https:\/\/www.facebook.com\/webdotn\" \/>\n<meta property=\"article:published_time\" content=\"2026-02-28T08:20:45+00:00\" \/>\n<meta property=\"article:modified_time\" content=\"2026-02-28T08:20:46+00:00\" \/>\n<meta property=\"og:image\" content=\"https:\/\/www.webdo.tn\/fr\/wp-content\/uploads\/2025\/10\/BCT.jpg\" \/>\n\t<meta property=\"og:image:width\" content=\"1200\" \/>\n\t<meta property=\"og:image:height\" content=\"605\" \/>\n\t<meta property=\"og:image:type\" content=\"image\/jpeg\" \/>\n<meta name=\"author\" content=\"Mohamed Fethi\" \/>\n<meta name=\"twitter:card\" content=\"summary_large_image\" \/>\n<meta name=\"twitter:creator\" content=\"@webdo_tn\" \/>\n<meta name=\"twitter:site\" content=\"@webdo_tn\" \/>\n<meta name=\"twitter:label1\" content=\"\u00c9crit par\" \/>\n\t<meta name=\"twitter:data1\" content=\"Mohamed Fethi\" \/>\n\t<meta name=\"twitter:label2\" content=\"Dur\u00e9e de lecture estim\u00e9e\" \/>\n\t<meta name=\"twitter:data2\" content=\"2 minutes\" \/>\n<script type=\"application\/ld+json\" class=\"yoast-schema-graph\">{\"@context\":\"https:\\\/\\\/schema.org\",\"@graph\":[{\"@type\":\"NewsArticle\",\"@id\":\"https:\\\/\\\/www.webdo.tn\\\/fr\\\/actualite\\\/national\\\/tunisie-le-tmm-glisse-a-699-en-fevrier-la-detente-se-confirme\\\/393886\\\/#article\",\"isPartOf\":{\"@id\":\"https:\\\/\\\/www.webdo.tn\\\/fr\\\/actualite\\\/national\\\/tunisie-le-tmm-glisse-a-699-en-fevrier-la-detente-se-confirme\\\/393886\\\/\"},\"author\":{\"name\":\"Mohamed Fethi\",\"@id\":\"https:\\\/\\\/www.webdo.tn\\\/fr\\\/#\\\/schema\\\/person\\\/16a4857e77dfc0b610c4c2cadffc9ac4\"},\"headline\":\"Tunisie : Le TMM glisse \u00e0 6,99 % en f\u00e9vrier, la d\u00e9tente se confirme\",\"datePublished\":\"2026-02-28T08:20:45+00:00\",\"dateModified\":\"2026-02-28T08:20:46+00:00\",\"mainEntityOfPage\":{\"@id\":\"https:\\\/\\\/www.webdo.tn\\\/fr\\\/actualite\\\/national\\\/tunisie-le-tmm-glisse-a-699-en-fevrier-la-detente-se-confirme\\\/393886\\\/\"},\"wordCount\":285,\"publisher\":{\"@id\":\"https:\\\/\\\/www.webdo.tn\\\/fr\\\/#organization\"},\"image\":{\"@id\":\"https:\\\/\\\/www.webdo.tn\\\/fr\\\/actualite\\\/national\\\/tunisie-le-tmm-glisse-a-699-en-fevrier-la-detente-se-confirme\\\/393886\\\/#primaryimage\"},\"thumbnailUrl\":\"https:\\\/\\\/www.webdo.tn\\\/fr\\\/wp-content\\\/uploads\\\/2025\\\/10\\\/BCT.jpg\",\"keywords\":[\"Banque centrale de Tunisie\",\"BCT\",\"Taux moyen du March\u00e9 Mon\u00e9taire\",\"TMM\",\"Tunisie\"],\"articleSection\":[\"National\"],\"inLanguage\":\"fr-FR\"},{\"@type\":\"WebPage\",\"@id\":\"https:\\\/\\\/www.webdo.tn\\\/fr\\\/actualite\\\/national\\\/tunisie-le-tmm-glisse-a-699-en-fevrier-la-detente-se-confirme\\\/393886\\\/\",\"url\":\"https:\\\/\\\/www.webdo.tn\\\/fr\\\/actualite\\\/national\\\/tunisie-le-tmm-glisse-a-699-en-fevrier-la-detente-se-confirme\\\/393886\\\/\",\"name\":\"Tunisie : Le TMM glisse \u00e0 6,99 % en f\u00e9vrier, la d\u00e9tente se confirme - webdo\",\"isPartOf\":{\"@id\":\"https:\\\/\\\/www.webdo.tn\\\/fr\\\/#website\"},\"primaryImageOfPage\":{\"@id\":\"https:\\\/\\\/www.webdo.tn\\\/fr\\\/actualite\\\/national\\\/tunisie-le-tmm-glisse-a-699-en-fevrier-la-detente-se-confirme\\\/393886\\\/#primaryimage\"},\"image\":{\"@id\":\"https:\\\/\\\/www.webdo.tn\\\/fr\\\/actualite\\\/national\\\/tunisie-le-tmm-glisse-a-699-en-fevrier-la-detente-se-confirme\\\/393886\\\/#primaryimage\"},\"thumbnailUrl\":\"https:\\\/\\\/www.webdo.tn\\\/fr\\\/wp-content\\\/uploads\\\/2025\\\/10\\\/BCT.jpg\",\"datePublished\":\"2026-02-28T08:20:45+00:00\",\"dateModified\":\"2026-02-28T08:20:46+00:00\",\"description\":\"Le taux moyen du march\u00e9 mon\u00e9taire en Tunisie continue de baisser, atteignant 6,99 % en f\u00e9vrier. En savoir plus sur cette \u00e9volution.\",\"breadcrumb\":{\"@id\":\"https:\\\/\\\/www.webdo.tn\\\/fr\\\/actualite\\\/national\\\/tunisie-le-tmm-glisse-a-699-en-fevrier-la-detente-se-confirme\\\/393886\\\/#breadcrumb\"},\"inLanguage\":\"fr-FR\",\"potentialAction\":[{\"@type\":\"ReadAction\",\"target\":[\"https:\\\/\\\/www.webdo.tn\\\/fr\\\/actualite\\\/national\\\/tunisie-le-tmm-glisse-a-699-en-fevrier-la-detente-se-confirme\\\/393886\\\/\"]}]},{\"@type\":\"ImageObject\",\"inLanguage\":\"fr-FR\",\"@id\":\"https:\\\/\\\/www.webdo.tn\\\/fr\\\/actualite\\\/national\\\/tunisie-le-tmm-glisse-a-699-en-fevrier-la-detente-se-confirme\\\/393886\\\/#primaryimage\",\"url\":\"https:\\\/\\\/www.webdo.tn\\\/fr\\\/wp-content\\\/uploads\\\/2025\\\/10\\\/BCT.jpg\",\"contentUrl\":\"https:\\\/\\\/www.webdo.tn\\\/fr\\\/wp-content\\\/uploads\\\/2025\\\/10\\\/BCT.jpg\",\"width\":1200,\"height\":605,\"caption\":\"Tunisie : Les recettes en devises couvrent la dette ext\u00e9rieure \u00e0 182%\"},{\"@type\":\"BreadcrumbList\",\"@id\":\"https:\\\/\\\/www.webdo.tn\\\/fr\\\/actualite\\\/national\\\/tunisie-le-tmm-glisse-a-699-en-fevrier-la-detente-se-confirme\\\/393886\\\/#breadcrumb\",\"itemListElement\":[{\"@type\":\"ListItem\",\"position\":1,\"name\":\"Accueil\",\"item\":\"https:\\\/\\\/www.webdo.tn\\\/fr\\\/\"},{\"@type\":\"ListItem\",\"position\":2,\"name\":\"Tunisie : Le TMM glisse \u00e0 6,99 % en f\u00e9vrier, la d\u00e9tente se confirme\"}]},{\"@type\":\"WebSite\",\"@id\":\"https:\\\/\\\/www.webdo.tn\\\/fr\\\/#website\",\"url\":\"https:\\\/\\\/www.webdo.tn\\\/fr\\\/\",\"name\":\"webdo\",\"description\":\"Tunisie - News en Tunisie et \u00e0 l&#039;international sur Webdo.tn\",\"publisher\":{\"@id\":\"https:\\\/\\\/www.webdo.tn\\\/fr\\\/#organization\"},\"potentialAction\":[{\"@type\":\"SearchAction\",\"target\":{\"@type\":\"EntryPoint\",\"urlTemplate\":\"https:\\\/\\\/www.webdo.tn\\\/fr\\\/?s={search_term_string}\"},\"query-input\":{\"@type\":\"PropertyValueSpecification\",\"valueRequired\":true,\"valueName\":\"search_term_string\"}}],\"inLanguage\":\"fr-FR\"},{\"@type\":\"Organization\",\"@id\":\"https:\\\/\\\/www.webdo.tn\\\/fr\\\/#organization\",\"name\":\"Webdo\",\"alternateName\":\"Webdo.tn\",\"url\":\"https:\\\/\\\/www.webdo.tn\\\/fr\\\/\",\"logo\":{\"@type\":\"ImageObject\",\"inLanguage\":\"fr-FR\",\"@id\":\"https:\\\/\\\/www.webdo.tn\\\/fr\\\/#\\\/schema\\\/logo\\\/image\\\/\",\"url\":\"https:\\\/\\\/www.webdo.tn\\\/fr\\\/wp-content\\\/uploads\\\/2025\\\/06\\\/Webdo-Tunisie_168377.jpg\",\"contentUrl\":\"https:\\\/\\\/www.webdo.tn\\\/fr\\\/wp-content\\\/uploads\\\/2025\\\/06\\\/Webdo-Tunisie_168377.jpg\",\"width\":301,\"height\":301,\"caption\":\"Webdo\"},\"image\":{\"@id\":\"https:\\\/\\\/www.webdo.tn\\\/fr\\\/#\\\/schema\\\/logo\\\/image\\\/\"},\"sameAs\":[\"https:\\\/\\\/www.facebook.com\\\/webdotn\",\"https:\\\/\\\/x.com\\\/webdo_tn\"],\"description\":\"Webdo est un m\u00e9dia num\u00e9rique tunisien fond\u00e9 en 2010, sp\u00e9cialis\u00e9 dans l\u2019actualit\u00e9 nationale et internationale, l\u2019\u00e9conomie, la soci\u00e9t\u00e9 et les analyses politiques. Le site s\u2019adresse \u00e0 un large public francophone et couvre l\u2019information tunisienne en temps r\u00e9el.\",\"email\":\"redac@webdo.tn\",\"legalName\":\"YNJ SARL\",\"foundingDate\":\"2010-09-06\",\"numberOfEmployees\":{\"@type\":\"QuantitativeValue\",\"minValue\":\"11\",\"maxValue\":\"50\"}},{\"@type\":\"Person\",\"@id\":\"https:\\\/\\\/www.webdo.tn\\\/fr\\\/#\\\/schema\\\/person\\\/16a4857e77dfc0b610c4c2cadffc9ac4\",\"name\":\"Mohamed Fethi\",\"image\":{\"@type\":\"ImageObject\",\"inLanguage\":\"fr-FR\",\"@id\":\"https:\\\/\\\/www.webdo.tn\\\/fr\\\/wp-content\\\/uploads\\\/2026\\\/04\\\/mohamed-fethi_avatar_1-96x96.jpg\",\"url\":\"https:\\\/\\\/www.webdo.tn\\\/fr\\\/wp-content\\\/uploads\\\/2026\\\/04\\\/mohamed-fethi_avatar_1-96x96.jpg\",\"contentUrl\":\"https:\\\/\\\/www.webdo.tn\\\/fr\\\/wp-content\\\/uploads\\\/2026\\\/04\\\/mohamed-fethi_avatar_1-96x96.jpg\",\"caption\":\"Mohamed Fethi\"},\"description\":\"Signature \u00e9ditoriale de Maher Chaabane Mohamed Fethi est le pseudonyme \u00e9ditorial de Maher Chaabane, r\u00e9dacteur en chef de Webdo.tn depuis 2012. Cette signature est d\u00e9di\u00e9e au traitement intensif de l'actualit\u00e9 nationale et internationale en temps r\u00e9el. S'appuyant sur les deux d\u00e9cennies d'expertise journalistique de Maher Chaabane \u2014 d\u00e9but\u00e9e au sein du groupe Tunis Hebdo en 2000 \u2014 Mohamed Fethi assure une veille rigoureuse sur les enjeux politiques, \u00e9conomiques et sportifs. Sa mission est de garantir une information structur\u00e9e, fluide et fid\u00e8le aux standards de la r\u00e9daction. Pour consulter le parcours complet du r\u00e9dacteur en chef, visitez le profil officiel de Maher Chaabane.\",\"knowsAbout\":[\"actualit\u00e9\",\"journalisme\",\"information\",\"politique\",\"sport\",\"m\u00e9dias\",\"actualit\u00e9 internationale\"],\"knowsLanguage\":[\"Fran\u00e7ais\",\"Arabe\"],\"jobTitle\":\"Journaliste \u2013 R\u00e9daction Webdo\",\"worksFor\":\"Webdo.tn\",\"url\":\"https:\\\/\\\/www.webdo.tn\\\/fr\\\/actualite\\\/author\\\/mohamed-fethi\\\/\"}]}<\/script>\n<!-- \/ Yoast SEO Premium plugin. -->","yoast_head_json":{"title":"Tunisie : Le TMM glisse \u00e0 6,99 % en f\u00e9vrier, la d\u00e9tente se confirme - webdo","description":"Le taux moyen du march\u00e9 mon\u00e9taire en Tunisie continue de baisser, atteignant 6,99 % en f\u00e9vrier. En savoir plus sur cette \u00e9volution.","canonical":"https:\/\/www.webdo.tn\/fr\/actualite\/national\/tunisie-le-tmm-glisse-a-699-en-fevrier-la-detente-se-confirme\/393886\/","og_locale":"fr_FR","og_type":"article","og_title":"Tunisie : Le TMM glisse \u00e0 6,99 % en f\u00e9vrier, la d\u00e9tente se confirme","og_description":"Le taux moyen du march\u00e9 mon\u00e9taire en Tunisie continue de baisser, atteignant 6,99 % en f\u00e9vrier. En savoir plus sur cette \u00e9volution.","og_url":"https:\/\/www.webdo.tn\/fr\/actualite\/national\/tunisie-le-tmm-glisse-a-699-en-fevrier-la-detente-se-confirme\/393886\/","og_site_name":"webdo","article_publisher":"https:\/\/www.facebook.com\/webdotn","article_published_time":"2026-02-28T08:20:45+00:00","article_modified_time":"2026-02-28T08:20:46+00:00","og_image":[{"width":1200,"height":605,"url":"https:\/\/www.webdo.tn\/fr\/wp-content\/uploads\/2025\/10\/BCT.jpg","type":"image\/jpeg"}],"author":"Mohamed Fethi","twitter_card":"summary_large_image","twitter_creator":"@webdo_tn","twitter_site":"@webdo_tn","twitter_misc":{"\u00c9crit par":"Mohamed Fethi","Dur\u00e9e de lecture estim\u00e9e":"2 minutes"},"schema":{"@context":"https:\/\/schema.org","@graph":[{"@type":"NewsArticle","@id":"https:\/\/www.webdo.tn\/fr\/actualite\/national\/tunisie-le-tmm-glisse-a-699-en-fevrier-la-detente-se-confirme\/393886\/#article","isPartOf":{"@id":"https:\/\/www.webdo.tn\/fr\/actualite\/national\/tunisie-le-tmm-glisse-a-699-en-fevrier-la-detente-se-confirme\/393886\/"},"author":{"name":"Mohamed Fethi","@id":"https:\/\/www.webdo.tn\/fr\/#\/schema\/person\/16a4857e77dfc0b610c4c2cadffc9ac4"},"headline":"Tunisie : Le TMM glisse \u00e0 6,99 % en f\u00e9vrier, la d\u00e9tente se confirme","datePublished":"2026-02-28T08:20:45+00:00","dateModified":"2026-02-28T08:20:46+00:00","mainEntityOfPage":{"@id":"https:\/\/www.webdo.tn\/fr\/actualite\/national\/tunisie-le-tmm-glisse-a-699-en-fevrier-la-detente-se-confirme\/393886\/"},"wordCount":285,"publisher":{"@id":"https:\/\/www.webdo.tn\/fr\/#organization"},"image":{"@id":"https:\/\/www.webdo.tn\/fr\/actualite\/national\/tunisie-le-tmm-glisse-a-699-en-fevrier-la-detente-se-confirme\/393886\/#primaryimage"},"thumbnailUrl":"https:\/\/www.webdo.tn\/fr\/wp-content\/uploads\/2025\/10\/BCT.jpg","keywords":["Banque centrale de Tunisie","BCT","Taux moyen du March\u00e9 Mon\u00e9taire","TMM","Tunisie"],"articleSection":["National"],"inLanguage":"fr-FR"},{"@type":"WebPage","@id":"https:\/\/www.webdo.tn\/fr\/actualite\/national\/tunisie-le-tmm-glisse-a-699-en-fevrier-la-detente-se-confirme\/393886\/","url":"https:\/\/www.webdo.tn\/fr\/actualite\/national\/tunisie-le-tmm-glisse-a-699-en-fevrier-la-detente-se-confirme\/393886\/","name":"Tunisie : Le TMM glisse \u00e0 6,99 % en f\u00e9vrier, la d\u00e9tente se confirme - webdo","isPartOf":{"@id":"https:\/\/www.webdo.tn\/fr\/#website"},"primaryImageOfPage":{"@id":"https:\/\/www.webdo.tn\/fr\/actualite\/national\/tunisie-le-tmm-glisse-a-699-en-fevrier-la-detente-se-confirme\/393886\/#primaryimage"},"image":{"@id":"https:\/\/www.webdo.tn\/fr\/actualite\/national\/tunisie-le-tmm-glisse-a-699-en-fevrier-la-detente-se-confirme\/393886\/#primaryimage"},"thumbnailUrl":"https:\/\/www.webdo.tn\/fr\/wp-content\/uploads\/2025\/10\/BCT.jpg","datePublished":"2026-02-28T08:20:45+00:00","dateModified":"2026-02-28T08:20:46+00:00","description":"Le taux moyen du march\u00e9 mon\u00e9taire en Tunisie continue de baisser, atteignant 6,99 % en f\u00e9vrier. En savoir plus sur cette \u00e9volution.","breadcrumb":{"@id":"https:\/\/www.webdo.tn\/fr\/actualite\/national\/tunisie-le-tmm-glisse-a-699-en-fevrier-la-detente-se-confirme\/393886\/#breadcrumb"},"inLanguage":"fr-FR","potentialAction":[{"@type":"ReadAction","target":["https:\/\/www.webdo.tn\/fr\/actualite\/national\/tunisie-le-tmm-glisse-a-699-en-fevrier-la-detente-se-confirme\/393886\/"]}]},{"@type":"ImageObject","inLanguage":"fr-FR","@id":"https:\/\/www.webdo.tn\/fr\/actualite\/national\/tunisie-le-tmm-glisse-a-699-en-fevrier-la-detente-se-confirme\/393886\/#primaryimage","url":"https:\/\/www.webdo.tn\/fr\/wp-content\/uploads\/2025\/10\/BCT.jpg","contentUrl":"https:\/\/www.webdo.tn\/fr\/wp-content\/uploads\/2025\/10\/BCT.jpg","width":1200,"height":605,"caption":"Tunisie : Les recettes en devises couvrent la dette ext\u00e9rieure \u00e0 182%"},{"@type":"BreadcrumbList","@id":"https:\/\/www.webdo.tn\/fr\/actualite\/national\/tunisie-le-tmm-glisse-a-699-en-fevrier-la-detente-se-confirme\/393886\/#breadcrumb","itemListElement":[{"@type":"ListItem","position":1,"name":"Accueil","item":"https:\/\/www.webdo.tn\/fr\/"},{"@type":"ListItem","position":2,"name":"Tunisie : Le TMM glisse \u00e0 6,99 % en f\u00e9vrier, la d\u00e9tente se confirme"}]},{"@type":"WebSite","@id":"https:\/\/www.webdo.tn\/fr\/#website","url":"https:\/\/www.webdo.tn\/fr\/","name":"webdo","description":"Tunisie - News en Tunisie et \u00e0 l&#039;international sur Webdo.tn","publisher":{"@id":"https:\/\/www.webdo.tn\/fr\/#organization"},"potentialAction":[{"@type":"SearchAction","target":{"@type":"EntryPoint","urlTemplate":"https:\/\/www.webdo.tn\/fr\/?s={search_term_string}"},"query-input":{"@type":"PropertyValueSpecification","valueRequired":true,"valueName":"search_term_string"}}],"inLanguage":"fr-FR"},{"@type":"Organization","@id":"https:\/\/www.webdo.tn\/fr\/#organization","name":"Webdo","alternateName":"Webdo.tn","url":"https:\/\/www.webdo.tn\/fr\/","logo":{"@type":"ImageObject","inLanguage":"fr-FR","@id":"https:\/\/www.webdo.tn\/fr\/#\/schema\/logo\/image\/","url":"https:\/\/www.webdo.tn\/fr\/wp-content\/uploads\/2025\/06\/Webdo-Tunisie_168377.jpg","contentUrl":"https:\/\/www.webdo.tn\/fr\/wp-content\/uploads\/2025\/06\/Webdo-Tunisie_168377.jpg","width":301,"height":301,"caption":"Webdo"},"image":{"@id":"https:\/\/www.webdo.tn\/fr\/#\/schema\/logo\/image\/"},"sameAs":["https:\/\/www.facebook.com\/webdotn","https:\/\/x.com\/webdo_tn"],"description":"Webdo est un m\u00e9dia num\u00e9rique tunisien fond\u00e9 en 2010, sp\u00e9cialis\u00e9 dans l\u2019actualit\u00e9 nationale et internationale, l\u2019\u00e9conomie, la soci\u00e9t\u00e9 et les analyses politiques. Le site s\u2019adresse \u00e0 un large public francophone et couvre l\u2019information tunisienne en temps r\u00e9el.","email":"redac@webdo.tn","legalName":"YNJ SARL","foundingDate":"2010-09-06","numberOfEmployees":{"@type":"QuantitativeValue","minValue":"11","maxValue":"50"}},{"@type":"Person","@id":"https:\/\/www.webdo.tn\/fr\/#\/schema\/person\/16a4857e77dfc0b610c4c2cadffc9ac4","name":"Mohamed Fethi","image":{"@type":"ImageObject","inLanguage":"fr-FR","@id":"https:\/\/www.webdo.tn\/fr\/wp-content\/uploads\/2026\/04\/mohamed-fethi_avatar_1-96x96.jpg","url":"https:\/\/www.webdo.tn\/fr\/wp-content\/uploads\/2026\/04\/mohamed-fethi_avatar_1-96x96.jpg","contentUrl":"https:\/\/www.webdo.tn\/fr\/wp-content\/uploads\/2026\/04\/mohamed-fethi_avatar_1-96x96.jpg","caption":"Mohamed Fethi"},"description":"Signature \u00e9ditoriale de Maher Chaabane Mohamed Fethi est le pseudonyme \u00e9ditorial de Maher Chaabane, r\u00e9dacteur en chef de Webdo.tn depuis 2012. Cette signature est d\u00e9di\u00e9e au traitement intensif de l'actualit\u00e9 nationale et internationale en temps r\u00e9el. S'appuyant sur les deux d\u00e9cennies d'expertise journalistique de Maher Chaabane \u2014 d\u00e9but\u00e9e au sein du groupe Tunis Hebdo en 2000 \u2014 Mohamed Fethi assure une veille rigoureuse sur les enjeux politiques, \u00e9conomiques et sportifs. Sa mission est de garantir une information structur\u00e9e, fluide et fid\u00e8le aux standards de la r\u00e9daction. Pour consulter le parcours complet du r\u00e9dacteur en chef, visitez le profil officiel de Maher Chaabane.","knowsAbout":["actualit\u00e9","journalisme","information","politique","sport","m\u00e9dias","actualit\u00e9 internationale"],"knowsLanguage":["Fran\u00e7ais","Arabe"],"jobTitle":"Journaliste \u2013 R\u00e9daction Webdo","worksFor":"Webdo.tn","url":"https:\/\/www.webdo.tn\/fr\/actualite\/author\/mohamed-fethi\/"}]}},"_links":{"self":[{"href":"https:\/\/www.webdo.tn\/fr\/wp-json\/wp\/v2\/posts\/393886","targetHints":{"allow":["GET"]}}],"collection":[{"href":"https:\/\/www.webdo.tn\/fr\/wp-json\/wp\/v2\/posts"}],"about":[{"href":"https:\/\/www.webdo.tn\/fr\/wp-json\/wp\/v2\/types\/post"}],"author":[{"embeddable":true,"href":"https:\/\/www.webdo.tn\/fr\/wp-json\/wp\/v2\/users\/4782"}],"replies":[{"embeddable":true,"href":"https:\/\/www.webdo.tn\/fr\/wp-json\/wp\/v2\/comments?post=393886"}],"version-history":[{"count":0,"href":"https:\/\/www.webdo.tn\/fr\/wp-json\/wp\/v2\/posts\/393886\/revisions"}],"wp:featuredmedia":[{"embeddable":true,"href":"https:\/\/www.webdo.tn\/fr\/wp-json\/wp\/v2\/media\/385722"}],"wp:attachment":[{"href":"https:\/\/www.webdo.tn\/fr\/wp-json\/wp\/v2\/media?parent=393886"}],"wp:term":[{"taxonomy":"category","embeddable":true,"href":"https:\/\/www.webdo.tn\/fr\/wp-json\/wp\/v2\/categories?post=393886"},{"taxonomy":"post_tag","embeddable":true,"href":"https:\/\/www.webdo.tn\/fr\/wp-json\/wp\/v2\/tags?post=393886"}],"curies":[{"name":"wp","href":"https:\/\/api.w.org\/{rel}","templated":true}]}}