{"id":393883,"date":"2026-02-28T09:01:09","date_gmt":"2026-02-28T08:01:09","guid":{"rendered":"https:\/\/www.webdo.tn\/fr\/?p=393883"},"modified":"2026-02-28T09:01:10","modified_gmt":"2026-02-28T08:01:10","slug":"huile-dolive-la-tunisie-accelere-ses-exportations-55-en-debut-de-campagne","status":"publish","type":"post","link":"https:\/\/www.webdo.tn\/fr\/actualite\/national\/huile-dolive-la-tunisie-accelere-ses-exportations-55-en-debut-de-campagne\/393883\/","title":{"rendered":"Huile d\u2019olive : La Tunisie acc\u00e9l\u00e8re ses exportations, +55% en d\u00e9but de campagne"},"content":{"rendered":"\n<p><strong>Les exp\u00e9ditions tunisiennes d\u2019huile d\u2019olive ont fortement progress\u00e9 au cours du premier trimestre de la campagne 2025\/2026. Selon les chiffres publi\u00e9s par l\u2019Observatoire National de l&rsquo;Agriculture (ONAGRI), 130.900 tonnes ont \u00e9t\u00e9 export\u00e9es entre novembre 2025 et janvier 2026, soit une hausse de 55,7% par rapport \u00e0 la m\u00eame p\u00e9riode de la campagne pr\u00e9c\u00e9dente. Cette dynamique confirme le regain de performance du secteur ol\u00e9icole sur les march\u00e9s internationaux.<\/strong><\/p>\n\n\n\n<h2 class=\"wp-block-heading\" id=\"h-des-volumes-en-forte-hausse-des-recettes-en-nette-progression\">Des volumes en forte hausse, des recettes en nette progression<\/h2>\n\n\n\n<p>La progression des quantit\u00e9s export\u00e9es s\u2019est traduite par une envol\u00e9e des recettes. La valeur totale des ventes \u00e0 l\u2019\u00e9tranger a atteint 1,621 milliard de dinars, contre 1,202 milliard de dinars un an auparavant, enregistrant une croissance de 34,8%.<\/p>\n\n\n\n<p>Cette performance repose principalement sur l\u2019huile d\u2019olive extra vierge, qui repr\u00e9sente 89,5% des volumes \u00e9coul\u00e9s. Le secteur continue ainsi de capitaliser sur la qualit\u00e9 de son produit phare, largement reconnu sur les march\u00e9s europ\u00e9ens et nord-am\u00e9ricains.<\/p>\n\n\n\n<blockquote class=\"wp-block-quote is-layout-flow wp-block-quote-is-layout-flow\">\n<blockquote class=\"wp-block-quote is-layout-flow wp-block-quote-is-layout-flow\">\n<ul class=\"wp-block-list\">\n<li class=\"has-medium-font-size\"><strong>Lire aussi :<\/strong> <a href=\"https:\/\/www.webdo.tn\/fr\/actualite\/national\/espagne-italie-et-etats-unis-concentrent-666-des-exportations-tunisiennes-dhuile-dolive\/393770\/\">Espagne, Italie et \u00c9tats-Unis concentrent 66,6% des exportations tunisiennes d\u2019huile d\u2019olive<\/a><\/li>\n<\/ul>\n<\/blockquote>\n<\/blockquote>\n\n\n\n<p>La structure des exportations demeure toutefois marqu\u00e9e par une pr\u00e9dominance du vrac, qui concentre 88,4% des volumes. L\u2019huile conditionn\u00e9e ne repr\u00e9sente que 11,6% des quantit\u00e9s export\u00e9es.<\/p>\n\n\n\n<p>N\u00e9anmoins, ce segment affiche une contribution plus \u00e9lev\u00e9e en valeur (15,7%), avec une l\u00e9g\u00e8re am\u00e9lioration par rapport \u00e0 la campagne pr\u00e9c\u00e9dente (10,4%). Un signal positif pour la mont\u00e9e en gamme et la valorisation du produit tunisien, m\u00eame si la transformation locale reste encore limit\u00e9e.<\/p>\n\n\n\n<h2 class=\"wp-block-heading\" id=\"h-l-europe-en-tete-l-espagne-premier-client\">L\u2019Europe en t\u00eate, l\u2019Espagne premier client<\/h2>\n\n\n\n<p>Sur le plan g\u00e9ographique, l\u2019Union europ\u00e9enne confirme son statut de premier d\u00e9bouch\u00e9, absorbant 55,4% des volumes export\u00e9s.<\/p>\n\n\n\n<blockquote class=\"wp-block-quote is-layout-flow wp-block-quote-is-layout-flow\">\n<blockquote class=\"wp-block-quote is-layout-flow wp-block-quote-is-layout-flow\">\n<ul class=\"wp-block-list\">\n<li class=\"has-medium-font-size\"><strong>Lire aussi : <\/strong><a href=\"https:\/\/www.webdo.tn\/fr\/actualite\/national\/huile-dolive-la-tunisie-sacree-au-caire-avec-46-medailles-dor\/393256\/\">Huile d\u2019olive : La Tunisie sacr\u00e9e au Caire avec 46 m\u00e9dailles d\u2019or<\/a><\/li>\n<\/ul>\n<\/blockquote>\n<\/blockquote>\n\n\n\n<p>Par pays, l\u2019Espagne arrive en t\u00eate avec 30,9% des parts de march\u00e9, suivie par l\u2019Italie (18,9%) et les \u00c9tats-Unis (16,8%). Cette configuration illustre la forte d\u00e9pendance du secteur tunisien aux march\u00e9s m\u00e9diterran\u00e9ens et transatlantiques.<\/p>\n\n\n\n<h2 class=\"wp-block-heading\" id=\"h-legere-baisse-des-prix-en-janvier\">L\u00e9g\u00e8re baisse des prix en janvier<\/h2>\n\n\n\n<p>Malgr\u00e9 la hausse des volumes, le march\u00e9 a enregistr\u00e9 un l\u00e9ger repli des prix. En janvier 2026, le prix moyen \u00e0 l\u2019export s\u2019est \u00e9tabli \u00e0 11,94 dinars\/kg, contre 12,33 dinars\/kg un an plus t\u00f4t, soit une baisse de 3,2%.<\/p>\n\n\n\n<p>Les \u00e9carts restent toutefois significatifs selon les cat\u00e9gories : 8,81 DT\/kg pour l\u2019huile lampante, contre 16,69 DT\/kg pour l\u2019huile conditionn\u00e9e.<\/p>\n\n\n\n<h2 class=\"wp-block-heading\" id=\"h-le-segment-biologique-poursuit-son-essor\">Le segment biologique poursuit son essor<\/h2>\n\n\n\n<p>L\u2019huile d\u2019olive biologique continue de gagner du terrain. Les exportations ont atteint 12.600 tonnes sur la p\u00e9riode, g\u00e9n\u00e9rant 170,8 millions de dinars, pour un prix moyen de 13,60 DT\/kg.<\/p>\n\n\n\n<p>L\u2019Italie domine ce segment avec 42% des volumes, devant l\u2019Espagne (22%) et la France (16%).<\/p>\n\n\n\n<blockquote class=\"wp-block-quote is-layout-flow wp-block-quote-is-layout-flow\">\n<blockquote class=\"wp-block-quote is-layout-flow wp-block-quote-is-layout-flow\">\n<ul class=\"wp-block-list\">\n<li class=\"has-medium-font-size\"><strong>Lire aussi : <\/strong><a href=\"https:\/\/www.webdo.tn\/fr\/actualite\/international\/huile-dolive-tunisienne-en-italie-la-contestation-des-producteurs-sintensifie\/392891\/\">Huile d\u2019olive tunisienne : En Italie, la contestation des producteurs s\u2019intensifie<\/a><\/li>\n<\/ul>\n<\/blockquote>\n<\/blockquote>\n\n\n\n<p>L\u00e0 encore, le vrac reste majoritaire (92,1%), le conditionn\u00e9 ne repr\u00e9sentant que 7,9% des volumes. Un d\u00e9fi suppl\u00e9mentaire pour la fili\u00e8re tunisienne, appel\u00e9e \u00e0 renforcer la transformation et la commercialisation \u00e0 plus forte valeur ajout\u00e9e.<\/p>\n\n\n\n<h2 class=\"wp-block-heading\" id=\"h-recolte-exceptionnelle\">R\u00e9colte exceptionnelle<\/h2>\n\n\n\n<p>Avec une r\u00e9colte exceptionnelle estim\u00e9e \u00e0 500.000 tonnes en 2025-2026 dont 300.000 seront export\u00e9es, la fili\u00e8re reste toutefois d\u00e9pendante des march\u00e9s ext\u00e9rieurs et de l\u2019\u00e9volution des conditions commerciales internationales.<\/p>\n\n\n\n<p>Sur le plan des chiffres, les performances r\u00e9centes confirment le poids strat\u00e9gique du secteur. Environ 108.000 tonnes d\u2019huile d\u2019olive avaient \u00e9t\u00e9 export\u00e9es durant le dernier trimestre de 2025, dont pr\u00e8s de 50.000 tonnes pour le seul mois de d\u00e9cembre.<\/p>\n\n\n\n<p><\/p>\n","protected":false},"excerpt":{"rendered":"<p>Les exp\u00e9ditions tunisiennes d\u2019huile d\u2019olive ont fortement progress\u00e9 au cours du premier trimestre de la campagne 2025\/2026. Selon les chiffres publi\u00e9s par l\u2019Observatoire National de l&rsquo;Agriculture (ONAGRI), 130.900 tonnes ont \u00e9t\u00e9 export\u00e9es entre novembre 2025 et janvier 2026, soit une hausse de 55,7% par rapport \u00e0 la m\u00eame p\u00e9riode de la campagne pr\u00e9c\u00e9dente. Cette dynamique [&hellip;]<\/p>\n","protected":false},"author":4782,"featured_media":388352,"comment_status":"closed","ping_status":"closed","sticky":false,"template":"","format":"standard","meta":{"footnotes":""},"categories":[44],"tags":[3020,2874,2608],"class_list":["post-393883","post","type-post","status-publish","format-standard","has-post-thumbnail","hentry","category-national","tag-exportations","tag-huile-dolive","tag-tunisie"],"yoast_head":"<!-- This site is optimized with the Yoast SEO Premium plugin v27.5 (Yoast SEO v27.5) - https:\/\/yoast.com\/product\/yoast-seo-premium-wordpress\/ -->\n<title>Huile d\u2019olive : La Tunisie acc\u00e9l\u00e8re ses exportations, +55% en d\u00e9but de campagne - webdo<\/title>\n<meta name=\"description\" content=\"Les exportations tunisiennes d\u2019huile d\u2019olive connaissent une forte hausse de 55%, r\u00e9v\u00e9lant une dynamique positive pour le secteur.\" \/>\n<link rel=\"canonical\" href=\"https:\/\/www.webdo.tn\/fr\/actualite\/national\/huile-dolive-la-tunisie-accelere-ses-exportations-55-en-debut-de-campagne\/393883\/\" \/>\n<meta property=\"og:locale\" content=\"fr_FR\" \/>\n<meta property=\"og:type\" content=\"article\" \/>\n<meta property=\"og:title\" content=\"Huile d\u2019olive : La Tunisie acc\u00e9l\u00e8re ses exportations, +55% en d\u00e9but de campagne\" \/>\n<meta property=\"og:description\" content=\"Les exportations tunisiennes d\u2019huile d\u2019olive connaissent une forte hausse de 55%, r\u00e9v\u00e9lant une dynamique positive pour le secteur.\" \/>\n<meta property=\"og:url\" content=\"https:\/\/www.webdo.tn\/fr\/actualite\/national\/huile-dolive-la-tunisie-accelere-ses-exportations-55-en-debut-de-campagne\/393883\/\" \/>\n<meta property=\"og:site_name\" content=\"webdo\" \/>\n<meta property=\"article:publisher\" content=\"https:\/\/www.facebook.com\/webdotn\" \/>\n<meta property=\"article:published_time\" content=\"2026-02-28T08:01:09+00:00\" \/>\n<meta property=\"article:modified_time\" content=\"2026-02-28T08:01:10+00:00\" \/>\n<meta property=\"og:image\" content=\"https:\/\/www.webdo.tn\/fr\/wp-content\/uploads\/2025\/11\/huile.jpg\" \/>\n\t<meta property=\"og:image:width\" content=\"1200\" \/>\n\t<meta property=\"og:image:height\" content=\"608\" \/>\n\t<meta property=\"og:image:type\" content=\"image\/jpeg\" \/>\n<meta name=\"author\" content=\"Mohamed Fethi\" \/>\n<meta name=\"twitter:card\" content=\"summary_large_image\" \/>\n<meta name=\"twitter:creator\" content=\"@webdo_tn\" \/>\n<meta name=\"twitter:site\" content=\"@webdo_tn\" \/>\n<meta name=\"twitter:label1\" content=\"\u00c9crit par\" \/>\n\t<meta name=\"twitter:data1\" content=\"Mohamed Fethi\" \/>\n\t<meta name=\"twitter:label2\" content=\"Dur\u00e9e de lecture estim\u00e9e\" \/>\n\t<meta name=\"twitter:data2\" content=\"3 minutes\" \/>\n<script type=\"application\/ld+json\" class=\"yoast-schema-graph\">{\"@context\":\"https:\\\/\\\/schema.org\",\"@graph\":[{\"@type\":\"NewsArticle\",\"@id\":\"https:\\\/\\\/www.webdo.tn\\\/fr\\\/actualite\\\/national\\\/huile-dolive-la-tunisie-accelere-ses-exportations-55-en-debut-de-campagne\\\/393883\\\/#article\",\"isPartOf\":{\"@id\":\"https:\\\/\\\/www.webdo.tn\\\/fr\\\/actualite\\\/national\\\/huile-dolive-la-tunisie-accelere-ses-exportations-55-en-debut-de-campagne\\\/393883\\\/\"},\"author\":{\"name\":\"Mohamed Fethi\",\"@id\":\"https:\\\/\\\/www.webdo.tn\\\/fr\\\/#\\\/schema\\\/person\\\/16a4857e77dfc0b610c4c2cadffc9ac4\"},\"headline\":\"Huile d\u2019olive : La Tunisie acc\u00e9l\u00e8re ses exportations, +55% en d\u00e9but de campagne\",\"datePublished\":\"2026-02-28T08:01:09+00:00\",\"dateModified\":\"2026-02-28T08:01:10+00:00\",\"mainEntityOfPage\":{\"@id\":\"https:\\\/\\\/www.webdo.tn\\\/fr\\\/actualite\\\/national\\\/huile-dolive-la-tunisie-accelere-ses-exportations-55-en-debut-de-campagne\\\/393883\\\/\"},\"wordCount\":613,\"publisher\":{\"@id\":\"https:\\\/\\\/www.webdo.tn\\\/fr\\\/#organization\"},\"image\":{\"@id\":\"https:\\\/\\\/www.webdo.tn\\\/fr\\\/actualite\\\/national\\\/huile-dolive-la-tunisie-accelere-ses-exportations-55-en-debut-de-campagne\\\/393883\\\/#primaryimage\"},\"thumbnailUrl\":\"https:\\\/\\\/www.webdo.tn\\\/fr\\\/wp-content\\\/uploads\\\/2025\\\/11\\\/huile.jpg\",\"keywords\":[\"exportations\",\"Huile d'olive\",\"Tunisie\"],\"articleSection\":[\"National\"],\"inLanguage\":\"fr-FR\"},{\"@type\":\"WebPage\",\"@id\":\"https:\\\/\\\/www.webdo.tn\\\/fr\\\/actualite\\\/national\\\/huile-dolive-la-tunisie-accelere-ses-exportations-55-en-debut-de-campagne\\\/393883\\\/\",\"url\":\"https:\\\/\\\/www.webdo.tn\\\/fr\\\/actualite\\\/national\\\/huile-dolive-la-tunisie-accelere-ses-exportations-55-en-debut-de-campagne\\\/393883\\\/\",\"name\":\"Huile d\u2019olive : La Tunisie acc\u00e9l\u00e8re ses exportations, +55% en d\u00e9but de campagne - webdo\",\"isPartOf\":{\"@id\":\"https:\\\/\\\/www.webdo.tn\\\/fr\\\/#website\"},\"primaryImageOfPage\":{\"@id\":\"https:\\\/\\\/www.webdo.tn\\\/fr\\\/actualite\\\/national\\\/huile-dolive-la-tunisie-accelere-ses-exportations-55-en-debut-de-campagne\\\/393883\\\/#primaryimage\"},\"image\":{\"@id\":\"https:\\\/\\\/www.webdo.tn\\\/fr\\\/actualite\\\/national\\\/huile-dolive-la-tunisie-accelere-ses-exportations-55-en-debut-de-campagne\\\/393883\\\/#primaryimage\"},\"thumbnailUrl\":\"https:\\\/\\\/www.webdo.tn\\\/fr\\\/wp-content\\\/uploads\\\/2025\\\/11\\\/huile.jpg\",\"datePublished\":\"2026-02-28T08:01:09+00:00\",\"dateModified\":\"2026-02-28T08:01:10+00:00\",\"description\":\"Les exportations tunisiennes d\u2019huile d\u2019olive connaissent une forte hausse de 55%, r\u00e9v\u00e9lant une dynamique positive pour le secteur.\",\"breadcrumb\":{\"@id\":\"https:\\\/\\\/www.webdo.tn\\\/fr\\\/actualite\\\/national\\\/huile-dolive-la-tunisie-accelere-ses-exportations-55-en-debut-de-campagne\\\/393883\\\/#breadcrumb\"},\"inLanguage\":\"fr-FR\",\"potentialAction\":[{\"@type\":\"ReadAction\",\"target\":[\"https:\\\/\\\/www.webdo.tn\\\/fr\\\/actualite\\\/national\\\/huile-dolive-la-tunisie-accelere-ses-exportations-55-en-debut-de-campagne\\\/393883\\\/\"]}]},{\"@type\":\"ImageObject\",\"inLanguage\":\"fr-FR\",\"@id\":\"https:\\\/\\\/www.webdo.tn\\\/fr\\\/actualite\\\/national\\\/huile-dolive-la-tunisie-accelere-ses-exportations-55-en-debut-de-campagne\\\/393883\\\/#primaryimage\",\"url\":\"https:\\\/\\\/www.webdo.tn\\\/fr\\\/wp-content\\\/uploads\\\/2025\\\/11\\\/huile.jpg\",\"contentUrl\":\"https:\\\/\\\/www.webdo.tn\\\/fr\\\/wp-content\\\/uploads\\\/2025\\\/11\\\/huile.jpg\",\"width\":1200,\"height\":608,\"caption\":\"Huile d\u2019olive : Razzia tunisienne et pluie de m\u00e9dailles \u00e0 Gen\u00e8ve\"},{\"@type\":\"BreadcrumbList\",\"@id\":\"https:\\\/\\\/www.webdo.tn\\\/fr\\\/actualite\\\/national\\\/huile-dolive-la-tunisie-accelere-ses-exportations-55-en-debut-de-campagne\\\/393883\\\/#breadcrumb\",\"itemListElement\":[{\"@type\":\"ListItem\",\"position\":1,\"name\":\"Accueil\",\"item\":\"https:\\\/\\\/www.webdo.tn\\\/fr\\\/\"},{\"@type\":\"ListItem\",\"position\":2,\"name\":\"Huile d\u2019olive : La Tunisie acc\u00e9l\u00e8re ses exportations, +55% en d\u00e9but de campagne\"}]},{\"@type\":\"WebSite\",\"@id\":\"https:\\\/\\\/www.webdo.tn\\\/fr\\\/#website\",\"url\":\"https:\\\/\\\/www.webdo.tn\\\/fr\\\/\",\"name\":\"webdo\",\"description\":\"Tunisie - News en Tunisie et \u00e0 l&#039;international sur Webdo.tn\",\"publisher\":{\"@id\":\"https:\\\/\\\/www.webdo.tn\\\/fr\\\/#organization\"},\"potentialAction\":[{\"@type\":\"SearchAction\",\"target\":{\"@type\":\"EntryPoint\",\"urlTemplate\":\"https:\\\/\\\/www.webdo.tn\\\/fr\\\/?s={search_term_string}\"},\"query-input\":{\"@type\":\"PropertyValueSpecification\",\"valueRequired\":true,\"valueName\":\"search_term_string\"}}],\"inLanguage\":\"fr-FR\"},{\"@type\":\"Organization\",\"@id\":\"https:\\\/\\\/www.webdo.tn\\\/fr\\\/#organization\",\"name\":\"Webdo\",\"alternateName\":\"Webdo.tn\",\"url\":\"https:\\\/\\\/www.webdo.tn\\\/fr\\\/\",\"logo\":{\"@type\":\"ImageObject\",\"inLanguage\":\"fr-FR\",\"@id\":\"https:\\\/\\\/www.webdo.tn\\\/fr\\\/#\\\/schema\\\/logo\\\/image\\\/\",\"url\":\"https:\\\/\\\/www.webdo.tn\\\/fr\\\/wp-content\\\/uploads\\\/2025\\\/06\\\/Webdo-Tunisie_168377.jpg\",\"contentUrl\":\"https:\\\/\\\/www.webdo.tn\\\/fr\\\/wp-content\\\/uploads\\\/2025\\\/06\\\/Webdo-Tunisie_168377.jpg\",\"width\":301,\"height\":301,\"caption\":\"Webdo\"},\"image\":{\"@id\":\"https:\\\/\\\/www.webdo.tn\\\/fr\\\/#\\\/schema\\\/logo\\\/image\\\/\"},\"sameAs\":[\"https:\\\/\\\/www.facebook.com\\\/webdotn\",\"https:\\\/\\\/x.com\\\/webdo_tn\"],\"description\":\"Webdo est un m\u00e9dia num\u00e9rique tunisien fond\u00e9 en 2010, sp\u00e9cialis\u00e9 dans l\u2019actualit\u00e9 nationale et internationale, l\u2019\u00e9conomie, la soci\u00e9t\u00e9 et les analyses politiques. Le site s\u2019adresse \u00e0 un large public francophone et couvre l\u2019information tunisienne en temps r\u00e9el.\",\"email\":\"redac@webdo.tn\",\"legalName\":\"YNJ SARL\",\"foundingDate\":\"2010-09-06\",\"numberOfEmployees\":{\"@type\":\"QuantitativeValue\",\"minValue\":\"11\",\"maxValue\":\"50\"}},{\"@type\":\"Person\",\"@id\":\"https:\\\/\\\/www.webdo.tn\\\/fr\\\/#\\\/schema\\\/person\\\/16a4857e77dfc0b610c4c2cadffc9ac4\",\"name\":\"Mohamed Fethi\",\"image\":{\"@type\":\"ImageObject\",\"inLanguage\":\"fr-FR\",\"@id\":\"https:\\\/\\\/www.webdo.tn\\\/fr\\\/wp-content\\\/uploads\\\/2026\\\/04\\\/mohamed-fethi_avatar_1-96x96.jpg\",\"url\":\"https:\\\/\\\/www.webdo.tn\\\/fr\\\/wp-content\\\/uploads\\\/2026\\\/04\\\/mohamed-fethi_avatar_1-96x96.jpg\",\"contentUrl\":\"https:\\\/\\\/www.webdo.tn\\\/fr\\\/wp-content\\\/uploads\\\/2026\\\/04\\\/mohamed-fethi_avatar_1-96x96.jpg\",\"caption\":\"Mohamed Fethi\"},\"description\":\"Signature \u00e9ditoriale de Maher Chaabane Mohamed Fethi est le pseudonyme \u00e9ditorial de Maher Chaabane, r\u00e9dacteur en chef de Webdo.tn depuis 2012. Cette signature est d\u00e9di\u00e9e au traitement intensif de l'actualit\u00e9 nationale et internationale en temps r\u00e9el. S'appuyant sur les deux d\u00e9cennies d'expertise journalistique de Maher Chaabane \u2014 d\u00e9but\u00e9e au sein du groupe Tunis Hebdo en 2000 \u2014 Mohamed Fethi assure une veille rigoureuse sur les enjeux politiques, \u00e9conomiques et sportifs. Sa mission est de garantir une information structur\u00e9e, fluide et fid\u00e8le aux standards de la r\u00e9daction. Pour consulter le parcours complet du r\u00e9dacteur en chef, visitez le profil officiel de Maher Chaabane.\",\"knowsAbout\":[\"actualit\u00e9\",\"journalisme\",\"information\",\"politique\",\"sport\",\"m\u00e9dias\",\"actualit\u00e9 internationale\"],\"knowsLanguage\":[\"Fran\u00e7ais\",\"Arabe\"],\"jobTitle\":\"Journaliste \u2013 R\u00e9daction Webdo\",\"worksFor\":\"Webdo.tn\",\"url\":\"https:\\\/\\\/www.webdo.tn\\\/fr\\\/actualite\\\/author\\\/mohamed-fethi\\\/\"}]}<\/script>\n<!-- \/ Yoast SEO Premium plugin. -->","yoast_head_json":{"title":"Huile d\u2019olive : La Tunisie acc\u00e9l\u00e8re ses exportations, +55% en d\u00e9but de campagne - webdo","description":"Les exportations tunisiennes d\u2019huile d\u2019olive connaissent une forte hausse de 55%, r\u00e9v\u00e9lant une dynamique positive pour le secteur.","canonical":"https:\/\/www.webdo.tn\/fr\/actualite\/national\/huile-dolive-la-tunisie-accelere-ses-exportations-55-en-debut-de-campagne\/393883\/","og_locale":"fr_FR","og_type":"article","og_title":"Huile d\u2019olive : La Tunisie acc\u00e9l\u00e8re ses exportations, +55% en d\u00e9but de campagne","og_description":"Les exportations tunisiennes d\u2019huile d\u2019olive connaissent une forte hausse de 55%, r\u00e9v\u00e9lant une dynamique positive pour le secteur.","og_url":"https:\/\/www.webdo.tn\/fr\/actualite\/national\/huile-dolive-la-tunisie-accelere-ses-exportations-55-en-debut-de-campagne\/393883\/","og_site_name":"webdo","article_publisher":"https:\/\/www.facebook.com\/webdotn","article_published_time":"2026-02-28T08:01:09+00:00","article_modified_time":"2026-02-28T08:01:10+00:00","og_image":[{"width":1200,"height":608,"url":"https:\/\/www.webdo.tn\/fr\/wp-content\/uploads\/2025\/11\/huile.jpg","type":"image\/jpeg"}],"author":"Mohamed Fethi","twitter_card":"summary_large_image","twitter_creator":"@webdo_tn","twitter_site":"@webdo_tn","twitter_misc":{"\u00c9crit par":"Mohamed Fethi","Dur\u00e9e de lecture estim\u00e9e":"3 minutes"},"schema":{"@context":"https:\/\/schema.org","@graph":[{"@type":"NewsArticle","@id":"https:\/\/www.webdo.tn\/fr\/actualite\/national\/huile-dolive-la-tunisie-accelere-ses-exportations-55-en-debut-de-campagne\/393883\/#article","isPartOf":{"@id":"https:\/\/www.webdo.tn\/fr\/actualite\/national\/huile-dolive-la-tunisie-accelere-ses-exportations-55-en-debut-de-campagne\/393883\/"},"author":{"name":"Mohamed Fethi","@id":"https:\/\/www.webdo.tn\/fr\/#\/schema\/person\/16a4857e77dfc0b610c4c2cadffc9ac4"},"headline":"Huile d\u2019olive : La Tunisie acc\u00e9l\u00e8re ses exportations, +55% en d\u00e9but de campagne","datePublished":"2026-02-28T08:01:09+00:00","dateModified":"2026-02-28T08:01:10+00:00","mainEntityOfPage":{"@id":"https:\/\/www.webdo.tn\/fr\/actualite\/national\/huile-dolive-la-tunisie-accelere-ses-exportations-55-en-debut-de-campagne\/393883\/"},"wordCount":613,"publisher":{"@id":"https:\/\/www.webdo.tn\/fr\/#organization"},"image":{"@id":"https:\/\/www.webdo.tn\/fr\/actualite\/national\/huile-dolive-la-tunisie-accelere-ses-exportations-55-en-debut-de-campagne\/393883\/#primaryimage"},"thumbnailUrl":"https:\/\/www.webdo.tn\/fr\/wp-content\/uploads\/2025\/11\/huile.jpg","keywords":["exportations","Huile d'olive","Tunisie"],"articleSection":["National"],"inLanguage":"fr-FR"},{"@type":"WebPage","@id":"https:\/\/www.webdo.tn\/fr\/actualite\/national\/huile-dolive-la-tunisie-accelere-ses-exportations-55-en-debut-de-campagne\/393883\/","url":"https:\/\/www.webdo.tn\/fr\/actualite\/national\/huile-dolive-la-tunisie-accelere-ses-exportations-55-en-debut-de-campagne\/393883\/","name":"Huile d\u2019olive : La Tunisie acc\u00e9l\u00e8re ses exportations, +55% en d\u00e9but de campagne - webdo","isPartOf":{"@id":"https:\/\/www.webdo.tn\/fr\/#website"},"primaryImageOfPage":{"@id":"https:\/\/www.webdo.tn\/fr\/actualite\/national\/huile-dolive-la-tunisie-accelere-ses-exportations-55-en-debut-de-campagne\/393883\/#primaryimage"},"image":{"@id":"https:\/\/www.webdo.tn\/fr\/actualite\/national\/huile-dolive-la-tunisie-accelere-ses-exportations-55-en-debut-de-campagne\/393883\/#primaryimage"},"thumbnailUrl":"https:\/\/www.webdo.tn\/fr\/wp-content\/uploads\/2025\/11\/huile.jpg","datePublished":"2026-02-28T08:01:09+00:00","dateModified":"2026-02-28T08:01:10+00:00","description":"Les exportations tunisiennes d\u2019huile d\u2019olive connaissent une forte hausse de 55%, r\u00e9v\u00e9lant une dynamique positive pour le secteur.","breadcrumb":{"@id":"https:\/\/www.webdo.tn\/fr\/actualite\/national\/huile-dolive-la-tunisie-accelere-ses-exportations-55-en-debut-de-campagne\/393883\/#breadcrumb"},"inLanguage":"fr-FR","potentialAction":[{"@type":"ReadAction","target":["https:\/\/www.webdo.tn\/fr\/actualite\/national\/huile-dolive-la-tunisie-accelere-ses-exportations-55-en-debut-de-campagne\/393883\/"]}]},{"@type":"ImageObject","inLanguage":"fr-FR","@id":"https:\/\/www.webdo.tn\/fr\/actualite\/national\/huile-dolive-la-tunisie-accelere-ses-exportations-55-en-debut-de-campagne\/393883\/#primaryimage","url":"https:\/\/www.webdo.tn\/fr\/wp-content\/uploads\/2025\/11\/huile.jpg","contentUrl":"https:\/\/www.webdo.tn\/fr\/wp-content\/uploads\/2025\/11\/huile.jpg","width":1200,"height":608,"caption":"Huile d\u2019olive : Razzia tunisienne et pluie de m\u00e9dailles \u00e0 Gen\u00e8ve"},{"@type":"BreadcrumbList","@id":"https:\/\/www.webdo.tn\/fr\/actualite\/national\/huile-dolive-la-tunisie-accelere-ses-exportations-55-en-debut-de-campagne\/393883\/#breadcrumb","itemListElement":[{"@type":"ListItem","position":1,"name":"Accueil","item":"https:\/\/www.webdo.tn\/fr\/"},{"@type":"ListItem","position":2,"name":"Huile d\u2019olive : La Tunisie acc\u00e9l\u00e8re ses exportations, +55% en d\u00e9but de campagne"}]},{"@type":"WebSite","@id":"https:\/\/www.webdo.tn\/fr\/#website","url":"https:\/\/www.webdo.tn\/fr\/","name":"webdo","description":"Tunisie - News en Tunisie et \u00e0 l&#039;international sur Webdo.tn","publisher":{"@id":"https:\/\/www.webdo.tn\/fr\/#organization"},"potentialAction":[{"@type":"SearchAction","target":{"@type":"EntryPoint","urlTemplate":"https:\/\/www.webdo.tn\/fr\/?s={search_term_string}"},"query-input":{"@type":"PropertyValueSpecification","valueRequired":true,"valueName":"search_term_string"}}],"inLanguage":"fr-FR"},{"@type":"Organization","@id":"https:\/\/www.webdo.tn\/fr\/#organization","name":"Webdo","alternateName":"Webdo.tn","url":"https:\/\/www.webdo.tn\/fr\/","logo":{"@type":"ImageObject","inLanguage":"fr-FR","@id":"https:\/\/www.webdo.tn\/fr\/#\/schema\/logo\/image\/","url":"https:\/\/www.webdo.tn\/fr\/wp-content\/uploads\/2025\/06\/Webdo-Tunisie_168377.jpg","contentUrl":"https:\/\/www.webdo.tn\/fr\/wp-content\/uploads\/2025\/06\/Webdo-Tunisie_168377.jpg","width":301,"height":301,"caption":"Webdo"},"image":{"@id":"https:\/\/www.webdo.tn\/fr\/#\/schema\/logo\/image\/"},"sameAs":["https:\/\/www.facebook.com\/webdotn","https:\/\/x.com\/webdo_tn"],"description":"Webdo est un m\u00e9dia num\u00e9rique tunisien fond\u00e9 en 2010, sp\u00e9cialis\u00e9 dans l\u2019actualit\u00e9 nationale et internationale, l\u2019\u00e9conomie, la soci\u00e9t\u00e9 et les analyses politiques. Le site s\u2019adresse \u00e0 un large public francophone et couvre l\u2019information tunisienne en temps r\u00e9el.","email":"redac@webdo.tn","legalName":"YNJ SARL","foundingDate":"2010-09-06","numberOfEmployees":{"@type":"QuantitativeValue","minValue":"11","maxValue":"50"}},{"@type":"Person","@id":"https:\/\/www.webdo.tn\/fr\/#\/schema\/person\/16a4857e77dfc0b610c4c2cadffc9ac4","name":"Mohamed Fethi","image":{"@type":"ImageObject","inLanguage":"fr-FR","@id":"https:\/\/www.webdo.tn\/fr\/wp-content\/uploads\/2026\/04\/mohamed-fethi_avatar_1-96x96.jpg","url":"https:\/\/www.webdo.tn\/fr\/wp-content\/uploads\/2026\/04\/mohamed-fethi_avatar_1-96x96.jpg","contentUrl":"https:\/\/www.webdo.tn\/fr\/wp-content\/uploads\/2026\/04\/mohamed-fethi_avatar_1-96x96.jpg","caption":"Mohamed Fethi"},"description":"Signature \u00e9ditoriale de Maher Chaabane Mohamed Fethi est le pseudonyme \u00e9ditorial de Maher Chaabane, r\u00e9dacteur en chef de Webdo.tn depuis 2012. Cette signature est d\u00e9di\u00e9e au traitement intensif de l'actualit\u00e9 nationale et internationale en temps r\u00e9el. S'appuyant sur les deux d\u00e9cennies d'expertise journalistique de Maher Chaabane \u2014 d\u00e9but\u00e9e au sein du groupe Tunis Hebdo en 2000 \u2014 Mohamed Fethi assure une veille rigoureuse sur les enjeux politiques, \u00e9conomiques et sportifs. Sa mission est de garantir une information structur\u00e9e, fluide et fid\u00e8le aux standards de la r\u00e9daction. Pour consulter le parcours complet du r\u00e9dacteur en chef, visitez le profil officiel de Maher Chaabane.","knowsAbout":["actualit\u00e9","journalisme","information","politique","sport","m\u00e9dias","actualit\u00e9 internationale"],"knowsLanguage":["Fran\u00e7ais","Arabe"],"jobTitle":"Journaliste \u2013 R\u00e9daction Webdo","worksFor":"Webdo.tn","url":"https:\/\/www.webdo.tn\/fr\/actualite\/author\/mohamed-fethi\/"}]}},"_links":{"self":[{"href":"https:\/\/www.webdo.tn\/fr\/wp-json\/wp\/v2\/posts\/393883","targetHints":{"allow":["GET"]}}],"collection":[{"href":"https:\/\/www.webdo.tn\/fr\/wp-json\/wp\/v2\/posts"}],"about":[{"href":"https:\/\/www.webdo.tn\/fr\/wp-json\/wp\/v2\/types\/post"}],"author":[{"embeddable":true,"href":"https:\/\/www.webdo.tn\/fr\/wp-json\/wp\/v2\/users\/4782"}],"replies":[{"embeddable":true,"href":"https:\/\/www.webdo.tn\/fr\/wp-json\/wp\/v2\/comments?post=393883"}],"version-history":[{"count":0,"href":"https:\/\/www.webdo.tn\/fr\/wp-json\/wp\/v2\/posts\/393883\/revisions"}],"wp:featuredmedia":[{"embeddable":true,"href":"https:\/\/www.webdo.tn\/fr\/wp-json\/wp\/v2\/media\/388352"}],"wp:attachment":[{"href":"https:\/\/www.webdo.tn\/fr\/wp-json\/wp\/v2\/media?parent=393883"}],"wp:term":[{"taxonomy":"category","embeddable":true,"href":"https:\/\/www.webdo.tn\/fr\/wp-json\/wp\/v2\/categories?post=393883"},{"taxonomy":"post_tag","embeddable":true,"href":"https:\/\/www.webdo.tn\/fr\/wp-json\/wp\/v2\/tags?post=393883"}],"curies":[{"name":"wp","href":"https:\/\/api.w.org\/{rel}","templated":true}]}}