{"id":393850,"date":"2026-02-27T10:47:13","date_gmt":"2026-02-27T09:47:13","guid":{"rendered":"https:\/\/www.webdo.tn\/fr\/?p=393850"},"modified":"2026-02-27T13:25:30","modified_gmt":"2026-02-27T12:25:30","slug":"envoi-de-jeunes-vers-les-zones-de-conflit-des-verdicts-allant-de-3-a-28-ans","status":"publish","type":"post","link":"https:\/\/www.webdo.tn\/fr\/actualite\/national\/envoi-de-jeunes-vers-les-zones-de-conflit-des-verdicts-allant-de-3-a-28-ans\/393850\/","title":{"rendered":"Envoi de jeunes vers les zones de conflit : Des verdicts allant de 3 \u00e0 28 ans"},"content":{"rendered":"\n<p><strong>La chambre criminelle sp\u00e9cialis\u00e9e dans les affaires de terrorisme aupr\u00e8s de la Cour d\u2019appel de Tunis a rendu, dans la nuit de jeudi \u00e0 vendredi, ses verdicts dans l\u2019affaire de l\u2019envoi de jeunes vers des zones de conflit.<\/strong><\/p>\n\n\n\n<p>Les peines prononc\u00e9es vont de 3 \u00e0 28 ans de prison, selon une source judiciaire \u00e0 l\u2019Agence Tunis Afrique Presse. Huit accus\u00e9s, tous d\u00e9tenus, \u00e9taient poursuivis pour constitution et adh\u00e9sion \u00e0 une entente terroriste, recrutement et acheminement vers des zones de conflit, incitation au d\u00e9part hors du territoire \u00e0 des fins terroristes et financement de ces activit\u00e9s.<\/p>\n\n\n\n<h2 class=\"wp-block-heading\" id=\"h-ali-larayedh-ecope-de-24-ans-de-prison\">Ali Larayedh \u00e9cope de 24 ans de prison<\/h2>\n\n\n\n<p>Ali Larayedh a \u00e9cop\u00e9 de 24 ans de prison (contre 34 ans en premi\u00e8re instance). Figure de premier plan du mouvement Ennahdha, ministre de l\u2019Int\u00e9rieur de 2011 \u00e0 2013, puis chef du gouvernement jusqu\u2019en 2014, il a \u00e9t\u00e9 condamn\u00e9 pour avoir n\u00e9glig\u00e9, voire facilit\u00e9, les d\u00e9parts des jeunes combattants tunisiens vers la Syrie et la Libye.<\/p>\n\n\n\n<p>Parmi les condamn\u00e9s figurent \u00e9galement Abdelkrim Laabidi, qui a \u00e9cop\u00e9 de 22 ans de prison, Fethi Beldi (22 ans), Nourredine Gandouz (28 ans), Lotfi Hammami et Hichem Sa\u00e2di (24 ans chacun), Sami Cha\u00e2r (6 ans) et Seifeddine Ra\u00efss (3 ans).<\/p>\n\n\n\n<blockquote class=\"wp-block-quote is-layout-flow wp-block-quote-is-layout-flow\">\n<blockquote class=\"wp-block-quote is-layout-flow wp-block-quote-is-layout-flow\">\n<ul class=\"wp-block-list\">\n<li class=\"has-medium-font-size\"><strong>Lire aussi : <\/strong><a href=\"https:\/\/www.webdo.tn\/fr\/actualite\/national\/tunisie-affaire-des-reseaux-d-embrigadement-ali-laarayedh-condamne-a-34-ans-de-prison\/221739\/\">Tunisie \u2013 Affaire des r\u00e9seaux d\u2019embrigadement : Ali Laarayedh condamn\u00e9 \u00e0 34 ans de prison<\/a><\/li>\n<\/ul>\n<\/blockquote>\n<\/blockquote>\n\n\n\n<p>La juridiction a \u00e9galement ordonn\u00e9 un placement sous surveillance administrative \u00e0 l\u2019issue de leur peine\u202f: cinq ans pour la majorit\u00e9, deux ans pour Sami Cha\u00e2r et Seifeddine Ra\u00efss, ancien porte-parole de l\u2019organisation Ansar Al Chariaa, class\u00e9e comme groupe terroriste en Tunisie depuis 2013.<\/p>\n\n\n\n<h2 class=\"wp-block-heading\" id=\"h-peines-en-appel-confirmees-mais-allegees\">Peines en appel confirm\u00e9es mais all\u00e9g\u00e9es<\/h2>\n\n\n\n<p>Les jugements de premi\u00e8re instance, rendus en mai 2025, avaient inflig\u00e9 des peines plus lourdes, allant de 18 \u00e0 36 ans de prison, assorties d\u2019une surveillance administrative de cinq ans pour tous les condamn\u00e9s.<\/p>\n\n\n\n<p>Cette d\u00e9cision en appel all\u00e8ge certaines peines tout en maintenant la fermet\u00e9 de la justice dans une affaire impliquant d\u2019anciens responsables politiques et s\u00e9curitaires de premier plan.<\/p>\n\n\n\n<blockquote class=\"wp-block-quote is-layout-flow wp-block-quote-is-layout-flow\">\n<blockquote class=\"wp-block-quote is-layout-flow wp-block-quote-is-layout-flow\">\n<ul class=\"wp-block-list\">\n<li class=\"has-medium-font-size\"><strong>Lire aussi : <\/strong><a href=\"https:\/\/www.webdo.tn\/fr\/actualite\/national\/envoi-de-jeunes-vers-des-zones-de-conflit-la-justice-renvoie-lexamen-de-laffaire\/392135\/\">Envoi de jeunes vers des zones de conflit : La justice renvoie l\u2019examen de l\u2019affaire<\/a><\/li>\n<\/ul>\n<\/blockquote>\n\n\n\n<p><\/p>\n<\/blockquote>\n\n\n\n<p>Ce dossier hautement sensible met en cause plusieurs figures influentes de l\u2019appareil s\u00e9curitaire et politique tunisien, qui ont facilit\u00e9 le d\u00e9part de jeunes tunisiens vers des zones de guerre, notamment en Syrie et en Libye, entre 2011 et 2013. <\/p>\n\n\n\n<p>A cette \u00e9poque, des milliers de jeunes ont quitt\u00e9 la Tunisie pour rejoindre des organisations terroristes comme Daech et le Front Al-Nosra, souvent en transitant par la Turquie ou la Libye. Ces d\u00e9parts massifs ont \u00e9t\u00e9 rendus possibles gr\u00e2ce \u00e0 des fili\u00e8res organis\u00e9es, b\u00e9n\u00e9ficiant d\u2019un certain laisser-faire des autorit\u00e9s s\u00e9curitaires et politiques. \u00a0<\/p>\n\n\n\n<p>Les accusations visent notamment des responsables du minist\u00e8re de l\u2019Int\u00e9rieur, soup\u00e7onn\u00e9s d\u2019avoir ferm\u00e9 les yeux sur ces d\u00e9parts ou d\u2019avoir d\u00e9livr\u00e9 des documents de voyage facilitant l\u2019exfiltration de ces combattants vers l\u2019\u00e9tranger. Parmi eux figure le chef de l\u2019unit\u00e9 de protection des avions \u00e0 l\u2019a\u00e9roport de Tunis-Carthage.<\/p>\n","protected":false},"excerpt":{"rendered":"<p>La chambre criminelle sp\u00e9cialis\u00e9e dans les affaires de terrorisme aupr\u00e8s de la Cour d\u2019appel de Tunis a rendu, dans la nuit de jeudi \u00e0 vendredi, ses verdicts dans l\u2019affaire de l\u2019envoi de jeunes vers des zones de conflit. Les peines prononc\u00e9es vont de 3 \u00e0 28 ans de prison, selon une source judiciaire \u00e0 l\u2019Agence [&hellip;]<\/p>\n","protected":false},"author":4782,"featured_media":393851,"comment_status":"closed","ping_status":"closed","sticky":false,"template":"","format":"standard","meta":{"footnotes":""},"categories":[44],"tags":[11441,2619,2608,8519],"class_list":["post-393850","post","type-post","status-publish","format-standard","has-post-thumbnail","hentry","category-national","tag-envoi-des-jeunes","tag-justice","tag-tunisie","tag-zone-de-conflit"],"yoast_head":"<!-- This site is optimized with the Yoast SEO Premium plugin v27.5 (Yoast SEO v27.5) - https:\/\/yoast.com\/product\/yoast-seo-premium-wordpress\/ -->\n<title>Envoi de jeunes vers les zones de conflit : Des verdicts allant de 3 \u00e0 28 ans - webdo<\/title>\n<meta name=\"description\" content=\"Comprenez les implications des verdicts rendus pour l&#039;envoi de jeunes vers des zones de conflit : 3 \u00e0 28 ans de peine.\" \/>\n<link rel=\"canonical\" href=\"https:\/\/www.webdo.tn\/fr\/actualite\/national\/envoi-de-jeunes-vers-les-zones-de-conflit-des-verdicts-allant-de-3-a-28-ans\/393850\/\" \/>\n<meta property=\"og:locale\" content=\"fr_FR\" \/>\n<meta property=\"og:type\" content=\"article\" \/>\n<meta property=\"og:title\" content=\"Envoi de jeunes vers les zones de conflit : Des verdicts allant de 3 \u00e0 28 ans\" \/>\n<meta property=\"og:description\" content=\"Comprenez les implications des verdicts rendus pour l&#039;envoi de jeunes vers des zones de conflit : 3 \u00e0 28 ans de peine.\" \/>\n<meta property=\"og:url\" content=\"https:\/\/www.webdo.tn\/fr\/actualite\/national\/envoi-de-jeunes-vers-les-zones-de-conflit-des-verdicts-allant-de-3-a-28-ans\/393850\/\" \/>\n<meta property=\"og:site_name\" content=\"webdo\" \/>\n<meta property=\"article:publisher\" content=\"https:\/\/www.facebook.com\/webdotn\" \/>\n<meta property=\"article:published_time\" content=\"2026-02-27T09:47:13+00:00\" \/>\n<meta property=\"article:modified_time\" content=\"2026-02-27T12:25:30+00:00\" \/>\n<meta property=\"og:image\" content=\"https:\/\/www.webdo.tn\/fr\/wp-content\/uploads\/2026\/02\/Ali-Laarayedh.jpg\" \/>\n\t<meta property=\"og:image:width\" content=\"1200\" \/>\n\t<meta property=\"og:image:height\" content=\"604\" \/>\n\t<meta property=\"og:image:type\" content=\"image\/jpeg\" \/>\n<meta name=\"author\" content=\"Mohamed Fethi\" \/>\n<meta name=\"twitter:card\" content=\"summary_large_image\" \/>\n<meta name=\"twitter:creator\" content=\"@webdo_tn\" \/>\n<meta name=\"twitter:site\" content=\"@webdo_tn\" \/>\n<meta name=\"twitter:label1\" content=\"\u00c9crit par\" \/>\n\t<meta name=\"twitter:data1\" content=\"Mohamed Fethi\" \/>\n\t<meta name=\"twitter:label2\" content=\"Dur\u00e9e de lecture estim\u00e9e\" \/>\n\t<meta name=\"twitter:data2\" content=\"3 minutes\" \/>\n<script type=\"application\/ld+json\" class=\"yoast-schema-graph\">{\"@context\":\"https:\\\/\\\/schema.org\",\"@graph\":[{\"@type\":\"NewsArticle\",\"@id\":\"https:\\\/\\\/www.webdo.tn\\\/fr\\\/actualite\\\/national\\\/envoi-de-jeunes-vers-les-zones-de-conflit-des-verdicts-allant-de-3-a-28-ans\\\/393850\\\/#article\",\"isPartOf\":{\"@id\":\"https:\\\/\\\/www.webdo.tn\\\/fr\\\/actualite\\\/national\\\/envoi-de-jeunes-vers-les-zones-de-conflit-des-verdicts-allant-de-3-a-28-ans\\\/393850\\\/\"},\"author\":{\"name\":\"Mohamed Fethi\",\"@id\":\"https:\\\/\\\/www.webdo.tn\\\/fr\\\/#\\\/schema\\\/person\\\/16a4857e77dfc0b610c4c2cadffc9ac4\"},\"headline\":\"Envoi de jeunes vers les zones de conflit : Des verdicts allant de 3 \u00e0 28 ans\",\"datePublished\":\"2026-02-27T09:47:13+00:00\",\"dateModified\":\"2026-02-27T12:25:30+00:00\",\"mainEntityOfPage\":{\"@id\":\"https:\\\/\\\/www.webdo.tn\\\/fr\\\/actualite\\\/national\\\/envoi-de-jeunes-vers-les-zones-de-conflit-des-verdicts-allant-de-3-a-28-ans\\\/393850\\\/\"},\"wordCount\":527,\"publisher\":{\"@id\":\"https:\\\/\\\/www.webdo.tn\\\/fr\\\/#organization\"},\"image\":{\"@id\":\"https:\\\/\\\/www.webdo.tn\\\/fr\\\/actualite\\\/national\\\/envoi-de-jeunes-vers-les-zones-de-conflit-des-verdicts-allant-de-3-a-28-ans\\\/393850\\\/#primaryimage\"},\"thumbnailUrl\":\"https:\\\/\\\/www.webdo.tn\\\/fr\\\/wp-content\\\/uploads\\\/2026\\\/02\\\/Ali-Laarayedh.jpg\",\"keywords\":[\"envoi des jeunes\",\"justice\",\"Tunisie\",\"zone de conflit\"],\"articleSection\":[\"National\"],\"inLanguage\":\"fr-FR\"},{\"@type\":\"WebPage\",\"@id\":\"https:\\\/\\\/www.webdo.tn\\\/fr\\\/actualite\\\/national\\\/envoi-de-jeunes-vers-les-zones-de-conflit-des-verdicts-allant-de-3-a-28-ans\\\/393850\\\/\",\"url\":\"https:\\\/\\\/www.webdo.tn\\\/fr\\\/actualite\\\/national\\\/envoi-de-jeunes-vers-les-zones-de-conflit-des-verdicts-allant-de-3-a-28-ans\\\/393850\\\/\",\"name\":\"Envoi de jeunes vers les zones de conflit : Des verdicts allant de 3 \u00e0 28 ans - webdo\",\"isPartOf\":{\"@id\":\"https:\\\/\\\/www.webdo.tn\\\/fr\\\/#website\"},\"primaryImageOfPage\":{\"@id\":\"https:\\\/\\\/www.webdo.tn\\\/fr\\\/actualite\\\/national\\\/envoi-de-jeunes-vers-les-zones-de-conflit-des-verdicts-allant-de-3-a-28-ans\\\/393850\\\/#primaryimage\"},\"image\":{\"@id\":\"https:\\\/\\\/www.webdo.tn\\\/fr\\\/actualite\\\/national\\\/envoi-de-jeunes-vers-les-zones-de-conflit-des-verdicts-allant-de-3-a-28-ans\\\/393850\\\/#primaryimage\"},\"thumbnailUrl\":\"https:\\\/\\\/www.webdo.tn\\\/fr\\\/wp-content\\\/uploads\\\/2026\\\/02\\\/Ali-Laarayedh.jpg\",\"datePublished\":\"2026-02-27T09:47:13+00:00\",\"dateModified\":\"2026-02-27T12:25:30+00:00\",\"description\":\"Comprenez les implications des verdicts rendus pour l'envoi de jeunes vers des zones de conflit : 3 \u00e0 28 ans de peine.\",\"breadcrumb\":{\"@id\":\"https:\\\/\\\/www.webdo.tn\\\/fr\\\/actualite\\\/national\\\/envoi-de-jeunes-vers-les-zones-de-conflit-des-verdicts-allant-de-3-a-28-ans\\\/393850\\\/#breadcrumb\"},\"inLanguage\":\"fr-FR\",\"potentialAction\":[{\"@type\":\"ReadAction\",\"target\":[\"https:\\\/\\\/www.webdo.tn\\\/fr\\\/actualite\\\/national\\\/envoi-de-jeunes-vers-les-zones-de-conflit-des-verdicts-allant-de-3-a-28-ans\\\/393850\\\/\"]}]},{\"@type\":\"ImageObject\",\"inLanguage\":\"fr-FR\",\"@id\":\"https:\\\/\\\/www.webdo.tn\\\/fr\\\/actualite\\\/national\\\/envoi-de-jeunes-vers-les-zones-de-conflit-des-verdicts-allant-de-3-a-28-ans\\\/393850\\\/#primaryimage\",\"url\":\"https:\\\/\\\/www.webdo.tn\\\/fr\\\/wp-content\\\/uploads\\\/2026\\\/02\\\/Ali-Laarayedh.jpg\",\"contentUrl\":\"https:\\\/\\\/www.webdo.tn\\\/fr\\\/wp-content\\\/uploads\\\/2026\\\/02\\\/Ali-Laarayedh.jpg\",\"width\":1200,\"height\":604,\"caption\":\"Figure de premier plan du mouvement Ennahdha, ministre de l\u2019Int\u00e9rieur de 2011 \u00e0 2013, puis chef du gouvernement jusqu\u2019en 2014, Ali Laarayedh a \u00e9t\u00e9 condamn\u00e9 pour avoir n\u00e9glig\u00e9, voire facilit\u00e9, les d\u00e9parts des jeunes combattants tunisiens vers la Syrie et la Libye.\"},{\"@type\":\"BreadcrumbList\",\"@id\":\"https:\\\/\\\/www.webdo.tn\\\/fr\\\/actualite\\\/national\\\/envoi-de-jeunes-vers-les-zones-de-conflit-des-verdicts-allant-de-3-a-28-ans\\\/393850\\\/#breadcrumb\",\"itemListElement\":[{\"@type\":\"ListItem\",\"position\":1,\"name\":\"Accueil\",\"item\":\"https:\\\/\\\/www.webdo.tn\\\/fr\\\/\"},{\"@type\":\"ListItem\",\"position\":2,\"name\":\"Envoi de jeunes vers les zones de conflit : Des verdicts allant de 3 \u00e0 28 ans\"}]},{\"@type\":\"WebSite\",\"@id\":\"https:\\\/\\\/www.webdo.tn\\\/fr\\\/#website\",\"url\":\"https:\\\/\\\/www.webdo.tn\\\/fr\\\/\",\"name\":\"webdo\",\"description\":\"Tunisie - News en Tunisie et \u00e0 l&#039;international sur Webdo.tn\",\"publisher\":{\"@id\":\"https:\\\/\\\/www.webdo.tn\\\/fr\\\/#organization\"},\"potentialAction\":[{\"@type\":\"SearchAction\",\"target\":{\"@type\":\"EntryPoint\",\"urlTemplate\":\"https:\\\/\\\/www.webdo.tn\\\/fr\\\/?s={search_term_string}\"},\"query-input\":{\"@type\":\"PropertyValueSpecification\",\"valueRequired\":true,\"valueName\":\"search_term_string\"}}],\"inLanguage\":\"fr-FR\"},{\"@type\":\"Organization\",\"@id\":\"https:\\\/\\\/www.webdo.tn\\\/fr\\\/#organization\",\"name\":\"Webdo\",\"alternateName\":\"Webdo.tn\",\"url\":\"https:\\\/\\\/www.webdo.tn\\\/fr\\\/\",\"logo\":{\"@type\":\"ImageObject\",\"inLanguage\":\"fr-FR\",\"@id\":\"https:\\\/\\\/www.webdo.tn\\\/fr\\\/#\\\/schema\\\/logo\\\/image\\\/\",\"url\":\"https:\\\/\\\/www.webdo.tn\\\/fr\\\/wp-content\\\/uploads\\\/2025\\\/06\\\/Webdo-Tunisie_168377.jpg\",\"contentUrl\":\"https:\\\/\\\/www.webdo.tn\\\/fr\\\/wp-content\\\/uploads\\\/2025\\\/06\\\/Webdo-Tunisie_168377.jpg\",\"width\":301,\"height\":301,\"caption\":\"Webdo\"},\"image\":{\"@id\":\"https:\\\/\\\/www.webdo.tn\\\/fr\\\/#\\\/schema\\\/logo\\\/image\\\/\"},\"sameAs\":[\"https:\\\/\\\/www.facebook.com\\\/webdotn\",\"https:\\\/\\\/x.com\\\/webdo_tn\"],\"description\":\"Webdo est un m\u00e9dia num\u00e9rique tunisien fond\u00e9 en 2010, sp\u00e9cialis\u00e9 dans l\u2019actualit\u00e9 nationale et internationale, l\u2019\u00e9conomie, la soci\u00e9t\u00e9 et les analyses politiques. Le site s\u2019adresse \u00e0 un large public francophone et couvre l\u2019information tunisienne en temps r\u00e9el.\",\"email\":\"redac@webdo.tn\",\"legalName\":\"YNJ SARL\",\"foundingDate\":\"2010-09-06\",\"numberOfEmployees\":{\"@type\":\"QuantitativeValue\",\"minValue\":\"11\",\"maxValue\":\"50\"}},{\"@type\":\"Person\",\"@id\":\"https:\\\/\\\/www.webdo.tn\\\/fr\\\/#\\\/schema\\\/person\\\/16a4857e77dfc0b610c4c2cadffc9ac4\",\"name\":\"Mohamed Fethi\",\"image\":{\"@type\":\"ImageObject\",\"inLanguage\":\"fr-FR\",\"@id\":\"https:\\\/\\\/www.webdo.tn\\\/fr\\\/wp-content\\\/uploads\\\/2026\\\/04\\\/mohamed-fethi_avatar_1-96x96.jpg\",\"url\":\"https:\\\/\\\/www.webdo.tn\\\/fr\\\/wp-content\\\/uploads\\\/2026\\\/04\\\/mohamed-fethi_avatar_1-96x96.jpg\",\"contentUrl\":\"https:\\\/\\\/www.webdo.tn\\\/fr\\\/wp-content\\\/uploads\\\/2026\\\/04\\\/mohamed-fethi_avatar_1-96x96.jpg\",\"caption\":\"Mohamed Fethi\"},\"description\":\"Signature \u00e9ditoriale de Maher Chaabane Mohamed Fethi est le pseudonyme \u00e9ditorial de Maher Chaabane, r\u00e9dacteur en chef de Webdo.tn depuis 2012. Cette signature est d\u00e9di\u00e9e au traitement intensif de l'actualit\u00e9 nationale et internationale en temps r\u00e9el. S'appuyant sur les deux d\u00e9cennies d'expertise journalistique de Maher Chaabane \u2014 d\u00e9but\u00e9e au sein du groupe Tunis Hebdo en 2000 \u2014 Mohamed Fethi assure une veille rigoureuse sur les enjeux politiques, \u00e9conomiques et sportifs. Sa mission est de garantir une information structur\u00e9e, fluide et fid\u00e8le aux standards de la r\u00e9daction. Pour consulter le parcours complet du r\u00e9dacteur en chef, visitez le profil officiel de Maher Chaabane.\",\"knowsAbout\":[\"actualit\u00e9\",\"journalisme\",\"information\",\"politique\",\"sport\",\"m\u00e9dias\",\"actualit\u00e9 internationale\"],\"knowsLanguage\":[\"Fran\u00e7ais\",\"Arabe\"],\"jobTitle\":\"Journaliste \u2013 R\u00e9daction Webdo\",\"worksFor\":\"Webdo.tn\",\"url\":\"https:\\\/\\\/www.webdo.tn\\\/fr\\\/actualite\\\/author\\\/mohamed-fethi\\\/\"}]}<\/script>\n<!-- \/ Yoast SEO Premium plugin. -->","yoast_head_json":{"title":"Envoi de jeunes vers les zones de conflit : Des verdicts allant de 3 \u00e0 28 ans - webdo","description":"Comprenez les implications des verdicts rendus pour l'envoi de jeunes vers des zones de conflit : 3 \u00e0 28 ans de peine.","canonical":"https:\/\/www.webdo.tn\/fr\/actualite\/national\/envoi-de-jeunes-vers-les-zones-de-conflit-des-verdicts-allant-de-3-a-28-ans\/393850\/","og_locale":"fr_FR","og_type":"article","og_title":"Envoi de jeunes vers les zones de conflit : Des verdicts allant de 3 \u00e0 28 ans","og_description":"Comprenez les implications des verdicts rendus pour l'envoi de jeunes vers des zones de conflit : 3 \u00e0 28 ans de peine.","og_url":"https:\/\/www.webdo.tn\/fr\/actualite\/national\/envoi-de-jeunes-vers-les-zones-de-conflit-des-verdicts-allant-de-3-a-28-ans\/393850\/","og_site_name":"webdo","article_publisher":"https:\/\/www.facebook.com\/webdotn","article_published_time":"2026-02-27T09:47:13+00:00","article_modified_time":"2026-02-27T12:25:30+00:00","og_image":[{"width":1200,"height":604,"url":"https:\/\/www.webdo.tn\/fr\/wp-content\/uploads\/2026\/02\/Ali-Laarayedh.jpg","type":"image\/jpeg"}],"author":"Mohamed Fethi","twitter_card":"summary_large_image","twitter_creator":"@webdo_tn","twitter_site":"@webdo_tn","twitter_misc":{"\u00c9crit par":"Mohamed Fethi","Dur\u00e9e de lecture estim\u00e9e":"3 minutes"},"schema":{"@context":"https:\/\/schema.org","@graph":[{"@type":"NewsArticle","@id":"https:\/\/www.webdo.tn\/fr\/actualite\/national\/envoi-de-jeunes-vers-les-zones-de-conflit-des-verdicts-allant-de-3-a-28-ans\/393850\/#article","isPartOf":{"@id":"https:\/\/www.webdo.tn\/fr\/actualite\/national\/envoi-de-jeunes-vers-les-zones-de-conflit-des-verdicts-allant-de-3-a-28-ans\/393850\/"},"author":{"name":"Mohamed Fethi","@id":"https:\/\/www.webdo.tn\/fr\/#\/schema\/person\/16a4857e77dfc0b610c4c2cadffc9ac4"},"headline":"Envoi de jeunes vers les zones de conflit : Des verdicts allant de 3 \u00e0 28 ans","datePublished":"2026-02-27T09:47:13+00:00","dateModified":"2026-02-27T12:25:30+00:00","mainEntityOfPage":{"@id":"https:\/\/www.webdo.tn\/fr\/actualite\/national\/envoi-de-jeunes-vers-les-zones-de-conflit-des-verdicts-allant-de-3-a-28-ans\/393850\/"},"wordCount":527,"publisher":{"@id":"https:\/\/www.webdo.tn\/fr\/#organization"},"image":{"@id":"https:\/\/www.webdo.tn\/fr\/actualite\/national\/envoi-de-jeunes-vers-les-zones-de-conflit-des-verdicts-allant-de-3-a-28-ans\/393850\/#primaryimage"},"thumbnailUrl":"https:\/\/www.webdo.tn\/fr\/wp-content\/uploads\/2026\/02\/Ali-Laarayedh.jpg","keywords":["envoi des jeunes","justice","Tunisie","zone de conflit"],"articleSection":["National"],"inLanguage":"fr-FR"},{"@type":"WebPage","@id":"https:\/\/www.webdo.tn\/fr\/actualite\/national\/envoi-de-jeunes-vers-les-zones-de-conflit-des-verdicts-allant-de-3-a-28-ans\/393850\/","url":"https:\/\/www.webdo.tn\/fr\/actualite\/national\/envoi-de-jeunes-vers-les-zones-de-conflit-des-verdicts-allant-de-3-a-28-ans\/393850\/","name":"Envoi de jeunes vers les zones de conflit : Des verdicts allant de 3 \u00e0 28 ans - webdo","isPartOf":{"@id":"https:\/\/www.webdo.tn\/fr\/#website"},"primaryImageOfPage":{"@id":"https:\/\/www.webdo.tn\/fr\/actualite\/national\/envoi-de-jeunes-vers-les-zones-de-conflit-des-verdicts-allant-de-3-a-28-ans\/393850\/#primaryimage"},"image":{"@id":"https:\/\/www.webdo.tn\/fr\/actualite\/national\/envoi-de-jeunes-vers-les-zones-de-conflit-des-verdicts-allant-de-3-a-28-ans\/393850\/#primaryimage"},"thumbnailUrl":"https:\/\/www.webdo.tn\/fr\/wp-content\/uploads\/2026\/02\/Ali-Laarayedh.jpg","datePublished":"2026-02-27T09:47:13+00:00","dateModified":"2026-02-27T12:25:30+00:00","description":"Comprenez les implications des verdicts rendus pour l'envoi de jeunes vers des zones de conflit : 3 \u00e0 28 ans de peine.","breadcrumb":{"@id":"https:\/\/www.webdo.tn\/fr\/actualite\/national\/envoi-de-jeunes-vers-les-zones-de-conflit-des-verdicts-allant-de-3-a-28-ans\/393850\/#breadcrumb"},"inLanguage":"fr-FR","potentialAction":[{"@type":"ReadAction","target":["https:\/\/www.webdo.tn\/fr\/actualite\/national\/envoi-de-jeunes-vers-les-zones-de-conflit-des-verdicts-allant-de-3-a-28-ans\/393850\/"]}]},{"@type":"ImageObject","inLanguage":"fr-FR","@id":"https:\/\/www.webdo.tn\/fr\/actualite\/national\/envoi-de-jeunes-vers-les-zones-de-conflit-des-verdicts-allant-de-3-a-28-ans\/393850\/#primaryimage","url":"https:\/\/www.webdo.tn\/fr\/wp-content\/uploads\/2026\/02\/Ali-Laarayedh.jpg","contentUrl":"https:\/\/www.webdo.tn\/fr\/wp-content\/uploads\/2026\/02\/Ali-Laarayedh.jpg","width":1200,"height":604,"caption":"Figure de premier plan du mouvement Ennahdha, ministre de l\u2019Int\u00e9rieur de 2011 \u00e0 2013, puis chef du gouvernement jusqu\u2019en 2014, Ali Laarayedh a \u00e9t\u00e9 condamn\u00e9 pour avoir n\u00e9glig\u00e9, voire facilit\u00e9, les d\u00e9parts des jeunes combattants tunisiens vers la Syrie et la Libye."},{"@type":"BreadcrumbList","@id":"https:\/\/www.webdo.tn\/fr\/actualite\/national\/envoi-de-jeunes-vers-les-zones-de-conflit-des-verdicts-allant-de-3-a-28-ans\/393850\/#breadcrumb","itemListElement":[{"@type":"ListItem","position":1,"name":"Accueil","item":"https:\/\/www.webdo.tn\/fr\/"},{"@type":"ListItem","position":2,"name":"Envoi de jeunes vers les zones de conflit : Des verdicts allant de 3 \u00e0 28 ans"}]},{"@type":"WebSite","@id":"https:\/\/www.webdo.tn\/fr\/#website","url":"https:\/\/www.webdo.tn\/fr\/","name":"webdo","description":"Tunisie - News en Tunisie et \u00e0 l&#039;international sur Webdo.tn","publisher":{"@id":"https:\/\/www.webdo.tn\/fr\/#organization"},"potentialAction":[{"@type":"SearchAction","target":{"@type":"EntryPoint","urlTemplate":"https:\/\/www.webdo.tn\/fr\/?s={search_term_string}"},"query-input":{"@type":"PropertyValueSpecification","valueRequired":true,"valueName":"search_term_string"}}],"inLanguage":"fr-FR"},{"@type":"Organization","@id":"https:\/\/www.webdo.tn\/fr\/#organization","name":"Webdo","alternateName":"Webdo.tn","url":"https:\/\/www.webdo.tn\/fr\/","logo":{"@type":"ImageObject","inLanguage":"fr-FR","@id":"https:\/\/www.webdo.tn\/fr\/#\/schema\/logo\/image\/","url":"https:\/\/www.webdo.tn\/fr\/wp-content\/uploads\/2025\/06\/Webdo-Tunisie_168377.jpg","contentUrl":"https:\/\/www.webdo.tn\/fr\/wp-content\/uploads\/2025\/06\/Webdo-Tunisie_168377.jpg","width":301,"height":301,"caption":"Webdo"},"image":{"@id":"https:\/\/www.webdo.tn\/fr\/#\/schema\/logo\/image\/"},"sameAs":["https:\/\/www.facebook.com\/webdotn","https:\/\/x.com\/webdo_tn"],"description":"Webdo est un m\u00e9dia num\u00e9rique tunisien fond\u00e9 en 2010, sp\u00e9cialis\u00e9 dans l\u2019actualit\u00e9 nationale et internationale, l\u2019\u00e9conomie, la soci\u00e9t\u00e9 et les analyses politiques. Le site s\u2019adresse \u00e0 un large public francophone et couvre l\u2019information tunisienne en temps r\u00e9el.","email":"redac@webdo.tn","legalName":"YNJ SARL","foundingDate":"2010-09-06","numberOfEmployees":{"@type":"QuantitativeValue","minValue":"11","maxValue":"50"}},{"@type":"Person","@id":"https:\/\/www.webdo.tn\/fr\/#\/schema\/person\/16a4857e77dfc0b610c4c2cadffc9ac4","name":"Mohamed Fethi","image":{"@type":"ImageObject","inLanguage":"fr-FR","@id":"https:\/\/www.webdo.tn\/fr\/wp-content\/uploads\/2026\/04\/mohamed-fethi_avatar_1-96x96.jpg","url":"https:\/\/www.webdo.tn\/fr\/wp-content\/uploads\/2026\/04\/mohamed-fethi_avatar_1-96x96.jpg","contentUrl":"https:\/\/www.webdo.tn\/fr\/wp-content\/uploads\/2026\/04\/mohamed-fethi_avatar_1-96x96.jpg","caption":"Mohamed Fethi"},"description":"Signature \u00e9ditoriale de Maher Chaabane Mohamed Fethi est le pseudonyme \u00e9ditorial de Maher Chaabane, r\u00e9dacteur en chef de Webdo.tn depuis 2012. Cette signature est d\u00e9di\u00e9e au traitement intensif de l'actualit\u00e9 nationale et internationale en temps r\u00e9el. S'appuyant sur les deux d\u00e9cennies d'expertise journalistique de Maher Chaabane \u2014 d\u00e9but\u00e9e au sein du groupe Tunis Hebdo en 2000 \u2014 Mohamed Fethi assure une veille rigoureuse sur les enjeux politiques, \u00e9conomiques et sportifs. Sa mission est de garantir une information structur\u00e9e, fluide et fid\u00e8le aux standards de la r\u00e9daction. Pour consulter le parcours complet du r\u00e9dacteur en chef, visitez le profil officiel de Maher Chaabane.","knowsAbout":["actualit\u00e9","journalisme","information","politique","sport","m\u00e9dias","actualit\u00e9 internationale"],"knowsLanguage":["Fran\u00e7ais","Arabe"],"jobTitle":"Journaliste \u2013 R\u00e9daction Webdo","worksFor":"Webdo.tn","url":"https:\/\/www.webdo.tn\/fr\/actualite\/author\/mohamed-fethi\/"}]}},"_links":{"self":[{"href":"https:\/\/www.webdo.tn\/fr\/wp-json\/wp\/v2\/posts\/393850","targetHints":{"allow":["GET"]}}],"collection":[{"href":"https:\/\/www.webdo.tn\/fr\/wp-json\/wp\/v2\/posts"}],"about":[{"href":"https:\/\/www.webdo.tn\/fr\/wp-json\/wp\/v2\/types\/post"}],"author":[{"embeddable":true,"href":"https:\/\/www.webdo.tn\/fr\/wp-json\/wp\/v2\/users\/4782"}],"replies":[{"embeddable":true,"href":"https:\/\/www.webdo.tn\/fr\/wp-json\/wp\/v2\/comments?post=393850"}],"version-history":[{"count":0,"href":"https:\/\/www.webdo.tn\/fr\/wp-json\/wp\/v2\/posts\/393850\/revisions"}],"wp:featuredmedia":[{"embeddable":true,"href":"https:\/\/www.webdo.tn\/fr\/wp-json\/wp\/v2\/media\/393851"}],"wp:attachment":[{"href":"https:\/\/www.webdo.tn\/fr\/wp-json\/wp\/v2\/media?parent=393850"}],"wp:term":[{"taxonomy":"category","embeddable":true,"href":"https:\/\/www.webdo.tn\/fr\/wp-json\/wp\/v2\/categories?post=393850"},{"taxonomy":"post_tag","embeddable":true,"href":"https:\/\/www.webdo.tn\/fr\/wp-json\/wp\/v2\/tags?post=393850"}],"curies":[{"name":"wp","href":"https:\/\/api.w.org\/{rel}","templated":true}]}}