{"id":393829,"date":"2026-02-27T08:54:05","date_gmt":"2026-02-27T07:54:05","guid":{"rendered":"https:\/\/www.webdo.tn\/fr\/?p=393829"},"modified":"2026-02-27T08:54:06","modified_gmt":"2026-02-27T07:54:06","slug":"climat-scolaire-le-ministere-serre-la-vis-et-impose-un-nouveau-cadre-securitaire","status":"publish","type":"post","link":"https:\/\/www.webdo.tn\/fr\/actualite\/national\/climat-scolaire-le-ministere-serre-la-vis-et-impose-un-nouveau-cadre-securitaire\/393829\/","title":{"rendered":"Climat scolaire : Le minist\u00e8re serre la vis et impose un nouveau cadre s\u00e9curitaire"},"content":{"rendered":"\n<p><strong>Le minist\u00e8re de l&rsquo;\u00c9ducation a d\u00e9voil\u00e9 un ensemble de mesures strictes pour s\u00e9curiser les \u00e9tablissements publics et restaurer un climat scolaire apais\u00e9. T\u00e9l\u00e9phones interdits, acc\u00e8s filtr\u00e9s, encadrement renforc\u00e9 : le dispositif vise \u00e0 prot\u00e9ger les \u00e9l\u00e8ves contre la violence et les d\u00e9rives comportementales. L\u2019\u00e9cole entre dans une phase de r\u00e9gulation renforc\u00e9e. L\u2019objectif affich\u00e9 est clair : prot\u00e9ger le temps d\u2019apprentissage et contenir les comportements \u00e0 risque.<\/strong><\/p>\n\n\n\n<h2 class=\"wp-block-heading\" id=\"h-tolerance-zero-dans-l-enceinte-scolaire\">Tol\u00e9rance z\u00e9ro dans l\u2019enceinte scolaire<\/h2>\n\n\n\n<p>Le signal est clair : l\u2019enceinte scolaire doit redevenir un espace exclusivement d\u00e9di\u00e9 \u00e0 l\u2019apprentissage. L\u2019usage et l\u2019introduction de t\u00e9l\u00e9phones portables sont d\u00e9sormais formellement prohib\u00e9s, tout comme la prise de photos hors cadres autoris\u00e9s. Le minist\u00e8re vise explicitement les d\u00e9rives li\u00e9es \u00e0 la captation d\u2019images et \u00e0 la diffusion sur les r\u00e9seaux sociaux.<\/p>\n\n\n\n<p>Dans la m\u00eame logique, les pratiques festives non encadr\u00e9es telles que la \u201cdakhlet du baccalaur\u00e9at\u201d ou le \u201ckarokage\u201d sont prohib\u00e9es. Ces ph\u00e9nom\u00e8nes, parfois sources de d\u00e9bordements, sont d\u00e9sormais consid\u00e9r\u00e9s comme incompatibles avec l\u2019ordre scolaire.<\/p>\n\n\n\n<h2 class=\"wp-block-heading\" id=\"h-acces-filtre-responsabilite-engagee\">Acc\u00e8s filtr\u00e9, responsabilit\u00e9 engag\u00e9e<\/h2>\n\n\n\n<p>Le minist\u00e8re impose une entr\u00e9e unique pour les \u00e9l\u00e8ves et visiteurs, plac\u00e9e sous la supervision d\u2019un agent identifi\u00e9 et soumis \u00e0 des horaires stricts. Les autres issues devront rester ferm\u00e9es, sauf n\u00e9cessit\u00e9 absolue.<\/p>\n\n\n\n<blockquote class=\"wp-block-quote is-layout-flow wp-block-quote-is-layout-flow\">\n<blockquote class=\"wp-block-quote is-layout-flow wp-block-quote-is-layout-flow\">\n<ul class=\"wp-block-list\">\n<li class=\"has-medium-font-size\"><strong>Lire aussi :<\/strong> <a href=\"https:\/\/www.webdo.tn\/fr\/actualite\/national\/violence-scolaire-pres-dun-eleve-sur-trois-concerne\/392568\/\">Violence scolaire : Pr\u00e8s d\u2019un \u00e9l\u00e8ve sur trois concern\u00e9<\/a><\/li>\n<\/ul>\n<\/blockquote>\n<\/blockquote>\n\n\n\n<p>Les parents ne pourront plus acc\u00e9der librement aux salles de classe pendant les cours. Des cr\u00e9neaux d\u00e9di\u00e9s seront am\u00e9nag\u00e9s afin de pr\u00e9server le d\u00e9roulement p\u00e9dagogique.<\/p>\n\n\n\n<p>Toute atteinte \u00e0 la s\u00e9curit\u00e9 du personnel ou \u00e0 la vie scolaire devra faire l\u2019objet d\u2019un signalement imm\u00e9diat et de mesures disciplinaires. L\u2019approche se veut syst\u00e9matique : pr\u00e9venir, constater, sanctionner.<\/p>\n\n\n\n<h2 class=\"wp-block-heading\" id=\"h-cooperation-securitaire-et-accompagnement-administratif\">Coop\u00e9ration s\u00e9curitaire et accompagnement administratif<\/h2>\n\n\n\n<p>Les directeurs sont appel\u00e9s \u00e0 organiser des r\u00e9unions p\u00e9riodiques avec l\u2019ensemble du personnel \u00e9ducatif et administratif afin d\u2019assurer une application rigoureuse des nouvelles directives.<\/p>\n\n\n\n<p>Les enseignants, de leur c\u00f4t\u00e9, devront int\u00e9grer dans leurs s\u00e9ances des moments d\u2019\u00e9change autour des dangers de la violence, y compris num\u00e9rique, et promouvoir la culture du dialogue comme mode d\u2019expression pacifique.<\/p>\n\n\n\n<p>Le dispositif pr\u00e9voit un renforcement de la coordination avec les services de s\u00e9curit\u00e9 pour surveiller les abords des \u00e9tablissements. Parall\u00e8lement, les cadres administratifs sont appel\u00e9s \u00e0 multiplier les visites de terrain pour soutenir les directions d\u2019\u00e9cole.<\/p>\n\n\n\n<p>Au-del\u00e0 des mesures techniques, le minist\u00e8re d\u00e9fend une vision : faire de l\u2019\u00e9cole un rempart des valeurs fondatrices dans un contexte marqu\u00e9 par des tensions r\u00e9currentes et une mont\u00e9e des comportements \u00e0 risque.<\/p>\n\n\n\n<blockquote class=\"wp-block-quote is-layout-flow wp-block-quote-is-layout-flow\">\n<blockquote class=\"wp-block-quote is-layout-flow wp-block-quote-is-layout-flow\">\n<ul class=\"wp-block-list\">\n<li class=\"has-medium-font-size\"><strong>Lire aussi : <\/strong><a href=\"https:\/\/www.webdo.tn\/fr\/actualite\/national\/telephones-bannis-dakhla-interdite-les-etablissements-educatifs-desormais-sous-controle-strict\/393247\/\">T\u00e9l\u00e9phones bannis, \u00ab Dakhla \u00bb interdite : Les \u00e9tablissements \u00e9ducatifs d\u00e9sormais sous contr\u00f4le strict ?<\/a><\/li>\n<\/ul>\n<\/blockquote>\n<\/blockquote>\n","protected":false},"excerpt":{"rendered":"<p>Le minist\u00e8re de l&rsquo;\u00c9ducation a d\u00e9voil\u00e9 un ensemble de mesures strictes pour s\u00e9curiser les \u00e9tablissements publics et restaurer un climat scolaire apais\u00e9. T\u00e9l\u00e9phones interdits, acc\u00e8s filtr\u00e9s, encadrement renforc\u00e9 : le dispositif vise \u00e0 prot\u00e9ger les \u00e9l\u00e8ves contre la violence et les d\u00e9rives comportementales. L\u2019\u00e9cole entre dans une phase de r\u00e9gulation renforc\u00e9e. L\u2019objectif affich\u00e9 est clair [&hellip;]<\/p>\n","protected":false},"author":4782,"featured_media":393830,"comment_status":"closed","ping_status":"closed","sticky":false,"template":"","format":"standard","meta":{"footnotes":""},"categories":[44],"tags":[2634,3110,8001,2840,2608],"class_list":["post-393829","post","type-post","status-publish","format-standard","has-post-thumbnail","hentry","category-national","tag-education","tag-mesures","tag-scolaire","tag-securite","tag-tunisie"],"yoast_head":"<!-- This site is optimized with the Yoast SEO Premium plugin v27.4 (Yoast SEO v27.4) - https:\/\/yoast.com\/product\/yoast-seo-premium-wordpress\/ -->\n<title>Climat scolaire : Le minist\u00e8re serre la vis et impose un nouveau cadre s\u00e9curitaire - webdo<\/title>\n<meta name=\"description\" content=\"Climat scolaire : les mesures strictes du minist\u00e8re visent \u00e0 restaurer la s\u00e9curit\u00e9 et \u00e0 prot\u00e9ger l&#039;apprentissage des \u00e9l\u00e8ves.\" \/>\n<link rel=\"canonical\" href=\"https:\/\/www.webdo.tn\/fr\/actualite\/national\/climat-scolaire-le-ministere-serre-la-vis-et-impose-un-nouveau-cadre-securitaire\/393829\/\" \/>\n<meta property=\"og:locale\" content=\"fr_FR\" \/>\n<meta property=\"og:type\" content=\"article\" \/>\n<meta property=\"og:title\" content=\"Climat scolaire : Le minist\u00e8re serre la vis et impose un nouveau cadre s\u00e9curitaire\" \/>\n<meta property=\"og:description\" content=\"Climat scolaire : les mesures strictes du minist\u00e8re visent \u00e0 restaurer la s\u00e9curit\u00e9 et \u00e0 prot\u00e9ger l&#039;apprentissage des \u00e9l\u00e8ves.\" \/>\n<meta property=\"og:url\" content=\"https:\/\/www.webdo.tn\/fr\/actualite\/national\/climat-scolaire-le-ministere-serre-la-vis-et-impose-un-nouveau-cadre-securitaire\/393829\/\" \/>\n<meta property=\"og:site_name\" content=\"webdo\" \/>\n<meta property=\"article:publisher\" content=\"https:\/\/www.facebook.com\/webdotn\" \/>\n<meta property=\"article:published_time\" content=\"2026-02-27T07:54:05+00:00\" \/>\n<meta property=\"article:modified_time\" content=\"2026-02-27T07:54:06+00:00\" \/>\n<meta property=\"og:image\" content=\"https:\/\/www.webdo.tn\/fr\/wp-content\/uploads\/2026\/02\/900x506_cmsv2_22170278-dffc-5493-a5fa-6a564986810e-7190010.webp\" \/>\n\t<meta property=\"og:image:width\" content=\"900\" \/>\n\t<meta property=\"og:image:height\" content=\"506\" \/>\n\t<meta property=\"og:image:type\" content=\"image\/webp\" \/>\n<meta name=\"author\" content=\"Mohamed Fethi\" \/>\n<meta name=\"twitter:card\" content=\"summary_large_image\" \/>\n<meta name=\"twitter:creator\" content=\"@webdo_tn\" \/>\n<meta name=\"twitter:site\" content=\"@webdo_tn\" \/>\n<meta name=\"twitter:label1\" content=\"\u00c9crit par\" \/>\n\t<meta name=\"twitter:data1\" content=\"Mohamed Fethi\" \/>\n\t<meta name=\"twitter:label2\" content=\"Dur\u00e9e de lecture estim\u00e9e\" \/>\n\t<meta name=\"twitter:data2\" content=\"3 minutes\" \/>\n<script type=\"application\/ld+json\" class=\"yoast-schema-graph\">{\"@context\":\"https:\\\/\\\/schema.org\",\"@graph\":[{\"@type\":\"NewsArticle\",\"@id\":\"https:\\\/\\\/www.webdo.tn\\\/fr\\\/actualite\\\/national\\\/climat-scolaire-le-ministere-serre-la-vis-et-impose-un-nouveau-cadre-securitaire\\\/393829\\\/#article\",\"isPartOf\":{\"@id\":\"https:\\\/\\\/www.webdo.tn\\\/fr\\\/actualite\\\/national\\\/climat-scolaire-le-ministere-serre-la-vis-et-impose-un-nouveau-cadre-securitaire\\\/393829\\\/\"},\"author\":{\"name\":\"Mohamed Fethi\",\"@id\":\"https:\\\/\\\/www.webdo.tn\\\/fr\\\/#\\\/schema\\\/person\\\/16a4857e77dfc0b610c4c2cadffc9ac4\"},\"headline\":\"Climat scolaire : Le minist\u00e8re serre la vis et impose un nouveau cadre s\u00e9curitaire\",\"datePublished\":\"2026-02-27T07:54:05+00:00\",\"dateModified\":\"2026-02-27T07:54:06+00:00\",\"mainEntityOfPage\":{\"@id\":\"https:\\\/\\\/www.webdo.tn\\\/fr\\\/actualite\\\/national\\\/climat-scolaire-le-ministere-serre-la-vis-et-impose-un-nouveau-cadre-securitaire\\\/393829\\\/\"},\"wordCount\":503,\"publisher\":{\"@id\":\"https:\\\/\\\/www.webdo.tn\\\/fr\\\/#organization\"},\"image\":{\"@id\":\"https:\\\/\\\/www.webdo.tn\\\/fr\\\/actualite\\\/national\\\/climat-scolaire-le-ministere-serre-la-vis-et-impose-un-nouveau-cadre-securitaire\\\/393829\\\/#primaryimage\"},\"thumbnailUrl\":\"https:\\\/\\\/www.webdo.tn\\\/fr\\\/wp-content\\\/uploads\\\/2026\\\/02\\\/900x506_cmsv2_22170278-dffc-5493-a5fa-6a564986810e-7190010.webp\",\"keywords\":[\"\u00e9ducation\",\"Mesures\",\"scolaire\",\"s\u00e9curit\u00e9\",\"Tunisie\"],\"articleSection\":[\"National\"],\"inLanguage\":\"fr-FR\"},{\"@type\":\"WebPage\",\"@id\":\"https:\\\/\\\/www.webdo.tn\\\/fr\\\/actualite\\\/national\\\/climat-scolaire-le-ministere-serre-la-vis-et-impose-un-nouveau-cadre-securitaire\\\/393829\\\/\",\"url\":\"https:\\\/\\\/www.webdo.tn\\\/fr\\\/actualite\\\/national\\\/climat-scolaire-le-ministere-serre-la-vis-et-impose-un-nouveau-cadre-securitaire\\\/393829\\\/\",\"name\":\"Climat scolaire : Le minist\u00e8re serre la vis et impose un nouveau cadre s\u00e9curitaire - webdo\",\"isPartOf\":{\"@id\":\"https:\\\/\\\/www.webdo.tn\\\/fr\\\/#website\"},\"primaryImageOfPage\":{\"@id\":\"https:\\\/\\\/www.webdo.tn\\\/fr\\\/actualite\\\/national\\\/climat-scolaire-le-ministere-serre-la-vis-et-impose-un-nouveau-cadre-securitaire\\\/393829\\\/#primaryimage\"},\"image\":{\"@id\":\"https:\\\/\\\/www.webdo.tn\\\/fr\\\/actualite\\\/national\\\/climat-scolaire-le-ministere-serre-la-vis-et-impose-un-nouveau-cadre-securitaire\\\/393829\\\/#primaryimage\"},\"thumbnailUrl\":\"https:\\\/\\\/www.webdo.tn\\\/fr\\\/wp-content\\\/uploads\\\/2026\\\/02\\\/900x506_cmsv2_22170278-dffc-5493-a5fa-6a564986810e-7190010.webp\",\"datePublished\":\"2026-02-27T07:54:05+00:00\",\"dateModified\":\"2026-02-27T07:54:06+00:00\",\"description\":\"Climat scolaire : les mesures strictes du minist\u00e8re visent \u00e0 restaurer la s\u00e9curit\u00e9 et \u00e0 prot\u00e9ger l'apprentissage des \u00e9l\u00e8ves.\",\"breadcrumb\":{\"@id\":\"https:\\\/\\\/www.webdo.tn\\\/fr\\\/actualite\\\/national\\\/climat-scolaire-le-ministere-serre-la-vis-et-impose-un-nouveau-cadre-securitaire\\\/393829\\\/#breadcrumb\"},\"inLanguage\":\"fr-FR\",\"potentialAction\":[{\"@type\":\"ReadAction\",\"target\":[\"https:\\\/\\\/www.webdo.tn\\\/fr\\\/actualite\\\/national\\\/climat-scolaire-le-ministere-serre-la-vis-et-impose-un-nouveau-cadre-securitaire\\\/393829\\\/\"]}]},{\"@type\":\"ImageObject\",\"inLanguage\":\"fr-FR\",\"@id\":\"https:\\\/\\\/www.webdo.tn\\\/fr\\\/actualite\\\/national\\\/climat-scolaire-le-ministere-serre-la-vis-et-impose-un-nouveau-cadre-securitaire\\\/393829\\\/#primaryimage\",\"url\":\"https:\\\/\\\/www.webdo.tn\\\/fr\\\/wp-content\\\/uploads\\\/2026\\\/02\\\/900x506_cmsv2_22170278-dffc-5493-a5fa-6a564986810e-7190010.webp\",\"contentUrl\":\"https:\\\/\\\/www.webdo.tn\\\/fr\\\/wp-content\\\/uploads\\\/2026\\\/02\\\/900x506_cmsv2_22170278-dffc-5493-a5fa-6a564986810e-7190010.webp\",\"width\":900,\"height\":506,\"caption\":\"Climat scolaire : Le minist\u00e8re serre la vis et impose un nouveau cadre s\u00e9curitaire\"},{\"@type\":\"BreadcrumbList\",\"@id\":\"https:\\\/\\\/www.webdo.tn\\\/fr\\\/actualite\\\/national\\\/climat-scolaire-le-ministere-serre-la-vis-et-impose-un-nouveau-cadre-securitaire\\\/393829\\\/#breadcrumb\",\"itemListElement\":[{\"@type\":\"ListItem\",\"position\":1,\"name\":\"Accueil\",\"item\":\"https:\\\/\\\/www.webdo.tn\\\/fr\\\/\"},{\"@type\":\"ListItem\",\"position\":2,\"name\":\"Climat scolaire : Le minist\u00e8re serre la vis et impose un nouveau cadre s\u00e9curitaire\"}]},{\"@type\":\"WebSite\",\"@id\":\"https:\\\/\\\/www.webdo.tn\\\/fr\\\/#website\",\"url\":\"https:\\\/\\\/www.webdo.tn\\\/fr\\\/\",\"name\":\"webdo\",\"description\":\"Tunisie - News en Tunisie et \u00e0 l&#039;international sur Webdo.tn\",\"publisher\":{\"@id\":\"https:\\\/\\\/www.webdo.tn\\\/fr\\\/#organization\"},\"potentialAction\":[{\"@type\":\"SearchAction\",\"target\":{\"@type\":\"EntryPoint\",\"urlTemplate\":\"https:\\\/\\\/www.webdo.tn\\\/fr\\\/?s={search_term_string}\"},\"query-input\":{\"@type\":\"PropertyValueSpecification\",\"valueRequired\":true,\"valueName\":\"search_term_string\"}}],\"inLanguage\":\"fr-FR\"},{\"@type\":\"Organization\",\"@id\":\"https:\\\/\\\/www.webdo.tn\\\/fr\\\/#organization\",\"name\":\"Webdo\",\"alternateName\":\"Webdo.tn\",\"url\":\"https:\\\/\\\/www.webdo.tn\\\/fr\\\/\",\"logo\":{\"@type\":\"ImageObject\",\"inLanguage\":\"fr-FR\",\"@id\":\"https:\\\/\\\/www.webdo.tn\\\/fr\\\/#\\\/schema\\\/logo\\\/image\\\/\",\"url\":\"https:\\\/\\\/www.webdo.tn\\\/fr\\\/wp-content\\\/uploads\\\/2025\\\/06\\\/Webdo-Tunisie_168377.jpg\",\"contentUrl\":\"https:\\\/\\\/www.webdo.tn\\\/fr\\\/wp-content\\\/uploads\\\/2025\\\/06\\\/Webdo-Tunisie_168377.jpg\",\"width\":301,\"height\":301,\"caption\":\"Webdo\"},\"image\":{\"@id\":\"https:\\\/\\\/www.webdo.tn\\\/fr\\\/#\\\/schema\\\/logo\\\/image\\\/\"},\"sameAs\":[\"https:\\\/\\\/www.facebook.com\\\/webdotn\",\"https:\\\/\\\/x.com\\\/webdo_tn\"],\"description\":\"Webdo est un m\u00e9dia num\u00e9rique tunisien fond\u00e9 en 2010, sp\u00e9cialis\u00e9 dans l\u2019actualit\u00e9 nationale et internationale, l\u2019\u00e9conomie, la soci\u00e9t\u00e9 et les analyses politiques. Le site s\u2019adresse \u00e0 un large public francophone et couvre l\u2019information tunisienne en temps r\u00e9el.\",\"email\":\"redac@webdo.tn\",\"legalName\":\"YNJ SARL\",\"foundingDate\":\"2010-09-06\",\"numberOfEmployees\":{\"@type\":\"QuantitativeValue\",\"minValue\":\"11\",\"maxValue\":\"50\"}},{\"@type\":\"Person\",\"@id\":\"https:\\\/\\\/www.webdo.tn\\\/fr\\\/#\\\/schema\\\/person\\\/16a4857e77dfc0b610c4c2cadffc9ac4\",\"name\":\"Mohamed Fethi\",\"image\":{\"@type\":\"ImageObject\",\"inLanguage\":\"fr-FR\",\"@id\":\"https:\\\/\\\/www.webdo.tn\\\/fr\\\/wp-content\\\/uploads\\\/2026\\\/04\\\/mohamed-fethi_avatar_1-96x96.jpg\",\"url\":\"https:\\\/\\\/www.webdo.tn\\\/fr\\\/wp-content\\\/uploads\\\/2026\\\/04\\\/mohamed-fethi_avatar_1-96x96.jpg\",\"contentUrl\":\"https:\\\/\\\/www.webdo.tn\\\/fr\\\/wp-content\\\/uploads\\\/2026\\\/04\\\/mohamed-fethi_avatar_1-96x96.jpg\",\"caption\":\"Mohamed Fethi\"},\"description\":\"Signature \u00e9ditoriale de Maher Chaabane Mohamed Fethi est le pseudonyme \u00e9ditorial de Maher Chaabane, r\u00e9dacteur en chef de Webdo.tn depuis 2012. Cette signature est d\u00e9di\u00e9e au traitement intensif de l'actualit\u00e9 nationale et internationale en temps r\u00e9el. S'appuyant sur les deux d\u00e9cennies d'expertise journalistique de Maher Chaabane \u2014 d\u00e9but\u00e9e au sein du groupe Tunis Hebdo en 2000 \u2014 Mohamed Fethi assure une veille rigoureuse sur les enjeux politiques, \u00e9conomiques et sportifs. Sa mission est de garantir une information structur\u00e9e, fluide et fid\u00e8le aux standards de la r\u00e9daction. Pour consulter le parcours complet du r\u00e9dacteur en chef, visitez le profil officiel de Maher Chaabane.\",\"knowsAbout\":[\"actualit\u00e9\",\"journalisme\",\"information\",\"politique\",\"sport\",\"m\u00e9dias\",\"actualit\u00e9 internationale\"],\"knowsLanguage\":[\"Fran\u00e7ais\",\"Arabe\"],\"jobTitle\":\"Journaliste \u2013 R\u00e9daction Webdo\",\"worksFor\":\"Webdo.tn\",\"url\":\"https:\\\/\\\/www.webdo.tn\\\/fr\\\/actualite\\\/author\\\/mohamed-fethi\\\/\"}]}<\/script>\n<!-- \/ Yoast SEO Premium plugin. -->","yoast_head_json":{"title":"Climat scolaire : Le minist\u00e8re serre la vis et impose un nouveau cadre s\u00e9curitaire - webdo","description":"Climat scolaire : les mesures strictes du minist\u00e8re visent \u00e0 restaurer la s\u00e9curit\u00e9 et \u00e0 prot\u00e9ger l'apprentissage des \u00e9l\u00e8ves.","canonical":"https:\/\/www.webdo.tn\/fr\/actualite\/national\/climat-scolaire-le-ministere-serre-la-vis-et-impose-un-nouveau-cadre-securitaire\/393829\/","og_locale":"fr_FR","og_type":"article","og_title":"Climat scolaire : Le minist\u00e8re serre la vis et impose un nouveau cadre s\u00e9curitaire","og_description":"Climat scolaire : les mesures strictes du minist\u00e8re visent \u00e0 restaurer la s\u00e9curit\u00e9 et \u00e0 prot\u00e9ger l'apprentissage des \u00e9l\u00e8ves.","og_url":"https:\/\/www.webdo.tn\/fr\/actualite\/national\/climat-scolaire-le-ministere-serre-la-vis-et-impose-un-nouveau-cadre-securitaire\/393829\/","og_site_name":"webdo","article_publisher":"https:\/\/www.facebook.com\/webdotn","article_published_time":"2026-02-27T07:54:05+00:00","article_modified_time":"2026-02-27T07:54:06+00:00","og_image":[{"width":900,"height":506,"url":"https:\/\/www.webdo.tn\/fr\/wp-content\/uploads\/2026\/02\/900x506_cmsv2_22170278-dffc-5493-a5fa-6a564986810e-7190010.webp","type":"image\/webp"}],"author":"Mohamed Fethi","twitter_card":"summary_large_image","twitter_creator":"@webdo_tn","twitter_site":"@webdo_tn","twitter_misc":{"\u00c9crit par":"Mohamed Fethi","Dur\u00e9e de lecture estim\u00e9e":"3 minutes"},"schema":{"@context":"https:\/\/schema.org","@graph":[{"@type":"NewsArticle","@id":"https:\/\/www.webdo.tn\/fr\/actualite\/national\/climat-scolaire-le-ministere-serre-la-vis-et-impose-un-nouveau-cadre-securitaire\/393829\/#article","isPartOf":{"@id":"https:\/\/www.webdo.tn\/fr\/actualite\/national\/climat-scolaire-le-ministere-serre-la-vis-et-impose-un-nouveau-cadre-securitaire\/393829\/"},"author":{"name":"Mohamed Fethi","@id":"https:\/\/www.webdo.tn\/fr\/#\/schema\/person\/16a4857e77dfc0b610c4c2cadffc9ac4"},"headline":"Climat scolaire : Le minist\u00e8re serre la vis et impose un nouveau cadre s\u00e9curitaire","datePublished":"2026-02-27T07:54:05+00:00","dateModified":"2026-02-27T07:54:06+00:00","mainEntityOfPage":{"@id":"https:\/\/www.webdo.tn\/fr\/actualite\/national\/climat-scolaire-le-ministere-serre-la-vis-et-impose-un-nouveau-cadre-securitaire\/393829\/"},"wordCount":503,"publisher":{"@id":"https:\/\/www.webdo.tn\/fr\/#organization"},"image":{"@id":"https:\/\/www.webdo.tn\/fr\/actualite\/national\/climat-scolaire-le-ministere-serre-la-vis-et-impose-un-nouveau-cadre-securitaire\/393829\/#primaryimage"},"thumbnailUrl":"https:\/\/www.webdo.tn\/fr\/wp-content\/uploads\/2026\/02\/900x506_cmsv2_22170278-dffc-5493-a5fa-6a564986810e-7190010.webp","keywords":["\u00e9ducation","Mesures","scolaire","s\u00e9curit\u00e9","Tunisie"],"articleSection":["National"],"inLanguage":"fr-FR"},{"@type":"WebPage","@id":"https:\/\/www.webdo.tn\/fr\/actualite\/national\/climat-scolaire-le-ministere-serre-la-vis-et-impose-un-nouveau-cadre-securitaire\/393829\/","url":"https:\/\/www.webdo.tn\/fr\/actualite\/national\/climat-scolaire-le-ministere-serre-la-vis-et-impose-un-nouveau-cadre-securitaire\/393829\/","name":"Climat scolaire : Le minist\u00e8re serre la vis et impose un nouveau cadre s\u00e9curitaire - webdo","isPartOf":{"@id":"https:\/\/www.webdo.tn\/fr\/#website"},"primaryImageOfPage":{"@id":"https:\/\/www.webdo.tn\/fr\/actualite\/national\/climat-scolaire-le-ministere-serre-la-vis-et-impose-un-nouveau-cadre-securitaire\/393829\/#primaryimage"},"image":{"@id":"https:\/\/www.webdo.tn\/fr\/actualite\/national\/climat-scolaire-le-ministere-serre-la-vis-et-impose-un-nouveau-cadre-securitaire\/393829\/#primaryimage"},"thumbnailUrl":"https:\/\/www.webdo.tn\/fr\/wp-content\/uploads\/2026\/02\/900x506_cmsv2_22170278-dffc-5493-a5fa-6a564986810e-7190010.webp","datePublished":"2026-02-27T07:54:05+00:00","dateModified":"2026-02-27T07:54:06+00:00","description":"Climat scolaire : les mesures strictes du minist\u00e8re visent \u00e0 restaurer la s\u00e9curit\u00e9 et \u00e0 prot\u00e9ger l'apprentissage des \u00e9l\u00e8ves.","breadcrumb":{"@id":"https:\/\/www.webdo.tn\/fr\/actualite\/national\/climat-scolaire-le-ministere-serre-la-vis-et-impose-un-nouveau-cadre-securitaire\/393829\/#breadcrumb"},"inLanguage":"fr-FR","potentialAction":[{"@type":"ReadAction","target":["https:\/\/www.webdo.tn\/fr\/actualite\/national\/climat-scolaire-le-ministere-serre-la-vis-et-impose-un-nouveau-cadre-securitaire\/393829\/"]}]},{"@type":"ImageObject","inLanguage":"fr-FR","@id":"https:\/\/www.webdo.tn\/fr\/actualite\/national\/climat-scolaire-le-ministere-serre-la-vis-et-impose-un-nouveau-cadre-securitaire\/393829\/#primaryimage","url":"https:\/\/www.webdo.tn\/fr\/wp-content\/uploads\/2026\/02\/900x506_cmsv2_22170278-dffc-5493-a5fa-6a564986810e-7190010.webp","contentUrl":"https:\/\/www.webdo.tn\/fr\/wp-content\/uploads\/2026\/02\/900x506_cmsv2_22170278-dffc-5493-a5fa-6a564986810e-7190010.webp","width":900,"height":506,"caption":"Climat scolaire : Le minist\u00e8re serre la vis et impose un nouveau cadre s\u00e9curitaire"},{"@type":"BreadcrumbList","@id":"https:\/\/www.webdo.tn\/fr\/actualite\/national\/climat-scolaire-le-ministere-serre-la-vis-et-impose-un-nouveau-cadre-securitaire\/393829\/#breadcrumb","itemListElement":[{"@type":"ListItem","position":1,"name":"Accueil","item":"https:\/\/www.webdo.tn\/fr\/"},{"@type":"ListItem","position":2,"name":"Climat scolaire : Le minist\u00e8re serre la vis et impose un nouveau cadre s\u00e9curitaire"}]},{"@type":"WebSite","@id":"https:\/\/www.webdo.tn\/fr\/#website","url":"https:\/\/www.webdo.tn\/fr\/","name":"webdo","description":"Tunisie - News en Tunisie et \u00e0 l&#039;international sur Webdo.tn","publisher":{"@id":"https:\/\/www.webdo.tn\/fr\/#organization"},"potentialAction":[{"@type":"SearchAction","target":{"@type":"EntryPoint","urlTemplate":"https:\/\/www.webdo.tn\/fr\/?s={search_term_string}"},"query-input":{"@type":"PropertyValueSpecification","valueRequired":true,"valueName":"search_term_string"}}],"inLanguage":"fr-FR"},{"@type":"Organization","@id":"https:\/\/www.webdo.tn\/fr\/#organization","name":"Webdo","alternateName":"Webdo.tn","url":"https:\/\/www.webdo.tn\/fr\/","logo":{"@type":"ImageObject","inLanguage":"fr-FR","@id":"https:\/\/www.webdo.tn\/fr\/#\/schema\/logo\/image\/","url":"https:\/\/www.webdo.tn\/fr\/wp-content\/uploads\/2025\/06\/Webdo-Tunisie_168377.jpg","contentUrl":"https:\/\/www.webdo.tn\/fr\/wp-content\/uploads\/2025\/06\/Webdo-Tunisie_168377.jpg","width":301,"height":301,"caption":"Webdo"},"image":{"@id":"https:\/\/www.webdo.tn\/fr\/#\/schema\/logo\/image\/"},"sameAs":["https:\/\/www.facebook.com\/webdotn","https:\/\/x.com\/webdo_tn"],"description":"Webdo est un m\u00e9dia num\u00e9rique tunisien fond\u00e9 en 2010, sp\u00e9cialis\u00e9 dans l\u2019actualit\u00e9 nationale et internationale, l\u2019\u00e9conomie, la soci\u00e9t\u00e9 et les analyses politiques. Le site s\u2019adresse \u00e0 un large public francophone et couvre l\u2019information tunisienne en temps r\u00e9el.","email":"redac@webdo.tn","legalName":"YNJ SARL","foundingDate":"2010-09-06","numberOfEmployees":{"@type":"QuantitativeValue","minValue":"11","maxValue":"50"}},{"@type":"Person","@id":"https:\/\/www.webdo.tn\/fr\/#\/schema\/person\/16a4857e77dfc0b610c4c2cadffc9ac4","name":"Mohamed Fethi","image":{"@type":"ImageObject","inLanguage":"fr-FR","@id":"https:\/\/www.webdo.tn\/fr\/wp-content\/uploads\/2026\/04\/mohamed-fethi_avatar_1-96x96.jpg","url":"https:\/\/www.webdo.tn\/fr\/wp-content\/uploads\/2026\/04\/mohamed-fethi_avatar_1-96x96.jpg","contentUrl":"https:\/\/www.webdo.tn\/fr\/wp-content\/uploads\/2026\/04\/mohamed-fethi_avatar_1-96x96.jpg","caption":"Mohamed Fethi"},"description":"Signature \u00e9ditoriale de Maher Chaabane Mohamed Fethi est le pseudonyme \u00e9ditorial de Maher Chaabane, r\u00e9dacteur en chef de Webdo.tn depuis 2012. Cette signature est d\u00e9di\u00e9e au traitement intensif de l'actualit\u00e9 nationale et internationale en temps r\u00e9el. S'appuyant sur les deux d\u00e9cennies d'expertise journalistique de Maher Chaabane \u2014 d\u00e9but\u00e9e au sein du groupe Tunis Hebdo en 2000 \u2014 Mohamed Fethi assure une veille rigoureuse sur les enjeux politiques, \u00e9conomiques et sportifs. Sa mission est de garantir une information structur\u00e9e, fluide et fid\u00e8le aux standards de la r\u00e9daction. Pour consulter le parcours complet du r\u00e9dacteur en chef, visitez le profil officiel de Maher Chaabane.","knowsAbout":["actualit\u00e9","journalisme","information","politique","sport","m\u00e9dias","actualit\u00e9 internationale"],"knowsLanguage":["Fran\u00e7ais","Arabe"],"jobTitle":"Journaliste \u2013 R\u00e9daction Webdo","worksFor":"Webdo.tn","url":"https:\/\/www.webdo.tn\/fr\/actualite\/author\/mohamed-fethi\/"}]}},"_links":{"self":[{"href":"https:\/\/www.webdo.tn\/fr\/wp-json\/wp\/v2\/posts\/393829","targetHints":{"allow":["GET"]}}],"collection":[{"href":"https:\/\/www.webdo.tn\/fr\/wp-json\/wp\/v2\/posts"}],"about":[{"href":"https:\/\/www.webdo.tn\/fr\/wp-json\/wp\/v2\/types\/post"}],"author":[{"embeddable":true,"href":"https:\/\/www.webdo.tn\/fr\/wp-json\/wp\/v2\/users\/4782"}],"replies":[{"embeddable":true,"href":"https:\/\/www.webdo.tn\/fr\/wp-json\/wp\/v2\/comments?post=393829"}],"version-history":[{"count":0,"href":"https:\/\/www.webdo.tn\/fr\/wp-json\/wp\/v2\/posts\/393829\/revisions"}],"wp:featuredmedia":[{"embeddable":true,"href":"https:\/\/www.webdo.tn\/fr\/wp-json\/wp\/v2\/media\/393830"}],"wp:attachment":[{"href":"https:\/\/www.webdo.tn\/fr\/wp-json\/wp\/v2\/media?parent=393829"}],"wp:term":[{"taxonomy":"category","embeddable":true,"href":"https:\/\/www.webdo.tn\/fr\/wp-json\/wp\/v2\/categories?post=393829"},{"taxonomy":"post_tag","embeddable":true,"href":"https:\/\/www.webdo.tn\/fr\/wp-json\/wp\/v2\/tags?post=393829"}],"curies":[{"name":"wp","href":"https:\/\/api.w.org\/{rel}","templated":true}]}}