{"id":393816,"date":"2026-02-26T20:35:59","date_gmt":"2026-02-26T19:35:59","guid":{"rendered":"https:\/\/www.webdo.tn\/fr\/?p=393816"},"modified":"2026-03-01T17:40:54","modified_gmt":"2026-03-01T16:40:54","slug":"vaste-chantier-de-modernisation-du-zoo-du-belvedere","status":"publish","type":"post","link":"https:\/\/www.webdo.tn\/fr\/actualite\/national\/vaste-chantier-de-modernisation-du-zoo-du-belvedere\/393816\/","title":{"rendered":"Vaste chantier de modernisation du zoo du Belv\u00e9d\u00e8re"},"content":{"rendered":"\n<p><strong>La municipalit\u00e9 de Tunis a approuv\u00e9 un projet de r\u00e9habilitation du Zoo du Belv\u00e9d\u00e8re, situ\u00e9 au c\u0153ur du Parc du Belv\u00e9d\u00e8re. L\u2019initiative vise \u00e0 moderniser les infrastructures, am\u00e9liorer les conditions de vie des animaux et repenser l\u2019accueil du public. Ce chantier intervient dans un contexte marqu\u00e9 par la disparition de l\u2019\u00e9l\u00e9phante Baby, qui a raviv\u00e9 le d\u00e9bat sur le bien-\u00eatre animal en Tunisie.<\/strong><\/p>\n\n\n\n<h2 class=\"wp-block-heading\" id=\"h-des-enclos-repenses-et-des-espaces-elargis\">Des enclos repens\u00e9s et des espaces \u00e9largis<\/h2>\n\n\n\n<p>Le programme de r\u00e9am\u00e9nagement pr\u00e9voit la cr\u00e9ation d\u2019un habitat plus vaste pour les lions, l\u2019extension des enclos d\u00e9di\u00e9s aux f\u00e9lins et aux singes, ainsi que l\u2019installation d\u2019un pont en bois autour de l\u2019espace des crocodiles. De nouvelles all\u00e9es seront \u00e9galement am\u00e9nag\u00e9es afin de fluidifier la circulation des visiteurs et d\u2019am\u00e9liorer l\u2019accessibilit\u00e9.<\/p>\n\n\n\n<blockquote class=\"wp-block-quote is-layout-flow wp-block-quote-is-layout-flow\">\n<blockquote class=\"wp-block-quote is-layout-flow wp-block-quote-is-layout-flow\">\n<ul class=\"wp-block-list\">\n<li class=\"has-medium-font-size\"><strong>Lire aussi :<\/strong> <a href=\"https:\/\/www.webdo.tn\/fr\/actualite\/national\/tunis-le-parc-zoologique-du-belvedere-se-refait-une-beaute\/213109\/\">Tunis : Le parc zoologique du Belv\u00e9d\u00e8re se refait une beaut\u00e9<\/a><\/li>\n<\/ul>\n<\/blockquote>\n<\/blockquote>\n\n\n\n<p>Au-del\u00e0 de la simple r\u00e9novation esth\u00e9tique, le projet entend r\u00e9pondre aux exigences contemporaines en mati\u00e8re de soins animaliers, d\u2019hygi\u00e8ne et de respect de l\u2019environnement.<\/p>\n\n\n\n<h2 class=\"wp-block-heading\" id=\"h-un-tournant-apres-la-mort-de-baby\">Un tournant apr\u00e8s la mort de Baby<\/h2>\n\n\n\n<p>La mort de l\u2019\u00e9l\u00e9phante Baby avait suscit\u00e9 une forte \u00e9motion et d\u00e9clench\u00e9 une mobilisation sur les r\u00e9seaux sociaux, relan\u00e7ant les critiques sur l\u2019\u00e9tat des infrastructures et les conditions de d\u00e9tention des animaux.<\/p>\n\n\n\n<p>La municipalit\u00e9 affirme aujourd\u2019hui vouloir inscrire le zoo dans une dynamique de modernisation durable, conciliant s\u00e9curit\u00e9, confort des visiteurs et respect des standards internationaux en mati\u00e8re de bien-\u00eatre animal.<\/p>\n\n\n\n<blockquote class=\"wp-block-quote is-layout-flow wp-block-quote-is-layout-flow\">\n<blockquote class=\"wp-block-quote is-layout-flow wp-block-quote-is-layout-flow\">\n<ul class=\"wp-block-list\">\n<li class=\"has-medium-font-size\"><strong>Lire aussi :<\/strong> <a href=\"https:\/\/www.webdo.tn\/fr\/actualite\/divers\/du-don-a-la-mort-le-tragique-destin-de-baby-au-belvedere\/392329\/\">Du don \u00e0 la mort : Le tragique destin de Baby au Belv\u00e9d\u00e8re<\/a><\/li>\n<\/ul>\n<\/blockquote>\n<\/blockquote>\n\n\n\n<p>Avec ce chantier, le Belv\u00e9d\u00e8re amorce ainsi une nouvelle phase de son histoire, sous le regard attentif d\u2019une opinion publique d\u00e9sormais particuli\u00e8rement sensible \u00e0 la cause animale.<\/p>\n","protected":false},"excerpt":{"rendered":"<p>La municipalit\u00e9 de Tunis a approuv\u00e9 un projet de r\u00e9habilitation du Zoo du Belv\u00e9d\u00e8re, situ\u00e9 au c\u0153ur du Parc du Belv\u00e9d\u00e8re. L\u2019initiative vise \u00e0 moderniser les infrastructures, am\u00e9liorer les conditions de vie des animaux et repenser l\u2019accueil du public. Ce chantier intervient dans un contexte marqu\u00e9 par la disparition de l\u2019\u00e9l\u00e9phante Baby, qui a raviv\u00e9 [&hellip;]<\/p>\n","protected":false},"author":4782,"featured_media":393950,"comment_status":"closed","ping_status":"closed","sticky":false,"template":"","format":"standard","meta":{"footnotes":""},"categories":[44],"tags":[13781,6799,13782,6798],"class_list":["post-393816","post","type-post","status-publish","format-standard","has-post-thumbnail","hentry","category-national","tag-baby","tag-belvedere","tag-modernisation-2","tag-zoo"],"yoast_head":"<!-- This site is optimized with the Yoast SEO Premium plugin v27.4 (Yoast SEO v27.4) - https:\/\/yoast.com\/product\/yoast-seo-premium-wordpress\/ -->\n<title>Vaste chantier de modernisation du zoo du Belv\u00e9d\u00e8re - webdo<\/title>\n<meta name=\"description\" content=\"Le zoo du Belv\u00e9d\u00e8re en Tunisie se modernise. Apprenez-en plus sur le vaste chantier de r\u00e9habilitation et ses nouvelles infrastructures.\" \/>\n<link rel=\"canonical\" href=\"https:\/\/www.webdo.tn\/fr\/actualite\/national\/vaste-chantier-de-modernisation-du-zoo-du-belvedere\/393816\/\" \/>\n<meta property=\"og:locale\" content=\"fr_FR\" \/>\n<meta property=\"og:type\" content=\"article\" \/>\n<meta property=\"og:title\" content=\"Vaste chantier de modernisation du zoo du Belv\u00e9d\u00e8re\" \/>\n<meta property=\"og:description\" content=\"Le zoo du Belv\u00e9d\u00e8re en Tunisie se modernise. Apprenez-en plus sur le vaste chantier de r\u00e9habilitation et ses nouvelles infrastructures.\" \/>\n<meta property=\"og:url\" content=\"https:\/\/www.webdo.tn\/fr\/actualite\/national\/vaste-chantier-de-modernisation-du-zoo-du-belvedere\/393816\/\" \/>\n<meta property=\"og:site_name\" content=\"webdo\" \/>\n<meta property=\"article:publisher\" content=\"https:\/\/www.facebook.com\/webdotn\" \/>\n<meta property=\"article:published_time\" content=\"2026-02-26T19:35:59+00:00\" \/>\n<meta property=\"article:modified_time\" content=\"2026-03-01T16:40:54+00:00\" \/>\n<meta property=\"og:image\" content=\"https:\/\/www.webdo.tn\/fr\/wp-content\/uploads\/2026\/02\/Zoo-1.jpg\" \/>\n\t<meta property=\"og:image:width\" content=\"1200\" \/>\n\t<meta property=\"og:image:height\" content=\"602\" \/>\n\t<meta property=\"og:image:type\" content=\"image\/jpeg\" \/>\n<meta name=\"author\" content=\"Mohamed Fethi\" \/>\n<meta name=\"twitter:card\" content=\"summary_large_image\" \/>\n<meta name=\"twitter:creator\" content=\"@webdo_tn\" \/>\n<meta name=\"twitter:site\" content=\"@webdo_tn\" \/>\n<meta name=\"twitter:label1\" content=\"\u00c9crit par\" \/>\n\t<meta name=\"twitter:data1\" content=\"Mohamed Fethi\" \/>\n\t<meta name=\"twitter:label2\" content=\"Dur\u00e9e de lecture estim\u00e9e\" \/>\n\t<meta name=\"twitter:data2\" content=\"2 minutes\" \/>\n<script type=\"application\/ld+json\" class=\"yoast-schema-graph\">{\"@context\":\"https:\\\/\\\/schema.org\",\"@graph\":[{\"@type\":\"NewsArticle\",\"@id\":\"https:\\\/\\\/www.webdo.tn\\\/fr\\\/actualite\\\/national\\\/vaste-chantier-de-modernisation-du-zoo-du-belvedere\\\/393816\\\/#article\",\"isPartOf\":{\"@id\":\"https:\\\/\\\/www.webdo.tn\\\/fr\\\/actualite\\\/national\\\/vaste-chantier-de-modernisation-du-zoo-du-belvedere\\\/393816\\\/\"},\"author\":{\"name\":\"Mohamed Fethi\",\"@id\":\"https:\\\/\\\/www.webdo.tn\\\/fr\\\/#\\\/schema\\\/person\\\/16a4857e77dfc0b610c4c2cadffc9ac4\"},\"headline\":\"Vaste chantier de modernisation du zoo du Belv\u00e9d\u00e8re\",\"datePublished\":\"2026-02-26T19:35:59+00:00\",\"dateModified\":\"2026-03-01T16:40:54+00:00\",\"mainEntityOfPage\":{\"@id\":\"https:\\\/\\\/www.webdo.tn\\\/fr\\\/actualite\\\/national\\\/vaste-chantier-de-modernisation-du-zoo-du-belvedere\\\/393816\\\/\"},\"wordCount\":333,\"publisher\":{\"@id\":\"https:\\\/\\\/www.webdo.tn\\\/fr\\\/#organization\"},\"image\":{\"@id\":\"https:\\\/\\\/www.webdo.tn\\\/fr\\\/actualite\\\/national\\\/vaste-chantier-de-modernisation-du-zoo-du-belvedere\\\/393816\\\/#primaryimage\"},\"thumbnailUrl\":\"https:\\\/\\\/www.webdo.tn\\\/fr\\\/wp-content\\\/uploads\\\/2026\\\/02\\\/Zoo-1.jpg\",\"keywords\":[\"baby\",\"belv\u00e9d\u00e8re\",\"modernisation\",\"zoo\"],\"articleSection\":[\"National\"],\"inLanguage\":\"fr-FR\"},{\"@type\":\"WebPage\",\"@id\":\"https:\\\/\\\/www.webdo.tn\\\/fr\\\/actualite\\\/national\\\/vaste-chantier-de-modernisation-du-zoo-du-belvedere\\\/393816\\\/\",\"url\":\"https:\\\/\\\/www.webdo.tn\\\/fr\\\/actualite\\\/national\\\/vaste-chantier-de-modernisation-du-zoo-du-belvedere\\\/393816\\\/\",\"name\":\"Vaste chantier de modernisation du zoo du Belv\u00e9d\u00e8re - webdo\",\"isPartOf\":{\"@id\":\"https:\\\/\\\/www.webdo.tn\\\/fr\\\/#website\"},\"primaryImageOfPage\":{\"@id\":\"https:\\\/\\\/www.webdo.tn\\\/fr\\\/actualite\\\/national\\\/vaste-chantier-de-modernisation-du-zoo-du-belvedere\\\/393816\\\/#primaryimage\"},\"image\":{\"@id\":\"https:\\\/\\\/www.webdo.tn\\\/fr\\\/actualite\\\/national\\\/vaste-chantier-de-modernisation-du-zoo-du-belvedere\\\/393816\\\/#primaryimage\"},\"thumbnailUrl\":\"https:\\\/\\\/www.webdo.tn\\\/fr\\\/wp-content\\\/uploads\\\/2026\\\/02\\\/Zoo-1.jpg\",\"datePublished\":\"2026-02-26T19:35:59+00:00\",\"dateModified\":\"2026-03-01T16:40:54+00:00\",\"description\":\"Le zoo du Belv\u00e9d\u00e8re en Tunisie se modernise. Apprenez-en plus sur le vaste chantier de r\u00e9habilitation et ses nouvelles infrastructures.\",\"breadcrumb\":{\"@id\":\"https:\\\/\\\/www.webdo.tn\\\/fr\\\/actualite\\\/national\\\/vaste-chantier-de-modernisation-du-zoo-du-belvedere\\\/393816\\\/#breadcrumb\"},\"inLanguage\":\"fr-FR\",\"potentialAction\":[{\"@type\":\"ReadAction\",\"target\":[\"https:\\\/\\\/www.webdo.tn\\\/fr\\\/actualite\\\/national\\\/vaste-chantier-de-modernisation-du-zoo-du-belvedere\\\/393816\\\/\"]}]},{\"@type\":\"ImageObject\",\"inLanguage\":\"fr-FR\",\"@id\":\"https:\\\/\\\/www.webdo.tn\\\/fr\\\/actualite\\\/national\\\/vaste-chantier-de-modernisation-du-zoo-du-belvedere\\\/393816\\\/#primaryimage\",\"url\":\"https:\\\/\\\/www.webdo.tn\\\/fr\\\/wp-content\\\/uploads\\\/2026\\\/02\\\/Zoo-1.jpg\",\"contentUrl\":\"https:\\\/\\\/www.webdo.tn\\\/fr\\\/wp-content\\\/uploads\\\/2026\\\/02\\\/Zoo-1.jpg\",\"width\":1200,\"height\":602,\"caption\":\"Vaste chantier de modernisation du zoo du Belv\u00e9d\u00e8re\"},{\"@type\":\"BreadcrumbList\",\"@id\":\"https:\\\/\\\/www.webdo.tn\\\/fr\\\/actualite\\\/national\\\/vaste-chantier-de-modernisation-du-zoo-du-belvedere\\\/393816\\\/#breadcrumb\",\"itemListElement\":[{\"@type\":\"ListItem\",\"position\":1,\"name\":\"Accueil\",\"item\":\"https:\\\/\\\/www.webdo.tn\\\/fr\\\/\"},{\"@type\":\"ListItem\",\"position\":2,\"name\":\"Vaste chantier de modernisation du zoo du Belv\u00e9d\u00e8re\"}]},{\"@type\":\"WebSite\",\"@id\":\"https:\\\/\\\/www.webdo.tn\\\/fr\\\/#website\",\"url\":\"https:\\\/\\\/www.webdo.tn\\\/fr\\\/\",\"name\":\"webdo\",\"description\":\"Tunisie - News en Tunisie et \u00e0 l&#039;international sur Webdo.tn\",\"publisher\":{\"@id\":\"https:\\\/\\\/www.webdo.tn\\\/fr\\\/#organization\"},\"potentialAction\":[{\"@type\":\"SearchAction\",\"target\":{\"@type\":\"EntryPoint\",\"urlTemplate\":\"https:\\\/\\\/www.webdo.tn\\\/fr\\\/?s={search_term_string}\"},\"query-input\":{\"@type\":\"PropertyValueSpecification\",\"valueRequired\":true,\"valueName\":\"search_term_string\"}}],\"inLanguage\":\"fr-FR\"},{\"@type\":\"Organization\",\"@id\":\"https:\\\/\\\/www.webdo.tn\\\/fr\\\/#organization\",\"name\":\"Webdo\",\"alternateName\":\"Webdo.tn\",\"url\":\"https:\\\/\\\/www.webdo.tn\\\/fr\\\/\",\"logo\":{\"@type\":\"ImageObject\",\"inLanguage\":\"fr-FR\",\"@id\":\"https:\\\/\\\/www.webdo.tn\\\/fr\\\/#\\\/schema\\\/logo\\\/image\\\/\",\"url\":\"https:\\\/\\\/www.webdo.tn\\\/fr\\\/wp-content\\\/uploads\\\/2025\\\/06\\\/Webdo-Tunisie_168377.jpg\",\"contentUrl\":\"https:\\\/\\\/www.webdo.tn\\\/fr\\\/wp-content\\\/uploads\\\/2025\\\/06\\\/Webdo-Tunisie_168377.jpg\",\"width\":301,\"height\":301,\"caption\":\"Webdo\"},\"image\":{\"@id\":\"https:\\\/\\\/www.webdo.tn\\\/fr\\\/#\\\/schema\\\/logo\\\/image\\\/\"},\"sameAs\":[\"https:\\\/\\\/www.facebook.com\\\/webdotn\",\"https:\\\/\\\/x.com\\\/webdo_tn\"],\"description\":\"Webdo est un m\u00e9dia num\u00e9rique tunisien fond\u00e9 en 2010, sp\u00e9cialis\u00e9 dans l\u2019actualit\u00e9 nationale et internationale, l\u2019\u00e9conomie, la soci\u00e9t\u00e9 et les analyses politiques. Le site s\u2019adresse \u00e0 un large public francophone et couvre l\u2019information tunisienne en temps r\u00e9el.\",\"email\":\"redac@webdo.tn\",\"legalName\":\"YNJ SARL\",\"foundingDate\":\"2010-09-06\",\"numberOfEmployees\":{\"@type\":\"QuantitativeValue\",\"minValue\":\"11\",\"maxValue\":\"50\"}},{\"@type\":\"Person\",\"@id\":\"https:\\\/\\\/www.webdo.tn\\\/fr\\\/#\\\/schema\\\/person\\\/16a4857e77dfc0b610c4c2cadffc9ac4\",\"name\":\"Mohamed Fethi\",\"image\":{\"@type\":\"ImageObject\",\"inLanguage\":\"fr-FR\",\"@id\":\"https:\\\/\\\/www.webdo.tn\\\/fr\\\/wp-content\\\/uploads\\\/2026\\\/04\\\/mohamed-fethi_avatar_1-96x96.jpg\",\"url\":\"https:\\\/\\\/www.webdo.tn\\\/fr\\\/wp-content\\\/uploads\\\/2026\\\/04\\\/mohamed-fethi_avatar_1-96x96.jpg\",\"contentUrl\":\"https:\\\/\\\/www.webdo.tn\\\/fr\\\/wp-content\\\/uploads\\\/2026\\\/04\\\/mohamed-fethi_avatar_1-96x96.jpg\",\"caption\":\"Mohamed Fethi\"},\"description\":\"Signature \u00e9ditoriale de Maher Chaabane Mohamed Fethi est le pseudonyme \u00e9ditorial de Maher Chaabane, r\u00e9dacteur en chef de Webdo.tn depuis 2012. Cette signature est d\u00e9di\u00e9e au traitement intensif de l'actualit\u00e9 nationale et internationale en temps r\u00e9el. S'appuyant sur les deux d\u00e9cennies d'expertise journalistique de Maher Chaabane \u2014 d\u00e9but\u00e9e au sein du groupe Tunis Hebdo en 2000 \u2014 Mohamed Fethi assure une veille rigoureuse sur les enjeux politiques, \u00e9conomiques et sportifs. Sa mission est de garantir une information structur\u00e9e, fluide et fid\u00e8le aux standards de la r\u00e9daction. Pour consulter le parcours complet du r\u00e9dacteur en chef, visitez le profil officiel de Maher Chaabane.\",\"knowsAbout\":[\"actualit\u00e9\",\"journalisme\",\"information\",\"politique\",\"sport\",\"m\u00e9dias\",\"actualit\u00e9 internationale\"],\"knowsLanguage\":[\"Fran\u00e7ais\",\"Arabe\"],\"jobTitle\":\"Journaliste \u2013 R\u00e9daction Webdo\",\"worksFor\":\"Webdo.tn\",\"url\":\"https:\\\/\\\/www.webdo.tn\\\/fr\\\/actualite\\\/author\\\/mohamed-fethi\\\/\"}]}<\/script>\n<!-- \/ Yoast SEO Premium plugin. -->","yoast_head_json":{"title":"Vaste chantier de modernisation du zoo du Belv\u00e9d\u00e8re - webdo","description":"Le zoo du Belv\u00e9d\u00e8re en Tunisie se modernise. Apprenez-en plus sur le vaste chantier de r\u00e9habilitation et ses nouvelles infrastructures.","canonical":"https:\/\/www.webdo.tn\/fr\/actualite\/national\/vaste-chantier-de-modernisation-du-zoo-du-belvedere\/393816\/","og_locale":"fr_FR","og_type":"article","og_title":"Vaste chantier de modernisation du zoo du Belv\u00e9d\u00e8re","og_description":"Le zoo du Belv\u00e9d\u00e8re en Tunisie se modernise. Apprenez-en plus sur le vaste chantier de r\u00e9habilitation et ses nouvelles infrastructures.","og_url":"https:\/\/www.webdo.tn\/fr\/actualite\/national\/vaste-chantier-de-modernisation-du-zoo-du-belvedere\/393816\/","og_site_name":"webdo","article_publisher":"https:\/\/www.facebook.com\/webdotn","article_published_time":"2026-02-26T19:35:59+00:00","article_modified_time":"2026-03-01T16:40:54+00:00","og_image":[{"width":1200,"height":602,"url":"https:\/\/www.webdo.tn\/fr\/wp-content\/uploads\/2026\/02\/Zoo-1.jpg","type":"image\/jpeg"}],"author":"Mohamed Fethi","twitter_card":"summary_large_image","twitter_creator":"@webdo_tn","twitter_site":"@webdo_tn","twitter_misc":{"\u00c9crit par":"Mohamed Fethi","Dur\u00e9e de lecture estim\u00e9e":"2 minutes"},"schema":{"@context":"https:\/\/schema.org","@graph":[{"@type":"NewsArticle","@id":"https:\/\/www.webdo.tn\/fr\/actualite\/national\/vaste-chantier-de-modernisation-du-zoo-du-belvedere\/393816\/#article","isPartOf":{"@id":"https:\/\/www.webdo.tn\/fr\/actualite\/national\/vaste-chantier-de-modernisation-du-zoo-du-belvedere\/393816\/"},"author":{"name":"Mohamed Fethi","@id":"https:\/\/www.webdo.tn\/fr\/#\/schema\/person\/16a4857e77dfc0b610c4c2cadffc9ac4"},"headline":"Vaste chantier de modernisation du zoo du Belv\u00e9d\u00e8re","datePublished":"2026-02-26T19:35:59+00:00","dateModified":"2026-03-01T16:40:54+00:00","mainEntityOfPage":{"@id":"https:\/\/www.webdo.tn\/fr\/actualite\/national\/vaste-chantier-de-modernisation-du-zoo-du-belvedere\/393816\/"},"wordCount":333,"publisher":{"@id":"https:\/\/www.webdo.tn\/fr\/#organization"},"image":{"@id":"https:\/\/www.webdo.tn\/fr\/actualite\/national\/vaste-chantier-de-modernisation-du-zoo-du-belvedere\/393816\/#primaryimage"},"thumbnailUrl":"https:\/\/www.webdo.tn\/fr\/wp-content\/uploads\/2026\/02\/Zoo-1.jpg","keywords":["baby","belv\u00e9d\u00e8re","modernisation","zoo"],"articleSection":["National"],"inLanguage":"fr-FR"},{"@type":"WebPage","@id":"https:\/\/www.webdo.tn\/fr\/actualite\/national\/vaste-chantier-de-modernisation-du-zoo-du-belvedere\/393816\/","url":"https:\/\/www.webdo.tn\/fr\/actualite\/national\/vaste-chantier-de-modernisation-du-zoo-du-belvedere\/393816\/","name":"Vaste chantier de modernisation du zoo du Belv\u00e9d\u00e8re - webdo","isPartOf":{"@id":"https:\/\/www.webdo.tn\/fr\/#website"},"primaryImageOfPage":{"@id":"https:\/\/www.webdo.tn\/fr\/actualite\/national\/vaste-chantier-de-modernisation-du-zoo-du-belvedere\/393816\/#primaryimage"},"image":{"@id":"https:\/\/www.webdo.tn\/fr\/actualite\/national\/vaste-chantier-de-modernisation-du-zoo-du-belvedere\/393816\/#primaryimage"},"thumbnailUrl":"https:\/\/www.webdo.tn\/fr\/wp-content\/uploads\/2026\/02\/Zoo-1.jpg","datePublished":"2026-02-26T19:35:59+00:00","dateModified":"2026-03-01T16:40:54+00:00","description":"Le zoo du Belv\u00e9d\u00e8re en Tunisie se modernise. Apprenez-en plus sur le vaste chantier de r\u00e9habilitation et ses nouvelles infrastructures.","breadcrumb":{"@id":"https:\/\/www.webdo.tn\/fr\/actualite\/national\/vaste-chantier-de-modernisation-du-zoo-du-belvedere\/393816\/#breadcrumb"},"inLanguage":"fr-FR","potentialAction":[{"@type":"ReadAction","target":["https:\/\/www.webdo.tn\/fr\/actualite\/national\/vaste-chantier-de-modernisation-du-zoo-du-belvedere\/393816\/"]}]},{"@type":"ImageObject","inLanguage":"fr-FR","@id":"https:\/\/www.webdo.tn\/fr\/actualite\/national\/vaste-chantier-de-modernisation-du-zoo-du-belvedere\/393816\/#primaryimage","url":"https:\/\/www.webdo.tn\/fr\/wp-content\/uploads\/2026\/02\/Zoo-1.jpg","contentUrl":"https:\/\/www.webdo.tn\/fr\/wp-content\/uploads\/2026\/02\/Zoo-1.jpg","width":1200,"height":602,"caption":"Vaste chantier de modernisation du zoo du Belv\u00e9d\u00e8re"},{"@type":"BreadcrumbList","@id":"https:\/\/www.webdo.tn\/fr\/actualite\/national\/vaste-chantier-de-modernisation-du-zoo-du-belvedere\/393816\/#breadcrumb","itemListElement":[{"@type":"ListItem","position":1,"name":"Accueil","item":"https:\/\/www.webdo.tn\/fr\/"},{"@type":"ListItem","position":2,"name":"Vaste chantier de modernisation du zoo du Belv\u00e9d\u00e8re"}]},{"@type":"WebSite","@id":"https:\/\/www.webdo.tn\/fr\/#website","url":"https:\/\/www.webdo.tn\/fr\/","name":"webdo","description":"Tunisie - News en Tunisie et \u00e0 l&#039;international sur Webdo.tn","publisher":{"@id":"https:\/\/www.webdo.tn\/fr\/#organization"},"potentialAction":[{"@type":"SearchAction","target":{"@type":"EntryPoint","urlTemplate":"https:\/\/www.webdo.tn\/fr\/?s={search_term_string}"},"query-input":{"@type":"PropertyValueSpecification","valueRequired":true,"valueName":"search_term_string"}}],"inLanguage":"fr-FR"},{"@type":"Organization","@id":"https:\/\/www.webdo.tn\/fr\/#organization","name":"Webdo","alternateName":"Webdo.tn","url":"https:\/\/www.webdo.tn\/fr\/","logo":{"@type":"ImageObject","inLanguage":"fr-FR","@id":"https:\/\/www.webdo.tn\/fr\/#\/schema\/logo\/image\/","url":"https:\/\/www.webdo.tn\/fr\/wp-content\/uploads\/2025\/06\/Webdo-Tunisie_168377.jpg","contentUrl":"https:\/\/www.webdo.tn\/fr\/wp-content\/uploads\/2025\/06\/Webdo-Tunisie_168377.jpg","width":301,"height":301,"caption":"Webdo"},"image":{"@id":"https:\/\/www.webdo.tn\/fr\/#\/schema\/logo\/image\/"},"sameAs":["https:\/\/www.facebook.com\/webdotn","https:\/\/x.com\/webdo_tn"],"description":"Webdo est un m\u00e9dia num\u00e9rique tunisien fond\u00e9 en 2010, sp\u00e9cialis\u00e9 dans l\u2019actualit\u00e9 nationale et internationale, l\u2019\u00e9conomie, la soci\u00e9t\u00e9 et les analyses politiques. Le site s\u2019adresse \u00e0 un large public francophone et couvre l\u2019information tunisienne en temps r\u00e9el.","email":"redac@webdo.tn","legalName":"YNJ SARL","foundingDate":"2010-09-06","numberOfEmployees":{"@type":"QuantitativeValue","minValue":"11","maxValue":"50"}},{"@type":"Person","@id":"https:\/\/www.webdo.tn\/fr\/#\/schema\/person\/16a4857e77dfc0b610c4c2cadffc9ac4","name":"Mohamed Fethi","image":{"@type":"ImageObject","inLanguage":"fr-FR","@id":"https:\/\/www.webdo.tn\/fr\/wp-content\/uploads\/2026\/04\/mohamed-fethi_avatar_1-96x96.jpg","url":"https:\/\/www.webdo.tn\/fr\/wp-content\/uploads\/2026\/04\/mohamed-fethi_avatar_1-96x96.jpg","contentUrl":"https:\/\/www.webdo.tn\/fr\/wp-content\/uploads\/2026\/04\/mohamed-fethi_avatar_1-96x96.jpg","caption":"Mohamed Fethi"},"description":"Signature \u00e9ditoriale de Maher Chaabane Mohamed Fethi est le pseudonyme \u00e9ditorial de Maher Chaabane, r\u00e9dacteur en chef de Webdo.tn depuis 2012. Cette signature est d\u00e9di\u00e9e au traitement intensif de l'actualit\u00e9 nationale et internationale en temps r\u00e9el. S'appuyant sur les deux d\u00e9cennies d'expertise journalistique de Maher Chaabane \u2014 d\u00e9but\u00e9e au sein du groupe Tunis Hebdo en 2000 \u2014 Mohamed Fethi assure une veille rigoureuse sur les enjeux politiques, \u00e9conomiques et sportifs. Sa mission est de garantir une information structur\u00e9e, fluide et fid\u00e8le aux standards de la r\u00e9daction. Pour consulter le parcours complet du r\u00e9dacteur en chef, visitez le profil officiel de Maher Chaabane.","knowsAbout":["actualit\u00e9","journalisme","information","politique","sport","m\u00e9dias","actualit\u00e9 internationale"],"knowsLanguage":["Fran\u00e7ais","Arabe"],"jobTitle":"Journaliste \u2013 R\u00e9daction Webdo","worksFor":"Webdo.tn","url":"https:\/\/www.webdo.tn\/fr\/actualite\/author\/mohamed-fethi\/"}]}},"_links":{"self":[{"href":"https:\/\/www.webdo.tn\/fr\/wp-json\/wp\/v2\/posts\/393816","targetHints":{"allow":["GET"]}}],"collection":[{"href":"https:\/\/www.webdo.tn\/fr\/wp-json\/wp\/v2\/posts"}],"about":[{"href":"https:\/\/www.webdo.tn\/fr\/wp-json\/wp\/v2\/types\/post"}],"author":[{"embeddable":true,"href":"https:\/\/www.webdo.tn\/fr\/wp-json\/wp\/v2\/users\/4782"}],"replies":[{"embeddable":true,"href":"https:\/\/www.webdo.tn\/fr\/wp-json\/wp\/v2\/comments?post=393816"}],"version-history":[{"count":0,"href":"https:\/\/www.webdo.tn\/fr\/wp-json\/wp\/v2\/posts\/393816\/revisions"}],"wp:featuredmedia":[{"embeddable":true,"href":"https:\/\/www.webdo.tn\/fr\/wp-json\/wp\/v2\/media\/393950"}],"wp:attachment":[{"href":"https:\/\/www.webdo.tn\/fr\/wp-json\/wp\/v2\/media?parent=393816"}],"wp:term":[{"taxonomy":"category","embeddable":true,"href":"https:\/\/www.webdo.tn\/fr\/wp-json\/wp\/v2\/categories?post=393816"},{"taxonomy":"post_tag","embeddable":true,"href":"https:\/\/www.webdo.tn\/fr\/wp-json\/wp\/v2\/tags?post=393816"}],"curies":[{"name":"wp","href":"https:\/\/api.w.org\/{rel}","templated":true}]}}