{"id":393808,"date":"2026-02-26T19:18:09","date_gmt":"2026-02-26T18:18:09","guid":{"rendered":"https:\/\/www.webdo.tn\/fr\/?p=393808"},"modified":"2026-02-26T19:18:11","modified_gmt":"2026-02-26T18:18:11","slug":"afflux-record-de-visiteurs-algeriens-plus-de-131-mille-entrees-en-moins-de-deux-mois","status":"publish","type":"post","link":"https:\/\/www.webdo.tn\/fr\/actualite\/national\/afflux-record-de-visiteurs-algeriens-plus-de-131-mille-entrees-en-moins-de-deux-mois\/393808\/","title":{"rendered":"Afflux record de visiteurs alg\u00e9riens : Plus de 131 mille entr\u00e9es en moins de deux mois"},"content":{"rendered":"\n<p><strong>Depuis le d\u00e9but de l\u2019ann\u00e9e, la Tunisie enregistre une forte dynamique sur ses fronti\u00e8res terrestres avec l\u2019Alg\u00e9rie. Entre le 1er janvier et le 25 f\u00e9vrier 2026, plus de 131.000 ressortissants alg\u00e9riens ont franchi les postes frontaliers, notamment dans le gouvernorat de Jendouba.<\/strong><\/p>\n\n\n\n<p>Les autorit\u00e9s touristiques y voient un signal pr\u00e9coce d\u2019une saison prometteuse dans la mesure o\u00f9 la tendance observ\u00e9e en ce d\u00e9but 2026 confirme la solidit\u00e9 du march\u00e9 alg\u00e9rien pour le tourisme tunisien, appel\u00e9 \u00e0 jouer un r\u00f4le central dans les \u00e9quilibres du secteur au cours des prochains mois.<\/p>\n\n\n\n<h2 class=\"wp-block-heading\" id=\"h-jendouba-en-premiere-ligne\">Jendouba en premi\u00e8re ligne<\/h2>\n\n\n\n<p>Selon Issa Marouani, d\u00e9l\u00e9gu\u00e9 r\u00e9gional au tourisme, 131.169 touristes alg\u00e9riens sont entr\u00e9s en Tunisie durant cette p\u00e9riode via les postes frontaliers relevant de Jendouba. Une progression jug\u00e9e significative par les responsables r\u00e9gionaux, qui observent une intensification du flux d\u00e8s les premi\u00e8res semaines de l\u2019ann\u00e9e.<\/p>\n\n\n\n<blockquote class=\"wp-block-quote is-layout-flow wp-block-quote-is-layout-flow\">\n<blockquote class=\"wp-block-quote is-layout-flow wp-block-quote-is-layout-flow\">\n<ul class=\"wp-block-list\">\n<li class=\"has-medium-font-size\"><strong>Lire aussi : <\/strong><a href=\"https:\/\/www.webdo.tn\/fr\/actualite\/national\/algerie-tabarka-salle-dattente-de-lallocation-algerienne-de-750-euros\/389793\/\">Alg\u00e9rie : Tabarka, salle d\u2019attente de l\u2019allocation alg\u00e9rienne de 750 euros ?<\/a><\/li>\n<\/ul>\n<\/blockquote>\n<\/blockquote>\n\n\n\n<p>Ce regain d\u2019activit\u00e9 concerne en particulier les zones frontali\u00e8res, devenues des points n\u00e9vralgiques pour le tourisme terrestre entre les deux pays.<\/p>\n\n\n\n<h2 class=\"wp-block-heading\" id=\"h-un-levier-pour-l-economie-locale\">Un levier pour l\u2019\u00e9conomie locale<\/h2>\n\n\n\n<p>Les autorit\u00e9s r\u00e9gionales soulignent que cette affluence contribue \u00e0 relancer plusieurs secteurs : h\u00e9bergement, restauration, commerces et services. Le minist\u00e8re du Tourisme et les professionnels du secteur poursuivent, selon les m\u00eames sources, leurs efforts pour garantir un accueil optimal aux visiteurs alg\u00e9riens, consid\u00e9r\u00e9s comme un pilier du march\u00e9 touristique tunisien.<\/p>\n\n\n\n<p>Cette dynamique intervient dans un contexte o\u00f9 la Tunisie consolide sa position de destination privil\u00e9gi\u00e9e pour les voyageurs alg\u00e9riens, qui repr\u00e9sentent la premi\u00e8re nationalit\u00e9 \u00e9trang\u00e8re en nombre d\u2019entr\u00e9es.<\/p>\n\n\n\n<blockquote class=\"wp-block-quote is-layout-flow wp-block-quote-is-layout-flow\">\n<blockquote class=\"wp-block-quote is-layout-flow wp-block-quote-is-layout-flow\">\n<ul class=\"wp-block-list\">\n<li class=\"has-medium-font-size\"><strong>Lire aussi : <\/strong><a href=\"https:\/\/www.webdo.tn\/fr\/actualite\/national\/tourisme-afflux-record-de-visiteurs-algeriens-a-jendouba\/389527\/\">Tourisme : Afflux record de visiteurs alg\u00e9riens \u00e0 Jendouba<\/a><\/li>\n<\/ul>\n<\/blockquote>\n<\/blockquote>\n\n\n\n<p>L\u2019ann\u00e9e derni\u00e8re, plus de quatre millions d\u2019Alg\u00e9riens ont visit\u00e9 la Tunisie, un niveau en nette hausse par rapport aux ann\u00e9es pr\u00e9c\u00e9dentes. Malgr\u00e9 cette performance, des observateurs estiment que le secteur h\u00f4telier n\u2019a pas pleinement capt\u00e9 les retomb\u00e9es de cette manne, une part importante des visiteurs privil\u00e9giant d\u2019autres formes d\u2019h\u00e9bergement.<\/p>\n","protected":false},"excerpt":{"rendered":"<p>Depuis le d\u00e9but de l\u2019ann\u00e9e, la Tunisie enregistre une forte dynamique sur ses fronti\u00e8res terrestres avec l\u2019Alg\u00e9rie. Entre le 1er janvier et le 25 f\u00e9vrier 2026, plus de 131.000 ressortissants alg\u00e9riens ont franchi les postes frontaliers, notamment dans le gouvernorat de Jendouba. Les autorit\u00e9s touristiques y voient un signal pr\u00e9coce d\u2019une saison prometteuse dans la [&hellip;]<\/p>\n","protected":false},"author":4782,"featured_media":393809,"comment_status":"closed","ping_status":"closed","sticky":false,"template":"","format":"standard","meta":{"footnotes":""},"categories":[44],"tags":[2907,2798,2608],"class_list":["post-393808","post","type-post","status-publish","format-standard","has-post-thumbnail","hentry","category-national","tag-algerie","tag-tourisme","tag-tunisie"],"yoast_head":"<!-- This site is optimized with the Yoast SEO Premium plugin v27.5 (Yoast SEO v27.5) - https:\/\/yoast.com\/product\/yoast-seo-premium-wordpress\/ -->\n<title>Afflux record de visiteurs alg\u00e9riens : Plus de 131 mille entr\u00e9es en moins de deux mois - webdo<\/title>\n<meta name=\"description\" content=\"Le tourisme tunisien se renforce avec plus de 131 mille visites d&#039;Alg\u00e9riens en seulement deux mois depuis d\u00e9but 2026.\" \/>\n<link rel=\"canonical\" href=\"https:\/\/www.webdo.tn\/fr\/actualite\/national\/afflux-record-de-visiteurs-algeriens-plus-de-131-mille-entrees-en-moins-de-deux-mois\/393808\/\" \/>\n<meta property=\"og:locale\" content=\"fr_FR\" \/>\n<meta property=\"og:type\" content=\"article\" \/>\n<meta property=\"og:title\" content=\"Afflux record de visiteurs alg\u00e9riens : Plus de 131 mille entr\u00e9es en moins de deux mois\" \/>\n<meta property=\"og:description\" content=\"Le tourisme tunisien se renforce avec plus de 131 mille visites d&#039;Alg\u00e9riens en seulement deux mois depuis d\u00e9but 2026.\" \/>\n<meta property=\"og:url\" content=\"https:\/\/www.webdo.tn\/fr\/actualite\/national\/afflux-record-de-visiteurs-algeriens-plus-de-131-mille-entrees-en-moins-de-deux-mois\/393808\/\" \/>\n<meta property=\"og:site_name\" content=\"webdo\" \/>\n<meta property=\"article:publisher\" content=\"https:\/\/www.facebook.com\/webdotn\" \/>\n<meta property=\"article:published_time\" content=\"2026-02-26T18:18:09+00:00\" \/>\n<meta property=\"article:modified_time\" content=\"2026-02-26T18:18:11+00:00\" \/>\n<meta property=\"og:image\" content=\"https:\/\/www.webdo.tn\/fr\/wp-content\/uploads\/2026\/02\/frontiere-tunisie-algerie-oum-theboul.jpg\" \/>\n\t<meta property=\"og:image:width\" content=\"1200\" \/>\n\t<meta property=\"og:image:height\" content=\"601\" \/>\n\t<meta property=\"og:image:type\" content=\"image\/jpeg\" \/>\n<meta name=\"author\" content=\"Mohamed Fethi\" \/>\n<meta name=\"twitter:card\" content=\"summary_large_image\" \/>\n<meta name=\"twitter:creator\" content=\"@webdo_tn\" \/>\n<meta name=\"twitter:site\" content=\"@webdo_tn\" \/>\n<meta name=\"twitter:label1\" content=\"\u00c9crit par\" \/>\n\t<meta name=\"twitter:data1\" content=\"Mohamed Fethi\" \/>\n\t<meta name=\"twitter:label2\" content=\"Dur\u00e9e de lecture estim\u00e9e\" \/>\n\t<meta name=\"twitter:data2\" content=\"2 minutes\" \/>\n<script type=\"application\/ld+json\" class=\"yoast-schema-graph\">{\"@context\":\"https:\\\/\\\/schema.org\",\"@graph\":[{\"@type\":\"NewsArticle\",\"@id\":\"https:\\\/\\\/www.webdo.tn\\\/fr\\\/actualite\\\/national\\\/afflux-record-de-visiteurs-algeriens-plus-de-131-mille-entrees-en-moins-de-deux-mois\\\/393808\\\/#article\",\"isPartOf\":{\"@id\":\"https:\\\/\\\/www.webdo.tn\\\/fr\\\/actualite\\\/national\\\/afflux-record-de-visiteurs-algeriens-plus-de-131-mille-entrees-en-moins-de-deux-mois\\\/393808\\\/\"},\"author\":{\"name\":\"Mohamed Fethi\",\"@id\":\"https:\\\/\\\/www.webdo.tn\\\/fr\\\/#\\\/schema\\\/person\\\/16a4857e77dfc0b610c4c2cadffc9ac4\"},\"headline\":\"Afflux record de visiteurs alg\u00e9riens : Plus de 131 mille entr\u00e9es en moins de deux mois\",\"datePublished\":\"2026-02-26T18:18:09+00:00\",\"dateModified\":\"2026-02-26T18:18:11+00:00\",\"mainEntityOfPage\":{\"@id\":\"https:\\\/\\\/www.webdo.tn\\\/fr\\\/actualite\\\/national\\\/afflux-record-de-visiteurs-algeriens-plus-de-131-mille-entrees-en-moins-de-deux-mois\\\/393808\\\/\"},\"wordCount\":387,\"publisher\":{\"@id\":\"https:\\\/\\\/www.webdo.tn\\\/fr\\\/#organization\"},\"image\":{\"@id\":\"https:\\\/\\\/www.webdo.tn\\\/fr\\\/actualite\\\/national\\\/afflux-record-de-visiteurs-algeriens-plus-de-131-mille-entrees-en-moins-de-deux-mois\\\/393808\\\/#primaryimage\"},\"thumbnailUrl\":\"https:\\\/\\\/www.webdo.tn\\\/fr\\\/wp-content\\\/uploads\\\/2026\\\/02\\\/frontiere-tunisie-algerie-oum-theboul.jpg\",\"keywords\":[\"Alg\u00e9rie\",\"Tourisme\",\"Tunisie\"],\"articleSection\":[\"National\"],\"inLanguage\":\"fr-FR\"},{\"@type\":\"WebPage\",\"@id\":\"https:\\\/\\\/www.webdo.tn\\\/fr\\\/actualite\\\/national\\\/afflux-record-de-visiteurs-algeriens-plus-de-131-mille-entrees-en-moins-de-deux-mois\\\/393808\\\/\",\"url\":\"https:\\\/\\\/www.webdo.tn\\\/fr\\\/actualite\\\/national\\\/afflux-record-de-visiteurs-algeriens-plus-de-131-mille-entrees-en-moins-de-deux-mois\\\/393808\\\/\",\"name\":\"Afflux record de visiteurs alg\u00e9riens : Plus de 131 mille entr\u00e9es en moins de deux mois - webdo\",\"isPartOf\":{\"@id\":\"https:\\\/\\\/www.webdo.tn\\\/fr\\\/#website\"},\"primaryImageOfPage\":{\"@id\":\"https:\\\/\\\/www.webdo.tn\\\/fr\\\/actualite\\\/national\\\/afflux-record-de-visiteurs-algeriens-plus-de-131-mille-entrees-en-moins-de-deux-mois\\\/393808\\\/#primaryimage\"},\"image\":{\"@id\":\"https:\\\/\\\/www.webdo.tn\\\/fr\\\/actualite\\\/national\\\/afflux-record-de-visiteurs-algeriens-plus-de-131-mille-entrees-en-moins-de-deux-mois\\\/393808\\\/#primaryimage\"},\"thumbnailUrl\":\"https:\\\/\\\/www.webdo.tn\\\/fr\\\/wp-content\\\/uploads\\\/2026\\\/02\\\/frontiere-tunisie-algerie-oum-theboul.jpg\",\"datePublished\":\"2026-02-26T18:18:09+00:00\",\"dateModified\":\"2026-02-26T18:18:11+00:00\",\"description\":\"Le tourisme tunisien se renforce avec plus de 131 mille visites d'Alg\u00e9riens en seulement deux mois depuis d\u00e9but 2026.\",\"breadcrumb\":{\"@id\":\"https:\\\/\\\/www.webdo.tn\\\/fr\\\/actualite\\\/national\\\/afflux-record-de-visiteurs-algeriens-plus-de-131-mille-entrees-en-moins-de-deux-mois\\\/393808\\\/#breadcrumb\"},\"inLanguage\":\"fr-FR\",\"potentialAction\":[{\"@type\":\"ReadAction\",\"target\":[\"https:\\\/\\\/www.webdo.tn\\\/fr\\\/actualite\\\/national\\\/afflux-record-de-visiteurs-algeriens-plus-de-131-mille-entrees-en-moins-de-deux-mois\\\/393808\\\/\"]}]},{\"@type\":\"ImageObject\",\"inLanguage\":\"fr-FR\",\"@id\":\"https:\\\/\\\/www.webdo.tn\\\/fr\\\/actualite\\\/national\\\/afflux-record-de-visiteurs-algeriens-plus-de-131-mille-entrees-en-moins-de-deux-mois\\\/393808\\\/#primaryimage\",\"url\":\"https:\\\/\\\/www.webdo.tn\\\/fr\\\/wp-content\\\/uploads\\\/2026\\\/02\\\/frontiere-tunisie-algerie-oum-theboul.jpg\",\"contentUrl\":\"https:\\\/\\\/www.webdo.tn\\\/fr\\\/wp-content\\\/uploads\\\/2026\\\/02\\\/frontiere-tunisie-algerie-oum-theboul.jpg\",\"width\":1200,\"height\":601,\"caption\":\"Afflux record de visiteurs alg\u00e9riens : Plus de 131 mille entr\u00e9es en moins de deux mois\"},{\"@type\":\"BreadcrumbList\",\"@id\":\"https:\\\/\\\/www.webdo.tn\\\/fr\\\/actualite\\\/national\\\/afflux-record-de-visiteurs-algeriens-plus-de-131-mille-entrees-en-moins-de-deux-mois\\\/393808\\\/#breadcrumb\",\"itemListElement\":[{\"@type\":\"ListItem\",\"position\":1,\"name\":\"Accueil\",\"item\":\"https:\\\/\\\/www.webdo.tn\\\/fr\\\/\"},{\"@type\":\"ListItem\",\"position\":2,\"name\":\"Afflux record de visiteurs alg\u00e9riens : Plus de 131 mille entr\u00e9es en moins de deux mois\"}]},{\"@type\":\"WebSite\",\"@id\":\"https:\\\/\\\/www.webdo.tn\\\/fr\\\/#website\",\"url\":\"https:\\\/\\\/www.webdo.tn\\\/fr\\\/\",\"name\":\"webdo\",\"description\":\"Tunisie - News en Tunisie et \u00e0 l&#039;international sur Webdo.tn\",\"publisher\":{\"@id\":\"https:\\\/\\\/www.webdo.tn\\\/fr\\\/#organization\"},\"potentialAction\":[{\"@type\":\"SearchAction\",\"target\":{\"@type\":\"EntryPoint\",\"urlTemplate\":\"https:\\\/\\\/www.webdo.tn\\\/fr\\\/?s={search_term_string}\"},\"query-input\":{\"@type\":\"PropertyValueSpecification\",\"valueRequired\":true,\"valueName\":\"search_term_string\"}}],\"inLanguage\":\"fr-FR\"},{\"@type\":\"Organization\",\"@id\":\"https:\\\/\\\/www.webdo.tn\\\/fr\\\/#organization\",\"name\":\"Webdo\",\"alternateName\":\"Webdo.tn\",\"url\":\"https:\\\/\\\/www.webdo.tn\\\/fr\\\/\",\"logo\":{\"@type\":\"ImageObject\",\"inLanguage\":\"fr-FR\",\"@id\":\"https:\\\/\\\/www.webdo.tn\\\/fr\\\/#\\\/schema\\\/logo\\\/image\\\/\",\"url\":\"https:\\\/\\\/www.webdo.tn\\\/fr\\\/wp-content\\\/uploads\\\/2025\\\/06\\\/Webdo-Tunisie_168377.jpg\",\"contentUrl\":\"https:\\\/\\\/www.webdo.tn\\\/fr\\\/wp-content\\\/uploads\\\/2025\\\/06\\\/Webdo-Tunisie_168377.jpg\",\"width\":301,\"height\":301,\"caption\":\"Webdo\"},\"image\":{\"@id\":\"https:\\\/\\\/www.webdo.tn\\\/fr\\\/#\\\/schema\\\/logo\\\/image\\\/\"},\"sameAs\":[\"https:\\\/\\\/www.facebook.com\\\/webdotn\",\"https:\\\/\\\/x.com\\\/webdo_tn\"],\"description\":\"Webdo est un m\u00e9dia num\u00e9rique tunisien fond\u00e9 en 2010, sp\u00e9cialis\u00e9 dans l\u2019actualit\u00e9 nationale et internationale, l\u2019\u00e9conomie, la soci\u00e9t\u00e9 et les analyses politiques. Le site s\u2019adresse \u00e0 un large public francophone et couvre l\u2019information tunisienne en temps r\u00e9el.\",\"email\":\"redac@webdo.tn\",\"legalName\":\"YNJ SARL\",\"foundingDate\":\"2010-09-06\",\"numberOfEmployees\":{\"@type\":\"QuantitativeValue\",\"minValue\":\"11\",\"maxValue\":\"50\"}},{\"@type\":\"Person\",\"@id\":\"https:\\\/\\\/www.webdo.tn\\\/fr\\\/#\\\/schema\\\/person\\\/16a4857e77dfc0b610c4c2cadffc9ac4\",\"name\":\"Mohamed Fethi\",\"image\":{\"@type\":\"ImageObject\",\"inLanguage\":\"fr-FR\",\"@id\":\"https:\\\/\\\/www.webdo.tn\\\/fr\\\/wp-content\\\/uploads\\\/2026\\\/04\\\/mohamed-fethi_avatar_1-96x96.jpg\",\"url\":\"https:\\\/\\\/www.webdo.tn\\\/fr\\\/wp-content\\\/uploads\\\/2026\\\/04\\\/mohamed-fethi_avatar_1-96x96.jpg\",\"contentUrl\":\"https:\\\/\\\/www.webdo.tn\\\/fr\\\/wp-content\\\/uploads\\\/2026\\\/04\\\/mohamed-fethi_avatar_1-96x96.jpg\",\"caption\":\"Mohamed Fethi\"},\"description\":\"Signature \u00e9ditoriale de Maher Chaabane Mohamed Fethi est le pseudonyme \u00e9ditorial de Maher Chaabane, r\u00e9dacteur en chef de Webdo.tn depuis 2012. Cette signature est d\u00e9di\u00e9e au traitement intensif de l'actualit\u00e9 nationale et internationale en temps r\u00e9el. S'appuyant sur les deux d\u00e9cennies d'expertise journalistique de Maher Chaabane \u2014 d\u00e9but\u00e9e au sein du groupe Tunis Hebdo en 2000 \u2014 Mohamed Fethi assure une veille rigoureuse sur les enjeux politiques, \u00e9conomiques et sportifs. Sa mission est de garantir une information structur\u00e9e, fluide et fid\u00e8le aux standards de la r\u00e9daction. Pour consulter le parcours complet du r\u00e9dacteur en chef, visitez le profil officiel de Maher Chaabane.\",\"knowsAbout\":[\"actualit\u00e9\",\"journalisme\",\"information\",\"politique\",\"sport\",\"m\u00e9dias\",\"actualit\u00e9 internationale\"],\"knowsLanguage\":[\"Fran\u00e7ais\",\"Arabe\"],\"jobTitle\":\"Journaliste \u2013 R\u00e9daction Webdo\",\"worksFor\":\"Webdo.tn\",\"url\":\"https:\\\/\\\/www.webdo.tn\\\/fr\\\/actualite\\\/author\\\/mohamed-fethi\\\/\"}]}<\/script>\n<!-- \/ Yoast SEO Premium plugin. -->","yoast_head_json":{"title":"Afflux record de visiteurs alg\u00e9riens : Plus de 131 mille entr\u00e9es en moins de deux mois - webdo","description":"Le tourisme tunisien se renforce avec plus de 131 mille visites d'Alg\u00e9riens en seulement deux mois depuis d\u00e9but 2026.","canonical":"https:\/\/www.webdo.tn\/fr\/actualite\/national\/afflux-record-de-visiteurs-algeriens-plus-de-131-mille-entrees-en-moins-de-deux-mois\/393808\/","og_locale":"fr_FR","og_type":"article","og_title":"Afflux record de visiteurs alg\u00e9riens : Plus de 131 mille entr\u00e9es en moins de deux mois","og_description":"Le tourisme tunisien se renforce avec plus de 131 mille visites d'Alg\u00e9riens en seulement deux mois depuis d\u00e9but 2026.","og_url":"https:\/\/www.webdo.tn\/fr\/actualite\/national\/afflux-record-de-visiteurs-algeriens-plus-de-131-mille-entrees-en-moins-de-deux-mois\/393808\/","og_site_name":"webdo","article_publisher":"https:\/\/www.facebook.com\/webdotn","article_published_time":"2026-02-26T18:18:09+00:00","article_modified_time":"2026-02-26T18:18:11+00:00","og_image":[{"width":1200,"height":601,"url":"https:\/\/www.webdo.tn\/fr\/wp-content\/uploads\/2026\/02\/frontiere-tunisie-algerie-oum-theboul.jpg","type":"image\/jpeg"}],"author":"Mohamed Fethi","twitter_card":"summary_large_image","twitter_creator":"@webdo_tn","twitter_site":"@webdo_tn","twitter_misc":{"\u00c9crit par":"Mohamed Fethi","Dur\u00e9e de lecture estim\u00e9e":"2 minutes"},"schema":{"@context":"https:\/\/schema.org","@graph":[{"@type":"NewsArticle","@id":"https:\/\/www.webdo.tn\/fr\/actualite\/national\/afflux-record-de-visiteurs-algeriens-plus-de-131-mille-entrees-en-moins-de-deux-mois\/393808\/#article","isPartOf":{"@id":"https:\/\/www.webdo.tn\/fr\/actualite\/national\/afflux-record-de-visiteurs-algeriens-plus-de-131-mille-entrees-en-moins-de-deux-mois\/393808\/"},"author":{"name":"Mohamed Fethi","@id":"https:\/\/www.webdo.tn\/fr\/#\/schema\/person\/16a4857e77dfc0b610c4c2cadffc9ac4"},"headline":"Afflux record de visiteurs alg\u00e9riens : Plus de 131 mille entr\u00e9es en moins de deux mois","datePublished":"2026-02-26T18:18:09+00:00","dateModified":"2026-02-26T18:18:11+00:00","mainEntityOfPage":{"@id":"https:\/\/www.webdo.tn\/fr\/actualite\/national\/afflux-record-de-visiteurs-algeriens-plus-de-131-mille-entrees-en-moins-de-deux-mois\/393808\/"},"wordCount":387,"publisher":{"@id":"https:\/\/www.webdo.tn\/fr\/#organization"},"image":{"@id":"https:\/\/www.webdo.tn\/fr\/actualite\/national\/afflux-record-de-visiteurs-algeriens-plus-de-131-mille-entrees-en-moins-de-deux-mois\/393808\/#primaryimage"},"thumbnailUrl":"https:\/\/www.webdo.tn\/fr\/wp-content\/uploads\/2026\/02\/frontiere-tunisie-algerie-oum-theboul.jpg","keywords":["Alg\u00e9rie","Tourisme","Tunisie"],"articleSection":["National"],"inLanguage":"fr-FR"},{"@type":"WebPage","@id":"https:\/\/www.webdo.tn\/fr\/actualite\/national\/afflux-record-de-visiteurs-algeriens-plus-de-131-mille-entrees-en-moins-de-deux-mois\/393808\/","url":"https:\/\/www.webdo.tn\/fr\/actualite\/national\/afflux-record-de-visiteurs-algeriens-plus-de-131-mille-entrees-en-moins-de-deux-mois\/393808\/","name":"Afflux record de visiteurs alg\u00e9riens : Plus de 131 mille entr\u00e9es en moins de deux mois - webdo","isPartOf":{"@id":"https:\/\/www.webdo.tn\/fr\/#website"},"primaryImageOfPage":{"@id":"https:\/\/www.webdo.tn\/fr\/actualite\/national\/afflux-record-de-visiteurs-algeriens-plus-de-131-mille-entrees-en-moins-de-deux-mois\/393808\/#primaryimage"},"image":{"@id":"https:\/\/www.webdo.tn\/fr\/actualite\/national\/afflux-record-de-visiteurs-algeriens-plus-de-131-mille-entrees-en-moins-de-deux-mois\/393808\/#primaryimage"},"thumbnailUrl":"https:\/\/www.webdo.tn\/fr\/wp-content\/uploads\/2026\/02\/frontiere-tunisie-algerie-oum-theboul.jpg","datePublished":"2026-02-26T18:18:09+00:00","dateModified":"2026-02-26T18:18:11+00:00","description":"Le tourisme tunisien se renforce avec plus de 131 mille visites d'Alg\u00e9riens en seulement deux mois depuis d\u00e9but 2026.","breadcrumb":{"@id":"https:\/\/www.webdo.tn\/fr\/actualite\/national\/afflux-record-de-visiteurs-algeriens-plus-de-131-mille-entrees-en-moins-de-deux-mois\/393808\/#breadcrumb"},"inLanguage":"fr-FR","potentialAction":[{"@type":"ReadAction","target":["https:\/\/www.webdo.tn\/fr\/actualite\/national\/afflux-record-de-visiteurs-algeriens-plus-de-131-mille-entrees-en-moins-de-deux-mois\/393808\/"]}]},{"@type":"ImageObject","inLanguage":"fr-FR","@id":"https:\/\/www.webdo.tn\/fr\/actualite\/national\/afflux-record-de-visiteurs-algeriens-plus-de-131-mille-entrees-en-moins-de-deux-mois\/393808\/#primaryimage","url":"https:\/\/www.webdo.tn\/fr\/wp-content\/uploads\/2026\/02\/frontiere-tunisie-algerie-oum-theboul.jpg","contentUrl":"https:\/\/www.webdo.tn\/fr\/wp-content\/uploads\/2026\/02\/frontiere-tunisie-algerie-oum-theboul.jpg","width":1200,"height":601,"caption":"Afflux record de visiteurs alg\u00e9riens : Plus de 131 mille entr\u00e9es en moins de deux mois"},{"@type":"BreadcrumbList","@id":"https:\/\/www.webdo.tn\/fr\/actualite\/national\/afflux-record-de-visiteurs-algeriens-plus-de-131-mille-entrees-en-moins-de-deux-mois\/393808\/#breadcrumb","itemListElement":[{"@type":"ListItem","position":1,"name":"Accueil","item":"https:\/\/www.webdo.tn\/fr\/"},{"@type":"ListItem","position":2,"name":"Afflux record de visiteurs alg\u00e9riens : Plus de 131 mille entr\u00e9es en moins de deux mois"}]},{"@type":"WebSite","@id":"https:\/\/www.webdo.tn\/fr\/#website","url":"https:\/\/www.webdo.tn\/fr\/","name":"webdo","description":"Tunisie - News en Tunisie et \u00e0 l&#039;international sur Webdo.tn","publisher":{"@id":"https:\/\/www.webdo.tn\/fr\/#organization"},"potentialAction":[{"@type":"SearchAction","target":{"@type":"EntryPoint","urlTemplate":"https:\/\/www.webdo.tn\/fr\/?s={search_term_string}"},"query-input":{"@type":"PropertyValueSpecification","valueRequired":true,"valueName":"search_term_string"}}],"inLanguage":"fr-FR"},{"@type":"Organization","@id":"https:\/\/www.webdo.tn\/fr\/#organization","name":"Webdo","alternateName":"Webdo.tn","url":"https:\/\/www.webdo.tn\/fr\/","logo":{"@type":"ImageObject","inLanguage":"fr-FR","@id":"https:\/\/www.webdo.tn\/fr\/#\/schema\/logo\/image\/","url":"https:\/\/www.webdo.tn\/fr\/wp-content\/uploads\/2025\/06\/Webdo-Tunisie_168377.jpg","contentUrl":"https:\/\/www.webdo.tn\/fr\/wp-content\/uploads\/2025\/06\/Webdo-Tunisie_168377.jpg","width":301,"height":301,"caption":"Webdo"},"image":{"@id":"https:\/\/www.webdo.tn\/fr\/#\/schema\/logo\/image\/"},"sameAs":["https:\/\/www.facebook.com\/webdotn","https:\/\/x.com\/webdo_tn"],"description":"Webdo est un m\u00e9dia num\u00e9rique tunisien fond\u00e9 en 2010, sp\u00e9cialis\u00e9 dans l\u2019actualit\u00e9 nationale et internationale, l\u2019\u00e9conomie, la soci\u00e9t\u00e9 et les analyses politiques. Le site s\u2019adresse \u00e0 un large public francophone et couvre l\u2019information tunisienne en temps r\u00e9el.","email":"redac@webdo.tn","legalName":"YNJ SARL","foundingDate":"2010-09-06","numberOfEmployees":{"@type":"QuantitativeValue","minValue":"11","maxValue":"50"}},{"@type":"Person","@id":"https:\/\/www.webdo.tn\/fr\/#\/schema\/person\/16a4857e77dfc0b610c4c2cadffc9ac4","name":"Mohamed Fethi","image":{"@type":"ImageObject","inLanguage":"fr-FR","@id":"https:\/\/www.webdo.tn\/fr\/wp-content\/uploads\/2026\/04\/mohamed-fethi_avatar_1-96x96.jpg","url":"https:\/\/www.webdo.tn\/fr\/wp-content\/uploads\/2026\/04\/mohamed-fethi_avatar_1-96x96.jpg","contentUrl":"https:\/\/www.webdo.tn\/fr\/wp-content\/uploads\/2026\/04\/mohamed-fethi_avatar_1-96x96.jpg","caption":"Mohamed Fethi"},"description":"Signature \u00e9ditoriale de Maher Chaabane Mohamed Fethi est le pseudonyme \u00e9ditorial de Maher Chaabane, r\u00e9dacteur en chef de Webdo.tn depuis 2012. Cette signature est d\u00e9di\u00e9e au traitement intensif de l'actualit\u00e9 nationale et internationale en temps r\u00e9el. S'appuyant sur les deux d\u00e9cennies d'expertise journalistique de Maher Chaabane \u2014 d\u00e9but\u00e9e au sein du groupe Tunis Hebdo en 2000 \u2014 Mohamed Fethi assure une veille rigoureuse sur les enjeux politiques, \u00e9conomiques et sportifs. Sa mission est de garantir une information structur\u00e9e, fluide et fid\u00e8le aux standards de la r\u00e9daction. Pour consulter le parcours complet du r\u00e9dacteur en chef, visitez le profil officiel de Maher Chaabane.","knowsAbout":["actualit\u00e9","journalisme","information","politique","sport","m\u00e9dias","actualit\u00e9 internationale"],"knowsLanguage":["Fran\u00e7ais","Arabe"],"jobTitle":"Journaliste \u2013 R\u00e9daction Webdo","worksFor":"Webdo.tn","url":"https:\/\/www.webdo.tn\/fr\/actualite\/author\/mohamed-fethi\/"}]}},"_links":{"self":[{"href":"https:\/\/www.webdo.tn\/fr\/wp-json\/wp\/v2\/posts\/393808","targetHints":{"allow":["GET"]}}],"collection":[{"href":"https:\/\/www.webdo.tn\/fr\/wp-json\/wp\/v2\/posts"}],"about":[{"href":"https:\/\/www.webdo.tn\/fr\/wp-json\/wp\/v2\/types\/post"}],"author":[{"embeddable":true,"href":"https:\/\/www.webdo.tn\/fr\/wp-json\/wp\/v2\/users\/4782"}],"replies":[{"embeddable":true,"href":"https:\/\/www.webdo.tn\/fr\/wp-json\/wp\/v2\/comments?post=393808"}],"version-history":[{"count":0,"href":"https:\/\/www.webdo.tn\/fr\/wp-json\/wp\/v2\/posts\/393808\/revisions"}],"wp:featuredmedia":[{"embeddable":true,"href":"https:\/\/www.webdo.tn\/fr\/wp-json\/wp\/v2\/media\/393809"}],"wp:attachment":[{"href":"https:\/\/www.webdo.tn\/fr\/wp-json\/wp\/v2\/media?parent=393808"}],"wp:term":[{"taxonomy":"category","embeddable":true,"href":"https:\/\/www.webdo.tn\/fr\/wp-json\/wp\/v2\/categories?post=393808"},{"taxonomy":"post_tag","embeddable":true,"href":"https:\/\/www.webdo.tn\/fr\/wp-json\/wp\/v2\/tags?post=393808"}],"curies":[{"name":"wp","href":"https:\/\/api.w.org\/{rel}","templated":true}]}}