{"id":393801,"date":"2026-02-26T13:45:46","date_gmt":"2026-02-26T12:45:46","guid":{"rendered":"https:\/\/www.webdo.tn\/fr\/?p=393801"},"modified":"2026-02-26T13:45:47","modified_gmt":"2026-02-26T12:45:47","slug":"35-mille-moutons-importes-pour-laid-letat-tente-de-contenir-la-flambee-des-prix","status":"publish","type":"post","link":"https:\/\/www.webdo.tn\/fr\/actualite\/national\/35-mille-moutons-importes-pour-laid-letat-tente-de-contenir-la-flambee-des-prix\/393801\/","title":{"rendered":"35 mille moutons import\u00e9s pour l\u2019A\u00efd, l\u2019\u00c9tat tente de contenir la flamb\u00e9e des prix"},"content":{"rendered":"\n<p><strong>\u00c0 quelques mois de l\u2019A\u00efd al-Adha, le gouvernement d\u00e9gaine l\u2019arme de l\u2019importation pour \u00e9viter une nouvelle envol\u00e9e des prix des moutons. Auditionn\u00e9s mercredi 25 f\u00e9vrier 2026 par la Commission de l\u2019agriculture \u00e0 l\u2019Assembl\u00e9e des repr\u00e9sentants du peuple, des repr\u00e9sentants des minist\u00e8res de l\u2019Agriculture et du Commerce ont annonc\u00e9 le lancement imminent d\u2019un appel d\u2019offres pour l\u2019importation d\u2019environ 20 mille t\u00eates de moutons vivants, en plus de 15 mille t\u00eates de moutons r\u00e9frig\u00e9r\u00e9s.<\/strong><\/p>\n\n\n\n<p>Objectif affich\u00e9 : r\u00e9guler le march\u00e9 et contenir les prix des sacrifices \u00e0 l\u2019approche de l\u2019A\u00efd al-Adha, p\u00e9riode marqu\u00e9e chaque ann\u00e9e par une tension accrue sur la demande. Selon le communiqu\u00e9 publi\u00e9 jeudi 26 f\u00e9vrier 2026 par l\u2019Assembl\u00e9e des repr\u00e9sentants du peuple, les responsables ont attribu\u00e9 la hausse persistante des prix des viandes rouges et des moutons \u00e0 la contraction du cheptel national.<\/p>\n\n\n\n<h2 class=\"wp-block-heading\" id=\"h-rarefaction-des-ressources\">Rar\u00e9faction des ressources <\/h2>\n\n\n\n<p>En cause, les effets cumul\u00e9s des changements climatiques et des ann\u00e9es successives de s\u00e9cheresse qu\u2019a connues la Tunisie. La rar\u00e9faction des ressources fourrag\u00e8res, l\u2019augmentation des co\u00fbts d\u2019alimentation animale et les difficult\u00e9s financi\u00e8res des \u00e9leveurs ont progressivement r\u00e9duit la taille du troupeau ovin, limitant l\u2019offre sur le march\u00e9 int\u00e9rieur.<\/p>\n\n\n\n<p>Face \u00e0 cette situation structurelle, l\u2019ex\u00e9cutif mise sur un double levier : l\u2019importation pour combler le d\u00e9ficit ponctuel et le renforcement du contr\u00f4le des circuits de distribution pour lutter contre la sp\u00e9culation et l\u2019accaparement. Les deux minist\u00e8res ont assur\u00e9 travailler avec les institutions publiques, les soci\u00e9t\u00e9s coop\u00e9ratives et les structures professionnelles afin d\u2019approvisionner les points de vente organis\u00e9s, notamment ceux encadr\u00e9s par le syst\u00e8me de vente \u00ab au poids \u00bb, \u00e0 des tarifs \u00e9tudi\u00e9s cens\u00e9s pr\u00e9server \u00e0 la fois la marge de l\u2019\u00e9leveur et le pouvoir d\u2019achat du consommateur.<\/p>\n\n\n\n<h2 class=\"wp-block-heading\" id=\"h-le-marche-reste-sensible-aux-rumeurs-de-penurie\">Le march\u00e9 reste sensible aux rumeurs de p\u00e9nurie<\/h2>\n\n\n\n<p>Les repr\u00e9sentants gouvernementaux se sont \u00e9galement engag\u00e9s \u00e0 transmettre \u00e0 la commission parlementaire des donn\u00e9es pr\u00e9cises sur les estimations du nombre de moutons disponibles pour la saison. Une information strat\u00e9gique, alors que le march\u00e9 reste sensible aux rumeurs de p\u00e9nurie, souvent \u00e0 l\u2019origine de mouvements sp\u00e9culatifs.<\/p>\n\n\n\n<p>Reste \u00e0 savoir si l\u2019importation de 35 mille t\u00eates suffira \u00e0 peser r\u00e9ellement sur les prix dans un contexte de tension structurelle sur la fili\u00e8re. Car au-del\u00e0 de l\u2019effet conjoncturel pour l\u2019A\u00efd, la question du redressement durable du cheptel national et de la r\u00e9silience du secteur face aux chocs climatiques demeure enti\u00e8re.<\/p>\n\n\n\n<p><\/p>\n\n\n\n<p class=\"has-medium-font-size\"><strong>Lire aussi <\/strong>: <a href=\"https:\/\/www.webdo.tn\/fr\/actualite\/national\/les-tunisiens-ont-ils-boude-le-mouton-du-sacrifice\/222331\/\" type=\"link\" id=\"https:\/\/www.webdo.tn\/fr\/actualite\/national\/les-tunisiens-ont-ils-boude-le-mouton-du-sacrifice\/222331\/\">Les Tunisiens ont-ils boud\u00e9 le mouton du sacrifice ?<\/a><br><\/p>\n\n\n\n<p><\/p>\n","protected":false},"excerpt":{"rendered":"<p>\u00c0 quelques mois de l\u2019A\u00efd al-Adha, le gouvernement d\u00e9gaine l\u2019arme de l\u2019importation pour \u00e9viter une nouvelle envol\u00e9e des prix des moutons. Auditionn\u00e9s mercredi 25 f\u00e9vrier 2026 par la Commission de l\u2019agriculture \u00e0 l\u2019Assembl\u00e9e des repr\u00e9sentants du peuple, des repr\u00e9sentants des minist\u00e8res de l\u2019Agriculture et du Commerce ont annonc\u00e9 le lancement imminent d\u2019un appel d\u2019offres pour [&hellip;]<\/p>\n","protected":false},"author":3184,"featured_media":393802,"comment_status":"closed","ping_status":"closed","sticky":false,"template":"","format":"standard","meta":{"footnotes":""},"categories":[44],"tags":[3598,8032,2608],"class_list":["post-393801","post","type-post","status-publish","format-standard","has-post-thumbnail","hentry","category-national","tag-importation","tag-mouton","tag-tunisie"],"yoast_head":"<!-- This site is optimized with the Yoast SEO Premium plugin v27.5 (Yoast SEO v27.5) - https:\/\/yoast.com\/product\/yoast-seo-premium-wordpress\/ -->\n<title>35 mille moutons import\u00e9s pour l\u2019A\u00efd, l\u2019\u00c9tat tente de contenir la flamb\u00e9e des prix - webdo<\/title>\n<meta name=\"description\" content=\"D\u00e9couvrez les mesures prises par le gouvernement pour r\u00e9guler les prix des moutons \u00e0 l&#039;approche de l&#039;A\u00efd al-Adha.\" \/>\n<link rel=\"canonical\" href=\"https:\/\/www.webdo.tn\/fr\/actualite\/national\/35-mille-moutons-importes-pour-laid-letat-tente-de-contenir-la-flambee-des-prix\/393801\/\" \/>\n<meta property=\"og:locale\" content=\"fr_FR\" \/>\n<meta property=\"og:type\" content=\"article\" \/>\n<meta property=\"og:title\" content=\"35 mille moutons import\u00e9s pour l\u2019A\u00efd, l\u2019\u00c9tat tente de contenir la flamb\u00e9e des prix\" \/>\n<meta property=\"og:description\" content=\"D\u00e9couvrez les mesures prises par le gouvernement pour r\u00e9guler les prix des moutons \u00e0 l&#039;approche de l&#039;A\u00efd al-Adha.\" \/>\n<meta property=\"og:url\" content=\"https:\/\/www.webdo.tn\/fr\/actualite\/national\/35-mille-moutons-importes-pour-laid-letat-tente-de-contenir-la-flambee-des-prix\/393801\/\" \/>\n<meta property=\"og:site_name\" content=\"webdo\" \/>\n<meta property=\"article:publisher\" content=\"https:\/\/www.facebook.com\/webdotn\" \/>\n<meta property=\"article:published_time\" content=\"2026-02-26T12:45:46+00:00\" \/>\n<meta property=\"article:modified_time\" content=\"2026-02-26T12:45:47+00:00\" \/>\n<meta property=\"og:image\" content=\"https:\/\/www.webdo.tn\/fr\/wp-content\/uploads\/2026\/02\/mouton.jpg\" \/>\n\t<meta property=\"og:image:width\" content=\"1200\" \/>\n\t<meta property=\"og:image:height\" content=\"558\" \/>\n\t<meta property=\"og:image:type\" content=\"image\/jpeg\" \/>\n<meta name=\"author\" content=\"Wided Belhaj\" \/>\n<meta name=\"twitter:card\" content=\"summary_large_image\" \/>\n<meta name=\"twitter:creator\" content=\"@webdo_tn\" \/>\n<meta name=\"twitter:site\" content=\"@webdo_tn\" \/>\n<meta name=\"twitter:label1\" content=\"\u00c9crit par\" \/>\n\t<meta name=\"twitter:data1\" content=\"Wided Belhaj\" \/>\n\t<meta name=\"twitter:label2\" content=\"Dur\u00e9e de lecture estim\u00e9e\" \/>\n\t<meta name=\"twitter:data2\" content=\"3 minutes\" \/>\n<script type=\"application\/ld+json\" class=\"yoast-schema-graph\">{\"@context\":\"https:\\\/\\\/schema.org\",\"@graph\":[{\"@type\":\"NewsArticle\",\"@id\":\"https:\\\/\\\/www.webdo.tn\\\/fr\\\/actualite\\\/national\\\/35-mille-moutons-importes-pour-laid-letat-tente-de-contenir-la-flambee-des-prix\\\/393801\\\/#article\",\"isPartOf\":{\"@id\":\"https:\\\/\\\/www.webdo.tn\\\/fr\\\/actualite\\\/national\\\/35-mille-moutons-importes-pour-laid-letat-tente-de-contenir-la-flambee-des-prix\\\/393801\\\/\"},\"author\":{\"name\":\"Wided Belhaj\",\"@id\":\"https:\\\/\\\/www.webdo.tn\\\/fr\\\/#\\\/schema\\\/person\\\/b9ecde7a5574cb4fcf4b496ea5fadb15\"},\"headline\":\"35 mille moutons import\u00e9s pour l\u2019A\u00efd, l\u2019\u00c9tat tente de contenir la flamb\u00e9e des prix\",\"datePublished\":\"2026-02-26T12:45:46+00:00\",\"dateModified\":\"2026-02-26T12:45:47+00:00\",\"mainEntityOfPage\":{\"@id\":\"https:\\\/\\\/www.webdo.tn\\\/fr\\\/actualite\\\/national\\\/35-mille-moutons-importes-pour-laid-letat-tente-de-contenir-la-flambee-des-prix\\\/393801\\\/\"},\"wordCount\":474,\"publisher\":{\"@id\":\"https:\\\/\\\/www.webdo.tn\\\/fr\\\/#organization\"},\"image\":{\"@id\":\"https:\\\/\\\/www.webdo.tn\\\/fr\\\/actualite\\\/national\\\/35-mille-moutons-importes-pour-laid-letat-tente-de-contenir-la-flambee-des-prix\\\/393801\\\/#primaryimage\"},\"thumbnailUrl\":\"https:\\\/\\\/www.webdo.tn\\\/fr\\\/wp-content\\\/uploads\\\/2026\\\/02\\\/mouton.jpg\",\"keywords\":[\"importation\",\"mouton\",\"Tunisie\"],\"articleSection\":[\"National\"],\"inLanguage\":\"fr-FR\"},{\"@type\":\"WebPage\",\"@id\":\"https:\\\/\\\/www.webdo.tn\\\/fr\\\/actualite\\\/national\\\/35-mille-moutons-importes-pour-laid-letat-tente-de-contenir-la-flambee-des-prix\\\/393801\\\/\",\"url\":\"https:\\\/\\\/www.webdo.tn\\\/fr\\\/actualite\\\/national\\\/35-mille-moutons-importes-pour-laid-letat-tente-de-contenir-la-flambee-des-prix\\\/393801\\\/\",\"name\":\"35 mille moutons import\u00e9s pour l\u2019A\u00efd, l\u2019\u00c9tat tente de contenir la flamb\u00e9e des prix - webdo\",\"isPartOf\":{\"@id\":\"https:\\\/\\\/www.webdo.tn\\\/fr\\\/#website\"},\"primaryImageOfPage\":{\"@id\":\"https:\\\/\\\/www.webdo.tn\\\/fr\\\/actualite\\\/national\\\/35-mille-moutons-importes-pour-laid-letat-tente-de-contenir-la-flambee-des-prix\\\/393801\\\/#primaryimage\"},\"image\":{\"@id\":\"https:\\\/\\\/www.webdo.tn\\\/fr\\\/actualite\\\/national\\\/35-mille-moutons-importes-pour-laid-letat-tente-de-contenir-la-flambee-des-prix\\\/393801\\\/#primaryimage\"},\"thumbnailUrl\":\"https:\\\/\\\/www.webdo.tn\\\/fr\\\/wp-content\\\/uploads\\\/2026\\\/02\\\/mouton.jpg\",\"datePublished\":\"2026-02-26T12:45:46+00:00\",\"dateModified\":\"2026-02-26T12:45:47+00:00\",\"description\":\"D\u00e9couvrez les mesures prises par le gouvernement pour r\u00e9guler les prix des moutons \u00e0 l'approche de l'A\u00efd al-Adha.\",\"breadcrumb\":{\"@id\":\"https:\\\/\\\/www.webdo.tn\\\/fr\\\/actualite\\\/national\\\/35-mille-moutons-importes-pour-laid-letat-tente-de-contenir-la-flambee-des-prix\\\/393801\\\/#breadcrumb\"},\"inLanguage\":\"fr-FR\",\"potentialAction\":[{\"@type\":\"ReadAction\",\"target\":[\"https:\\\/\\\/www.webdo.tn\\\/fr\\\/actualite\\\/national\\\/35-mille-moutons-importes-pour-laid-letat-tente-de-contenir-la-flambee-des-prix\\\/393801\\\/\"]}]},{\"@type\":\"ImageObject\",\"inLanguage\":\"fr-FR\",\"@id\":\"https:\\\/\\\/www.webdo.tn\\\/fr\\\/actualite\\\/national\\\/35-mille-moutons-importes-pour-laid-letat-tente-de-contenir-la-flambee-des-prix\\\/393801\\\/#primaryimage\",\"url\":\"https:\\\/\\\/www.webdo.tn\\\/fr\\\/wp-content\\\/uploads\\\/2026\\\/02\\\/mouton.jpg\",\"contentUrl\":\"https:\\\/\\\/www.webdo.tn\\\/fr\\\/wp-content\\\/uploads\\\/2026\\\/02\\\/mouton.jpg\",\"width\":1200,\"height\":558,\"caption\":\"Mouton tunisie importation\"},{\"@type\":\"BreadcrumbList\",\"@id\":\"https:\\\/\\\/www.webdo.tn\\\/fr\\\/actualite\\\/national\\\/35-mille-moutons-importes-pour-laid-letat-tente-de-contenir-la-flambee-des-prix\\\/393801\\\/#breadcrumb\",\"itemListElement\":[{\"@type\":\"ListItem\",\"position\":1,\"name\":\"Accueil\",\"item\":\"https:\\\/\\\/www.webdo.tn\\\/fr\\\/\"},{\"@type\":\"ListItem\",\"position\":2,\"name\":\"35 mille moutons import\u00e9s pour l\u2019A\u00efd, l\u2019\u00c9tat tente de contenir la flamb\u00e9e des prix\"}]},{\"@type\":\"WebSite\",\"@id\":\"https:\\\/\\\/www.webdo.tn\\\/fr\\\/#website\",\"url\":\"https:\\\/\\\/www.webdo.tn\\\/fr\\\/\",\"name\":\"webdo\",\"description\":\"Tunisie - News en Tunisie et \u00e0 l&#039;international sur Webdo.tn\",\"publisher\":{\"@id\":\"https:\\\/\\\/www.webdo.tn\\\/fr\\\/#organization\"},\"potentialAction\":[{\"@type\":\"SearchAction\",\"target\":{\"@type\":\"EntryPoint\",\"urlTemplate\":\"https:\\\/\\\/www.webdo.tn\\\/fr\\\/?s={search_term_string}\"},\"query-input\":{\"@type\":\"PropertyValueSpecification\",\"valueRequired\":true,\"valueName\":\"search_term_string\"}}],\"inLanguage\":\"fr-FR\"},{\"@type\":\"Organization\",\"@id\":\"https:\\\/\\\/www.webdo.tn\\\/fr\\\/#organization\",\"name\":\"Webdo\",\"alternateName\":\"Webdo.tn\",\"url\":\"https:\\\/\\\/www.webdo.tn\\\/fr\\\/\",\"logo\":{\"@type\":\"ImageObject\",\"inLanguage\":\"fr-FR\",\"@id\":\"https:\\\/\\\/www.webdo.tn\\\/fr\\\/#\\\/schema\\\/logo\\\/image\\\/\",\"url\":\"https:\\\/\\\/www.webdo.tn\\\/fr\\\/wp-content\\\/uploads\\\/2025\\\/06\\\/Webdo-Tunisie_168377.jpg\",\"contentUrl\":\"https:\\\/\\\/www.webdo.tn\\\/fr\\\/wp-content\\\/uploads\\\/2025\\\/06\\\/Webdo-Tunisie_168377.jpg\",\"width\":301,\"height\":301,\"caption\":\"Webdo\"},\"image\":{\"@id\":\"https:\\\/\\\/www.webdo.tn\\\/fr\\\/#\\\/schema\\\/logo\\\/image\\\/\"},\"sameAs\":[\"https:\\\/\\\/www.facebook.com\\\/webdotn\",\"https:\\\/\\\/x.com\\\/webdo_tn\"],\"description\":\"Webdo est un m\u00e9dia num\u00e9rique tunisien fond\u00e9 en 2010, sp\u00e9cialis\u00e9 dans l\u2019actualit\u00e9 nationale et internationale, l\u2019\u00e9conomie, la soci\u00e9t\u00e9 et les analyses politiques. Le site s\u2019adresse \u00e0 un large public francophone et couvre l\u2019information tunisienne en temps r\u00e9el.\",\"email\":\"redac@webdo.tn\",\"legalName\":\"YNJ SARL\",\"foundingDate\":\"2010-09-06\",\"numberOfEmployees\":{\"@type\":\"QuantitativeValue\",\"minValue\":\"11\",\"maxValue\":\"50\"}},{\"@type\":\"Person\",\"@id\":\"https:\\\/\\\/www.webdo.tn\\\/fr\\\/#\\\/schema\\\/person\\\/b9ecde7a5574cb4fcf4b496ea5fadb15\",\"name\":\"Wided Belhaj\",\"image\":{\"@type\":\"ImageObject\",\"inLanguage\":\"fr-FR\",\"@id\":\"https:\\\/\\\/www.webdo.tn\\\/fr\\\/wp-content\\\/uploads\\\/2026\\\/04\\\/wided-belhaj_avatar-96x96.jpg\",\"url\":\"https:\\\/\\\/www.webdo.tn\\\/fr\\\/wp-content\\\/uploads\\\/2026\\\/04\\\/wided-belhaj_avatar-96x96.jpg\",\"contentUrl\":\"https:\\\/\\\/www.webdo.tn\\\/fr\\\/wp-content\\\/uploads\\\/2026\\\/04\\\/wided-belhaj_avatar-96x96.jpg\",\"caption\":\"Wided Belhaj\"},\"description\":\"Wided Belhaj est le pseudonyme \u00e9ditorial utilis\u00e9 par Khalil Jelassi, journaliste, ma\u00eetre-assistant \u00e0 l\u2019Institut de presse et des sciences de l\u2019information (IPSI) et chercheur en sciences de l\u2019information et de la communication. Cette signature est d\u00e9di\u00e9e \u00e0 l\u2019analyse des m\u00e9dias, des pratiques journalistiques et des mutations de l\u2019information \u00e0 l\u2019\u00e8re digitale. \u00c0 travers ses contributions, Wided Belhaj propose une lecture analytique de l\u2019actualit\u00e9, en croisant regard critique et expertise acad\u00e9mique.\",\"knowsAbout\":[\"m\u00e9dias\",\"journalisme\",\"communication\",\"information\",\"transformation num\u00e9rique\",\"analyse des m\u00e9dias\"],\"knowsLanguage\":[\"Fran\u00e7ais\",\"Arabe\"],\"jobTitle\":\"Webdo.tn\",\"worksFor\":\"Journaliste \u2013 Analyse des m\u00e9dias\",\"url\":\"https:\\\/\\\/www.webdo.tn\\\/fr\\\/actualite\\\/author\\\/wided-belhaj\\\/\"}]}<\/script>\n<!-- \/ Yoast SEO Premium plugin. -->","yoast_head_json":{"title":"35 mille moutons import\u00e9s pour l\u2019A\u00efd, l\u2019\u00c9tat tente de contenir la flamb\u00e9e des prix - webdo","description":"D\u00e9couvrez les mesures prises par le gouvernement pour r\u00e9guler les prix des moutons \u00e0 l'approche de l'A\u00efd al-Adha.","canonical":"https:\/\/www.webdo.tn\/fr\/actualite\/national\/35-mille-moutons-importes-pour-laid-letat-tente-de-contenir-la-flambee-des-prix\/393801\/","og_locale":"fr_FR","og_type":"article","og_title":"35 mille moutons import\u00e9s pour l\u2019A\u00efd, l\u2019\u00c9tat tente de contenir la flamb\u00e9e des prix","og_description":"D\u00e9couvrez les mesures prises par le gouvernement pour r\u00e9guler les prix des moutons \u00e0 l'approche de l'A\u00efd al-Adha.","og_url":"https:\/\/www.webdo.tn\/fr\/actualite\/national\/35-mille-moutons-importes-pour-laid-letat-tente-de-contenir-la-flambee-des-prix\/393801\/","og_site_name":"webdo","article_publisher":"https:\/\/www.facebook.com\/webdotn","article_published_time":"2026-02-26T12:45:46+00:00","article_modified_time":"2026-02-26T12:45:47+00:00","og_image":[{"width":1200,"height":558,"url":"https:\/\/www.webdo.tn\/fr\/wp-content\/uploads\/2026\/02\/mouton.jpg","type":"image\/jpeg"}],"author":"Wided Belhaj","twitter_card":"summary_large_image","twitter_creator":"@webdo_tn","twitter_site":"@webdo_tn","twitter_misc":{"\u00c9crit par":"Wided Belhaj","Dur\u00e9e de lecture estim\u00e9e":"3 minutes"},"schema":{"@context":"https:\/\/schema.org","@graph":[{"@type":"NewsArticle","@id":"https:\/\/www.webdo.tn\/fr\/actualite\/national\/35-mille-moutons-importes-pour-laid-letat-tente-de-contenir-la-flambee-des-prix\/393801\/#article","isPartOf":{"@id":"https:\/\/www.webdo.tn\/fr\/actualite\/national\/35-mille-moutons-importes-pour-laid-letat-tente-de-contenir-la-flambee-des-prix\/393801\/"},"author":{"name":"Wided Belhaj","@id":"https:\/\/www.webdo.tn\/fr\/#\/schema\/person\/b9ecde7a5574cb4fcf4b496ea5fadb15"},"headline":"35 mille moutons import\u00e9s pour l\u2019A\u00efd, l\u2019\u00c9tat tente de contenir la flamb\u00e9e des prix","datePublished":"2026-02-26T12:45:46+00:00","dateModified":"2026-02-26T12:45:47+00:00","mainEntityOfPage":{"@id":"https:\/\/www.webdo.tn\/fr\/actualite\/national\/35-mille-moutons-importes-pour-laid-letat-tente-de-contenir-la-flambee-des-prix\/393801\/"},"wordCount":474,"publisher":{"@id":"https:\/\/www.webdo.tn\/fr\/#organization"},"image":{"@id":"https:\/\/www.webdo.tn\/fr\/actualite\/national\/35-mille-moutons-importes-pour-laid-letat-tente-de-contenir-la-flambee-des-prix\/393801\/#primaryimage"},"thumbnailUrl":"https:\/\/www.webdo.tn\/fr\/wp-content\/uploads\/2026\/02\/mouton.jpg","keywords":["importation","mouton","Tunisie"],"articleSection":["National"],"inLanguage":"fr-FR"},{"@type":"WebPage","@id":"https:\/\/www.webdo.tn\/fr\/actualite\/national\/35-mille-moutons-importes-pour-laid-letat-tente-de-contenir-la-flambee-des-prix\/393801\/","url":"https:\/\/www.webdo.tn\/fr\/actualite\/national\/35-mille-moutons-importes-pour-laid-letat-tente-de-contenir-la-flambee-des-prix\/393801\/","name":"35 mille moutons import\u00e9s pour l\u2019A\u00efd, l\u2019\u00c9tat tente de contenir la flamb\u00e9e des prix - webdo","isPartOf":{"@id":"https:\/\/www.webdo.tn\/fr\/#website"},"primaryImageOfPage":{"@id":"https:\/\/www.webdo.tn\/fr\/actualite\/national\/35-mille-moutons-importes-pour-laid-letat-tente-de-contenir-la-flambee-des-prix\/393801\/#primaryimage"},"image":{"@id":"https:\/\/www.webdo.tn\/fr\/actualite\/national\/35-mille-moutons-importes-pour-laid-letat-tente-de-contenir-la-flambee-des-prix\/393801\/#primaryimage"},"thumbnailUrl":"https:\/\/www.webdo.tn\/fr\/wp-content\/uploads\/2026\/02\/mouton.jpg","datePublished":"2026-02-26T12:45:46+00:00","dateModified":"2026-02-26T12:45:47+00:00","description":"D\u00e9couvrez les mesures prises par le gouvernement pour r\u00e9guler les prix des moutons \u00e0 l'approche de l'A\u00efd al-Adha.","breadcrumb":{"@id":"https:\/\/www.webdo.tn\/fr\/actualite\/national\/35-mille-moutons-importes-pour-laid-letat-tente-de-contenir-la-flambee-des-prix\/393801\/#breadcrumb"},"inLanguage":"fr-FR","potentialAction":[{"@type":"ReadAction","target":["https:\/\/www.webdo.tn\/fr\/actualite\/national\/35-mille-moutons-importes-pour-laid-letat-tente-de-contenir-la-flambee-des-prix\/393801\/"]}]},{"@type":"ImageObject","inLanguage":"fr-FR","@id":"https:\/\/www.webdo.tn\/fr\/actualite\/national\/35-mille-moutons-importes-pour-laid-letat-tente-de-contenir-la-flambee-des-prix\/393801\/#primaryimage","url":"https:\/\/www.webdo.tn\/fr\/wp-content\/uploads\/2026\/02\/mouton.jpg","contentUrl":"https:\/\/www.webdo.tn\/fr\/wp-content\/uploads\/2026\/02\/mouton.jpg","width":1200,"height":558,"caption":"Mouton tunisie importation"},{"@type":"BreadcrumbList","@id":"https:\/\/www.webdo.tn\/fr\/actualite\/national\/35-mille-moutons-importes-pour-laid-letat-tente-de-contenir-la-flambee-des-prix\/393801\/#breadcrumb","itemListElement":[{"@type":"ListItem","position":1,"name":"Accueil","item":"https:\/\/www.webdo.tn\/fr\/"},{"@type":"ListItem","position":2,"name":"35 mille moutons import\u00e9s pour l\u2019A\u00efd, l\u2019\u00c9tat tente de contenir la flamb\u00e9e des prix"}]},{"@type":"WebSite","@id":"https:\/\/www.webdo.tn\/fr\/#website","url":"https:\/\/www.webdo.tn\/fr\/","name":"webdo","description":"Tunisie - News en Tunisie et \u00e0 l&#039;international sur Webdo.tn","publisher":{"@id":"https:\/\/www.webdo.tn\/fr\/#organization"},"potentialAction":[{"@type":"SearchAction","target":{"@type":"EntryPoint","urlTemplate":"https:\/\/www.webdo.tn\/fr\/?s={search_term_string}"},"query-input":{"@type":"PropertyValueSpecification","valueRequired":true,"valueName":"search_term_string"}}],"inLanguage":"fr-FR"},{"@type":"Organization","@id":"https:\/\/www.webdo.tn\/fr\/#organization","name":"Webdo","alternateName":"Webdo.tn","url":"https:\/\/www.webdo.tn\/fr\/","logo":{"@type":"ImageObject","inLanguage":"fr-FR","@id":"https:\/\/www.webdo.tn\/fr\/#\/schema\/logo\/image\/","url":"https:\/\/www.webdo.tn\/fr\/wp-content\/uploads\/2025\/06\/Webdo-Tunisie_168377.jpg","contentUrl":"https:\/\/www.webdo.tn\/fr\/wp-content\/uploads\/2025\/06\/Webdo-Tunisie_168377.jpg","width":301,"height":301,"caption":"Webdo"},"image":{"@id":"https:\/\/www.webdo.tn\/fr\/#\/schema\/logo\/image\/"},"sameAs":["https:\/\/www.facebook.com\/webdotn","https:\/\/x.com\/webdo_tn"],"description":"Webdo est un m\u00e9dia num\u00e9rique tunisien fond\u00e9 en 2010, sp\u00e9cialis\u00e9 dans l\u2019actualit\u00e9 nationale et internationale, l\u2019\u00e9conomie, la soci\u00e9t\u00e9 et les analyses politiques. Le site s\u2019adresse \u00e0 un large public francophone et couvre l\u2019information tunisienne en temps r\u00e9el.","email":"redac@webdo.tn","legalName":"YNJ SARL","foundingDate":"2010-09-06","numberOfEmployees":{"@type":"QuantitativeValue","minValue":"11","maxValue":"50"}},{"@type":"Person","@id":"https:\/\/www.webdo.tn\/fr\/#\/schema\/person\/b9ecde7a5574cb4fcf4b496ea5fadb15","name":"Wided Belhaj","image":{"@type":"ImageObject","inLanguage":"fr-FR","@id":"https:\/\/www.webdo.tn\/fr\/wp-content\/uploads\/2026\/04\/wided-belhaj_avatar-96x96.jpg","url":"https:\/\/www.webdo.tn\/fr\/wp-content\/uploads\/2026\/04\/wided-belhaj_avatar-96x96.jpg","contentUrl":"https:\/\/www.webdo.tn\/fr\/wp-content\/uploads\/2026\/04\/wided-belhaj_avatar-96x96.jpg","caption":"Wided Belhaj"},"description":"Wided Belhaj est le pseudonyme \u00e9ditorial utilis\u00e9 par Khalil Jelassi, journaliste, ma\u00eetre-assistant \u00e0 l\u2019Institut de presse et des sciences de l\u2019information (IPSI) et chercheur en sciences de l\u2019information et de la communication. Cette signature est d\u00e9di\u00e9e \u00e0 l\u2019analyse des m\u00e9dias, des pratiques journalistiques et des mutations de l\u2019information \u00e0 l\u2019\u00e8re digitale. \u00c0 travers ses contributions, Wided Belhaj propose une lecture analytique de l\u2019actualit\u00e9, en croisant regard critique et expertise acad\u00e9mique.","knowsAbout":["m\u00e9dias","journalisme","communication","information","transformation num\u00e9rique","analyse des m\u00e9dias"],"knowsLanguage":["Fran\u00e7ais","Arabe"],"jobTitle":"Webdo.tn","worksFor":"Journaliste \u2013 Analyse des m\u00e9dias","url":"https:\/\/www.webdo.tn\/fr\/actualite\/author\/wided-belhaj\/"}]}},"_links":{"self":[{"href":"https:\/\/www.webdo.tn\/fr\/wp-json\/wp\/v2\/posts\/393801","targetHints":{"allow":["GET"]}}],"collection":[{"href":"https:\/\/www.webdo.tn\/fr\/wp-json\/wp\/v2\/posts"}],"about":[{"href":"https:\/\/www.webdo.tn\/fr\/wp-json\/wp\/v2\/types\/post"}],"author":[{"embeddable":true,"href":"https:\/\/www.webdo.tn\/fr\/wp-json\/wp\/v2\/users\/3184"}],"replies":[{"embeddable":true,"href":"https:\/\/www.webdo.tn\/fr\/wp-json\/wp\/v2\/comments?post=393801"}],"version-history":[{"count":0,"href":"https:\/\/www.webdo.tn\/fr\/wp-json\/wp\/v2\/posts\/393801\/revisions"}],"wp:featuredmedia":[{"embeddable":true,"href":"https:\/\/www.webdo.tn\/fr\/wp-json\/wp\/v2\/media\/393802"}],"wp:attachment":[{"href":"https:\/\/www.webdo.tn\/fr\/wp-json\/wp\/v2\/media?parent=393801"}],"wp:term":[{"taxonomy":"category","embeddable":true,"href":"https:\/\/www.webdo.tn\/fr\/wp-json\/wp\/v2\/categories?post=393801"},{"taxonomy":"post_tag","embeddable":true,"href":"https:\/\/www.webdo.tn\/fr\/wp-json\/wp\/v2\/tags?post=393801"}],"curies":[{"name":"wp","href":"https:\/\/api.w.org\/{rel}","templated":true}]}}