{"id":393767,"date":"2026-02-26T08:49:40","date_gmt":"2026-02-26T07:49:40","guid":{"rendered":"https:\/\/www.webdo.tn\/fr\/?p=393767"},"modified":"2026-02-26T08:49:41","modified_gmt":"2026-02-26T07:49:41","slug":"nucleaire-iranien-negociations-sous-haute-tension-a-geneve-washington-durcit-les-sanctions","status":"publish","type":"post","link":"https:\/\/www.webdo.tn\/fr\/actualite\/international\/nucleaire-iranien-negociations-sous-haute-tension-a-geneve-washington-durcit-les-sanctions\/393767\/","title":{"rendered":"Nucl\u00e9aire iranien : N\u00e9gociations sous haute tension \u00e0 Gen\u00e8ve, Washington durcit les sanctions"},"content":{"rendered":"\n<p><strong>De nouvelles discussions indirectes entre Washington et T\u00e9h\u00e9ran s\u2019ouvrent aujourd\u2019hui \u00e0 Gen\u00e8ve, dans un climat d\u2019escalade militaire et de pressions \u00e9conomiques accrues. \u00c0 la veille de ce troisi\u00e8me cycle de pourparlers, les \u00c9tats-Unis ont d\u00e9cr\u00e9t\u00e9 une nouvelle salve de sanctions visant des entit\u00e9s et des p\u00e9troliers iraniens. En toile de fond, le pr\u00e9sident am\u00e9ricain brandit la menace d\u2019une frappe limit\u00e9e tandis que l\u2019Iran affiche un optimisme prudent.<\/strong><\/p>\n\n\n\n<h2 class=\"wp-block-heading\" id=\"h-dialogue-fragile-sous-mediation-omanaise\">Dialogue fragile sous m\u00e9diation omanaise<\/h2>\n\n\n\n<p>Les d\u00e9l\u00e9gations am\u00e9ricaine et iranienne doivent se retrouver jeudi en Suisse pour tenter d\u2019avancer sur l\u2019\u00e9pineux dossier du programme nucl\u00e9aire iranien. Les discussions, indirectes, seront men\u00e9es sous la m\u00e9diation du chef de la diplomatie d\u2019Oman.<\/p>\n\n\n\n<p>C\u00f4t\u00e9 am\u00e9ricain, l\u2019\u00e9missaire sp\u00e9cial et proche du pr\u00e9sident Steve Witkoff participera aux \u00e9changes, aux c\u00f4t\u00e9s de Jared Kushner, conseiller influent et gendre du pr\u00e9sident Donald Trump. Ils feront face au ministre iranien des Affaires \u00e9trang\u00e8res, Abbas Araqchi.<\/p>\n\n\n\n<blockquote class=\"wp-block-quote is-layout-flow wp-block-quote-is-layout-flow\">\n<blockquote class=\"wp-block-quote is-layout-flow wp-block-quote-is-layout-flow\">\n<ul class=\"wp-block-list\">\n<li class=\"has-medium-font-size\"><strong>Lire aussi :<\/strong> <a href=\"https:\/\/www.webdo.tn\/fr\/actualite\/international\/washington-menace-moscou-manoeuvre-teheran-negocie\/393410\/\">Washington menace, Moscou man\u0153uvre, T\u00e9h\u00e9ran n\u00e9gocie<\/a><\/li>\n<\/ul>\n<\/blockquote>\n<\/blockquote>\n\n\n\n<p>Ces pourparlers interviennent apr\u00e8s deux pr\u00e9c\u00e9dentes sessions organis\u00e9es depuis la reprise du dialogue d\u00e9but f\u00e9vrier, une premi\u00e8re depuis la guerre de douze jours de juin 2025. Malgr\u00e9 ce canal diplomatique r\u00e9activ\u00e9, les tensions demeurent vives.<\/p>\n\n\n\n<p>Le pr\u00e9sident iranien Massoud Pezeshkian s\u2019est voulu confiant quant \u00e0 l\u2019issue des discussions, affichant un optimisme mesur\u00e9 avant cette nouvelle s\u00e9quence diplomatique.<\/p>\n\n\n\n<h2 class=\"wp-block-heading\" id=\"h-washington-frappe-au-portefeuille\">Washington frappe au portefeuille<\/h2>\n\n\n\n<p>\u00c0 la veille des n\u00e9gociations, l\u2019administration am\u00e9ricaine a annonc\u00e9 une nouvelle s\u00e9rie de sanctions \u00e9conomiques contre T\u00e9h\u00e9ran. Le d\u00e9partement du Tr\u00e9sor a plac\u00e9 sur liste noire plusieurs soci\u00e9t\u00e9s, douze p\u00e9troliers iraniens et quatre ressortissants iraniens.<\/p>\n\n\n\n<p>Selon Washington, ces navires appartiennent \u00e0 une \u00ab flotte fant\u00f4me \u00bb utilis\u00e9e pour contourner l\u2019embargo sur les exportations de brut iranien. Les autorit\u00e9s am\u00e9ricaines accusent T\u00e9h\u00e9ran d\u2019utiliser ces revenus pour financer la r\u00e9pression interne, soutenir des groupes arm\u00e9s alli\u00e9s et d\u00e9velopper ses capacit\u00e9s militaires.<\/p>\n\n\n\n<p>Cette d\u00e9cision illustre la strat\u00e9gie am\u00e9ricaine de pression maximale, alors m\u00eame que la diplomatie reste officiellement ouverte.<\/p>\n\n\n\n<h2 class=\"wp-block-heading\" id=\"h-menaces-militaires-et-lignes-rouges\">Menaces militaires et lignes rouges<\/h2>\n\n\n\n<p>Le climat reste marqu\u00e9 par une forte tension strat\u00e9gique. Le pr\u00e9sident am\u00e9ricain a r\u00e9cemment accord\u00e9 \u00e0 l\u2019Iran un d\u00e9lai de dix \u00e0 quinze jours pour parvenir \u00e0 un accord, \u00e9voquant la possibilit\u00e9 d\u2019une frappe cibl\u00e9e contre la R\u00e9publique islamique. Il a \u00e9galement ordonn\u00e9 un renforcement massif de la pr\u00e9sence militaire am\u00e9ricaine au Moyen-Orient, avec notamment le d\u00e9ploiement de deux porte-avions et de dizaines de milliers de soldats dans la r\u00e9gion.<\/p>\n\n\n\n<blockquote class=\"wp-block-quote is-layout-flow wp-block-quote-is-layout-flow\">\n<blockquote class=\"wp-block-quote is-layout-flow wp-block-quote-is-layout-flow\">\n<ul class=\"wp-block-list\">\n<li class=\"has-medium-font-size\"><strong>Lire aussi :<\/strong> <a href=\"https:\/\/www.webdo.tn\/fr\/actualite\/international\/iran-etats-unis-des-progres-significatifs-dans-les-negociations-nucleaires-a-geneve\/393364\/\">Iran\u2013\u00c9tats-Unis : Des \u00ab progr\u00e8s significatifs \u00bb dans les n\u00e9gociations nucl\u00e9aires \u00e0 Gen\u00e8ve<\/a><\/li>\n<\/ul>\n<\/blockquote>\n<\/blockquote>\n\n\n\n<p>Lors d\u2019un discours r\u00e9cent, Donald Trump a accus\u00e9 l\u2019Iran de d\u00e9velopper des missiles susceptibles de menacer l\u2019Europe et les bases am\u00e9ricaines, affirmant que T\u00e9h\u00e9ran poursuivait des ambitions nucl\u00e9aires \u00ab sinistres \u00bb.<\/p>\n\n\n\n<p>L\u2019Iran, de son c\u00f4t\u00e9, rejette toute volont\u00e9 de se doter de l\u2019arme atomique et insiste pour que les discussions se limitent strictement \u00e0 son programme nucl\u00e9aire civil. T\u00e9h\u00e9ran exige par ailleurs la lev\u00e9e des sanctions qui asphyxient son \u00e9conomie.<\/p>\n\n\n\n<p>Washington, en revanche, souhaite \u00e9largir l\u2019\u00e9ventuel accord au programme balistique iranien ainsi qu\u2019au soutien de la R\u00e9publique islamique aux groupes arm\u00e9s dans la r\u00e9gion.<\/p>\n\n\n\n<p><\/p>\n\n\n\n<p><\/p>\n","protected":false},"excerpt":{"rendered":"<p>De nouvelles discussions indirectes entre Washington et T\u00e9h\u00e9ran s\u2019ouvrent aujourd\u2019hui \u00e0 Gen\u00e8ve, dans un climat d\u2019escalade militaire et de pressions \u00e9conomiques accrues. \u00c0 la veille de ce troisi\u00e8me cycle de pourparlers, les \u00c9tats-Unis ont d\u00e9cr\u00e9t\u00e9 une nouvelle salve de sanctions visant des entit\u00e9s et des p\u00e9troliers iraniens. En toile de fond, le pr\u00e9sident am\u00e9ricain brandit [&hellip;]<\/p>\n","protected":false},"author":4782,"featured_media":393768,"comment_status":"closed","ping_status":"closed","sticky":false,"template":"","format":"standard","meta":{"footnotes":""},"categories":[2598],"tags":[3035,2912,6469],"class_list":["post-393767","post","type-post","status-publish","format-standard","has-post-thumbnail","hentry","category-international","tag-etats-unis","tag-iran","tag-nucleaire-iranien"],"yoast_head":"<!-- This site is optimized with the Yoast SEO Premium plugin v27.5 (Yoast SEO v27.5) - https:\/\/yoast.com\/product\/yoast-seo-premium-wordpress\/ -->\n<title>Nucl\u00e9aire iranien : N\u00e9gociations sous haute tension \u00e0 Gen\u00e8ve, Washington durcit les sanctions - webdo<\/title>\n<meta name=\"description\" content=\"\u00c0 Gen\u00e8ve, Washington et T\u00e9h\u00e9ran discutent du nucl\u00e9aire iranien. Les tensions montent alors que des sanctions s\u00e9v\u00e8res sont impos\u00e9es.\" \/>\n<link rel=\"canonical\" href=\"https:\/\/www.webdo.tn\/fr\/actualite\/international\/nucleaire-iranien-negociations-sous-haute-tension-a-geneve-washington-durcit-les-sanctions\/393767\/\" \/>\n<meta property=\"og:locale\" content=\"fr_FR\" \/>\n<meta property=\"og:type\" content=\"article\" \/>\n<meta property=\"og:title\" content=\"Nucl\u00e9aire iranien : N\u00e9gociations sous haute tension \u00e0 Gen\u00e8ve, Washington durcit les sanctions\" \/>\n<meta property=\"og:description\" content=\"\u00c0 Gen\u00e8ve, Washington et T\u00e9h\u00e9ran discutent du nucl\u00e9aire iranien. Les tensions montent alors que des sanctions s\u00e9v\u00e8res sont impos\u00e9es.\" \/>\n<meta property=\"og:url\" content=\"https:\/\/www.webdo.tn\/fr\/actualite\/international\/nucleaire-iranien-negociations-sous-haute-tension-a-geneve-washington-durcit-les-sanctions\/393767\/\" \/>\n<meta property=\"og:site_name\" content=\"webdo\" \/>\n<meta property=\"article:publisher\" content=\"https:\/\/www.facebook.com\/webdotn\" \/>\n<meta property=\"article:published_time\" content=\"2026-02-26T07:49:40+00:00\" \/>\n<meta property=\"article:modified_time\" content=\"2026-02-26T07:49:41+00:00\" \/>\n<meta property=\"og:image\" content=\"https:\/\/www.webdo.tn\/fr\/wp-content\/uploads\/2026\/02\/Le-deploiement-de-lUSS-Gerald-Ford.jpg\" \/>\n\t<meta property=\"og:image:width\" content=\"1200\" \/>\n\t<meta property=\"og:image:height\" content=\"600\" \/>\n\t<meta property=\"og:image:type\" content=\"image\/jpeg\" \/>\n<meta name=\"author\" content=\"Mohamed Fethi\" \/>\n<meta name=\"twitter:card\" content=\"summary_large_image\" \/>\n<meta name=\"twitter:creator\" content=\"@webdo_tn\" \/>\n<meta name=\"twitter:site\" content=\"@webdo_tn\" \/>\n<meta name=\"twitter:label1\" content=\"\u00c9crit par\" \/>\n\t<meta name=\"twitter:data1\" content=\"Mohamed Fethi\" \/>\n\t<meta name=\"twitter:label2\" content=\"Dur\u00e9e de lecture estim\u00e9e\" \/>\n\t<meta name=\"twitter:data2\" content=\"3 minutes\" \/>\n<script type=\"application\/ld+json\" class=\"yoast-schema-graph\">{\"@context\":\"https:\\\/\\\/schema.org\",\"@graph\":[{\"@type\":\"NewsArticle\",\"@id\":\"https:\\\/\\\/www.webdo.tn\\\/fr\\\/actualite\\\/international\\\/nucleaire-iranien-negociations-sous-haute-tension-a-geneve-washington-durcit-les-sanctions\\\/393767\\\/#article\",\"isPartOf\":{\"@id\":\"https:\\\/\\\/www.webdo.tn\\\/fr\\\/actualite\\\/international\\\/nucleaire-iranien-negociations-sous-haute-tension-a-geneve-washington-durcit-les-sanctions\\\/393767\\\/\"},\"author\":{\"name\":\"Mohamed Fethi\",\"@id\":\"https:\\\/\\\/www.webdo.tn\\\/fr\\\/#\\\/schema\\\/person\\\/16a4857e77dfc0b610c4c2cadffc9ac4\"},\"headline\":\"Nucl\u00e9aire iranien : N\u00e9gociations sous haute tension \u00e0 Gen\u00e8ve, Washington durcit les sanctions\",\"datePublished\":\"2026-02-26T07:49:40+00:00\",\"dateModified\":\"2026-02-26T07:49:41+00:00\",\"mainEntityOfPage\":{\"@id\":\"https:\\\/\\\/www.webdo.tn\\\/fr\\\/actualite\\\/international\\\/nucleaire-iranien-negociations-sous-haute-tension-a-geneve-washington-durcit-les-sanctions\\\/393767\\\/\"},\"wordCount\":607,\"publisher\":{\"@id\":\"https:\\\/\\\/www.webdo.tn\\\/fr\\\/#organization\"},\"image\":{\"@id\":\"https:\\\/\\\/www.webdo.tn\\\/fr\\\/actualite\\\/international\\\/nucleaire-iranien-negociations-sous-haute-tension-a-geneve-washington-durcit-les-sanctions\\\/393767\\\/#primaryimage\"},\"thumbnailUrl\":\"https:\\\/\\\/www.webdo.tn\\\/fr\\\/wp-content\\\/uploads\\\/2026\\\/02\\\/Le-deploiement-de-lUSS-Gerald-Ford.jpg\",\"keywords\":[\"Etats-Unis\",\"Iran\",\"Nucl\u00e9aire iranien\"],\"articleSection\":[\"International\"],\"inLanguage\":\"fr-FR\"},{\"@type\":\"WebPage\",\"@id\":\"https:\\\/\\\/www.webdo.tn\\\/fr\\\/actualite\\\/international\\\/nucleaire-iranien-negociations-sous-haute-tension-a-geneve-washington-durcit-les-sanctions\\\/393767\\\/\",\"url\":\"https:\\\/\\\/www.webdo.tn\\\/fr\\\/actualite\\\/international\\\/nucleaire-iranien-negociations-sous-haute-tension-a-geneve-washington-durcit-les-sanctions\\\/393767\\\/\",\"name\":\"Nucl\u00e9aire iranien : N\u00e9gociations sous haute tension \u00e0 Gen\u00e8ve, Washington durcit les sanctions - webdo\",\"isPartOf\":{\"@id\":\"https:\\\/\\\/www.webdo.tn\\\/fr\\\/#website\"},\"primaryImageOfPage\":{\"@id\":\"https:\\\/\\\/www.webdo.tn\\\/fr\\\/actualite\\\/international\\\/nucleaire-iranien-negociations-sous-haute-tension-a-geneve-washington-durcit-les-sanctions\\\/393767\\\/#primaryimage\"},\"image\":{\"@id\":\"https:\\\/\\\/www.webdo.tn\\\/fr\\\/actualite\\\/international\\\/nucleaire-iranien-negociations-sous-haute-tension-a-geneve-washington-durcit-les-sanctions\\\/393767\\\/#primaryimage\"},\"thumbnailUrl\":\"https:\\\/\\\/www.webdo.tn\\\/fr\\\/wp-content\\\/uploads\\\/2026\\\/02\\\/Le-deploiement-de-lUSS-Gerald-Ford.jpg\",\"datePublished\":\"2026-02-26T07:49:40+00:00\",\"dateModified\":\"2026-02-26T07:49:41+00:00\",\"description\":\"\u00c0 Gen\u00e8ve, Washington et T\u00e9h\u00e9ran discutent du nucl\u00e9aire iranien. Les tensions montent alors que des sanctions s\u00e9v\u00e8res sont impos\u00e9es.\",\"breadcrumb\":{\"@id\":\"https:\\\/\\\/www.webdo.tn\\\/fr\\\/actualite\\\/international\\\/nucleaire-iranien-negociations-sous-haute-tension-a-geneve-washington-durcit-les-sanctions\\\/393767\\\/#breadcrumb\"},\"inLanguage\":\"fr-FR\",\"potentialAction\":[{\"@type\":\"ReadAction\",\"target\":[\"https:\\\/\\\/www.webdo.tn\\\/fr\\\/actualite\\\/international\\\/nucleaire-iranien-negociations-sous-haute-tension-a-geneve-washington-durcit-les-sanctions\\\/393767\\\/\"]}]},{\"@type\":\"ImageObject\",\"inLanguage\":\"fr-FR\",\"@id\":\"https:\\\/\\\/www.webdo.tn\\\/fr\\\/actualite\\\/international\\\/nucleaire-iranien-negociations-sous-haute-tension-a-geneve-washington-durcit-les-sanctions\\\/393767\\\/#primaryimage\",\"url\":\"https:\\\/\\\/www.webdo.tn\\\/fr\\\/wp-content\\\/uploads\\\/2026\\\/02\\\/Le-deploiement-de-lUSS-Gerald-Ford.jpg\",\"contentUrl\":\"https:\\\/\\\/www.webdo.tn\\\/fr\\\/wp-content\\\/uploads\\\/2026\\\/02\\\/Le-deploiement-de-lUSS-Gerald-Ford.jpg\",\"width\":1200,\"height\":600,\"caption\":\"L\u2019USS G\u00e9rald Ford\"},{\"@type\":\"BreadcrumbList\",\"@id\":\"https:\\\/\\\/www.webdo.tn\\\/fr\\\/actualite\\\/international\\\/nucleaire-iranien-negociations-sous-haute-tension-a-geneve-washington-durcit-les-sanctions\\\/393767\\\/#breadcrumb\",\"itemListElement\":[{\"@type\":\"ListItem\",\"position\":1,\"name\":\"Accueil\",\"item\":\"https:\\\/\\\/www.webdo.tn\\\/fr\\\/\"},{\"@type\":\"ListItem\",\"position\":2,\"name\":\"Nucl\u00e9aire iranien : N\u00e9gociations sous haute tension \u00e0 Gen\u00e8ve, Washington durcit les sanctions\"}]},{\"@type\":\"WebSite\",\"@id\":\"https:\\\/\\\/www.webdo.tn\\\/fr\\\/#website\",\"url\":\"https:\\\/\\\/www.webdo.tn\\\/fr\\\/\",\"name\":\"webdo\",\"description\":\"Tunisie - News en Tunisie et \u00e0 l&#039;international sur Webdo.tn\",\"publisher\":{\"@id\":\"https:\\\/\\\/www.webdo.tn\\\/fr\\\/#organization\"},\"potentialAction\":[{\"@type\":\"SearchAction\",\"target\":{\"@type\":\"EntryPoint\",\"urlTemplate\":\"https:\\\/\\\/www.webdo.tn\\\/fr\\\/?s={search_term_string}\"},\"query-input\":{\"@type\":\"PropertyValueSpecification\",\"valueRequired\":true,\"valueName\":\"search_term_string\"}}],\"inLanguage\":\"fr-FR\"},{\"@type\":\"Organization\",\"@id\":\"https:\\\/\\\/www.webdo.tn\\\/fr\\\/#organization\",\"name\":\"Webdo\",\"alternateName\":\"Webdo.tn\",\"url\":\"https:\\\/\\\/www.webdo.tn\\\/fr\\\/\",\"logo\":{\"@type\":\"ImageObject\",\"inLanguage\":\"fr-FR\",\"@id\":\"https:\\\/\\\/www.webdo.tn\\\/fr\\\/#\\\/schema\\\/logo\\\/image\\\/\",\"url\":\"https:\\\/\\\/www.webdo.tn\\\/fr\\\/wp-content\\\/uploads\\\/2025\\\/06\\\/Webdo-Tunisie_168377.jpg\",\"contentUrl\":\"https:\\\/\\\/www.webdo.tn\\\/fr\\\/wp-content\\\/uploads\\\/2025\\\/06\\\/Webdo-Tunisie_168377.jpg\",\"width\":301,\"height\":301,\"caption\":\"Webdo\"},\"image\":{\"@id\":\"https:\\\/\\\/www.webdo.tn\\\/fr\\\/#\\\/schema\\\/logo\\\/image\\\/\"},\"sameAs\":[\"https:\\\/\\\/www.facebook.com\\\/webdotn\",\"https:\\\/\\\/x.com\\\/webdo_tn\"],\"description\":\"Webdo est un m\u00e9dia num\u00e9rique tunisien fond\u00e9 en 2010, sp\u00e9cialis\u00e9 dans l\u2019actualit\u00e9 nationale et internationale, l\u2019\u00e9conomie, la soci\u00e9t\u00e9 et les analyses politiques. Le site s\u2019adresse \u00e0 un large public francophone et couvre l\u2019information tunisienne en temps r\u00e9el.\",\"email\":\"redac@webdo.tn\",\"legalName\":\"YNJ SARL\",\"foundingDate\":\"2010-09-06\",\"numberOfEmployees\":{\"@type\":\"QuantitativeValue\",\"minValue\":\"11\",\"maxValue\":\"50\"}},{\"@type\":\"Person\",\"@id\":\"https:\\\/\\\/www.webdo.tn\\\/fr\\\/#\\\/schema\\\/person\\\/16a4857e77dfc0b610c4c2cadffc9ac4\",\"name\":\"Mohamed Fethi\",\"image\":{\"@type\":\"ImageObject\",\"inLanguage\":\"fr-FR\",\"@id\":\"https:\\\/\\\/www.webdo.tn\\\/fr\\\/wp-content\\\/uploads\\\/2026\\\/04\\\/mohamed-fethi_avatar_1-96x96.jpg\",\"url\":\"https:\\\/\\\/www.webdo.tn\\\/fr\\\/wp-content\\\/uploads\\\/2026\\\/04\\\/mohamed-fethi_avatar_1-96x96.jpg\",\"contentUrl\":\"https:\\\/\\\/www.webdo.tn\\\/fr\\\/wp-content\\\/uploads\\\/2026\\\/04\\\/mohamed-fethi_avatar_1-96x96.jpg\",\"caption\":\"Mohamed Fethi\"},\"description\":\"Signature \u00e9ditoriale de Maher Chaabane Mohamed Fethi est le pseudonyme \u00e9ditorial de Maher Chaabane, r\u00e9dacteur en chef de Webdo.tn depuis 2012. Cette signature est d\u00e9di\u00e9e au traitement intensif de l'actualit\u00e9 nationale et internationale en temps r\u00e9el. S'appuyant sur les deux d\u00e9cennies d'expertise journalistique de Maher Chaabane \u2014 d\u00e9but\u00e9e au sein du groupe Tunis Hebdo en 2000 \u2014 Mohamed Fethi assure une veille rigoureuse sur les enjeux politiques, \u00e9conomiques et sportifs. Sa mission est de garantir une information structur\u00e9e, fluide et fid\u00e8le aux standards de la r\u00e9daction. Pour consulter le parcours complet du r\u00e9dacteur en chef, visitez le profil officiel de Maher Chaabane.\",\"knowsAbout\":[\"actualit\u00e9\",\"journalisme\",\"information\",\"politique\",\"sport\",\"m\u00e9dias\",\"actualit\u00e9 internationale\"],\"knowsLanguage\":[\"Fran\u00e7ais\",\"Arabe\"],\"jobTitle\":\"Journaliste \u2013 R\u00e9daction Webdo\",\"worksFor\":\"Webdo.tn\",\"url\":\"https:\\\/\\\/www.webdo.tn\\\/fr\\\/actualite\\\/author\\\/mohamed-fethi\\\/\"}]}<\/script>\n<!-- \/ Yoast SEO Premium plugin. -->","yoast_head_json":{"title":"Nucl\u00e9aire iranien : N\u00e9gociations sous haute tension \u00e0 Gen\u00e8ve, Washington durcit les sanctions - webdo","description":"\u00c0 Gen\u00e8ve, Washington et T\u00e9h\u00e9ran discutent du nucl\u00e9aire iranien. Les tensions montent alors que des sanctions s\u00e9v\u00e8res sont impos\u00e9es.","canonical":"https:\/\/www.webdo.tn\/fr\/actualite\/international\/nucleaire-iranien-negociations-sous-haute-tension-a-geneve-washington-durcit-les-sanctions\/393767\/","og_locale":"fr_FR","og_type":"article","og_title":"Nucl\u00e9aire iranien : N\u00e9gociations sous haute tension \u00e0 Gen\u00e8ve, Washington durcit les sanctions","og_description":"\u00c0 Gen\u00e8ve, Washington et T\u00e9h\u00e9ran discutent du nucl\u00e9aire iranien. Les tensions montent alors que des sanctions s\u00e9v\u00e8res sont impos\u00e9es.","og_url":"https:\/\/www.webdo.tn\/fr\/actualite\/international\/nucleaire-iranien-negociations-sous-haute-tension-a-geneve-washington-durcit-les-sanctions\/393767\/","og_site_name":"webdo","article_publisher":"https:\/\/www.facebook.com\/webdotn","article_published_time":"2026-02-26T07:49:40+00:00","article_modified_time":"2026-02-26T07:49:41+00:00","og_image":[{"width":1200,"height":600,"url":"https:\/\/www.webdo.tn\/fr\/wp-content\/uploads\/2026\/02\/Le-deploiement-de-lUSS-Gerald-Ford.jpg","type":"image\/jpeg"}],"author":"Mohamed Fethi","twitter_card":"summary_large_image","twitter_creator":"@webdo_tn","twitter_site":"@webdo_tn","twitter_misc":{"\u00c9crit par":"Mohamed Fethi","Dur\u00e9e de lecture estim\u00e9e":"3 minutes"},"schema":{"@context":"https:\/\/schema.org","@graph":[{"@type":"NewsArticle","@id":"https:\/\/www.webdo.tn\/fr\/actualite\/international\/nucleaire-iranien-negociations-sous-haute-tension-a-geneve-washington-durcit-les-sanctions\/393767\/#article","isPartOf":{"@id":"https:\/\/www.webdo.tn\/fr\/actualite\/international\/nucleaire-iranien-negociations-sous-haute-tension-a-geneve-washington-durcit-les-sanctions\/393767\/"},"author":{"name":"Mohamed Fethi","@id":"https:\/\/www.webdo.tn\/fr\/#\/schema\/person\/16a4857e77dfc0b610c4c2cadffc9ac4"},"headline":"Nucl\u00e9aire iranien : N\u00e9gociations sous haute tension \u00e0 Gen\u00e8ve, Washington durcit les sanctions","datePublished":"2026-02-26T07:49:40+00:00","dateModified":"2026-02-26T07:49:41+00:00","mainEntityOfPage":{"@id":"https:\/\/www.webdo.tn\/fr\/actualite\/international\/nucleaire-iranien-negociations-sous-haute-tension-a-geneve-washington-durcit-les-sanctions\/393767\/"},"wordCount":607,"publisher":{"@id":"https:\/\/www.webdo.tn\/fr\/#organization"},"image":{"@id":"https:\/\/www.webdo.tn\/fr\/actualite\/international\/nucleaire-iranien-negociations-sous-haute-tension-a-geneve-washington-durcit-les-sanctions\/393767\/#primaryimage"},"thumbnailUrl":"https:\/\/www.webdo.tn\/fr\/wp-content\/uploads\/2026\/02\/Le-deploiement-de-lUSS-Gerald-Ford.jpg","keywords":["Etats-Unis","Iran","Nucl\u00e9aire iranien"],"articleSection":["International"],"inLanguage":"fr-FR"},{"@type":"WebPage","@id":"https:\/\/www.webdo.tn\/fr\/actualite\/international\/nucleaire-iranien-negociations-sous-haute-tension-a-geneve-washington-durcit-les-sanctions\/393767\/","url":"https:\/\/www.webdo.tn\/fr\/actualite\/international\/nucleaire-iranien-negociations-sous-haute-tension-a-geneve-washington-durcit-les-sanctions\/393767\/","name":"Nucl\u00e9aire iranien : N\u00e9gociations sous haute tension \u00e0 Gen\u00e8ve, Washington durcit les sanctions - webdo","isPartOf":{"@id":"https:\/\/www.webdo.tn\/fr\/#website"},"primaryImageOfPage":{"@id":"https:\/\/www.webdo.tn\/fr\/actualite\/international\/nucleaire-iranien-negociations-sous-haute-tension-a-geneve-washington-durcit-les-sanctions\/393767\/#primaryimage"},"image":{"@id":"https:\/\/www.webdo.tn\/fr\/actualite\/international\/nucleaire-iranien-negociations-sous-haute-tension-a-geneve-washington-durcit-les-sanctions\/393767\/#primaryimage"},"thumbnailUrl":"https:\/\/www.webdo.tn\/fr\/wp-content\/uploads\/2026\/02\/Le-deploiement-de-lUSS-Gerald-Ford.jpg","datePublished":"2026-02-26T07:49:40+00:00","dateModified":"2026-02-26T07:49:41+00:00","description":"\u00c0 Gen\u00e8ve, Washington et T\u00e9h\u00e9ran discutent du nucl\u00e9aire iranien. Les tensions montent alors que des sanctions s\u00e9v\u00e8res sont impos\u00e9es.","breadcrumb":{"@id":"https:\/\/www.webdo.tn\/fr\/actualite\/international\/nucleaire-iranien-negociations-sous-haute-tension-a-geneve-washington-durcit-les-sanctions\/393767\/#breadcrumb"},"inLanguage":"fr-FR","potentialAction":[{"@type":"ReadAction","target":["https:\/\/www.webdo.tn\/fr\/actualite\/international\/nucleaire-iranien-negociations-sous-haute-tension-a-geneve-washington-durcit-les-sanctions\/393767\/"]}]},{"@type":"ImageObject","inLanguage":"fr-FR","@id":"https:\/\/www.webdo.tn\/fr\/actualite\/international\/nucleaire-iranien-negociations-sous-haute-tension-a-geneve-washington-durcit-les-sanctions\/393767\/#primaryimage","url":"https:\/\/www.webdo.tn\/fr\/wp-content\/uploads\/2026\/02\/Le-deploiement-de-lUSS-Gerald-Ford.jpg","contentUrl":"https:\/\/www.webdo.tn\/fr\/wp-content\/uploads\/2026\/02\/Le-deploiement-de-lUSS-Gerald-Ford.jpg","width":1200,"height":600,"caption":"L\u2019USS G\u00e9rald Ford"},{"@type":"BreadcrumbList","@id":"https:\/\/www.webdo.tn\/fr\/actualite\/international\/nucleaire-iranien-negociations-sous-haute-tension-a-geneve-washington-durcit-les-sanctions\/393767\/#breadcrumb","itemListElement":[{"@type":"ListItem","position":1,"name":"Accueil","item":"https:\/\/www.webdo.tn\/fr\/"},{"@type":"ListItem","position":2,"name":"Nucl\u00e9aire iranien : N\u00e9gociations sous haute tension \u00e0 Gen\u00e8ve, Washington durcit les sanctions"}]},{"@type":"WebSite","@id":"https:\/\/www.webdo.tn\/fr\/#website","url":"https:\/\/www.webdo.tn\/fr\/","name":"webdo","description":"Tunisie - News en Tunisie et \u00e0 l&#039;international sur Webdo.tn","publisher":{"@id":"https:\/\/www.webdo.tn\/fr\/#organization"},"potentialAction":[{"@type":"SearchAction","target":{"@type":"EntryPoint","urlTemplate":"https:\/\/www.webdo.tn\/fr\/?s={search_term_string}"},"query-input":{"@type":"PropertyValueSpecification","valueRequired":true,"valueName":"search_term_string"}}],"inLanguage":"fr-FR"},{"@type":"Organization","@id":"https:\/\/www.webdo.tn\/fr\/#organization","name":"Webdo","alternateName":"Webdo.tn","url":"https:\/\/www.webdo.tn\/fr\/","logo":{"@type":"ImageObject","inLanguage":"fr-FR","@id":"https:\/\/www.webdo.tn\/fr\/#\/schema\/logo\/image\/","url":"https:\/\/www.webdo.tn\/fr\/wp-content\/uploads\/2025\/06\/Webdo-Tunisie_168377.jpg","contentUrl":"https:\/\/www.webdo.tn\/fr\/wp-content\/uploads\/2025\/06\/Webdo-Tunisie_168377.jpg","width":301,"height":301,"caption":"Webdo"},"image":{"@id":"https:\/\/www.webdo.tn\/fr\/#\/schema\/logo\/image\/"},"sameAs":["https:\/\/www.facebook.com\/webdotn","https:\/\/x.com\/webdo_tn"],"description":"Webdo est un m\u00e9dia num\u00e9rique tunisien fond\u00e9 en 2010, sp\u00e9cialis\u00e9 dans l\u2019actualit\u00e9 nationale et internationale, l\u2019\u00e9conomie, la soci\u00e9t\u00e9 et les analyses politiques. Le site s\u2019adresse \u00e0 un large public francophone et couvre l\u2019information tunisienne en temps r\u00e9el.","email":"redac@webdo.tn","legalName":"YNJ SARL","foundingDate":"2010-09-06","numberOfEmployees":{"@type":"QuantitativeValue","minValue":"11","maxValue":"50"}},{"@type":"Person","@id":"https:\/\/www.webdo.tn\/fr\/#\/schema\/person\/16a4857e77dfc0b610c4c2cadffc9ac4","name":"Mohamed Fethi","image":{"@type":"ImageObject","inLanguage":"fr-FR","@id":"https:\/\/www.webdo.tn\/fr\/wp-content\/uploads\/2026\/04\/mohamed-fethi_avatar_1-96x96.jpg","url":"https:\/\/www.webdo.tn\/fr\/wp-content\/uploads\/2026\/04\/mohamed-fethi_avatar_1-96x96.jpg","contentUrl":"https:\/\/www.webdo.tn\/fr\/wp-content\/uploads\/2026\/04\/mohamed-fethi_avatar_1-96x96.jpg","caption":"Mohamed Fethi"},"description":"Signature \u00e9ditoriale de Maher Chaabane Mohamed Fethi est le pseudonyme \u00e9ditorial de Maher Chaabane, r\u00e9dacteur en chef de Webdo.tn depuis 2012. Cette signature est d\u00e9di\u00e9e au traitement intensif de l'actualit\u00e9 nationale et internationale en temps r\u00e9el. S'appuyant sur les deux d\u00e9cennies d'expertise journalistique de Maher Chaabane \u2014 d\u00e9but\u00e9e au sein du groupe Tunis Hebdo en 2000 \u2014 Mohamed Fethi assure une veille rigoureuse sur les enjeux politiques, \u00e9conomiques et sportifs. Sa mission est de garantir une information structur\u00e9e, fluide et fid\u00e8le aux standards de la r\u00e9daction. Pour consulter le parcours complet du r\u00e9dacteur en chef, visitez le profil officiel de Maher Chaabane.","knowsAbout":["actualit\u00e9","journalisme","information","politique","sport","m\u00e9dias","actualit\u00e9 internationale"],"knowsLanguage":["Fran\u00e7ais","Arabe"],"jobTitle":"Journaliste \u2013 R\u00e9daction Webdo","worksFor":"Webdo.tn","url":"https:\/\/www.webdo.tn\/fr\/actualite\/author\/mohamed-fethi\/"}]}},"_links":{"self":[{"href":"https:\/\/www.webdo.tn\/fr\/wp-json\/wp\/v2\/posts\/393767","targetHints":{"allow":["GET"]}}],"collection":[{"href":"https:\/\/www.webdo.tn\/fr\/wp-json\/wp\/v2\/posts"}],"about":[{"href":"https:\/\/www.webdo.tn\/fr\/wp-json\/wp\/v2\/types\/post"}],"author":[{"embeddable":true,"href":"https:\/\/www.webdo.tn\/fr\/wp-json\/wp\/v2\/users\/4782"}],"replies":[{"embeddable":true,"href":"https:\/\/www.webdo.tn\/fr\/wp-json\/wp\/v2\/comments?post=393767"}],"version-history":[{"count":0,"href":"https:\/\/www.webdo.tn\/fr\/wp-json\/wp\/v2\/posts\/393767\/revisions"}],"wp:featuredmedia":[{"embeddable":true,"href":"https:\/\/www.webdo.tn\/fr\/wp-json\/wp\/v2\/media\/393768"}],"wp:attachment":[{"href":"https:\/\/www.webdo.tn\/fr\/wp-json\/wp\/v2\/media?parent=393767"}],"wp:term":[{"taxonomy":"category","embeddable":true,"href":"https:\/\/www.webdo.tn\/fr\/wp-json\/wp\/v2\/categories?post=393767"},{"taxonomy":"post_tag","embeddable":true,"href":"https:\/\/www.webdo.tn\/fr\/wp-json\/wp\/v2\/tags?post=393767"}],"curies":[{"name":"wp","href":"https:\/\/api.w.org\/{rel}","templated":true}]}}