{"id":393757,"date":"2026-02-25T18:57:23","date_gmt":"2026-02-25T17:57:23","guid":{"rendered":"https:\/\/www.webdo.tn\/fr\/?p=393757"},"modified":"2026-02-25T18:57:58","modified_gmt":"2026-02-25T17:57:58","slug":"espoir-de-la-natation-tunisienne-rami-rahmouni-naturalise-saoudien","status":"publish","type":"post","link":"https:\/\/www.webdo.tn\/fr\/actualite\/sport\/espoir-de-la-natation-tunisienne-rami-rahmouni-naturalise-saoudien\/393757\/","title":{"rendered":"Espoir de la natation tunisienne, Rami Rahmouni naturalis\u00e9 saoudien"},"content":{"rendered":"\n<p><strong>La naturalisation du jeune nageur Rami Rahmouni pour repr\u00e9senter l\u2019Arabie saoudite provoque une onde de choc dans le paysage sportif tunisien. La pr\u00e9sidente de la F\u00e9d\u00e9ration tunisienne de natation, Hadia Mansour, a confirm\u00e9 mercredi que le processus de changement de nationalit\u00e9 sportive a \u00e9t\u00e9 officiellement act\u00e9, \u00e9voquant l\u2019implication de \u00ab parties tunisiennes \u00bb dont elle n\u2019a pas r\u00e9v\u00e9l\u00e9 l\u2019identit\u00e9.<\/strong><\/p>\n\n\n\n<p>Dans une d\u00e9claration \u00e0 l\u2019Agence Tunis Afrique Presse, elle a pr\u00e9cis\u00e9 que le nageur de 17 ans avait rompu tout contact depuis pr\u00e8s de deux ans avec la f\u00e9d\u00e9ration, le Comit\u00e9 national olympique tunisien ainsi qu\u2019avec son club formateur, l\u2019Esp\u00e9rance sportive de Tunis.<\/p>\n\n\n\n<p>Selon la m\u00eame source, les autorit\u00e9s de tutelle lui avaient pourtant accord\u00e9 un contrat d\u2019objectifs d\u2019un montant de 165 mille dinars, ind\u00e9pendamment de la prime du Comit\u00e9 national olympique. Un niveau de soutien financier qui, d\u2019apr\u00e8s la f\u00e9d\u00e9ration, faisait de lui l\u2019un des athl\u00e8tes les mieux accompagn\u00e9s de sa g\u00e9n\u00e9ration.<\/p>\n\n\n\n<h2 class=\"wp-block-heading\" id=\"h-un-signal-d-alerte-pour-le-sport-tunisien\">Un signal d\u2019alerte pour le sport tunisien<\/h2>\n\n\n\n<p>Pour Hadia Mansour, cette naturalisation constitue \u00ab un signal d\u2019alarme \u00bb pour le sport tunisien, en particulier pour la fili\u00e8re d\u2019\u00e9lite. Elle affirme que la situation sociale et sportive du nageur \u00e9tait stable et que la f\u00e9d\u00e9ration n\u2019avait m\u00e9nag\u00e9 aucun effort pour financer stages \u00e0 l\u2019\u00e9tranger et participations internationales. Elle estime que le jeune champion aurait c\u00e9d\u00e9 \u00e0 des incitations financi\u00e8res plus attractives.<\/p>\n\n\n\n<p class=\"has-medium-font-size\"><strong>Lire aussi :<\/strong> <a href=\"https:\/\/www.webdo.tn\/fr\/actualite\/sport\/mondiaux-de-natation-jaouadi-ben-milad-et-rahmouni-espoirs-de-la-tunisie\/218213\/\" type=\"link\" id=\"https:\/\/www.webdo.tn\/fr\/actualite\/sport\/mondiaux-de-natation-jaouadi-ben-milad-et-rahmouni-espoirs-de-la-tunisie\/218213\/\">Mondiaux de natation : Jaouadi, Ben Milad et Rahmouni, espoirs de la Tunisie<\/a><br><\/p>\n\n\n\n<p>La responsable f\u00e9d\u00e9rale met en garde contre la mont\u00e9e du ph\u00e9nom\u00e8ne de naturalisation d\u2019athl\u00e8tes de haut niveau, \u00e0 l\u2019approche des grandes \u00e9ch\u00e9ances internationales, notamment les championnats du monde et les Jeux olympiques. Elle appelle \u00e0 une mobilisation concert\u00e9e afin de pr\u00e9server les talents nationaux et de renforcer le sentiment d\u2019appartenance.<\/p>\n\n\n\n<p>\u00c0 cet \u00e9gard, elle cite l\u2019exemple du champion olympique et mondial Oussama Mellouli, qui avait, durant sa carri\u00e8re, d\u00e9clin\u00e9 plusieurs offres de naturalisation pour continuer \u00e0 d\u00e9fendre les couleurs tunisiennes.<\/p>\n\n\n\n<h2 class=\"wp-block-heading\" id=\"h-alleger-les-contraintes-administratives\">All\u00e9ger les contraintes administratives<\/h2>\n\n\n\n<p>Au-del\u00e0 du cas Rahmouni, la pr\u00e9sidente de la f\u00e9d\u00e9ration insiste sur la n\u00e9cessit\u00e9 d\u2019am\u00e9liorer l\u2019environnement structurel des sportifs de haut niveau. Elle plaide pour une augmentation des budgets, la facilitation des contrats de sponsoring et surtout la simplification des proc\u00e9dures administratives, en particulier celles li\u00e9es aux transferts financiers vers les athl\u00e8tes r\u00e9sidant \u00e0 l\u2019\u00e9tranger.<\/p>\n\n\n\n<p>Elle r\u00e9v\u00e8le qu\u2019une prime accord\u00e9e \u00e0 un jeune nageur tunisien expatri\u00e9 s\u2019est retrouv\u00e9e bloqu\u00e9e en raison de contraintes juridiques, mettant l\u2019athl\u00e8te en difficult\u00e9 pour financer ses entra\u00eenements et son logement.<\/p>\n\n\n\n<p><\/p>\n","protected":false},"excerpt":{"rendered":"<p>La naturalisation du jeune nageur Rami Rahmouni pour repr\u00e9senter l\u2019Arabie saoudite provoque une onde de choc dans le paysage sportif tunisien. La pr\u00e9sidente de la F\u00e9d\u00e9ration tunisienne de natation, Hadia Mansour, a confirm\u00e9 mercredi que le processus de changement de nationalit\u00e9 sportive a \u00e9t\u00e9 officiellement act\u00e9, \u00e9voquant l\u2019implication de \u00ab parties tunisiennes \u00bb dont elle [&hellip;]<\/p>\n","protected":false},"author":3184,"featured_media":393758,"comment_status":"closed","ping_status":"closed","sticky":false,"template":"","format":"standard","meta":{"footnotes":""},"categories":[2593],"tags":[3252,2608],"class_list":["post-393757","post","type-post","status-publish","format-standard","has-post-thumbnail","hentry","category-sport","tag-natation","tag-tunisie"],"yoast_head":"<!-- This site is optimized with the Yoast SEO Premium plugin v27.5 (Yoast SEO v27.5) - https:\/\/yoast.com\/product\/yoast-seo-premium-wordpress\/ -->\n<title>Espoir de la natation tunisienne, Rami Rahmouni naturalis\u00e9 saoudien - webdo<\/title>\n<meta name=\"description\" content=\"La naturalisation de Rami Rahmouni suscite des r\u00e9actions fortes en Tunisie. D\u00e9couvrez les enjeux derri\u00e8re ce changement.\" \/>\n<link rel=\"canonical\" href=\"https:\/\/www.webdo.tn\/fr\/actualite\/sport\/espoir-de-la-natation-tunisienne-rami-rahmouni-naturalise-saoudien\/393757\/\" \/>\n<meta property=\"og:locale\" content=\"fr_FR\" \/>\n<meta property=\"og:type\" content=\"article\" \/>\n<meta property=\"og:title\" content=\"Espoir de la natation tunisienne, Rami Rahmouni naturalis\u00e9 saoudien\" \/>\n<meta property=\"og:description\" content=\"La naturalisation de Rami Rahmouni suscite des r\u00e9actions fortes en Tunisie. D\u00e9couvrez les enjeux derri\u00e8re ce changement.\" \/>\n<meta property=\"og:url\" content=\"https:\/\/www.webdo.tn\/fr\/actualite\/sport\/espoir-de-la-natation-tunisienne-rami-rahmouni-naturalise-saoudien\/393757\/\" \/>\n<meta property=\"og:site_name\" content=\"webdo\" \/>\n<meta property=\"article:publisher\" content=\"https:\/\/www.facebook.com\/webdotn\" \/>\n<meta property=\"article:published_time\" content=\"2026-02-25T17:57:23+00:00\" \/>\n<meta property=\"article:modified_time\" content=\"2026-02-25T17:57:58+00:00\" \/>\n<meta property=\"og:image\" content=\"https:\/\/www.webdo.tn\/fr\/wp-content\/uploads\/2026\/02\/rami-rahmouni.jpg\" \/>\n\t<meta property=\"og:image:width\" content=\"1299\" \/>\n\t<meta property=\"og:image:height\" content=\"600\" \/>\n\t<meta property=\"og:image:type\" content=\"image\/jpeg\" \/>\n<meta name=\"author\" content=\"Wided Belhaj\" \/>\n<meta name=\"twitter:card\" content=\"summary_large_image\" \/>\n<meta name=\"twitter:creator\" content=\"@webdo_tn\" \/>\n<meta name=\"twitter:site\" content=\"@webdo_tn\" \/>\n<meta name=\"twitter:label1\" content=\"\u00c9crit par\" \/>\n\t<meta name=\"twitter:data1\" content=\"Wided Belhaj\" \/>\n\t<meta name=\"twitter:label2\" content=\"Dur\u00e9e de lecture estim\u00e9e\" \/>\n\t<meta name=\"twitter:data2\" content=\"3 minutes\" \/>\n<script type=\"application\/ld+json\" class=\"yoast-schema-graph\">{\"@context\":\"https:\\\/\\\/schema.org\",\"@graph\":[{\"@type\":\"NewsArticle\",\"@id\":\"https:\\\/\\\/www.webdo.tn\\\/fr\\\/actualite\\\/sport\\\/espoir-de-la-natation-tunisienne-rami-rahmouni-naturalise-saoudien\\\/393757\\\/#article\",\"isPartOf\":{\"@id\":\"https:\\\/\\\/www.webdo.tn\\\/fr\\\/actualite\\\/sport\\\/espoir-de-la-natation-tunisienne-rami-rahmouni-naturalise-saoudien\\\/393757\\\/\"},\"author\":{\"name\":\"Wided Belhaj\",\"@id\":\"https:\\\/\\\/www.webdo.tn\\\/fr\\\/#\\\/schema\\\/person\\\/b9ecde7a5574cb4fcf4b496ea5fadb15\"},\"headline\":\"Espoir de la natation tunisienne, Rami Rahmouni naturalis\u00e9 saoudien\",\"datePublished\":\"2026-02-25T17:57:23+00:00\",\"dateModified\":\"2026-02-25T17:57:58+00:00\",\"mainEntityOfPage\":{\"@id\":\"https:\\\/\\\/www.webdo.tn\\\/fr\\\/actualite\\\/sport\\\/espoir-de-la-natation-tunisienne-rami-rahmouni-naturalise-saoudien\\\/393757\\\/\"},\"wordCount\":481,\"publisher\":{\"@id\":\"https:\\\/\\\/www.webdo.tn\\\/fr\\\/#organization\"},\"image\":{\"@id\":\"https:\\\/\\\/www.webdo.tn\\\/fr\\\/actualite\\\/sport\\\/espoir-de-la-natation-tunisienne-rami-rahmouni-naturalise-saoudien\\\/393757\\\/#primaryimage\"},\"thumbnailUrl\":\"https:\\\/\\\/www.webdo.tn\\\/fr\\\/wp-content\\\/uploads\\\/2026\\\/02\\\/rami-rahmouni.jpg\",\"keywords\":[\"natation\",\"Tunisie\"],\"articleSection\":[\"Sport\"],\"inLanguage\":\"fr-FR\"},{\"@type\":\"WebPage\",\"@id\":\"https:\\\/\\\/www.webdo.tn\\\/fr\\\/actualite\\\/sport\\\/espoir-de-la-natation-tunisienne-rami-rahmouni-naturalise-saoudien\\\/393757\\\/\",\"url\":\"https:\\\/\\\/www.webdo.tn\\\/fr\\\/actualite\\\/sport\\\/espoir-de-la-natation-tunisienne-rami-rahmouni-naturalise-saoudien\\\/393757\\\/\",\"name\":\"Espoir de la natation tunisienne, Rami Rahmouni naturalis\u00e9 saoudien - webdo\",\"isPartOf\":{\"@id\":\"https:\\\/\\\/www.webdo.tn\\\/fr\\\/#website\"},\"primaryImageOfPage\":{\"@id\":\"https:\\\/\\\/www.webdo.tn\\\/fr\\\/actualite\\\/sport\\\/espoir-de-la-natation-tunisienne-rami-rahmouni-naturalise-saoudien\\\/393757\\\/#primaryimage\"},\"image\":{\"@id\":\"https:\\\/\\\/www.webdo.tn\\\/fr\\\/actualite\\\/sport\\\/espoir-de-la-natation-tunisienne-rami-rahmouni-naturalise-saoudien\\\/393757\\\/#primaryimage\"},\"thumbnailUrl\":\"https:\\\/\\\/www.webdo.tn\\\/fr\\\/wp-content\\\/uploads\\\/2026\\\/02\\\/rami-rahmouni.jpg\",\"datePublished\":\"2026-02-25T17:57:23+00:00\",\"dateModified\":\"2026-02-25T17:57:58+00:00\",\"description\":\"La naturalisation de Rami Rahmouni suscite des r\u00e9actions fortes en Tunisie. D\u00e9couvrez les enjeux derri\u00e8re ce changement.\",\"breadcrumb\":{\"@id\":\"https:\\\/\\\/www.webdo.tn\\\/fr\\\/actualite\\\/sport\\\/espoir-de-la-natation-tunisienne-rami-rahmouni-naturalise-saoudien\\\/393757\\\/#breadcrumb\"},\"inLanguage\":\"fr-FR\",\"potentialAction\":[{\"@type\":\"ReadAction\",\"target\":[\"https:\\\/\\\/www.webdo.tn\\\/fr\\\/actualite\\\/sport\\\/espoir-de-la-natation-tunisienne-rami-rahmouni-naturalise-saoudien\\\/393757\\\/\"]}]},{\"@type\":\"ImageObject\",\"inLanguage\":\"fr-FR\",\"@id\":\"https:\\\/\\\/www.webdo.tn\\\/fr\\\/actualite\\\/sport\\\/espoir-de-la-natation-tunisienne-rami-rahmouni-naturalise-saoudien\\\/393757\\\/#primaryimage\",\"url\":\"https:\\\/\\\/www.webdo.tn\\\/fr\\\/wp-content\\\/uploads\\\/2026\\\/02\\\/rami-rahmouni.jpg\",\"contentUrl\":\"https:\\\/\\\/www.webdo.tn\\\/fr\\\/wp-content\\\/uploads\\\/2026\\\/02\\\/rami-rahmouni.jpg\",\"width\":1299,\"height\":600,\"caption\":\"Rami Rahmouni\"},{\"@type\":\"BreadcrumbList\",\"@id\":\"https:\\\/\\\/www.webdo.tn\\\/fr\\\/actualite\\\/sport\\\/espoir-de-la-natation-tunisienne-rami-rahmouni-naturalise-saoudien\\\/393757\\\/#breadcrumb\",\"itemListElement\":[{\"@type\":\"ListItem\",\"position\":1,\"name\":\"Accueil\",\"item\":\"https:\\\/\\\/www.webdo.tn\\\/fr\\\/\"},{\"@type\":\"ListItem\",\"position\":2,\"name\":\"Espoir de la natation tunisienne, Rami Rahmouni naturalis\u00e9 saoudien\"}]},{\"@type\":\"WebSite\",\"@id\":\"https:\\\/\\\/www.webdo.tn\\\/fr\\\/#website\",\"url\":\"https:\\\/\\\/www.webdo.tn\\\/fr\\\/\",\"name\":\"webdo\",\"description\":\"Tunisie - News en Tunisie et \u00e0 l&#039;international sur Webdo.tn\",\"publisher\":{\"@id\":\"https:\\\/\\\/www.webdo.tn\\\/fr\\\/#organization\"},\"potentialAction\":[{\"@type\":\"SearchAction\",\"target\":{\"@type\":\"EntryPoint\",\"urlTemplate\":\"https:\\\/\\\/www.webdo.tn\\\/fr\\\/?s={search_term_string}\"},\"query-input\":{\"@type\":\"PropertyValueSpecification\",\"valueRequired\":true,\"valueName\":\"search_term_string\"}}],\"inLanguage\":\"fr-FR\"},{\"@type\":\"Organization\",\"@id\":\"https:\\\/\\\/www.webdo.tn\\\/fr\\\/#organization\",\"name\":\"Webdo\",\"alternateName\":\"Webdo.tn\",\"url\":\"https:\\\/\\\/www.webdo.tn\\\/fr\\\/\",\"logo\":{\"@type\":\"ImageObject\",\"inLanguage\":\"fr-FR\",\"@id\":\"https:\\\/\\\/www.webdo.tn\\\/fr\\\/#\\\/schema\\\/logo\\\/image\\\/\",\"url\":\"https:\\\/\\\/www.webdo.tn\\\/fr\\\/wp-content\\\/uploads\\\/2025\\\/06\\\/Webdo-Tunisie_168377.jpg\",\"contentUrl\":\"https:\\\/\\\/www.webdo.tn\\\/fr\\\/wp-content\\\/uploads\\\/2025\\\/06\\\/Webdo-Tunisie_168377.jpg\",\"width\":301,\"height\":301,\"caption\":\"Webdo\"},\"image\":{\"@id\":\"https:\\\/\\\/www.webdo.tn\\\/fr\\\/#\\\/schema\\\/logo\\\/image\\\/\"},\"sameAs\":[\"https:\\\/\\\/www.facebook.com\\\/webdotn\",\"https:\\\/\\\/x.com\\\/webdo_tn\"],\"description\":\"Webdo est un m\u00e9dia num\u00e9rique tunisien fond\u00e9 en 2010, sp\u00e9cialis\u00e9 dans l\u2019actualit\u00e9 nationale et internationale, l\u2019\u00e9conomie, la soci\u00e9t\u00e9 et les analyses politiques. Le site s\u2019adresse \u00e0 un large public francophone et couvre l\u2019information tunisienne en temps r\u00e9el.\",\"email\":\"redac@webdo.tn\",\"legalName\":\"YNJ SARL\",\"foundingDate\":\"2010-09-06\",\"numberOfEmployees\":{\"@type\":\"QuantitativeValue\",\"minValue\":\"11\",\"maxValue\":\"50\"}},{\"@type\":\"Person\",\"@id\":\"https:\\\/\\\/www.webdo.tn\\\/fr\\\/#\\\/schema\\\/person\\\/b9ecde7a5574cb4fcf4b496ea5fadb15\",\"name\":\"Wided Belhaj\",\"image\":{\"@type\":\"ImageObject\",\"inLanguage\":\"fr-FR\",\"@id\":\"https:\\\/\\\/www.webdo.tn\\\/fr\\\/wp-content\\\/uploads\\\/2026\\\/04\\\/wided-belhaj_avatar-96x96.jpg\",\"url\":\"https:\\\/\\\/www.webdo.tn\\\/fr\\\/wp-content\\\/uploads\\\/2026\\\/04\\\/wided-belhaj_avatar-96x96.jpg\",\"contentUrl\":\"https:\\\/\\\/www.webdo.tn\\\/fr\\\/wp-content\\\/uploads\\\/2026\\\/04\\\/wided-belhaj_avatar-96x96.jpg\",\"caption\":\"Wided Belhaj\"},\"description\":\"Wided Belhaj est le pseudonyme \u00e9ditorial utilis\u00e9 par Khalil Jelassi, journaliste, ma\u00eetre-assistant \u00e0 l\u2019Institut de presse et des sciences de l\u2019information (IPSI) et chercheur en sciences de l\u2019information et de la communication. Cette signature est d\u00e9di\u00e9e \u00e0 l\u2019analyse des m\u00e9dias, des pratiques journalistiques et des mutations de l\u2019information \u00e0 l\u2019\u00e8re digitale. \u00c0 travers ses contributions, Wided Belhaj propose une lecture analytique de l\u2019actualit\u00e9, en croisant regard critique et expertise acad\u00e9mique.\",\"knowsAbout\":[\"m\u00e9dias\",\"journalisme\",\"communication\",\"information\",\"transformation num\u00e9rique\",\"analyse des m\u00e9dias\"],\"knowsLanguage\":[\"Fran\u00e7ais\",\"Arabe\"],\"jobTitle\":\"Webdo.tn\",\"worksFor\":\"Journaliste \u2013 Analyse des m\u00e9dias\",\"url\":\"https:\\\/\\\/www.webdo.tn\\\/fr\\\/actualite\\\/author\\\/wided-belhaj\\\/\"}]}<\/script>\n<!-- \/ Yoast SEO Premium plugin. -->","yoast_head_json":{"title":"Espoir de la natation tunisienne, Rami Rahmouni naturalis\u00e9 saoudien - webdo","description":"La naturalisation de Rami Rahmouni suscite des r\u00e9actions fortes en Tunisie. D\u00e9couvrez les enjeux derri\u00e8re ce changement.","canonical":"https:\/\/www.webdo.tn\/fr\/actualite\/sport\/espoir-de-la-natation-tunisienne-rami-rahmouni-naturalise-saoudien\/393757\/","og_locale":"fr_FR","og_type":"article","og_title":"Espoir de la natation tunisienne, Rami Rahmouni naturalis\u00e9 saoudien","og_description":"La naturalisation de Rami Rahmouni suscite des r\u00e9actions fortes en Tunisie. D\u00e9couvrez les enjeux derri\u00e8re ce changement.","og_url":"https:\/\/www.webdo.tn\/fr\/actualite\/sport\/espoir-de-la-natation-tunisienne-rami-rahmouni-naturalise-saoudien\/393757\/","og_site_name":"webdo","article_publisher":"https:\/\/www.facebook.com\/webdotn","article_published_time":"2026-02-25T17:57:23+00:00","article_modified_time":"2026-02-25T17:57:58+00:00","og_image":[{"width":1299,"height":600,"url":"https:\/\/www.webdo.tn\/fr\/wp-content\/uploads\/2026\/02\/rami-rahmouni.jpg","type":"image\/jpeg"}],"author":"Wided Belhaj","twitter_card":"summary_large_image","twitter_creator":"@webdo_tn","twitter_site":"@webdo_tn","twitter_misc":{"\u00c9crit par":"Wided Belhaj","Dur\u00e9e de lecture estim\u00e9e":"3 minutes"},"schema":{"@context":"https:\/\/schema.org","@graph":[{"@type":"NewsArticle","@id":"https:\/\/www.webdo.tn\/fr\/actualite\/sport\/espoir-de-la-natation-tunisienne-rami-rahmouni-naturalise-saoudien\/393757\/#article","isPartOf":{"@id":"https:\/\/www.webdo.tn\/fr\/actualite\/sport\/espoir-de-la-natation-tunisienne-rami-rahmouni-naturalise-saoudien\/393757\/"},"author":{"name":"Wided Belhaj","@id":"https:\/\/www.webdo.tn\/fr\/#\/schema\/person\/b9ecde7a5574cb4fcf4b496ea5fadb15"},"headline":"Espoir de la natation tunisienne, Rami Rahmouni naturalis\u00e9 saoudien","datePublished":"2026-02-25T17:57:23+00:00","dateModified":"2026-02-25T17:57:58+00:00","mainEntityOfPage":{"@id":"https:\/\/www.webdo.tn\/fr\/actualite\/sport\/espoir-de-la-natation-tunisienne-rami-rahmouni-naturalise-saoudien\/393757\/"},"wordCount":481,"publisher":{"@id":"https:\/\/www.webdo.tn\/fr\/#organization"},"image":{"@id":"https:\/\/www.webdo.tn\/fr\/actualite\/sport\/espoir-de-la-natation-tunisienne-rami-rahmouni-naturalise-saoudien\/393757\/#primaryimage"},"thumbnailUrl":"https:\/\/www.webdo.tn\/fr\/wp-content\/uploads\/2026\/02\/rami-rahmouni.jpg","keywords":["natation","Tunisie"],"articleSection":["Sport"],"inLanguage":"fr-FR"},{"@type":"WebPage","@id":"https:\/\/www.webdo.tn\/fr\/actualite\/sport\/espoir-de-la-natation-tunisienne-rami-rahmouni-naturalise-saoudien\/393757\/","url":"https:\/\/www.webdo.tn\/fr\/actualite\/sport\/espoir-de-la-natation-tunisienne-rami-rahmouni-naturalise-saoudien\/393757\/","name":"Espoir de la natation tunisienne, Rami Rahmouni naturalis\u00e9 saoudien - webdo","isPartOf":{"@id":"https:\/\/www.webdo.tn\/fr\/#website"},"primaryImageOfPage":{"@id":"https:\/\/www.webdo.tn\/fr\/actualite\/sport\/espoir-de-la-natation-tunisienne-rami-rahmouni-naturalise-saoudien\/393757\/#primaryimage"},"image":{"@id":"https:\/\/www.webdo.tn\/fr\/actualite\/sport\/espoir-de-la-natation-tunisienne-rami-rahmouni-naturalise-saoudien\/393757\/#primaryimage"},"thumbnailUrl":"https:\/\/www.webdo.tn\/fr\/wp-content\/uploads\/2026\/02\/rami-rahmouni.jpg","datePublished":"2026-02-25T17:57:23+00:00","dateModified":"2026-02-25T17:57:58+00:00","description":"La naturalisation de Rami Rahmouni suscite des r\u00e9actions fortes en Tunisie. D\u00e9couvrez les enjeux derri\u00e8re ce changement.","breadcrumb":{"@id":"https:\/\/www.webdo.tn\/fr\/actualite\/sport\/espoir-de-la-natation-tunisienne-rami-rahmouni-naturalise-saoudien\/393757\/#breadcrumb"},"inLanguage":"fr-FR","potentialAction":[{"@type":"ReadAction","target":["https:\/\/www.webdo.tn\/fr\/actualite\/sport\/espoir-de-la-natation-tunisienne-rami-rahmouni-naturalise-saoudien\/393757\/"]}]},{"@type":"ImageObject","inLanguage":"fr-FR","@id":"https:\/\/www.webdo.tn\/fr\/actualite\/sport\/espoir-de-la-natation-tunisienne-rami-rahmouni-naturalise-saoudien\/393757\/#primaryimage","url":"https:\/\/www.webdo.tn\/fr\/wp-content\/uploads\/2026\/02\/rami-rahmouni.jpg","contentUrl":"https:\/\/www.webdo.tn\/fr\/wp-content\/uploads\/2026\/02\/rami-rahmouni.jpg","width":1299,"height":600,"caption":"Rami Rahmouni"},{"@type":"BreadcrumbList","@id":"https:\/\/www.webdo.tn\/fr\/actualite\/sport\/espoir-de-la-natation-tunisienne-rami-rahmouni-naturalise-saoudien\/393757\/#breadcrumb","itemListElement":[{"@type":"ListItem","position":1,"name":"Accueil","item":"https:\/\/www.webdo.tn\/fr\/"},{"@type":"ListItem","position":2,"name":"Espoir de la natation tunisienne, Rami Rahmouni naturalis\u00e9 saoudien"}]},{"@type":"WebSite","@id":"https:\/\/www.webdo.tn\/fr\/#website","url":"https:\/\/www.webdo.tn\/fr\/","name":"webdo","description":"Tunisie - News en Tunisie et \u00e0 l&#039;international sur Webdo.tn","publisher":{"@id":"https:\/\/www.webdo.tn\/fr\/#organization"},"potentialAction":[{"@type":"SearchAction","target":{"@type":"EntryPoint","urlTemplate":"https:\/\/www.webdo.tn\/fr\/?s={search_term_string}"},"query-input":{"@type":"PropertyValueSpecification","valueRequired":true,"valueName":"search_term_string"}}],"inLanguage":"fr-FR"},{"@type":"Organization","@id":"https:\/\/www.webdo.tn\/fr\/#organization","name":"Webdo","alternateName":"Webdo.tn","url":"https:\/\/www.webdo.tn\/fr\/","logo":{"@type":"ImageObject","inLanguage":"fr-FR","@id":"https:\/\/www.webdo.tn\/fr\/#\/schema\/logo\/image\/","url":"https:\/\/www.webdo.tn\/fr\/wp-content\/uploads\/2025\/06\/Webdo-Tunisie_168377.jpg","contentUrl":"https:\/\/www.webdo.tn\/fr\/wp-content\/uploads\/2025\/06\/Webdo-Tunisie_168377.jpg","width":301,"height":301,"caption":"Webdo"},"image":{"@id":"https:\/\/www.webdo.tn\/fr\/#\/schema\/logo\/image\/"},"sameAs":["https:\/\/www.facebook.com\/webdotn","https:\/\/x.com\/webdo_tn"],"description":"Webdo est un m\u00e9dia num\u00e9rique tunisien fond\u00e9 en 2010, sp\u00e9cialis\u00e9 dans l\u2019actualit\u00e9 nationale et internationale, l\u2019\u00e9conomie, la soci\u00e9t\u00e9 et les analyses politiques. Le site s\u2019adresse \u00e0 un large public francophone et couvre l\u2019information tunisienne en temps r\u00e9el.","email":"redac@webdo.tn","legalName":"YNJ SARL","foundingDate":"2010-09-06","numberOfEmployees":{"@type":"QuantitativeValue","minValue":"11","maxValue":"50"}},{"@type":"Person","@id":"https:\/\/www.webdo.tn\/fr\/#\/schema\/person\/b9ecde7a5574cb4fcf4b496ea5fadb15","name":"Wided Belhaj","image":{"@type":"ImageObject","inLanguage":"fr-FR","@id":"https:\/\/www.webdo.tn\/fr\/wp-content\/uploads\/2026\/04\/wided-belhaj_avatar-96x96.jpg","url":"https:\/\/www.webdo.tn\/fr\/wp-content\/uploads\/2026\/04\/wided-belhaj_avatar-96x96.jpg","contentUrl":"https:\/\/www.webdo.tn\/fr\/wp-content\/uploads\/2026\/04\/wided-belhaj_avatar-96x96.jpg","caption":"Wided Belhaj"},"description":"Wided Belhaj est le pseudonyme \u00e9ditorial utilis\u00e9 par Khalil Jelassi, journaliste, ma\u00eetre-assistant \u00e0 l\u2019Institut de presse et des sciences de l\u2019information (IPSI) et chercheur en sciences de l\u2019information et de la communication. Cette signature est d\u00e9di\u00e9e \u00e0 l\u2019analyse des m\u00e9dias, des pratiques journalistiques et des mutations de l\u2019information \u00e0 l\u2019\u00e8re digitale. \u00c0 travers ses contributions, Wided Belhaj propose une lecture analytique de l\u2019actualit\u00e9, en croisant regard critique et expertise acad\u00e9mique.","knowsAbout":["m\u00e9dias","journalisme","communication","information","transformation num\u00e9rique","analyse des m\u00e9dias"],"knowsLanguage":["Fran\u00e7ais","Arabe"],"jobTitle":"Webdo.tn","worksFor":"Journaliste \u2013 Analyse des m\u00e9dias","url":"https:\/\/www.webdo.tn\/fr\/actualite\/author\/wided-belhaj\/"}]}},"_links":{"self":[{"href":"https:\/\/www.webdo.tn\/fr\/wp-json\/wp\/v2\/posts\/393757","targetHints":{"allow":["GET"]}}],"collection":[{"href":"https:\/\/www.webdo.tn\/fr\/wp-json\/wp\/v2\/posts"}],"about":[{"href":"https:\/\/www.webdo.tn\/fr\/wp-json\/wp\/v2\/types\/post"}],"author":[{"embeddable":true,"href":"https:\/\/www.webdo.tn\/fr\/wp-json\/wp\/v2\/users\/3184"}],"replies":[{"embeddable":true,"href":"https:\/\/www.webdo.tn\/fr\/wp-json\/wp\/v2\/comments?post=393757"}],"version-history":[{"count":0,"href":"https:\/\/www.webdo.tn\/fr\/wp-json\/wp\/v2\/posts\/393757\/revisions"}],"wp:featuredmedia":[{"embeddable":true,"href":"https:\/\/www.webdo.tn\/fr\/wp-json\/wp\/v2\/media\/393758"}],"wp:attachment":[{"href":"https:\/\/www.webdo.tn\/fr\/wp-json\/wp\/v2\/media?parent=393757"}],"wp:term":[{"taxonomy":"category","embeddable":true,"href":"https:\/\/www.webdo.tn\/fr\/wp-json\/wp\/v2\/categories?post=393757"},{"taxonomy":"post_tag","embeddable":true,"href":"https:\/\/www.webdo.tn\/fr\/wp-json\/wp\/v2\/tags?post=393757"}],"curies":[{"name":"wp","href":"https:\/\/api.w.org\/{rel}","templated":true}]}}