{"id":393755,"date":"2026-02-25T18:23:44","date_gmt":"2026-02-25T17:23:44","guid":{"rendered":"https:\/\/www.webdo.tn\/fr\/?p=393755"},"modified":"2026-02-25T18:23:45","modified_gmt":"2026-02-25T17:23:45","slug":"tgv-aeroport-port-en-eaux-profondes-le-gouvernement-accelere-les-grands-chantiers","status":"publish","type":"post","link":"https:\/\/www.webdo.tn\/fr\/actualite\/national\/tgv-aeroport-port-en-eaux-profondes-le-gouvernement-accelere-les-grands-chantiers\/393755\/","title":{"rendered":"TGV, a\u00e9roport, port en eaux profondes\u2026 Le gouvernement acc\u00e9l\u00e8re les grands chantiers"},"content":{"rendered":"\n<p><\/p>\n\n\n\n<p><strong>Un Conseil minist\u00e9riel restreint s\u2019est tenu mercredi 25 f\u00e9vrier 2026 au Palais du gouvernement \u00e0 la Kasbah, sous la pr\u00e9sidence de la cheffe du gouvernement Sarra Zaafrani Zenzri, consacr\u00e9 au suivi des grands projets strat\u00e9giques appel\u00e9s \u00e0 structurer le Plan de d\u00e9veloppement 2026-2030.<\/strong><\/p>\n\n\n\n<p>L\u2019ex\u00e9cutif affiche clairement son ambition : lever les blocages administratifs, acc\u00e9l\u00e9rer les proc\u00e9dures et s\u00e9curiser les financements afin de garantir la r\u00e9alisation des projets publics dans les d\u00e9lais. Objectif affich\u00e9 : stimuler l\u2019investissement, cr\u00e9er de l\u2019emploi et soutenir la croissance.<\/p>\n\n\n\n<h2 class=\"wp-block-heading\" id=\"h-un-tgv-du-nord-au-sud\">Un TGV du nord au sud<\/h2>\n\n\n\n<p>Parmi les dossiers examin\u00e9s figure le projet de train \u00e0 grande vitesse (TGV) et la mise en place d\u2019un corridor ferroviaire \u00e0 haute performance reliant le nord au sud du pays. Ce trac\u00e9 strat\u00e9gique relierait Bizerte \u00e0 Ben Guerdane, avec des connexions vers les principaux p\u00f4les urbains, ports, plateformes logistiques et zones de fret.<\/p>\n\n\n\n<p>Le projet pr\u00e9voit \u00e9galement une interconnexion avec le r\u00e9seau ferroviaire alg\u00e9rien via Annaba \u00e0 travers les lignes Tabarka\u2013Nefza\u2013Mateur\u2013Jdaida, puis une nouvelle infrastructure jusqu\u2019\u00e0 Ras Jedir en passant par Mareth et M\u00e9denine, avec un raccordement au port de Zarzis. Au-del\u00e0 du d\u00e9senclavement r\u00e9gional, le gouvernement pr\u00e9sente ce corridor comme un levier d\u2019int\u00e9gration maghr\u00e9bine et africaine, susceptible de repositionner la Tunisie dans les flux logistiques transfrontaliers.<\/p>\n\n\n\n<h2 class=\"wp-block-heading\" id=\"h-connexion-ferroviaire-vers-tunis-carthage\">Connexion ferroviaire vers Tunis-Carthage<\/h2>\n\n\n\n<p>Le Conseil a aussi examin\u00e9 le projet de liaison ferroviaire entre le centre-ville de Tunis et l\u2019A\u00e9roport international de Tunis-Carthage. Le trac\u00e9, propos\u00e9 par Soci\u00e9t\u00e9 des transports de Tunis, sera r\u00e9alis\u00e9 en trois phases : de l\u2019avenue de la R\u00e9publique \u00e0 Dhra\u00e2 El Bahriya puis \u00e0 l\u2019a\u00e9roport (8 km), de Dhra\u00e2 El Bahriya au Kram (10 km), puis de Jardins de Carthage \u00e0 La Goulette\u2013A\u00efn Zaghouan jusqu\u2019\u00e0 l\u2019h\u00f4pital Mongi Slim (4 km).<\/p>\n\n\n\n<p class=\"has-medium-font-size\"><strong>Lire aussi :<\/strong> <a href=\"https:\/\/www.webdo.tn\/fr\/actualite\/national\/extension-de-laeroport-tunis-carthage-un-projet-a-3-milliards-de-dinars-avec-metro-aerien\/387370\/\">Extension de l\u2019a\u00e9roport Tunis-Carthage : Un projet \u00e0 3 milliards de dinars avec m\u00e9tro a\u00e9rien<\/a><\/p>\n\n\n\n<p>Pour accompagner ce d\u00e9ploiement, l\u2019entreprise publique a lanc\u00e9 une consultation pour l\u2019acquisition de 30 nouvelles rames de m\u00e9tro. En parall\u00e8le, un programme de modernisation pr\u00e9voit la r\u00e9habilitation de 80 rames, la maintenance lourde de 55 unit\u00e9s et l\u2019achat de 15 nouvelles rames suppl\u00e9mentaires. L\u2019enjeu est double : renforcer la fiabilit\u00e9 du r\u00e9seau existant et absorber la demande future li\u00e9e \u00e0 la desserte a\u00e9roportuaire.<\/p>\n\n\n\n<h2 class=\"wp-block-heading\" id=\"h-tunis-carthage-cap-sur-18-5-millions-de-passagers\">Tunis-Carthage : cap sur 18,5 millions de passagers<\/h2>\n\n\n\n<p>Le projet d\u2019extension de l\u2019A\u00e9roport international de Tunis-Carthage constitue un autre pilier du plan 2026-2030. L\u2019infrastructure concentre actuellement pr\u00e8s de 60 % du trafic global des a\u00e9roports tunisiens, avec plus de 7,2 millions de passagers par an, et plus de 75 % du trafic g\u00e9r\u00e9 par l\u2019Office de l&rsquo;aviation civile et des a\u00e9roports.<\/p>\n\n\n\n<p>L\u2019extension vise \u00e0 porter la capacit\u00e9 globale \u00e0 18,5 millions de passagers \u00e0 l\u2019horizon 2030. Elle comprend la construction d\u2019un nouveau terminal de 11 millions de passagers par an, l\u2019extension partielle du terminal actuel pour atteindre 7 millions, ainsi que l\u2019exploitation du terminal 2 avec une capacit\u00e9 additionnelle de 500 000 passagers. Le gouvernement inscrit cette modernisation dans une vision int\u00e9gr\u00e9e du syst\u00e8me a\u00e9roportuaire national, misant sur la digitalisation et la compl\u00e9mentarit\u00e9 entre plateformes.<\/p>\n\n\n\n<h2 class=\"wp-block-heading\" id=\"h-enfida-futur-hub-logistique-mediterraneen\">Enfida, futur hub logistique m\u00e9diterran\u00e9en<\/h2>\n\n\n\n<p>Le projet du port en eaux profondes d\u2019Enfida a \u00e9galement \u00e9t\u00e9 au centre des discussions. Implant\u00e9 sur 3 000 hectares, dont 1 000 d\u00e9di\u00e9s au domaine portuaire et 2 000 \u00e0 une zone logistique et industrielle, il ambitionne de transformer la Tunisie en hub r\u00e9gional de transbordement en M\u00e9diterran\u00e9e.<\/p>\n\n\n\n<p>Le port \u00e0 conteneurs sera dimensionn\u00e9 pour accueillir les navires de tr\u00e8s grande capacit\u00e9 et sera connect\u00e9 aux r\u00e9seaux routiers, autoroutiers et ferroviaires. Selon les projections gouvernementales, le complexe pourrait g\u00e9n\u00e9rer jusqu\u2019\u00e0 52 000 emplois directs et indirects. L\u2019ex\u00e9cutif insiste sur l\u2019\u00e9quilibre entre rentabilit\u00e9 \u00e9conomique et exigences environnementales.<\/p>\n\n\n\n<h2 class=\"wp-block-heading\" id=\"h-feuille-de-route-acceleree\">Feuille de route acc\u00e9l\u00e9r\u00e9e<\/h2>\n\n\n\n<p>Le Conseil minist\u00e9riel a recommand\u00e9 l\u2019acc\u00e9l\u00e9ration imm\u00e9diate de ces chantiers structurants, avec un lancement prioritaire des premi\u00e8res tranches fonctionnelles du port d\u2019Enfida afin d\u2019assurer une rentabilit\u00e9 op\u00e9rationnelle progressive.<\/p>\n\n\n\n<p>\u00c0 travers ces projets, le gouvernement cherche \u00e0 poser les fondations d\u2019un cycle d\u2019investissement massif sur la p\u00e9riode 2026-2030, dans un contexte o\u00f9 la relance \u00e9conomique demeure un imp\u00e9ratif national.<\/p>\n","protected":false},"excerpt":{"rendered":"<p>Un Conseil minist\u00e9riel restreint s\u2019est tenu mercredi 25 f\u00e9vrier 2026 au Palais du gouvernement \u00e0 la Kasbah, sous la pr\u00e9sidence de la cheffe du gouvernement Sarra Zaafrani Zenzri, consacr\u00e9 au suivi des grands projets strat\u00e9giques appel\u00e9s \u00e0 structurer le Plan de d\u00e9veloppement 2026-2030. L\u2019ex\u00e9cutif affiche clairement son ambition : lever les blocages administratifs, acc\u00e9l\u00e9rer les [&hellip;]<\/p>\n","protected":false},"author":3184,"featured_media":390801,"comment_status":"closed","ping_status":"closed","sticky":false,"template":"","format":"standard","meta":{"footnotes":""},"categories":[44],"tags":[2819,4183,2608],"class_list":["post-393755","post","type-post","status-publish","format-standard","has-post-thumbnail","hentry","category-national","tag-projets","tag-transports","tag-tunisie"],"yoast_head":"<!-- This site is optimized with the Yoast SEO Premium plugin v27.5 (Yoast SEO v27.5) - https:\/\/yoast.com\/product\/yoast-seo-premium-wordpress\/ -->\n<title>TGV, a\u00e9roport, port en eaux profondes\u2026 Le gouvernement acc\u00e9l\u00e8re les grands chantiers - webdo<\/title>\n<link rel=\"canonical\" href=\"https:\/\/www.webdo.tn\/fr\/actualite\/national\/tgv-aeroport-port-en-eaux-profondes-le-gouvernement-accelere-les-grands-chantiers\/393755\/\" \/>\n<meta property=\"og:locale\" content=\"fr_FR\" \/>\n<meta property=\"og:type\" content=\"article\" \/>\n<meta property=\"og:title\" content=\"TGV, a\u00e9roport, port en eaux profondes\u2026 Le gouvernement acc\u00e9l\u00e8re les grands chantiers\" \/>\n<meta property=\"og:description\" content=\"Un Conseil minist\u00e9riel restreint s\u2019est tenu mercredi 25 f\u00e9vrier 2026 au Palais du gouvernement \u00e0 la Kasbah, sous la pr\u00e9sidence de la cheffe du gouvernement Sarra Zaafrani Zenzri, consacr\u00e9 au suivi des grands projets strat\u00e9giques appel\u00e9s \u00e0 structurer le Plan de d\u00e9veloppement 2026-2030. L\u2019ex\u00e9cutif affiche clairement son ambition : lever les blocages administratifs, acc\u00e9l\u00e9rer les [&hellip;]\" \/>\n<meta property=\"og:url\" content=\"https:\/\/www.webdo.tn\/fr\/actualite\/national\/tgv-aeroport-port-en-eaux-profondes-le-gouvernement-accelere-les-grands-chantiers\/393755\/\" \/>\n<meta property=\"og:site_name\" content=\"webdo\" \/>\n<meta property=\"article:publisher\" content=\"https:\/\/www.facebook.com\/webdotn\" \/>\n<meta property=\"article:published_time\" content=\"2026-02-25T17:23:44+00:00\" \/>\n<meta property=\"article:modified_time\" content=\"2026-02-25T17:23:45+00:00\" \/>\n<meta property=\"og:image\" content=\"https:\/\/www.webdo.tn\/fr\/wp-content\/uploads\/2026\/01\/Gouvernement.jpg\" \/>\n\t<meta property=\"og:image:width\" content=\"1202\" \/>\n\t<meta property=\"og:image:height\" content=\"600\" \/>\n\t<meta property=\"og:image:type\" content=\"image\/jpeg\" \/>\n<meta name=\"author\" content=\"Wided Belhaj\" \/>\n<meta name=\"twitter:card\" content=\"summary_large_image\" \/>\n<meta name=\"twitter:creator\" content=\"@webdo_tn\" \/>\n<meta name=\"twitter:site\" content=\"@webdo_tn\" \/>\n<meta name=\"twitter:label1\" content=\"\u00c9crit par\" \/>\n\t<meta name=\"twitter:data1\" content=\"Wided Belhaj\" \/>\n\t<meta name=\"twitter:label2\" content=\"Dur\u00e9e de lecture estim\u00e9e\" \/>\n\t<meta name=\"twitter:data2\" content=\"4 minutes\" \/>\n<script type=\"application\/ld+json\" class=\"yoast-schema-graph\">{\"@context\":\"https:\\\/\\\/schema.org\",\"@graph\":[{\"@type\":\"NewsArticle\",\"@id\":\"https:\\\/\\\/www.webdo.tn\\\/fr\\\/actualite\\\/national\\\/tgv-aeroport-port-en-eaux-profondes-le-gouvernement-accelere-les-grands-chantiers\\\/393755\\\/#article\",\"isPartOf\":{\"@id\":\"https:\\\/\\\/www.webdo.tn\\\/fr\\\/actualite\\\/national\\\/tgv-aeroport-port-en-eaux-profondes-le-gouvernement-accelere-les-grands-chantiers\\\/393755\\\/\"},\"author\":{\"name\":\"Wided Belhaj\",\"@id\":\"https:\\\/\\\/www.webdo.tn\\\/fr\\\/#\\\/schema\\\/person\\\/b9ecde7a5574cb4fcf4b496ea5fadb15\"},\"headline\":\"TGV, a\u00e9roport, port en eaux profondes\u2026 Le gouvernement acc\u00e9l\u00e8re les grands chantiers\",\"datePublished\":\"2026-02-25T17:23:44+00:00\",\"dateModified\":\"2026-02-25T17:23:45+00:00\",\"mainEntityOfPage\":{\"@id\":\"https:\\\/\\\/www.webdo.tn\\\/fr\\\/actualite\\\/national\\\/tgv-aeroport-port-en-eaux-profondes-le-gouvernement-accelere-les-grands-chantiers\\\/393755\\\/\"},\"wordCount\":738,\"publisher\":{\"@id\":\"https:\\\/\\\/www.webdo.tn\\\/fr\\\/#organization\"},\"image\":{\"@id\":\"https:\\\/\\\/www.webdo.tn\\\/fr\\\/actualite\\\/national\\\/tgv-aeroport-port-en-eaux-profondes-le-gouvernement-accelere-les-grands-chantiers\\\/393755\\\/#primaryimage\"},\"thumbnailUrl\":\"https:\\\/\\\/www.webdo.tn\\\/fr\\\/wp-content\\\/uploads\\\/2026\\\/01\\\/Gouvernement.jpg\",\"keywords\":[\"projets\",\"transports\",\"Tunisie\"],\"articleSection\":[\"National\"],\"inLanguage\":\"fr-FR\"},{\"@type\":\"WebPage\",\"@id\":\"https:\\\/\\\/www.webdo.tn\\\/fr\\\/actualite\\\/national\\\/tgv-aeroport-port-en-eaux-profondes-le-gouvernement-accelere-les-grands-chantiers\\\/393755\\\/\",\"url\":\"https:\\\/\\\/www.webdo.tn\\\/fr\\\/actualite\\\/national\\\/tgv-aeroport-port-en-eaux-profondes-le-gouvernement-accelere-les-grands-chantiers\\\/393755\\\/\",\"name\":\"TGV, a\u00e9roport, port en eaux profondes\u2026 Le gouvernement acc\u00e9l\u00e8re les grands chantiers - webdo\",\"isPartOf\":{\"@id\":\"https:\\\/\\\/www.webdo.tn\\\/fr\\\/#website\"},\"primaryImageOfPage\":{\"@id\":\"https:\\\/\\\/www.webdo.tn\\\/fr\\\/actualite\\\/national\\\/tgv-aeroport-port-en-eaux-profondes-le-gouvernement-accelere-les-grands-chantiers\\\/393755\\\/#primaryimage\"},\"image\":{\"@id\":\"https:\\\/\\\/www.webdo.tn\\\/fr\\\/actualite\\\/national\\\/tgv-aeroport-port-en-eaux-profondes-le-gouvernement-accelere-les-grands-chantiers\\\/393755\\\/#primaryimage\"},\"thumbnailUrl\":\"https:\\\/\\\/www.webdo.tn\\\/fr\\\/wp-content\\\/uploads\\\/2026\\\/01\\\/Gouvernement.jpg\",\"datePublished\":\"2026-02-25T17:23:44+00:00\",\"dateModified\":\"2026-02-25T17:23:45+00:00\",\"breadcrumb\":{\"@id\":\"https:\\\/\\\/www.webdo.tn\\\/fr\\\/actualite\\\/national\\\/tgv-aeroport-port-en-eaux-profondes-le-gouvernement-accelere-les-grands-chantiers\\\/393755\\\/#breadcrumb\"},\"inLanguage\":\"fr-FR\",\"potentialAction\":[{\"@type\":\"ReadAction\",\"target\":[\"https:\\\/\\\/www.webdo.tn\\\/fr\\\/actualite\\\/national\\\/tgv-aeroport-port-en-eaux-profondes-le-gouvernement-accelere-les-grands-chantiers\\\/393755\\\/\"]}]},{\"@type\":\"ImageObject\",\"inLanguage\":\"fr-FR\",\"@id\":\"https:\\\/\\\/www.webdo.tn\\\/fr\\\/actualite\\\/national\\\/tgv-aeroport-port-en-eaux-profondes-le-gouvernement-accelere-les-grands-chantiers\\\/393755\\\/#primaryimage\",\"url\":\"https:\\\/\\\/www.webdo.tn\\\/fr\\\/wp-content\\\/uploads\\\/2026\\\/01\\\/Gouvernement.jpg\",\"contentUrl\":\"https:\\\/\\\/www.webdo.tn\\\/fr\\\/wp-content\\\/uploads\\\/2026\\\/01\\\/Gouvernement.jpg\",\"width\":1202,\"height\":600,\"caption\":\"Tunisie : Le gouvernement fixe les grandes lignes du Plan de d\u00e9veloppement 2026-2030\"},{\"@type\":\"BreadcrumbList\",\"@id\":\"https:\\\/\\\/www.webdo.tn\\\/fr\\\/actualite\\\/national\\\/tgv-aeroport-port-en-eaux-profondes-le-gouvernement-accelere-les-grands-chantiers\\\/393755\\\/#breadcrumb\",\"itemListElement\":[{\"@type\":\"ListItem\",\"position\":1,\"name\":\"Accueil\",\"item\":\"https:\\\/\\\/www.webdo.tn\\\/fr\\\/\"},{\"@type\":\"ListItem\",\"position\":2,\"name\":\"TGV, a\u00e9roport, port en eaux profondes\u2026 Le gouvernement acc\u00e9l\u00e8re les grands chantiers\"}]},{\"@type\":\"WebSite\",\"@id\":\"https:\\\/\\\/www.webdo.tn\\\/fr\\\/#website\",\"url\":\"https:\\\/\\\/www.webdo.tn\\\/fr\\\/\",\"name\":\"webdo\",\"description\":\"Tunisie - News en Tunisie et \u00e0 l&#039;international sur Webdo.tn\",\"publisher\":{\"@id\":\"https:\\\/\\\/www.webdo.tn\\\/fr\\\/#organization\"},\"potentialAction\":[{\"@type\":\"SearchAction\",\"target\":{\"@type\":\"EntryPoint\",\"urlTemplate\":\"https:\\\/\\\/www.webdo.tn\\\/fr\\\/?s={search_term_string}\"},\"query-input\":{\"@type\":\"PropertyValueSpecification\",\"valueRequired\":true,\"valueName\":\"search_term_string\"}}],\"inLanguage\":\"fr-FR\"},{\"@type\":\"Organization\",\"@id\":\"https:\\\/\\\/www.webdo.tn\\\/fr\\\/#organization\",\"name\":\"Webdo\",\"alternateName\":\"Webdo.tn\",\"url\":\"https:\\\/\\\/www.webdo.tn\\\/fr\\\/\",\"logo\":{\"@type\":\"ImageObject\",\"inLanguage\":\"fr-FR\",\"@id\":\"https:\\\/\\\/www.webdo.tn\\\/fr\\\/#\\\/schema\\\/logo\\\/image\\\/\",\"url\":\"https:\\\/\\\/www.webdo.tn\\\/fr\\\/wp-content\\\/uploads\\\/2025\\\/06\\\/Webdo-Tunisie_168377.jpg\",\"contentUrl\":\"https:\\\/\\\/www.webdo.tn\\\/fr\\\/wp-content\\\/uploads\\\/2025\\\/06\\\/Webdo-Tunisie_168377.jpg\",\"width\":301,\"height\":301,\"caption\":\"Webdo\"},\"image\":{\"@id\":\"https:\\\/\\\/www.webdo.tn\\\/fr\\\/#\\\/schema\\\/logo\\\/image\\\/\"},\"sameAs\":[\"https:\\\/\\\/www.facebook.com\\\/webdotn\",\"https:\\\/\\\/x.com\\\/webdo_tn\"],\"description\":\"Webdo est un m\u00e9dia num\u00e9rique tunisien fond\u00e9 en 2010, sp\u00e9cialis\u00e9 dans l\u2019actualit\u00e9 nationale et internationale, l\u2019\u00e9conomie, la soci\u00e9t\u00e9 et les analyses politiques. Le site s\u2019adresse \u00e0 un large public francophone et couvre l\u2019information tunisienne en temps r\u00e9el.\",\"email\":\"redac@webdo.tn\",\"legalName\":\"YNJ SARL\",\"foundingDate\":\"2010-09-06\",\"numberOfEmployees\":{\"@type\":\"QuantitativeValue\",\"minValue\":\"11\",\"maxValue\":\"50\"}},{\"@type\":\"Person\",\"@id\":\"https:\\\/\\\/www.webdo.tn\\\/fr\\\/#\\\/schema\\\/person\\\/b9ecde7a5574cb4fcf4b496ea5fadb15\",\"name\":\"Wided Belhaj\",\"image\":{\"@type\":\"ImageObject\",\"inLanguage\":\"fr-FR\",\"@id\":\"https:\\\/\\\/www.webdo.tn\\\/fr\\\/wp-content\\\/uploads\\\/2026\\\/04\\\/wided-belhaj_avatar-96x96.jpg\",\"url\":\"https:\\\/\\\/www.webdo.tn\\\/fr\\\/wp-content\\\/uploads\\\/2026\\\/04\\\/wided-belhaj_avatar-96x96.jpg\",\"contentUrl\":\"https:\\\/\\\/www.webdo.tn\\\/fr\\\/wp-content\\\/uploads\\\/2026\\\/04\\\/wided-belhaj_avatar-96x96.jpg\",\"caption\":\"Wided Belhaj\"},\"description\":\"Wided Belhaj est le pseudonyme \u00e9ditorial utilis\u00e9 par Khalil Jelassi, journaliste, ma\u00eetre-assistant \u00e0 l\u2019Institut de presse et des sciences de l\u2019information (IPSI) et chercheur en sciences de l\u2019information et de la communication. Cette signature est d\u00e9di\u00e9e \u00e0 l\u2019analyse des m\u00e9dias, des pratiques journalistiques et des mutations de l\u2019information \u00e0 l\u2019\u00e8re digitale. \u00c0 travers ses contributions, Wided Belhaj propose une lecture analytique de l\u2019actualit\u00e9, en croisant regard critique et expertise acad\u00e9mique.\",\"knowsAbout\":[\"m\u00e9dias\",\"journalisme\",\"communication\",\"information\",\"transformation num\u00e9rique\",\"analyse des m\u00e9dias\"],\"knowsLanguage\":[\"Fran\u00e7ais\",\"Arabe\"],\"jobTitle\":\"Webdo.tn\",\"worksFor\":\"Journaliste \u2013 Analyse des m\u00e9dias\",\"url\":\"https:\\\/\\\/www.webdo.tn\\\/fr\\\/actualite\\\/author\\\/wided-belhaj\\\/\"}]}<\/script>\n<!-- \/ Yoast SEO Premium plugin. -->","yoast_head_json":{"title":"TGV, a\u00e9roport, port en eaux profondes\u2026 Le gouvernement acc\u00e9l\u00e8re les grands chantiers - webdo","canonical":"https:\/\/www.webdo.tn\/fr\/actualite\/national\/tgv-aeroport-port-en-eaux-profondes-le-gouvernement-accelere-les-grands-chantiers\/393755\/","og_locale":"fr_FR","og_type":"article","og_title":"TGV, a\u00e9roport, port en eaux profondes\u2026 Le gouvernement acc\u00e9l\u00e8re les grands chantiers","og_description":"Un Conseil minist\u00e9riel restreint s\u2019est tenu mercredi 25 f\u00e9vrier 2026 au Palais du gouvernement \u00e0 la Kasbah, sous la pr\u00e9sidence de la cheffe du gouvernement Sarra Zaafrani Zenzri, consacr\u00e9 au suivi des grands projets strat\u00e9giques appel\u00e9s \u00e0 structurer le Plan de d\u00e9veloppement 2026-2030. L\u2019ex\u00e9cutif affiche clairement son ambition : lever les blocages administratifs, acc\u00e9l\u00e9rer les [&hellip;]","og_url":"https:\/\/www.webdo.tn\/fr\/actualite\/national\/tgv-aeroport-port-en-eaux-profondes-le-gouvernement-accelere-les-grands-chantiers\/393755\/","og_site_name":"webdo","article_publisher":"https:\/\/www.facebook.com\/webdotn","article_published_time":"2026-02-25T17:23:44+00:00","article_modified_time":"2026-02-25T17:23:45+00:00","og_image":[{"width":1202,"height":600,"url":"https:\/\/www.webdo.tn\/fr\/wp-content\/uploads\/2026\/01\/Gouvernement.jpg","type":"image\/jpeg"}],"author":"Wided Belhaj","twitter_card":"summary_large_image","twitter_creator":"@webdo_tn","twitter_site":"@webdo_tn","twitter_misc":{"\u00c9crit par":"Wided Belhaj","Dur\u00e9e de lecture estim\u00e9e":"4 minutes"},"schema":{"@context":"https:\/\/schema.org","@graph":[{"@type":"NewsArticle","@id":"https:\/\/www.webdo.tn\/fr\/actualite\/national\/tgv-aeroport-port-en-eaux-profondes-le-gouvernement-accelere-les-grands-chantiers\/393755\/#article","isPartOf":{"@id":"https:\/\/www.webdo.tn\/fr\/actualite\/national\/tgv-aeroport-port-en-eaux-profondes-le-gouvernement-accelere-les-grands-chantiers\/393755\/"},"author":{"name":"Wided Belhaj","@id":"https:\/\/www.webdo.tn\/fr\/#\/schema\/person\/b9ecde7a5574cb4fcf4b496ea5fadb15"},"headline":"TGV, a\u00e9roport, port en eaux profondes\u2026 Le gouvernement acc\u00e9l\u00e8re les grands chantiers","datePublished":"2026-02-25T17:23:44+00:00","dateModified":"2026-02-25T17:23:45+00:00","mainEntityOfPage":{"@id":"https:\/\/www.webdo.tn\/fr\/actualite\/national\/tgv-aeroport-port-en-eaux-profondes-le-gouvernement-accelere-les-grands-chantiers\/393755\/"},"wordCount":738,"publisher":{"@id":"https:\/\/www.webdo.tn\/fr\/#organization"},"image":{"@id":"https:\/\/www.webdo.tn\/fr\/actualite\/national\/tgv-aeroport-port-en-eaux-profondes-le-gouvernement-accelere-les-grands-chantiers\/393755\/#primaryimage"},"thumbnailUrl":"https:\/\/www.webdo.tn\/fr\/wp-content\/uploads\/2026\/01\/Gouvernement.jpg","keywords":["projets","transports","Tunisie"],"articleSection":["National"],"inLanguage":"fr-FR"},{"@type":"WebPage","@id":"https:\/\/www.webdo.tn\/fr\/actualite\/national\/tgv-aeroport-port-en-eaux-profondes-le-gouvernement-accelere-les-grands-chantiers\/393755\/","url":"https:\/\/www.webdo.tn\/fr\/actualite\/national\/tgv-aeroport-port-en-eaux-profondes-le-gouvernement-accelere-les-grands-chantiers\/393755\/","name":"TGV, a\u00e9roport, port en eaux profondes\u2026 Le gouvernement acc\u00e9l\u00e8re les grands chantiers - webdo","isPartOf":{"@id":"https:\/\/www.webdo.tn\/fr\/#website"},"primaryImageOfPage":{"@id":"https:\/\/www.webdo.tn\/fr\/actualite\/national\/tgv-aeroport-port-en-eaux-profondes-le-gouvernement-accelere-les-grands-chantiers\/393755\/#primaryimage"},"image":{"@id":"https:\/\/www.webdo.tn\/fr\/actualite\/national\/tgv-aeroport-port-en-eaux-profondes-le-gouvernement-accelere-les-grands-chantiers\/393755\/#primaryimage"},"thumbnailUrl":"https:\/\/www.webdo.tn\/fr\/wp-content\/uploads\/2026\/01\/Gouvernement.jpg","datePublished":"2026-02-25T17:23:44+00:00","dateModified":"2026-02-25T17:23:45+00:00","breadcrumb":{"@id":"https:\/\/www.webdo.tn\/fr\/actualite\/national\/tgv-aeroport-port-en-eaux-profondes-le-gouvernement-accelere-les-grands-chantiers\/393755\/#breadcrumb"},"inLanguage":"fr-FR","potentialAction":[{"@type":"ReadAction","target":["https:\/\/www.webdo.tn\/fr\/actualite\/national\/tgv-aeroport-port-en-eaux-profondes-le-gouvernement-accelere-les-grands-chantiers\/393755\/"]}]},{"@type":"ImageObject","inLanguage":"fr-FR","@id":"https:\/\/www.webdo.tn\/fr\/actualite\/national\/tgv-aeroport-port-en-eaux-profondes-le-gouvernement-accelere-les-grands-chantiers\/393755\/#primaryimage","url":"https:\/\/www.webdo.tn\/fr\/wp-content\/uploads\/2026\/01\/Gouvernement.jpg","contentUrl":"https:\/\/www.webdo.tn\/fr\/wp-content\/uploads\/2026\/01\/Gouvernement.jpg","width":1202,"height":600,"caption":"Tunisie : Le gouvernement fixe les grandes lignes du Plan de d\u00e9veloppement 2026-2030"},{"@type":"BreadcrumbList","@id":"https:\/\/www.webdo.tn\/fr\/actualite\/national\/tgv-aeroport-port-en-eaux-profondes-le-gouvernement-accelere-les-grands-chantiers\/393755\/#breadcrumb","itemListElement":[{"@type":"ListItem","position":1,"name":"Accueil","item":"https:\/\/www.webdo.tn\/fr\/"},{"@type":"ListItem","position":2,"name":"TGV, a\u00e9roport, port en eaux profondes\u2026 Le gouvernement acc\u00e9l\u00e8re les grands chantiers"}]},{"@type":"WebSite","@id":"https:\/\/www.webdo.tn\/fr\/#website","url":"https:\/\/www.webdo.tn\/fr\/","name":"webdo","description":"Tunisie - News en Tunisie et \u00e0 l&#039;international sur Webdo.tn","publisher":{"@id":"https:\/\/www.webdo.tn\/fr\/#organization"},"potentialAction":[{"@type":"SearchAction","target":{"@type":"EntryPoint","urlTemplate":"https:\/\/www.webdo.tn\/fr\/?s={search_term_string}"},"query-input":{"@type":"PropertyValueSpecification","valueRequired":true,"valueName":"search_term_string"}}],"inLanguage":"fr-FR"},{"@type":"Organization","@id":"https:\/\/www.webdo.tn\/fr\/#organization","name":"Webdo","alternateName":"Webdo.tn","url":"https:\/\/www.webdo.tn\/fr\/","logo":{"@type":"ImageObject","inLanguage":"fr-FR","@id":"https:\/\/www.webdo.tn\/fr\/#\/schema\/logo\/image\/","url":"https:\/\/www.webdo.tn\/fr\/wp-content\/uploads\/2025\/06\/Webdo-Tunisie_168377.jpg","contentUrl":"https:\/\/www.webdo.tn\/fr\/wp-content\/uploads\/2025\/06\/Webdo-Tunisie_168377.jpg","width":301,"height":301,"caption":"Webdo"},"image":{"@id":"https:\/\/www.webdo.tn\/fr\/#\/schema\/logo\/image\/"},"sameAs":["https:\/\/www.facebook.com\/webdotn","https:\/\/x.com\/webdo_tn"],"description":"Webdo est un m\u00e9dia num\u00e9rique tunisien fond\u00e9 en 2010, sp\u00e9cialis\u00e9 dans l\u2019actualit\u00e9 nationale et internationale, l\u2019\u00e9conomie, la soci\u00e9t\u00e9 et les analyses politiques. Le site s\u2019adresse \u00e0 un large public francophone et couvre l\u2019information tunisienne en temps r\u00e9el.","email":"redac@webdo.tn","legalName":"YNJ SARL","foundingDate":"2010-09-06","numberOfEmployees":{"@type":"QuantitativeValue","minValue":"11","maxValue":"50"}},{"@type":"Person","@id":"https:\/\/www.webdo.tn\/fr\/#\/schema\/person\/b9ecde7a5574cb4fcf4b496ea5fadb15","name":"Wided Belhaj","image":{"@type":"ImageObject","inLanguage":"fr-FR","@id":"https:\/\/www.webdo.tn\/fr\/wp-content\/uploads\/2026\/04\/wided-belhaj_avatar-96x96.jpg","url":"https:\/\/www.webdo.tn\/fr\/wp-content\/uploads\/2026\/04\/wided-belhaj_avatar-96x96.jpg","contentUrl":"https:\/\/www.webdo.tn\/fr\/wp-content\/uploads\/2026\/04\/wided-belhaj_avatar-96x96.jpg","caption":"Wided Belhaj"},"description":"Wided Belhaj est le pseudonyme \u00e9ditorial utilis\u00e9 par Khalil Jelassi, journaliste, ma\u00eetre-assistant \u00e0 l\u2019Institut de presse et des sciences de l\u2019information (IPSI) et chercheur en sciences de l\u2019information et de la communication. Cette signature est d\u00e9di\u00e9e \u00e0 l\u2019analyse des m\u00e9dias, des pratiques journalistiques et des mutations de l\u2019information \u00e0 l\u2019\u00e8re digitale. \u00c0 travers ses contributions, Wided Belhaj propose une lecture analytique de l\u2019actualit\u00e9, en croisant regard critique et expertise acad\u00e9mique.","knowsAbout":["m\u00e9dias","journalisme","communication","information","transformation num\u00e9rique","analyse des m\u00e9dias"],"knowsLanguage":["Fran\u00e7ais","Arabe"],"jobTitle":"Webdo.tn","worksFor":"Journaliste \u2013 Analyse des m\u00e9dias","url":"https:\/\/www.webdo.tn\/fr\/actualite\/author\/wided-belhaj\/"}]}},"_links":{"self":[{"href":"https:\/\/www.webdo.tn\/fr\/wp-json\/wp\/v2\/posts\/393755","targetHints":{"allow":["GET"]}}],"collection":[{"href":"https:\/\/www.webdo.tn\/fr\/wp-json\/wp\/v2\/posts"}],"about":[{"href":"https:\/\/www.webdo.tn\/fr\/wp-json\/wp\/v2\/types\/post"}],"author":[{"embeddable":true,"href":"https:\/\/www.webdo.tn\/fr\/wp-json\/wp\/v2\/users\/3184"}],"replies":[{"embeddable":true,"href":"https:\/\/www.webdo.tn\/fr\/wp-json\/wp\/v2\/comments?post=393755"}],"version-history":[{"count":0,"href":"https:\/\/www.webdo.tn\/fr\/wp-json\/wp\/v2\/posts\/393755\/revisions"}],"wp:featuredmedia":[{"embeddable":true,"href":"https:\/\/www.webdo.tn\/fr\/wp-json\/wp\/v2\/media\/390801"}],"wp:attachment":[{"href":"https:\/\/www.webdo.tn\/fr\/wp-json\/wp\/v2\/media?parent=393755"}],"wp:term":[{"taxonomy":"category","embeddable":true,"href":"https:\/\/www.webdo.tn\/fr\/wp-json\/wp\/v2\/categories?post=393755"},{"taxonomy":"post_tag","embeddable":true,"href":"https:\/\/www.webdo.tn\/fr\/wp-json\/wp\/v2\/tags?post=393755"}],"curies":[{"name":"wp","href":"https:\/\/api.w.org\/{rel}","templated":true}]}}