{"id":393730,"date":"2026-02-25T12:09:18","date_gmt":"2026-02-25T11:09:18","guid":{"rendered":"https:\/\/www.webdo.tn\/fr\/?p=393730"},"modified":"2026-02-25T12:09:19","modified_gmt":"2026-02-25T11:09:19","slug":"la-municipalite-de-tunis-appelle-les-commercants-a-entretenir-les-facades-et-abords-de-leurs-etablissements","status":"publish","type":"post","link":"https:\/\/www.webdo.tn\/fr\/actualite\/national\/la-municipalite-de-tunis-appelle-les-commercants-a-entretenir-les-facades-et-abords-de-leurs-etablissements\/393730\/","title":{"rendered":"La Municipalit\u00e9 de Tunis appelle les commer\u00e7ants \u00e0 entretenir les fa\u00e7ades et abords de leurs \u00e9tablissements"},"content":{"rendered":"\n<p><strong>La Municipalit\u00e9 de Tunis a lanc\u00e9 un appel \u00e0 tous les propri\u00e9taires d\u2019\u00e9tablissements ouverts au public pour qu\u2019ils prennent soin de l\u2019aspect ext\u00e9rieur de leurs commerces. Cette initiative vise \u00e0 renforcer les efforts de la municipalit\u00e9 en mati\u00e8re de propret\u00e9, de protection de l\u2019environnement et de valorisation du paysage urbain.<\/strong><\/p>\n\n\n\n<p>Selon Samaah Daldoul, responsable de la gestion de la mairie, les commer\u00e7ants sont invit\u00e9s \u00e0 repeindre leurs fa\u00e7ades si n\u00e9cessaire, entretenir les stores et auvents ainsi que les protections solaires, et nettoyer les abords imm\u00e9diats de leurs locaux pour pr\u00e9server l\u2019hygi\u00e8ne et l\u2019esth\u00e9tique urbaine.<\/p>\n\n\n\n<h2 class=\"wp-block-heading\" id=\"h-des-sanctions-en-cas-de-non-respect\">Des sanctions en cas de non-respect<\/h2>\n\n\n\n<p>La municipalit\u00e9 a averti que tout manquement aux recommandations pourrait entra\u00eener l\u2019application de sanctions administratives et financi\u00e8res, conform\u00e9ment \u00e0 la r\u00e9glementation en vigueur. L\u2019objectif affich\u00e9 est de sensibiliser les commer\u00e7ants tout en pr\u00e9servant l\u2019image et le cadre de vie de la ville.<\/p>\n\n\n\n<p>Cette initiative s\u2019inscrit dans une politique plus large de la mairie visant \u00e0 maintenir Tunis propre et accueillante, notamment dans les zones commerciales et \u00e0 forte fr\u00e9quentation.<\/p>\n","protected":false},"excerpt":{"rendered":"<p>La Municipalit\u00e9 de Tunis a lanc\u00e9 un appel \u00e0 tous les propri\u00e9taires d\u2019\u00e9tablissements ouverts au public pour qu\u2019ils prennent soin de l\u2019aspect ext\u00e9rieur de leurs commerces. Cette initiative vise \u00e0 renforcer les efforts de la municipalit\u00e9 en mati\u00e8re de propret\u00e9, de protection de l\u2019environnement et de valorisation du paysage urbain. Selon Samaah Daldoul, responsable de [&hellip;]<\/p>\n","protected":false},"author":4782,"featured_media":393732,"comment_status":"closed","ping_status":"closed","sticky":false,"template":"","format":"standard","meta":{"footnotes":""},"categories":[44],"tags":[3085,2640,2608],"class_list":["post-393730","post","type-post","status-publish","format-standard","has-post-thumbnail","hentry","category-national","tag-municipalite-de-tunis","tag-tunis","tag-tunisie"],"yoast_head":"<!-- This site is optimized with the Yoast SEO Premium plugin v27.4 (Yoast SEO v27.5) - https:\/\/yoast.com\/product\/yoast-seo-premium-wordpress\/ -->\n<title>La Municipalit\u00e9 de Tunis appelle les commer\u00e7ants \u00e0 entretenir les fa\u00e7ades et abords de leurs \u00e9tablissements - webdo<\/title>\n<meta name=\"description\" content=\"La Municipalit\u00e9 de Tunis appelle les commer\u00e7ants \u00e0 entretenir les fa\u00e7ades et abords de leurs \u00e9tablissements pour valoriser la ville.\" \/>\n<link rel=\"canonical\" href=\"https:\/\/www.webdo.tn\/fr\/actualite\/national\/la-municipalite-de-tunis-appelle-les-commercants-a-entretenir-les-facades-et-abords-de-leurs-etablissements\/393730\/\" \/>\n<meta property=\"og:locale\" content=\"fr_FR\" \/>\n<meta property=\"og:type\" content=\"article\" \/>\n<meta property=\"og:title\" content=\"La Municipalit\u00e9 de Tunis appelle les commer\u00e7ants \u00e0 entretenir les fa\u00e7ades et abords de leurs \u00e9tablissements\" \/>\n<meta property=\"og:description\" content=\"La Municipalit\u00e9 de Tunis appelle les commer\u00e7ants \u00e0 entretenir les fa\u00e7ades et abords de leurs \u00e9tablissements pour valoriser la ville.\" \/>\n<meta property=\"og:url\" content=\"https:\/\/www.webdo.tn\/fr\/actualite\/national\/la-municipalite-de-tunis-appelle-les-commercants-a-entretenir-les-facades-et-abords-de-leurs-etablissements\/393730\/\" \/>\n<meta property=\"og:site_name\" content=\"webdo\" \/>\n<meta property=\"article:publisher\" content=\"https:\/\/www.facebook.com\/webdotn\" \/>\n<meta property=\"article:published_time\" content=\"2026-02-25T11:09:18+00:00\" \/>\n<meta property=\"article:modified_time\" content=\"2026-02-25T11:09:19+00:00\" \/>\n<meta property=\"og:image\" content=\"https:\/\/www.webdo.tn\/fr\/wp-content\/uploads\/2026\/02\/Municipalite-de-Tunis.jpg\" \/>\n\t<meta property=\"og:image:width\" content=\"1200\" \/>\n\t<meta property=\"og:image:height\" content=\"600\" \/>\n\t<meta property=\"og:image:type\" content=\"image\/jpeg\" \/>\n<meta name=\"author\" content=\"Mohamed Fethi\" \/>\n<meta name=\"twitter:card\" content=\"summary_large_image\" \/>\n<meta name=\"twitter:creator\" content=\"@webdo_tn\" \/>\n<meta name=\"twitter:site\" content=\"@webdo_tn\" \/>\n<meta name=\"twitter:label1\" content=\"\u00c9crit par\" \/>\n\t<meta name=\"twitter:data1\" content=\"Mohamed Fethi\" \/>\n\t<meta name=\"twitter:label2\" content=\"Dur\u00e9e de lecture estim\u00e9e\" \/>\n\t<meta name=\"twitter:data2\" content=\"2 minutes\" \/>\n<script type=\"application\/ld+json\" class=\"yoast-schema-graph\">{\"@context\":\"https:\\\/\\\/schema.org\",\"@graph\":[{\"@type\":\"NewsArticle\",\"@id\":\"https:\\\/\\\/www.webdo.tn\\\/fr\\\/actualite\\\/national\\\/la-municipalite-de-tunis-appelle-les-commercants-a-entretenir-les-facades-et-abords-de-leurs-etablissements\\\/393730\\\/#article\",\"isPartOf\":{\"@id\":\"https:\\\/\\\/www.webdo.tn\\\/fr\\\/actualite\\\/national\\\/la-municipalite-de-tunis-appelle-les-commercants-a-entretenir-les-facades-et-abords-de-leurs-etablissements\\\/393730\\\/\"},\"author\":{\"name\":\"Mohamed Fethi\",\"@id\":\"https:\\\/\\\/www.webdo.tn\\\/fr\\\/#\\\/schema\\\/person\\\/16a4857e77dfc0b610c4c2cadffc9ac4\"},\"headline\":\"La Municipalit\u00e9 de Tunis appelle les commer\u00e7ants \u00e0 entretenir les fa\u00e7ades et abords de leurs \u00e9tablissements\",\"datePublished\":\"2026-02-25T11:09:18+00:00\",\"dateModified\":\"2026-02-25T11:09:19+00:00\",\"mainEntityOfPage\":{\"@id\":\"https:\\\/\\\/www.webdo.tn\\\/fr\\\/actualite\\\/national\\\/la-municipalite-de-tunis-appelle-les-commercants-a-entretenir-les-facades-et-abords-de-leurs-etablissements\\\/393730\\\/\"},\"wordCount\":208,\"publisher\":{\"@id\":\"https:\\\/\\\/www.webdo.tn\\\/fr\\\/#organization\"},\"image\":{\"@id\":\"https:\\\/\\\/www.webdo.tn\\\/fr\\\/actualite\\\/national\\\/la-municipalite-de-tunis-appelle-les-commercants-a-entretenir-les-facades-et-abords-de-leurs-etablissements\\\/393730\\\/#primaryimage\"},\"thumbnailUrl\":\"https:\\\/\\\/www.webdo.tn\\\/fr\\\/wp-content\\\/uploads\\\/2026\\\/02\\\/Municipalite-de-Tunis.jpg\",\"keywords\":[\"Municipalit\u00e9 de Tunis\",\"Tunis\",\"Tunisie\"],\"articleSection\":[\"National\"],\"inLanguage\":\"fr-FR\"},{\"@type\":\"WebPage\",\"@id\":\"https:\\\/\\\/www.webdo.tn\\\/fr\\\/actualite\\\/national\\\/la-municipalite-de-tunis-appelle-les-commercants-a-entretenir-les-facades-et-abords-de-leurs-etablissements\\\/393730\\\/\",\"url\":\"https:\\\/\\\/www.webdo.tn\\\/fr\\\/actualite\\\/national\\\/la-municipalite-de-tunis-appelle-les-commercants-a-entretenir-les-facades-et-abords-de-leurs-etablissements\\\/393730\\\/\",\"name\":\"La Municipalit\u00e9 de Tunis appelle les commer\u00e7ants \u00e0 entretenir les fa\u00e7ades et abords de leurs \u00e9tablissements - webdo\",\"isPartOf\":{\"@id\":\"https:\\\/\\\/www.webdo.tn\\\/fr\\\/#website\"},\"primaryImageOfPage\":{\"@id\":\"https:\\\/\\\/www.webdo.tn\\\/fr\\\/actualite\\\/national\\\/la-municipalite-de-tunis-appelle-les-commercants-a-entretenir-les-facades-et-abords-de-leurs-etablissements\\\/393730\\\/#primaryimage\"},\"image\":{\"@id\":\"https:\\\/\\\/www.webdo.tn\\\/fr\\\/actualite\\\/national\\\/la-municipalite-de-tunis-appelle-les-commercants-a-entretenir-les-facades-et-abords-de-leurs-etablissements\\\/393730\\\/#primaryimage\"},\"thumbnailUrl\":\"https:\\\/\\\/www.webdo.tn\\\/fr\\\/wp-content\\\/uploads\\\/2026\\\/02\\\/Municipalite-de-Tunis.jpg\",\"datePublished\":\"2026-02-25T11:09:18+00:00\",\"dateModified\":\"2026-02-25T11:09:19+00:00\",\"description\":\"La Municipalit\u00e9 de Tunis appelle les commer\u00e7ants \u00e0 entretenir les fa\u00e7ades et abords de leurs \u00e9tablissements pour valoriser la ville.\",\"breadcrumb\":{\"@id\":\"https:\\\/\\\/www.webdo.tn\\\/fr\\\/actualite\\\/national\\\/la-municipalite-de-tunis-appelle-les-commercants-a-entretenir-les-facades-et-abords-de-leurs-etablissements\\\/393730\\\/#breadcrumb\"},\"inLanguage\":\"fr-FR\",\"potentialAction\":[{\"@type\":\"ReadAction\",\"target\":[\"https:\\\/\\\/www.webdo.tn\\\/fr\\\/actualite\\\/national\\\/la-municipalite-de-tunis-appelle-les-commercants-a-entretenir-les-facades-et-abords-de-leurs-etablissements\\\/393730\\\/\"]}]},{\"@type\":\"ImageObject\",\"inLanguage\":\"fr-FR\",\"@id\":\"https:\\\/\\\/www.webdo.tn\\\/fr\\\/actualite\\\/national\\\/la-municipalite-de-tunis-appelle-les-commercants-a-entretenir-les-facades-et-abords-de-leurs-etablissements\\\/393730\\\/#primaryimage\",\"url\":\"https:\\\/\\\/www.webdo.tn\\\/fr\\\/wp-content\\\/uploads\\\/2026\\\/02\\\/Municipalite-de-Tunis.jpg\",\"contentUrl\":\"https:\\\/\\\/www.webdo.tn\\\/fr\\\/wp-content\\\/uploads\\\/2026\\\/02\\\/Municipalite-de-Tunis.jpg\",\"width\":1200,\"height\":600,\"caption\":\"La Municipalit\u00e9 de Tunis appelle les commer\u00e7ants \u00e0 entretenir les fa\u00e7ades et abords de leurs \u00e9tablissements\"},{\"@type\":\"BreadcrumbList\",\"@id\":\"https:\\\/\\\/www.webdo.tn\\\/fr\\\/actualite\\\/national\\\/la-municipalite-de-tunis-appelle-les-commercants-a-entretenir-les-facades-et-abords-de-leurs-etablissements\\\/393730\\\/#breadcrumb\",\"itemListElement\":[{\"@type\":\"ListItem\",\"position\":1,\"name\":\"Accueil\",\"item\":\"https:\\\/\\\/www.webdo.tn\\\/fr\\\/\"},{\"@type\":\"ListItem\",\"position\":2,\"name\":\"La Municipalit\u00e9 de Tunis appelle les commer\u00e7ants \u00e0 entretenir les fa\u00e7ades et abords de leurs \u00e9tablissements\"}]},{\"@type\":\"WebSite\",\"@id\":\"https:\\\/\\\/www.webdo.tn\\\/fr\\\/#website\",\"url\":\"https:\\\/\\\/www.webdo.tn\\\/fr\\\/\",\"name\":\"webdo\",\"description\":\"Tunisie - News en Tunisie et \u00e0 l&#039;international sur Webdo.tn\",\"publisher\":{\"@id\":\"https:\\\/\\\/www.webdo.tn\\\/fr\\\/#organization\"},\"potentialAction\":[{\"@type\":\"SearchAction\",\"target\":{\"@type\":\"EntryPoint\",\"urlTemplate\":\"https:\\\/\\\/www.webdo.tn\\\/fr\\\/?s={search_term_string}\"},\"query-input\":{\"@type\":\"PropertyValueSpecification\",\"valueRequired\":true,\"valueName\":\"search_term_string\"}}],\"inLanguage\":\"fr-FR\"},{\"@type\":\"Organization\",\"@id\":\"https:\\\/\\\/www.webdo.tn\\\/fr\\\/#organization\",\"name\":\"Webdo\",\"alternateName\":\"Webdo.tn\",\"url\":\"https:\\\/\\\/www.webdo.tn\\\/fr\\\/\",\"logo\":{\"@type\":\"ImageObject\",\"inLanguage\":\"fr-FR\",\"@id\":\"https:\\\/\\\/www.webdo.tn\\\/fr\\\/#\\\/schema\\\/logo\\\/image\\\/\",\"url\":\"https:\\\/\\\/www.webdo.tn\\\/fr\\\/wp-content\\\/uploads\\\/2025\\\/06\\\/Webdo-Tunisie_168377.jpg\",\"contentUrl\":\"https:\\\/\\\/www.webdo.tn\\\/fr\\\/wp-content\\\/uploads\\\/2025\\\/06\\\/Webdo-Tunisie_168377.jpg\",\"width\":301,\"height\":301,\"caption\":\"Webdo\"},\"image\":{\"@id\":\"https:\\\/\\\/www.webdo.tn\\\/fr\\\/#\\\/schema\\\/logo\\\/image\\\/\"},\"sameAs\":[\"https:\\\/\\\/www.facebook.com\\\/webdotn\",\"https:\\\/\\\/x.com\\\/webdo_tn\"],\"description\":\"Webdo est un m\u00e9dia num\u00e9rique tunisien fond\u00e9 en 2010, sp\u00e9cialis\u00e9 dans l\u2019actualit\u00e9 nationale et internationale, l\u2019\u00e9conomie, la soci\u00e9t\u00e9 et les analyses politiques. Le site s\u2019adresse \u00e0 un large public francophone et couvre l\u2019information tunisienne en temps r\u00e9el.\",\"email\":\"redac@webdo.tn\",\"legalName\":\"YNJ SARL\",\"foundingDate\":\"2010-09-06\",\"numberOfEmployees\":{\"@type\":\"QuantitativeValue\",\"minValue\":\"11\",\"maxValue\":\"50\"}},{\"@type\":\"Person\",\"@id\":\"https:\\\/\\\/www.webdo.tn\\\/fr\\\/#\\\/schema\\\/person\\\/16a4857e77dfc0b610c4c2cadffc9ac4\",\"name\":\"Mohamed Fethi\",\"image\":{\"@type\":\"ImageObject\",\"inLanguage\":\"fr-FR\",\"@id\":\"https:\\\/\\\/www.webdo.tn\\\/fr\\\/wp-content\\\/uploads\\\/2026\\\/04\\\/mohamed-fethi_avatar_1-96x96.jpg\",\"url\":\"https:\\\/\\\/www.webdo.tn\\\/fr\\\/wp-content\\\/uploads\\\/2026\\\/04\\\/mohamed-fethi_avatar_1-96x96.jpg\",\"contentUrl\":\"https:\\\/\\\/www.webdo.tn\\\/fr\\\/wp-content\\\/uploads\\\/2026\\\/04\\\/mohamed-fethi_avatar_1-96x96.jpg\",\"caption\":\"Mohamed Fethi\"},\"description\":\"Signature \u00e9ditoriale de Maher Chaabane Mohamed Fethi est le pseudonyme \u00e9ditorial de Maher Chaabane, r\u00e9dacteur en chef de Webdo.tn depuis 2012. Cette signature est d\u00e9di\u00e9e au traitement intensif de l'actualit\u00e9 nationale et internationale en temps r\u00e9el. S'appuyant sur les deux d\u00e9cennies d'expertise journalistique de Maher Chaabane \u2014 d\u00e9but\u00e9e au sein du groupe Tunis Hebdo en 2000 \u2014 Mohamed Fethi assure une veille rigoureuse sur les enjeux politiques, \u00e9conomiques et sportifs. Sa mission est de garantir une information structur\u00e9e, fluide et fid\u00e8le aux standards de la r\u00e9daction. Pour consulter le parcours complet du r\u00e9dacteur en chef, visitez le profil officiel de Maher Chaabane.\",\"knowsAbout\":[\"actualit\u00e9\",\"journalisme\",\"information\",\"politique\",\"sport\",\"m\u00e9dias\",\"actualit\u00e9 internationale\"],\"knowsLanguage\":[\"Fran\u00e7ais\",\"Arabe\"],\"jobTitle\":\"Journaliste \u2013 R\u00e9daction Webdo\",\"worksFor\":\"Webdo.tn\",\"url\":\"https:\\\/\\\/www.webdo.tn\\\/fr\\\/actualite\\\/author\\\/mohamed-fethi\\\/\"}]}<\/script>\n<!-- \/ Yoast SEO Premium plugin. -->","yoast_head_json":{"title":"La Municipalit\u00e9 de Tunis appelle les commer\u00e7ants \u00e0 entretenir les fa\u00e7ades et abords de leurs \u00e9tablissements - webdo","description":"La Municipalit\u00e9 de Tunis appelle les commer\u00e7ants \u00e0 entretenir les fa\u00e7ades et abords de leurs \u00e9tablissements pour valoriser la ville.","canonical":"https:\/\/www.webdo.tn\/fr\/actualite\/national\/la-municipalite-de-tunis-appelle-les-commercants-a-entretenir-les-facades-et-abords-de-leurs-etablissements\/393730\/","og_locale":"fr_FR","og_type":"article","og_title":"La Municipalit\u00e9 de Tunis appelle les commer\u00e7ants \u00e0 entretenir les fa\u00e7ades et abords de leurs \u00e9tablissements","og_description":"La Municipalit\u00e9 de Tunis appelle les commer\u00e7ants \u00e0 entretenir les fa\u00e7ades et abords de leurs \u00e9tablissements pour valoriser la ville.","og_url":"https:\/\/www.webdo.tn\/fr\/actualite\/national\/la-municipalite-de-tunis-appelle-les-commercants-a-entretenir-les-facades-et-abords-de-leurs-etablissements\/393730\/","og_site_name":"webdo","article_publisher":"https:\/\/www.facebook.com\/webdotn","article_published_time":"2026-02-25T11:09:18+00:00","article_modified_time":"2026-02-25T11:09:19+00:00","og_image":[{"width":1200,"height":600,"url":"https:\/\/www.webdo.tn\/fr\/wp-content\/uploads\/2026\/02\/Municipalite-de-Tunis.jpg","type":"image\/jpeg"}],"author":"Mohamed Fethi","twitter_card":"summary_large_image","twitter_creator":"@webdo_tn","twitter_site":"@webdo_tn","twitter_misc":{"\u00c9crit par":"Mohamed Fethi","Dur\u00e9e de lecture estim\u00e9e":"2 minutes"},"schema":{"@context":"https:\/\/schema.org","@graph":[{"@type":"NewsArticle","@id":"https:\/\/www.webdo.tn\/fr\/actualite\/national\/la-municipalite-de-tunis-appelle-les-commercants-a-entretenir-les-facades-et-abords-de-leurs-etablissements\/393730\/#article","isPartOf":{"@id":"https:\/\/www.webdo.tn\/fr\/actualite\/national\/la-municipalite-de-tunis-appelle-les-commercants-a-entretenir-les-facades-et-abords-de-leurs-etablissements\/393730\/"},"author":{"name":"Mohamed Fethi","@id":"https:\/\/www.webdo.tn\/fr\/#\/schema\/person\/16a4857e77dfc0b610c4c2cadffc9ac4"},"headline":"La Municipalit\u00e9 de Tunis appelle les commer\u00e7ants \u00e0 entretenir les fa\u00e7ades et abords de leurs \u00e9tablissements","datePublished":"2026-02-25T11:09:18+00:00","dateModified":"2026-02-25T11:09:19+00:00","mainEntityOfPage":{"@id":"https:\/\/www.webdo.tn\/fr\/actualite\/national\/la-municipalite-de-tunis-appelle-les-commercants-a-entretenir-les-facades-et-abords-de-leurs-etablissements\/393730\/"},"wordCount":208,"publisher":{"@id":"https:\/\/www.webdo.tn\/fr\/#organization"},"image":{"@id":"https:\/\/www.webdo.tn\/fr\/actualite\/national\/la-municipalite-de-tunis-appelle-les-commercants-a-entretenir-les-facades-et-abords-de-leurs-etablissements\/393730\/#primaryimage"},"thumbnailUrl":"https:\/\/www.webdo.tn\/fr\/wp-content\/uploads\/2026\/02\/Municipalite-de-Tunis.jpg","keywords":["Municipalit\u00e9 de Tunis","Tunis","Tunisie"],"articleSection":["National"],"inLanguage":"fr-FR"},{"@type":"WebPage","@id":"https:\/\/www.webdo.tn\/fr\/actualite\/national\/la-municipalite-de-tunis-appelle-les-commercants-a-entretenir-les-facades-et-abords-de-leurs-etablissements\/393730\/","url":"https:\/\/www.webdo.tn\/fr\/actualite\/national\/la-municipalite-de-tunis-appelle-les-commercants-a-entretenir-les-facades-et-abords-de-leurs-etablissements\/393730\/","name":"La Municipalit\u00e9 de Tunis appelle les commer\u00e7ants \u00e0 entretenir les fa\u00e7ades et abords de leurs \u00e9tablissements - webdo","isPartOf":{"@id":"https:\/\/www.webdo.tn\/fr\/#website"},"primaryImageOfPage":{"@id":"https:\/\/www.webdo.tn\/fr\/actualite\/national\/la-municipalite-de-tunis-appelle-les-commercants-a-entretenir-les-facades-et-abords-de-leurs-etablissements\/393730\/#primaryimage"},"image":{"@id":"https:\/\/www.webdo.tn\/fr\/actualite\/national\/la-municipalite-de-tunis-appelle-les-commercants-a-entretenir-les-facades-et-abords-de-leurs-etablissements\/393730\/#primaryimage"},"thumbnailUrl":"https:\/\/www.webdo.tn\/fr\/wp-content\/uploads\/2026\/02\/Municipalite-de-Tunis.jpg","datePublished":"2026-02-25T11:09:18+00:00","dateModified":"2026-02-25T11:09:19+00:00","description":"La Municipalit\u00e9 de Tunis appelle les commer\u00e7ants \u00e0 entretenir les fa\u00e7ades et abords de leurs \u00e9tablissements pour valoriser la ville.","breadcrumb":{"@id":"https:\/\/www.webdo.tn\/fr\/actualite\/national\/la-municipalite-de-tunis-appelle-les-commercants-a-entretenir-les-facades-et-abords-de-leurs-etablissements\/393730\/#breadcrumb"},"inLanguage":"fr-FR","potentialAction":[{"@type":"ReadAction","target":["https:\/\/www.webdo.tn\/fr\/actualite\/national\/la-municipalite-de-tunis-appelle-les-commercants-a-entretenir-les-facades-et-abords-de-leurs-etablissements\/393730\/"]}]},{"@type":"ImageObject","inLanguage":"fr-FR","@id":"https:\/\/www.webdo.tn\/fr\/actualite\/national\/la-municipalite-de-tunis-appelle-les-commercants-a-entretenir-les-facades-et-abords-de-leurs-etablissements\/393730\/#primaryimage","url":"https:\/\/www.webdo.tn\/fr\/wp-content\/uploads\/2026\/02\/Municipalite-de-Tunis.jpg","contentUrl":"https:\/\/www.webdo.tn\/fr\/wp-content\/uploads\/2026\/02\/Municipalite-de-Tunis.jpg","width":1200,"height":600,"caption":"La Municipalit\u00e9 de Tunis appelle les commer\u00e7ants \u00e0 entretenir les fa\u00e7ades et abords de leurs \u00e9tablissements"},{"@type":"BreadcrumbList","@id":"https:\/\/www.webdo.tn\/fr\/actualite\/national\/la-municipalite-de-tunis-appelle-les-commercants-a-entretenir-les-facades-et-abords-de-leurs-etablissements\/393730\/#breadcrumb","itemListElement":[{"@type":"ListItem","position":1,"name":"Accueil","item":"https:\/\/www.webdo.tn\/fr\/"},{"@type":"ListItem","position":2,"name":"La Municipalit\u00e9 de Tunis appelle les commer\u00e7ants \u00e0 entretenir les fa\u00e7ades et abords de leurs \u00e9tablissements"}]},{"@type":"WebSite","@id":"https:\/\/www.webdo.tn\/fr\/#website","url":"https:\/\/www.webdo.tn\/fr\/","name":"webdo","description":"Tunisie - News en Tunisie et \u00e0 l&#039;international sur Webdo.tn","publisher":{"@id":"https:\/\/www.webdo.tn\/fr\/#organization"},"potentialAction":[{"@type":"SearchAction","target":{"@type":"EntryPoint","urlTemplate":"https:\/\/www.webdo.tn\/fr\/?s={search_term_string}"},"query-input":{"@type":"PropertyValueSpecification","valueRequired":true,"valueName":"search_term_string"}}],"inLanguage":"fr-FR"},{"@type":"Organization","@id":"https:\/\/www.webdo.tn\/fr\/#organization","name":"Webdo","alternateName":"Webdo.tn","url":"https:\/\/www.webdo.tn\/fr\/","logo":{"@type":"ImageObject","inLanguage":"fr-FR","@id":"https:\/\/www.webdo.tn\/fr\/#\/schema\/logo\/image\/","url":"https:\/\/www.webdo.tn\/fr\/wp-content\/uploads\/2025\/06\/Webdo-Tunisie_168377.jpg","contentUrl":"https:\/\/www.webdo.tn\/fr\/wp-content\/uploads\/2025\/06\/Webdo-Tunisie_168377.jpg","width":301,"height":301,"caption":"Webdo"},"image":{"@id":"https:\/\/www.webdo.tn\/fr\/#\/schema\/logo\/image\/"},"sameAs":["https:\/\/www.facebook.com\/webdotn","https:\/\/x.com\/webdo_tn"],"description":"Webdo est un m\u00e9dia num\u00e9rique tunisien fond\u00e9 en 2010, sp\u00e9cialis\u00e9 dans l\u2019actualit\u00e9 nationale et internationale, l\u2019\u00e9conomie, la soci\u00e9t\u00e9 et les analyses politiques. Le site s\u2019adresse \u00e0 un large public francophone et couvre l\u2019information tunisienne en temps r\u00e9el.","email":"redac@webdo.tn","legalName":"YNJ SARL","foundingDate":"2010-09-06","numberOfEmployees":{"@type":"QuantitativeValue","minValue":"11","maxValue":"50"}},{"@type":"Person","@id":"https:\/\/www.webdo.tn\/fr\/#\/schema\/person\/16a4857e77dfc0b610c4c2cadffc9ac4","name":"Mohamed Fethi","image":{"@type":"ImageObject","inLanguage":"fr-FR","@id":"https:\/\/www.webdo.tn\/fr\/wp-content\/uploads\/2026\/04\/mohamed-fethi_avatar_1-96x96.jpg","url":"https:\/\/www.webdo.tn\/fr\/wp-content\/uploads\/2026\/04\/mohamed-fethi_avatar_1-96x96.jpg","contentUrl":"https:\/\/www.webdo.tn\/fr\/wp-content\/uploads\/2026\/04\/mohamed-fethi_avatar_1-96x96.jpg","caption":"Mohamed Fethi"},"description":"Signature \u00e9ditoriale de Maher Chaabane Mohamed Fethi est le pseudonyme \u00e9ditorial de Maher Chaabane, r\u00e9dacteur en chef de Webdo.tn depuis 2012. Cette signature est d\u00e9di\u00e9e au traitement intensif de l'actualit\u00e9 nationale et internationale en temps r\u00e9el. S'appuyant sur les deux d\u00e9cennies d'expertise journalistique de Maher Chaabane \u2014 d\u00e9but\u00e9e au sein du groupe Tunis Hebdo en 2000 \u2014 Mohamed Fethi assure une veille rigoureuse sur les enjeux politiques, \u00e9conomiques et sportifs. Sa mission est de garantir une information structur\u00e9e, fluide et fid\u00e8le aux standards de la r\u00e9daction. Pour consulter le parcours complet du r\u00e9dacteur en chef, visitez le profil officiel de Maher Chaabane.","knowsAbout":["actualit\u00e9","journalisme","information","politique","sport","m\u00e9dias","actualit\u00e9 internationale"],"knowsLanguage":["Fran\u00e7ais","Arabe"],"jobTitle":"Journaliste \u2013 R\u00e9daction Webdo","worksFor":"Webdo.tn","url":"https:\/\/www.webdo.tn\/fr\/actualite\/author\/mohamed-fethi\/"}]}},"_links":{"self":[{"href":"https:\/\/www.webdo.tn\/fr\/wp-json\/wp\/v2\/posts\/393730","targetHints":{"allow":["GET"]}}],"collection":[{"href":"https:\/\/www.webdo.tn\/fr\/wp-json\/wp\/v2\/posts"}],"about":[{"href":"https:\/\/www.webdo.tn\/fr\/wp-json\/wp\/v2\/types\/post"}],"author":[{"embeddable":true,"href":"https:\/\/www.webdo.tn\/fr\/wp-json\/wp\/v2\/users\/4782"}],"replies":[{"embeddable":true,"href":"https:\/\/www.webdo.tn\/fr\/wp-json\/wp\/v2\/comments?post=393730"}],"version-history":[{"count":0,"href":"https:\/\/www.webdo.tn\/fr\/wp-json\/wp\/v2\/posts\/393730\/revisions"}],"wp:featuredmedia":[{"embeddable":true,"href":"https:\/\/www.webdo.tn\/fr\/wp-json\/wp\/v2\/media\/393732"}],"wp:attachment":[{"href":"https:\/\/www.webdo.tn\/fr\/wp-json\/wp\/v2\/media?parent=393730"}],"wp:term":[{"taxonomy":"category","embeddable":true,"href":"https:\/\/www.webdo.tn\/fr\/wp-json\/wp\/v2\/categories?post=393730"},{"taxonomy":"post_tag","embeddable":true,"href":"https:\/\/www.webdo.tn\/fr\/wp-json\/wp\/v2\/tags?post=393730"}],"curies":[{"name":"wp","href":"https:\/\/api.w.org\/{rel}","templated":true}]}}