{"id":393690,"date":"2026-02-24T13:55:27","date_gmt":"2026-02-24T12:55:27","guid":{"rendered":"https:\/\/www.webdo.tn\/fr\/?p=393690"},"modified":"2026-02-24T19:02:21","modified_gmt":"2026-02-24T18:02:21","slug":"la-colline-sanitaire-de-bab-saadoun-laboratoire-defficacite-energetique-tous-les-details","status":"publish","type":"post","link":"https:\/\/www.webdo.tn\/fr\/actualite\/national\/la-colline-sanitaire-de-bab-saadoun-laboratoire-defficacite-energetique-tous-les-details\/393690\/","title":{"rendered":"La colline sanitaire de Bab Sa\u00e2doun, laboratoire d\u2019efficacit\u00e9 \u00e9nerg\u00e9tique : Tous les d\u00e9tails"},"content":{"rendered":"\n<p><strong>Un projet pilote de r\u00e9seau de refroidissement et de chauffage verra le jour \u00e0 la colline sanitaire de Bab Sa\u00e2doun, \u00e0 l\u2019initiative de l\u2019Agence nationale pour la ma\u00eetrise de l\u2019\u00e9nergie (ANME) et du minist\u00e8re de la Sant\u00e9. Trois \u00e9tudes techniques ont d\u00e9j\u00e0 \u00e9t\u00e9 finalis\u00e9es sur un total de onze, selon Abdellkader Bekouch, responsable \u00e0 l\u2019ANME, intervenu mardi 24 f\u00e9vrier 2026 sur les ondes de la radio nationale.<\/strong><\/p>\n\n\n\n<p>L\u2019ach\u00e8vement des \u00e9tudes restantes est pr\u00e9vu pour octobre prochain. Si l\u2019appel d\u2019offres est lanc\u00e9 en 2027, la mise en service du r\u00e9seau est annonc\u00e9e pour 2030.<\/p>\n\n\n\n<h2 class=\"wp-block-heading\" id=\"h-un-systeme-centralise-pour-17-etablissements\">Un syst\u00e8me centralis\u00e9 pour 17 \u00e9tablissements<\/h2>\n\n\n\n<p>La colline sanitaire de Bab Sa\u00e2doun regroupe 17 \u00e9tablissements hospitaliers et structures de sant\u00e9. Environ 50 % de leur consommation \u00e9nerg\u00e9tique est d\u00e9di\u00e9e au chauffage et \u00e0 la climatisation. Le futur r\u00e9seau vise \u00e0 mutualiser ces besoins via une infrastructure centralis\u00e9e capable de produire et de distribuer simultan\u00e9ment du froid et de la chaleur \u00e0 l\u2019ensemble des b\u00e2timents connect\u00e9s.<\/p>\n\n\n\n<p><strong>Lire aussi :<\/strong> <a href=\"https:\/\/www.webdo.tn\/fr\/actualite\/national\/bab-saadoun-un-reseau-heating-and-cooling-pour-la-colline-sanitaire\/393440\/\">Bab Saadoun : Un r\u00e9seau \u00ab\u00a0heating and cooling\u00a0\u00bb pour la colline sanitaire<\/a><br><\/p>\n\n\n\n<p>Concr\u00e8tement, au lieu que chaque h\u00f4pital dispose de ses propres chaudi\u00e8res et groupes frigorifiques, une centrale unique produira l\u2019\u00e9nergie thermique (chaude ou froide), qui sera ensuite achemin\u00e9e par un r\u00e9seau souterrain de canalisations isol\u00e9es. Ce mod\u00e8le, appel\u00e9 \u00ab district heating and cooling \u00bb, permet d\u2019optimiser les rendements, de r\u00e9duire les pertes et d\u2019int\u00e9grer plus facilement des \u00e9nergies renouvelables ou de r\u00e9cup\u00e9ration (chaleur fatale, cog\u00e9n\u00e9ration, etc.).<\/p>\n\n\n\n<h2 class=\"wp-block-heading\" id=\"h-un-gain-economique-et-environnemental\">Un gain \u00e9conomique et environnemental<\/h2>\n\n\n\n<p>Selon l\u2019ANME, le projet devrait g\u00e9n\u00e9rer une \u00e9conomie annuelle estim\u00e9e \u00e0 trois millions de dinars sur la facture \u00e9nerg\u00e9tique des \u00e9tablissements concern\u00e9s. Au-del\u00e0 de la r\u00e9duction des co\u00fbts, l\u2019enjeu porte sur la baisse des \u00e9missions de gaz \u00e0 effet de serre et l\u2019am\u00e9lioration de l\u2019efficacit\u00e9 \u00e9nerg\u00e9tique dans un secteur hospitalier particuli\u00e8rement \u00e9nergivore.<\/p>\n\n\n\n<p><\/p>\n","protected":false},"excerpt":{"rendered":"<p>Un projet pilote de r\u00e9seau de refroidissement et de chauffage verra le jour \u00e0 la colline sanitaire de Bab Sa\u00e2doun, \u00e0 l\u2019initiative de l\u2019Agence nationale pour la ma\u00eetrise de l\u2019\u00e9nergie (ANME) et du minist\u00e8re de la Sant\u00e9. Trois \u00e9tudes techniques ont d\u00e9j\u00e0 \u00e9t\u00e9 finalis\u00e9es sur un total de onze, selon Abdellkader Bekouch, responsable \u00e0 l\u2019ANME, [&hellip;]<\/p>\n","protected":false},"author":3184,"featured_media":393441,"comment_status":"closed","ping_status":"closed","sticky":false,"template":"","format":"standard","meta":{"footnotes":""},"categories":[44],"tags":[11958,2731,2608],"class_list":["post-393690","post","type-post","status-publish","format-standard","has-post-thumbnail","hentry","category-national","tag-energie-2","tag-sante","tag-tunisie"],"yoast_head":"<!-- This site is optimized with the Yoast SEO Premium plugin v27.5 (Yoast SEO v27.5) - https:\/\/yoast.com\/product\/yoast-seo-premium-wordpress\/ -->\n<title>La colline sanitaire de Bab Sa\u00e2doun, laboratoire d\u2019efficacit\u00e9 \u00e9nerg\u00e9tique : Tous les d\u00e9tails - webdo<\/title>\n<meta name=\"description\" content=\"D\u00e9couvrez le projet de la colline sanitaire de Bab Sa\u00e2doun pour le r\u00e9seau de chauffage et de refroidissement.\" \/>\n<link rel=\"canonical\" href=\"https:\/\/www.webdo.tn\/fr\/actualite\/national\/la-colline-sanitaire-de-bab-saadoun-laboratoire-defficacite-energetique-tous-les-details\/393690\/\" \/>\n<meta property=\"og:locale\" content=\"fr_FR\" \/>\n<meta property=\"og:type\" content=\"article\" \/>\n<meta property=\"og:title\" content=\"La colline sanitaire de Bab Sa\u00e2doun, laboratoire d\u2019efficacit\u00e9 \u00e9nerg\u00e9tique : Tous les d\u00e9tails\" \/>\n<meta property=\"og:description\" content=\"D\u00e9couvrez le projet de la colline sanitaire de Bab Sa\u00e2doun pour le r\u00e9seau de chauffage et de refroidissement.\" \/>\n<meta property=\"og:url\" content=\"https:\/\/www.webdo.tn\/fr\/actualite\/national\/la-colline-sanitaire-de-bab-saadoun-laboratoire-defficacite-energetique-tous-les-details\/393690\/\" \/>\n<meta property=\"og:site_name\" content=\"webdo\" \/>\n<meta property=\"article:publisher\" content=\"https:\/\/www.facebook.com\/webdotn\" \/>\n<meta property=\"article:published_time\" content=\"2026-02-24T12:55:27+00:00\" \/>\n<meta property=\"article:modified_time\" content=\"2026-02-24T18:02:21+00:00\" \/>\n<meta property=\"og:image\" content=\"https:\/\/www.webdo.tn\/fr\/wp-content\/uploads\/2026\/02\/bab-saadoun.jpg\" \/>\n\t<meta property=\"og:image:width\" content=\"1200\" \/>\n\t<meta property=\"og:image:height\" content=\"605\" \/>\n\t<meta property=\"og:image:type\" content=\"image\/jpeg\" \/>\n<meta name=\"author\" content=\"Wided Belhaj\" \/>\n<meta name=\"twitter:card\" content=\"summary_large_image\" \/>\n<meta name=\"twitter:creator\" content=\"@webdo_tn\" \/>\n<meta name=\"twitter:site\" content=\"@webdo_tn\" \/>\n<meta name=\"twitter:label1\" content=\"\u00c9crit par\" \/>\n\t<meta name=\"twitter:data1\" content=\"Wided Belhaj\" \/>\n\t<meta name=\"twitter:label2\" content=\"Dur\u00e9e de lecture estim\u00e9e\" \/>\n\t<meta name=\"twitter:data2\" content=\"2 minutes\" \/>\n<script type=\"application\/ld+json\" class=\"yoast-schema-graph\">{\"@context\":\"https:\\\/\\\/schema.org\",\"@graph\":[{\"@type\":\"NewsArticle\",\"@id\":\"https:\\\/\\\/www.webdo.tn\\\/fr\\\/actualite\\\/national\\\/la-colline-sanitaire-de-bab-saadoun-laboratoire-defficacite-energetique-tous-les-details\\\/393690\\\/#article\",\"isPartOf\":{\"@id\":\"https:\\\/\\\/www.webdo.tn\\\/fr\\\/actualite\\\/national\\\/la-colline-sanitaire-de-bab-saadoun-laboratoire-defficacite-energetique-tous-les-details\\\/393690\\\/\"},\"author\":{\"name\":\"Wided Belhaj\",\"@id\":\"https:\\\/\\\/www.webdo.tn\\\/fr\\\/#\\\/schema\\\/person\\\/b9ecde7a5574cb4fcf4b496ea5fadb15\"},\"headline\":\"La colline sanitaire de Bab Sa\u00e2doun, laboratoire d\u2019efficacit\u00e9 \u00e9nerg\u00e9tique : Tous les d\u00e9tails\",\"datePublished\":\"2026-02-24T12:55:27+00:00\",\"dateModified\":\"2026-02-24T18:02:21+00:00\",\"mainEntityOfPage\":{\"@id\":\"https:\\\/\\\/www.webdo.tn\\\/fr\\\/actualite\\\/national\\\/la-colline-sanitaire-de-bab-saadoun-laboratoire-defficacite-energetique-tous-les-details\\\/393690\\\/\"},\"wordCount\":351,\"publisher\":{\"@id\":\"https:\\\/\\\/www.webdo.tn\\\/fr\\\/#organization\"},\"image\":{\"@id\":\"https:\\\/\\\/www.webdo.tn\\\/fr\\\/actualite\\\/national\\\/la-colline-sanitaire-de-bab-saadoun-laboratoire-defficacite-energetique-tous-les-details\\\/393690\\\/#primaryimage\"},\"thumbnailUrl\":\"https:\\\/\\\/www.webdo.tn\\\/fr\\\/wp-content\\\/uploads\\\/2026\\\/02\\\/bab-saadoun.jpg\",\"keywords\":[\"Energie\",\"Sant\u00e9\",\"Tunisie\"],\"articleSection\":[\"National\"],\"inLanguage\":\"fr-FR\"},{\"@type\":\"WebPage\",\"@id\":\"https:\\\/\\\/www.webdo.tn\\\/fr\\\/actualite\\\/national\\\/la-colline-sanitaire-de-bab-saadoun-laboratoire-defficacite-energetique-tous-les-details\\\/393690\\\/\",\"url\":\"https:\\\/\\\/www.webdo.tn\\\/fr\\\/actualite\\\/national\\\/la-colline-sanitaire-de-bab-saadoun-laboratoire-defficacite-energetique-tous-les-details\\\/393690\\\/\",\"name\":\"La colline sanitaire de Bab Sa\u00e2doun, laboratoire d\u2019efficacit\u00e9 \u00e9nerg\u00e9tique : Tous les d\u00e9tails - webdo\",\"isPartOf\":{\"@id\":\"https:\\\/\\\/www.webdo.tn\\\/fr\\\/#website\"},\"primaryImageOfPage\":{\"@id\":\"https:\\\/\\\/www.webdo.tn\\\/fr\\\/actualite\\\/national\\\/la-colline-sanitaire-de-bab-saadoun-laboratoire-defficacite-energetique-tous-les-details\\\/393690\\\/#primaryimage\"},\"image\":{\"@id\":\"https:\\\/\\\/www.webdo.tn\\\/fr\\\/actualite\\\/national\\\/la-colline-sanitaire-de-bab-saadoun-laboratoire-defficacite-energetique-tous-les-details\\\/393690\\\/#primaryimage\"},\"thumbnailUrl\":\"https:\\\/\\\/www.webdo.tn\\\/fr\\\/wp-content\\\/uploads\\\/2026\\\/02\\\/bab-saadoun.jpg\",\"datePublished\":\"2026-02-24T12:55:27+00:00\",\"dateModified\":\"2026-02-24T18:02:21+00:00\",\"description\":\"D\u00e9couvrez le projet de la colline sanitaire de Bab Sa\u00e2doun pour le r\u00e9seau de chauffage et de refroidissement.\",\"breadcrumb\":{\"@id\":\"https:\\\/\\\/www.webdo.tn\\\/fr\\\/actualite\\\/national\\\/la-colline-sanitaire-de-bab-saadoun-laboratoire-defficacite-energetique-tous-les-details\\\/393690\\\/#breadcrumb\"},\"inLanguage\":\"fr-FR\",\"potentialAction\":[{\"@type\":\"ReadAction\",\"target\":[\"https:\\\/\\\/www.webdo.tn\\\/fr\\\/actualite\\\/national\\\/la-colline-sanitaire-de-bab-saadoun-laboratoire-defficacite-energetique-tous-les-details\\\/393690\\\/\"]}]},{\"@type\":\"ImageObject\",\"inLanguage\":\"fr-FR\",\"@id\":\"https:\\\/\\\/www.webdo.tn\\\/fr\\\/actualite\\\/national\\\/la-colline-sanitaire-de-bab-saadoun-laboratoire-defficacite-energetique-tous-les-details\\\/393690\\\/#primaryimage\",\"url\":\"https:\\\/\\\/www.webdo.tn\\\/fr\\\/wp-content\\\/uploads\\\/2026\\\/02\\\/bab-saadoun.jpg\",\"contentUrl\":\"https:\\\/\\\/www.webdo.tn\\\/fr\\\/wp-content\\\/uploads\\\/2026\\\/02\\\/bab-saadoun.jpg\",\"width\":1200,\"height\":605,\"caption\":\"Colline Bab Saadoun\"},{\"@type\":\"BreadcrumbList\",\"@id\":\"https:\\\/\\\/www.webdo.tn\\\/fr\\\/actualite\\\/national\\\/la-colline-sanitaire-de-bab-saadoun-laboratoire-defficacite-energetique-tous-les-details\\\/393690\\\/#breadcrumb\",\"itemListElement\":[{\"@type\":\"ListItem\",\"position\":1,\"name\":\"Accueil\",\"item\":\"https:\\\/\\\/www.webdo.tn\\\/fr\\\/\"},{\"@type\":\"ListItem\",\"position\":2,\"name\":\"La colline sanitaire de Bab Sa\u00e2doun, laboratoire d\u2019efficacit\u00e9 \u00e9nerg\u00e9tique : Tous les d\u00e9tails\"}]},{\"@type\":\"WebSite\",\"@id\":\"https:\\\/\\\/www.webdo.tn\\\/fr\\\/#website\",\"url\":\"https:\\\/\\\/www.webdo.tn\\\/fr\\\/\",\"name\":\"webdo\",\"description\":\"Tunisie - News en Tunisie et \u00e0 l&#039;international sur Webdo.tn\",\"publisher\":{\"@id\":\"https:\\\/\\\/www.webdo.tn\\\/fr\\\/#organization\"},\"potentialAction\":[{\"@type\":\"SearchAction\",\"target\":{\"@type\":\"EntryPoint\",\"urlTemplate\":\"https:\\\/\\\/www.webdo.tn\\\/fr\\\/?s={search_term_string}\"},\"query-input\":{\"@type\":\"PropertyValueSpecification\",\"valueRequired\":true,\"valueName\":\"search_term_string\"}}],\"inLanguage\":\"fr-FR\"},{\"@type\":\"Organization\",\"@id\":\"https:\\\/\\\/www.webdo.tn\\\/fr\\\/#organization\",\"name\":\"Webdo\",\"alternateName\":\"Webdo.tn\",\"url\":\"https:\\\/\\\/www.webdo.tn\\\/fr\\\/\",\"logo\":{\"@type\":\"ImageObject\",\"inLanguage\":\"fr-FR\",\"@id\":\"https:\\\/\\\/www.webdo.tn\\\/fr\\\/#\\\/schema\\\/logo\\\/image\\\/\",\"url\":\"https:\\\/\\\/www.webdo.tn\\\/fr\\\/wp-content\\\/uploads\\\/2025\\\/06\\\/Webdo-Tunisie_168377.jpg\",\"contentUrl\":\"https:\\\/\\\/www.webdo.tn\\\/fr\\\/wp-content\\\/uploads\\\/2025\\\/06\\\/Webdo-Tunisie_168377.jpg\",\"width\":301,\"height\":301,\"caption\":\"Webdo\"},\"image\":{\"@id\":\"https:\\\/\\\/www.webdo.tn\\\/fr\\\/#\\\/schema\\\/logo\\\/image\\\/\"},\"sameAs\":[\"https:\\\/\\\/www.facebook.com\\\/webdotn\",\"https:\\\/\\\/x.com\\\/webdo_tn\"],\"description\":\"Webdo est un m\u00e9dia num\u00e9rique tunisien fond\u00e9 en 2010, sp\u00e9cialis\u00e9 dans l\u2019actualit\u00e9 nationale et internationale, l\u2019\u00e9conomie, la soci\u00e9t\u00e9 et les analyses politiques. Le site s\u2019adresse \u00e0 un large public francophone et couvre l\u2019information tunisienne en temps r\u00e9el.\",\"email\":\"redac@webdo.tn\",\"legalName\":\"YNJ SARL\",\"foundingDate\":\"2010-09-06\",\"numberOfEmployees\":{\"@type\":\"QuantitativeValue\",\"minValue\":\"11\",\"maxValue\":\"50\"}},{\"@type\":\"Person\",\"@id\":\"https:\\\/\\\/www.webdo.tn\\\/fr\\\/#\\\/schema\\\/person\\\/b9ecde7a5574cb4fcf4b496ea5fadb15\",\"name\":\"Wided Belhaj\",\"image\":{\"@type\":\"ImageObject\",\"inLanguage\":\"fr-FR\",\"@id\":\"https:\\\/\\\/www.webdo.tn\\\/fr\\\/wp-content\\\/uploads\\\/2026\\\/04\\\/wided-belhaj_avatar-96x96.jpg\",\"url\":\"https:\\\/\\\/www.webdo.tn\\\/fr\\\/wp-content\\\/uploads\\\/2026\\\/04\\\/wided-belhaj_avatar-96x96.jpg\",\"contentUrl\":\"https:\\\/\\\/www.webdo.tn\\\/fr\\\/wp-content\\\/uploads\\\/2026\\\/04\\\/wided-belhaj_avatar-96x96.jpg\",\"caption\":\"Wided Belhaj\"},\"description\":\"Wided Belhaj est le pseudonyme \u00e9ditorial utilis\u00e9 par Khalil Jelassi, journaliste, ma\u00eetre-assistant \u00e0 l\u2019Institut de presse et des sciences de l\u2019information (IPSI) et chercheur en sciences de l\u2019information et de la communication. Cette signature est d\u00e9di\u00e9e \u00e0 l\u2019analyse des m\u00e9dias, des pratiques journalistiques et des mutations de l\u2019information \u00e0 l\u2019\u00e8re digitale. \u00c0 travers ses contributions, Wided Belhaj propose une lecture analytique de l\u2019actualit\u00e9, en croisant regard critique et expertise acad\u00e9mique.\",\"knowsAbout\":[\"m\u00e9dias\",\"journalisme\",\"communication\",\"information\",\"transformation num\u00e9rique\",\"analyse des m\u00e9dias\"],\"knowsLanguage\":[\"Fran\u00e7ais\",\"Arabe\"],\"jobTitle\":\"Webdo.tn\",\"worksFor\":\"Journaliste \u2013 Analyse des m\u00e9dias\",\"url\":\"https:\\\/\\\/www.webdo.tn\\\/fr\\\/actualite\\\/author\\\/wided-belhaj\\\/\"}]}<\/script>\n<!-- \/ Yoast SEO Premium plugin. -->","yoast_head_json":{"title":"La colline sanitaire de Bab Sa\u00e2doun, laboratoire d\u2019efficacit\u00e9 \u00e9nerg\u00e9tique : Tous les d\u00e9tails - webdo","description":"D\u00e9couvrez le projet de la colline sanitaire de Bab Sa\u00e2doun pour le r\u00e9seau de chauffage et de refroidissement.","canonical":"https:\/\/www.webdo.tn\/fr\/actualite\/national\/la-colline-sanitaire-de-bab-saadoun-laboratoire-defficacite-energetique-tous-les-details\/393690\/","og_locale":"fr_FR","og_type":"article","og_title":"La colline sanitaire de Bab Sa\u00e2doun, laboratoire d\u2019efficacit\u00e9 \u00e9nerg\u00e9tique : Tous les d\u00e9tails","og_description":"D\u00e9couvrez le projet de la colline sanitaire de Bab Sa\u00e2doun pour le r\u00e9seau de chauffage et de refroidissement.","og_url":"https:\/\/www.webdo.tn\/fr\/actualite\/national\/la-colline-sanitaire-de-bab-saadoun-laboratoire-defficacite-energetique-tous-les-details\/393690\/","og_site_name":"webdo","article_publisher":"https:\/\/www.facebook.com\/webdotn","article_published_time":"2026-02-24T12:55:27+00:00","article_modified_time":"2026-02-24T18:02:21+00:00","og_image":[{"width":1200,"height":605,"url":"https:\/\/www.webdo.tn\/fr\/wp-content\/uploads\/2026\/02\/bab-saadoun.jpg","type":"image\/jpeg"}],"author":"Wided Belhaj","twitter_card":"summary_large_image","twitter_creator":"@webdo_tn","twitter_site":"@webdo_tn","twitter_misc":{"\u00c9crit par":"Wided Belhaj","Dur\u00e9e de lecture estim\u00e9e":"2 minutes"},"schema":{"@context":"https:\/\/schema.org","@graph":[{"@type":"NewsArticle","@id":"https:\/\/www.webdo.tn\/fr\/actualite\/national\/la-colline-sanitaire-de-bab-saadoun-laboratoire-defficacite-energetique-tous-les-details\/393690\/#article","isPartOf":{"@id":"https:\/\/www.webdo.tn\/fr\/actualite\/national\/la-colline-sanitaire-de-bab-saadoun-laboratoire-defficacite-energetique-tous-les-details\/393690\/"},"author":{"name":"Wided Belhaj","@id":"https:\/\/www.webdo.tn\/fr\/#\/schema\/person\/b9ecde7a5574cb4fcf4b496ea5fadb15"},"headline":"La colline sanitaire de Bab Sa\u00e2doun, laboratoire d\u2019efficacit\u00e9 \u00e9nerg\u00e9tique : Tous les d\u00e9tails","datePublished":"2026-02-24T12:55:27+00:00","dateModified":"2026-02-24T18:02:21+00:00","mainEntityOfPage":{"@id":"https:\/\/www.webdo.tn\/fr\/actualite\/national\/la-colline-sanitaire-de-bab-saadoun-laboratoire-defficacite-energetique-tous-les-details\/393690\/"},"wordCount":351,"publisher":{"@id":"https:\/\/www.webdo.tn\/fr\/#organization"},"image":{"@id":"https:\/\/www.webdo.tn\/fr\/actualite\/national\/la-colline-sanitaire-de-bab-saadoun-laboratoire-defficacite-energetique-tous-les-details\/393690\/#primaryimage"},"thumbnailUrl":"https:\/\/www.webdo.tn\/fr\/wp-content\/uploads\/2026\/02\/bab-saadoun.jpg","keywords":["Energie","Sant\u00e9","Tunisie"],"articleSection":["National"],"inLanguage":"fr-FR"},{"@type":"WebPage","@id":"https:\/\/www.webdo.tn\/fr\/actualite\/national\/la-colline-sanitaire-de-bab-saadoun-laboratoire-defficacite-energetique-tous-les-details\/393690\/","url":"https:\/\/www.webdo.tn\/fr\/actualite\/national\/la-colline-sanitaire-de-bab-saadoun-laboratoire-defficacite-energetique-tous-les-details\/393690\/","name":"La colline sanitaire de Bab Sa\u00e2doun, laboratoire d\u2019efficacit\u00e9 \u00e9nerg\u00e9tique : Tous les d\u00e9tails - webdo","isPartOf":{"@id":"https:\/\/www.webdo.tn\/fr\/#website"},"primaryImageOfPage":{"@id":"https:\/\/www.webdo.tn\/fr\/actualite\/national\/la-colline-sanitaire-de-bab-saadoun-laboratoire-defficacite-energetique-tous-les-details\/393690\/#primaryimage"},"image":{"@id":"https:\/\/www.webdo.tn\/fr\/actualite\/national\/la-colline-sanitaire-de-bab-saadoun-laboratoire-defficacite-energetique-tous-les-details\/393690\/#primaryimage"},"thumbnailUrl":"https:\/\/www.webdo.tn\/fr\/wp-content\/uploads\/2026\/02\/bab-saadoun.jpg","datePublished":"2026-02-24T12:55:27+00:00","dateModified":"2026-02-24T18:02:21+00:00","description":"D\u00e9couvrez le projet de la colline sanitaire de Bab Sa\u00e2doun pour le r\u00e9seau de chauffage et de refroidissement.","breadcrumb":{"@id":"https:\/\/www.webdo.tn\/fr\/actualite\/national\/la-colline-sanitaire-de-bab-saadoun-laboratoire-defficacite-energetique-tous-les-details\/393690\/#breadcrumb"},"inLanguage":"fr-FR","potentialAction":[{"@type":"ReadAction","target":["https:\/\/www.webdo.tn\/fr\/actualite\/national\/la-colline-sanitaire-de-bab-saadoun-laboratoire-defficacite-energetique-tous-les-details\/393690\/"]}]},{"@type":"ImageObject","inLanguage":"fr-FR","@id":"https:\/\/www.webdo.tn\/fr\/actualite\/national\/la-colline-sanitaire-de-bab-saadoun-laboratoire-defficacite-energetique-tous-les-details\/393690\/#primaryimage","url":"https:\/\/www.webdo.tn\/fr\/wp-content\/uploads\/2026\/02\/bab-saadoun.jpg","contentUrl":"https:\/\/www.webdo.tn\/fr\/wp-content\/uploads\/2026\/02\/bab-saadoun.jpg","width":1200,"height":605,"caption":"Colline Bab Saadoun"},{"@type":"BreadcrumbList","@id":"https:\/\/www.webdo.tn\/fr\/actualite\/national\/la-colline-sanitaire-de-bab-saadoun-laboratoire-defficacite-energetique-tous-les-details\/393690\/#breadcrumb","itemListElement":[{"@type":"ListItem","position":1,"name":"Accueil","item":"https:\/\/www.webdo.tn\/fr\/"},{"@type":"ListItem","position":2,"name":"La colline sanitaire de Bab Sa\u00e2doun, laboratoire d\u2019efficacit\u00e9 \u00e9nerg\u00e9tique : Tous les d\u00e9tails"}]},{"@type":"WebSite","@id":"https:\/\/www.webdo.tn\/fr\/#website","url":"https:\/\/www.webdo.tn\/fr\/","name":"webdo","description":"Tunisie - News en Tunisie et \u00e0 l&#039;international sur Webdo.tn","publisher":{"@id":"https:\/\/www.webdo.tn\/fr\/#organization"},"potentialAction":[{"@type":"SearchAction","target":{"@type":"EntryPoint","urlTemplate":"https:\/\/www.webdo.tn\/fr\/?s={search_term_string}"},"query-input":{"@type":"PropertyValueSpecification","valueRequired":true,"valueName":"search_term_string"}}],"inLanguage":"fr-FR"},{"@type":"Organization","@id":"https:\/\/www.webdo.tn\/fr\/#organization","name":"Webdo","alternateName":"Webdo.tn","url":"https:\/\/www.webdo.tn\/fr\/","logo":{"@type":"ImageObject","inLanguage":"fr-FR","@id":"https:\/\/www.webdo.tn\/fr\/#\/schema\/logo\/image\/","url":"https:\/\/www.webdo.tn\/fr\/wp-content\/uploads\/2025\/06\/Webdo-Tunisie_168377.jpg","contentUrl":"https:\/\/www.webdo.tn\/fr\/wp-content\/uploads\/2025\/06\/Webdo-Tunisie_168377.jpg","width":301,"height":301,"caption":"Webdo"},"image":{"@id":"https:\/\/www.webdo.tn\/fr\/#\/schema\/logo\/image\/"},"sameAs":["https:\/\/www.facebook.com\/webdotn","https:\/\/x.com\/webdo_tn"],"description":"Webdo est un m\u00e9dia num\u00e9rique tunisien fond\u00e9 en 2010, sp\u00e9cialis\u00e9 dans l\u2019actualit\u00e9 nationale et internationale, l\u2019\u00e9conomie, la soci\u00e9t\u00e9 et les analyses politiques. Le site s\u2019adresse \u00e0 un large public francophone et couvre l\u2019information tunisienne en temps r\u00e9el.","email":"redac@webdo.tn","legalName":"YNJ SARL","foundingDate":"2010-09-06","numberOfEmployees":{"@type":"QuantitativeValue","minValue":"11","maxValue":"50"}},{"@type":"Person","@id":"https:\/\/www.webdo.tn\/fr\/#\/schema\/person\/b9ecde7a5574cb4fcf4b496ea5fadb15","name":"Wided Belhaj","image":{"@type":"ImageObject","inLanguage":"fr-FR","@id":"https:\/\/www.webdo.tn\/fr\/wp-content\/uploads\/2026\/04\/wided-belhaj_avatar-96x96.jpg","url":"https:\/\/www.webdo.tn\/fr\/wp-content\/uploads\/2026\/04\/wided-belhaj_avatar-96x96.jpg","contentUrl":"https:\/\/www.webdo.tn\/fr\/wp-content\/uploads\/2026\/04\/wided-belhaj_avatar-96x96.jpg","caption":"Wided Belhaj"},"description":"Wided Belhaj est le pseudonyme \u00e9ditorial utilis\u00e9 par Khalil Jelassi, journaliste, ma\u00eetre-assistant \u00e0 l\u2019Institut de presse et des sciences de l\u2019information (IPSI) et chercheur en sciences de l\u2019information et de la communication. Cette signature est d\u00e9di\u00e9e \u00e0 l\u2019analyse des m\u00e9dias, des pratiques journalistiques et des mutations de l\u2019information \u00e0 l\u2019\u00e8re digitale. \u00c0 travers ses contributions, Wided Belhaj propose une lecture analytique de l\u2019actualit\u00e9, en croisant regard critique et expertise acad\u00e9mique.","knowsAbout":["m\u00e9dias","journalisme","communication","information","transformation num\u00e9rique","analyse des m\u00e9dias"],"knowsLanguage":["Fran\u00e7ais","Arabe"],"jobTitle":"Webdo.tn","worksFor":"Journaliste \u2013 Analyse des m\u00e9dias","url":"https:\/\/www.webdo.tn\/fr\/actualite\/author\/wided-belhaj\/"}]}},"_links":{"self":[{"href":"https:\/\/www.webdo.tn\/fr\/wp-json\/wp\/v2\/posts\/393690","targetHints":{"allow":["GET"]}}],"collection":[{"href":"https:\/\/www.webdo.tn\/fr\/wp-json\/wp\/v2\/posts"}],"about":[{"href":"https:\/\/www.webdo.tn\/fr\/wp-json\/wp\/v2\/types\/post"}],"author":[{"embeddable":true,"href":"https:\/\/www.webdo.tn\/fr\/wp-json\/wp\/v2\/users\/3184"}],"replies":[{"embeddable":true,"href":"https:\/\/www.webdo.tn\/fr\/wp-json\/wp\/v2\/comments?post=393690"}],"version-history":[{"count":0,"href":"https:\/\/www.webdo.tn\/fr\/wp-json\/wp\/v2\/posts\/393690\/revisions"}],"wp:featuredmedia":[{"embeddable":true,"href":"https:\/\/www.webdo.tn\/fr\/wp-json\/wp\/v2\/media\/393441"}],"wp:attachment":[{"href":"https:\/\/www.webdo.tn\/fr\/wp-json\/wp\/v2\/media?parent=393690"}],"wp:term":[{"taxonomy":"category","embeddable":true,"href":"https:\/\/www.webdo.tn\/fr\/wp-json\/wp\/v2\/categories?post=393690"},{"taxonomy":"post_tag","embeddable":true,"href":"https:\/\/www.webdo.tn\/fr\/wp-json\/wp\/v2\/tags?post=393690"}],"curies":[{"name":"wp","href":"https:\/\/api.w.org\/{rel}","templated":true}]}}