{"id":393679,"date":"2026-02-24T11:28:04","date_gmt":"2026-02-24T10:28:04","guid":{"rendered":"https:\/\/www.webdo.tn\/fr\/?p=393679"},"modified":"2026-02-24T11:28:05","modified_gmt":"2026-02-24T10:28:05","slug":"violences-au-mexique-apres-la-mort-d-el-mencho-au-moins-70-morts-et-un-pays-sous-tension","status":"publish","type":"post","link":"https:\/\/www.webdo.tn\/fr\/actualite\/international\/violences-au-mexique-apres-la-mort-d-el-mencho-au-moins-70-morts-et-un-pays-sous-tension\/393679\/","title":{"rendered":"Violences au Mexique apr\u00e8s la mort d\u2019\u00ab El Mencho \u00bb : au moins 70 morts et un pays sous tension"},"content":{"rendered":"\n<p><strong>Le Mexique est secou\u00e9 par une vague de violence sans pr\u00e9c\u00e9dent apr\u00e8s la mort du baron de la drogue Nemesio Rub\u00e9n Oseguera Cervantes, alias \u00ab El Mencho \u00bb, chef du tr\u00e8s puissant Cartel de Jalisco Nueva Generaci\u00f3n (CJNG).<\/strong><\/p>\n\n\n\n<p>Tu\u00e9 dimanche 22 f\u00e9vrier lors d\u2019une op\u00e9ration militaire dans l\u2019\u00c9tat de Jalisco, ce narcotrafiquant de 59 ans \u00e9tait l\u2019un des criminels les plus recherch\u00e9s du pays et des \u00c9tats-Unis. Sa chute, per\u00e7ue comme un coup dur pour les autorit\u00e9s, a d\u00e9clench\u00e9 une spirale de repr\u00e9sailles dans une grande partie de la R\u00e9publique.<\/p>\n\n\n\n<h2 class=\"wp-block-heading\" id=\"h-une-reaction-violente-et-coordonnee-du-cartel\">Une r\u00e9action violente et coordonn\u00e9e du cartel<\/h2>\n\n\n\n<p>D\u00e8s l\u2019annonce de sa mort, des membres pr\u00e9sum\u00e9s du CJNG ont lanc\u00e9 une s\u00e9rie d\u2019attaques, \u00e9rig\u00e9 des barrages routiers avec des v\u00e9hicules incendi\u00e9s, bloqu\u00e9 des routes et mis le feu \u00e0 des commerces et des stations-service dans au moins 20 des 32 \u00c9tats mexicains. Guadalajara, capitale de l\u2019\u00c9tat de Jalisco et deuxi\u00e8me plus grande ville du pays, est apparue comme un th\u00e9\u00e2tre majeur des affrontements, avec des rues d\u00e9sertes et des \u00e9coles ferm\u00e9es.<\/p>\n\n\n\n<blockquote class=\"wp-block-quote is-layout-flow wp-block-quote-is-layout-flow\">\n<blockquote class=\"wp-block-quote is-layout-flow wp-block-quote-is-layout-flow\">\n<ul class=\"wp-block-list\">\n<li class=\"has-medium-font-size\"><strong>Lire aussi : <\/strong><a href=\"https:\/\/www.webdo.tn\/fr\/actualite\/international\/le-mexique-combat-les-etats-unis-consomment-la-mort-d-el-mencho-declenche-le-chaos\/393594\/\">Le Mexique combat, les \u00c9tats-Unis consomment : La mort d\u2019\u00ab El Mencho \u00bb d\u00e9clenche le chaos<\/a><\/li>\n<\/ul>\n<\/blockquote>\n<\/blockquote>\n\n\n\n<p>Selon les autorit\u00e9s mexicaines, plus de 70 personnes ont \u00e9t\u00e9 tu\u00e9es entre l\u2019op\u00e9ration visant \u00e0 neutraliser El Mencho et les violences qui ont suivi : parmi elles des membres des forces de s\u00e9curit\u00e9, des suspects de l\u2019organisation criminelle et au moins un civil.<\/p>\n\n\n\n<h2 class=\"wp-block-heading\" id=\"h-deploiement-militaire-massif\">D\u00e9ploiement militaire massif<\/h2>\n\n\n\n<p>Face \u00e0 l\u2019ampleur des affrontements, le gouvernement a d\u00e9ploy\u00e9 quelque 10.000 soldats et des unit\u00e9s de la Garde nationale pour tenter de restaurer l\u2019ordre. La pr\u00e9sence de ces forces vise \u00e0 s\u00e9curiser les grandes agglom\u00e9rations, lever les barrages et prot\u00e9ger les populations civiles plong\u00e9es dans un climat de peur.<\/p>\n\n\n\n<p>Plusieurs pays, dont les \u00c9tats-Unis, ont \u00e9mis des avis de s\u00e9curit\u00e9 encourageant leurs ressortissants pr\u00e9sents au Mexique \u00e0 rester \u00e0 l\u2019int\u00e9rieur et \u00e0 \u00e9viter les d\u00e9placements non essentiels dans les zones affect\u00e9es, notamment dans les r\u00e9gions touristiques comme Puerto Vallarta ou Guadalajara.<\/p>\n\n\n\n<h2 class=\"wp-block-heading\" id=\"h-un-contexte-delicat-pour-la-securite-nationale\">Un contexte d\u00e9licat pour la s\u00e9curit\u00e9 nationale<\/h2>\n\n\n\n<p>El Mencho, qui dirigeait le CJNG, \u00e9tait consid\u00e9r\u00e9 comme l\u2019un des trafiquants les plus influents du Mexique, avec des r\u00e9seaux de trafic de fentanyl, de m\u00e9thamph\u00e9tamine et de coca\u00efne vers les \u00c9tats-Unis. Sa mort marque une \u00e9tape importante dans la lutte contre les cartels mais expose aussi le pays \u00e0 des risques de fragmentation interne du groupe criminel, susceptibles d\u2019alimenter de nouveaux conflits entre factions rivales pour le contr\u00f4le des territoires.<\/p>\n\n\n\n<p>Ces violences interviennent dans un pays d\u00e9j\u00e0 confront\u00e9 \u00e0 une longue histoire de criminalit\u00e9 organis\u00e9e et de combats entre cartels et forces de l\u2019ordre : la r\u00e9action fulgurante du CJNG montre combien la lutte contre ces r\u00e9seaux demeure un d\u00e9fi majeur pour la s\u00e9curit\u00e9 int\u00e9rieure du Mexique, quelques mois seulement avant qu\u2019il n\u2019accueille la Coupe du Monde de football 2026.<\/p>\n","protected":false},"excerpt":{"rendered":"<p>Le Mexique est secou\u00e9 par une vague de violence sans pr\u00e9c\u00e9dent apr\u00e8s la mort du baron de la drogue Nemesio Rub\u00e9n Oseguera Cervantes, alias \u00ab El Mencho \u00bb, chef du tr\u00e8s puissant Cartel de Jalisco Nueva Generaci\u00f3n (CJNG). Tu\u00e9 dimanche 22 f\u00e9vrier lors d\u2019une op\u00e9ration militaire dans l\u2019\u00c9tat de Jalisco, ce narcotrafiquant de 59 ans [&hellip;]<\/p>\n","protected":false},"author":4782,"featured_media":393680,"comment_status":"closed","ping_status":"closed","sticky":false,"template":"","format":"standard","meta":{"footnotes":""},"categories":[2598],"tags":[13770,5717,13761,4138],"class_list":["post-393679","post","type-post","status-publish","format-standard","has-post-thumbnail","hentry","category-international","tag-cartel","tag-cartels-et-lobbies-tunisie","tag-el-mencho","tag-mexique"],"yoast_head":"<!-- This site is optimized with the Yoast SEO Premium plugin v27.5 (Yoast SEO v27.5) - https:\/\/yoast.com\/product\/yoast-seo-premium-wordpress\/ -->\n<title>Violences au Mexique apr\u00e8s la mort d\u2019\u00ab El Mencho \u00bb : au moins 70 morts et un pays sous tension - webdo<\/title>\n<meta name=\"description\" content=\"Violences au Mexique apr\u00e8s la disparition d&#039;\u00ab El Mencho \u00bb : un pays sous tension avec des repr\u00e9sailles et plus de 70 victimes.\" \/>\n<link rel=\"canonical\" href=\"https:\/\/www.webdo.tn\/fr\/actualite\/international\/violences-au-mexique-apres-la-mort-d-el-mencho-au-moins-70-morts-et-un-pays-sous-tension\/393679\/\" \/>\n<meta property=\"og:locale\" content=\"fr_FR\" \/>\n<meta property=\"og:type\" content=\"article\" \/>\n<meta property=\"og:title\" content=\"Violences au Mexique apr\u00e8s la mort d\u2019\u00ab El Mencho \u00bb : au moins 70 morts et un pays sous tension\" \/>\n<meta property=\"og:description\" content=\"Violences au Mexique apr\u00e8s la disparition d&#039;\u00ab El Mencho \u00bb : un pays sous tension avec des repr\u00e9sailles et plus de 70 victimes.\" \/>\n<meta property=\"og:url\" content=\"https:\/\/www.webdo.tn\/fr\/actualite\/international\/violences-au-mexique-apres-la-mort-d-el-mencho-au-moins-70-morts-et-un-pays-sous-tension\/393679\/\" \/>\n<meta property=\"og:site_name\" content=\"webdo\" \/>\n<meta property=\"article:publisher\" content=\"https:\/\/www.facebook.com\/webdotn\" \/>\n<meta property=\"article:published_time\" content=\"2026-02-24T10:28:04+00:00\" \/>\n<meta property=\"article:modified_time\" content=\"2026-02-24T10:28:05+00:00\" \/>\n<meta property=\"og:image\" content=\"https:\/\/www.webdo.tn\/fr\/wp-content\/uploads\/2026\/02\/Mexique.jpg\" \/>\n\t<meta property=\"og:image:width\" content=\"1200\" \/>\n\t<meta property=\"og:image:height\" content=\"606\" \/>\n\t<meta property=\"og:image:type\" content=\"image\/jpeg\" \/>\n<meta name=\"author\" content=\"Mohamed Fethi\" \/>\n<meta name=\"twitter:card\" content=\"summary_large_image\" \/>\n<meta name=\"twitter:creator\" content=\"@webdo_tn\" \/>\n<meta name=\"twitter:site\" content=\"@webdo_tn\" \/>\n<meta name=\"twitter:label1\" content=\"\u00c9crit par\" \/>\n\t<meta name=\"twitter:data1\" content=\"Mohamed Fethi\" \/>\n\t<meta name=\"twitter:label2\" content=\"Dur\u00e9e de lecture estim\u00e9e\" \/>\n\t<meta name=\"twitter:data2\" content=\"3 minutes\" \/>\n<script type=\"application\/ld+json\" class=\"yoast-schema-graph\">{\"@context\":\"https:\\\/\\\/schema.org\",\"@graph\":[{\"@type\":\"NewsArticle\",\"@id\":\"https:\\\/\\\/www.webdo.tn\\\/fr\\\/actualite\\\/international\\\/violences-au-mexique-apres-la-mort-d-el-mencho-au-moins-70-morts-et-un-pays-sous-tension\\\/393679\\\/#article\",\"isPartOf\":{\"@id\":\"https:\\\/\\\/www.webdo.tn\\\/fr\\\/actualite\\\/international\\\/violences-au-mexique-apres-la-mort-d-el-mencho-au-moins-70-morts-et-un-pays-sous-tension\\\/393679\\\/\"},\"author\":{\"name\":\"Mohamed Fethi\",\"@id\":\"https:\\\/\\\/www.webdo.tn\\\/fr\\\/#\\\/schema\\\/person\\\/16a4857e77dfc0b610c4c2cadffc9ac4\"},\"headline\":\"Violences au Mexique apr\u00e8s la mort d\u2019\u00ab El Mencho \u00bb : au moins 70 morts et un pays sous tension\",\"datePublished\":\"2026-02-24T10:28:04+00:00\",\"dateModified\":\"2026-02-24T10:28:05+00:00\",\"mainEntityOfPage\":{\"@id\":\"https:\\\/\\\/www.webdo.tn\\\/fr\\\/actualite\\\/international\\\/violences-au-mexique-apres-la-mort-d-el-mencho-au-moins-70-morts-et-un-pays-sous-tension\\\/393679\\\/\"},\"wordCount\":535,\"publisher\":{\"@id\":\"https:\\\/\\\/www.webdo.tn\\\/fr\\\/#organization\"},\"image\":{\"@id\":\"https:\\\/\\\/www.webdo.tn\\\/fr\\\/actualite\\\/international\\\/violences-au-mexique-apres-la-mort-d-el-mencho-au-moins-70-morts-et-un-pays-sous-tension\\\/393679\\\/#primaryimage\"},\"thumbnailUrl\":\"https:\\\/\\\/www.webdo.tn\\\/fr\\\/wp-content\\\/uploads\\\/2026\\\/02\\\/Mexique.jpg\",\"keywords\":[\"cartel\",\"Cartels et lobbies Tunisie\",\"El Mencho\",\"Mexique\"],\"articleSection\":[\"International\"],\"inLanguage\":\"fr-FR\"},{\"@type\":\"WebPage\",\"@id\":\"https:\\\/\\\/www.webdo.tn\\\/fr\\\/actualite\\\/international\\\/violences-au-mexique-apres-la-mort-d-el-mencho-au-moins-70-morts-et-un-pays-sous-tension\\\/393679\\\/\",\"url\":\"https:\\\/\\\/www.webdo.tn\\\/fr\\\/actualite\\\/international\\\/violences-au-mexique-apres-la-mort-d-el-mencho-au-moins-70-morts-et-un-pays-sous-tension\\\/393679\\\/\",\"name\":\"Violences au Mexique apr\u00e8s la mort d\u2019\u00ab El Mencho \u00bb : au moins 70 morts et un pays sous tension - webdo\",\"isPartOf\":{\"@id\":\"https:\\\/\\\/www.webdo.tn\\\/fr\\\/#website\"},\"primaryImageOfPage\":{\"@id\":\"https:\\\/\\\/www.webdo.tn\\\/fr\\\/actualite\\\/international\\\/violences-au-mexique-apres-la-mort-d-el-mencho-au-moins-70-morts-et-un-pays-sous-tension\\\/393679\\\/#primaryimage\"},\"image\":{\"@id\":\"https:\\\/\\\/www.webdo.tn\\\/fr\\\/actualite\\\/international\\\/violences-au-mexique-apres-la-mort-d-el-mencho-au-moins-70-morts-et-un-pays-sous-tension\\\/393679\\\/#primaryimage\"},\"thumbnailUrl\":\"https:\\\/\\\/www.webdo.tn\\\/fr\\\/wp-content\\\/uploads\\\/2026\\\/02\\\/Mexique.jpg\",\"datePublished\":\"2026-02-24T10:28:04+00:00\",\"dateModified\":\"2026-02-24T10:28:05+00:00\",\"description\":\"Violences au Mexique apr\u00e8s la disparition d'\u00ab El Mencho \u00bb : un pays sous tension avec des repr\u00e9sailles et plus de 70 victimes.\",\"breadcrumb\":{\"@id\":\"https:\\\/\\\/www.webdo.tn\\\/fr\\\/actualite\\\/international\\\/violences-au-mexique-apres-la-mort-d-el-mencho-au-moins-70-morts-et-un-pays-sous-tension\\\/393679\\\/#breadcrumb\"},\"inLanguage\":\"fr-FR\",\"potentialAction\":[{\"@type\":\"ReadAction\",\"target\":[\"https:\\\/\\\/www.webdo.tn\\\/fr\\\/actualite\\\/international\\\/violences-au-mexique-apres-la-mort-d-el-mencho-au-moins-70-morts-et-un-pays-sous-tension\\\/393679\\\/\"]}]},{\"@type\":\"ImageObject\",\"inLanguage\":\"fr-FR\",\"@id\":\"https:\\\/\\\/www.webdo.tn\\\/fr\\\/actualite\\\/international\\\/violences-au-mexique-apres-la-mort-d-el-mencho-au-moins-70-morts-et-un-pays-sous-tension\\\/393679\\\/#primaryimage\",\"url\":\"https:\\\/\\\/www.webdo.tn\\\/fr\\\/wp-content\\\/uploads\\\/2026\\\/02\\\/Mexique.jpg\",\"contentUrl\":\"https:\\\/\\\/www.webdo.tn\\\/fr\\\/wp-content\\\/uploads\\\/2026\\\/02\\\/Mexique.jpg\",\"width\":1200,\"height\":606,\"caption\":\"Violences au Mexique apr\u00e8s la mort d\u2019\u00ab El Mencho \u00bb : au moins 70 morts et un pays sous tension\"},{\"@type\":\"BreadcrumbList\",\"@id\":\"https:\\\/\\\/www.webdo.tn\\\/fr\\\/actualite\\\/international\\\/violences-au-mexique-apres-la-mort-d-el-mencho-au-moins-70-morts-et-un-pays-sous-tension\\\/393679\\\/#breadcrumb\",\"itemListElement\":[{\"@type\":\"ListItem\",\"position\":1,\"name\":\"Accueil\",\"item\":\"https:\\\/\\\/www.webdo.tn\\\/fr\\\/\"},{\"@type\":\"ListItem\",\"position\":2,\"name\":\"Violences au Mexique apr\u00e8s la mort d\u2019\u00ab El Mencho \u00bb : au moins 70 morts et un pays sous tension\"}]},{\"@type\":\"WebSite\",\"@id\":\"https:\\\/\\\/www.webdo.tn\\\/fr\\\/#website\",\"url\":\"https:\\\/\\\/www.webdo.tn\\\/fr\\\/\",\"name\":\"webdo\",\"description\":\"Tunisie - News en Tunisie et \u00e0 l&#039;international sur Webdo.tn\",\"publisher\":{\"@id\":\"https:\\\/\\\/www.webdo.tn\\\/fr\\\/#organization\"},\"potentialAction\":[{\"@type\":\"SearchAction\",\"target\":{\"@type\":\"EntryPoint\",\"urlTemplate\":\"https:\\\/\\\/www.webdo.tn\\\/fr\\\/?s={search_term_string}\"},\"query-input\":{\"@type\":\"PropertyValueSpecification\",\"valueRequired\":true,\"valueName\":\"search_term_string\"}}],\"inLanguage\":\"fr-FR\"},{\"@type\":\"Organization\",\"@id\":\"https:\\\/\\\/www.webdo.tn\\\/fr\\\/#organization\",\"name\":\"Webdo\",\"alternateName\":\"Webdo.tn\",\"url\":\"https:\\\/\\\/www.webdo.tn\\\/fr\\\/\",\"logo\":{\"@type\":\"ImageObject\",\"inLanguage\":\"fr-FR\",\"@id\":\"https:\\\/\\\/www.webdo.tn\\\/fr\\\/#\\\/schema\\\/logo\\\/image\\\/\",\"url\":\"https:\\\/\\\/www.webdo.tn\\\/fr\\\/wp-content\\\/uploads\\\/2025\\\/06\\\/Webdo-Tunisie_168377.jpg\",\"contentUrl\":\"https:\\\/\\\/www.webdo.tn\\\/fr\\\/wp-content\\\/uploads\\\/2025\\\/06\\\/Webdo-Tunisie_168377.jpg\",\"width\":301,\"height\":301,\"caption\":\"Webdo\"},\"image\":{\"@id\":\"https:\\\/\\\/www.webdo.tn\\\/fr\\\/#\\\/schema\\\/logo\\\/image\\\/\"},\"sameAs\":[\"https:\\\/\\\/www.facebook.com\\\/webdotn\",\"https:\\\/\\\/x.com\\\/webdo_tn\"],\"description\":\"Webdo est un m\u00e9dia num\u00e9rique tunisien fond\u00e9 en 2010, sp\u00e9cialis\u00e9 dans l\u2019actualit\u00e9 nationale et internationale, l\u2019\u00e9conomie, la soci\u00e9t\u00e9 et les analyses politiques. Le site s\u2019adresse \u00e0 un large public francophone et couvre l\u2019information tunisienne en temps r\u00e9el.\",\"email\":\"redac@webdo.tn\",\"legalName\":\"YNJ SARL\",\"foundingDate\":\"2010-09-06\",\"numberOfEmployees\":{\"@type\":\"QuantitativeValue\",\"minValue\":\"11\",\"maxValue\":\"50\"}},{\"@type\":\"Person\",\"@id\":\"https:\\\/\\\/www.webdo.tn\\\/fr\\\/#\\\/schema\\\/person\\\/16a4857e77dfc0b610c4c2cadffc9ac4\",\"name\":\"Mohamed Fethi\",\"image\":{\"@type\":\"ImageObject\",\"inLanguage\":\"fr-FR\",\"@id\":\"https:\\\/\\\/www.webdo.tn\\\/fr\\\/wp-content\\\/uploads\\\/2026\\\/04\\\/mohamed-fethi_avatar_1-96x96.jpg\",\"url\":\"https:\\\/\\\/www.webdo.tn\\\/fr\\\/wp-content\\\/uploads\\\/2026\\\/04\\\/mohamed-fethi_avatar_1-96x96.jpg\",\"contentUrl\":\"https:\\\/\\\/www.webdo.tn\\\/fr\\\/wp-content\\\/uploads\\\/2026\\\/04\\\/mohamed-fethi_avatar_1-96x96.jpg\",\"caption\":\"Mohamed Fethi\"},\"description\":\"Signature \u00e9ditoriale de Maher Chaabane Mohamed Fethi est le pseudonyme \u00e9ditorial de Maher Chaabane, r\u00e9dacteur en chef de Webdo.tn depuis 2012. Cette signature est d\u00e9di\u00e9e au traitement intensif de l'actualit\u00e9 nationale et internationale en temps r\u00e9el. S'appuyant sur les deux d\u00e9cennies d'expertise journalistique de Maher Chaabane \u2014 d\u00e9but\u00e9e au sein du groupe Tunis Hebdo en 2000 \u2014 Mohamed Fethi assure une veille rigoureuse sur les enjeux politiques, \u00e9conomiques et sportifs. Sa mission est de garantir une information structur\u00e9e, fluide et fid\u00e8le aux standards de la r\u00e9daction. Pour consulter le parcours complet du r\u00e9dacteur en chef, visitez le profil officiel de Maher Chaabane.\",\"knowsAbout\":[\"actualit\u00e9\",\"journalisme\",\"information\",\"politique\",\"sport\",\"m\u00e9dias\",\"actualit\u00e9 internationale\"],\"knowsLanguage\":[\"Fran\u00e7ais\",\"Arabe\"],\"jobTitle\":\"Journaliste \u2013 R\u00e9daction Webdo\",\"worksFor\":\"Webdo.tn\",\"url\":\"https:\\\/\\\/www.webdo.tn\\\/fr\\\/actualite\\\/author\\\/mohamed-fethi\\\/\"}]}<\/script>\n<!-- \/ Yoast SEO Premium plugin. -->","yoast_head_json":{"title":"Violences au Mexique apr\u00e8s la mort d\u2019\u00ab El Mencho \u00bb : au moins 70 morts et un pays sous tension - webdo","description":"Violences au Mexique apr\u00e8s la disparition d'\u00ab El Mencho \u00bb : un pays sous tension avec des repr\u00e9sailles et plus de 70 victimes.","canonical":"https:\/\/www.webdo.tn\/fr\/actualite\/international\/violences-au-mexique-apres-la-mort-d-el-mencho-au-moins-70-morts-et-un-pays-sous-tension\/393679\/","og_locale":"fr_FR","og_type":"article","og_title":"Violences au Mexique apr\u00e8s la mort d\u2019\u00ab El Mencho \u00bb : au moins 70 morts et un pays sous tension","og_description":"Violences au Mexique apr\u00e8s la disparition d'\u00ab El Mencho \u00bb : un pays sous tension avec des repr\u00e9sailles et plus de 70 victimes.","og_url":"https:\/\/www.webdo.tn\/fr\/actualite\/international\/violences-au-mexique-apres-la-mort-d-el-mencho-au-moins-70-morts-et-un-pays-sous-tension\/393679\/","og_site_name":"webdo","article_publisher":"https:\/\/www.facebook.com\/webdotn","article_published_time":"2026-02-24T10:28:04+00:00","article_modified_time":"2026-02-24T10:28:05+00:00","og_image":[{"width":1200,"height":606,"url":"https:\/\/www.webdo.tn\/fr\/wp-content\/uploads\/2026\/02\/Mexique.jpg","type":"image\/jpeg"}],"author":"Mohamed Fethi","twitter_card":"summary_large_image","twitter_creator":"@webdo_tn","twitter_site":"@webdo_tn","twitter_misc":{"\u00c9crit par":"Mohamed Fethi","Dur\u00e9e de lecture estim\u00e9e":"3 minutes"},"schema":{"@context":"https:\/\/schema.org","@graph":[{"@type":"NewsArticle","@id":"https:\/\/www.webdo.tn\/fr\/actualite\/international\/violences-au-mexique-apres-la-mort-d-el-mencho-au-moins-70-morts-et-un-pays-sous-tension\/393679\/#article","isPartOf":{"@id":"https:\/\/www.webdo.tn\/fr\/actualite\/international\/violences-au-mexique-apres-la-mort-d-el-mencho-au-moins-70-morts-et-un-pays-sous-tension\/393679\/"},"author":{"name":"Mohamed Fethi","@id":"https:\/\/www.webdo.tn\/fr\/#\/schema\/person\/16a4857e77dfc0b610c4c2cadffc9ac4"},"headline":"Violences au Mexique apr\u00e8s la mort d\u2019\u00ab El Mencho \u00bb : au moins 70 morts et un pays sous tension","datePublished":"2026-02-24T10:28:04+00:00","dateModified":"2026-02-24T10:28:05+00:00","mainEntityOfPage":{"@id":"https:\/\/www.webdo.tn\/fr\/actualite\/international\/violences-au-mexique-apres-la-mort-d-el-mencho-au-moins-70-morts-et-un-pays-sous-tension\/393679\/"},"wordCount":535,"publisher":{"@id":"https:\/\/www.webdo.tn\/fr\/#organization"},"image":{"@id":"https:\/\/www.webdo.tn\/fr\/actualite\/international\/violences-au-mexique-apres-la-mort-d-el-mencho-au-moins-70-morts-et-un-pays-sous-tension\/393679\/#primaryimage"},"thumbnailUrl":"https:\/\/www.webdo.tn\/fr\/wp-content\/uploads\/2026\/02\/Mexique.jpg","keywords":["cartel","Cartels et lobbies Tunisie","El Mencho","Mexique"],"articleSection":["International"],"inLanguage":"fr-FR"},{"@type":"WebPage","@id":"https:\/\/www.webdo.tn\/fr\/actualite\/international\/violences-au-mexique-apres-la-mort-d-el-mencho-au-moins-70-morts-et-un-pays-sous-tension\/393679\/","url":"https:\/\/www.webdo.tn\/fr\/actualite\/international\/violences-au-mexique-apres-la-mort-d-el-mencho-au-moins-70-morts-et-un-pays-sous-tension\/393679\/","name":"Violences au Mexique apr\u00e8s la mort d\u2019\u00ab El Mencho \u00bb : au moins 70 morts et un pays sous tension - webdo","isPartOf":{"@id":"https:\/\/www.webdo.tn\/fr\/#website"},"primaryImageOfPage":{"@id":"https:\/\/www.webdo.tn\/fr\/actualite\/international\/violences-au-mexique-apres-la-mort-d-el-mencho-au-moins-70-morts-et-un-pays-sous-tension\/393679\/#primaryimage"},"image":{"@id":"https:\/\/www.webdo.tn\/fr\/actualite\/international\/violences-au-mexique-apres-la-mort-d-el-mencho-au-moins-70-morts-et-un-pays-sous-tension\/393679\/#primaryimage"},"thumbnailUrl":"https:\/\/www.webdo.tn\/fr\/wp-content\/uploads\/2026\/02\/Mexique.jpg","datePublished":"2026-02-24T10:28:04+00:00","dateModified":"2026-02-24T10:28:05+00:00","description":"Violences au Mexique apr\u00e8s la disparition d'\u00ab El Mencho \u00bb : un pays sous tension avec des repr\u00e9sailles et plus de 70 victimes.","breadcrumb":{"@id":"https:\/\/www.webdo.tn\/fr\/actualite\/international\/violences-au-mexique-apres-la-mort-d-el-mencho-au-moins-70-morts-et-un-pays-sous-tension\/393679\/#breadcrumb"},"inLanguage":"fr-FR","potentialAction":[{"@type":"ReadAction","target":["https:\/\/www.webdo.tn\/fr\/actualite\/international\/violences-au-mexique-apres-la-mort-d-el-mencho-au-moins-70-morts-et-un-pays-sous-tension\/393679\/"]}]},{"@type":"ImageObject","inLanguage":"fr-FR","@id":"https:\/\/www.webdo.tn\/fr\/actualite\/international\/violences-au-mexique-apres-la-mort-d-el-mencho-au-moins-70-morts-et-un-pays-sous-tension\/393679\/#primaryimage","url":"https:\/\/www.webdo.tn\/fr\/wp-content\/uploads\/2026\/02\/Mexique.jpg","contentUrl":"https:\/\/www.webdo.tn\/fr\/wp-content\/uploads\/2026\/02\/Mexique.jpg","width":1200,"height":606,"caption":"Violences au Mexique apr\u00e8s la mort d\u2019\u00ab El Mencho \u00bb : au moins 70 morts et un pays sous tension"},{"@type":"BreadcrumbList","@id":"https:\/\/www.webdo.tn\/fr\/actualite\/international\/violences-au-mexique-apres-la-mort-d-el-mencho-au-moins-70-morts-et-un-pays-sous-tension\/393679\/#breadcrumb","itemListElement":[{"@type":"ListItem","position":1,"name":"Accueil","item":"https:\/\/www.webdo.tn\/fr\/"},{"@type":"ListItem","position":2,"name":"Violences au Mexique apr\u00e8s la mort d\u2019\u00ab El Mencho \u00bb : au moins 70 morts et un pays sous tension"}]},{"@type":"WebSite","@id":"https:\/\/www.webdo.tn\/fr\/#website","url":"https:\/\/www.webdo.tn\/fr\/","name":"webdo","description":"Tunisie - News en Tunisie et \u00e0 l&#039;international sur Webdo.tn","publisher":{"@id":"https:\/\/www.webdo.tn\/fr\/#organization"},"potentialAction":[{"@type":"SearchAction","target":{"@type":"EntryPoint","urlTemplate":"https:\/\/www.webdo.tn\/fr\/?s={search_term_string}"},"query-input":{"@type":"PropertyValueSpecification","valueRequired":true,"valueName":"search_term_string"}}],"inLanguage":"fr-FR"},{"@type":"Organization","@id":"https:\/\/www.webdo.tn\/fr\/#organization","name":"Webdo","alternateName":"Webdo.tn","url":"https:\/\/www.webdo.tn\/fr\/","logo":{"@type":"ImageObject","inLanguage":"fr-FR","@id":"https:\/\/www.webdo.tn\/fr\/#\/schema\/logo\/image\/","url":"https:\/\/www.webdo.tn\/fr\/wp-content\/uploads\/2025\/06\/Webdo-Tunisie_168377.jpg","contentUrl":"https:\/\/www.webdo.tn\/fr\/wp-content\/uploads\/2025\/06\/Webdo-Tunisie_168377.jpg","width":301,"height":301,"caption":"Webdo"},"image":{"@id":"https:\/\/www.webdo.tn\/fr\/#\/schema\/logo\/image\/"},"sameAs":["https:\/\/www.facebook.com\/webdotn","https:\/\/x.com\/webdo_tn"],"description":"Webdo est un m\u00e9dia num\u00e9rique tunisien fond\u00e9 en 2010, sp\u00e9cialis\u00e9 dans l\u2019actualit\u00e9 nationale et internationale, l\u2019\u00e9conomie, la soci\u00e9t\u00e9 et les analyses politiques. Le site s\u2019adresse \u00e0 un large public francophone et couvre l\u2019information tunisienne en temps r\u00e9el.","email":"redac@webdo.tn","legalName":"YNJ SARL","foundingDate":"2010-09-06","numberOfEmployees":{"@type":"QuantitativeValue","minValue":"11","maxValue":"50"}},{"@type":"Person","@id":"https:\/\/www.webdo.tn\/fr\/#\/schema\/person\/16a4857e77dfc0b610c4c2cadffc9ac4","name":"Mohamed Fethi","image":{"@type":"ImageObject","inLanguage":"fr-FR","@id":"https:\/\/www.webdo.tn\/fr\/wp-content\/uploads\/2026\/04\/mohamed-fethi_avatar_1-96x96.jpg","url":"https:\/\/www.webdo.tn\/fr\/wp-content\/uploads\/2026\/04\/mohamed-fethi_avatar_1-96x96.jpg","contentUrl":"https:\/\/www.webdo.tn\/fr\/wp-content\/uploads\/2026\/04\/mohamed-fethi_avatar_1-96x96.jpg","caption":"Mohamed Fethi"},"description":"Signature \u00e9ditoriale de Maher Chaabane Mohamed Fethi est le pseudonyme \u00e9ditorial de Maher Chaabane, r\u00e9dacteur en chef de Webdo.tn depuis 2012. Cette signature est d\u00e9di\u00e9e au traitement intensif de l'actualit\u00e9 nationale et internationale en temps r\u00e9el. S'appuyant sur les deux d\u00e9cennies d'expertise journalistique de Maher Chaabane \u2014 d\u00e9but\u00e9e au sein du groupe Tunis Hebdo en 2000 \u2014 Mohamed Fethi assure une veille rigoureuse sur les enjeux politiques, \u00e9conomiques et sportifs. Sa mission est de garantir une information structur\u00e9e, fluide et fid\u00e8le aux standards de la r\u00e9daction. Pour consulter le parcours complet du r\u00e9dacteur en chef, visitez le profil officiel de Maher Chaabane.","knowsAbout":["actualit\u00e9","journalisme","information","politique","sport","m\u00e9dias","actualit\u00e9 internationale"],"knowsLanguage":["Fran\u00e7ais","Arabe"],"jobTitle":"Journaliste \u2013 R\u00e9daction Webdo","worksFor":"Webdo.tn","url":"https:\/\/www.webdo.tn\/fr\/actualite\/author\/mohamed-fethi\/"}]}},"_links":{"self":[{"href":"https:\/\/www.webdo.tn\/fr\/wp-json\/wp\/v2\/posts\/393679","targetHints":{"allow":["GET"]}}],"collection":[{"href":"https:\/\/www.webdo.tn\/fr\/wp-json\/wp\/v2\/posts"}],"about":[{"href":"https:\/\/www.webdo.tn\/fr\/wp-json\/wp\/v2\/types\/post"}],"author":[{"embeddable":true,"href":"https:\/\/www.webdo.tn\/fr\/wp-json\/wp\/v2\/users\/4782"}],"replies":[{"embeddable":true,"href":"https:\/\/www.webdo.tn\/fr\/wp-json\/wp\/v2\/comments?post=393679"}],"version-history":[{"count":0,"href":"https:\/\/www.webdo.tn\/fr\/wp-json\/wp\/v2\/posts\/393679\/revisions"}],"wp:featuredmedia":[{"embeddable":true,"href":"https:\/\/www.webdo.tn\/fr\/wp-json\/wp\/v2\/media\/393680"}],"wp:attachment":[{"href":"https:\/\/www.webdo.tn\/fr\/wp-json\/wp\/v2\/media?parent=393679"}],"wp:term":[{"taxonomy":"category","embeddable":true,"href":"https:\/\/www.webdo.tn\/fr\/wp-json\/wp\/v2\/categories?post=393679"},{"taxonomy":"post_tag","embeddable":true,"href":"https:\/\/www.webdo.tn\/fr\/wp-json\/wp\/v2\/tags?post=393679"}],"curies":[{"name":"wp","href":"https:\/\/api.w.org\/{rel}","templated":true}]}}