{"id":393669,"date":"2026-02-24T09:15:52","date_gmt":"2026-02-24T08:15:52","guid":{"rendered":"https:\/\/www.webdo.tn\/fr\/?p=393669"},"modified":"2026-02-24T09:18:51","modified_gmt":"2026-02-24T08:18:51","slug":"everyday-tunisians-malek-et-son-grand-pere-au-cafe-mnouchi","status":"publish","type":"post","link":"https:\/\/www.webdo.tn\/fr\/actualite\/everyday-tunisians\/everyday-tunisians-malek-et-son-grand-pere-au-cafe-mnouchi\/393669\/","title":{"rendered":"Everyday Tunisians : Malek et son grand-p\u00e8re au caf\u00e9 Mnouchi"},"content":{"rendered":"\n<p>La ressemblance est saisissante entre le jeune homme assis derri\u00e8re sa caisse et son grand-p\u00e8re dont le portrait tr\u00f4ne au-dessus.<\/p>\n\n\n\n<p>Malek est au travail alors que le patriarche Salem a quasiment le m\u00eame regard et des traits qui se confondent dans les deux visages. Sadok, p\u00e8re de l&rsquo;un et fils de l&rsquo;autre, leur ressemble tout autant mais n&rsquo;est pas pr\u00e9sent.<\/p>\n\n\n\n<p>Cet air de famille, c&rsquo;est au caf\u00e9 Mnouchi qu&rsquo;on peut le d\u00e9couvrir, \u00e0 la convergence de plusieurs souks tunisois. Devenu c\u00e9l\u00e8bre apr\u00e8s le tournage du feuilleton Al Khottab ala el Bab\u00a0\u00bb, ce caf\u00e9 ne d\u00e9semplit plus et rassemble autant les jeunes que leurs a\u00een\u00e9s.<\/p>\n\n\n\n<p>\u00c0 l&rsquo;image de Malek et Salem, les g\u00e9n\u00e9rations se croisent dans ce mazagran aux murs recouverts de c\u00e9ramiques anciennes et dont l&rsquo;ambiance est aussi vibrante qu&rsquo;un campus.<\/p>\n\n\n\n<p>Au caf\u00e9 de tous les contrastes, le temps semble aboli sous les yeux bienveillants de Malek et son grand-p\u00e8re.<\/p>\n\n\n\n<p><\/p>\n\n\n\n<blockquote class=\"wp-block-quote is-layout-flow wp-block-quote-is-layout-flow\">\n<blockquote class=\"wp-block-quote is-layout-flow wp-block-quote-is-layout-flow\">\n<p><strong>Lire aussi : <\/strong><\/p>\n\n\n\n<ul class=\"wp-block-list\">\n<li class=\"has-medium-font-size\"><a href=\"https:\/\/www.webdo.tn\/fr\/actualite\/everyday-tunisians\/everyday-tunisians-a-sousse-le-cordonnier-de-bab-el-quebli\/393565\/\">Everyday Tunisians : A Sousse, le cordonnier de Bab El Quebli<\/a><\/li>\n\n\n\n<li class=\"has-medium-font-size\"><a href=\"https:\/\/www.webdo.tn\/fr\/actualite\/everyday-tunisians\/everyday-tunisians-chokri-au-seuil-de-la-zaouia-de-sidi-mahrez\/393524\/\">Everyday Tunisians : Chokri, au seuil de la zaouia de Sidi Mahrez<\/a><\/li>\n\n\n\n<li class=\"has-medium-font-size\"><a href=\"https:\/\/www.webdo.tn\/fr\/actualite\/everyday-tunisians\/everyday-tunisians-mustapha-un-demi-siecle-en-tissus\/393457\/\">Everyday Tunisians : Mustapha, un demi-si\u00e8cle en tissus<\/a><\/li>\n<\/ul>\n<\/blockquote>\n<\/blockquote>\n","protected":false},"excerpt":{"rendered":"<p>La ressemblance est saisissante entre le jeune homme assis derri\u00e8re sa caisse et son grand-p\u00e8re dont le portrait tr\u00f4ne au-dessus. Malek est au travail alors que le patriarche Salem a quasiment le m\u00eame regard et des traits qui se confondent dans les deux visages. Sadok, p\u00e8re de l&rsquo;un et fils de l&rsquo;autre, leur ressemble tout [&hellip;]<\/p>\n","protected":false},"author":3229,"featured_media":393670,"comment_status":"closed","ping_status":"closed","sticky":false,"template":"","format":"standard","meta":{"footnotes":""},"categories":[2591],"tags":[2608],"class_list":["post-393669","post","type-post","status-publish","format-standard","has-post-thumbnail","hentry","category-everyday-tunisians","tag-tunisie"],"yoast_head":"<!-- This site is optimized with the Yoast SEO Premium plugin v27.4 (Yoast SEO v27.5) - https:\/\/yoast.com\/product\/yoast-seo-premium-wordpress\/ -->\n<title>Everyday Tunisians : Malek et son grand-p\u00e8re au caf\u00e9 Mnouchi - webdo<\/title>\n<meta name=\"description\" content=\"D\u00e9couvrez l&#039;histoire de Malek et son grand-p\u00e8re au caf\u00e9 Mnouchi, o\u00f9 les g\u00e9n\u00e9rations se rencontrent dans une ambiance vibrante.\" \/>\n<link rel=\"canonical\" href=\"https:\/\/www.webdo.tn\/fr\/actualite\/everyday-tunisians\/everyday-tunisians-malek-et-son-grand-pere-au-cafe-mnouchi\/393669\/\" \/>\n<meta property=\"og:locale\" content=\"fr_FR\" \/>\n<meta property=\"og:type\" content=\"article\" \/>\n<meta property=\"og:title\" content=\"Everyday Tunisians : Malek et son grand-p\u00e8re au caf\u00e9 Mnouchi\" \/>\n<meta property=\"og:description\" content=\"D\u00e9couvrez l&#039;histoire de Malek et son grand-p\u00e8re au caf\u00e9 Mnouchi, o\u00f9 les g\u00e9n\u00e9rations se rencontrent dans une ambiance vibrante.\" \/>\n<meta property=\"og:url\" content=\"https:\/\/www.webdo.tn\/fr\/actualite\/everyday-tunisians\/everyday-tunisians-malek-et-son-grand-pere-au-cafe-mnouchi\/393669\/\" \/>\n<meta property=\"og:site_name\" content=\"webdo\" \/>\n<meta property=\"article:publisher\" content=\"https:\/\/www.facebook.com\/webdotn\" \/>\n<meta property=\"article:author\" content=\"https:\/\/www.facebook.com\/hatem.bourial.2025\" \/>\n<meta property=\"article:published_time\" content=\"2026-02-24T08:15:52+00:00\" \/>\n<meta property=\"article:modified_time\" content=\"2026-02-24T08:18:51+00:00\" \/>\n<meta property=\"og:image\" content=\"https:\/\/www.webdo.tn\/fr\/wp-content\/uploads\/2026\/02\/Malek.jpeg\" \/>\n\t<meta property=\"og:image:width\" content=\"1203\" \/>\n\t<meta property=\"og:image:height\" content=\"600\" \/>\n\t<meta property=\"og:image:type\" content=\"image\/jpeg\" \/>\n<meta name=\"author\" content=\"Hatem Bourial\" \/>\n<meta name=\"twitter:card\" content=\"summary_large_image\" \/>\n<meta name=\"twitter:creator\" content=\"@webdo_tn\" \/>\n<meta name=\"twitter:site\" content=\"@webdo_tn\" \/>\n<meta name=\"twitter:label1\" content=\"\u00c9crit par\" \/>\n\t<meta name=\"twitter:data1\" content=\"Hatem Bourial\" \/>\n\t<meta name=\"twitter:label2\" content=\"Dur\u00e9e de lecture estim\u00e9e\" \/>\n\t<meta name=\"twitter:data2\" content=\"1 minute\" \/>\n<script type=\"application\/ld+json\" class=\"yoast-schema-graph\">{\"@context\":\"https:\\\/\\\/schema.org\",\"@graph\":[{\"@type\":\"NewsArticle\",\"@id\":\"https:\\\/\\\/www.webdo.tn\\\/fr\\\/actualite\\\/everyday-tunisians\\\/everyday-tunisians-malek-et-son-grand-pere-au-cafe-mnouchi\\\/393669\\\/#article\",\"isPartOf\":{\"@id\":\"https:\\\/\\\/www.webdo.tn\\\/fr\\\/actualite\\\/everyday-tunisians\\\/everyday-tunisians-malek-et-son-grand-pere-au-cafe-mnouchi\\\/393669\\\/\"},\"author\":{\"name\":\"Hatem Bourial\",\"@id\":\"https:\\\/\\\/www.webdo.tn\\\/fr\\\/#\\\/schema\\\/person\\\/6bc0beba2cd23aec27cb5df85ca2554f\"},\"headline\":\"Everyday Tunisians : Malek et son grand-p\u00e8re au caf\u00e9 Mnouchi\",\"datePublished\":\"2026-02-24T08:15:52+00:00\",\"dateModified\":\"2026-02-24T08:18:51+00:00\",\"mainEntityOfPage\":{\"@id\":\"https:\\\/\\\/www.webdo.tn\\\/fr\\\/actualite\\\/everyday-tunisians\\\/everyday-tunisians-malek-et-son-grand-pere-au-cafe-mnouchi\\\/393669\\\/\"},\"wordCount\":214,\"publisher\":{\"@id\":\"https:\\\/\\\/www.webdo.tn\\\/fr\\\/#organization\"},\"image\":{\"@id\":\"https:\\\/\\\/www.webdo.tn\\\/fr\\\/actualite\\\/everyday-tunisians\\\/everyday-tunisians-malek-et-son-grand-pere-au-cafe-mnouchi\\\/393669\\\/#primaryimage\"},\"thumbnailUrl\":\"https:\\\/\\\/www.webdo.tn\\\/fr\\\/wp-content\\\/uploads\\\/2026\\\/02\\\/Malek.jpeg\",\"keywords\":[\"Tunisie\"],\"articleSection\":[\"Everyday Tunisians by Hatem Bourial\"],\"inLanguage\":\"fr-FR\"},{\"@type\":\"WebPage\",\"@id\":\"https:\\\/\\\/www.webdo.tn\\\/fr\\\/actualite\\\/everyday-tunisians\\\/everyday-tunisians-malek-et-son-grand-pere-au-cafe-mnouchi\\\/393669\\\/\",\"url\":\"https:\\\/\\\/www.webdo.tn\\\/fr\\\/actualite\\\/everyday-tunisians\\\/everyday-tunisians-malek-et-son-grand-pere-au-cafe-mnouchi\\\/393669\\\/\",\"name\":\"Everyday Tunisians : Malek et son grand-p\u00e8re au caf\u00e9 Mnouchi - webdo\",\"isPartOf\":{\"@id\":\"https:\\\/\\\/www.webdo.tn\\\/fr\\\/#website\"},\"primaryImageOfPage\":{\"@id\":\"https:\\\/\\\/www.webdo.tn\\\/fr\\\/actualite\\\/everyday-tunisians\\\/everyday-tunisians-malek-et-son-grand-pere-au-cafe-mnouchi\\\/393669\\\/#primaryimage\"},\"image\":{\"@id\":\"https:\\\/\\\/www.webdo.tn\\\/fr\\\/actualite\\\/everyday-tunisians\\\/everyday-tunisians-malek-et-son-grand-pere-au-cafe-mnouchi\\\/393669\\\/#primaryimage\"},\"thumbnailUrl\":\"https:\\\/\\\/www.webdo.tn\\\/fr\\\/wp-content\\\/uploads\\\/2026\\\/02\\\/Malek.jpeg\",\"datePublished\":\"2026-02-24T08:15:52+00:00\",\"dateModified\":\"2026-02-24T08:18:51+00:00\",\"description\":\"D\u00e9couvrez l'histoire de Malek et son grand-p\u00e8re au caf\u00e9 Mnouchi, o\u00f9 les g\u00e9n\u00e9rations se rencontrent dans une ambiance vibrante.\",\"breadcrumb\":{\"@id\":\"https:\\\/\\\/www.webdo.tn\\\/fr\\\/actualite\\\/everyday-tunisians\\\/everyday-tunisians-malek-et-son-grand-pere-au-cafe-mnouchi\\\/393669\\\/#breadcrumb\"},\"inLanguage\":\"fr-FR\",\"potentialAction\":[{\"@type\":\"ReadAction\",\"target\":[\"https:\\\/\\\/www.webdo.tn\\\/fr\\\/actualite\\\/everyday-tunisians\\\/everyday-tunisians-malek-et-son-grand-pere-au-cafe-mnouchi\\\/393669\\\/\"]}]},{\"@type\":\"ImageObject\",\"inLanguage\":\"fr-FR\",\"@id\":\"https:\\\/\\\/www.webdo.tn\\\/fr\\\/actualite\\\/everyday-tunisians\\\/everyday-tunisians-malek-et-son-grand-pere-au-cafe-mnouchi\\\/393669\\\/#primaryimage\",\"url\":\"https:\\\/\\\/www.webdo.tn\\\/fr\\\/wp-content\\\/uploads\\\/2026\\\/02\\\/Malek.jpeg\",\"contentUrl\":\"https:\\\/\\\/www.webdo.tn\\\/fr\\\/wp-content\\\/uploads\\\/2026\\\/02\\\/Malek.jpeg\",\"width\":1203,\"height\":600,\"caption\":\"Everyday Tunisians : Malek et son grand-p\u00e8re au caf\u00e9 Mnouchi\"},{\"@type\":\"BreadcrumbList\",\"@id\":\"https:\\\/\\\/www.webdo.tn\\\/fr\\\/actualite\\\/everyday-tunisians\\\/everyday-tunisians-malek-et-son-grand-pere-au-cafe-mnouchi\\\/393669\\\/#breadcrumb\",\"itemListElement\":[{\"@type\":\"ListItem\",\"position\":1,\"name\":\"Accueil\",\"item\":\"https:\\\/\\\/www.webdo.tn\\\/fr\\\/\"},{\"@type\":\"ListItem\",\"position\":2,\"name\":\"Everyday Tunisians : Malek et son grand-p\u00e8re au caf\u00e9 Mnouchi\"}]},{\"@type\":\"WebSite\",\"@id\":\"https:\\\/\\\/www.webdo.tn\\\/fr\\\/#website\",\"url\":\"https:\\\/\\\/www.webdo.tn\\\/fr\\\/\",\"name\":\"webdo\",\"description\":\"Tunisie - News en Tunisie et \u00e0 l&#039;international sur Webdo.tn\",\"publisher\":{\"@id\":\"https:\\\/\\\/www.webdo.tn\\\/fr\\\/#organization\"},\"potentialAction\":[{\"@type\":\"SearchAction\",\"target\":{\"@type\":\"EntryPoint\",\"urlTemplate\":\"https:\\\/\\\/www.webdo.tn\\\/fr\\\/?s={search_term_string}\"},\"query-input\":{\"@type\":\"PropertyValueSpecification\",\"valueRequired\":true,\"valueName\":\"search_term_string\"}}],\"inLanguage\":\"fr-FR\"},{\"@type\":\"Organization\",\"@id\":\"https:\\\/\\\/www.webdo.tn\\\/fr\\\/#organization\",\"name\":\"Webdo\",\"alternateName\":\"Webdo.tn\",\"url\":\"https:\\\/\\\/www.webdo.tn\\\/fr\\\/\",\"logo\":{\"@type\":\"ImageObject\",\"inLanguage\":\"fr-FR\",\"@id\":\"https:\\\/\\\/www.webdo.tn\\\/fr\\\/#\\\/schema\\\/logo\\\/image\\\/\",\"url\":\"https:\\\/\\\/www.webdo.tn\\\/fr\\\/wp-content\\\/uploads\\\/2025\\\/06\\\/Webdo-Tunisie_168377.jpg\",\"contentUrl\":\"https:\\\/\\\/www.webdo.tn\\\/fr\\\/wp-content\\\/uploads\\\/2025\\\/06\\\/Webdo-Tunisie_168377.jpg\",\"width\":301,\"height\":301,\"caption\":\"Webdo\"},\"image\":{\"@id\":\"https:\\\/\\\/www.webdo.tn\\\/fr\\\/#\\\/schema\\\/logo\\\/image\\\/\"},\"sameAs\":[\"https:\\\/\\\/www.facebook.com\\\/webdotn\",\"https:\\\/\\\/x.com\\\/webdo_tn\"],\"description\":\"Webdo est un m\u00e9dia num\u00e9rique tunisien fond\u00e9 en 2010, sp\u00e9cialis\u00e9 dans l\u2019actualit\u00e9 nationale et internationale, l\u2019\u00e9conomie, la soci\u00e9t\u00e9 et les analyses politiques. Le site s\u2019adresse \u00e0 un large public francophone et couvre l\u2019information tunisienne en temps r\u00e9el.\",\"email\":\"redac@webdo.tn\",\"legalName\":\"YNJ SARL\",\"foundingDate\":\"2010-09-06\",\"numberOfEmployees\":{\"@type\":\"QuantitativeValue\",\"minValue\":\"11\",\"maxValue\":\"50\"}},{\"@type\":\"Person\",\"@id\":\"https:\\\/\\\/www.webdo.tn\\\/fr\\\/#\\\/schema\\\/person\\\/6bc0beba2cd23aec27cb5df85ca2554f\",\"name\":\"Hatem Bourial\",\"image\":{\"@type\":\"ImageObject\",\"inLanguage\":\"fr-FR\",\"@id\":\"https:\\\/\\\/www.webdo.tn\\\/fr\\\/wp-content\\\/uploads\\\/2026\\\/04\\\/hatem-bourial_avatar-96x96.jpg\",\"url\":\"https:\\\/\\\/www.webdo.tn\\\/fr\\\/wp-content\\\/uploads\\\/2026\\\/04\\\/hatem-bourial_avatar-96x96.jpg\",\"contentUrl\":\"https:\\\/\\\/www.webdo.tn\\\/fr\\\/wp-content\\\/uploads\\\/2026\\\/04\\\/hatem-bourial_avatar-96x96.jpg\",\"caption\":\"Hatem Bourial\"},\"description\":\"Hatem Bourial est journaliste, \u00e9crivain et chroniqueur tunisien. Actif depuis plusieurs d\u00e9cennies, il s\u2019est impos\u00e9 comme un observateur attentif de la soci\u00e9t\u00e9 tunisienne, m\u00ealant dans ses \u00e9crits m\u00e9moire, culture et analyse du quotidien. Auteur de nombreux ouvrages, il d\u00e9veloppe une \u0153uvre \u00e0 la crois\u00e9e du r\u00e9cit, de la po\u00e9sie et de l\u2019observation sociologique. Parall\u00e8lement \u00e0 ses contributions dans la presse, il intervient r\u00e9guli\u00e8rement \u00e0 la radio et dans des espaces culturels, o\u00f9 il explore les enjeux li\u00e9s au patrimoine, \u00e0 l\u2019identit\u00e9 et aux transformations du monde contemporain. \u00c0 travers ses chroniques, Hatem Bourial propose une lecture sensible et approfondie de l\u2019actualit\u00e9, nourrie par une exp\u00e9rience journalistique et litt\u00e9raire reconnue. \ud83d\udd17 Facebook : https:\\\/\\\/www.facebook.com\\\/hatem.bourial.2025\",\"sameAs\":[\"https:\\\/\\\/www.facebook.com\\\/hatem.bourial.2025\",\"https:\\\/\\\/fr.wikipedia.org\\\/wiki\\\/Fichier:Hatem_Bourial.jpg\"],\"knowsAbout\":[\"Culture & patrimoine tunisien\",\"Chronique soci\u00e9tale\",\"Litt\u00e9rature & m\u00e9moire\",\"Cin\u00e9ma & critique culturelle\",\"Identit\u00e9 & mutations sociales\"],\"knowsLanguage\":[\"Arabe\",\"Fran\u00e7ais\",\"Anglais\",\"Italien\",\"Polonais\"],\"jobTitle\":\"Journaliste, \u00e9crivain et chroniqueur culturel\",\"worksFor\":\"Webdo\",\"url\":\"https:\\\/\\\/www.webdo.tn\\\/fr\\\/actualite\\\/author\\\/hatem-bourial-2\\\/\"}]}<\/script>\n<!-- \/ Yoast SEO Premium plugin. -->","yoast_head_json":{"title":"Everyday Tunisians : Malek et son grand-p\u00e8re au caf\u00e9 Mnouchi - webdo","description":"D\u00e9couvrez l'histoire de Malek et son grand-p\u00e8re au caf\u00e9 Mnouchi, o\u00f9 les g\u00e9n\u00e9rations se rencontrent dans une ambiance vibrante.","canonical":"https:\/\/www.webdo.tn\/fr\/actualite\/everyday-tunisians\/everyday-tunisians-malek-et-son-grand-pere-au-cafe-mnouchi\/393669\/","og_locale":"fr_FR","og_type":"article","og_title":"Everyday Tunisians : Malek et son grand-p\u00e8re au caf\u00e9 Mnouchi","og_description":"D\u00e9couvrez l'histoire de Malek et son grand-p\u00e8re au caf\u00e9 Mnouchi, o\u00f9 les g\u00e9n\u00e9rations se rencontrent dans une ambiance vibrante.","og_url":"https:\/\/www.webdo.tn\/fr\/actualite\/everyday-tunisians\/everyday-tunisians-malek-et-son-grand-pere-au-cafe-mnouchi\/393669\/","og_site_name":"webdo","article_publisher":"https:\/\/www.facebook.com\/webdotn","article_author":"https:\/\/www.facebook.com\/hatem.bourial.2025","article_published_time":"2026-02-24T08:15:52+00:00","article_modified_time":"2026-02-24T08:18:51+00:00","og_image":[{"width":1203,"height":600,"url":"https:\/\/www.webdo.tn\/fr\/wp-content\/uploads\/2026\/02\/Malek.jpeg","type":"image\/jpeg"}],"author":"Hatem Bourial","twitter_card":"summary_large_image","twitter_creator":"@webdo_tn","twitter_site":"@webdo_tn","twitter_misc":{"\u00c9crit par":"Hatem Bourial","Dur\u00e9e de lecture estim\u00e9e":"1 minute"},"schema":{"@context":"https:\/\/schema.org","@graph":[{"@type":"NewsArticle","@id":"https:\/\/www.webdo.tn\/fr\/actualite\/everyday-tunisians\/everyday-tunisians-malek-et-son-grand-pere-au-cafe-mnouchi\/393669\/#article","isPartOf":{"@id":"https:\/\/www.webdo.tn\/fr\/actualite\/everyday-tunisians\/everyday-tunisians-malek-et-son-grand-pere-au-cafe-mnouchi\/393669\/"},"author":{"name":"Hatem Bourial","@id":"https:\/\/www.webdo.tn\/fr\/#\/schema\/person\/6bc0beba2cd23aec27cb5df85ca2554f"},"headline":"Everyday Tunisians : Malek et son grand-p\u00e8re au caf\u00e9 Mnouchi","datePublished":"2026-02-24T08:15:52+00:00","dateModified":"2026-02-24T08:18:51+00:00","mainEntityOfPage":{"@id":"https:\/\/www.webdo.tn\/fr\/actualite\/everyday-tunisians\/everyday-tunisians-malek-et-son-grand-pere-au-cafe-mnouchi\/393669\/"},"wordCount":214,"publisher":{"@id":"https:\/\/www.webdo.tn\/fr\/#organization"},"image":{"@id":"https:\/\/www.webdo.tn\/fr\/actualite\/everyday-tunisians\/everyday-tunisians-malek-et-son-grand-pere-au-cafe-mnouchi\/393669\/#primaryimage"},"thumbnailUrl":"https:\/\/www.webdo.tn\/fr\/wp-content\/uploads\/2026\/02\/Malek.jpeg","keywords":["Tunisie"],"articleSection":["Everyday Tunisians by Hatem Bourial"],"inLanguage":"fr-FR"},{"@type":"WebPage","@id":"https:\/\/www.webdo.tn\/fr\/actualite\/everyday-tunisians\/everyday-tunisians-malek-et-son-grand-pere-au-cafe-mnouchi\/393669\/","url":"https:\/\/www.webdo.tn\/fr\/actualite\/everyday-tunisians\/everyday-tunisians-malek-et-son-grand-pere-au-cafe-mnouchi\/393669\/","name":"Everyday Tunisians : Malek et son grand-p\u00e8re au caf\u00e9 Mnouchi - webdo","isPartOf":{"@id":"https:\/\/www.webdo.tn\/fr\/#website"},"primaryImageOfPage":{"@id":"https:\/\/www.webdo.tn\/fr\/actualite\/everyday-tunisians\/everyday-tunisians-malek-et-son-grand-pere-au-cafe-mnouchi\/393669\/#primaryimage"},"image":{"@id":"https:\/\/www.webdo.tn\/fr\/actualite\/everyday-tunisians\/everyday-tunisians-malek-et-son-grand-pere-au-cafe-mnouchi\/393669\/#primaryimage"},"thumbnailUrl":"https:\/\/www.webdo.tn\/fr\/wp-content\/uploads\/2026\/02\/Malek.jpeg","datePublished":"2026-02-24T08:15:52+00:00","dateModified":"2026-02-24T08:18:51+00:00","description":"D\u00e9couvrez l'histoire de Malek et son grand-p\u00e8re au caf\u00e9 Mnouchi, o\u00f9 les g\u00e9n\u00e9rations se rencontrent dans une ambiance vibrante.","breadcrumb":{"@id":"https:\/\/www.webdo.tn\/fr\/actualite\/everyday-tunisians\/everyday-tunisians-malek-et-son-grand-pere-au-cafe-mnouchi\/393669\/#breadcrumb"},"inLanguage":"fr-FR","potentialAction":[{"@type":"ReadAction","target":["https:\/\/www.webdo.tn\/fr\/actualite\/everyday-tunisians\/everyday-tunisians-malek-et-son-grand-pere-au-cafe-mnouchi\/393669\/"]}]},{"@type":"ImageObject","inLanguage":"fr-FR","@id":"https:\/\/www.webdo.tn\/fr\/actualite\/everyday-tunisians\/everyday-tunisians-malek-et-son-grand-pere-au-cafe-mnouchi\/393669\/#primaryimage","url":"https:\/\/www.webdo.tn\/fr\/wp-content\/uploads\/2026\/02\/Malek.jpeg","contentUrl":"https:\/\/www.webdo.tn\/fr\/wp-content\/uploads\/2026\/02\/Malek.jpeg","width":1203,"height":600,"caption":"Everyday Tunisians : Malek et son grand-p\u00e8re au caf\u00e9 Mnouchi"},{"@type":"BreadcrumbList","@id":"https:\/\/www.webdo.tn\/fr\/actualite\/everyday-tunisians\/everyday-tunisians-malek-et-son-grand-pere-au-cafe-mnouchi\/393669\/#breadcrumb","itemListElement":[{"@type":"ListItem","position":1,"name":"Accueil","item":"https:\/\/www.webdo.tn\/fr\/"},{"@type":"ListItem","position":2,"name":"Everyday Tunisians : Malek et son grand-p\u00e8re au caf\u00e9 Mnouchi"}]},{"@type":"WebSite","@id":"https:\/\/www.webdo.tn\/fr\/#website","url":"https:\/\/www.webdo.tn\/fr\/","name":"webdo","description":"Tunisie - News en Tunisie et \u00e0 l&#039;international sur Webdo.tn","publisher":{"@id":"https:\/\/www.webdo.tn\/fr\/#organization"},"potentialAction":[{"@type":"SearchAction","target":{"@type":"EntryPoint","urlTemplate":"https:\/\/www.webdo.tn\/fr\/?s={search_term_string}"},"query-input":{"@type":"PropertyValueSpecification","valueRequired":true,"valueName":"search_term_string"}}],"inLanguage":"fr-FR"},{"@type":"Organization","@id":"https:\/\/www.webdo.tn\/fr\/#organization","name":"Webdo","alternateName":"Webdo.tn","url":"https:\/\/www.webdo.tn\/fr\/","logo":{"@type":"ImageObject","inLanguage":"fr-FR","@id":"https:\/\/www.webdo.tn\/fr\/#\/schema\/logo\/image\/","url":"https:\/\/www.webdo.tn\/fr\/wp-content\/uploads\/2025\/06\/Webdo-Tunisie_168377.jpg","contentUrl":"https:\/\/www.webdo.tn\/fr\/wp-content\/uploads\/2025\/06\/Webdo-Tunisie_168377.jpg","width":301,"height":301,"caption":"Webdo"},"image":{"@id":"https:\/\/www.webdo.tn\/fr\/#\/schema\/logo\/image\/"},"sameAs":["https:\/\/www.facebook.com\/webdotn","https:\/\/x.com\/webdo_tn"],"description":"Webdo est un m\u00e9dia num\u00e9rique tunisien fond\u00e9 en 2010, sp\u00e9cialis\u00e9 dans l\u2019actualit\u00e9 nationale et internationale, l\u2019\u00e9conomie, la soci\u00e9t\u00e9 et les analyses politiques. Le site s\u2019adresse \u00e0 un large public francophone et couvre l\u2019information tunisienne en temps r\u00e9el.","email":"redac@webdo.tn","legalName":"YNJ SARL","foundingDate":"2010-09-06","numberOfEmployees":{"@type":"QuantitativeValue","minValue":"11","maxValue":"50"}},{"@type":"Person","@id":"https:\/\/www.webdo.tn\/fr\/#\/schema\/person\/6bc0beba2cd23aec27cb5df85ca2554f","name":"Hatem Bourial","image":{"@type":"ImageObject","inLanguage":"fr-FR","@id":"https:\/\/www.webdo.tn\/fr\/wp-content\/uploads\/2026\/04\/hatem-bourial_avatar-96x96.jpg","url":"https:\/\/www.webdo.tn\/fr\/wp-content\/uploads\/2026\/04\/hatem-bourial_avatar-96x96.jpg","contentUrl":"https:\/\/www.webdo.tn\/fr\/wp-content\/uploads\/2026\/04\/hatem-bourial_avatar-96x96.jpg","caption":"Hatem Bourial"},"description":"Hatem Bourial est journaliste, \u00e9crivain et chroniqueur tunisien. Actif depuis plusieurs d\u00e9cennies, il s\u2019est impos\u00e9 comme un observateur attentif de la soci\u00e9t\u00e9 tunisienne, m\u00ealant dans ses \u00e9crits m\u00e9moire, culture et analyse du quotidien. Auteur de nombreux ouvrages, il d\u00e9veloppe une \u0153uvre \u00e0 la crois\u00e9e du r\u00e9cit, de la po\u00e9sie et de l\u2019observation sociologique. Parall\u00e8lement \u00e0 ses contributions dans la presse, il intervient r\u00e9guli\u00e8rement \u00e0 la radio et dans des espaces culturels, o\u00f9 il explore les enjeux li\u00e9s au patrimoine, \u00e0 l\u2019identit\u00e9 et aux transformations du monde contemporain. \u00c0 travers ses chroniques, Hatem Bourial propose une lecture sensible et approfondie de l\u2019actualit\u00e9, nourrie par une exp\u00e9rience journalistique et litt\u00e9raire reconnue. \ud83d\udd17 Facebook : https:\/\/www.facebook.com\/hatem.bourial.2025","sameAs":["https:\/\/www.facebook.com\/hatem.bourial.2025","https:\/\/fr.wikipedia.org\/wiki\/Fichier:Hatem_Bourial.jpg"],"knowsAbout":["Culture & patrimoine tunisien","Chronique soci\u00e9tale","Litt\u00e9rature & m\u00e9moire","Cin\u00e9ma & critique culturelle","Identit\u00e9 & mutations sociales"],"knowsLanguage":["Arabe","Fran\u00e7ais","Anglais","Italien","Polonais"],"jobTitle":"Journaliste, \u00e9crivain et chroniqueur culturel","worksFor":"Webdo","url":"https:\/\/www.webdo.tn\/fr\/actualite\/author\/hatem-bourial-2\/"}]}},"_links":{"self":[{"href":"https:\/\/www.webdo.tn\/fr\/wp-json\/wp\/v2\/posts\/393669","targetHints":{"allow":["GET"]}}],"collection":[{"href":"https:\/\/www.webdo.tn\/fr\/wp-json\/wp\/v2\/posts"}],"about":[{"href":"https:\/\/www.webdo.tn\/fr\/wp-json\/wp\/v2\/types\/post"}],"author":[{"embeddable":true,"href":"https:\/\/www.webdo.tn\/fr\/wp-json\/wp\/v2\/users\/3229"}],"replies":[{"embeddable":true,"href":"https:\/\/www.webdo.tn\/fr\/wp-json\/wp\/v2\/comments?post=393669"}],"version-history":[{"count":0,"href":"https:\/\/www.webdo.tn\/fr\/wp-json\/wp\/v2\/posts\/393669\/revisions"}],"wp:featuredmedia":[{"embeddable":true,"href":"https:\/\/www.webdo.tn\/fr\/wp-json\/wp\/v2\/media\/393670"}],"wp:attachment":[{"href":"https:\/\/www.webdo.tn\/fr\/wp-json\/wp\/v2\/media?parent=393669"}],"wp:term":[{"taxonomy":"category","embeddable":true,"href":"https:\/\/www.webdo.tn\/fr\/wp-json\/wp\/v2\/categories?post=393669"},{"taxonomy":"post_tag","embeddable":true,"href":"https:\/\/www.webdo.tn\/fr\/wp-json\/wp\/v2\/tags?post=393669"}],"curies":[{"name":"wp","href":"https:\/\/api.w.org\/{rel}","templated":true}]}}