{"id":393662,"date":"2026-02-24T09:02:30","date_gmt":"2026-02-24T08:02:30","guid":{"rendered":"https:\/\/www.webdo.tn\/fr\/?p=393662"},"modified":"2026-02-24T09:02:31","modified_gmt":"2026-02-24T08:02:31","slug":"tunisie-automobile-la-revolution-silencieuse-des-voitures-chinoises","status":"publish","type":"post","link":"https:\/\/www.webdo.tn\/fr\/actualite\/edito\/tunisie-automobile-la-revolution-silencieuse-des-voitures-chinoises\/393662\/","title":{"rendered":"Tunisie &#8211; Automobile : La r\u00e9volution silencieuse des voitures chinoises"},"content":{"rendered":"\n<p id=\"h-\"><strong>Le march\u00e9 automobile tunisien conna\u00eet depuis quelques ann\u00e9es un tournant marqu\u00e9 par l\u2019arriv\u00e9e massive de voitures chinoises. Plusieurs marques ont obtenu l\u2019autorisation d\u2019y commercialiser leurs mod\u00e8les, parmi lesquelles Chery, Geely, BYD, Haval, Jetour&#8230; Cette ouverture s\u2019est conjugu\u00e9e \u00e0 une baisse significative des tarifs douaniers sur les v\u00e9hicules \u00e9lectriques et hybrides, une mesure qui a consid\u00e9rablement \u00e9largi l\u2019offre accessible aux consommateurs tunisiens.<\/strong><\/p>\n\n\n\n<p id=\"h-\">En 2025, le march\u00e9 automobile tunisien est en pleine mutation. Les donn\u00e9es officielles montrent que 93.095 v\u00e9hicules neufs ont \u00e9t\u00e9 vendus sur l\u2019ann\u00e9e, une progression claire par rapport aux 79.369 unit\u00e9s enregistr\u00e9es en 2024, ce qui traduit un regain de la demande locale malgr\u00e9 un contexte \u00e9conomique encore fragile. Cette \u00e9volution correspond, entre autres, \u00e0 la mont\u00e9e en puissance de plusieurs constructeurs chinois qui se sont introduits sur le march\u00e9 tunisien ces derni\u00e8res ann\u00e9es.<\/p>\n\n\n\n<p>L\u2019ouverture du march\u00e9 s\u2019est faite dans un contexte de r\u00e9vision des politiques fiscales. Les pouvoirs publics ont abaiss\u00e9 les tarifs douaniers pour les voitures \u00e9lectriques et hybrides et ont ajust\u00e9 la fiscalit\u00e9 pour encourager l\u2019achat de v\u00e9hicules plus propres. Cette mesure a ouvert la porte \u00e0 un afflux de mod\u00e8les chinois, souvent propos\u00e9s avec des technologies modernes \u00e0 des niveaux de prix jug\u00e9s attractifs par une grande partie des acheteurs tunisiens.<\/p>\n\n\n\n<h2 class=\"wp-block-heading\" id=\"h-augmentation-importante-des-ventes\">Augmentation importante des ventes<\/h2>\n\n\n\n<p>Ce ph\u00e9nom\u00e8ne est particuli\u00e8rement visible dans le segment des voitures dites populaires. En 2025, ce segment a connu une augmentation importante des ventes. Sur les huit premiers mois de l\u2019ann\u00e9e, pr\u00e8s de 9138 voitures populaires neuves ont \u00e9t\u00e9 immatricul\u00e9es par les concessionnaires, contre 6\u202f688 \u00e0 la m\u00eame p\u00e9riode en 2024. Une marque chinoise, d\u00e9sormais bien implant\u00e9e, a vendu plus de 2000 unit\u00e9s, d\u00e9montrant une progression significative par rapport \u00e0 l\u2019ann\u00e9e pr\u00e9c\u00e9dente. Ce succ\u00e8s s\u2019explique en grande partie par des prix catalogue oscillant autour de 28.000 \u00e0 35.000 dinars, ce qui les rend accessibles \u00e0 des m\u00e9nages qui h\u00e9sitaient auparavant \u00e0 acheter du neuf.<\/p>\n\n\n\n<p>La valeur esth\u00e9tique et les \u00e9quipements propos\u00e9s jouent aussi un r\u00f4le non n\u00e9gligeable dans l\u2019engouement pour ces v\u00e9hicules. Sur le march\u00e9 tunisien, les acheteurs se laissent s\u00e9duire par des SUV compacts au design moderne ou par des berlines bien dot\u00e9es en options \u00e9lectroniques, proposant souvent des \u00e9crans tactiles larges, des aides \u00e0 la conduite ou des syst\u00e8mes connect\u00e9s qui \u00e9taient auparavant r\u00e9serv\u00e9s \u00e0 des mod\u00e8les de gamme sup\u00e9rieure. Cet attrait esth\u00e9tique se conjugue avec la perception d\u2019un bon rapport qualit\u00e9\u2011prix, facteur d\u00e9terminant dans les d\u00e9cisions d\u2019achat.<\/p>\n\n\n\n<p>L\u2019impact de cette dynamique sur la structuration du march\u00e9 se fait sentir de mani\u00e8re plus globale. Les marques chinoises figurent d\u00e9sormais parmi les plus pr\u00e9sentes dans les catalogues des concessionnaires, et plusieurs d\u2019entre elles performent mieux que certaines marques europ\u00e9ennes historiques sur des segments interm\u00e9diaires. <\/p>\n\n\n\n<p><strong>Lire aussi :<a href=\"https:\/\/www.webdo.tn\/fr\/actualite\/national\/voiture-exoneree-les-concessionnaires-alertent-contre-une-saturation-sans-precedent\/388410\/\"> <\/a><\/strong><a href=\"https:\/\/www.webdo.tn\/fr\/actualite\/national\/voiture-exoneree-les-concessionnaires-alertent-contre-une-saturation-sans-precedent\/388410\/\">\u00ab&nbsp;Voiture exon\u00e9r\u00e9e&nbsp;\u00bb : Les concessionnaires alertent contre une \u00ab&nbsp;saturation&nbsp;\u00bb sans pr\u00e9c\u00e9dent !<\/a><br><\/p>\n\n\n\n<h2 class=\"wp-block-heading\" id=\"h-quel-impact-sur-le-parc-auto\">Quel impact sur le parc auto ? <\/h2>\n\n\n\n<p>Dans le secteur des v\u00e9hicules \u00e9lectriques, m\u00eame si leur part reste encore faible \u2014 avec 539 immatriculations en 2025 \u2014 ce sont majoritairement des mod\u00e8les chinois qui dominent les ventes, ce qui illustre la capacit\u00e9 de ces constructeurs \u00e0 s\u2019adapter rapidement aux nouvelles r\u00e9glementations tunisiennes favorisant les motorisations alternatives. <\/p>\n\n\n\n<p>Cette envol\u00e9e des voitures chinoises n\u2019est pas sans poser des questions quant \u00e0 l\u2019adaptation du parc automobile tunisien. Les infrastructures de recharge \u00e9lectrique demeurent limit\u00e9es, ce qui freine l\u2019adoption plus large de ces motorisations, malgr\u00e9 la comp\u00e9titivit\u00e9 des prix \u00e0 l\u2019achat. Par ailleurs, l\u2019entretien de ces voitures modernes, souvent tr\u00e8s technologiques, n\u00e9cessite des comp\u00e9tences et des ressources qu\u2019il faut encore d\u00e9velopper \u00e0 l\u2019\u00e9chelle nationale. <\/p>\n\n\n\n<p>Les r\u00e9seaux de service apr\u00e8s\u2011vente, la disponibilit\u00e9 des pi\u00e8ces de rechange et la formation des techniciens sont des enjeux concrets qui devront \u00eatre relev\u00e9s si le march\u00e9 veut absorber cette transformation sans cr\u00e9er de d\u00e9s\u00e9quilibres techniques ou \u00e9conomiques.<\/p>\n\n\n\n<h2 class=\"wp-block-heading\" id=\"h-redessiner-le-paysage-automobile-tunisien\"> Redessiner le paysage automobile tunisien <\/h2>\n\n\n\n<p>La croissance des ventes globales, conjugu\u00e9e \u00e0 l\u2019introduction massive de mod\u00e8les chinois, contribue donc \u00e0 redessiner le paysage automobile tunisien en profondeur. Cette tendance traduit une demande forte pour des solutions plus accessibles et technologiquement attractives, tout en posant de r\u00e9els d\u00e9fis en mati\u00e8re d\u2019adaptation des infrastructures et de structuration du parc automobile. <\/p>\n\n\n\n<p>\u00c0 l\u2019heure o\u00f9 les concessions se r\u00e9organisent pour int\u00e9grer ces nouveaux acteurs, la question centrale reste de savoir si l\u2019\u00e9cosyst\u00e8me national \u2014 du consommateur jusqu\u2019au professionnel \u2014 saura accompagner cette mutation de fa\u00e7on durable et efficace.<\/p>\n\n\n\n<p><\/p>\n\n\n\n<p><strong>Lire aussi :<\/strong> <a href=\"https:\/\/www.webdo.tn\/fr\/actualite\/tendances\/byd-hybride-a-115-990-dinars-le-prix-qui-reconfigure-le-marche-automobile\/390744\/\">BYD hybride \u00e0 115.990 dinars : Le prix qui reconfigure le march\u00e9 automobile<\/a><\/p>\n","protected":false},"excerpt":{"rendered":"<p>Le march\u00e9 automobile tunisien conna\u00eet depuis quelques ann\u00e9es un tournant marqu\u00e9 par l\u2019arriv\u00e9e massive de voitures chinoises. Plusieurs marques ont obtenu l\u2019autorisation d\u2019y commercialiser leurs mod\u00e8les, parmi lesquelles Chery, Geely, BYD, Haval, Jetour&#8230; Cette ouverture s\u2019est conjugu\u00e9e \u00e0 une baisse significative des tarifs douaniers sur les v\u00e9hicules \u00e9lectriques et hybrides, une mesure qui a consid\u00e9rablement [&hellip;]<\/p>\n","protected":false},"author":3204,"featured_media":389078,"comment_status":"closed","ping_status":"closed","sticky":false,"template":"","format":"standard","meta":{"footnotes":""},"categories":[2589],"tags":[2694,2608,4873],"class_list":["post-393662","post","type-post","status-publish","format-standard","has-post-thumbnail","hentry","category-edito","tag-chine","tag-tunisie","tag-voiture"],"yoast_head":"<!-- This site is optimized with the Yoast SEO Premium plugin v27.5 (Yoast SEO v27.5) - https:\/\/yoast.com\/product\/yoast-seo-premium-wordpress\/ -->\n<title>Tunisie - Automobile : La r\u00e9volution silencieuse des voitures chinoises - webdo<\/title>\n<meta name=\"description\" content=\"D\u00e9couvrez l&#039;essor des voitures chinoises sur le march\u00e9 tunisien et leur impact sur l&#039;offre automobile locale.\" \/>\n<link rel=\"canonical\" href=\"https:\/\/www.webdo.tn\/fr\/actualite\/edito\/tunisie-automobile-la-revolution-silencieuse-des-voitures-chinoises\/393662\/\" \/>\n<meta property=\"og:locale\" content=\"fr_FR\" \/>\n<meta property=\"og:type\" content=\"article\" \/>\n<meta property=\"og:title\" content=\"Tunisie - Automobile : La r\u00e9volution silencieuse des voitures chinoises\" \/>\n<meta property=\"og:description\" content=\"D\u00e9couvrez l&#039;essor des voitures chinoises sur le march\u00e9 tunisien et leur impact sur l&#039;offre automobile locale.\" \/>\n<meta property=\"og:url\" content=\"https:\/\/www.webdo.tn\/fr\/actualite\/edito\/tunisie-automobile-la-revolution-silencieuse-des-voitures-chinoises\/393662\/\" \/>\n<meta property=\"og:site_name\" content=\"webdo\" \/>\n<meta property=\"article:publisher\" content=\"https:\/\/www.facebook.com\/webdotn\" \/>\n<meta property=\"article:author\" content=\"https:\/\/www.facebook.com\/khalil.jelassi.7\" \/>\n<meta property=\"article:published_time\" content=\"2026-02-24T08:02:30+00:00\" \/>\n<meta property=\"article:modified_time\" content=\"2026-02-24T08:02:31+00:00\" \/>\n<meta property=\"og:image\" content=\"https:\/\/www.webdo.tn\/fr\/wp-content\/uploads\/2025\/12\/voitures.jpg\" \/>\n\t<meta property=\"og:image:width\" content=\"1200\" \/>\n\t<meta property=\"og:image:height\" content=\"598\" \/>\n\t<meta property=\"og:image:type\" content=\"image\/jpeg\" \/>\n<meta name=\"author\" content=\"Khalil JELASSI\" \/>\n<meta name=\"twitter:card\" content=\"summary_large_image\" \/>\n<meta name=\"twitter:creator\" content=\"@webdo_tn\" \/>\n<meta name=\"twitter:site\" content=\"@webdo_tn\" \/>\n<meta name=\"twitter:label1\" content=\"\u00c9crit par\" \/>\n\t<meta name=\"twitter:data1\" content=\"Khalil JELASSI\" \/>\n\t<meta name=\"twitter:label2\" content=\"Dur\u00e9e de lecture estim\u00e9e\" \/>\n\t<meta name=\"twitter:data2\" content=\"4 minutes\" \/>\n<script type=\"application\/ld+json\" class=\"yoast-schema-graph\">{\"@context\":\"https:\\\/\\\/schema.org\",\"@graph\":[{\"@type\":\"NewsArticle\",\"@id\":\"https:\\\/\\\/www.webdo.tn\\\/fr\\\/actualite\\\/edito\\\/tunisie-automobile-la-revolution-silencieuse-des-voitures-chinoises\\\/393662\\\/#article\",\"isPartOf\":{\"@id\":\"https:\\\/\\\/www.webdo.tn\\\/fr\\\/actualite\\\/edito\\\/tunisie-automobile-la-revolution-silencieuse-des-voitures-chinoises\\\/393662\\\/\"},\"author\":{\"name\":\"Khalil JELASSI\",\"@id\":\"https:\\\/\\\/www.webdo.tn\\\/fr\\\/#\\\/schema\\\/person\\\/5fb2f8f3d4ef4fd1d129927fd4b020ff\"},\"headline\":\"Tunisie &#8211; Automobile : La r\u00e9volution silencieuse des voitures chinoises\",\"datePublished\":\"2026-02-24T08:02:30+00:00\",\"dateModified\":\"2026-02-24T08:02:31+00:00\",\"mainEntityOfPage\":{\"@id\":\"https:\\\/\\\/www.webdo.tn\\\/fr\\\/actualite\\\/edito\\\/tunisie-automobile-la-revolution-silencieuse-des-voitures-chinoises\\\/393662\\\/\"},\"wordCount\":820,\"publisher\":{\"@id\":\"https:\\\/\\\/www.webdo.tn\\\/fr\\\/#organization\"},\"image\":{\"@id\":\"https:\\\/\\\/www.webdo.tn\\\/fr\\\/actualite\\\/edito\\\/tunisie-automobile-la-revolution-silencieuse-des-voitures-chinoises\\\/393662\\\/#primaryimage\"},\"thumbnailUrl\":\"https:\\\/\\\/www.webdo.tn\\\/fr\\\/wp-content\\\/uploads\\\/2025\\\/12\\\/voitures.jpg\",\"keywords\":[\"chine\",\"Tunisie\",\"voiture\"],\"articleSection\":[\"Edito\"],\"inLanguage\":\"fr-FR\"},{\"@type\":\"WebPage\",\"@id\":\"https:\\\/\\\/www.webdo.tn\\\/fr\\\/actualite\\\/edito\\\/tunisie-automobile-la-revolution-silencieuse-des-voitures-chinoises\\\/393662\\\/\",\"url\":\"https:\\\/\\\/www.webdo.tn\\\/fr\\\/actualite\\\/edito\\\/tunisie-automobile-la-revolution-silencieuse-des-voitures-chinoises\\\/393662\\\/\",\"name\":\"Tunisie - Automobile : La r\u00e9volution silencieuse des voitures chinoises - webdo\",\"isPartOf\":{\"@id\":\"https:\\\/\\\/www.webdo.tn\\\/fr\\\/#website\"},\"primaryImageOfPage\":{\"@id\":\"https:\\\/\\\/www.webdo.tn\\\/fr\\\/actualite\\\/edito\\\/tunisie-automobile-la-revolution-silencieuse-des-voitures-chinoises\\\/393662\\\/#primaryimage\"},\"image\":{\"@id\":\"https:\\\/\\\/www.webdo.tn\\\/fr\\\/actualite\\\/edito\\\/tunisie-automobile-la-revolution-silencieuse-des-voitures-chinoises\\\/393662\\\/#primaryimage\"},\"thumbnailUrl\":\"https:\\\/\\\/www.webdo.tn\\\/fr\\\/wp-content\\\/uploads\\\/2025\\\/12\\\/voitures.jpg\",\"datePublished\":\"2026-02-24T08:02:30+00:00\",\"dateModified\":\"2026-02-24T08:02:31+00:00\",\"description\":\"D\u00e9couvrez l'essor des voitures chinoises sur le march\u00e9 tunisien et leur impact sur l'offre automobile locale.\",\"breadcrumb\":{\"@id\":\"https:\\\/\\\/www.webdo.tn\\\/fr\\\/actualite\\\/edito\\\/tunisie-automobile-la-revolution-silencieuse-des-voitures-chinoises\\\/393662\\\/#breadcrumb\"},\"inLanguage\":\"fr-FR\",\"potentialAction\":[{\"@type\":\"ReadAction\",\"target\":[\"https:\\\/\\\/www.webdo.tn\\\/fr\\\/actualite\\\/edito\\\/tunisie-automobile-la-revolution-silencieuse-des-voitures-chinoises\\\/393662\\\/\"]}]},{\"@type\":\"ImageObject\",\"inLanguage\":\"fr-FR\",\"@id\":\"https:\\\/\\\/www.webdo.tn\\\/fr\\\/actualite\\\/edito\\\/tunisie-automobile-la-revolution-silencieuse-des-voitures-chinoises\\\/393662\\\/#primaryimage\",\"url\":\"https:\\\/\\\/www.webdo.tn\\\/fr\\\/wp-content\\\/uploads\\\/2025\\\/12\\\/voitures.jpg\",\"contentUrl\":\"https:\\\/\\\/www.webdo.tn\\\/fr\\\/wp-content\\\/uploads\\\/2025\\\/12\\\/voitures.jpg\",\"width\":1200,\"height\":598,\"caption\":\"Prix des voitures en Tunisie : Un mur infranchissable pour les acheteurs\"},{\"@type\":\"BreadcrumbList\",\"@id\":\"https:\\\/\\\/www.webdo.tn\\\/fr\\\/actualite\\\/edito\\\/tunisie-automobile-la-revolution-silencieuse-des-voitures-chinoises\\\/393662\\\/#breadcrumb\",\"itemListElement\":[{\"@type\":\"ListItem\",\"position\":1,\"name\":\"Accueil\",\"item\":\"https:\\\/\\\/www.webdo.tn\\\/fr\\\/\"},{\"@type\":\"ListItem\",\"position\":2,\"name\":\"Tunisie &#8211; Automobile : La r\u00e9volution silencieuse des voitures chinoises\"}]},{\"@type\":\"WebSite\",\"@id\":\"https:\\\/\\\/www.webdo.tn\\\/fr\\\/#website\",\"url\":\"https:\\\/\\\/www.webdo.tn\\\/fr\\\/\",\"name\":\"webdo\",\"description\":\"Tunisie - News en Tunisie et \u00e0 l&#039;international sur Webdo.tn\",\"publisher\":{\"@id\":\"https:\\\/\\\/www.webdo.tn\\\/fr\\\/#organization\"},\"potentialAction\":[{\"@type\":\"SearchAction\",\"target\":{\"@type\":\"EntryPoint\",\"urlTemplate\":\"https:\\\/\\\/www.webdo.tn\\\/fr\\\/?s={search_term_string}\"},\"query-input\":{\"@type\":\"PropertyValueSpecification\",\"valueRequired\":true,\"valueName\":\"search_term_string\"}}],\"inLanguage\":\"fr-FR\"},{\"@type\":\"Organization\",\"@id\":\"https:\\\/\\\/www.webdo.tn\\\/fr\\\/#organization\",\"name\":\"Webdo\",\"alternateName\":\"Webdo.tn\",\"url\":\"https:\\\/\\\/www.webdo.tn\\\/fr\\\/\",\"logo\":{\"@type\":\"ImageObject\",\"inLanguage\":\"fr-FR\",\"@id\":\"https:\\\/\\\/www.webdo.tn\\\/fr\\\/#\\\/schema\\\/logo\\\/image\\\/\",\"url\":\"https:\\\/\\\/www.webdo.tn\\\/fr\\\/wp-content\\\/uploads\\\/2025\\\/06\\\/Webdo-Tunisie_168377.jpg\",\"contentUrl\":\"https:\\\/\\\/www.webdo.tn\\\/fr\\\/wp-content\\\/uploads\\\/2025\\\/06\\\/Webdo-Tunisie_168377.jpg\",\"width\":301,\"height\":301,\"caption\":\"Webdo\"},\"image\":{\"@id\":\"https:\\\/\\\/www.webdo.tn\\\/fr\\\/#\\\/schema\\\/logo\\\/image\\\/\"},\"sameAs\":[\"https:\\\/\\\/www.facebook.com\\\/webdotn\",\"https:\\\/\\\/x.com\\\/webdo_tn\"],\"description\":\"Webdo est un m\u00e9dia num\u00e9rique tunisien fond\u00e9 en 2010, sp\u00e9cialis\u00e9 dans l\u2019actualit\u00e9 nationale et internationale, l\u2019\u00e9conomie, la soci\u00e9t\u00e9 et les analyses politiques. Le site s\u2019adresse \u00e0 un large public francophone et couvre l\u2019information tunisienne en temps r\u00e9el.\",\"email\":\"redac@webdo.tn\",\"legalName\":\"YNJ SARL\",\"foundingDate\":\"2010-09-06\",\"numberOfEmployees\":{\"@type\":\"QuantitativeValue\",\"minValue\":\"11\",\"maxValue\":\"50\"}},{\"@type\":\"Person\",\"@id\":\"https:\\\/\\\/www.webdo.tn\\\/fr\\\/#\\\/schema\\\/person\\\/5fb2f8f3d4ef4fd1d129927fd4b020ff\",\"name\":\"Khalil JELASSI\",\"image\":{\"@type\":\"ImageObject\",\"inLanguage\":\"fr-FR\",\"@id\":\"https:\\\/\\\/www.webdo.tn\\\/fr\\\/wp-content\\\/uploads\\\/2026\\\/04\\\/khalil-jelassi_avatar-96x96.jpg\",\"url\":\"https:\\\/\\\/www.webdo.tn\\\/fr\\\/wp-content\\\/uploads\\\/2026\\\/04\\\/khalil-jelassi_avatar-96x96.jpg\",\"contentUrl\":\"https:\\\/\\\/www.webdo.tn\\\/fr\\\/wp-content\\\/uploads\\\/2026\\\/04\\\/khalil-jelassi_avatar-96x96.jpg\",\"caption\":\"Khalil JELASSI\"},\"description\":\"Khalil Jelassi est journaliste, ma\u00eetre-assistant \u00e0 l\u2019Institut de presse et des sciences de l\u2019information (IPSI) et chercheur en sciences de l\u2019information et de la communication. Sp\u00e9cialiste des m\u00e9dias, des pratiques journalistiques et des mutations de l\u2019information, il s\u2019int\u00e9resse particuli\u00e8rement aux transformations du paysage m\u00e9diatique, aux enjeux num\u00e9riques et aux dynamiques de production de l\u2019information. \u00c0 travers ses contributions, il propose une lecture analytique de l\u2019actualit\u00e9, en croisant approche acad\u00e9mique et exp\u00e9rience journalistique. \ud83d\udd17 Facebook : https:\\\/\\\/www.facebook.com\\\/khalil.jelassi.7\",\"sameAs\":[\"https:\\\/\\\/www.facebook.com\\\/khalil.jelassi.7\"],\"knowsAbout\":[\"journalisme\",\"m\u00e9dias\",\"communication\",\"sciences de l'information\",\"transformation num\u00e9rique\",\"analyse des m\u00e9dias\"],\"knowsLanguage\":[\"Fran\u00e7ais\",\"Arabe\",\"Anglais\"],\"jobTitle\":\"Ma\u00eetre-assistant et journaliste\",\"worksFor\":\"IPSI \u2013 Institut de presse et des sciences de l'information\",\"url\":\"https:\\\/\\\/www.webdo.tn\\\/fr\\\/actualite\\\/author\\\/khalil-jelassi\\\/\"}]}<\/script>\n<!-- \/ Yoast SEO Premium plugin. -->","yoast_head_json":{"title":"Tunisie - Automobile : La r\u00e9volution silencieuse des voitures chinoises - webdo","description":"D\u00e9couvrez l'essor des voitures chinoises sur le march\u00e9 tunisien et leur impact sur l'offre automobile locale.","canonical":"https:\/\/www.webdo.tn\/fr\/actualite\/edito\/tunisie-automobile-la-revolution-silencieuse-des-voitures-chinoises\/393662\/","og_locale":"fr_FR","og_type":"article","og_title":"Tunisie - Automobile : La r\u00e9volution silencieuse des voitures chinoises","og_description":"D\u00e9couvrez l'essor des voitures chinoises sur le march\u00e9 tunisien et leur impact sur l'offre automobile locale.","og_url":"https:\/\/www.webdo.tn\/fr\/actualite\/edito\/tunisie-automobile-la-revolution-silencieuse-des-voitures-chinoises\/393662\/","og_site_name":"webdo","article_publisher":"https:\/\/www.facebook.com\/webdotn","article_author":"https:\/\/www.facebook.com\/khalil.jelassi.7","article_published_time":"2026-02-24T08:02:30+00:00","article_modified_time":"2026-02-24T08:02:31+00:00","og_image":[{"width":1200,"height":598,"url":"https:\/\/www.webdo.tn\/fr\/wp-content\/uploads\/2025\/12\/voitures.jpg","type":"image\/jpeg"}],"author":"Khalil JELASSI","twitter_card":"summary_large_image","twitter_creator":"@webdo_tn","twitter_site":"@webdo_tn","twitter_misc":{"\u00c9crit par":"Khalil JELASSI","Dur\u00e9e de lecture estim\u00e9e":"4 minutes"},"schema":{"@context":"https:\/\/schema.org","@graph":[{"@type":"NewsArticle","@id":"https:\/\/www.webdo.tn\/fr\/actualite\/edito\/tunisie-automobile-la-revolution-silencieuse-des-voitures-chinoises\/393662\/#article","isPartOf":{"@id":"https:\/\/www.webdo.tn\/fr\/actualite\/edito\/tunisie-automobile-la-revolution-silencieuse-des-voitures-chinoises\/393662\/"},"author":{"name":"Khalil JELASSI","@id":"https:\/\/www.webdo.tn\/fr\/#\/schema\/person\/5fb2f8f3d4ef4fd1d129927fd4b020ff"},"headline":"Tunisie &#8211; Automobile : La r\u00e9volution silencieuse des voitures chinoises","datePublished":"2026-02-24T08:02:30+00:00","dateModified":"2026-02-24T08:02:31+00:00","mainEntityOfPage":{"@id":"https:\/\/www.webdo.tn\/fr\/actualite\/edito\/tunisie-automobile-la-revolution-silencieuse-des-voitures-chinoises\/393662\/"},"wordCount":820,"publisher":{"@id":"https:\/\/www.webdo.tn\/fr\/#organization"},"image":{"@id":"https:\/\/www.webdo.tn\/fr\/actualite\/edito\/tunisie-automobile-la-revolution-silencieuse-des-voitures-chinoises\/393662\/#primaryimage"},"thumbnailUrl":"https:\/\/www.webdo.tn\/fr\/wp-content\/uploads\/2025\/12\/voitures.jpg","keywords":["chine","Tunisie","voiture"],"articleSection":["Edito"],"inLanguage":"fr-FR"},{"@type":"WebPage","@id":"https:\/\/www.webdo.tn\/fr\/actualite\/edito\/tunisie-automobile-la-revolution-silencieuse-des-voitures-chinoises\/393662\/","url":"https:\/\/www.webdo.tn\/fr\/actualite\/edito\/tunisie-automobile-la-revolution-silencieuse-des-voitures-chinoises\/393662\/","name":"Tunisie - Automobile : La r\u00e9volution silencieuse des voitures chinoises - webdo","isPartOf":{"@id":"https:\/\/www.webdo.tn\/fr\/#website"},"primaryImageOfPage":{"@id":"https:\/\/www.webdo.tn\/fr\/actualite\/edito\/tunisie-automobile-la-revolution-silencieuse-des-voitures-chinoises\/393662\/#primaryimage"},"image":{"@id":"https:\/\/www.webdo.tn\/fr\/actualite\/edito\/tunisie-automobile-la-revolution-silencieuse-des-voitures-chinoises\/393662\/#primaryimage"},"thumbnailUrl":"https:\/\/www.webdo.tn\/fr\/wp-content\/uploads\/2025\/12\/voitures.jpg","datePublished":"2026-02-24T08:02:30+00:00","dateModified":"2026-02-24T08:02:31+00:00","description":"D\u00e9couvrez l'essor des voitures chinoises sur le march\u00e9 tunisien et leur impact sur l'offre automobile locale.","breadcrumb":{"@id":"https:\/\/www.webdo.tn\/fr\/actualite\/edito\/tunisie-automobile-la-revolution-silencieuse-des-voitures-chinoises\/393662\/#breadcrumb"},"inLanguage":"fr-FR","potentialAction":[{"@type":"ReadAction","target":["https:\/\/www.webdo.tn\/fr\/actualite\/edito\/tunisie-automobile-la-revolution-silencieuse-des-voitures-chinoises\/393662\/"]}]},{"@type":"ImageObject","inLanguage":"fr-FR","@id":"https:\/\/www.webdo.tn\/fr\/actualite\/edito\/tunisie-automobile-la-revolution-silencieuse-des-voitures-chinoises\/393662\/#primaryimage","url":"https:\/\/www.webdo.tn\/fr\/wp-content\/uploads\/2025\/12\/voitures.jpg","contentUrl":"https:\/\/www.webdo.tn\/fr\/wp-content\/uploads\/2025\/12\/voitures.jpg","width":1200,"height":598,"caption":"Prix des voitures en Tunisie : Un mur infranchissable pour les acheteurs"},{"@type":"BreadcrumbList","@id":"https:\/\/www.webdo.tn\/fr\/actualite\/edito\/tunisie-automobile-la-revolution-silencieuse-des-voitures-chinoises\/393662\/#breadcrumb","itemListElement":[{"@type":"ListItem","position":1,"name":"Accueil","item":"https:\/\/www.webdo.tn\/fr\/"},{"@type":"ListItem","position":2,"name":"Tunisie &#8211; Automobile : La r\u00e9volution silencieuse des voitures chinoises"}]},{"@type":"WebSite","@id":"https:\/\/www.webdo.tn\/fr\/#website","url":"https:\/\/www.webdo.tn\/fr\/","name":"webdo","description":"Tunisie - News en Tunisie et \u00e0 l&#039;international sur Webdo.tn","publisher":{"@id":"https:\/\/www.webdo.tn\/fr\/#organization"},"potentialAction":[{"@type":"SearchAction","target":{"@type":"EntryPoint","urlTemplate":"https:\/\/www.webdo.tn\/fr\/?s={search_term_string}"},"query-input":{"@type":"PropertyValueSpecification","valueRequired":true,"valueName":"search_term_string"}}],"inLanguage":"fr-FR"},{"@type":"Organization","@id":"https:\/\/www.webdo.tn\/fr\/#organization","name":"Webdo","alternateName":"Webdo.tn","url":"https:\/\/www.webdo.tn\/fr\/","logo":{"@type":"ImageObject","inLanguage":"fr-FR","@id":"https:\/\/www.webdo.tn\/fr\/#\/schema\/logo\/image\/","url":"https:\/\/www.webdo.tn\/fr\/wp-content\/uploads\/2025\/06\/Webdo-Tunisie_168377.jpg","contentUrl":"https:\/\/www.webdo.tn\/fr\/wp-content\/uploads\/2025\/06\/Webdo-Tunisie_168377.jpg","width":301,"height":301,"caption":"Webdo"},"image":{"@id":"https:\/\/www.webdo.tn\/fr\/#\/schema\/logo\/image\/"},"sameAs":["https:\/\/www.facebook.com\/webdotn","https:\/\/x.com\/webdo_tn"],"description":"Webdo est un m\u00e9dia num\u00e9rique tunisien fond\u00e9 en 2010, sp\u00e9cialis\u00e9 dans l\u2019actualit\u00e9 nationale et internationale, l\u2019\u00e9conomie, la soci\u00e9t\u00e9 et les analyses politiques. Le site s\u2019adresse \u00e0 un large public francophone et couvre l\u2019information tunisienne en temps r\u00e9el.","email":"redac@webdo.tn","legalName":"YNJ SARL","foundingDate":"2010-09-06","numberOfEmployees":{"@type":"QuantitativeValue","minValue":"11","maxValue":"50"}},{"@type":"Person","@id":"https:\/\/www.webdo.tn\/fr\/#\/schema\/person\/5fb2f8f3d4ef4fd1d129927fd4b020ff","name":"Khalil JELASSI","image":{"@type":"ImageObject","inLanguage":"fr-FR","@id":"https:\/\/www.webdo.tn\/fr\/wp-content\/uploads\/2026\/04\/khalil-jelassi_avatar-96x96.jpg","url":"https:\/\/www.webdo.tn\/fr\/wp-content\/uploads\/2026\/04\/khalil-jelassi_avatar-96x96.jpg","contentUrl":"https:\/\/www.webdo.tn\/fr\/wp-content\/uploads\/2026\/04\/khalil-jelassi_avatar-96x96.jpg","caption":"Khalil JELASSI"},"description":"Khalil Jelassi est journaliste, ma\u00eetre-assistant \u00e0 l\u2019Institut de presse et des sciences de l\u2019information (IPSI) et chercheur en sciences de l\u2019information et de la communication. Sp\u00e9cialiste des m\u00e9dias, des pratiques journalistiques et des mutations de l\u2019information, il s\u2019int\u00e9resse particuli\u00e8rement aux transformations du paysage m\u00e9diatique, aux enjeux num\u00e9riques et aux dynamiques de production de l\u2019information. \u00c0 travers ses contributions, il propose une lecture analytique de l\u2019actualit\u00e9, en croisant approche acad\u00e9mique et exp\u00e9rience journalistique. \ud83d\udd17 Facebook : https:\/\/www.facebook.com\/khalil.jelassi.7","sameAs":["https:\/\/www.facebook.com\/khalil.jelassi.7"],"knowsAbout":["journalisme","m\u00e9dias","communication","sciences de l'information","transformation num\u00e9rique","analyse des m\u00e9dias"],"knowsLanguage":["Fran\u00e7ais","Arabe","Anglais"],"jobTitle":"Ma\u00eetre-assistant et journaliste","worksFor":"IPSI \u2013 Institut de presse et des sciences de l'information","url":"https:\/\/www.webdo.tn\/fr\/actualite\/author\/khalil-jelassi\/"}]}},"_links":{"self":[{"href":"https:\/\/www.webdo.tn\/fr\/wp-json\/wp\/v2\/posts\/393662","targetHints":{"allow":["GET"]}}],"collection":[{"href":"https:\/\/www.webdo.tn\/fr\/wp-json\/wp\/v2\/posts"}],"about":[{"href":"https:\/\/www.webdo.tn\/fr\/wp-json\/wp\/v2\/types\/post"}],"author":[{"embeddable":true,"href":"https:\/\/www.webdo.tn\/fr\/wp-json\/wp\/v2\/users\/3204"}],"replies":[{"embeddable":true,"href":"https:\/\/www.webdo.tn\/fr\/wp-json\/wp\/v2\/comments?post=393662"}],"version-history":[{"count":0,"href":"https:\/\/www.webdo.tn\/fr\/wp-json\/wp\/v2\/posts\/393662\/revisions"}],"wp:featuredmedia":[{"embeddable":true,"href":"https:\/\/www.webdo.tn\/fr\/wp-json\/wp\/v2\/media\/389078"}],"wp:attachment":[{"href":"https:\/\/www.webdo.tn\/fr\/wp-json\/wp\/v2\/media?parent=393662"}],"wp:term":[{"taxonomy":"category","embeddable":true,"href":"https:\/\/www.webdo.tn\/fr\/wp-json\/wp\/v2\/categories?post=393662"},{"taxonomy":"post_tag","embeddable":true,"href":"https:\/\/www.webdo.tn\/fr\/wp-json\/wp\/v2\/tags?post=393662"}],"curies":[{"name":"wp","href":"https:\/\/api.w.org\/{rel}","templated":true}]}}