{"id":393650,"date":"2026-02-23T19:02:58","date_gmt":"2026-02-23T18:02:58","guid":{"rendered":"https:\/\/www.webdo.tn\/fr\/?p=393650"},"modified":"2026-02-23T19:02:59","modified_gmt":"2026-02-23T18:02:59","slug":"valozit-la-municipalite-de-tunis-veut-valoriser-les-huiles-usagees","status":"publish","type":"post","link":"https:\/\/www.webdo.tn\/fr\/actualite\/national\/valozit-la-municipalite-de-tunis-veut-valoriser-les-huiles-usagees\/393650\/","title":{"rendered":"ValoZit : La municipalit\u00e9 de Tunis veut valoriser les huiles usag\u00e9es"},"content":{"rendered":"\n<p><strong>La municipalit\u00e9 de Tunis renforce son engagement en faveur de l\u2019environnement et de l\u2019\u00e9conomie circulaire. La charg\u00e9e de la gestion de la Ville, Samar Deldoul, a tenu lundi, au palais municipal de la Kasbah, une r\u00e9union de travail avec des repr\u00e9sentants de l\u2019association \u00ab Pour une Tunisie propre \u00bb et de la soci\u00e9t\u00e9 tunisienne Biodex, sp\u00e9cialis\u00e9e dans la collecte et le traitement des huiles alimentaires usag\u00e9es en vue de leur transformation en biocarburant (biodiesel).<\/strong><\/p>\n\n\n\n<p>Selon un communiqu\u00e9 de la municipalit\u00e9, cette rencontre s\u2019inscrit dans le cadre de l\u2019adh\u00e9sion active au programme national Programme ValoZit, supervis\u00e9 par l\u2019Agence nationale de gestion des d\u00e9chets (ANGED). Ce dispositif vise \u00e0 organiser la collecte des huiles alimentaires usag\u00e9es aupr\u00e8s des m\u00e9nages, \u00e0 \u00e9viter leur rejet dans la nature ou leur d\u00e9versement dans les r\u00e9seaux d\u2019assainissement, et \u00e0 les int\u00e9grer dans une fili\u00e8re de valorisation \u00e9nerg\u00e9tique.<\/p>\n\n\n\n<h2 class=\"wp-block-heading\" id=\"h-50-000-tonnes-d-huiles-alimentaires-usagees\">50 000 tonnes d\u2019huiles alimentaires usag\u00e9es<\/h2>\n\n\n\n<p>Les autorit\u00e9s locales soulignent que la Tunisie gaspille chaque ann\u00e9e plus de 50 000 tonnes d\u2019huiles alimentaires usag\u00e9es. Outre la perte \u00e9conomique que repr\u00e9sente l\u2019absence de valorisation, ces rejets provoquent une pollution significative et l\u2019obstruction des canalisations, ph\u00e9nom\u00e8ne particuli\u00e8rement accentu\u00e9 durant le mois de Ramadan, marqu\u00e9 par une hausse notable de la consommation d\u2019huiles de cuisson.<\/p>\n\n\n\n<p>\u00c0 travers ce partenariat, la municipalit\u00e9 entend encourager les citoyens \u00e0 adopter des pratiques responsables, tout en consolidant une cha\u00eene de valeur \u00e9cologique capable de transformer un d\u00e9chet domestique en ressource \u00e9nerg\u00e9tique. L\u2019initiative traduit ainsi une volont\u00e9 de concilier protection de l\u2019environnement, efficacit\u00e9 des services urbains et transition vers des solutions durables.<\/p>\n\n\n\n<p><\/p>\n\n\n\n<blockquote class=\"wp-block-quote is-layout-flow wp-block-quote-is-layout-flow\">\n<blockquote class=\"wp-block-quote is-layout-flow wp-block-quote-is-layout-flow\">\n<p><strong>Lire aussi : <\/strong><a href=\"https:\/\/www.webdo.tn\/fr\/actualite\/national\/tunisie-le-systeme-eco-lef-menace-60-md-de-pertes-liees-a-la-pollution-plastique\/221671\/\">Tunisie : Le syst\u00e8me ECO-LEF menac\u00e9, 60 MD de pertes li\u00e9es \u00e0 la pollution plastique<\/a><\/p>\n<\/blockquote>\n<\/blockquote>\n\n\n\n<p><\/p>\n","protected":false},"excerpt":{"rendered":"<p>La municipalit\u00e9 de Tunis renforce son engagement en faveur de l\u2019environnement et de l\u2019\u00e9conomie circulaire. La charg\u00e9e de la gestion de la Ville, Samar Deldoul, a tenu lundi, au palais municipal de la Kasbah, une r\u00e9union de travail avec des repr\u00e9sentants de l\u2019association \u00ab Pour une Tunisie propre \u00bb et de la soci\u00e9t\u00e9 tunisienne Biodex, [&hellip;]<\/p>\n","protected":false},"author":3184,"featured_media":393651,"comment_status":"closed","ping_status":"closed","sticky":false,"template":"","format":"standard","meta":{"footnotes":""},"categories":[44],"tags":[2882,3753,2608],"class_list":["post-393650","post","type-post","status-publish","format-standard","has-post-thumbnail","hentry","category-national","tag-environnement","tag-huile","tag-tunisie"],"yoast_head":"<!-- This site is optimized with the Yoast SEO Premium plugin v27.5 (Yoast SEO v27.5) - https:\/\/yoast.com\/product\/yoast-seo-premium-wordpress\/ -->\n<title>ValoZit : La municipalit\u00e9 de Tunis veut valoriser les huiles usag\u00e9es - webdo<\/title>\n<meta name=\"description\" content=\"D\u00e9couvrez comment l&#039;initiative des huiles \u00e0 Tunis transforme les d\u00e9chets alimentaires en biocarburant \u00e9cologique.\" \/>\n<link rel=\"canonical\" href=\"https:\/\/www.webdo.tn\/fr\/actualite\/national\/valozit-la-municipalite-de-tunis-veut-valoriser-les-huiles-usagees\/393650\/\" \/>\n<meta property=\"og:locale\" content=\"fr_FR\" \/>\n<meta property=\"og:type\" content=\"article\" \/>\n<meta property=\"og:title\" content=\"ValoZit : La municipalit\u00e9 de Tunis veut valoriser les huiles usag\u00e9es\" \/>\n<meta property=\"og:description\" content=\"D\u00e9couvrez comment l&#039;initiative des huiles \u00e0 Tunis transforme les d\u00e9chets alimentaires en biocarburant \u00e9cologique.\" \/>\n<meta property=\"og:url\" content=\"https:\/\/www.webdo.tn\/fr\/actualite\/national\/valozit-la-municipalite-de-tunis-veut-valoriser-les-huiles-usagees\/393650\/\" \/>\n<meta property=\"og:site_name\" content=\"webdo\" \/>\n<meta property=\"article:publisher\" content=\"https:\/\/www.facebook.com\/webdotn\" \/>\n<meta property=\"article:published_time\" content=\"2026-02-23T18:02:58+00:00\" \/>\n<meta property=\"article:modified_time\" content=\"2026-02-23T18:02:59+00:00\" \/>\n<meta property=\"og:image\" content=\"https:\/\/www.webdo.tn\/fr\/wp-content\/uploads\/2026\/02\/Tunis-municipalite.jpg\" \/>\n\t<meta property=\"og:image:width\" content=\"1200\" \/>\n\t<meta property=\"og:image:height\" content=\"601\" \/>\n\t<meta property=\"og:image:type\" content=\"image\/jpeg\" \/>\n<meta name=\"author\" content=\"Wided Belhaj\" \/>\n<meta name=\"twitter:card\" content=\"summary_large_image\" \/>\n<meta name=\"twitter:creator\" content=\"@webdo_tn\" \/>\n<meta name=\"twitter:site\" content=\"@webdo_tn\" \/>\n<meta name=\"twitter:label1\" content=\"\u00c9crit par\" \/>\n\t<meta name=\"twitter:data1\" content=\"Wided Belhaj\" \/>\n\t<meta name=\"twitter:label2\" content=\"Dur\u00e9e de lecture estim\u00e9e\" \/>\n\t<meta name=\"twitter:data2\" content=\"2 minutes\" \/>\n<script type=\"application\/ld+json\" class=\"yoast-schema-graph\">{\"@context\":\"https:\\\/\\\/schema.org\",\"@graph\":[{\"@type\":\"NewsArticle\",\"@id\":\"https:\\\/\\\/www.webdo.tn\\\/fr\\\/actualite\\\/national\\\/valozit-la-municipalite-de-tunis-veut-valoriser-les-huiles-usagees\\\/393650\\\/#article\",\"isPartOf\":{\"@id\":\"https:\\\/\\\/www.webdo.tn\\\/fr\\\/actualite\\\/national\\\/valozit-la-municipalite-de-tunis-veut-valoriser-les-huiles-usagees\\\/393650\\\/\"},\"author\":{\"name\":\"Wided Belhaj\",\"@id\":\"https:\\\/\\\/www.webdo.tn\\\/fr\\\/#\\\/schema\\\/person\\\/b9ecde7a5574cb4fcf4b496ea5fadb15\"},\"headline\":\"ValoZit : La municipalit\u00e9 de Tunis veut valoriser les huiles usag\u00e9es\",\"datePublished\":\"2026-02-23T18:02:58+00:00\",\"dateModified\":\"2026-02-23T18:02:59+00:00\",\"mainEntityOfPage\":{\"@id\":\"https:\\\/\\\/www.webdo.tn\\\/fr\\\/actualite\\\/national\\\/valozit-la-municipalite-de-tunis-veut-valoriser-les-huiles-usagees\\\/393650\\\/\"},\"wordCount\":313,\"publisher\":{\"@id\":\"https:\\\/\\\/www.webdo.tn\\\/fr\\\/#organization\"},\"image\":{\"@id\":\"https:\\\/\\\/www.webdo.tn\\\/fr\\\/actualite\\\/national\\\/valozit-la-municipalite-de-tunis-veut-valoriser-les-huiles-usagees\\\/393650\\\/#primaryimage\"},\"thumbnailUrl\":\"https:\\\/\\\/www.webdo.tn\\\/fr\\\/wp-content\\\/uploads\\\/2026\\\/02\\\/Tunis-municipalite.jpg\",\"keywords\":[\"environnement\",\"huile\",\"Tunisie\"],\"articleSection\":[\"National\"],\"inLanguage\":\"fr-FR\"},{\"@type\":\"WebPage\",\"@id\":\"https:\\\/\\\/www.webdo.tn\\\/fr\\\/actualite\\\/national\\\/valozit-la-municipalite-de-tunis-veut-valoriser-les-huiles-usagees\\\/393650\\\/\",\"url\":\"https:\\\/\\\/www.webdo.tn\\\/fr\\\/actualite\\\/national\\\/valozit-la-municipalite-de-tunis-veut-valoriser-les-huiles-usagees\\\/393650\\\/\",\"name\":\"ValoZit : La municipalit\u00e9 de Tunis veut valoriser les huiles usag\u00e9es - webdo\",\"isPartOf\":{\"@id\":\"https:\\\/\\\/www.webdo.tn\\\/fr\\\/#website\"},\"primaryImageOfPage\":{\"@id\":\"https:\\\/\\\/www.webdo.tn\\\/fr\\\/actualite\\\/national\\\/valozit-la-municipalite-de-tunis-veut-valoriser-les-huiles-usagees\\\/393650\\\/#primaryimage\"},\"image\":{\"@id\":\"https:\\\/\\\/www.webdo.tn\\\/fr\\\/actualite\\\/national\\\/valozit-la-municipalite-de-tunis-veut-valoriser-les-huiles-usagees\\\/393650\\\/#primaryimage\"},\"thumbnailUrl\":\"https:\\\/\\\/www.webdo.tn\\\/fr\\\/wp-content\\\/uploads\\\/2026\\\/02\\\/Tunis-municipalite.jpg\",\"datePublished\":\"2026-02-23T18:02:58+00:00\",\"dateModified\":\"2026-02-23T18:02:59+00:00\",\"description\":\"D\u00e9couvrez comment l'initiative des huiles \u00e0 Tunis transforme les d\u00e9chets alimentaires en biocarburant \u00e9cologique.\",\"breadcrumb\":{\"@id\":\"https:\\\/\\\/www.webdo.tn\\\/fr\\\/actualite\\\/national\\\/valozit-la-municipalite-de-tunis-veut-valoriser-les-huiles-usagees\\\/393650\\\/#breadcrumb\"},\"inLanguage\":\"fr-FR\",\"potentialAction\":[{\"@type\":\"ReadAction\",\"target\":[\"https:\\\/\\\/www.webdo.tn\\\/fr\\\/actualite\\\/national\\\/valozit-la-municipalite-de-tunis-veut-valoriser-les-huiles-usagees\\\/393650\\\/\"]}]},{\"@type\":\"ImageObject\",\"inLanguage\":\"fr-FR\",\"@id\":\"https:\\\/\\\/www.webdo.tn\\\/fr\\\/actualite\\\/national\\\/valozit-la-municipalite-de-tunis-veut-valoriser-les-huiles-usagees\\\/393650\\\/#primaryimage\",\"url\":\"https:\\\/\\\/www.webdo.tn\\\/fr\\\/wp-content\\\/uploads\\\/2026\\\/02\\\/Tunis-municipalite.jpg\",\"contentUrl\":\"https:\\\/\\\/www.webdo.tn\\\/fr\\\/wp-content\\\/uploads\\\/2026\\\/02\\\/Tunis-municipalite.jpg\",\"width\":1200,\"height\":601,\"caption\":\"Reunion municipalit\u00e9 Tunis\"},{\"@type\":\"BreadcrumbList\",\"@id\":\"https:\\\/\\\/www.webdo.tn\\\/fr\\\/actualite\\\/national\\\/valozit-la-municipalite-de-tunis-veut-valoriser-les-huiles-usagees\\\/393650\\\/#breadcrumb\",\"itemListElement\":[{\"@type\":\"ListItem\",\"position\":1,\"name\":\"Accueil\",\"item\":\"https:\\\/\\\/www.webdo.tn\\\/fr\\\/\"},{\"@type\":\"ListItem\",\"position\":2,\"name\":\"ValoZit : La municipalit\u00e9 de Tunis veut valoriser les huiles usag\u00e9es\"}]},{\"@type\":\"WebSite\",\"@id\":\"https:\\\/\\\/www.webdo.tn\\\/fr\\\/#website\",\"url\":\"https:\\\/\\\/www.webdo.tn\\\/fr\\\/\",\"name\":\"webdo\",\"description\":\"Tunisie - News en Tunisie et \u00e0 l&#039;international sur Webdo.tn\",\"publisher\":{\"@id\":\"https:\\\/\\\/www.webdo.tn\\\/fr\\\/#organization\"},\"potentialAction\":[{\"@type\":\"SearchAction\",\"target\":{\"@type\":\"EntryPoint\",\"urlTemplate\":\"https:\\\/\\\/www.webdo.tn\\\/fr\\\/?s={search_term_string}\"},\"query-input\":{\"@type\":\"PropertyValueSpecification\",\"valueRequired\":true,\"valueName\":\"search_term_string\"}}],\"inLanguage\":\"fr-FR\"},{\"@type\":\"Organization\",\"@id\":\"https:\\\/\\\/www.webdo.tn\\\/fr\\\/#organization\",\"name\":\"Webdo\",\"alternateName\":\"Webdo.tn\",\"url\":\"https:\\\/\\\/www.webdo.tn\\\/fr\\\/\",\"logo\":{\"@type\":\"ImageObject\",\"inLanguage\":\"fr-FR\",\"@id\":\"https:\\\/\\\/www.webdo.tn\\\/fr\\\/#\\\/schema\\\/logo\\\/image\\\/\",\"url\":\"https:\\\/\\\/www.webdo.tn\\\/fr\\\/wp-content\\\/uploads\\\/2025\\\/06\\\/Webdo-Tunisie_168377.jpg\",\"contentUrl\":\"https:\\\/\\\/www.webdo.tn\\\/fr\\\/wp-content\\\/uploads\\\/2025\\\/06\\\/Webdo-Tunisie_168377.jpg\",\"width\":301,\"height\":301,\"caption\":\"Webdo\"},\"image\":{\"@id\":\"https:\\\/\\\/www.webdo.tn\\\/fr\\\/#\\\/schema\\\/logo\\\/image\\\/\"},\"sameAs\":[\"https:\\\/\\\/www.facebook.com\\\/webdotn\",\"https:\\\/\\\/x.com\\\/webdo_tn\"],\"description\":\"Webdo est un m\u00e9dia num\u00e9rique tunisien fond\u00e9 en 2010, sp\u00e9cialis\u00e9 dans l\u2019actualit\u00e9 nationale et internationale, l\u2019\u00e9conomie, la soci\u00e9t\u00e9 et les analyses politiques. Le site s\u2019adresse \u00e0 un large public francophone et couvre l\u2019information tunisienne en temps r\u00e9el.\",\"email\":\"redac@webdo.tn\",\"legalName\":\"YNJ SARL\",\"foundingDate\":\"2010-09-06\",\"numberOfEmployees\":{\"@type\":\"QuantitativeValue\",\"minValue\":\"11\",\"maxValue\":\"50\"}},{\"@type\":\"Person\",\"@id\":\"https:\\\/\\\/www.webdo.tn\\\/fr\\\/#\\\/schema\\\/person\\\/b9ecde7a5574cb4fcf4b496ea5fadb15\",\"name\":\"Wided Belhaj\",\"image\":{\"@type\":\"ImageObject\",\"inLanguage\":\"fr-FR\",\"@id\":\"https:\\\/\\\/www.webdo.tn\\\/fr\\\/wp-content\\\/uploads\\\/2026\\\/04\\\/wided-belhaj_avatar-96x96.jpg\",\"url\":\"https:\\\/\\\/www.webdo.tn\\\/fr\\\/wp-content\\\/uploads\\\/2026\\\/04\\\/wided-belhaj_avatar-96x96.jpg\",\"contentUrl\":\"https:\\\/\\\/www.webdo.tn\\\/fr\\\/wp-content\\\/uploads\\\/2026\\\/04\\\/wided-belhaj_avatar-96x96.jpg\",\"caption\":\"Wided Belhaj\"},\"description\":\"Wided Belhaj est le pseudonyme \u00e9ditorial utilis\u00e9 par Khalil Jelassi, journaliste, ma\u00eetre-assistant \u00e0 l\u2019Institut de presse et des sciences de l\u2019information (IPSI) et chercheur en sciences de l\u2019information et de la communication. Cette signature est d\u00e9di\u00e9e \u00e0 l\u2019analyse des m\u00e9dias, des pratiques journalistiques et des mutations de l\u2019information \u00e0 l\u2019\u00e8re digitale. \u00c0 travers ses contributions, Wided Belhaj propose une lecture analytique de l\u2019actualit\u00e9, en croisant regard critique et expertise acad\u00e9mique.\",\"knowsAbout\":[\"m\u00e9dias\",\"journalisme\",\"communication\",\"information\",\"transformation num\u00e9rique\",\"analyse des m\u00e9dias\"],\"knowsLanguage\":[\"Fran\u00e7ais\",\"Arabe\"],\"jobTitle\":\"Webdo.tn\",\"worksFor\":\"Journaliste \u2013 Analyse des m\u00e9dias\",\"url\":\"https:\\\/\\\/www.webdo.tn\\\/fr\\\/actualite\\\/author\\\/wided-belhaj\\\/\"}]}<\/script>\n<!-- \/ Yoast SEO Premium plugin. -->","yoast_head_json":{"title":"ValoZit : La municipalit\u00e9 de Tunis veut valoriser les huiles usag\u00e9es - webdo","description":"D\u00e9couvrez comment l'initiative des huiles \u00e0 Tunis transforme les d\u00e9chets alimentaires en biocarburant \u00e9cologique.","canonical":"https:\/\/www.webdo.tn\/fr\/actualite\/national\/valozit-la-municipalite-de-tunis-veut-valoriser-les-huiles-usagees\/393650\/","og_locale":"fr_FR","og_type":"article","og_title":"ValoZit : La municipalit\u00e9 de Tunis veut valoriser les huiles usag\u00e9es","og_description":"D\u00e9couvrez comment l'initiative des huiles \u00e0 Tunis transforme les d\u00e9chets alimentaires en biocarburant \u00e9cologique.","og_url":"https:\/\/www.webdo.tn\/fr\/actualite\/national\/valozit-la-municipalite-de-tunis-veut-valoriser-les-huiles-usagees\/393650\/","og_site_name":"webdo","article_publisher":"https:\/\/www.facebook.com\/webdotn","article_published_time":"2026-02-23T18:02:58+00:00","article_modified_time":"2026-02-23T18:02:59+00:00","og_image":[{"width":1200,"height":601,"url":"https:\/\/www.webdo.tn\/fr\/wp-content\/uploads\/2026\/02\/Tunis-municipalite.jpg","type":"image\/jpeg"}],"author":"Wided Belhaj","twitter_card":"summary_large_image","twitter_creator":"@webdo_tn","twitter_site":"@webdo_tn","twitter_misc":{"\u00c9crit par":"Wided Belhaj","Dur\u00e9e de lecture estim\u00e9e":"2 minutes"},"schema":{"@context":"https:\/\/schema.org","@graph":[{"@type":"NewsArticle","@id":"https:\/\/www.webdo.tn\/fr\/actualite\/national\/valozit-la-municipalite-de-tunis-veut-valoriser-les-huiles-usagees\/393650\/#article","isPartOf":{"@id":"https:\/\/www.webdo.tn\/fr\/actualite\/national\/valozit-la-municipalite-de-tunis-veut-valoriser-les-huiles-usagees\/393650\/"},"author":{"name":"Wided Belhaj","@id":"https:\/\/www.webdo.tn\/fr\/#\/schema\/person\/b9ecde7a5574cb4fcf4b496ea5fadb15"},"headline":"ValoZit : La municipalit\u00e9 de Tunis veut valoriser les huiles usag\u00e9es","datePublished":"2026-02-23T18:02:58+00:00","dateModified":"2026-02-23T18:02:59+00:00","mainEntityOfPage":{"@id":"https:\/\/www.webdo.tn\/fr\/actualite\/national\/valozit-la-municipalite-de-tunis-veut-valoriser-les-huiles-usagees\/393650\/"},"wordCount":313,"publisher":{"@id":"https:\/\/www.webdo.tn\/fr\/#organization"},"image":{"@id":"https:\/\/www.webdo.tn\/fr\/actualite\/national\/valozit-la-municipalite-de-tunis-veut-valoriser-les-huiles-usagees\/393650\/#primaryimage"},"thumbnailUrl":"https:\/\/www.webdo.tn\/fr\/wp-content\/uploads\/2026\/02\/Tunis-municipalite.jpg","keywords":["environnement","huile","Tunisie"],"articleSection":["National"],"inLanguage":"fr-FR"},{"@type":"WebPage","@id":"https:\/\/www.webdo.tn\/fr\/actualite\/national\/valozit-la-municipalite-de-tunis-veut-valoriser-les-huiles-usagees\/393650\/","url":"https:\/\/www.webdo.tn\/fr\/actualite\/national\/valozit-la-municipalite-de-tunis-veut-valoriser-les-huiles-usagees\/393650\/","name":"ValoZit : La municipalit\u00e9 de Tunis veut valoriser les huiles usag\u00e9es - webdo","isPartOf":{"@id":"https:\/\/www.webdo.tn\/fr\/#website"},"primaryImageOfPage":{"@id":"https:\/\/www.webdo.tn\/fr\/actualite\/national\/valozit-la-municipalite-de-tunis-veut-valoriser-les-huiles-usagees\/393650\/#primaryimage"},"image":{"@id":"https:\/\/www.webdo.tn\/fr\/actualite\/national\/valozit-la-municipalite-de-tunis-veut-valoriser-les-huiles-usagees\/393650\/#primaryimage"},"thumbnailUrl":"https:\/\/www.webdo.tn\/fr\/wp-content\/uploads\/2026\/02\/Tunis-municipalite.jpg","datePublished":"2026-02-23T18:02:58+00:00","dateModified":"2026-02-23T18:02:59+00:00","description":"D\u00e9couvrez comment l'initiative des huiles \u00e0 Tunis transforme les d\u00e9chets alimentaires en biocarburant \u00e9cologique.","breadcrumb":{"@id":"https:\/\/www.webdo.tn\/fr\/actualite\/national\/valozit-la-municipalite-de-tunis-veut-valoriser-les-huiles-usagees\/393650\/#breadcrumb"},"inLanguage":"fr-FR","potentialAction":[{"@type":"ReadAction","target":["https:\/\/www.webdo.tn\/fr\/actualite\/national\/valozit-la-municipalite-de-tunis-veut-valoriser-les-huiles-usagees\/393650\/"]}]},{"@type":"ImageObject","inLanguage":"fr-FR","@id":"https:\/\/www.webdo.tn\/fr\/actualite\/national\/valozit-la-municipalite-de-tunis-veut-valoriser-les-huiles-usagees\/393650\/#primaryimage","url":"https:\/\/www.webdo.tn\/fr\/wp-content\/uploads\/2026\/02\/Tunis-municipalite.jpg","contentUrl":"https:\/\/www.webdo.tn\/fr\/wp-content\/uploads\/2026\/02\/Tunis-municipalite.jpg","width":1200,"height":601,"caption":"Reunion municipalit\u00e9 Tunis"},{"@type":"BreadcrumbList","@id":"https:\/\/www.webdo.tn\/fr\/actualite\/national\/valozit-la-municipalite-de-tunis-veut-valoriser-les-huiles-usagees\/393650\/#breadcrumb","itemListElement":[{"@type":"ListItem","position":1,"name":"Accueil","item":"https:\/\/www.webdo.tn\/fr\/"},{"@type":"ListItem","position":2,"name":"ValoZit : La municipalit\u00e9 de Tunis veut valoriser les huiles usag\u00e9es"}]},{"@type":"WebSite","@id":"https:\/\/www.webdo.tn\/fr\/#website","url":"https:\/\/www.webdo.tn\/fr\/","name":"webdo","description":"Tunisie - News en Tunisie et \u00e0 l&#039;international sur Webdo.tn","publisher":{"@id":"https:\/\/www.webdo.tn\/fr\/#organization"},"potentialAction":[{"@type":"SearchAction","target":{"@type":"EntryPoint","urlTemplate":"https:\/\/www.webdo.tn\/fr\/?s={search_term_string}"},"query-input":{"@type":"PropertyValueSpecification","valueRequired":true,"valueName":"search_term_string"}}],"inLanguage":"fr-FR"},{"@type":"Organization","@id":"https:\/\/www.webdo.tn\/fr\/#organization","name":"Webdo","alternateName":"Webdo.tn","url":"https:\/\/www.webdo.tn\/fr\/","logo":{"@type":"ImageObject","inLanguage":"fr-FR","@id":"https:\/\/www.webdo.tn\/fr\/#\/schema\/logo\/image\/","url":"https:\/\/www.webdo.tn\/fr\/wp-content\/uploads\/2025\/06\/Webdo-Tunisie_168377.jpg","contentUrl":"https:\/\/www.webdo.tn\/fr\/wp-content\/uploads\/2025\/06\/Webdo-Tunisie_168377.jpg","width":301,"height":301,"caption":"Webdo"},"image":{"@id":"https:\/\/www.webdo.tn\/fr\/#\/schema\/logo\/image\/"},"sameAs":["https:\/\/www.facebook.com\/webdotn","https:\/\/x.com\/webdo_tn"],"description":"Webdo est un m\u00e9dia num\u00e9rique tunisien fond\u00e9 en 2010, sp\u00e9cialis\u00e9 dans l\u2019actualit\u00e9 nationale et internationale, l\u2019\u00e9conomie, la soci\u00e9t\u00e9 et les analyses politiques. Le site s\u2019adresse \u00e0 un large public francophone et couvre l\u2019information tunisienne en temps r\u00e9el.","email":"redac@webdo.tn","legalName":"YNJ SARL","foundingDate":"2010-09-06","numberOfEmployees":{"@type":"QuantitativeValue","minValue":"11","maxValue":"50"}},{"@type":"Person","@id":"https:\/\/www.webdo.tn\/fr\/#\/schema\/person\/b9ecde7a5574cb4fcf4b496ea5fadb15","name":"Wided Belhaj","image":{"@type":"ImageObject","inLanguage":"fr-FR","@id":"https:\/\/www.webdo.tn\/fr\/wp-content\/uploads\/2026\/04\/wided-belhaj_avatar-96x96.jpg","url":"https:\/\/www.webdo.tn\/fr\/wp-content\/uploads\/2026\/04\/wided-belhaj_avatar-96x96.jpg","contentUrl":"https:\/\/www.webdo.tn\/fr\/wp-content\/uploads\/2026\/04\/wided-belhaj_avatar-96x96.jpg","caption":"Wided Belhaj"},"description":"Wided Belhaj est le pseudonyme \u00e9ditorial utilis\u00e9 par Khalil Jelassi, journaliste, ma\u00eetre-assistant \u00e0 l\u2019Institut de presse et des sciences de l\u2019information (IPSI) et chercheur en sciences de l\u2019information et de la communication. Cette signature est d\u00e9di\u00e9e \u00e0 l\u2019analyse des m\u00e9dias, des pratiques journalistiques et des mutations de l\u2019information \u00e0 l\u2019\u00e8re digitale. \u00c0 travers ses contributions, Wided Belhaj propose une lecture analytique de l\u2019actualit\u00e9, en croisant regard critique et expertise acad\u00e9mique.","knowsAbout":["m\u00e9dias","journalisme","communication","information","transformation num\u00e9rique","analyse des m\u00e9dias"],"knowsLanguage":["Fran\u00e7ais","Arabe"],"jobTitle":"Webdo.tn","worksFor":"Journaliste \u2013 Analyse des m\u00e9dias","url":"https:\/\/www.webdo.tn\/fr\/actualite\/author\/wided-belhaj\/"}]}},"_links":{"self":[{"href":"https:\/\/www.webdo.tn\/fr\/wp-json\/wp\/v2\/posts\/393650","targetHints":{"allow":["GET"]}}],"collection":[{"href":"https:\/\/www.webdo.tn\/fr\/wp-json\/wp\/v2\/posts"}],"about":[{"href":"https:\/\/www.webdo.tn\/fr\/wp-json\/wp\/v2\/types\/post"}],"author":[{"embeddable":true,"href":"https:\/\/www.webdo.tn\/fr\/wp-json\/wp\/v2\/users\/3184"}],"replies":[{"embeddable":true,"href":"https:\/\/www.webdo.tn\/fr\/wp-json\/wp\/v2\/comments?post=393650"}],"version-history":[{"count":0,"href":"https:\/\/www.webdo.tn\/fr\/wp-json\/wp\/v2\/posts\/393650\/revisions"}],"wp:featuredmedia":[{"embeddable":true,"href":"https:\/\/www.webdo.tn\/fr\/wp-json\/wp\/v2\/media\/393651"}],"wp:attachment":[{"href":"https:\/\/www.webdo.tn\/fr\/wp-json\/wp\/v2\/media?parent=393650"}],"wp:term":[{"taxonomy":"category","embeddable":true,"href":"https:\/\/www.webdo.tn\/fr\/wp-json\/wp\/v2\/categories?post=393650"},{"taxonomy":"post_tag","embeddable":true,"href":"https:\/\/www.webdo.tn\/fr\/wp-json\/wp\/v2\/tags?post=393650"}],"curies":[{"name":"wp","href":"https:\/\/api.w.org\/{rel}","templated":true}]}}