{"id":393638,"date":"2026-02-23T13:20:18","date_gmt":"2026-02-23T12:20:18","guid":{"rendered":"https:\/\/www.webdo.tn\/fr\/?p=393638"},"modified":"2026-02-23T13:20:19","modified_gmt":"2026-02-23T12:20:19","slug":"moez-echargui-le-tunisien-grimpe-au-138%e1%b5%89-rang-atp-et-attire-tous-les-regards","status":"publish","type":"post","link":"https:\/\/www.webdo.tn\/fr\/actualite\/sport\/moez-echargui-le-tunisien-grimpe-au-138%e1%b5%89-rang-atp-et-attire-tous-les-regards\/393638\/","title":{"rendered":"Moez Echargui : Le Tunisien grimpe au 138\u1d49 rang ATP et attire tous les regards"},"content":{"rendered":"\n<p><strong>Le Tunisien Moez Echargui continue de se faire un nom sur la sc\u00e8ne internationale. Cette semaine, le joueur gagne une place et atteint le 138\u1d49 rang mondial du classement ATP, un r\u00e9sultat significatif qui confirme sa progression r\u00e9guli\u00e8re et sa mont\u00e9e en puissance dans un circuit masculin tr\u00e8s comp\u00e9titif. Une progression marquante pour le tennis tunisien.<\/strong><\/p>\n\n\n\n<p>Cette performance refl\u00e8te la constance de ses r\u00e9sultats et sa capacit\u00e9 \u00e0 se hisser parmi les meilleurs joueurs en dehors du Top\u202f100, un objectif cl\u00e9 pour tout joueur aspirant \u00e0 rejoindre l\u2019\u00e9lite mondiale.<\/p>\n\n\n\n<h2 class=\"wp-block-heading\" id=\"h-dubai-une-etape-decisive\">Duba\u00ef : une \u00e9tape d\u00e9cisive<\/h2>\n\n\n\n<p>Actuellement en 16\u1d49 de finale du tournoi de Duba\u00ef, Echargui affronte le Fran\u00e7ais Giovanni Mpetshi Perricard, un match qui pourrait lui permettre de gagner encore des points ATP et consolider sa place dans le classement. Ces rencontres sont cruciales pour les joueurs situ\u00e9s entre la 100\u1d49 et la 150\u1d49 place, car chaque victoire peut rapprocher de l\u2019entr\u00e9e dans le Top\u202f100.<\/p>\n\n\n\n<blockquote class=\"wp-block-quote is-layout-flow wp-block-quote-is-layout-flow\">\n<blockquote class=\"wp-block-quote is-layout-flow wp-block-quote-is-layout-flow\">\n<ul class=\"wp-block-list\">\n<li class=\"has-medium-font-size\"><strong>Lire aussi :<\/strong> <a href=\"https:\/\/www.webdo.tn\/fr\/actualite\/sport\/tennis-classement-atp-wta-moez-echargui-140e-ons-jabeur-reste-78e\/386798\/\">Tennis \u2013 Classement ATP\/WTA : Moez Echargui 140e, Ons Jabeur reste 78e<\/a><\/li>\n<\/ul>\n<\/blockquote>\n<\/blockquote>\n\n\n\n<p>Cette \u00e9tape \u00e0 Duba\u00ef illustre \u00e9galement sa capacit\u00e9 \u00e0 rivaliser sur les courts internationaux, face \u00e0 des adversaires souvent mieux class\u00e9s.<\/p>\n\n\n\n<h2 class=\"wp-block-heading\" id=\"h-un-exemple-pour-le-tennis-tunisien\">Un exemple pour le tennis tunisien<\/h2>\n\n\n\n<p>Avec 435 points ATP, Moez Echargui est devenu une r\u00e9f\u00e9rence pour la jeune g\u00e9n\u00e9ration tunisienne. Sa progression d\u00e9montre que le travail r\u00e9gulier, la participation aux tournois internationaux et la constance dans les r\u00e9sultats peuvent produire des avanc\u00e9es concr\u00e8tes, m\u00eame dans un contexte mondial tr\u00e8s comp\u00e9titif.<\/p>\n\n\n\n<blockquote class=\"wp-block-quote is-layout-flow wp-block-quote-is-layout-flow\">\n<blockquote class=\"wp-block-quote is-layout-flow wp-block-quote-is-layout-flow\">\n<ul class=\"wp-block-list\">\n<li class=\"has-medium-font-size\"><strong>Lire aussi :<\/strong> <a href=\"https:\/\/www.webdo.tn\/fr\/actualite\/sport\/tennis-moez-echargui-bondit-de-33-places-et-vise-le-top-100-mondial\/384003\/\">Tennis : Moez Echargui bondit de 33 places et vise le Top 100 mondial<\/a><\/li>\n<\/ul>\n<\/blockquote>\n<\/blockquote>\n\n\n\n<p>Sa mont\u00e9e dans le classement souligne \u00e9galement le potentiel du tennis tunisien \u00e0 briller sur la sc\u00e8ne mondiale, et fait d\u2019Echargui un joueur \u00e0 suivre de pr\u00e8s dans les mois \u00e0 venir.<\/p>\n\n\n\n<p>Pour Echargui, l\u2019objectif est clair : entrer durablement dans le Top\u202f100 ATP. Les prochains tournois, notamment ceux sur dur et sur terre, seront d\u00e9terminants pour accumuler des points et am\u00e9liorer son classement.<\/p>\n\n\n\n<blockquote class=\"wp-block-quote is-layout-flow wp-block-quote-is-layout-flow\">\n<blockquote class=\"wp-block-quote is-layout-flow wp-block-quote-is-layout-flow\">\n<ul class=\"wp-block-list\">\n<li class=\"has-medium-font-size\"><strong>Lire aussi :<\/strong> <a href=\"https:\/\/www.webdo.tn\/fr\/actualite\/sport\/moez-echargui-remporte-les-jeux-africains-et-se-qualifie-aux-jeux-olympiques\/213100\/\">Moez Echargui remporte les Jeux Africains et se qualifie aux Jeux Olympiques<\/a><\/li>\n<\/ul>\n<\/blockquote>\n<\/blockquote>\n","protected":false},"excerpt":{"rendered":"<p>Le Tunisien Moez Echargui continue de se faire un nom sur la sc\u00e8ne internationale. Cette semaine, le joueur gagne une place et atteint le 138\u1d49 rang mondial du classement ATP, un r\u00e9sultat significatif qui confirme sa progression r\u00e9guli\u00e8re et sa mont\u00e9e en puissance dans un circuit masculin tr\u00e8s comp\u00e9titif. Une progression marquante pour le tennis [&hellip;]<\/p>\n","protected":false},"author":3189,"featured_media":386801,"comment_status":"closed","ping_status":"closed","sticky":false,"template":"","format":"standard","meta":{"footnotes":""},"categories":[2593],"tags":[5277,12938,2605,2608],"class_list":["post-393638","post","type-post","status-publish","format-standard","has-post-thumbnail","hentry","category-sport","tag-classement-atp","tag-moez-echargui-2","tag-tennis","tag-tunisie"],"yoast_head":"<!-- This site is optimized with the Yoast SEO Premium plugin v27.5 (Yoast SEO v27.5) - https:\/\/yoast.com\/product\/yoast-seo-premium-wordpress\/ -->\n<title>Moez Echargui : Le Tunisien grimpe au 138\u1d49 rang ATP et attire tous les regards - webdo<\/title>\n<meta name=\"description\" content=\"D\u00e9couvrez le parcours de Moez Echargui, le Tunisien qui atteint le 138\u1d49 rang ATP et attire tous les regards au tennis.\" \/>\n<link rel=\"canonical\" href=\"https:\/\/www.webdo.tn\/fr\/actualite\/sport\/moez-echargui-le-tunisien-grimpe-au-138\u1d49-rang-atp-et-attire-tous-les-regards\/393638\/\" \/>\n<meta property=\"og:locale\" content=\"fr_FR\" \/>\n<meta property=\"og:type\" content=\"article\" \/>\n<meta property=\"og:title\" content=\"Moez Echargui : Le Tunisien grimpe au 138\u1d49 rang ATP et attire tous les regards\" \/>\n<meta property=\"og:description\" content=\"D\u00e9couvrez le parcours de Moez Echargui, le Tunisien qui atteint le 138\u1d49 rang ATP et attire tous les regards au tennis.\" \/>\n<meta property=\"og:url\" content=\"https:\/\/www.webdo.tn\/fr\/actualite\/sport\/moez-echargui-le-tunisien-grimpe-au-138\u1d49-rang-atp-et-attire-tous-les-regards\/393638\/\" \/>\n<meta property=\"og:site_name\" content=\"webdo\" \/>\n<meta property=\"article:publisher\" content=\"https:\/\/www.facebook.com\/webdotn\" \/>\n<meta property=\"article:author\" content=\"https:\/\/www.facebook.com\/youssef.rc.92\" \/>\n<meta property=\"article:published_time\" content=\"2026-02-23T12:20:18+00:00\" \/>\n<meta property=\"article:modified_time\" content=\"2026-02-23T12:20:19+00:00\" \/>\n<meta property=\"og:image\" content=\"https:\/\/www.webdo.tn\/fr\/wp-content\/uploads\/2025\/11\/moezz.jpg\" \/>\n\t<meta property=\"og:image:width\" content=\"1200\" \/>\n\t<meta property=\"og:image:height\" content=\"607\" \/>\n\t<meta property=\"og:image:type\" content=\"image\/jpeg\" \/>\n<meta name=\"author\" content=\"Maher Chaabane\" \/>\n<meta name=\"twitter:card\" content=\"summary_large_image\" \/>\n<meta name=\"twitter:creator\" content=\"@webdo_tn\" \/>\n<meta name=\"twitter:site\" content=\"@webdo_tn\" \/>\n<meta name=\"twitter:label1\" content=\"\u00c9crit par\" \/>\n\t<meta name=\"twitter:data1\" content=\"Maher Chaabane\" \/>\n\t<meta name=\"twitter:label2\" content=\"Dur\u00e9e de lecture estim\u00e9e\" \/>\n\t<meta name=\"twitter:data2\" content=\"2 minutes\" \/>\n<script type=\"application\/ld+json\" class=\"yoast-schema-graph\">{\"@context\":\"https:\\\/\\\/schema.org\",\"@graph\":[{\"@type\":\"NewsArticle\",\"@id\":\"https:\\\/\\\/www.webdo.tn\\\/fr\\\/actualite\\\/sport\\\/moez-echargui-le-tunisien-grimpe-au-138%e1%b5%89-rang-atp-et-attire-tous-les-regards\\\/393638\\\/#article\",\"isPartOf\":{\"@id\":\"https:\\\/\\\/www.webdo.tn\\\/fr\\\/actualite\\\/sport\\\/moez-echargui-le-tunisien-grimpe-au-138%e1%b5%89-rang-atp-et-attire-tous-les-regards\\\/393638\\\/\"},\"author\":{\"name\":\"Maher Chaabane\",\"@id\":\"https:\\\/\\\/www.webdo.tn\\\/fr\\\/#\\\/schema\\\/person\\\/57c261717927697fcf719ab1058a8003\"},\"headline\":\"Moez Echargui : Le Tunisien grimpe au 138\u1d49 rang ATP et attire tous les regards\",\"datePublished\":\"2026-02-23T12:20:18+00:00\",\"dateModified\":\"2026-02-23T12:20:19+00:00\",\"mainEntityOfPage\":{\"@id\":\"https:\\\/\\\/www.webdo.tn\\\/fr\\\/actualite\\\/sport\\\/moez-echargui-le-tunisien-grimpe-au-138%e1%b5%89-rang-atp-et-attire-tous-les-regards\\\/393638\\\/\"},\"wordCount\":363,\"publisher\":{\"@id\":\"https:\\\/\\\/www.webdo.tn\\\/fr\\\/#organization\"},\"image\":{\"@id\":\"https:\\\/\\\/www.webdo.tn\\\/fr\\\/actualite\\\/sport\\\/moez-echargui-le-tunisien-grimpe-au-138%e1%b5%89-rang-atp-et-attire-tous-les-regards\\\/393638\\\/#primaryimage\"},\"thumbnailUrl\":\"https:\\\/\\\/www.webdo.tn\\\/fr\\\/wp-content\\\/uploads\\\/2025\\\/11\\\/moezz.jpg\",\"keywords\":[\"classement ATP\",\"moez echargui\",\"tennis\",\"Tunisie\"],\"articleSection\":[\"Sport\"],\"inLanguage\":\"fr-FR\"},{\"@type\":\"WebPage\",\"@id\":\"https:\\\/\\\/www.webdo.tn\\\/fr\\\/actualite\\\/sport\\\/moez-echargui-le-tunisien-grimpe-au-138%e1%b5%89-rang-atp-et-attire-tous-les-regards\\\/393638\\\/\",\"url\":\"https:\\\/\\\/www.webdo.tn\\\/fr\\\/actualite\\\/sport\\\/moez-echargui-le-tunisien-grimpe-au-138%e1%b5%89-rang-atp-et-attire-tous-les-regards\\\/393638\\\/\",\"name\":\"Moez Echargui : Le Tunisien grimpe au 138\u1d49 rang ATP et attire tous les regards - webdo\",\"isPartOf\":{\"@id\":\"https:\\\/\\\/www.webdo.tn\\\/fr\\\/#website\"},\"primaryImageOfPage\":{\"@id\":\"https:\\\/\\\/www.webdo.tn\\\/fr\\\/actualite\\\/sport\\\/moez-echargui-le-tunisien-grimpe-au-138%e1%b5%89-rang-atp-et-attire-tous-les-regards\\\/393638\\\/#primaryimage\"},\"image\":{\"@id\":\"https:\\\/\\\/www.webdo.tn\\\/fr\\\/actualite\\\/sport\\\/moez-echargui-le-tunisien-grimpe-au-138%e1%b5%89-rang-atp-et-attire-tous-les-regards\\\/393638\\\/#primaryimage\"},\"thumbnailUrl\":\"https:\\\/\\\/www.webdo.tn\\\/fr\\\/wp-content\\\/uploads\\\/2025\\\/11\\\/moezz.jpg\",\"datePublished\":\"2026-02-23T12:20:18+00:00\",\"dateModified\":\"2026-02-23T12:20:19+00:00\",\"description\":\"D\u00e9couvrez le parcours de Moez Echargui, le Tunisien qui atteint le 138\u1d49 rang ATP et attire tous les regards au tennis.\",\"breadcrumb\":{\"@id\":\"https:\\\/\\\/www.webdo.tn\\\/fr\\\/actualite\\\/sport\\\/moez-echargui-le-tunisien-grimpe-au-138%e1%b5%89-rang-atp-et-attire-tous-les-regards\\\/393638\\\/#breadcrumb\"},\"inLanguage\":\"fr-FR\",\"potentialAction\":[{\"@type\":\"ReadAction\",\"target\":[\"https:\\\/\\\/www.webdo.tn\\\/fr\\\/actualite\\\/sport\\\/moez-echargui-le-tunisien-grimpe-au-138%e1%b5%89-rang-atp-et-attire-tous-les-regards\\\/393638\\\/\"]}]},{\"@type\":\"ImageObject\",\"inLanguage\":\"fr-FR\",\"@id\":\"https:\\\/\\\/www.webdo.tn\\\/fr\\\/actualite\\\/sport\\\/moez-echargui-le-tunisien-grimpe-au-138%e1%b5%89-rang-atp-et-attire-tous-les-regards\\\/393638\\\/#primaryimage\",\"url\":\"https:\\\/\\\/www.webdo.tn\\\/fr\\\/wp-content\\\/uploads\\\/2025\\\/11\\\/moezz.jpg\",\"contentUrl\":\"https:\\\/\\\/www.webdo.tn\\\/fr\\\/wp-content\\\/uploads\\\/2025\\\/11\\\/moezz.jpg\",\"width\":1200,\"height\":607,\"caption\":\"Moez Echargui : Le Tunisien grimpe au 138\u1d49 rang ATP et attire tous les regards\"},{\"@type\":\"BreadcrumbList\",\"@id\":\"https:\\\/\\\/www.webdo.tn\\\/fr\\\/actualite\\\/sport\\\/moez-echargui-le-tunisien-grimpe-au-138%e1%b5%89-rang-atp-et-attire-tous-les-regards\\\/393638\\\/#breadcrumb\",\"itemListElement\":[{\"@type\":\"ListItem\",\"position\":1,\"name\":\"Accueil\",\"item\":\"https:\\\/\\\/www.webdo.tn\\\/fr\\\/\"},{\"@type\":\"ListItem\",\"position\":2,\"name\":\"Moez Echargui : Le Tunisien grimpe au 138\u1d49 rang ATP et attire tous les regards\"}]},{\"@type\":\"WebSite\",\"@id\":\"https:\\\/\\\/www.webdo.tn\\\/fr\\\/#website\",\"url\":\"https:\\\/\\\/www.webdo.tn\\\/fr\\\/\",\"name\":\"webdo\",\"description\":\"Tunisie - News en Tunisie et \u00e0 l&#039;international sur Webdo.tn\",\"publisher\":{\"@id\":\"https:\\\/\\\/www.webdo.tn\\\/fr\\\/#organization\"},\"potentialAction\":[{\"@type\":\"SearchAction\",\"target\":{\"@type\":\"EntryPoint\",\"urlTemplate\":\"https:\\\/\\\/www.webdo.tn\\\/fr\\\/?s={search_term_string}\"},\"query-input\":{\"@type\":\"PropertyValueSpecification\",\"valueRequired\":true,\"valueName\":\"search_term_string\"}}],\"inLanguage\":\"fr-FR\"},{\"@type\":\"Organization\",\"@id\":\"https:\\\/\\\/www.webdo.tn\\\/fr\\\/#organization\",\"name\":\"Webdo\",\"alternateName\":\"Webdo.tn\",\"url\":\"https:\\\/\\\/www.webdo.tn\\\/fr\\\/\",\"logo\":{\"@type\":\"ImageObject\",\"inLanguage\":\"fr-FR\",\"@id\":\"https:\\\/\\\/www.webdo.tn\\\/fr\\\/#\\\/schema\\\/logo\\\/image\\\/\",\"url\":\"https:\\\/\\\/www.webdo.tn\\\/fr\\\/wp-content\\\/uploads\\\/2025\\\/06\\\/Webdo-Tunisie_168377.jpg\",\"contentUrl\":\"https:\\\/\\\/www.webdo.tn\\\/fr\\\/wp-content\\\/uploads\\\/2025\\\/06\\\/Webdo-Tunisie_168377.jpg\",\"width\":301,\"height\":301,\"caption\":\"Webdo\"},\"image\":{\"@id\":\"https:\\\/\\\/www.webdo.tn\\\/fr\\\/#\\\/schema\\\/logo\\\/image\\\/\"},\"sameAs\":[\"https:\\\/\\\/www.facebook.com\\\/webdotn\",\"https:\\\/\\\/x.com\\\/webdo_tn\"],\"description\":\"Webdo est un m\u00e9dia num\u00e9rique tunisien fond\u00e9 en 2010, sp\u00e9cialis\u00e9 dans l\u2019actualit\u00e9 nationale et internationale, l\u2019\u00e9conomie, la soci\u00e9t\u00e9 et les analyses politiques. Le site s\u2019adresse \u00e0 un large public francophone et couvre l\u2019information tunisienne en temps r\u00e9el.\",\"email\":\"redac@webdo.tn\",\"legalName\":\"YNJ SARL\",\"foundingDate\":\"2010-09-06\",\"numberOfEmployees\":{\"@type\":\"QuantitativeValue\",\"minValue\":\"11\",\"maxValue\":\"50\"}},{\"@type\":\"Person\",\"@id\":\"https:\\\/\\\/www.webdo.tn\\\/fr\\\/#\\\/schema\\\/person\\\/57c261717927697fcf719ab1058a8003\",\"name\":\"Maher Chaabane\",\"image\":{\"@type\":\"ImageObject\",\"inLanguage\":\"fr-FR\",\"@id\":\"https:\\\/\\\/www.webdo.tn\\\/fr\\\/wp-content\\\/uploads\\\/2026\\\/04\\\/maher-chaabane_avatar_2-96x96.jpg\",\"url\":\"https:\\\/\\\/www.webdo.tn\\\/fr\\\/wp-content\\\/uploads\\\/2026\\\/04\\\/maher-chaabane_avatar_2-96x96.jpg\",\"contentUrl\":\"https:\\\/\\\/www.webdo.tn\\\/fr\\\/wp-content\\\/uploads\\\/2026\\\/04\\\/maher-chaabane_avatar_2-96x96.jpg\",\"caption\":\"Maher Chaabane\"},\"description\":\"Maher Chaabane est journaliste et r\u00e9dacteur en chef de Webdo.tn depuis 2012. Il d\u00e9bute sa carri\u00e8re au sein du groupe Tunis Hebdo en 2000, o\u00f9 il couvre pendant plusieurs ann\u00e9es l\u2019actualit\u00e9 sportive et internationale, avant d\u2019occuper les fonctions de r\u00e9dacteur en chef adjoint. Fort de plus de deux d\u00e9cennies d\u2019exp\u00e9rience dans le journalisme, il supervise aujourd\u2019hui la production \u00e9ditoriale de Webdo et contribue activement \u00e0 la ligne du m\u00e9dia, en particulier sur les sujets d\u2019actualit\u00e9 nationale et internationale. https:\\\/\\\/www.facebook.com\\\/youssef.rc.92\",\"sameAs\":[\"https:\\\/\\\/www.facebook.com\\\/youssef.rc.92\"],\"knowsAbout\":[\"journalisme\",\"actualit\u00e9 internationale\",\"sport\",\"r\u00e9daction\",\"m\u00e9dias\",\"information\"],\"knowsLanguage\":[\"Fran\u00e7ais\",\"Arabe\"],\"jobTitle\":\"R\u00e9dacteur en chef\",\"worksFor\":\"Webdo.tn\",\"url\":\"https:\\\/\\\/www.webdo.tn\\\/fr\\\/actualite\\\/author\\\/maher-chaabane\\\/\"}]}<\/script>\n<!-- \/ Yoast SEO Premium plugin. -->","yoast_head_json":{"title":"Moez Echargui : Le Tunisien grimpe au 138\u1d49 rang ATP et attire tous les regards - webdo","description":"D\u00e9couvrez le parcours de Moez Echargui, le Tunisien qui atteint le 138\u1d49 rang ATP et attire tous les regards au tennis.","canonical":"https:\/\/www.webdo.tn\/fr\/actualite\/sport\/moez-echargui-le-tunisien-grimpe-au-138\u1d49-rang-atp-et-attire-tous-les-regards\/393638\/","og_locale":"fr_FR","og_type":"article","og_title":"Moez Echargui : Le Tunisien grimpe au 138\u1d49 rang ATP et attire tous les regards","og_description":"D\u00e9couvrez le parcours de Moez Echargui, le Tunisien qui atteint le 138\u1d49 rang ATP et attire tous les regards au tennis.","og_url":"https:\/\/www.webdo.tn\/fr\/actualite\/sport\/moez-echargui-le-tunisien-grimpe-au-138\u1d49-rang-atp-et-attire-tous-les-regards\/393638\/","og_site_name":"webdo","article_publisher":"https:\/\/www.facebook.com\/webdotn","article_author":"https:\/\/www.facebook.com\/youssef.rc.92","article_published_time":"2026-02-23T12:20:18+00:00","article_modified_time":"2026-02-23T12:20:19+00:00","og_image":[{"width":1200,"height":607,"url":"https:\/\/www.webdo.tn\/fr\/wp-content\/uploads\/2025\/11\/moezz.jpg","type":"image\/jpeg"}],"author":"Maher Chaabane","twitter_card":"summary_large_image","twitter_creator":"@webdo_tn","twitter_site":"@webdo_tn","twitter_misc":{"\u00c9crit par":"Maher Chaabane","Dur\u00e9e de lecture estim\u00e9e":"2 minutes"},"schema":{"@context":"https:\/\/schema.org","@graph":[{"@type":"NewsArticle","@id":"https:\/\/www.webdo.tn\/fr\/actualite\/sport\/moez-echargui-le-tunisien-grimpe-au-138%e1%b5%89-rang-atp-et-attire-tous-les-regards\/393638\/#article","isPartOf":{"@id":"https:\/\/www.webdo.tn\/fr\/actualite\/sport\/moez-echargui-le-tunisien-grimpe-au-138%e1%b5%89-rang-atp-et-attire-tous-les-regards\/393638\/"},"author":{"name":"Maher Chaabane","@id":"https:\/\/www.webdo.tn\/fr\/#\/schema\/person\/57c261717927697fcf719ab1058a8003"},"headline":"Moez Echargui : Le Tunisien grimpe au 138\u1d49 rang ATP et attire tous les regards","datePublished":"2026-02-23T12:20:18+00:00","dateModified":"2026-02-23T12:20:19+00:00","mainEntityOfPage":{"@id":"https:\/\/www.webdo.tn\/fr\/actualite\/sport\/moez-echargui-le-tunisien-grimpe-au-138%e1%b5%89-rang-atp-et-attire-tous-les-regards\/393638\/"},"wordCount":363,"publisher":{"@id":"https:\/\/www.webdo.tn\/fr\/#organization"},"image":{"@id":"https:\/\/www.webdo.tn\/fr\/actualite\/sport\/moez-echargui-le-tunisien-grimpe-au-138%e1%b5%89-rang-atp-et-attire-tous-les-regards\/393638\/#primaryimage"},"thumbnailUrl":"https:\/\/www.webdo.tn\/fr\/wp-content\/uploads\/2025\/11\/moezz.jpg","keywords":["classement ATP","moez echargui","tennis","Tunisie"],"articleSection":["Sport"],"inLanguage":"fr-FR"},{"@type":"WebPage","@id":"https:\/\/www.webdo.tn\/fr\/actualite\/sport\/moez-echargui-le-tunisien-grimpe-au-138%e1%b5%89-rang-atp-et-attire-tous-les-regards\/393638\/","url":"https:\/\/www.webdo.tn\/fr\/actualite\/sport\/moez-echargui-le-tunisien-grimpe-au-138%e1%b5%89-rang-atp-et-attire-tous-les-regards\/393638\/","name":"Moez Echargui : Le Tunisien grimpe au 138\u1d49 rang ATP et attire tous les regards - webdo","isPartOf":{"@id":"https:\/\/www.webdo.tn\/fr\/#website"},"primaryImageOfPage":{"@id":"https:\/\/www.webdo.tn\/fr\/actualite\/sport\/moez-echargui-le-tunisien-grimpe-au-138%e1%b5%89-rang-atp-et-attire-tous-les-regards\/393638\/#primaryimage"},"image":{"@id":"https:\/\/www.webdo.tn\/fr\/actualite\/sport\/moez-echargui-le-tunisien-grimpe-au-138%e1%b5%89-rang-atp-et-attire-tous-les-regards\/393638\/#primaryimage"},"thumbnailUrl":"https:\/\/www.webdo.tn\/fr\/wp-content\/uploads\/2025\/11\/moezz.jpg","datePublished":"2026-02-23T12:20:18+00:00","dateModified":"2026-02-23T12:20:19+00:00","description":"D\u00e9couvrez le parcours de Moez Echargui, le Tunisien qui atteint le 138\u1d49 rang ATP et attire tous les regards au tennis.","breadcrumb":{"@id":"https:\/\/www.webdo.tn\/fr\/actualite\/sport\/moez-echargui-le-tunisien-grimpe-au-138%e1%b5%89-rang-atp-et-attire-tous-les-regards\/393638\/#breadcrumb"},"inLanguage":"fr-FR","potentialAction":[{"@type":"ReadAction","target":["https:\/\/www.webdo.tn\/fr\/actualite\/sport\/moez-echargui-le-tunisien-grimpe-au-138%e1%b5%89-rang-atp-et-attire-tous-les-regards\/393638\/"]}]},{"@type":"ImageObject","inLanguage":"fr-FR","@id":"https:\/\/www.webdo.tn\/fr\/actualite\/sport\/moez-echargui-le-tunisien-grimpe-au-138%e1%b5%89-rang-atp-et-attire-tous-les-regards\/393638\/#primaryimage","url":"https:\/\/www.webdo.tn\/fr\/wp-content\/uploads\/2025\/11\/moezz.jpg","contentUrl":"https:\/\/www.webdo.tn\/fr\/wp-content\/uploads\/2025\/11\/moezz.jpg","width":1200,"height":607,"caption":"Moez Echargui : Le Tunisien grimpe au 138\u1d49 rang ATP et attire tous les regards"},{"@type":"BreadcrumbList","@id":"https:\/\/www.webdo.tn\/fr\/actualite\/sport\/moez-echargui-le-tunisien-grimpe-au-138%e1%b5%89-rang-atp-et-attire-tous-les-regards\/393638\/#breadcrumb","itemListElement":[{"@type":"ListItem","position":1,"name":"Accueil","item":"https:\/\/www.webdo.tn\/fr\/"},{"@type":"ListItem","position":2,"name":"Moez Echargui : Le Tunisien grimpe au 138\u1d49 rang ATP et attire tous les regards"}]},{"@type":"WebSite","@id":"https:\/\/www.webdo.tn\/fr\/#website","url":"https:\/\/www.webdo.tn\/fr\/","name":"webdo","description":"Tunisie - News en Tunisie et \u00e0 l&#039;international sur Webdo.tn","publisher":{"@id":"https:\/\/www.webdo.tn\/fr\/#organization"},"potentialAction":[{"@type":"SearchAction","target":{"@type":"EntryPoint","urlTemplate":"https:\/\/www.webdo.tn\/fr\/?s={search_term_string}"},"query-input":{"@type":"PropertyValueSpecification","valueRequired":true,"valueName":"search_term_string"}}],"inLanguage":"fr-FR"},{"@type":"Organization","@id":"https:\/\/www.webdo.tn\/fr\/#organization","name":"Webdo","alternateName":"Webdo.tn","url":"https:\/\/www.webdo.tn\/fr\/","logo":{"@type":"ImageObject","inLanguage":"fr-FR","@id":"https:\/\/www.webdo.tn\/fr\/#\/schema\/logo\/image\/","url":"https:\/\/www.webdo.tn\/fr\/wp-content\/uploads\/2025\/06\/Webdo-Tunisie_168377.jpg","contentUrl":"https:\/\/www.webdo.tn\/fr\/wp-content\/uploads\/2025\/06\/Webdo-Tunisie_168377.jpg","width":301,"height":301,"caption":"Webdo"},"image":{"@id":"https:\/\/www.webdo.tn\/fr\/#\/schema\/logo\/image\/"},"sameAs":["https:\/\/www.facebook.com\/webdotn","https:\/\/x.com\/webdo_tn"],"description":"Webdo est un m\u00e9dia num\u00e9rique tunisien fond\u00e9 en 2010, sp\u00e9cialis\u00e9 dans l\u2019actualit\u00e9 nationale et internationale, l\u2019\u00e9conomie, la soci\u00e9t\u00e9 et les analyses politiques. Le site s\u2019adresse \u00e0 un large public francophone et couvre l\u2019information tunisienne en temps r\u00e9el.","email":"redac@webdo.tn","legalName":"YNJ SARL","foundingDate":"2010-09-06","numberOfEmployees":{"@type":"QuantitativeValue","minValue":"11","maxValue":"50"}},{"@type":"Person","@id":"https:\/\/www.webdo.tn\/fr\/#\/schema\/person\/57c261717927697fcf719ab1058a8003","name":"Maher Chaabane","image":{"@type":"ImageObject","inLanguage":"fr-FR","@id":"https:\/\/www.webdo.tn\/fr\/wp-content\/uploads\/2026\/04\/maher-chaabane_avatar_2-96x96.jpg","url":"https:\/\/www.webdo.tn\/fr\/wp-content\/uploads\/2026\/04\/maher-chaabane_avatar_2-96x96.jpg","contentUrl":"https:\/\/www.webdo.tn\/fr\/wp-content\/uploads\/2026\/04\/maher-chaabane_avatar_2-96x96.jpg","caption":"Maher Chaabane"},"description":"Maher Chaabane est journaliste et r\u00e9dacteur en chef de Webdo.tn depuis 2012. Il d\u00e9bute sa carri\u00e8re au sein du groupe Tunis Hebdo en 2000, o\u00f9 il couvre pendant plusieurs ann\u00e9es l\u2019actualit\u00e9 sportive et internationale, avant d\u2019occuper les fonctions de r\u00e9dacteur en chef adjoint. Fort de plus de deux d\u00e9cennies d\u2019exp\u00e9rience dans le journalisme, il supervise aujourd\u2019hui la production \u00e9ditoriale de Webdo et contribue activement \u00e0 la ligne du m\u00e9dia, en particulier sur les sujets d\u2019actualit\u00e9 nationale et internationale. https:\/\/www.facebook.com\/youssef.rc.92","sameAs":["https:\/\/www.facebook.com\/youssef.rc.92"],"knowsAbout":["journalisme","actualit\u00e9 internationale","sport","r\u00e9daction","m\u00e9dias","information"],"knowsLanguage":["Fran\u00e7ais","Arabe"],"jobTitle":"R\u00e9dacteur en chef","worksFor":"Webdo.tn","url":"https:\/\/www.webdo.tn\/fr\/actualite\/author\/maher-chaabane\/"}]}},"_links":{"self":[{"href":"https:\/\/www.webdo.tn\/fr\/wp-json\/wp\/v2\/posts\/393638","targetHints":{"allow":["GET"]}}],"collection":[{"href":"https:\/\/www.webdo.tn\/fr\/wp-json\/wp\/v2\/posts"}],"about":[{"href":"https:\/\/www.webdo.tn\/fr\/wp-json\/wp\/v2\/types\/post"}],"author":[{"embeddable":true,"href":"https:\/\/www.webdo.tn\/fr\/wp-json\/wp\/v2\/users\/3189"}],"replies":[{"embeddable":true,"href":"https:\/\/www.webdo.tn\/fr\/wp-json\/wp\/v2\/comments?post=393638"}],"version-history":[{"count":0,"href":"https:\/\/www.webdo.tn\/fr\/wp-json\/wp\/v2\/posts\/393638\/revisions"}],"wp:featuredmedia":[{"embeddable":true,"href":"https:\/\/www.webdo.tn\/fr\/wp-json\/wp\/v2\/media\/386801"}],"wp:attachment":[{"href":"https:\/\/www.webdo.tn\/fr\/wp-json\/wp\/v2\/media?parent=393638"}],"wp:term":[{"taxonomy":"category","embeddable":true,"href":"https:\/\/www.webdo.tn\/fr\/wp-json\/wp\/v2\/categories?post=393638"},{"taxonomy":"post_tag","embeddable":true,"href":"https:\/\/www.webdo.tn\/fr\/wp-json\/wp\/v2\/tags?post=393638"}],"curies":[{"name":"wp","href":"https:\/\/api.w.org\/{rel}","templated":true}]}}