{"id":393624,"date":"2026-02-23T12:45:59","date_gmt":"2026-02-23T11:45:59","guid":{"rendered":"https:\/\/www.webdo.tn\/fr\/?p=393624"},"modified":"2026-02-23T12:46:00","modified_gmt":"2026-02-23T11:46:00","slug":"sans-jouer-depuis-juillet-ons-jabeur-descend-au-269%e1%b5%89-rang-mondial","status":"publish","type":"post","link":"https:\/\/www.webdo.tn\/fr\/actualite\/sport\/sans-jouer-depuis-juillet-ons-jabeur-descend-au-269%e1%b5%89-rang-mondial\/393624\/","title":{"rendered":"Sans jouer depuis juillet, Ons Jabeur descend au 269\u1d49 rang mondial"},"content":{"rendered":"\n<p><strong>Huit mois apr\u00e8s sa derni\u00e8re apparition sur le circuit, Ons Jabeur voit son classement WTA fortement chuter, passant \u00e0 la 269\u1d49 place mondiale. Ancienne num\u00e9ro\u202f2 mondiale et finaliste de trois tournois du Grand Chelem, la Tunisienne a suspendu sa carri\u00e8re en juillet\u202f2025, apr\u00e8s un parcours marqu\u00e9 par plusieurs \u00e9liminations pr\u00e9coces lors des tournois majeurs de la saison.<\/strong><\/p>\n\n\n\n<p>Cette baisse s\u2019explique par la m\u00e9canique du classement WTA : les points accumul\u00e9s au cours des 52 derni\u00e8res semaines disparaissent en l\u2019absence de matches, ce qui affecte m\u00eame les joueuses les plus exp\u00e9riment\u00e9es.<\/p>\n\n\n\n<h2 class=\"wp-block-heading\" id=\"h-une-pause-volontaire-pour-se-ressourcer\">Une pause volontaire pour se ressourcer<\/h2>\n\n\n\n<p>La joueuse avait annonc\u00e9 cette pause en juillet 2025, soulignant la n\u00e9cessit\u00e9 de recharger ses batteries et de se recentrer sur son bien-\u00eatre. \u00ab\u202fJe ne me sentais plus vraiment heureuse sur le court\u202f\u00bb, avait-elle confi\u00e9, expliquant que cette pause \u00e9tait essentielle pour sa sant\u00e9 mentale et physique.<\/p>\n\n\n\n<p>Cette p\u00e9riode a permis \u00e0 Jabeur de prendre du recul sur sa carri\u00e8re et de r\u00e9fl\u00e9chir \u00e0 ses priorit\u00e9s, tout en laissant le temps \u00e0 son classement de refl\u00e9ter l\u2019impact de son absence.<\/p>\n\n\n\n<h2 class=\"wp-block-heading\" id=\"h-nouveau-role-et-influence-hors-des-courts\">Nouveau r\u00f4le et influence hors des courts<\/h2>\n\n\n\n<p>En 2026, Ons Jabeur s\u2019est investie dans un nouveau r\u00f4le de mentorat, guidant de jeunes joueuses et partageant son exp\u00e9rience strat\u00e9gique.<\/p>\n\n\n\n<blockquote class=\"wp-block-quote is-layout-flow wp-block-quote-is-layout-flow\">\n<blockquote class=\"wp-block-quote is-layout-flow wp-block-quote-is-layout-flow\">\n<ul class=\"wp-block-list\">\n<li class=\"has-medium-font-size\"><strong>Lire aussi : <\/strong><a href=\"https:\/\/www.webdo.tn\/fr\/actualite\/sport\/ons-jabeur-revient-sur-le-circuit\/388639\/\">Ons Jabeur revient sur le circuit\u2026<\/a><\/li>\n<\/ul>\n<\/blockquote>\n<\/blockquote>\n\n\n\n<p>Ce choix lui permet de rester active dans le tennis, m\u00eame sans comp\u00e9tition, et de transmettre son savoir \u00e0 la g\u00e9n\u00e9ration suivante. Son influence demeure intacte, malgr\u00e9 la baisse temporaire de son classement.<\/p>\n\n\n\n<h2 class=\"wp-block-heading\" id=\"h-une-chute-de-points-mais-un-capital-intact\">Une chute de points, mais un capital intact<\/h2>\n\n\n\n<p>Si la 269\u1d49 place refl\u00e8te son absence de comp\u00e9tition, elle ne traduit en rien sa valeur ou son potentiel. Avec 490 victoires en carri\u00e8re et un historique impressionnant sur le circuit WTA, Ons Jabeur conserve un statut de r\u00e9f\u00e9rence pour le tennis tunisien et africain. La baisse de son classement souligne simplement les effets m\u00e9caniques du syst\u00e8me de points WTA et l\u2019importance de l\u2019activit\u00e9 r\u00e9guli\u00e8re sur le circuit pour rester dans le top mondial.<\/p>\n\n\n\n<blockquote class=\"wp-block-quote is-layout-flow wp-block-quote-is-layout-flow\">\n<blockquote class=\"wp-block-quote is-layout-flow wp-block-quote-is-layout-flow\">\n<ul class=\"wp-block-list\">\n<li class=\"has-medium-font-size\">L<strong>ire aussi :<\/strong> <a href=\"https:\/\/www.webdo.tn\/fr\/actualite\/sport\/ons-jabeur-annonce-une-pause-dans-sa-carriere\/379870\/\">Ons Jabeur annonce une pause dans sa carri\u00e8re<\/a><\/li>\n<\/ul>\n<\/blockquote>\n<\/blockquote>\n\n\n\n<p>Huit mois apr\u00e8s son dernier match jou\u00e9 le 30 juin 2026, la championne tunisienne illustre que la pause peut co\u00fbter cher en points, mais ne remet pas en cause sa l\u00e9gende sportive ni son influence durable sur la sc\u00e8ne internationale.<\/p>\n","protected":false},"excerpt":{"rendered":"<p>Huit mois apr\u00e8s sa derni\u00e8re apparition sur le circuit, Ons Jabeur voit son classement WTA fortement chuter, passant \u00e0 la 269\u1d49 place mondiale. Ancienne num\u00e9ro\u202f2 mondiale et finaliste de trois tournois du Grand Chelem, la Tunisienne a suspendu sa carri\u00e8re en juillet\u202f2025, apr\u00e8s un parcours marqu\u00e9 par plusieurs \u00e9liminations pr\u00e9coces lors des tournois majeurs de [&hellip;]<\/p>\n","protected":false},"author":3189,"featured_media":393626,"comment_status":"closed","ping_status":"closed","sticky":false,"template":"","format":"standard","meta":{"footnotes":""},"categories":[2593],"tags":[2663,2604,2605,2608],"class_list":["post-393624","post","type-post","status-publish","format-standard","has-post-thumbnail","hentry","category-sport","tag-classement-wta","tag-ons-jabeur","tag-tennis","tag-tunisie"],"yoast_head":"<!-- This site is optimized with the Yoast SEO Premium plugin v27.4 (Yoast SEO v27.5) - https:\/\/yoast.com\/product\/yoast-seo-premium-wordpress\/ -->\n<title>Sans jouer depuis juillet, Ons Jabeur descend au 269\u1d49 rang mondial - webdo<\/title>\n<meta name=\"description\" content=\"Huit mois apr\u00e8s son dernier match, Ons Jabeur chute \u00e0 la 269\u1d49 place mondiale. D\u00e9couvrez l&#039;impact d&#039;une longue pause.\" \/>\n<link rel=\"canonical\" href=\"https:\/\/www.webdo.tn\/fr\/actualite\/sport\/sans-jouer-depuis-juillet-ons-jabeur-descend-au-269\u1d49-rang-mondial\/393624\/\" \/>\n<meta property=\"og:locale\" content=\"fr_FR\" \/>\n<meta property=\"og:type\" content=\"article\" \/>\n<meta property=\"og:title\" content=\"Sans jouer depuis juillet, Ons Jabeur descend au 269\u1d49 rang mondial\" \/>\n<meta property=\"og:description\" content=\"Huit mois apr\u00e8s son dernier match, Ons Jabeur chute \u00e0 la 269\u1d49 place mondiale. D\u00e9couvrez l&#039;impact d&#039;une longue pause.\" \/>\n<meta property=\"og:url\" content=\"https:\/\/www.webdo.tn\/fr\/actualite\/sport\/sans-jouer-depuis-juillet-ons-jabeur-descend-au-269\u1d49-rang-mondial\/393624\/\" \/>\n<meta property=\"og:site_name\" content=\"webdo\" \/>\n<meta property=\"article:publisher\" content=\"https:\/\/www.facebook.com\/webdotn\" \/>\n<meta property=\"article:author\" content=\"https:\/\/www.facebook.com\/youssef.rc.92\" \/>\n<meta property=\"article:published_time\" content=\"2026-02-23T11:45:59+00:00\" \/>\n<meta property=\"article:modified_time\" content=\"2026-02-23T11:46:00+00:00\" \/>\n<meta property=\"og:image\" content=\"https:\/\/www.webdo.tn\/fr\/wp-content\/uploads\/2026\/02\/Ons-Jabeur.jpg\" \/>\n\t<meta property=\"og:image:width\" content=\"1200\" \/>\n\t<meta property=\"og:image:height\" content=\"602\" \/>\n\t<meta property=\"og:image:type\" content=\"image\/jpeg\" \/>\n<meta name=\"author\" content=\"Maher Chaabane\" \/>\n<meta name=\"twitter:card\" content=\"summary_large_image\" \/>\n<meta name=\"twitter:creator\" content=\"@webdo_tn\" \/>\n<meta name=\"twitter:site\" content=\"@webdo_tn\" \/>\n<meta name=\"twitter:label1\" content=\"\u00c9crit par\" \/>\n\t<meta name=\"twitter:data1\" content=\"Maher Chaabane\" \/>\n\t<meta name=\"twitter:label2\" content=\"Dur\u00e9e de lecture estim\u00e9e\" \/>\n\t<meta name=\"twitter:data2\" content=\"3 minutes\" \/>\n<script type=\"application\/ld+json\" class=\"yoast-schema-graph\">{\"@context\":\"https:\\\/\\\/schema.org\",\"@graph\":[{\"@type\":\"NewsArticle\",\"@id\":\"https:\\\/\\\/www.webdo.tn\\\/fr\\\/actualite\\\/sport\\\/sans-jouer-depuis-juillet-ons-jabeur-descend-au-269%e1%b5%89-rang-mondial\\\/393624\\\/#article\",\"isPartOf\":{\"@id\":\"https:\\\/\\\/www.webdo.tn\\\/fr\\\/actualite\\\/sport\\\/sans-jouer-depuis-juillet-ons-jabeur-descend-au-269%e1%b5%89-rang-mondial\\\/393624\\\/\"},\"author\":{\"name\":\"Maher Chaabane\",\"@id\":\"https:\\\/\\\/www.webdo.tn\\\/fr\\\/#\\\/schema\\\/person\\\/57c261717927697fcf719ab1058a8003\"},\"headline\":\"Sans jouer depuis juillet, Ons Jabeur descend au 269\u1d49 rang mondial\",\"datePublished\":\"2026-02-23T11:45:59+00:00\",\"dateModified\":\"2026-02-23T11:46:00+00:00\",\"mainEntityOfPage\":{\"@id\":\"https:\\\/\\\/www.webdo.tn\\\/fr\\\/actualite\\\/sport\\\/sans-jouer-depuis-juillet-ons-jabeur-descend-au-269%e1%b5%89-rang-mondial\\\/393624\\\/\"},\"wordCount\":421,\"publisher\":{\"@id\":\"https:\\\/\\\/www.webdo.tn\\\/fr\\\/#organization\"},\"image\":{\"@id\":\"https:\\\/\\\/www.webdo.tn\\\/fr\\\/actualite\\\/sport\\\/sans-jouer-depuis-juillet-ons-jabeur-descend-au-269%e1%b5%89-rang-mondial\\\/393624\\\/#primaryimage\"},\"thumbnailUrl\":\"https:\\\/\\\/www.webdo.tn\\\/fr\\\/wp-content\\\/uploads\\\/2026\\\/02\\\/Ons-Jabeur.jpg\",\"keywords\":[\"classement wta\",\"Ons Jabeur\",\"tennis\",\"Tunisie\"],\"articleSection\":[\"Sport\"],\"inLanguage\":\"fr-FR\"},{\"@type\":\"WebPage\",\"@id\":\"https:\\\/\\\/www.webdo.tn\\\/fr\\\/actualite\\\/sport\\\/sans-jouer-depuis-juillet-ons-jabeur-descend-au-269%e1%b5%89-rang-mondial\\\/393624\\\/\",\"url\":\"https:\\\/\\\/www.webdo.tn\\\/fr\\\/actualite\\\/sport\\\/sans-jouer-depuis-juillet-ons-jabeur-descend-au-269%e1%b5%89-rang-mondial\\\/393624\\\/\",\"name\":\"Sans jouer depuis juillet, Ons Jabeur descend au 269\u1d49 rang mondial - webdo\",\"isPartOf\":{\"@id\":\"https:\\\/\\\/www.webdo.tn\\\/fr\\\/#website\"},\"primaryImageOfPage\":{\"@id\":\"https:\\\/\\\/www.webdo.tn\\\/fr\\\/actualite\\\/sport\\\/sans-jouer-depuis-juillet-ons-jabeur-descend-au-269%e1%b5%89-rang-mondial\\\/393624\\\/#primaryimage\"},\"image\":{\"@id\":\"https:\\\/\\\/www.webdo.tn\\\/fr\\\/actualite\\\/sport\\\/sans-jouer-depuis-juillet-ons-jabeur-descend-au-269%e1%b5%89-rang-mondial\\\/393624\\\/#primaryimage\"},\"thumbnailUrl\":\"https:\\\/\\\/www.webdo.tn\\\/fr\\\/wp-content\\\/uploads\\\/2026\\\/02\\\/Ons-Jabeur.jpg\",\"datePublished\":\"2026-02-23T11:45:59+00:00\",\"dateModified\":\"2026-02-23T11:46:00+00:00\",\"description\":\"Huit mois apr\u00e8s son dernier match, Ons Jabeur chute \u00e0 la 269\u1d49 place mondiale. D\u00e9couvrez l'impact d'une longue pause.\",\"breadcrumb\":{\"@id\":\"https:\\\/\\\/www.webdo.tn\\\/fr\\\/actualite\\\/sport\\\/sans-jouer-depuis-juillet-ons-jabeur-descend-au-269%e1%b5%89-rang-mondial\\\/393624\\\/#breadcrumb\"},\"inLanguage\":\"fr-FR\",\"potentialAction\":[{\"@type\":\"ReadAction\",\"target\":[\"https:\\\/\\\/www.webdo.tn\\\/fr\\\/actualite\\\/sport\\\/sans-jouer-depuis-juillet-ons-jabeur-descend-au-269%e1%b5%89-rang-mondial\\\/393624\\\/\"]}]},{\"@type\":\"ImageObject\",\"inLanguage\":\"fr-FR\",\"@id\":\"https:\\\/\\\/www.webdo.tn\\\/fr\\\/actualite\\\/sport\\\/sans-jouer-depuis-juillet-ons-jabeur-descend-au-269%e1%b5%89-rang-mondial\\\/393624\\\/#primaryimage\",\"url\":\"https:\\\/\\\/www.webdo.tn\\\/fr\\\/wp-content\\\/uploads\\\/2026\\\/02\\\/Ons-Jabeur.jpg\",\"contentUrl\":\"https:\\\/\\\/www.webdo.tn\\\/fr\\\/wp-content\\\/uploads\\\/2026\\\/02\\\/Ons-Jabeur.jpg\",\"width\":1200,\"height\":602,\"caption\":\"Ons Jabeur maman : la championne tunisienne accueille son premier enfant\"},{\"@type\":\"BreadcrumbList\",\"@id\":\"https:\\\/\\\/www.webdo.tn\\\/fr\\\/actualite\\\/sport\\\/sans-jouer-depuis-juillet-ons-jabeur-descend-au-269%e1%b5%89-rang-mondial\\\/393624\\\/#breadcrumb\",\"itemListElement\":[{\"@type\":\"ListItem\",\"position\":1,\"name\":\"Accueil\",\"item\":\"https:\\\/\\\/www.webdo.tn\\\/fr\\\/\"},{\"@type\":\"ListItem\",\"position\":2,\"name\":\"Sans jouer depuis juillet, Ons Jabeur descend au 269\u1d49 rang mondial\"}]},{\"@type\":\"WebSite\",\"@id\":\"https:\\\/\\\/www.webdo.tn\\\/fr\\\/#website\",\"url\":\"https:\\\/\\\/www.webdo.tn\\\/fr\\\/\",\"name\":\"webdo\",\"description\":\"Tunisie - News en Tunisie et \u00e0 l&#039;international sur Webdo.tn\",\"publisher\":{\"@id\":\"https:\\\/\\\/www.webdo.tn\\\/fr\\\/#organization\"},\"potentialAction\":[{\"@type\":\"SearchAction\",\"target\":{\"@type\":\"EntryPoint\",\"urlTemplate\":\"https:\\\/\\\/www.webdo.tn\\\/fr\\\/?s={search_term_string}\"},\"query-input\":{\"@type\":\"PropertyValueSpecification\",\"valueRequired\":true,\"valueName\":\"search_term_string\"}}],\"inLanguage\":\"fr-FR\"},{\"@type\":\"Organization\",\"@id\":\"https:\\\/\\\/www.webdo.tn\\\/fr\\\/#organization\",\"name\":\"Webdo\",\"alternateName\":\"Webdo.tn\",\"url\":\"https:\\\/\\\/www.webdo.tn\\\/fr\\\/\",\"logo\":{\"@type\":\"ImageObject\",\"inLanguage\":\"fr-FR\",\"@id\":\"https:\\\/\\\/www.webdo.tn\\\/fr\\\/#\\\/schema\\\/logo\\\/image\\\/\",\"url\":\"https:\\\/\\\/www.webdo.tn\\\/fr\\\/wp-content\\\/uploads\\\/2025\\\/06\\\/Webdo-Tunisie_168377.jpg\",\"contentUrl\":\"https:\\\/\\\/www.webdo.tn\\\/fr\\\/wp-content\\\/uploads\\\/2025\\\/06\\\/Webdo-Tunisie_168377.jpg\",\"width\":301,\"height\":301,\"caption\":\"Webdo\"},\"image\":{\"@id\":\"https:\\\/\\\/www.webdo.tn\\\/fr\\\/#\\\/schema\\\/logo\\\/image\\\/\"},\"sameAs\":[\"https:\\\/\\\/www.facebook.com\\\/webdotn\",\"https:\\\/\\\/x.com\\\/webdo_tn\"],\"description\":\"Webdo est un m\u00e9dia num\u00e9rique tunisien fond\u00e9 en 2010, sp\u00e9cialis\u00e9 dans l\u2019actualit\u00e9 nationale et internationale, l\u2019\u00e9conomie, la soci\u00e9t\u00e9 et les analyses politiques. Le site s\u2019adresse \u00e0 un large public francophone et couvre l\u2019information tunisienne en temps r\u00e9el.\",\"email\":\"redac@webdo.tn\",\"legalName\":\"YNJ SARL\",\"foundingDate\":\"2010-09-06\",\"numberOfEmployees\":{\"@type\":\"QuantitativeValue\",\"minValue\":\"11\",\"maxValue\":\"50\"}},{\"@type\":\"Person\",\"@id\":\"https:\\\/\\\/www.webdo.tn\\\/fr\\\/#\\\/schema\\\/person\\\/57c261717927697fcf719ab1058a8003\",\"name\":\"Maher Chaabane\",\"image\":{\"@type\":\"ImageObject\",\"inLanguage\":\"fr-FR\",\"@id\":\"https:\\\/\\\/www.webdo.tn\\\/fr\\\/wp-content\\\/uploads\\\/2026\\\/04\\\/maher-chaabane_avatar_2-96x96.jpg\",\"url\":\"https:\\\/\\\/www.webdo.tn\\\/fr\\\/wp-content\\\/uploads\\\/2026\\\/04\\\/maher-chaabane_avatar_2-96x96.jpg\",\"contentUrl\":\"https:\\\/\\\/www.webdo.tn\\\/fr\\\/wp-content\\\/uploads\\\/2026\\\/04\\\/maher-chaabane_avatar_2-96x96.jpg\",\"caption\":\"Maher Chaabane\"},\"description\":\"Maher Chaabane est journaliste et r\u00e9dacteur en chef de Webdo.tn depuis 2012. Il d\u00e9bute sa carri\u00e8re au sein du groupe Tunis Hebdo en 2000, o\u00f9 il couvre pendant plusieurs ann\u00e9es l\u2019actualit\u00e9 sportive et internationale, avant d\u2019occuper les fonctions de r\u00e9dacteur en chef adjoint. Fort de plus de deux d\u00e9cennies d\u2019exp\u00e9rience dans le journalisme, il supervise aujourd\u2019hui la production \u00e9ditoriale de Webdo et contribue activement \u00e0 la ligne du m\u00e9dia, en particulier sur les sujets d\u2019actualit\u00e9 nationale et internationale. https:\\\/\\\/www.facebook.com\\\/youssef.rc.92\",\"sameAs\":[\"https:\\\/\\\/www.facebook.com\\\/youssef.rc.92\"],\"knowsAbout\":[\"journalisme\",\"actualit\u00e9 internationale\",\"sport\",\"r\u00e9daction\",\"m\u00e9dias\",\"information\"],\"knowsLanguage\":[\"Fran\u00e7ais\",\"Arabe\"],\"jobTitle\":\"R\u00e9dacteur en chef\",\"worksFor\":\"Webdo.tn\",\"url\":\"https:\\\/\\\/www.webdo.tn\\\/fr\\\/actualite\\\/author\\\/maher-chaabane\\\/\"}]}<\/script>\n<!-- \/ Yoast SEO Premium plugin. -->","yoast_head_json":{"title":"Sans jouer depuis juillet, Ons Jabeur descend au 269\u1d49 rang mondial - webdo","description":"Huit mois apr\u00e8s son dernier match, Ons Jabeur chute \u00e0 la 269\u1d49 place mondiale. D\u00e9couvrez l'impact d'une longue pause.","canonical":"https:\/\/www.webdo.tn\/fr\/actualite\/sport\/sans-jouer-depuis-juillet-ons-jabeur-descend-au-269\u1d49-rang-mondial\/393624\/","og_locale":"fr_FR","og_type":"article","og_title":"Sans jouer depuis juillet, Ons Jabeur descend au 269\u1d49 rang mondial","og_description":"Huit mois apr\u00e8s son dernier match, Ons Jabeur chute \u00e0 la 269\u1d49 place mondiale. D\u00e9couvrez l'impact d'une longue pause.","og_url":"https:\/\/www.webdo.tn\/fr\/actualite\/sport\/sans-jouer-depuis-juillet-ons-jabeur-descend-au-269\u1d49-rang-mondial\/393624\/","og_site_name":"webdo","article_publisher":"https:\/\/www.facebook.com\/webdotn","article_author":"https:\/\/www.facebook.com\/youssef.rc.92","article_published_time":"2026-02-23T11:45:59+00:00","article_modified_time":"2026-02-23T11:46:00+00:00","og_image":[{"width":1200,"height":602,"url":"https:\/\/www.webdo.tn\/fr\/wp-content\/uploads\/2026\/02\/Ons-Jabeur.jpg","type":"image\/jpeg"}],"author":"Maher Chaabane","twitter_card":"summary_large_image","twitter_creator":"@webdo_tn","twitter_site":"@webdo_tn","twitter_misc":{"\u00c9crit par":"Maher Chaabane","Dur\u00e9e de lecture estim\u00e9e":"3 minutes"},"schema":{"@context":"https:\/\/schema.org","@graph":[{"@type":"NewsArticle","@id":"https:\/\/www.webdo.tn\/fr\/actualite\/sport\/sans-jouer-depuis-juillet-ons-jabeur-descend-au-269%e1%b5%89-rang-mondial\/393624\/#article","isPartOf":{"@id":"https:\/\/www.webdo.tn\/fr\/actualite\/sport\/sans-jouer-depuis-juillet-ons-jabeur-descend-au-269%e1%b5%89-rang-mondial\/393624\/"},"author":{"name":"Maher Chaabane","@id":"https:\/\/www.webdo.tn\/fr\/#\/schema\/person\/57c261717927697fcf719ab1058a8003"},"headline":"Sans jouer depuis juillet, Ons Jabeur descend au 269\u1d49 rang mondial","datePublished":"2026-02-23T11:45:59+00:00","dateModified":"2026-02-23T11:46:00+00:00","mainEntityOfPage":{"@id":"https:\/\/www.webdo.tn\/fr\/actualite\/sport\/sans-jouer-depuis-juillet-ons-jabeur-descend-au-269%e1%b5%89-rang-mondial\/393624\/"},"wordCount":421,"publisher":{"@id":"https:\/\/www.webdo.tn\/fr\/#organization"},"image":{"@id":"https:\/\/www.webdo.tn\/fr\/actualite\/sport\/sans-jouer-depuis-juillet-ons-jabeur-descend-au-269%e1%b5%89-rang-mondial\/393624\/#primaryimage"},"thumbnailUrl":"https:\/\/www.webdo.tn\/fr\/wp-content\/uploads\/2026\/02\/Ons-Jabeur.jpg","keywords":["classement wta","Ons Jabeur","tennis","Tunisie"],"articleSection":["Sport"],"inLanguage":"fr-FR"},{"@type":"WebPage","@id":"https:\/\/www.webdo.tn\/fr\/actualite\/sport\/sans-jouer-depuis-juillet-ons-jabeur-descend-au-269%e1%b5%89-rang-mondial\/393624\/","url":"https:\/\/www.webdo.tn\/fr\/actualite\/sport\/sans-jouer-depuis-juillet-ons-jabeur-descend-au-269%e1%b5%89-rang-mondial\/393624\/","name":"Sans jouer depuis juillet, Ons Jabeur descend au 269\u1d49 rang mondial - webdo","isPartOf":{"@id":"https:\/\/www.webdo.tn\/fr\/#website"},"primaryImageOfPage":{"@id":"https:\/\/www.webdo.tn\/fr\/actualite\/sport\/sans-jouer-depuis-juillet-ons-jabeur-descend-au-269%e1%b5%89-rang-mondial\/393624\/#primaryimage"},"image":{"@id":"https:\/\/www.webdo.tn\/fr\/actualite\/sport\/sans-jouer-depuis-juillet-ons-jabeur-descend-au-269%e1%b5%89-rang-mondial\/393624\/#primaryimage"},"thumbnailUrl":"https:\/\/www.webdo.tn\/fr\/wp-content\/uploads\/2026\/02\/Ons-Jabeur.jpg","datePublished":"2026-02-23T11:45:59+00:00","dateModified":"2026-02-23T11:46:00+00:00","description":"Huit mois apr\u00e8s son dernier match, Ons Jabeur chute \u00e0 la 269\u1d49 place mondiale. D\u00e9couvrez l'impact d'une longue pause.","breadcrumb":{"@id":"https:\/\/www.webdo.tn\/fr\/actualite\/sport\/sans-jouer-depuis-juillet-ons-jabeur-descend-au-269%e1%b5%89-rang-mondial\/393624\/#breadcrumb"},"inLanguage":"fr-FR","potentialAction":[{"@type":"ReadAction","target":["https:\/\/www.webdo.tn\/fr\/actualite\/sport\/sans-jouer-depuis-juillet-ons-jabeur-descend-au-269%e1%b5%89-rang-mondial\/393624\/"]}]},{"@type":"ImageObject","inLanguage":"fr-FR","@id":"https:\/\/www.webdo.tn\/fr\/actualite\/sport\/sans-jouer-depuis-juillet-ons-jabeur-descend-au-269%e1%b5%89-rang-mondial\/393624\/#primaryimage","url":"https:\/\/www.webdo.tn\/fr\/wp-content\/uploads\/2026\/02\/Ons-Jabeur.jpg","contentUrl":"https:\/\/www.webdo.tn\/fr\/wp-content\/uploads\/2026\/02\/Ons-Jabeur.jpg","width":1200,"height":602,"caption":"Ons Jabeur maman : la championne tunisienne accueille son premier enfant"},{"@type":"BreadcrumbList","@id":"https:\/\/www.webdo.tn\/fr\/actualite\/sport\/sans-jouer-depuis-juillet-ons-jabeur-descend-au-269%e1%b5%89-rang-mondial\/393624\/#breadcrumb","itemListElement":[{"@type":"ListItem","position":1,"name":"Accueil","item":"https:\/\/www.webdo.tn\/fr\/"},{"@type":"ListItem","position":2,"name":"Sans jouer depuis juillet, Ons Jabeur descend au 269\u1d49 rang mondial"}]},{"@type":"WebSite","@id":"https:\/\/www.webdo.tn\/fr\/#website","url":"https:\/\/www.webdo.tn\/fr\/","name":"webdo","description":"Tunisie - News en Tunisie et \u00e0 l&#039;international sur Webdo.tn","publisher":{"@id":"https:\/\/www.webdo.tn\/fr\/#organization"},"potentialAction":[{"@type":"SearchAction","target":{"@type":"EntryPoint","urlTemplate":"https:\/\/www.webdo.tn\/fr\/?s={search_term_string}"},"query-input":{"@type":"PropertyValueSpecification","valueRequired":true,"valueName":"search_term_string"}}],"inLanguage":"fr-FR"},{"@type":"Organization","@id":"https:\/\/www.webdo.tn\/fr\/#organization","name":"Webdo","alternateName":"Webdo.tn","url":"https:\/\/www.webdo.tn\/fr\/","logo":{"@type":"ImageObject","inLanguage":"fr-FR","@id":"https:\/\/www.webdo.tn\/fr\/#\/schema\/logo\/image\/","url":"https:\/\/www.webdo.tn\/fr\/wp-content\/uploads\/2025\/06\/Webdo-Tunisie_168377.jpg","contentUrl":"https:\/\/www.webdo.tn\/fr\/wp-content\/uploads\/2025\/06\/Webdo-Tunisie_168377.jpg","width":301,"height":301,"caption":"Webdo"},"image":{"@id":"https:\/\/www.webdo.tn\/fr\/#\/schema\/logo\/image\/"},"sameAs":["https:\/\/www.facebook.com\/webdotn","https:\/\/x.com\/webdo_tn"],"description":"Webdo est un m\u00e9dia num\u00e9rique tunisien fond\u00e9 en 2010, sp\u00e9cialis\u00e9 dans l\u2019actualit\u00e9 nationale et internationale, l\u2019\u00e9conomie, la soci\u00e9t\u00e9 et les analyses politiques. Le site s\u2019adresse \u00e0 un large public francophone et couvre l\u2019information tunisienne en temps r\u00e9el.","email":"redac@webdo.tn","legalName":"YNJ SARL","foundingDate":"2010-09-06","numberOfEmployees":{"@type":"QuantitativeValue","minValue":"11","maxValue":"50"}},{"@type":"Person","@id":"https:\/\/www.webdo.tn\/fr\/#\/schema\/person\/57c261717927697fcf719ab1058a8003","name":"Maher Chaabane","image":{"@type":"ImageObject","inLanguage":"fr-FR","@id":"https:\/\/www.webdo.tn\/fr\/wp-content\/uploads\/2026\/04\/maher-chaabane_avatar_2-96x96.jpg","url":"https:\/\/www.webdo.tn\/fr\/wp-content\/uploads\/2026\/04\/maher-chaabane_avatar_2-96x96.jpg","contentUrl":"https:\/\/www.webdo.tn\/fr\/wp-content\/uploads\/2026\/04\/maher-chaabane_avatar_2-96x96.jpg","caption":"Maher Chaabane"},"description":"Maher Chaabane est journaliste et r\u00e9dacteur en chef de Webdo.tn depuis 2012. Il d\u00e9bute sa carri\u00e8re au sein du groupe Tunis Hebdo en 2000, o\u00f9 il couvre pendant plusieurs ann\u00e9es l\u2019actualit\u00e9 sportive et internationale, avant d\u2019occuper les fonctions de r\u00e9dacteur en chef adjoint. Fort de plus de deux d\u00e9cennies d\u2019exp\u00e9rience dans le journalisme, il supervise aujourd\u2019hui la production \u00e9ditoriale de Webdo et contribue activement \u00e0 la ligne du m\u00e9dia, en particulier sur les sujets d\u2019actualit\u00e9 nationale et internationale. https:\/\/www.facebook.com\/youssef.rc.92","sameAs":["https:\/\/www.facebook.com\/youssef.rc.92"],"knowsAbout":["journalisme","actualit\u00e9 internationale","sport","r\u00e9daction","m\u00e9dias","information"],"knowsLanguage":["Fran\u00e7ais","Arabe"],"jobTitle":"R\u00e9dacteur en chef","worksFor":"Webdo.tn","url":"https:\/\/www.webdo.tn\/fr\/actualite\/author\/maher-chaabane\/"}]}},"_links":{"self":[{"href":"https:\/\/www.webdo.tn\/fr\/wp-json\/wp\/v2\/posts\/393624","targetHints":{"allow":["GET"]}}],"collection":[{"href":"https:\/\/www.webdo.tn\/fr\/wp-json\/wp\/v2\/posts"}],"about":[{"href":"https:\/\/www.webdo.tn\/fr\/wp-json\/wp\/v2\/types\/post"}],"author":[{"embeddable":true,"href":"https:\/\/www.webdo.tn\/fr\/wp-json\/wp\/v2\/users\/3189"}],"replies":[{"embeddable":true,"href":"https:\/\/www.webdo.tn\/fr\/wp-json\/wp\/v2\/comments?post=393624"}],"version-history":[{"count":0,"href":"https:\/\/www.webdo.tn\/fr\/wp-json\/wp\/v2\/posts\/393624\/revisions"}],"wp:featuredmedia":[{"embeddable":true,"href":"https:\/\/www.webdo.tn\/fr\/wp-json\/wp\/v2\/media\/393626"}],"wp:attachment":[{"href":"https:\/\/www.webdo.tn\/fr\/wp-json\/wp\/v2\/media?parent=393624"}],"wp:term":[{"taxonomy":"category","embeddable":true,"href":"https:\/\/www.webdo.tn\/fr\/wp-json\/wp\/v2\/categories?post=393624"},{"taxonomy":"post_tag","embeddable":true,"href":"https:\/\/www.webdo.tn\/fr\/wp-json\/wp\/v2\/tags?post=393624"}],"curies":[{"name":"wp","href":"https:\/\/api.w.org\/{rel}","templated":true}]}}