{"id":393608,"date":"2026-02-23T12:13:03","date_gmt":"2026-02-23T11:13:03","guid":{"rendered":"https:\/\/www.webdo.tn\/fr\/?p=393608"},"modified":"2026-02-23T12:43:26","modified_gmt":"2026-02-23T11:43:26","slug":"viande-rouge-le-gaaoud-a-30-dt-larme-anti-crise-du-sud-face-a-un-agneau-qui-senvole","status":"publish","type":"post","link":"https:\/\/www.webdo.tn\/fr\/actualite\/national\/viande-rouge-le-gaaoud-a-30-dt-larme-anti-crise-du-sud-face-a-un-agneau-qui-senvole\/393608\/","title":{"rendered":"Viande rouge : Le \u201cGa\u00e2oud\u201d \u00e0 30 DT, l\u2019arme anti-crise du Sud face \u00e0 un agneau qui s\u2019envole"},"content":{"rendered":"\n<p><strong>Alors que le Ramadan 2026 s\u2019ouvre sous le signe d\u2019une nouvelle tension sur les viandes rouges, un contraste saisissant appara\u00eet entre les \u00e9tals du pays. Dans plusieurs r\u00e9gions, le prix de l\u2019agneau d\u00e9passe d\u00e9j\u00e0 65 dinars le kilo et pourrait franchir les 70 dinars au cours du mois saint. M\u00eame la viande r\u00e9gul\u00e9e propos\u00e9e par la Soci\u00e9t\u00e9 Ellouhoum autour de 42,9 dinars peine \u00e0 rassurer des m\u00e9nages confront\u00e9s \u00e0 un pouvoir d\u2019achat sous pression.<\/strong><\/p>\n\n\n\n<p>\u00c0 Tataouine, le jeune dromadaire \u2014 le \u201cGa\u00e2oud\u201d \u2014 s\u2019\u00e9coule entre 29 et 30 dinars le kilo, avec une dizaine d\u2019abattages quotidiens depuis les premiers jours du Ramadan. Longtemps consid\u00e9r\u00e9e comme r\u00e9gionale, cette viande appara\u00eet d\u00e9sormais comme la seule \u00e0 rester durablement accessible.<\/p>\n\n\n\n<h2 class=\"wp-block-heading\" id=\"h-une-economie-locale-devenue-reponse-nationale\">Une \u00e9conomie locale devenue r\u00e9ponse nationale<\/h2>\n\n\n\n<p>La viande cameline n\u2019est pas nouvelle dans le Sud. Adapt\u00e9 au climat aride, le dromadaire y constitue depuis toujours un \u00e9levage rationnel, moins d\u00e9pendant des pluies et du co\u00fbt des aliments import\u00e9s que les fili\u00e8res bovine et ovine. Tant que les prix restaient \u00e9quilibr\u00e9s, cette consommation demeurait culturellement situ\u00e9e : au Nord, le mouton dominait ; au Sud, il coexistait avec le camelin.<\/p>\n\n\n\n<p>La hausse continue des co\u00fbts a modifi\u00e9 cet \u00e9quilibre. Rar\u00e9faction du cheptel, recul des importations et rench\u00e9rissement de l\u2019alimentation animale ont progressivement transform\u00e9 la viande rouge en produit de plus en plus occasionnel. Dans ce contexte, l\u2019\u00e9cart de prix devient d\u00e9terminant : une viande vendue presque moiti\u00e9 moins ch\u00e8re cesse d\u2019\u00eatre un choix culturel pour devenir un arbitrage \u00e9conomique.<\/p>\n\n\n\n<p>Le ph\u00e9nom\u00e8ne prend une dimension particuli\u00e8re durant le Ramadan, p\u00e9riode o\u00f9 la demande culinaire r\u00e9v\u00e8le les r\u00e9alit\u00e9s du march\u00e9. L\u00e0 o\u00f9 certaines viandes deviennent festives, d\u2019autres prennent un r\u00f4le de stabilisation quotidienne.<\/p>\n\n\n\n<h2 class=\"wp-block-heading\" id=\"h-une-filiere-desormais-encouragee\">Une fili\u00e8re d\u00e9sormais encourag\u00e9e<\/h2>\n\n\n\n<p>Cette \u00e9volution n\u2019est pas uniquement le fruit du march\u00e9. Les autorit\u00e9s encouragent depuis plusieurs mois le d\u00e9veloppement de la fili\u00e8re cameline. \u00c0 Tataouine, le cheptel approche aujourd\u2019hui les 13.000 t\u00eates, et la r\u00e9gion contribue \u00e0 hauteur d\u2019environ 2500 tonnes \u00e0 la production nationale, soit pr\u00e8s de 2,3% du total. Des projets d\u2019engraissement et l\u2019organisation progressive de la distribution au-del\u00e0 du Sud accompagnent cette dynamique. L\u2019objectif affich\u00e9 n\u2019est pas de remplacer l\u2019agneau, mais de limiter la volatilit\u00e9 des prix de la viande rouge.<\/p>\n\n\n\n<p>Dans un secteur fragilis\u00e9 \u2014 pr\u00e8s de 3000 boucheries ont ferm\u00e9 depuis 2018 \u2014 le dromadaire appara\u00eet ainsi comme une ressource locale capable d\u2019amortir les chocs d\u2019approvisionnement. Le \u201cGa\u00e2oud\u201d, notamment la vari\u00e9t\u00e9 \u201cArdhawi\u201d r\u00e9put\u00e9e pour sa saveur, quitte progressivement son statut de produit de terroir pour acqu\u00e9rir une fonction \u00e9conomique.<\/p>\n\n\n\n<blockquote class=\"wp-block-quote is-layout-flow wp-block-quote-is-layout-flow\">\n<blockquote class=\"wp-block-quote is-layout-flow wp-block-quote-is-layout-flow\">\n<p><strong>Lire aussi:<\/strong><\/p>\n\n\n\n<ul class=\"wp-block-list\">\n<li class=\"has-medium-font-size\"><a href=\"https:\/\/www.webdo.tn\/fr\/actualite\/national\/viande-rouge-les-bouchers-alertent-sur-une-flambee-des-prix-pour-le-ramadan\/393094\/\">Viande rouge : Les bouchers alertent sur une flamb\u00e9e des prix pour le Ramadan<\/a><\/li>\n\n\n\n<li class=\"has-medium-font-size\"><a href=\"https:\/\/www.webdo.tn\/fr\/actualite\/national\/ramadan-ellouhoum-affiche-la-viande-rouge-a-ce-prix\/393223\/\">Ramadan : Ellouhoum affiche la viande rouge \u00e0 ce prix<\/a><\/li>\n<\/ul>\n<\/blockquote>\n<\/blockquote>\n\n\n\n<p><\/p>\n","protected":false},"excerpt":{"rendered":"<p>Alors que le Ramadan 2026 s\u2019ouvre sous le signe d\u2019une nouvelle tension sur les viandes rouges, un contraste saisissant appara\u00eet entre les \u00e9tals du pays. Dans plusieurs r\u00e9gions, le prix de l\u2019agneau d\u00e9passe d\u00e9j\u00e0 65 dinars le kilo et pourrait franchir les 70 dinars au cours du mois saint. M\u00eame la viande r\u00e9gul\u00e9e propos\u00e9e par [&hellip;]<\/p>\n","protected":false},"author":4779,"featured_media":393614,"comment_status":"closed","ping_status":"closed","sticky":false,"template":"","format":"standard","meta":{"footnotes":""},"categories":[44],"tags":[12448,2609,2805,3972],"class_list":["post-393608","post","type-post","status-publish","format-standard","has-post-thumbnail","hentry","category-national","tag-dromadaires","tag-prix","tag-tataouine","tag-viandes"],"yoast_head":"<!-- This site is optimized with the Yoast SEO Premium plugin v27.5 (Yoast SEO v27.5) - https:\/\/yoast.com\/product\/yoast-seo-premium-wordpress\/ -->\n<title>Viande rouge : Le \u201cGa\u00e2oud\u201d \u00e0 30 DT, l\u2019arme anti-crise du Sud face \u00e0 un agneau qui s\u2019envole - webdo<\/title>\n<meta name=\"description\" content=\"Le &#039;Ga\u00e2oud&#039; \u00e0 30 DT : une viande rouge accessible en p\u00e9riode de tensions sur les prix, surtout pendant le Ramadan.\" \/>\n<link rel=\"canonical\" href=\"https:\/\/www.webdo.tn\/fr\/actualite\/national\/viande-rouge-le-gaaoud-a-30-dt-larme-anti-crise-du-sud-face-a-un-agneau-qui-senvole\/393608\/\" \/>\n<meta property=\"og:locale\" content=\"fr_FR\" \/>\n<meta property=\"og:type\" content=\"article\" \/>\n<meta property=\"og:title\" content=\"Viande rouge : Le \u201cGa\u00e2oud\u201d \u00e0 30 DT, l\u2019arme anti-crise du Sud face \u00e0 un agneau qui s\u2019envole\" \/>\n<meta property=\"og:description\" content=\"Le &#039;Ga\u00e2oud&#039; \u00e0 30 DT : une viande rouge accessible en p\u00e9riode de tensions sur les prix, surtout pendant le Ramadan.\" \/>\n<meta property=\"og:url\" content=\"https:\/\/www.webdo.tn\/fr\/actualite\/national\/viande-rouge-le-gaaoud-a-30-dt-larme-anti-crise-du-sud-face-a-un-agneau-qui-senvole\/393608\/\" \/>\n<meta property=\"og:site_name\" content=\"webdo\" \/>\n<meta property=\"article:publisher\" content=\"https:\/\/www.facebook.com\/webdotn\" \/>\n<meta property=\"article:published_time\" content=\"2026-02-23T11:13:03+00:00\" \/>\n<meta property=\"article:modified_time\" content=\"2026-02-23T11:43:26+00:00\" \/>\n<meta property=\"og:image\" content=\"https:\/\/www.webdo.tn\/fr\/wp-content\/uploads\/2026\/02\/dromadaires.jpg\" \/>\n\t<meta property=\"og:image:width\" content=\"1200\" \/>\n\t<meta property=\"og:image:height\" content=\"600\" \/>\n\t<meta property=\"og:image:type\" content=\"image\/jpeg\" \/>\n<meta name=\"author\" content=\"Firas Ben Abdeltif\" \/>\n<meta name=\"twitter:card\" content=\"summary_large_image\" \/>\n<meta name=\"twitter:creator\" content=\"@webdo_tn\" \/>\n<meta name=\"twitter:site\" content=\"@webdo_tn\" \/>\n<meta name=\"twitter:label1\" content=\"\u00c9crit par\" \/>\n\t<meta name=\"twitter:data1\" content=\"Firas Ben Abdeltif\" \/>\n\t<meta name=\"twitter:label2\" content=\"Dur\u00e9e de lecture estim\u00e9e\" \/>\n\t<meta name=\"twitter:data2\" content=\"3 minutes\" \/>\n<script type=\"application\/ld+json\" class=\"yoast-schema-graph\">{\"@context\":\"https:\\\/\\\/schema.org\",\"@graph\":[{\"@type\":\"NewsArticle\",\"@id\":\"https:\\\/\\\/www.webdo.tn\\\/fr\\\/actualite\\\/national\\\/viande-rouge-le-gaaoud-a-30-dt-larme-anti-crise-du-sud-face-a-un-agneau-qui-senvole\\\/393608\\\/#article\",\"isPartOf\":{\"@id\":\"https:\\\/\\\/www.webdo.tn\\\/fr\\\/actualite\\\/national\\\/viande-rouge-le-gaaoud-a-30-dt-larme-anti-crise-du-sud-face-a-un-agneau-qui-senvole\\\/393608\\\/\"},\"author\":{\"name\":\"Firas Ben Abdeltif\",\"@id\":\"https:\\\/\\\/www.webdo.tn\\\/fr\\\/#\\\/schema\\\/person\\\/19664196c9bfdcda126f3c27709f7d11\"},\"headline\":\"Viande rouge : Le \u201cGa\u00e2oud\u201d \u00e0 30 DT, l\u2019arme anti-crise du Sud face \u00e0 un agneau qui s\u2019envole\",\"datePublished\":\"2026-02-23T11:13:03+00:00\",\"dateModified\":\"2026-02-23T11:43:26+00:00\",\"mainEntityOfPage\":{\"@id\":\"https:\\\/\\\/www.webdo.tn\\\/fr\\\/actualite\\\/national\\\/viande-rouge-le-gaaoud-a-30-dt-larme-anti-crise-du-sud-face-a-un-agneau-qui-senvole\\\/393608\\\/\"},\"wordCount\":504,\"publisher\":{\"@id\":\"https:\\\/\\\/www.webdo.tn\\\/fr\\\/#organization\"},\"image\":{\"@id\":\"https:\\\/\\\/www.webdo.tn\\\/fr\\\/actualite\\\/national\\\/viande-rouge-le-gaaoud-a-30-dt-larme-anti-crise-du-sud-face-a-un-agneau-qui-senvole\\\/393608\\\/#primaryimage\"},\"thumbnailUrl\":\"https:\\\/\\\/www.webdo.tn\\\/fr\\\/wp-content\\\/uploads\\\/2026\\\/02\\\/dromadaires.jpg\",\"keywords\":[\"dromadaires\",\"prix\",\"Tataouine\",\"Viandes\"],\"articleSection\":[\"National\"],\"inLanguage\":\"fr-FR\"},{\"@type\":\"WebPage\",\"@id\":\"https:\\\/\\\/www.webdo.tn\\\/fr\\\/actualite\\\/national\\\/viande-rouge-le-gaaoud-a-30-dt-larme-anti-crise-du-sud-face-a-un-agneau-qui-senvole\\\/393608\\\/\",\"url\":\"https:\\\/\\\/www.webdo.tn\\\/fr\\\/actualite\\\/national\\\/viande-rouge-le-gaaoud-a-30-dt-larme-anti-crise-du-sud-face-a-un-agneau-qui-senvole\\\/393608\\\/\",\"name\":\"Viande rouge : Le \u201cGa\u00e2oud\u201d \u00e0 30 DT, l\u2019arme anti-crise du Sud face \u00e0 un agneau qui s\u2019envole - webdo\",\"isPartOf\":{\"@id\":\"https:\\\/\\\/www.webdo.tn\\\/fr\\\/#website\"},\"primaryImageOfPage\":{\"@id\":\"https:\\\/\\\/www.webdo.tn\\\/fr\\\/actualite\\\/national\\\/viande-rouge-le-gaaoud-a-30-dt-larme-anti-crise-du-sud-face-a-un-agneau-qui-senvole\\\/393608\\\/#primaryimage\"},\"image\":{\"@id\":\"https:\\\/\\\/www.webdo.tn\\\/fr\\\/actualite\\\/national\\\/viande-rouge-le-gaaoud-a-30-dt-larme-anti-crise-du-sud-face-a-un-agneau-qui-senvole\\\/393608\\\/#primaryimage\"},\"thumbnailUrl\":\"https:\\\/\\\/www.webdo.tn\\\/fr\\\/wp-content\\\/uploads\\\/2026\\\/02\\\/dromadaires.jpg\",\"datePublished\":\"2026-02-23T11:13:03+00:00\",\"dateModified\":\"2026-02-23T11:43:26+00:00\",\"description\":\"Le 'Ga\u00e2oud' \u00e0 30 DT : une viande rouge accessible en p\u00e9riode de tensions sur les prix, surtout pendant le Ramadan.\",\"breadcrumb\":{\"@id\":\"https:\\\/\\\/www.webdo.tn\\\/fr\\\/actualite\\\/national\\\/viande-rouge-le-gaaoud-a-30-dt-larme-anti-crise-du-sud-face-a-un-agneau-qui-senvole\\\/393608\\\/#breadcrumb\"},\"inLanguage\":\"fr-FR\",\"potentialAction\":[{\"@type\":\"ReadAction\",\"target\":[\"https:\\\/\\\/www.webdo.tn\\\/fr\\\/actualite\\\/national\\\/viande-rouge-le-gaaoud-a-30-dt-larme-anti-crise-du-sud-face-a-un-agneau-qui-senvole\\\/393608\\\/\"]}]},{\"@type\":\"ImageObject\",\"inLanguage\":\"fr-FR\",\"@id\":\"https:\\\/\\\/www.webdo.tn\\\/fr\\\/actualite\\\/national\\\/viande-rouge-le-gaaoud-a-30-dt-larme-anti-crise-du-sud-face-a-un-agneau-qui-senvole\\\/393608\\\/#primaryimage\",\"url\":\"https:\\\/\\\/www.webdo.tn\\\/fr\\\/wp-content\\\/uploads\\\/2026\\\/02\\\/dromadaires.jpg\",\"contentUrl\":\"https:\\\/\\\/www.webdo.tn\\\/fr\\\/wp-content\\\/uploads\\\/2026\\\/02\\\/dromadaires.jpg\",\"width\":1200,\"height\":600,\"caption\":\"Viande rouge : \u00e0 Tataouine, le dromadaire r\u00e9siste \u00e0 la flamb\u00e9e des prix\"},{\"@type\":\"BreadcrumbList\",\"@id\":\"https:\\\/\\\/www.webdo.tn\\\/fr\\\/actualite\\\/national\\\/viande-rouge-le-gaaoud-a-30-dt-larme-anti-crise-du-sud-face-a-un-agneau-qui-senvole\\\/393608\\\/#breadcrumb\",\"itemListElement\":[{\"@type\":\"ListItem\",\"position\":1,\"name\":\"Accueil\",\"item\":\"https:\\\/\\\/www.webdo.tn\\\/fr\\\/\"},{\"@type\":\"ListItem\",\"position\":2,\"name\":\"Viande rouge : Le \u201cGa\u00e2oud\u201d \u00e0 30 DT, l\u2019arme anti-crise du Sud face \u00e0 un agneau qui s\u2019envole\"}]},{\"@type\":\"WebSite\",\"@id\":\"https:\\\/\\\/www.webdo.tn\\\/fr\\\/#website\",\"url\":\"https:\\\/\\\/www.webdo.tn\\\/fr\\\/\",\"name\":\"webdo\",\"description\":\"Tunisie - News en Tunisie et \u00e0 l&#039;international sur Webdo.tn\",\"publisher\":{\"@id\":\"https:\\\/\\\/www.webdo.tn\\\/fr\\\/#organization\"},\"potentialAction\":[{\"@type\":\"SearchAction\",\"target\":{\"@type\":\"EntryPoint\",\"urlTemplate\":\"https:\\\/\\\/www.webdo.tn\\\/fr\\\/?s={search_term_string}\"},\"query-input\":{\"@type\":\"PropertyValueSpecification\",\"valueRequired\":true,\"valueName\":\"search_term_string\"}}],\"inLanguage\":\"fr-FR\"},{\"@type\":\"Organization\",\"@id\":\"https:\\\/\\\/www.webdo.tn\\\/fr\\\/#organization\",\"name\":\"Webdo\",\"alternateName\":\"Webdo.tn\",\"url\":\"https:\\\/\\\/www.webdo.tn\\\/fr\\\/\",\"logo\":{\"@type\":\"ImageObject\",\"inLanguage\":\"fr-FR\",\"@id\":\"https:\\\/\\\/www.webdo.tn\\\/fr\\\/#\\\/schema\\\/logo\\\/image\\\/\",\"url\":\"https:\\\/\\\/www.webdo.tn\\\/fr\\\/wp-content\\\/uploads\\\/2025\\\/06\\\/Webdo-Tunisie_168377.jpg\",\"contentUrl\":\"https:\\\/\\\/www.webdo.tn\\\/fr\\\/wp-content\\\/uploads\\\/2025\\\/06\\\/Webdo-Tunisie_168377.jpg\",\"width\":301,\"height\":301,\"caption\":\"Webdo\"},\"image\":{\"@id\":\"https:\\\/\\\/www.webdo.tn\\\/fr\\\/#\\\/schema\\\/logo\\\/image\\\/\"},\"sameAs\":[\"https:\\\/\\\/www.facebook.com\\\/webdotn\",\"https:\\\/\\\/x.com\\\/webdo_tn\"],\"description\":\"Webdo est un m\u00e9dia num\u00e9rique tunisien fond\u00e9 en 2010, sp\u00e9cialis\u00e9 dans l\u2019actualit\u00e9 nationale et internationale, l\u2019\u00e9conomie, la soci\u00e9t\u00e9 et les analyses politiques. Le site s\u2019adresse \u00e0 un large public francophone et couvre l\u2019information tunisienne en temps r\u00e9el.\",\"email\":\"redac@webdo.tn\",\"legalName\":\"YNJ SARL\",\"foundingDate\":\"2010-09-06\",\"numberOfEmployees\":{\"@type\":\"QuantitativeValue\",\"minValue\":\"11\",\"maxValue\":\"50\"}},{\"@type\":\"Person\",\"@id\":\"https:\\\/\\\/www.webdo.tn\\\/fr\\\/#\\\/schema\\\/person\\\/19664196c9bfdcda126f3c27709f7d11\",\"name\":\"Firas Ben Abdeltif\",\"image\":{\"@type\":\"ImageObject\",\"inLanguage\":\"fr-FR\",\"@id\":\"https:\\\/\\\/secure.gravatar.com\\\/avatar\\\/161a347d40df098a084778c52ed133dbd85f14df003867067c5948081241ec55?s=96&d=mm&r=g\",\"url\":\"https:\\\/\\\/secure.gravatar.com\\\/avatar\\\/161a347d40df098a084778c52ed133dbd85f14df003867067c5948081241ec55?s=96&d=mm&r=g\",\"contentUrl\":\"https:\\\/\\\/secure.gravatar.com\\\/avatar\\\/161a347d40df098a084778c52ed133dbd85f14df003867067c5948081241ec55?s=96&d=mm&r=g\",\"caption\":\"Firas Ben Abdeltif\"},\"url\":\"https:\\\/\\\/www.webdo.tn\\\/fr\\\/actualite\\\/author\\\/firas-ben-abdeltif\\\/\"}]}<\/script>\n<!-- \/ Yoast SEO Premium plugin. -->","yoast_head_json":{"title":"Viande rouge : Le \u201cGa\u00e2oud\u201d \u00e0 30 DT, l\u2019arme anti-crise du Sud face \u00e0 un agneau qui s\u2019envole - webdo","description":"Le 'Ga\u00e2oud' \u00e0 30 DT : une viande rouge accessible en p\u00e9riode de tensions sur les prix, surtout pendant le Ramadan.","canonical":"https:\/\/www.webdo.tn\/fr\/actualite\/national\/viande-rouge-le-gaaoud-a-30-dt-larme-anti-crise-du-sud-face-a-un-agneau-qui-senvole\/393608\/","og_locale":"fr_FR","og_type":"article","og_title":"Viande rouge : Le \u201cGa\u00e2oud\u201d \u00e0 30 DT, l\u2019arme anti-crise du Sud face \u00e0 un agneau qui s\u2019envole","og_description":"Le 'Ga\u00e2oud' \u00e0 30 DT : une viande rouge accessible en p\u00e9riode de tensions sur les prix, surtout pendant le Ramadan.","og_url":"https:\/\/www.webdo.tn\/fr\/actualite\/national\/viande-rouge-le-gaaoud-a-30-dt-larme-anti-crise-du-sud-face-a-un-agneau-qui-senvole\/393608\/","og_site_name":"webdo","article_publisher":"https:\/\/www.facebook.com\/webdotn","article_published_time":"2026-02-23T11:13:03+00:00","article_modified_time":"2026-02-23T11:43:26+00:00","og_image":[{"width":1200,"height":600,"url":"https:\/\/www.webdo.tn\/fr\/wp-content\/uploads\/2026\/02\/dromadaires.jpg","type":"image\/jpeg"}],"author":"Firas Ben Abdeltif","twitter_card":"summary_large_image","twitter_creator":"@webdo_tn","twitter_site":"@webdo_tn","twitter_misc":{"\u00c9crit par":"Firas Ben Abdeltif","Dur\u00e9e de lecture estim\u00e9e":"3 minutes"},"schema":{"@context":"https:\/\/schema.org","@graph":[{"@type":"NewsArticle","@id":"https:\/\/www.webdo.tn\/fr\/actualite\/national\/viande-rouge-le-gaaoud-a-30-dt-larme-anti-crise-du-sud-face-a-un-agneau-qui-senvole\/393608\/#article","isPartOf":{"@id":"https:\/\/www.webdo.tn\/fr\/actualite\/national\/viande-rouge-le-gaaoud-a-30-dt-larme-anti-crise-du-sud-face-a-un-agneau-qui-senvole\/393608\/"},"author":{"name":"Firas Ben Abdeltif","@id":"https:\/\/www.webdo.tn\/fr\/#\/schema\/person\/19664196c9bfdcda126f3c27709f7d11"},"headline":"Viande rouge : Le \u201cGa\u00e2oud\u201d \u00e0 30 DT, l\u2019arme anti-crise du Sud face \u00e0 un agneau qui s\u2019envole","datePublished":"2026-02-23T11:13:03+00:00","dateModified":"2026-02-23T11:43:26+00:00","mainEntityOfPage":{"@id":"https:\/\/www.webdo.tn\/fr\/actualite\/national\/viande-rouge-le-gaaoud-a-30-dt-larme-anti-crise-du-sud-face-a-un-agneau-qui-senvole\/393608\/"},"wordCount":504,"publisher":{"@id":"https:\/\/www.webdo.tn\/fr\/#organization"},"image":{"@id":"https:\/\/www.webdo.tn\/fr\/actualite\/national\/viande-rouge-le-gaaoud-a-30-dt-larme-anti-crise-du-sud-face-a-un-agneau-qui-senvole\/393608\/#primaryimage"},"thumbnailUrl":"https:\/\/www.webdo.tn\/fr\/wp-content\/uploads\/2026\/02\/dromadaires.jpg","keywords":["dromadaires","prix","Tataouine","Viandes"],"articleSection":["National"],"inLanguage":"fr-FR"},{"@type":"WebPage","@id":"https:\/\/www.webdo.tn\/fr\/actualite\/national\/viande-rouge-le-gaaoud-a-30-dt-larme-anti-crise-du-sud-face-a-un-agneau-qui-senvole\/393608\/","url":"https:\/\/www.webdo.tn\/fr\/actualite\/national\/viande-rouge-le-gaaoud-a-30-dt-larme-anti-crise-du-sud-face-a-un-agneau-qui-senvole\/393608\/","name":"Viande rouge : Le \u201cGa\u00e2oud\u201d \u00e0 30 DT, l\u2019arme anti-crise du Sud face \u00e0 un agneau qui s\u2019envole - webdo","isPartOf":{"@id":"https:\/\/www.webdo.tn\/fr\/#website"},"primaryImageOfPage":{"@id":"https:\/\/www.webdo.tn\/fr\/actualite\/national\/viande-rouge-le-gaaoud-a-30-dt-larme-anti-crise-du-sud-face-a-un-agneau-qui-senvole\/393608\/#primaryimage"},"image":{"@id":"https:\/\/www.webdo.tn\/fr\/actualite\/national\/viande-rouge-le-gaaoud-a-30-dt-larme-anti-crise-du-sud-face-a-un-agneau-qui-senvole\/393608\/#primaryimage"},"thumbnailUrl":"https:\/\/www.webdo.tn\/fr\/wp-content\/uploads\/2026\/02\/dromadaires.jpg","datePublished":"2026-02-23T11:13:03+00:00","dateModified":"2026-02-23T11:43:26+00:00","description":"Le 'Ga\u00e2oud' \u00e0 30 DT : une viande rouge accessible en p\u00e9riode de tensions sur les prix, surtout pendant le Ramadan.","breadcrumb":{"@id":"https:\/\/www.webdo.tn\/fr\/actualite\/national\/viande-rouge-le-gaaoud-a-30-dt-larme-anti-crise-du-sud-face-a-un-agneau-qui-senvole\/393608\/#breadcrumb"},"inLanguage":"fr-FR","potentialAction":[{"@type":"ReadAction","target":["https:\/\/www.webdo.tn\/fr\/actualite\/national\/viande-rouge-le-gaaoud-a-30-dt-larme-anti-crise-du-sud-face-a-un-agneau-qui-senvole\/393608\/"]}]},{"@type":"ImageObject","inLanguage":"fr-FR","@id":"https:\/\/www.webdo.tn\/fr\/actualite\/national\/viande-rouge-le-gaaoud-a-30-dt-larme-anti-crise-du-sud-face-a-un-agneau-qui-senvole\/393608\/#primaryimage","url":"https:\/\/www.webdo.tn\/fr\/wp-content\/uploads\/2026\/02\/dromadaires.jpg","contentUrl":"https:\/\/www.webdo.tn\/fr\/wp-content\/uploads\/2026\/02\/dromadaires.jpg","width":1200,"height":600,"caption":"Viande rouge : \u00e0 Tataouine, le dromadaire r\u00e9siste \u00e0 la flamb\u00e9e des prix"},{"@type":"BreadcrumbList","@id":"https:\/\/www.webdo.tn\/fr\/actualite\/national\/viande-rouge-le-gaaoud-a-30-dt-larme-anti-crise-du-sud-face-a-un-agneau-qui-senvole\/393608\/#breadcrumb","itemListElement":[{"@type":"ListItem","position":1,"name":"Accueil","item":"https:\/\/www.webdo.tn\/fr\/"},{"@type":"ListItem","position":2,"name":"Viande rouge : Le \u201cGa\u00e2oud\u201d \u00e0 30 DT, l\u2019arme anti-crise du Sud face \u00e0 un agneau qui s\u2019envole"}]},{"@type":"WebSite","@id":"https:\/\/www.webdo.tn\/fr\/#website","url":"https:\/\/www.webdo.tn\/fr\/","name":"webdo","description":"Tunisie - News en Tunisie et \u00e0 l&#039;international sur Webdo.tn","publisher":{"@id":"https:\/\/www.webdo.tn\/fr\/#organization"},"potentialAction":[{"@type":"SearchAction","target":{"@type":"EntryPoint","urlTemplate":"https:\/\/www.webdo.tn\/fr\/?s={search_term_string}"},"query-input":{"@type":"PropertyValueSpecification","valueRequired":true,"valueName":"search_term_string"}}],"inLanguage":"fr-FR"},{"@type":"Organization","@id":"https:\/\/www.webdo.tn\/fr\/#organization","name":"Webdo","alternateName":"Webdo.tn","url":"https:\/\/www.webdo.tn\/fr\/","logo":{"@type":"ImageObject","inLanguage":"fr-FR","@id":"https:\/\/www.webdo.tn\/fr\/#\/schema\/logo\/image\/","url":"https:\/\/www.webdo.tn\/fr\/wp-content\/uploads\/2025\/06\/Webdo-Tunisie_168377.jpg","contentUrl":"https:\/\/www.webdo.tn\/fr\/wp-content\/uploads\/2025\/06\/Webdo-Tunisie_168377.jpg","width":301,"height":301,"caption":"Webdo"},"image":{"@id":"https:\/\/www.webdo.tn\/fr\/#\/schema\/logo\/image\/"},"sameAs":["https:\/\/www.facebook.com\/webdotn","https:\/\/x.com\/webdo_tn"],"description":"Webdo est un m\u00e9dia num\u00e9rique tunisien fond\u00e9 en 2010, sp\u00e9cialis\u00e9 dans l\u2019actualit\u00e9 nationale et internationale, l\u2019\u00e9conomie, la soci\u00e9t\u00e9 et les analyses politiques. Le site s\u2019adresse \u00e0 un large public francophone et couvre l\u2019information tunisienne en temps r\u00e9el.","email":"redac@webdo.tn","legalName":"YNJ SARL","foundingDate":"2010-09-06","numberOfEmployees":{"@type":"QuantitativeValue","minValue":"11","maxValue":"50"}},{"@type":"Person","@id":"https:\/\/www.webdo.tn\/fr\/#\/schema\/person\/19664196c9bfdcda126f3c27709f7d11","name":"Firas Ben Abdeltif","image":{"@type":"ImageObject","inLanguage":"fr-FR","@id":"https:\/\/secure.gravatar.com\/avatar\/161a347d40df098a084778c52ed133dbd85f14df003867067c5948081241ec55?s=96&d=mm&r=g","url":"https:\/\/secure.gravatar.com\/avatar\/161a347d40df098a084778c52ed133dbd85f14df003867067c5948081241ec55?s=96&d=mm&r=g","contentUrl":"https:\/\/secure.gravatar.com\/avatar\/161a347d40df098a084778c52ed133dbd85f14df003867067c5948081241ec55?s=96&d=mm&r=g","caption":"Firas Ben Abdeltif"},"url":"https:\/\/www.webdo.tn\/fr\/actualite\/author\/firas-ben-abdeltif\/"}]}},"_links":{"self":[{"href":"https:\/\/www.webdo.tn\/fr\/wp-json\/wp\/v2\/posts\/393608","targetHints":{"allow":["GET"]}}],"collection":[{"href":"https:\/\/www.webdo.tn\/fr\/wp-json\/wp\/v2\/posts"}],"about":[{"href":"https:\/\/www.webdo.tn\/fr\/wp-json\/wp\/v2\/types\/post"}],"author":[{"embeddable":true,"href":"https:\/\/www.webdo.tn\/fr\/wp-json\/wp\/v2\/users\/4779"}],"replies":[{"embeddable":true,"href":"https:\/\/www.webdo.tn\/fr\/wp-json\/wp\/v2\/comments?post=393608"}],"version-history":[{"count":0,"href":"https:\/\/www.webdo.tn\/fr\/wp-json\/wp\/v2\/posts\/393608\/revisions"}],"wp:featuredmedia":[{"embeddable":true,"href":"https:\/\/www.webdo.tn\/fr\/wp-json\/wp\/v2\/media\/393614"}],"wp:attachment":[{"href":"https:\/\/www.webdo.tn\/fr\/wp-json\/wp\/v2\/media?parent=393608"}],"wp:term":[{"taxonomy":"category","embeddable":true,"href":"https:\/\/www.webdo.tn\/fr\/wp-json\/wp\/v2\/categories?post=393608"},{"taxonomy":"post_tag","embeddable":true,"href":"https:\/\/www.webdo.tn\/fr\/wp-json\/wp\/v2\/tags?post=393608"}],"curies":[{"name":"wp","href":"https:\/\/api.w.org\/{rel}","templated":true}]}}