{"id":393596,"date":"2026-02-23T10:53:51","date_gmt":"2026-02-23T09:53:51","guid":{"rendered":"https:\/\/www.webdo.tn\/fr\/?p=393596"},"modified":"2026-02-23T13:05:02","modified_gmt":"2026-02-23T12:05:02","slug":"droits-de-douane-us-apres-le-coup-de-theatre-a-washington-tout-reste-ouvert","status":"publish","type":"post","link":"https:\/\/www.webdo.tn\/fr\/actualite\/international\/droits-de-douane-us-apres-le-coup-de-theatre-a-washington-tout-reste-ouvert\/393596\/","title":{"rendered":"Droits de douane US : apr\u00e8s le coup de th\u00e9\u00e2tre \u00e0 Washington, quel impact pour la Tunisie\u202f?"},"content":{"rendered":"\n<p><strong>Dans les derniers jours de f\u00e9vrier 2026, une confrontation majeure s\u2019est intensifi\u00e9e autour de la politique tarifaire des \u00c9tats-Unis, orchestr\u00e9e par le pr\u00e9sident Donald Trump, au c\u0153ur de l\u2019actuelle guerre commerciale mondiale. Cette \u00ab affaire des droits de douane am\u00e9ricains \u00bb combine une d\u00e9cision judiciaire historique, une r\u00e9ponse politique radicale, et des r\u00e9percussions internationales et \u00e9conomiques importantes.<\/strong><\/p>\n\n\n\n<h2 class=\"wp-block-heading\" id=\"h-un-revers-majeur-a-la-cour-supreme\">Un revers majeur \u00e0 la Cour supr\u00eame<\/h2>\n\n\n\n<p>La crise a atteint un tournant le 20 f\u00e9vrier 2026, lorsque la Cour supr\u00eame des \u00c9tats-Unis a jug\u00e9 inconstitutionnelle une grande partie des droits de douane impos\u00e9s par l\u2019administration Trump, estimant que le pr\u00e9sident n\u2019avait pas le pouvoir l\u00e9gal d\u2019utiliser une loi d\u2019urgence (IEEPA) pour taxer massivement les importations sans l\u2019accord du Congr\u00e8s.<\/p>\n\n\n\n<blockquote class=\"wp-block-quote is-layout-flow wp-block-quote-is-layout-flow\">\n<blockquote class=\"wp-block-quote is-layout-flow wp-block-quote-is-layout-flow\">\n<ul class=\"wp-block-list\">\n<li class=\"has-medium-font-size\"><strong>Lire aussi :<\/strong> <a href=\"https:\/\/www.webdo.tn\/fr\/actualite\/international\/trump-frappe-des-dizaines-de-pays-avec-de-nouveaux-droits-de-douane-jusqua-41-pour-lalgerie\/380785\/\">Trump frappe des dizaines de pays avec de nouveaux droits de douane<\/a><\/li>\n<\/ul>\n<\/blockquote>\n<\/blockquote>\n\n\n\n<p>Ce jugement a invalid\u00e9 les mesures tarifaires jug\u00e9es \u00ab r\u00e9ciproques \u00bb, affectant des dizaines de pays, et a ouvert la possibilit\u00e9 de remboursements importants aux entreprises importatrices, bien que la proc\u00e9dure exacte reste incertaine.<\/p>\n\n\n\n<h2 class=\"wp-block-heading\" id=\"h-la-riposte-de-washington-nouveaux-droits-de-douane\">La riposte de Washington : nouveaux droits de douane<\/h2>\n\n\n\n<p>Plut\u00f4t que d\u2019abandonner sa politique, Donald Trump a annonc\u00e9 une nouvelle strat\u00e9gie tarifaire, un d\u00e9cret \u00e9tablissant un nouveau droit de douane mondial de 10%, pr\u00e9vu pour entrer en vigueur fin f\u00e9vrier 2026.<\/p>\n\n\n\n<p>Puis, quelques heures plus tard, il a port\u00e9 ce taux \u00e0 15% \u00ab avec effet imm\u00e9diat \u00bb, en s\u2019appuyant sur une autre loi commerciale \u2014 la section 122 du Trade Act de 1974 \u2014 qui permet au pr\u00e9sident d\u2019imposer temporairement des surtaxes sans vote du Congr\u00e8s.<\/p>\n\n\n\n<blockquote class=\"wp-block-quote is-layout-flow wp-block-quote-is-layout-flow\">\n<blockquote class=\"wp-block-quote is-layout-flow wp-block-quote-is-layout-flow\">\n<ul class=\"wp-block-list\">\n<li class=\"has-medium-font-size\"><strong>Lire aussi : <\/strong><a href=\"https:\/\/www.webdo.tn\/fr\/actualite\/international\/trump-impose-des-droits-de-douane-de-30-sur-lue-et-le-mexique\/379581\/\">Trump impose des droits de douane de 30 % sur l\u2019UE et le Mexique<\/a><\/li>\n<\/ul>\n<\/blockquote>\n<\/blockquote>\n\n\n\n<p>Cette hausse s\u2019applique \u00e0 tous les pays exportateurs vers les \u00c9tats-Unis, m\u00eame ceux ayant des accords commerciaux existants comme l\u2019Union europ\u00e9enne, le Japon, ou la Cor\u00e9e du Sud.<\/p>\n\n\n\n<h2 class=\"wp-block-heading\" id=\"h-reactions-mondiales-et-consequences-economiques\">R\u00e9actions mondiales et cons\u00e9quences \u00e9conomiques<\/h2>\n\n\n\n<p>La d\u00e9cision judiciaire et la r\u00e9action de Washington ont suscit\u00e9 des inqui\u00e9tudes internationales. L\u2019Union europ\u00e9enne a appel\u00e9 les \u00c9tats-Unis \u00e0 respecter les accords commerciaux existants et a menac\u00e9 de r\u00e9pliquer si les nouveaux tarifs cr\u00e9ent des distorsions injustes.<\/p>\n\n\n\n<p>Les march\u00e9s financiers ont r\u00e9agi de mani\u00e8re mitig\u00e9e : la lev\u00e9e de certaines anciennes taxes a \u00e9t\u00e9 salu\u00e9e, mais la perspective de nouveaux tarifs a maintenu une forte incertitude \u00e9conomique.<\/p>\n\n\n\n<p>Certains pays exportateurs, comme la Chine ou la Br\u00e9sil, pourraient b\u00e9n\u00e9ficier du changement de structure tarifaire, tandis que d\u2019autres alli\u00e9s pourraient perdre des avantages commerciaux.<\/p>\n\n\n\n<h2 class=\"wp-block-heading\" id=\"h-de-bon-augure-pour-la-tunisie\">De bon augure pour la Tunisie\u00a0?<\/h2>\n\n\n\n<p>Depuis le 7 ao\u00fbt 2025, les \u00c9tats-Unis ont impos\u00e9 une surtaxe douani\u00e8re de 25% sur de nombreuses importations en provenance de Tunisie, dans le cadre d&rsquo;une politique de r\u00e9ciprocit\u00e9 commerciale. Cette mesure cible notamment des produits cl\u00e9s comme l&rsquo;huile d&rsquo;olive et les dattes, mena\u00e7ant la comp\u00e9titivit\u00e9 des exportations tunisiennes, bien que des n\u00e9gociations soient en cours pour att\u00e9nuer ces taux.<\/p>\n\n\n\n<p>Mais depuis l\u2019entr\u00e9e en vigueur de ces nouvelles taxes, la Tunisie poursuit ces n\u00e9gociations avec les Etats-Unis afin de les r\u00e9viser \u00e0 la baisse. Le ministre des Affaires Etrang\u00e8res, Mohamed Ali Nafti a, dans ce contexte, re\u00e7u, en janvier dernier, Massad Boulos, haut conseiller du pr\u00e9sident am\u00e9ricain Donald Trump, pour les affaires du Moyen-Orient, du monde arabe et de l\u2019Afrique.<\/p>\n\n\n\n<p>A cette occasion, Nafti avait soulign\u00e9 l\u2019importance de parvenir \u00e0 la conclusion d\u2019un accord commercial bilat\u00e9ral permettant la r\u00e9vision des droits de douane impos\u00e9s, afin d\u2019assurer la continuit\u00e9 des exportations des principaux produits tunisiens vers le march\u00e9 am\u00e9ricain, en particulier l\u2019huile d\u2019olive.<\/p>\n\n\n\n<p>Cette \u00ab affaire des droits de douane am\u00e9ricains \u00bb est, \u00e0 premi\u00e8re vue, b\u00e9n\u00e9fique \u00e0 la Tunisie sachant que les Etats-Unis absorbent pr\u00e8s de 26% des exportations d\u2019huile d\u2019olive conditionn\u00e9e.<\/p>\n\n\n\n<h2 class=\"wp-block-heading\" id=\"h-que-signifie-tout-cela-concretement\">Que signifie tout cela concr\u00e8tement ?<\/h2>\n\n\n\n<p>L\u2019affaire des droits de douane am\u00e9ricains n\u2019est pas seulement un litige juridique : elle influence le commerce mondial, les prix \u00e0 la consommation, et les strat\u00e9gies d\u2019entreprise. La Cour supr\u00eame a limit\u00e9 l\u2019autorit\u00e9 pr\u00e9sidentielle en mati\u00e8re commerciale, r\u00e9affirmant le r\u00f4le central du Congr\u00e8s.<\/p>\n\n\n\n<p>Toutefois, l\u2019administration am\u00e9ricaine cherche \u00e0 contourner ce verdict avec de nouvelles bases l\u00e9gales, maintenant des tarifs \u00e9lev\u00e9s.<\/p>\n\n\n\n<p>L\u2019incertitude tarifaire p\u00e8se sur les entreprises, les cha\u00eenes d\u2019approvisionnement, et les n\u00e9gociations internationales, notamment avec l\u2019UE, l\u2019Asie et l\u2019Am\u00e9rique latine.<\/p>\n","protected":false},"excerpt":{"rendered":"<p>Dans les derniers jours de f\u00e9vrier 2026, une confrontation majeure s\u2019est intensifi\u00e9e autour de la politique tarifaire des \u00c9tats-Unis, orchestr\u00e9e par le pr\u00e9sident Donald Trump, au c\u0153ur de l\u2019actuelle guerre commerciale mondiale. Cette \u00ab affaire des droits de douane am\u00e9ricains \u00bb combine une d\u00e9cision judiciaire historique, une r\u00e9ponse politique radicale, et des r\u00e9percussions internationales et [&hellip;]<\/p>\n","protected":false},"author":4782,"featured_media":393597,"comment_status":"closed","ping_status":"closed","sticky":false,"template":"","format":"standard","meta":{"footnotes":""},"categories":[2598],"tags":[3401,3035,3342],"class_list":["post-393596","post","type-post","status-publish","format-standard","has-post-thumbnail","hentry","category-international","tag-droits-de-douane","tag-etats-unis","tag-taxes-americaines"],"yoast_head":"<!-- This site is optimized with the Yoast SEO Premium plugin v27.5 (Yoast SEO v27.5) - https:\/\/yoast.com\/product\/yoast-seo-premium-wordpress\/ -->\n<title>Droits de douane US : apr\u00e8s le coup de th\u00e9\u00e2tre \u00e0 Washington, quel impact pour la Tunisie\u202f? - webdo<\/title>\n<meta name=\"description\" content=\"D\u00e9couvrez l&#039;impact des droits de douane US sur la Tunisie apr\u00e8s la d\u00e9cision historique de la Cour supr\u00eame des \u00c9tats-Unis.\" \/>\n<link rel=\"canonical\" href=\"https:\/\/www.webdo.tn\/fr\/actualite\/international\/droits-de-douane-us-apres-le-coup-de-theatre-a-washington-tout-reste-ouvert\/393596\/\" \/>\n<meta property=\"og:locale\" content=\"fr_FR\" \/>\n<meta property=\"og:type\" content=\"article\" \/>\n<meta property=\"og:title\" content=\"Droits de douane US : apr\u00e8s le coup de th\u00e9\u00e2tre \u00e0 Washington, quel impact pour la Tunisie\u202f?\" \/>\n<meta property=\"og:description\" content=\"D\u00e9couvrez l&#039;impact des droits de douane US sur la Tunisie apr\u00e8s la d\u00e9cision historique de la Cour supr\u00eame des \u00c9tats-Unis.\" \/>\n<meta property=\"og:url\" content=\"https:\/\/www.webdo.tn\/fr\/actualite\/international\/droits-de-douane-us-apres-le-coup-de-theatre-a-washington-tout-reste-ouvert\/393596\/\" \/>\n<meta property=\"og:site_name\" content=\"webdo\" \/>\n<meta property=\"article:publisher\" content=\"https:\/\/www.facebook.com\/webdotn\" \/>\n<meta property=\"article:published_time\" content=\"2026-02-23T09:53:51+00:00\" \/>\n<meta property=\"article:modified_time\" content=\"2026-02-23T12:05:02+00:00\" \/>\n<meta property=\"og:image\" content=\"https:\/\/www.webdo.tn\/fr\/wp-content\/uploads\/2026\/02\/Trump.jpg\" \/>\n\t<meta property=\"og:image:width\" content=\"1200\" \/>\n\t<meta property=\"og:image:height\" content=\"605\" \/>\n\t<meta property=\"og:image:type\" content=\"image\/jpeg\" \/>\n<meta name=\"author\" content=\"Mohamed Fethi\" \/>\n<meta name=\"twitter:card\" content=\"summary_large_image\" \/>\n<meta name=\"twitter:creator\" content=\"@webdo_tn\" \/>\n<meta name=\"twitter:site\" content=\"@webdo_tn\" \/>\n<meta name=\"twitter:label1\" content=\"\u00c9crit par\" \/>\n\t<meta name=\"twitter:data1\" content=\"Mohamed Fethi\" \/>\n\t<meta name=\"twitter:label2\" content=\"Dur\u00e9e de lecture estim\u00e9e\" \/>\n\t<meta name=\"twitter:data2\" content=\"4 minutes\" \/>\n<script type=\"application\/ld+json\" class=\"yoast-schema-graph\">{\"@context\":\"https:\\\/\\\/schema.org\",\"@graph\":[{\"@type\":\"NewsArticle\",\"@id\":\"https:\\\/\\\/www.webdo.tn\\\/fr\\\/actualite\\\/international\\\/droits-de-douane-us-apres-le-coup-de-theatre-a-washington-tout-reste-ouvert\\\/393596\\\/#article\",\"isPartOf\":{\"@id\":\"https:\\\/\\\/www.webdo.tn\\\/fr\\\/actualite\\\/international\\\/droits-de-douane-us-apres-le-coup-de-theatre-a-washington-tout-reste-ouvert\\\/393596\\\/\"},\"author\":{\"name\":\"Mohamed Fethi\",\"@id\":\"https:\\\/\\\/www.webdo.tn\\\/fr\\\/#\\\/schema\\\/person\\\/16a4857e77dfc0b610c4c2cadffc9ac4\"},\"headline\":\"Droits de douane US : apr\u00e8s le coup de th\u00e9\u00e2tre \u00e0 Washington, quel impact pour la Tunisie\u202f?\",\"datePublished\":\"2026-02-23T09:53:51+00:00\",\"dateModified\":\"2026-02-23T12:05:02+00:00\",\"mainEntityOfPage\":{\"@id\":\"https:\\\/\\\/www.webdo.tn\\\/fr\\\/actualite\\\/international\\\/droits-de-douane-us-apres-le-coup-de-theatre-a-washington-tout-reste-ouvert\\\/393596\\\/\"},\"wordCount\":783,\"publisher\":{\"@id\":\"https:\\\/\\\/www.webdo.tn\\\/fr\\\/#organization\"},\"image\":{\"@id\":\"https:\\\/\\\/www.webdo.tn\\\/fr\\\/actualite\\\/international\\\/droits-de-douane-us-apres-le-coup-de-theatre-a-washington-tout-reste-ouvert\\\/393596\\\/#primaryimage\"},\"thumbnailUrl\":\"https:\\\/\\\/www.webdo.tn\\\/fr\\\/wp-content\\\/uploads\\\/2026\\\/02\\\/Trump.jpg\",\"keywords\":[\"Droits De Douane\",\"Etats-Unis\",\"taxes am\u00e9ricaines\"],\"articleSection\":[\"International\"],\"inLanguage\":\"fr-FR\"},{\"@type\":\"WebPage\",\"@id\":\"https:\\\/\\\/www.webdo.tn\\\/fr\\\/actualite\\\/international\\\/droits-de-douane-us-apres-le-coup-de-theatre-a-washington-tout-reste-ouvert\\\/393596\\\/\",\"url\":\"https:\\\/\\\/www.webdo.tn\\\/fr\\\/actualite\\\/international\\\/droits-de-douane-us-apres-le-coup-de-theatre-a-washington-tout-reste-ouvert\\\/393596\\\/\",\"name\":\"Droits de douane US : apr\u00e8s le coup de th\u00e9\u00e2tre \u00e0 Washington, quel impact pour la Tunisie\u202f? - webdo\",\"isPartOf\":{\"@id\":\"https:\\\/\\\/www.webdo.tn\\\/fr\\\/#website\"},\"primaryImageOfPage\":{\"@id\":\"https:\\\/\\\/www.webdo.tn\\\/fr\\\/actualite\\\/international\\\/droits-de-douane-us-apres-le-coup-de-theatre-a-washington-tout-reste-ouvert\\\/393596\\\/#primaryimage\"},\"image\":{\"@id\":\"https:\\\/\\\/www.webdo.tn\\\/fr\\\/actualite\\\/international\\\/droits-de-douane-us-apres-le-coup-de-theatre-a-washington-tout-reste-ouvert\\\/393596\\\/#primaryimage\"},\"thumbnailUrl\":\"https:\\\/\\\/www.webdo.tn\\\/fr\\\/wp-content\\\/uploads\\\/2026\\\/02\\\/Trump.jpg\",\"datePublished\":\"2026-02-23T09:53:51+00:00\",\"dateModified\":\"2026-02-23T12:05:02+00:00\",\"description\":\"D\u00e9couvrez l'impact des droits de douane US sur la Tunisie apr\u00e8s la d\u00e9cision historique de la Cour supr\u00eame des \u00c9tats-Unis.\",\"breadcrumb\":{\"@id\":\"https:\\\/\\\/www.webdo.tn\\\/fr\\\/actualite\\\/international\\\/droits-de-douane-us-apres-le-coup-de-theatre-a-washington-tout-reste-ouvert\\\/393596\\\/#breadcrumb\"},\"inLanguage\":\"fr-FR\",\"potentialAction\":[{\"@type\":\"ReadAction\",\"target\":[\"https:\\\/\\\/www.webdo.tn\\\/fr\\\/actualite\\\/international\\\/droits-de-douane-us-apres-le-coup-de-theatre-a-washington-tout-reste-ouvert\\\/393596\\\/\"]}]},{\"@type\":\"ImageObject\",\"inLanguage\":\"fr-FR\",\"@id\":\"https:\\\/\\\/www.webdo.tn\\\/fr\\\/actualite\\\/international\\\/droits-de-douane-us-apres-le-coup-de-theatre-a-washington-tout-reste-ouvert\\\/393596\\\/#primaryimage\",\"url\":\"https:\\\/\\\/www.webdo.tn\\\/fr\\\/wp-content\\\/uploads\\\/2026\\\/02\\\/Trump.jpg\",\"contentUrl\":\"https:\\\/\\\/www.webdo.tn\\\/fr\\\/wp-content\\\/uploads\\\/2026\\\/02\\\/Trump.jpg\",\"width\":1200,\"height\":605,\"caption\":\"Trump annonce la fin de tous les \u00e9changes commerciaux avec l\u2019Espagne\"},{\"@type\":\"BreadcrumbList\",\"@id\":\"https:\\\/\\\/www.webdo.tn\\\/fr\\\/actualite\\\/international\\\/droits-de-douane-us-apres-le-coup-de-theatre-a-washington-tout-reste-ouvert\\\/393596\\\/#breadcrumb\",\"itemListElement\":[{\"@type\":\"ListItem\",\"position\":1,\"name\":\"Accueil\",\"item\":\"https:\\\/\\\/www.webdo.tn\\\/fr\\\/\"},{\"@type\":\"ListItem\",\"position\":2,\"name\":\"Droits de douane US : apr\u00e8s le coup de th\u00e9\u00e2tre \u00e0 Washington, quel impact pour la Tunisie\u202f?\"}]},{\"@type\":\"WebSite\",\"@id\":\"https:\\\/\\\/www.webdo.tn\\\/fr\\\/#website\",\"url\":\"https:\\\/\\\/www.webdo.tn\\\/fr\\\/\",\"name\":\"webdo\",\"description\":\"Tunisie - News en Tunisie et \u00e0 l&#039;international sur Webdo.tn\",\"publisher\":{\"@id\":\"https:\\\/\\\/www.webdo.tn\\\/fr\\\/#organization\"},\"potentialAction\":[{\"@type\":\"SearchAction\",\"target\":{\"@type\":\"EntryPoint\",\"urlTemplate\":\"https:\\\/\\\/www.webdo.tn\\\/fr\\\/?s={search_term_string}\"},\"query-input\":{\"@type\":\"PropertyValueSpecification\",\"valueRequired\":true,\"valueName\":\"search_term_string\"}}],\"inLanguage\":\"fr-FR\"},{\"@type\":\"Organization\",\"@id\":\"https:\\\/\\\/www.webdo.tn\\\/fr\\\/#organization\",\"name\":\"Webdo\",\"alternateName\":\"Webdo.tn\",\"url\":\"https:\\\/\\\/www.webdo.tn\\\/fr\\\/\",\"logo\":{\"@type\":\"ImageObject\",\"inLanguage\":\"fr-FR\",\"@id\":\"https:\\\/\\\/www.webdo.tn\\\/fr\\\/#\\\/schema\\\/logo\\\/image\\\/\",\"url\":\"https:\\\/\\\/www.webdo.tn\\\/fr\\\/wp-content\\\/uploads\\\/2025\\\/06\\\/Webdo-Tunisie_168377.jpg\",\"contentUrl\":\"https:\\\/\\\/www.webdo.tn\\\/fr\\\/wp-content\\\/uploads\\\/2025\\\/06\\\/Webdo-Tunisie_168377.jpg\",\"width\":301,\"height\":301,\"caption\":\"Webdo\"},\"image\":{\"@id\":\"https:\\\/\\\/www.webdo.tn\\\/fr\\\/#\\\/schema\\\/logo\\\/image\\\/\"},\"sameAs\":[\"https:\\\/\\\/www.facebook.com\\\/webdotn\",\"https:\\\/\\\/x.com\\\/webdo_tn\"],\"description\":\"Webdo est un m\u00e9dia num\u00e9rique tunisien fond\u00e9 en 2010, sp\u00e9cialis\u00e9 dans l\u2019actualit\u00e9 nationale et internationale, l\u2019\u00e9conomie, la soci\u00e9t\u00e9 et les analyses politiques. Le site s\u2019adresse \u00e0 un large public francophone et couvre l\u2019information tunisienne en temps r\u00e9el.\",\"email\":\"redac@webdo.tn\",\"legalName\":\"YNJ SARL\",\"foundingDate\":\"2010-09-06\",\"numberOfEmployees\":{\"@type\":\"QuantitativeValue\",\"minValue\":\"11\",\"maxValue\":\"50\"}},{\"@type\":\"Person\",\"@id\":\"https:\\\/\\\/www.webdo.tn\\\/fr\\\/#\\\/schema\\\/person\\\/16a4857e77dfc0b610c4c2cadffc9ac4\",\"name\":\"Mohamed Fethi\",\"image\":{\"@type\":\"ImageObject\",\"inLanguage\":\"fr-FR\",\"@id\":\"https:\\\/\\\/www.webdo.tn\\\/fr\\\/wp-content\\\/uploads\\\/2026\\\/04\\\/mohamed-fethi_avatar_1-96x96.jpg\",\"url\":\"https:\\\/\\\/www.webdo.tn\\\/fr\\\/wp-content\\\/uploads\\\/2026\\\/04\\\/mohamed-fethi_avatar_1-96x96.jpg\",\"contentUrl\":\"https:\\\/\\\/www.webdo.tn\\\/fr\\\/wp-content\\\/uploads\\\/2026\\\/04\\\/mohamed-fethi_avatar_1-96x96.jpg\",\"caption\":\"Mohamed Fethi\"},\"description\":\"Signature \u00e9ditoriale de Maher Chaabane Mohamed Fethi est le pseudonyme \u00e9ditorial de Maher Chaabane, r\u00e9dacteur en chef de Webdo.tn depuis 2012. Cette signature est d\u00e9di\u00e9e au traitement intensif de l'actualit\u00e9 nationale et internationale en temps r\u00e9el. S'appuyant sur les deux d\u00e9cennies d'expertise journalistique de Maher Chaabane \u2014 d\u00e9but\u00e9e au sein du groupe Tunis Hebdo en 2000 \u2014 Mohamed Fethi assure une veille rigoureuse sur les enjeux politiques, \u00e9conomiques et sportifs. Sa mission est de garantir une information structur\u00e9e, fluide et fid\u00e8le aux standards de la r\u00e9daction. Pour consulter le parcours complet du r\u00e9dacteur en chef, visitez le profil officiel de Maher Chaabane.\",\"knowsAbout\":[\"actualit\u00e9\",\"journalisme\",\"information\",\"politique\",\"sport\",\"m\u00e9dias\",\"actualit\u00e9 internationale\"],\"knowsLanguage\":[\"Fran\u00e7ais\",\"Arabe\"],\"jobTitle\":\"Journaliste \u2013 R\u00e9daction Webdo\",\"worksFor\":\"Webdo.tn\",\"url\":\"https:\\\/\\\/www.webdo.tn\\\/fr\\\/actualite\\\/author\\\/mohamed-fethi\\\/\"}]}<\/script>\n<!-- \/ Yoast SEO Premium plugin. -->","yoast_head_json":{"title":"Droits de douane US : apr\u00e8s le coup de th\u00e9\u00e2tre \u00e0 Washington, quel impact pour la Tunisie\u202f? - webdo","description":"D\u00e9couvrez l'impact des droits de douane US sur la Tunisie apr\u00e8s la d\u00e9cision historique de la Cour supr\u00eame des \u00c9tats-Unis.","canonical":"https:\/\/www.webdo.tn\/fr\/actualite\/international\/droits-de-douane-us-apres-le-coup-de-theatre-a-washington-tout-reste-ouvert\/393596\/","og_locale":"fr_FR","og_type":"article","og_title":"Droits de douane US : apr\u00e8s le coup de th\u00e9\u00e2tre \u00e0 Washington, quel impact pour la Tunisie\u202f?","og_description":"D\u00e9couvrez l'impact des droits de douane US sur la Tunisie apr\u00e8s la d\u00e9cision historique de la Cour supr\u00eame des \u00c9tats-Unis.","og_url":"https:\/\/www.webdo.tn\/fr\/actualite\/international\/droits-de-douane-us-apres-le-coup-de-theatre-a-washington-tout-reste-ouvert\/393596\/","og_site_name":"webdo","article_publisher":"https:\/\/www.facebook.com\/webdotn","article_published_time":"2026-02-23T09:53:51+00:00","article_modified_time":"2026-02-23T12:05:02+00:00","og_image":[{"width":1200,"height":605,"url":"https:\/\/www.webdo.tn\/fr\/wp-content\/uploads\/2026\/02\/Trump.jpg","type":"image\/jpeg"}],"author":"Mohamed Fethi","twitter_card":"summary_large_image","twitter_creator":"@webdo_tn","twitter_site":"@webdo_tn","twitter_misc":{"\u00c9crit par":"Mohamed Fethi","Dur\u00e9e de lecture estim\u00e9e":"4 minutes"},"schema":{"@context":"https:\/\/schema.org","@graph":[{"@type":"NewsArticle","@id":"https:\/\/www.webdo.tn\/fr\/actualite\/international\/droits-de-douane-us-apres-le-coup-de-theatre-a-washington-tout-reste-ouvert\/393596\/#article","isPartOf":{"@id":"https:\/\/www.webdo.tn\/fr\/actualite\/international\/droits-de-douane-us-apres-le-coup-de-theatre-a-washington-tout-reste-ouvert\/393596\/"},"author":{"name":"Mohamed Fethi","@id":"https:\/\/www.webdo.tn\/fr\/#\/schema\/person\/16a4857e77dfc0b610c4c2cadffc9ac4"},"headline":"Droits de douane US : apr\u00e8s le coup de th\u00e9\u00e2tre \u00e0 Washington, quel impact pour la Tunisie\u202f?","datePublished":"2026-02-23T09:53:51+00:00","dateModified":"2026-02-23T12:05:02+00:00","mainEntityOfPage":{"@id":"https:\/\/www.webdo.tn\/fr\/actualite\/international\/droits-de-douane-us-apres-le-coup-de-theatre-a-washington-tout-reste-ouvert\/393596\/"},"wordCount":783,"publisher":{"@id":"https:\/\/www.webdo.tn\/fr\/#organization"},"image":{"@id":"https:\/\/www.webdo.tn\/fr\/actualite\/international\/droits-de-douane-us-apres-le-coup-de-theatre-a-washington-tout-reste-ouvert\/393596\/#primaryimage"},"thumbnailUrl":"https:\/\/www.webdo.tn\/fr\/wp-content\/uploads\/2026\/02\/Trump.jpg","keywords":["Droits De Douane","Etats-Unis","taxes am\u00e9ricaines"],"articleSection":["International"],"inLanguage":"fr-FR"},{"@type":"WebPage","@id":"https:\/\/www.webdo.tn\/fr\/actualite\/international\/droits-de-douane-us-apres-le-coup-de-theatre-a-washington-tout-reste-ouvert\/393596\/","url":"https:\/\/www.webdo.tn\/fr\/actualite\/international\/droits-de-douane-us-apres-le-coup-de-theatre-a-washington-tout-reste-ouvert\/393596\/","name":"Droits de douane US : apr\u00e8s le coup de th\u00e9\u00e2tre \u00e0 Washington, quel impact pour la Tunisie\u202f? - webdo","isPartOf":{"@id":"https:\/\/www.webdo.tn\/fr\/#website"},"primaryImageOfPage":{"@id":"https:\/\/www.webdo.tn\/fr\/actualite\/international\/droits-de-douane-us-apres-le-coup-de-theatre-a-washington-tout-reste-ouvert\/393596\/#primaryimage"},"image":{"@id":"https:\/\/www.webdo.tn\/fr\/actualite\/international\/droits-de-douane-us-apres-le-coup-de-theatre-a-washington-tout-reste-ouvert\/393596\/#primaryimage"},"thumbnailUrl":"https:\/\/www.webdo.tn\/fr\/wp-content\/uploads\/2026\/02\/Trump.jpg","datePublished":"2026-02-23T09:53:51+00:00","dateModified":"2026-02-23T12:05:02+00:00","description":"D\u00e9couvrez l'impact des droits de douane US sur la Tunisie apr\u00e8s la d\u00e9cision historique de la Cour supr\u00eame des \u00c9tats-Unis.","breadcrumb":{"@id":"https:\/\/www.webdo.tn\/fr\/actualite\/international\/droits-de-douane-us-apres-le-coup-de-theatre-a-washington-tout-reste-ouvert\/393596\/#breadcrumb"},"inLanguage":"fr-FR","potentialAction":[{"@type":"ReadAction","target":["https:\/\/www.webdo.tn\/fr\/actualite\/international\/droits-de-douane-us-apres-le-coup-de-theatre-a-washington-tout-reste-ouvert\/393596\/"]}]},{"@type":"ImageObject","inLanguage":"fr-FR","@id":"https:\/\/www.webdo.tn\/fr\/actualite\/international\/droits-de-douane-us-apres-le-coup-de-theatre-a-washington-tout-reste-ouvert\/393596\/#primaryimage","url":"https:\/\/www.webdo.tn\/fr\/wp-content\/uploads\/2026\/02\/Trump.jpg","contentUrl":"https:\/\/www.webdo.tn\/fr\/wp-content\/uploads\/2026\/02\/Trump.jpg","width":1200,"height":605,"caption":"Trump annonce la fin de tous les \u00e9changes commerciaux avec l\u2019Espagne"},{"@type":"BreadcrumbList","@id":"https:\/\/www.webdo.tn\/fr\/actualite\/international\/droits-de-douane-us-apres-le-coup-de-theatre-a-washington-tout-reste-ouvert\/393596\/#breadcrumb","itemListElement":[{"@type":"ListItem","position":1,"name":"Accueil","item":"https:\/\/www.webdo.tn\/fr\/"},{"@type":"ListItem","position":2,"name":"Droits de douane US : apr\u00e8s le coup de th\u00e9\u00e2tre \u00e0 Washington, quel impact pour la Tunisie\u202f?"}]},{"@type":"WebSite","@id":"https:\/\/www.webdo.tn\/fr\/#website","url":"https:\/\/www.webdo.tn\/fr\/","name":"webdo","description":"Tunisie - News en Tunisie et \u00e0 l&#039;international sur Webdo.tn","publisher":{"@id":"https:\/\/www.webdo.tn\/fr\/#organization"},"potentialAction":[{"@type":"SearchAction","target":{"@type":"EntryPoint","urlTemplate":"https:\/\/www.webdo.tn\/fr\/?s={search_term_string}"},"query-input":{"@type":"PropertyValueSpecification","valueRequired":true,"valueName":"search_term_string"}}],"inLanguage":"fr-FR"},{"@type":"Organization","@id":"https:\/\/www.webdo.tn\/fr\/#organization","name":"Webdo","alternateName":"Webdo.tn","url":"https:\/\/www.webdo.tn\/fr\/","logo":{"@type":"ImageObject","inLanguage":"fr-FR","@id":"https:\/\/www.webdo.tn\/fr\/#\/schema\/logo\/image\/","url":"https:\/\/www.webdo.tn\/fr\/wp-content\/uploads\/2025\/06\/Webdo-Tunisie_168377.jpg","contentUrl":"https:\/\/www.webdo.tn\/fr\/wp-content\/uploads\/2025\/06\/Webdo-Tunisie_168377.jpg","width":301,"height":301,"caption":"Webdo"},"image":{"@id":"https:\/\/www.webdo.tn\/fr\/#\/schema\/logo\/image\/"},"sameAs":["https:\/\/www.facebook.com\/webdotn","https:\/\/x.com\/webdo_tn"],"description":"Webdo est un m\u00e9dia num\u00e9rique tunisien fond\u00e9 en 2010, sp\u00e9cialis\u00e9 dans l\u2019actualit\u00e9 nationale et internationale, l\u2019\u00e9conomie, la soci\u00e9t\u00e9 et les analyses politiques. Le site s\u2019adresse \u00e0 un large public francophone et couvre l\u2019information tunisienne en temps r\u00e9el.","email":"redac@webdo.tn","legalName":"YNJ SARL","foundingDate":"2010-09-06","numberOfEmployees":{"@type":"QuantitativeValue","minValue":"11","maxValue":"50"}},{"@type":"Person","@id":"https:\/\/www.webdo.tn\/fr\/#\/schema\/person\/16a4857e77dfc0b610c4c2cadffc9ac4","name":"Mohamed Fethi","image":{"@type":"ImageObject","inLanguage":"fr-FR","@id":"https:\/\/www.webdo.tn\/fr\/wp-content\/uploads\/2026\/04\/mohamed-fethi_avatar_1-96x96.jpg","url":"https:\/\/www.webdo.tn\/fr\/wp-content\/uploads\/2026\/04\/mohamed-fethi_avatar_1-96x96.jpg","contentUrl":"https:\/\/www.webdo.tn\/fr\/wp-content\/uploads\/2026\/04\/mohamed-fethi_avatar_1-96x96.jpg","caption":"Mohamed Fethi"},"description":"Signature \u00e9ditoriale de Maher Chaabane Mohamed Fethi est le pseudonyme \u00e9ditorial de Maher Chaabane, r\u00e9dacteur en chef de Webdo.tn depuis 2012. Cette signature est d\u00e9di\u00e9e au traitement intensif de l'actualit\u00e9 nationale et internationale en temps r\u00e9el. S'appuyant sur les deux d\u00e9cennies d'expertise journalistique de Maher Chaabane \u2014 d\u00e9but\u00e9e au sein du groupe Tunis Hebdo en 2000 \u2014 Mohamed Fethi assure une veille rigoureuse sur les enjeux politiques, \u00e9conomiques et sportifs. Sa mission est de garantir une information structur\u00e9e, fluide et fid\u00e8le aux standards de la r\u00e9daction. Pour consulter le parcours complet du r\u00e9dacteur en chef, visitez le profil officiel de Maher Chaabane.","knowsAbout":["actualit\u00e9","journalisme","information","politique","sport","m\u00e9dias","actualit\u00e9 internationale"],"knowsLanguage":["Fran\u00e7ais","Arabe"],"jobTitle":"Journaliste \u2013 R\u00e9daction Webdo","worksFor":"Webdo.tn","url":"https:\/\/www.webdo.tn\/fr\/actualite\/author\/mohamed-fethi\/"}]}},"_links":{"self":[{"href":"https:\/\/www.webdo.tn\/fr\/wp-json\/wp\/v2\/posts\/393596","targetHints":{"allow":["GET"]}}],"collection":[{"href":"https:\/\/www.webdo.tn\/fr\/wp-json\/wp\/v2\/posts"}],"about":[{"href":"https:\/\/www.webdo.tn\/fr\/wp-json\/wp\/v2\/types\/post"}],"author":[{"embeddable":true,"href":"https:\/\/www.webdo.tn\/fr\/wp-json\/wp\/v2\/users\/4782"}],"replies":[{"embeddable":true,"href":"https:\/\/www.webdo.tn\/fr\/wp-json\/wp\/v2\/comments?post=393596"}],"version-history":[{"count":0,"href":"https:\/\/www.webdo.tn\/fr\/wp-json\/wp\/v2\/posts\/393596\/revisions"}],"wp:featuredmedia":[{"embeddable":true,"href":"https:\/\/www.webdo.tn\/fr\/wp-json\/wp\/v2\/media\/393597"}],"wp:attachment":[{"href":"https:\/\/www.webdo.tn\/fr\/wp-json\/wp\/v2\/media?parent=393596"}],"wp:term":[{"taxonomy":"category","embeddable":true,"href":"https:\/\/www.webdo.tn\/fr\/wp-json\/wp\/v2\/categories?post=393596"},{"taxonomy":"post_tag","embeddable":true,"href":"https:\/\/www.webdo.tn\/fr\/wp-json\/wp\/v2\/tags?post=393596"}],"curies":[{"name":"wp","href":"https:\/\/api.w.org\/{rel}","templated":true}]}}