{"id":393551,"date":"2026-02-21T17:19:41","date_gmt":"2026-02-21T16:19:41","guid":{"rendered":"https:\/\/www.webdo.tn\/fr\/?p=393551"},"modified":"2026-02-21T17:20:00","modified_gmt":"2026-02-21T16:20:00","slug":"majoul-appelle-a-cesser-de-diaboliser-les-hommes-daffaires","status":"publish","type":"post","link":"https:\/\/www.webdo.tn\/fr\/actualite\/national\/majoul-appelle-a-cesser-de-diaboliser-les-hommes-daffaires\/393551\/","title":{"rendered":"Majoul appelle \u00e0 \u00ab cesser de diaboliser \u00bb les hommes d&rsquo;affaires"},"content":{"rendered":"\n<p><strong>\u00c0 l\u2019occasion d\u2019une s\u00e9ance d\u2019audition \u00e0 l\u2019Assembl\u00e9e des repr\u00e9sentants du peuple, le pr\u00e9sident de l\u2019Union tunisienne de l&rsquo;industrie, du commerce et de l&rsquo;artisanat (UTICA), Samir Majoul, a appel\u00e9 \u00e0 \u00ab cesser de diaboliser les hommes d\u2019affaires et les chefs d\u2019entreprise \u00bb, qu\u2019il consid\u00e8re comme un levier central de l\u2019investissement et de la croissance.<\/strong><\/p>\n\n\n\n<p>Intervenant devant la Commission de la planification strat\u00e9gique dans le cadre de l\u2019examen d\u2019un projet de loi modifiant le Code de l\u2019investissement, Majoul a d\u00e9fendu le r\u00f4le du secteur priv\u00e9 dans l\u2019\u00e9conomie nationale. <\/p>\n\n\n\n<h2 class=\"wp-block-heading\" id=\"h-capacite-de-resilience-face-aux-crises-successives\">Capacit\u00e9 de r\u00e9silience face aux crises successives<\/h2>\n\n\n\n<p>Selon lui, les entreprises tunisiennes ont d\u00e9montr\u00e9, ces derni\u00e8res ann\u00e9es, leur capacit\u00e9 de r\u00e9silience face aux crises successives et aux mutations du contexte national et international. Malgr\u00e9 les difficult\u00e9s conjoncturelles, elles ont poursuivi leurs efforts en mati\u00e8re d\u2019investissement, d\u2019exportation et de cr\u00e9ation d\u2019emplois.<\/p>\n\n\n\n<p>Le pr\u00e9sident de l\u2019UTICA a soulign\u00e9 que le d\u00e9fi actuel d\u00e9passe la seule dimension technique ou financi\u00e8re. Il s\u2019agit, a-t-il estim\u00e9, d\u2019un enjeu de confiance. Confiance de l\u2019\u00c9tat envers le secteur priv\u00e9, confiance des op\u00e9rateurs \u00e9conomiques envers les institutions publiques et, plus largement, confiance des investisseurs dans le climat des affaires en Tunisie.<\/p>\n\n\n\n<h2 class=\"wp-block-heading\" id=\"h-programme-global-de-relance-economique\">Programme global de relance \u00e9conomique<\/h2>\n\n\n\n<p>Dans ce contexte, Majoul a plaid\u00e9 pour la mise en place d\u2019un programme global de relance \u00e9conomique, int\u00e9grant les r\u00e9formes structurelles jug\u00e9es n\u00e9cessaires. L\u2019objectif, selon lui, consiste \u00e0 renforcer la comp\u00e9titivit\u00e9 du pays, \u00e0 consolider ses capacit\u00e9s d\u2019investissement et d\u2019exportation, \u00e0 soutenir l\u2019emploi et \u00e0 atteindre un taux de croissance optimal.<\/p>\n\n\n\n<p>Ces d\u00e9clarations interviennent alors que la r\u00e9vision du cadre juridique de l\u2019investissement est per\u00e7ue comme un levier potentiel pour redynamiser l\u2019\u00e9conomie tunisienne, dans un environnement marqu\u00e9 par des tensions budg\u00e9taires et des attentes sociales croissantes.<\/p>\n\n\n\n<p><\/p>\n\n\n\n<p><strong>Lire aussi : <\/strong>Tunisie :\u00a0<a href=\"https:\/\/www.webdo.tn\/fr\/actualite\/national\/tunisie-deux-ans-de-prison-pour-l-homme-d-affaires-youssef-mimouni\/221795\/\">Deux ans de prison pour l\u2019homme d\u2019affaires Youssef Mimouni<\/a><\/p>\n\n\n\n<p><\/p>\n","protected":false},"excerpt":{"rendered":"<p>\u00c0 l\u2019occasion d\u2019une s\u00e9ance d\u2019audition \u00e0 l\u2019Assembl\u00e9e des repr\u00e9sentants du peuple, le pr\u00e9sident de l\u2019Union tunisienne de l&rsquo;industrie, du commerce et de l&rsquo;artisanat (UTICA), Samir Majoul, a appel\u00e9 \u00e0 \u00ab cesser de diaboliser les hommes d\u2019affaires et les chefs d\u2019entreprise \u00bb, qu\u2019il consid\u00e8re comme un levier central de l\u2019investissement et de la croissance. Intervenant devant [&hellip;]<\/p>\n","protected":false},"author":3184,"featured_media":393552,"comment_status":"closed","ping_status":"closed","sticky":false,"template":"","format":"standard","meta":{"footnotes":""},"categories":[44],"tags":[2813,13756,2608],"class_list":["post-393551","post","type-post","status-publish","format-standard","has-post-thumbnail","hentry","category-national","tag-arp","tag-majoul","tag-tunisie"],"yoast_head":"<!-- This site is optimized with the Yoast SEO Premium plugin v27.5 (Yoast SEO v27.5) - https:\/\/yoast.com\/product\/yoast-seo-premium-wordpress\/ -->\n<title>Majoul appelle \u00e0 \u00ab cesser de diaboliser \u00bb les hommes d&#039;affaires - webdo<\/title>\n<meta name=\"description\" content=\"D\u00e9couvrez pourquoi les hommes d&#039;affaires sont essentiels \u00e0 la croissance \u00e9conomique dans le contexte tunisien actuel.\" \/>\n<link rel=\"canonical\" href=\"https:\/\/www.webdo.tn\/fr\/actualite\/national\/majoul-appelle-a-cesser-de-diaboliser-les-hommes-daffaires\/393551\/\" \/>\n<meta property=\"og:locale\" content=\"fr_FR\" \/>\n<meta property=\"og:type\" content=\"article\" \/>\n<meta property=\"og:title\" content=\"Majoul appelle \u00e0 \u00ab cesser de diaboliser \u00bb les hommes d&#039;affaires\" \/>\n<meta property=\"og:description\" content=\"D\u00e9couvrez pourquoi les hommes d&#039;affaires sont essentiels \u00e0 la croissance \u00e9conomique dans le contexte tunisien actuel.\" \/>\n<meta property=\"og:url\" content=\"https:\/\/www.webdo.tn\/fr\/actualite\/national\/majoul-appelle-a-cesser-de-diaboliser-les-hommes-daffaires\/393551\/\" \/>\n<meta property=\"og:site_name\" content=\"webdo\" \/>\n<meta property=\"article:publisher\" content=\"https:\/\/www.facebook.com\/webdotn\" \/>\n<meta property=\"article:published_time\" content=\"2026-02-21T16:19:41+00:00\" \/>\n<meta property=\"article:modified_time\" content=\"2026-02-21T16:20:00+00:00\" \/>\n<meta property=\"og:image\" content=\"https:\/\/www.webdo.tn\/fr\/wp-content\/uploads\/2026\/02\/MAJOUL.jpg\" \/>\n\t<meta property=\"og:image:width\" content=\"1200\" \/>\n\t<meta property=\"og:image:height\" content=\"570\" \/>\n\t<meta property=\"og:image:type\" content=\"image\/jpeg\" \/>\n<meta name=\"author\" content=\"Wided Belhaj\" \/>\n<meta name=\"twitter:card\" content=\"summary_large_image\" \/>\n<meta name=\"twitter:creator\" content=\"@webdo_tn\" \/>\n<meta name=\"twitter:site\" content=\"@webdo_tn\" \/>\n<meta name=\"twitter:label1\" content=\"\u00c9crit par\" \/>\n\t<meta name=\"twitter:data1\" content=\"Wided Belhaj\" \/>\n\t<meta name=\"twitter:label2\" content=\"Dur\u00e9e de lecture estim\u00e9e\" \/>\n\t<meta name=\"twitter:data2\" content=\"2 minutes\" \/>\n<script type=\"application\/ld+json\" class=\"yoast-schema-graph\">{\"@context\":\"https:\\\/\\\/schema.org\",\"@graph\":[{\"@type\":\"NewsArticle\",\"@id\":\"https:\\\/\\\/www.webdo.tn\\\/fr\\\/actualite\\\/national\\\/majoul-appelle-a-cesser-de-diaboliser-les-hommes-daffaires\\\/393551\\\/#article\",\"isPartOf\":{\"@id\":\"https:\\\/\\\/www.webdo.tn\\\/fr\\\/actualite\\\/national\\\/majoul-appelle-a-cesser-de-diaboliser-les-hommes-daffaires\\\/393551\\\/\"},\"author\":{\"name\":\"Wided Belhaj\",\"@id\":\"https:\\\/\\\/www.webdo.tn\\\/fr\\\/#\\\/schema\\\/person\\\/b9ecde7a5574cb4fcf4b496ea5fadb15\"},\"headline\":\"Majoul appelle \u00e0 \u00ab cesser de diaboliser \u00bb les hommes d&rsquo;affaires\",\"datePublished\":\"2026-02-21T16:19:41+00:00\",\"dateModified\":\"2026-02-21T16:20:00+00:00\",\"mainEntityOfPage\":{\"@id\":\"https:\\\/\\\/www.webdo.tn\\\/fr\\\/actualite\\\/national\\\/majoul-appelle-a-cesser-de-diaboliser-les-hommes-daffaires\\\/393551\\\/\"},\"wordCount\":354,\"publisher\":{\"@id\":\"https:\\\/\\\/www.webdo.tn\\\/fr\\\/#organization\"},\"image\":{\"@id\":\"https:\\\/\\\/www.webdo.tn\\\/fr\\\/actualite\\\/national\\\/majoul-appelle-a-cesser-de-diaboliser-les-hommes-daffaires\\\/393551\\\/#primaryimage\"},\"thumbnailUrl\":\"https:\\\/\\\/www.webdo.tn\\\/fr\\\/wp-content\\\/uploads\\\/2026\\\/02\\\/MAJOUL.jpg\",\"keywords\":[\"ARP\",\"Majoul\",\"Tunisie\"],\"articleSection\":[\"National\"],\"inLanguage\":\"fr-FR\"},{\"@type\":\"WebPage\",\"@id\":\"https:\\\/\\\/www.webdo.tn\\\/fr\\\/actualite\\\/national\\\/majoul-appelle-a-cesser-de-diaboliser-les-hommes-daffaires\\\/393551\\\/\",\"url\":\"https:\\\/\\\/www.webdo.tn\\\/fr\\\/actualite\\\/national\\\/majoul-appelle-a-cesser-de-diaboliser-les-hommes-daffaires\\\/393551\\\/\",\"name\":\"Majoul appelle \u00e0 \u00ab cesser de diaboliser \u00bb les hommes d'affaires - webdo\",\"isPartOf\":{\"@id\":\"https:\\\/\\\/www.webdo.tn\\\/fr\\\/#website\"},\"primaryImageOfPage\":{\"@id\":\"https:\\\/\\\/www.webdo.tn\\\/fr\\\/actualite\\\/national\\\/majoul-appelle-a-cesser-de-diaboliser-les-hommes-daffaires\\\/393551\\\/#primaryimage\"},\"image\":{\"@id\":\"https:\\\/\\\/www.webdo.tn\\\/fr\\\/actualite\\\/national\\\/majoul-appelle-a-cesser-de-diaboliser-les-hommes-daffaires\\\/393551\\\/#primaryimage\"},\"thumbnailUrl\":\"https:\\\/\\\/www.webdo.tn\\\/fr\\\/wp-content\\\/uploads\\\/2026\\\/02\\\/MAJOUL.jpg\",\"datePublished\":\"2026-02-21T16:19:41+00:00\",\"dateModified\":\"2026-02-21T16:20:00+00:00\",\"description\":\"D\u00e9couvrez pourquoi les hommes d'affaires sont essentiels \u00e0 la croissance \u00e9conomique dans le contexte tunisien actuel.\",\"breadcrumb\":{\"@id\":\"https:\\\/\\\/www.webdo.tn\\\/fr\\\/actualite\\\/national\\\/majoul-appelle-a-cesser-de-diaboliser-les-hommes-daffaires\\\/393551\\\/#breadcrumb\"},\"inLanguage\":\"fr-FR\",\"potentialAction\":[{\"@type\":\"ReadAction\",\"target\":[\"https:\\\/\\\/www.webdo.tn\\\/fr\\\/actualite\\\/national\\\/majoul-appelle-a-cesser-de-diaboliser-les-hommes-daffaires\\\/393551\\\/\"]}]},{\"@type\":\"ImageObject\",\"inLanguage\":\"fr-FR\",\"@id\":\"https:\\\/\\\/www.webdo.tn\\\/fr\\\/actualite\\\/national\\\/majoul-appelle-a-cesser-de-diaboliser-les-hommes-daffaires\\\/393551\\\/#primaryimage\",\"url\":\"https:\\\/\\\/www.webdo.tn\\\/fr\\\/wp-content\\\/uploads\\\/2026\\\/02\\\/MAJOUL.jpg\",\"contentUrl\":\"https:\\\/\\\/www.webdo.tn\\\/fr\\\/wp-content\\\/uploads\\\/2026\\\/02\\\/MAJOUL.jpg\",\"width\":1200,\"height\":570,\"caption\":\"Samir majoul ARP\"},{\"@type\":\"BreadcrumbList\",\"@id\":\"https:\\\/\\\/www.webdo.tn\\\/fr\\\/actualite\\\/national\\\/majoul-appelle-a-cesser-de-diaboliser-les-hommes-daffaires\\\/393551\\\/#breadcrumb\",\"itemListElement\":[{\"@type\":\"ListItem\",\"position\":1,\"name\":\"Accueil\",\"item\":\"https:\\\/\\\/www.webdo.tn\\\/fr\\\/\"},{\"@type\":\"ListItem\",\"position\":2,\"name\":\"Majoul appelle \u00e0 \u00ab cesser de diaboliser \u00bb les hommes d&rsquo;affaires\"}]},{\"@type\":\"WebSite\",\"@id\":\"https:\\\/\\\/www.webdo.tn\\\/fr\\\/#website\",\"url\":\"https:\\\/\\\/www.webdo.tn\\\/fr\\\/\",\"name\":\"webdo\",\"description\":\"Tunisie - News en Tunisie et \u00e0 l&#039;international sur Webdo.tn\",\"publisher\":{\"@id\":\"https:\\\/\\\/www.webdo.tn\\\/fr\\\/#organization\"},\"potentialAction\":[{\"@type\":\"SearchAction\",\"target\":{\"@type\":\"EntryPoint\",\"urlTemplate\":\"https:\\\/\\\/www.webdo.tn\\\/fr\\\/?s={search_term_string}\"},\"query-input\":{\"@type\":\"PropertyValueSpecification\",\"valueRequired\":true,\"valueName\":\"search_term_string\"}}],\"inLanguage\":\"fr-FR\"},{\"@type\":\"Organization\",\"@id\":\"https:\\\/\\\/www.webdo.tn\\\/fr\\\/#organization\",\"name\":\"Webdo\",\"alternateName\":\"Webdo.tn\",\"url\":\"https:\\\/\\\/www.webdo.tn\\\/fr\\\/\",\"logo\":{\"@type\":\"ImageObject\",\"inLanguage\":\"fr-FR\",\"@id\":\"https:\\\/\\\/www.webdo.tn\\\/fr\\\/#\\\/schema\\\/logo\\\/image\\\/\",\"url\":\"https:\\\/\\\/www.webdo.tn\\\/fr\\\/wp-content\\\/uploads\\\/2025\\\/06\\\/Webdo-Tunisie_168377.jpg\",\"contentUrl\":\"https:\\\/\\\/www.webdo.tn\\\/fr\\\/wp-content\\\/uploads\\\/2025\\\/06\\\/Webdo-Tunisie_168377.jpg\",\"width\":301,\"height\":301,\"caption\":\"Webdo\"},\"image\":{\"@id\":\"https:\\\/\\\/www.webdo.tn\\\/fr\\\/#\\\/schema\\\/logo\\\/image\\\/\"},\"sameAs\":[\"https:\\\/\\\/www.facebook.com\\\/webdotn\",\"https:\\\/\\\/x.com\\\/webdo_tn\"],\"description\":\"Webdo est un m\u00e9dia num\u00e9rique tunisien fond\u00e9 en 2010, sp\u00e9cialis\u00e9 dans l\u2019actualit\u00e9 nationale et internationale, l\u2019\u00e9conomie, la soci\u00e9t\u00e9 et les analyses politiques. Le site s\u2019adresse \u00e0 un large public francophone et couvre l\u2019information tunisienne en temps r\u00e9el.\",\"email\":\"redac@webdo.tn\",\"legalName\":\"YNJ SARL\",\"foundingDate\":\"2010-09-06\",\"numberOfEmployees\":{\"@type\":\"QuantitativeValue\",\"minValue\":\"11\",\"maxValue\":\"50\"}},{\"@type\":\"Person\",\"@id\":\"https:\\\/\\\/www.webdo.tn\\\/fr\\\/#\\\/schema\\\/person\\\/b9ecde7a5574cb4fcf4b496ea5fadb15\",\"name\":\"Wided Belhaj\",\"image\":{\"@type\":\"ImageObject\",\"inLanguage\":\"fr-FR\",\"@id\":\"https:\\\/\\\/www.webdo.tn\\\/fr\\\/wp-content\\\/uploads\\\/2026\\\/04\\\/wided-belhaj_avatar-96x96.jpg\",\"url\":\"https:\\\/\\\/www.webdo.tn\\\/fr\\\/wp-content\\\/uploads\\\/2026\\\/04\\\/wided-belhaj_avatar-96x96.jpg\",\"contentUrl\":\"https:\\\/\\\/www.webdo.tn\\\/fr\\\/wp-content\\\/uploads\\\/2026\\\/04\\\/wided-belhaj_avatar-96x96.jpg\",\"caption\":\"Wided Belhaj\"},\"description\":\"Wided Belhaj est le pseudonyme \u00e9ditorial utilis\u00e9 par Khalil Jelassi, journaliste, ma\u00eetre-assistant \u00e0 l\u2019Institut de presse et des sciences de l\u2019information (IPSI) et chercheur en sciences de l\u2019information et de la communication. Cette signature est d\u00e9di\u00e9e \u00e0 l\u2019analyse des m\u00e9dias, des pratiques journalistiques et des mutations de l\u2019information \u00e0 l\u2019\u00e8re digitale. \u00c0 travers ses contributions, Wided Belhaj propose une lecture analytique de l\u2019actualit\u00e9, en croisant regard critique et expertise acad\u00e9mique.\",\"knowsAbout\":[\"m\u00e9dias\",\"journalisme\",\"communication\",\"information\",\"transformation num\u00e9rique\",\"analyse des m\u00e9dias\"],\"knowsLanguage\":[\"Fran\u00e7ais\",\"Arabe\"],\"jobTitle\":\"Webdo.tn\",\"worksFor\":\"Journaliste \u2013 Analyse des m\u00e9dias\",\"url\":\"https:\\\/\\\/www.webdo.tn\\\/fr\\\/actualite\\\/author\\\/wided-belhaj\\\/\"}]}<\/script>\n<!-- \/ Yoast SEO Premium plugin. -->","yoast_head_json":{"title":"Majoul appelle \u00e0 \u00ab cesser de diaboliser \u00bb les hommes d'affaires - webdo","description":"D\u00e9couvrez pourquoi les hommes d'affaires sont essentiels \u00e0 la croissance \u00e9conomique dans le contexte tunisien actuel.","canonical":"https:\/\/www.webdo.tn\/fr\/actualite\/national\/majoul-appelle-a-cesser-de-diaboliser-les-hommes-daffaires\/393551\/","og_locale":"fr_FR","og_type":"article","og_title":"Majoul appelle \u00e0 \u00ab cesser de diaboliser \u00bb les hommes d'affaires","og_description":"D\u00e9couvrez pourquoi les hommes d'affaires sont essentiels \u00e0 la croissance \u00e9conomique dans le contexte tunisien actuel.","og_url":"https:\/\/www.webdo.tn\/fr\/actualite\/national\/majoul-appelle-a-cesser-de-diaboliser-les-hommes-daffaires\/393551\/","og_site_name":"webdo","article_publisher":"https:\/\/www.facebook.com\/webdotn","article_published_time":"2026-02-21T16:19:41+00:00","article_modified_time":"2026-02-21T16:20:00+00:00","og_image":[{"width":1200,"height":570,"url":"https:\/\/www.webdo.tn\/fr\/wp-content\/uploads\/2026\/02\/MAJOUL.jpg","type":"image\/jpeg"}],"author":"Wided Belhaj","twitter_card":"summary_large_image","twitter_creator":"@webdo_tn","twitter_site":"@webdo_tn","twitter_misc":{"\u00c9crit par":"Wided Belhaj","Dur\u00e9e de lecture estim\u00e9e":"2 minutes"},"schema":{"@context":"https:\/\/schema.org","@graph":[{"@type":"NewsArticle","@id":"https:\/\/www.webdo.tn\/fr\/actualite\/national\/majoul-appelle-a-cesser-de-diaboliser-les-hommes-daffaires\/393551\/#article","isPartOf":{"@id":"https:\/\/www.webdo.tn\/fr\/actualite\/national\/majoul-appelle-a-cesser-de-diaboliser-les-hommes-daffaires\/393551\/"},"author":{"name":"Wided Belhaj","@id":"https:\/\/www.webdo.tn\/fr\/#\/schema\/person\/b9ecde7a5574cb4fcf4b496ea5fadb15"},"headline":"Majoul appelle \u00e0 \u00ab cesser de diaboliser \u00bb les hommes d&rsquo;affaires","datePublished":"2026-02-21T16:19:41+00:00","dateModified":"2026-02-21T16:20:00+00:00","mainEntityOfPage":{"@id":"https:\/\/www.webdo.tn\/fr\/actualite\/national\/majoul-appelle-a-cesser-de-diaboliser-les-hommes-daffaires\/393551\/"},"wordCount":354,"publisher":{"@id":"https:\/\/www.webdo.tn\/fr\/#organization"},"image":{"@id":"https:\/\/www.webdo.tn\/fr\/actualite\/national\/majoul-appelle-a-cesser-de-diaboliser-les-hommes-daffaires\/393551\/#primaryimage"},"thumbnailUrl":"https:\/\/www.webdo.tn\/fr\/wp-content\/uploads\/2026\/02\/MAJOUL.jpg","keywords":["ARP","Majoul","Tunisie"],"articleSection":["National"],"inLanguage":"fr-FR"},{"@type":"WebPage","@id":"https:\/\/www.webdo.tn\/fr\/actualite\/national\/majoul-appelle-a-cesser-de-diaboliser-les-hommes-daffaires\/393551\/","url":"https:\/\/www.webdo.tn\/fr\/actualite\/national\/majoul-appelle-a-cesser-de-diaboliser-les-hommes-daffaires\/393551\/","name":"Majoul appelle \u00e0 \u00ab cesser de diaboliser \u00bb les hommes d'affaires - webdo","isPartOf":{"@id":"https:\/\/www.webdo.tn\/fr\/#website"},"primaryImageOfPage":{"@id":"https:\/\/www.webdo.tn\/fr\/actualite\/national\/majoul-appelle-a-cesser-de-diaboliser-les-hommes-daffaires\/393551\/#primaryimage"},"image":{"@id":"https:\/\/www.webdo.tn\/fr\/actualite\/national\/majoul-appelle-a-cesser-de-diaboliser-les-hommes-daffaires\/393551\/#primaryimage"},"thumbnailUrl":"https:\/\/www.webdo.tn\/fr\/wp-content\/uploads\/2026\/02\/MAJOUL.jpg","datePublished":"2026-02-21T16:19:41+00:00","dateModified":"2026-02-21T16:20:00+00:00","description":"D\u00e9couvrez pourquoi les hommes d'affaires sont essentiels \u00e0 la croissance \u00e9conomique dans le contexte tunisien actuel.","breadcrumb":{"@id":"https:\/\/www.webdo.tn\/fr\/actualite\/national\/majoul-appelle-a-cesser-de-diaboliser-les-hommes-daffaires\/393551\/#breadcrumb"},"inLanguage":"fr-FR","potentialAction":[{"@type":"ReadAction","target":["https:\/\/www.webdo.tn\/fr\/actualite\/national\/majoul-appelle-a-cesser-de-diaboliser-les-hommes-daffaires\/393551\/"]}]},{"@type":"ImageObject","inLanguage":"fr-FR","@id":"https:\/\/www.webdo.tn\/fr\/actualite\/national\/majoul-appelle-a-cesser-de-diaboliser-les-hommes-daffaires\/393551\/#primaryimage","url":"https:\/\/www.webdo.tn\/fr\/wp-content\/uploads\/2026\/02\/MAJOUL.jpg","contentUrl":"https:\/\/www.webdo.tn\/fr\/wp-content\/uploads\/2026\/02\/MAJOUL.jpg","width":1200,"height":570,"caption":"Samir majoul ARP"},{"@type":"BreadcrumbList","@id":"https:\/\/www.webdo.tn\/fr\/actualite\/national\/majoul-appelle-a-cesser-de-diaboliser-les-hommes-daffaires\/393551\/#breadcrumb","itemListElement":[{"@type":"ListItem","position":1,"name":"Accueil","item":"https:\/\/www.webdo.tn\/fr\/"},{"@type":"ListItem","position":2,"name":"Majoul appelle \u00e0 \u00ab cesser de diaboliser \u00bb les hommes d&rsquo;affaires"}]},{"@type":"WebSite","@id":"https:\/\/www.webdo.tn\/fr\/#website","url":"https:\/\/www.webdo.tn\/fr\/","name":"webdo","description":"Tunisie - News en Tunisie et \u00e0 l&#039;international sur Webdo.tn","publisher":{"@id":"https:\/\/www.webdo.tn\/fr\/#organization"},"potentialAction":[{"@type":"SearchAction","target":{"@type":"EntryPoint","urlTemplate":"https:\/\/www.webdo.tn\/fr\/?s={search_term_string}"},"query-input":{"@type":"PropertyValueSpecification","valueRequired":true,"valueName":"search_term_string"}}],"inLanguage":"fr-FR"},{"@type":"Organization","@id":"https:\/\/www.webdo.tn\/fr\/#organization","name":"Webdo","alternateName":"Webdo.tn","url":"https:\/\/www.webdo.tn\/fr\/","logo":{"@type":"ImageObject","inLanguage":"fr-FR","@id":"https:\/\/www.webdo.tn\/fr\/#\/schema\/logo\/image\/","url":"https:\/\/www.webdo.tn\/fr\/wp-content\/uploads\/2025\/06\/Webdo-Tunisie_168377.jpg","contentUrl":"https:\/\/www.webdo.tn\/fr\/wp-content\/uploads\/2025\/06\/Webdo-Tunisie_168377.jpg","width":301,"height":301,"caption":"Webdo"},"image":{"@id":"https:\/\/www.webdo.tn\/fr\/#\/schema\/logo\/image\/"},"sameAs":["https:\/\/www.facebook.com\/webdotn","https:\/\/x.com\/webdo_tn"],"description":"Webdo est un m\u00e9dia num\u00e9rique tunisien fond\u00e9 en 2010, sp\u00e9cialis\u00e9 dans l\u2019actualit\u00e9 nationale et internationale, l\u2019\u00e9conomie, la soci\u00e9t\u00e9 et les analyses politiques. Le site s\u2019adresse \u00e0 un large public francophone et couvre l\u2019information tunisienne en temps r\u00e9el.","email":"redac@webdo.tn","legalName":"YNJ SARL","foundingDate":"2010-09-06","numberOfEmployees":{"@type":"QuantitativeValue","minValue":"11","maxValue":"50"}},{"@type":"Person","@id":"https:\/\/www.webdo.tn\/fr\/#\/schema\/person\/b9ecde7a5574cb4fcf4b496ea5fadb15","name":"Wided Belhaj","image":{"@type":"ImageObject","inLanguage":"fr-FR","@id":"https:\/\/www.webdo.tn\/fr\/wp-content\/uploads\/2026\/04\/wided-belhaj_avatar-96x96.jpg","url":"https:\/\/www.webdo.tn\/fr\/wp-content\/uploads\/2026\/04\/wided-belhaj_avatar-96x96.jpg","contentUrl":"https:\/\/www.webdo.tn\/fr\/wp-content\/uploads\/2026\/04\/wided-belhaj_avatar-96x96.jpg","caption":"Wided Belhaj"},"description":"Wided Belhaj est le pseudonyme \u00e9ditorial utilis\u00e9 par Khalil Jelassi, journaliste, ma\u00eetre-assistant \u00e0 l\u2019Institut de presse et des sciences de l\u2019information (IPSI) et chercheur en sciences de l\u2019information et de la communication. Cette signature est d\u00e9di\u00e9e \u00e0 l\u2019analyse des m\u00e9dias, des pratiques journalistiques et des mutations de l\u2019information \u00e0 l\u2019\u00e8re digitale. \u00c0 travers ses contributions, Wided Belhaj propose une lecture analytique de l\u2019actualit\u00e9, en croisant regard critique et expertise acad\u00e9mique.","knowsAbout":["m\u00e9dias","journalisme","communication","information","transformation num\u00e9rique","analyse des m\u00e9dias"],"knowsLanguage":["Fran\u00e7ais","Arabe"],"jobTitle":"Webdo.tn","worksFor":"Journaliste \u2013 Analyse des m\u00e9dias","url":"https:\/\/www.webdo.tn\/fr\/actualite\/author\/wided-belhaj\/"}]}},"_links":{"self":[{"href":"https:\/\/www.webdo.tn\/fr\/wp-json\/wp\/v2\/posts\/393551","targetHints":{"allow":["GET"]}}],"collection":[{"href":"https:\/\/www.webdo.tn\/fr\/wp-json\/wp\/v2\/posts"}],"about":[{"href":"https:\/\/www.webdo.tn\/fr\/wp-json\/wp\/v2\/types\/post"}],"author":[{"embeddable":true,"href":"https:\/\/www.webdo.tn\/fr\/wp-json\/wp\/v2\/users\/3184"}],"replies":[{"embeddable":true,"href":"https:\/\/www.webdo.tn\/fr\/wp-json\/wp\/v2\/comments?post=393551"}],"version-history":[{"count":0,"href":"https:\/\/www.webdo.tn\/fr\/wp-json\/wp\/v2\/posts\/393551\/revisions"}],"wp:featuredmedia":[{"embeddable":true,"href":"https:\/\/www.webdo.tn\/fr\/wp-json\/wp\/v2\/media\/393552"}],"wp:attachment":[{"href":"https:\/\/www.webdo.tn\/fr\/wp-json\/wp\/v2\/media?parent=393551"}],"wp:term":[{"taxonomy":"category","embeddable":true,"href":"https:\/\/www.webdo.tn\/fr\/wp-json\/wp\/v2\/categories?post=393551"},{"taxonomy":"post_tag","embeddable":true,"href":"https:\/\/www.webdo.tn\/fr\/wp-json\/wp\/v2\/tags?post=393551"}],"curies":[{"name":"wp","href":"https:\/\/api.w.org\/{rel}","templated":true}]}}