{"id":393520,"date":"2026-02-21T09:36:57","date_gmt":"2026-02-21T08:36:57","guid":{"rendered":"https:\/\/www.webdo.tn\/fr\/?p=393520"},"modified":"2026-02-21T09:36:58","modified_gmt":"2026-02-21T08:36:58","slug":"tunisie-vents-tres-forts-sur-les-cotes-et-les-hauteurs-ce-samedi","status":"publish","type":"post","link":"https:\/\/www.webdo.tn\/fr\/actualite\/national\/tunisie-vents-tres-forts-sur-les-cotes-et-les-hauteurs-ce-samedi\/393520\/","title":{"rendered":"Tunisie : Vents tr\u00e8s forts sur les c\u00f4tes et les hauteurs ce samedi"},"content":{"rendered":"\n<p>Le temps sera marqu\u00e9 ce samedi par un renforcement notable du vent, particuli\u00e8rement sur les r\u00e9gions c\u00f4ti\u00e8res et les reliefs.<\/p>\n\n\n\n<p>Selon l\u2019Institut national de la m\u00e9t\u00e9orologie, le vent soufflera de secteur nord-ouest fort pr\u00e8s des c\u00f4tes et sur les hauteurs, d\u00e9passant temporairement les 90 km\/h sous forme de rafales. Il sera relativement fort \u00e0 mod\u00e9r\u00e9 dans le reste des r\u00e9gions.<\/p>\n\n\n\n<p>La mer sera agit\u00e9e au nord et tr\u00e8s agit\u00e9e sur le reste des c\u00f4tes.<\/p>\n\n\n\n<h2 class=\"wp-block-heading\" id=\"h-quelques-pluies-attendues-a-l-extreme-nord-ouest\">Quelques pluies attendues \u00e0 l\u2019extr\u00eame nord-ouest<\/h2>\n\n\n\n<p>Des nuages passagers concerneront la plupart des r\u00e9gions et seront parfois plus denses sur le nord, avec des pluies faibles et \u00e9parses attendues sur l\u2019extr\u00eame nord-ouest.<\/p>\n\n\n\n<p>Les temp\u00e9ratures maximales varieront entre 11 et 16\u00b0C sur les r\u00e9gions ouest du nord et du centre, et entre 17 et 22\u00b0C ailleurs.<\/p>\n\n\n\n<blockquote class=\"wp-block-quote is-layout-flow wp-block-quote-is-layout-flow\">\n<blockquote class=\"wp-block-quote is-layout-flow wp-block-quote-is-layout-flow\">\n<p><strong>Lire aussi:<\/strong><\/p>\n\n\n\n<ul class=\"wp-block-list\">\n<li class=\"has-medium-font-size\"><a href=\"https:\/\/www.webdo.tn\/fr\/actualite\/national\/tunisie-ramadan-retrouve-lhiver-pour-la-premiere-fois-depuis-1999\/393164\/\">Tunisie : Ramadan retrouve l\u2019hiver pour la premi\u00e8re fois depuis 1999<\/a><\/li>\n<\/ul>\n<\/blockquote>\n<\/blockquote>\n","protected":false},"excerpt":{"rendered":"<p>Le temps sera marqu\u00e9 ce samedi par un renforcement notable du vent, particuli\u00e8rement sur les r\u00e9gions c\u00f4ti\u00e8res et les reliefs. Selon l\u2019Institut national de la m\u00e9t\u00e9orologie, le vent soufflera de secteur nord-ouest fort pr\u00e8s des c\u00f4tes et sur les hauteurs, d\u00e9passant temporairement les 90 km\/h sous forme de rafales. Il sera relativement fort \u00e0 mod\u00e9r\u00e9 [&hellip;]<\/p>\n","protected":false},"author":4779,"featured_media":392049,"comment_status":"closed","ping_status":"closed","sticky":false,"template":"","format":"standard","meta":{"footnotes":""},"categories":[44],"tags":[2670,2608,3363],"class_list":["post-393520","post","type-post","status-publish","format-standard","has-post-thumbnail","hentry","category-national","tag-meteo","tag-tunisie","tag-vent"],"yoast_head":"<!-- This site is optimized with the Yoast SEO Premium plugin v27.5 (Yoast SEO v27.5) - https:\/\/yoast.com\/product\/yoast-seo-premium-wordpress\/ -->\n<title>Tunisie : Vents tr\u00e8s forts sur les c\u00f4tes et les hauteurs ce samedi - webdo<\/title>\n<meta name=\"description\" content=\"Le temps en Tunisie ce samedi annon\u00e7ant des vents tr\u00e8s forts, notamment sur les c\u00f4tes et les hauteurs, \u00e0 ne pas manquer.\" \/>\n<link rel=\"canonical\" href=\"https:\/\/www.webdo.tn\/fr\/actualite\/national\/tunisie-vents-tres-forts-sur-les-cotes-et-les-hauteurs-ce-samedi\/393520\/\" \/>\n<meta property=\"og:locale\" content=\"fr_FR\" \/>\n<meta property=\"og:type\" content=\"article\" \/>\n<meta property=\"og:title\" content=\"Tunisie : Vents tr\u00e8s forts sur les c\u00f4tes et les hauteurs ce samedi\" \/>\n<meta property=\"og:description\" content=\"Le temps en Tunisie ce samedi annon\u00e7ant des vents tr\u00e8s forts, notamment sur les c\u00f4tes et les hauteurs, \u00e0 ne pas manquer.\" \/>\n<meta property=\"og:url\" content=\"https:\/\/www.webdo.tn\/fr\/actualite\/national\/tunisie-vents-tres-forts-sur-les-cotes-et-les-hauteurs-ce-samedi\/393520\/\" \/>\n<meta property=\"og:site_name\" content=\"webdo\" \/>\n<meta property=\"article:publisher\" content=\"https:\/\/www.facebook.com\/webdotn\" \/>\n<meta property=\"article:published_time\" content=\"2026-02-21T08:36:57+00:00\" \/>\n<meta property=\"article:modified_time\" content=\"2026-02-21T08:36:58+00:00\" \/>\n<meta property=\"og:image\" content=\"https:\/\/www.webdo.tn\/fr\/wp-content\/uploads\/2026\/01\/vent.jpg\" \/>\n\t<meta property=\"og:image:width\" content=\"1200\" \/>\n\t<meta property=\"og:image:height\" content=\"603\" \/>\n\t<meta property=\"og:image:type\" content=\"image\/jpeg\" \/>\n<meta name=\"author\" content=\"Firas Ben Abdeltif\" \/>\n<meta name=\"twitter:card\" content=\"summary_large_image\" \/>\n<meta name=\"twitter:creator\" content=\"@webdo_tn\" \/>\n<meta name=\"twitter:site\" content=\"@webdo_tn\" \/>\n<meta name=\"twitter:label1\" content=\"\u00c9crit par\" \/>\n\t<meta name=\"twitter:data1\" content=\"Firas Ben Abdeltif\" \/>\n\t<meta name=\"twitter:label2\" content=\"Dur\u00e9e de lecture estim\u00e9e\" \/>\n\t<meta name=\"twitter:data2\" content=\"1 minute\" \/>\n<script type=\"application\/ld+json\" class=\"yoast-schema-graph\">{\"@context\":\"https:\\\/\\\/schema.org\",\"@graph\":[{\"@type\":\"NewsArticle\",\"@id\":\"https:\\\/\\\/www.webdo.tn\\\/fr\\\/actualite\\\/national\\\/tunisie-vents-tres-forts-sur-les-cotes-et-les-hauteurs-ce-samedi\\\/393520\\\/#article\",\"isPartOf\":{\"@id\":\"https:\\\/\\\/www.webdo.tn\\\/fr\\\/actualite\\\/national\\\/tunisie-vents-tres-forts-sur-les-cotes-et-les-hauteurs-ce-samedi\\\/393520\\\/\"},\"author\":{\"name\":\"Firas Ben Abdeltif\",\"@id\":\"https:\\\/\\\/www.webdo.tn\\\/fr\\\/#\\\/schema\\\/person\\\/19664196c9bfdcda126f3c27709f7d11\"},\"headline\":\"Tunisie : Vents tr\u00e8s forts sur les c\u00f4tes et les hauteurs ce samedi\",\"datePublished\":\"2026-02-21T08:36:57+00:00\",\"dateModified\":\"2026-02-21T08:36:58+00:00\",\"mainEntityOfPage\":{\"@id\":\"https:\\\/\\\/www.webdo.tn\\\/fr\\\/actualite\\\/national\\\/tunisie-vents-tres-forts-sur-les-cotes-et-les-hauteurs-ce-samedi\\\/393520\\\/\"},\"wordCount\":175,\"publisher\":{\"@id\":\"https:\\\/\\\/www.webdo.tn\\\/fr\\\/#organization\"},\"image\":{\"@id\":\"https:\\\/\\\/www.webdo.tn\\\/fr\\\/actualite\\\/national\\\/tunisie-vents-tres-forts-sur-les-cotes-et-les-hauteurs-ce-samedi\\\/393520\\\/#primaryimage\"},\"thumbnailUrl\":\"https:\\\/\\\/www.webdo.tn\\\/fr\\\/wp-content\\\/uploads\\\/2026\\\/01\\\/vent.jpg\",\"keywords\":[\"m\u00e9t\u00e9o\",\"Tunisie\",\"Vent\"],\"articleSection\":[\"National\"],\"inLanguage\":\"fr-FR\"},{\"@type\":\"WebPage\",\"@id\":\"https:\\\/\\\/www.webdo.tn\\\/fr\\\/actualite\\\/national\\\/tunisie-vents-tres-forts-sur-les-cotes-et-les-hauteurs-ce-samedi\\\/393520\\\/\",\"url\":\"https:\\\/\\\/www.webdo.tn\\\/fr\\\/actualite\\\/national\\\/tunisie-vents-tres-forts-sur-les-cotes-et-les-hauteurs-ce-samedi\\\/393520\\\/\",\"name\":\"Tunisie : Vents tr\u00e8s forts sur les c\u00f4tes et les hauteurs ce samedi - webdo\",\"isPartOf\":{\"@id\":\"https:\\\/\\\/www.webdo.tn\\\/fr\\\/#website\"},\"primaryImageOfPage\":{\"@id\":\"https:\\\/\\\/www.webdo.tn\\\/fr\\\/actualite\\\/national\\\/tunisie-vents-tres-forts-sur-les-cotes-et-les-hauteurs-ce-samedi\\\/393520\\\/#primaryimage\"},\"image\":{\"@id\":\"https:\\\/\\\/www.webdo.tn\\\/fr\\\/actualite\\\/national\\\/tunisie-vents-tres-forts-sur-les-cotes-et-les-hauteurs-ce-samedi\\\/393520\\\/#primaryimage\"},\"thumbnailUrl\":\"https:\\\/\\\/www.webdo.tn\\\/fr\\\/wp-content\\\/uploads\\\/2026\\\/01\\\/vent.jpg\",\"datePublished\":\"2026-02-21T08:36:57+00:00\",\"dateModified\":\"2026-02-21T08:36:58+00:00\",\"description\":\"Le temps en Tunisie ce samedi annon\u00e7ant des vents tr\u00e8s forts, notamment sur les c\u00f4tes et les hauteurs, \u00e0 ne pas manquer.\",\"breadcrumb\":{\"@id\":\"https:\\\/\\\/www.webdo.tn\\\/fr\\\/actualite\\\/national\\\/tunisie-vents-tres-forts-sur-les-cotes-et-les-hauteurs-ce-samedi\\\/393520\\\/#breadcrumb\"},\"inLanguage\":\"fr-FR\",\"potentialAction\":[{\"@type\":\"ReadAction\",\"target\":[\"https:\\\/\\\/www.webdo.tn\\\/fr\\\/actualite\\\/national\\\/tunisie-vents-tres-forts-sur-les-cotes-et-les-hauteurs-ce-samedi\\\/393520\\\/\"]}]},{\"@type\":\"ImageObject\",\"inLanguage\":\"fr-FR\",\"@id\":\"https:\\\/\\\/www.webdo.tn\\\/fr\\\/actualite\\\/national\\\/tunisie-vents-tres-forts-sur-les-cotes-et-les-hauteurs-ce-samedi\\\/393520\\\/#primaryimage\",\"url\":\"https:\\\/\\\/www.webdo.tn\\\/fr\\\/wp-content\\\/uploads\\\/2026\\\/01\\\/vent.jpg\",\"contentUrl\":\"https:\\\/\\\/www.webdo.tn\\\/fr\\\/wp-content\\\/uploads\\\/2026\\\/01\\\/vent.jpg\",\"width\":1200,\"height\":603,\"caption\":\"Tunisie : Vents violents et pluies au programme\"},{\"@type\":\"BreadcrumbList\",\"@id\":\"https:\\\/\\\/www.webdo.tn\\\/fr\\\/actualite\\\/national\\\/tunisie-vents-tres-forts-sur-les-cotes-et-les-hauteurs-ce-samedi\\\/393520\\\/#breadcrumb\",\"itemListElement\":[{\"@type\":\"ListItem\",\"position\":1,\"name\":\"Accueil\",\"item\":\"https:\\\/\\\/www.webdo.tn\\\/fr\\\/\"},{\"@type\":\"ListItem\",\"position\":2,\"name\":\"Tunisie : Vents tr\u00e8s forts sur les c\u00f4tes et les hauteurs ce samedi\"}]},{\"@type\":\"WebSite\",\"@id\":\"https:\\\/\\\/www.webdo.tn\\\/fr\\\/#website\",\"url\":\"https:\\\/\\\/www.webdo.tn\\\/fr\\\/\",\"name\":\"webdo\",\"description\":\"Tunisie - News en Tunisie et \u00e0 l&#039;international sur Webdo.tn\",\"publisher\":{\"@id\":\"https:\\\/\\\/www.webdo.tn\\\/fr\\\/#organization\"},\"potentialAction\":[{\"@type\":\"SearchAction\",\"target\":{\"@type\":\"EntryPoint\",\"urlTemplate\":\"https:\\\/\\\/www.webdo.tn\\\/fr\\\/?s={search_term_string}\"},\"query-input\":{\"@type\":\"PropertyValueSpecification\",\"valueRequired\":true,\"valueName\":\"search_term_string\"}}],\"inLanguage\":\"fr-FR\"},{\"@type\":\"Organization\",\"@id\":\"https:\\\/\\\/www.webdo.tn\\\/fr\\\/#organization\",\"name\":\"Webdo\",\"alternateName\":\"Webdo.tn\",\"url\":\"https:\\\/\\\/www.webdo.tn\\\/fr\\\/\",\"logo\":{\"@type\":\"ImageObject\",\"inLanguage\":\"fr-FR\",\"@id\":\"https:\\\/\\\/www.webdo.tn\\\/fr\\\/#\\\/schema\\\/logo\\\/image\\\/\",\"url\":\"https:\\\/\\\/www.webdo.tn\\\/fr\\\/wp-content\\\/uploads\\\/2025\\\/06\\\/Webdo-Tunisie_168377.jpg\",\"contentUrl\":\"https:\\\/\\\/www.webdo.tn\\\/fr\\\/wp-content\\\/uploads\\\/2025\\\/06\\\/Webdo-Tunisie_168377.jpg\",\"width\":301,\"height\":301,\"caption\":\"Webdo\"},\"image\":{\"@id\":\"https:\\\/\\\/www.webdo.tn\\\/fr\\\/#\\\/schema\\\/logo\\\/image\\\/\"},\"sameAs\":[\"https:\\\/\\\/www.facebook.com\\\/webdotn\",\"https:\\\/\\\/x.com\\\/webdo_tn\"],\"description\":\"Webdo est un m\u00e9dia num\u00e9rique tunisien fond\u00e9 en 2010, sp\u00e9cialis\u00e9 dans l\u2019actualit\u00e9 nationale et internationale, l\u2019\u00e9conomie, la soci\u00e9t\u00e9 et les analyses politiques. Le site s\u2019adresse \u00e0 un large public francophone et couvre l\u2019information tunisienne en temps r\u00e9el.\",\"email\":\"redac@webdo.tn\",\"legalName\":\"YNJ SARL\",\"foundingDate\":\"2010-09-06\",\"numberOfEmployees\":{\"@type\":\"QuantitativeValue\",\"minValue\":\"11\",\"maxValue\":\"50\"}},{\"@type\":\"Person\",\"@id\":\"https:\\\/\\\/www.webdo.tn\\\/fr\\\/#\\\/schema\\\/person\\\/19664196c9bfdcda126f3c27709f7d11\",\"name\":\"Firas Ben Abdeltif\",\"image\":{\"@type\":\"ImageObject\",\"inLanguage\":\"fr-FR\",\"@id\":\"https:\\\/\\\/secure.gravatar.com\\\/avatar\\\/161a347d40df098a084778c52ed133dbd85f14df003867067c5948081241ec55?s=96&d=mm&r=g\",\"url\":\"https:\\\/\\\/secure.gravatar.com\\\/avatar\\\/161a347d40df098a084778c52ed133dbd85f14df003867067c5948081241ec55?s=96&d=mm&r=g\",\"contentUrl\":\"https:\\\/\\\/secure.gravatar.com\\\/avatar\\\/161a347d40df098a084778c52ed133dbd85f14df003867067c5948081241ec55?s=96&d=mm&r=g\",\"caption\":\"Firas Ben Abdeltif\"},\"url\":\"https:\\\/\\\/www.webdo.tn\\\/fr\\\/actualite\\\/author\\\/firas-ben-abdeltif\\\/\"}]}<\/script>\n<!-- \/ Yoast SEO Premium plugin. -->","yoast_head_json":{"title":"Tunisie : Vents tr\u00e8s forts sur les c\u00f4tes et les hauteurs ce samedi - webdo","description":"Le temps en Tunisie ce samedi annon\u00e7ant des vents tr\u00e8s forts, notamment sur les c\u00f4tes et les hauteurs, \u00e0 ne pas manquer.","canonical":"https:\/\/www.webdo.tn\/fr\/actualite\/national\/tunisie-vents-tres-forts-sur-les-cotes-et-les-hauteurs-ce-samedi\/393520\/","og_locale":"fr_FR","og_type":"article","og_title":"Tunisie : Vents tr\u00e8s forts sur les c\u00f4tes et les hauteurs ce samedi","og_description":"Le temps en Tunisie ce samedi annon\u00e7ant des vents tr\u00e8s forts, notamment sur les c\u00f4tes et les hauteurs, \u00e0 ne pas manquer.","og_url":"https:\/\/www.webdo.tn\/fr\/actualite\/national\/tunisie-vents-tres-forts-sur-les-cotes-et-les-hauteurs-ce-samedi\/393520\/","og_site_name":"webdo","article_publisher":"https:\/\/www.facebook.com\/webdotn","article_published_time":"2026-02-21T08:36:57+00:00","article_modified_time":"2026-02-21T08:36:58+00:00","og_image":[{"width":1200,"height":603,"url":"https:\/\/www.webdo.tn\/fr\/wp-content\/uploads\/2026\/01\/vent.jpg","type":"image\/jpeg"}],"author":"Firas Ben Abdeltif","twitter_card":"summary_large_image","twitter_creator":"@webdo_tn","twitter_site":"@webdo_tn","twitter_misc":{"\u00c9crit par":"Firas Ben Abdeltif","Dur\u00e9e de lecture estim\u00e9e":"1 minute"},"schema":{"@context":"https:\/\/schema.org","@graph":[{"@type":"NewsArticle","@id":"https:\/\/www.webdo.tn\/fr\/actualite\/national\/tunisie-vents-tres-forts-sur-les-cotes-et-les-hauteurs-ce-samedi\/393520\/#article","isPartOf":{"@id":"https:\/\/www.webdo.tn\/fr\/actualite\/national\/tunisie-vents-tres-forts-sur-les-cotes-et-les-hauteurs-ce-samedi\/393520\/"},"author":{"name":"Firas Ben Abdeltif","@id":"https:\/\/www.webdo.tn\/fr\/#\/schema\/person\/19664196c9bfdcda126f3c27709f7d11"},"headline":"Tunisie : Vents tr\u00e8s forts sur les c\u00f4tes et les hauteurs ce samedi","datePublished":"2026-02-21T08:36:57+00:00","dateModified":"2026-02-21T08:36:58+00:00","mainEntityOfPage":{"@id":"https:\/\/www.webdo.tn\/fr\/actualite\/national\/tunisie-vents-tres-forts-sur-les-cotes-et-les-hauteurs-ce-samedi\/393520\/"},"wordCount":175,"publisher":{"@id":"https:\/\/www.webdo.tn\/fr\/#organization"},"image":{"@id":"https:\/\/www.webdo.tn\/fr\/actualite\/national\/tunisie-vents-tres-forts-sur-les-cotes-et-les-hauteurs-ce-samedi\/393520\/#primaryimage"},"thumbnailUrl":"https:\/\/www.webdo.tn\/fr\/wp-content\/uploads\/2026\/01\/vent.jpg","keywords":["m\u00e9t\u00e9o","Tunisie","Vent"],"articleSection":["National"],"inLanguage":"fr-FR"},{"@type":"WebPage","@id":"https:\/\/www.webdo.tn\/fr\/actualite\/national\/tunisie-vents-tres-forts-sur-les-cotes-et-les-hauteurs-ce-samedi\/393520\/","url":"https:\/\/www.webdo.tn\/fr\/actualite\/national\/tunisie-vents-tres-forts-sur-les-cotes-et-les-hauteurs-ce-samedi\/393520\/","name":"Tunisie : Vents tr\u00e8s forts sur les c\u00f4tes et les hauteurs ce samedi - webdo","isPartOf":{"@id":"https:\/\/www.webdo.tn\/fr\/#website"},"primaryImageOfPage":{"@id":"https:\/\/www.webdo.tn\/fr\/actualite\/national\/tunisie-vents-tres-forts-sur-les-cotes-et-les-hauteurs-ce-samedi\/393520\/#primaryimage"},"image":{"@id":"https:\/\/www.webdo.tn\/fr\/actualite\/national\/tunisie-vents-tres-forts-sur-les-cotes-et-les-hauteurs-ce-samedi\/393520\/#primaryimage"},"thumbnailUrl":"https:\/\/www.webdo.tn\/fr\/wp-content\/uploads\/2026\/01\/vent.jpg","datePublished":"2026-02-21T08:36:57+00:00","dateModified":"2026-02-21T08:36:58+00:00","description":"Le temps en Tunisie ce samedi annon\u00e7ant des vents tr\u00e8s forts, notamment sur les c\u00f4tes et les hauteurs, \u00e0 ne pas manquer.","breadcrumb":{"@id":"https:\/\/www.webdo.tn\/fr\/actualite\/national\/tunisie-vents-tres-forts-sur-les-cotes-et-les-hauteurs-ce-samedi\/393520\/#breadcrumb"},"inLanguage":"fr-FR","potentialAction":[{"@type":"ReadAction","target":["https:\/\/www.webdo.tn\/fr\/actualite\/national\/tunisie-vents-tres-forts-sur-les-cotes-et-les-hauteurs-ce-samedi\/393520\/"]}]},{"@type":"ImageObject","inLanguage":"fr-FR","@id":"https:\/\/www.webdo.tn\/fr\/actualite\/national\/tunisie-vents-tres-forts-sur-les-cotes-et-les-hauteurs-ce-samedi\/393520\/#primaryimage","url":"https:\/\/www.webdo.tn\/fr\/wp-content\/uploads\/2026\/01\/vent.jpg","contentUrl":"https:\/\/www.webdo.tn\/fr\/wp-content\/uploads\/2026\/01\/vent.jpg","width":1200,"height":603,"caption":"Tunisie : Vents violents et pluies au programme"},{"@type":"BreadcrumbList","@id":"https:\/\/www.webdo.tn\/fr\/actualite\/national\/tunisie-vents-tres-forts-sur-les-cotes-et-les-hauteurs-ce-samedi\/393520\/#breadcrumb","itemListElement":[{"@type":"ListItem","position":1,"name":"Accueil","item":"https:\/\/www.webdo.tn\/fr\/"},{"@type":"ListItem","position":2,"name":"Tunisie : Vents tr\u00e8s forts sur les c\u00f4tes et les hauteurs ce samedi"}]},{"@type":"WebSite","@id":"https:\/\/www.webdo.tn\/fr\/#website","url":"https:\/\/www.webdo.tn\/fr\/","name":"webdo","description":"Tunisie - News en Tunisie et \u00e0 l&#039;international sur Webdo.tn","publisher":{"@id":"https:\/\/www.webdo.tn\/fr\/#organization"},"potentialAction":[{"@type":"SearchAction","target":{"@type":"EntryPoint","urlTemplate":"https:\/\/www.webdo.tn\/fr\/?s={search_term_string}"},"query-input":{"@type":"PropertyValueSpecification","valueRequired":true,"valueName":"search_term_string"}}],"inLanguage":"fr-FR"},{"@type":"Organization","@id":"https:\/\/www.webdo.tn\/fr\/#organization","name":"Webdo","alternateName":"Webdo.tn","url":"https:\/\/www.webdo.tn\/fr\/","logo":{"@type":"ImageObject","inLanguage":"fr-FR","@id":"https:\/\/www.webdo.tn\/fr\/#\/schema\/logo\/image\/","url":"https:\/\/www.webdo.tn\/fr\/wp-content\/uploads\/2025\/06\/Webdo-Tunisie_168377.jpg","contentUrl":"https:\/\/www.webdo.tn\/fr\/wp-content\/uploads\/2025\/06\/Webdo-Tunisie_168377.jpg","width":301,"height":301,"caption":"Webdo"},"image":{"@id":"https:\/\/www.webdo.tn\/fr\/#\/schema\/logo\/image\/"},"sameAs":["https:\/\/www.facebook.com\/webdotn","https:\/\/x.com\/webdo_tn"],"description":"Webdo est un m\u00e9dia num\u00e9rique tunisien fond\u00e9 en 2010, sp\u00e9cialis\u00e9 dans l\u2019actualit\u00e9 nationale et internationale, l\u2019\u00e9conomie, la soci\u00e9t\u00e9 et les analyses politiques. Le site s\u2019adresse \u00e0 un large public francophone et couvre l\u2019information tunisienne en temps r\u00e9el.","email":"redac@webdo.tn","legalName":"YNJ SARL","foundingDate":"2010-09-06","numberOfEmployees":{"@type":"QuantitativeValue","minValue":"11","maxValue":"50"}},{"@type":"Person","@id":"https:\/\/www.webdo.tn\/fr\/#\/schema\/person\/19664196c9bfdcda126f3c27709f7d11","name":"Firas Ben Abdeltif","image":{"@type":"ImageObject","inLanguage":"fr-FR","@id":"https:\/\/secure.gravatar.com\/avatar\/161a347d40df098a084778c52ed133dbd85f14df003867067c5948081241ec55?s=96&d=mm&r=g","url":"https:\/\/secure.gravatar.com\/avatar\/161a347d40df098a084778c52ed133dbd85f14df003867067c5948081241ec55?s=96&d=mm&r=g","contentUrl":"https:\/\/secure.gravatar.com\/avatar\/161a347d40df098a084778c52ed133dbd85f14df003867067c5948081241ec55?s=96&d=mm&r=g","caption":"Firas Ben Abdeltif"},"url":"https:\/\/www.webdo.tn\/fr\/actualite\/author\/firas-ben-abdeltif\/"}]}},"_links":{"self":[{"href":"https:\/\/www.webdo.tn\/fr\/wp-json\/wp\/v2\/posts\/393520","targetHints":{"allow":["GET"]}}],"collection":[{"href":"https:\/\/www.webdo.tn\/fr\/wp-json\/wp\/v2\/posts"}],"about":[{"href":"https:\/\/www.webdo.tn\/fr\/wp-json\/wp\/v2\/types\/post"}],"author":[{"embeddable":true,"href":"https:\/\/www.webdo.tn\/fr\/wp-json\/wp\/v2\/users\/4779"}],"replies":[{"embeddable":true,"href":"https:\/\/www.webdo.tn\/fr\/wp-json\/wp\/v2\/comments?post=393520"}],"version-history":[{"count":0,"href":"https:\/\/www.webdo.tn\/fr\/wp-json\/wp\/v2\/posts\/393520\/revisions"}],"wp:featuredmedia":[{"embeddable":true,"href":"https:\/\/www.webdo.tn\/fr\/wp-json\/wp\/v2\/media\/392049"}],"wp:attachment":[{"href":"https:\/\/www.webdo.tn\/fr\/wp-json\/wp\/v2\/media?parent=393520"}],"wp:term":[{"taxonomy":"category","embeddable":true,"href":"https:\/\/www.webdo.tn\/fr\/wp-json\/wp\/v2\/categories?post=393520"},{"taxonomy":"post_tag","embeddable":true,"href":"https:\/\/www.webdo.tn\/fr\/wp-json\/wp\/v2\/tags?post=393520"}],"curies":[{"name":"wp","href":"https:\/\/api.w.org\/{rel}","templated":true}]}}