{"id":393507,"date":"2026-02-21T07:15:37","date_gmt":"2026-02-21T06:15:37","guid":{"rendered":"https:\/\/www.webdo.tn\/fr\/?p=393507"},"modified":"2026-02-21T07:15:39","modified_gmt":"2026-02-21T06:15:39","slug":"bloque-par-la-cour-supreme-trump-taxe-desormais-tous-les-pays-a-10","status":"publish","type":"post","link":"https:\/\/www.webdo.tn\/fr\/actualite\/international\/bloque-par-la-cour-supreme-trump-taxe-desormais-tous-les-pays-a-10\/393507\/","title":{"rendered":"Bloqu\u00e9 par la Cour supr\u00eame, Trump taxe d\u00e9sormais tous les pays \u00e0 10 %"},"content":{"rendered":"\n<p><strong>La Cour supr\u00eame am\u00e9ricaine a inflig\u00e9 un revers majeur \u00e0 Donald Trump en invalidant une grande partie de ses droits de douane mondiaux. Mais quelques heures plus tard, le pr\u00e9sident am\u00e9ricain annon\u00e7ait d\u00e9j\u00e0 une nouvelle taxe universelle de 10 %.<br>La d\u00e9cision judiciaire n\u2019a donc pas stopp\u00e9 la strat\u00e9gie \u2014 elle l\u2019a transform\u00e9e.<\/strong><\/p>\n\n\n\n<h2 class=\"wp-block-heading\" id=\"h-la-fin-des-tarifs-d-urgence-pas-du-protectionnisme\">La fin des tarifs d\u2019urgence\u2026 pas du protectionnisme<\/h2>\n\n\n\n<p>Par six voix contre trois, la plus haute juridiction des \u00c9tats-Unis a jug\u00e9 ill\u00e9gale l\u2019utilisation par Donald Trump de la loi d\u2019urgence \u00e9conomique de 1977 (IEEPA) pour imposer des droits de douane g\u00e9n\u00e9ralis\u00e9s.<br>Selon les juges, le pr\u00e9sident ne peut pas invoquer une urgence nationale pour taxer l\u2019ensemble du commerce mondial : ce pouvoir appartient au Congr\u00e8s en temps de paix.<\/p>\n\n\n\n<p>Le jugement annule ainsi l\u2019outil principal de la politique commerciale trumpienne : des tarifs \u00e9lev\u00e9s, parfois sup\u00e9rieurs \u00e0 25 %, visant aussi bien adversaires que partenaires commerciaux.<\/p>\n\n\n\n<p>Pour les \u00e9conomistes, la port\u00e9e est historique.<br>Le pr\u00e9sident am\u00e9ricain perd la capacit\u00e9 d\u2019agir seul, rapidement et globalement sur le commerce international.<\/p>\n\n\n\n<p>Mais la victoire institutionnelle aura \u00e9t\u00e9 de courte dur\u00e9e.<\/p>\n\n\n\n<p>Quelques heures apr\u00e8s la d\u00e9cision, Donald Trump annonce qu\u2019il contourne l\u2019arr\u00eat en utilisant une autre base juridique : le Trade Expansion Act.<br>R\u00e9sultat : une taxe mondiale uniforme de 10 % applicable imm\u00e9diatement.<\/p>\n\n\n\n<p>Cette taxe universelle ne remplace toutefois pas enti\u00e8rement les droits de douane existants : elle s\u2019y ajoute pour de nombreux produits d\u00e9j\u00e0 soumis \u00e0 des tarifs sectoriels, notamment dans l\u2019acier, l\u2019aluminium ou certaines industries manufacturi\u00e8res.<\/p>\n\n\n\n<p>La logique change, pas l\u2019objectif.<\/p>\n\n\n\n<h2 class=\"wp-block-heading\" id=\"h-d-une-arme-ciblee-a-une-doctrine-globale\">D\u2019une arme cibl\u00e9e \u00e0 une doctrine globale<\/h2>\n\n\n\n<p>Avant le jugement, la politique commerciale am\u00e9ricaine reposait sur la pression : punir certains pays pour obtenir concessions politiques ou \u00e9conomiques.<br>D\u00e9sormais, la m\u00e9thode devient structurelle : taxer tout le monde en permanence.<\/p>\n\n\n\n<p>Autrement dit, la Cour supr\u00eame a r\u00e9duit la brutalit\u00e9 du m\u00e9canisme mais a contribu\u00e9 involontairement \u00e0 sa g\u00e9n\u00e9ralisation.<\/p>\n\n\n\n<p>Pour les partenaires commerciaux, la diff\u00e9rence est majeure.<br>Les sanctions s\u00e9lectives deviennent une barri\u00e8re universelle.<\/p>\n\n\n\n<p>Pour les \u00c9tats-Unis, le commerce ext\u00e9rieur cesse d\u2019\u00eatre un outil ponctuel de n\u00e9gociation pour devenir une doctrine \u00e9conomique stable : prot\u00e9ger le march\u00e9 int\u00e9rieur, quoi qu\u2019il arrive.<\/p>\n\n\n\n<p>Les analystes parlent d\u00e9sormais d\u2019un basculement : le libre-\u00e9change n\u2019est plus l\u2019horizon du syst\u00e8me international mais une exception conditionnelle.<\/p>\n\n\n\n<h2 class=\"wp-block-heading\" id=\"h-tunisie-echapper-a-la-sanction-entrer-dans-la-taxe\">Tunisie : \u00e9chapper \u00e0 la sanction, entrer dans la taxe<\/h2>\n\n\n\n<p>La d\u00e9cision de la Cour supr\u00eame modifie la nature de la politique commerciale am\u00e9ricaine sans la faire dispara\u00eetre. Les pays auparavant expos\u00e9s \u00e0 des sanctions cibl\u00e9es et potentiellement tr\u00e8s \u00e9lev\u00e9es \u00e9chappent d\u00e9sormais \u00e0 ces p\u00e9nalit\u00e9s, mais entrent en contrepartie dans un syst\u00e8me de taxation g\u00e9n\u00e9ralis\u00e9e. <\/p>\n\n\n\n<p>La Tunisie illustre ce basculement : elle \u00e9vite les droits de douane \u00e9lev\u00e9s qui pouvaient atteindre pr\u00e8s de 25 \u00e0 30 %, mais se voit d\u00e9sormais appliquer, comme tous les autres partenaires commerciaux, un tarif universel d\u2019environ 10 %. Autrement dit, le risque d\u2019une sanction lourde et brutale est remplac\u00e9 par un co\u00fbt plus mod\u00e9r\u00e9 mais syst\u00e9matique. <\/p>\n\n\n\n<p>La Cour supr\u00eame a ainsi limit\u00e9 le pouvoir pr\u00e9sidentiel d\u2019imposer des mesures exceptionnelles, sans pour autant mettre fin au protectionnisme : Donald Trump transforme la contrainte juridique en r\u00e8gle \u00e9conomique durable. La guerre commerciale am\u00e9ricaine ne dispara\u00eet pas, elle change de forme et s\u2019inscrit d\u00e9sormais dans un cadre plus stable \u2014 et probablement plus long.<\/p>\n\n\n\n<blockquote class=\"twitter-tweet\" data-media-max-width=\"560\"><p lang=\"en\" dir=\"ltr\">Trump commits to a new 10% global tariff, and the people who will pay for it are American families and small businesses. It\u2019s another tax hike disguised as tough talk. <a href=\"https:\/\/t.co\/xowGr1akdB\">pic.twitter.com\/xowGr1akdB<\/a><\/p>&mdash; American Bridge 21st Century (@American_Bridge) <a href=\"https:\/\/twitter.com\/American_Bridge\/status\/2024940986321764671?ref_src=twsrc%5Etfw\">February 20, 2026<\/a><\/blockquote> <script async src=\"https:\/\/platform.twitter.com\/widgets.js\" charset=\"utf-8\"><\/script>\n\n\n\n<blockquote class=\"wp-block-quote is-layout-flow wp-block-quote-is-layout-flow\">\n<blockquote class=\"wp-block-quote is-layout-flow wp-block-quote-is-layout-flow\">\n<p><strong>Lire aussi:<\/strong> <\/p>\n\n\n\n<ul class=\"wp-block-list\">\n<li class=\"has-medium-font-size\"><a href=\"https:\/\/www.webdo.tn\/fr\/actualite\/international\/la-cour-supreme-americaine-annule-les-taxes-douanieres-de-trump\/393494\/\">La Cour supr\u00eame am\u00e9ricaine annule les taxes douani\u00e8res, Trump contre-attaque !<\/a><\/li>\n<\/ul>\n<\/blockquote>\n<\/blockquote>\n","protected":false},"excerpt":{"rendered":"<p>La Cour supr\u00eame am\u00e9ricaine a inflig\u00e9 un revers majeur \u00e0 Donald Trump en invalidant une grande partie de ses droits de douane mondiaux. Mais quelques heures plus tard, le pr\u00e9sident am\u00e9ricain annon\u00e7ait d\u00e9j\u00e0 une nouvelle taxe universelle de 10 %.La d\u00e9cision judiciaire n\u2019a donc pas stopp\u00e9 la strat\u00e9gie \u2014 elle l\u2019a transform\u00e9e. La fin des [&hellip;]<\/p>\n","protected":false},"author":4779,"featured_media":393509,"comment_status":"closed","ping_status":"closed","sticky":false,"template":"","format":"standard","meta":{"footnotes":""},"categories":[2598],"tags":[3035,13257,3309,2608],"class_list":["post-393507","post","type-post","status-publish","format-standard","has-post-thumbnail","hentry","category-international","tag-etats-unis","tag-taxes-douanieres","tag-trump","tag-tunisie"],"yoast_head":"<!-- This site is optimized with the Yoast SEO Premium plugin v27.5 (Yoast SEO v27.5) - https:\/\/yoast.com\/product\/yoast-seo-premium-wordpress\/ -->\n<title>Bloqu\u00e9 par la Cour supr\u00eame, Trump taxe d\u00e9sormais tous les pays \u00e0 10 % - webdo<\/title>\n<meta name=\"description\" content=\"La Cour supr\u00eame invalide les droits de douane de Trump, mais il introduit tout de m\u00eame une nouvelle taxe universelle de 10 %.\" \/>\n<link rel=\"canonical\" href=\"https:\/\/www.webdo.tn\/fr\/actualite\/international\/bloque-par-la-cour-supreme-trump-taxe-desormais-tous-les-pays-a-10\/393507\/\" \/>\n<meta property=\"og:locale\" content=\"fr_FR\" \/>\n<meta property=\"og:type\" content=\"article\" \/>\n<meta property=\"og:title\" content=\"Bloqu\u00e9 par la Cour supr\u00eame, Trump taxe d\u00e9sormais tous les pays \u00e0 10 %\" \/>\n<meta property=\"og:description\" content=\"La Cour supr\u00eame invalide les droits de douane de Trump, mais il introduit tout de m\u00eame une nouvelle taxe universelle de 10 %.\" \/>\n<meta property=\"og:url\" content=\"https:\/\/www.webdo.tn\/fr\/actualite\/international\/bloque-par-la-cour-supreme-trump-taxe-desormais-tous-les-pays-a-10\/393507\/\" \/>\n<meta property=\"og:site_name\" content=\"webdo\" \/>\n<meta property=\"article:publisher\" content=\"https:\/\/www.facebook.com\/webdotn\" \/>\n<meta property=\"article:published_time\" content=\"2026-02-21T06:15:37+00:00\" \/>\n<meta property=\"article:modified_time\" content=\"2026-02-21T06:15:39+00:00\" \/>\n<meta property=\"og:image\" content=\"https:\/\/www.webdo.tn\/fr\/wp-content\/uploads\/2026\/02\/trump-10-taxes.jpg\" \/>\n\t<meta property=\"og:image:width\" content=\"1200\" \/>\n\t<meta property=\"og:image:height\" content=\"600\" \/>\n\t<meta property=\"og:image:type\" content=\"image\/jpeg\" \/>\n<meta name=\"author\" content=\"Firas Ben Abdeltif\" \/>\n<meta name=\"twitter:card\" content=\"summary_large_image\" \/>\n<meta name=\"twitter:creator\" content=\"@webdo_tn\" \/>\n<meta name=\"twitter:site\" content=\"@webdo_tn\" \/>\n<meta name=\"twitter:label1\" content=\"\u00c9crit par\" \/>\n\t<meta name=\"twitter:data1\" content=\"Firas Ben Abdeltif\" \/>\n\t<meta name=\"twitter:label2\" content=\"Dur\u00e9e de lecture estim\u00e9e\" \/>\n\t<meta name=\"twitter:data2\" content=\"3 minutes\" \/>\n<script type=\"application\/ld+json\" class=\"yoast-schema-graph\">{\"@context\":\"https:\\\/\\\/schema.org\",\"@graph\":[{\"@type\":\"NewsArticle\",\"@id\":\"https:\\\/\\\/www.webdo.tn\\\/fr\\\/actualite\\\/international\\\/bloque-par-la-cour-supreme-trump-taxe-desormais-tous-les-pays-a-10\\\/393507\\\/#article\",\"isPartOf\":{\"@id\":\"https:\\\/\\\/www.webdo.tn\\\/fr\\\/actualite\\\/international\\\/bloque-par-la-cour-supreme-trump-taxe-desormais-tous-les-pays-a-10\\\/393507\\\/\"},\"author\":{\"name\":\"Firas Ben Abdeltif\",\"@id\":\"https:\\\/\\\/www.webdo.tn\\\/fr\\\/#\\\/schema\\\/person\\\/19664196c9bfdcda126f3c27709f7d11\"},\"headline\":\"Bloqu\u00e9 par la Cour supr\u00eame, Trump taxe d\u00e9sormais tous les pays \u00e0 10 %\",\"datePublished\":\"2026-02-21T06:15:37+00:00\",\"dateModified\":\"2026-02-21T06:15:39+00:00\",\"mainEntityOfPage\":{\"@id\":\"https:\\\/\\\/www.webdo.tn\\\/fr\\\/actualite\\\/international\\\/bloque-par-la-cour-supreme-trump-taxe-desormais-tous-les-pays-a-10\\\/393507\\\/\"},\"wordCount\":674,\"publisher\":{\"@id\":\"https:\\\/\\\/www.webdo.tn\\\/fr\\\/#organization\"},\"image\":{\"@id\":\"https:\\\/\\\/www.webdo.tn\\\/fr\\\/actualite\\\/international\\\/bloque-par-la-cour-supreme-trump-taxe-desormais-tous-les-pays-a-10\\\/393507\\\/#primaryimage\"},\"thumbnailUrl\":\"https:\\\/\\\/www.webdo.tn\\\/fr\\\/wp-content\\\/uploads\\\/2026\\\/02\\\/trump-10-taxes.jpg\",\"keywords\":[\"Etats-Unis\",\"taxes douani\u00e8res\",\"trump\",\"Tunisie\"],\"articleSection\":[\"International\"],\"inLanguage\":\"fr-FR\"},{\"@type\":\"WebPage\",\"@id\":\"https:\\\/\\\/www.webdo.tn\\\/fr\\\/actualite\\\/international\\\/bloque-par-la-cour-supreme-trump-taxe-desormais-tous-les-pays-a-10\\\/393507\\\/\",\"url\":\"https:\\\/\\\/www.webdo.tn\\\/fr\\\/actualite\\\/international\\\/bloque-par-la-cour-supreme-trump-taxe-desormais-tous-les-pays-a-10\\\/393507\\\/\",\"name\":\"Bloqu\u00e9 par la Cour supr\u00eame, Trump taxe d\u00e9sormais tous les pays \u00e0 10 % - webdo\",\"isPartOf\":{\"@id\":\"https:\\\/\\\/www.webdo.tn\\\/fr\\\/#website\"},\"primaryImageOfPage\":{\"@id\":\"https:\\\/\\\/www.webdo.tn\\\/fr\\\/actualite\\\/international\\\/bloque-par-la-cour-supreme-trump-taxe-desormais-tous-les-pays-a-10\\\/393507\\\/#primaryimage\"},\"image\":{\"@id\":\"https:\\\/\\\/www.webdo.tn\\\/fr\\\/actualite\\\/international\\\/bloque-par-la-cour-supreme-trump-taxe-desormais-tous-les-pays-a-10\\\/393507\\\/#primaryimage\"},\"thumbnailUrl\":\"https:\\\/\\\/www.webdo.tn\\\/fr\\\/wp-content\\\/uploads\\\/2026\\\/02\\\/trump-10-taxes.jpg\",\"datePublished\":\"2026-02-21T06:15:37+00:00\",\"dateModified\":\"2026-02-21T06:15:39+00:00\",\"description\":\"La Cour supr\u00eame invalide les droits de douane de Trump, mais il introduit tout de m\u00eame une nouvelle taxe universelle de 10 %.\",\"breadcrumb\":{\"@id\":\"https:\\\/\\\/www.webdo.tn\\\/fr\\\/actualite\\\/international\\\/bloque-par-la-cour-supreme-trump-taxe-desormais-tous-les-pays-a-10\\\/393507\\\/#breadcrumb\"},\"inLanguage\":\"fr-FR\",\"potentialAction\":[{\"@type\":\"ReadAction\",\"target\":[\"https:\\\/\\\/www.webdo.tn\\\/fr\\\/actualite\\\/international\\\/bloque-par-la-cour-supreme-trump-taxe-desormais-tous-les-pays-a-10\\\/393507\\\/\"]}]},{\"@type\":\"ImageObject\",\"inLanguage\":\"fr-FR\",\"@id\":\"https:\\\/\\\/www.webdo.tn\\\/fr\\\/actualite\\\/international\\\/bloque-par-la-cour-supreme-trump-taxe-desormais-tous-les-pays-a-10\\\/393507\\\/#primaryimage\",\"url\":\"https:\\\/\\\/www.webdo.tn\\\/fr\\\/wp-content\\\/uploads\\\/2026\\\/02\\\/trump-10-taxes.jpg\",\"contentUrl\":\"https:\\\/\\\/www.webdo.tn\\\/fr\\\/wp-content\\\/uploads\\\/2026\\\/02\\\/trump-10-taxes.jpg\",\"width\":1200,\"height\":600,\"caption\":\"Trump perd devant la Cour supr\u00eame\u2026 et taxe quand m\u00eame le monde\"},{\"@type\":\"BreadcrumbList\",\"@id\":\"https:\\\/\\\/www.webdo.tn\\\/fr\\\/actualite\\\/international\\\/bloque-par-la-cour-supreme-trump-taxe-desormais-tous-les-pays-a-10\\\/393507\\\/#breadcrumb\",\"itemListElement\":[{\"@type\":\"ListItem\",\"position\":1,\"name\":\"Accueil\",\"item\":\"https:\\\/\\\/www.webdo.tn\\\/fr\\\/\"},{\"@type\":\"ListItem\",\"position\":2,\"name\":\"Bloqu\u00e9 par la Cour supr\u00eame, Trump taxe d\u00e9sormais tous les pays \u00e0 10 %\"}]},{\"@type\":\"WebSite\",\"@id\":\"https:\\\/\\\/www.webdo.tn\\\/fr\\\/#website\",\"url\":\"https:\\\/\\\/www.webdo.tn\\\/fr\\\/\",\"name\":\"webdo\",\"description\":\"Tunisie - News en Tunisie et \u00e0 l&#039;international sur Webdo.tn\",\"publisher\":{\"@id\":\"https:\\\/\\\/www.webdo.tn\\\/fr\\\/#organization\"},\"potentialAction\":[{\"@type\":\"SearchAction\",\"target\":{\"@type\":\"EntryPoint\",\"urlTemplate\":\"https:\\\/\\\/www.webdo.tn\\\/fr\\\/?s={search_term_string}\"},\"query-input\":{\"@type\":\"PropertyValueSpecification\",\"valueRequired\":true,\"valueName\":\"search_term_string\"}}],\"inLanguage\":\"fr-FR\"},{\"@type\":\"Organization\",\"@id\":\"https:\\\/\\\/www.webdo.tn\\\/fr\\\/#organization\",\"name\":\"Webdo\",\"alternateName\":\"Webdo.tn\",\"url\":\"https:\\\/\\\/www.webdo.tn\\\/fr\\\/\",\"logo\":{\"@type\":\"ImageObject\",\"inLanguage\":\"fr-FR\",\"@id\":\"https:\\\/\\\/www.webdo.tn\\\/fr\\\/#\\\/schema\\\/logo\\\/image\\\/\",\"url\":\"https:\\\/\\\/www.webdo.tn\\\/fr\\\/wp-content\\\/uploads\\\/2025\\\/06\\\/Webdo-Tunisie_168377.jpg\",\"contentUrl\":\"https:\\\/\\\/www.webdo.tn\\\/fr\\\/wp-content\\\/uploads\\\/2025\\\/06\\\/Webdo-Tunisie_168377.jpg\",\"width\":301,\"height\":301,\"caption\":\"Webdo\"},\"image\":{\"@id\":\"https:\\\/\\\/www.webdo.tn\\\/fr\\\/#\\\/schema\\\/logo\\\/image\\\/\"},\"sameAs\":[\"https:\\\/\\\/www.facebook.com\\\/webdotn\",\"https:\\\/\\\/x.com\\\/webdo_tn\"],\"description\":\"Webdo est un m\u00e9dia num\u00e9rique tunisien fond\u00e9 en 2010, sp\u00e9cialis\u00e9 dans l\u2019actualit\u00e9 nationale et internationale, l\u2019\u00e9conomie, la soci\u00e9t\u00e9 et les analyses politiques. Le site s\u2019adresse \u00e0 un large public francophone et couvre l\u2019information tunisienne en temps r\u00e9el.\",\"email\":\"redac@webdo.tn\",\"legalName\":\"YNJ SARL\",\"foundingDate\":\"2010-09-06\",\"numberOfEmployees\":{\"@type\":\"QuantitativeValue\",\"minValue\":\"11\",\"maxValue\":\"50\"}},{\"@type\":\"Person\",\"@id\":\"https:\\\/\\\/www.webdo.tn\\\/fr\\\/#\\\/schema\\\/person\\\/19664196c9bfdcda126f3c27709f7d11\",\"name\":\"Firas Ben Abdeltif\",\"image\":{\"@type\":\"ImageObject\",\"inLanguage\":\"fr-FR\",\"@id\":\"https:\\\/\\\/secure.gravatar.com\\\/avatar\\\/161a347d40df098a084778c52ed133dbd85f14df003867067c5948081241ec55?s=96&d=mm&r=g\",\"url\":\"https:\\\/\\\/secure.gravatar.com\\\/avatar\\\/161a347d40df098a084778c52ed133dbd85f14df003867067c5948081241ec55?s=96&d=mm&r=g\",\"contentUrl\":\"https:\\\/\\\/secure.gravatar.com\\\/avatar\\\/161a347d40df098a084778c52ed133dbd85f14df003867067c5948081241ec55?s=96&d=mm&r=g\",\"caption\":\"Firas Ben Abdeltif\"},\"url\":\"https:\\\/\\\/www.webdo.tn\\\/fr\\\/actualite\\\/author\\\/firas-ben-abdeltif\\\/\"}]}<\/script>\n<!-- \/ Yoast SEO Premium plugin. -->","yoast_head_json":{"title":"Bloqu\u00e9 par la Cour supr\u00eame, Trump taxe d\u00e9sormais tous les pays \u00e0 10 % - webdo","description":"La Cour supr\u00eame invalide les droits de douane de Trump, mais il introduit tout de m\u00eame une nouvelle taxe universelle de 10 %.","canonical":"https:\/\/www.webdo.tn\/fr\/actualite\/international\/bloque-par-la-cour-supreme-trump-taxe-desormais-tous-les-pays-a-10\/393507\/","og_locale":"fr_FR","og_type":"article","og_title":"Bloqu\u00e9 par la Cour supr\u00eame, Trump taxe d\u00e9sormais tous les pays \u00e0 10 %","og_description":"La Cour supr\u00eame invalide les droits de douane de Trump, mais il introduit tout de m\u00eame une nouvelle taxe universelle de 10 %.","og_url":"https:\/\/www.webdo.tn\/fr\/actualite\/international\/bloque-par-la-cour-supreme-trump-taxe-desormais-tous-les-pays-a-10\/393507\/","og_site_name":"webdo","article_publisher":"https:\/\/www.facebook.com\/webdotn","article_published_time":"2026-02-21T06:15:37+00:00","article_modified_time":"2026-02-21T06:15:39+00:00","og_image":[{"width":1200,"height":600,"url":"https:\/\/www.webdo.tn\/fr\/wp-content\/uploads\/2026\/02\/trump-10-taxes.jpg","type":"image\/jpeg"}],"author":"Firas Ben Abdeltif","twitter_card":"summary_large_image","twitter_creator":"@webdo_tn","twitter_site":"@webdo_tn","twitter_misc":{"\u00c9crit par":"Firas Ben Abdeltif","Dur\u00e9e de lecture estim\u00e9e":"3 minutes"},"schema":{"@context":"https:\/\/schema.org","@graph":[{"@type":"NewsArticle","@id":"https:\/\/www.webdo.tn\/fr\/actualite\/international\/bloque-par-la-cour-supreme-trump-taxe-desormais-tous-les-pays-a-10\/393507\/#article","isPartOf":{"@id":"https:\/\/www.webdo.tn\/fr\/actualite\/international\/bloque-par-la-cour-supreme-trump-taxe-desormais-tous-les-pays-a-10\/393507\/"},"author":{"name":"Firas Ben Abdeltif","@id":"https:\/\/www.webdo.tn\/fr\/#\/schema\/person\/19664196c9bfdcda126f3c27709f7d11"},"headline":"Bloqu\u00e9 par la Cour supr\u00eame, Trump taxe d\u00e9sormais tous les pays \u00e0 10 %","datePublished":"2026-02-21T06:15:37+00:00","dateModified":"2026-02-21T06:15:39+00:00","mainEntityOfPage":{"@id":"https:\/\/www.webdo.tn\/fr\/actualite\/international\/bloque-par-la-cour-supreme-trump-taxe-desormais-tous-les-pays-a-10\/393507\/"},"wordCount":674,"publisher":{"@id":"https:\/\/www.webdo.tn\/fr\/#organization"},"image":{"@id":"https:\/\/www.webdo.tn\/fr\/actualite\/international\/bloque-par-la-cour-supreme-trump-taxe-desormais-tous-les-pays-a-10\/393507\/#primaryimage"},"thumbnailUrl":"https:\/\/www.webdo.tn\/fr\/wp-content\/uploads\/2026\/02\/trump-10-taxes.jpg","keywords":["Etats-Unis","taxes douani\u00e8res","trump","Tunisie"],"articleSection":["International"],"inLanguage":"fr-FR"},{"@type":"WebPage","@id":"https:\/\/www.webdo.tn\/fr\/actualite\/international\/bloque-par-la-cour-supreme-trump-taxe-desormais-tous-les-pays-a-10\/393507\/","url":"https:\/\/www.webdo.tn\/fr\/actualite\/international\/bloque-par-la-cour-supreme-trump-taxe-desormais-tous-les-pays-a-10\/393507\/","name":"Bloqu\u00e9 par la Cour supr\u00eame, Trump taxe d\u00e9sormais tous les pays \u00e0 10 % - webdo","isPartOf":{"@id":"https:\/\/www.webdo.tn\/fr\/#website"},"primaryImageOfPage":{"@id":"https:\/\/www.webdo.tn\/fr\/actualite\/international\/bloque-par-la-cour-supreme-trump-taxe-desormais-tous-les-pays-a-10\/393507\/#primaryimage"},"image":{"@id":"https:\/\/www.webdo.tn\/fr\/actualite\/international\/bloque-par-la-cour-supreme-trump-taxe-desormais-tous-les-pays-a-10\/393507\/#primaryimage"},"thumbnailUrl":"https:\/\/www.webdo.tn\/fr\/wp-content\/uploads\/2026\/02\/trump-10-taxes.jpg","datePublished":"2026-02-21T06:15:37+00:00","dateModified":"2026-02-21T06:15:39+00:00","description":"La Cour supr\u00eame invalide les droits de douane de Trump, mais il introduit tout de m\u00eame une nouvelle taxe universelle de 10 %.","breadcrumb":{"@id":"https:\/\/www.webdo.tn\/fr\/actualite\/international\/bloque-par-la-cour-supreme-trump-taxe-desormais-tous-les-pays-a-10\/393507\/#breadcrumb"},"inLanguage":"fr-FR","potentialAction":[{"@type":"ReadAction","target":["https:\/\/www.webdo.tn\/fr\/actualite\/international\/bloque-par-la-cour-supreme-trump-taxe-desormais-tous-les-pays-a-10\/393507\/"]}]},{"@type":"ImageObject","inLanguage":"fr-FR","@id":"https:\/\/www.webdo.tn\/fr\/actualite\/international\/bloque-par-la-cour-supreme-trump-taxe-desormais-tous-les-pays-a-10\/393507\/#primaryimage","url":"https:\/\/www.webdo.tn\/fr\/wp-content\/uploads\/2026\/02\/trump-10-taxes.jpg","contentUrl":"https:\/\/www.webdo.tn\/fr\/wp-content\/uploads\/2026\/02\/trump-10-taxes.jpg","width":1200,"height":600,"caption":"Trump perd devant la Cour supr\u00eame\u2026 et taxe quand m\u00eame le monde"},{"@type":"BreadcrumbList","@id":"https:\/\/www.webdo.tn\/fr\/actualite\/international\/bloque-par-la-cour-supreme-trump-taxe-desormais-tous-les-pays-a-10\/393507\/#breadcrumb","itemListElement":[{"@type":"ListItem","position":1,"name":"Accueil","item":"https:\/\/www.webdo.tn\/fr\/"},{"@type":"ListItem","position":2,"name":"Bloqu\u00e9 par la Cour supr\u00eame, Trump taxe d\u00e9sormais tous les pays \u00e0 10 %"}]},{"@type":"WebSite","@id":"https:\/\/www.webdo.tn\/fr\/#website","url":"https:\/\/www.webdo.tn\/fr\/","name":"webdo","description":"Tunisie - News en Tunisie et \u00e0 l&#039;international sur Webdo.tn","publisher":{"@id":"https:\/\/www.webdo.tn\/fr\/#organization"},"potentialAction":[{"@type":"SearchAction","target":{"@type":"EntryPoint","urlTemplate":"https:\/\/www.webdo.tn\/fr\/?s={search_term_string}"},"query-input":{"@type":"PropertyValueSpecification","valueRequired":true,"valueName":"search_term_string"}}],"inLanguage":"fr-FR"},{"@type":"Organization","@id":"https:\/\/www.webdo.tn\/fr\/#organization","name":"Webdo","alternateName":"Webdo.tn","url":"https:\/\/www.webdo.tn\/fr\/","logo":{"@type":"ImageObject","inLanguage":"fr-FR","@id":"https:\/\/www.webdo.tn\/fr\/#\/schema\/logo\/image\/","url":"https:\/\/www.webdo.tn\/fr\/wp-content\/uploads\/2025\/06\/Webdo-Tunisie_168377.jpg","contentUrl":"https:\/\/www.webdo.tn\/fr\/wp-content\/uploads\/2025\/06\/Webdo-Tunisie_168377.jpg","width":301,"height":301,"caption":"Webdo"},"image":{"@id":"https:\/\/www.webdo.tn\/fr\/#\/schema\/logo\/image\/"},"sameAs":["https:\/\/www.facebook.com\/webdotn","https:\/\/x.com\/webdo_tn"],"description":"Webdo est un m\u00e9dia num\u00e9rique tunisien fond\u00e9 en 2010, sp\u00e9cialis\u00e9 dans l\u2019actualit\u00e9 nationale et internationale, l\u2019\u00e9conomie, la soci\u00e9t\u00e9 et les analyses politiques. Le site s\u2019adresse \u00e0 un large public francophone et couvre l\u2019information tunisienne en temps r\u00e9el.","email":"redac@webdo.tn","legalName":"YNJ SARL","foundingDate":"2010-09-06","numberOfEmployees":{"@type":"QuantitativeValue","minValue":"11","maxValue":"50"}},{"@type":"Person","@id":"https:\/\/www.webdo.tn\/fr\/#\/schema\/person\/19664196c9bfdcda126f3c27709f7d11","name":"Firas Ben Abdeltif","image":{"@type":"ImageObject","inLanguage":"fr-FR","@id":"https:\/\/secure.gravatar.com\/avatar\/161a347d40df098a084778c52ed133dbd85f14df003867067c5948081241ec55?s=96&d=mm&r=g","url":"https:\/\/secure.gravatar.com\/avatar\/161a347d40df098a084778c52ed133dbd85f14df003867067c5948081241ec55?s=96&d=mm&r=g","contentUrl":"https:\/\/secure.gravatar.com\/avatar\/161a347d40df098a084778c52ed133dbd85f14df003867067c5948081241ec55?s=96&d=mm&r=g","caption":"Firas Ben Abdeltif"},"url":"https:\/\/www.webdo.tn\/fr\/actualite\/author\/firas-ben-abdeltif\/"}]}},"_links":{"self":[{"href":"https:\/\/www.webdo.tn\/fr\/wp-json\/wp\/v2\/posts\/393507","targetHints":{"allow":["GET"]}}],"collection":[{"href":"https:\/\/www.webdo.tn\/fr\/wp-json\/wp\/v2\/posts"}],"about":[{"href":"https:\/\/www.webdo.tn\/fr\/wp-json\/wp\/v2\/types\/post"}],"author":[{"embeddable":true,"href":"https:\/\/www.webdo.tn\/fr\/wp-json\/wp\/v2\/users\/4779"}],"replies":[{"embeddable":true,"href":"https:\/\/www.webdo.tn\/fr\/wp-json\/wp\/v2\/comments?post=393507"}],"version-history":[{"count":0,"href":"https:\/\/www.webdo.tn\/fr\/wp-json\/wp\/v2\/posts\/393507\/revisions"}],"wp:featuredmedia":[{"embeddable":true,"href":"https:\/\/www.webdo.tn\/fr\/wp-json\/wp\/v2\/media\/393509"}],"wp:attachment":[{"href":"https:\/\/www.webdo.tn\/fr\/wp-json\/wp\/v2\/media?parent=393507"}],"wp:term":[{"taxonomy":"category","embeddable":true,"href":"https:\/\/www.webdo.tn\/fr\/wp-json\/wp\/v2\/categories?post=393507"},{"taxonomy":"post_tag","embeddable":true,"href":"https:\/\/www.webdo.tn\/fr\/wp-json\/wp\/v2\/tags?post=393507"}],"curies":[{"name":"wp","href":"https:\/\/api.w.org\/{rel}","templated":true}]}}