{"id":393482,"date":"2026-02-20T12:10:23","date_gmt":"2026-02-20T11:10:23","guid":{"rendered":"https:\/\/www.webdo.tn\/fr\/?p=393482"},"modified":"2026-02-20T12:10:25","modified_gmt":"2026-02-20T11:10:25","slug":"tunisie-fin-programmee-de-la-3g-dans-les-services-bancaires-et-postaux-dici-2027","status":"publish","type":"post","link":"https:\/\/www.webdo.tn\/fr\/actualite\/national\/tunisie-fin-programmee-de-la-3g-dans-les-services-bancaires-et-postaux-dici-2027\/393482\/","title":{"rendered":"Tunisie : Fin programm\u00e9e de la 3G dans les services bancaires et postaux d\u2019ici 2027"},"content":{"rendered":"\n<p><strong>D\u2019ici mi\u20112027, les r\u00e9seaux 3G tireront leur r\u00e9v\u00e9rence dans le secteur bancaire et postal en Tunisie. La Banque Centrale de Tunisie (BCT) a publi\u00e9, jeudi 19 f\u00e9vrier 2026, la note n\u00b02026\u201156 adress\u00e9e aux banques et \u00e0 l\u2019Office national des postes, annon\u00e7ant l\u2019arr\u00eat progressif de cette technologie.<\/strong><\/p>\n\n\n\n<p>Cette d\u00e9cision s\u2019inscrit dans la strat\u00e9gie nationale de transformation num\u00e9rique, qui vise \u00e0 moderniser les infrastructures mobiles, renforcer la s\u00e9curit\u00e9 des transactions \u00e9lectroniques et pr\u00e9parer le pays \u00e0 l\u2019\u00e8re des r\u00e9seaux de t\u00e9l\u00e9phonie de derni\u00e8re g\u00e9n\u00e9ration.<\/p>\n\n\n\n<h2 class=\"wp-block-heading\" id=\"h-le-vrai-frein-les-tpe\">Le vrai frein : les TPE<\/h2>\n\n\n\n<p>Si les smartphones tunisiens sont largement compatibles 4G &#8211; plus de 85\u202f% du parc &#8211; le maintien de la 3G ne se justifie plus pour les t\u00e9l\u00e9phones. La vraie contrainte se situe ailleurs : les terminaux de paiement \u00e9lectronique (TPE) et autres \u00e9quipements M2M restent majoritairement limit\u00e9s \u00e0 la 3G.<\/p>\n\n\n\n<blockquote class=\"wp-block-quote is-layout-flow wp-block-quote-is-layout-flow\">\n<blockquote class=\"wp-block-quote is-layout-flow wp-block-quote-is-layout-flow\">\n<ul class=\"wp-block-list\">\n<li class=\"has-medium-font-size\"><strong>Lire aussi : <\/strong><a href=\"https:\/\/www.webdo.tn\/fr\/actualite\/national\/tunisie-la-sonede-decouvre-le-tpe-en-2025\/379847\/\">Tunisie : La SONEDE d\u00e9couvre le TPE\u2026 en 2025<\/a><\/li>\n<\/ul>\n<\/blockquote>\n<\/blockquote>\n\n\n\n<p>Leur remplacement massif par des mod\u00e8les 4G ou 5G repr\u00e9sente un chantier logistique et financier important pour les banques, commerces et prestataires de services.<\/p>\n\n\n\n<h2 class=\"wp-block-heading\" id=\"h-la-bct-impose-un-calendrier-strict\">La BCT impose un calendrier strict<\/h2>\n\n\n\n<p>Face \u00e0 cette d\u00e9pendance critique, la BCT a fix\u00e9 une \u00e9ch\u00e9ance, mi\u20112027 pour l\u2019arr\u00eat de la 3G dans le secteur bancaire et postal, plus stricte que l\u2019extinction g\u00e9n\u00e9rale pr\u00e9vue fin 2027. L\u2019objectif est clair : pr\u00e9parer les \u00e9tablissements financiers et postaux \u00e0 migrer leurs terminaux, applications et infrastructures, afin que les transactions quotidiennes se poursuivent sans interruption.<\/p>\n\n\n\n<p>La fin de la 3G permettra \u00e9galement de lib\u00e9rer des fr\u00e9quences radio et de concentrer les ressources sur les r\u00e9seaux 4G et 5G, plus performants et plus efficaces \u00e9nerg\u00e9tiquement. Ces technologies permettront non seulement de remplacer les TPE, mais aussi de renforcer l\u2019efficacit\u00e9 du M2M en Tunisie.<\/p>\n\n\n\n<blockquote class=\"wp-block-quote is-layout-flow wp-block-quote-is-layout-flow\">\n<blockquote class=\"wp-block-quote is-layout-flow wp-block-quote-is-layout-flow\">\n<ul class=\"wp-block-list\">\n<li class=\"has-medium-font-size\"><strong>Lire aussi :<\/strong> <a href=\"https:\/\/www.webdo.tn\/fr\/actualite\/national\/paiements-en-tunisie-le-mobile-explose-le-cheque-seffondre\/393006\/\">Paiements en Tunisie : Le mobile explose, le ch\u00e8que s\u2019effondre<\/a><\/li>\n<\/ul>\n<\/blockquote>\n<\/blockquote>\n\n\n\n<p>Le renouvellement des TPE et autres \u00e9quipements est complexe et co\u00fbteux. Chaque appareil doit \u00eatre remplac\u00e9 ou mis \u00e0 jour, ce qui implique des investissements cons\u00e9quents pour les banques et prestataires de services.<\/p>\n\n\n\n<p>La BCT reste vigilante et fournit des directives pour que cette transition se fasse sans perturber les services financiers et postaux pour les citoyens et les entreprises.<\/p>\n","protected":false},"excerpt":{"rendered":"<p>D\u2019ici mi\u20112027, les r\u00e9seaux 3G tireront leur r\u00e9v\u00e9rence dans le secteur bancaire et postal en Tunisie. La Banque Centrale de Tunisie (BCT) a publi\u00e9, jeudi 19 f\u00e9vrier 2026, la note n\u00b02026\u201156 adress\u00e9e aux banques et \u00e0 l\u2019Office national des postes, annon\u00e7ant l\u2019arr\u00eat progressif de cette technologie. Cette d\u00e9cision s\u2019inscrit dans la strat\u00e9gie nationale de transformation [&hellip;]<\/p>\n","protected":false},"author":4782,"featured_media":393483,"comment_status":"closed","ping_status":"closed","sticky":false,"template":"","format":"standard","meta":{"footnotes":""},"categories":[44],"tags":[13751,4032,3063,3843,3896,2608],"class_list":["post-393482","post","type-post","status-publish","format-standard","has-post-thumbnail","hentry","category-national","tag-3g","tag-banque-centrale-de-tunisie","tag-banques","tag-poste-tunisienne","tag-tpe","tag-tunisie"],"yoast_head":"<!-- This site is optimized with the Yoast SEO Premium plugin v27.5 (Yoast SEO v27.5) - https:\/\/yoast.com\/product\/yoast-seo-premium-wordpress\/ -->\n<title>Tunisie : Fin programm\u00e9e de la 3G dans les services bancaires et postaux d\u2019ici 2027 - webdo<\/title>\n<meta name=\"description\" content=\"La Tunisie met fin \u00e0 la 3G dans le secteur bancaire et postal d\u2019ici 2027, marquant une avanc\u00e9e vers la transformation num\u00e9rique.\" \/>\n<link rel=\"canonical\" href=\"https:\/\/www.webdo.tn\/fr\/actualite\/national\/tunisie-fin-programmee-de-la-3g-dans-les-services-bancaires-et-postaux-dici-2027\/393482\/\" \/>\n<meta property=\"og:locale\" content=\"fr_FR\" \/>\n<meta property=\"og:type\" content=\"article\" \/>\n<meta property=\"og:title\" content=\"Tunisie : Fin programm\u00e9e de la 3G dans les services bancaires et postaux d\u2019ici 2027\" \/>\n<meta property=\"og:description\" content=\"La Tunisie met fin \u00e0 la 3G dans le secteur bancaire et postal d\u2019ici 2027, marquant une avanc\u00e9e vers la transformation num\u00e9rique.\" \/>\n<meta property=\"og:url\" content=\"https:\/\/www.webdo.tn\/fr\/actualite\/national\/tunisie-fin-programmee-de-la-3g-dans-les-services-bancaires-et-postaux-dici-2027\/393482\/\" \/>\n<meta property=\"og:site_name\" content=\"webdo\" \/>\n<meta property=\"article:publisher\" content=\"https:\/\/www.facebook.com\/webdotn\" \/>\n<meta property=\"article:published_time\" content=\"2026-02-20T11:10:23+00:00\" \/>\n<meta property=\"article:modified_time\" content=\"2026-02-20T11:10:25+00:00\" \/>\n<meta property=\"og:image\" content=\"https:\/\/www.webdo.tn\/fr\/wp-content\/uploads\/2026\/02\/TPE.jpg\" \/>\n\t<meta property=\"og:image:width\" content=\"1200\" \/>\n\t<meta property=\"og:image:height\" content=\"602\" \/>\n\t<meta property=\"og:image:type\" content=\"image\/jpeg\" \/>\n<meta name=\"author\" content=\"Mohamed Fethi\" \/>\n<meta name=\"twitter:card\" content=\"summary_large_image\" \/>\n<meta name=\"twitter:creator\" content=\"@webdo_tn\" \/>\n<meta name=\"twitter:site\" content=\"@webdo_tn\" \/>\n<meta name=\"twitter:label1\" content=\"\u00c9crit par\" \/>\n\t<meta name=\"twitter:data1\" content=\"Mohamed Fethi\" \/>\n\t<meta name=\"twitter:label2\" content=\"Dur\u00e9e de lecture estim\u00e9e\" \/>\n\t<meta name=\"twitter:data2\" content=\"2 minutes\" \/>\n<script type=\"application\/ld+json\" class=\"yoast-schema-graph\">{\"@context\":\"https:\\\/\\\/schema.org\",\"@graph\":[{\"@type\":\"NewsArticle\",\"@id\":\"https:\\\/\\\/www.webdo.tn\\\/fr\\\/actualite\\\/national\\\/tunisie-fin-programmee-de-la-3g-dans-les-services-bancaires-et-postaux-dici-2027\\\/393482\\\/#article\",\"isPartOf\":{\"@id\":\"https:\\\/\\\/www.webdo.tn\\\/fr\\\/actualite\\\/national\\\/tunisie-fin-programmee-de-la-3g-dans-les-services-bancaires-et-postaux-dici-2027\\\/393482\\\/\"},\"author\":{\"name\":\"Mohamed Fethi\",\"@id\":\"https:\\\/\\\/www.webdo.tn\\\/fr\\\/#\\\/schema\\\/person\\\/16a4857e77dfc0b610c4c2cadffc9ac4\"},\"headline\":\"Tunisie : Fin programm\u00e9e de la 3G dans les services bancaires et postaux d\u2019ici 2027\",\"datePublished\":\"2026-02-20T11:10:23+00:00\",\"dateModified\":\"2026-02-20T11:10:25+00:00\",\"mainEntityOfPage\":{\"@id\":\"https:\\\/\\\/www.webdo.tn\\\/fr\\\/actualite\\\/national\\\/tunisie-fin-programmee-de-la-3g-dans-les-services-bancaires-et-postaux-dici-2027\\\/393482\\\/\"},\"wordCount\":403,\"publisher\":{\"@id\":\"https:\\\/\\\/www.webdo.tn\\\/fr\\\/#organization\"},\"image\":{\"@id\":\"https:\\\/\\\/www.webdo.tn\\\/fr\\\/actualite\\\/national\\\/tunisie-fin-programmee-de-la-3g-dans-les-services-bancaires-et-postaux-dici-2027\\\/393482\\\/#primaryimage\"},\"thumbnailUrl\":\"https:\\\/\\\/www.webdo.tn\\\/fr\\\/wp-content\\\/uploads\\\/2026\\\/02\\\/TPE.jpg\",\"keywords\":[\"3G\",\"Banque centrale de Tunisie\",\"Banques\",\"poste tunisienne\",\"TPE\",\"Tunisie\"],\"articleSection\":[\"National\"],\"inLanguage\":\"fr-FR\"},{\"@type\":\"WebPage\",\"@id\":\"https:\\\/\\\/www.webdo.tn\\\/fr\\\/actualite\\\/national\\\/tunisie-fin-programmee-de-la-3g-dans-les-services-bancaires-et-postaux-dici-2027\\\/393482\\\/\",\"url\":\"https:\\\/\\\/www.webdo.tn\\\/fr\\\/actualite\\\/national\\\/tunisie-fin-programmee-de-la-3g-dans-les-services-bancaires-et-postaux-dici-2027\\\/393482\\\/\",\"name\":\"Tunisie : Fin programm\u00e9e de la 3G dans les services bancaires et postaux d\u2019ici 2027 - webdo\",\"isPartOf\":{\"@id\":\"https:\\\/\\\/www.webdo.tn\\\/fr\\\/#website\"},\"primaryImageOfPage\":{\"@id\":\"https:\\\/\\\/www.webdo.tn\\\/fr\\\/actualite\\\/national\\\/tunisie-fin-programmee-de-la-3g-dans-les-services-bancaires-et-postaux-dici-2027\\\/393482\\\/#primaryimage\"},\"image\":{\"@id\":\"https:\\\/\\\/www.webdo.tn\\\/fr\\\/actualite\\\/national\\\/tunisie-fin-programmee-de-la-3g-dans-les-services-bancaires-et-postaux-dici-2027\\\/393482\\\/#primaryimage\"},\"thumbnailUrl\":\"https:\\\/\\\/www.webdo.tn\\\/fr\\\/wp-content\\\/uploads\\\/2026\\\/02\\\/TPE.jpg\",\"datePublished\":\"2026-02-20T11:10:23+00:00\",\"dateModified\":\"2026-02-20T11:10:25+00:00\",\"description\":\"La Tunisie met fin \u00e0 la 3G dans le secteur bancaire et postal d\u2019ici 2027, marquant une avanc\u00e9e vers la transformation num\u00e9rique.\",\"breadcrumb\":{\"@id\":\"https:\\\/\\\/www.webdo.tn\\\/fr\\\/actualite\\\/national\\\/tunisie-fin-programmee-de-la-3g-dans-les-services-bancaires-et-postaux-dici-2027\\\/393482\\\/#breadcrumb\"},\"inLanguage\":\"fr-FR\",\"potentialAction\":[{\"@type\":\"ReadAction\",\"target\":[\"https:\\\/\\\/www.webdo.tn\\\/fr\\\/actualite\\\/national\\\/tunisie-fin-programmee-de-la-3g-dans-les-services-bancaires-et-postaux-dici-2027\\\/393482\\\/\"]}]},{\"@type\":\"ImageObject\",\"inLanguage\":\"fr-FR\",\"@id\":\"https:\\\/\\\/www.webdo.tn\\\/fr\\\/actualite\\\/national\\\/tunisie-fin-programmee-de-la-3g-dans-les-services-bancaires-et-postaux-dici-2027\\\/393482\\\/#primaryimage\",\"url\":\"https:\\\/\\\/www.webdo.tn\\\/fr\\\/wp-content\\\/uploads\\\/2026\\\/02\\\/TPE.jpg\",\"contentUrl\":\"https:\\\/\\\/www.webdo.tn\\\/fr\\\/wp-content\\\/uploads\\\/2026\\\/02\\\/TPE.jpg\",\"width\":1200,\"height\":602,\"caption\":\"Tunisie : Fin programm\u00e9e de la 3G dans les services bancaires et postaux d\u2019ici 2027\"},{\"@type\":\"BreadcrumbList\",\"@id\":\"https:\\\/\\\/www.webdo.tn\\\/fr\\\/actualite\\\/national\\\/tunisie-fin-programmee-de-la-3g-dans-les-services-bancaires-et-postaux-dici-2027\\\/393482\\\/#breadcrumb\",\"itemListElement\":[{\"@type\":\"ListItem\",\"position\":1,\"name\":\"Accueil\",\"item\":\"https:\\\/\\\/www.webdo.tn\\\/fr\\\/\"},{\"@type\":\"ListItem\",\"position\":2,\"name\":\"Tunisie : Fin programm\u00e9e de la 3G dans les services bancaires et postaux d\u2019ici 2027\"}]},{\"@type\":\"WebSite\",\"@id\":\"https:\\\/\\\/www.webdo.tn\\\/fr\\\/#website\",\"url\":\"https:\\\/\\\/www.webdo.tn\\\/fr\\\/\",\"name\":\"webdo\",\"description\":\"Tunisie - News en Tunisie et \u00e0 l&#039;international sur Webdo.tn\",\"publisher\":{\"@id\":\"https:\\\/\\\/www.webdo.tn\\\/fr\\\/#organization\"},\"potentialAction\":[{\"@type\":\"SearchAction\",\"target\":{\"@type\":\"EntryPoint\",\"urlTemplate\":\"https:\\\/\\\/www.webdo.tn\\\/fr\\\/?s={search_term_string}\"},\"query-input\":{\"@type\":\"PropertyValueSpecification\",\"valueRequired\":true,\"valueName\":\"search_term_string\"}}],\"inLanguage\":\"fr-FR\"},{\"@type\":\"Organization\",\"@id\":\"https:\\\/\\\/www.webdo.tn\\\/fr\\\/#organization\",\"name\":\"Webdo\",\"alternateName\":\"Webdo.tn\",\"url\":\"https:\\\/\\\/www.webdo.tn\\\/fr\\\/\",\"logo\":{\"@type\":\"ImageObject\",\"inLanguage\":\"fr-FR\",\"@id\":\"https:\\\/\\\/www.webdo.tn\\\/fr\\\/#\\\/schema\\\/logo\\\/image\\\/\",\"url\":\"https:\\\/\\\/www.webdo.tn\\\/fr\\\/wp-content\\\/uploads\\\/2025\\\/06\\\/Webdo-Tunisie_168377.jpg\",\"contentUrl\":\"https:\\\/\\\/www.webdo.tn\\\/fr\\\/wp-content\\\/uploads\\\/2025\\\/06\\\/Webdo-Tunisie_168377.jpg\",\"width\":301,\"height\":301,\"caption\":\"Webdo\"},\"image\":{\"@id\":\"https:\\\/\\\/www.webdo.tn\\\/fr\\\/#\\\/schema\\\/logo\\\/image\\\/\"},\"sameAs\":[\"https:\\\/\\\/www.facebook.com\\\/webdotn\",\"https:\\\/\\\/x.com\\\/webdo_tn\"],\"description\":\"Webdo est un m\u00e9dia num\u00e9rique tunisien fond\u00e9 en 2010, sp\u00e9cialis\u00e9 dans l\u2019actualit\u00e9 nationale et internationale, l\u2019\u00e9conomie, la soci\u00e9t\u00e9 et les analyses politiques. Le site s\u2019adresse \u00e0 un large public francophone et couvre l\u2019information tunisienne en temps r\u00e9el.\",\"email\":\"redac@webdo.tn\",\"legalName\":\"YNJ SARL\",\"foundingDate\":\"2010-09-06\",\"numberOfEmployees\":{\"@type\":\"QuantitativeValue\",\"minValue\":\"11\",\"maxValue\":\"50\"}},{\"@type\":\"Person\",\"@id\":\"https:\\\/\\\/www.webdo.tn\\\/fr\\\/#\\\/schema\\\/person\\\/16a4857e77dfc0b610c4c2cadffc9ac4\",\"name\":\"Mohamed Fethi\",\"image\":{\"@type\":\"ImageObject\",\"inLanguage\":\"fr-FR\",\"@id\":\"https:\\\/\\\/www.webdo.tn\\\/fr\\\/wp-content\\\/uploads\\\/2026\\\/04\\\/mohamed-fethi_avatar_1-96x96.jpg\",\"url\":\"https:\\\/\\\/www.webdo.tn\\\/fr\\\/wp-content\\\/uploads\\\/2026\\\/04\\\/mohamed-fethi_avatar_1-96x96.jpg\",\"contentUrl\":\"https:\\\/\\\/www.webdo.tn\\\/fr\\\/wp-content\\\/uploads\\\/2026\\\/04\\\/mohamed-fethi_avatar_1-96x96.jpg\",\"caption\":\"Mohamed Fethi\"},\"description\":\"Signature \u00e9ditoriale de Maher Chaabane Mohamed Fethi est le pseudonyme \u00e9ditorial de Maher Chaabane, r\u00e9dacteur en chef de Webdo.tn depuis 2012. Cette signature est d\u00e9di\u00e9e au traitement intensif de l'actualit\u00e9 nationale et internationale en temps r\u00e9el. S'appuyant sur les deux d\u00e9cennies d'expertise journalistique de Maher Chaabane \u2014 d\u00e9but\u00e9e au sein du groupe Tunis Hebdo en 2000 \u2014 Mohamed Fethi assure une veille rigoureuse sur les enjeux politiques, \u00e9conomiques et sportifs. Sa mission est de garantir une information structur\u00e9e, fluide et fid\u00e8le aux standards de la r\u00e9daction. Pour consulter le parcours complet du r\u00e9dacteur en chef, visitez le profil officiel de Maher Chaabane.\",\"knowsAbout\":[\"actualit\u00e9\",\"journalisme\",\"information\",\"politique\",\"sport\",\"m\u00e9dias\",\"actualit\u00e9 internationale\"],\"knowsLanguage\":[\"Fran\u00e7ais\",\"Arabe\"],\"jobTitle\":\"Journaliste \u2013 R\u00e9daction Webdo\",\"worksFor\":\"Webdo.tn\",\"url\":\"https:\\\/\\\/www.webdo.tn\\\/fr\\\/actualite\\\/author\\\/mohamed-fethi\\\/\"}]}<\/script>\n<!-- \/ Yoast SEO Premium plugin. -->","yoast_head_json":{"title":"Tunisie : Fin programm\u00e9e de la 3G dans les services bancaires et postaux d\u2019ici 2027 - webdo","description":"La Tunisie met fin \u00e0 la 3G dans le secteur bancaire et postal d\u2019ici 2027, marquant une avanc\u00e9e vers la transformation num\u00e9rique.","canonical":"https:\/\/www.webdo.tn\/fr\/actualite\/national\/tunisie-fin-programmee-de-la-3g-dans-les-services-bancaires-et-postaux-dici-2027\/393482\/","og_locale":"fr_FR","og_type":"article","og_title":"Tunisie : Fin programm\u00e9e de la 3G dans les services bancaires et postaux d\u2019ici 2027","og_description":"La Tunisie met fin \u00e0 la 3G dans le secteur bancaire et postal d\u2019ici 2027, marquant une avanc\u00e9e vers la transformation num\u00e9rique.","og_url":"https:\/\/www.webdo.tn\/fr\/actualite\/national\/tunisie-fin-programmee-de-la-3g-dans-les-services-bancaires-et-postaux-dici-2027\/393482\/","og_site_name":"webdo","article_publisher":"https:\/\/www.facebook.com\/webdotn","article_published_time":"2026-02-20T11:10:23+00:00","article_modified_time":"2026-02-20T11:10:25+00:00","og_image":[{"width":1200,"height":602,"url":"https:\/\/www.webdo.tn\/fr\/wp-content\/uploads\/2026\/02\/TPE.jpg","type":"image\/jpeg"}],"author":"Mohamed Fethi","twitter_card":"summary_large_image","twitter_creator":"@webdo_tn","twitter_site":"@webdo_tn","twitter_misc":{"\u00c9crit par":"Mohamed Fethi","Dur\u00e9e de lecture estim\u00e9e":"2 minutes"},"schema":{"@context":"https:\/\/schema.org","@graph":[{"@type":"NewsArticle","@id":"https:\/\/www.webdo.tn\/fr\/actualite\/national\/tunisie-fin-programmee-de-la-3g-dans-les-services-bancaires-et-postaux-dici-2027\/393482\/#article","isPartOf":{"@id":"https:\/\/www.webdo.tn\/fr\/actualite\/national\/tunisie-fin-programmee-de-la-3g-dans-les-services-bancaires-et-postaux-dici-2027\/393482\/"},"author":{"name":"Mohamed Fethi","@id":"https:\/\/www.webdo.tn\/fr\/#\/schema\/person\/16a4857e77dfc0b610c4c2cadffc9ac4"},"headline":"Tunisie : Fin programm\u00e9e de la 3G dans les services bancaires et postaux d\u2019ici 2027","datePublished":"2026-02-20T11:10:23+00:00","dateModified":"2026-02-20T11:10:25+00:00","mainEntityOfPage":{"@id":"https:\/\/www.webdo.tn\/fr\/actualite\/national\/tunisie-fin-programmee-de-la-3g-dans-les-services-bancaires-et-postaux-dici-2027\/393482\/"},"wordCount":403,"publisher":{"@id":"https:\/\/www.webdo.tn\/fr\/#organization"},"image":{"@id":"https:\/\/www.webdo.tn\/fr\/actualite\/national\/tunisie-fin-programmee-de-la-3g-dans-les-services-bancaires-et-postaux-dici-2027\/393482\/#primaryimage"},"thumbnailUrl":"https:\/\/www.webdo.tn\/fr\/wp-content\/uploads\/2026\/02\/TPE.jpg","keywords":["3G","Banque centrale de Tunisie","Banques","poste tunisienne","TPE","Tunisie"],"articleSection":["National"],"inLanguage":"fr-FR"},{"@type":"WebPage","@id":"https:\/\/www.webdo.tn\/fr\/actualite\/national\/tunisie-fin-programmee-de-la-3g-dans-les-services-bancaires-et-postaux-dici-2027\/393482\/","url":"https:\/\/www.webdo.tn\/fr\/actualite\/national\/tunisie-fin-programmee-de-la-3g-dans-les-services-bancaires-et-postaux-dici-2027\/393482\/","name":"Tunisie : Fin programm\u00e9e de la 3G dans les services bancaires et postaux d\u2019ici 2027 - webdo","isPartOf":{"@id":"https:\/\/www.webdo.tn\/fr\/#website"},"primaryImageOfPage":{"@id":"https:\/\/www.webdo.tn\/fr\/actualite\/national\/tunisie-fin-programmee-de-la-3g-dans-les-services-bancaires-et-postaux-dici-2027\/393482\/#primaryimage"},"image":{"@id":"https:\/\/www.webdo.tn\/fr\/actualite\/national\/tunisie-fin-programmee-de-la-3g-dans-les-services-bancaires-et-postaux-dici-2027\/393482\/#primaryimage"},"thumbnailUrl":"https:\/\/www.webdo.tn\/fr\/wp-content\/uploads\/2026\/02\/TPE.jpg","datePublished":"2026-02-20T11:10:23+00:00","dateModified":"2026-02-20T11:10:25+00:00","description":"La Tunisie met fin \u00e0 la 3G dans le secteur bancaire et postal d\u2019ici 2027, marquant une avanc\u00e9e vers la transformation num\u00e9rique.","breadcrumb":{"@id":"https:\/\/www.webdo.tn\/fr\/actualite\/national\/tunisie-fin-programmee-de-la-3g-dans-les-services-bancaires-et-postaux-dici-2027\/393482\/#breadcrumb"},"inLanguage":"fr-FR","potentialAction":[{"@type":"ReadAction","target":["https:\/\/www.webdo.tn\/fr\/actualite\/national\/tunisie-fin-programmee-de-la-3g-dans-les-services-bancaires-et-postaux-dici-2027\/393482\/"]}]},{"@type":"ImageObject","inLanguage":"fr-FR","@id":"https:\/\/www.webdo.tn\/fr\/actualite\/national\/tunisie-fin-programmee-de-la-3g-dans-les-services-bancaires-et-postaux-dici-2027\/393482\/#primaryimage","url":"https:\/\/www.webdo.tn\/fr\/wp-content\/uploads\/2026\/02\/TPE.jpg","contentUrl":"https:\/\/www.webdo.tn\/fr\/wp-content\/uploads\/2026\/02\/TPE.jpg","width":1200,"height":602,"caption":"Tunisie : Fin programm\u00e9e de la 3G dans les services bancaires et postaux d\u2019ici 2027"},{"@type":"BreadcrumbList","@id":"https:\/\/www.webdo.tn\/fr\/actualite\/national\/tunisie-fin-programmee-de-la-3g-dans-les-services-bancaires-et-postaux-dici-2027\/393482\/#breadcrumb","itemListElement":[{"@type":"ListItem","position":1,"name":"Accueil","item":"https:\/\/www.webdo.tn\/fr\/"},{"@type":"ListItem","position":2,"name":"Tunisie : Fin programm\u00e9e de la 3G dans les services bancaires et postaux d\u2019ici 2027"}]},{"@type":"WebSite","@id":"https:\/\/www.webdo.tn\/fr\/#website","url":"https:\/\/www.webdo.tn\/fr\/","name":"webdo","description":"Tunisie - News en Tunisie et \u00e0 l&#039;international sur Webdo.tn","publisher":{"@id":"https:\/\/www.webdo.tn\/fr\/#organization"},"potentialAction":[{"@type":"SearchAction","target":{"@type":"EntryPoint","urlTemplate":"https:\/\/www.webdo.tn\/fr\/?s={search_term_string}"},"query-input":{"@type":"PropertyValueSpecification","valueRequired":true,"valueName":"search_term_string"}}],"inLanguage":"fr-FR"},{"@type":"Organization","@id":"https:\/\/www.webdo.tn\/fr\/#organization","name":"Webdo","alternateName":"Webdo.tn","url":"https:\/\/www.webdo.tn\/fr\/","logo":{"@type":"ImageObject","inLanguage":"fr-FR","@id":"https:\/\/www.webdo.tn\/fr\/#\/schema\/logo\/image\/","url":"https:\/\/www.webdo.tn\/fr\/wp-content\/uploads\/2025\/06\/Webdo-Tunisie_168377.jpg","contentUrl":"https:\/\/www.webdo.tn\/fr\/wp-content\/uploads\/2025\/06\/Webdo-Tunisie_168377.jpg","width":301,"height":301,"caption":"Webdo"},"image":{"@id":"https:\/\/www.webdo.tn\/fr\/#\/schema\/logo\/image\/"},"sameAs":["https:\/\/www.facebook.com\/webdotn","https:\/\/x.com\/webdo_tn"],"description":"Webdo est un m\u00e9dia num\u00e9rique tunisien fond\u00e9 en 2010, sp\u00e9cialis\u00e9 dans l\u2019actualit\u00e9 nationale et internationale, l\u2019\u00e9conomie, la soci\u00e9t\u00e9 et les analyses politiques. Le site s\u2019adresse \u00e0 un large public francophone et couvre l\u2019information tunisienne en temps r\u00e9el.","email":"redac@webdo.tn","legalName":"YNJ SARL","foundingDate":"2010-09-06","numberOfEmployees":{"@type":"QuantitativeValue","minValue":"11","maxValue":"50"}},{"@type":"Person","@id":"https:\/\/www.webdo.tn\/fr\/#\/schema\/person\/16a4857e77dfc0b610c4c2cadffc9ac4","name":"Mohamed Fethi","image":{"@type":"ImageObject","inLanguage":"fr-FR","@id":"https:\/\/www.webdo.tn\/fr\/wp-content\/uploads\/2026\/04\/mohamed-fethi_avatar_1-96x96.jpg","url":"https:\/\/www.webdo.tn\/fr\/wp-content\/uploads\/2026\/04\/mohamed-fethi_avatar_1-96x96.jpg","contentUrl":"https:\/\/www.webdo.tn\/fr\/wp-content\/uploads\/2026\/04\/mohamed-fethi_avatar_1-96x96.jpg","caption":"Mohamed Fethi"},"description":"Signature \u00e9ditoriale de Maher Chaabane Mohamed Fethi est le pseudonyme \u00e9ditorial de Maher Chaabane, r\u00e9dacteur en chef de Webdo.tn depuis 2012. Cette signature est d\u00e9di\u00e9e au traitement intensif de l'actualit\u00e9 nationale et internationale en temps r\u00e9el. S'appuyant sur les deux d\u00e9cennies d'expertise journalistique de Maher Chaabane \u2014 d\u00e9but\u00e9e au sein du groupe Tunis Hebdo en 2000 \u2014 Mohamed Fethi assure une veille rigoureuse sur les enjeux politiques, \u00e9conomiques et sportifs. Sa mission est de garantir une information structur\u00e9e, fluide et fid\u00e8le aux standards de la r\u00e9daction. Pour consulter le parcours complet du r\u00e9dacteur en chef, visitez le profil officiel de Maher Chaabane.","knowsAbout":["actualit\u00e9","journalisme","information","politique","sport","m\u00e9dias","actualit\u00e9 internationale"],"knowsLanguage":["Fran\u00e7ais","Arabe"],"jobTitle":"Journaliste \u2013 R\u00e9daction Webdo","worksFor":"Webdo.tn","url":"https:\/\/www.webdo.tn\/fr\/actualite\/author\/mohamed-fethi\/"}]}},"_links":{"self":[{"href":"https:\/\/www.webdo.tn\/fr\/wp-json\/wp\/v2\/posts\/393482","targetHints":{"allow":["GET"]}}],"collection":[{"href":"https:\/\/www.webdo.tn\/fr\/wp-json\/wp\/v2\/posts"}],"about":[{"href":"https:\/\/www.webdo.tn\/fr\/wp-json\/wp\/v2\/types\/post"}],"author":[{"embeddable":true,"href":"https:\/\/www.webdo.tn\/fr\/wp-json\/wp\/v2\/users\/4782"}],"replies":[{"embeddable":true,"href":"https:\/\/www.webdo.tn\/fr\/wp-json\/wp\/v2\/comments?post=393482"}],"version-history":[{"count":0,"href":"https:\/\/www.webdo.tn\/fr\/wp-json\/wp\/v2\/posts\/393482\/revisions"}],"wp:featuredmedia":[{"embeddable":true,"href":"https:\/\/www.webdo.tn\/fr\/wp-json\/wp\/v2\/media\/393483"}],"wp:attachment":[{"href":"https:\/\/www.webdo.tn\/fr\/wp-json\/wp\/v2\/media?parent=393482"}],"wp:term":[{"taxonomy":"category","embeddable":true,"href":"https:\/\/www.webdo.tn\/fr\/wp-json\/wp\/v2\/categories?post=393482"},{"taxonomy":"post_tag","embeddable":true,"href":"https:\/\/www.webdo.tn\/fr\/wp-json\/wp\/v2\/tags?post=393482"}],"curies":[{"name":"wp","href":"https:\/\/api.w.org\/{rel}","templated":true}]}}