{"id":393463,"date":"2026-02-20T08:54:25","date_gmt":"2026-02-20T07:54:25","guid":{"rendered":"https:\/\/www.webdo.tn\/fr\/?p=393463"},"modified":"2026-02-20T08:54:25","modified_gmt":"2026-02-20T07:54:25","slug":"b7l9-celebre-le-ramadan-avec-dix-ramadan-nights-a-la-marsa","status":"publish","type":"post","link":"https:\/\/www.webdo.tn\/fr\/actualite\/culture\/b7l9-celebre-le-ramadan-avec-dix-ramadan-nights-a-la-marsa\/393463\/","title":{"rendered":"B7L9 c\u00e9l\u00e8bre le Ramadan avec dix \u201cRamadan Nights\u201d \u00e0 La Marsa"},"content":{"rendered":"\n<p><strong>A l\u2019occasion du mois sacr\u00e9, le centre d\u2019art contemporain B7L9, install\u00e9 \u00e0 Bhar Lazreg, \u00e0 La Marsa, lance une nouvelle \u00e9dition de ses \u201cRamadan Nights\u201d. Du 27 f\u00e9vrier au 15 mars 2026, dix soir\u00e9es artistiques seront propos\u00e9es \u00e0 partir de 21h00, m\u00ealant musique, th\u00e9\u00e2tre, po\u00e9sie et arts du r\u00e9cit.<\/strong><\/p>\n\n\n\n<p>Pens\u00e9e comme un rendez-vous nocturne de cr\u00e9ation et de partage, cette programmation traverse les disciplines et met en avant des artistes confirm\u00e9s comme \u00e9mergents.<\/p>\n\n\n\n<h2 class=\"wp-block-heading\" id=\"h-une-ouverture-entre-fantaisie-et-experimentation\">Une ouverture entre fantaisie et exp\u00e9rimentation<\/h2>\n\n\n\n<p>Le coup d\u2019envoi sera donn\u00e9 le vendredi 27 f\u00e9vrier avec Ameni Riahi et son spectacle \u201cBoutikat Mono\u201d, pr\u00e9sent\u00e9 comme une fantaisie visuelle et musicale inspir\u00e9e de l\u2019univers des fawazir.<\/p>\n\n\n\n<p>Le lendemain, samedi 28 f\u00e9vrier, la sc\u00e8ne accueillera Vipa et Pan J autour de \u201cRawema\u201d, un projet hybride associant composition instrumentale, po\u00e9sie contemporaine et exploration sonore.<\/p>\n\n\n\n<h2 class=\"wp-block-heading\" id=\"h-memoire-theatre-et-patrimoine-musical\">M\u00e9moire, th\u00e9\u00e2tre et patrimoine musical<\/h2>\n\n\n\n<p>Le dimanche 1er mars, place aux \u201cCaf\u00e9s chantants du bon vieux temps\u201d, une soir\u00e9e d\u00e9di\u00e9e aux contes et \u00e0 la m\u00e9moire populaire, anim\u00e9e par Abdessatar Amamou.<\/p>\n\n\n\n<blockquote class=\"wp-block-quote is-layout-flow wp-block-quote-is-layout-flow\">\n<blockquote class=\"wp-block-quote is-layout-flow wp-block-quote-is-layout-flow\">\n<ul class=\"wp-block-list\">\n<li class=\"has-medium-font-size\"><strong>Lire aussi :<\/strong> <a href=\"https:\/\/www.webdo.tn\/fr\/actualite\/culture\/festival-de-la-medina-de-tunis-trente-soirees-pour-faire-vibrer-la-capitale-pendant-le-ramadan\/393131\/\">Festival de la M\u00e9dina de Tunis : Trente soir\u00e9es pour faire vibrer la capitale pendant le Ramadan<\/a><\/li>\n<\/ul>\n<\/blockquote>\n<\/blockquote>\n\n\n\n<p>Le mercredi 4 mars, le th\u00e9\u00e2tre prendra le relais avec la pi\u00e8ce \u201c11\u201314\u201d de Moez Gdiri, inscrivant la programmation dans une dimension dramatique et r\u00e9flexive.<\/p>\n\n\n\n<p>La musique reviendra au premier plan le vendredi 6 mars avec un concert de Dar El Oud Ettounsi, dirig\u00e9 par Zied Mehdi. Le samedi 7 mars, la formation Hezb El Mahdia poursuivra cette s\u00e9quence musicale.<\/p>\n\n\n\n<h2 class=\"wp-block-heading\" id=\"h-poesie-voix-et-performances-contemporaines\">Po\u00e9sie, voix et performances contemporaines<\/h2>\n\n\n\n<p>Le jeudi 12 mars, la po\u00e9sie dialoguera avec les sonorit\u00e9s du handpan lors d\u2019une performance r\u00e9unissant Sabrine Ghannoudi et Marwa Ajili Trabelsi, autour de textes m\u00e9ditatifs et de r\u00e9sonances percussives.<\/p>\n\n\n\n<p>La sc\u00e8ne accueillera ensuite Mounir Troudi le vendredi 13 mars, avant le concert de Dali Chebil le samedi 14 mars.<\/p>\n\n\n\n<blockquote class=\"wp-block-quote is-layout-flow wp-block-quote-is-layout-flow\">\n<blockquote class=\"wp-block-quote is-layout-flow wp-block-quote-is-layout-flow\">\n<ul class=\"wp-block-list\">\n<li class=\"has-medium-font-size\">Lire aussi : <a href=\"https:\/\/www.webdo.tn\/fr\/actualite\/culture\/ramadan-a-la-cite-2026-cheb-mami-et-carole-samaha-a-lhonneur\/393072\/\">Ramadan \u00e0 la Cit\u00e9 2026 : Cheb Mami et Carole Samaha \u00e0 l\u2019honneur<\/a><\/li>\n<\/ul>\n<\/blockquote>\n<\/blockquote>\n\n\n\n<p>La cl\u00f4ture, pr\u00e9vue le dimanche 15 mars, sera port\u00e9e par l\u2019artiste performer Hatem Karoui, qui viendra conclure cette travers\u00e9e artistique du Ramadan.<\/p>\n\n\n\n<p>Avec cette s\u00e9rie de dix rendez-vous, B7L9 confirme sa volont\u00e9 d\u2019inscrire le mois de Ramadan dans une dynamique culturelle ouverte, conjuguant patrimoine, cr\u00e9ation contemporaine et exp\u00e9riences sc\u00e9niques plurielles.<\/p>\n","protected":false},"excerpt":{"rendered":"<p>A l\u2019occasion du mois sacr\u00e9, le centre d\u2019art contemporain B7L9, install\u00e9 \u00e0 Bhar Lazreg, \u00e0 La Marsa, lance une nouvelle \u00e9dition de ses \u201cRamadan Nights\u201d. Du 27 f\u00e9vrier au 15 mars 2026, dix soir\u00e9es artistiques seront propos\u00e9es \u00e0 partir de 21h00, m\u00ealant musique, th\u00e9\u00e2tre, po\u00e9sie et arts du r\u00e9cit. Pens\u00e9e comme un rendez-vous nocturne de [&hellip;]<\/p>\n","protected":false},"author":4782,"featured_media":393464,"comment_status":"closed","ping_status":"closed","sticky":false,"template":"","format":"standard","meta":{"footnotes":""},"categories":[2594],"tags":[13749,13124,2608],"class_list":["post-393463","post","type-post","status-publish","format-standard","has-post-thumbnail","hentry","category-culture","tag-b7l9","tag-ramadan-2026","tag-tunisie"],"yoast_head":"<!-- This site is optimized with the Yoast SEO Premium plugin v27.5 (Yoast SEO v27.5) - https:\/\/yoast.com\/product\/yoast-seo-premium-wordpress\/ -->\n<title>B7L9 c\u00e9l\u00e8bre le Ramadan avec dix \u201cRamadan Nights\u201d \u00e0 La Marsa - webdo<\/title>\n<meta name=\"description\" content=\"D\u00e9couvrez B7L9 c\u00e9l\u00e8bre le Ramadan avec dix \u2018Ramadan Nights\u2019 \u00e0 La Marsa, une exp\u00e9rience artistique unique du 27 f\u00e9vrier au 15 mars 2026.\" \/>\n<link rel=\"canonical\" href=\"https:\/\/www.webdo.tn\/fr\/actualite\/culture\/b7l9-celebre-le-ramadan-avec-dix-ramadan-nights-a-la-marsa\/393463\/\" \/>\n<meta property=\"og:locale\" content=\"fr_FR\" \/>\n<meta property=\"og:type\" content=\"article\" \/>\n<meta property=\"og:title\" content=\"B7L9 c\u00e9l\u00e8bre le Ramadan avec dix \u201cRamadan Nights\u201d \u00e0 La Marsa\" \/>\n<meta property=\"og:description\" content=\"D\u00e9couvrez B7L9 c\u00e9l\u00e8bre le Ramadan avec dix \u2018Ramadan Nights\u2019 \u00e0 La Marsa, une exp\u00e9rience artistique unique du 27 f\u00e9vrier au 15 mars 2026.\" \/>\n<meta property=\"og:url\" content=\"https:\/\/www.webdo.tn\/fr\/actualite\/culture\/b7l9-celebre-le-ramadan-avec-dix-ramadan-nights-a-la-marsa\/393463\/\" \/>\n<meta property=\"og:site_name\" content=\"webdo\" \/>\n<meta property=\"article:publisher\" content=\"https:\/\/www.facebook.com\/webdotn\" \/>\n<meta property=\"article:published_time\" content=\"2026-02-20T07:54:25+00:00\" \/>\n<meta property=\"og:image\" content=\"https:\/\/www.webdo.tn\/fr\/wp-content\/uploads\/2026\/02\/B7L9.jpg\" \/>\n\t<meta property=\"og:image:width\" content=\"1200\" \/>\n\t<meta property=\"og:image:height\" content=\"602\" \/>\n\t<meta property=\"og:image:type\" content=\"image\/jpeg\" \/>\n<meta name=\"author\" content=\"Mohamed Fethi\" \/>\n<meta name=\"twitter:card\" content=\"summary_large_image\" \/>\n<meta name=\"twitter:creator\" content=\"@webdo_tn\" \/>\n<meta name=\"twitter:site\" content=\"@webdo_tn\" \/>\n<meta name=\"twitter:label1\" content=\"\u00c9crit par\" \/>\n\t<meta name=\"twitter:data1\" content=\"Mohamed Fethi\" \/>\n\t<meta name=\"twitter:label2\" content=\"Dur\u00e9e de lecture estim\u00e9e\" \/>\n\t<meta name=\"twitter:data2\" content=\"2 minutes\" \/>\n<script type=\"application\/ld+json\" class=\"yoast-schema-graph\">{\"@context\":\"https:\\\/\\\/schema.org\",\"@graph\":[{\"@type\":\"NewsArticle\",\"@id\":\"https:\\\/\\\/www.webdo.tn\\\/fr\\\/actualite\\\/culture\\\/b7l9-celebre-le-ramadan-avec-dix-ramadan-nights-a-la-marsa\\\/393463\\\/#article\",\"isPartOf\":{\"@id\":\"https:\\\/\\\/www.webdo.tn\\\/fr\\\/actualite\\\/culture\\\/b7l9-celebre-le-ramadan-avec-dix-ramadan-nights-a-la-marsa\\\/393463\\\/\"},\"author\":{\"name\":\"Mohamed Fethi\",\"@id\":\"https:\\\/\\\/www.webdo.tn\\\/fr\\\/#\\\/schema\\\/person\\\/16a4857e77dfc0b610c4c2cadffc9ac4\"},\"headline\":\"B7L9 c\u00e9l\u00e8bre le Ramadan avec dix \u201cRamadan Nights\u201d \u00e0 La Marsa\",\"datePublished\":\"2026-02-20T07:54:25+00:00\",\"mainEntityOfPage\":{\"@id\":\"https:\\\/\\\/www.webdo.tn\\\/fr\\\/actualite\\\/culture\\\/b7l9-celebre-le-ramadan-avec-dix-ramadan-nights-a-la-marsa\\\/393463\\\/\"},\"wordCount\":411,\"publisher\":{\"@id\":\"https:\\\/\\\/www.webdo.tn\\\/fr\\\/#organization\"},\"image\":{\"@id\":\"https:\\\/\\\/www.webdo.tn\\\/fr\\\/actualite\\\/culture\\\/b7l9-celebre-le-ramadan-avec-dix-ramadan-nights-a-la-marsa\\\/393463\\\/#primaryimage\"},\"thumbnailUrl\":\"https:\\\/\\\/www.webdo.tn\\\/fr\\\/wp-content\\\/uploads\\\/2026\\\/02\\\/B7L9.jpg\",\"keywords\":[\"B7L9\",\"Ramadan 2026\",\"Tunisie\"],\"articleSection\":[\"Culture\"],\"inLanguage\":\"fr-FR\"},{\"@type\":\"WebPage\",\"@id\":\"https:\\\/\\\/www.webdo.tn\\\/fr\\\/actualite\\\/culture\\\/b7l9-celebre-le-ramadan-avec-dix-ramadan-nights-a-la-marsa\\\/393463\\\/\",\"url\":\"https:\\\/\\\/www.webdo.tn\\\/fr\\\/actualite\\\/culture\\\/b7l9-celebre-le-ramadan-avec-dix-ramadan-nights-a-la-marsa\\\/393463\\\/\",\"name\":\"B7L9 c\u00e9l\u00e8bre le Ramadan avec dix \u201cRamadan Nights\u201d \u00e0 La Marsa - webdo\",\"isPartOf\":{\"@id\":\"https:\\\/\\\/www.webdo.tn\\\/fr\\\/#website\"},\"primaryImageOfPage\":{\"@id\":\"https:\\\/\\\/www.webdo.tn\\\/fr\\\/actualite\\\/culture\\\/b7l9-celebre-le-ramadan-avec-dix-ramadan-nights-a-la-marsa\\\/393463\\\/#primaryimage\"},\"image\":{\"@id\":\"https:\\\/\\\/www.webdo.tn\\\/fr\\\/actualite\\\/culture\\\/b7l9-celebre-le-ramadan-avec-dix-ramadan-nights-a-la-marsa\\\/393463\\\/#primaryimage\"},\"thumbnailUrl\":\"https:\\\/\\\/www.webdo.tn\\\/fr\\\/wp-content\\\/uploads\\\/2026\\\/02\\\/B7L9.jpg\",\"datePublished\":\"2026-02-20T07:54:25+00:00\",\"description\":\"D\u00e9couvrez B7L9 c\u00e9l\u00e8bre le Ramadan avec dix \u2018Ramadan Nights\u2019 \u00e0 La Marsa, une exp\u00e9rience artistique unique du 27 f\u00e9vrier au 15 mars 2026.\",\"breadcrumb\":{\"@id\":\"https:\\\/\\\/www.webdo.tn\\\/fr\\\/actualite\\\/culture\\\/b7l9-celebre-le-ramadan-avec-dix-ramadan-nights-a-la-marsa\\\/393463\\\/#breadcrumb\"},\"inLanguage\":\"fr-FR\",\"potentialAction\":[{\"@type\":\"ReadAction\",\"target\":[\"https:\\\/\\\/www.webdo.tn\\\/fr\\\/actualite\\\/culture\\\/b7l9-celebre-le-ramadan-avec-dix-ramadan-nights-a-la-marsa\\\/393463\\\/\"]}]},{\"@type\":\"ImageObject\",\"inLanguage\":\"fr-FR\",\"@id\":\"https:\\\/\\\/www.webdo.tn\\\/fr\\\/actualite\\\/culture\\\/b7l9-celebre-le-ramadan-avec-dix-ramadan-nights-a-la-marsa\\\/393463\\\/#primaryimage\",\"url\":\"https:\\\/\\\/www.webdo.tn\\\/fr\\\/wp-content\\\/uploads\\\/2026\\\/02\\\/B7L9.jpg\",\"contentUrl\":\"https:\\\/\\\/www.webdo.tn\\\/fr\\\/wp-content\\\/uploads\\\/2026\\\/02\\\/B7L9.jpg\",\"width\":1200,\"height\":602,\"caption\":\"B7L9 c\u00e9l\u00e8bre le Ramadan avec dix \u201cRamadan Nights\u201d \u00e0 La Marsa\"},{\"@type\":\"BreadcrumbList\",\"@id\":\"https:\\\/\\\/www.webdo.tn\\\/fr\\\/actualite\\\/culture\\\/b7l9-celebre-le-ramadan-avec-dix-ramadan-nights-a-la-marsa\\\/393463\\\/#breadcrumb\",\"itemListElement\":[{\"@type\":\"ListItem\",\"position\":1,\"name\":\"Accueil\",\"item\":\"https:\\\/\\\/www.webdo.tn\\\/fr\\\/\"},{\"@type\":\"ListItem\",\"position\":2,\"name\":\"B7L9 c\u00e9l\u00e8bre le Ramadan avec dix \u201cRamadan Nights\u201d \u00e0 La Marsa\"}]},{\"@type\":\"WebSite\",\"@id\":\"https:\\\/\\\/www.webdo.tn\\\/fr\\\/#website\",\"url\":\"https:\\\/\\\/www.webdo.tn\\\/fr\\\/\",\"name\":\"webdo\",\"description\":\"Tunisie - News en Tunisie et \u00e0 l&#039;international sur Webdo.tn\",\"publisher\":{\"@id\":\"https:\\\/\\\/www.webdo.tn\\\/fr\\\/#organization\"},\"potentialAction\":[{\"@type\":\"SearchAction\",\"target\":{\"@type\":\"EntryPoint\",\"urlTemplate\":\"https:\\\/\\\/www.webdo.tn\\\/fr\\\/?s={search_term_string}\"},\"query-input\":{\"@type\":\"PropertyValueSpecification\",\"valueRequired\":true,\"valueName\":\"search_term_string\"}}],\"inLanguage\":\"fr-FR\"},{\"@type\":\"Organization\",\"@id\":\"https:\\\/\\\/www.webdo.tn\\\/fr\\\/#organization\",\"name\":\"Webdo\",\"alternateName\":\"Webdo.tn\",\"url\":\"https:\\\/\\\/www.webdo.tn\\\/fr\\\/\",\"logo\":{\"@type\":\"ImageObject\",\"inLanguage\":\"fr-FR\",\"@id\":\"https:\\\/\\\/www.webdo.tn\\\/fr\\\/#\\\/schema\\\/logo\\\/image\\\/\",\"url\":\"https:\\\/\\\/www.webdo.tn\\\/fr\\\/wp-content\\\/uploads\\\/2025\\\/06\\\/Webdo-Tunisie_168377.jpg\",\"contentUrl\":\"https:\\\/\\\/www.webdo.tn\\\/fr\\\/wp-content\\\/uploads\\\/2025\\\/06\\\/Webdo-Tunisie_168377.jpg\",\"width\":301,\"height\":301,\"caption\":\"Webdo\"},\"image\":{\"@id\":\"https:\\\/\\\/www.webdo.tn\\\/fr\\\/#\\\/schema\\\/logo\\\/image\\\/\"},\"sameAs\":[\"https:\\\/\\\/www.facebook.com\\\/webdotn\",\"https:\\\/\\\/x.com\\\/webdo_tn\"],\"description\":\"Webdo est un m\u00e9dia num\u00e9rique tunisien fond\u00e9 en 2010, sp\u00e9cialis\u00e9 dans l\u2019actualit\u00e9 nationale et internationale, l\u2019\u00e9conomie, la soci\u00e9t\u00e9 et les analyses politiques. Le site s\u2019adresse \u00e0 un large public francophone et couvre l\u2019information tunisienne en temps r\u00e9el.\",\"email\":\"redac@webdo.tn\",\"legalName\":\"YNJ SARL\",\"foundingDate\":\"2010-09-06\",\"numberOfEmployees\":{\"@type\":\"QuantitativeValue\",\"minValue\":\"11\",\"maxValue\":\"50\"}},{\"@type\":\"Person\",\"@id\":\"https:\\\/\\\/www.webdo.tn\\\/fr\\\/#\\\/schema\\\/person\\\/16a4857e77dfc0b610c4c2cadffc9ac4\",\"name\":\"Mohamed Fethi\",\"image\":{\"@type\":\"ImageObject\",\"inLanguage\":\"fr-FR\",\"@id\":\"https:\\\/\\\/www.webdo.tn\\\/fr\\\/wp-content\\\/uploads\\\/2026\\\/04\\\/mohamed-fethi_avatar_1-96x96.jpg\",\"url\":\"https:\\\/\\\/www.webdo.tn\\\/fr\\\/wp-content\\\/uploads\\\/2026\\\/04\\\/mohamed-fethi_avatar_1-96x96.jpg\",\"contentUrl\":\"https:\\\/\\\/www.webdo.tn\\\/fr\\\/wp-content\\\/uploads\\\/2026\\\/04\\\/mohamed-fethi_avatar_1-96x96.jpg\",\"caption\":\"Mohamed Fethi\"},\"description\":\"Signature \u00e9ditoriale de Maher Chaabane Mohamed Fethi est le pseudonyme \u00e9ditorial de Maher Chaabane, r\u00e9dacteur en chef de Webdo.tn depuis 2012. Cette signature est d\u00e9di\u00e9e au traitement intensif de l'actualit\u00e9 nationale et internationale en temps r\u00e9el. S'appuyant sur les deux d\u00e9cennies d'expertise journalistique de Maher Chaabane \u2014 d\u00e9but\u00e9e au sein du groupe Tunis Hebdo en 2000 \u2014 Mohamed Fethi assure une veille rigoureuse sur les enjeux politiques, \u00e9conomiques et sportifs. Sa mission est de garantir une information structur\u00e9e, fluide et fid\u00e8le aux standards de la r\u00e9daction. Pour consulter le parcours complet du r\u00e9dacteur en chef, visitez le profil officiel de Maher Chaabane.\",\"knowsAbout\":[\"actualit\u00e9\",\"journalisme\",\"information\",\"politique\",\"sport\",\"m\u00e9dias\",\"actualit\u00e9 internationale\"],\"knowsLanguage\":[\"Fran\u00e7ais\",\"Arabe\"],\"jobTitle\":\"Journaliste \u2013 R\u00e9daction Webdo\",\"worksFor\":\"Webdo.tn\",\"url\":\"https:\\\/\\\/www.webdo.tn\\\/fr\\\/actualite\\\/author\\\/mohamed-fethi\\\/\"}]}<\/script>\n<!-- \/ Yoast SEO Premium plugin. -->","yoast_head_json":{"title":"B7L9 c\u00e9l\u00e8bre le Ramadan avec dix \u201cRamadan Nights\u201d \u00e0 La Marsa - webdo","description":"D\u00e9couvrez B7L9 c\u00e9l\u00e8bre le Ramadan avec dix \u2018Ramadan Nights\u2019 \u00e0 La Marsa, une exp\u00e9rience artistique unique du 27 f\u00e9vrier au 15 mars 2026.","canonical":"https:\/\/www.webdo.tn\/fr\/actualite\/culture\/b7l9-celebre-le-ramadan-avec-dix-ramadan-nights-a-la-marsa\/393463\/","og_locale":"fr_FR","og_type":"article","og_title":"B7L9 c\u00e9l\u00e8bre le Ramadan avec dix \u201cRamadan Nights\u201d \u00e0 La Marsa","og_description":"D\u00e9couvrez B7L9 c\u00e9l\u00e8bre le Ramadan avec dix \u2018Ramadan Nights\u2019 \u00e0 La Marsa, une exp\u00e9rience artistique unique du 27 f\u00e9vrier au 15 mars 2026.","og_url":"https:\/\/www.webdo.tn\/fr\/actualite\/culture\/b7l9-celebre-le-ramadan-avec-dix-ramadan-nights-a-la-marsa\/393463\/","og_site_name":"webdo","article_publisher":"https:\/\/www.facebook.com\/webdotn","article_published_time":"2026-02-20T07:54:25+00:00","og_image":[{"width":1200,"height":602,"url":"https:\/\/www.webdo.tn\/fr\/wp-content\/uploads\/2026\/02\/B7L9.jpg","type":"image\/jpeg"}],"author":"Mohamed Fethi","twitter_card":"summary_large_image","twitter_creator":"@webdo_tn","twitter_site":"@webdo_tn","twitter_misc":{"\u00c9crit par":"Mohamed Fethi","Dur\u00e9e de lecture estim\u00e9e":"2 minutes"},"schema":{"@context":"https:\/\/schema.org","@graph":[{"@type":"NewsArticle","@id":"https:\/\/www.webdo.tn\/fr\/actualite\/culture\/b7l9-celebre-le-ramadan-avec-dix-ramadan-nights-a-la-marsa\/393463\/#article","isPartOf":{"@id":"https:\/\/www.webdo.tn\/fr\/actualite\/culture\/b7l9-celebre-le-ramadan-avec-dix-ramadan-nights-a-la-marsa\/393463\/"},"author":{"name":"Mohamed Fethi","@id":"https:\/\/www.webdo.tn\/fr\/#\/schema\/person\/16a4857e77dfc0b610c4c2cadffc9ac4"},"headline":"B7L9 c\u00e9l\u00e8bre le Ramadan avec dix \u201cRamadan Nights\u201d \u00e0 La Marsa","datePublished":"2026-02-20T07:54:25+00:00","mainEntityOfPage":{"@id":"https:\/\/www.webdo.tn\/fr\/actualite\/culture\/b7l9-celebre-le-ramadan-avec-dix-ramadan-nights-a-la-marsa\/393463\/"},"wordCount":411,"publisher":{"@id":"https:\/\/www.webdo.tn\/fr\/#organization"},"image":{"@id":"https:\/\/www.webdo.tn\/fr\/actualite\/culture\/b7l9-celebre-le-ramadan-avec-dix-ramadan-nights-a-la-marsa\/393463\/#primaryimage"},"thumbnailUrl":"https:\/\/www.webdo.tn\/fr\/wp-content\/uploads\/2026\/02\/B7L9.jpg","keywords":["B7L9","Ramadan 2026","Tunisie"],"articleSection":["Culture"],"inLanguage":"fr-FR"},{"@type":"WebPage","@id":"https:\/\/www.webdo.tn\/fr\/actualite\/culture\/b7l9-celebre-le-ramadan-avec-dix-ramadan-nights-a-la-marsa\/393463\/","url":"https:\/\/www.webdo.tn\/fr\/actualite\/culture\/b7l9-celebre-le-ramadan-avec-dix-ramadan-nights-a-la-marsa\/393463\/","name":"B7L9 c\u00e9l\u00e8bre le Ramadan avec dix \u201cRamadan Nights\u201d \u00e0 La Marsa - webdo","isPartOf":{"@id":"https:\/\/www.webdo.tn\/fr\/#website"},"primaryImageOfPage":{"@id":"https:\/\/www.webdo.tn\/fr\/actualite\/culture\/b7l9-celebre-le-ramadan-avec-dix-ramadan-nights-a-la-marsa\/393463\/#primaryimage"},"image":{"@id":"https:\/\/www.webdo.tn\/fr\/actualite\/culture\/b7l9-celebre-le-ramadan-avec-dix-ramadan-nights-a-la-marsa\/393463\/#primaryimage"},"thumbnailUrl":"https:\/\/www.webdo.tn\/fr\/wp-content\/uploads\/2026\/02\/B7L9.jpg","datePublished":"2026-02-20T07:54:25+00:00","description":"D\u00e9couvrez B7L9 c\u00e9l\u00e8bre le Ramadan avec dix \u2018Ramadan Nights\u2019 \u00e0 La Marsa, une exp\u00e9rience artistique unique du 27 f\u00e9vrier au 15 mars 2026.","breadcrumb":{"@id":"https:\/\/www.webdo.tn\/fr\/actualite\/culture\/b7l9-celebre-le-ramadan-avec-dix-ramadan-nights-a-la-marsa\/393463\/#breadcrumb"},"inLanguage":"fr-FR","potentialAction":[{"@type":"ReadAction","target":["https:\/\/www.webdo.tn\/fr\/actualite\/culture\/b7l9-celebre-le-ramadan-avec-dix-ramadan-nights-a-la-marsa\/393463\/"]}]},{"@type":"ImageObject","inLanguage":"fr-FR","@id":"https:\/\/www.webdo.tn\/fr\/actualite\/culture\/b7l9-celebre-le-ramadan-avec-dix-ramadan-nights-a-la-marsa\/393463\/#primaryimage","url":"https:\/\/www.webdo.tn\/fr\/wp-content\/uploads\/2026\/02\/B7L9.jpg","contentUrl":"https:\/\/www.webdo.tn\/fr\/wp-content\/uploads\/2026\/02\/B7L9.jpg","width":1200,"height":602,"caption":"B7L9 c\u00e9l\u00e8bre le Ramadan avec dix \u201cRamadan Nights\u201d \u00e0 La Marsa"},{"@type":"BreadcrumbList","@id":"https:\/\/www.webdo.tn\/fr\/actualite\/culture\/b7l9-celebre-le-ramadan-avec-dix-ramadan-nights-a-la-marsa\/393463\/#breadcrumb","itemListElement":[{"@type":"ListItem","position":1,"name":"Accueil","item":"https:\/\/www.webdo.tn\/fr\/"},{"@type":"ListItem","position":2,"name":"B7L9 c\u00e9l\u00e8bre le Ramadan avec dix \u201cRamadan Nights\u201d \u00e0 La Marsa"}]},{"@type":"WebSite","@id":"https:\/\/www.webdo.tn\/fr\/#website","url":"https:\/\/www.webdo.tn\/fr\/","name":"webdo","description":"Tunisie - News en Tunisie et \u00e0 l&#039;international sur Webdo.tn","publisher":{"@id":"https:\/\/www.webdo.tn\/fr\/#organization"},"potentialAction":[{"@type":"SearchAction","target":{"@type":"EntryPoint","urlTemplate":"https:\/\/www.webdo.tn\/fr\/?s={search_term_string}"},"query-input":{"@type":"PropertyValueSpecification","valueRequired":true,"valueName":"search_term_string"}}],"inLanguage":"fr-FR"},{"@type":"Organization","@id":"https:\/\/www.webdo.tn\/fr\/#organization","name":"Webdo","alternateName":"Webdo.tn","url":"https:\/\/www.webdo.tn\/fr\/","logo":{"@type":"ImageObject","inLanguage":"fr-FR","@id":"https:\/\/www.webdo.tn\/fr\/#\/schema\/logo\/image\/","url":"https:\/\/www.webdo.tn\/fr\/wp-content\/uploads\/2025\/06\/Webdo-Tunisie_168377.jpg","contentUrl":"https:\/\/www.webdo.tn\/fr\/wp-content\/uploads\/2025\/06\/Webdo-Tunisie_168377.jpg","width":301,"height":301,"caption":"Webdo"},"image":{"@id":"https:\/\/www.webdo.tn\/fr\/#\/schema\/logo\/image\/"},"sameAs":["https:\/\/www.facebook.com\/webdotn","https:\/\/x.com\/webdo_tn"],"description":"Webdo est un m\u00e9dia num\u00e9rique tunisien fond\u00e9 en 2010, sp\u00e9cialis\u00e9 dans l\u2019actualit\u00e9 nationale et internationale, l\u2019\u00e9conomie, la soci\u00e9t\u00e9 et les analyses politiques. Le site s\u2019adresse \u00e0 un large public francophone et couvre l\u2019information tunisienne en temps r\u00e9el.","email":"redac@webdo.tn","legalName":"YNJ SARL","foundingDate":"2010-09-06","numberOfEmployees":{"@type":"QuantitativeValue","minValue":"11","maxValue":"50"}},{"@type":"Person","@id":"https:\/\/www.webdo.tn\/fr\/#\/schema\/person\/16a4857e77dfc0b610c4c2cadffc9ac4","name":"Mohamed Fethi","image":{"@type":"ImageObject","inLanguage":"fr-FR","@id":"https:\/\/www.webdo.tn\/fr\/wp-content\/uploads\/2026\/04\/mohamed-fethi_avatar_1-96x96.jpg","url":"https:\/\/www.webdo.tn\/fr\/wp-content\/uploads\/2026\/04\/mohamed-fethi_avatar_1-96x96.jpg","contentUrl":"https:\/\/www.webdo.tn\/fr\/wp-content\/uploads\/2026\/04\/mohamed-fethi_avatar_1-96x96.jpg","caption":"Mohamed Fethi"},"description":"Signature \u00e9ditoriale de Maher Chaabane Mohamed Fethi est le pseudonyme \u00e9ditorial de Maher Chaabane, r\u00e9dacteur en chef de Webdo.tn depuis 2012. Cette signature est d\u00e9di\u00e9e au traitement intensif de l'actualit\u00e9 nationale et internationale en temps r\u00e9el. S'appuyant sur les deux d\u00e9cennies d'expertise journalistique de Maher Chaabane \u2014 d\u00e9but\u00e9e au sein du groupe Tunis Hebdo en 2000 \u2014 Mohamed Fethi assure une veille rigoureuse sur les enjeux politiques, \u00e9conomiques et sportifs. Sa mission est de garantir une information structur\u00e9e, fluide et fid\u00e8le aux standards de la r\u00e9daction. Pour consulter le parcours complet du r\u00e9dacteur en chef, visitez le profil officiel de Maher Chaabane.","knowsAbout":["actualit\u00e9","journalisme","information","politique","sport","m\u00e9dias","actualit\u00e9 internationale"],"knowsLanguage":["Fran\u00e7ais","Arabe"],"jobTitle":"Journaliste \u2013 R\u00e9daction Webdo","worksFor":"Webdo.tn","url":"https:\/\/www.webdo.tn\/fr\/actualite\/author\/mohamed-fethi\/"}]}},"_links":{"self":[{"href":"https:\/\/www.webdo.tn\/fr\/wp-json\/wp\/v2\/posts\/393463","targetHints":{"allow":["GET"]}}],"collection":[{"href":"https:\/\/www.webdo.tn\/fr\/wp-json\/wp\/v2\/posts"}],"about":[{"href":"https:\/\/www.webdo.tn\/fr\/wp-json\/wp\/v2\/types\/post"}],"author":[{"embeddable":true,"href":"https:\/\/www.webdo.tn\/fr\/wp-json\/wp\/v2\/users\/4782"}],"replies":[{"embeddable":true,"href":"https:\/\/www.webdo.tn\/fr\/wp-json\/wp\/v2\/comments?post=393463"}],"version-history":[{"count":0,"href":"https:\/\/www.webdo.tn\/fr\/wp-json\/wp\/v2\/posts\/393463\/revisions"}],"wp:featuredmedia":[{"embeddable":true,"href":"https:\/\/www.webdo.tn\/fr\/wp-json\/wp\/v2\/media\/393464"}],"wp:attachment":[{"href":"https:\/\/www.webdo.tn\/fr\/wp-json\/wp\/v2\/media?parent=393463"}],"wp:term":[{"taxonomy":"category","embeddable":true,"href":"https:\/\/www.webdo.tn\/fr\/wp-json\/wp\/v2\/categories?post=393463"},{"taxonomy":"post_tag","embeddable":true,"href":"https:\/\/www.webdo.tn\/fr\/wp-json\/wp\/v2\/tags?post=393463"}],"curies":[{"name":"wp","href":"https:\/\/api.w.org\/{rel}","templated":true}]}}