{"id":393461,"date":"2026-02-20T09:08:54","date_gmt":"2026-02-20T08:08:54","guid":{"rendered":"https:\/\/www.webdo.tn\/fr\/?p=393461"},"modified":"2026-02-20T09:08:56","modified_gmt":"2026-02-20T08:08:56","slug":"ovni-trump-ouvre-les-archives-et-occupe-lattention","status":"publish","type":"post","link":"https:\/\/www.webdo.tn\/fr\/actualite\/international\/ovni-trump-ouvre-les-archives-et-occupe-lattention\/393461\/","title":{"rendered":"OVNI : Trump ouvre les archives\u2026 et occupe l\u2019attention"},"content":{"rendered":"\n<p><strong>\u00c0 Washington, la question extraterrestre n\u2019est jamais totalement scientifique. Elle est presque toujours politique.<\/strong><\/p>\n\n\n\n<p><strong>En annon\u00e7ant vouloir ordonner aux agences f\u00e9d\u00e9rales \u2014 dont le Pentagone \u2014 de publier des documents li\u00e9s aux ph\u00e9nom\u00e8nes a\u00e9riens non identifi\u00e9s, Donald Trump a d\u00e9clench\u00e9 une vague d\u2019enthousiasme m\u00e9diatique. Sur les r\u00e9seaux sociaux, certains y ont vu une confirmation imminente d\u2019une pr\u00e9sence extraterrestre. Au Congr\u00e8s, \u00e9lus r\u00e9publicains et d\u00e9mocrates ont salu\u00e9 l\u2019initiative comme un geste de transparence historique.<\/strong><\/p>\n\n\n\n<p>Pourtant, derri\u00e8re la promesse spectaculaire, l\u2019annonce s\u2019inscrit dans une tradition bien plus terrestre : celle de la communication politique am\u00e9ricaine.<\/p>\n\n\n\n<p>Car quelques jours plus t\u00f4t, Barack Obama rappelait dans un podcast une \u00e9vidence scientifique \u2014 la probabilit\u00e9 de vie ailleurs dans l\u2019univers \u2014 tout en pr\u00e9cisant n\u2019avoir jamais vu de preuve de visite extraterrestre. Une d\u00e9claration anodine devenue virale, puis pol\u00e9mique, puis politique.<\/p>\n\n\n\n<p>L\u2019\u00e9pisode s\u2019inscrit aussi dans une rivalit\u00e9 ancienne entre Donald Trump et Barack Obama. Depuis plus d\u2019une d\u00e9cennie, les deux hommes s\u2019opposent publiquement, Trump contestant jadis la l\u00e9gitimit\u00e9 pr\u00e9sidentielle de son pr\u00e9d\u00e9cesseur puis multipliant les attaques politiques \u00e0 son encontre. Dans ce contexte, la pol\u00e9mique n\u00e9e des propos d\u2019Obama sur la vie extraterrestre offrait une nouvelle occasion de reprise m\u00e9diatique.<\/p>\n\n\n\n<p>La d\u00e9classification devient alors moins une r\u00e9v\u00e9lation qu\u2019une r\u00e9ponse narrative.<\/p>\n\n\n\n<h2 class=\"wp-block-heading\" id=\"h-une-transparence-toujours-spectaculaire\">Une transparence toujours spectaculaire<\/h2>\n\n\n\n<p>Depuis les ann\u00e9es 1950, les \u00c9tats-Unis publient r\u00e9guli\u00e8rement des archives li\u00e9es aux OVNI. Et \u00e0 chaque cycle, le m\u00eame m\u00e9canisme se reproduit : attente mondiale, sp\u00e9culations, puis conclusions prosa\u00efques. Ballons m\u00e9t\u00e9orologiques, drones, capteurs d\u00e9faillants, programmes militaires classifi\u00e9s.<\/p>\n\n\n\n<p>L\u2019attrait du public ne faiblit pourtant jamais. Les autorit\u00e9s l\u2019ont compris : promettre l\u2019ouverture des dossiers permet de capter une attention massive tout en apparaissant favorable \u00e0 la transparence. Une op\u00e9ration politiquement rentable dans une d\u00e9mocratie fragment\u00e9e.<\/p>\n\n\n\n<p>Dans un pays divis\u00e9 sur presque tout \u2014 immigration, guerre, \u00e9conomie, \u00e9lections \u2014 le myst\u00e8re extraterrestre constitue un rare terrain de consensus. Les r\u00e9actions venues de camps oppos\u00e9s apr\u00e8s l\u2019annonce pr\u00e9sidentielle en t\u00e9moignent : pour une fois, Washington applaudit d\u2019une seule voix.<\/p>\n\n\n\n<p>L\u2019OVNI devient alors un objet politique particulier : suffisamment s\u00e9rieux pour mobiliser l\u2019opinion, suffisamment incertain pour \u00e9viter toute contradiction imm\u00e9diate.<\/p>\n\n\n\n<h2 class=\"wp-block-heading\" id=\"h-la-diversion-par-fascination\">La diversion par fascination<\/h2>\n\n\n\n<p>La puissance politique du th\u00e8me extraterrestre tient aussi \u00e0 sa capacit\u00e9 unique \u00e0 monopoliser l\u2019attention. Contrairement aux sujets \u00e9conomiques ou diplomatiques, complexes et clivants, l\u2019OVNI produit un effet imm\u00e9diat : curiosit\u00e9 universelle, d\u00e9bat mondial et saturation m\u00e9diatique.<\/p>\n\n\n\n<p>Dans ce type de s\u00e9quence, la question n\u2019est pas tant ce qui sera r\u00e9v\u00e9l\u00e9 que ce qui ne sera plus discut\u00e9. L\u2019espace informationnel \u00e9tant limit\u00e9, chaque sujet spectaculaire en remplace un autre. La promesse d\u2019archives secr\u00e8tes offre ainsi un avantage strat\u00e9gique : occuper le cycle m\u00e9diatique sans s\u2019exposer \u00e0 une contradiction factuelle imm\u00e9diate.<\/p>\n\n\n\n<p>Pour Donald Trump, habitu\u00e9 aux confrontations narratives, le th\u00e8me pr\u00e9sente un atout particulier : il rassemble ses partisans, intrigue ses opposants et neutralise momentan\u00e9ment les d\u00e9bats plus d\u00e9favorables. Face aux propos de Barack Obama, la r\u00e9ponse ne se situe alors plus sur le terrain scientifique mais sur celui du contr\u00f4le de l\u2019attention.<\/p>\n\n\n\n<p>Dans ce jeu, l\u2019extraterrestre devient moins une hypoth\u00e8se cosmique qu\u2019un objet politique : un sujet impossible \u00e0 ignorer et presque impossible \u00e0 trancher.<\/p>\n\n\n\n<h2 class=\"wp-block-heading\" id=\"h-le-mythe-utile\">Le mythe utile<\/h2>\n\n\n\n<p>Le Pentagone lui-m\u00eame a d\u00e9j\u00e0 indiqu\u00e9 qu\u2019aucune preuve d\u2019une technologie non humaine n\u2019avait \u00e9t\u00e9 trouv\u00e9e dans les ph\u00e9nom\u00e8nes \u00e9tudi\u00e9s. Pourtant, la fascination persiste \u2014 et elle sert.<\/p>\n\n\n\n<p>Car le sujet remplit plusieurs fonctions simultan\u00e9es : il canalise l\u2019imaginaire collectif, d\u00e9tourne l\u2019attention des crises imm\u00e9diates et permet aux responsables politiques d\u2019incarner la transparence sans avoir \u00e0 trancher des questions clivantes.<\/p>\n\n\n\n<p>Plus qu\u2019une annonce scientifique, la d\u00e9classification promise appara\u00eet ainsi comme un geste narratif. Elle ne r\u00e9v\u00e8le pas l\u2019existence d\u2019extraterrestres ; elle r\u00e9v\u00e8le un besoin humain \u2014 et politique \u2014 de myst\u00e8re partag\u00e9.<\/p>\n\n\n\n<p>Au fond, l\u2019affaire OVNI rappelle une constante am\u00e9ricaine : dans la comp\u00e9tition permanente pour l\u2019attention publique, m\u00eame l\u2019inconnu devient un outil de gouvernement.<\/p>\n\n\n\n<p>Et les extraterrestres, eux, restent silencieux.<\/p>\n\n\n\n<div style=\"position:relative;padding-bottom:56.25%;height:0;overflow:hidden;\"><iframe src=\"https:\/\/geo.dailymotion.com\/player.html?video=xa07r88\"style=\"width:100%; height:100%; position:absolute; left:0px; top:0px; overflow:hidden; border:none;\"allowfullscreentitle=\"Dailymotion Video Player\"allow=\"web-share\"><\/iframe><\/div>\n\n\n\n<iframe width=\"560\" height=\"315\" src=\"https:\/\/www.youtube.com\/embed\/xJ38xT17VHQ?si=EuOk0e53jk-rW4JW\" title=\"YouTube video player\" frameborder=\"0\" allow=\"accelerometer; autoplay; clipboard-write; encrypted-media; gyroscope; picture-in-picture; web-share\" referrerpolicy=\"strict-origin-when-cross-origin\" allowfullscreen><\/iframe>\n\n\n\n<blockquote class=\"wp-block-quote is-layout-flow wp-block-quote-is-layout-flow\">\n<blockquote class=\"wp-block-quote is-layout-flow wp-block-quote-is-layout-flow\">\n<p><strong>Lire aussi:<\/strong><\/p>\n\n\n\n<ul class=\"wp-block-list\">\n<li class=\"has-medium-font-size\"><a href=\"https:\/\/www.webdo.tn\/fr\/actualite\/international\/donald-trump-publie-une-video-montrant-les-obama-en-singes\/392728\/\">Donald Trump publie une vid\u00e9o montrant les Obama en singes<\/a><\/li>\n<\/ul>\n<\/blockquote>\n<\/blockquote>\n","protected":false},"excerpt":{"rendered":"<p>\u00c0 Washington, la question extraterrestre n\u2019est jamais totalement scientifique. Elle est presque toujours politique. En annon\u00e7ant vouloir ordonner aux agences f\u00e9d\u00e9rales \u2014 dont le Pentagone \u2014 de publier des documents li\u00e9s aux ph\u00e9nom\u00e8nes a\u00e9riens non identifi\u00e9s, Donald Trump a d\u00e9clench\u00e9 une vague d\u2019enthousiasme m\u00e9diatique. Sur les r\u00e9seaux sociaux, certains y ont vu une confirmation imminente [&hellip;]<\/p>\n","protected":false},"author":3203,"featured_media":393466,"comment_status":"closed","ping_status":"closed","sticky":false,"template":"","format":"standard","meta":{"footnotes":""},"categories":[2598],"tags":[7701,13750,3309],"class_list":["post-393461","post","type-post","status-publish","format-standard","has-post-thumbnail","hentry","category-international","tag-barack-obama","tag-ovni","tag-trump"],"yoast_head":"<!-- This site is optimized with the Yoast SEO Premium plugin v27.5 (Yoast SEO v27.5) - https:\/\/yoast.com\/product\/yoast-seo-premium-wordpress\/ -->\n<title>OVNI : Trump ouvre les archives\u2026 et occupe l\u2019attention - webdo<\/title>\n<meta name=\"description\" content=\"Les archives OVNI r\u00e9v\u00e9l\u00e9es par Trump : une initiative qui m\u00e9lange science et politique, \u00e0 l&#039;origine d&#039;un v\u00e9ritable engouement.\" \/>\n<link rel=\"canonical\" href=\"https:\/\/www.webdo.tn\/fr\/actualite\/international\/ovni-trump-ouvre-les-archives-et-occupe-lattention\/393461\/\" \/>\n<meta property=\"og:locale\" content=\"fr_FR\" \/>\n<meta property=\"og:type\" content=\"article\" \/>\n<meta property=\"og:title\" content=\"OVNI : Trump ouvre les archives\u2026 et occupe l\u2019attention\" \/>\n<meta property=\"og:description\" content=\"Les archives OVNI r\u00e9v\u00e9l\u00e9es par Trump : une initiative qui m\u00e9lange science et politique, \u00e0 l&#039;origine d&#039;un v\u00e9ritable engouement.\" \/>\n<meta property=\"og:url\" content=\"https:\/\/www.webdo.tn\/fr\/actualite\/international\/ovni-trump-ouvre-les-archives-et-occupe-lattention\/393461\/\" \/>\n<meta property=\"og:site_name\" content=\"webdo\" \/>\n<meta property=\"article:publisher\" content=\"https:\/\/www.facebook.com\/webdotn\" \/>\n<meta property=\"article:published_time\" content=\"2026-02-20T08:08:54+00:00\" \/>\n<meta property=\"article:modified_time\" content=\"2026-02-20T08:08:56+00:00\" \/>\n<meta property=\"og:image\" content=\"https:\/\/www.webdo.tn\/fr\/wp-content\/uploads\/2026\/02\/Trump-Ovni.jpg\" \/>\n\t<meta property=\"og:image:width\" content=\"1200\" \/>\n\t<meta property=\"og:image:height\" content=\"600\" \/>\n\t<meta property=\"og:image:type\" content=\"image\/jpeg\" \/>\n<meta name=\"author\" content=\"Ramzi Haddad\" \/>\n<meta name=\"twitter:card\" content=\"summary_large_image\" \/>\n<meta name=\"twitter:creator\" content=\"@webdo_tn\" \/>\n<meta name=\"twitter:site\" content=\"@webdo_tn\" \/>\n<meta name=\"twitter:label1\" content=\"\u00c9crit par\" \/>\n\t<meta name=\"twitter:data1\" content=\"Ramzi Haddad\" \/>\n\t<meta name=\"twitter:label2\" content=\"Dur\u00e9e de lecture estim\u00e9e\" \/>\n\t<meta name=\"twitter:data2\" content=\"4 minutes\" \/>\n<script type=\"application\/ld+json\" class=\"yoast-schema-graph\">{\"@context\":\"https:\\\/\\\/schema.org\",\"@graph\":[{\"@type\":\"NewsArticle\",\"@id\":\"https:\\\/\\\/www.webdo.tn\\\/fr\\\/actualite\\\/international\\\/ovni-trump-ouvre-les-archives-et-occupe-lattention\\\/393461\\\/#article\",\"isPartOf\":{\"@id\":\"https:\\\/\\\/www.webdo.tn\\\/fr\\\/actualite\\\/international\\\/ovni-trump-ouvre-les-archives-et-occupe-lattention\\\/393461\\\/\"},\"author\":{\"name\":\"Ramzi Haddad\",\"@id\":\"https:\\\/\\\/www.webdo.tn\\\/fr\\\/#\\\/schema\\\/person\\\/5663044c25eb36d8f88ba5b653f12f8c\"},\"headline\":\"OVNI : Trump ouvre les archives\u2026 et occupe l\u2019attention\",\"datePublished\":\"2026-02-20T08:08:54+00:00\",\"dateModified\":\"2026-02-20T08:08:56+00:00\",\"mainEntityOfPage\":{\"@id\":\"https:\\\/\\\/www.webdo.tn\\\/fr\\\/actualite\\\/international\\\/ovni-trump-ouvre-les-archives-et-occupe-lattention\\\/393461\\\/\"},\"wordCount\":764,\"publisher\":{\"@id\":\"https:\\\/\\\/www.webdo.tn\\\/fr\\\/#organization\"},\"image\":{\"@id\":\"https:\\\/\\\/www.webdo.tn\\\/fr\\\/actualite\\\/international\\\/ovni-trump-ouvre-les-archives-et-occupe-lattention\\\/393461\\\/#primaryimage\"},\"thumbnailUrl\":\"https:\\\/\\\/www.webdo.tn\\\/fr\\\/wp-content\\\/uploads\\\/2026\\\/02\\\/Trump-Ovni.jpg\",\"keywords\":[\"barack obama\",\"Ovni\",\"trump\"],\"articleSection\":[\"International\"],\"inLanguage\":\"fr-FR\"},{\"@type\":\"WebPage\",\"@id\":\"https:\\\/\\\/www.webdo.tn\\\/fr\\\/actualite\\\/international\\\/ovni-trump-ouvre-les-archives-et-occupe-lattention\\\/393461\\\/\",\"url\":\"https:\\\/\\\/www.webdo.tn\\\/fr\\\/actualite\\\/international\\\/ovni-trump-ouvre-les-archives-et-occupe-lattention\\\/393461\\\/\",\"name\":\"OVNI : Trump ouvre les archives\u2026 et occupe l\u2019attention - webdo\",\"isPartOf\":{\"@id\":\"https:\\\/\\\/www.webdo.tn\\\/fr\\\/#website\"},\"primaryImageOfPage\":{\"@id\":\"https:\\\/\\\/www.webdo.tn\\\/fr\\\/actualite\\\/international\\\/ovni-trump-ouvre-les-archives-et-occupe-lattention\\\/393461\\\/#primaryimage\"},\"image\":{\"@id\":\"https:\\\/\\\/www.webdo.tn\\\/fr\\\/actualite\\\/international\\\/ovni-trump-ouvre-les-archives-et-occupe-lattention\\\/393461\\\/#primaryimage\"},\"thumbnailUrl\":\"https:\\\/\\\/www.webdo.tn\\\/fr\\\/wp-content\\\/uploads\\\/2026\\\/02\\\/Trump-Ovni.jpg\",\"datePublished\":\"2026-02-20T08:08:54+00:00\",\"dateModified\":\"2026-02-20T08:08:56+00:00\",\"description\":\"Les archives OVNI r\u00e9v\u00e9l\u00e9es par Trump : une initiative qui m\u00e9lange science et politique, \u00e0 l'origine d'un v\u00e9ritable engouement.\",\"breadcrumb\":{\"@id\":\"https:\\\/\\\/www.webdo.tn\\\/fr\\\/actualite\\\/international\\\/ovni-trump-ouvre-les-archives-et-occupe-lattention\\\/393461\\\/#breadcrumb\"},\"inLanguage\":\"fr-FR\",\"potentialAction\":[{\"@type\":\"ReadAction\",\"target\":[\"https:\\\/\\\/www.webdo.tn\\\/fr\\\/actualite\\\/international\\\/ovni-trump-ouvre-les-archives-et-occupe-lattention\\\/393461\\\/\"]}]},{\"@type\":\"ImageObject\",\"inLanguage\":\"fr-FR\",\"@id\":\"https:\\\/\\\/www.webdo.tn\\\/fr\\\/actualite\\\/international\\\/ovni-trump-ouvre-les-archives-et-occupe-lattention\\\/393461\\\/#primaryimage\",\"url\":\"https:\\\/\\\/www.webdo.tn\\\/fr\\\/wp-content\\\/uploads\\\/2026\\\/02\\\/Trump-Ovni.jpg\",\"contentUrl\":\"https:\\\/\\\/www.webdo.tn\\\/fr\\\/wp-content\\\/uploads\\\/2026\\\/02\\\/Trump-Ovni.jpg\",\"width\":1200,\"height\":600,\"caption\":\"Aliens : Trump veut d\u00e9voiler les secrets du Pentagone\"},{\"@type\":\"BreadcrumbList\",\"@id\":\"https:\\\/\\\/www.webdo.tn\\\/fr\\\/actualite\\\/international\\\/ovni-trump-ouvre-les-archives-et-occupe-lattention\\\/393461\\\/#breadcrumb\",\"itemListElement\":[{\"@type\":\"ListItem\",\"position\":1,\"name\":\"Accueil\",\"item\":\"https:\\\/\\\/www.webdo.tn\\\/fr\\\/\"},{\"@type\":\"ListItem\",\"position\":2,\"name\":\"OVNI : Trump ouvre les archives\u2026 et occupe l\u2019attention\"}]},{\"@type\":\"WebSite\",\"@id\":\"https:\\\/\\\/www.webdo.tn\\\/fr\\\/#website\",\"url\":\"https:\\\/\\\/www.webdo.tn\\\/fr\\\/\",\"name\":\"webdo\",\"description\":\"Tunisie - News en Tunisie et \u00e0 l&#039;international sur Webdo.tn\",\"publisher\":{\"@id\":\"https:\\\/\\\/www.webdo.tn\\\/fr\\\/#organization\"},\"potentialAction\":[{\"@type\":\"SearchAction\",\"target\":{\"@type\":\"EntryPoint\",\"urlTemplate\":\"https:\\\/\\\/www.webdo.tn\\\/fr\\\/?s={search_term_string}\"},\"query-input\":{\"@type\":\"PropertyValueSpecification\",\"valueRequired\":true,\"valueName\":\"search_term_string\"}}],\"inLanguage\":\"fr-FR\"},{\"@type\":\"Organization\",\"@id\":\"https:\\\/\\\/www.webdo.tn\\\/fr\\\/#organization\",\"name\":\"Webdo\",\"alternateName\":\"Webdo.tn\",\"url\":\"https:\\\/\\\/www.webdo.tn\\\/fr\\\/\",\"logo\":{\"@type\":\"ImageObject\",\"inLanguage\":\"fr-FR\",\"@id\":\"https:\\\/\\\/www.webdo.tn\\\/fr\\\/#\\\/schema\\\/logo\\\/image\\\/\",\"url\":\"https:\\\/\\\/www.webdo.tn\\\/fr\\\/wp-content\\\/uploads\\\/2025\\\/06\\\/Webdo-Tunisie_168377.jpg\",\"contentUrl\":\"https:\\\/\\\/www.webdo.tn\\\/fr\\\/wp-content\\\/uploads\\\/2025\\\/06\\\/Webdo-Tunisie_168377.jpg\",\"width\":301,\"height\":301,\"caption\":\"Webdo\"},\"image\":{\"@id\":\"https:\\\/\\\/www.webdo.tn\\\/fr\\\/#\\\/schema\\\/logo\\\/image\\\/\"},\"sameAs\":[\"https:\\\/\\\/www.facebook.com\\\/webdotn\",\"https:\\\/\\\/x.com\\\/webdo_tn\"],\"description\":\"Webdo est un m\u00e9dia num\u00e9rique tunisien fond\u00e9 en 2010, sp\u00e9cialis\u00e9 dans l\u2019actualit\u00e9 nationale et internationale, l\u2019\u00e9conomie, la soci\u00e9t\u00e9 et les analyses politiques. Le site s\u2019adresse \u00e0 un large public francophone et couvre l\u2019information tunisienne en temps r\u00e9el.\",\"email\":\"redac@webdo.tn\",\"legalName\":\"YNJ SARL\",\"foundingDate\":\"2010-09-06\",\"numberOfEmployees\":{\"@type\":\"QuantitativeValue\",\"minValue\":\"11\",\"maxValue\":\"50\"}},{\"@type\":\"Person\",\"@id\":\"https:\\\/\\\/www.webdo.tn\\\/fr\\\/#\\\/schema\\\/person\\\/5663044c25eb36d8f88ba5b653f12f8c\",\"name\":\"Ramzi Haddad\",\"image\":{\"@type\":\"ImageObject\",\"inLanguage\":\"fr-FR\",\"@id\":\"https:\\\/\\\/www.webdo.tn\\\/fr\\\/wp-content\\\/uploads\\\/2026\\\/04\\\/ramzi-haddad_avatar-96x96.jpg\",\"url\":\"https:\\\/\\\/www.webdo.tn\\\/fr\\\/wp-content\\\/uploads\\\/2026\\\/04\\\/ramzi-haddad_avatar-96x96.jpg\",\"contentUrl\":\"https:\\\/\\\/www.webdo.tn\\\/fr\\\/wp-content\\\/uploads\\\/2026\\\/04\\\/ramzi-haddad_avatar-96x96.jpg\",\"caption\":\"Ramzi Haddad\"},\"description\":\"Signature \u00e9ditoriale de Walid Ben Youssef Ramzi Haddad est le pseudonyme \u00e9ditorial de Walid Ben Youssef, fondateur et g\u00e9rant de Webdo.tn. Cette signature est d\u00e9di\u00e9e \u00e0 la couverture de l'actualit\u00e9 nationale et internationale, ainsi qu'aux analyses des dynamiques num\u00e9riques. Ce profil b\u00e9n\u00e9ficie de l'expertise de Walid Ben Youssef, pionnier du web en Tunisie depuis 2000 et dipl\u00f4m\u00e9 en Math\u00e9matiques pures de l'Universit\u00e9 d'Oregon. \u00c0 travers cette signature, la r\u00e9daction de Webdo garantit une information structur\u00e9e et v\u00e9rifi\u00e9e, fid\u00e8le aux standards journalistiques du m\u00e9dia.\",\"url\":\"https:\\\/\\\/www.webdo.tn\\\/fr\\\/actualite\\\/author\\\/ramzi-haddad\\\/\"}]}<\/script>\n<!-- \/ Yoast SEO Premium plugin. -->","yoast_head_json":{"title":"OVNI : Trump ouvre les archives\u2026 et occupe l\u2019attention - webdo","description":"Les archives OVNI r\u00e9v\u00e9l\u00e9es par Trump : une initiative qui m\u00e9lange science et politique, \u00e0 l'origine d'un v\u00e9ritable engouement.","canonical":"https:\/\/www.webdo.tn\/fr\/actualite\/international\/ovni-trump-ouvre-les-archives-et-occupe-lattention\/393461\/","og_locale":"fr_FR","og_type":"article","og_title":"OVNI : Trump ouvre les archives\u2026 et occupe l\u2019attention","og_description":"Les archives OVNI r\u00e9v\u00e9l\u00e9es par Trump : une initiative qui m\u00e9lange science et politique, \u00e0 l'origine d'un v\u00e9ritable engouement.","og_url":"https:\/\/www.webdo.tn\/fr\/actualite\/international\/ovni-trump-ouvre-les-archives-et-occupe-lattention\/393461\/","og_site_name":"webdo","article_publisher":"https:\/\/www.facebook.com\/webdotn","article_published_time":"2026-02-20T08:08:54+00:00","article_modified_time":"2026-02-20T08:08:56+00:00","og_image":[{"width":1200,"height":600,"url":"https:\/\/www.webdo.tn\/fr\/wp-content\/uploads\/2026\/02\/Trump-Ovni.jpg","type":"image\/jpeg"}],"author":"Ramzi Haddad","twitter_card":"summary_large_image","twitter_creator":"@webdo_tn","twitter_site":"@webdo_tn","twitter_misc":{"\u00c9crit par":"Ramzi Haddad","Dur\u00e9e de lecture estim\u00e9e":"4 minutes"},"schema":{"@context":"https:\/\/schema.org","@graph":[{"@type":"NewsArticle","@id":"https:\/\/www.webdo.tn\/fr\/actualite\/international\/ovni-trump-ouvre-les-archives-et-occupe-lattention\/393461\/#article","isPartOf":{"@id":"https:\/\/www.webdo.tn\/fr\/actualite\/international\/ovni-trump-ouvre-les-archives-et-occupe-lattention\/393461\/"},"author":{"name":"Ramzi Haddad","@id":"https:\/\/www.webdo.tn\/fr\/#\/schema\/person\/5663044c25eb36d8f88ba5b653f12f8c"},"headline":"OVNI : Trump ouvre les archives\u2026 et occupe l\u2019attention","datePublished":"2026-02-20T08:08:54+00:00","dateModified":"2026-02-20T08:08:56+00:00","mainEntityOfPage":{"@id":"https:\/\/www.webdo.tn\/fr\/actualite\/international\/ovni-trump-ouvre-les-archives-et-occupe-lattention\/393461\/"},"wordCount":764,"publisher":{"@id":"https:\/\/www.webdo.tn\/fr\/#organization"},"image":{"@id":"https:\/\/www.webdo.tn\/fr\/actualite\/international\/ovni-trump-ouvre-les-archives-et-occupe-lattention\/393461\/#primaryimage"},"thumbnailUrl":"https:\/\/www.webdo.tn\/fr\/wp-content\/uploads\/2026\/02\/Trump-Ovni.jpg","keywords":["barack obama","Ovni","trump"],"articleSection":["International"],"inLanguage":"fr-FR"},{"@type":"WebPage","@id":"https:\/\/www.webdo.tn\/fr\/actualite\/international\/ovni-trump-ouvre-les-archives-et-occupe-lattention\/393461\/","url":"https:\/\/www.webdo.tn\/fr\/actualite\/international\/ovni-trump-ouvre-les-archives-et-occupe-lattention\/393461\/","name":"OVNI : Trump ouvre les archives\u2026 et occupe l\u2019attention - webdo","isPartOf":{"@id":"https:\/\/www.webdo.tn\/fr\/#website"},"primaryImageOfPage":{"@id":"https:\/\/www.webdo.tn\/fr\/actualite\/international\/ovni-trump-ouvre-les-archives-et-occupe-lattention\/393461\/#primaryimage"},"image":{"@id":"https:\/\/www.webdo.tn\/fr\/actualite\/international\/ovni-trump-ouvre-les-archives-et-occupe-lattention\/393461\/#primaryimage"},"thumbnailUrl":"https:\/\/www.webdo.tn\/fr\/wp-content\/uploads\/2026\/02\/Trump-Ovni.jpg","datePublished":"2026-02-20T08:08:54+00:00","dateModified":"2026-02-20T08:08:56+00:00","description":"Les archives OVNI r\u00e9v\u00e9l\u00e9es par Trump : une initiative qui m\u00e9lange science et politique, \u00e0 l'origine d'un v\u00e9ritable engouement.","breadcrumb":{"@id":"https:\/\/www.webdo.tn\/fr\/actualite\/international\/ovni-trump-ouvre-les-archives-et-occupe-lattention\/393461\/#breadcrumb"},"inLanguage":"fr-FR","potentialAction":[{"@type":"ReadAction","target":["https:\/\/www.webdo.tn\/fr\/actualite\/international\/ovni-trump-ouvre-les-archives-et-occupe-lattention\/393461\/"]}]},{"@type":"ImageObject","inLanguage":"fr-FR","@id":"https:\/\/www.webdo.tn\/fr\/actualite\/international\/ovni-trump-ouvre-les-archives-et-occupe-lattention\/393461\/#primaryimage","url":"https:\/\/www.webdo.tn\/fr\/wp-content\/uploads\/2026\/02\/Trump-Ovni.jpg","contentUrl":"https:\/\/www.webdo.tn\/fr\/wp-content\/uploads\/2026\/02\/Trump-Ovni.jpg","width":1200,"height":600,"caption":"Aliens : Trump veut d\u00e9voiler les secrets du Pentagone"},{"@type":"BreadcrumbList","@id":"https:\/\/www.webdo.tn\/fr\/actualite\/international\/ovni-trump-ouvre-les-archives-et-occupe-lattention\/393461\/#breadcrumb","itemListElement":[{"@type":"ListItem","position":1,"name":"Accueil","item":"https:\/\/www.webdo.tn\/fr\/"},{"@type":"ListItem","position":2,"name":"OVNI : Trump ouvre les archives\u2026 et occupe l\u2019attention"}]},{"@type":"WebSite","@id":"https:\/\/www.webdo.tn\/fr\/#website","url":"https:\/\/www.webdo.tn\/fr\/","name":"webdo","description":"Tunisie - News en Tunisie et \u00e0 l&#039;international sur Webdo.tn","publisher":{"@id":"https:\/\/www.webdo.tn\/fr\/#organization"},"potentialAction":[{"@type":"SearchAction","target":{"@type":"EntryPoint","urlTemplate":"https:\/\/www.webdo.tn\/fr\/?s={search_term_string}"},"query-input":{"@type":"PropertyValueSpecification","valueRequired":true,"valueName":"search_term_string"}}],"inLanguage":"fr-FR"},{"@type":"Organization","@id":"https:\/\/www.webdo.tn\/fr\/#organization","name":"Webdo","alternateName":"Webdo.tn","url":"https:\/\/www.webdo.tn\/fr\/","logo":{"@type":"ImageObject","inLanguage":"fr-FR","@id":"https:\/\/www.webdo.tn\/fr\/#\/schema\/logo\/image\/","url":"https:\/\/www.webdo.tn\/fr\/wp-content\/uploads\/2025\/06\/Webdo-Tunisie_168377.jpg","contentUrl":"https:\/\/www.webdo.tn\/fr\/wp-content\/uploads\/2025\/06\/Webdo-Tunisie_168377.jpg","width":301,"height":301,"caption":"Webdo"},"image":{"@id":"https:\/\/www.webdo.tn\/fr\/#\/schema\/logo\/image\/"},"sameAs":["https:\/\/www.facebook.com\/webdotn","https:\/\/x.com\/webdo_tn"],"description":"Webdo est un m\u00e9dia num\u00e9rique tunisien fond\u00e9 en 2010, sp\u00e9cialis\u00e9 dans l\u2019actualit\u00e9 nationale et internationale, l\u2019\u00e9conomie, la soci\u00e9t\u00e9 et les analyses politiques. Le site s\u2019adresse \u00e0 un large public francophone et couvre l\u2019information tunisienne en temps r\u00e9el.","email":"redac@webdo.tn","legalName":"YNJ SARL","foundingDate":"2010-09-06","numberOfEmployees":{"@type":"QuantitativeValue","minValue":"11","maxValue":"50"}},{"@type":"Person","@id":"https:\/\/www.webdo.tn\/fr\/#\/schema\/person\/5663044c25eb36d8f88ba5b653f12f8c","name":"Ramzi Haddad","image":{"@type":"ImageObject","inLanguage":"fr-FR","@id":"https:\/\/www.webdo.tn\/fr\/wp-content\/uploads\/2026\/04\/ramzi-haddad_avatar-96x96.jpg","url":"https:\/\/www.webdo.tn\/fr\/wp-content\/uploads\/2026\/04\/ramzi-haddad_avatar-96x96.jpg","contentUrl":"https:\/\/www.webdo.tn\/fr\/wp-content\/uploads\/2026\/04\/ramzi-haddad_avatar-96x96.jpg","caption":"Ramzi Haddad"},"description":"Signature \u00e9ditoriale de Walid Ben Youssef Ramzi Haddad est le pseudonyme \u00e9ditorial de Walid Ben Youssef, fondateur et g\u00e9rant de Webdo.tn. Cette signature est d\u00e9di\u00e9e \u00e0 la couverture de l'actualit\u00e9 nationale et internationale, ainsi qu'aux analyses des dynamiques num\u00e9riques. Ce profil b\u00e9n\u00e9ficie de l'expertise de Walid Ben Youssef, pionnier du web en Tunisie depuis 2000 et dipl\u00f4m\u00e9 en Math\u00e9matiques pures de l'Universit\u00e9 d'Oregon. \u00c0 travers cette signature, la r\u00e9daction de Webdo garantit une information structur\u00e9e et v\u00e9rifi\u00e9e, fid\u00e8le aux standards journalistiques du m\u00e9dia.","url":"https:\/\/www.webdo.tn\/fr\/actualite\/author\/ramzi-haddad\/"}]}},"_links":{"self":[{"href":"https:\/\/www.webdo.tn\/fr\/wp-json\/wp\/v2\/posts\/393461","targetHints":{"allow":["GET"]}}],"collection":[{"href":"https:\/\/www.webdo.tn\/fr\/wp-json\/wp\/v2\/posts"}],"about":[{"href":"https:\/\/www.webdo.tn\/fr\/wp-json\/wp\/v2\/types\/post"}],"author":[{"embeddable":true,"href":"https:\/\/www.webdo.tn\/fr\/wp-json\/wp\/v2\/users\/3203"}],"replies":[{"embeddable":true,"href":"https:\/\/www.webdo.tn\/fr\/wp-json\/wp\/v2\/comments?post=393461"}],"version-history":[{"count":0,"href":"https:\/\/www.webdo.tn\/fr\/wp-json\/wp\/v2\/posts\/393461\/revisions"}],"wp:featuredmedia":[{"embeddable":true,"href":"https:\/\/www.webdo.tn\/fr\/wp-json\/wp\/v2\/media\/393466"}],"wp:attachment":[{"href":"https:\/\/www.webdo.tn\/fr\/wp-json\/wp\/v2\/media?parent=393461"}],"wp:term":[{"taxonomy":"category","embeddable":true,"href":"https:\/\/www.webdo.tn\/fr\/wp-json\/wp\/v2\/categories?post=393461"},{"taxonomy":"post_tag","embeddable":true,"href":"https:\/\/www.webdo.tn\/fr\/wp-json\/wp\/v2\/tags?post=393461"}],"curies":[{"name":"wp","href":"https:\/\/api.w.org\/{rel}","templated":true}]}}